{"id":1077695,"date":"2022-10-07T18:00:00","date_gmt":"2022-10-07T21:00:00","guid":{"rendered":"https:\/\/www.estrategiaconcursos.com.br\/blog\/?p=1077695"},"modified":"2022-10-07T18:02:21","modified_gmt":"2022-10-07T21:02:21","slug":"residencia-uel","status":"publish","type":"post","link":"https:\/\/www.estrategiaconcursos.com.br\/blog\/residencia-uel\/","title":{"rendered":"Resid\u00eancia UEL: inscri\u00e7\u00f5es encerradas; 18 vagas em v\u00e1rias \u00e1reas"},"content":{"rendered":"\n<p>Est\u00e3o encerradas as inscri\u00e7\u00f5es do edital de <strong>Resid\u00eancia UEL<\/strong> (Universidade Estadual de Londrina). Conforme o documento, s\u00e3o ofertadas 18 vagas distribu\u00eddas entre diferentes \u00e1reas de especializa\u00e7\u00e3o.<\/p>\n\n\n\n<p>Os interessados em participar da realizaram as inscri\u00e7\u00f5es at\u00e9 o dia 06 de outubro, no site da banca organizadora, <a href=\"http:\/\/www.uel.br\/proppg\/portalnovo\/pages\/residencias\/multiprofissional.php\" target=\"_blank\" rel=\"noreferrer noopener\">UEL<\/a>, ao custo de R$ 323,00.<\/p>\n\n\n\n<ul class=\"has-pale-ocean-gradient-background has-background wp-block-list\"><li><strong>Resid\u00eancia UEL<\/strong><\/li><li><strong>Status:<\/strong> inscri\u00e7\u00f5es encerradas<\/li><li><strong>Banca:<\/strong> UEL<\/li><li><strong>Vagas:<\/strong> 18<\/li><li><strong>Bolsa<\/strong>: R$ 4.106,09<\/li><li><strong>Edital<\/strong>:\u00a0<a href=\"https:\/\/dhg1h5j42swfq.cloudfront.net\/2022\/08\/15091958\/edital-proppg-039-2022-saude-da-familia.pdf\" target=\"_blank\" rel=\"noreferrer noopener nofollow\">Resid\u00eancia &#8211; Sa\u00fade da Fam\u00edlia<\/a> | <a href=\"https:\/\/dhg1h5j42swfq.cloudfront.net\/2022\/08\/15092003\/edital-proppg-040-2022-saude-da-mulher.pdf\" target=\"_blank\" rel=\"noreferrer noopener nofollow\">Resid\u00eancia &#8211; Sa\u00fade da Mulher<\/a><\/li><\/ul>\n\n\n\n<p>A fim de te deixar sempre bem informado, elaboramos este artigo com as principais informa\u00e7\u00f5es e novidades sobre o concurso. Acompanhe os t\u00f3picos abaixo e n\u00e3o perca nenhum detalhe:<\/p>\n\n\n\n<ul class=\"wp-block-list\" id=\"indice\"><li><a href=\"#datas\">Principais datas<\/a><\/li><li><a href=\"#cargos-vagas\">Cargos e vagas<\/a><\/li><li><a href=\"#etapas\">Etapas e provas<\/a><\/li><li><a href=\"#cursos\">Cursos e assinaturas<\/a><\/li><li><a href=\"#ficha\">Ficha t\u00e9cnica<\/a><\/li><\/ul>\n\n\n\n<div class=\"container\" id=\"boxes\">\n  <div class=\"row\">\n\n    <div class=\"col-sm\">\n      <div class=\"banner-medicina\" id=\"box-assinatura\">\n        <h3 class=\"titulo-assinatura\">Resid\u00eancia UEL<\/h3>\n        <p class=\"subtitulo-assinatura\">Conhe\u00e7a os cursos<\/p>\n        <div class=\"box-botao\">\n          <a class=\"btn-assinatura\" target=\"_blank\" href=\"https:\/\/www.estrategiaconcursos.com.br\/cursosPorConcurso\/universidade-estadual-de-londrina-uel-residencias-multiprofissionais\/\" role=\"button\" rel=\"noopener noreferrer\">Conhe\u00e7a mais<\/a>\n        <\/div>\n      <\/div>\n     \n    <\/div>\n\n  <\/div>\n<\/div>\n\n\n\n<h2 class=\"wp-block-heading\" id=\"datas\">Principais datas do edital Resid\u00eancia UEL<\/h2>\n\n\n\n<ul class=\"wp-block-list\"><li><strong>Inscri\u00e7\u00f5es<\/strong>: <s>3 de setembro a 6 de outubro<\/s><\/li><li><strong>Isen\u00e7\u00e3o da taxa<\/strong>: <s>18 a 21 de agosto<\/s><\/li><li><strong>\u00daltimo dia para pagamento<\/strong>: <s>7 de outubro<\/s><\/li><li><strong>Prova<\/strong>: 06 de novembro<\/li><\/ul>\n\n\n\n<h2 class=\"wp-block-heading\" id=\"cargos-vagas\">Cargos e vagas do edital Resid\u00eancia UEL<\/h2>\n\n\n\n<h3 class=\"wp-block-heading\">Sa\u00fade da Fam\u00edlia<\/h3>\n\n\n\n<figure class=\"wp-block-table is-style-stripes\"><table class=\"has-pale-ocean-gradient-background has-background has-fixed-layout\"><thead><tr><th class=\"has-text-align-center\" data-align=\"center\">Cursos\/\u00c1rea<\/th><th class=\"has-text-align-center\" data-align=\"center\">Vagas<\/th><\/tr><\/thead><tbody><tr><td class=\"has-text-align-center\" data-align=\"center\">Educa\u00e7\u00e3o F\u00edsica<\/td><td class=\"has-text-align-center\" data-align=\"center\">01<\/td><\/tr><tr><td class=\"has-text-align-center\" data-align=\"center\">Enfermagem<\/td><td class=\"has-text-align-center\" data-align=\"center\">02<\/td><\/tr><tr><td class=\"has-text-align-center\" data-align=\"center\">Farm\u00e1cia<\/td><td class=\"has-text-align-center\" data-align=\"center\">01<\/td><\/tr><tr><td class=\"has-text-align-center\" data-align=\"center\">Fisioterapia<\/td><td class=\"has-text-align-center\" data-align=\"center\">01<\/td><\/tr><tr><td class=\"has-text-align-center\" data-align=\"center\">Nutri\u00e7\u00e3o<\/td><td class=\"has-text-align-center\" data-align=\"center\">01<\/td><\/tr><tr><td class=\"has-text-align-center\" data-align=\"center\">Odontologia<\/td><td class=\"has-text-align-center\" data-align=\"center\">02<\/td><\/tr><tr><td class=\"has-text-align-center\" data-align=\"center\">Psicologia<\/td><td class=\"has-text-align-center\" data-align=\"center\">01<\/td><\/tr><tr><td class=\"has-text-align-center\" data-align=\"center\">Servi\u00e7o Social<\/td><td class=\"has-text-align-center\" data-align=\"center\">01<\/td><\/tr><\/tbody><\/table><\/figure>\n\n\n\n<h3 class=\"wp-block-heading\">Sa\u00fade da Mulher<\/h3>\n\n\n\n<figure class=\"wp-block-table is-style-stripes\"><table class=\"has-pale-ocean-gradient-background has-background has-fixed-layout\"><thead><tr><th class=\"has-text-align-center\" data-align=\"center\">Cursos\/\u00c1rea<\/th><th class=\"has-text-align-center\" data-align=\"center\">Vagas<\/th><\/tr><\/thead><tbody><tr><td class=\"has-text-align-center\" data-align=\"center\">Educa\u00e7\u00e3o F\u00edsica<\/td><td class=\"has-text-align-center\" data-align=\"center\">02<\/td><\/tr><tr><td class=\"has-text-align-center\" data-align=\"center\">Farm\u00e1cia<\/td><td class=\"has-text-align-center\" data-align=\"center\">02<\/td><\/tr><tr><td class=\"has-text-align-center\" data-align=\"center\">Nutri\u00e7\u00e3o<\/td><td class=\"has-text-align-center\" data-align=\"center\">02<\/td><\/tr><tr><td class=\"has-text-align-center\" data-align=\"center\">Psicologia<\/td><td class=\"has-text-align-center\" data-align=\"center\">02<\/td><\/tr><\/tbody><\/table><\/figure>\n\n\n\n<p>A P\u00f3s-Gradua\u00e7\u00e3o Lato sensu, modalidade Resid\u00eancia Multiprofissional, caracteriza-se pelo ensino de p\u00f3s-gradua\u00e7\u00e3o associado ao treinamento em servi\u00e7o de sa\u00fade, com 60h semanais (10h\/dia de segunda \u00e0 s\u00e1bado), dedica\u00e7\u00e3o exclusiva e destinado aos profissionais formados em escolas com Cursos de Gradua\u00e7\u00e3o das profiss\u00f5es acima referidas.<\/p>\n\n\n\n<h3 class=\"wp-block-heading\">Sal\u00e1rio e carga hor\u00e1ria<\/h3>\n\n\n\n<p>Os residentes oficialmente matriculados iniciar\u00e3o o curso no dia 1\u00ba de mar\u00e7o 202, tendo direito \u00e0:<\/p>\n\n\n\n<ul class=\"wp-block-list\"><li><strong>a) <\/strong>Bolsa-resid\u00eancia, remunera\u00e7\u00e3o bruta mensal no valor de <strong>R$ 4.106,09<\/strong>, sobre a qual incidir\u00e1 a contribui\u00e7\u00e3o previdenci\u00e1ria e as dedu\u00e7\u00f5es fiscais, na forma da lei, e que ser\u00e1 depositado diretamente na conta-sal\u00e1rio do matriculado por responsabilidade do Governo Federal, Minist\u00e9rio da Sa\u00fade (Programa Pr\u00f3-Resid\u00eancia), que servir\u00e1 para custear os materiais de uso pessoal durante o curso, locomo\u00e7\u00e3o, uniforme exigido na institui\u00e7\u00e3o e outros custos inerentes ao aprendizado e treinamento nos servi\u00e7os de sa\u00fade parceiros;<\/li><li><strong>b) <\/strong>Repouso anual de 30 dias em data estabelecida pela Coordena\u00e7\u00e3o do curso;<\/li><li><strong>c) <\/strong>Repouso semanal de um dia;<\/li><li><strong>d) <\/strong>Outros direitos e deveres definidos no Regimento Geral das Resid\u00eancias em Sa\u00fade da UEL, juntamente com informa\u00e7\u00f5es mais detalhadas sobre o curso.<\/li><\/ul>\n\n\n\n<h2 class=\"wp-block-heading\" id=\"etapas\">Etapas e provas do edital Resid\u00eancia UEL<\/h2>\n\n\n\n<p>De acordo com o edital Resid\u00eancia UEL, os candidatos ser\u00e3o avaliados mediante aplica\u00e7\u00e3o de quatro etapas, sendo elas:<\/p>\n\n\n\n<ol class=\"wp-block-list\"><li>Prova Objetiva;<\/li><li>Prova Dissertativa;<\/li><li>Entrevista;<\/li><li>Curriculum Vitae documentado.<\/li><\/ol>\n\n\n\n<h3 class=\"wp-block-heading\" id=\"objetiva\">Provas Objetivas<\/h3>\n\n\n\n<p><strong>Sa\u00fade da Fam\u00edlia<\/strong><\/p>\n\n\n\n<p>A prova objetiva ter\u00e1 car\u00e1ter eliminat\u00f3rio e classificat\u00f3rio, ser\u00e1 composta por 30 quest\u00f5es de m\u00faltipla escolha (a, b, c, d, e), realizada na cidade de Londrina, estado do Paran\u00e1.<\/p>\n\n\n\n<ul class=\"wp-block-list\"><li><strong>20 quest\u00f5es <\/strong>de conhecimentos sobre: organiza\u00e7\u00e3o e sistemas de sa\u00fade no Brasil, epidemiologia e situa\u00e7\u00e3o de sa\u00fade no Brasil, trabalho e processo de trabalho em sa\u00fade, educa\u00e7\u00e3o permanente em sa\u00fade, ferramentas de trabalho utilizadas na Aten\u00e7\u00e3o B\u00e1sica, ferramentas de trabalho utilizadas no trabalho em equipe, trabalho interprofissional, promo\u00e7\u00e3o, preven\u00e7\u00e3o, educa\u00e7\u00e3o em sa\u00fade, rede de aten\u00e7\u00e3o, gest\u00e3o de servi\u00e7os de sa\u00fade;<\/li><li><strong>10 quest\u00f5es <\/strong>espec\u00edficas de cada \u00e1rea profissional relacionada \u00e0 atua\u00e7\u00e3o na sa\u00fade.<\/li><\/ul>\n\n\n\n<p>A prova objetiva do edital Resid\u00eancia UEL poder\u00e1 atingir, no m\u00e1ximo, 10 pontos e ter\u00e1 peso 4.<\/p>\n\n\n\n<p><strong>Sa\u00fade da Mulher<\/strong><\/p>\n\n\n\n<p>Corresponder\u00e1 a uma Prova Objetiva eliminat\u00f3ria, composta por 10 quest\u00f5es de m\u00faltipla escolha (a, b, c, d, e) espec\u00edficas para cada \u00e1rea profissional. Esta fase ter\u00e1 dura\u00e7\u00e3o total de 1h, sendo totalmente realizada online.<\/p>\n\n\n\n<p>As quest\u00f5es de conhecimento profissional ser\u00e3o estruturadas a partir das Diretrizes Curriculares para os respectivos cursos de gradua\u00e7\u00e3o<\/p>\n\n\n\n<h3 class=\"wp-block-heading\" id=\"discursiva\">Prova Discursiva<\/h3>\n\n\n\n<p><strong>Sa\u00fade da Fam\u00edlia<\/strong><\/p>\n\n\n\n<p>A Prova Dissertativa, ser\u00e1 composta de quest\u00e3o de car\u00e1ter interprofissional, poder\u00e1 atingir no m\u00e1ximo 10 pontos e ter\u00e1 peso 2.<\/p>\n\n\n\n<p>As quest\u00f5es ser\u00e3o fundamentadas nos programas oferecidos pelos Cursos de gradua\u00e7\u00e3o das \u00e1reas ofertadas e\/ou documentos do Minist\u00e9rio da Sa\u00fade e\/ou dos conselhos de cada profiss\u00e3o.<\/p>\n\n\n\n<p><strong>Sa\u00fade da Mulher<\/strong><\/p>\n\n\n\n<p>Corresponder\u00e1 a uma Prova Dissertativa classificat\u00f3ria, composta por uma quest\u00e3o escrita de conte\u00fado multiprofissional e totalizar\u00e1 10 pontos, peso 3.<\/p>\n\n\n\n<p>Esta fase avaliar\u00e1 o candidato com os seguintes crit\u00e9rios: capacidade de resumir os problemas de sa\u00fade do caso apresentado (20% da nota), fundamenta\u00e7\u00e3o te\u00f3rica (20%); alternativas ou propostas de solu\u00e7\u00e3o para o caso (20%); a\u00e7\u00f5es a serem implementadas ou recomendadas (20%) e discuss\u00e3o do caso (20%).<\/p>\n\n\n\n<hr class=\"wp-block-separator has-css-opacity\"\/>\n\n\n\n<h2 class=\"has-text-align-center wp-block-heading\" id=\"h-quer-saber-tudo-sobre-concursos-previstos-confira-nossos-artigos\">Quer saber tudo sobre concursos previstos?<br \/>Confira  nossos artigos!<\/h2>\n\n\n\n<ul class=\"wp-block-list\"><li><a href=\"https:\/\/www.estrategiaconcursos.com.br\/blog\/concursos-abertos\/\" target=\"_blank\" rel=\"noreferrer noopener\">Concursos abertos<\/a><\/li><li><a href=\"https:\/\/www.estrategiaconcursos.com.br\/blog\/concursos-2022\/\" target=\"_blank\" rel=\"noreferrer noopener\">Concursos 2022<\/a><\/li><li><a href=\"https:\/\/www.estrategiaconcursos.com.br\/blog\/concursos-2023\/\" target=\"_blank\" rel=\"noreferrer noopener\">Concursos 2023<\/a><\/li><\/ul>\n\n\n\n<h2 class=\"has-text-align-center wp-block-heading\" id=\"cursos-assinatura\">Quer estudar para o edital Resid\u00eancia UEL?<\/h2>\n\n\n\n<div class=\"container\" id=\"boxes\">\n  <div class=\"row\">\n\n    <div class=\"col-sm\">\n      <div class=\"banner-medicina\" id=\"box-assinatura\">\n        <h3 class=\"titulo-assinatura\">Resid\u00eancia UEL<\/h3>\n        <p class=\"subtitulo-assinatura\">Conhe\u00e7a os cursos<\/p>\n        <div class=\"box-botao\">\n          <a class=\"btn-assinatura\" target=\"_blank\" href=\"https:\/\/www.estrategiaconcursos.com.br\/cursosPorConcurso\/universidade-estadual-de-londrina-uel-residencias-multiprofissionais\/\" role=\"button\" rel=\"noopener noreferrer\">Conhe\u00e7a mais<\/a>\n        <\/div>\n      <\/div>\n     \n    <\/div>\n\n  <\/div>\n<\/div>\n\n\n\n<div class=\"container\" id=\"boxes\">\n  <div class=\"row\">\n\n    <div class=\"col-sm\">\n      <div class=\"estrategia\" id=\"box-assinatura\">\n        <h3 class=\"titulo-assinatura\">Assinatura Concursos<\/h3>\n        <p class=\"subtitulo-assinatura\">Assinatura de 1 ano ou 2 anos<\/p>\n        <div class=\"box-botao\">\n          <a class=\"btn-assinatura\" target=\"_blank\" href=\"https:\/\/www.estrategiaconcursos.com.br\/assinaturas\/\" role=\"button\" rel=\"noopener noreferrer\">ASSINE AGORA<\/a>\n        <\/div>\n      <\/div><\/div><\/div><\/div>\n\n\n\n<figure class=\"wp-block-image size-large is-resized\"><img loading=\"lazy\" decoding=\"async\" src=\"https:\/\/dhg1h5j42swfq.cloudfront.net\/2025\/06\/27101122\/ficha-tecnica-1-1024x632.png\" alt=\"Ficha t\u00e9cnica Resid\u00eancia UEL\" class=\"wp-image-702728\" width=\"269\" height=\"166\" srcset=\"https:\/\/dhg1h5j42swfq.cloudfront.net\/2025\/06\/27101122\/ficha-tecnica-1-1024x632.png 1024w, https:\/\/dhg1h5j42swfq.cloudfront.net\/2025\/06\/27101122\/ficha-tecnica-1-300x185.png 300w, https:\/\/dhg1h5j42swfq.cloudfront.net\/2025\/06\/27101122\/ficha-tecnica-1-768x474.png 768w, https:\/\/dhg1h5j42swfq.cloudfront.net\/2025\/06\/27101122\/ficha-tecnica-1-1536x948.png 1536w, https:\/\/dhg1h5j42swfq.cloudfront.net\/2025\/06\/27101122\/ficha-tecnica-1-610x377.png 610w, https:\/\/dhg1h5j42swfq.cloudfront.net\/2025\/06\/27101122\/ficha-tecnica-1.png 1571w\" sizes=\"auto, (max-width: 269px) 100vw, 269px\" \/><\/figure>\n\n\n\n<h3 class=\"wp-block-heading\" id=\"ficha\">Informa\u00e7\u00f5es do concurso Resid\u00eancia UEL<\/h3>\n\n\n\n<ul class=\"wp-block-list\"><li><strong style=\"color: initial;\">Provas<\/strong><span style=\"color: initial;\">: <\/span>06\/11\/2022<\/li><li><strong>Vagas<\/strong>: 18<\/li><li><strong>Cargos<\/strong>: v\u00e1rios<\/li><li><strong>Banca<\/strong>: UEL<\/li><li><strong>Escolaridade<\/strong>: N\u00edvel superior<\/li><li><strong>Edital<\/strong>:&nbsp;<a href=\"https:\/\/dhg1h5j42swfq.cloudfront.net\/2022\/08\/15091958\/edital-proppg-039-2022-saude-da-familia.pdf\" target=\"_blank\" rel=\"noreferrer noopener nofollow\">Resid\u00eancia &#8211; Sa\u00fade da Fam\u00edlia<\/a> | <a href=\"https:\/\/dhg1h5j42swfq.cloudfront.net\/2022\/08\/15092003\/edital-proppg-040-2022-saude-da-mulher.pdf\" target=\"_blank\" rel=\"noreferrer noopener nofollow\">Resid\u00eancia &#8211; Sa\u00fade da Mulher<\/a><\/li><\/ul>\n","protected":false},"excerpt":{"rendered":"<p>Est\u00e3o encerradas as inscri\u00e7\u00f5es do edital de Resid\u00eancia UEL (Universidade Estadual de Londrina). Conforme o documento, s\u00e3o ofertadas 18 vagas distribu\u00eddas entre diferentes \u00e1reas de especializa\u00e7\u00e3o. Os interessados em participar da realizaram as inscri\u00e7\u00f5es at\u00e9 o dia 06 de outubro, no site da banca organizadora, UEL, ao custo de R$ 323,00. Resid\u00eancia UEL Status: inscri\u00e7\u00f5es [&hellip;]<\/p>\n","protected":false},"author":1,"featured_media":1079130,"comment_status":"open","ping_status":"closed","sticky":false,"template":"","format":"standard","meta":{"post_tipo":"news","footnotes":""},"categories":[1981],"tags":[],"tax_estado":[219981],"class_list":["post-1077695","post","type-post","status-publish","format-standard","has-post-thumbnail","hentry","category-saude","tax_estado-pr"],"acf":[],"yoast_head":"<!-- This site is optimized with the Yoast SEO Premium plugin v27.2 (Yoast SEO v27.2) - https:\/\/yoast.com\/product\/yoast-seo-premium-wordpress\/ -->\n<title>Resid\u00eancia UEL: inscri\u00e7\u00f5es encerradas; 18 vagas em v\u00e1rias \u00e1reas<\/title>\n<meta name=\"description\" content=\"Resid\u00eancia Multiprofissional UEL: publicado edital com 18 vagas para v\u00e1rias \u00e1reas de atua\u00e7\u00e3o. Inscri\u00e7\u00f5es encerradas. Acesse e confira!\" \/>\n<meta name=\"robots\" content=\"index, follow, max-snippet:-1, max-image-preview:large, max-video-preview:-1\" \/>\n<link rel=\"canonical\" href=\"https:\/\/www.estrategiaconcursos.com.br\/blog\/residencia-uel\/\" \/>\n<meta property=\"og:locale\" content=\"pt_BR\" \/>\n<meta property=\"og:type\" content=\"article\" \/>\n<meta property=\"og:title\" content=\"Resid\u00eancia UEL: inscri\u00e7\u00f5es encerradas; 18 vagas em v\u00e1rias \u00e1reas\" \/>\n<meta property=\"og:description\" content=\"Resid\u00eancia Multiprofissional UEL: publicado edital com 18 vagas para v\u00e1rias \u00e1reas de atua\u00e7\u00e3o. Inscri\u00e7\u00f5es encerradas. Acesse e confira!\" \/>\n<meta property=\"og:url\" content=\"https:\/\/www.estrategiaconcursos.com.br\/blog\/residencia-uel\/\" \/>\n<meta property=\"og:site_name\" content=\"Estrat\u00e9gia Concursos\" \/>\n<meta property=\"article:author\" content=\"https:\/\/www.facebook.com\/EstrategiaConcursos\" \/>\n<meta property=\"article:published_time\" content=\"2022-10-07T21:00:00+00:00\" \/>\n<meta property=\"article:modified_time\" content=\"2022-10-07T21:02:21+00:00\" \/>\n<meta property=\"og:image\" content=\"https:\/\/dhg1h5j42swfq.cloudfront.net\/2022\/08\/16220928\/residencia_uel.jpg\" \/>\n\t<meta property=\"og:image:width\" content=\"768\" \/>\n\t<meta property=\"og:image:height\" content=\"432\" \/>\n\t<meta property=\"og:image:type\" content=\"image\/jpeg\" \/>\n<meta name=\"author\" content=\"Coordena\u00e7\u00e3o\" \/>\n<meta name=\"twitter:card\" content=\"summary_large_image\" \/>\n<meta name=\"twitter:creator\" content=\"@EstratConcursos\" \/>\n<meta name=\"twitter:site\" content=\"@EstratConcursos\" \/>\n<meta name=\"twitter:label1\" content=\"Escrito por\" \/>\n\t<meta name=\"twitter:data1\" content=\"Coordena\u00e7\u00e3o\" \/>\n\t<meta name=\"twitter:label2\" content=\"Est. tempo de leitura\" \/>\n\t<meta name=\"twitter:data2\" content=\"4 minutos\" \/>\n<script type=\"application\/ld+json\" class=\"yoast-schema-graph\">{\"@context\":\"https:\/\/schema.org\",\"@graph\":[{\"@type\":\"NewsArticle\",\"@id\":\"https:\/\/www.estrategiaconcursos.com.br\/blog\/residencia-uel\/#article\",\"isPartOf\":{\"@id\":\"https:\/\/www.estrategiaconcursos.com.br\/blog\/residencia-uel\/\"},\"author\":{\"name\":\"Coordena\u00e7\u00e3o\",\"@id\":\"https:\/\/www.estrategiaconcursos.com.br\/blog\/#\/schema\/person\/b4a388c97673c5f483d72185668afa1f\"},\"headline\":\"Resid\u00eancia UEL: inscri\u00e7\u00f5es encerradas; 18 vagas em v\u00e1rias \u00e1reas\",\"datePublished\":\"2022-10-07T21:00:00+00:00\",\"dateModified\":\"2022-10-07T21:02:21+00:00\",\"mainEntityOfPage\":{\"@id\":\"https:\/\/www.estrategiaconcursos.com.br\/blog\/residencia-uel\/\"},\"wordCount\":893,\"commentCount\":0,\"publisher\":{\"@id\":\"https:\/\/www.estrategiaconcursos.com.br\/blog\/#organization\"},\"image\":{\"@id\":\"https:\/\/www.estrategiaconcursos.com.br\/blog\/residencia-uel\/#primaryimage\"},\"thumbnailUrl\":\"https:\/\/dhg1h5j42swfq.cloudfront.net\/2022\/08\/16220928\/residencia_uel.jpg\",\"articleSection\":[\"Sa\u00fade\"],\"inLanguage\":\"pt-BR\",\"potentialAction\":[{\"@type\":\"CommentAction\",\"name\":\"Comment\",\"target\":[\"https:\/\/www.estrategiaconcursos.com.br\/blog\/residencia-uel\/#respond\"]}],\"copyrightYear\":\"2022\",\"copyrightHolder\":{\"@id\":\"https:\/\/www.estrategiaconcursos.com.br\/blog\/#organization\"}},{\"@type\":\"WebPage\",\"@id\":\"https:\/\/www.estrategiaconcursos.com.br\/blog\/residencia-uel\/\",\"url\":\"https:\/\/www.estrategiaconcursos.com.br\/blog\/residencia-uel\/\",\"name\":\"Resid\u00eancia UEL: inscri\u00e7\u00f5es encerradas; 18 vagas em v\u00e1rias \u00e1reas\",\"isPartOf\":{\"@id\":\"https:\/\/www.estrategiaconcursos.com.br\/blog\/#website\"},\"primaryImageOfPage\":{\"@id\":\"https:\/\/www.estrategiaconcursos.com.br\/blog\/residencia-uel\/#primaryimage\"},\"image\":{\"@id\":\"https:\/\/www.estrategiaconcursos.com.br\/blog\/residencia-uel\/#primaryimage\"},\"thumbnailUrl\":\"https:\/\/dhg1h5j42swfq.cloudfront.net\/2022\/08\/16220928\/residencia_uel.jpg\",\"datePublished\":\"2022-10-07T21:00:00+00:00\",\"dateModified\":\"2022-10-07T21:02:21+00:00\",\"description\":\"Resid\u00eancia Multiprofissional UEL: publicado edital com 18 vagas para v\u00e1rias \u00e1reas de atua\u00e7\u00e3o. Inscri\u00e7\u00f5es encerradas. Acesse e confira!\",\"breadcrumb\":{\"@id\":\"https:\/\/www.estrategiaconcursos.com.br\/blog\/residencia-uel\/#breadcrumb\"},\"inLanguage\":\"pt-BR\",\"potentialAction\":[{\"@type\":\"ReadAction\",\"target\":[\"https:\/\/www.estrategiaconcursos.com.br\/blog\/residencia-uel\/\"]}]},{\"@type\":\"ImageObject\",\"inLanguage\":\"pt-BR\",\"@id\":\"https:\/\/www.estrategiaconcursos.com.br\/blog\/residencia-uel\/#primaryimage\",\"url\":\"https:\/\/dhg1h5j42swfq.cloudfront.net\/2022\/08\/16220928\/residencia_uel.jpg\",\"contentUrl\":\"https:\/\/dhg1h5j42swfq.cloudfront.net\/2022\/08\/16220928\/residencia_uel.jpg\",\"width\":768,\"height\":432},{\"@type\":\"BreadcrumbList\",\"@id\":\"https:\/\/www.estrategiaconcursos.com.br\/blog\/residencia-uel\/#breadcrumb\",\"itemListElement\":[{\"@type\":\"ListItem\",\"position\":1,\"name\":\"In\u00edcio\",\"item\":\"https:\/\/www.estrategiaconcursos.com.br\/blog\/\"},{\"@type\":\"ListItem\",\"position\":2,\"name\":\"Resid\u00eancia UEL: inscri\u00e7\u00f5es encerradas; 18 vagas em v\u00e1rias \u00e1reas\"}]},{\"@type\":\"WebSite\",\"@id\":\"https:\/\/www.estrategiaconcursos.com.br\/blog\/#website\",\"url\":\"https:\/\/www.estrategiaconcursos.com.br\/blog\/\",\"name\":\"Estrat\u00e9gia Concursos\",\"description\":\"O blog da Estrat\u00e9gia Concursos traz not\u00edcias sobre concursos e artigos de professores oferecendo cursos para concursos (pdf + videaulas) no site.\",\"publisher\":{\"@id\":\"https:\/\/www.estrategiaconcursos.com.br\/blog\/#organization\"},\"potentialAction\":[{\"@type\":\"SearchAction\",\"target\":{\"@type\":\"EntryPoint\",\"urlTemplate\":\"https:\/\/www.estrategiaconcursos.com.br\/blog\/?s={search_term_string}\"},\"query-input\":{\"@type\":\"PropertyValueSpecification\",\"valueRequired\":true,\"valueName\":\"search_term_string\"}}],\"inLanguage\":\"pt-BR\"},{\"@type\":\"Organization\",\"@id\":\"https:\/\/www.estrategiaconcursos.com.br\/blog\/#organization\",\"name\":\"Estrat\u00e9gia Concursos\",\"url\":\"https:\/\/www.estrategiaconcursos.com.br\/blog\/\",\"logo\":{\"@type\":\"ImageObject\",\"inLanguage\":\"pt-BR\",\"@id\":\"https:\/\/www.estrategiaconcursos.com.br\/blog\/#\/schema\/logo\/image\/\",\"url\":\"https:\/\/dhg1h5j42swfq.cloudfront.net\/2025\/06\/03203428\/logo_concursos-1.jpg\",\"contentUrl\":\"https:\/\/dhg1h5j42swfq.cloudfront.net\/2025\/06\/03203428\/logo_concursos-1.jpg\",\"width\":230,\"height\":60,\"caption\":\"Estrat\u00e9gia Concursos\"},\"image\":{\"@id\":\"https:\/\/www.estrategiaconcursos.com.br\/blog\/#\/schema\/logo\/image\/\"},\"sameAs\":[\"https:\/\/x.com\/EstratConcursos\"]},{\"@type\":\"Person\",\"@id\":\"https:\/\/www.estrategiaconcursos.com.br\/blog\/#\/schema\/person\/b4a388c97673c5f483d72185668afa1f\",\"name\":\"Coordena\u00e7\u00e3o\",\"image\":{\"@type\":\"ImageObject\",\"inLanguage\":\"pt-BR\",\"@id\":\"https:\/\/secure.gravatar.com\/avatar\/b720319e4c9a967eb58678d110f4fe35452fc5d5f97b202bac7b8acceb18c6ad?s=96&d=mm&r=g\",\"url\":\"https:\/\/secure.gravatar.com\/avatar\/b720319e4c9a967eb58678d110f4fe35452fc5d5f97b202bac7b8acceb18c6ad?s=96&d=mm&r=g\",\"contentUrl\":\"https:\/\/secure.gravatar.com\/avatar\/b720319e4c9a967eb58678d110f4fe35452fc5d5f97b202bac7b8acceb18c6ad?s=96&d=mm&r=g\",\"caption\":\"Coordena\u00e7\u00e3o\"},\"sameAs\":[\"https:\/\/www.facebook.com\/EstrategiaConcursos\",\"https:\/\/x.com\/EstratConcursos\"],\"url\":\"https:\/\/www.estrategiaconcursos.com.br\/blog\/author\/estrategia2013\/\"}]}<\/script>\n<!-- \/ Yoast SEO Premium plugin. -->","yoast_head_json":{"title":"Resid\u00eancia UEL: inscri\u00e7\u00f5es encerradas; 18 vagas em v\u00e1rias \u00e1reas","description":"Resid\u00eancia Multiprofissional UEL: publicado edital com 18 vagas para v\u00e1rias \u00e1reas de atua\u00e7\u00e3o. Inscri\u00e7\u00f5es encerradas. Acesse e confira!","robots":{"index":"index","follow":"follow","max-snippet":"max-snippet:-1","max-image-preview":"max-image-preview:large","max-video-preview":"max-video-preview:-1"},"canonical":"https:\/\/www.estrategiaconcursos.com.br\/blog\/residencia-uel\/","og_locale":"pt_BR","og_type":"article","og_title":"Resid\u00eancia UEL: inscri\u00e7\u00f5es encerradas; 18 vagas em v\u00e1rias \u00e1reas","og_description":"Resid\u00eancia Multiprofissional UEL: publicado edital com 18 vagas para v\u00e1rias \u00e1reas de atua\u00e7\u00e3o. Inscri\u00e7\u00f5es encerradas. Acesse e confira!","og_url":"https:\/\/www.estrategiaconcursos.com.br\/blog\/residencia-uel\/","og_site_name":"Estrat\u00e9gia Concursos","article_author":"https:\/\/www.facebook.com\/EstrategiaConcursos","article_published_time":"2022-10-07T21:00:00+00:00","article_modified_time":"2022-10-07T21:02:21+00:00","og_image":[{"width":768,"height":432,"url":"https:\/\/dhg1h5j42swfq.cloudfront.net\/2022\/08\/16220928\/residencia_uel.jpg","type":"image\/jpeg"}],"author":"Coordena\u00e7\u00e3o","twitter_card":"summary_large_image","twitter_creator":"@EstratConcursos","twitter_site":"@EstratConcursos","twitter_misc":{"Escrito por":"Coordena\u00e7\u00e3o","Est. tempo de leitura":"4 minutos"},"schema":{"@context":"https:\/\/schema.org","@graph":[{"@type":"NewsArticle","@id":"https:\/\/www.estrategiaconcursos.com.br\/blog\/residencia-uel\/#article","isPartOf":{"@id":"https:\/\/www.estrategiaconcursos.com.br\/blog\/residencia-uel\/"},"author":{"name":"Coordena\u00e7\u00e3o","@id":"https:\/\/www.estrategiaconcursos.com.br\/blog\/#\/schema\/person\/b4a388c97673c5f483d72185668afa1f"},"headline":"Resid\u00eancia UEL: inscri\u00e7\u00f5es encerradas; 18 vagas em v\u00e1rias \u00e1reas","datePublished":"2022-10-07T21:00:00+00:00","dateModified":"2022-10-07T21:02:21+00:00","mainEntityOfPage":{"@id":"https:\/\/www.estrategiaconcursos.com.br\/blog\/residencia-uel\/"},"wordCount":893,"commentCount":0,"publisher":{"@id":"https:\/\/www.estrategiaconcursos.com.br\/blog\/#organization"},"image":{"@id":"https:\/\/www.estrategiaconcursos.com.br\/blog\/residencia-uel\/#primaryimage"},"thumbnailUrl":"https:\/\/dhg1h5j42swfq.cloudfront.net\/2022\/08\/16220928\/residencia_uel.jpg","articleSection":["Sa\u00fade"],"inLanguage":"pt-BR","potentialAction":[{"@type":"CommentAction","name":"Comment","target":["https:\/\/www.estrategiaconcursos.com.br\/blog\/residencia-uel\/#respond"]}],"copyrightYear":"2022","copyrightHolder":{"@id":"https:\/\/www.estrategiaconcursos.com.br\/blog\/#organization"}},{"@type":"WebPage","@id":"https:\/\/www.estrategiaconcursos.com.br\/blog\/residencia-uel\/","url":"https:\/\/www.estrategiaconcursos.com.br\/blog\/residencia-uel\/","name":"Resid\u00eancia UEL: inscri\u00e7\u00f5es encerradas; 18 vagas em v\u00e1rias \u00e1reas","isPartOf":{"@id":"https:\/\/www.estrategiaconcursos.com.br\/blog\/#website"},"primaryImageOfPage":{"@id":"https:\/\/www.estrategiaconcursos.com.br\/blog\/residencia-uel\/#primaryimage"},"image":{"@id":"https:\/\/www.estrategiaconcursos.com.br\/blog\/residencia-uel\/#primaryimage"},"thumbnailUrl":"https:\/\/dhg1h5j42swfq.cloudfront.net\/2022\/08\/16220928\/residencia_uel.jpg","datePublished":"2022-10-07T21:00:00+00:00","dateModified":"2022-10-07T21:02:21+00:00","description":"Resid\u00eancia Multiprofissional UEL: publicado edital com 18 vagas para v\u00e1rias \u00e1reas de atua\u00e7\u00e3o. Inscri\u00e7\u00f5es encerradas. Acesse e confira!","breadcrumb":{"@id":"https:\/\/www.estrategiaconcursos.com.br\/blog\/residencia-uel\/#breadcrumb"},"inLanguage":"pt-BR","potentialAction":[{"@type":"ReadAction","target":["https:\/\/www.estrategiaconcursos.com.br\/blog\/residencia-uel\/"]}]},{"@type":"ImageObject","inLanguage":"pt-BR","@id":"https:\/\/www.estrategiaconcursos.com.br\/blog\/residencia-uel\/#primaryimage","url":"https:\/\/dhg1h5j42swfq.cloudfront.net\/2022\/08\/16220928\/residencia_uel.jpg","contentUrl":"https:\/\/dhg1h5j42swfq.cloudfront.net\/2022\/08\/16220928\/residencia_uel.jpg","width":768,"height":432},{"@type":"BreadcrumbList","@id":"https:\/\/www.estrategiaconcursos.com.br\/blog\/residencia-uel\/#breadcrumb","itemListElement":[{"@type":"ListItem","position":1,"name":"In\u00edcio","item":"https:\/\/www.estrategiaconcursos.com.br\/blog\/"},{"@type":"ListItem","position":2,"name":"Resid\u00eancia UEL: inscri\u00e7\u00f5es encerradas; 18 vagas em v\u00e1rias \u00e1reas"}]},{"@type":"WebSite","@id":"https:\/\/www.estrategiaconcursos.com.br\/blog\/#website","url":"https:\/\/www.estrategiaconcursos.com.br\/blog\/","name":"Estrat\u00e9gia Concursos","description":"O blog da Estrat\u00e9gia Concursos traz not\u00edcias sobre concursos e artigos de professores oferecendo cursos para concursos (pdf + videaulas) no site.","publisher":{"@id":"https:\/\/www.estrategiaconcursos.com.br\/blog\/#organization"},"potentialAction":[{"@type":"SearchAction","target":{"@type":"EntryPoint","urlTemplate":"https:\/\/www.estrategiaconcursos.com.br\/blog\/?s={search_term_string}"},"query-input":{"@type":"PropertyValueSpecification","valueRequired":true,"valueName":"search_term_string"}}],"inLanguage":"pt-BR"},{"@type":"Organization","@id":"https:\/\/www.estrategiaconcursos.com.br\/blog\/#organization","name":"Estrat\u00e9gia Concursos","url":"https:\/\/www.estrategiaconcursos.com.br\/blog\/","logo":{"@type":"ImageObject","inLanguage":"pt-BR","@id":"https:\/\/www.estrategiaconcursos.com.br\/blog\/#\/schema\/logo\/image\/","url":"https:\/\/dhg1h5j42swfq.cloudfront.net\/2025\/06\/03203428\/logo_concursos-1.jpg","contentUrl":"https:\/\/dhg1h5j42swfq.cloudfront.net\/2025\/06\/03203428\/logo_concursos-1.jpg","width":230,"height":60,"caption":"Estrat\u00e9gia Concursos"},"image":{"@id":"https:\/\/www.estrategiaconcursos.com.br\/blog\/#\/schema\/logo\/image\/"},"sameAs":["https:\/\/x.com\/EstratConcursos"]},{"@type":"Person","@id":"https:\/\/www.estrategiaconcursos.com.br\/blog\/#\/schema\/person\/b4a388c97673c5f483d72185668afa1f","name":"Coordena\u00e7\u00e3o","image":{"@type":"ImageObject","inLanguage":"pt-BR","@id":"https:\/\/secure.gravatar.com\/avatar\/b720319e4c9a967eb58678d110f4fe35452fc5d5f97b202bac7b8acceb18c6ad?s=96&d=mm&r=g","url":"https:\/\/secure.gravatar.com\/avatar\/b720319e4c9a967eb58678d110f4fe35452fc5d5f97b202bac7b8acceb18c6ad?s=96&d=mm&r=g","contentUrl":"https:\/\/secure.gravatar.com\/avatar\/b720319e4c9a967eb58678d110f4fe35452fc5d5f97b202bac7b8acceb18c6ad?s=96&d=mm&r=g","caption":"Coordena\u00e7\u00e3o"},"sameAs":["https:\/\/www.facebook.com\/EstrategiaConcursos","https:\/\/x.com\/EstratConcursos"],"url":"https:\/\/www.estrategiaconcursos.com.br\/blog\/author\/estrategia2013\/"}]}},"_links":{"self":[{"href":"https:\/\/www.estrategiaconcursos.com.br\/blog\/wp-json\/wp\/v2\/posts\/1077695","targetHints":{"allow":["GET"]}}],"collection":[{"href":"https:\/\/www.estrategiaconcursos.com.br\/blog\/wp-json\/wp\/v2\/posts"}],"about":[{"href":"https:\/\/www.estrategiaconcursos.com.br\/blog\/wp-json\/wp\/v2\/types\/post"}],"author":[{"embeddable":true,"href":"https:\/\/www.estrategiaconcursos.com.br\/blog\/wp-json\/wp\/v2\/users\/1"}],"replies":[{"embeddable":true,"href":"https:\/\/www.estrategiaconcursos.com.br\/blog\/wp-json\/wp\/v2\/comments?post=1077695"}],"version-history":[{"count":9,"href":"https:\/\/www.estrategiaconcursos.com.br\/blog\/wp-json\/wp\/v2\/posts\/1077695\/revisions"}],"predecessor-version":[{"id":1106712,"href":"https:\/\/www.estrategiaconcursos.com.br\/blog\/wp-json\/wp\/v2\/posts\/1077695\/revisions\/1106712"}],"wp:featuredmedia":[{"embeddable":true,"href":"https:\/\/www.estrategiaconcursos.com.br\/blog\/wp-json\/wp\/v2\/media\/1079130"}],"wp:attachment":[{"href":"https:\/\/www.estrategiaconcursos.com.br\/blog\/wp-json\/wp\/v2\/media?parent=1077695"}],"wp:term":[{"taxonomy":"category","embeddable":true,"href":"https:\/\/www.estrategiaconcursos.com.br\/blog\/wp-json\/wp\/v2\/categories?post=1077695"},{"taxonomy":"post_tag","embeddable":true,"href":"https:\/\/www.estrategiaconcursos.com.br\/blog\/wp-json\/wp\/v2\/tags?post=1077695"},{"taxonomy":"tax_estado","embeddable":true,"href":"https:\/\/www.estrategiaconcursos.com.br\/blog\/wp-json\/wp\/v2\/tax_estado?post=1077695"}],"curies":[{"name":"wp","href":"https:\/\/api.w.org\/{rel}","templated":true}]}}