{"id":1077633,"date":"2022-08-14T20:14:52","date_gmt":"2022-08-14T23:14:52","guid":{"rendered":"https:\/\/www.estrategiaconcursos.com.br\/blog\/?p=1077633"},"modified":"2022-08-21T11:18:39","modified_gmt":"2022-08-21T14:18:39","slug":"trilha-estrategica-trt3","status":"publish","type":"post","link":"https:\/\/www.estrategiaconcursos.com.br\/blog\/trilha-estrategica-trt3\/","title":{"rendered":"Lan\u00e7amento da Trilha Estrat\u00e9gica do TRT-3 (TRT MG)"},"content":{"rendered":"\n<figure class=\"wp-block-image size-large\"><img loading=\"lazy\" decoding=\"async\" width=\"1024\" height=\"432\" src=\"https:\/\/dhg1h5j42swfq.cloudfront.net\/2022\/08\/14195958\/image-193-1024x432.png\" alt=\"TRT 3 - Edital Publicado\" class=\"wp-image-1077634\" title=\"TRT 3 - Edital Publicado\" srcset=\"https:\/\/dhg1h5j42swfq.cloudfront.net\/2022\/08\/14195958\/image-193-1024x432.png 1024w, https:\/\/dhg1h5j42swfq.cloudfront.net\/2022\/08\/14195958\/image-193-300x127.png 300w, https:\/\/dhg1h5j42swfq.cloudfront.net\/2022\/08\/14195958\/image-193-768x324.png 768w, https:\/\/dhg1h5j42swfq.cloudfront.net\/2022\/08\/14195958\/image-193-610x257.png 610w, https:\/\/dhg1h5j42swfq.cloudfront.net\/2022\/08\/14195958\/image-193-150x63.png 150w, https:\/\/dhg1h5j42swfq.cloudfront.net\/2022\/08\/14195958\/image-193.png 1093w\" sizes=\"auto, (max-width: 1024px) 100vw, 1024px\" \/><figcaption>TRT 3 &#8211; Edital Publicado<\/figcaption><\/figure>\n\n\n\n<p>Ol\u00e1, concurseiro!<\/p>\n\n\n\n<p id=\"block-903aac40-6e4b-4386-8012-5f4f5118b7f8\">Para voc\u00ea que est\u00e1 se preparando para o <strong><a href=\"https:\/\/www.estrategiaconcursos.com.br\/blog\/concurso-trt-mg\/\">concurso do TRT da 3\u00aa Regi\u00e3o (MG)<\/a>,<\/strong> temos uma excelente not\u00edcia! Hoje, lan\u00e7amos algo aguardado por muitos dos nossos alunos: as&nbsp;<em><strong>Trilha Estrat\u00e9gica do TRT-3<\/strong><\/em><strong><em> \u2013 P\u00f3s edital<\/em><\/strong>!&nbsp;<\/p>\n\n\n\n<p id=\"block-d52c6d7f-e141-4d91-9c62-cdbf34b5c09a\">A primeira Trilha Estrat\u00e9gica j\u00e1 est\u00e1 dispon\u00edvel na \u00e1rea do aluno!<\/p>\n\n\n\n<p id=\"block-5f0a3215-d7d1-465f-be8b-2d8d32cf8306\">Assim, conduziremos os alunos&nbsp;<strong>at\u00e9 a data da prova<\/strong>&nbsp;por meio de metas espec\u00edficas, preparadas de modo que haja o estudo e a revis\u00e3o dos pontos mais relevantes e esperados para o concurso.<\/p>\n\n\n\n<p id=\"block-4b04f973-028d-4d8b-8e37-ca3bddb83fca\">Abaixo disponibilizamos a Trilha Estrat\u00e9gica Demonstrativa para cada um dos seguintes cargos do TRT-3 :<\/p>\n\n\n\n<p class=\"has-text-align-center has-white-color has-vivid-green-cyan-background-color has-text-color has-background has-medium-font-size\"><strong><a href=\"https:\/\/drive.google.com\/file\/d\/11-RQk9c4FhHUNd5-d9x_pler4T8Hz_yF\/view?usp=sharing\" target=\"_blank\" rel=\"noreferrer noopener\"><strong>Analista Judici\u00e1rio (\u00c1rea Judici\u00e1ria e Oficial de Justi\u00e7a e Avaliador Federal)<\/strong><\/a><\/strong><\/p>\n\n\n\n<p class=\"has-text-align-center has-white-color has-vivid-green-cyan-background-color has-text-color has-background has-medium-font-size\"><strong><a href=\"https:\/\/drive.google.com\/file\/d\/1ThGG8xHSkQTMBc7s-ZCmsl8aHQ7FxRhN\/view?usp=sharing\" target=\"_blank\" rel=\"noreferrer noopener\"><strong>\u00a0T\u00e9cnico Judici\u00e1rio (\u00c1rea Administrativa)<\/strong><\/a><\/strong><\/p>\n\n\n\n<p class=\"has-text-align-center has-white-color has-vivid-green-cyan-background-color has-text-color has-background has-medium-font-size\"><strong><a href=\"https:\/\/drive.google.com\/file\/d\/1500q59TR5plL0ABWojKSf_cM2A_eP4wz\/view?usp=sharing\" target=\"_blank\" rel=\"noreferrer noopener\"><strong>\u00a0Analista Judici\u00e1rio (\u00c1rea Administrativa)<\/strong><\/a><\/strong><\/p>\n\n\n\n<p><\/p>\n\n\n\n<p>Para acesso \u00e0s Trilhas seguintes, basta voc\u00ea contratar o Pacote ou o Pacota\u00e7o do TRT 3, tornar-se assinante Premium ou Platinum e seguir com elas pela sua \u00e1rea do aluno.<\/p>\n\n\n\n<p class=\"has-text-align-center has-luminous-vivid-orange-color has-vivid-cyan-blue-background-color has-text-color has-background\"><a href=\"https:\/\/www.estrategiaconcursos.com.br\/cursosPorConcurso\/trt-3-regiao-minas-gerais-296\/\"><strong>Pacote<\/strong><\/a><\/p>\n\n\n\n<p class=\"has-text-align-center has-luminous-vivid-orange-color has-pale-cyan-blue-background-color has-text-color has-background\"><strong><a href=\"https:\/\/www.estrategiaconcursos.com.br\/assinaturas\/\" target=\"_blank\" rel=\"noreferrer noopener\">Torne-se um assinante<\/a> <\/strong><\/p>\n\n\n\n<h2 class=\"wp-block-heading\" id=\"block-1b0d9614-a8b9-4545-a292-0a6752557d69\"><strong>Sobre as Trilhas Estrat\u00e9gicas<\/strong><\/h2>\n\n\n\n<p id=\"block-59e6fd79-a625-43ee-9871-1e9ac3efbc08\">O objetivo principal das Trilhas Estrat\u00e9gicas, na qual se inclui a nossa <em><strong>Trilha Estrat\u00e9gica para o TRT-3<\/strong><\/em>&nbsp;\u00e9 tornar o estudo o mais eficiente poss\u00edvel, almejando otimizar ao m\u00e1ximo a prepara\u00e7\u00e3o. No caso em tela, nesse per\u00edodo de p\u00f3s-edital.<\/p>\n\n\n\n<p id=\"block-17281fd1-fe1c-47ea-ba58-4d289df68152\">Elas s\u00e3o carinhosamente consideradas o \u201cGPS\u201d do Concurseiro!<\/p>\n\n\n\n<p id=\"block-23a5c77e-104f-4c81-a8c0-4bf0e1c2544b\">Para isso, elas s\u00e3o compostas de tarefas di\u00e1rias elaboradas por profissionais (nossos&nbsp;<em>Coaches<\/em>) que j\u00e1 obtiveram \u00eaxito nos mais variados concursos do pa\u00eds.<\/p>\n\n\n\n<p id=\"block-c883a0eb-ba43-452a-a385-9a2199f52ff6\">Al\u00e9m disso, h\u00e1 um Canal do&nbsp;<strong><em>Telegram<\/em><\/strong>&nbsp;espec\u00edfico para a&nbsp;<em><strong>Trilha Estrat\u00e9gica do TRT-3&nbsp;<\/strong><\/em>em que haver\u00e1 o contato dos Organizador com os alunos, como o envio de informa\u00e7\u00f5es importantes, dicas e conte\u00fados motivacionais. E os alunos poder\u00e3o enviar suas d\u00favidas tamb\u00e9m.<\/p>\n\n\n\n<figure class=\"wp-block-image size-full\"><img loading=\"lazy\" decoding=\"async\" width=\"1024\" height=\"404\" src=\"https:\/\/dhg1h5j42swfq.cloudfront.net\/2021\/03\/22085342\/trilha.png\" alt=\"Trilha Estrat\u00e9gica - TJ-TO T\u00e9cnico \" class=\"wp-image-697816\" srcset=\"https:\/\/dhg1h5j42swfq.cloudfront.net\/2021\/03\/22085342\/trilha.png 1024w, https:\/\/dhg1h5j42swfq.cloudfront.net\/2021\/03\/22085342\/trilha-300x118.png 300w, https:\/\/dhg1h5j42swfq.cloudfront.net\/2021\/03\/22085342\/trilha-768x303.png 768w, https:\/\/dhg1h5j42swfq.cloudfront.net\/2021\/03\/22085342\/trilha-610x241.png 610w\" sizes=\"auto, (max-width: 1024px) 100vw, 1024px\" \/><\/figure>\n\n\n\n<p id=\"block-45fa5ac7-5983-4002-abf4-9cf77b20f3f0\">As&nbsp;<em>Trilhas<\/em>&nbsp;funcionar\u00e3o da seguinte forma:<\/p>\n\n\n\n<ul class=\"wp-block-list\" id=\"block-7ca5be74-fa85-484f-8121-031173e4626c\"><li>Indica\u00e7\u00e3o de estudo por&nbsp;<em>Ciclos de Estudo;<\/em><\/li><li><em>Sugest\u00e3o das disciplinas<\/em>&nbsp;a serem estudadas em cada ciclo e momento da prepara\u00e7\u00e3o;<\/li><li>Apontamento da&nbsp;<em>sequ\u00eancia de estudo<\/em>&nbsp;em cada disciplina;<\/li><li>F<em>oco no custo x benef\u00edcio<\/em>&nbsp;considerando o conte\u00fado e o tempo de prepara\u00e7\u00e3o;<\/li><li>Apontamento de estudo de teoria, exerc\u00edcios, revis\u00e3o, legisla\u00e7\u00e3o e simulados.<\/li><\/ul>\n\n\n\n<p id=\"block-e282a33e-419c-4bfc-bd96-10645755ec44\">Quer mais informa\u00e7\u00f5es sobre as Trilhas Estrat\u00e9gicas? Clique no link abaixo:<\/p>\n\n\n\n<p class=\"has-text-align-center has-luminous-vivid-orange-color has-light-green-cyan-background-color has-text-color has-background\"><strong><a href=\"https:\/\/www.estrategiaconcursos.com.br\/blog\/trilhas-estrategicas-informacoes-e-trilhas-liberadas-hoje\/\" target=\"_blank\" rel=\"noreferrer noopener\">Trilhas Estrat\u00e9gicas<\/a><\/strong><\/p>\n\n\n\n<p id=\"block-9b2a49c4-d922-4297-bb22-d0fb6e06d309\">Meus amigos, vamos com tudo e juntos encarar esse desafio rumo \u00e0 aprova\u00e7\u00e3o?<\/p>\n\n\n\n<p id=\"block-656402fe-9de0-4903-96b1-c148121e7e7b\">Contem conosco!<\/p>\n\n\n\n<p id=\"block-656402fe-9de0-4903-96b1-c148121e7e7b\"><a href=\"https:\/\/www.instagram.com\/fernandaharu_\/\" target=\"_blank\" rel=\"noreferrer noopener\">Fernanda Harumi<\/a> &#8211; <em>Professora e Coach do&nbsp;<strong>Estrat\u00e9gia Concursos<\/strong><\/em><\/p>\n\n\n\n<p><em>Estrat\u00e9gia Quest\u00f5es nasceu maior do que todos os concorrentes,&nbsp;<\/em>principalmente porque h\u00e1<em>&nbsp;mais quest\u00f5es cadastradas e mais solu\u00e7\u00f5es por professores. Ent\u00e3o, confira e aproveite os descontos e b\u00f4nus imperd\u00edveis!<\/em><\/p>\n\n\n\n<p class=\"has-text-align-center has-luminous-vivid-orange-color has-light-green-cyan-background-color has-text-color has-background\"><strong>ASSINE AGORA \u2013&nbsp;<a rel=\"noreferrer noopener\" href=\"https:\/\/www.estrategiaconcursos.com.br\/cursosPorConcurso\/sistema-de-questoes\/#\/\" target=\"_blank\">Sistema de Quest\u00f5es<\/a><\/strong><\/p>\n\n\n\n<p><em>Fique por dentro dos concursos em aberto<\/em>:<\/p>\n\n\n\n<p class=\"has-text-align-center has-luminous-vivid-orange-color has-pale-cyan-blue-background-color has-text-color has-background\"><a rel=\"noreferrer noopener\" href=\"https:\/\/www.estrategiaconcursos.com.br\/blog\/concursos-abertos\/\" target=\"_blank\"><strong>CONCURSOS ABERTOS<\/strong><\/a><\/p>\n\n\n\n<p><em>Em seguida, veja<\/em><em>&nbsp;as oportunidades previstas<\/em>:<\/p>\n\n\n\n<p class=\"has-text-align-center has-luminous-vivid-orange-color has-pale-cyan-blue-background-color has-text-color has-background\"><a href=\"https:\/\/www.estrategiaconcursos.com.br\/blog\/concursos-2021\/\" target=\"_blank\" rel=\"noreferrer noopener\"><strong>CONCURSOS<\/strong><\/a><\/p>\n","protected":false},"excerpt":{"rendered":"<p>Ol\u00e1, concurseiro! Para voc\u00ea que est\u00e1 se preparando para o concurso do TRT da 3\u00aa Regi\u00e3o (MG), temos uma excelente not\u00edcia! Hoje, lan\u00e7amos algo aguardado por muitos dos nossos alunos: as&nbsp;Trilha Estrat\u00e9gica do TRT-3 \u2013 P\u00f3s edital!&nbsp; A primeira Trilha Estrat\u00e9gica j\u00e1 est\u00e1 dispon\u00edvel na \u00e1rea do aluno! Assim, conduziremos os alunos&nbsp;at\u00e9 a data da [&hellip;]<\/p>\n","protected":false},"author":1884,"featured_media":0,"comment_status":"open","ping_status":"closed","sticky":false,"template":"","format":"standard","meta":{"post_tipo":"article","footnotes":""},"categories":[1,220737],"tags":[724,541,1918],"tax_estado":[219974,219982,219989],"class_list":["post-1077633","post","type-post","status-publish","format-standard","hentry","category-cursos-e-concursos","category-tribunais-tribunais","tag-trt-3","tag-trt-mg","tag-trts","tax_estado-mg","tax_estado-rj","tax_estado-sp"],"acf":[],"yoast_head":"<!-- This site is optimized with the Yoast SEO Premium plugin v27.2 (Yoast SEO v27.2) - https:\/\/yoast.com\/product\/yoast-seo-premium-wordpress\/ -->\n<title>Lan\u00e7amento da Trilha Estrat\u00e9gica do TRT-3 (TRT MG)<\/title>\n<meta name=\"description\" content=\"Lan\u00e7amos a Trilha Estrat\u00e9gica do TRT-3 !\u00a0Atrav\u00e9s dela, conduziremos os alunos\u00a0at\u00e9 a aprova\u00e7\u00e3o por meio de metas espec\u00edficas.\" \/>\n<meta name=\"robots\" content=\"index, follow, max-snippet:-1, max-image-preview:large, max-video-preview:-1\" \/>\n<link rel=\"canonical\" href=\"https:\/\/www.estrategiaconcursos.com.br\/blog\/trilha-estrategica-trt3\/\" \/>\n<meta property=\"og:locale\" content=\"pt_BR\" \/>\n<meta property=\"og:type\" content=\"article\" \/>\n<meta property=\"og:title\" content=\"Lan\u00e7amento da Trilha Estrat\u00e9gica do TRT-3 (TRT MG)\" \/>\n<meta property=\"og:description\" content=\"Lan\u00e7amos a Trilha Estrat\u00e9gica do TRT-3 !\u00a0Atrav\u00e9s dela, conduziremos os alunos\u00a0at\u00e9 a aprova\u00e7\u00e3o por meio de metas espec\u00edficas.\" \/>\n<meta property=\"og:url\" content=\"https:\/\/www.estrategiaconcursos.com.br\/blog\/trilha-estrategica-trt3\/\" \/>\n<meta property=\"og:site_name\" content=\"Estrat\u00e9gia Concursos\" \/>\n<meta property=\"article:published_time\" content=\"2022-08-14T23:14:52+00:00\" \/>\n<meta property=\"article:modified_time\" content=\"2022-08-21T14:18:39+00:00\" \/>\n<meta property=\"og:image\" content=\"https:\/\/www.estrategiaconcursos.com.br\/blog\/wp-content\/uploads\/2022\/08\/image-193-1024x432.png\" \/>\n<meta name=\"author\" content=\"Fernanda Harumi Amaral Jo\" \/>\n<meta name=\"twitter:card\" content=\"summary_large_image\" \/>\n<meta name=\"twitter:creator\" content=\"@EstratConcursos\" \/>\n<meta name=\"twitter:site\" content=\"@EstratConcursos\" \/>\n<meta name=\"twitter:label1\" content=\"Escrito por\" \/>\n\t<meta name=\"twitter:data1\" content=\"Fernanda Harumi Amaral Jo\" \/>\n\t<meta name=\"twitter:label2\" content=\"Est. tempo de leitura\" \/>\n\t<meta name=\"twitter:data2\" content=\"2 minutos\" \/>\n<script type=\"application\/ld+json\" class=\"yoast-schema-graph\">{\"@context\":\"https:\/\/schema.org\",\"@graph\":[{\"@type\":\"NewsArticle\",\"@id\":\"https:\/\/www.estrategiaconcursos.com.br\/blog\/trilha-estrategica-trt3\/#article\",\"isPartOf\":{\"@id\":\"https:\/\/www.estrategiaconcursos.com.br\/blog\/trilha-estrategica-trt3\/\"},\"author\":{\"name\":\"Fernanda Harumi Amaral Jo\",\"@id\":\"https:\/\/www.estrategiaconcursos.com.br\/blog\/#\/schema\/person\/0f8d4a9de839ebcb6a3c604ac9670a5c\"},\"headline\":\"Lan\u00e7amento da Trilha Estrat\u00e9gica do TRT-3 (TRT MG)\",\"datePublished\":\"2022-08-14T23:14:52+00:00\",\"dateModified\":\"2022-08-21T14:18:39+00:00\",\"mainEntityOfPage\":{\"@id\":\"https:\/\/www.estrategiaconcursos.com.br\/blog\/trilha-estrategica-trt3\/\"},\"wordCount\":501,\"commentCount\":0,\"publisher\":{\"@id\":\"https:\/\/www.estrategiaconcursos.com.br\/blog\/#organization\"},\"image\":{\"@id\":\"https:\/\/www.estrategiaconcursos.com.br\/blog\/trilha-estrategica-trt3\/#primaryimage\"},\"thumbnailUrl\":\"https:\/\/www.estrategiaconcursos.com.br\/blog\/wp-content\/uploads\/2022\/08\/image-193-1024x432.png\",\"keywords\":[\"TRT-3\",\"TRT-MG\",\"TRTs\"],\"articleSection\":[\"Concursos P\u00fablicos\",\"Tribunais\"],\"inLanguage\":\"pt-BR\",\"potentialAction\":[{\"@type\":\"CommentAction\",\"name\":\"Comment\",\"target\":[\"https:\/\/www.estrategiaconcursos.com.br\/blog\/trilha-estrategica-trt3\/#respond\"]}],\"copyrightYear\":\"2022\",\"copyrightHolder\":{\"@id\":\"https:\/\/www.estrategiaconcursos.com.br\/blog\/#organization\"}},{\"@type\":\"WebPage\",\"@id\":\"https:\/\/www.estrategiaconcursos.com.br\/blog\/trilha-estrategica-trt3\/\",\"url\":\"https:\/\/www.estrategiaconcursos.com.br\/blog\/trilha-estrategica-trt3\/\",\"name\":\"Lan\u00e7amento da Trilha Estrat\u00e9gica do TRT-3 (TRT MG)\",\"isPartOf\":{\"@id\":\"https:\/\/www.estrategiaconcursos.com.br\/blog\/#website\"},\"primaryImageOfPage\":{\"@id\":\"https:\/\/www.estrategiaconcursos.com.br\/blog\/trilha-estrategica-trt3\/#primaryimage\"},\"image\":{\"@id\":\"https:\/\/www.estrategiaconcursos.com.br\/blog\/trilha-estrategica-trt3\/#primaryimage\"},\"thumbnailUrl\":\"https:\/\/www.estrategiaconcursos.com.br\/blog\/wp-content\/uploads\/2022\/08\/image-193-1024x432.png\",\"datePublished\":\"2022-08-14T23:14:52+00:00\",\"dateModified\":\"2022-08-21T14:18:39+00:00\",\"description\":\"Lan\u00e7amos a Trilha Estrat\u00e9gica do TRT-3 !\u00a0Atrav\u00e9s dela, conduziremos os alunos\u00a0at\u00e9 a aprova\u00e7\u00e3o por meio de metas espec\u00edficas.\",\"breadcrumb\":{\"@id\":\"https:\/\/www.estrategiaconcursos.com.br\/blog\/trilha-estrategica-trt3\/#breadcrumb\"},\"inLanguage\":\"pt-BR\",\"potentialAction\":[{\"@type\":\"ReadAction\",\"target\":[\"https:\/\/www.estrategiaconcursos.com.br\/blog\/trilha-estrategica-trt3\/\"]}]},{\"@type\":\"ImageObject\",\"inLanguage\":\"pt-BR\",\"@id\":\"https:\/\/www.estrategiaconcursos.com.br\/blog\/trilha-estrategica-trt3\/#primaryimage\",\"url\":\"https:\/\/dhg1h5j42swfq.cloudfront.net\/2022\/08\/14195958\/image-193.png\",\"contentUrl\":\"https:\/\/dhg1h5j42swfq.cloudfront.net\/2022\/08\/14195958\/image-193.png\",\"width\":1093,\"height\":461},{\"@type\":\"BreadcrumbList\",\"@id\":\"https:\/\/www.estrategiaconcursos.com.br\/blog\/trilha-estrategica-trt3\/#breadcrumb\",\"itemListElement\":[{\"@type\":\"ListItem\",\"position\":1,\"name\":\"In\u00edcio\",\"item\":\"https:\/\/www.estrategiaconcursos.com.br\/blog\/\"},{\"@type\":\"ListItem\",\"position\":2,\"name\":\"Lan\u00e7amento da Trilha Estrat\u00e9gica do TRT-3 (TRT MG)\"}]},{\"@type\":\"WebSite\",\"@id\":\"https:\/\/www.estrategiaconcursos.com.br\/blog\/#website\",\"url\":\"https:\/\/www.estrategiaconcursos.com.br\/blog\/\",\"name\":\"Estrat\u00e9gia Concursos\",\"description\":\"O blog da Estrat\u00e9gia Concursos traz not\u00edcias sobre concursos e artigos de professores oferecendo cursos para concursos (pdf + videaulas) no site.\",\"publisher\":{\"@id\":\"https:\/\/www.estrategiaconcursos.com.br\/blog\/#organization\"},\"potentialAction\":[{\"@type\":\"SearchAction\",\"target\":{\"@type\":\"EntryPoint\",\"urlTemplate\":\"https:\/\/www.estrategiaconcursos.com.br\/blog\/?s={search_term_string}\"},\"query-input\":{\"@type\":\"PropertyValueSpecification\",\"valueRequired\":true,\"valueName\":\"search_term_string\"}}],\"inLanguage\":\"pt-BR\"},{\"@type\":\"Organization\",\"@id\":\"https:\/\/www.estrategiaconcursos.com.br\/blog\/#organization\",\"name\":\"Estrat\u00e9gia Concursos\",\"url\":\"https:\/\/www.estrategiaconcursos.com.br\/blog\/\",\"logo\":{\"@type\":\"ImageObject\",\"inLanguage\":\"pt-BR\",\"@id\":\"https:\/\/www.estrategiaconcursos.com.br\/blog\/#\/schema\/logo\/image\/\",\"url\":\"https:\/\/dhg1h5j42swfq.cloudfront.net\/2025\/06\/03203428\/logo_concursos-1.jpg\",\"contentUrl\":\"https:\/\/dhg1h5j42swfq.cloudfront.net\/2025\/06\/03203428\/logo_concursos-1.jpg\",\"width\":230,\"height\":60,\"caption\":\"Estrat\u00e9gia Concursos\"},\"image\":{\"@id\":\"https:\/\/www.estrategiaconcursos.com.br\/blog\/#\/schema\/logo\/image\/\"},\"sameAs\":[\"https:\/\/x.com\/EstratConcursos\"]},{\"@type\":\"Person\",\"@id\":\"https:\/\/www.estrategiaconcursos.com.br\/blog\/#\/schema\/person\/0f8d4a9de839ebcb6a3c604ac9670a5c\",\"name\":\"Fernanda Harumi Amaral Jo\",\"image\":{\"@type\":\"ImageObject\",\"inLanguage\":\"pt-BR\",\"@id\":\"https:\/\/secure.gravatar.com\/avatar\/9b53232783d118c1940b96876dec28c51c05a9416363fdecdd8d978929e9cdb2?s=96&d=mm&r=g\",\"url\":\"https:\/\/secure.gravatar.com\/avatar\/9b53232783d118c1940b96876dec28c51c05a9416363fdecdd8d978929e9cdb2?s=96&d=mm&r=g\",\"contentUrl\":\"https:\/\/secure.gravatar.com\/avatar\/9b53232783d118c1940b96876dec28c51c05a9416363fdecdd8d978929e9cdb2?s=96&d=mm&r=g\",\"caption\":\"Fernanda Harumi Amaral Jo\"},\"url\":\"https:\/\/www.estrategiaconcursos.com.br\/blog\/author\/fernandaharugmail-com\/\"}]}<\/script>\n<!-- \/ Yoast SEO Premium plugin. -->","yoast_head_json":{"title":"Lan\u00e7amento da Trilha Estrat\u00e9gica do TRT-3 (TRT MG)","description":"Lan\u00e7amos a Trilha Estrat\u00e9gica do TRT-3 !\u00a0Atrav\u00e9s dela, conduziremos os alunos\u00a0at\u00e9 a aprova\u00e7\u00e3o por meio de metas espec\u00edficas.","robots":{"index":"index","follow":"follow","max-snippet":"max-snippet:-1","max-image-preview":"max-image-preview:large","max-video-preview":"max-video-preview:-1"},"canonical":"https:\/\/www.estrategiaconcursos.com.br\/blog\/trilha-estrategica-trt3\/","og_locale":"pt_BR","og_type":"article","og_title":"Lan\u00e7amento da Trilha Estrat\u00e9gica do TRT-3 (TRT MG)","og_description":"Lan\u00e7amos a Trilha Estrat\u00e9gica do TRT-3 !\u00a0Atrav\u00e9s dela, conduziremos os alunos\u00a0at\u00e9 a aprova\u00e7\u00e3o por meio de metas espec\u00edficas.","og_url":"https:\/\/www.estrategiaconcursos.com.br\/blog\/trilha-estrategica-trt3\/","og_site_name":"Estrat\u00e9gia Concursos","article_published_time":"2022-08-14T23:14:52+00:00","article_modified_time":"2022-08-21T14:18:39+00:00","og_image":[{"url":"https:\/\/www.estrategiaconcursos.com.br\/blog\/wp-content\/uploads\/2022\/08\/image-193-1024x432.png","type":"","width":"","height":""}],"author":"Fernanda Harumi Amaral Jo","twitter_card":"summary_large_image","twitter_creator":"@EstratConcursos","twitter_site":"@EstratConcursos","twitter_misc":{"Escrito por":"Fernanda Harumi Amaral Jo","Est. tempo de leitura":"2 minutos"},"schema":{"@context":"https:\/\/schema.org","@graph":[{"@type":"NewsArticle","@id":"https:\/\/www.estrategiaconcursos.com.br\/blog\/trilha-estrategica-trt3\/#article","isPartOf":{"@id":"https:\/\/www.estrategiaconcursos.com.br\/blog\/trilha-estrategica-trt3\/"},"author":{"name":"Fernanda Harumi Amaral Jo","@id":"https:\/\/www.estrategiaconcursos.com.br\/blog\/#\/schema\/person\/0f8d4a9de839ebcb6a3c604ac9670a5c"},"headline":"Lan\u00e7amento da Trilha Estrat\u00e9gica do TRT-3 (TRT MG)","datePublished":"2022-08-14T23:14:52+00:00","dateModified":"2022-08-21T14:18:39+00:00","mainEntityOfPage":{"@id":"https:\/\/www.estrategiaconcursos.com.br\/blog\/trilha-estrategica-trt3\/"},"wordCount":501,"commentCount":0,"publisher":{"@id":"https:\/\/www.estrategiaconcursos.com.br\/blog\/#organization"},"image":{"@id":"https:\/\/www.estrategiaconcursos.com.br\/blog\/trilha-estrategica-trt3\/#primaryimage"},"thumbnailUrl":"https:\/\/www.estrategiaconcursos.com.br\/blog\/wp-content\/uploads\/2022\/08\/image-193-1024x432.png","keywords":["TRT-3","TRT-MG","TRTs"],"articleSection":["Concursos P\u00fablicos","Tribunais"],"inLanguage":"pt-BR","potentialAction":[{"@type":"CommentAction","name":"Comment","target":["https:\/\/www.estrategiaconcursos.com.br\/blog\/trilha-estrategica-trt3\/#respond"]}],"copyrightYear":"2022","copyrightHolder":{"@id":"https:\/\/www.estrategiaconcursos.com.br\/blog\/#organization"}},{"@type":"WebPage","@id":"https:\/\/www.estrategiaconcursos.com.br\/blog\/trilha-estrategica-trt3\/","url":"https:\/\/www.estrategiaconcursos.com.br\/blog\/trilha-estrategica-trt3\/","name":"Lan\u00e7amento da Trilha Estrat\u00e9gica do TRT-3 (TRT MG)","isPartOf":{"@id":"https:\/\/www.estrategiaconcursos.com.br\/blog\/#website"},"primaryImageOfPage":{"@id":"https:\/\/www.estrategiaconcursos.com.br\/blog\/trilha-estrategica-trt3\/#primaryimage"},"image":{"@id":"https:\/\/www.estrategiaconcursos.com.br\/blog\/trilha-estrategica-trt3\/#primaryimage"},"thumbnailUrl":"https:\/\/www.estrategiaconcursos.com.br\/blog\/wp-content\/uploads\/2022\/08\/image-193-1024x432.png","datePublished":"2022-08-14T23:14:52+00:00","dateModified":"2022-08-21T14:18:39+00:00","description":"Lan\u00e7amos a Trilha Estrat\u00e9gica do TRT-3 !\u00a0Atrav\u00e9s dela, conduziremos os alunos\u00a0at\u00e9 a aprova\u00e7\u00e3o por meio de metas espec\u00edficas.","breadcrumb":{"@id":"https:\/\/www.estrategiaconcursos.com.br\/blog\/trilha-estrategica-trt3\/#breadcrumb"},"inLanguage":"pt-BR","potentialAction":[{"@type":"ReadAction","target":["https:\/\/www.estrategiaconcursos.com.br\/blog\/trilha-estrategica-trt3\/"]}]},{"@type":"ImageObject","inLanguage":"pt-BR","@id":"https:\/\/www.estrategiaconcursos.com.br\/blog\/trilha-estrategica-trt3\/#primaryimage","url":"https:\/\/dhg1h5j42swfq.cloudfront.net\/2022\/08\/14195958\/image-193.png","contentUrl":"https:\/\/dhg1h5j42swfq.cloudfront.net\/2022\/08\/14195958\/image-193.png","width":1093,"height":461},{"@type":"BreadcrumbList","@id":"https:\/\/www.estrategiaconcursos.com.br\/blog\/trilha-estrategica-trt3\/#breadcrumb","itemListElement":[{"@type":"ListItem","position":1,"name":"In\u00edcio","item":"https:\/\/www.estrategiaconcursos.com.br\/blog\/"},{"@type":"ListItem","position":2,"name":"Lan\u00e7amento da Trilha Estrat\u00e9gica do TRT-3 (TRT MG)"}]},{"@type":"WebSite","@id":"https:\/\/www.estrategiaconcursos.com.br\/blog\/#website","url":"https:\/\/www.estrategiaconcursos.com.br\/blog\/","name":"Estrat\u00e9gia Concursos","description":"O blog da Estrat\u00e9gia Concursos traz not\u00edcias sobre concursos e artigos de professores oferecendo cursos para concursos (pdf + videaulas) no site.","publisher":{"@id":"https:\/\/www.estrategiaconcursos.com.br\/blog\/#organization"},"potentialAction":[{"@type":"SearchAction","target":{"@type":"EntryPoint","urlTemplate":"https:\/\/www.estrategiaconcursos.com.br\/blog\/?s={search_term_string}"},"query-input":{"@type":"PropertyValueSpecification","valueRequired":true,"valueName":"search_term_string"}}],"inLanguage":"pt-BR"},{"@type":"Organization","@id":"https:\/\/www.estrategiaconcursos.com.br\/blog\/#organization","name":"Estrat\u00e9gia Concursos","url":"https:\/\/www.estrategiaconcursos.com.br\/blog\/","logo":{"@type":"ImageObject","inLanguage":"pt-BR","@id":"https:\/\/www.estrategiaconcursos.com.br\/blog\/#\/schema\/logo\/image\/","url":"https:\/\/dhg1h5j42swfq.cloudfront.net\/2025\/06\/03203428\/logo_concursos-1.jpg","contentUrl":"https:\/\/dhg1h5j42swfq.cloudfront.net\/2025\/06\/03203428\/logo_concursos-1.jpg","width":230,"height":60,"caption":"Estrat\u00e9gia Concursos"},"image":{"@id":"https:\/\/www.estrategiaconcursos.com.br\/blog\/#\/schema\/logo\/image\/"},"sameAs":["https:\/\/x.com\/EstratConcursos"]},{"@type":"Person","@id":"https:\/\/www.estrategiaconcursos.com.br\/blog\/#\/schema\/person\/0f8d4a9de839ebcb6a3c604ac9670a5c","name":"Fernanda Harumi Amaral Jo","image":{"@type":"ImageObject","inLanguage":"pt-BR","@id":"https:\/\/secure.gravatar.com\/avatar\/9b53232783d118c1940b96876dec28c51c05a9416363fdecdd8d978929e9cdb2?s=96&d=mm&r=g","url":"https:\/\/secure.gravatar.com\/avatar\/9b53232783d118c1940b96876dec28c51c05a9416363fdecdd8d978929e9cdb2?s=96&d=mm&r=g","contentUrl":"https:\/\/secure.gravatar.com\/avatar\/9b53232783d118c1940b96876dec28c51c05a9416363fdecdd8d978929e9cdb2?s=96&d=mm&r=g","caption":"Fernanda Harumi Amaral Jo"},"url":"https:\/\/www.estrategiaconcursos.com.br\/blog\/author\/fernandaharugmail-com\/"}]}},"_links":{"self":[{"href":"https:\/\/www.estrategiaconcursos.com.br\/blog\/wp-json\/wp\/v2\/posts\/1077633","targetHints":{"allow":["GET"]}}],"collection":[{"href":"https:\/\/www.estrategiaconcursos.com.br\/blog\/wp-json\/wp\/v2\/posts"}],"about":[{"href":"https:\/\/www.estrategiaconcursos.com.br\/blog\/wp-json\/wp\/v2\/types\/post"}],"author":[{"embeddable":true,"href":"https:\/\/www.estrategiaconcursos.com.br\/blog\/wp-json\/wp\/v2\/users\/1884"}],"replies":[{"embeddable":true,"href":"https:\/\/www.estrategiaconcursos.com.br\/blog\/wp-json\/wp\/v2\/comments?post=1077633"}],"version-history":[{"count":5,"href":"https:\/\/www.estrategiaconcursos.com.br\/blog\/wp-json\/wp\/v2\/posts\/1077633\/revisions"}],"predecessor-version":[{"id":1081472,"href":"https:\/\/www.estrategiaconcursos.com.br\/blog\/wp-json\/wp\/v2\/posts\/1077633\/revisions\/1081472"}],"wp:attachment":[{"href":"https:\/\/www.estrategiaconcursos.com.br\/blog\/wp-json\/wp\/v2\/media?parent=1077633"}],"wp:term":[{"taxonomy":"category","embeddable":true,"href":"https:\/\/www.estrategiaconcursos.com.br\/blog\/wp-json\/wp\/v2\/categories?post=1077633"},{"taxonomy":"post_tag","embeddable":true,"href":"https:\/\/www.estrategiaconcursos.com.br\/blog\/wp-json\/wp\/v2\/tags?post=1077633"},{"taxonomy":"tax_estado","embeddable":true,"href":"https:\/\/www.estrategiaconcursos.com.br\/blog\/wp-json\/wp\/v2\/tax_estado?post=1077633"}],"curies":[{"name":"wp","href":"https:\/\/api.w.org\/{rel}","templated":true}]}}