{"id":1077485,"date":"2022-08-27T10:25:00","date_gmt":"2022-08-27T13:25:00","guid":{"rendered":"https:\/\/www.estrategiaconcursos.com.br\/blog\/?p=1077485"},"modified":"2022-08-16T13:43:59","modified_gmt":"2022-08-16T16:43:59","slug":"sefaz-mg-economia","status":"publish","type":"post","link":"https:\/\/www.estrategiaconcursos.com.br\/blog\/sefaz-mg-economia\/","title":{"rendered":"SEFAZ MG: Economia resumida"},"content":{"rendered":"\n<p>No artigo de hoje, SEFAZ MG: Economia resumida, ser\u00e1 apresentado um resumo dos principais pontos que voc\u00ea precisa saber para a prova, conforme an\u00e1lise da <a href=\"https:\/\/conhecimento.fgv.br\/concursos\">FGV<\/a>.<\/p>\n\n\n\n<figure class=\"wp-block-image aligncenter size-full\"><img loading=\"lazy\" decoding=\"async\" width=\"259\" height=\"194\" src=\"https:\/\/dhg1h5j42swfq.cloudfront.net\/2022\/08\/14101643\/sefaz-mg-6.jpg\" alt=\"\" class=\"wp-image-1077488\" srcset=\"https:\/\/dhg1h5j42swfq.cloudfront.net\/2022\/08\/14101643\/sefaz-mg-6.jpg 259w, https:\/\/dhg1h5j42swfq.cloudfront.net\/2022\/08\/14101643\/sefaz-mg-6-150x112.jpg 150w\" sizes=\"auto, (max-width: 259px) 100vw, 259px\" \/><figcaption>SEFAZ MG<\/figcaption><\/figure>\n\n\n\n<p>Ser\u00e3o abordados os t\u00f3picos presentes de economia para o concurso da Secretaria de Fazenda do Estado de Minas Gerais. O objetivo \u00e9 gabaritar a prova.<\/p>\n\n\n\n<h2 class=\"wp-block-heading\" id=\"h-sefaz-mg-economia-conceito-e-curva-de-possibilidades-de-producao\">SEFAZ MG: Economia &#8211; Conceito e Curva de Possibilidades de Produ\u00e7\u00e3o<\/h2>\n\n\n\n<p>A economia \u00e9 a ci\u00eancia que estuda como a sociedade&nbsp;<strong>administra seus recursos limitados diante das necessidades ilimitadas das pessoas<\/strong>.<\/p>\n\n\n\n<p>Assim, os economistas estudam como as pessoas tomam decis\u00f5es, como as pessoas interagem e as for\u00e7as e tend\u00eancias que afetam a economia como um todo.&nbsp;<\/p>\n\n\n\n<p>Por outro lado, a curva de possibilidade de produ\u00e7\u00e3o decresce a taxas cada vez maiores em raz\u00e3o do custo de oportunidade crescente entre a produ\u00e7\u00e3o de um bem e outro.<strong><\/strong><\/p>\n\n\n\n<p>Dessa forma, atrav\u00e9s dessa caracter\u00edstica decorre da adaptabilidade imperfeita dos&nbsp;recursos na produ\u00e7\u00e3o de dois bens.<\/p>\n\n\n\n<p>Por exemplo, pense numa economia&nbsp; envolvendo dois bens, alimento e vestu\u00e1rio. Assim, para aumentar a quantidade&nbsp;produzida de vestu\u00e1rio, precisar\u00edamos adaptar o maquin\u00e1rio utilizado na&nbsp;produ\u00e7\u00e3o de alimentos para que ent\u00e3o se produza mais pe\u00e7as de roupa.<\/p>\n\n\n\n<p>Dessa forma, quanto&nbsp;maior for essa substitui\u00e7\u00e3o de um pelo outro, maior \u00e9 o esfor\u00e7o de adapta\u00e7\u00e3o dos recursos de produ\u00e7\u00e3o, assim, maior \u00e9 o sacrif\u00edcio da produ\u00e7\u00e3o de um bem&nbsp;em favor do outro.&nbsp;<\/p>\n\n\n\n<p><strong>S\u00e3o caracter\u00edsticas da Curva de Possibilidades de Produ\u00e7\u00e3o (CPP)<\/strong>&nbsp;<\/p>\n\n\n\n<ul class=\"wp-block-list\"><li>A CPP \u00e9 decrescente\u202fporque para ter mais de uma unidade de X \u00e9 necess\u00e1rio abrir m\u00e3o de Y.&nbsp;<\/li><li>A CPP \u00e9 c\u00f4ncava\u202fporque os\u202f<em>custos de oportunidade s\u00e3o crescentes<\/em>.&nbsp;<\/li><li>A forma c\u00f4ncava decorre da especializa\u00e7\u00e3o.&nbsp;<\/li><li>Obedece \u00e0 lei dos rendimentos decrescentes\u202fjustamente porque \u00e9 c\u00f4ncava.&nbsp;<\/li><li>N\u00e3o\u202fexpressa\u202fos desejos da sociedade\u202fem consumir bens alternativos.&nbsp;<\/li><\/ul>\n\n\n\n<h2 class=\"wp-block-heading\" id=\"h-sefaz-mg-economia-demanda-e-oferta\">SEFAZ MG: Economia &#8211; Demanda e Oferta<\/h2>\n\n\n\n<h2 class=\"wp-block-heading\"><strong>Demanda<\/strong><\/h2>\n\n\n\n<p><strong>A curva de demanda<\/strong>&nbsp; representa a quantidade que os consumidores est\u00e3o&nbsp;<strong>dispostos a<\/strong> comprar a cada n\u00edvel de pre\u00e7o.&nbsp;Al\u00e9m disso, uma caracter\u00edstica \u00e9 o coeficiente angular indicando sinal negativo, que significa rela\u00e7\u00e3o inversa entre as vari\u00e1veis.&nbsp;<\/p>\n\n\n\n<p><strong>Cuidado<\/strong>: N\u00e3o \u00e9 a quantidade efetivamente demandada&nbsp;<\/p>\n\n\n\n<p><strong>Cuidado:&nbsp;Bem de Giffen n\u00e3o obedece a lei da demanda<\/strong>, pois quando o pre\u00e7o cai, a quantidade cai e quando o pre\u00e7o aumenta , a quantidade demandada aumenta.&nbsp;<\/p>\n\n\n\n<p><strong>S\u00e3o fatores que afetam a demanda<\/strong>:<\/p>\n\n\n\n<ul class=\"wp-block-list\"><li>Pre\u00e7o&nbsp;<\/li><li>Renda do consumidor (riqueza)&nbsp;<\/li><li>Pre\u00e7os de outros bens&nbsp;<\/li><li>Outros fatores&nbsp;(mudan\u00e7as clim\u00e1ticas, demografia, cr\u00e9dito)<\/li><\/ul>\n\n\n\n<p>Tome nota da diferen\u00e7a entre os tipos de deslocamento:<\/p>\n\n\n\n<ul class=\"wp-block-list\"><li>Deslocamento&nbsp;<strong><u>ao longo da curva<\/u><\/strong>&nbsp;\u2192&nbsp;aumento \/ diminui\u00e7\u00e3o&nbsp;&nbsp;<strong><u>da quantidade demandada<\/u><\/strong>&nbsp;<\/li><li>Deslocamento&nbsp;<strong><u>da curva<\/u><\/strong>&nbsp;\u2192 aumento \/ diminui\u00e7\u00e3o&nbsp;<strong><u>da demanda<\/u><\/strong>&nbsp;<\/li><\/ul>\n\n\n\n<h2 class=\"wp-block-heading\"><strong>Oferta<\/strong>&nbsp;<\/h2>\n\n\n\n<p>A curva de oferta&nbsp;representa a quantidade que os produtores est\u00e3o&nbsp;dispostos a produzir a cada determinado n\u00edvel de pre\u00e7o.&nbsp;<\/p>\n\n\n\n<p><strong>Cuidado<\/strong>: N\u00e3o \u00e9 a quantidade efetivamente ofertada.&nbsp;<\/p>\n\n\n\n<p>S\u00e3o fatores que afetam a oferta:<\/p>\n\n\n\n<ul class=\"wp-block-list\"><li>pre\u00e7o&nbsp;<\/li><li>custos de produ\u00e7\u00e3o (sal\u00e1rios, tributos, taxa de juros, pre\u00e7os de mat\u00e9rias primas)&nbsp;<\/li><li>tecnologia&nbsp;<\/li><li>pre\u00e7o de outros bens&nbsp;<\/li><li>outros fatores&nbsp;(clima, expectativas, mudan\u00e7a de tributos)<\/li><\/ul>\n\n\n\n<h2 class=\"wp-block-heading\" id=\"h-sefaz-mg-economia-elasticidades\">SEFAZ MG: Economia &#8211; Elasticidades&nbsp;<\/h2>\n\n\n\n<p>A elasticidade \u00e9 uma medida que calcula a varia\u00e7\u00e3o (sensibilidade) de uma vari\u00e1vel em rela\u00e7\u00e3o \u00e0 mudan\u00e7a de outra.<\/p>\n\n\n\n<p>Assim, se houver aumento do pre\u00e7o da picanha, em quanto sua demanda ser\u00e1 reduzida? E se o pre\u00e7o dos medicamentos para press\u00e3o alta subirem, haver\u00e1 uma redu\u00e7\u00e3o substancial das vendas?<\/p>\n\n\n\n<p>Para medir essa sensibilidade com que esses fatores afetam o comportamento dos consumidores, usa-se o conceito de elasticidade.<\/p>\n\n\n\n<h2 class=\"wp-block-heading\"><strong>SEFAZ MG: Economia &#8211; Elasticidade-pre\u00e7o da demanda<\/strong>&nbsp;<\/h2>\n\n\n\n<p>A elasticidade-pre\u00e7o da demanda (EPD) mede o quanto a quantidade demandada reage a uma mudan\u00e7a no pre\u00e7o. Assim, a demanda \u00e9 dita el\u00e1stica&nbsp;quando uma pequena varia\u00e7\u00e3o do pre\u00e7o causa uma grande varia\u00e7\u00e3o da quantidade demandada.<\/p>\n\n\n\n<p>Em contrapartida, a demanda \u00e9 inel\u00e1stica se essa resposta da quantidade demandada \u00e0 varia\u00e7\u00e3o no pre\u00e7o \u00e9 pequena.&nbsp;<\/p>\n\n\n\n<p>Obs 1: <strong>a elasticidade \u00e9 negativa pois deriva da curva de demanda.<\/strong>&nbsp;<\/p>\n\n\n\n<p>Obs 2:<strong> a elasticidade \u00e9 medida ponto a ponto da curva de<\/strong>&nbsp;<strong>demanda. Assim, pode ter trechos inel\u00e1sticos e el\u00e1sticos.<\/strong>&nbsp;<\/p>\n\n\n\n<p>S\u00e3o fatores que influenciam a elasticidade:<\/p>\n\n\n\n<p><strong>1. Disponibilidade de substitutos pr\u00f3ximos<\/strong>: Bens com substitutos pr\u00f3ximos, como a manteiga e a margarina, tendem a ter demanda&nbsp;mais el\u00e1stica porque \u00e9 mais f\u00e1cil para os consumidores trocarem um pelo outro.&nbsp;<\/p>\n\n\n\n<p>2.<strong>&nbsp;Bens necess\u00e1rios x bens de luxo (sup\u00e9rfluos):<\/strong>&nbsp;Os bens necess\u00e1rios, como a insulina para os diab\u00e9ticos, tendem a ter demanda inel\u00e1stica. Por outro lado, os bens de luxo, como um whisky 20 anos, tendem a ter demanda mais el\u00e1stica.&nbsp;&nbsp;<\/p>\n\n\n\n<p>3.<strong>&nbsp;Import\u00e2ncia relativa do bem no or\u00e7amento<\/strong>:&nbsp;<strong>Quanto maior o peso do bem no or\u00e7amento, maior \u00e9 a elasticidade-pre\u00e7o da demanda<\/strong>. Afinal, quanto mais o consumidor gasta com um certo bem, mais afetadas ser\u00e3o suas decis\u00f5es quando se depara a uma varia\u00e7\u00e3o nos pre\u00e7os desse bem. <\/p>\n\n\n\n<p>4.&nbsp;<strong>Horizonte de tempo<\/strong>: A demanda de bens no longo prazo tende a ser mais el\u00e1stica em rela\u00e7\u00e3o ao curto prazo. Por exemplo, quando h\u00e1&nbsp;um aumento no pre\u00e7o da gasolina, o consumo imediato cai pouco; por\u00e9m, ao longo do tempo, as pessoas v\u00e3o comprando mais carros&nbsp;movidos a etanol.<\/p>\n\n\n\n<p><strong>5. Quanto maior o n\u00famero de possibilidades de usos de uma mercadoria, maior ser\u00e1 sua elasticidade<\/strong>: se um produto possui muitos usos, ent\u00e3o, ser\u00e1 natural que o n\u00famero de substitutos que ele possui tamb\u00e9m seja alto.<\/p>\n\n\n\n<h2 class=\"wp-block-heading\"><strong>SEFAZ MG: Economia &#8211; Elasticidade-renda da demanda<\/strong>&nbsp;<\/h2>\n\n\n\n<p>A elasticidade-renda da demanda mede o quanto a quantidade demandada varia conforme a renda do consumidor varia.<\/p>\n\n\n\n<p>Contudo, temos uma exce\u00e7\u00e3o, os&nbsp;<strong>bens inferiores<\/strong>. Assim, aqueles em que um aumento da renda leva a uma redu\u00e7\u00e3o do consumo, como a passagem de&nbsp;metr\u00f4 e a carne de segunda.<\/p>\n\n\n\n<p>Dessa forma, essa rela\u00e7\u00e3o inversa entre renda e quantidade demandada faz com que tenhamos numerador e denominador com sinais diferentes na equa\u00e7\u00e3o, resultando em um<strong>&nbsp;valor negativo<\/strong>&nbsp;para a elasticidade-renda da demanda.&nbsp;<\/p>\n\n\n\n<p>Assim, entre os bens normais, temos dois tipos de bens que podem ser classificados segundo o valor de sua elasticidade. S\u00e3o os bens necess\u00e1rios e os bens de luxo.&nbsp;<\/p>\n\n\n\n<p>Por outro lado, os&nbsp;<strong>bens necess\u00e1rios<\/strong>, como alimentos, tendem a apresentar<strong>&nbsp;baixa elasticidade-renda<\/strong>&nbsp;porque os consumidores sempre decidem comprar&nbsp;alguma quantidade deles mesmo quando a renda \u00e9 baixa.<\/p>\n\n\n\n<p>Ou seja, a quantidade demandada n\u00e3o responde tanto a um aumento de renda, afinal os bens necess\u00e1rios j\u00e1 eram consumidos antes desse aumento da renda<\/p>\n\n\n\n<p>Nesse caso o valor da elasticidade-renda \u00e9&nbsp;<strong>inferior a um.<\/strong>&nbsp;<\/p>\n\n\n\n<p>J\u00e1 os&nbsp;<strong>bens de luxo (ou sup\u00e9rfluos)<\/strong>, como roupas de grife e carros importados, tendem a apresentar uma&nbsp;<strong>alta elasticidade-renda<\/strong>, afinal os&nbsp;consumidores podem muito bem passar sem eles se houver uma redu\u00e7\u00e3o em sua renda. Para este caso teremos o valor da elasticidade-renda&nbsp;<strong>superior a um.<\/strong>&nbsp;<\/p>\n\n\n\n<p>Por fim, temos ainda os<strong>&nbsp;bens de consumo saciado<\/strong>, que s\u00e3o aqueles em que o consumo n\u00e3o varia em rela\u00e7\u00e3o a renda, como a \u00e1gua (eu imagino&nbsp;que voc\u00ea n\u00e3o vai consumir mais \u00e1gua ou menos \u00e1gua se sua renda aumentar ou diminuir).<\/p>\n\n\n\n<p>Assim, se a&nbsp;<strong>varia\u00e7\u00e3o \u00e9 nula<\/strong>, consequentemente a elasticidade tamb\u00e9m ser\u00e1.&nbsp;<\/p>\n\n\n\n<h2 class=\"wp-block-heading\" id=\"h-sefaz-mg-economia-bens-publicos\">SEFAZ MG: Economia &#8211; Bens P\u00fablicos<\/h2>\n\n\n\n<p>Antes de entender a defini\u00e7\u00e3o de bem p\u00fablico \u00e9 preciso entender as caracter\u00edsticas dos bens.<\/p>\n\n\n\n<p>S\u00e3o caracter\u00edsticas dos bens:<\/p>\n\n\n\n<ul class=\"wp-block-list\"><li><strong>Rivalidade<\/strong>: O consumo de um bem por um agente diminui a possibilidade de consumo ou reduz a quantidade dispon\u00edvel desse bem para outros participantes.<\/li><li><strong>N\u00e3o rivalidade<\/strong>: significa dizer que o custo adicional em beneficiar um indiv\u00edduo a mais com a disponibilidade&nbsp;&nbsp;<\/li><li>do bem \u00e9 igual a zero. Dessa forma, o consumo de uma pessoa n\u00e3o reduz o consumo de outra. Exemplo: Seguran\u00e7a nacional.&nbsp;<\/li><li><strong>N\u00e3o exclud\u00eancia<\/strong>: significa que n\u00e3o existe mecanismo eficiente de impedir que outro&nbsp;agente consuma um bem ou servi\u00e7o (exemplo: seguran\u00e7a p\u00fablica).<\/li><li><strong>Exclusividade<\/strong>: possibilidade de se impedir algu\u00e9m de ter acesso a um determinado bem ou servi\u00e7o.&nbsp;<\/li><\/ul>\n\n\n\n<p>Dessa forma, s\u00e3o classifica\u00e7\u00f5es de bens:<\/p>\n\n\n\n<ul class=\"wp-block-list\"><li>bens privados: rivais e exclusivos&nbsp;<\/li><li>bens p\u00fablicos: n\u00e3o rivais e n\u00e3o exclusivos&nbsp;<\/li><li>bens de uso comum: rival e n\u00e3o exclusivo&nbsp;<\/li><li>bens merit\u00f3rios (semip\u00fablicos): n\u00e3o rival e exclusivo&nbsp;<\/li><\/ul>\n\n\n\n<h2 class=\"wp-block-heading\" id=\"h-sefaz-mg-economia-externalidades\">SEFAZ MG: Economia &#8211; Externalidades<\/h2>\n\n\n\n<p>As externalidades&nbsp;s\u00e3o consequ\u00eancias<strong> \u202f<\/strong>de uma decis\u00e3o ou ato sobre aqueles que n\u00e3o participaram dela ou como eventos nos quais as a\u00e7\u00f5es de um agente&nbsp;<em>econ\u00f4mico<\/em>&nbsp;afetam outros agentes.<\/p>\n\n\n\n<p>Assim, a externalidade pode ter natureza\u202f<em>negativa<\/em>, quando gera custos para os demais agentes (polui\u00e7\u00e3o atmosf\u00e9rica, recursos h\u00eddricos, sonora), ou natureza\u202f<em>positiva<\/em>, quando os demais agentes, involuntariamente, se beneficiam, (por exemplo, investimentos privados em infraestrutura e tecnologia, ou investiga\u00e7\u00e3o).&nbsp;<\/p>\n\n\n\n<p>Matematicamente:\u202f&nbsp;<\/p>\n\n\n\n<ul class=\"wp-block-list\"><li>Externalidade negativa:\u202fCusto Social &gt; Custo Privado \/ governo interv\u00e9m tributando .&nbsp;&nbsp;<\/li><li>Externalidade positiva: \u202fBenef\u00edcio Social &gt; Benef\u00edcio Privado \/ governo interv\u00e9m subsidiando a atividade&nbsp;<\/li><\/ul>\n\n\n\n<p>No que tange \u00e0<strong>&nbsp;corre\u00e7\u00e3o de externalidades negativas<\/strong>, tem-se que um&nbsp;<strong>padr\u00e3o de emiss\u00e3o de poluentes<\/strong>&nbsp;\u00e9 o limite legal de poluentes que uma empresa pode emitir.<\/p>\n\n\n\n<p>Por outro lado, uma\u00a0<strong>taxa sobre a emiss\u00e3o<\/strong>\u00a0de poluentes \u00e9 tributo pago pelas empresas por cada unidade de poluente emitida.\u00a0<\/p>\n\n\n\n<p>Assim, a<strong>s vantagens e desvantagens dependem do volume de informa\u00e7\u00f5es dispon\u00edveis<\/strong>&nbsp;a respeito do processo produtivo emissor de polui\u00e7\u00e3o e do custo envolvido no controle da mesma.&nbsp;<\/p>\n\n\n\n<p><strong>Dessa forma, quando as informa\u00e7\u00f5es s\u00e3o incompletas<\/strong>, os padr\u00f5es oferecem&nbsp;<strong>maior grau de certeza a respeito dos n\u00edveis de emiss\u00e3o de poluentes e um maior grau de incerteza em rela\u00e7\u00e3o aos custos da redu\u00e7\u00e3o de poluentes<\/strong>.<\/p>\n\n\n\n<p>Por outro lado,&nbsp;<strong>as taxas oferecem maior grau de certeza quanto aos custos de redu\u00e7\u00e3o, por\u00e9m geram maior incerteza quanto aos n\u00edveis de redu\u00e7\u00e3o de poluente<\/strong><strong>s.<\/strong>&nbsp;<\/p>\n\n\n\n<h2 class=\"wp-block-heading\" id=\"h-sefaz-mg-economia-incidencia-de-impostos-e-subsidios\">SEFAZ MG: Economia &#8211; Incid\u00eancia de impostos e subs\u00eddios<\/h2>\n\n\n\n<p>A carga excedent\u00e1ria \u00e9 a perda de bem-estar (ou inefici\u00eancia) gerada por um imposto.&nbsp;<\/p>\n\n\n\n<p>O peso ou sobre quem recai depende das vari\u00e1veis abaixo:&nbsp;<\/p>\n\n\n\n<ul class=\"wp-block-list\"><li>montante do impostos&nbsp;<\/li><li>elasticidades das curvas de oferta e de demanda&nbsp;<\/li><\/ul>\n\n\n\n<p>Dessa forma, tem-se o seguinte quadro esquem\u00e1tico:<\/p>\n\n\n\n<ul class=\"wp-block-list\"><li>Quanto MAIOR o imposto e(ou) MAIOR as elasticidades \u2192 MAIOR perda dos excedentes e MAIOR a carga excedent\u00e1ria.<\/li><li>Quanto MENOR o imposto e(ou) MENOR as elasticidades \u2192 MENOR perda dos excedentes e MENOR a carga excedent\u00e1ria.\u00a0<\/li><\/ul>\n\n\n\n<p>Concluindo este artigo, \u00e9 poss\u00edvel afirmar que foram trazidos os principais elementos dos temas contidos no edital. Assim, tenha uma particular aten\u00e7\u00e3o \u00e0s informa\u00e7\u00f5es deste artigo para sua revis\u00e3o, pois como o edital de economia \u00e9 enxuto, este artigo fornece uma boa base de revis\u00e3o final.<\/p>\n\n\n\n<p>At\u00e9 a pr\u00f3xima!<\/p>\n\n\n\n<p>Professor Felipe Rocha<\/p>\n\n\n\n<p>Instagram: @ffazro<\/p>\n\n\n\n<h3 class=\"has-text-align-center has-cyan-bluish-gray-background-color has-background wp-block-heading\" id=\"h-cursos-sefaz-mg\"><a href=\"https:\/\/www.estrategiaconcursos.com.br\/cursosPorConcurso\/secretaria-da-fazenda-do-estado-de-minas-gerais-sefaz-mg\/\">CURSOS SEFAZ MG<\/a><\/h3>\n\n\n\n<h2 class=\"has-text-align-center wp-block-heading\" id=\"h-quer-saber-tudo-sobre-concursos-previstos-confira-nossos-artigos\">Quer saber tudo sobre concursos previstos?<br \/>Confira nossos artigos<\/h2>\n\n\n\n<p class=\"has-text-align-center has-black-color has-pale-cyan-blue-background-color has-text-color has-background\"><a href=\"https:\/\/www.estrategiaconcursos.com.br\/blog\/concursos-abertos\/\" target=\"_blank\" rel=\"noreferrer noopener\">Concursos abertos<\/a><\/p>\n\n\n\n<p class=\"has-text-align-center has-pale-cyan-blue-background-color has-background\"><a href=\"https:\/\/www.estrategiaconcursos.com.br\/blog\/concursos-2022\/\" target=\"_blank\" rel=\"noreferrer noopener\">Concursos 2022<\/a><\/p>\n\n\n\n<p class=\"has-text-align-center has-pale-cyan-blue-background-color has-background\"><a href=\"https:\/\/www.estrategiaconcursos.com.br\/blog\/concursos-2023\/\" target=\"_blank\" rel=\"noreferrer noopener\">Concursos 2023<\/a><\/p>\n","protected":false},"excerpt":{"rendered":"<p>SEFAZ MG: Economia<\/p>\n","protected":false},"author":1462,"featured_media":1077489,"comment_status":"open","ping_status":"closed","sticky":false,"template":"","format":"standard","meta":{"post_tipo":"article","footnotes":""},"categories":[1],"tags":[629,504,221041],"tax_estado":[219974],"class_list":["post-1077485","post","type-post","status-publish","format-standard","has-post-thumbnail","hentry","category-cursos-e-concursos","tag-auditor-fiscal","tag-economia","tag-sefaz-mg-2","tax_estado-mg"],"acf":[],"yoast_head":"<!-- This site is optimized with the Yoast SEO Premium plugin v27.2 (Yoast SEO v27.2) - https:\/\/yoast.com\/product\/yoast-seo-premium-wordpress\/ -->\n<title>SEFAZ MG: Economia resumida<\/title>\n<meta name=\"description\" content=\"SEFAZ MG: Economia. Concurso \u00c1rea Fiscal. Secretaria de Fazenda do Estado de Minas Gerais. Prova de Economia.\" \/>\n<meta name=\"robots\" content=\"index, follow, max-snippet:-1, max-image-preview:large, max-video-preview:-1\" \/>\n<link rel=\"canonical\" href=\"https:\/\/www.estrategiaconcursos.com.br\/blog\/sefaz-mg-economia\/\" \/>\n<meta property=\"og:locale\" content=\"pt_BR\" \/>\n<meta property=\"og:type\" content=\"article\" \/>\n<meta property=\"og:title\" content=\"SEFAZ MG: Economia resumida\" \/>\n<meta property=\"og:description\" content=\"SEFAZ MG: Economia. Concurso \u00c1rea Fiscal. Secretaria de Fazenda do Estado de Minas Gerais. Prova de Economia.\" \/>\n<meta property=\"og:url\" content=\"https:\/\/www.estrategiaconcursos.com.br\/blog\/sefaz-mg-economia\/\" \/>\n<meta property=\"og:site_name\" content=\"Estrat\u00e9gia Concursos\" \/>\n<meta property=\"article:published_time\" content=\"2022-08-27T13:25:00+00:00\" \/>\n<meta property=\"og:image\" content=\"https:\/\/dhg1h5j42swfq.cloudfront.net\/2022\/08\/14101738\/sefaz-mg-7.jpg\" \/>\n\t<meta property=\"og:image:width\" content=\"259\" \/>\n\t<meta property=\"og:image:height\" content=\"194\" \/>\n\t<meta property=\"og:image:type\" content=\"image\/jpeg\" \/>\n<meta name=\"author\" content=\"Felipe Fernando Azevedo da Rocha\" \/>\n<meta name=\"twitter:card\" content=\"summary_large_image\" \/>\n<meta name=\"twitter:creator\" content=\"@EstratConcursos\" \/>\n<meta name=\"twitter:site\" content=\"@EstratConcursos\" \/>\n<meta name=\"twitter:label1\" content=\"Escrito por\" \/>\n\t<meta name=\"twitter:data1\" content=\"Felipe Fernando Azevedo da Rocha\" \/>\n\t<meta name=\"twitter:label2\" content=\"Est. tempo de leitura\" \/>\n\t<meta name=\"twitter:data2\" content=\"10 minutos\" \/>\n<script type=\"application\/ld+json\" class=\"yoast-schema-graph\">{\"@context\":\"https:\/\/schema.org\",\"@graph\":[{\"@type\":\"NewsArticle\",\"@id\":\"https:\/\/www.estrategiaconcursos.com.br\/blog\/sefaz-mg-economia\/#article\",\"isPartOf\":{\"@id\":\"https:\/\/www.estrategiaconcursos.com.br\/blog\/sefaz-mg-economia\/\"},\"author\":{\"name\":\"Felipe Fernando Azevedo da Rocha\",\"@id\":\"https:\/\/www.estrategiaconcursos.com.br\/blog\/#\/schema\/person\/425ec856669a603120a09fed3a635808\"},\"headline\":\"SEFAZ MG: Economia resumida\",\"datePublished\":\"2022-08-27T13:25:00+00:00\",\"mainEntityOfPage\":{\"@id\":\"https:\/\/www.estrategiaconcursos.com.br\/blog\/sefaz-mg-economia\/\"},\"wordCount\":1968,\"commentCount\":0,\"publisher\":{\"@id\":\"https:\/\/www.estrategiaconcursos.com.br\/blog\/#organization\"},\"image\":{\"@id\":\"https:\/\/www.estrategiaconcursos.com.br\/blog\/sefaz-mg-economia\/#primaryimage\"},\"thumbnailUrl\":\"https:\/\/dhg1h5j42swfq.cloudfront.net\/2022\/08\/14101738\/sefaz-mg-7.jpg\",\"keywords\":[\"Auditor-Fiscal\",\"Economia\",\"sefaz mg\"],\"articleSection\":[\"Concursos P\u00fablicos\"],\"inLanguage\":\"pt-BR\",\"potentialAction\":[{\"@type\":\"CommentAction\",\"name\":\"Comment\",\"target\":[\"https:\/\/www.estrategiaconcursos.com.br\/blog\/sefaz-mg-economia\/#respond\"]}],\"copyrightYear\":\"2022\",\"copyrightHolder\":{\"@id\":\"https:\/\/www.estrategiaconcursos.com.br\/blog\/#organization\"}},{\"@type\":\"WebPage\",\"@id\":\"https:\/\/www.estrategiaconcursos.com.br\/blog\/sefaz-mg-economia\/\",\"url\":\"https:\/\/www.estrategiaconcursos.com.br\/blog\/sefaz-mg-economia\/\",\"name\":\"SEFAZ MG: Economia resumida\",\"isPartOf\":{\"@id\":\"https:\/\/www.estrategiaconcursos.com.br\/blog\/#website\"},\"primaryImageOfPage\":{\"@id\":\"https:\/\/www.estrategiaconcursos.com.br\/blog\/sefaz-mg-economia\/#primaryimage\"},\"image\":{\"@id\":\"https:\/\/www.estrategiaconcursos.com.br\/blog\/sefaz-mg-economia\/#primaryimage\"},\"thumbnailUrl\":\"https:\/\/dhg1h5j42swfq.cloudfront.net\/2022\/08\/14101738\/sefaz-mg-7.jpg\",\"datePublished\":\"2022-08-27T13:25:00+00:00\",\"description\":\"SEFAZ MG: Economia. Concurso \u00c1rea Fiscal. Secretaria de Fazenda do Estado de Minas Gerais. Prova de Economia.\",\"breadcrumb\":{\"@id\":\"https:\/\/www.estrategiaconcursos.com.br\/blog\/sefaz-mg-economia\/#breadcrumb\"},\"inLanguage\":\"pt-BR\",\"potentialAction\":[{\"@type\":\"ReadAction\",\"target\":[\"https:\/\/www.estrategiaconcursos.com.br\/blog\/sefaz-mg-economia\/\"]}]},{\"@type\":\"ImageObject\",\"inLanguage\":\"pt-BR\",\"@id\":\"https:\/\/www.estrategiaconcursos.com.br\/blog\/sefaz-mg-economia\/#primaryimage\",\"url\":\"https:\/\/dhg1h5j42swfq.cloudfront.net\/2022\/08\/14101738\/sefaz-mg-7.jpg\",\"contentUrl\":\"https:\/\/dhg1h5j42swfq.cloudfront.net\/2022\/08\/14101738\/sefaz-mg-7.jpg\",\"width\":259,\"height\":194,\"caption\":\"SEFAZ MG\"},{\"@type\":\"BreadcrumbList\",\"@id\":\"https:\/\/www.estrategiaconcursos.com.br\/blog\/sefaz-mg-economia\/#breadcrumb\",\"itemListElement\":[{\"@type\":\"ListItem\",\"position\":1,\"name\":\"In\u00edcio\",\"item\":\"https:\/\/www.estrategiaconcursos.com.br\/blog\/\"},{\"@type\":\"ListItem\",\"position\":2,\"name\":\"SEFAZ MG: Economia resumida\"}]},{\"@type\":\"WebSite\",\"@id\":\"https:\/\/www.estrategiaconcursos.com.br\/blog\/#website\",\"url\":\"https:\/\/www.estrategiaconcursos.com.br\/blog\/\",\"name\":\"Estrat\u00e9gia Concursos\",\"description\":\"O blog da Estrat\u00e9gia Concursos traz not\u00edcias sobre concursos e artigos de professores oferecendo cursos para concursos (pdf + videaulas) no site.\",\"publisher\":{\"@id\":\"https:\/\/www.estrategiaconcursos.com.br\/blog\/#organization\"},\"potentialAction\":[{\"@type\":\"SearchAction\",\"target\":{\"@type\":\"EntryPoint\",\"urlTemplate\":\"https:\/\/www.estrategiaconcursos.com.br\/blog\/?s={search_term_string}\"},\"query-input\":{\"@type\":\"PropertyValueSpecification\",\"valueRequired\":true,\"valueName\":\"search_term_string\"}}],\"inLanguage\":\"pt-BR\"},{\"@type\":\"Organization\",\"@id\":\"https:\/\/www.estrategiaconcursos.com.br\/blog\/#organization\",\"name\":\"Estrat\u00e9gia Concursos\",\"url\":\"https:\/\/www.estrategiaconcursos.com.br\/blog\/\",\"logo\":{\"@type\":\"ImageObject\",\"inLanguage\":\"pt-BR\",\"@id\":\"https:\/\/www.estrategiaconcursos.com.br\/blog\/#\/schema\/logo\/image\/\",\"url\":\"https:\/\/dhg1h5j42swfq.cloudfront.net\/2025\/06\/03203428\/logo_concursos-1.jpg\",\"contentUrl\":\"https:\/\/dhg1h5j42swfq.cloudfront.net\/2025\/06\/03203428\/logo_concursos-1.jpg\",\"width\":230,\"height\":60,\"caption\":\"Estrat\u00e9gia Concursos\"},\"image\":{\"@id\":\"https:\/\/www.estrategiaconcursos.com.br\/blog\/#\/schema\/logo\/image\/\"},\"sameAs\":[\"https:\/\/x.com\/EstratConcursos\"]},{\"@type\":\"Person\",\"@id\":\"https:\/\/www.estrategiaconcursos.com.br\/blog\/#\/schema\/person\/425ec856669a603120a09fed3a635808\",\"name\":\"Felipe Fernando Azevedo da Rocha\",\"image\":{\"@type\":\"ImageObject\",\"inLanguage\":\"pt-BR\",\"@id\":\"https:\/\/secure.gravatar.com\/avatar\/44e78a4aab2c02a437a87a334aee9a4ea82ca0e4757c2747232497482cfe5ba2?s=96&d=mm&r=g\",\"url\":\"https:\/\/secure.gravatar.com\/avatar\/44e78a4aab2c02a437a87a334aee9a4ea82ca0e4757c2747232497482cfe5ba2?s=96&d=mm&r=g\",\"contentUrl\":\"https:\/\/secure.gravatar.com\/avatar\/44e78a4aab2c02a437a87a334aee9a4ea82ca0e4757c2747232497482cfe5ba2?s=96&d=mm&r=g\",\"caption\":\"Felipe Fernando Azevedo da Rocha\"},\"description\":\"Auditor de Finan\u00e7as da SEFAZ BA. P\u00f3s-Graduado em Direito Tribut\u00e1rio\",\"url\":\"https:\/\/www.estrategiaconcursos.com.br\/blog\/author\/felipeazrogmail-com\/\"}]}<\/script>\n<!-- \/ Yoast SEO Premium plugin. -->","yoast_head_json":{"title":"SEFAZ MG: Economia resumida","description":"SEFAZ MG: Economia. Concurso \u00c1rea Fiscal. Secretaria de Fazenda do Estado de Minas Gerais. Prova de Economia.","robots":{"index":"index","follow":"follow","max-snippet":"max-snippet:-1","max-image-preview":"max-image-preview:large","max-video-preview":"max-video-preview:-1"},"canonical":"https:\/\/www.estrategiaconcursos.com.br\/blog\/sefaz-mg-economia\/","og_locale":"pt_BR","og_type":"article","og_title":"SEFAZ MG: Economia resumida","og_description":"SEFAZ MG: Economia. Concurso \u00c1rea Fiscal. Secretaria de Fazenda do Estado de Minas Gerais. Prova de Economia.","og_url":"https:\/\/www.estrategiaconcursos.com.br\/blog\/sefaz-mg-economia\/","og_site_name":"Estrat\u00e9gia Concursos","article_published_time":"2022-08-27T13:25:00+00:00","og_image":[{"width":259,"height":194,"url":"https:\/\/dhg1h5j42swfq.cloudfront.net\/2022\/08\/14101738\/sefaz-mg-7.jpg","type":"image\/jpeg"}],"author":"Felipe Fernando Azevedo da Rocha","twitter_card":"summary_large_image","twitter_creator":"@EstratConcursos","twitter_site":"@EstratConcursos","twitter_misc":{"Escrito por":"Felipe Fernando Azevedo da Rocha","Est. tempo de leitura":"10 minutos"},"schema":{"@context":"https:\/\/schema.org","@graph":[{"@type":"NewsArticle","@id":"https:\/\/www.estrategiaconcursos.com.br\/blog\/sefaz-mg-economia\/#article","isPartOf":{"@id":"https:\/\/www.estrategiaconcursos.com.br\/blog\/sefaz-mg-economia\/"},"author":{"name":"Felipe Fernando Azevedo da Rocha","@id":"https:\/\/www.estrategiaconcursos.com.br\/blog\/#\/schema\/person\/425ec856669a603120a09fed3a635808"},"headline":"SEFAZ MG: Economia resumida","datePublished":"2022-08-27T13:25:00+00:00","mainEntityOfPage":{"@id":"https:\/\/www.estrategiaconcursos.com.br\/blog\/sefaz-mg-economia\/"},"wordCount":1968,"commentCount":0,"publisher":{"@id":"https:\/\/www.estrategiaconcursos.com.br\/blog\/#organization"},"image":{"@id":"https:\/\/www.estrategiaconcursos.com.br\/blog\/sefaz-mg-economia\/#primaryimage"},"thumbnailUrl":"https:\/\/dhg1h5j42swfq.cloudfront.net\/2022\/08\/14101738\/sefaz-mg-7.jpg","keywords":["Auditor-Fiscal","Economia","sefaz mg"],"articleSection":["Concursos P\u00fablicos"],"inLanguage":"pt-BR","potentialAction":[{"@type":"CommentAction","name":"Comment","target":["https:\/\/www.estrategiaconcursos.com.br\/blog\/sefaz-mg-economia\/#respond"]}],"copyrightYear":"2022","copyrightHolder":{"@id":"https:\/\/www.estrategiaconcursos.com.br\/blog\/#organization"}},{"@type":"WebPage","@id":"https:\/\/www.estrategiaconcursos.com.br\/blog\/sefaz-mg-economia\/","url":"https:\/\/www.estrategiaconcursos.com.br\/blog\/sefaz-mg-economia\/","name":"SEFAZ MG: Economia resumida","isPartOf":{"@id":"https:\/\/www.estrategiaconcursos.com.br\/blog\/#website"},"primaryImageOfPage":{"@id":"https:\/\/www.estrategiaconcursos.com.br\/blog\/sefaz-mg-economia\/#primaryimage"},"image":{"@id":"https:\/\/www.estrategiaconcursos.com.br\/blog\/sefaz-mg-economia\/#primaryimage"},"thumbnailUrl":"https:\/\/dhg1h5j42swfq.cloudfront.net\/2022\/08\/14101738\/sefaz-mg-7.jpg","datePublished":"2022-08-27T13:25:00+00:00","description":"SEFAZ MG: Economia. Concurso \u00c1rea Fiscal. Secretaria de Fazenda do Estado de Minas Gerais. Prova de Economia.","breadcrumb":{"@id":"https:\/\/www.estrategiaconcursos.com.br\/blog\/sefaz-mg-economia\/#breadcrumb"},"inLanguage":"pt-BR","potentialAction":[{"@type":"ReadAction","target":["https:\/\/www.estrategiaconcursos.com.br\/blog\/sefaz-mg-economia\/"]}]},{"@type":"ImageObject","inLanguage":"pt-BR","@id":"https:\/\/www.estrategiaconcursos.com.br\/blog\/sefaz-mg-economia\/#primaryimage","url":"https:\/\/dhg1h5j42swfq.cloudfront.net\/2022\/08\/14101738\/sefaz-mg-7.jpg","contentUrl":"https:\/\/dhg1h5j42swfq.cloudfront.net\/2022\/08\/14101738\/sefaz-mg-7.jpg","width":259,"height":194,"caption":"SEFAZ MG"},{"@type":"BreadcrumbList","@id":"https:\/\/www.estrategiaconcursos.com.br\/blog\/sefaz-mg-economia\/#breadcrumb","itemListElement":[{"@type":"ListItem","position":1,"name":"In\u00edcio","item":"https:\/\/www.estrategiaconcursos.com.br\/blog\/"},{"@type":"ListItem","position":2,"name":"SEFAZ MG: Economia resumida"}]},{"@type":"WebSite","@id":"https:\/\/www.estrategiaconcursos.com.br\/blog\/#website","url":"https:\/\/www.estrategiaconcursos.com.br\/blog\/","name":"Estrat\u00e9gia Concursos","description":"O blog da Estrat\u00e9gia Concursos traz not\u00edcias sobre concursos e artigos de professores oferecendo cursos para concursos (pdf + videaulas) no site.","publisher":{"@id":"https:\/\/www.estrategiaconcursos.com.br\/blog\/#organization"},"potentialAction":[{"@type":"SearchAction","target":{"@type":"EntryPoint","urlTemplate":"https:\/\/www.estrategiaconcursos.com.br\/blog\/?s={search_term_string}"},"query-input":{"@type":"PropertyValueSpecification","valueRequired":true,"valueName":"search_term_string"}}],"inLanguage":"pt-BR"},{"@type":"Organization","@id":"https:\/\/www.estrategiaconcursos.com.br\/blog\/#organization","name":"Estrat\u00e9gia Concursos","url":"https:\/\/www.estrategiaconcursos.com.br\/blog\/","logo":{"@type":"ImageObject","inLanguage":"pt-BR","@id":"https:\/\/www.estrategiaconcursos.com.br\/blog\/#\/schema\/logo\/image\/","url":"https:\/\/dhg1h5j42swfq.cloudfront.net\/2025\/06\/03203428\/logo_concursos-1.jpg","contentUrl":"https:\/\/dhg1h5j42swfq.cloudfront.net\/2025\/06\/03203428\/logo_concursos-1.jpg","width":230,"height":60,"caption":"Estrat\u00e9gia Concursos"},"image":{"@id":"https:\/\/www.estrategiaconcursos.com.br\/blog\/#\/schema\/logo\/image\/"},"sameAs":["https:\/\/x.com\/EstratConcursos"]},{"@type":"Person","@id":"https:\/\/www.estrategiaconcursos.com.br\/blog\/#\/schema\/person\/425ec856669a603120a09fed3a635808","name":"Felipe Fernando Azevedo da Rocha","image":{"@type":"ImageObject","inLanguage":"pt-BR","@id":"https:\/\/secure.gravatar.com\/avatar\/44e78a4aab2c02a437a87a334aee9a4ea82ca0e4757c2747232497482cfe5ba2?s=96&d=mm&r=g","url":"https:\/\/secure.gravatar.com\/avatar\/44e78a4aab2c02a437a87a334aee9a4ea82ca0e4757c2747232497482cfe5ba2?s=96&d=mm&r=g","contentUrl":"https:\/\/secure.gravatar.com\/avatar\/44e78a4aab2c02a437a87a334aee9a4ea82ca0e4757c2747232497482cfe5ba2?s=96&d=mm&r=g","caption":"Felipe Fernando Azevedo da Rocha"},"description":"Auditor de Finan\u00e7as da SEFAZ BA. P\u00f3s-Graduado em Direito Tribut\u00e1rio","url":"https:\/\/www.estrategiaconcursos.com.br\/blog\/author\/felipeazrogmail-com\/"}]}},"_links":{"self":[{"href":"https:\/\/www.estrategiaconcursos.com.br\/blog\/wp-json\/wp\/v2\/posts\/1077485","targetHints":{"allow":["GET"]}}],"collection":[{"href":"https:\/\/www.estrategiaconcursos.com.br\/blog\/wp-json\/wp\/v2\/posts"}],"about":[{"href":"https:\/\/www.estrategiaconcursos.com.br\/blog\/wp-json\/wp\/v2\/types\/post"}],"author":[{"embeddable":true,"href":"https:\/\/www.estrategiaconcursos.com.br\/blog\/wp-json\/wp\/v2\/users\/1462"}],"replies":[{"embeddable":true,"href":"https:\/\/www.estrategiaconcursos.com.br\/blog\/wp-json\/wp\/v2\/comments?post=1077485"}],"version-history":[{"count":7,"href":"https:\/\/www.estrategiaconcursos.com.br\/blog\/wp-json\/wp\/v2\/posts\/1077485\/revisions"}],"predecessor-version":[{"id":1078771,"href":"https:\/\/www.estrategiaconcursos.com.br\/blog\/wp-json\/wp\/v2\/posts\/1077485\/revisions\/1078771"}],"wp:featuredmedia":[{"embeddable":true,"href":"https:\/\/www.estrategiaconcursos.com.br\/blog\/wp-json\/wp\/v2\/media\/1077489"}],"wp:attachment":[{"href":"https:\/\/www.estrategiaconcursos.com.br\/blog\/wp-json\/wp\/v2\/media?parent=1077485"}],"wp:term":[{"taxonomy":"category","embeddable":true,"href":"https:\/\/www.estrategiaconcursos.com.br\/blog\/wp-json\/wp\/v2\/categories?post=1077485"},{"taxonomy":"post_tag","embeddable":true,"href":"https:\/\/www.estrategiaconcursos.com.br\/blog\/wp-json\/wp\/v2\/tags?post=1077485"},{"taxonomy":"tax_estado","embeddable":true,"href":"https:\/\/www.estrategiaconcursos.com.br\/blog\/wp-json\/wp\/v2\/tax_estado?post=1077485"}],"curies":[{"name":"wp","href":"https:\/\/api.w.org\/{rel}","templated":true}]}}