{"id":1077100,"date":"2022-08-21T18:17:00","date_gmt":"2022-08-21T21:17:00","guid":{"rendered":"https:\/\/www.estrategiaconcursos.com.br\/blog\/?p=1077100"},"modified":"2022-08-15T16:22:07","modified_gmt":"2022-08-15T19:22:07","slug":"organizacoes-sociais","status":"publish","type":"post","link":"https:\/\/www.estrategiaconcursos.com.br\/blog\/organizacoes-sociais\/","title":{"rendered":"Organiza\u00e7\u00f5es Sociais: MEMOREX"},"content":{"rendered":"\n<figure class=\"wp-block-image size-full\"><img loading=\"lazy\" decoding=\"async\" width=\"1080\" height=\"1080\" src=\"https:\/\/dhg1h5j42swfq.cloudfront.net\/2022\/08\/12183644\/memorex-direito-administrativo.jpeg\" alt=\"Organiza\u00e7\u00f5es Sociais\" class=\"wp-image-1077101\" srcset=\"https:\/\/dhg1h5j42swfq.cloudfront.net\/2022\/08\/12183644\/memorex-direito-administrativo.jpeg 1080w, https:\/\/dhg1h5j42swfq.cloudfront.net\/2022\/08\/12183644\/memorex-direito-administrativo-300x300.jpeg 300w, https:\/\/dhg1h5j42swfq.cloudfront.net\/2022\/08\/12183644\/memorex-direito-administrativo-1024x1024.jpeg 1024w, https:\/\/dhg1h5j42swfq.cloudfront.net\/2022\/08\/12183644\/memorex-direito-administrativo-150x150.jpeg 150w, https:\/\/dhg1h5j42swfq.cloudfront.net\/2022\/08\/12183644\/memorex-direito-administrativo-768x768.jpeg 768w, https:\/\/dhg1h5j42swfq.cloudfront.net\/2022\/08\/12183644\/memorex-direito-administrativo-610x610.jpeg 610w, https:\/\/dhg1h5j42swfq.cloudfront.net\/2022\/08\/12183644\/memorex-direito-administrativo-96x96.jpeg 96w\" sizes=\"auto, (max-width: 1080px) 100vw, 1080px\" \/><\/figure>\n\n\n\n<p>Nesse artigo vamos dispor sobre os principais detalhes acerca das<strong> Organiza\u00e7\u00f5es Sociais (OS), das Organiza\u00e7\u00f5es da Sociedade Civil (OSC) e das Organiza\u00e7\u00f5es da Sociedade Civil de Interesse P\u00fablico (OSCIP), <\/strong>que s\u00e3o algumas das <strong>entidades paraestatais <\/strong>que comp\u00f5em o chamado <strong>terceiro setor.<\/strong><\/p>\n\n\n\n<p>Esse artigo faz parte da s\u00e9rie <strong>MEMOREX<\/strong>, em que produzimos materiais diretos e esquematizados com os principais conte\u00fados da Lei e\/ou da doutrina que precisam ser memorizados pelos candidatos para provas de concurso p\u00fablico.<\/p>\n\n\n\n<p>A ideia \u00e9 que o MEMOREX seja seu <strong>aliado nos momentos de p\u00f3s edital,<\/strong> tendo em vista que estamos trabalhando com nossa mem\u00f3ria de curto prazo. <\/p>\n\n\n\n<p>Para explica\u00e7\u00f5es mais detalhadas, com exemplos pr\u00e1ticos e resolu\u00e7\u00e3o passo a passo dos exerc\u00edcios, <a href=\"https:\/\/www.estrategiaconcursos.com.br\/pesquisa\/?q=direito+administrativo\">acesse aqui<\/a> nossos cursos de Direito Administrativo, elaborados pelos melhores professores da \u00e1rea.<\/p>\n\n\n\n<h2 class=\"wp-block-heading\"><strong>Entidades Paraestatais do Terceiro Setor<\/strong><\/h2>\n\n\n\n<p>As <strong>entidades paraestatais<\/strong> s\u00e3o <strong>entidades privadas sem fins lucrativos que atuam junto ao Estado objetivando a consecu\u00e7\u00e3o de atividades de interesse p\u00fablico<\/strong> n\u00e3o exclusivas de Estado, recebendo fomento do Poder P\u00fablico.<\/p>\n\n\n\n<p>Por serem entidades privadas, via de regra, elas <strong>n\u00e3o se sujeitam a concurso p\u00fablico<\/strong> ou <strong>licita\u00e7\u00e3o<\/strong>, o <strong>regime de pessoal \u00e9 o trabalhista<\/strong> (CLT), <strong>seus cr\u00e9ditos n\u00e3o s\u00e3o pagos mediante precat\u00f3rios <\/strong>e <strong>seus bens s\u00e3o considerados de natureza privada<\/strong>. Essas entidades, quando recebem recursos p\u00fablicos, sofrem controle estatal, especialmente por parte do <strong>Tribunal de Contas da Uni\u00e3o<\/strong> (TCU).<\/p>\n\n\n\n<p>Integram o rol de <strong>entidades paraestatais ou do terceiro setor<\/strong> as seguintes entidades:<\/p>\n\n\n\n<div class=\"wp-block-group is-vertical is-layout-flex wp-container-core-group-is-layout-fe9cc265 wp-block-group-is-layout-flex\">\n<ul class=\"wp-block-list\"><li><strong>Organiza\u00e7\u00f5es sociais (OS);<\/strong><\/li><li><strong>Organiza\u00e7\u00e3o da sociedade civil de interesse p\u00fablico (OSCIP);<\/strong><\/li><li><strong>Organiza\u00e7\u00e3o da sociedade civil (OSC);<\/strong><\/li><li><strong>Servi\u00e7os sociais aut\u00f4nomos (sistema S);<\/strong><\/li><li><strong>Entidades de apoio;<\/strong><\/li><li><strong>Institui\u00e7\u00f5es comunit\u00e1rias de educa\u00e7\u00e3o superior (ICES).<\/strong><\/li><\/ul>\n<\/div>\n\n\n\n<p>A seguir, vamos dispor de maneira estruturada e resumida acerca das principais caracter\u00edsticas dessas entidades, suas semelhan\u00e7as e diferen\u00e7as e os pontos que costumam aparecer em provas de concurso.<\/p>\n\n\n\n<h2 class=\"wp-block-heading\"><strong>Organiza\u00e7\u00f5es sociais (OS)<\/strong><\/h2>\n\n\n\n<p>Idealizadas para <strong>absorver atividades n\u00e3o exclusivas de Estado<\/strong>.<\/p>\n\n\n\n<p>S\u00e3o criadas sob a forma de <strong>associa\u00e7\u00e3o ou funda\u00e7\u00e3o privada<\/strong>.<\/p>\n\n\n\n<p><strong>A qualifica\u00e7\u00e3o jur\u00eddica \u00e9 dada pelo Ministro<\/strong> ou <strong>titular de \u00f3rg\u00e3o supervisor\/regulador da \u00e1rea (ato discricion\u00e1rio)<\/strong>.<\/p>\n\n\n\n<p>A <strong>qualifica\u00e7\u00e3o<\/strong> configura hip\u00f3tese de <strong>credenciamento<\/strong>, sendo <strong>inexig\u00edvel a licita\u00e7\u00e3o<\/strong>, porque todas as entidades que preencham os requisitos podem receber o t\u00edtulo jur\u00eddico de OS, sendo <strong>invi\u00e1vel a competi\u00e7\u00e3o<\/strong>.<\/p>\n\n\n\n<p>Celebra <strong>contrato de gest\u00e3o<\/strong> com o Estado para cumprimento de metas de desempenho e recebimento de benef\u00edcios p\u00fablicos.<\/p>\n\n\n\n<p><strong>A celebra\u00e7\u00e3o de contrato de gest\u00e3o com uma OS, em regra, exclui a possibilidade de celebra\u00e7\u00e3o do mesmo contrato com outras OS,<\/strong> em virtude da <strong>escassez <\/strong>de bens, recursos e servidores, por isso deve se dar por <strong>um procedimento p\u00fablico impessoal e pautado por crit\u00e9rios objetivos<\/strong>.<\/p>\n\n\n\n<p>Deve ter como <strong>\u00f3rg\u00e3o de delibera\u00e7\u00e3o superior<\/strong> um <strong>conselho de administra\u00e7\u00e3o<\/strong>, assegurada a participa\u00e7\u00e3o de <strong>representante do Poder P\u00fablico<\/strong> e de membros da comunidade, de not\u00f3ria capacidade profissional e idoneidade moral.<\/p>\n\n\n\n<h3 class=\"wp-block-heading\"><strong>Atividades<\/strong>:<\/h3>\n\n\n\n<div class=\"wp-block-group is-vertical is-layout-flex wp-container-core-group-is-layout-fe9cc265 wp-block-group-is-layout-flex\">\n<p>I &#8211; Ensino;<\/p>\n\n\n\n<p>II &#8211; Pesquisa cient\u00edfica;<\/p>\n\n\n\n<p>III &#8211; Desenvolvimento tecnol\u00f3gico;<\/p>\n\n\n\n<p>IV &#8211; Prote\u00e7\u00e3o e preserva\u00e7\u00e3o do meio ambiente;<\/p>\n\n\n\n<p>V- Cultura;<\/p>\n\n\n\n<p>VI \u2013 Sa\u00fade.<\/p>\n<\/div>\n\n\n\n<p><strong>Licita\u00e7\u00e3o dispens\u00e1vel para ser contratada<\/strong> pelo poder p\u00fablico para prestar servi\u00e7o previsto no contrato de gest\u00e3o.<\/p>\n\n\n\n<p>A <strong>desqualifica\u00e7\u00e3o<\/strong> \u00e9 realizada pelo <strong>Ministro ou autoridade supervisora<\/strong> da \u00e1rea de atua\u00e7\u00e3o da organiza\u00e7\u00e3o social quando constatado o <strong>descumprimento das disposi\u00e7\u00f5es contidas no contrato de gest\u00e3o.<\/strong><\/p>\n\n\n\n<h2 class=\"wp-block-heading\"><strong>Organiza\u00e7\u00e3o da sociedade civil de interesse p\u00fablico (OSCIP)<\/strong><\/h2>\n\n\n\n<p>Entidades de direito privado sem fins lucrativos, <strong>constitu\u00eddas<\/strong> e em <strong>funcionamento regular h\u00e1, no m\u00ednimo, 3 (tr\u00eas) anos.<\/strong><\/p>\n\n\n\n<p>Celebra <strong>termo de parceria<\/strong> que permite o recebimento de fomento.<\/p>\n\n\n\n<p><strong>Qualifica\u00e7\u00e3o jur\u00eddica dada<\/strong> pelo <strong>Minist\u00e9rio da Justi\u00e7a (vinculado).<\/strong><\/p>\n\n\n\n<p>Exige-se a <strong>constitui\u00e7\u00e3o de um conselho fiscal<\/strong> ou \u00f3rg\u00e3o equivalente, com compet\u00eancia para fiscaliza\u00e7\u00e3o, <strong>sem necessidade de participa\u00e7\u00e3o do poder p\u00fablico<\/strong> (autorizada a participa\u00e7\u00e3o de servidores p\u00fablicos no conselho ou diretoria).<\/p>\n\n\n\n<h3 class=\"wp-block-heading\"><strong>Atividades<\/strong>:<\/h3>\n\n\n\n<div class=\"wp-block-group is-vertical is-layout-flex wp-container-core-group-is-layout-fe9cc265 wp-block-group-is-layout-flex\">\n<p>I &#8211; Promo\u00e7\u00e3o da assist\u00eancia social;<\/p>\n\n\n\n<p>II &#8211; Promo\u00e7\u00e3o da cultura, defesa e conserva\u00e7\u00e3o do patrim\u00f4nio hist\u00f3rico e art\u00edstico;<\/p>\n\n\n\n<p>III &#8211; Promo\u00e7\u00e3o gratuita da educa\u00e7\u00e3o;<\/p>\n\n\n\n<p>IV &#8211; Promo\u00e7\u00e3o gratuita da sa\u00fade;<\/p>\n\n\n\n<p>V &#8211; Promo\u00e7\u00e3o da seguran\u00e7a alimentar e nutricional;<\/p>\n\n\n\n<p>VI &#8211; Defesa, preserva\u00e7\u00e3o e conserva\u00e7\u00e3o do meio ambiente e promo\u00e7\u00e3o do desenvolvimento sustent\u00e1vel;<\/p>\n\n\n\n<p>VII &#8211; Promo\u00e7\u00e3o do voluntariado;<\/p>\n\n\n\n<p>VIII &#8211; Promo\u00e7\u00e3o do desenvolvimento econ\u00f4mico e social e combate \u00e0 pobreza;<\/p>\n\n\n\n<p>IX &#8211; Experimenta\u00e7\u00e3o, n\u00e3o lucrativa, de novos modelos s\u00f3cio produtivos e de sistemas alternativos de produ\u00e7\u00e3o, com\u00e9rcio, emprego e cr\u00e9dito;<\/p>\n\n\n\n<p>X &#8211; Promo\u00e7\u00e3o de direitos estabelecidos, constru\u00e7\u00e3o de novos direitos e assessoria jur\u00eddica gratuita de interesse suplementar;<\/p>\n\n\n\n<p>XI &#8211; Promo\u00e7\u00e3o da \u00e9tica, da paz, da cidadania, dos direitos humanos, da democracia e de outros valores universais;<\/p>\n\n\n\n<p>XII &#8211; Estudos e pesquisas, desenvolvimento de tecnologias alternativas, produ\u00e7\u00e3o e divulga\u00e7\u00e3o de informa\u00e7\u00f5es e conhecimentos t\u00e9cnicos e cient\u00edficos;<\/p>\n\n\n\n<p>XIII &#8211; Estudos e pesquisas para o desenvolvimento, a disponibiliza\u00e7\u00e3o e a implementa\u00e7\u00e3o de tecnologias voltadas \u00e0 mobilidade de pessoas, por qualquer meio de transporte<\/p>\n\n\n\n<p><strong>Entidades<\/strong> <strong>proibidas de se qualificarem como OSCIP:<\/strong><\/p>\n\n\n\n<p>I &#8211; as sociedades comerciais;<\/p>\n\n\n\n<p>II &#8211; os sindicatos, as associa\u00e7\u00f5es de classe ou de representa\u00e7\u00e3o de categoria profissional;<\/p>\n\n\n\n<p>III &#8211; as institui\u00e7\u00f5es religiosas ou voltadas para a dissemina\u00e7\u00e3o de credos, cultos, pr\u00e1ticas e vis\u00f5es devocionais e confessionais;<\/p>\n\n\n\n<p>IV &#8211; as organiza\u00e7\u00f5es partid\u00e1rias e assemelhadas, inclusive suas funda\u00e7\u00f5es;<\/p>\n\n\n\n<p>V &#8211; as entidades de benef\u00edcio m\u00fatuo destinadas a proporcionar bens ou servi\u00e7os a um c\u00edrculo restrito de associados ou s\u00f3cios;<\/p>\n\n\n\n<p>VI &#8211; as entidades e empresas que comercializam planos de sa\u00fade e assemelhados;<\/p>\n\n\n\n<p>VII &#8211; as institui\u00e7\u00f5es hospitalares privadas n\u00e3o gratuitas e suas mantenedoras;<\/p>\n\n\n\n<p>VIII &#8211; as escolas privadas dedicadas ao ensino formal n\u00e3o gratuito e suas mantenedoras;<\/p>\n\n\n\n<p>IX &#8211; as organiza\u00e7\u00f5es sociais<\/p>\n\n\n\n<p>X &#8211; as cooperativas;<\/p>\n\n\n\n<p>XI &#8211; as funda\u00e7\u00f5es p\u00fablicas;<\/p>\n\n\n\n<p>XII &#8211; as funda\u00e7\u00f5es, sociedades civis ou associa\u00e7\u00f5es de direito privado criadas por \u00f3rg\u00e3o p\u00fablico ou por funda\u00e7\u00f5es p\u00fablicas;<\/p>\n\n\n\n<p>XIII &#8211; as organiza\u00e7\u00f5es credit\u00edcias que tenham quaisquer tipo (sic) de vincula\u00e7\u00e3o com o sistema financeiro nacional a que se refere o art. 192 da Constitui\u00e7\u00e3o Federal.<\/p>\n<\/div>\n\n\n\n<p><em>N\u00e3o h\u00e1 hip\u00f3tese de licita\u00e7\u00e3o dispens\u00e1vel para contrata\u00e7\u00e3o com o poder p\u00fablico.<\/em><\/p>\n\n\n\n<p>A <strong>desqualifica\u00e7\u00e3o<\/strong> ocorre quando a entidade <strong>deixa de preencher os requisitos previstos em lei.<\/strong><\/p>\n\n\n\n<h2 class=\"wp-block-heading\"><strong>Organiza\u00e7\u00f5es Sociais <\/strong>(<strong>OS) vs. <\/strong><strong>Organiza\u00e7\u00f5es da Sociedade Civil de Interesse P\u00fablico<\/strong> (OSCIP)<\/h2>\n\n\n\n<p>Vamos comparar os principais pontos que diferenciam uma OS de uma OSCIP no quadro abaixo:<\/p>\n\n\n\n<div class=\"wp-block-group is-layout-flow wp-block-group-is-layout-flow\">\n<figure class=\"wp-block-table\"><table><tbody><tr><td>&nbsp;<\/td><td><strong>OS (Lei 9.637\/98)<\/strong><\/td><td><strong>OSCIP (Lei 9.970\/99)<\/strong><\/td><\/tr><tr><td>Qualifica\u00e7\u00e3o<\/td><td>Ato discricion\u00e1rio do <strong>Ministro ou titular de \u00f3rg\u00e3o <\/strong>supervisor ou regulador da \u00e1rea espec\u00edfica<\/td><td>Ato vinculado do <strong>Ministro da justi\u00e7a<\/strong><\/td><\/tr><tr><td>Instrumento<\/td><td><strong>Contrato de gest\u00e3o<\/strong><\/td><td><strong>Termo de parceria<\/strong><\/td><\/tr><tr><td>Atividades<\/td><td>Ensino, pesquisa cient\u00edfica, desenvolvimento tecnol\u00f3gico, prote\u00e7\u00e3o e preserva\u00e7\u00e3o do meio ambiente, cultura, sa\u00fade<\/td><td>Rol amplo<\/td><\/tr><tr><td>Proibidas<\/td><td>N\u00e3o h\u00e1<\/td><td>H\u00e1, inclusive n\u00e3o pode ser OS<\/td><\/tr><tr><td>Tempo m\u00ednimo de constitui\u00e7\u00e3o<\/td><td>N\u00e3o h\u00e1<\/td><td><strong>3 anos<\/strong><\/td><\/tr><tr><td>\u00d3rg\u00e3o obrigat\u00f3rio<\/td><td><strong>Conselho de administra\u00e7\u00e3o<\/strong> com <strong>presen\u00e7a obrigat\u00f3ria de representante do poder p\u00fablico<\/strong><\/td><td><strong>Conselho fiscal <\/strong>com <strong>presen\u00e7a facultativa de representante do poder p\u00fablico<\/strong><\/td><\/tr><tr><td>Contrata\u00e7\u00e3o com o poder p\u00fablico<\/td><td>Licita\u00e7\u00e3o dispens\u00e1vel<\/td><td>N\u00e3o h\u00e1 previs\u00e3o de dispensa de licita\u00e7\u00e3o<\/td><\/tr><tr><td>Desqualifica\u00e7\u00e3o<\/td><td>Descumprimento de disposi\u00e7\u00f5es do <strong>contrato de gest\u00e3o<\/strong><\/td><td>Deixa de preencher os <strong>requisitos da lei<\/strong><\/td><\/tr><\/tbody><\/table><\/figure>\n<\/div>\n\n\n\n<h2 class=\"wp-block-heading\"><strong>Organiza\u00e7\u00e3o da sociedade civil (OSC)<\/strong><\/h2>\n\n\n\n<p>Qualifica\u00e7\u00e3o jur\u00eddica conferida <strong><em>ex lege<\/em><\/strong> (por lei), <strong>independentemente de qualquer ato formal do poder p\u00fablico \u00e0s:<\/strong><\/p>\n\n\n\n<p>1.<strong>Entidade privada sem fins lucrativos<\/strong><\/p>\n\n\n\n<p>2.<strong>Sociedades cooperativas<\/strong>:<\/p>\n\n\n\n<p>a) Integradas por <strong>pessoas em situa\u00e7\u00e3o de risco ou vulnerabilidade<\/strong> pessoal ou social;<\/p>\n\n\n\n<p>b) Alcan\u00e7adas por programas e a\u00e7\u00f5es de <strong>combate \u00e0 pobreza<\/strong> e de <strong>gera\u00e7\u00e3o de trabalho<\/strong> e <strong>renda<\/strong>;<\/p>\n\n\n\n<p>c) Voltadas para <strong>fomento, educa\u00e7\u00e3o e capacita\u00e7\u00e3o de trabalhadores rurais<\/strong> ou <strong>capacita\u00e7\u00e3o de agentes de assist\u00eancia t\u00e9cnica e extens\u00e3o rural<\/strong>;<\/p>\n\n\n\n<p>d) Capacitadas para <strong>execu\u00e7\u00e3o de atividades ou de projetos de interesse p\u00fablico e de cunho social<\/strong>.<\/p>\n\n\n\n<p>3.<strong>Organiza\u00e7\u00f5es religiosas<\/strong> que se dediquem a <strong>atividades ou a projetos de interesse p\u00fablico e de cunho social distintas das destinadas a fins exclusivamente religiosos<\/strong>;<\/p>\n\n\n\n<p>Todas as parcerias celebradas pelo poder p\u00fablico com as entidades que se enquadrem no conceito devem ser formalizadas por um dos seguintes <strong>instrumentos<\/strong> (precedidos, em regra, de <strong>chamamento p\u00fablico<\/strong>):<\/p>\n\n\n\n<ol class=\"wp-block-list\"><li><strong>Termo de colabora\u00e7\u00e3o<\/strong>: instrumento por meio do qual a Administra\u00e7\u00e3o P\u00fablica celebra parceria com OSC que envolva a <strong>transfer\u00eancia de recurso<\/strong> financeiro, para consecu\u00e7\u00e3o de finalidades de interesse p\u00fablico e rec\u00edproco, cujos planos de trabalho foram <strong>propostos pela pr\u00f3pria Administra\u00e7\u00e3o P\u00fablica<\/strong>, ap\u00f3s regular <strong>chamamento p\u00fablico.<\/strong><\/li><li><strong>Termo de fomento:<\/strong> instrumento por meio do qual a Administra\u00e7\u00e3o P\u00fablica celebra parceria com OSC que envolva a <strong>transfer\u00eancia de recurso financeiro<\/strong>, para consecu\u00e7\u00e3o de finalidades de interesse p\u00fablico e rec\u00edproco, cujos planos de trabalho foram <strong>propostos pelas organiza\u00e7\u00f5es da sociedade civil<\/strong>, ap\u00f3s regular <strong>chamamento p\u00fablico.<\/strong><\/li><li><strong>Acordo de coopera\u00e7\u00e3o:<\/strong> instrumento por meio do qual a Administra\u00e7\u00e3o P\u00fablica celebra parceria com OSC que <strong><em>n\u00e3o envolva a transfer\u00eancia de recursos financeiros<\/em><\/strong>.<\/li><\/ol>\n\n\n\n<div class=\"wp-block-columns is-layout-flex wp-container-core-columns-is-layout-28f84493 wp-block-columns-is-layout-flex\">\n<div class=\"wp-block-column is-layout-flow wp-block-column-is-layout-flow\" style=\"flex-basis:100%\">\n<figure class=\"wp-block-table\"><table><tbody><tr><td><strong>Termo de colabora\u00e7\u00e3o<\/strong><\/td><td><strong>Termo de fomento<\/strong><\/td><td><strong>Acordo de coopera\u00e7\u00e3o<\/strong><\/td><\/tr><tr><td>Proposto pela <strong>Administra\u00e7\u00e3o<\/strong> P\u00fablica<\/td><td>Proposto pelas <strong>OSCs<\/strong><\/td><td>N\u00e3o h\u00e1 distin\u00e7\u00e3o<\/td><\/tr><tr><td>Envolve <strong>transfer\u00eancia<\/strong> de recurso financeiro<\/td><td>Envolve <strong>transfer\u00eancia<\/strong> de recurso financeiro<\/td><td><strong>N\u00e3o envolve transfer\u00eancia<\/strong> de recurso financeiro<\/td><\/tr><tr><td>Exige <strong>chamamento<\/strong> p\u00fablico<\/td><td>Exige <strong>chamamento<\/strong> p\u00fablico<\/td><td>Em regra, <strong>n\u00e3o exige chamamento<\/strong> p\u00fablico<\/td><\/tr><\/tbody><\/table><\/figure>\n<\/div>\n<\/div>\n\n\n\n<p>Para celebrar parcerias com o poder p\u00fablico, a OSC dever\u00e1 estar <strong>constitu\u00edda por um per\u00edodo m\u00ednimo<\/strong>, de acordo com o ente federado com o qual celebrar\u00e1 a aven\u00e7a:<\/p>\n\n\n\n<ul class=\"wp-block-list\"><li><strong>Munic\u00edpios<\/strong>: 1 ano<\/li><li><strong>Estados e Distrito Federal<\/strong>: 2 anos<\/li><li><strong>Uni\u00e3o<\/strong>: 3 anos<\/li><\/ul>\n\n\n\n<p>As demais entidades paraestatais n\u00e3o s\u00e3o t\u00e3o cobradas em provas, vamos dar apenas um panorama geral para conhecimento.<\/p>\n\n\n\n<h2 class=\"wp-block-heading\"><strong>Servi\u00e7os sociais aut\u00f4nomos (sistema S)<\/strong><\/h2>\n\n\n\n<p><strong>Autoriza\u00e7\u00e3o<\/strong> para sua cria\u00e7\u00e3o deve ser <strong>prevista em lei<\/strong>.<\/p>\n\n\n\n<p>S\u00e3o criadas por <strong>confedera\u00e7\u00f5es privadas (representativas de categorias econ\u00f4micas)<\/strong>.<\/p>\n\n\n\n<p><strong>Recebem recursos oriundos de contribui\u00e7\u00e3o social de natureza tribut\u00e1ria<\/strong>.<\/p>\n\n\n\n<p>Ex.: Servi\u00e7o Social da Ind\u00fastria (SESI); Servi\u00e7o Social do Com\u00e9rcio (SESC); Servi\u00e7o Nacional de Aprendizagem Industrial (SENAI); Servi\u00e7o Nacional de Aprendizagem Comercial (SENAC); Servi\u00e7o Brasileiro de Apoio \u00e0s Micro e Pequenas Empresas (SEBRAE).<\/p>\n\n\n\n<h2 class=\"wp-block-heading\"><strong>Entidades de Apoio<\/strong><\/h2>\n\n\n\n<p>S\u00e3o entidades <strong>institu\u00eddas por servidores p\u00fablicos em nome pr\u00f3prio<\/strong>, para a <strong>presta\u00e7\u00e3o de servi\u00e7os sociais<\/strong> n\u00e3o exclusivos de Estado, por meio <strong>de v\u00ednculo com entidades da Administra\u00e7\u00e3o<\/strong> indireta ou direta, normalmente por meio de <strong>conv\u00eanio<\/strong>.<\/p>\n\n\n\n<p>Se constitu\u00eddas em forma de <strong>funda\u00e7\u00e3o<\/strong>, podem celebrar conv\u00eanios para <strong>apoio de projetos de ensino, pesquisa, extens\u00e3o, desenvolvimento institucional, cient\u00edfico e tecnol\u00f3gico e est\u00edmulo \u00e0 inova\u00e7\u00e3o<\/strong>, com <strong>Institui\u00e7\u00f5es Federais de Ensino Superior (IFES<\/strong>) e <strong>Institui\u00e7\u00f5es Cient\u00edficas Tecnol\u00f3gicas (ICTs).<\/strong><\/p>\n\n\n\n<p>Essas funda\u00e7\u00f5es de apoio devem realizar pr\u00e9vio <strong>registro e credenciamento no Minist\u00e9rio da Educa\u00e7\u00e3o e no Minist\u00e9rio da Ci\u00eancia, Tecnologia, Inova\u00e7\u00f5es e Comunica\u00e7\u00f5es<\/strong>, <strong>renov\u00e1vel a cada 5 (cinco) anos.<\/strong><\/p>\n\n\n\n<h2 class=\"wp-block-heading\" id=\"h-bons-estudos\">Bons estudos!<\/h2>\n\n\n\n<p>Agora que voc\u00ea j\u00e1 possui os principais detalhes acerca das Organiza\u00e7\u00f5es Sociais, Organiza\u00e7\u00f5es da Sociedade Civil e Organiza\u00e7\u00f5es da Sociedade Civil de Interesse P\u00fablico, \u00e9 preciso treinar por meio da realiza\u00e7\u00e3o de muitas quest\u00f5es no <a href=\"https:\/\/concursos.estrategiaeducacional.com.br\/\">Sistema de Quest\u00f5es<\/a> do Estrat\u00e9gia Concursos!<\/p>\n\n\n\n<p>Achou esse material \u00fatil?<\/p>\n\n\n\n<p>Deixe seu coment\u00e1rio!<\/p>\n\n\n\n<p>Abra\u00e7os,<\/p>\n\n\n\n<p>Ana Luiza Tib\u00farcio.<\/p>\n\n\n\n<h2 class=\"has-text-align-center wp-block-heading\" id=\"h-quer-saber-tudo-sobre-os-concursos-previstos\">Quer saber tudo sobre os concursos previstos?<\/h2>\n\n\n\n<h2 class=\"has-text-align-center wp-block-heading\" id=\"h-confira-nossos-artigos\">Confira nossos artigos!<\/h2>\n\n\n\n<p class=\"has-text-align-center has-luminous-vivid-orange-color has-vivid-purple-background-color has-text-color has-background\"><a href=\"https:\/\/www.estrategiaconcursos.com.br\/blog\/concursos-abertos\/#concursos-fiscais\"><strong>Concursos abertos<\/strong><\/a><\/p>\n\n\n\n<p class=\"has-text-align-center has-luminous-vivid-orange-color has-vivid-purple-background-color has-text-color has-background\"><a href=\"https:\/\/www.estrategiaconcursos.com.br\/blog\/concursos-2022\/\"><strong>Concursos 2022<\/strong><\/a><\/p>\n\n\n\n<p class=\"has-text-align-center has-luminous-vivid-orange-color has-vivid-purple-background-color has-text-color has-background\"><a href=\"https:\/\/www.estrategiaconcursos.com.br\/blog\/concursos-2023\/\"><strong>Concursos 2023<\/strong><\/a><\/p>\n\n\n\n<p><em>organiza\u00e7\u00f5es sociais<\/em><\/p>\n","protected":false},"excerpt":{"rendered":"<p>Nesse artigo vamos dispor sobre os principais detalhes acerca das Organiza\u00e7\u00f5es Sociais (OS), das Organiza\u00e7\u00f5es da Sociedade Civil (OSC) e das Organiza\u00e7\u00f5es da Sociedade Civil de Interesse P\u00fablico (OSCIP), que s\u00e3o algumas das entidades paraestatais que comp\u00f5em o chamado terceiro setor. Esse artigo faz parte da s\u00e9rie MEMOREX, em que produzimos materiais diretos e esquematizados [&hellip;]<\/p>\n","protected":false},"author":1666,"featured_media":1077101,"comment_status":"open","ping_status":"closed","sticky":false,"template":"","format":"standard","meta":{"post_tipo":"article","footnotes":""},"categories":[1984],"tags":[],"tax_estado":[219963],"class_list":["post-1077100","post","type-post","status-publish","format-standard","has-post-thumbnail","hentry","category-tribunais","tax_estado-concursos-federais"],"acf":[],"yoast_head":"<!-- This site is optimized with the Yoast SEO Premium plugin v27.2 (Yoast SEO v27.2) - https:\/\/yoast.com\/product\/yoast-seo-premium-wordpress\/ -->\n<title>Organiza\u00e7\u00f5es Sociais: MEMOREX<\/title>\n<meta name=\"description\" content=\"Nesse artigo, vamos conhecer as Organiza\u00e7\u00f5es Sociais (OS) e as demais entidades que comp\u00f5em o terceiro setor.\" \/>\n<meta name=\"robots\" content=\"index, follow, max-snippet:-1, max-image-preview:large, max-video-preview:-1\" \/>\n<link rel=\"canonical\" href=\"https:\/\/www.estrategiaconcursos.com.br\/blog\/organizacoes-sociais\/\" \/>\n<meta property=\"og:locale\" content=\"pt_BR\" \/>\n<meta property=\"og:type\" content=\"article\" \/>\n<meta property=\"og:title\" content=\"Organiza\u00e7\u00f5es Sociais: MEMOREX\" \/>\n<meta property=\"og:description\" content=\"Nesse artigo, vamos conhecer as Organiza\u00e7\u00f5es Sociais (OS) e as demais entidades que comp\u00f5em o terceiro setor.\" \/>\n<meta property=\"og:url\" content=\"https:\/\/www.estrategiaconcursos.com.br\/blog\/organizacoes-sociais\/\" \/>\n<meta property=\"og:site_name\" content=\"Estrat\u00e9gia Concursos\" \/>\n<meta property=\"article:published_time\" content=\"2022-08-21T21:17:00+00:00\" \/>\n<meta property=\"og:image\" content=\"https:\/\/dhg1h5j42swfq.cloudfront.net\/2022\/08\/12183644\/memorex-direito-administrativo.jpeg\" \/>\n\t<meta property=\"og:image:width\" content=\"1080\" \/>\n\t<meta property=\"og:image:height\" content=\"1080\" \/>\n\t<meta property=\"og:image:type\" content=\"image\/jpeg\" \/>\n<meta name=\"author\" content=\"Ana Luiza Tib\u00farcio Guimar\u00e3es\" \/>\n<meta name=\"twitter:card\" content=\"summary_large_image\" \/>\n<meta name=\"twitter:creator\" content=\"@EstratConcursos\" \/>\n<meta name=\"twitter:site\" content=\"@EstratConcursos\" \/>\n<meta name=\"twitter:label1\" content=\"Escrito por\" \/>\n\t<meta name=\"twitter:data1\" content=\"Ana Luiza Tib\u00farcio Guimar\u00e3es\" \/>\n\t<meta name=\"twitter:label2\" content=\"Est. tempo de leitura\" \/>\n\t<meta name=\"twitter:data2\" content=\"10 minutos\" \/>\n<script type=\"application\/ld+json\" class=\"yoast-schema-graph\">{\"@context\":\"https:\/\/schema.org\",\"@graph\":[{\"@type\":\"NewsArticle\",\"@id\":\"https:\/\/www.estrategiaconcursos.com.br\/blog\/organizacoes-sociais\/#article\",\"isPartOf\":{\"@id\":\"https:\/\/www.estrategiaconcursos.com.br\/blog\/organizacoes-sociais\/\"},\"author\":{\"name\":\"Ana Luiza Tib\u00farcio Guimar\u00e3es\",\"@id\":\"https:\/\/www.estrategiaconcursos.com.br\/blog\/#\/schema\/person\/adbd974f815a3acb9e572fdf7315d7c2\"},\"headline\":\"Organiza\u00e7\u00f5es Sociais: MEMOREX\",\"datePublished\":\"2022-08-21T21:17:00+00:00\",\"mainEntityOfPage\":{\"@id\":\"https:\/\/www.estrategiaconcursos.com.br\/blog\/organizacoes-sociais\/\"},\"wordCount\":2055,\"commentCount\":0,\"publisher\":{\"@id\":\"https:\/\/www.estrategiaconcursos.com.br\/blog\/#organization\"},\"image\":{\"@id\":\"https:\/\/www.estrategiaconcursos.com.br\/blog\/organizacoes-sociais\/#primaryimage\"},\"thumbnailUrl\":\"https:\/\/dhg1h5j42swfq.cloudfront.net\/2022\/08\/12183644\/memorex-direito-administrativo.jpeg\",\"articleSection\":[\"Tribunais\"],\"inLanguage\":\"pt-BR\",\"potentialAction\":[{\"@type\":\"CommentAction\",\"name\":\"Comment\",\"target\":[\"https:\/\/www.estrategiaconcursos.com.br\/blog\/organizacoes-sociais\/#respond\"]}],\"copyrightYear\":\"2022\",\"copyrightHolder\":{\"@id\":\"https:\/\/www.estrategiaconcursos.com.br\/blog\/#organization\"}},{\"@type\":\"WebPage\",\"@id\":\"https:\/\/www.estrategiaconcursos.com.br\/blog\/organizacoes-sociais\/\",\"url\":\"https:\/\/www.estrategiaconcursos.com.br\/blog\/organizacoes-sociais\/\",\"name\":\"Organiza\u00e7\u00f5es Sociais: MEMOREX\",\"isPartOf\":{\"@id\":\"https:\/\/www.estrategiaconcursos.com.br\/blog\/#website\"},\"primaryImageOfPage\":{\"@id\":\"https:\/\/www.estrategiaconcursos.com.br\/blog\/organizacoes-sociais\/#primaryimage\"},\"image\":{\"@id\":\"https:\/\/www.estrategiaconcursos.com.br\/blog\/organizacoes-sociais\/#primaryimage\"},\"thumbnailUrl\":\"https:\/\/dhg1h5j42swfq.cloudfront.net\/2022\/08\/12183644\/memorex-direito-administrativo.jpeg\",\"datePublished\":\"2022-08-21T21:17:00+00:00\",\"description\":\"Nesse artigo, vamos conhecer as Organiza\u00e7\u00f5es Sociais (OS) e as demais entidades que comp\u00f5em o terceiro setor.\",\"breadcrumb\":{\"@id\":\"https:\/\/www.estrategiaconcursos.com.br\/blog\/organizacoes-sociais\/#breadcrumb\"},\"inLanguage\":\"pt-BR\",\"potentialAction\":[{\"@type\":\"ReadAction\",\"target\":[\"https:\/\/www.estrategiaconcursos.com.br\/blog\/organizacoes-sociais\/\"]}]},{\"@type\":\"ImageObject\",\"inLanguage\":\"pt-BR\",\"@id\":\"https:\/\/www.estrategiaconcursos.com.br\/blog\/organizacoes-sociais\/#primaryimage\",\"url\":\"https:\/\/dhg1h5j42swfq.cloudfront.net\/2022\/08\/12183644\/memorex-direito-administrativo.jpeg\",\"contentUrl\":\"https:\/\/dhg1h5j42swfq.cloudfront.net\/2022\/08\/12183644\/memorex-direito-administrativo.jpeg\",\"width\":1080,\"height\":1080,\"caption\":\"organiza\u00e7\u00f5es sociais\"},{\"@type\":\"BreadcrumbList\",\"@id\":\"https:\/\/www.estrategiaconcursos.com.br\/blog\/organizacoes-sociais\/#breadcrumb\",\"itemListElement\":[{\"@type\":\"ListItem\",\"position\":1,\"name\":\"In\u00edcio\",\"item\":\"https:\/\/www.estrategiaconcursos.com.br\/blog\/\"},{\"@type\":\"ListItem\",\"position\":2,\"name\":\"Organiza\u00e7\u00f5es Sociais: MEMOREX\"}]},{\"@type\":\"WebSite\",\"@id\":\"https:\/\/www.estrategiaconcursos.com.br\/blog\/#website\",\"url\":\"https:\/\/www.estrategiaconcursos.com.br\/blog\/\",\"name\":\"Estrat\u00e9gia Concursos\",\"description\":\"O blog da Estrat\u00e9gia Concursos traz not\u00edcias sobre concursos e artigos de professores oferecendo cursos para concursos (pdf + videaulas) no site.\",\"publisher\":{\"@id\":\"https:\/\/www.estrategiaconcursos.com.br\/blog\/#organization\"},\"potentialAction\":[{\"@type\":\"SearchAction\",\"target\":{\"@type\":\"EntryPoint\",\"urlTemplate\":\"https:\/\/www.estrategiaconcursos.com.br\/blog\/?s={search_term_string}\"},\"query-input\":{\"@type\":\"PropertyValueSpecification\",\"valueRequired\":true,\"valueName\":\"search_term_string\"}}],\"inLanguage\":\"pt-BR\"},{\"@type\":\"Organization\",\"@id\":\"https:\/\/www.estrategiaconcursos.com.br\/blog\/#organization\",\"name\":\"Estrat\u00e9gia Concursos\",\"url\":\"https:\/\/www.estrategiaconcursos.com.br\/blog\/\",\"logo\":{\"@type\":\"ImageObject\",\"inLanguage\":\"pt-BR\",\"@id\":\"https:\/\/www.estrategiaconcursos.com.br\/blog\/#\/schema\/logo\/image\/\",\"url\":\"https:\/\/dhg1h5j42swfq.cloudfront.net\/2025\/06\/03203428\/logo_concursos-1.jpg\",\"contentUrl\":\"https:\/\/dhg1h5j42swfq.cloudfront.net\/2025\/06\/03203428\/logo_concursos-1.jpg\",\"width\":230,\"height\":60,\"caption\":\"Estrat\u00e9gia Concursos\"},\"image\":{\"@id\":\"https:\/\/www.estrategiaconcursos.com.br\/blog\/#\/schema\/logo\/image\/\"},\"sameAs\":[\"https:\/\/x.com\/EstratConcursos\"]},{\"@type\":\"Person\",\"@id\":\"https:\/\/www.estrategiaconcursos.com.br\/blog\/#\/schema\/person\/adbd974f815a3acb9e572fdf7315d7c2\",\"name\":\"Ana Luiza Tib\u00farcio Guimar\u00e3es\",\"image\":{\"@type\":\"ImageObject\",\"inLanguage\":\"pt-BR\",\"@id\":\"https:\/\/secure.gravatar.com\/avatar\/d0e9fa767d159d6bdb59324855854ef2672e0774dce8705b1c42c80a5b4de7b8?s=96&d=mm&r=g\",\"url\":\"https:\/\/secure.gravatar.com\/avatar\/d0e9fa767d159d6bdb59324855854ef2672e0774dce8705b1c42c80a5b4de7b8?s=96&d=mm&r=g\",\"contentUrl\":\"https:\/\/secure.gravatar.com\/avatar\/d0e9fa767d159d6bdb59324855854ef2672e0774dce8705b1c42c80a5b4de7b8?s=96&d=mm&r=g\",\"caption\":\"Ana Luiza Tib\u00farcio Guimar\u00e3es\"},\"description\":\"Graduada em Direito pela Pontif\u00edcia Universidade Cat\u00f3lica de Minas Gerais e graduada em Ci\u00eancias do Estado pela Universidade Federal de Minas Gerais. P\u00f3s Graduada em Direito P\u00fablico pela PUC Minas. Gradua\u00e7\u00e3o em Gest\u00e3o P\u00fablica e P\u00f3s Gradua\u00e7\u00e3o em Ci\u00eancia Pol\u00edtica em andamento. Analista de Processo Legislativo do Senado Federal, lotada na Secretaria Legislativa do Senado. Aprova\u00e7\u00f5es em concursos: Aprovada para o cargo de Analista Judici\u00e1ria do TRF 3 (2025) Aprovada para o cargo de Procuradora do Munic\u00edpio de S\u00e3o Paulo (2024) Aprovada para o cargo de Analista Legislativa do Senado Federal (2023) Aprovada em 1\u00ba lugar para o cargo de T\u00e9cnico Judici\u00e1rio do TRF 3 (2019) Aprovada para o cargo de Juiz Leigo do Tribunal de Justi\u00e7a de Minas Gerais (2019).\",\"url\":\"https:\/\/www.estrategiaconcursos.com.br\/blog\/author\/anatiburcio-ggmail-com\/\"}]}<\/script>\n<!-- \/ Yoast SEO Premium plugin. -->","yoast_head_json":{"title":"Organiza\u00e7\u00f5es Sociais: MEMOREX","description":"Nesse artigo, vamos conhecer as Organiza\u00e7\u00f5es Sociais (OS) e as demais entidades que comp\u00f5em o terceiro setor.","robots":{"index":"index","follow":"follow","max-snippet":"max-snippet:-1","max-image-preview":"max-image-preview:large","max-video-preview":"max-video-preview:-1"},"canonical":"https:\/\/www.estrategiaconcursos.com.br\/blog\/organizacoes-sociais\/","og_locale":"pt_BR","og_type":"article","og_title":"Organiza\u00e7\u00f5es Sociais: MEMOREX","og_description":"Nesse artigo, vamos conhecer as Organiza\u00e7\u00f5es Sociais (OS) e as demais entidades que comp\u00f5em o terceiro setor.","og_url":"https:\/\/www.estrategiaconcursos.com.br\/blog\/organizacoes-sociais\/","og_site_name":"Estrat\u00e9gia Concursos","article_published_time":"2022-08-21T21:17:00+00:00","og_image":[{"width":1080,"height":1080,"url":"https:\/\/dhg1h5j42swfq.cloudfront.net\/2022\/08\/12183644\/memorex-direito-administrativo.jpeg","type":"image\/jpeg"}],"author":"Ana Luiza Tib\u00farcio Guimar\u00e3es","twitter_card":"summary_large_image","twitter_creator":"@EstratConcursos","twitter_site":"@EstratConcursos","twitter_misc":{"Escrito por":"Ana Luiza Tib\u00farcio Guimar\u00e3es","Est. tempo de leitura":"10 minutos"},"schema":{"@context":"https:\/\/schema.org","@graph":[{"@type":"NewsArticle","@id":"https:\/\/www.estrategiaconcursos.com.br\/blog\/organizacoes-sociais\/#article","isPartOf":{"@id":"https:\/\/www.estrategiaconcursos.com.br\/blog\/organizacoes-sociais\/"},"author":{"name":"Ana Luiza Tib\u00farcio Guimar\u00e3es","@id":"https:\/\/www.estrategiaconcursos.com.br\/blog\/#\/schema\/person\/adbd974f815a3acb9e572fdf7315d7c2"},"headline":"Organiza\u00e7\u00f5es Sociais: MEMOREX","datePublished":"2022-08-21T21:17:00+00:00","mainEntityOfPage":{"@id":"https:\/\/www.estrategiaconcursos.com.br\/blog\/organizacoes-sociais\/"},"wordCount":2055,"commentCount":0,"publisher":{"@id":"https:\/\/www.estrategiaconcursos.com.br\/blog\/#organization"},"image":{"@id":"https:\/\/www.estrategiaconcursos.com.br\/blog\/organizacoes-sociais\/#primaryimage"},"thumbnailUrl":"https:\/\/dhg1h5j42swfq.cloudfront.net\/2022\/08\/12183644\/memorex-direito-administrativo.jpeg","articleSection":["Tribunais"],"inLanguage":"pt-BR","potentialAction":[{"@type":"CommentAction","name":"Comment","target":["https:\/\/www.estrategiaconcursos.com.br\/blog\/organizacoes-sociais\/#respond"]}],"copyrightYear":"2022","copyrightHolder":{"@id":"https:\/\/www.estrategiaconcursos.com.br\/blog\/#organization"}},{"@type":"WebPage","@id":"https:\/\/www.estrategiaconcursos.com.br\/blog\/organizacoes-sociais\/","url":"https:\/\/www.estrategiaconcursos.com.br\/blog\/organizacoes-sociais\/","name":"Organiza\u00e7\u00f5es Sociais: MEMOREX","isPartOf":{"@id":"https:\/\/www.estrategiaconcursos.com.br\/blog\/#website"},"primaryImageOfPage":{"@id":"https:\/\/www.estrategiaconcursos.com.br\/blog\/organizacoes-sociais\/#primaryimage"},"image":{"@id":"https:\/\/www.estrategiaconcursos.com.br\/blog\/organizacoes-sociais\/#primaryimage"},"thumbnailUrl":"https:\/\/dhg1h5j42swfq.cloudfront.net\/2022\/08\/12183644\/memorex-direito-administrativo.jpeg","datePublished":"2022-08-21T21:17:00+00:00","description":"Nesse artigo, vamos conhecer as Organiza\u00e7\u00f5es Sociais (OS) e as demais entidades que comp\u00f5em o terceiro setor.","breadcrumb":{"@id":"https:\/\/www.estrategiaconcursos.com.br\/blog\/organizacoes-sociais\/#breadcrumb"},"inLanguage":"pt-BR","potentialAction":[{"@type":"ReadAction","target":["https:\/\/www.estrategiaconcursos.com.br\/blog\/organizacoes-sociais\/"]}]},{"@type":"ImageObject","inLanguage":"pt-BR","@id":"https:\/\/www.estrategiaconcursos.com.br\/blog\/organizacoes-sociais\/#primaryimage","url":"https:\/\/dhg1h5j42swfq.cloudfront.net\/2022\/08\/12183644\/memorex-direito-administrativo.jpeg","contentUrl":"https:\/\/dhg1h5j42swfq.cloudfront.net\/2022\/08\/12183644\/memorex-direito-administrativo.jpeg","width":1080,"height":1080,"caption":"organiza\u00e7\u00f5es sociais"},{"@type":"BreadcrumbList","@id":"https:\/\/www.estrategiaconcursos.com.br\/blog\/organizacoes-sociais\/#breadcrumb","itemListElement":[{"@type":"ListItem","position":1,"name":"In\u00edcio","item":"https:\/\/www.estrategiaconcursos.com.br\/blog\/"},{"@type":"ListItem","position":2,"name":"Organiza\u00e7\u00f5es Sociais: MEMOREX"}]},{"@type":"WebSite","@id":"https:\/\/www.estrategiaconcursos.com.br\/blog\/#website","url":"https:\/\/www.estrategiaconcursos.com.br\/blog\/","name":"Estrat\u00e9gia Concursos","description":"O blog da Estrat\u00e9gia Concursos traz not\u00edcias sobre concursos e artigos de professores oferecendo cursos para concursos (pdf + videaulas) no site.","publisher":{"@id":"https:\/\/www.estrategiaconcursos.com.br\/blog\/#organization"},"potentialAction":[{"@type":"SearchAction","target":{"@type":"EntryPoint","urlTemplate":"https:\/\/www.estrategiaconcursos.com.br\/blog\/?s={search_term_string}"},"query-input":{"@type":"PropertyValueSpecification","valueRequired":true,"valueName":"search_term_string"}}],"inLanguage":"pt-BR"},{"@type":"Organization","@id":"https:\/\/www.estrategiaconcursos.com.br\/blog\/#organization","name":"Estrat\u00e9gia Concursos","url":"https:\/\/www.estrategiaconcursos.com.br\/blog\/","logo":{"@type":"ImageObject","inLanguage":"pt-BR","@id":"https:\/\/www.estrategiaconcursos.com.br\/blog\/#\/schema\/logo\/image\/","url":"https:\/\/dhg1h5j42swfq.cloudfront.net\/2025\/06\/03203428\/logo_concursos-1.jpg","contentUrl":"https:\/\/dhg1h5j42swfq.cloudfront.net\/2025\/06\/03203428\/logo_concursos-1.jpg","width":230,"height":60,"caption":"Estrat\u00e9gia Concursos"},"image":{"@id":"https:\/\/www.estrategiaconcursos.com.br\/blog\/#\/schema\/logo\/image\/"},"sameAs":["https:\/\/x.com\/EstratConcursos"]},{"@type":"Person","@id":"https:\/\/www.estrategiaconcursos.com.br\/blog\/#\/schema\/person\/adbd974f815a3acb9e572fdf7315d7c2","name":"Ana Luiza Tib\u00farcio Guimar\u00e3es","image":{"@type":"ImageObject","inLanguage":"pt-BR","@id":"https:\/\/secure.gravatar.com\/avatar\/d0e9fa767d159d6bdb59324855854ef2672e0774dce8705b1c42c80a5b4de7b8?s=96&d=mm&r=g","url":"https:\/\/secure.gravatar.com\/avatar\/d0e9fa767d159d6bdb59324855854ef2672e0774dce8705b1c42c80a5b4de7b8?s=96&d=mm&r=g","contentUrl":"https:\/\/secure.gravatar.com\/avatar\/d0e9fa767d159d6bdb59324855854ef2672e0774dce8705b1c42c80a5b4de7b8?s=96&d=mm&r=g","caption":"Ana Luiza Tib\u00farcio Guimar\u00e3es"},"description":"Graduada em Direito pela Pontif\u00edcia Universidade Cat\u00f3lica de Minas Gerais e graduada em Ci\u00eancias do Estado pela Universidade Federal de Minas Gerais. P\u00f3s Graduada em Direito P\u00fablico pela PUC Minas. Gradua\u00e7\u00e3o em Gest\u00e3o P\u00fablica e P\u00f3s Gradua\u00e7\u00e3o em Ci\u00eancia Pol\u00edtica em andamento. Analista de Processo Legislativo do Senado Federal, lotada na Secretaria Legislativa do Senado. Aprova\u00e7\u00f5es em concursos: Aprovada para o cargo de Analista Judici\u00e1ria do TRF 3 (2025) Aprovada para o cargo de Procuradora do Munic\u00edpio de S\u00e3o Paulo (2024) Aprovada para o cargo de Analista Legislativa do Senado Federal (2023) Aprovada em 1\u00ba lugar para o cargo de T\u00e9cnico Judici\u00e1rio do TRF 3 (2019) Aprovada para o cargo de Juiz Leigo do Tribunal de Justi\u00e7a de Minas Gerais (2019).","url":"https:\/\/www.estrategiaconcursos.com.br\/blog\/author\/anatiburcio-ggmail-com\/"}]}},"_links":{"self":[{"href":"https:\/\/www.estrategiaconcursos.com.br\/blog\/wp-json\/wp\/v2\/posts\/1077100","targetHints":{"allow":["GET"]}}],"collection":[{"href":"https:\/\/www.estrategiaconcursos.com.br\/blog\/wp-json\/wp\/v2\/posts"}],"about":[{"href":"https:\/\/www.estrategiaconcursos.com.br\/blog\/wp-json\/wp\/v2\/types\/post"}],"author":[{"embeddable":true,"href":"https:\/\/www.estrategiaconcursos.com.br\/blog\/wp-json\/wp\/v2\/users\/1666"}],"replies":[{"embeddable":true,"href":"https:\/\/www.estrategiaconcursos.com.br\/blog\/wp-json\/wp\/v2\/comments?post=1077100"}],"version-history":[{"count":3,"href":"https:\/\/www.estrategiaconcursos.com.br\/blog\/wp-json\/wp\/v2\/posts\/1077100\/revisions"}],"predecessor-version":[{"id":1078123,"href":"https:\/\/www.estrategiaconcursos.com.br\/blog\/wp-json\/wp\/v2\/posts\/1077100\/revisions\/1078123"}],"wp:featuredmedia":[{"embeddable":true,"href":"https:\/\/www.estrategiaconcursos.com.br\/blog\/wp-json\/wp\/v2\/media\/1077101"}],"wp:attachment":[{"href":"https:\/\/www.estrategiaconcursos.com.br\/blog\/wp-json\/wp\/v2\/media?parent=1077100"}],"wp:term":[{"taxonomy":"category","embeddable":true,"href":"https:\/\/www.estrategiaconcursos.com.br\/blog\/wp-json\/wp\/v2\/categories?post=1077100"},{"taxonomy":"post_tag","embeddable":true,"href":"https:\/\/www.estrategiaconcursos.com.br\/blog\/wp-json\/wp\/v2\/tags?post=1077100"},{"taxonomy":"tax_estado","embeddable":true,"href":"https:\/\/www.estrategiaconcursos.com.br\/blog\/wp-json\/wp\/v2\/tax_estado?post=1077100"}],"curies":[{"name":"wp","href":"https:\/\/api.w.org\/{rel}","templated":true}]}}