{"id":1074520,"date":"2022-08-09T11:06:11","date_gmt":"2022-08-09T14:06:11","guid":{"rendered":"https:\/\/www.estrategiaconcursos.com.br\/blog\/?p=1074520"},"modified":"2022-08-09T13:33:39","modified_gmt":"2022-08-09T16:33:39","slug":"autorizada-selecao-temporarios-sistema-prisional-sergipe","status":"publish","type":"post","link":"https:\/\/www.estrategiaconcursos.com.br\/blog\/autorizada-selecao-temporarios-sistema-prisional-sergipe\/","title":{"rendered":"Autorizada sele\u00e7\u00e3o para tempor\u00e1rios no Sistema Prisional de Sergipe"},"content":{"rendered":"\n<p>Foi autorizada uma nova sele\u00e7\u00e3o da Secretaria de Sa\u00fade de Sergipe para contrata\u00e7\u00e3o de profissionais tempor\u00e1rios para o sistema prisional. <\/p>\n\n\n\n<p>De acordo com o documento, ser\u00e3o ofertadas 54 vagas para profissionais da Sa\u00fade, para as fun\u00e7\u00f5es de T\u00e9cnico em Enfermagem, T\u00e9cnico de Farm\u00e1cia, T\u00e9cnico de Sa\u00fade Bucal, Terapeuta Ocupacional, Enfermeiro, Odont\u00f3logo, Psiquiatra, Psic\u00f3logo, Assistente Social, Farmac\u00eautico, Cl\u00ednico Geral, Fisioterapeuta e Nutricionista.<\/p>\n\n\n\n<p>Ainda segundo o comunicado, as oportunidades previstas s\u00e3o para profissionais com n\u00edveis m\u00e9dio, t\u00e9cnico e superior de forma\u00e7\u00e3o. <\/p>\n\n\n\n<h3 class=\"wp-block-heading\" id=\"h-autorizada-selecao-para-temporarios-no-sistema-prisional-de-sergipe-veja-abaixo\">Autorizada sele\u00e7\u00e3o para tempor\u00e1rios no Sistema Prisional de Sergipe. Veja abaixo!<\/h3>\n\n\n\n<figure class=\"wp-block-image aligncenter size-full\"><img loading=\"lazy\" decoding=\"async\" width=\"526\" height=\"429\" src=\"https:\/\/dhg1h5j42swfq.cloudfront.net\/2022\/08\/09105936\/image-67-1.png\" alt=\"Autorizada sele\u00e7\u00e3o para tempor\u00e1rios no Sistema Prisional de Sergipe\" class=\"wp-image-1074547\" srcset=\"https:\/\/dhg1h5j42swfq.cloudfront.net\/2022\/08\/09105936\/image-67-1.png 526w, https:\/\/dhg1h5j42swfq.cloudfront.net\/2022\/08\/09105936\/image-67-1-300x245.png 300w, https:\/\/dhg1h5j42swfq.cloudfront.net\/2022\/08\/09105936\/image-67-1-150x122.png 150w\" sizes=\"auto, (max-width: 526px) 100vw, 526px\" \/><\/figure>\n\n\n\n<p>Agora, deve ser formada uma comiss\u00e3o de acompanhamento das atividades, al\u00e9m da contrata\u00e7\u00e3o de uma banca organizadora para aplica\u00e7\u00e3o das provas e demais etapas do certame.<\/p>\n\n\n\n<p>A sele\u00e7\u00e3o, assim que publicada, ser\u00e1 v\u00e1lida por um ano e ter\u00e1 possibilidade de renova\u00e7\u00e3o por um ano mais.<\/p>\n\n\n\n<p>E para mais informa\u00e7\u00f5es sobre a sele\u00e7\u00e3o autorizada para tempor\u00e1rios no Sistema Prisional de <a href=\"https:\/\/sejuc.se.gov.br\/\" target=\"_blank\" rel=\"noreferrer noopener\">Sergipe<\/a>, acesse os links abaixo. N\u00f3s, do Estrat\u00e9gia Concursos, mapeamos as principais oportunidades abertas e previstas em todo o pa\u00eds para 2022 e 2023!<\/p>\n\n\n\n<h2 class=\"has-text-align-center wp-block-heading\" id=\"h-quer-saber-tudo-sobre-os-concursos-abertos-e-previstos-confira-nossos-artigos\">Quer saber tudo sobre os concursos abertos e previstos?<br \/>Confira nossos artigos!<\/h2>\n\n\n\n<ul class=\"wp-block-list\"><li><a href=\"https:\/\/www.estrategiaconcursos.com.br\/blog\/concursos-abertos\/\" target=\"_blank\" rel=\"noreferrer noopener\">Concursos abertos<\/a><\/li><li><a href=\"https:\/\/www.estrategiaconcursos.com.br\/blog\/concursos-2022\/\" target=\"_blank\" rel=\"noreferrer noopener\">Concursos 2022<\/a><\/li><li><a href=\"https:\/\/www.estrategiaconcursos.com.br\/blog\/concursos-2023\/\" target=\"_blank\" rel=\"noreferrer noopener\">Concursos 2023<\/a><\/li><\/ul>\n\n\n\n<div class=\"container\" id=\"boxes\">\n  <div class=\"row\">\n\n    <div class=\"col-sm\">\n      <div class=\"estrategia\" id=\"box-assinatura\">\n        <h3 class=\"titulo-assinatura\">Assinatura Concursos<\/h3>\n        <p class=\"subtitulo-assinatura\">Assinatura de 1 ano ou 2 anos<\/p>\n        <div class=\"box-botao\">\n          <a class=\"btn-assinatura\" target=\"_blank\" href=\"https:\/\/www.estrategiaconcursos.com.br\/assinaturas\/\" role=\"button\" rel=\"noopener noreferrer\">ASSINE AGORA<\/a>\n        <\/div>\n      <\/div>\n     \n    <\/div><\/div><\/div>\n","protected":false},"excerpt":{"rendered":"<p>Foi autorizada uma nova sele\u00e7\u00e3o da Secretaria de Sa\u00fade de Sergipe para contrata\u00e7\u00e3o de profissionais tempor\u00e1rios para o sistema prisional. De acordo com o documento, ser\u00e3o ofertadas 54 vagas para profissionais da Sa\u00fade, para as fun\u00e7\u00f5es de T\u00e9cnico em Enfermagem, T\u00e9cnico de Farm\u00e1cia, T\u00e9cnico de Sa\u00fade Bucal, Terapeuta Ocupacional, Enfermeiro, Odont\u00f3logo, Psiquiatra, Psic\u00f3logo, Assistente Social, [&hellip;]<\/p>\n","protected":false},"author":1483,"featured_media":100779,"comment_status":"open","ping_status":"closed","sticky":false,"template":"","format":"standard","meta":{"post_tipo":"news","footnotes":""},"categories":[220188,220219],"tags":[],"tax_estado":[219988],"class_list":["post-1074520","post","type-post","status-publish","format-standard","has-post-thumbnail","hentry","category-policial-agente-penitenciario","category-noticias","tax_estado-se"],"acf":[],"yoast_head":"<!-- This site is optimized with the Yoast SEO Premium plugin v27.2 (Yoast SEO v27.2) - https:\/\/yoast.com\/product\/yoast-seo-premium-wordpress\/ -->\n<title>Autorizada sele\u00e7\u00e3o para tempor\u00e1rios no Sistema Prisional de Sergipe<\/title>\n<meta name=\"description\" content=\"Autorizada sele\u00e7\u00e3o para tempor\u00e1rios no Sistema Prisional de Sergipe. Confira no blog do Estrat\u00e9gia Concursos os principais detalhes!\" \/>\n<meta name=\"robots\" content=\"index, follow, max-snippet:-1, max-image-preview:large, max-video-preview:-1\" \/>\n<link rel=\"canonical\" href=\"https:\/\/www.estrategiaconcursos.com.br\/blog\/autorizada-selecao-temporarios-sistema-prisional-sergipe\/\" \/>\n<meta property=\"og:locale\" content=\"pt_BR\" \/>\n<meta property=\"og:type\" content=\"article\" \/>\n<meta property=\"og:title\" content=\"Autorizada sele\u00e7\u00e3o para tempor\u00e1rios no Sistema Prisional de Sergipe\" \/>\n<meta property=\"og:description\" content=\"Autorizada sele\u00e7\u00e3o para tempor\u00e1rios no Sistema Prisional de Sergipe. Confira no blog do Estrat\u00e9gia Concursos os principais detalhes!\" \/>\n<meta property=\"og:url\" content=\"https:\/\/www.estrategiaconcursos.com.br\/blog\/autorizada-selecao-temporarios-sistema-prisional-sergipe\/\" \/>\n<meta property=\"og:site_name\" content=\"Estrat\u00e9gia Concursos\" \/>\n<meta property=\"article:published_time\" content=\"2022-08-09T14:06:11+00:00\" \/>\n<meta property=\"article:modified_time\" content=\"2022-08-09T16:33:39+00:00\" \/>\n<meta property=\"og:image\" content=\"https:\/\/dhg1h5j42swfq.cloudfront.net\/2017\/12\/02070256\/concurso-guarda-prisional-sergipe-4-e1514888060941.jpg\" \/>\n\t<meta property=\"og:image:width\" content=\"400\" \/>\n\t<meta property=\"og:image:height\" content=\"209\" \/>\n\t<meta property=\"og:image:type\" content=\"image\/jpeg\" \/>\n<meta name=\"author\" content=\"Diogo Mendes\" \/>\n<meta name=\"twitter:card\" content=\"summary_large_image\" \/>\n<meta name=\"twitter:creator\" content=\"@EstratConcursos\" \/>\n<meta name=\"twitter:site\" content=\"@EstratConcursos\" \/>\n<meta name=\"twitter:label1\" content=\"Escrito por\" \/>\n\t<meta name=\"twitter:data1\" content=\"Diogo Mendes\" \/>\n\t<meta name=\"twitter:label2\" content=\"Est. tempo de leitura\" \/>\n\t<meta name=\"twitter:data2\" content=\"2 minutos\" \/>\n<script type=\"application\/ld+json\" class=\"yoast-schema-graph\">{\"@context\":\"https:\/\/schema.org\",\"@graph\":[{\"@type\":\"NewsArticle\",\"@id\":\"https:\/\/www.estrategiaconcursos.com.br\/blog\/autorizada-selecao-temporarios-sistema-prisional-sergipe\/#article\",\"isPartOf\":{\"@id\":\"https:\/\/www.estrategiaconcursos.com.br\/blog\/autorizada-selecao-temporarios-sistema-prisional-sergipe\/\"},\"author\":{\"name\":\"Diogo Mendes\",\"@id\":\"https:\/\/www.estrategiaconcursos.com.br\/blog\/#\/schema\/person\/cc9e76173880338ce9f656c88664a1f6\"},\"headline\":\"Autorizada sele\u00e7\u00e3o para tempor\u00e1rios no Sistema Prisional de Sergipe\",\"datePublished\":\"2022-08-09T14:06:11+00:00\",\"dateModified\":\"2022-08-09T16:33:39+00:00\",\"mainEntityOfPage\":{\"@id\":\"https:\/\/www.estrategiaconcursos.com.br\/blog\/autorizada-selecao-temporarios-sistema-prisional-sergipe\/\"},\"wordCount\":242,\"commentCount\":0,\"publisher\":{\"@id\":\"https:\/\/www.estrategiaconcursos.com.br\/blog\/#organization\"},\"image\":{\"@id\":\"https:\/\/www.estrategiaconcursos.com.br\/blog\/autorizada-selecao-temporarios-sistema-prisional-sergipe\/#primaryimage\"},\"thumbnailUrl\":\"https:\/\/dhg1h5j42swfq.cloudfront.net\/2017\/12\/02070256\/concurso-guarda-prisional-sergipe-4-e1514888060941.jpg\",\"articleSection\":[\"Policial (Agente Penitenci\u00e1rio)\",\"\u00daltimas not\u00edcias\"],\"inLanguage\":\"pt-BR\",\"potentialAction\":[{\"@type\":\"CommentAction\",\"name\":\"Comment\",\"target\":[\"https:\/\/www.estrategiaconcursos.com.br\/blog\/autorizada-selecao-temporarios-sistema-prisional-sergipe\/#respond\"]}],\"copyrightYear\":\"2022\",\"copyrightHolder\":{\"@id\":\"https:\/\/www.estrategiaconcursos.com.br\/blog\/#organization\"}},{\"@type\":\"WebPage\",\"@id\":\"https:\/\/www.estrategiaconcursos.com.br\/blog\/autorizada-selecao-temporarios-sistema-prisional-sergipe\/\",\"url\":\"https:\/\/www.estrategiaconcursos.com.br\/blog\/autorizada-selecao-temporarios-sistema-prisional-sergipe\/\",\"name\":\"Autorizada sele\u00e7\u00e3o para tempor\u00e1rios no Sistema Prisional de Sergipe\",\"isPartOf\":{\"@id\":\"https:\/\/www.estrategiaconcursos.com.br\/blog\/#website\"},\"primaryImageOfPage\":{\"@id\":\"https:\/\/www.estrategiaconcursos.com.br\/blog\/autorizada-selecao-temporarios-sistema-prisional-sergipe\/#primaryimage\"},\"image\":{\"@id\":\"https:\/\/www.estrategiaconcursos.com.br\/blog\/autorizada-selecao-temporarios-sistema-prisional-sergipe\/#primaryimage\"},\"thumbnailUrl\":\"https:\/\/dhg1h5j42swfq.cloudfront.net\/2017\/12\/02070256\/concurso-guarda-prisional-sergipe-4-e1514888060941.jpg\",\"datePublished\":\"2022-08-09T14:06:11+00:00\",\"dateModified\":\"2022-08-09T16:33:39+00:00\",\"description\":\"Autorizada sele\u00e7\u00e3o para tempor\u00e1rios no Sistema Prisional de Sergipe. Confira no blog do Estrat\u00e9gia Concursos os principais detalhes!\",\"breadcrumb\":{\"@id\":\"https:\/\/www.estrategiaconcursos.com.br\/blog\/autorizada-selecao-temporarios-sistema-prisional-sergipe\/#breadcrumb\"},\"inLanguage\":\"pt-BR\",\"potentialAction\":[{\"@type\":\"ReadAction\",\"target\":[\"https:\/\/www.estrategiaconcursos.com.br\/blog\/autorizada-selecao-temporarios-sistema-prisional-sergipe\/\"]}]},{\"@type\":\"ImageObject\",\"inLanguage\":\"pt-BR\",\"@id\":\"https:\/\/www.estrategiaconcursos.com.br\/blog\/autorizada-selecao-temporarios-sistema-prisional-sergipe\/#primaryimage\",\"url\":\"https:\/\/dhg1h5j42swfq.cloudfront.net\/2017\/12\/02070256\/concurso-guarda-prisional-sergipe-4-e1514888060941.jpg\",\"contentUrl\":\"https:\/\/dhg1h5j42swfq.cloudfront.net\/2017\/12\/02070256\/concurso-guarda-prisional-sergipe-4-e1514888060941.jpg\",\"width\":400,\"height\":209,\"caption\":\"concurso guarda prisional sergipe 5\"},{\"@type\":\"BreadcrumbList\",\"@id\":\"https:\/\/www.estrategiaconcursos.com.br\/blog\/autorizada-selecao-temporarios-sistema-prisional-sergipe\/#breadcrumb\",\"itemListElement\":[{\"@type\":\"ListItem\",\"position\":1,\"name\":\"In\u00edcio\",\"item\":\"https:\/\/www.estrategiaconcursos.com.br\/blog\/\"},{\"@type\":\"ListItem\",\"position\":2,\"name\":\"Autorizada sele\u00e7\u00e3o para tempor\u00e1rios no Sistema Prisional de Sergipe\"}]},{\"@type\":\"WebSite\",\"@id\":\"https:\/\/www.estrategiaconcursos.com.br\/blog\/#website\",\"url\":\"https:\/\/www.estrategiaconcursos.com.br\/blog\/\",\"name\":\"Estrat\u00e9gia Concursos\",\"description\":\"O blog da Estrat\u00e9gia Concursos traz not\u00edcias sobre concursos e artigos de professores oferecendo cursos para concursos (pdf + videaulas) no site.\",\"publisher\":{\"@id\":\"https:\/\/www.estrategiaconcursos.com.br\/blog\/#organization\"},\"potentialAction\":[{\"@type\":\"SearchAction\",\"target\":{\"@type\":\"EntryPoint\",\"urlTemplate\":\"https:\/\/www.estrategiaconcursos.com.br\/blog\/?s={search_term_string}\"},\"query-input\":{\"@type\":\"PropertyValueSpecification\",\"valueRequired\":true,\"valueName\":\"search_term_string\"}}],\"inLanguage\":\"pt-BR\"},{\"@type\":\"Organization\",\"@id\":\"https:\/\/www.estrategiaconcursos.com.br\/blog\/#organization\",\"name\":\"Estrat\u00e9gia Concursos\",\"url\":\"https:\/\/www.estrategiaconcursos.com.br\/blog\/\",\"logo\":{\"@type\":\"ImageObject\",\"inLanguage\":\"pt-BR\",\"@id\":\"https:\/\/www.estrategiaconcursos.com.br\/blog\/#\/schema\/logo\/image\/\",\"url\":\"https:\/\/dhg1h5j42swfq.cloudfront.net\/2025\/06\/03203428\/logo_concursos-1.jpg\",\"contentUrl\":\"https:\/\/dhg1h5j42swfq.cloudfront.net\/2025\/06\/03203428\/logo_concursos-1.jpg\",\"width\":230,\"height\":60,\"caption\":\"Estrat\u00e9gia Concursos\"},\"image\":{\"@id\":\"https:\/\/www.estrategiaconcursos.com.br\/blog\/#\/schema\/logo\/image\/\"},\"sameAs\":[\"https:\/\/x.com\/EstratConcursos\"]},{\"@type\":\"Person\",\"@id\":\"https:\/\/www.estrategiaconcursos.com.br\/blog\/#\/schema\/person\/cc9e76173880338ce9f656c88664a1f6\",\"name\":\"Diogo Mendes\",\"image\":{\"@type\":\"ImageObject\",\"inLanguage\":\"pt-BR\",\"@id\":\"https:\/\/secure.gravatar.com\/avatar\/9754d6777d460a45ef4067b586b94c32005cc2345a0404b8d96adc620cf63806?s=96&d=mm&r=g\",\"url\":\"https:\/\/secure.gravatar.com\/avatar\/9754d6777d460a45ef4067b586b94c32005cc2345a0404b8d96adc620cf63806?s=96&d=mm&r=g\",\"contentUrl\":\"https:\/\/secure.gravatar.com\/avatar\/9754d6777d460a45ef4067b586b94c32005cc2345a0404b8d96adc620cf63806?s=96&d=mm&r=g\",\"caption\":\"Diogo Mendes\"},\"description\":\"Diogo Mendes \u00e9 jornalista formado pela Universidade Paulista, com experi\u00eancia em reda\u00e7\u00f5es de diversos ve\u00edculos e na produ\u00e7\u00e3o de conte\u00fados especializados em concursos p\u00fablicos. Desde 2019, atua no Estrat\u00e9gia Concursos como Jornalista e Analista de Conte\u00fado, com foco na apura\u00e7\u00e3o de informa\u00e7\u00f5es junto a \u00f3rg\u00e3os e fontes oficiais. Dedica-se especialmente \u00e0 produ\u00e7\u00e3o de not\u00edcias e reportagens sobre Concursos Legislativos, al\u00e9m de acompanhar diariamente os concursos policiais, banc\u00e1rios e da \u00e1rea da sa\u00fade.\",\"url\":\"https:\/\/www.estrategiaconcursos.com.br\/blog\/author\/diogo-mendesestrategiaconcursos-com-br\/\"}]}<\/script>\n<!-- \/ Yoast SEO Premium plugin. -->","yoast_head_json":{"title":"Autorizada sele\u00e7\u00e3o para tempor\u00e1rios no Sistema Prisional de Sergipe","description":"Autorizada sele\u00e7\u00e3o para tempor\u00e1rios no Sistema Prisional de Sergipe. Confira no blog do Estrat\u00e9gia Concursos os principais detalhes!","robots":{"index":"index","follow":"follow","max-snippet":"max-snippet:-1","max-image-preview":"max-image-preview:large","max-video-preview":"max-video-preview:-1"},"canonical":"https:\/\/www.estrategiaconcursos.com.br\/blog\/autorizada-selecao-temporarios-sistema-prisional-sergipe\/","og_locale":"pt_BR","og_type":"article","og_title":"Autorizada sele\u00e7\u00e3o para tempor\u00e1rios no Sistema Prisional de Sergipe","og_description":"Autorizada sele\u00e7\u00e3o para tempor\u00e1rios no Sistema Prisional de Sergipe. Confira no blog do Estrat\u00e9gia Concursos os principais detalhes!","og_url":"https:\/\/www.estrategiaconcursos.com.br\/blog\/autorizada-selecao-temporarios-sistema-prisional-sergipe\/","og_site_name":"Estrat\u00e9gia Concursos","article_published_time":"2022-08-09T14:06:11+00:00","article_modified_time":"2022-08-09T16:33:39+00:00","og_image":[{"width":400,"height":209,"url":"https:\/\/dhg1h5j42swfq.cloudfront.net\/2017\/12\/02070256\/concurso-guarda-prisional-sergipe-4-e1514888060941.jpg","type":"image\/jpeg"}],"author":"Diogo Mendes","twitter_card":"summary_large_image","twitter_creator":"@EstratConcursos","twitter_site":"@EstratConcursos","twitter_misc":{"Escrito por":"Diogo Mendes","Est. tempo de leitura":"2 minutos"},"schema":{"@context":"https:\/\/schema.org","@graph":[{"@type":"NewsArticle","@id":"https:\/\/www.estrategiaconcursos.com.br\/blog\/autorizada-selecao-temporarios-sistema-prisional-sergipe\/#article","isPartOf":{"@id":"https:\/\/www.estrategiaconcursos.com.br\/blog\/autorizada-selecao-temporarios-sistema-prisional-sergipe\/"},"author":{"name":"Diogo Mendes","@id":"https:\/\/www.estrategiaconcursos.com.br\/blog\/#\/schema\/person\/cc9e76173880338ce9f656c88664a1f6"},"headline":"Autorizada sele\u00e7\u00e3o para tempor\u00e1rios no Sistema Prisional de Sergipe","datePublished":"2022-08-09T14:06:11+00:00","dateModified":"2022-08-09T16:33:39+00:00","mainEntityOfPage":{"@id":"https:\/\/www.estrategiaconcursos.com.br\/blog\/autorizada-selecao-temporarios-sistema-prisional-sergipe\/"},"wordCount":242,"commentCount":0,"publisher":{"@id":"https:\/\/www.estrategiaconcursos.com.br\/blog\/#organization"},"image":{"@id":"https:\/\/www.estrategiaconcursos.com.br\/blog\/autorizada-selecao-temporarios-sistema-prisional-sergipe\/#primaryimage"},"thumbnailUrl":"https:\/\/dhg1h5j42swfq.cloudfront.net\/2017\/12\/02070256\/concurso-guarda-prisional-sergipe-4-e1514888060941.jpg","articleSection":["Policial (Agente Penitenci\u00e1rio)","\u00daltimas not\u00edcias"],"inLanguage":"pt-BR","potentialAction":[{"@type":"CommentAction","name":"Comment","target":["https:\/\/www.estrategiaconcursos.com.br\/blog\/autorizada-selecao-temporarios-sistema-prisional-sergipe\/#respond"]}],"copyrightYear":"2022","copyrightHolder":{"@id":"https:\/\/www.estrategiaconcursos.com.br\/blog\/#organization"}},{"@type":"WebPage","@id":"https:\/\/www.estrategiaconcursos.com.br\/blog\/autorizada-selecao-temporarios-sistema-prisional-sergipe\/","url":"https:\/\/www.estrategiaconcursos.com.br\/blog\/autorizada-selecao-temporarios-sistema-prisional-sergipe\/","name":"Autorizada sele\u00e7\u00e3o para tempor\u00e1rios no Sistema Prisional de Sergipe","isPartOf":{"@id":"https:\/\/www.estrategiaconcursos.com.br\/blog\/#website"},"primaryImageOfPage":{"@id":"https:\/\/www.estrategiaconcursos.com.br\/blog\/autorizada-selecao-temporarios-sistema-prisional-sergipe\/#primaryimage"},"image":{"@id":"https:\/\/www.estrategiaconcursos.com.br\/blog\/autorizada-selecao-temporarios-sistema-prisional-sergipe\/#primaryimage"},"thumbnailUrl":"https:\/\/dhg1h5j42swfq.cloudfront.net\/2017\/12\/02070256\/concurso-guarda-prisional-sergipe-4-e1514888060941.jpg","datePublished":"2022-08-09T14:06:11+00:00","dateModified":"2022-08-09T16:33:39+00:00","description":"Autorizada sele\u00e7\u00e3o para tempor\u00e1rios no Sistema Prisional de Sergipe. Confira no blog do Estrat\u00e9gia Concursos os principais detalhes!","breadcrumb":{"@id":"https:\/\/www.estrategiaconcursos.com.br\/blog\/autorizada-selecao-temporarios-sistema-prisional-sergipe\/#breadcrumb"},"inLanguage":"pt-BR","potentialAction":[{"@type":"ReadAction","target":["https:\/\/www.estrategiaconcursos.com.br\/blog\/autorizada-selecao-temporarios-sistema-prisional-sergipe\/"]}]},{"@type":"ImageObject","inLanguage":"pt-BR","@id":"https:\/\/www.estrategiaconcursos.com.br\/blog\/autorizada-selecao-temporarios-sistema-prisional-sergipe\/#primaryimage","url":"https:\/\/dhg1h5j42swfq.cloudfront.net\/2017\/12\/02070256\/concurso-guarda-prisional-sergipe-4-e1514888060941.jpg","contentUrl":"https:\/\/dhg1h5j42swfq.cloudfront.net\/2017\/12\/02070256\/concurso-guarda-prisional-sergipe-4-e1514888060941.jpg","width":400,"height":209,"caption":"concurso guarda prisional sergipe 5"},{"@type":"BreadcrumbList","@id":"https:\/\/www.estrategiaconcursos.com.br\/blog\/autorizada-selecao-temporarios-sistema-prisional-sergipe\/#breadcrumb","itemListElement":[{"@type":"ListItem","position":1,"name":"In\u00edcio","item":"https:\/\/www.estrategiaconcursos.com.br\/blog\/"},{"@type":"ListItem","position":2,"name":"Autorizada sele\u00e7\u00e3o para tempor\u00e1rios no Sistema Prisional de Sergipe"}]},{"@type":"WebSite","@id":"https:\/\/www.estrategiaconcursos.com.br\/blog\/#website","url":"https:\/\/www.estrategiaconcursos.com.br\/blog\/","name":"Estrat\u00e9gia Concursos","description":"O blog da Estrat\u00e9gia Concursos traz not\u00edcias sobre concursos e artigos de professores oferecendo cursos para concursos (pdf + videaulas) no site.","publisher":{"@id":"https:\/\/www.estrategiaconcursos.com.br\/blog\/#organization"},"potentialAction":[{"@type":"SearchAction","target":{"@type":"EntryPoint","urlTemplate":"https:\/\/www.estrategiaconcursos.com.br\/blog\/?s={search_term_string}"},"query-input":{"@type":"PropertyValueSpecification","valueRequired":true,"valueName":"search_term_string"}}],"inLanguage":"pt-BR"},{"@type":"Organization","@id":"https:\/\/www.estrategiaconcursos.com.br\/blog\/#organization","name":"Estrat\u00e9gia Concursos","url":"https:\/\/www.estrategiaconcursos.com.br\/blog\/","logo":{"@type":"ImageObject","inLanguage":"pt-BR","@id":"https:\/\/www.estrategiaconcursos.com.br\/blog\/#\/schema\/logo\/image\/","url":"https:\/\/dhg1h5j42swfq.cloudfront.net\/2025\/06\/03203428\/logo_concursos-1.jpg","contentUrl":"https:\/\/dhg1h5j42swfq.cloudfront.net\/2025\/06\/03203428\/logo_concursos-1.jpg","width":230,"height":60,"caption":"Estrat\u00e9gia Concursos"},"image":{"@id":"https:\/\/www.estrategiaconcursos.com.br\/blog\/#\/schema\/logo\/image\/"},"sameAs":["https:\/\/x.com\/EstratConcursos"]},{"@type":"Person","@id":"https:\/\/www.estrategiaconcursos.com.br\/blog\/#\/schema\/person\/cc9e76173880338ce9f656c88664a1f6","name":"Diogo Mendes","image":{"@type":"ImageObject","inLanguage":"pt-BR","@id":"https:\/\/secure.gravatar.com\/avatar\/9754d6777d460a45ef4067b586b94c32005cc2345a0404b8d96adc620cf63806?s=96&d=mm&r=g","url":"https:\/\/secure.gravatar.com\/avatar\/9754d6777d460a45ef4067b586b94c32005cc2345a0404b8d96adc620cf63806?s=96&d=mm&r=g","contentUrl":"https:\/\/secure.gravatar.com\/avatar\/9754d6777d460a45ef4067b586b94c32005cc2345a0404b8d96adc620cf63806?s=96&d=mm&r=g","caption":"Diogo Mendes"},"description":"Diogo Mendes \u00e9 jornalista formado pela Universidade Paulista, com experi\u00eancia em reda\u00e7\u00f5es de diversos ve\u00edculos e na produ\u00e7\u00e3o de conte\u00fados especializados em concursos p\u00fablicos. Desde 2019, atua no Estrat\u00e9gia Concursos como Jornalista e Analista de Conte\u00fado, com foco na apura\u00e7\u00e3o de informa\u00e7\u00f5es junto a \u00f3rg\u00e3os e fontes oficiais. Dedica-se especialmente \u00e0 produ\u00e7\u00e3o de not\u00edcias e reportagens sobre Concursos Legislativos, al\u00e9m de acompanhar diariamente os concursos policiais, banc\u00e1rios e da \u00e1rea da sa\u00fade.","url":"https:\/\/www.estrategiaconcursos.com.br\/blog\/author\/diogo-mendesestrategiaconcursos-com-br\/"}]}},"_links":{"self":[{"href":"https:\/\/www.estrategiaconcursos.com.br\/blog\/wp-json\/wp\/v2\/posts\/1074520","targetHints":{"allow":["GET"]}}],"collection":[{"href":"https:\/\/www.estrategiaconcursos.com.br\/blog\/wp-json\/wp\/v2\/posts"}],"about":[{"href":"https:\/\/www.estrategiaconcursos.com.br\/blog\/wp-json\/wp\/v2\/types\/post"}],"author":[{"embeddable":true,"href":"https:\/\/www.estrategiaconcursos.com.br\/blog\/wp-json\/wp\/v2\/users\/1483"}],"replies":[{"embeddable":true,"href":"https:\/\/www.estrategiaconcursos.com.br\/blog\/wp-json\/wp\/v2\/comments?post=1074520"}],"version-history":[{"count":4,"href":"https:\/\/www.estrategiaconcursos.com.br\/blog\/wp-json\/wp\/v2\/posts\/1074520\/revisions"}],"predecessor-version":[{"id":1074648,"href":"https:\/\/www.estrategiaconcursos.com.br\/blog\/wp-json\/wp\/v2\/posts\/1074520\/revisions\/1074648"}],"wp:featuredmedia":[{"embeddable":true,"href":"https:\/\/www.estrategiaconcursos.com.br\/blog\/wp-json\/wp\/v2\/media\/100779"}],"wp:attachment":[{"href":"https:\/\/www.estrategiaconcursos.com.br\/blog\/wp-json\/wp\/v2\/media?parent=1074520"}],"wp:term":[{"taxonomy":"category","embeddable":true,"href":"https:\/\/www.estrategiaconcursos.com.br\/blog\/wp-json\/wp\/v2\/categories?post=1074520"},{"taxonomy":"post_tag","embeddable":true,"href":"https:\/\/www.estrategiaconcursos.com.br\/blog\/wp-json\/wp\/v2\/tags?post=1074520"},{"taxonomy":"tax_estado","embeddable":true,"href":"https:\/\/www.estrategiaconcursos.com.br\/blog\/wp-json\/wp\/v2\/tax_estado?post=1074520"}],"curies":[{"name":"wp","href":"https:\/\/api.w.org\/{rel}","templated":true}]}}