{"id":1074337,"date":"2023-02-27T09:08:00","date_gmt":"2023-02-27T12:08:00","guid":{"rendered":"https:\/\/www.estrategiaconcursos.com.br\/blog\/?p=1074337"},"modified":"2023-02-27T09:08:20","modified_gmt":"2023-02-27T12:08:20","slug":"concurso-bcprevi-sc","status":"publish","type":"post","link":"https:\/\/www.estrategiaconcursos.com.br\/blog\/concurso-bcprevi-sc\/","title":{"rendered":"Concurso BCPREVI SC: divulgados gabaritos preliminares"},"content":{"rendered":"\n<p>Foram realizadas no dia 26 de fevereiro as provas do concurso do <a href=\"https:\/\/www.estrategiaconcursos.com.br\/cursosPorConcurso\/instituto-de-previdencia-social-dos-servidores-publicos-de-balneario-camboriu-bcprevi-sc\/\" target=\"_blank\" rel=\"noreferrer noopener\">Instituto de Previd\u00eancia Social dos Servidores P\u00fablicos de Balne\u00e1rio Cambori\u00fa<\/a> (<strong>BCPREVI SC<\/strong>). Confira os gabaritos no link abaixo:<\/p>\n\n\n\n<ul class=\"wp-block-list\">\n<li><a href=\"https:\/\/dhg1h5j42swfq.cloudfront.net\/2023\/02\/27090233\/gabarito_provisorio.pdf\" target=\"_blank\" rel=\"noreferrer noopener nofollow\"><strong>Gabaritos preliminares<\/strong><\/a><\/li>\n<\/ul>\n\n\n\n<p>Com isso, fica aberto entre os dias 27 e 28 de fevereiro o <strong>per\u00edodo para interposi\u00e7\u00e3o de recursos<\/strong> contra os gabaritos. Todo o processo deve ser feito em <a href=\"https:\/\/ssl.fepese.org.br\/2022\/2022bcprevi\/?go=recurso&amp;edital=1&amp;etapa=2\" target=\"_blank\" rel=\"noreferrer noopener\">link espec\u00edfico<\/a> no site da banca.<\/p>\n\n\n\n<p>O concurso oferta vagas em cadastro reserva para cargos de n\u00edveis m\u00e9dio e superior, com remunera\u00e7\u00f5es iniciais que podem alcan\u00e7ar os R$ 8,5 mil.<\/p>\n\n\n\n<ul class=\"has-very-light-gray-to-cyan-bluish-gray-gradient-background has-background wp-block-list\">\n<li><strong>Instituto de Previd\u00eancia Social dos Servidores P\u00fablicos de Balne\u00e1rio Cambori\u00fa <\/strong><\/li>\n\n\n\n<li><strong>Status:<\/strong>\u00a0Provas aplicadas\/Gabaritos divulgados<\/li>\n\n\n\n<li><strong>Banca:<\/strong>&nbsp;<a href=\"https:\/\/2022bcprevi.fepese.org.br\/\" target=\"_blank\" rel=\"noreferrer noopener\">FEPESE<\/a><\/li>\n\n\n\n<li><strong>Vagas:<\/strong> CR<\/li>\n\n\n\n<li><strong>Sal\u00e1rio inicial:<\/strong>&nbsp;R$ 2.455,81 a R$ 8.504,64<\/li>\n\n\n\n<li><strong>Edital:<\/strong> <a href=\"https:\/\/dhg1h5j42swfq.cloudfront.net\/2022\/12\/30163432\/2022_005_cp_bc_previ.pdf\" target=\"_blank\" rel=\"noreferrer noopener nofollow\">BCPRevi SC 2022<\/a><\/li>\n<\/ul>\n\n\n\n<p>A fim de te deixar sempre bem informado, elaboramos este artigo com as principais informa\u00e7\u00f5es e novidades sobre o concurso BCPREVI SC:<\/p>\n\n\n\n<ul class=\"wp-block-list\" id=\"indice\">\n<li><a href=\"#vagas\">Distribui\u00e7\u00e3o das vagas<\/a>\n<ul class=\"wp-block-list\">\n<li><a href=\"#medio\">N\u00edvel m\u00e9dio<\/a><\/li>\n\n\n\n<li><a href=\"#superior\">N\u00edvel superior<\/a><\/li>\n\n\n\n<li><a href=\"#inscritos\">Demanda de inscritos<\/a><\/li>\n<\/ul>\n<\/li>\n\n\n\n<li><a href=\"#etapas\">Etapas<\/a><\/li>\n\n\n\n<li><span style=\"color: initial;\"><a href=\"#sobre\">Sobre a BCPREV SC<\/a><\/span><\/li>\n\n\n\n<li><a href=\"#cursos-assinatura\">Assinatura e cursos<\/a><\/li>\n\n\n\n<li><a href=\"#ficha\">Ficha t\u00e9cnica<\/a><\/li>\n<\/ul>\n\n\n\n<div class=\"container\" id=\"boxes\">\n  <div class=\"row\">\n\n    <div class=\"col-sm\">\n      <div class=\"banner-estrategia\" id=\"box-assinatura\">\n        <h3 class=\"titulo-assinatura\">Cursos para concursos<\/h3>\n        <p class=\"subtitulo-assinatura\">Conhe\u00e7a os cursos<\/p>\n        <div class=\"box-botao\">\n          <a class=\"btn-assinatura\" target=\"_blank\" href=\"https:\/\/www.estrategiaconcursos.com.br\/cursosPorConcurso\/instituto-de-previdencia-social-dos-servidores-publicos-de-balneario-camboriu-bcprevi-sc\/\" role=\"button\" rel=\"noopener noreferrer\">Conhe\u00e7a mais<\/a>\n        <\/div>\n      <\/div>\n     \n    <\/div>\n\n  <\/div>\n<\/div>\n\n\n\n<h2 class=\"wp-block-heading\" id=\"vagas\">Concurso BCPREVI SC: distribui\u00e7\u00e3o das vagas<\/h2>\n\n\n\n<h3 class=\"wp-block-heading\" id=\"medio\">N\u00edvel m\u00e9dio<\/h3>\n\n\n\n<ul class=\"wp-block-list\">\n<li><strong><a href=\"https:\/\/www.estrategiaconcursos.com.br\/curso\/bcprevi-sc-assistente-administrativo-pacote-completo-2023-pos-edital\/\" target=\"_blank\" rel=\"noreferrer noopener\">Assistente Administrativo<\/a>: <\/strong>CR &#8211; R$ 2.455,81;<\/li>\n\n\n\n<li><strong><a href=\"https:\/\/www.estrategiaconcursos.com.br\/curso\/bcprevi-sc-tecnico-contabil-financeiro-pacote-completo-2023-pos-edital\/\" target=\"_blank\" rel=\"noreferrer noopener\">T\u00e9cnico Cont\u00e1bil Financeiro<\/a>: <\/strong>CR &#8211; R$ 2.455,81.<\/li>\n<\/ul>\n\n\n\n<p><strong>Assistente Administrativo: <\/strong>Ensino M\u00e9dio completo.<\/p>\n\n\n\n<p><strong>T\u00e9cnico Cont\u00e1bil Financeiro:<\/strong> Ensino M\u00e9dio completo, com curso T\u00e9cnico em Contabilidade reconhecido pelo MEC e registro no respectivo Conselho ou \u00d3rg\u00e3o Fiscalizador do Exerc\u00edcio da Profiss\u00e3o.<\/p>\n\n\n\n<h3 class=\"wp-block-heading\" id=\"superior\">N\u00edvel superior<\/h3>\n\n\n\n<ul class=\"wp-block-list\">\n<li><strong><a href=\"https:\/\/www.estrategiaconcursos.com.br\/curso\/bcprevi-sc-analista-financeiro-pacote-2023-pos-edital\/\" target=\"_blank\" rel=\"noreferrer noopener\">Analista Financeiro<\/a>:<\/strong> CR &#8211; R$ 3.541,08;<\/li>\n\n\n\n<li><strong><a href=\"https:\/\/www.estrategiaconcursos.com.br\/curso\/bcprevi-sc-analista-previdenciario-pacote-completo-2023-pos-edital\/\" target=\"_blank\" rel=\"noreferrer noopener\">Analista Previdenci\u00e1rio<\/a>:<\/strong> CR &#8211; R$ 3.541,08;<\/li>\n\n\n\n<li><strong><a href=\"https:\/\/www.estrategiaconcursos.com.br\/curso\/bcprevi-sc-contador-pacote-completo-2023-pos-edital\/\" target=\"_blank\" rel=\"noreferrer noopener\">Contador<\/a>:<\/strong> CR &#8211; R$ 8.504,64.<\/li>\n<\/ul>\n\n\n\n<p><strong>Analista Financeiro: <\/strong>Ensino Superior Completo em Finan\u00e7as, Economia ou \u00e1reas afins, com registro, quando necess\u00e1rio e\/ou solicitado, no respectivo Conselho ou \u00d3rg\u00e3o Fiscalizador do Exerc\u00edcio da Profiss\u00e3o.<\/p>\n\n\n\n<p><strong>Analista Previdenci\u00e1rio<\/strong>: Ensino Superior Completo em Finan\u00e7as, Economia ou \u00e1reas afins, com registro, quando necess\u00e1rio e\/ou solicitado, no respectivo Conselho ou \u00d3rg\u00e3o Fiscalizador do Exerc\u00edcio da Profiss\u00e3o.<\/p>\n\n\n\n<p><strong>Contador<\/strong>: Ensino Superior Completo em Ci\u00eancias Cont\u00e1beis, com registro no Conselho ou \u00d3rg\u00e3o Fiscalizador do Exerc\u00edcio da Profiss\u00e3o.<\/p>\n\n\n\n<h3 class=\"wp-block-heading\" id=\"inscritos\">Demanda de inscritos<\/h3>\n\n\n\n<p>Ao todo, <strong>707 candidatos se inscreveram <\/strong>na sele\u00e7\u00e3o. A procura maior foi pelo cargo de Assistente Administrativo. Veja:<\/p>\n\n\n\n<ul class=\"wp-block-list\">\n<li><strong>Assistente Administrativo<\/strong> &#8211; 459 inscritos<\/li>\n\n\n\n<li><strong>T\u00e9cnico Cont\u00e1bil Financeiro<\/strong> &#8211; 22 inscritos<\/li>\n\n\n\n<li><strong>Analista Financeiro<\/strong> &#8211; 37 inscritos<\/li>\n\n\n\n<li><strong>Analista Previdenci\u00e1rio<\/strong> &#8211; 49 inscritos<\/li>\n\n\n\n<li><strong>Contador<\/strong> &#8211; 140 inscritos<\/li>\n<\/ul>\n\n\n\n<h2 class=\"wp-block-heading\" id=\"etapas\">Concurso BCPREVI SC: etapas<\/h2>\n\n\n\n<p>A avalia\u00e7\u00e3o dos candidatos foi realizada atrav\u00e9s de uma \u00fanica etapa, de prova objetiva de m\u00faltipla escolha, com 40 quest\u00f5es e dura\u00e7\u00e3o m\u00e1xima de 3 horas.<\/p>\n\n\n\n<p>Para ser aprovado na etapa, o candidato dever\u00e1 obter nota igual ou superior a 6,00 pontos.<\/p>\n\n\n\n<figure class=\"wp-block-table is-style-stripes\"><table class=\"has-fixed-layout\"><thead><tr><th class=\"has-text-align-center\" data-align=\"center\">\u00c1rea de conhecimento<\/th><th class=\"has-text-align-center\" data-align=\"center\">N\u00ba de quest\u00f5es<\/th><th class=\"has-text-align-center\" data-align=\"center\">Valor<\/th><th class=\"has-text-align-center\" data-align=\"center\">Total<\/th><\/tr><\/thead><tbody><tr><td class=\"has-text-align-center\" data-align=\"center\">L\u00edngua Portuguesa<\/td><td class=\"has-text-align-center\" data-align=\"center\">10<\/td><td class=\"has-text-align-center\" data-align=\"center\">0,25<\/td><td class=\"has-text-align-center\" data-align=\"center\">2,50<\/td><\/tr><tr><td class=\"has-text-align-center\" data-align=\"center\">Conhecimentos Atuais<\/td><td class=\"has-text-align-center\" data-align=\"center\">05<\/td><td class=\"has-text-align-center\" data-align=\"center\">0,25<\/td><td class=\"has-text-align-center\" data-align=\"center\">1,25<\/td><\/tr><tr><td class=\"has-text-align-center\" data-align=\"center\">Conhecimentos espec\u00edficos do cargo<\/td><td class=\"has-text-align-center\" data-align=\"center\">25<\/td><td class=\"has-text-align-center\" data-align=\"center\">0,25<\/td><td class=\"has-text-align-center\" data-align=\"center\">6,25<\/td><\/tr><tr><td class=\"has-text-align-center\" data-align=\"center\"><strong>TOTAIS<\/strong><\/td><td class=\"has-text-align-center\" data-align=\"center\"><strong>40<\/strong><\/td><td class=\"has-text-align-center\" data-align=\"center\"><strong>&#8211;<\/strong><\/td><td class=\"has-text-align-center\" data-align=\"center\"><strong>10,00<\/strong><\/td><\/tr><\/tbody><\/table><\/figure>\n\n\n\n<h2 class=\"wp-block-heading\" id=\"sobre\">Sobre o BCPREVI SC<\/h2>\n\n\n\n<p>O Instituto de Previd\u00eancia Social dos Servidores P\u00fablicos do Munic\u00edpio de Balne\u00e1rio Cambori\u00fa \u2013 BCPREVI \u00e9 o Regime Pr\u00f3prio de Previd\u00eancia Social, criado como Autarquia em 2004, adequando-se \u00e0 Norma Federal, sendo que anteriormente, desde 1993, atuava em conjunto ao Plano de Sa\u00fade (FUNSERVIR). <\/p>\n\n\n\n<p>Esta Previd\u00eancia Municipal \u00e9 gestora dos recursos e benef\u00edcios previdenci\u00e1rios, abrangendo os servidores ativos e inativos e seus dependentes (pensionistas). <\/p>\n\n\n\n<p>Possui em seu corpo administrativo t\u00e9cnicos especializados, comprometidos \u00e0 complexa tem\u00e1tica, em constante atualiza\u00e7\u00e3o normativa e crescente demanda, ofertando excel\u00eancia no atendimento e processamento interno para homologa\u00e7\u00e3o de benef\u00edcios pelo Tribunal de Contas Estadual e atua\u00e7\u00e3o devida conforme fiscaliza\u00e7\u00e3o e auditoria por este e demais \u00f3rg\u00e3os.<\/p>\n\n\n\n<hr class=\"wp-block-separator has-alpha-channel-opacity\"\/>\n\n\n\n<h2 class=\"has-text-align-center wp-block-heading\" id=\"cursos-assinatura\"><em>Quer estudar para o concurso BCPREVI SC?<\/em><\/h2>\n\n\n\n<div class=\"container\" id=\"boxes\">\n  <div class=\"row\">\n\n    <div class=\"col-sm\">\n      <div class=\"banner-estrategia\" id=\"box-assinatura\">\n        <h3 class=\"titulo-assinatura\">Cursos para concursos<\/h3>\n        <p class=\"subtitulo-assinatura\">Conhe\u00e7a os cursos<\/p>\n        <div class=\"box-botao\">\n          <a class=\"btn-assinatura\" target=\"_blank\" href=\"https:\/\/www.estrategiaconcursos.com.br\/cursosPorConcurso\/instituto-de-previdencia-social-dos-servidores-publicos-de-balneario-camboriu-bcprevi-sc\/\" role=\"button\" rel=\"noopener noreferrer\">Conhe\u00e7a mais<\/a>\n        <\/div>\n      <\/div>\n     \n    <\/div>\n\n  <\/div>\n<\/div>\n\n\n\n<div class=\"container\" id=\"boxes\">\n  <div class=\"row\">\n\n    <div class=\"col-sm\">\n      <div class=\"estrategia\" id=\"box-assinatura\">\n        <h3 class=\"titulo-assinatura\">Assinatura Concursos<\/h3>\n        <p class=\"subtitulo-assinatura\">Assinatura de 1 ano ou 2 anos<\/p>\n        <div class=\"box-botao\">\n          <a class=\"btn-assinatura\" target=\"_blank\" href=\"https:\/\/www.estrategiaconcursos.com.br\/assinaturas\/\" role=\"button\" rel=\"noopener noreferrer\">ASSINE AGORA<\/a>\n        <\/div>\n      <\/div><\/div><\/div><\/div>\n\n\n\n<h2 class=\"has-text-align-center wp-block-heading\" id=\"h-quer-saber-tudo-sobre-concursos-previstos-confira-nossos-artigos\">Quer saber tudo sobre concursos previstos?<br \/>Confira  nossos artigos!<\/h2>\n\n\n\n<ul class=\"wp-block-list\">\n<li><a href=\"https:\/\/www.estrategiaconcursos.com.br\/blog\/concursos-abertos\/\" target=\"_blank\" rel=\"noreferrer noopener\">Concursos Abertos<\/a><\/li>\n\n\n\n<li><a href=\"https:\/\/www.estrategiaconcursos.com.br\/blog\/concursos-2023\/\" target=\"_blank\" rel=\"noreferrer noopener\">Concursos 2023<\/a><\/li>\n<\/ul>\n\n\n\n<figure class=\"wp-block-image is-resized\"><img loading=\"lazy\" decoding=\"async\" src=\"https:\/\/dhg1h5j42swfq.cloudfront.net\/2025\/06\/27101122\/ficha-tecnica-1-1024x632.png\" alt=\"Ficha t\u00e9cnica do concurso da BCPREVI SC\" class=\"wp-image-702728\" width=\"269\" height=\"166\" srcset=\"https:\/\/dhg1h5j42swfq.cloudfront.net\/2025\/06\/27101122\/ficha-tecnica-1-1024x632.png 1024w, https:\/\/dhg1h5j42swfq.cloudfront.net\/2025\/06\/27101122\/ficha-tecnica-1-300x185.png 300w, https:\/\/dhg1h5j42swfq.cloudfront.net\/2025\/06\/27101122\/ficha-tecnica-1-768x474.png 768w, https:\/\/dhg1h5j42swfq.cloudfront.net\/2025\/06\/27101122\/ficha-tecnica-1-1536x948.png 1536w, https:\/\/dhg1h5j42swfq.cloudfront.net\/2025\/06\/27101122\/ficha-tecnica-1-610x377.png 610w, https:\/\/dhg1h5j42swfq.cloudfront.net\/2025\/06\/27101122\/ficha-tecnica-1.png 1571w\" sizes=\"auto, (max-width: 269px) 100vw, 269px\" \/><\/figure>\n\n\n\n<h3 class=\"wp-block-heading\" id=\"ficha\">Informa\u00e7\u00f5es do concurso BCPREVI SC<\/h3>\n\n\n\n<ul class=\"wp-block-list\">\n<li><strong>Data da prova: <\/strong><s>26\/02\/2023<\/s><\/li>\n\n\n\n<li><strong style=\"color: initial;\">Vagas<\/strong><span style=\"color: initial;\">: <\/span>CR<\/li>\n\n\n\n<li><strong>Cargos<\/strong>: V\u00e1rios<\/li>\n\n\n\n<li><strong>Escolaridade<\/strong>: N\u00edveis m\u00e9dio e superior<\/li>\n\n\n\n<li><strong>Banca<\/strong>: FEPESE<\/li>\n\n\n\n<li><strong>Edital:<\/strong> <a href=\"https:\/\/dhg1h5j42swfq.cloudfront.net\/2022\/12\/30163432\/2022_005_cp_bc_previ.pdf\" target=\"_blank\" rel=\"noreferrer noopener nofollow\">BCPRevi SC 2022<\/a><\/li>\n<\/ul>\n","protected":false},"excerpt":{"rendered":"<p>Foram realizadas no dia 26 de fevereiro as provas do concurso do Instituto de Previd\u00eancia Social dos Servidores P\u00fablicos de Balne\u00e1rio Cambori\u00fa (BCPREVI SC). Confira os gabaritos no link abaixo: Com isso, fica aberto entre os dias 27 e 28 de fevereiro o per\u00edodo para interposi\u00e7\u00e3o de recursos contra os gabaritos. Todo o processo deve [&hellip;]<\/p>\n","protected":false},"author":1788,"featured_media":1077724,"comment_status":"open","ping_status":"closed","sticky":false,"template":"","format":"standard","meta":{"post_tipo":"news_page","footnotes":""},"categories":[214992],"tags":[],"tax_estado":[219987],"class_list":["post-1074337","post","type-post","status-publish","format-standard","has-post-thumbnail","hentry","category-concursos-administrativos","tax_estado-sc"],"acf":[],"yoast_head":"<!-- This site is optimized with the Yoast SEO Premium plugin v27.2 (Yoast SEO v27.2) - https:\/\/yoast.com\/product\/yoast-seo-premium-wordpress\/ -->\n<title>Concurso BCPREVI SC: divulgados gabaritos preliminares<\/title>\n<meta name=\"description\" content=\"Concurso BCPREVI: edital do Instituto de Previd\u00eancia Social dos Servidores de Balne\u00e1rio Cambori\u00fa oferta vagas em CR. Provas aplicadas!\" \/>\n<meta name=\"robots\" content=\"index, follow, max-snippet:-1, max-image-preview:large, max-video-preview:-1\" \/>\n<link rel=\"canonical\" href=\"https:\/\/www.estrategiaconcursos.com.br\/blog\/concurso-bcprevi-sc\/\" \/>\n<meta property=\"og:locale\" content=\"pt_BR\" \/>\n<meta property=\"og:type\" content=\"article\" \/>\n<meta property=\"og:title\" content=\"Concurso BCPREVI SC: divulgados gabaritos preliminares\" \/>\n<meta property=\"og:description\" content=\"Concurso BCPREVI: edital do Instituto de Previd\u00eancia Social dos Servidores de Balne\u00e1rio Cambori\u00fa oferta vagas em CR. Provas aplicadas!\" \/>\n<meta property=\"og:url\" content=\"https:\/\/www.estrategiaconcursos.com.br\/blog\/concurso-bcprevi-sc\/\" \/>\n<meta property=\"og:site_name\" content=\"Estrat\u00e9gia Concursos\" \/>\n<meta property=\"article:published_time\" content=\"2023-02-27T12:08:00+00:00\" \/>\n<meta property=\"article:modified_time\" content=\"2023-02-27T12:08:20+00:00\" \/>\n<meta property=\"og:image\" content=\"https:\/\/dhg1h5j42swfq.cloudfront.net\/2022\/08\/15092148\/bcprevi_sc.jpg\" \/>\n\t<meta property=\"og:image:width\" content=\"768\" \/>\n\t<meta property=\"og:image:height\" content=\"432\" \/>\n\t<meta property=\"og:image:type\" content=\"image\/jpeg\" \/>\n<meta name=\"author\" content=\"Coordena\u00e7\u00e3o\" \/>\n<meta name=\"twitter:card\" content=\"summary_large_image\" \/>\n<meta name=\"twitter:creator\" content=\"@EstratConcursos\" \/>\n<meta name=\"twitter:site\" content=\"@EstratConcursos\" \/>\n<meta name=\"twitter:label1\" content=\"Escrito por\" \/>\n\t<meta name=\"twitter:data1\" content=\"Coordena\u00e7\u00e3o\" \/>\n\t<meta name=\"twitter:label2\" content=\"Est. tempo de leitura\" \/>\n\t<meta name=\"twitter:data2\" content=\"3 minutos\" \/>\n<script type=\"application\/ld+json\" class=\"yoast-schema-graph\">{\"@context\":\"https:\/\/schema.org\",\"@graph\":[{\"@type\":\"NewsArticle\",\"@id\":\"https:\/\/www.estrategiaconcursos.com.br\/blog\/concurso-bcprevi-sc\/#article\",\"isPartOf\":{\"@id\":\"https:\/\/www.estrategiaconcursos.com.br\/blog\/concurso-bcprevi-sc\/\"},\"author\":{\"name\":\"Coordena\u00e7\u00e3o\",\"@id\":\"https:\/\/www.estrategiaconcursos.com.br\/blog\/#\/schema\/person\/045703eed12dcfcc3fc58d658357c347\"},\"headline\":\"Concurso BCPREVI SC: divulgados gabaritos preliminares\",\"datePublished\":\"2023-02-27T12:08:00+00:00\",\"dateModified\":\"2023-02-27T12:08:20+00:00\",\"mainEntityOfPage\":{\"@id\":\"https:\/\/www.estrategiaconcursos.com.br\/blog\/concurso-bcprevi-sc\/\"},\"wordCount\":668,\"commentCount\":0,\"publisher\":{\"@id\":\"https:\/\/www.estrategiaconcursos.com.br\/blog\/#organization\"},\"image\":{\"@id\":\"https:\/\/www.estrategiaconcursos.com.br\/blog\/concurso-bcprevi-sc\/#primaryimage\"},\"thumbnailUrl\":\"https:\/\/dhg1h5j42swfq.cloudfront.net\/2022\/08\/15092148\/bcprevi_sc.jpg\",\"articleSection\":[\"Executivo (Administrativa)\"],\"inLanguage\":\"pt-BR\",\"potentialAction\":[{\"@type\":\"CommentAction\",\"name\":\"Comment\",\"target\":[\"https:\/\/www.estrategiaconcursos.com.br\/blog\/concurso-bcprevi-sc\/#respond\"]}],\"copyrightYear\":\"2023\",\"copyrightHolder\":{\"@id\":\"https:\/\/www.estrategiaconcursos.com.br\/blog\/#organization\"}},{\"@type\":\"WebPage\",\"@id\":\"https:\/\/www.estrategiaconcursos.com.br\/blog\/concurso-bcprevi-sc\/\",\"url\":\"https:\/\/www.estrategiaconcursos.com.br\/blog\/concurso-bcprevi-sc\/\",\"name\":\"Concurso BCPREVI SC: divulgados gabaritos preliminares\",\"isPartOf\":{\"@id\":\"https:\/\/www.estrategiaconcursos.com.br\/blog\/#website\"},\"primaryImageOfPage\":{\"@id\":\"https:\/\/www.estrategiaconcursos.com.br\/blog\/concurso-bcprevi-sc\/#primaryimage\"},\"image\":{\"@id\":\"https:\/\/www.estrategiaconcursos.com.br\/blog\/concurso-bcprevi-sc\/#primaryimage\"},\"thumbnailUrl\":\"https:\/\/dhg1h5j42swfq.cloudfront.net\/2022\/08\/15092148\/bcprevi_sc.jpg\",\"datePublished\":\"2023-02-27T12:08:00+00:00\",\"dateModified\":\"2023-02-27T12:08:20+00:00\",\"description\":\"Concurso BCPREVI: edital do Instituto de Previd\u00eancia Social dos Servidores de Balne\u00e1rio Cambori\u00fa oferta vagas em CR. Provas aplicadas!\",\"breadcrumb\":{\"@id\":\"https:\/\/www.estrategiaconcursos.com.br\/blog\/concurso-bcprevi-sc\/#breadcrumb\"},\"inLanguage\":\"pt-BR\",\"potentialAction\":[{\"@type\":\"ReadAction\",\"target\":[\"https:\/\/www.estrategiaconcursos.com.br\/blog\/concurso-bcprevi-sc\/\"]}]},{\"@type\":\"ImageObject\",\"inLanguage\":\"pt-BR\",\"@id\":\"https:\/\/www.estrategiaconcursos.com.br\/blog\/concurso-bcprevi-sc\/#primaryimage\",\"url\":\"https:\/\/dhg1h5j42swfq.cloudfront.net\/2022\/08\/15092148\/bcprevi_sc.jpg\",\"contentUrl\":\"https:\/\/dhg1h5j42swfq.cloudfront.net\/2022\/08\/15092148\/bcprevi_sc.jpg\",\"width\":768,\"height\":432,\"caption\":\"Edital BCPREVI SC\"},{\"@type\":\"BreadcrumbList\",\"@id\":\"https:\/\/www.estrategiaconcursos.com.br\/blog\/concurso-bcprevi-sc\/#breadcrumb\",\"itemListElement\":[{\"@type\":\"ListItem\",\"position\":1,\"name\":\"In\u00edcio\",\"item\":\"https:\/\/www.estrategiaconcursos.com.br\/blog\/\"},{\"@type\":\"ListItem\",\"position\":2,\"name\":\"Concurso BCPREVI SC: divulgados gabaritos preliminares\"}]},{\"@type\":\"WebSite\",\"@id\":\"https:\/\/www.estrategiaconcursos.com.br\/blog\/#website\",\"url\":\"https:\/\/www.estrategiaconcursos.com.br\/blog\/\",\"name\":\"Estrat\u00e9gia Concursos\",\"description\":\"O blog da Estrat\u00e9gia Concursos traz not\u00edcias sobre concursos e artigos de professores oferecendo cursos para concursos (pdf + videaulas) no site.\",\"publisher\":{\"@id\":\"https:\/\/www.estrategiaconcursos.com.br\/blog\/#organization\"},\"potentialAction\":[{\"@type\":\"SearchAction\",\"target\":{\"@type\":\"EntryPoint\",\"urlTemplate\":\"https:\/\/www.estrategiaconcursos.com.br\/blog\/?s={search_term_string}\"},\"query-input\":{\"@type\":\"PropertyValueSpecification\",\"valueRequired\":true,\"valueName\":\"search_term_string\"}}],\"inLanguage\":\"pt-BR\"},{\"@type\":\"Organization\",\"@id\":\"https:\/\/www.estrategiaconcursos.com.br\/blog\/#organization\",\"name\":\"Estrat\u00e9gia Concursos\",\"url\":\"https:\/\/www.estrategiaconcursos.com.br\/blog\/\",\"logo\":{\"@type\":\"ImageObject\",\"inLanguage\":\"pt-BR\",\"@id\":\"https:\/\/www.estrategiaconcursos.com.br\/blog\/#\/schema\/logo\/image\/\",\"url\":\"https:\/\/dhg1h5j42swfq.cloudfront.net\/2025\/06\/03203428\/logo_concursos-1.jpg\",\"contentUrl\":\"https:\/\/dhg1h5j42swfq.cloudfront.net\/2025\/06\/03203428\/logo_concursos-1.jpg\",\"width\":230,\"height\":60,\"caption\":\"Estrat\u00e9gia Concursos\"},\"image\":{\"@id\":\"https:\/\/www.estrategiaconcursos.com.br\/blog\/#\/schema\/logo\/image\/\"},\"sameAs\":[\"https:\/\/x.com\/EstratConcursos\"]},{\"@type\":\"Person\",\"@id\":\"https:\/\/www.estrategiaconcursos.com.br\/blog\/#\/schema\/person\/045703eed12dcfcc3fc58d658357c347\",\"name\":\"Coordena\u00e7\u00e3o\",\"image\":{\"@type\":\"ImageObject\",\"inLanguage\":\"pt-BR\",\"@id\":\"https:\/\/secure.gravatar.com\/avatar\/f3095faeb99f4ee382a251aa279c830bd3f320ce3b5f2b4981bcc67f49efef63?s=96&d=mm&r=g\",\"url\":\"https:\/\/secure.gravatar.com\/avatar\/f3095faeb99f4ee382a251aa279c830bd3f320ce3b5f2b4981bcc67f49efef63?s=96&d=mm&r=g\",\"contentUrl\":\"https:\/\/secure.gravatar.com\/avatar\/f3095faeb99f4ee382a251aa279c830bd3f320ce3b5f2b4981bcc67f49efef63?s=96&d=mm&r=g\",\"caption\":\"Coordena\u00e7\u00e3o\"},\"url\":\"https:\/\/www.estrategiaconcursos.com.br\/blog\/author\/contatoestrategiaconcursos-com-br-2\/\"}]}<\/script>\n<!-- \/ Yoast SEO Premium plugin. -->","yoast_head_json":{"title":"Concurso BCPREVI SC: divulgados gabaritos preliminares","description":"Concurso BCPREVI: edital do Instituto de Previd\u00eancia Social dos Servidores de Balne\u00e1rio Cambori\u00fa oferta vagas em CR. Provas aplicadas!","robots":{"index":"index","follow":"follow","max-snippet":"max-snippet:-1","max-image-preview":"max-image-preview:large","max-video-preview":"max-video-preview:-1"},"canonical":"https:\/\/www.estrategiaconcursos.com.br\/blog\/concurso-bcprevi-sc\/","og_locale":"pt_BR","og_type":"article","og_title":"Concurso BCPREVI SC: divulgados gabaritos preliminares","og_description":"Concurso BCPREVI: edital do Instituto de Previd\u00eancia Social dos Servidores de Balne\u00e1rio Cambori\u00fa oferta vagas em CR. Provas aplicadas!","og_url":"https:\/\/www.estrategiaconcursos.com.br\/blog\/concurso-bcprevi-sc\/","og_site_name":"Estrat\u00e9gia Concursos","article_published_time":"2023-02-27T12:08:00+00:00","article_modified_time":"2023-02-27T12:08:20+00:00","og_image":[{"width":768,"height":432,"url":"https:\/\/dhg1h5j42swfq.cloudfront.net\/2022\/08\/15092148\/bcprevi_sc.jpg","type":"image\/jpeg"}],"author":"Coordena\u00e7\u00e3o","twitter_card":"summary_large_image","twitter_creator":"@EstratConcursos","twitter_site":"@EstratConcursos","twitter_misc":{"Escrito por":"Coordena\u00e7\u00e3o","Est. tempo de leitura":"3 minutos"},"schema":{"@context":"https:\/\/schema.org","@graph":[{"@type":"NewsArticle","@id":"https:\/\/www.estrategiaconcursos.com.br\/blog\/concurso-bcprevi-sc\/#article","isPartOf":{"@id":"https:\/\/www.estrategiaconcursos.com.br\/blog\/concurso-bcprevi-sc\/"},"author":{"name":"Coordena\u00e7\u00e3o","@id":"https:\/\/www.estrategiaconcursos.com.br\/blog\/#\/schema\/person\/045703eed12dcfcc3fc58d658357c347"},"headline":"Concurso BCPREVI SC: divulgados gabaritos preliminares","datePublished":"2023-02-27T12:08:00+00:00","dateModified":"2023-02-27T12:08:20+00:00","mainEntityOfPage":{"@id":"https:\/\/www.estrategiaconcursos.com.br\/blog\/concurso-bcprevi-sc\/"},"wordCount":668,"commentCount":0,"publisher":{"@id":"https:\/\/www.estrategiaconcursos.com.br\/blog\/#organization"},"image":{"@id":"https:\/\/www.estrategiaconcursos.com.br\/blog\/concurso-bcprevi-sc\/#primaryimage"},"thumbnailUrl":"https:\/\/dhg1h5j42swfq.cloudfront.net\/2022\/08\/15092148\/bcprevi_sc.jpg","articleSection":["Executivo (Administrativa)"],"inLanguage":"pt-BR","potentialAction":[{"@type":"CommentAction","name":"Comment","target":["https:\/\/www.estrategiaconcursos.com.br\/blog\/concurso-bcprevi-sc\/#respond"]}],"copyrightYear":"2023","copyrightHolder":{"@id":"https:\/\/www.estrategiaconcursos.com.br\/blog\/#organization"}},{"@type":"WebPage","@id":"https:\/\/www.estrategiaconcursos.com.br\/blog\/concurso-bcprevi-sc\/","url":"https:\/\/www.estrategiaconcursos.com.br\/blog\/concurso-bcprevi-sc\/","name":"Concurso BCPREVI SC: divulgados gabaritos preliminares","isPartOf":{"@id":"https:\/\/www.estrategiaconcursos.com.br\/blog\/#website"},"primaryImageOfPage":{"@id":"https:\/\/www.estrategiaconcursos.com.br\/blog\/concurso-bcprevi-sc\/#primaryimage"},"image":{"@id":"https:\/\/www.estrategiaconcursos.com.br\/blog\/concurso-bcprevi-sc\/#primaryimage"},"thumbnailUrl":"https:\/\/dhg1h5j42swfq.cloudfront.net\/2022\/08\/15092148\/bcprevi_sc.jpg","datePublished":"2023-02-27T12:08:00+00:00","dateModified":"2023-02-27T12:08:20+00:00","description":"Concurso BCPREVI: edital do Instituto de Previd\u00eancia Social dos Servidores de Balne\u00e1rio Cambori\u00fa oferta vagas em CR. Provas aplicadas!","breadcrumb":{"@id":"https:\/\/www.estrategiaconcursos.com.br\/blog\/concurso-bcprevi-sc\/#breadcrumb"},"inLanguage":"pt-BR","potentialAction":[{"@type":"ReadAction","target":["https:\/\/www.estrategiaconcursos.com.br\/blog\/concurso-bcprevi-sc\/"]}]},{"@type":"ImageObject","inLanguage":"pt-BR","@id":"https:\/\/www.estrategiaconcursos.com.br\/blog\/concurso-bcprevi-sc\/#primaryimage","url":"https:\/\/dhg1h5j42swfq.cloudfront.net\/2022\/08\/15092148\/bcprevi_sc.jpg","contentUrl":"https:\/\/dhg1h5j42swfq.cloudfront.net\/2022\/08\/15092148\/bcprevi_sc.jpg","width":768,"height":432,"caption":"Edital BCPREVI SC"},{"@type":"BreadcrumbList","@id":"https:\/\/www.estrategiaconcursos.com.br\/blog\/concurso-bcprevi-sc\/#breadcrumb","itemListElement":[{"@type":"ListItem","position":1,"name":"In\u00edcio","item":"https:\/\/www.estrategiaconcursos.com.br\/blog\/"},{"@type":"ListItem","position":2,"name":"Concurso BCPREVI SC: divulgados gabaritos preliminares"}]},{"@type":"WebSite","@id":"https:\/\/www.estrategiaconcursos.com.br\/blog\/#website","url":"https:\/\/www.estrategiaconcursos.com.br\/blog\/","name":"Estrat\u00e9gia Concursos","description":"O blog da Estrat\u00e9gia Concursos traz not\u00edcias sobre concursos e artigos de professores oferecendo cursos para concursos (pdf + videaulas) no site.","publisher":{"@id":"https:\/\/www.estrategiaconcursos.com.br\/blog\/#organization"},"potentialAction":[{"@type":"SearchAction","target":{"@type":"EntryPoint","urlTemplate":"https:\/\/www.estrategiaconcursos.com.br\/blog\/?s={search_term_string}"},"query-input":{"@type":"PropertyValueSpecification","valueRequired":true,"valueName":"search_term_string"}}],"inLanguage":"pt-BR"},{"@type":"Organization","@id":"https:\/\/www.estrategiaconcursos.com.br\/blog\/#organization","name":"Estrat\u00e9gia Concursos","url":"https:\/\/www.estrategiaconcursos.com.br\/blog\/","logo":{"@type":"ImageObject","inLanguage":"pt-BR","@id":"https:\/\/www.estrategiaconcursos.com.br\/blog\/#\/schema\/logo\/image\/","url":"https:\/\/dhg1h5j42swfq.cloudfront.net\/2025\/06\/03203428\/logo_concursos-1.jpg","contentUrl":"https:\/\/dhg1h5j42swfq.cloudfront.net\/2025\/06\/03203428\/logo_concursos-1.jpg","width":230,"height":60,"caption":"Estrat\u00e9gia Concursos"},"image":{"@id":"https:\/\/www.estrategiaconcursos.com.br\/blog\/#\/schema\/logo\/image\/"},"sameAs":["https:\/\/x.com\/EstratConcursos"]},{"@type":"Person","@id":"https:\/\/www.estrategiaconcursos.com.br\/blog\/#\/schema\/person\/045703eed12dcfcc3fc58d658357c347","name":"Coordena\u00e7\u00e3o","image":{"@type":"ImageObject","inLanguage":"pt-BR","@id":"https:\/\/secure.gravatar.com\/avatar\/f3095faeb99f4ee382a251aa279c830bd3f320ce3b5f2b4981bcc67f49efef63?s=96&d=mm&r=g","url":"https:\/\/secure.gravatar.com\/avatar\/f3095faeb99f4ee382a251aa279c830bd3f320ce3b5f2b4981bcc67f49efef63?s=96&d=mm&r=g","contentUrl":"https:\/\/secure.gravatar.com\/avatar\/f3095faeb99f4ee382a251aa279c830bd3f320ce3b5f2b4981bcc67f49efef63?s=96&d=mm&r=g","caption":"Coordena\u00e7\u00e3o"},"url":"https:\/\/www.estrategiaconcursos.com.br\/blog\/author\/contatoestrategiaconcursos-com-br-2\/"}]}},"_links":{"self":[{"href":"https:\/\/www.estrategiaconcursos.com.br\/blog\/wp-json\/wp\/v2\/posts\/1074337","targetHints":{"allow":["GET"]}}],"collection":[{"href":"https:\/\/www.estrategiaconcursos.com.br\/blog\/wp-json\/wp\/v2\/posts"}],"about":[{"href":"https:\/\/www.estrategiaconcursos.com.br\/blog\/wp-json\/wp\/v2\/types\/post"}],"author":[{"embeddable":true,"href":"https:\/\/www.estrategiaconcursos.com.br\/blog\/wp-json\/wp\/v2\/users\/1788"}],"replies":[{"embeddable":true,"href":"https:\/\/www.estrategiaconcursos.com.br\/blog\/wp-json\/wp\/v2\/comments?post=1074337"}],"version-history":[{"count":26,"href":"https:\/\/www.estrategiaconcursos.com.br\/blog\/wp-json\/wp\/v2\/posts\/1074337\/revisions"}],"predecessor-version":[{"id":1177840,"href":"https:\/\/www.estrategiaconcursos.com.br\/blog\/wp-json\/wp\/v2\/posts\/1074337\/revisions\/1177840"}],"wp:featuredmedia":[{"embeddable":true,"href":"https:\/\/www.estrategiaconcursos.com.br\/blog\/wp-json\/wp\/v2\/media\/1077724"}],"wp:attachment":[{"href":"https:\/\/www.estrategiaconcursos.com.br\/blog\/wp-json\/wp\/v2\/media?parent=1074337"}],"wp:term":[{"taxonomy":"category","embeddable":true,"href":"https:\/\/www.estrategiaconcursos.com.br\/blog\/wp-json\/wp\/v2\/categories?post=1074337"},{"taxonomy":"post_tag","embeddable":true,"href":"https:\/\/www.estrategiaconcursos.com.br\/blog\/wp-json\/wp\/v2\/tags?post=1074337"},{"taxonomy":"tax_estado","embeddable":true,"href":"https:\/\/www.estrategiaconcursos.com.br\/blog\/wp-json\/wp\/v2\/tax_estado?post=1074337"}],"curies":[{"name":"wp","href":"https:\/\/api.w.org\/{rel}","templated":true}]}}