{"id":1073970,"date":"2022-08-15T08:53:00","date_gmt":"2022-08-15T11:53:00","guid":{"rendered":"https:\/\/www.estrategiaconcursos.com.br\/blog\/?p=1073970"},"modified":"2022-10-10T16:03:37","modified_gmt":"2022-10-10T19:03:37","slug":"nocoes-gestao-publica","status":"publish","type":"post","link":"https:\/\/www.estrategiaconcursos.com.br\/blog\/nocoes-gestao-publica\/","title":{"rendered":"Resumo de No\u00e7\u00f5es de Gest\u00e3o P\u00fablica para o TRT-MA"},"content":{"rendered":"\n<p>Ol\u00e1, Pessoal, tudo bem com voc\u00eas? No artigo de hoje vamos falar a respeito dos pontos principais pontos de No\u00e7\u00f5es de Gest\u00e3o P\u00fablica para o concurso do TRT-MA, iremos fazer um resumo bem legal para voc\u00ea!<\/p>\n\n\n\n<figure class=\"wp-block-gallery has-nested-images columns-default is-cropped wp-block-gallery-1 is-layout-flex wp-block-gallery-is-layout-flex\">\n<figure class=\"wp-block-image size-large\"><img loading=\"lazy\" decoding=\"async\" width=\"626\" height=\"417\" data-id=\"711423\" src=\"https:\/\/dhg1h5j42swfq.cloudfront.net\/2021\/04\/09221649\/resumo-lei-12-846.jpg\" alt=\"Resumo de No\u00e7\u00f5es de Gest\u00e3o P\u00fablica para o TRT-MA\" class=\"wp-image-711423\" srcset=\"https:\/\/dhg1h5j42swfq.cloudfront.net\/2021\/04\/09221649\/resumo-lei-12-846.jpg 626w, https:\/\/dhg1h5j42swfq.cloudfront.net\/2021\/04\/09221649\/resumo-lei-12-846-300x200.jpg 300w, https:\/\/dhg1h5j42swfq.cloudfront.net\/2021\/04\/09221649\/resumo-lei-12-846-610x406.jpg 610w\" sizes=\"auto, (max-width: 626px) 100vw, 626px\" \/><figcaption>Resumo de No\u00e7\u00f5es de Gest\u00e3o P\u00fablica para o TRT-MA<\/figcaption><\/figure>\n<\/figure>\n\n\n\n<p class=\"has-medium-font-size\"><strong>Resumo de No\u00e7\u00f5es de Gest\u00e3o P\u00fablica para o TRT-MA<\/strong><\/p>\n\n\n\n<p>Os TRTs n\u00e3o param de publicar edital! Agora \u00e9 a vez do TRT Maranh\u00e3o. Est\u00e3o sendo ofertadas 7 vagas imediatas, al\u00e9m de forma\u00e7\u00e3o de cadastro de reserva, para cargos de n\u00edveis m\u00e9dio e superior.<\/p>\n\n\n\n<p>Al\u00e9m do mais, como o TRT Maranh\u00e3o possui um d\u00e9ficit no seu quadro de pessoal e conta com autonomia or\u00e7ament\u00e1ria e financeira, provavelmente ir\u00e1 nomear bem mais que apenas 7 vagas.<\/p>\n\n\n\n<p>Al\u00e9m disso, os cargos ofertados no certame contam com um sal\u00e1rio inicial de mais de <strong>R$ 12 mil<\/strong>! Um bom sal\u00e1rio para iniciar sua jornada no servi\u00e7o p\u00fablico, n\u00e3o?<\/p>\n\n\n\n<p>Mas para garantir esse sal\u00e1rio \u00e9 necess\u00e1rio muito estudo e dedica\u00e7\u00e3o.<\/p>\n\n\n\n<p>Ent\u00e3o, para te ajudar, hoje vamos fazer um resumo dos principais pontos de Gest\u00e3o P\u00fablica para a sua prova.<\/p>\n\n\n\n<p>Vamos l\u00e1?<\/p>\n\n\n\n<h2 class=\"wp-block-heading\" id=\"orcamento-publico-conceito-resumo-de-nocoes-de-gestao-publica-para-o-trt-ma\">Or\u00e7amento P\u00fablico: Conceito &#8211; Resumo de No\u00e7\u00f5es de Gest\u00e3o P\u00fablica para o TRT-MA<\/h2>\n\n\n\n<p>Vamos iniciar nosso estudo pela se\u00e7\u00e3o chamada \u201cDos Or\u00e7amentos\u201d da CF\/88, ela elenca os instrumentos de planejamento: plano plurianual (PPA), lei de diretrizes or\u00e7ament\u00e1rias (LDO) e lei or\u00e7ament\u00e1ria anual (LOA), sendo esses instrumentos de <strong>iniciativa do Poder Executivo.<\/strong><\/p>\n\n\n\n<p>Al\u00e9m disso, a Constitui\u00e7\u00e3o Federal de 1988 trouxe a figura do planejamento para a Administra\u00e7\u00e3o P\u00fablica, uma vez que ela se preocupou em integrar o plano com o or\u00e7amento, atrav\u00e9s da cria\u00e7\u00e3o do Plano Plurianual e da Lei de Diretrizes Or\u00e7ament\u00e1rias. <\/p>\n\n\n\n<p>Assim, tanto o  PPA quanto a LDO, trata-se de uma inova\u00e7\u00e3o da constitui\u00e7\u00e3o. Ademais, antes da cria\u00e7\u00e3o do PPA existiam o Or\u00e7amento Plurianual de Investimentos (OPI), que tinha tr\u00eas anos de dura\u00e7\u00e3o (o que difere do PPA que s\u00e3o 4 anos).<\/p>\n\n\n\n<p>Mas, muita aten\u00e7\u00e3o: N\u00e3o esque\u00e7a que <strong>o PPA possui quatro anos de dura\u00e7\u00e3o<\/strong>.<\/p>\n\n\n\n<p>Desse modo, o PPA \u00e9 um instrumento de planejamento de m\u00e9dio prazo. Al\u00e9m disso, ele estabelece, de forma <strong>regionalizada, as diretrizes, os objetivos e as metas<\/strong> da Administra\u00e7\u00e3o P\u00fablica para as d<strong>espesas de<br \/>capital e outras delas decorrentes <\/strong>e para as relativas aos programas de dura\u00e7\u00e3o continuada. <\/p>\n\n\n\n<h4 class=\"wp-block-heading\" id=\"duracao-dos-orcamentos\">Dura\u00e7\u00e3o dos or\u00e7amentos<\/h4>\n\n\n\n<p>Como falamos, o PPA tem quatro anos de dura\u00e7\u00e3o. Assim, como a LDO e a LOA s\u00e3o anuais, no per\u00edodo do PPA, elas devem ser elaboradas de forma que sejam compat\u00edveis com o que o PPA elenca.<\/p>\n\n\n\n<p>Al\u00e9m disso, a LOA \u00e9 o instrumento que trata da aloca\u00e7\u00e3o dos recursos p\u00fablicos. Destarte, ela \u00e9 operacionalizada atrav\u00e9s das suas a\u00e7\u00f5es no or\u00e7amento. Isto \u00e9, a <strong>LOA \u00e9 o or\u00e7amento propriamente dito<\/strong>.<\/p>\n\n\n\n<p>Como falamos, esses instrumentos or\u00e7ament\u00e1rios s\u00e3o de iniciativa do Poder Executivo. No entanto, eles s\u00e3o <strong>apreciados pelas duas Casas do Congresso Nacional<\/strong>, na forma do regimento comum. Isto \u00e9, esses instrumentos s\u00e3o <strong>analisados e votados pelo Poder Legislativo<\/strong>.<\/p>\n\n\n\n<p>Outra informa\u00e7\u00e3o importante \u00e9 que o PPA, apesar de tamb\u00e9m ser de quatro anos, n\u00e3o se confunde com o mandato do chefe do Executivo. Inclusive, o PPA \u00e9 elaborado no primeiro ano do mandato do chefe do executivo, entrando em vigor apenas no segundo ano.<\/p>\n\n\n\n<p>Outrossim, a LDO busca ser o elo entre o planejamento estrat\u00e9gico (Plano Plurianual) e o planejamento operacional (Lei Or\u00e7ament\u00e1ria Anual), j\u00e1 que ela <strong>orienta a elabora\u00e7\u00e3o da LOA<\/strong>. Al\u00e9m disso, essa Lei elenca as metas e prioridades da administra\u00e7\u00e3o p\u00fablica, al\u00e9m de estabelecer as diretrizes de pol\u00edtica fiscal e  dispor a respeito das altera\u00e7\u00f5es na legisla\u00e7\u00e3o tribut\u00e1ria.<\/p>\n\n\n\n<p>Por fim, a LDO estabelece a pol\u00edtica das ag\u00eancias financeiras oficiais de fomento.<\/p>\n\n\n\n<h2 class=\"wp-block-heading\" id=\"principios-orcamentarios-resumo-de-nocoes-de-gestao-publica-para-o-trt-ma\">Princ\u00edpios Or\u00e7ament\u00e1rios &#8211; Resumo de No\u00e7\u00f5es de Gest\u00e3o P\u00fablica para o TRT-MA<\/h2>\n\n\n\n<ul class=\"wp-block-list\"><li><strong>Universalidade<\/strong>: segundo esse princ\u00edpio, o or\u00e7amento tem que conter todas as receitas e despesas referentes aos Poderes do ente, seus fundos, \u00f3rg\u00e3os e entidades da Administra\u00e7\u00e3o direta e indireta;<\/li><li><strong>Totalidade ou Unidade<\/strong>: esse princ\u00edpio diz que o or\u00e7amento deve ser uno, ou seja, deve existir apenas um or\u00e7amento para cada ente da Federa\u00e7\u00e3o em cada exerc\u00edcio financeiro. Esse princ\u00edpio busca eliminar a exist\u00eancia de or\u00e7amentos paralelos;<\/li><li><strong>Anualidade ou Periodicidade<\/strong>: esse princ\u00edpio diz que o or\u00e7amento deve ser elaborado para um per\u00edodo de um ano;<\/li><li><strong>Or\u00e7amento Bruto<\/strong>: esse princ\u00edpio pro\u00edbe a inclus\u00e3o somente dos montantes l\u00edquidos e determina a inclus\u00e3o de receitas e despesas pelos seus totais, proibindo dedu\u00e7\u00f5es;<\/li><li><strong>Especifica\u00e7\u00e3o ou Discrimina\u00e7\u00e3o ou Especializa\u00e7\u00e3o<\/strong>: esse princ\u00edpio diz que, na LOA, as receitas e despesas devam ser discriminadas de modo que demonstraem a origem e a aplica\u00e7\u00e3o dos seus recursos;<\/li><li><strong>Exclusividade<\/strong>: pro\u00edbe que na LOA tenha mat\u00e9ria estranha \u00e0 previs\u00e3o das receitas e \u00e0 fixa\u00e7\u00e3o das despesas;<\/li><li><strong>N\u00e3o Afeta\u00e7\u00e3o (ou N\u00e3o Vincula\u00e7\u00e3o) de Receitas<\/strong>: diz que nenhuma receita de impostos pode ser reservada ou comprometida para gastos determinados, exceto as ressalvas elencadas pela CF\/88;<\/li><li><strong>Proibi\u00e7\u00e3o do Estorno<\/strong>: diz que o gestor p\u00fablico n\u00e3o pode transpor, remanejar ou transferir recursos sem autoriza\u00e7\u00e3o;<\/li><li><strong>Quantifica\u00e7\u00e3o dos Cr\u00e9ditos Or\u00e7ament\u00e1rios<\/strong>: esse princ\u00edpio pro\u00edbe a concess\u00e3o ou a utiliza\u00e7\u00e3o de cr\u00e9ditos ilimitado;<\/li><li><strong>Legalidade<\/strong>: esse princ\u00edpio decorre do fato de que todos os instrumentos de planejamento e or\u00e7amento, PPA, LDO e LOA s\u00e3o encaminhadas pelo Poder Executivo para discuss\u00e3o e aprova\u00e7\u00e3o pelo Congresso Nacional. Ou seja, se transformam em Leis.<\/li><\/ul>\n\n\n\n<h2 class=\"wp-block-heading\" id=\"continuacao-de-principios-orcamentarios-resumo-de-nocoes-de-gestao-publica-para-o-trt-ma\">Continua\u00e7\u00e3o de Princ\u00edpios Or\u00e7ament\u00e1rios<\/h2>\n\n\n\n<ul class=\"wp-block-list\"><li><strong>Publicidade<\/strong>: decorre desse princ\u00edpio que as decis\u00f5es a respeito dos or\u00e7amento s\u00f3 possuem validade depois da sua publica\u00e7\u00e3o em \u00f3rg\u00e3o da imprensa oficial;<\/li><li><strong>Equil\u00edbrio Or\u00e7ament\u00e1rio<\/strong>: busca garantir que as despesas autorizadas n\u00e3o ser\u00e3o superiores \u00e0 previs\u00e3o das receitas na LOA;<\/li><li><strong>Transpar\u00eancia Or\u00e7ament\u00e1ria<\/strong>: obriga que os atos de entidades p\u00fablicas ultrapassem a publicidade formal, uma vez que determina ampla presta\u00e7\u00e3o de contas em v\u00e1rios meios;<\/li><li><strong>Programa\u00e7\u00e3o<\/strong>: j\u00e1 que o or\u00e7amento deve elencar as realiza\u00e7\u00f5es e objetivos de forma programada e planejada;<\/li><li><strong>Uniformidade<\/strong>: diz que os or\u00e7amentos devem manter uma m\u00ednima padroniza\u00e7\u00e3o ou uniformidade na apresenta\u00e7\u00e3o dos dados, permitindo que os usu\u00e1rios fa\u00e7am compara\u00e7\u00f5es entre v\u00e1rios per\u00edodos.<\/li><li><strong>Clareza<\/strong>: o or\u00e7amento deve ser apresentado em linguagem clara e compreens\u00edvel, para que as pessoas que, por for\u00e7a do of\u00edcio ou interesse, precisam manipul\u00e1-lo.<\/li><\/ul>\n\n\n\n<h2 class=\"wp-block-heading\" id=\"receitas-extraorcamentarias-resumo-de-nocoes-de-gestao-publica-para-o-trt-ma\">Receitas Extraor\u00e7ament\u00e1rias &#8211; Resumo de No\u00e7\u00f5es de Gest\u00e3o P\u00fablica para o TRT-MA<\/h2>\n\n\n\n<p>De acordo com o Manual T\u00e9cnico de Or\u00e7amento (MTO), as receitas p\u00fablicas s\u00e3o classificadas em <strong>sentido amplo ou sentido estrito<\/strong>.<\/p>\n\n\n\n<p>As receitas p\u00fablicas, <strong>em sentido amplo<\/strong>, s\u00e3o os ingressos de recursos nos cofres do Poder P\u00fablico, que se dividem em receitas or\u00e7ament\u00e1rias, quando dizem respeito \u00e0s disponibilidades de recursos financeiros para o er\u00e1rio, e ingressos extraor\u00e7ament\u00e1rios, quando representam s\u00f3 entradas compensat\u00f3rias no ativo e no passivo.<\/p>\n\n\n\n<p>As receitas p\u00fablicas, <strong>em sentido estrito, <\/strong>s\u00e3o s\u00f3 as receitas or\u00e7ament\u00e1rias. Destarte, pelo conceito de Receita P\u00fablica em sentido amplo, a Receita \u00e9 toda entrada nos cofres do Poder P\u00fablico, n\u00e3o importando se o dinheiro pertence de fato ao cofre do Estado ou se o Estado figura apenas como deposit\u00e1rio desse dinheiro, ou seja, quanto o Estado tem que devolver o dinheiro.<\/p>\n\n\n\n<p>OK, mas o que s\u00e3o as Receitas Extraor\u00e7ament\u00e1rias?<\/p>\n\n\n\n<p>De acordo com o site do Congresso Nacional, Receita Extraor\u00e7ament\u00e1ria \u00e9: <em>\u201cReceita proveniente de toda e qualquer arrecada\u00e7\u00e3o que n\u00e3o figure no or\u00e7amento e n\u00e3o constitua renda do Estado. O seu car\u00e1ter \u00e9 <strong>de extemporaneidade ou de transitoriedade<\/strong>.&#8221;<\/em><\/p>\n\n\n\n<p>Segundo o site do Congresso Nacional alguns exemplos de Receitas Extraor\u00e7ament\u00e1rias s\u00e3o:<em> &#8220;dep\u00f3sitos em cau\u00e7\u00e3o, fian\u00e7as, opera\u00e7\u00f5es de cr\u00e9dito por ARO, emiss\u00e3o de moeda e outras entradas compensat\u00f3rias no ativo e passivo financeiro.\u201d<\/em><\/p>\n\n\n\n<p>Em suma, as Receitas Extraor\u00e7ament\u00e1rias dizem respeito aos ingressos de recursos nos cofres p\u00fablicos, mas que <strong>n\u00e3o pertencem ao Poder P\u00fablico<\/strong>. O dinheiro s\u00f3 transita pela conta do Poder P\u00fablico, ou seja, tem car\u00e1ter tempor\u00e1rio. Desse modo, o Poder P\u00fablico segura o dinheiro por um per\u00edodo como deposit\u00e1rio.<\/p>\n\n\n\n<h2 class=\"wp-block-heading\" id=\"despesas-extraorcamentarias-resumo-de-nocoes-de-gestao-publica-para-o-trt-ma\">Despesas Extraor\u00e7ament\u00e1rias &#8211; Resumo de No\u00e7\u00f5es de Gest\u00e3o P\u00fablica para o TRT-MA<\/h2>\n\n\n\n<p>As Despesas Extraor\u00e7ament\u00e1rias nada mais s\u00e3o do que as devolu\u00e7\u00f5es de recursos de terceiros que estavam em Poder do Estado, isto \u00e9, os valores que foram <strong>contabilizados no ingresso como receitas extraor\u00e7ament\u00e1rias.<\/strong><\/p>\n\n\n\n<p>De acordo com o Manual de Contabilidade Aplicado ao Setor P\u00fablico, Despesa Extraor\u00e7ament\u00e1ria \u00e9 o que <strong>n\u00e3o consta na LOA<\/strong>, compreendendo as sa\u00eddas de numer\u00e1rios decorrentes de dep\u00f3sitos, pagamentos de restos a pagar, resgate de opera\u00e7\u00f5es de cr\u00e9dito por antecipa\u00e7\u00e3o de receita e demais recursos transit\u00f3rios.<\/p>\n\n\n\n<p>Ok, mas ent\u00e3o toda Despesa Or\u00e7ament\u00e1ria tem que est\u00e1 contida originalmente na Lei Or\u00e7ament\u00e1ria Anual (LOA)?<\/p>\n\n\n\n<p>N\u00e3o! Tenha em mente que h\u00e1 Despesas Or\u00e7ament\u00e1rias que n\u00e3o est\u00e3o contidas originalmente na LOA. O que determina se o recurso \u00e9 or\u00e7ament\u00e1rio ou n\u00e3o \u00e9 se ele pertence ao Poder P\u00fablico.<\/p>\n\n\n\n<p>Vamos elencar alguns <strong>exemplos de Despesas Extraor\u00e7ament\u00e1rias<\/strong>? <\/p>\n\n\n\n<p>S\u00e3o elas:<\/p>\n\n\n\n<ul class=\"wp-block-list\"><li>Sa\u00eddas que s\u00e3o compensat\u00f3rias no ativo e no passivo financeiro, as quais dizem respeito aos desembolsos de recursos de terceiros em poder do ente p\u00fablico, por exemplo:<ul><li>Devolu\u00e7\u00e3o dos valores de terceiros;<\/li><li>Pagamento das opera\u00e7\u00f5es de cr\u00e9dito por Antecipa\u00e7\u00e3o de Receita Or\u00e7ament\u00e1ria;<\/li><li>Recolhimento de Consigna\u00e7\u00f5es e Reten\u00e7\u00f5es;<\/li><li>Pagamentos antecipados de Sal\u00e1rio-Fam\u00edlia, Sal\u00e1rio-Maternidade e Aux\u00edlio-Natalidade;<\/li><\/ul><\/li><li>Por fim, os Pagamento dos Restos a Pagar.<\/li><\/ul>\n\n\n\n<h2 class=\"wp-block-heading\" id=\"orcamento-programa-resumo-de-nocoes-de-gestao-publica-para-o-trt-ma\">Or\u00e7amento-programa<\/h2>\n\n\n\n<p>Finalmente, no Resumo de No\u00e7\u00f5es de Gest\u00e3o P\u00fablica para o TRT-MA, segundo o site do Congresso Nacional, <strong>o or\u00e7amento-programa<\/strong> foi uma metodologia advinda da Lei n\u00ba 4.320\/1964, respons\u00e1vel por <strong>expressar de maneira financeira e f\u00edsica, os programas elaborados pelo governo<\/strong>. Al\u00e9m disso, esse or\u00e7amento possibilita a<strong> integra\u00e7\u00e3o do planejamento ao or\u00e7amento p\u00fablico<\/strong>.<\/p>\n\n\n\n<p>Ademais, o or\u00e7amento-programa traz a quantifica\u00e7\u00e3o de objetivos e a fixa\u00e7\u00e3o de metas, al\u00e9m das rela\u00e7\u00f5es insumo-produto, as alternativas program\u00e1ticas, o acompanhamento f\u00edsico-financeiro, a avalia\u00e7\u00e3o de resultados e a ger\u00eancia por objetivos.<\/p>\n\n\n\n<p id=\"block-d0b89fff-d3a1-45e8-884c-3416a7a5955b\">Espero que voc\u00ea tenha gostado do artigo de hoje!<\/p>\n\n\n\n<p id=\"block-719374f6-4a2b-4fcd-9982-f6571d489655\">Um abra\u00e7o e bons estudos!<\/p>\n\n\n\n<p id=\"block-b3d3a964-1239-435d-b2dd-9d5a85212015\">Leonardo Mathias<\/p>\n\n\n\n<p id=\"block-d489c2f4-21d9-42f1-b7c0-55d72c3e3c4f\">@profleomathias<\/p>\n\n\n\n<p><a href=\"https:\/\/www.trt16.jus.br\/\">https:\/\/www.trt16.jus.br\/<\/a><\/p>\n\n\n\n<h2 class=\"has-text-align-center wp-block-heading\" id=\"h-cursos-e-assinaturas\">Cursos e Assinaturas <\/h2>\n\n\n\n<p>Prepare-se com o melhor material e com quem mais aprova em Concursos P\u00fablicos em todo o pa\u00eds!<\/p>\n\n\n\n<p class=\"has-text-align-center has-white-color has-vivid-purple-background-color has-text-color has-background\"><a href=\"https:\/\/www.estrategiaconcursos.com.br\/blog\/concursos-abertos\/\" target=\"_blank\" rel=\"noreferrer noopener\"><strong>Concursos abertos<\/strong><\/a><\/p>\n\n\n\n<p class=\"has-text-align-center has-white-color has-vivid-purple-background-color has-text-color has-background\"><strong><a href=\"https:\/\/www.estrategiaconcursos.com.br\/blog\/concursos-2022\/\" target=\"_blank\" rel=\"noreferrer noopener\">Concursos 2022<\/a><\/strong><\/p>\n","protected":false},"excerpt":{"rendered":"<p>Ol\u00e1, Pessoal, tudo bem com voc\u00eas? No artigo de hoje vamos falar a respeito dos pontos principais pontos de No\u00e7\u00f5es de Gest\u00e3o P\u00fablica para o concurso do TRT-MA, iremos fazer um resumo bem legal para voc\u00ea! Resumo de No\u00e7\u00f5es de Gest\u00e3o P\u00fablica para o TRT-MA Os TRTs n\u00e3o param de publicar edital! Agora \u00e9 a [&hellip;]<\/p>\n","protected":false},"author":773,"featured_media":951708,"comment_status":"open","ping_status":"closed","sticky":false,"template":"","format":"standard","meta":{"post_tipo":"article","footnotes":""},"categories":[1984,220737],"tags":[],"tax_estado":[219973],"class_list":["post-1073970","post","type-post","status-publish","format-standard","has-post-thumbnail","hentry","category-tribunais","category-tribunais-tribunais","tax_estado-ma"],"acf":[],"yoast_head":"<!-- This site is optimized with the Yoast SEO Premium plugin v27.2 (Yoast SEO v27.2) - https:\/\/yoast.com\/product\/yoast-seo-premium-wordpress\/ -->\n<title>Resumo de No\u00e7\u00f5es de Gest\u00e3o P\u00fablica para o TRT-MA<\/title>\n<meta name=\"description\" content=\"Resumo de No\u00e7\u00f5es de Gest\u00e3o P\u00fablica para o TRT-MA, gabarite no\u00e7\u00f5es de Gest\u00e3o P\u00fablica na sua prova do Tribunal Regional do Trabalho\" \/>\n<meta name=\"robots\" content=\"index, follow, max-snippet:-1, max-image-preview:large, max-video-preview:-1\" \/>\n<link rel=\"canonical\" href=\"https:\/\/www.estrategiaconcursos.com.br\/blog\/nocoes-gestao-publica\/\" \/>\n<meta property=\"og:locale\" content=\"pt_BR\" \/>\n<meta property=\"og:type\" content=\"article\" \/>\n<meta property=\"og:title\" content=\"Resumo de No\u00e7\u00f5es de Gest\u00e3o P\u00fablica para o TRT-MA\" \/>\n<meta property=\"og:description\" content=\"Resumo de No\u00e7\u00f5es de Gest\u00e3o P\u00fablica para o TRT-MA, gabarite no\u00e7\u00f5es de Gest\u00e3o P\u00fablica na sua prova do Tribunal Regional do Trabalho\" \/>\n<meta property=\"og:url\" content=\"https:\/\/www.estrategiaconcursos.com.br\/blog\/nocoes-gestao-publica\/\" \/>\n<meta property=\"og:site_name\" content=\"Estrat\u00e9gia Concursos\" \/>\n<meta property=\"article:published_time\" content=\"2022-08-15T11:53:00+00:00\" \/>\n<meta property=\"article:modified_time\" content=\"2022-10-10T19:03:37+00:00\" \/>\n<meta property=\"og:image\" content=\"https:\/\/dhg1h5j42swfq.cloudfront.net\/2022\/01\/21104033\/tce-ms-1.jpg\" \/>\n\t<meta property=\"og:image:width\" content=\"1000\" \/>\n\t<meta property=\"og:image:height\" content=\"562\" \/>\n\t<meta property=\"og:image:type\" content=\"image\/jpeg\" \/>\n<meta name=\"author\" content=\"Leonardo Mathias\" \/>\n<meta name=\"twitter:card\" content=\"summary_large_image\" \/>\n<meta name=\"twitter:creator\" content=\"@EstratConcursos\" \/>\n<meta name=\"twitter:site\" content=\"@EstratConcursos\" \/>\n<meta name=\"twitter:label1\" content=\"Escrito por\" \/>\n\t<meta name=\"twitter:data1\" content=\"Leonardo Mathias\" \/>\n\t<meta name=\"twitter:label2\" content=\"Est. tempo de leitura\" \/>\n\t<meta name=\"twitter:data2\" content=\"6 minutos\" \/>\n<script type=\"application\/ld+json\" class=\"yoast-schema-graph\">{\"@context\":\"https:\/\/schema.org\",\"@graph\":[{\"@type\":\"NewsArticle\",\"@id\":\"https:\/\/www.estrategiaconcursos.com.br\/blog\/nocoes-gestao-publica\/#article\",\"isPartOf\":{\"@id\":\"https:\/\/www.estrategiaconcursos.com.br\/blog\/nocoes-gestao-publica\/\"},\"author\":{\"name\":\"Leonardo Mathias\",\"@id\":\"https:\/\/www.estrategiaconcursos.com.br\/blog\/#\/schema\/person\/ffa1e327b35698a5329b293a0627bd55\"},\"headline\":\"Resumo de No\u00e7\u00f5es de Gest\u00e3o P\u00fablica para o TRT-MA\",\"datePublished\":\"2022-08-15T11:53:00+00:00\",\"dateModified\":\"2022-10-10T19:03:37+00:00\",\"mainEntityOfPage\":{\"@id\":\"https:\/\/www.estrategiaconcursos.com.br\/blog\/nocoes-gestao-publica\/\"},\"wordCount\":1924,\"commentCount\":0,\"publisher\":{\"@id\":\"https:\/\/www.estrategiaconcursos.com.br\/blog\/#organization\"},\"image\":{\"@id\":\"https:\/\/www.estrategiaconcursos.com.br\/blog\/nocoes-gestao-publica\/#primaryimage\"},\"thumbnailUrl\":\"https:\/\/dhg1h5j42swfq.cloudfront.net\/2022\/01\/21104033\/tce-ms-1.jpg\",\"articleSection\":[\"Tribunais\",\"Tribunais\"],\"inLanguage\":\"pt-BR\",\"potentialAction\":[{\"@type\":\"CommentAction\",\"name\":\"Comment\",\"target\":[\"https:\/\/www.estrategiaconcursos.com.br\/blog\/nocoes-gestao-publica\/#respond\"]}],\"copyrightYear\":\"2022\",\"copyrightHolder\":{\"@id\":\"https:\/\/www.estrategiaconcursos.com.br\/blog\/#organization\"}},{\"@type\":\"WebPage\",\"@id\":\"https:\/\/www.estrategiaconcursos.com.br\/blog\/nocoes-gestao-publica\/\",\"url\":\"https:\/\/www.estrategiaconcursos.com.br\/blog\/nocoes-gestao-publica\/\",\"name\":\"Resumo de No\u00e7\u00f5es de Gest\u00e3o P\u00fablica para o TRT-MA\",\"isPartOf\":{\"@id\":\"https:\/\/www.estrategiaconcursos.com.br\/blog\/#website\"},\"primaryImageOfPage\":{\"@id\":\"https:\/\/www.estrategiaconcursos.com.br\/blog\/nocoes-gestao-publica\/#primaryimage\"},\"image\":{\"@id\":\"https:\/\/www.estrategiaconcursos.com.br\/blog\/nocoes-gestao-publica\/#primaryimage\"},\"thumbnailUrl\":\"https:\/\/dhg1h5j42swfq.cloudfront.net\/2022\/01\/21104033\/tce-ms-1.jpg\",\"datePublished\":\"2022-08-15T11:53:00+00:00\",\"dateModified\":\"2022-10-10T19:03:37+00:00\",\"description\":\"Resumo de No\u00e7\u00f5es de Gest\u00e3o P\u00fablica para o TRT-MA, gabarite no\u00e7\u00f5es de Gest\u00e3o P\u00fablica na sua prova do Tribunal Regional do Trabalho\",\"breadcrumb\":{\"@id\":\"https:\/\/www.estrategiaconcursos.com.br\/blog\/nocoes-gestao-publica\/#breadcrumb\"},\"inLanguage\":\"pt-BR\",\"potentialAction\":[{\"@type\":\"ReadAction\",\"target\":[\"https:\/\/www.estrategiaconcursos.com.br\/blog\/nocoes-gestao-publica\/\"]}]},{\"@type\":\"ImageObject\",\"inLanguage\":\"pt-BR\",\"@id\":\"https:\/\/www.estrategiaconcursos.com.br\/blog\/nocoes-gestao-publica\/#primaryimage\",\"url\":\"https:\/\/dhg1h5j42swfq.cloudfront.net\/2022\/01\/21104033\/tce-ms-1.jpg\",\"contentUrl\":\"https:\/\/dhg1h5j42swfq.cloudfront.net\/2022\/01\/21104033\/tce-ms-1.jpg\",\"width\":1000,\"height\":562,\"caption\":\"TCE-MS: Como melhorar a concentra\u00e7\u00e3o\"},{\"@type\":\"BreadcrumbList\",\"@id\":\"https:\/\/www.estrategiaconcursos.com.br\/blog\/nocoes-gestao-publica\/#breadcrumb\",\"itemListElement\":[{\"@type\":\"ListItem\",\"position\":1,\"name\":\"In\u00edcio\",\"item\":\"https:\/\/www.estrategiaconcursos.com.br\/blog\/\"},{\"@type\":\"ListItem\",\"position\":2,\"name\":\"Resumo de No\u00e7\u00f5es de Gest\u00e3o P\u00fablica para o TRT-MA\"}]},{\"@type\":\"WebSite\",\"@id\":\"https:\/\/www.estrategiaconcursos.com.br\/blog\/#website\",\"url\":\"https:\/\/www.estrategiaconcursos.com.br\/blog\/\",\"name\":\"Estrat\u00e9gia Concursos\",\"description\":\"O blog da Estrat\u00e9gia Concursos traz not\u00edcias sobre concursos e artigos de professores oferecendo cursos para concursos (pdf + videaulas) no site.\",\"publisher\":{\"@id\":\"https:\/\/www.estrategiaconcursos.com.br\/blog\/#organization\"},\"potentialAction\":[{\"@type\":\"SearchAction\",\"target\":{\"@type\":\"EntryPoint\",\"urlTemplate\":\"https:\/\/www.estrategiaconcursos.com.br\/blog\/?s={search_term_string}\"},\"query-input\":{\"@type\":\"PropertyValueSpecification\",\"valueRequired\":true,\"valueName\":\"search_term_string\"}}],\"inLanguage\":\"pt-BR\"},{\"@type\":\"Organization\",\"@id\":\"https:\/\/www.estrategiaconcursos.com.br\/blog\/#organization\",\"name\":\"Estrat\u00e9gia Concursos\",\"url\":\"https:\/\/www.estrategiaconcursos.com.br\/blog\/\",\"logo\":{\"@type\":\"ImageObject\",\"inLanguage\":\"pt-BR\",\"@id\":\"https:\/\/www.estrategiaconcursos.com.br\/blog\/#\/schema\/logo\/image\/\",\"url\":\"https:\/\/dhg1h5j42swfq.cloudfront.net\/2025\/06\/03203428\/logo_concursos-1.jpg\",\"contentUrl\":\"https:\/\/dhg1h5j42swfq.cloudfront.net\/2025\/06\/03203428\/logo_concursos-1.jpg\",\"width\":230,\"height\":60,\"caption\":\"Estrat\u00e9gia Concursos\"},\"image\":{\"@id\":\"https:\/\/www.estrategiaconcursos.com.br\/blog\/#\/schema\/logo\/image\/\"},\"sameAs\":[\"https:\/\/x.com\/EstratConcursos\"]},{\"@type\":\"Person\",\"@id\":\"https:\/\/www.estrategiaconcursos.com.br\/blog\/#\/schema\/person\/ffa1e327b35698a5329b293a0627bd55\",\"name\":\"Leonardo Mathias\",\"image\":{\"@type\":\"ImageObject\",\"inLanguage\":\"pt-BR\",\"@id\":\"https:\/\/secure.gravatar.com\/avatar\/f02a0a4304a1537239604f568c9b6a69a3a7bbd6a5033b760cb4a5697f00295b?s=96&d=mm&r=g\",\"url\":\"https:\/\/secure.gravatar.com\/avatar\/f02a0a4304a1537239604f568c9b6a69a3a7bbd6a5033b760cb4a5697f00295b?s=96&d=mm&r=g\",\"contentUrl\":\"https:\/\/secure.gravatar.com\/avatar\/f02a0a4304a1537239604f568c9b6a69a3a7bbd6a5033b760cb4a5697f00295b?s=96&d=mm&r=g\",\"caption\":\"Leonardo Mathias\"},\"url\":\"https:\/\/www.estrategiaconcursos.com.br\/blog\/author\/leonardomathiasestrategiaconcursos-com-br\/\"}]}<\/script>\n<!-- \/ Yoast SEO Premium plugin. -->","yoast_head_json":{"title":"Resumo de No\u00e7\u00f5es de Gest\u00e3o P\u00fablica para o TRT-MA","description":"Resumo de No\u00e7\u00f5es de Gest\u00e3o P\u00fablica para o TRT-MA, gabarite no\u00e7\u00f5es de Gest\u00e3o P\u00fablica na sua prova do Tribunal Regional do Trabalho","robots":{"index":"index","follow":"follow","max-snippet":"max-snippet:-1","max-image-preview":"max-image-preview:large","max-video-preview":"max-video-preview:-1"},"canonical":"https:\/\/www.estrategiaconcursos.com.br\/blog\/nocoes-gestao-publica\/","og_locale":"pt_BR","og_type":"article","og_title":"Resumo de No\u00e7\u00f5es de Gest\u00e3o P\u00fablica para o TRT-MA","og_description":"Resumo de No\u00e7\u00f5es de Gest\u00e3o P\u00fablica para o TRT-MA, gabarite no\u00e7\u00f5es de Gest\u00e3o P\u00fablica na sua prova do Tribunal Regional do Trabalho","og_url":"https:\/\/www.estrategiaconcursos.com.br\/blog\/nocoes-gestao-publica\/","og_site_name":"Estrat\u00e9gia Concursos","article_published_time":"2022-08-15T11:53:00+00:00","article_modified_time":"2022-10-10T19:03:37+00:00","og_image":[{"width":1000,"height":562,"url":"https:\/\/dhg1h5j42swfq.cloudfront.net\/2022\/01\/21104033\/tce-ms-1.jpg","type":"image\/jpeg"}],"author":"Leonardo Mathias","twitter_card":"summary_large_image","twitter_creator":"@EstratConcursos","twitter_site":"@EstratConcursos","twitter_misc":{"Escrito por":"Leonardo Mathias","Est. tempo de leitura":"6 minutos"},"schema":{"@context":"https:\/\/schema.org","@graph":[{"@type":"NewsArticle","@id":"https:\/\/www.estrategiaconcursos.com.br\/blog\/nocoes-gestao-publica\/#article","isPartOf":{"@id":"https:\/\/www.estrategiaconcursos.com.br\/blog\/nocoes-gestao-publica\/"},"author":{"name":"Leonardo Mathias","@id":"https:\/\/www.estrategiaconcursos.com.br\/blog\/#\/schema\/person\/ffa1e327b35698a5329b293a0627bd55"},"headline":"Resumo de No\u00e7\u00f5es de Gest\u00e3o P\u00fablica para o TRT-MA","datePublished":"2022-08-15T11:53:00+00:00","dateModified":"2022-10-10T19:03:37+00:00","mainEntityOfPage":{"@id":"https:\/\/www.estrategiaconcursos.com.br\/blog\/nocoes-gestao-publica\/"},"wordCount":1924,"commentCount":0,"publisher":{"@id":"https:\/\/www.estrategiaconcursos.com.br\/blog\/#organization"},"image":{"@id":"https:\/\/www.estrategiaconcursos.com.br\/blog\/nocoes-gestao-publica\/#primaryimage"},"thumbnailUrl":"https:\/\/dhg1h5j42swfq.cloudfront.net\/2022\/01\/21104033\/tce-ms-1.jpg","articleSection":["Tribunais","Tribunais"],"inLanguage":"pt-BR","potentialAction":[{"@type":"CommentAction","name":"Comment","target":["https:\/\/www.estrategiaconcursos.com.br\/blog\/nocoes-gestao-publica\/#respond"]}],"copyrightYear":"2022","copyrightHolder":{"@id":"https:\/\/www.estrategiaconcursos.com.br\/blog\/#organization"}},{"@type":"WebPage","@id":"https:\/\/www.estrategiaconcursos.com.br\/blog\/nocoes-gestao-publica\/","url":"https:\/\/www.estrategiaconcursos.com.br\/blog\/nocoes-gestao-publica\/","name":"Resumo de No\u00e7\u00f5es de Gest\u00e3o P\u00fablica para o TRT-MA","isPartOf":{"@id":"https:\/\/www.estrategiaconcursos.com.br\/blog\/#website"},"primaryImageOfPage":{"@id":"https:\/\/www.estrategiaconcursos.com.br\/blog\/nocoes-gestao-publica\/#primaryimage"},"image":{"@id":"https:\/\/www.estrategiaconcursos.com.br\/blog\/nocoes-gestao-publica\/#primaryimage"},"thumbnailUrl":"https:\/\/dhg1h5j42swfq.cloudfront.net\/2022\/01\/21104033\/tce-ms-1.jpg","datePublished":"2022-08-15T11:53:00+00:00","dateModified":"2022-10-10T19:03:37+00:00","description":"Resumo de No\u00e7\u00f5es de Gest\u00e3o P\u00fablica para o TRT-MA, gabarite no\u00e7\u00f5es de Gest\u00e3o P\u00fablica na sua prova do Tribunal Regional do Trabalho","breadcrumb":{"@id":"https:\/\/www.estrategiaconcursos.com.br\/blog\/nocoes-gestao-publica\/#breadcrumb"},"inLanguage":"pt-BR","potentialAction":[{"@type":"ReadAction","target":["https:\/\/www.estrategiaconcursos.com.br\/blog\/nocoes-gestao-publica\/"]}]},{"@type":"ImageObject","inLanguage":"pt-BR","@id":"https:\/\/www.estrategiaconcursos.com.br\/blog\/nocoes-gestao-publica\/#primaryimage","url":"https:\/\/dhg1h5j42swfq.cloudfront.net\/2022\/01\/21104033\/tce-ms-1.jpg","contentUrl":"https:\/\/dhg1h5j42swfq.cloudfront.net\/2022\/01\/21104033\/tce-ms-1.jpg","width":1000,"height":562,"caption":"TCE-MS: Como melhorar a concentra\u00e7\u00e3o"},{"@type":"BreadcrumbList","@id":"https:\/\/www.estrategiaconcursos.com.br\/blog\/nocoes-gestao-publica\/#breadcrumb","itemListElement":[{"@type":"ListItem","position":1,"name":"In\u00edcio","item":"https:\/\/www.estrategiaconcursos.com.br\/blog\/"},{"@type":"ListItem","position":2,"name":"Resumo de No\u00e7\u00f5es de Gest\u00e3o P\u00fablica para o TRT-MA"}]},{"@type":"WebSite","@id":"https:\/\/www.estrategiaconcursos.com.br\/blog\/#website","url":"https:\/\/www.estrategiaconcursos.com.br\/blog\/","name":"Estrat\u00e9gia Concursos","description":"O blog da Estrat\u00e9gia Concursos traz not\u00edcias sobre concursos e artigos de professores oferecendo cursos para concursos (pdf + videaulas) no site.","publisher":{"@id":"https:\/\/www.estrategiaconcursos.com.br\/blog\/#organization"},"potentialAction":[{"@type":"SearchAction","target":{"@type":"EntryPoint","urlTemplate":"https:\/\/www.estrategiaconcursos.com.br\/blog\/?s={search_term_string}"},"query-input":{"@type":"PropertyValueSpecification","valueRequired":true,"valueName":"search_term_string"}}],"inLanguage":"pt-BR"},{"@type":"Organization","@id":"https:\/\/www.estrategiaconcursos.com.br\/blog\/#organization","name":"Estrat\u00e9gia Concursos","url":"https:\/\/www.estrategiaconcursos.com.br\/blog\/","logo":{"@type":"ImageObject","inLanguage":"pt-BR","@id":"https:\/\/www.estrategiaconcursos.com.br\/blog\/#\/schema\/logo\/image\/","url":"https:\/\/dhg1h5j42swfq.cloudfront.net\/2025\/06\/03203428\/logo_concursos-1.jpg","contentUrl":"https:\/\/dhg1h5j42swfq.cloudfront.net\/2025\/06\/03203428\/logo_concursos-1.jpg","width":230,"height":60,"caption":"Estrat\u00e9gia Concursos"},"image":{"@id":"https:\/\/www.estrategiaconcursos.com.br\/blog\/#\/schema\/logo\/image\/"},"sameAs":["https:\/\/x.com\/EstratConcursos"]},{"@type":"Person","@id":"https:\/\/www.estrategiaconcursos.com.br\/blog\/#\/schema\/person\/ffa1e327b35698a5329b293a0627bd55","name":"Leonardo Mathias","image":{"@type":"ImageObject","inLanguage":"pt-BR","@id":"https:\/\/secure.gravatar.com\/avatar\/f02a0a4304a1537239604f568c9b6a69a3a7bbd6a5033b760cb4a5697f00295b?s=96&d=mm&r=g","url":"https:\/\/secure.gravatar.com\/avatar\/f02a0a4304a1537239604f568c9b6a69a3a7bbd6a5033b760cb4a5697f00295b?s=96&d=mm&r=g","contentUrl":"https:\/\/secure.gravatar.com\/avatar\/f02a0a4304a1537239604f568c9b6a69a3a7bbd6a5033b760cb4a5697f00295b?s=96&d=mm&r=g","caption":"Leonardo Mathias"},"url":"https:\/\/www.estrategiaconcursos.com.br\/blog\/author\/leonardomathiasestrategiaconcursos-com-br\/"}]}},"_links":{"self":[{"href":"https:\/\/www.estrategiaconcursos.com.br\/blog\/wp-json\/wp\/v2\/posts\/1073970","targetHints":{"allow":["GET"]}}],"collection":[{"href":"https:\/\/www.estrategiaconcursos.com.br\/blog\/wp-json\/wp\/v2\/posts"}],"about":[{"href":"https:\/\/www.estrategiaconcursos.com.br\/blog\/wp-json\/wp\/v2\/types\/post"}],"author":[{"embeddable":true,"href":"https:\/\/www.estrategiaconcursos.com.br\/blog\/wp-json\/wp\/v2\/users\/773"}],"replies":[{"embeddable":true,"href":"https:\/\/www.estrategiaconcursos.com.br\/blog\/wp-json\/wp\/v2\/comments?post=1073970"}],"version-history":[{"count":12,"href":"https:\/\/www.estrategiaconcursos.com.br\/blog\/wp-json\/wp\/v2\/posts\/1073970\/revisions"}],"predecessor-version":[{"id":1107622,"href":"https:\/\/www.estrategiaconcursos.com.br\/blog\/wp-json\/wp\/v2\/posts\/1073970\/revisions\/1107622"}],"wp:featuredmedia":[{"embeddable":true,"href":"https:\/\/www.estrategiaconcursos.com.br\/blog\/wp-json\/wp\/v2\/media\/951708"}],"wp:attachment":[{"href":"https:\/\/www.estrategiaconcursos.com.br\/blog\/wp-json\/wp\/v2\/media?parent=1073970"}],"wp:term":[{"taxonomy":"category","embeddable":true,"href":"https:\/\/www.estrategiaconcursos.com.br\/blog\/wp-json\/wp\/v2\/categories?post=1073970"},{"taxonomy":"post_tag","embeddable":true,"href":"https:\/\/www.estrategiaconcursos.com.br\/blog\/wp-json\/wp\/v2\/tags?post=1073970"},{"taxonomy":"tax_estado","embeddable":true,"href":"https:\/\/www.estrategiaconcursos.com.br\/blog\/wp-json\/wp\/v2\/tax_estado?post=1073970"}],"curies":[{"name":"wp","href":"https:\/\/api.w.org\/{rel}","templated":true}]}}