{"id":1072905,"date":"2022-08-05T16:52:40","date_gmt":"2022-08-05T19:52:40","guid":{"rendered":"https:\/\/www.estrategiaconcursos.com.br\/blog\/?p=1072905"},"modified":"2022-09-07T12:49:47","modified_gmt":"2022-09-07T15:49:47","slug":"concurso-seed-ap-edital-publicado","status":"publish","type":"post","link":"https:\/\/www.estrategiaconcursos.com.br\/blog\/concurso-seed-ap-edital-publicado\/","title":{"rendered":"Edital SEED AP: inscri\u00e7\u00f5es encerradas! Ganhe at\u00e9 4,9 mil!"},"content":{"rendered":"\n<p>Foram encerradas as inscri\u00e7\u00f5es para edital do concurso da  <a href=\"https:\/\/www.estrategiaconcursos.com.br\/cursosPorConcurso\/secretaria-de-educacao-do-amapa-seed-ap\/\" target=\"_blank\" rel=\"noreferrer noopener\">Secretaria de Educa\u00e7\u00e3o do Amap\u00e1<\/a>! Conforme o documento, s\u00e3o ofertadas <strong>5.002 vagas<\/strong>, sendo <strong>1.182 imediatas<\/strong>,  distribu\u00eddas entre cargos de n\u00edveis m\u00e9dio e superior de escolaridade.<\/p>\n\n\n\n<p>As inscri\u00e7\u00f5es foram realizadas entre os dias <strong>08 de agosto<\/strong> e <strong>06 de<\/strong> <strong>setembro de 2022<\/strong>, no site da banca organizadora, FGV. As taxas foram definidas de acordo com o grau de escolaridade do cargo pretendido, sendo:<\/p>\n\n\n\n<ul class=\"wp-block-list\"><li><strong>M\u00e9dio:<\/strong> R$ 70,00<\/li><li><strong>Superior: <\/strong>R$ 90,00<\/li><\/ul>\n\n\n\n<ul class=\"has-electric-grass-gradient-background has-background wp-block-list\"><li><strong>Concurso SEED AP<\/strong><\/li><li><strong>Status:<\/strong> inscri\u00e7\u00f5es encerradas<\/li><li><strong>Banca:<\/strong> FGV<\/li><li><strong>Vagas:<\/strong> 1.182 + 3.820 CR<\/li><li><strong>Sal\u00e1rio inicial:<\/strong> R$ 2.606,10 a R$ 4.917,28<\/li><li><strong>Edital:<\/strong> <a href=\"https:\/\/dhg1h5j42swfq.cloudfront.net\/2022\/08\/05162814\/sead_f579a9ecb4638a8d208fe5d2fc44aa01.pdf\" target=\"_blank\" rel=\"noreferrer noopener nofollow\">SEED AP 2022<\/a><\/li><\/ul>\n\n\n\n<div class=\"col-sm\">\n      <div class=\"banner-estrategia\" id=\"box-assinatura\">\n        <h3 class=\"titulo-assinatura\">Cursos para SEED AP<\/h3>\n        <p class=\"subtitulo-assinatura\">Conhe\u00e7a os cursos<\/p>\n        <div class=\"box-botao\">\n          <a class=\"btn-assinatura\" target=\"_blank\" href=\"https:\/\/www.estrategiaconcursos.com.br\/cursosPorConcurso\/secretaria-de-educacao-do-amapa-seed-ap\/\" role=\"button\" rel=\"noopener noreferrer\">Conhe\u00e7a mais<\/a>\n        <\/div>\n      <\/div>\n      <p class=\"texto-auxiliar\">Prepare-se com o melhor material e com quem mais aprova em Concursos P\u00fablicos em todo o pa\u00eds.<\/p>\n    <\/div>\n\n\n\n<h2 class=\"wp-block-heading\" id=\"datas\">Principais datas edital SEED AP<\/h2>\n\n\n\n<p class=\"has-vivid-green-cyan-background-color has-background\"><strong>Inscri\u00e7\u00f5es<\/strong>: <s>08 de agosto a 06 de setembro de 2022<\/s><br \/><strong>Isen\u00e7\u00e3o da taxa<\/strong>: <s>08 a 10 de agosto<\/s><br \/><strong>\u00daltimo dia para pagamento<\/strong>: 08 de setembro<br \/><strong>Prova<\/strong>: 16 de outubro de 2022<\/p>\n\n\n\n<h2 class=\"wp-block-heading\" id=\"cargos-vagas\">Cargos e vagas<\/h2>\n\n\n\n<h3 class=\"wp-block-heading\" id=\"nivel-medio\">N\u00edvel m\u00e9dio<\/h3>\n\n\n\n<figure class=\"wp-block-table is-style-stripes\"><table class=\"has-electric-grass-gradient-background has-background has-fixed-layout\"><thead><tr><th class=\"has-text-align-center\" data-align=\"center\">CARGOS<\/th><th class=\"has-text-align-center\" data-align=\"center\">VAGAS<\/th><th class=\"has-text-align-center\" data-align=\"center\">SAL\u00c1RIO<\/th><\/tr><\/thead><tbody><tr><td class=\"has-text-align-center\" data-align=\"center\">Cuidador<\/td><td class=\"has-text-align-center\" data-align=\"center\">70 + 220 CR<\/td><td class=\"has-text-align-center\" data-align=\"center\">R$ 2.606,10<\/td><\/tr><\/tbody><\/table><figcaption>Vagas de n\u00edvel m\u00e9dio SEED AP<\/figcaption><\/figure>\n\n\n\n<h3 class=\"wp-block-heading\" id=\"tecnico\">N\u00edvel superior<\/h3>\n\n\n\n<figure class=\"wp-block-table is-style-stripes\"><table class=\"has-electric-grass-gradient-background has-background has-fixed-layout\"><thead><tr><th class=\"has-text-align-center\" data-align=\"center\">CARGOS<\/th><th class=\"has-text-align-center\" data-align=\"center\">VAGAS<\/th><th class=\"has-text-align-center\" data-align=\"center\">SAL\u00c1RIO<\/th><\/tr><\/thead><tbody><tr><td class=\"has-text-align-center\" data-align=\"center\">Professor da Educa\u00e7\u00e3o B\u00e1sica e Profissional<\/td><td class=\"has-text-align-center\" data-align=\"center\">1000 + 3220 CR<\/td><td class=\"has-text-align-center\" data-align=\"center\">R$ 4.917,28<\/td><\/tr><tr><td class=\"has-text-align-center\" data-align=\"center\">Pedagogo<\/td><td class=\"has-text-align-center\" data-align=\"center\">100 + 300 CR<\/td><td class=\"has-text-align-center\" data-align=\"center\">R$ 4.917,28<\/td><\/tr><tr><td class=\"has-text-align-center\" data-align=\"center\">Tradutor Int\u00e9rprete de LIBRAS-L\u00edngua Portuguesa<\/td><td class=\"has-text-align-center\" data-align=\"center\">12 +  80 CR<\/td><td class=\"has-text-align-center\" data-align=\"center\">R$ 3.864,62<\/td><\/tr><\/tbody><\/table><figcaption>Vagas de n\u00edvel superior SEED AP<\/figcaption><\/figure>\n\n\n\n<h2 class=\"wp-block-heading\" id=\"etapas\">Etapas e provas<\/h2>\n\n\n\n<p>Os candidatos ao concurso SEED AP ser\u00e3o avaliados por meio das seguintes etapas:<\/p>\n\n\n\n<ul class=\"wp-block-list\"><li>Para o cargo de <strong>Professor da Educa\u00e7\u00e3o B\u00e1sica e Profissional<\/strong>: Prova Objetiva de m\u00faltipla escolha e Prova Discursiva, na modalidade Estudo de Caso;<\/li><li>Para o cargo de <strong>Pedagogo<\/strong>: Prova Objetiva de m\u00faltipla escolha e Prova Discursiva, na modalidade Reda\u00e7\u00e3o;<\/li><li>Para o cargo de <strong>Cuidador<\/strong>: Prova Objetiva de m\u00faltipla escolha e Prova Discursiva, na modalidade Reda\u00e7\u00e3o;<\/li><li>Para o cargo de <strong>Tradutor Int\u00e9rprete de Libras-L\u00edngua Portuguesa<\/strong>: Prova Objetiva de m\u00faltipla escolha e Prova Pr\u00e1tico Profissional.<\/li><\/ul>\n\n\n\n<h3 class=\"wp-block-heading\" id=\"objetiva\">Provas Objetivas<\/h3>\n\n\n\n<p>Para o cargo de N\u00edvel M\u00e9dio e para os cargos de N\u00edvel Superior, a Prova Escrita, parte Objetiva ser\u00e1  composta por 60 (sessenta) quest\u00f5es de m\u00faltipla escolha, numeradas sequencialmente, com 05 (cinco) alternativas e apenas uma resposta correta, valendo 1 (um) ponto cada.<\/p>\n\n\n\n<p>Confira abaixo a estrutura!<\/p>\n\n\n\n<figure class=\"wp-block-image aligncenter size-full\"><img loading=\"lazy\" decoding=\"async\" width=\"496\" height=\"240\" src=\"https:\/\/dhg1h5j42swfq.cloudfront.net\/2022\/08\/05164453\/image-99.png\" alt=\"\" class=\"wp-image-1072944\" srcset=\"https:\/\/dhg1h5j42swfq.cloudfront.net\/2022\/08\/05164453\/image-99.png 496w, https:\/\/dhg1h5j42swfq.cloudfront.net\/2022\/08\/05164453\/image-99-300x145.png 300w, https:\/\/dhg1h5j42swfq.cloudfront.net\/2022\/08\/05164453\/image-99-150x73.png 150w\" sizes=\"auto, (max-width: 496px) 100vw, 496px\" \/><figcaption>Prova objetiva concurso SEED AP<\/figcaption><\/figure>\n\n\n\n<p>A etapa ser\u00e1 realizada na prov\u00e1vel data de 16 de outubro de 2022, em Macap\u00e1 -AP.<\/p>\n\n\n\n<h3 class=\"wp-block-heading\" id=\"discursiva\">Prova Discursiva<\/h3>\n\n\n\n<p>A Prova Escrita Discursiva para o cargo Professor da Educa\u00e7\u00e3o B\u00e1sica e Profissional constar\u00e1 de 1 (um) Estudo de Caso.<\/p>\n\n\n\n<p>J\u00e1 a Prova Escrita Discursiva para os cargos de Pedagogo e Cuidador constar\u00e1 de 1 (uma) Reda\u00e7\u00e3o Avalia\u00e7\u00e3o de T\u00edtulos.<\/p>\n\n\n\n<h3 class=\"wp-block-heading\" id=\"pratica\">Prova Pr\u00e1tica<\/h3>\n\n\n\n<p>Somente se submeter\u00e3o \u00e0 Prova Pr\u00e1tica os candidatos ao cargo de Tradutor Int\u00e9rprete de LIBRAS \u2013L\u00edngua Portuguesa que forem aprovados na Prova Escrita Objetiva em at\u00e9 3 (tr\u00eas) vezes o quantitativo de vagas imediatas e do cadastro reserva, respeitados os empatados na \u00faltima posi\u00e7\u00e3o.<\/p>\n\n\n\n<p class=\"has-text-align-center has-vivid-green-cyan-background-color has-background has-medium-font-size\"><strong>Saiba mais: <a href=\"https:\/\/www.estrategiaconcursos.com.br\/blog\/concurso-seed-ap\/\" target=\"_blank\" rel=\"noreferrer noopener\">concurso SEED AP<\/a><\/strong><\/p>\n\n\n\n<hr class=\"wp-block-separator has-css-opacity\"\/>\n\n\n\n<h2 class=\"has-text-align-center wp-block-heading\" id=\"h-quer-saber-tudo-sobre-concursos-previstos-confira-nossos-artigos\">Quer saber tudo sobre concursos previstos?<br \/>Confira  nossos artigos!<\/h2>\n\n\n\n<ul class=\"wp-block-list\"><li><a href=\"https:\/\/www.estrategiaconcursos.com.br\/blog\/concursos-abertos\/\" target=\"_blank\" rel=\"noreferrer noopener\">Concursos abertos<\/a><\/li><li><a href=\"https:\/\/www.estrategiaconcursos.com.br\/blog\/concursos-2022\/\" target=\"_blank\" rel=\"noreferrer noopener\">Concursos 2022<\/a><\/li><li><a href=\"https:\/\/www.estrategiaconcursos.com.br\/blog\/concursos-2023\/\" target=\"_blank\" rel=\"noreferrer noopener\">Concursos 2023<\/a><\/li><\/ul>\n\n\n\n<h2 class=\"has-text-align-center wp-block-heading\" id=\"cursos-assinatura\">Quer estudar para o concurso SEED AP?<\/h2>\n\n\n\n<div class=\"col-sm\">\n      <div class=\"banner-estrategia\" id=\"box-assinatura\">\n        <h3 class=\"titulo-assinatura\">Cursos para SEED AP<\/h3>\n        <p class=\"subtitulo-assinatura\">Conhe\u00e7a os cursos<\/p>\n        <div class=\"box-botao\">\n          <a class=\"btn-assinatura\" target=\"_blank\" href=\"https:\/\/www.estrategiaconcursos.com.br\/cursosPorConcurso\/secretaria-de-educacao-do-amapa-seed-ap\/\" role=\"button\" rel=\"noopener noreferrer\">Conhe\u00e7a mais<\/a>\n        <\/div>\n      <\/div>\n      <p class=\"texto-auxiliar\">Prepare-se com o melhor material e com quem mais aprova em Concursos P\u00fablicos em todo o pa\u00eds.<\/p>\n    <\/div>\n\n\n\n<div class=\"container\" id=\"boxes\">\n  <div class=\"row\">\n\n    <div class=\"col-sm\">\n      <div class=\"estrategia\" id=\"box-assinatura\">\n        <h3 class=\"titulo-assinatura\">Assinatura Concursos<\/h3>\n        <p class=\"subtitulo-assinatura\">Assinatura de 1 ano ou 2 anos<\/p>\n        <div class=\"box-botao\">\n          <a class=\"btn-assinatura\" target=\"_blank\" href=\"https:\/\/www.estrategiaconcursos.com.br\/assinaturas\/\" role=\"button\" rel=\"noopener noreferrer\">ASSINE AGORA<\/a>\n        <\/div>\n      <\/div><\/div><\/div><\/div>\n\n\n\n<p><\/p>\n","protected":false},"excerpt":{"rendered":"<p>Foram encerradas as inscri\u00e7\u00f5es para edital do concurso da Secretaria de Educa\u00e7\u00e3o do Amap\u00e1! Conforme o documento, s\u00e3o ofertadas 5.002 vagas, sendo 1.182 imediatas, distribu\u00eddas entre cargos de n\u00edveis m\u00e9dio e superior de escolaridade. As inscri\u00e7\u00f5es foram realizadas entre os dias 08 de agosto e 06 de setembro de 2022, no site da banca organizadora, [&hellip;]<\/p>\n","protected":false},"author":2402,"featured_media":385246,"comment_status":"open","ping_status":"closed","sticky":false,"template":"","format":"standard","meta":{"post_tipo":"news","footnotes":""},"categories":[3766],"tags":[],"tax_estado":[219967],"class_list":["post-1072905","post","type-post","status-publish","format-standard","has-post-thumbnail","hentry","category-educacional","tax_estado-ap"],"acf":[],"yoast_head":"<!-- This site is optimized with the Yoast SEO Premium plugin v27.2 (Yoast SEO v27.2) - https:\/\/yoast.com\/product\/yoast-seo-premium-wordpress\/ -->\n<title>Edital SEED AP: inscri\u00e7\u00f5es encerradas! Ganhe at\u00e9 4,9 mil!<\/title>\n<meta name=\"description\" content=\"Edital SEED AP est\u00e1 com as inscri\u00e7\u00f5es encerradas! Mais de 5 mil oportunidades de n\u00edveis m\u00e9dio e superior. Confira os detalhes aqui no site!\" \/>\n<meta name=\"robots\" content=\"index, follow, max-snippet:-1, max-image-preview:large, max-video-preview:-1\" \/>\n<link rel=\"canonical\" href=\"https:\/\/www.estrategiaconcursos.com.br\/blog\/concurso-seed-ap-edital-publicado\/\" \/>\n<meta property=\"og:locale\" content=\"pt_BR\" \/>\n<meta property=\"og:type\" content=\"article\" \/>\n<meta property=\"og:title\" content=\"Edital SEED AP: inscri\u00e7\u00f5es encerradas! Ganhe at\u00e9 4,9 mil!\" \/>\n<meta property=\"og:description\" content=\"Edital SEED AP est\u00e1 com as inscri\u00e7\u00f5es encerradas! Mais de 5 mil oportunidades de n\u00edveis m\u00e9dio e superior. Confira os detalhes aqui no site!\" \/>\n<meta property=\"og:url\" content=\"https:\/\/www.estrategiaconcursos.com.br\/blog\/concurso-seed-ap-edital-publicado\/\" \/>\n<meta property=\"og:site_name\" content=\"Estrat\u00e9gia Concursos\" \/>\n<meta property=\"article:published_time\" content=\"2022-08-05T19:52:40+00:00\" \/>\n<meta property=\"article:modified_time\" content=\"2022-09-07T15:49:47+00:00\" \/>\n<meta property=\"og:image\" content=\"https:\/\/dhg1h5j42swfq.cloudfront.net\/2019\/06\/07162725\/concurso-seed-ap.jpg\" \/>\n\t<meta property=\"og:image:width\" content=\"400\" \/>\n\t<meta property=\"og:image:height\" content=\"209\" \/>\n\t<meta property=\"og:image:type\" content=\"image\/jpeg\" \/>\n<meta name=\"author\" content=\"Daniela Santos Nascimento\" \/>\n<meta name=\"twitter:card\" content=\"summary_large_image\" \/>\n<meta name=\"twitter:creator\" content=\"@EstratConcursos\" \/>\n<meta name=\"twitter:site\" content=\"@EstratConcursos\" \/>\n<meta name=\"twitter:label1\" content=\"Escrito por\" \/>\n\t<meta name=\"twitter:data1\" content=\"Daniela Santos Nascimento\" \/>\n\t<meta name=\"twitter:label2\" content=\"Est. tempo de leitura\" \/>\n\t<meta name=\"twitter:data2\" content=\"4 minutos\" \/>\n<script type=\"application\/ld+json\" class=\"yoast-schema-graph\">{\"@context\":\"https:\/\/schema.org\",\"@graph\":[{\"@type\":\"NewsArticle\",\"@id\":\"https:\/\/www.estrategiaconcursos.com.br\/blog\/concurso-seed-ap-edital-publicado\/#article\",\"isPartOf\":{\"@id\":\"https:\/\/www.estrategiaconcursos.com.br\/blog\/concurso-seed-ap-edital-publicado\/\"},\"author\":{\"name\":\"Daniela Santos Nascimento\",\"@id\":\"https:\/\/www.estrategiaconcursos.com.br\/blog\/#\/schema\/person\/399990d02336f200766707b881aee98f\"},\"headline\":\"Edital SEED AP: inscri\u00e7\u00f5es encerradas! Ganhe at\u00e9 4,9 mil!\",\"datePublished\":\"2022-08-05T19:52:40+00:00\",\"dateModified\":\"2022-09-07T15:49:47+00:00\",\"mainEntityOfPage\":{\"@id\":\"https:\/\/www.estrategiaconcursos.com.br\/blog\/concurso-seed-ap-edital-publicado\/\"},\"wordCount\":557,\"commentCount\":0,\"publisher\":{\"@id\":\"https:\/\/www.estrategiaconcursos.com.br\/blog\/#organization\"},\"image\":{\"@id\":\"https:\/\/www.estrategiaconcursos.com.br\/blog\/concurso-seed-ap-edital-publicado\/#primaryimage\"},\"thumbnailUrl\":\"https:\/\/dhg1h5j42swfq.cloudfront.net\/2019\/06\/07162725\/concurso-seed-ap.jpg\",\"articleSection\":[\"Educa\u00e7\u00e3o\"],\"inLanguage\":\"pt-BR\",\"potentialAction\":[{\"@type\":\"CommentAction\",\"name\":\"Comment\",\"target\":[\"https:\/\/www.estrategiaconcursos.com.br\/blog\/concurso-seed-ap-edital-publicado\/#respond\"]}],\"copyrightYear\":\"2022\",\"copyrightHolder\":{\"@id\":\"https:\/\/www.estrategiaconcursos.com.br\/blog\/#organization\"}},{\"@type\":\"WebPage\",\"@id\":\"https:\/\/www.estrategiaconcursos.com.br\/blog\/concurso-seed-ap-edital-publicado\/\",\"url\":\"https:\/\/www.estrategiaconcursos.com.br\/blog\/concurso-seed-ap-edital-publicado\/\",\"name\":\"Edital SEED AP: inscri\u00e7\u00f5es encerradas! Ganhe at\u00e9 4,9 mil!\",\"isPartOf\":{\"@id\":\"https:\/\/www.estrategiaconcursos.com.br\/blog\/#website\"},\"primaryImageOfPage\":{\"@id\":\"https:\/\/www.estrategiaconcursos.com.br\/blog\/concurso-seed-ap-edital-publicado\/#primaryimage\"},\"image\":{\"@id\":\"https:\/\/www.estrategiaconcursos.com.br\/blog\/concurso-seed-ap-edital-publicado\/#primaryimage\"},\"thumbnailUrl\":\"https:\/\/dhg1h5j42swfq.cloudfront.net\/2019\/06\/07162725\/concurso-seed-ap.jpg\",\"datePublished\":\"2022-08-05T19:52:40+00:00\",\"dateModified\":\"2022-09-07T15:49:47+00:00\",\"description\":\"Edital SEED AP est\u00e1 com as inscri\u00e7\u00f5es encerradas! Mais de 5 mil oportunidades de n\u00edveis m\u00e9dio e superior. Confira os detalhes aqui no site!\",\"breadcrumb\":{\"@id\":\"https:\/\/www.estrategiaconcursos.com.br\/blog\/concurso-seed-ap-edital-publicado\/#breadcrumb\"},\"inLanguage\":\"pt-BR\",\"potentialAction\":[{\"@type\":\"ReadAction\",\"target\":[\"https:\/\/www.estrategiaconcursos.com.br\/blog\/concurso-seed-ap-edital-publicado\/\"]}]},{\"@type\":\"ImageObject\",\"inLanguage\":\"pt-BR\",\"@id\":\"https:\/\/www.estrategiaconcursos.com.br\/blog\/concurso-seed-ap-edital-publicado\/#primaryimage\",\"url\":\"https:\/\/dhg1h5j42swfq.cloudfront.net\/2019\/06\/07162725\/concurso-seed-ap.jpg\",\"contentUrl\":\"https:\/\/dhg1h5j42swfq.cloudfront.net\/2019\/06\/07162725\/concurso-seed-ap.jpg\",\"width\":400,\"height\":209,\"caption\":\"concurso seed ap\"},{\"@type\":\"BreadcrumbList\",\"@id\":\"https:\/\/www.estrategiaconcursos.com.br\/blog\/concurso-seed-ap-edital-publicado\/#breadcrumb\",\"itemListElement\":[{\"@type\":\"ListItem\",\"position\":1,\"name\":\"In\u00edcio\",\"item\":\"https:\/\/www.estrategiaconcursos.com.br\/blog\/\"},{\"@type\":\"ListItem\",\"position\":2,\"name\":\"Edital SEED AP: inscri\u00e7\u00f5es encerradas! Ganhe at\u00e9 4,9 mil!\"}]},{\"@type\":\"WebSite\",\"@id\":\"https:\/\/www.estrategiaconcursos.com.br\/blog\/#website\",\"url\":\"https:\/\/www.estrategiaconcursos.com.br\/blog\/\",\"name\":\"Estrat\u00e9gia Concursos\",\"description\":\"O blog da Estrat\u00e9gia Concursos traz not\u00edcias sobre concursos e artigos de professores oferecendo cursos para concursos (pdf + videaulas) no site.\",\"publisher\":{\"@id\":\"https:\/\/www.estrategiaconcursos.com.br\/blog\/#organization\"},\"potentialAction\":[{\"@type\":\"SearchAction\",\"target\":{\"@type\":\"EntryPoint\",\"urlTemplate\":\"https:\/\/www.estrategiaconcursos.com.br\/blog\/?s={search_term_string}\"},\"query-input\":{\"@type\":\"PropertyValueSpecification\",\"valueRequired\":true,\"valueName\":\"search_term_string\"}}],\"inLanguage\":\"pt-BR\"},{\"@type\":\"Organization\",\"@id\":\"https:\/\/www.estrategiaconcursos.com.br\/blog\/#organization\",\"name\":\"Estrat\u00e9gia Concursos\",\"url\":\"https:\/\/www.estrategiaconcursos.com.br\/blog\/\",\"logo\":{\"@type\":\"ImageObject\",\"inLanguage\":\"pt-BR\",\"@id\":\"https:\/\/www.estrategiaconcursos.com.br\/blog\/#\/schema\/logo\/image\/\",\"url\":\"https:\/\/dhg1h5j42swfq.cloudfront.net\/2025\/06\/03203428\/logo_concursos-1.jpg\",\"contentUrl\":\"https:\/\/dhg1h5j42swfq.cloudfront.net\/2025\/06\/03203428\/logo_concursos-1.jpg\",\"width\":230,\"height\":60,\"caption\":\"Estrat\u00e9gia Concursos\"},\"image\":{\"@id\":\"https:\/\/www.estrategiaconcursos.com.br\/blog\/#\/schema\/logo\/image\/\"},\"sameAs\":[\"https:\/\/x.com\/EstratConcursos\"]},{\"@type\":\"Person\",\"@id\":\"https:\/\/www.estrategiaconcursos.com.br\/blog\/#\/schema\/person\/399990d02336f200766707b881aee98f\",\"name\":\"Daniela Santos Nascimento\",\"image\":{\"@type\":\"ImageObject\",\"inLanguage\":\"pt-BR\",\"@id\":\"https:\/\/secure.gravatar.com\/avatar\/7f343622ad121e2893832a8c76808be436bdfcbf2f7d696174c94ecd84f2384a?s=96&d=mm&r=g\",\"url\":\"https:\/\/secure.gravatar.com\/avatar\/7f343622ad121e2893832a8c76808be436bdfcbf2f7d696174c94ecd84f2384a?s=96&d=mm&r=g\",\"contentUrl\":\"https:\/\/secure.gravatar.com\/avatar\/7f343622ad121e2893832a8c76808be436bdfcbf2f7d696174c94ecd84f2384a?s=96&d=mm&r=g\",\"caption\":\"Daniela Santos Nascimento\"},\"url\":\"https:\/\/www.estrategiaconcursos.com.br\/blog\/author\/daniela-nascimentoestrategia-com\/\"}]}<\/script>\n<!-- \/ Yoast SEO Premium plugin. -->","yoast_head_json":{"title":"Edital SEED AP: inscri\u00e7\u00f5es encerradas! Ganhe at\u00e9 4,9 mil!","description":"Edital SEED AP est\u00e1 com as inscri\u00e7\u00f5es encerradas! Mais de 5 mil oportunidades de n\u00edveis m\u00e9dio e superior. Confira os detalhes aqui no site!","robots":{"index":"index","follow":"follow","max-snippet":"max-snippet:-1","max-image-preview":"max-image-preview:large","max-video-preview":"max-video-preview:-1"},"canonical":"https:\/\/www.estrategiaconcursos.com.br\/blog\/concurso-seed-ap-edital-publicado\/","og_locale":"pt_BR","og_type":"article","og_title":"Edital SEED AP: inscri\u00e7\u00f5es encerradas! Ganhe at\u00e9 4,9 mil!","og_description":"Edital SEED AP est\u00e1 com as inscri\u00e7\u00f5es encerradas! Mais de 5 mil oportunidades de n\u00edveis m\u00e9dio e superior. Confira os detalhes aqui no site!","og_url":"https:\/\/www.estrategiaconcursos.com.br\/blog\/concurso-seed-ap-edital-publicado\/","og_site_name":"Estrat\u00e9gia Concursos","article_published_time":"2022-08-05T19:52:40+00:00","article_modified_time":"2022-09-07T15:49:47+00:00","og_image":[{"width":400,"height":209,"url":"https:\/\/dhg1h5j42swfq.cloudfront.net\/2019\/06\/07162725\/concurso-seed-ap.jpg","type":"image\/jpeg"}],"author":"Daniela Santos Nascimento","twitter_card":"summary_large_image","twitter_creator":"@EstratConcursos","twitter_site":"@EstratConcursos","twitter_misc":{"Escrito por":"Daniela Santos Nascimento","Est. tempo de leitura":"4 minutos"},"schema":{"@context":"https:\/\/schema.org","@graph":[{"@type":"NewsArticle","@id":"https:\/\/www.estrategiaconcursos.com.br\/blog\/concurso-seed-ap-edital-publicado\/#article","isPartOf":{"@id":"https:\/\/www.estrategiaconcursos.com.br\/blog\/concurso-seed-ap-edital-publicado\/"},"author":{"name":"Daniela Santos Nascimento","@id":"https:\/\/www.estrategiaconcursos.com.br\/blog\/#\/schema\/person\/399990d02336f200766707b881aee98f"},"headline":"Edital SEED AP: inscri\u00e7\u00f5es encerradas! Ganhe at\u00e9 4,9 mil!","datePublished":"2022-08-05T19:52:40+00:00","dateModified":"2022-09-07T15:49:47+00:00","mainEntityOfPage":{"@id":"https:\/\/www.estrategiaconcursos.com.br\/blog\/concurso-seed-ap-edital-publicado\/"},"wordCount":557,"commentCount":0,"publisher":{"@id":"https:\/\/www.estrategiaconcursos.com.br\/blog\/#organization"},"image":{"@id":"https:\/\/www.estrategiaconcursos.com.br\/blog\/concurso-seed-ap-edital-publicado\/#primaryimage"},"thumbnailUrl":"https:\/\/dhg1h5j42swfq.cloudfront.net\/2019\/06\/07162725\/concurso-seed-ap.jpg","articleSection":["Educa\u00e7\u00e3o"],"inLanguage":"pt-BR","potentialAction":[{"@type":"CommentAction","name":"Comment","target":["https:\/\/www.estrategiaconcursos.com.br\/blog\/concurso-seed-ap-edital-publicado\/#respond"]}],"copyrightYear":"2022","copyrightHolder":{"@id":"https:\/\/www.estrategiaconcursos.com.br\/blog\/#organization"}},{"@type":"WebPage","@id":"https:\/\/www.estrategiaconcursos.com.br\/blog\/concurso-seed-ap-edital-publicado\/","url":"https:\/\/www.estrategiaconcursos.com.br\/blog\/concurso-seed-ap-edital-publicado\/","name":"Edital SEED AP: inscri\u00e7\u00f5es encerradas! Ganhe at\u00e9 4,9 mil!","isPartOf":{"@id":"https:\/\/www.estrategiaconcursos.com.br\/blog\/#website"},"primaryImageOfPage":{"@id":"https:\/\/www.estrategiaconcursos.com.br\/blog\/concurso-seed-ap-edital-publicado\/#primaryimage"},"image":{"@id":"https:\/\/www.estrategiaconcursos.com.br\/blog\/concurso-seed-ap-edital-publicado\/#primaryimage"},"thumbnailUrl":"https:\/\/dhg1h5j42swfq.cloudfront.net\/2019\/06\/07162725\/concurso-seed-ap.jpg","datePublished":"2022-08-05T19:52:40+00:00","dateModified":"2022-09-07T15:49:47+00:00","description":"Edital SEED AP est\u00e1 com as inscri\u00e7\u00f5es encerradas! Mais de 5 mil oportunidades de n\u00edveis m\u00e9dio e superior. Confira os detalhes aqui no site!","breadcrumb":{"@id":"https:\/\/www.estrategiaconcursos.com.br\/blog\/concurso-seed-ap-edital-publicado\/#breadcrumb"},"inLanguage":"pt-BR","potentialAction":[{"@type":"ReadAction","target":["https:\/\/www.estrategiaconcursos.com.br\/blog\/concurso-seed-ap-edital-publicado\/"]}]},{"@type":"ImageObject","inLanguage":"pt-BR","@id":"https:\/\/www.estrategiaconcursos.com.br\/blog\/concurso-seed-ap-edital-publicado\/#primaryimage","url":"https:\/\/dhg1h5j42swfq.cloudfront.net\/2019\/06\/07162725\/concurso-seed-ap.jpg","contentUrl":"https:\/\/dhg1h5j42swfq.cloudfront.net\/2019\/06\/07162725\/concurso-seed-ap.jpg","width":400,"height":209,"caption":"concurso seed ap"},{"@type":"BreadcrumbList","@id":"https:\/\/www.estrategiaconcursos.com.br\/blog\/concurso-seed-ap-edital-publicado\/#breadcrumb","itemListElement":[{"@type":"ListItem","position":1,"name":"In\u00edcio","item":"https:\/\/www.estrategiaconcursos.com.br\/blog\/"},{"@type":"ListItem","position":2,"name":"Edital SEED AP: inscri\u00e7\u00f5es encerradas! Ganhe at\u00e9 4,9 mil!"}]},{"@type":"WebSite","@id":"https:\/\/www.estrategiaconcursos.com.br\/blog\/#website","url":"https:\/\/www.estrategiaconcursos.com.br\/blog\/","name":"Estrat\u00e9gia Concursos","description":"O blog da Estrat\u00e9gia Concursos traz not\u00edcias sobre concursos e artigos de professores oferecendo cursos para concursos (pdf + videaulas) no site.","publisher":{"@id":"https:\/\/www.estrategiaconcursos.com.br\/blog\/#organization"},"potentialAction":[{"@type":"SearchAction","target":{"@type":"EntryPoint","urlTemplate":"https:\/\/www.estrategiaconcursos.com.br\/blog\/?s={search_term_string}"},"query-input":{"@type":"PropertyValueSpecification","valueRequired":true,"valueName":"search_term_string"}}],"inLanguage":"pt-BR"},{"@type":"Organization","@id":"https:\/\/www.estrategiaconcursos.com.br\/blog\/#organization","name":"Estrat\u00e9gia Concursos","url":"https:\/\/www.estrategiaconcursos.com.br\/blog\/","logo":{"@type":"ImageObject","inLanguage":"pt-BR","@id":"https:\/\/www.estrategiaconcursos.com.br\/blog\/#\/schema\/logo\/image\/","url":"https:\/\/dhg1h5j42swfq.cloudfront.net\/2025\/06\/03203428\/logo_concursos-1.jpg","contentUrl":"https:\/\/dhg1h5j42swfq.cloudfront.net\/2025\/06\/03203428\/logo_concursos-1.jpg","width":230,"height":60,"caption":"Estrat\u00e9gia Concursos"},"image":{"@id":"https:\/\/www.estrategiaconcursos.com.br\/blog\/#\/schema\/logo\/image\/"},"sameAs":["https:\/\/x.com\/EstratConcursos"]},{"@type":"Person","@id":"https:\/\/www.estrategiaconcursos.com.br\/blog\/#\/schema\/person\/399990d02336f200766707b881aee98f","name":"Daniela Santos Nascimento","image":{"@type":"ImageObject","inLanguage":"pt-BR","@id":"https:\/\/secure.gravatar.com\/avatar\/7f343622ad121e2893832a8c76808be436bdfcbf2f7d696174c94ecd84f2384a?s=96&d=mm&r=g","url":"https:\/\/secure.gravatar.com\/avatar\/7f343622ad121e2893832a8c76808be436bdfcbf2f7d696174c94ecd84f2384a?s=96&d=mm&r=g","contentUrl":"https:\/\/secure.gravatar.com\/avatar\/7f343622ad121e2893832a8c76808be436bdfcbf2f7d696174c94ecd84f2384a?s=96&d=mm&r=g","caption":"Daniela Santos Nascimento"},"url":"https:\/\/www.estrategiaconcursos.com.br\/blog\/author\/daniela-nascimentoestrategia-com\/"}]}},"_links":{"self":[{"href":"https:\/\/www.estrategiaconcursos.com.br\/blog\/wp-json\/wp\/v2\/posts\/1072905","targetHints":{"allow":["GET"]}}],"collection":[{"href":"https:\/\/www.estrategiaconcursos.com.br\/blog\/wp-json\/wp\/v2\/posts"}],"about":[{"href":"https:\/\/www.estrategiaconcursos.com.br\/blog\/wp-json\/wp\/v2\/types\/post"}],"author":[{"embeddable":true,"href":"https:\/\/www.estrategiaconcursos.com.br\/blog\/wp-json\/wp\/v2\/users\/2402"}],"replies":[{"embeddable":true,"href":"https:\/\/www.estrategiaconcursos.com.br\/blog\/wp-json\/wp\/v2\/comments?post=1072905"}],"version-history":[{"count":10,"href":"https:\/\/www.estrategiaconcursos.com.br\/blog\/wp-json\/wp\/v2\/posts\/1072905\/revisions"}],"predecessor-version":[{"id":1090885,"href":"https:\/\/www.estrategiaconcursos.com.br\/blog\/wp-json\/wp\/v2\/posts\/1072905\/revisions\/1090885"}],"wp:featuredmedia":[{"embeddable":true,"href":"https:\/\/www.estrategiaconcursos.com.br\/blog\/wp-json\/wp\/v2\/media\/385246"}],"wp:attachment":[{"href":"https:\/\/www.estrategiaconcursos.com.br\/blog\/wp-json\/wp\/v2\/media?parent=1072905"}],"wp:term":[{"taxonomy":"category","embeddable":true,"href":"https:\/\/www.estrategiaconcursos.com.br\/blog\/wp-json\/wp\/v2\/categories?post=1072905"},{"taxonomy":"post_tag","embeddable":true,"href":"https:\/\/www.estrategiaconcursos.com.br\/blog\/wp-json\/wp\/v2\/tags?post=1072905"},{"taxonomy":"tax_estado","embeddable":true,"href":"https:\/\/www.estrategiaconcursos.com.br\/blog\/wp-json\/wp\/v2\/tax_estado?post=1072905"}],"curies":[{"name":"wp","href":"https:\/\/api.w.org\/{rel}","templated":true}]}}