{"id":1072674,"date":"2023-09-27T12:20:00","date_gmt":"2023-09-27T15:20:00","guid":{"rendered":"https:\/\/www.estrategiaconcursos.com.br\/blog\/?p=1072674"},"modified":"2023-09-27T17:00:00","modified_gmt":"2023-09-27T20:00:00","slug":"concurso-pm-sp-saude","status":"publish","type":"post","link":"https:\/\/www.estrategiaconcursos.com.br\/blog\/concurso-pm-sp-saude\/","title":{"rendered":"Concurso PM SP Sa\u00fade: nomea\u00e7\u00f5es de aprovados publicadas"},"content":{"rendered":"\n<p>Os candidatos aprovados no <strong>concurso PM SP Sa\u00fade<\/strong> (<a href=\"https:\/\/www.estrategiaconcursos.com.br\/cursosPorConcurso\/policia-militar-de-sao-paulo-pm-sp-area-saude\/\" target=\"_blank\" rel=\"noreferrer noopener\">Pol\u00edcia Militar de S\u00e3o Paulo<\/a>) foram nomeados. O documento foi disponibilizado no Di\u00e1rio Oficial do Estado.<\/p>\n\n\n\n<ul class=\"wp-block-list\">\n<li><strong>Confira a nomea\u00e7\u00f5es:<\/strong>\n<ul class=\"wp-block-list\">\n<li><a href=\"https:\/\/dhg1h5j42swfq.cloudfront.net\/2023\/09\/27124654\/1nomeacao.pdf\" target=\"_blank\" rel=\"noreferrer noopener nofollow\">12\/07\/2023<\/a><\/li>\n\n\n\n<li><a href=\"https:\/\/dhg1h5j42swfq.cloudfront.net\/2023\/09\/27122155\/diariooficial-1-1-1.pdf\" target=\"_blank\" rel=\"noreferrer noopener nofollow\">26\/09\/2023<\/a><\/li>\n<\/ul>\n<\/li>\n<\/ul>\n\n\n\n<p>Vale lembrar que a classifica\u00e7\u00e3o havia sido divulgada em junho de 2023. No total, 280 candidatos integram a lista de aprovados. <a href=\"https:\/\/dhg1h5j42swfq.cloudfront.net\/2023\/06\/20090337\/diariooficial-3-188-190.pdf\" target=\"_blank\" rel=\"noreferrer noopener nofollow\">Confira a classifica\u00e7\u00e3o final<\/a>!<\/p>\n\n\n\n<p>Foram ofertadas <strong>75 vagas<\/strong> para diferentes especialidades, distribu\u00eddas para os cargos de <strong>2\u00ba Tenente M\u00e9dico, 2\u00ba Tenente Dentista, 2\u00ba Tenente Veterin\u00e1rio e 2\u00ba Tenente Farmac\u00eautico<\/strong>. O sal\u00e1rio inicial \u00e9 de <strong>R$ 8.362,79<\/strong>.<\/p>\n\n\n\n<ul class=\"has-very-light-gray-to-cyan-bluish-gray-gradient-background has-background wp-block-list\">\n<li><strong>PM SP Sa\u00fade<\/strong><\/li>\n\n\n\n<li><strong>Banca<\/strong>: <a href=\"https:\/\/conhecimento.fgv.br\/concursos\/pmesqos2022\" target=\"_blank\" rel=\"noreferrer noopener\">FGV<\/a><\/li>\n\n\n\n<li><strong>Vagas<\/strong>: 75<\/li>\n\n\n\n<li><strong>Sal\u00e1rio<\/strong>: R$ 8.362,79<\/li>\n\n\n\n<li><strong>Edital:<\/strong> <a href=\"https:\/\/dhg1h5j42swfq.cloudfront.net\/2022\/08\/13094804\/1-2_edital_no_dp-2-321-22_-_qos_-_versao_internet-1.pdf\" target=\"_blank\" rel=\"noreferrer noopener nofollow\">PM SP Sa\u00fade &#8211; 2022<\/a><\/li>\n<\/ul>\n\n\n\n<p>Confira neste artigo as principais informa\u00e7\u00f5es e novidades sobre o concurso PMSP Sa\u00fade. Acompanhe os t\u00f3picos abaixo e n\u00e3o perca nenhum detalhe:<\/p>\n\n\n\n<ul class=\"wp-block-list\" id=\"indice\">\n<li><a href=\"#situacao\">Informa\u00e7\u00f5es do concurso<\/a>\n<ul class=\"wp-block-list\">\n<li><a href=\"#cargos-vagas\">Cargos e vagas<\/a><\/li>\n\n\n\n<li><a href=\"#etapas\">Etapas e provas<\/a><\/li>\n<\/ul>\n<\/li>\n\n\n\n<li><a href=\"#ultimo-concurso\">\u00daltimo concurso<\/a>\n<ul class=\"wp-block-list\">\n<li><a href=\"#etapas-e-provas\">Etapas e provas<\/a><\/li>\n<\/ul>\n<\/li>\n\n\n\n<li><a href=\"#cursos\">Cursos e assinatura<\/a><\/li>\n\n\n\n<li><a href=\"#ficha\">Ficha t\u00e9cnica<\/a><\/li>\n<\/ul>\n\n\n\n<div id=\"boxes\" class=\"container\">\n<div class=\"row\">\n<div class=\"col-sm\">\n<div id=\"box-assinatura\" class=\"banner-medicina\">\n<h3 class=\"titulo-assinatura\">Concurso PM SP Sa\u00fade<\/h3>\n<p class=\"subtitulo-assinatura\">Conhe\u00e7a os cursos<\/p>\n<div class=\"box-botao\"><a class=\"btn-assinatura\" role=\"button\" href=\"https:\/\/www.estrategiaconcursos.com.br\/cursosPorConcurso\/policia-militar-de-sao-paulo-pm-sp-area-saude\/\" target=\"_blank\" rel=\"noopener noreferrer\">Conhe\u00e7a mais<\/a><\/div>\n<\/div>\n<\/div>\n<\/div>\n<\/div>\n\n\n\n<h2 class=\"wp-block-heading\" id=\"concurso-pm-sp-saude-situacao-atual\">Concurso PM SP Sa\u00fade: informa\u00e7\u00f5es do edital<\/h2>\n\n\n\n<h3 class=\"wp-block-heading\" id=\"vagas-previstas\">Cargos e vagas <\/h3>\n\n\n\n<figure class=\"wp-block-table is-style-stripes\"><table class=\"has-very-light-gray-to-cyan-bluish-gray-gradient-background has-background has-fixed-layout\"><thead><tr><th class=\"has-text-align-center\" data-align=\"center\">Cargos<\/th><th class=\"has-text-align-center\" data-align=\"center\">Vagas<\/th><\/tr><\/thead><tbody><tr><td class=\"has-text-align-center\" data-align=\"center\">2\u00ba Tenente M\u00e9dico<\/td><td class=\"has-text-align-center\" data-align=\"center\">41<\/td><\/tr><tr><td class=\"has-text-align-center\" data-align=\"center\">2\u00ba Tenente Dentista<\/td><td class=\"has-text-align-center\" data-align=\"center\">26<\/td><\/tr><tr><td class=\"has-text-align-center\" data-align=\"center\">2\u00ba Tenente Veterin\u00e1rio<\/td><td class=\"has-text-align-center\" data-align=\"center\">2<\/td><\/tr><tr><td class=\"has-text-align-center\" data-align=\"center\">2\u00ba Tenente Farmac\u00eautico<\/td><td class=\"has-text-align-center\" data-align=\"center\">6<\/td><\/tr><\/tbody><\/table><figcaption class=\"wp-element-caption\">Quadro de cargos e vagas para PM SP Sa\u00fade<\/figcaption><\/figure>\n\n\n\n<p>Conforme disposto na Lei Complementar n\u00ba 731\/93, com altera\u00e7\u00f5es da LC 1.373\/22, a remunera\u00e7\u00e3o inicial para o cargo de<strong> 2\u00ba Tenente PM Estagi\u00e1rio do Quadro de Oficiais de Sa\u00fade \u00e9 de R$ 8.362,79<\/strong>, sendo que as parcelas que a comp\u00f5em s\u00e3o: <\/p>\n\n\n\n<ul class=\"wp-block-list\">\n<li>Padr\u00e3o no valor de R$ 3.788,56;<\/li>\n\n\n\n<li>Regime Especial de Trabalho Policial (RETP) no valor de R$ 3.788,56;<\/li>\n\n\n\n<li>Insalubridade no valor de R$ 785,67.<\/li>\n<\/ul>\n\n\n\n<h4 class=\"wp-block-heading\">Confira as especialidades de M\u00e9dico<\/h4>\n\n\n\n<ul class=\"wp-block-list\">\n<li>Anestesiologia \u2013 7 vagas;<\/li>\n\n\n\n<li>Cancerologia Cl\u00ednica \u2013 2 vagas;<\/li>\n\n\n\n<li>Cirurgia do Aparelho Digestivo \u2013 1 vaga;<\/li>\n\n\n\n<li>Cirurgia Geral \u2013 2 vagas;<\/li>\n\n\n\n<li>Cl\u00ednico Geral (Cl\u00ednica m\u00e9dica + SPA) \u2013 9 vagas;<\/li>\n\n\n\n<li>Endoscopia \u2013 1 vaga;<\/li>\n\n\n\n<li>Especialista em cirurgia de coluna (Ortopedia e Traumatologia ou Neurocirurgia) \u2013 1 vaga;<\/li>\n\n\n\n<li>Hematologia e Hemoterapia \u2013 1 vaga;<\/li>\n\n\n\n<li>Infectologia \u2013 1 vaga;<\/li>\n\n\n\n<li>Medicina F\u00edsica e Reabilita\u00e7\u00e3o \u2013 1 vaga;<\/li>\n\n\n\n<li>Medicina Intensiva (UTI) \u2013 4 vagas;<\/li>\n\n\n\n<li>M\u00e9dico Generalista \u2013 3 vagas;<\/li>\n\n\n\n<li>Nefrologia \u2013 2 vagas;<\/li>\n\n\n\n<li>Neurologia Cl\u00ednica \u2013 1 vaga;<\/li>\n\n\n\n<li>Psiquiatria \u2013 4 vagas;<\/li>\n\n\n\n<li>Urologia \u2013 1 vaga;<\/li>\n<\/ul>\n\n\n\n<h4 class=\"wp-block-heading\" id=\"requisitos\">Requisitos<\/h4>\n\n\n\n<ul class=\"wp-block-list\">\n<li>ser brasileiro;<\/li>\n\n\n\n<li>ter idade m\u00ednima de 17 anos;<\/li>\n\n\n\n<li>ter idade m\u00e1xima de 35 anos, exceto ao candidato pertencente aos quadros da Pol\u00edcia Militar do Estado de S\u00e3o Paulo;<\/li>\n\n\n\n<li>ter conclu\u00eddo curso de n\u00edvel superior de gradua\u00e7\u00e3o na \u00e1rea desejada;<\/li>\n\n\n\n<li>possuir t\u00edtulo de especialista (M\u00e9dico).<\/li>\n<\/ul>\n\n\n\n<h3 class=\"wp-block-heading\">Demanda de inscritos<\/h3>\n\n\n\n<p>De acordo com os dados da banca organizadora, foram registrados<strong> 3.538 candidatos inscritos<\/strong>. O cargo com maior procura foi de 2\u00ba Tenente Dentista PM Estagi\u00e1rio com 2.248 inscri\u00e7\u00f5es.<\/p>\n\n\n\n<ul class=\"wp-block-list\">\n<li><a href=\"https:\/\/dhg1h5j42swfq.cloudfront.net\/2023\/06\/20093929\/317_pmesp_saude_-_demanda_por_vaga.pdf\" target=\"_blank\" rel=\"noreferrer noopener nofollow\">Confira o quantitativo de inscritos<\/a><\/li>\n<\/ul>\n\n\n\n<h3 class=\"wp-block-heading\">Etapas e provas do concurso PM SP Sa\u00fade<\/h3>\n\n\n\n<p>Os candidatos do concurso PM SP foram avaliados mediante aplica\u00e7\u00e3o das seguintes etapas:<\/p>\n\n\n\n<ol class=\"wp-block-list\">\n<li><strong>Exames de Conhecimentos<\/strong> (Prova Objetiva e Prova Dissertativa), de car\u00e1ter eliminat\u00f3rio e classificat\u00f3rio;<\/li>\n\n\n\n<li><strong>Exames de Aptid\u00e3o F\u00edsica<\/strong>, de car\u00e1ter eliminat\u00f3rio;<\/li>\n\n\n\n<li><strong>Exames de Sa\u00fade<\/strong>, de car\u00e1ter eliminat\u00f3rio;<\/li>\n\n\n\n<li><strong>Exames Psicol\u00f3gicos<\/strong>, de car\u00e1ter eliminat\u00f3rio;<\/li>\n\n\n\n<li><strong>Avalia\u00e7\u00e3o da Conduta Social, da Reputa\u00e7\u00e3o e da Idoneidade<\/strong>, de car\u00e1ter eliminat\u00f3rio;<\/li>\n\n\n\n<li><strong>An\u00e1lise de Documentos<\/strong>, de car\u00e1ter eliminat\u00f3rio.<\/li>\n<\/ol>\n\n\n\n<h3 class=\"wp-block-heading\" id=\"objetiva\">Provas Objetivas<\/h3>\n\n\n\n<p>A Prova Objetiva (Parte I) foi composta de 60 quest\u00f5es de m\u00faltipla escolha com cinco alternativas cada uma, sendo apenas uma alternativa correta.<\/p>\n\n\n\n<ul class=\"wp-block-list\">\n<li><strong>2\u00ba Tenente M\u00e9dico<\/strong>\n<ul class=\"wp-block-list\">\n<li><em>Conhecimentos Espec\u00edficos em Medicina (conforme a especialidade) \u2013 30<\/em><\/li>\n\n\n\n<li><em>Conhecimentos Gerais em Medicina \u2013 20<\/em><\/li>\n\n\n\n<li><em>Interpreta\u00e7\u00e3o de Textos \u2013 4<\/em><\/li>\n\n\n\n<li><em>No\u00e7\u00f5es B\u00e1sicas de Inform\u00e1tica \u2013 3<\/em><\/li>\n\n\n\n<li><em>No\u00e7\u00f5es de Administra\u00e7\u00e3o P\u00fablica \u2013 3<\/em><\/li>\n<\/ul>\n<\/li>\n<\/ul>\n\n\n\n<ul class=\"wp-block-list\">\n<li><strong>2\u00ba Tenente Dentista<\/strong>\n<ul class=\"wp-block-list\">\n<li><em>Conhecimentos Gerais em Odontologia \u2013 50<\/em><\/li>\n\n\n\n<li><em>Interpreta\u00e7\u00e3o de Textos \u2013 4<\/em><\/li>\n\n\n\n<li><em>No\u00e7\u00f5es B\u00e1sicas de Inform\u00e1tica \u2013 3<\/em><\/li>\n\n\n\n<li><em>No\u00e7\u00f5es de Administra\u00e7\u00e3o P\u00fablica \u2013 3<\/em><\/li>\n<\/ul>\n<\/li>\n<\/ul>\n\n\n\n<ul class=\"wp-block-list\">\n<li><strong>2\u00ba Tenente Veterin\u00e1rio<\/strong>\n<ul class=\"wp-block-list\">\n<li><em>Conhecimentos Gerais em Medicina Veterin\u00e1ria \u2013 50<\/em><\/li>\n\n\n\n<li><em>Interpreta\u00e7\u00e3o de Textos \u2013 4<\/em><\/li>\n\n\n\n<li><em>No\u00e7\u00f5es B\u00e1sicas de Inform\u00e1tica \u2013 3<\/em><\/li>\n\n\n\n<li><em>No\u00e7\u00f5es de Administra\u00e7\u00e3o P\u00fablica \u2013 3<\/em><\/li>\n<\/ul>\n<\/li>\n<\/ul>\n\n\n\n<ul class=\"wp-block-list\">\n<li><strong>2\u00ba Tenente Farmac\u00eautico<\/strong>\n<ul class=\"wp-block-list\">\n<li><em>Conhecimentos Gerais em Farm\u00e1cia \u2013 50<\/em><\/li>\n\n\n\n<li><em>Interpreta\u00e7\u00e3o de Textos \u2013 4<\/em><\/li>\n\n\n\n<li><em>No\u00e7\u00f5es B\u00e1sicas de Inform\u00e1tica \u2013 3<\/em><\/li>\n\n\n\n<li><em>No\u00e7\u00f5es de Administra\u00e7\u00e3o P\u00fablica \u2013 3<\/em><\/li>\n<\/ul>\n<\/li>\n<\/ul>\n\n\n\n<p>A Prova Objetiva do concurso PM SP Sa\u00fade foi avaliada na escala de 0 a 90 pontos. Cada quest\u00e3o teve valor de 1,5 pontos, sendo considerado habilitado o candidato que obteve, no m\u00ednimo:<\/p>\n\n\n\n<ul class=\"wp-block-list\">\n<li>para o cargo de 2\u00ba Tenente M\u00e9dico PM Estagi\u00e1rio:\n<ul class=\"wp-block-list\">\n<li>Conhecimentos Espec\u00edficos em Medicina: 12 quest\u00f5es corretas ou 18 pontos e Conhecimentos Gerais em Medicina: 8 quest\u00f5es corretas ou 12 pontos<\/li>\n<\/ul>\n<\/li>\n\n\n\n<li>para os cargos de 2\u00ba Tenente Dentista, 2\u00ba Tenente Veterin\u00e1rio e 2\u00ba Tenente Farmac\u00eautico:\n<ul class=\"wp-block-list\">\n<li>Conhecimentos Gerais do cargo: 20 quest\u00f5es corretas ou 30 pontos<\/li>\n<\/ul>\n<\/li>\n<\/ul>\n\n\n\n<h3 class=\"wp-block-heading\" id=\"discursiva\">Prova Discursiva<\/h3>\n\n\n\n<p>A Prova Dissertativa (Parte II) foi composta de uma quest\u00e3o de discuss\u00e3o de caso cl\u00ednico, versando sobre Conhecimentos Gerais do cargo desejado.<\/p>\n\n\n\n<p>A etapa foi avaliada na escala de 0 a 10 pontos, sendo que a quest\u00e3o dissertativa deveria ser redigida, no m\u00e1ximo, em 30 linhas.<\/p>\n\n\n\n<p>Para ser considerado habilitado nesta prova, o candidato n\u00e3o p\u00f4de obter nota igual a 0 pontos, j\u00e1 considerada a pontua\u00e7\u00e3o diferenciada para pretos, pardos e ind\u00edgenas.<\/p>\n\n\n\n<h3 class=\"wp-block-heading\" id=\"pratica\">Exame de Aptid\u00e3o F\u00edsica<\/h3>\n\n\n\n<p>A aplica\u00e7\u00e3o dos Exames de Aptid\u00e3o F\u00edsica foi realizada sob responsabilidade da Escola de Educa\u00e7\u00e3o F\u00edsica da Pol\u00edcia Militar do Estado de S\u00e3o Paulo.<\/p>\n\n\n\n<p>Os exames f\u00edsicos do concurso PM SP Sa\u00fade, de car\u00e1ter eliminat\u00f3rio, foram compostos pelos seguintes exerc\u00edcios:<\/p>\n\n\n\n<ul class=\"wp-block-list\">\n<li>prova de condicionamento f\u00edsico geral, contemplando:\n<ul class=\"wp-block-list\">\n<li>apoio de frente sobre o solo (flex\u00e3o e extens\u00e3o de cotovelos) para o p\u00fablico masculino e apoio de frente no solo, sobre o banco (flex\u00e3o e extens\u00e3o de cotovelos), para o p\u00fablico feminino;<\/li>\n<\/ul>\n<\/li>\n\n\n\n<li>resist\u00eancia abdominal, em dec\u00fabito dorsal (tipo remador);<\/li>\n\n\n\n<li>corrida de 50 metros;<\/li>\n\n\n\n<li>corrida de 12 minutos.<\/li>\n<\/ul>\n\n\n\n<p>Cada um dos testes teve a pontua\u00e7\u00e3o compreendida entre 10 e 100 pontos. Para ser considerado apto nesta etapa foi necess\u00e1rio alcan\u00e7ar, no m\u00ednimo, a marca correspondente a 10 pontos em cada um dos testes e 201 pontos no somat\u00f3rio geral obtido nos quatro testes.<\/p>\n\n\n\n<p><strong>TABELA I \u2013 Homens<\/strong><\/p>\n\n\n\n<figure class=\"wp-block-image aligncenter size-full\"><img loading=\"lazy\" decoding=\"async\" width=\"708\" height=\"422\" src=\"https:\/\/dhg1h5j42swfq.cloudfront.net\/2022\/08\/13104143\/image-181.png\" alt=\"Tabela de \u00edndices do TAF para homens do concurso PM SP Sa\u00fade\" class=\"wp-image-1077303\" srcset=\"https:\/\/dhg1h5j42swfq.cloudfront.net\/2022\/08\/13104143\/image-181.png 708w, https:\/\/dhg1h5j42swfq.cloudfront.net\/2022\/08\/13104143\/image-181-300x179.png 300w, https:\/\/dhg1h5j42swfq.cloudfront.net\/2022\/08\/13104143\/image-181-610x364.png 610w, https:\/\/dhg1h5j42swfq.cloudfront.net\/2022\/08\/13104143\/image-181-150x89.png 150w\" sizes=\"auto, (max-width: 708px) 100vw, 708px\" \/><figcaption class=\"wp-element-caption\">Tabela de \u00edndices do TAF para homens<\/figcaption><\/figure>\n\n\n\n<p><strong>TABELA II \u2013 Mulheres<\/strong><\/p>\n\n\n\n<figure class=\"wp-block-image aligncenter size-full\"><img loading=\"lazy\" decoding=\"async\" width=\"704\" height=\"401\" src=\"https:\/\/dhg1h5j42swfq.cloudfront.net\/2022\/08\/13104129\/image-180.png\" alt=\"Tabela de \u00edndices do TAF para mulheres do concurso PM SP Sa\u00fade\" class=\"wp-image-1077302\" srcset=\"https:\/\/dhg1h5j42swfq.cloudfront.net\/2022\/08\/13104129\/image-180.png 704w, https:\/\/dhg1h5j42swfq.cloudfront.net\/2022\/08\/13104129\/image-180-300x171.png 300w, https:\/\/dhg1h5j42swfq.cloudfront.net\/2022\/08\/13104129\/image-180-610x347.png 610w, https:\/\/dhg1h5j42swfq.cloudfront.net\/2022\/08\/13104129\/image-180-150x85.png 150w\" sizes=\"auto, (max-width: 704px) 100vw, 704px\" \/><figcaption class=\"wp-element-caption\">Tabela de \u00edndices do TAF para mulheres<\/figcaption><\/figure>\n\n\n\n<p>O candidato que n\u00e3o obteve o \u00edndice m\u00ednimo nas provas de condicionamento f\u00edsico, excetuada a prova de corrida de 12 minutos, p\u00f4de repetir, por uma \u00fanica vez e no mesmo dia, a execu\u00e7\u00e3o do respectivo teste, no m\u00ednimo 5 minutos ap\u00f3s a sua realiza\u00e7\u00e3o.<\/p>\n\n\n\n<h2 class=\"wp-block-heading\" id=\"ultimo-concurso\">Concurso PM SP Sa\u00fade: \u00faltimo edital<\/h2>\n\n\n\n<ul class=\"wp-block-list\">\n<li><strong>\u00daltimo edital:<\/strong> <a href=\"https:\/\/dhg1h5j42swfq.cloudfront.net\/2022\/08\/05115109\/pmsp-saude-2017-edital.pdf\" target=\"_blank\" rel=\"noreferrer noopener nofollow\">PMSP-Sa\u00fade 2017<\/a><\/li>\n<\/ul>\n\n\n\n<p>Organizado pela <a href=\"https:\/\/www.vunesp.com.br\/PMES1701\" target=\"_blank\" rel=\"noreferrer noopener\">Funda\u00e7\u00e3o Vunesp<\/a>, o \u00faltimo concurso da Pol\u00edcia Militar de S\u00e3o Paulo para a \u00e1rea da Sa\u00fade foi realizado em<strong> 2017<\/strong>. Foram ofertadas <strong>74 vagas para Tenente M\u00e9dico Estagi\u00e1rio<\/strong> (em diversas especialidades).<\/p>\n\n\n\n<div class=\"wp-block-columns is-layout-flex wp-container-core-columns-is-layout-28f84493 wp-block-columns-is-layout-flex\">\n<div class=\"wp-block-column is-layout-flow wp-block-column-is-layout-flow\">\n<ul class=\"wp-block-list\">\n<li>Anestesiologia \u2013 5 vagas;<\/li>\n\n\n\n<li>Cancerologia (Oncologia) Cl\u00ednica \u2013 2 vagas;<\/li>\n\n\n\n<li>Cardiologia \u2013 5 vagas;<\/li>\n\n\n\n<li>Cirurgia da M\u00e3o \u2013 1 vaga;<\/li>\n\n\n\n<li>Cirurgia de Cabe\u00e7a e Pesco\u00e7o \u2013 1 vaga;<\/li>\n\n\n\n<li>Cirurgia Geral \u2013 6 vagas;<\/li>\n\n\n\n<li>Cirurgia Pl\u00e1stica \u2013 1 vaga;<\/li>\n\n\n\n<li>Cirurgia Tor\u00e1cica \u2013 1 vaga;<\/li>\n\n\n\n<li>Cirurgia Vascular \u2013 2 vagas;<\/li>\n\n\n\n<li>Cl\u00ednica M\u00e9dica \u2013 2 vagas;<\/li>\n\n\n\n<li>Dermatologia \u2013 1 vaga;<\/li>\n\n\n\n<li>Endocrinologia e Metabologia \u2013 3 vagas;<\/li>\n\n\n\n<li>Endoscopia \u2013 2 vagas;<\/li>\n\n\n\n<li>Gastroenterologia \u2013 2 vagas;<\/li>\n\n\n\n<li>Ginecologia e Obstetr\u00edcia \u2013 1 vaga;<\/li>\n<\/ul>\n<\/div>\n\n\n\n<div class=\"wp-block-column is-layout-flow wp-block-column-is-layout-flow\">\n<ul class=\"wp-block-list\">\n<li>Hematologia e Hemoterapia \u2013 1 vaga;<\/li>\n\n\n\n<li>Infectologia \u2013 2 vagas;<\/li>\n\n\n\n<li>Medicina F\u00edsica e Reabilita\u00e7\u00e3o \u2013 2 vagas;<\/li>\n\n\n\n<li>Medicina Intensiva \u2013 6 vagas;<\/li>\n\n\n\n<li>Nefrologia \u2013 1 vaga;<\/li>\n\n\n\n<li>Neurocirurgia \u2013 1 vaga;<\/li>\n\n\n\n<li>Neurologia \u2013 2 vagas;<\/li>\n\n\n\n<li>Oftalmologia \u2013 1 vaga;<\/li>\n\n\n\n<li>Ortopedia e Traumatologia \u2013 7 vagas;<\/li>\n\n\n\n<li>Otorrinolaringologia \u2013 2 vagas;<\/li>\n\n\n\n<li>Pneumologia \u2013 1 vaga;<\/li>\n\n\n\n<li>Psiquiatria \u2013 5 vagas;<\/li>\n\n\n\n<li>Radiologia e Diagn\u00f3stico por Imagem \u2013 2 vagas;<\/li>\n\n\n\n<li>Reumatologia \u2013 2 vagas;<\/li>\n\n\n\n<li>Urologia \u2013 4 vagas.<\/li>\n<\/ul>\n<\/div>\n<\/div>\n\n\n\n<h3 class=\"wp-block-heading\" id=\"etapas-e-provas\">Etapas e provas<\/h3>\n\n\n\n<p>Os candidatos do \u00faltimo concurso PM SP Sa\u00fade foram avaliados atrav\u00e9s de prova objetiva, prova dissertativa, exames de aptid\u00e3o f\u00edsica, avalia\u00e7\u00e3o de sa\u00fade, exames psicol\u00f3gicos, avalia\u00e7\u00e3o de conduta social, reputa\u00e7\u00e3o e idoneidade.<\/p>\n\n\n\n<p>A <strong>Prova Objetiva<\/strong> (Parte I) foi composta por 60 quest\u00f5es de m\u00faltipla escolha (cinco alternativas cada, sendo apenas uma alternativa correta), conforme abaixo:<\/p>\n\n\n\n<ul class=\"wp-block-list\">\n<li><em>Conhecimentos Espec\u00edficos em Medicina (conforme a especialidade m\u00e9dica escolhida) \u2013 30<\/em><\/li>\n\n\n\n<li><em>Conhecimentos Gerais em Medicina \u2013 20<\/em><\/li>\n\n\n\n<li><em>Interpreta\u00e7\u00e3o de Textos \u2013 4<\/em><\/li>\n\n\n\n<li><em>No\u00e7\u00f5es B\u00e1sicas de Inform\u00e1tica \u2013 3<\/em><\/li>\n\n\n\n<li><em>No\u00e7\u00f5es de Administra\u00e7\u00e3o P\u00fablica \u2013 3<\/em><\/li>\n<\/ul>\n\n\n\n<p>A <strong>Prova Dissertativa<\/strong> (Parte II) foi composta de uma quest\u00e3o de discuss\u00e3o de caso cl\u00ednico, versando sobre Conhecimentos Gerais em Medicina.<\/p>\n\n\n\n<p>Os <strong>Exames de Aptid\u00e3o F\u00edsica<\/strong>, de car\u00e1ter eliminat\u00f3rio, foram compostos, al\u00e9m da aferi\u00e7\u00e3o de altura, pelos seguintes testes:<\/p>\n\n\n\n<ul class=\"wp-block-list\">\n<li>apoio de frente sobre o solo (flex\u00e3o e extens\u00e3o de cotovelos) para o p\u00fablico masculino e apoio de frente no solo, sobre o banco (flex\u00e3o e extens\u00e3o de cotovelos), para o p\u00fablico feminino;<\/li>\n\n\n\n<li>resist\u00eancia abdominal, em dec\u00fabito dorsal (tipo remador);<\/li>\n\n\n\n<li>corrida de 50 metros;<\/li>\n\n\n\n<li>corrida de 12 minutos.<\/li>\n<\/ul>\n\n\n\n<hr class=\"wp-block-separator has-css-opacity\"\/>\n\n\n\n<h2 class=\"wp-block-heading has-text-align-center\" id=\"h-quer-saber-tudo-sobre-concursos-previstos-confira-nossos-artigos\">Quer saber tudo sobre concursos previstos?<br \/>Confira nossos artigos!<\/h2>\n\n\n\n<ul class=\"wp-block-list\">\n<li><a href=\"https:\/\/www.estrategiaconcursos.com.br\/blog\/concursos-abertos\/\" target=\"_blank\" rel=\"noreferrer noopener\">Concursos abertos<\/a><\/li>\n\n\n\n<li><a href=\"https:\/\/www.estrategiaconcursos.com.br\/blog\/concursos-2023\/\" target=\"_blank\" rel=\"noreferrer noopener\">Concursos 2023<\/a><\/li>\n\n\n\n<li><a href=\"https:\/\/www.estrategiaconcursos.com.br\/blog\/concursos-2024\/\" target=\"_blank\" rel=\"noreferrer noopener\">Concursos 2024<\/a><\/li>\n<\/ul>\n\n\n\n<h2 class=\"wp-block-heading has-text-align-center\" id=\"cursos\">Quer estudar para o concurso PM SP Sa\u00fade?<\/h2>\n\n\n\n<div id=\"boxes\" class=\"container\">\n<div class=\"row\">\n<div class=\"col-sm\">\n<div id=\"box-assinatura\" class=\"banner-medicina\">\n<h3 class=\"titulo-assinatura\">Concurso PM SP Sa\u00fade<\/h3>\n<p class=\"subtitulo-assinatura\">Conhe\u00e7a os cursos<\/p>\n<div class=\"box-botao\"><a class=\"btn-assinatura\" role=\"button\" href=\"https:\/\/www.estrategiaconcursos.com.br\/cursosPorConcurso\/policia-militar-de-sao-paulo-pm-sp-area-saude\/\" target=\"_blank\" rel=\"noopener noreferrer\">Conhe\u00e7a mais<\/a><\/div>\n<\/div>\n<\/div>\n<\/div>\n<\/div>\n\n\n\n<div id=\"boxes\" class=\"container\">\n<div class=\"row\">\n<div class=\"col-sm\">\n<div id=\"box-assinatura\" class=\"estrategia\">\n<h3 class=\"titulo-assinatura\">Assinatura de Concursos<\/h3>\n<p class=\"subtitulo-assinatura\">Assinatura 1 ou 2 anos <\/p>\n<div class=\"box-botao\"><a class=\"btn-assinatura\" role=\"button\" href=\"https:\/\/www.estrategiaconcursos.com.br\/assinaturas\/\" target=\"_blank\" rel=\"noopener noreferrer\">ASSINE AGORA<\/a><\/div>\n<\/div><\/div><\/div><\/div>\n\n\n\n<figure class=\"wp-block-image size-large is-resized\"><img loading=\"lazy\" decoding=\"async\" src=\"https:\/\/dhg1h5j42swfq.cloudfront.net\/2021\/04\/05162341\/ficha-tecnica-1-300x185-1.png\" alt=\"Ficha T\u00e9cnica\" class=\"wp-image-707743\" style=\"width:279px;height:172px\" width=\"279\" height=\"172\"\/><\/figure>\n\n\n\n<h3 class=\"wp-block-heading\" id=\"ficha-tecnica\">Informa\u00e7\u00f5es do concurso PM SP Sa\u00fade<\/h3>\n\n\n\n<ul class=\"wp-block-list\">\n<li><strong>Provas<\/strong><span style=\"color: initial;\">: <\/span>06\/11\/2022<\/li>\n\n\n\n<li><strong>Vagas<\/strong>: 75<\/li>\n\n\n\n<li><strong>Cargos<\/strong>: Oficial (2\u00ba Tenente)<\/li>\n\n\n\n<li><strong>Banca<\/strong>: FGV<\/li>\n\n\n\n<li><strong>Escolaridade<\/strong>: n\u00edvel superior<\/li>\n\n\n\n<li><strong>Edital:<\/strong> <a href=\"https:\/\/dhg1h5j42swfq.cloudfront.net\/2022\/08\/13094804\/1-2_edital_no_dp-2-321-22_-_qos_-_versao_internet-1.pdf\" target=\"_blank\" rel=\"noreferrer noopener nofollow\">PMSP-Sa\u00fade 2022<\/a><\/li>\n<\/ul>\n","protected":false},"excerpt":{"rendered":"<p>Os candidatos aprovados no concurso PM SP Sa\u00fade (Pol\u00edcia Militar de S\u00e3o Paulo) foram nomeados. O documento foi disponibilizado no Di\u00e1rio Oficial do Estado. Vale lembrar que a classifica\u00e7\u00e3o havia sido divulgada em junho de 2023. No total, 280 candidatos integram a lista de aprovados. Confira a classifica\u00e7\u00e3o final! Foram ofertadas 75 vagas para diferentes [&hellip;]<\/p>\n","protected":false},"author":1,"featured_media":1074815,"comment_status":"open","ping_status":"closed","sticky":false,"template":"","format":"standard","meta":{"post_tipo":"news_page","footnotes":""},"categories":[220186,220187,1981],"tags":[],"tax_estado":[219989],"class_list":["post-1072674","post","type-post","status-publish","format-standard","has-post-thumbnail","hentry","category-policial-oficial","category-policial-pracas","category-saude","tax_estado-sp"],"acf":[],"yoast_head":"<!-- This site is optimized with the Yoast SEO Premium plugin v27.2 (Yoast SEO v27.2) - https:\/\/yoast.com\/product\/yoast-seo-premium-wordpress\/ -->\n<title>Concurso PM SP Sa\u00fade: nomea\u00e7\u00f5es de aprovados publicadas<\/title>\n<meta name=\"description\" content=\"Concurso PM SP Sa\u00fade: edital ofertou 75 vagas de Oficial da Sa\u00fade, com sal\u00e1rio de R$ 8,3 mil. Candidatos s\u00e3o nomeados. Confira!\" \/>\n<meta name=\"robots\" content=\"index, follow, max-snippet:-1, max-image-preview:large, max-video-preview:-1\" \/>\n<link rel=\"canonical\" href=\"https:\/\/www.estrategiaconcursos.com.br\/blog\/concurso-pm-sp-saude\/\" \/>\n<meta property=\"og:locale\" content=\"pt_BR\" \/>\n<meta property=\"og:type\" content=\"article\" \/>\n<meta property=\"og:title\" content=\"Concurso PM SP Sa\u00fade: nomea\u00e7\u00f5es de aprovados publicadas\" \/>\n<meta property=\"og:description\" content=\"Concurso PM SP Sa\u00fade: edital ofertou 75 vagas de Oficial da Sa\u00fade, com sal\u00e1rio de R$ 8,3 mil. Candidatos s\u00e3o nomeados. Confira!\" \/>\n<meta property=\"og:url\" content=\"https:\/\/www.estrategiaconcursos.com.br\/blog\/concurso-pm-sp-saude\/\" \/>\n<meta property=\"og:site_name\" content=\"Estrat\u00e9gia Concursos\" \/>\n<meta property=\"article:author\" content=\"https:\/\/www.facebook.com\/EstrategiaConcursos\" \/>\n<meta property=\"article:published_time\" content=\"2023-09-27T15:20:00+00:00\" \/>\n<meta property=\"article:modified_time\" content=\"2023-09-27T20:00:00+00:00\" \/>\n<meta property=\"og:image\" content=\"https:\/\/dhg1h5j42swfq.cloudfront.net\/2022\/08\/09160447\/pm_sp_saude.jpg\" \/>\n\t<meta property=\"og:image:width\" content=\"768\" \/>\n\t<meta property=\"og:image:height\" content=\"432\" \/>\n\t<meta property=\"og:image:type\" content=\"image\/jpeg\" \/>\n<meta name=\"author\" content=\"Coordena\u00e7\u00e3o\" \/>\n<meta name=\"twitter:card\" content=\"summary_large_image\" \/>\n<meta name=\"twitter:creator\" content=\"@EstratConcursos\" \/>\n<meta name=\"twitter:site\" content=\"@EstratConcursos\" \/>\n<meta name=\"twitter:label1\" content=\"Escrito por\" \/>\n\t<meta name=\"twitter:data1\" content=\"Coordena\u00e7\u00e3o\" \/>\n\t<meta name=\"twitter:label2\" content=\"Est. tempo de leitura\" \/>\n\t<meta name=\"twitter:data2\" content=\"5 minutos\" \/>\n<script type=\"application\/ld+json\" class=\"yoast-schema-graph\">{\"@context\":\"https:\/\/schema.org\",\"@graph\":[{\"@type\":\"NewsArticle\",\"@id\":\"https:\/\/www.estrategiaconcursos.com.br\/blog\/concurso-pm-sp-saude\/#article\",\"isPartOf\":{\"@id\":\"https:\/\/www.estrategiaconcursos.com.br\/blog\/concurso-pm-sp-saude\/\"},\"author\":{\"name\":\"Coordena\u00e7\u00e3o\",\"@id\":\"https:\/\/www.estrategiaconcursos.com.br\/blog\/#\/schema\/person\/b4a388c97673c5f483d72185668afa1f\"},\"headline\":\"Concurso PM SP Sa\u00fade: nomea\u00e7\u00f5es de aprovados publicadas\",\"datePublished\":\"2023-09-27T15:20:00+00:00\",\"dateModified\":\"2023-09-27T20:00:00+00:00\",\"mainEntityOfPage\":{\"@id\":\"https:\/\/www.estrategiaconcursos.com.br\/blog\/concurso-pm-sp-saude\/\"},\"wordCount\":1473,\"commentCount\":0,\"publisher\":{\"@id\":\"https:\/\/www.estrategiaconcursos.com.br\/blog\/#organization\"},\"image\":{\"@id\":\"https:\/\/www.estrategiaconcursos.com.br\/blog\/concurso-pm-sp-saude\/#primaryimage\"},\"thumbnailUrl\":\"https:\/\/dhg1h5j42swfq.cloudfront.net\/2022\/08\/09160447\/pm_sp_saude.jpg\",\"articleSection\":[\"Policial (PM\/BM - Oficial)\",\"Policial (PM\/BM - Pra\u00e7as)\",\"Sa\u00fade\"],\"inLanguage\":\"pt-BR\",\"potentialAction\":[{\"@type\":\"CommentAction\",\"name\":\"Comment\",\"target\":[\"https:\/\/www.estrategiaconcursos.com.br\/blog\/concurso-pm-sp-saude\/#respond\"]}],\"copyrightYear\":\"2023\",\"copyrightHolder\":{\"@id\":\"https:\/\/www.estrategiaconcursos.com.br\/blog\/#organization\"}},{\"@type\":\"WebPage\",\"@id\":\"https:\/\/www.estrategiaconcursos.com.br\/blog\/concurso-pm-sp-saude\/\",\"url\":\"https:\/\/www.estrategiaconcursos.com.br\/blog\/concurso-pm-sp-saude\/\",\"name\":\"Concurso PM SP Sa\u00fade: nomea\u00e7\u00f5es de aprovados publicadas\",\"isPartOf\":{\"@id\":\"https:\/\/www.estrategiaconcursos.com.br\/blog\/#website\"},\"primaryImageOfPage\":{\"@id\":\"https:\/\/www.estrategiaconcursos.com.br\/blog\/concurso-pm-sp-saude\/#primaryimage\"},\"image\":{\"@id\":\"https:\/\/www.estrategiaconcursos.com.br\/blog\/concurso-pm-sp-saude\/#primaryimage\"},\"thumbnailUrl\":\"https:\/\/dhg1h5j42swfq.cloudfront.net\/2022\/08\/09160447\/pm_sp_saude.jpg\",\"datePublished\":\"2023-09-27T15:20:00+00:00\",\"dateModified\":\"2023-09-27T20:00:00+00:00\",\"description\":\"Concurso PM SP Sa\u00fade: edital ofertou 75 vagas de Oficial da Sa\u00fade, com sal\u00e1rio de R$ 8,3 mil. Candidatos s\u00e3o nomeados. Confira!\",\"breadcrumb\":{\"@id\":\"https:\/\/www.estrategiaconcursos.com.br\/blog\/concurso-pm-sp-saude\/#breadcrumb\"},\"inLanguage\":\"pt-BR\",\"potentialAction\":[{\"@type\":\"ReadAction\",\"target\":[\"https:\/\/www.estrategiaconcursos.com.br\/blog\/concurso-pm-sp-saude\/\"]}]},{\"@type\":\"ImageObject\",\"inLanguage\":\"pt-BR\",\"@id\":\"https:\/\/www.estrategiaconcursos.com.br\/blog\/concurso-pm-sp-saude\/#primaryimage\",\"url\":\"https:\/\/dhg1h5j42swfq.cloudfront.net\/2022\/08\/09160447\/pm_sp_saude.jpg\",\"contentUrl\":\"https:\/\/dhg1h5j42swfq.cloudfront.net\/2022\/08\/09160447\/pm_sp_saude.jpg\",\"width\":768,\"height\":432,\"caption\":\"Concurso PM SP Sa\u00fade\"},{\"@type\":\"BreadcrumbList\",\"@id\":\"https:\/\/www.estrategiaconcursos.com.br\/blog\/concurso-pm-sp-saude\/#breadcrumb\",\"itemListElement\":[{\"@type\":\"ListItem\",\"position\":1,\"name\":\"In\u00edcio\",\"item\":\"https:\/\/www.estrategiaconcursos.com.br\/blog\/\"},{\"@type\":\"ListItem\",\"position\":2,\"name\":\"Concurso PM SP Sa\u00fade: nomea\u00e7\u00f5es de aprovados publicadas\"}]},{\"@type\":\"WebSite\",\"@id\":\"https:\/\/www.estrategiaconcursos.com.br\/blog\/#website\",\"url\":\"https:\/\/www.estrategiaconcursos.com.br\/blog\/\",\"name\":\"Estrat\u00e9gia Concursos\",\"description\":\"O blog da Estrat\u00e9gia Concursos traz not\u00edcias sobre concursos e artigos de professores oferecendo cursos para concursos (pdf + videaulas) no site.\",\"publisher\":{\"@id\":\"https:\/\/www.estrategiaconcursos.com.br\/blog\/#organization\"},\"potentialAction\":[{\"@type\":\"SearchAction\",\"target\":{\"@type\":\"EntryPoint\",\"urlTemplate\":\"https:\/\/www.estrategiaconcursos.com.br\/blog\/?s={search_term_string}\"},\"query-input\":{\"@type\":\"PropertyValueSpecification\",\"valueRequired\":true,\"valueName\":\"search_term_string\"}}],\"inLanguage\":\"pt-BR\"},{\"@type\":\"Organization\",\"@id\":\"https:\/\/www.estrategiaconcursos.com.br\/blog\/#organization\",\"name\":\"Estrat\u00e9gia Concursos\",\"url\":\"https:\/\/www.estrategiaconcursos.com.br\/blog\/\",\"logo\":{\"@type\":\"ImageObject\",\"inLanguage\":\"pt-BR\",\"@id\":\"https:\/\/www.estrategiaconcursos.com.br\/blog\/#\/schema\/logo\/image\/\",\"url\":\"https:\/\/dhg1h5j42swfq.cloudfront.net\/2025\/06\/03203428\/logo_concursos-1.jpg\",\"contentUrl\":\"https:\/\/dhg1h5j42swfq.cloudfront.net\/2025\/06\/03203428\/logo_concursos-1.jpg\",\"width\":230,\"height\":60,\"caption\":\"Estrat\u00e9gia Concursos\"},\"image\":{\"@id\":\"https:\/\/www.estrategiaconcursos.com.br\/blog\/#\/schema\/logo\/image\/\"},\"sameAs\":[\"https:\/\/x.com\/EstratConcursos\"]},{\"@type\":\"Person\",\"@id\":\"https:\/\/www.estrategiaconcursos.com.br\/blog\/#\/schema\/person\/b4a388c97673c5f483d72185668afa1f\",\"name\":\"Coordena\u00e7\u00e3o\",\"image\":{\"@type\":\"ImageObject\",\"inLanguage\":\"pt-BR\",\"@id\":\"https:\/\/secure.gravatar.com\/avatar\/b720319e4c9a967eb58678d110f4fe35452fc5d5f97b202bac7b8acceb18c6ad?s=96&d=mm&r=g\",\"url\":\"https:\/\/secure.gravatar.com\/avatar\/b720319e4c9a967eb58678d110f4fe35452fc5d5f97b202bac7b8acceb18c6ad?s=96&d=mm&r=g\",\"contentUrl\":\"https:\/\/secure.gravatar.com\/avatar\/b720319e4c9a967eb58678d110f4fe35452fc5d5f97b202bac7b8acceb18c6ad?s=96&d=mm&r=g\",\"caption\":\"Coordena\u00e7\u00e3o\"},\"sameAs\":[\"https:\/\/www.facebook.com\/EstrategiaConcursos\",\"https:\/\/x.com\/EstratConcursos\"],\"url\":\"https:\/\/www.estrategiaconcursos.com.br\/blog\/author\/estrategia2013\/\"}]}<\/script>\n<!-- \/ Yoast SEO Premium plugin. -->","yoast_head_json":{"title":"Concurso PM SP Sa\u00fade: nomea\u00e7\u00f5es de aprovados publicadas","description":"Concurso PM SP Sa\u00fade: edital ofertou 75 vagas de Oficial da Sa\u00fade, com sal\u00e1rio de R$ 8,3 mil. Candidatos s\u00e3o nomeados. Confira!","robots":{"index":"index","follow":"follow","max-snippet":"max-snippet:-1","max-image-preview":"max-image-preview:large","max-video-preview":"max-video-preview:-1"},"canonical":"https:\/\/www.estrategiaconcursos.com.br\/blog\/concurso-pm-sp-saude\/","og_locale":"pt_BR","og_type":"article","og_title":"Concurso PM SP Sa\u00fade: nomea\u00e7\u00f5es de aprovados publicadas","og_description":"Concurso PM SP Sa\u00fade: edital ofertou 75 vagas de Oficial da Sa\u00fade, com sal\u00e1rio de R$ 8,3 mil. Candidatos s\u00e3o nomeados. Confira!","og_url":"https:\/\/www.estrategiaconcursos.com.br\/blog\/concurso-pm-sp-saude\/","og_site_name":"Estrat\u00e9gia Concursos","article_author":"https:\/\/www.facebook.com\/EstrategiaConcursos","article_published_time":"2023-09-27T15:20:00+00:00","article_modified_time":"2023-09-27T20:00:00+00:00","og_image":[{"width":768,"height":432,"url":"https:\/\/dhg1h5j42swfq.cloudfront.net\/2022\/08\/09160447\/pm_sp_saude.jpg","type":"image\/jpeg"}],"author":"Coordena\u00e7\u00e3o","twitter_card":"summary_large_image","twitter_creator":"@EstratConcursos","twitter_site":"@EstratConcursos","twitter_misc":{"Escrito por":"Coordena\u00e7\u00e3o","Est. tempo de leitura":"5 minutos"},"schema":{"@context":"https:\/\/schema.org","@graph":[{"@type":"NewsArticle","@id":"https:\/\/www.estrategiaconcursos.com.br\/blog\/concurso-pm-sp-saude\/#article","isPartOf":{"@id":"https:\/\/www.estrategiaconcursos.com.br\/blog\/concurso-pm-sp-saude\/"},"author":{"name":"Coordena\u00e7\u00e3o","@id":"https:\/\/www.estrategiaconcursos.com.br\/blog\/#\/schema\/person\/b4a388c97673c5f483d72185668afa1f"},"headline":"Concurso PM SP Sa\u00fade: nomea\u00e7\u00f5es de aprovados publicadas","datePublished":"2023-09-27T15:20:00+00:00","dateModified":"2023-09-27T20:00:00+00:00","mainEntityOfPage":{"@id":"https:\/\/www.estrategiaconcursos.com.br\/blog\/concurso-pm-sp-saude\/"},"wordCount":1473,"commentCount":0,"publisher":{"@id":"https:\/\/www.estrategiaconcursos.com.br\/blog\/#organization"},"image":{"@id":"https:\/\/www.estrategiaconcursos.com.br\/blog\/concurso-pm-sp-saude\/#primaryimage"},"thumbnailUrl":"https:\/\/dhg1h5j42swfq.cloudfront.net\/2022\/08\/09160447\/pm_sp_saude.jpg","articleSection":["Policial (PM\/BM - Oficial)","Policial (PM\/BM - Pra\u00e7as)","Sa\u00fade"],"inLanguage":"pt-BR","potentialAction":[{"@type":"CommentAction","name":"Comment","target":["https:\/\/www.estrategiaconcursos.com.br\/blog\/concurso-pm-sp-saude\/#respond"]}],"copyrightYear":"2023","copyrightHolder":{"@id":"https:\/\/www.estrategiaconcursos.com.br\/blog\/#organization"}},{"@type":"WebPage","@id":"https:\/\/www.estrategiaconcursos.com.br\/blog\/concurso-pm-sp-saude\/","url":"https:\/\/www.estrategiaconcursos.com.br\/blog\/concurso-pm-sp-saude\/","name":"Concurso PM SP Sa\u00fade: nomea\u00e7\u00f5es de aprovados publicadas","isPartOf":{"@id":"https:\/\/www.estrategiaconcursos.com.br\/blog\/#website"},"primaryImageOfPage":{"@id":"https:\/\/www.estrategiaconcursos.com.br\/blog\/concurso-pm-sp-saude\/#primaryimage"},"image":{"@id":"https:\/\/www.estrategiaconcursos.com.br\/blog\/concurso-pm-sp-saude\/#primaryimage"},"thumbnailUrl":"https:\/\/dhg1h5j42swfq.cloudfront.net\/2022\/08\/09160447\/pm_sp_saude.jpg","datePublished":"2023-09-27T15:20:00+00:00","dateModified":"2023-09-27T20:00:00+00:00","description":"Concurso PM SP Sa\u00fade: edital ofertou 75 vagas de Oficial da Sa\u00fade, com sal\u00e1rio de R$ 8,3 mil. Candidatos s\u00e3o nomeados. Confira!","breadcrumb":{"@id":"https:\/\/www.estrategiaconcursos.com.br\/blog\/concurso-pm-sp-saude\/#breadcrumb"},"inLanguage":"pt-BR","potentialAction":[{"@type":"ReadAction","target":["https:\/\/www.estrategiaconcursos.com.br\/blog\/concurso-pm-sp-saude\/"]}]},{"@type":"ImageObject","inLanguage":"pt-BR","@id":"https:\/\/www.estrategiaconcursos.com.br\/blog\/concurso-pm-sp-saude\/#primaryimage","url":"https:\/\/dhg1h5j42swfq.cloudfront.net\/2022\/08\/09160447\/pm_sp_saude.jpg","contentUrl":"https:\/\/dhg1h5j42swfq.cloudfront.net\/2022\/08\/09160447\/pm_sp_saude.jpg","width":768,"height":432,"caption":"Concurso PM SP Sa\u00fade"},{"@type":"BreadcrumbList","@id":"https:\/\/www.estrategiaconcursos.com.br\/blog\/concurso-pm-sp-saude\/#breadcrumb","itemListElement":[{"@type":"ListItem","position":1,"name":"In\u00edcio","item":"https:\/\/www.estrategiaconcursos.com.br\/blog\/"},{"@type":"ListItem","position":2,"name":"Concurso PM SP Sa\u00fade: nomea\u00e7\u00f5es de aprovados publicadas"}]},{"@type":"WebSite","@id":"https:\/\/www.estrategiaconcursos.com.br\/blog\/#website","url":"https:\/\/www.estrategiaconcursos.com.br\/blog\/","name":"Estrat\u00e9gia Concursos","description":"O blog da Estrat\u00e9gia Concursos traz not\u00edcias sobre concursos e artigos de professores oferecendo cursos para concursos (pdf + videaulas) no site.","publisher":{"@id":"https:\/\/www.estrategiaconcursos.com.br\/blog\/#organization"},"potentialAction":[{"@type":"SearchAction","target":{"@type":"EntryPoint","urlTemplate":"https:\/\/www.estrategiaconcursos.com.br\/blog\/?s={search_term_string}"},"query-input":{"@type":"PropertyValueSpecification","valueRequired":true,"valueName":"search_term_string"}}],"inLanguage":"pt-BR"},{"@type":"Organization","@id":"https:\/\/www.estrategiaconcursos.com.br\/blog\/#organization","name":"Estrat\u00e9gia Concursos","url":"https:\/\/www.estrategiaconcursos.com.br\/blog\/","logo":{"@type":"ImageObject","inLanguage":"pt-BR","@id":"https:\/\/www.estrategiaconcursos.com.br\/blog\/#\/schema\/logo\/image\/","url":"https:\/\/dhg1h5j42swfq.cloudfront.net\/2025\/06\/03203428\/logo_concursos-1.jpg","contentUrl":"https:\/\/dhg1h5j42swfq.cloudfront.net\/2025\/06\/03203428\/logo_concursos-1.jpg","width":230,"height":60,"caption":"Estrat\u00e9gia Concursos"},"image":{"@id":"https:\/\/www.estrategiaconcursos.com.br\/blog\/#\/schema\/logo\/image\/"},"sameAs":["https:\/\/x.com\/EstratConcursos"]},{"@type":"Person","@id":"https:\/\/www.estrategiaconcursos.com.br\/blog\/#\/schema\/person\/b4a388c97673c5f483d72185668afa1f","name":"Coordena\u00e7\u00e3o","image":{"@type":"ImageObject","inLanguage":"pt-BR","@id":"https:\/\/secure.gravatar.com\/avatar\/b720319e4c9a967eb58678d110f4fe35452fc5d5f97b202bac7b8acceb18c6ad?s=96&d=mm&r=g","url":"https:\/\/secure.gravatar.com\/avatar\/b720319e4c9a967eb58678d110f4fe35452fc5d5f97b202bac7b8acceb18c6ad?s=96&d=mm&r=g","contentUrl":"https:\/\/secure.gravatar.com\/avatar\/b720319e4c9a967eb58678d110f4fe35452fc5d5f97b202bac7b8acceb18c6ad?s=96&d=mm&r=g","caption":"Coordena\u00e7\u00e3o"},"sameAs":["https:\/\/www.facebook.com\/EstrategiaConcursos","https:\/\/x.com\/EstratConcursos"],"url":"https:\/\/www.estrategiaconcursos.com.br\/blog\/author\/estrategia2013\/"}]}},"_links":{"self":[{"href":"https:\/\/www.estrategiaconcursos.com.br\/blog\/wp-json\/wp\/v2\/posts\/1072674","targetHints":{"allow":["GET"]}}],"collection":[{"href":"https:\/\/www.estrategiaconcursos.com.br\/blog\/wp-json\/wp\/v2\/posts"}],"about":[{"href":"https:\/\/www.estrategiaconcursos.com.br\/blog\/wp-json\/wp\/v2\/types\/post"}],"author":[{"embeddable":true,"href":"https:\/\/www.estrategiaconcursos.com.br\/blog\/wp-json\/wp\/v2\/users\/1"}],"replies":[{"embeddable":true,"href":"https:\/\/www.estrategiaconcursos.com.br\/blog\/wp-json\/wp\/v2\/comments?post=1072674"}],"version-history":[{"count":34,"href":"https:\/\/www.estrategiaconcursos.com.br\/blog\/wp-json\/wp\/v2\/posts\/1072674\/revisions"}],"predecessor-version":[{"id":1284448,"href":"https:\/\/www.estrategiaconcursos.com.br\/blog\/wp-json\/wp\/v2\/posts\/1072674\/revisions\/1284448"}],"wp:featuredmedia":[{"embeddable":true,"href":"https:\/\/www.estrategiaconcursos.com.br\/blog\/wp-json\/wp\/v2\/media\/1074815"}],"wp:attachment":[{"href":"https:\/\/www.estrategiaconcursos.com.br\/blog\/wp-json\/wp\/v2\/media?parent=1072674"}],"wp:term":[{"taxonomy":"category","embeddable":true,"href":"https:\/\/www.estrategiaconcursos.com.br\/blog\/wp-json\/wp\/v2\/categories?post=1072674"},{"taxonomy":"post_tag","embeddable":true,"href":"https:\/\/www.estrategiaconcursos.com.br\/blog\/wp-json\/wp\/v2\/tags?post=1072674"},{"taxonomy":"tax_estado","embeddable":true,"href":"https:\/\/www.estrategiaconcursos.com.br\/blog\/wp-json\/wp\/v2\/tax_estado?post=1072674"}],"curies":[{"name":"wp","href":"https:\/\/api.w.org\/{rel}","templated":true}]}}