{"id":1072496,"date":"2025-06-03T21:18:49","date_gmt":"2025-06-04T00:18:49","guid":{"rendered":"https:\/\/www.estrategiaconcursos.com.br\/blog\/?p=1072496"},"modified":"2025-06-06T10:10:54","modified_gmt":"2025-06-06T13:10:54","slug":"concurso-rede-sarah","status":"publish","type":"post","link":"https:\/\/www.estrategiaconcursos.com.br\/blog\/concurso-rede-sarah\/","title":{"rendered":"Concurso Rede Sarah: sa\u00edram os resultados! Veja classifica\u00e7\u00e3o"},"content":{"rendered":"\n<p>Est\u00e3o dispon\u00edveis os resultados e classifica\u00e7\u00e3o das provas do processo seletivo simplificados (PSS) da <strong>Rede Sarah de Hospitais de Reabilita\u00e7\u00e3o<\/strong>.<\/p>\n\n\n\n<p>A consulta aos resultados foi disponibilizada diretamente na p\u00e1gina de processos seletivos da Rede Sarah. Veja os documentos por cargo!<\/p>\n\n\n\n<ul class=\"wp-block-list\">\n<li><a href=\"https:\/\/dhg1h5j42swfq.cloudfront.net\/2025\/06\/03211609\/resultado-da-aprovacao-e-classificacao-nas-provas-biomedico.pdf\" target=\"_blank\" rel=\"noreferrer noopener nofollow\">Biom\u00e9dico<\/a><\/li>\n\n\n\n<li><a href=\"https:\/\/dhg1h5j42swfq.cloudfront.net\/2025\/06\/03211613\/resultado-da-aprovacao-e-classificacao-nas-provas-fono-bh.pdf\" target=\"_blank\" rel=\"noreferrer noopener nofollow\">Fonoaudi\u00f3logo &#8211; Belo Horizonte<\/a><\/li>\n\n\n\n<li><a href=\"https:\/\/dhg1h5j42swfq.cloudfront.net\/2025\/06\/03211615\/resultado-da-aprovacao-e-classificacao-nas-provas-fono-bsb.pdf\" target=\"_blank\" rel=\"noreferrer noopener nofollow\">Fonoaudi\u00f3logo &#8211; Bras\u00edlia<\/a><\/li>\n\n\n\n<li><a href=\"https:\/\/dhg1h5j42swfq.cloudfront.net\/2025\/06\/03211619\/resultado-da-aprovacao-e-classificacao-nas-provas-fono-fortaleza.pdf\" target=\"_blank\" rel=\"noreferrer noopener nofollow\">Fonoaudi\u00f3logo &#8211; Fortaleza<\/a><\/li>\n\n\n\n<li><a href=\"https:\/\/dhg1h5j42swfq.cloudfront.net\/2025\/06\/03211623\/resultado-da-aprovacao-e-classificacao-nas-provas-fono-macapa.pdf\" target=\"_blank\" rel=\"noreferrer noopener nofollow\">Fonoaudi\u00f3logo &#8211; Macap\u00e1<\/a><\/li>\n\n\n\n<li><a href=\"https:\/\/dhg1h5j42swfq.cloudfront.net\/2025\/06\/03211626\/resultado-da-aprovacao-e-classificacao-nas-provas-fono-rj.pdf\" target=\"_blank\" rel=\"noreferrer noopener nofollow\">Fonoaudi\u00f3logo &#8211; Rio de Janeiro<\/a><\/li>\n\n\n\n<li><a href=\"https:\/\/dhg1h5j42swfq.cloudfront.net\/2025\/06\/03211630\/resultado-da-aprovacao-e-classificacao-nas-provas.pdf\" target=\"_blank\" rel=\"noreferrer noopener nofollow\">Fonoaudi\u00f3logo &#8211; S\u00e3o Lu\u00eds<\/a><\/li>\n<\/ul>\n\n\n\n<p>S\u00e3o ofertadas <strong>12 vagas imediatas<\/strong> para os <strong>cargos de Fonoaudi\u00f3logo e Biom\u00e9dico<\/strong>, distribu\u00eddas nas lota\u00e7\u00f5es de Bras\u00edlia, S\u00e3o Lu\u00eds, Rio de Janeiro, Macap\u00e1, Fortaleza e Belo Horizonte. O sal\u00e1rio inicial \u00e9 de R$ 14.700,93.<\/p>\n\n\n\n<ul class=\"wp-block-list has-very-light-gray-to-cyan-bluish-gray-gradient-background has-background\">\n<li><strong>PSS Rede Sarah<\/strong><\/li>\n\n\n\n<li><strong>Status:<\/strong> resultados aprova\u00e7\u00e3o\/classifica\u00e7\u00e3o<\/li>\n\n\n\n<li><strong>Banca<\/strong>: <a href=\"https:\/\/www.sarah.br\/editais\/selecao-publica\/processos-seletivos\/\" target=\"_blank\" rel=\"noreferrer noopener\">organiza\u00e7\u00e3o pr\u00f3pria<\/a><\/li>\n\n\n\n<li><strong>Vagas<\/strong>: 12<\/li>\n\n\n\n<li><strong>Sal\u00e1rio inicial<\/strong>: R$ 14.700,93<\/li>\n\n\n\n<li><strong>Editais<\/strong>:&nbsp;<a href=\"https:\/\/dhg1h5j42swfq.cloudfront.net\/2024\/11\/27160319\/ssp20240901.pdf\" target=\"_blank\" rel=\"noreferrer noopener nofollow\">PSS Fonoaudi\u00f3logo<\/a> | <a href=\"https:\/\/dhg1h5j42swfq.cloudfront.net\/2024\/11\/27160324\/ssp20240801.pdf\" target=\"_blank\" rel=\"noreferrer noopener nofollow\">PSS Biom\u00e9dico<\/a><\/li>\n<\/ul>\n\n\n\n<p>Nosso objetivo \u00e9 deix\u00e1-los 100% informados. Confira nos t\u00f3picos a seguir as principais informa\u00e7\u00f5es da sele\u00e7\u00e3o.<\/p>\n\n\n\n<ul id=\"indice\" class=\"wp-block-list\">\n<li><a href=\"#02-2024\">Editais PSS 02\/2024<\/a>\n<ul class=\"wp-block-list\">\n<li><a href=\"#vagas\">Cargos e vagas<\/a><\/li>\n\n\n\n<li><a href=\"#etapas\">Etapas e provas<\/a><\/li>\n<\/ul>\n<\/li>\n\n\n\n<li><a href=\"#01-2024\">Editais PSS 01\/2024<\/a>\n<ul class=\"wp-block-list\">\n<li><a href=\"#h-cargos-e-vagas\">Cargos e vagas<\/a><\/li>\n\n\n\n<li><a href=\"#etapas-1-24\">Etapas e provas<\/a><\/li>\n<\/ul>\n<\/li>\n\n\n\n<li><a href=\"#ultimos\">\u00daltimos concursos<\/a>\n<ul class=\"wp-block-list\">\n<li><a href=\"#02-2022\">Editais 02\/2022<\/a><\/li>\n\n\n\n<li><a href=\"#01-2022\">Editais 01\/2022<\/a><\/li>\n<\/ul>\n<\/li>\n\n\n\n<li><a href=\"#cursos\">Cursos e assinatura<\/a><\/li>\n\n\n\n<li><a href=\"#ficha\">Ficha t\u00e9cnica<\/a><\/li>\n<\/ul>\n\n\n\n<div class=\"container\" id=\"boxes\">\n  <div class=\"row\">\n\n    <div class=\"col-sm\">\n      <div class=\"banner-medicina\" id=\"box-assinatura\">\n        <h3 class=\"titulo-assinatura\">Concurso Rede Sarah<\/h3>\n        <p class=\"subtitulo-assinatura\">Conhe\u00e7a os cursos<\/p>\n        <div class=\"box-botao\">\n          <a class=\"btn-assinatura\" target=\"_blank\" href=\"https:\/\/www.estrategiaconcursos.com.br\/cursosPorConcurso\/cursos-da-saude\/\" role=\"button\" rel=\"noopener noreferrer\">Conhe\u00e7a mais<\/a>\n        <\/div>\n      <\/div>\n     \n    <\/div>\n\n  <\/div>\n<\/div>\n\n\n\n<h2 class=\"wp-block-heading\" id=\"02-2024\">Concurso Rede Sarah: editais PSS 02\/2024<\/h2>\n\n\n\n<h3 class=\"wp-block-heading\" id=\"vagas\">Cargos e vagas do processo seletivo Rede Sarah<\/h3>\n\n\n\n<figure class=\"wp-block-table is-style-stripes\"><table class=\"has-very-light-gray-to-cyan-bluish-gray-gradient-background has-background has-fixed-layout\"><thead><tr><th class=\"has-text-align-center\" data-align=\"center\">Cargo<\/th><th class=\"has-text-align-center\" data-align=\"center\">Vagas<\/th><th class=\"has-text-align-center\" data-align=\"center\">Sal\u00e1rios<\/th><th class=\"has-text-align-center\" data-align=\"center\">Lota\u00e7\u00f5es<\/th><\/tr><\/thead><tbody><tr><td class=\"has-text-align-center\" data-align=\"center\">Fonoaudi\u00f3logo<\/td><td class=\"has-text-align-center\" data-align=\"center\">2<\/td><td class=\"has-text-align-center\" data-align=\"center\">R$ 14.700,93<\/td><td class=\"has-text-align-center\" data-align=\"center\">Bras\u00edlia\/DF<\/td><\/tr><tr><td class=\"has-text-align-center\" data-align=\"center\">Biom\u00e9dico<\/td><td class=\"has-text-align-center\" data-align=\"center\">10<\/td><td class=\"has-text-align-center\" data-align=\"center\">R$ 14.700,93<\/td><td class=\"has-text-align-center\" data-align=\"center\">Belo Horizonte\/MG<br \/>Bras\u00edlia\/DF<br \/>Fortaleza\/CE<br \/>Macap\u00e1\/AP<br \/>Rio de Janeiro\/RJ<br \/>S\u00e3o Lu\u00eds\/MA<\/td><\/tr><\/tbody><\/table><\/figure>\n\n\n\n<h3 class=\"wp-block-heading\" id=\"etapas\">Etapas do processo seletivo Rede Sarah<\/h3>\n\n\n\n<p>Os candidatos s\u00e3o avaliados por meio das seguintes etapas:<\/p>\n\n\n\n<ul class=\"wp-block-list\">\n<li>Prova objetiva, de car\u00e1ter eliminat\u00f3rio e classificat\u00f3rio;<\/li>\n\n\n\n<li>Prova discursiva, de car\u00e1ter eliminat\u00f3rio e classificat\u00f3rio;<\/li>\n\n\n\n<li>Treinamento, de car\u00e1ter eliminat\u00f3rio. <\/li>\n<\/ul>\n\n\n\n<p>A <strong>prova objetiva<\/strong> teve dura\u00e7\u00e3o de 4 horas, composta de 60 quest\u00f5es de m\u00faltipla escolha, sendo que cada uma conteve quatro alternativas e apenas uma resposta correta.<\/p>\n\n\n\n<ul class=\"wp-block-list\">\n<li>L\u00edngua Portuguesa &#8211; 10<\/li>\n\n\n\n<li>Conhecimentos Espec\u00edficos &#8211; 50<\/li>\n<\/ul>\n\n\n\n<p>A <strong>prova discursiva<\/strong> versou sobre conhecimentos espec\u00edficos da \u00e1rea relacionados ao exerc\u00edcio profissional, num total de 1 quest\u00e3o, respondida em, no m\u00e1ximo, 30 linhas (vide conte\u00fado program\u00e1tico em anexo).<\/p>\n\n\n\n<p>O prazo de validade dos processos de sele\u00e7\u00e3o regidos pelos editais ser\u00e1 de 2 anos, a contar da data de divulga\u00e7\u00e3o do resultado da aprova\u00e7\u00e3o e classifica\u00e7\u00e3o nas provas, podendo ser prorrogado uma \u00fanica vez, por igual per\u00edodo.<\/p>\n\n\n\n<h2 class=\"wp-block-heading\" id=\"01-2024\">Concurso Rede Sarah: editais PSS 01\/2024<\/h2>\n\n\n\n<h3 class=\"wp-block-heading\" id=\"h-cargos-e-vagas-do-processo-seletivo-rede-sarah\">Cargos e vagas do processo seletivo Rede Sarah<\/h3>\n\n\n\n<ul class=\"wp-block-list\">\n<li><strong style=\"color: initial;\">Provas<\/strong><span style=\"color: initial;\">: <\/span>29\/09\/2024<\/li>\n\n\n\n<li><strong>Vagas<\/strong>: 48<\/li>\n\n\n\n<li><strong>Sal\u00e1rio inicial<\/strong>: R$ 6.148,00 a R$ 35.325,00<\/li>\n\n\n\n<li><strong>Editais<\/strong>:&nbsp;<a href=\"https:\/\/dhg1h5j42swfq.cloudfront.net\/2024\/07\/29153534\/ssp20240101.pdf\" target=\"_blank\" rel=\"noreferrer noopener nofollow\">Assistente Social<\/a> | <a href=\"https:\/\/dhg1h5j42swfq.cloudfront.net\/2024\/07\/29153601\/ssp20240201-1.pdf\" target=\"_blank\" rel=\"noreferrer noopener nofollow\">M\u00e9dico &#8211; Anestesiologia<\/a> | <a href=\"https:\/\/dhg1h5j42swfq.cloudfront.net\/2024\/07\/29153629\/ssp20240301.pdf\" target=\"_blank\" rel=\"noreferrer noopener nofollow\">T\u00e9cnico em Laborat\u00f3rio<\/a> | <a href=\"https:\/\/dhg1h5j42swfq.cloudfront.net\/2024\/07\/29153700\/ssp20240401.pdf\" target=\"_blank\" rel=\"noreferrer noopener nofollow\">T\u00e9cnico em Tecnologia da Informa\u00e7\u00e3o<\/a><\/li>\n<\/ul>\n\n\n\n<p><strong>N\u00edvel m\u00e9dio e superior<\/strong><\/p>\n\n\n\n<figure class=\"wp-block-table is-style-stripes\"><table class=\"has-very-light-gray-to-cyan-bluish-gray-gradient-background has-background has-fixed-layout\"><thead><tr><th class=\"has-text-align-center\" data-align=\"center\">Cargo<\/th><th class=\"has-text-align-center\" data-align=\"center\">Vagas<\/th><th class=\"has-text-align-center\" data-align=\"center\">Sal\u00e1rios<\/th><th class=\"has-text-align-center\" data-align=\"center\">Lota\u00e7\u00f5es<\/th><\/tr><\/thead><tbody><tr><td class=\"has-text-align-center\" data-align=\"center\">Assistente Social<\/td><td class=\"has-text-align-center\" data-align=\"center\">8<\/td><td class=\"has-text-align-center\" data-align=\"center\">R$ 11.061,79<\/td><td class=\"has-text-align-center\" data-align=\"center\">Belo Horizonte\/MG<br \/>Bras\u00edlia\/DF<br \/>Salvador\/BA<br \/>S\u00e3o Lu\u00eds\/MA<\/td><\/tr><tr><td class=\"has-text-align-center\" data-align=\"center\">M\u00e9dico Anestesiologista<\/td><td class=\"has-text-align-center\" data-align=\"center\">9<\/td><td class=\"has-text-align-center\" data-align=\"center\">R$ 35.325,26<\/td><td class=\"has-text-align-center\" data-align=\"center\">Belo Horizonte\/MG<br \/>Bras\u00edlia\/DF<br \/>Salvador\/BA<br \/>S\u00e3o Lu\u00eds\/MA<\/td><\/tr><tr><td class=\"has-text-align-center\" data-align=\"center\">T\u00e9cnico em Laborat\u00f3rio<\/td><td class=\"has-text-align-center\" data-align=\"center\">19<\/td><td class=\"has-text-align-center\" data-align=\"center\">R$ 6.148,89<\/td><td class=\"has-text-align-center\" data-align=\"center\">Belo Horizonte\/MG<br \/>Bras\u00edlia\/DF<br \/>Fortaleza\/CE<br \/>Rio de Janeiro\/RJ<br \/>Salvador\/BA<br \/>S\u00e3o Lu\u00eds\/MA<\/td><\/tr><tr><td class=\"has-text-align-center\" data-align=\"center\">T\u00e9cnico em Tecnologia da Informa\u00e7\u00e3o<\/td><td class=\"has-text-align-center\" data-align=\"center\">12<\/td><td class=\"has-text-align-center\" data-align=\"center\">R$ 6.148,89<\/td><td class=\"has-text-align-center\" data-align=\"center\">Bel\u00e9m\/PA<br \/>Belo Horizonte\/MG Bras\u00edlia\/DF<br \/>Fortaleza\/CE<br \/>Macap\u00e1\/AP<br \/>Rio de Janeiro\/RJ Salvador\/BA<br \/>S\u00e3o Lu\u00eds\/MA<\/td><\/tr><\/tbody><\/table><\/figure>\n\n\n\n<h3 class=\"wp-block-heading\" id=\"etapas-1-24\">Etapas do processo seletivo Rede Sarah<\/h3>\n\n\n\n<p>Os candidatos s\u00e3o avaliados por meio das seguintes etapas:<\/p>\n\n\n\n<ul class=\"wp-block-list\">\n<li>Prova objetiva, de car\u00e1ter eliminat\u00f3rio e classificat\u00f3rio;<\/li>\n\n\n\n<li>Prova discursiva (Assistente Social), de car\u00e1ter eliminat\u00f3rio e classificat\u00f3rio;<\/li>\n\n\n\n<li>Prova pr\u00e1tica, de car\u00e1ter classificat\u00f3rio (M\u00e9dico);<\/li>\n\n\n\n<li>Treinamento, de car\u00e1ter eliminat\u00f3rio. <\/li>\n<\/ul>\n\n\n\n<p>A <strong>Prova Objetiva<\/strong>, com dura\u00e7\u00e3o de 4 horas e valendo at\u00e9 100 pontos, constou de 60 quest\u00f5es do tipo m\u00faltipla escolha (4 alternativas):<\/p>\n\n\n\n<ul class=\"wp-block-list\">\n<li>L\u00edngua Portuguesa;<\/li>\n\n\n\n<li>L\u00edngua Inglesa (somente p\/ Tecnologia da Informa\u00e7\u00e3o); e<\/li>\n\n\n\n<li>Conhecimentos Espec\u00edficos.<\/li>\n<\/ul>\n\n\n\n<p>O prazo de validade dos processos de sele\u00e7\u00e3o regidos pelos editais ser\u00e1 de 2 anos, a contar da data de divulga\u00e7\u00e3o do resultado da aprova\u00e7\u00e3o e classifica\u00e7\u00e3o nas provas, podendo ser prorrogado uma \u00fanica vez, por igual per\u00edodo.<\/p>\n\n\n\n<p>A <strong>Prova Discursiva<\/strong>, com valor de 50 pontos, versou sobre conhecimentos espec\u00edficos da \u00e1rea de Assistente Social, num total de 2 quest\u00f5es, sendo que o candidato escolheu 1 delas para ser respondida em, no m\u00e1ximo, 30 linhas.<\/p>\n\n\n\n<p>A <strong>Prova Pr\u00e1tica<\/strong>, com valor de 100 pontos, consiste na elabora\u00e7\u00e3o de resposta escrita e questionamento oral, com os membros da banca examinadora, a respeito de temas relacionados ao exerc\u00edcio profissional, cujo conte\u00fado program\u00e1tico encontra-se descrito no Anexo I do edital.<\/p>\n\n\n\n<h2 class=\"wp-block-heading\" id=\"ultimos\">Concurso Rede Sarah: \u00faltimos editais <\/h2>\n\n\n\n<h3 class=\"wp-block-heading\" id=\"02-2022\">Cargos e vagas do concurso Rede Sarah &#8211; 02\/2022<\/h3>\n\n\n\n<ul class=\"wp-block-list\">\n<li><strong style=\"color: initial;\">Data<\/strong><span style=\"color: initial;\">: <\/span>2022<\/li>\n\n\n\n<li><strong>Banca<\/strong>: organiza\u00e7\u00e3o pr\u00f3pria<\/li>\n\n\n\n<li><strong>Vagas<\/strong>: 60<\/li>\n\n\n\n<li><strong>Sal\u00e1rio inicial<\/strong>: R$ 10.256,45 a R$ 13.675,28<\/li>\n\n\n\n<li><strong>Editais<\/strong>:&nbsp;<a href=\"https:\/\/dhg1h5j42swfq.cloudfront.net\/2022\/10\/01094355\/ssp20223201-1.pdf\" target=\"_blank\" rel=\"noreferrer noopener nofollow\">Fisioterapeuta<\/a> | <a href=\"https:\/\/dhg1h5j42swfq.cloudfront.net\/2022\/10\/03132802\/ssp20222601.pdf\" target=\"_blank\" rel=\"noreferrer noopener nofollow\">Farmac\u00eautico<\/a> | <a href=\"https:\/\/dhg1h5j42swfq.cloudfront.net\/2022\/10\/03132759\/ssp20222301.pdf\" target=\"_blank\" rel=\"noreferrer noopener nofollow\">Analista de Laborat\u00f3rio<\/a><\/li>\n<\/ul>\n\n\n\n<figure class=\"wp-block-table is-style-stripes\"><table class=\"has-very-light-gray-to-cyan-bluish-gray-gradient-background has-background has-fixed-layout\"><thead><tr><th class=\"has-text-align-center\" data-align=\"center\">Cargo<\/th><th class=\"has-text-align-center\" data-align=\"center\">Unidade<\/th><th class=\"has-text-align-center\" data-align=\"center\">Vagas*<\/th><th class=\"has-text-align-center\" data-align=\"center\">Sal\u00e1rios<\/th><\/tr><\/thead><tbody><tr><td class=\"has-text-align-center\" data-align=\"center\">Fisioterapeuta <\/td><td class=\"has-text-align-center\" data-align=\"center\">Bel\u00e9m<\/td><td class=\"has-text-align-center\" data-align=\"center\">2<\/td><td class=\"has-text-align-center\" data-align=\"center\">R$ 10.256,45<\/td><\/tr><tr><td class=\"has-text-align-center\" data-align=\"center\">Fisioterapeuta <\/td><td class=\"has-text-align-center\" data-align=\"center\">Bras\u00edlia<\/td><td class=\"has-text-align-center\" data-align=\"center\">13<\/td><td class=\"has-text-align-center\" data-align=\"center\">R$ 10.256,45<\/td><\/tr><tr><td class=\"has-text-align-center\" data-align=\"center\">Fisioterapeuta <\/td><td class=\"has-text-align-center\" data-align=\"center\">Fortaleza<\/td><td class=\"has-text-align-center\" data-align=\"center\">7<\/td><td class=\"has-text-align-center\" data-align=\"center\">R$ 10.256,45<\/td><\/tr><tr><td class=\"has-text-align-center\" data-align=\"center\">Fisioterapeuta <\/td><td class=\"has-text-align-center\" data-align=\"center\">Macap\u00e1<\/td><td class=\"has-text-align-center\" data-align=\"center\">4<\/td><td class=\"has-text-align-center\" data-align=\"center\">R$ 10.256,45<\/td><\/tr><tr><td class=\"has-text-align-center\" data-align=\"center\">Fisioterapeuta <\/td><td class=\"has-text-align-center\" data-align=\"center\">Rio de Janeiro<\/td><td class=\"has-text-align-center\" data-align=\"center\">1<\/td><td class=\"has-text-align-center\" data-align=\"center\">R$ 10.256,45<\/td><\/tr><tr><td class=\"has-text-align-center\" data-align=\"center\">Fisioterapeuta <\/td><td class=\"has-text-align-center\" data-align=\"center\">Salvador<\/td><td class=\"has-text-align-center\" data-align=\"center\">6<\/td><td class=\"has-text-align-center\" data-align=\"center\">R$ 10.256,45<\/td><\/tr><tr><td class=\"has-text-align-center\" data-align=\"center\">Fisioterapeuta <\/td><td class=\"has-text-align-center\" data-align=\"center\">S\u00e3o Lu\u00eds<\/td><td class=\"has-text-align-center\" data-align=\"center\">11<\/td><td class=\"has-text-align-center\" data-align=\"center\">R$ 10.256,45<\/td><\/tr><tr><td class=\"has-text-align-center\" data-align=\"center\">Analista de Laborat\u00f3rio<\/td><td class=\"has-text-align-center\" data-align=\"center\">Bras\u00edlia<\/td><td class=\"has-text-align-center\" data-align=\"center\">2<\/td><td class=\"has-text-align-center\" data-align=\"center\">R$ 13.675,28<\/td><\/tr><tr><td class=\"has-text-align-center\" data-align=\"center\">Analista de Laborat\u00f3rio<\/td><td class=\"has-text-align-center\" data-align=\"center\">Fortaleza<\/td><td class=\"has-text-align-center\" data-align=\"center\">1<\/td><td class=\"has-text-align-center\" data-align=\"center\">R$ 13.675,28<\/td><\/tr><tr><td class=\"has-text-align-center\" data-align=\"center\">Analista de Laborat\u00f3rio<\/td><td class=\"has-text-align-center\" data-align=\"center\">Rio de Janeiro<\/td><td class=\"has-text-align-center\" data-align=\"center\">1<\/td><td class=\"has-text-align-center\" data-align=\"center\">R$ 13.675,28<\/td><\/tr><tr><td class=\"has-text-align-center\" data-align=\"center\">Analista de Laborat\u00f3rio<\/td><td class=\"has-text-align-center\" data-align=\"center\">S\u00e3o Lu\u00eds<\/td><td class=\"has-text-align-center\" data-align=\"center\">2<\/td><td class=\"has-text-align-center\" data-align=\"center\">R$ 13.675,28<\/td><\/tr><tr><td class=\"has-text-align-center\" data-align=\"center\">Farmac\u00eautico<\/td><td class=\"has-text-align-center\" data-align=\"center\">Belo Horizonte<\/td><td class=\"has-text-align-center\" data-align=\"center\">1<\/td><td class=\"has-text-align-center\" data-align=\"center\">R$ 13.675,28<\/td><\/tr><tr><td class=\"has-text-align-center\" data-align=\"center\">Farmac\u00eautico<\/td><td class=\"has-text-align-center\" data-align=\"center\">Bras\u00edlia<\/td><td class=\"has-text-align-center\" data-align=\"center\">5<\/td><td class=\"has-text-align-center\" data-align=\"center\">R$ 13.675,28<\/td><\/tr><tr><td class=\"has-text-align-center\" data-align=\"center\">Farmac\u00eautico<\/td><td class=\"has-text-align-center\" data-align=\"center\">Fortaleza<\/td><td class=\"has-text-align-center\" data-align=\"center\">2<\/td><td class=\"has-text-align-center\" data-align=\"center\">R$ 13.675,28<\/td><\/tr><tr><td class=\"has-text-align-center\" data-align=\"center\">Farmac\u00eautico<\/td><td class=\"has-text-align-center\" data-align=\"center\">Salvador<\/td><td class=\"has-text-align-center\" data-align=\"center\">1<\/td><td class=\"has-text-align-center\" data-align=\"center\">R$ 13.675,28<\/td><\/tr><tr><td class=\"has-text-align-center\" data-align=\"center\">Farmac\u00eautico<\/td><td class=\"has-text-align-center\" data-align=\"center\">S\u00e3o Lu\u00eds<\/td><td class=\"has-text-align-center\" data-align=\"center\">1<\/td><td class=\"has-text-align-center\" data-align=\"center\">R$ 13.675,28<\/td><\/tr><\/tbody><\/table><\/figure>\n\n\n\n<p><strong><span style=\"text-decoration: underline;\">Especialidades de Analista de Laborat\u00f3rio<\/span><\/strong>: Farmac\u00eautico Bioqu\u00edmico, Biom\u00e9dico e Bi\u00f3logo.<\/p>\n\n\n\n<h3 class=\"wp-block-heading\" id=\"etapas-fisio\">Etapas e provas<\/h3>\n\n\n\n<p>O concurso Rede Sarah foi composto de 4 etapas, sendo:<\/p>\n\n\n\n<ul class=\"wp-block-list\">\n<li>a) prova objetiva, de car\u00e1ter eliminat\u00f3rio e classificat\u00f3rio, valendo 100 pontos; <\/li>\n\n\n\n<li>b) prova discursiva, de car\u00e1ter eliminat\u00f3rio e classificat\u00f3rio, valendo 50 pontos; <\/li>\n\n\n\n<li>c) prova pr\u00e1tica (apenas ao cargo de Fisioterapeuta), de car\u00e1ter classificat\u00f3rio, valendo 50 pontos; e <\/li>\n\n\n\n<li>d) treinamento, de car\u00e1ter eliminat\u00f3rio.<\/li>\n<\/ul>\n\n\n\n<h3 class=\"wp-block-heading\" id=\"01-2022\">Cargos e vagas do concurso Rede Sarah &#8211; 01\/2022<\/h3>\n\n\n\n<ul class=\"wp-block-list\">\n<li><strong>Data<\/strong>: 2022<\/li>\n\n\n\n<li><strong style=\"color: initial;\">Banca<\/strong><span style=\"color: initial;\">: <a href=\"https:\/\/www.sarah.br\/editais\/selecao-publica\/processos-seletivos\/\" target=\"_blank\" rel=\"noreferrer noopener\">organiza\u00e7\u00e3o pr\u00f3pria<\/a><\/span><\/li>\n\n\n\n<li><strong>Vagas<\/strong>: 53<\/li>\n\n\n\n<li><strong>Sal\u00e1rio inicial<\/strong>: R$ 13.675,28<\/li>\n\n\n\n<li><strong>Editais<\/strong>:&nbsp;<a href=\"https:\/\/dhg1h5j42swfq.cloudfront.net\/2022\/08\/15103225\/ssp20220801.pdf\" target=\"_blank\" rel=\"noreferrer noopener nofollow\">PSS Psicologia<\/a> | <a href=\"https:\/\/dhg1h5j42swfq.cloudfront.net\/2022\/08\/15103235\/ssp20221501.pdf\" target=\"_blank\" rel=\"noreferrer noopener nofollow\">PSS Nutri\u00e7\u00e3o<\/a> | <a href=\"https:\/\/dhg1h5j42swfq.cloudfront.net\/2022\/08\/15103145\/ssp20220101.pdf\" target=\"_blank\" rel=\"noreferrer noopener nofollow\">PSS Pedagogia<\/a> | <a href=\"https:\/\/dhg1h5j42swfq.cloudfront.net\/2022\/08\/15103238\/ssp20222001.pdf\" target=\"_blank\" rel=\"noreferrer noopener nofollow\">PSS Educa\u00e7\u00e3o F\u00edsica<\/a><\/li>\n<\/ul>\n\n\n\n<p><strong>Psicologia<\/strong><\/p>\n\n\n\n<figure class=\"wp-block-image aligncenter size-full\"><img loading=\"lazy\" decoding=\"async\" width=\"560\" height=\"269\" src=\"https:\/\/dhg1h5j42swfq.cloudfront.net\/2022\/08\/05093525\/image-76.png\" alt=\"vagas concurso rede sarah sa\u00fade psicologia\" class=\"wp-image-1072519\" srcset=\"https:\/\/dhg1h5j42swfq.cloudfront.net\/2022\/08\/05093525\/image-76.png 560w, https:\/\/dhg1h5j42swfq.cloudfront.net\/2022\/08\/05093525\/image-76-300x144.png 300w, https:\/\/dhg1h5j42swfq.cloudfront.net\/2022\/08\/05093525\/image-76-150x72.png 150w\" sizes=\"auto, (max-width: 560px) 100vw, 560px\" \/><figcaption class=\"wp-element-caption\">Lota\u00e7\u00e3o e vagas para psicologia<\/figcaption><\/figure>\n\n\n\n<p><strong>Nutri\u00e7\u00e3o<\/strong><\/p>\n\n\n\n<figure class=\"wp-block-image aligncenter size-full\"><img loading=\"lazy\" decoding=\"async\" width=\"567\" height=\"215\" src=\"https:\/\/dhg1h5j42swfq.cloudfront.net\/2022\/08\/05093502\/image-75.png\" alt=\"vagas concurso rede sarah sa\u00fade nutricionista\" class=\"wp-image-1072518\" srcset=\"https:\/\/dhg1h5j42swfq.cloudfront.net\/2022\/08\/05093502\/image-75.png 567w, https:\/\/dhg1h5j42swfq.cloudfront.net\/2022\/08\/05093502\/image-75-300x114.png 300w, https:\/\/dhg1h5j42swfq.cloudfront.net\/2022\/08\/05093502\/image-75-150x57.png 150w\" sizes=\"auto, (max-width: 567px) 100vw, 567px\" \/><figcaption class=\"wp-element-caption\">Lota\u00e7\u00e3o e vagas para nutri\u00e7\u00e3o<\/figcaption><\/figure>\n\n\n\n<p><strong>Professor de Educa\u00e7\u00e3o F\u00edsica<\/strong><\/p>\n\n\n\n<figure class=\"wp-block-image aligncenter size-full\"><img loading=\"lazy\" decoding=\"async\" width=\"530\" height=\"104\" src=\"https:\/\/dhg1h5j42swfq.cloudfront.net\/2022\/08\/08171456\/image-111.png\" alt=\"vagas concurso rede sarah sa\u00fade professor de educa\u00e7\u00e3o f\u00edsica\" class=\"wp-image-1074125\" srcset=\"https:\/\/dhg1h5j42swfq.cloudfront.net\/2022\/08\/08171456\/image-111.png 530w, https:\/\/dhg1h5j42swfq.cloudfront.net\/2022\/08\/08171456\/image-111-300x59.png 300w, https:\/\/dhg1h5j42swfq.cloudfront.net\/2022\/08\/08171456\/image-111-150x29.png 150w\" sizes=\"auto, (max-width: 530px) 100vw, 530px\" \/><\/figure>\n\n\n\n<p><strong>Professor Hospitalar &#8211; Pedagogia<\/strong><\/p>\n\n\n\n<figure class=\"wp-block-image aligncenter size-full\"><img loading=\"lazy\" decoding=\"async\" width=\"590\" height=\"279\" src=\"https:\/\/dhg1h5j42swfq.cloudfront.net\/2022\/08\/08171422\/image-110.png\" alt=\"vagas concurso rede sarah sa\u00fade professor hospitalar\/pedagogia\" class=\"wp-image-1074124\" srcset=\"https:\/\/dhg1h5j42swfq.cloudfront.net\/2022\/08\/08171422\/image-110.png 590w, https:\/\/dhg1h5j42swfq.cloudfront.net\/2022\/08\/08171422\/image-110-300x142.png 300w, https:\/\/dhg1h5j42swfq.cloudfront.net\/2022\/08\/08171422\/image-110-150x71.png 150w\" sizes=\"auto, (max-width: 590px) 100vw, 590px\" \/><figcaption class=\"wp-element-caption\">Lota\u00e7\u00e3o e vagas para pedagogia<\/figcaption><\/figure>\n\n\n\n<h3 class=\"wp-block-heading\" id=\"etapas\">Etapas do concurso <\/h3>\n\n\n\n<p>A avalia\u00e7\u00e3o dos candidatos se deu mediante aplica\u00e7\u00e3o das seguintes etapas:<\/p>\n\n\n\n<ul class=\"wp-block-list\">\n<li>Prova Objetiva, de car\u00e1ter eliminat\u00f3rio e classificat\u00f3rio;<\/li>\n\n\n\n<li>Prova Discursiva, de car\u00e1ter eliminat\u00f3rio e classificat\u00f3rio; e<\/li>\n\n\n\n<li>Prova Pr\u00e1tica, de car\u00e1ter classificat\u00f3rio.<\/li>\n<\/ul>\n\n\n\n<hr class=\"wp-block-separator has-alpha-channel-opacity\"\/>\n\n\n\n<h2 class=\"wp-block-heading has-text-align-center\">Quer saber tudo sobre concursos previstos?<br \/>Confira  nossos artigos!<\/h2>\n\n\n\n<ul class=\"wp-block-list\">\n<li><a href=\"https:\/\/www.estrategiaconcursos.com.br\/blog\/concursos-abertos\/\" target=\"_blank\" rel=\"noreferrer noopener\">Concursos abertos<\/a><\/li>\n\n\n\n<li><a href=\"https:\/\/www.estrategiaconcursos.com.br\/blog\/concursos-2025\/\" target=\"_blank\" rel=\"noreferrer noopener\">Concursos 2025<\/a><\/li>\n\n\n\n<li><a href=\"https:\/\/www.estrategiaconcursos.com.br\/blog\/concursos-2026\/\" target=\"_blank\" rel=\"noreferrer noopener\">Concursos 2026<\/a><\/li>\n<\/ul>\n\n\n\n<h2 class=\"wp-block-heading has-text-align-center\" id=\"cursos\">Quer estudar para o concurso Rede Sarah?<\/h2>\n\n\n\n<div class=\"container\" id=\"boxes\">\n  <div class=\"row\">\n\n    <div class=\"col-sm\">\n      <div class=\"banner-medicina\" id=\"box-assinatura\">\n        <h3 class=\"titulo-assinatura\">Concurso Rede Sarah<\/h3>\n        <p class=\"subtitulo-assinatura\">Conhe\u00e7a os cursos<\/p>\n        <div class=\"box-botao\">\n          <a class=\"btn-assinatura\" target=\"_blank\" href=\"https:\/\/www.estrategiaconcursos.com.br\/cursosPorConcurso\/cursos-da-saude\/\" role=\"button\" rel=\"noopener noreferrer\">Conhe\u00e7a mais<\/a>\n        <\/div>\n      <\/div>\n     \n    <\/div>\n\n  <\/div>\n<\/div>\n\n\n\n<div class=\"container\" id=\"boxes\">\n  <div class=\"row\">\n\n    <div class=\"col-sm\">\n      <div class=\"estrategia\" id=\"box-assinatura\">\n        <h3 class=\"titulo-assinatura\">Assinatura Concursos<\/h3>\n        <p class=\"subtitulo-assinatura\">Assinatura de 1 ano ou 2 anos<\/p>\n        <div class=\"box-botao\">\n          <a class=\"btn-assinatura\" target=\"_blank\" href=\"https:\/\/www.estrategiaconcursos.com.br\/assinaturas\/\" role=\"button\" rel=\"noopener noreferrer\">ASSINE AGORA<\/a>\n        <\/div>\n      <\/div><\/div><\/div><\/div>\n\n\n\n<figure class=\"wp-block-image size-large is-resized\"><img loading=\"lazy\" decoding=\"async\" width=\"1024\" height=\"632\" src=\"https:\/\/dhg1h5j42swfq.cloudfront.net\/2025\/06\/27101122\/ficha-tecnica-1-1024x632.png\" alt=\"Ficha t\u00e9cnica concurso Rede Sarah\" class=\"wp-image-702728\" style=\"width:269px;height:166px\" srcset=\"https:\/\/dhg1h5j42swfq.cloudfront.net\/2025\/06\/27101122\/ficha-tecnica-1-1024x632.png 1024w, https:\/\/dhg1h5j42swfq.cloudfront.net\/2025\/06\/27101122\/ficha-tecnica-1-300x185.png 300w, https:\/\/dhg1h5j42swfq.cloudfront.net\/2025\/06\/27101122\/ficha-tecnica-1-768x474.png 768w, https:\/\/dhg1h5j42swfq.cloudfront.net\/2025\/06\/27101122\/ficha-tecnica-1-1536x948.png 1536w, https:\/\/dhg1h5j42swfq.cloudfront.net\/2025\/06\/27101122\/ficha-tecnica-1-610x377.png 610w, https:\/\/dhg1h5j42swfq.cloudfront.net\/2025\/06\/27101122\/ficha-tecnica-1.png 1571w\" sizes=\"auto, (max-width: 1024px) 100vw, 1024px\" \/><\/figure>\n\n\n\n<h3 class=\"wp-block-heading\" id=\"ficha\">Informa\u00e7\u00f5es do Processo Seletivo Rede Sarah <\/h3>\n\n\n\n<ul class=\"wp-block-list\">\n<li><strong style=\"color: initial;\">Provas<\/strong><span style=\"color: initial;\">:<\/span> 23\/02\/2025<\/li>\n\n\n\n<li><strong>Vagas<\/strong>: 12<\/li>\n\n\n\n<li><strong>Cargos<\/strong>: Fonoaudi\u00f3logo e Biom\u00e9dico<\/li>\n\n\n\n<li><strong>Banca<\/strong>: organiza\u00e7\u00e3o pr\u00f3pria<\/li>\n\n\n\n<li><strong>Editais<\/strong>:&nbsp;<a href=\"https:\/\/dhg1h5j42swfq.cloudfront.net\/2024\/11\/27160319\/ssp20240901.pdf\" target=\"_blank\" rel=\"noreferrer noopener nofollow\">PSS Fonoaudi\u00f3logo<\/a> | <a href=\"https:\/\/dhg1h5j42swfq.cloudfront.net\/2024\/11\/27160324\/ssp20240801.pdf\" target=\"_blank\" rel=\"noreferrer noopener nofollow\">PSS Biom\u00e9dico<\/a><\/li>\n<\/ul>\n","protected":false},"excerpt":{"rendered":"<p>Est\u00e3o dispon\u00edveis os resultados e classifica\u00e7\u00e3o das provas do processo seletivo simplificados (PSS) da Rede Sarah de Hospitais de Reabilita\u00e7\u00e3o. A consulta aos resultados foi disponibilizada diretamente na p\u00e1gina de processos seletivos da Rede Sarah. Veja os documentos por cargo! S\u00e3o ofertadas 12 vagas imediatas para os cargos de Fonoaudi\u00f3logo e Biom\u00e9dico, distribu\u00eddas nas lota\u00e7\u00f5es [&hellip;]<\/p>\n","protected":false},"author":1,"featured_media":1496283,"comment_status":"open","ping_status":"closed","sticky":false,"template":"","format":"standard","meta":{"post_tipo":"news","footnotes":""},"categories":[1981],"tags":[],"tax_estado":[219963],"class_list":["post-1072496","post","type-post","status-publish","format-standard","has-post-thumbnail","hentry","category-saude","tax_estado-concursos-federais"],"acf":[],"yoast_head":"<!-- This site is optimized with the Yoast SEO Premium plugin v27.2 (Yoast SEO v27.2) - https:\/\/yoast.com\/product\/yoast-seo-premium-wordpress\/ -->\n<title>Concurso Rede Sarah: sa\u00edram os resultados! Veja classifica\u00e7\u00e3o<\/title>\n<meta name=\"description\" content=\"Concurso Rede Sarah de Hospitais: editais oferecem vagas para Fonoaudi\u00f3logo e Biom\u00e9dico e iniciais de R$ 14,7 mil. Resultados divulgados!\" \/>\n<meta name=\"robots\" content=\"index, follow, max-snippet:-1, max-image-preview:large, max-video-preview:-1\" \/>\n<link rel=\"canonical\" href=\"https:\/\/www.estrategiaconcursos.com.br\/blog\/concurso-rede-sarah\/\" \/>\n<meta property=\"og:locale\" content=\"pt_BR\" \/>\n<meta property=\"og:type\" content=\"article\" \/>\n<meta property=\"og:title\" content=\"Concurso Rede Sarah: sa\u00edram os resultados! Veja classifica\u00e7\u00e3o\" \/>\n<meta property=\"og:description\" content=\"Concurso Rede Sarah de Hospitais: editais oferecem vagas para Fonoaudi\u00f3logo e Biom\u00e9dico e iniciais de R$ 14,7 mil. Resultados divulgados!\" \/>\n<meta property=\"og:url\" content=\"https:\/\/www.estrategiaconcursos.com.br\/blog\/concurso-rede-sarah\/\" \/>\n<meta property=\"og:site_name\" content=\"Estrat\u00e9gia Concursos\" \/>\n<meta property=\"article:author\" content=\"https:\/\/www.facebook.com\/EstrategiaConcursos\" \/>\n<meta property=\"article:published_time\" content=\"2025-06-04T00:18:49+00:00\" \/>\n<meta property=\"article:modified_time\" content=\"2025-06-06T13:10:54+00:00\" \/>\n<meta property=\"og:image\" content=\"https:\/\/dhg1h5j42swfq.cloudfront.net\/2024\/11\/28082219\/rede-sarah.jpg\" \/>\n\t<meta property=\"og:image:width\" content=\"768\" \/>\n\t<meta property=\"og:image:height\" content=\"432\" \/>\n\t<meta property=\"og:image:type\" content=\"image\/jpeg\" \/>\n<meta name=\"author\" content=\"Coordena\u00e7\u00e3o\" \/>\n<meta name=\"twitter:card\" content=\"summary_large_image\" \/>\n<meta name=\"twitter:creator\" content=\"@EstratConcursos\" \/>\n<meta name=\"twitter:site\" content=\"@EstratConcursos\" \/>\n<meta name=\"twitter:label1\" content=\"Escrito por\" \/>\n\t<meta name=\"twitter:data1\" content=\"Coordena\u00e7\u00e3o\" \/>\n\t<meta name=\"twitter:label2\" content=\"Est. tempo de leitura\" \/>\n\t<meta name=\"twitter:data2\" content=\"5 minutos\" \/>\n<script type=\"application\/ld+json\" class=\"yoast-schema-graph\">{\"@context\":\"https:\/\/schema.org\",\"@graph\":[{\"@type\":\"NewsArticle\",\"@id\":\"https:\/\/www.estrategiaconcursos.com.br\/blog\/concurso-rede-sarah\/#article\",\"isPartOf\":{\"@id\":\"https:\/\/www.estrategiaconcursos.com.br\/blog\/concurso-rede-sarah\/\"},\"author\":{\"name\":\"Coordena\u00e7\u00e3o\",\"@id\":\"https:\/\/www.estrategiaconcursos.com.br\/blog\/#\/schema\/person\/b4a388c97673c5f483d72185668afa1f\"},\"headline\":\"Concurso Rede Sarah: sa\u00edram os resultados! Veja classifica\u00e7\u00e3o\",\"datePublished\":\"2025-06-04T00:18:49+00:00\",\"dateModified\":\"2025-06-06T13:10:54+00:00\",\"mainEntityOfPage\":{\"@id\":\"https:\/\/www.estrategiaconcursos.com.br\/blog\/concurso-rede-sarah\/\"},\"wordCount\":1123,\"commentCount\":0,\"publisher\":{\"@id\":\"https:\/\/www.estrategiaconcursos.com.br\/blog\/#organization\"},\"image\":{\"@id\":\"https:\/\/www.estrategiaconcursos.com.br\/blog\/concurso-rede-sarah\/#primaryimage\"},\"thumbnailUrl\":\"https:\/\/dhg1h5j42swfq.cloudfront.net\/2024\/11\/28082219\/rede-sarah.jpg\",\"articleSection\":[\"Sa\u00fade\"],\"inLanguage\":\"pt-BR\",\"potentialAction\":[{\"@type\":\"CommentAction\",\"name\":\"Comment\",\"target\":[\"https:\/\/www.estrategiaconcursos.com.br\/blog\/concurso-rede-sarah\/#respond\"]}],\"copyrightYear\":\"2025\",\"copyrightHolder\":{\"@id\":\"https:\/\/www.estrategiaconcursos.com.br\/blog\/#organization\"}},{\"@type\":\"WebPage\",\"@id\":\"https:\/\/www.estrategiaconcursos.com.br\/blog\/concurso-rede-sarah\/\",\"url\":\"https:\/\/www.estrategiaconcursos.com.br\/blog\/concurso-rede-sarah\/\",\"name\":\"Concurso Rede Sarah: sa\u00edram os resultados! Veja classifica\u00e7\u00e3o\",\"isPartOf\":{\"@id\":\"https:\/\/www.estrategiaconcursos.com.br\/blog\/#website\"},\"primaryImageOfPage\":{\"@id\":\"https:\/\/www.estrategiaconcursos.com.br\/blog\/concurso-rede-sarah\/#primaryimage\"},\"image\":{\"@id\":\"https:\/\/www.estrategiaconcursos.com.br\/blog\/concurso-rede-sarah\/#primaryimage\"},\"thumbnailUrl\":\"https:\/\/dhg1h5j42swfq.cloudfront.net\/2024\/11\/28082219\/rede-sarah.jpg\",\"datePublished\":\"2025-06-04T00:18:49+00:00\",\"dateModified\":\"2025-06-06T13:10:54+00:00\",\"description\":\"Concurso Rede Sarah de Hospitais: editais oferecem vagas para Fonoaudi\u00f3logo e Biom\u00e9dico e iniciais de R$ 14,7 mil. Resultados divulgados!\",\"breadcrumb\":{\"@id\":\"https:\/\/www.estrategiaconcursos.com.br\/blog\/concurso-rede-sarah\/#breadcrumb\"},\"inLanguage\":\"pt-BR\",\"potentialAction\":[{\"@type\":\"ReadAction\",\"target\":[\"https:\/\/www.estrategiaconcursos.com.br\/blog\/concurso-rede-sarah\/\"]}]},{\"@type\":\"ImageObject\",\"inLanguage\":\"pt-BR\",\"@id\":\"https:\/\/www.estrategiaconcursos.com.br\/blog\/concurso-rede-sarah\/#primaryimage\",\"url\":\"https:\/\/dhg1h5j42swfq.cloudfront.net\/2024\/11\/28082219\/rede-sarah.jpg\",\"contentUrl\":\"https:\/\/dhg1h5j42swfq.cloudfront.net\/2024\/11\/28082219\/rede-sarah.jpg\",\"width\":768,\"height\":432,\"caption\":\"concurso Rede SARAH\"},{\"@type\":\"BreadcrumbList\",\"@id\":\"https:\/\/www.estrategiaconcursos.com.br\/blog\/concurso-rede-sarah\/#breadcrumb\",\"itemListElement\":[{\"@type\":\"ListItem\",\"position\":1,\"name\":\"In\u00edcio\",\"item\":\"https:\/\/www.estrategiaconcursos.com.br\/blog\/\"},{\"@type\":\"ListItem\",\"position\":2,\"name\":\"Concurso Rede Sarah: sa\u00edram os resultados! Veja classifica\u00e7\u00e3o\"}]},{\"@type\":\"WebSite\",\"@id\":\"https:\/\/www.estrategiaconcursos.com.br\/blog\/#website\",\"url\":\"https:\/\/www.estrategiaconcursos.com.br\/blog\/\",\"name\":\"Estrat\u00e9gia Concursos\",\"description\":\"O blog da Estrat\u00e9gia Concursos traz not\u00edcias sobre concursos e artigos de professores oferecendo cursos para concursos (pdf + videaulas) no site.\",\"publisher\":{\"@id\":\"https:\/\/www.estrategiaconcursos.com.br\/blog\/#organization\"},\"potentialAction\":[{\"@type\":\"SearchAction\",\"target\":{\"@type\":\"EntryPoint\",\"urlTemplate\":\"https:\/\/www.estrategiaconcursos.com.br\/blog\/?s={search_term_string}\"},\"query-input\":{\"@type\":\"PropertyValueSpecification\",\"valueRequired\":true,\"valueName\":\"search_term_string\"}}],\"inLanguage\":\"pt-BR\"},{\"@type\":\"Organization\",\"@id\":\"https:\/\/www.estrategiaconcursos.com.br\/blog\/#organization\",\"name\":\"Estrat\u00e9gia Concursos\",\"url\":\"https:\/\/www.estrategiaconcursos.com.br\/blog\/\",\"logo\":{\"@type\":\"ImageObject\",\"inLanguage\":\"pt-BR\",\"@id\":\"https:\/\/www.estrategiaconcursos.com.br\/blog\/#\/schema\/logo\/image\/\",\"url\":\"https:\/\/dhg1h5j42swfq.cloudfront.net\/2025\/06\/03203428\/logo_concursos-1.jpg\",\"contentUrl\":\"https:\/\/dhg1h5j42swfq.cloudfront.net\/2025\/06\/03203428\/logo_concursos-1.jpg\",\"width\":230,\"height\":60,\"caption\":\"Estrat\u00e9gia Concursos\"},\"image\":{\"@id\":\"https:\/\/www.estrategiaconcursos.com.br\/blog\/#\/schema\/logo\/image\/\"},\"sameAs\":[\"https:\/\/x.com\/EstratConcursos\"]},{\"@type\":\"Person\",\"@id\":\"https:\/\/www.estrategiaconcursos.com.br\/blog\/#\/schema\/person\/b4a388c97673c5f483d72185668afa1f\",\"name\":\"Coordena\u00e7\u00e3o\",\"image\":{\"@type\":\"ImageObject\",\"inLanguage\":\"pt-BR\",\"@id\":\"https:\/\/secure.gravatar.com\/avatar\/b720319e4c9a967eb58678d110f4fe35452fc5d5f97b202bac7b8acceb18c6ad?s=96&d=mm&r=g\",\"url\":\"https:\/\/secure.gravatar.com\/avatar\/b720319e4c9a967eb58678d110f4fe35452fc5d5f97b202bac7b8acceb18c6ad?s=96&d=mm&r=g\",\"contentUrl\":\"https:\/\/secure.gravatar.com\/avatar\/b720319e4c9a967eb58678d110f4fe35452fc5d5f97b202bac7b8acceb18c6ad?s=96&d=mm&r=g\",\"caption\":\"Coordena\u00e7\u00e3o\"},\"sameAs\":[\"https:\/\/www.facebook.com\/EstrategiaConcursos\",\"https:\/\/x.com\/EstratConcursos\"],\"url\":\"https:\/\/www.estrategiaconcursos.com.br\/blog\/author\/estrategia2013\/\"}]}<\/script>\n<!-- \/ Yoast SEO Premium plugin. -->","yoast_head_json":{"title":"Concurso Rede Sarah: sa\u00edram os resultados! Veja classifica\u00e7\u00e3o","description":"Concurso Rede Sarah de Hospitais: editais oferecem vagas para Fonoaudi\u00f3logo e Biom\u00e9dico e iniciais de R$ 14,7 mil. Resultados divulgados!","robots":{"index":"index","follow":"follow","max-snippet":"max-snippet:-1","max-image-preview":"max-image-preview:large","max-video-preview":"max-video-preview:-1"},"canonical":"https:\/\/www.estrategiaconcursos.com.br\/blog\/concurso-rede-sarah\/","og_locale":"pt_BR","og_type":"article","og_title":"Concurso Rede Sarah: sa\u00edram os resultados! Veja classifica\u00e7\u00e3o","og_description":"Concurso Rede Sarah de Hospitais: editais oferecem vagas para Fonoaudi\u00f3logo e Biom\u00e9dico e iniciais de R$ 14,7 mil. Resultados divulgados!","og_url":"https:\/\/www.estrategiaconcursos.com.br\/blog\/concurso-rede-sarah\/","og_site_name":"Estrat\u00e9gia Concursos","article_author":"https:\/\/www.facebook.com\/EstrategiaConcursos","article_published_time":"2025-06-04T00:18:49+00:00","article_modified_time":"2025-06-06T13:10:54+00:00","og_image":[{"width":768,"height":432,"url":"https:\/\/dhg1h5j42swfq.cloudfront.net\/2024\/11\/28082219\/rede-sarah.jpg","type":"image\/jpeg"}],"author":"Coordena\u00e7\u00e3o","twitter_card":"summary_large_image","twitter_creator":"@EstratConcursos","twitter_site":"@EstratConcursos","twitter_misc":{"Escrito por":"Coordena\u00e7\u00e3o","Est. tempo de leitura":"5 minutos"},"schema":{"@context":"https:\/\/schema.org","@graph":[{"@type":"NewsArticle","@id":"https:\/\/www.estrategiaconcursos.com.br\/blog\/concurso-rede-sarah\/#article","isPartOf":{"@id":"https:\/\/www.estrategiaconcursos.com.br\/blog\/concurso-rede-sarah\/"},"author":{"name":"Coordena\u00e7\u00e3o","@id":"https:\/\/www.estrategiaconcursos.com.br\/blog\/#\/schema\/person\/b4a388c97673c5f483d72185668afa1f"},"headline":"Concurso Rede Sarah: sa\u00edram os resultados! Veja classifica\u00e7\u00e3o","datePublished":"2025-06-04T00:18:49+00:00","dateModified":"2025-06-06T13:10:54+00:00","mainEntityOfPage":{"@id":"https:\/\/www.estrategiaconcursos.com.br\/blog\/concurso-rede-sarah\/"},"wordCount":1123,"commentCount":0,"publisher":{"@id":"https:\/\/www.estrategiaconcursos.com.br\/blog\/#organization"},"image":{"@id":"https:\/\/www.estrategiaconcursos.com.br\/blog\/concurso-rede-sarah\/#primaryimage"},"thumbnailUrl":"https:\/\/dhg1h5j42swfq.cloudfront.net\/2024\/11\/28082219\/rede-sarah.jpg","articleSection":["Sa\u00fade"],"inLanguage":"pt-BR","potentialAction":[{"@type":"CommentAction","name":"Comment","target":["https:\/\/www.estrategiaconcursos.com.br\/blog\/concurso-rede-sarah\/#respond"]}],"copyrightYear":"2025","copyrightHolder":{"@id":"https:\/\/www.estrategiaconcursos.com.br\/blog\/#organization"}},{"@type":"WebPage","@id":"https:\/\/www.estrategiaconcursos.com.br\/blog\/concurso-rede-sarah\/","url":"https:\/\/www.estrategiaconcursos.com.br\/blog\/concurso-rede-sarah\/","name":"Concurso Rede Sarah: sa\u00edram os resultados! Veja classifica\u00e7\u00e3o","isPartOf":{"@id":"https:\/\/www.estrategiaconcursos.com.br\/blog\/#website"},"primaryImageOfPage":{"@id":"https:\/\/www.estrategiaconcursos.com.br\/blog\/concurso-rede-sarah\/#primaryimage"},"image":{"@id":"https:\/\/www.estrategiaconcursos.com.br\/blog\/concurso-rede-sarah\/#primaryimage"},"thumbnailUrl":"https:\/\/dhg1h5j42swfq.cloudfront.net\/2024\/11\/28082219\/rede-sarah.jpg","datePublished":"2025-06-04T00:18:49+00:00","dateModified":"2025-06-06T13:10:54+00:00","description":"Concurso Rede Sarah de Hospitais: editais oferecem vagas para Fonoaudi\u00f3logo e Biom\u00e9dico e iniciais de R$ 14,7 mil. Resultados divulgados!","breadcrumb":{"@id":"https:\/\/www.estrategiaconcursos.com.br\/blog\/concurso-rede-sarah\/#breadcrumb"},"inLanguage":"pt-BR","potentialAction":[{"@type":"ReadAction","target":["https:\/\/www.estrategiaconcursos.com.br\/blog\/concurso-rede-sarah\/"]}]},{"@type":"ImageObject","inLanguage":"pt-BR","@id":"https:\/\/www.estrategiaconcursos.com.br\/blog\/concurso-rede-sarah\/#primaryimage","url":"https:\/\/dhg1h5j42swfq.cloudfront.net\/2024\/11\/28082219\/rede-sarah.jpg","contentUrl":"https:\/\/dhg1h5j42swfq.cloudfront.net\/2024\/11\/28082219\/rede-sarah.jpg","width":768,"height":432,"caption":"concurso Rede SARAH"},{"@type":"BreadcrumbList","@id":"https:\/\/www.estrategiaconcursos.com.br\/blog\/concurso-rede-sarah\/#breadcrumb","itemListElement":[{"@type":"ListItem","position":1,"name":"In\u00edcio","item":"https:\/\/www.estrategiaconcursos.com.br\/blog\/"},{"@type":"ListItem","position":2,"name":"Concurso Rede Sarah: sa\u00edram os resultados! Veja classifica\u00e7\u00e3o"}]},{"@type":"WebSite","@id":"https:\/\/www.estrategiaconcursos.com.br\/blog\/#website","url":"https:\/\/www.estrategiaconcursos.com.br\/blog\/","name":"Estrat\u00e9gia Concursos","description":"O blog da Estrat\u00e9gia Concursos traz not\u00edcias sobre concursos e artigos de professores oferecendo cursos para concursos (pdf + videaulas) no site.","publisher":{"@id":"https:\/\/www.estrategiaconcursos.com.br\/blog\/#organization"},"potentialAction":[{"@type":"SearchAction","target":{"@type":"EntryPoint","urlTemplate":"https:\/\/www.estrategiaconcursos.com.br\/blog\/?s={search_term_string}"},"query-input":{"@type":"PropertyValueSpecification","valueRequired":true,"valueName":"search_term_string"}}],"inLanguage":"pt-BR"},{"@type":"Organization","@id":"https:\/\/www.estrategiaconcursos.com.br\/blog\/#organization","name":"Estrat\u00e9gia Concursos","url":"https:\/\/www.estrategiaconcursos.com.br\/blog\/","logo":{"@type":"ImageObject","inLanguage":"pt-BR","@id":"https:\/\/www.estrategiaconcursos.com.br\/blog\/#\/schema\/logo\/image\/","url":"https:\/\/dhg1h5j42swfq.cloudfront.net\/2025\/06\/03203428\/logo_concursos-1.jpg","contentUrl":"https:\/\/dhg1h5j42swfq.cloudfront.net\/2025\/06\/03203428\/logo_concursos-1.jpg","width":230,"height":60,"caption":"Estrat\u00e9gia Concursos"},"image":{"@id":"https:\/\/www.estrategiaconcursos.com.br\/blog\/#\/schema\/logo\/image\/"},"sameAs":["https:\/\/x.com\/EstratConcursos"]},{"@type":"Person","@id":"https:\/\/www.estrategiaconcursos.com.br\/blog\/#\/schema\/person\/b4a388c97673c5f483d72185668afa1f","name":"Coordena\u00e7\u00e3o","image":{"@type":"ImageObject","inLanguage":"pt-BR","@id":"https:\/\/secure.gravatar.com\/avatar\/b720319e4c9a967eb58678d110f4fe35452fc5d5f97b202bac7b8acceb18c6ad?s=96&d=mm&r=g","url":"https:\/\/secure.gravatar.com\/avatar\/b720319e4c9a967eb58678d110f4fe35452fc5d5f97b202bac7b8acceb18c6ad?s=96&d=mm&r=g","contentUrl":"https:\/\/secure.gravatar.com\/avatar\/b720319e4c9a967eb58678d110f4fe35452fc5d5f97b202bac7b8acceb18c6ad?s=96&d=mm&r=g","caption":"Coordena\u00e7\u00e3o"},"sameAs":["https:\/\/www.facebook.com\/EstrategiaConcursos","https:\/\/x.com\/EstratConcursos"],"url":"https:\/\/www.estrategiaconcursos.com.br\/blog\/author\/estrategia2013\/"}]}},"_links":{"self":[{"href":"https:\/\/www.estrategiaconcursos.com.br\/blog\/wp-json\/wp\/v2\/posts\/1072496","targetHints":{"allow":["GET"]}}],"collection":[{"href":"https:\/\/www.estrategiaconcursos.com.br\/blog\/wp-json\/wp\/v2\/posts"}],"about":[{"href":"https:\/\/www.estrategiaconcursos.com.br\/blog\/wp-json\/wp\/v2\/types\/post"}],"author":[{"embeddable":true,"href":"https:\/\/www.estrategiaconcursos.com.br\/blog\/wp-json\/wp\/v2\/users\/1"}],"replies":[{"embeddable":true,"href":"https:\/\/www.estrategiaconcursos.com.br\/blog\/wp-json\/wp\/v2\/comments?post=1072496"}],"version-history":[{"count":69,"href":"https:\/\/www.estrategiaconcursos.com.br\/blog\/wp-json\/wp\/v2\/posts\/1072496\/revisions"}],"predecessor-version":[{"id":1587251,"href":"https:\/\/www.estrategiaconcursos.com.br\/blog\/wp-json\/wp\/v2\/posts\/1072496\/revisions\/1587251"}],"wp:featuredmedia":[{"embeddable":true,"href":"https:\/\/www.estrategiaconcursos.com.br\/blog\/wp-json\/wp\/v2\/media\/1496283"}],"wp:attachment":[{"href":"https:\/\/www.estrategiaconcursos.com.br\/blog\/wp-json\/wp\/v2\/media?parent=1072496"}],"wp:term":[{"taxonomy":"category","embeddable":true,"href":"https:\/\/www.estrategiaconcursos.com.br\/blog\/wp-json\/wp\/v2\/categories?post=1072496"},{"taxonomy":"post_tag","embeddable":true,"href":"https:\/\/www.estrategiaconcursos.com.br\/blog\/wp-json\/wp\/v2\/tags?post=1072496"},{"taxonomy":"tax_estado","embeddable":true,"href":"https:\/\/www.estrategiaconcursos.com.br\/blog\/wp-json\/wp\/v2\/tax_estado?post=1072496"}],"curies":[{"name":"wp","href":"https:\/\/api.w.org\/{rel}","templated":true}]}}