{"id":1072496,"date":"2026-08-23T23:59:00","date_gmt":"2026-08-24T02:59:00","guid":{"rendered":"https:\/\/blog-estrategia.mystagingwebsite.com\/blog\/?p=1072496"},"modified":"2026-08-24T09:42:25","modified_gmt":"2026-08-24T12:42:25","slug":"concurso-rede-sarah","status":"publish","type":"post","link":"https:\/\/www.estrategiaconcursos.com.br\/blog\/concurso-rede-sarah\/","title":{"rendered":"Concurso Rede Sarah para Enfermagem; provas em 27\/9"},"content":{"rendered":"\n<p class=\"wp-block-paragraph\" style=\"font-size:clamp(15.747px, 0.984rem + ((1vw - 3.2px) * 0.809), 24px);\"><strong><em>Concurso Rede Sarah: novo edital de processo seletivo est\u00e1 com inscri\u00e7\u00f5es encerradas<\/em><\/strong><\/p>\n\n\n\n<p class=\"wp-block-paragraph\">A <strong><a href=\"https:\/\/www.estrategiaconcursos.com.br\/cursosPorConcurso\/hospital-sarah\/\" target=\"_blank\" rel=\"noreferrer noopener\">Rede Sarah de Hospitais de Reabilita\u00e7\u00e3o<\/a><\/strong> est\u00e1 realizando um novo processo seletivo simplificado, dessa vez, para o cargo de<strong> T\u00e9cnico de Enfermagem<\/strong>, com oferta de 18 vagas.<\/p>\n\n\n\n<p class=\"wp-block-paragraph\">Os futuros aprovados ser\u00e3o lotados nas unidades de <strong>Bras\u00edlia<\/strong>, <strong>Fortaleza<\/strong>, <strong>Rio de Janeiro<\/strong>, <strong>Salvador <\/strong>e <strong>S\u00e3o Lu\u00eds<\/strong>.<\/p>\n\n\n\n<p class=\"wp-block-paragraph\">As inscri\u00e7\u00f5es j\u00e1 est\u00e3o encerradas e puderam ser feitas at\u00e9 o dia 23 de agosto. Os candidatos ser\u00e3o avaliados por meio de prova objetiva, prevista para <strong>27 de setembro<\/strong>, e treinamento.<\/p>\n\n\n\n<p class=\"wp-block-paragraph\">Durante o treinamento, cuja dura\u00e7\u00e3o ser\u00e1 de at\u00e9 4 meses, o candidato far\u00e1 jus, mensalmente, a bolsa de treinamento, no valor de<strong> R$ 3.996,78<\/strong>. Ao t\u00e9rmino do treinamento, o candidato considerado apto na sele\u00e7\u00e3o assinar\u00e1 contrato de trabalho (sob regime CLT), com sal\u00e1rio de <strong>R$ 6.148,89<\/strong> e carga hor\u00e1ria de 44 horas semanais.<\/p>\n\n\n\n<ul class=\"wp-block-list has-very-light-gray-to-cyan-bluish-gray-gradient-background has-background\">\n<li><strong>PSS Rede Sarah<\/strong> <strong>&#8211; 2026<\/strong><\/li>\n\n\n\n<li><strong>Status:<\/strong> inscri\u00e7\u00f5es encerradas\/provas em 27\/9<\/li>\n\n\n\n<li><strong>Banca<\/strong>: <a href=\"https:\/\/www2.sarah.br\/ProcessoSeletivo\/Selecao?nl=1\" target=\"_blank\" rel=\"noreferrer noopener nofollow\">organiza\u00e7\u00e3o pr\u00f3pria<\/a><\/li>\n\n\n\n<li><strong>Vagas<\/strong>: 18<\/li>\n\n\n\n<li><strong>Sal\u00e1rio inicial<\/strong>: R$ 3.996,78 a R$ 6.148,89<\/li>\n\n\n\n<li><strong>Edital:<\/strong> <a href=\"https:\/\/dhg1h5j42swfq.cloudfront.net\/2026\/07\/24111407\/edital-concurso-pss-rede-sarah-2026-estrategia-concursos.pdf\" target=\"_blank\" rel=\"noreferrer noopener\">edital pss Rede Sarah<\/a><\/li>\n<\/ul>\n\n\n\n<p class=\"wp-block-paragraph\">Nosso objetivo \u00e9 deix\u00e1-los 100% informados. Confira nos t\u00f3picos a seguir as principais informa\u00e7\u00f5es da sele\u00e7\u00e3o.<\/p>\n\n\n\n<ul id=\"indice\" class=\"wp-block-list\">\n<li><strong><a href=\"#2026\">Edital PSS 2026<\/a><\/strong>\n<ul class=\"wp-block-list\">\n<li><a href=\"#datas\">Principais datas<\/a><\/li>\n\n\n\n<li><a href=\"#vagas-2026\">Cargos e vagas<\/a>\n<ul class=\"wp-block-list\">\n<li><a href=\"#requisitos\">Pr\u00e9-requisitos<\/a><\/li>\n\n\n\n<li><a href=\"#atribuicoes\">Atribui\u00e7\u00f5es<\/a><\/li>\n<\/ul>\n<\/li>\n\n\n\n<li><a href=\"#etapas-2026\">Etapas<\/a>\n<ul class=\"wp-block-list\">\n<li><a href=\"#objetiva\">Prova objetiva<\/a><\/li>\n\n\n\n<li><a href=\"#treinamento\">Treinamento<\/a><\/li>\n<\/ul>\n<\/li>\n<\/ul>\n<\/li>\n\n\n\n<li><a href=\"#ultimos\"><strong>\u00daltimos concursos<\/strong><\/a>\n<ul class=\"wp-block-list\">\n<li><a href=\"#02-2022\">Editais 02\/2022<\/a><\/li>\n\n\n\n<li><a href=\"#01-2022\">Editais 01\/2022<\/a><\/li>\n<\/ul>\n<\/li>\n\n\n\n<li><a href=\"#cursos\"><strong>Cursos e assinatura<\/strong><\/a><\/li>\n\n\n\n<li><a href=\"#ficha\"><strong>Ficha t\u00e9cnica<\/strong><\/a><\/li>\n<\/ul>\n\n\n\n<div class=\"container\" id=\"boxes\">\n  <div class=\"row\">\n\n    <div class=\"col-sm\">\n      <div class=\"banner-medicina\" id=\"box-assinatura\">\n        <h3 class=\"titulo-assinatura\">Concurso Rede Sarah<\/h3>\n        <p class=\"subtitulo-assinatura\">Conhe\u00e7a os cursos<\/p>\n        <div class=\"box-botao\">\n          <a class=\"btn-assinatura\" target=\"_blank\" href=\"https:\/\/www.estrategiaconcursos.com.br\/cursosPorConcurso\/hospital-sarah\/\" role=\"button\" rel=\"noopener noreferrer\">Conhe\u00e7a mais<\/a>\n        <\/div>\n      <\/div>\n     \n    <\/div>\n\n  <\/div>\n<\/div>\n\n\n\n<h2 id=\"2026\" class=\"wp-block-heading\">Concurso Rede Sarah: edital PSS 2026<\/h2>\n\n\n\n<h3 id=\"datas\" class=\"wp-block-heading\">Principais datas<\/h3>\n\n\n\n<ul class=\"wp-block-list\">\n<li><strong>Inscri\u00e7\u00f5es:<\/strong><s> 3 de agosto a 23 de agosto<\/s><\/li>\n\n\n\n<li><strong>Isen\u00e7\u00e3o da taxa:<\/strong> n\u00e3o houve isen\u00e7\u00e3o ou redu\u00e7\u00e3o do valor<\/li>\n\n\n\n<li><strong>Pagamento da taxa:<\/strong> at\u00e9 24 de agosto<\/li>\n\n\n\n<li><strong>Data da prova objetiva:<\/strong> 27 de setembro<\/li>\n<\/ul>\n\n\n\n<h3 id=\"vagas-2026\" class=\"wp-block-heading\">Cargos e vagas<\/h3>\n\n\n\n<p class=\"wp-block-paragraph\">Durante o treinamento, cuja dura\u00e7\u00e3o ser\u00e1 de at\u00e9 4 meses, o candidato far\u00e1 jus, mensalmente, a bolsa de treinamento, no valor de<strong> R$ 3.996,78<\/strong>. <\/p>\n\n\n\n<p class=\"wp-block-paragraph\">Ao t\u00e9rmino do treinamento, o candidato considerado apto na sele\u00e7\u00e3o assinar\u00e1 contrato de trabalho (sob regime CLT), com sal\u00e1rio de <strong>R$ 6.148,89<\/strong> e carga hor\u00e1ria de 44 horas semanais.<\/p>\n\n\n\n<figure class=\"wp-block-table is-style-stripes\"><table><thead><tr><th class=\"has-text-align-center\" data-align=\"center\"><strong>Cargos<\/strong> e Lota\u00e7\u00e3o<\/th><th class=\"has-text-align-center\" data-align=\"center\"><strong>Vagas<\/strong><\/th><\/tr><\/thead><tbody><tr><td class=\"has-text-align-center\" data-align=\"center\">T\u00e9cnico de enfermagem (Bras\u00edlia\/DF)<\/td><td class=\"has-text-align-center\" data-align=\"center\">5<\/td><\/tr><tr><td class=\"has-text-align-center\" data-align=\"center\">T\u00e9cnico de enfermagem (Fortaleza\/CR)<\/td><td class=\"has-text-align-center\" data-align=\"center\">4<\/td><\/tr><tr><td class=\"has-text-align-center\" data-align=\"center\">T\u00e9cnico de enfermagem (Rio de Janeiro\/RJ)<\/td><td class=\"has-text-align-center\" data-align=\"center\">1<\/td><\/tr><tr><td class=\"has-text-align-center\" data-align=\"center\">T\u00e9cnico de enfermagem (Salvador\/BA)<\/td><td class=\"has-text-align-center\" data-align=\"center\">4<\/td><\/tr><tr><td class=\"has-text-align-center\" data-align=\"center\">T\u00e9cnico de enfermagem (S\u00e3o Lu\u00eds\/MA)<\/td><td class=\"has-text-align-center\" data-align=\"center\">4<\/td><\/tr><\/tbody><\/table><\/figure>\n\n\n\n<h4 id=\"requisitos\" class=\"wp-block-heading\">Pr\u00e9-requisitos<\/h4>\n\n\n\n<p class=\"wp-block-paragraph\"><strong>a) Ensino m\u00e9dio completo<\/strong>, comprovado por meio de certificado expedido por institui\u00e7\u00e3o de ensino reconhecida pelo Minist\u00e9rio da Educa\u00e7\u00e3o (MEC).<\/p>\n\n\n\n<p class=\"wp-block-paragraph\"><strong>b) Curso de T\u00e9cnico de Enfermagem<\/strong>, comprovado por meio de certificado ou declara\u00e7\u00e3o original emitida por institui\u00e7\u00e3o de ensino reconhecida pelo MEC.<\/p>\n\n\n\n<p class=\"wp-block-paragraph\"><strong>c) Registro no Conselho Regional de Enfermagem (COREN)<\/strong> como T\u00e9cnico de<br \/>Enfermagem;.<\/p>\n\n\n\n<p class=\"wp-block-paragraph\"><strong>d) 6 meses de experi\u00eancia profissional como T\u00e9cnico de Enfermagem<\/strong>, exercida<br \/>em hospitais, comprovada nos \u00faltimos 5 anos em Carteira de Trabalho e Previd\u00eancia Social (CTPS) ou em declara\u00e7\u00e3o original, contendo n\u00famero de inscri\u00e7\u00e3o no Cadastro Nacional de Pessoa Jur\u00eddica (CNPJ) da entidade declarante. No caso de Regime Estatut\u00e1rio, declara\u00e7\u00e3o original que comprove o v\u00ednculo empregat\u00edcio e as atividades desenvolvidas.<\/p>\n\n\n\n<h4 id=\"atribuicoes\" class=\"wp-block-heading\">Atribui\u00e7\u00f5es<\/h4>\n\n\n\n<ul class=\"wp-block-list\">\n<li>Atuar na assist\u00eancia de enfermagem exercendo atividades de t\u00e9cnico sob a supervis\u00e3o do enfermeiro; <\/li>\n\n\n\n<li>Executar e registrar as prescri\u00e7\u00f5es do enfermeiro de acordo com a Sistematiza\u00e7\u00e3o da Assist\u00eancia de Enfermagem\/Processo de Enfermagem; <\/li>\n\n\n\n<li>Realizar t\u00e9cnicas b\u00e1sicas e especializadas; <\/li>\n\n\n\n<li>Auxiliar a equipe multiprofissional na execu\u00e7\u00e3o de atividades assistenciais em sa\u00fade; <\/li>\n\n\n\n<li>Prestar assist\u00eancia de enfermagem com foco no cuidado, centrado nas necessidades do paciente e da fam\u00edlia; <\/li>\n\n\n\n<li>Circular sala operat\u00f3ria e instrumentar cirurgias; <\/li>\n\n\n\n<li>Atuar em central de material esterilizado.<\/li>\n<\/ul>\n\n\n\n<h3 id=\"etapas-2026\" class=\"wp-block-heading\">Etapas de prova<\/h3>\n\n\n\n<p class=\"wp-block-paragraph\">O processo seletivo ser\u00e1 composto pelas seguintes etapas:<\/p>\n\n\n\n<ul class=\"wp-block-list\">\n<li><strong>a) Prova objetiva<\/strong>, de car\u00e1ter eliminat\u00f3rio e classificat\u00f3rio, valendo 100 pontos; e<\/li>\n\n\n\n<li><strong>b) Treinamento<\/strong>, de car\u00e1ter eliminat\u00f3rio, ao qual ser\u00e3o submetidos somente os candidatos habilitados e classificados na prova objetiva.<\/li>\n<\/ul>\n\n\n\n<h4 id=\"objetiva\" class=\"wp-block-heading\">Prova objetiva<\/h4>\n\n\n\n<p class=\"wp-block-paragraph\">A primeira etapa, de car\u00e1ter eliminat\u00f3rio e classificat\u00f3rio, ser\u00e1 composta por uma prova objetiva com dura\u00e7\u00e3o de <strong>4 horas<\/strong>. O exame contar\u00e1 com<strong> 60 quest\u00f5es<\/strong> de m\u00faltipla escolha, distribu\u00eddas entre 40 de conhecimentos espec\u00edficos, 10 de l\u00edngua portuguesa e 10 de matem\u00e1tica e racioc\u00ednio l\u00f3gico. <\/p>\n\n\n\n<h4 id=\"treinamento\" class=\"wp-block-heading\">Treinamento<\/h4>\n\n\n\n<p class=\"wp-block-paragraph\">Os candidatos classificados na prova objetiva, dentro do limite de vagas, ser\u00e3o convocados para um treinamento de car\u00e1ter eliminat\u00f3rio. <\/p>\n\n\n\n<p class=\"wp-block-paragraph\">Esta fase ocorrer\u00e1 no per\u00edodo de at\u00e9 quatro meses, envolvendo situa\u00e7\u00f5es reais de trabalho. O candidato dever\u00e1 manter um rendimento m\u00ednimo de 70 pontos nas avalia\u00e7\u00f5es peri\u00f3dicas para alcan\u00e7ar a aprova\u00e7\u00e3o e posterior contrata\u00e7\u00e3o.<\/p>\n\n\n\n<hr class=\"wp-block-separator has-alpha-channel-opacity\"\/>\n\n\n\n<h2 id=\"ultimos\" class=\"wp-block-heading\">Concurso Rede Sarah: \u00faltimos editais <\/h2>\n\n\n\n<h3 id=\"02-2022\" class=\"wp-block-heading\">Cargos e vagas do concurso Rede Sarah &#8211; 02\/2022<\/h3>\n\n\n\n<ul class=\"wp-block-list\">\n<li><strong style=\"color: initial;\">Data<\/strong><span style=\"color: initial;\">: <\/span>2022<\/li>\n\n\n\n<li><strong>Banca<\/strong>: organiza\u00e7\u00e3o pr\u00f3pria<\/li>\n\n\n\n<li><strong>Vagas<\/strong>: 60<\/li>\n\n\n\n<li><strong>Sal\u00e1rio inicial<\/strong>: R$ 10.256,45 a R$ 13.675,28<\/li>\n\n\n\n<li><strong>Editais<\/strong>:&nbsp;<a href=\"https:\/\/dhg1h5j42swfq.cloudfront.net\/2022\/10\/01094355\/ssp20223201-1.pdf\" target=\"_blank\" rel=\"noreferrer noopener nofollow\">Fisioterapeuta<\/a> | <a href=\"https:\/\/dhg1h5j42swfq.cloudfront.net\/2022\/10\/03132802\/ssp20222601.pdf\" target=\"_blank\" rel=\"noreferrer noopener nofollow\">Farmac\u00eautico<\/a> | <a href=\"https:\/\/dhg1h5j42swfq.cloudfront.net\/2022\/10\/03132759\/ssp20222301.pdf\" target=\"_blank\" rel=\"noreferrer noopener nofollow\">Analista de Laborat\u00f3rio<\/a><\/li>\n<\/ul>\n\n\n\n<figure class=\"wp-block-table is-style-stripes\"><table class=\"has-very-light-gray-to-cyan-bluish-gray-gradient-background has-background has-fixed-layout\"><thead><tr><th class=\"has-text-align-center\" data-align=\"center\">Cargo<\/th><th class=\"has-text-align-center\" data-align=\"center\">Unidade<\/th><th class=\"has-text-align-center\" data-align=\"center\">Vagas*<\/th><th class=\"has-text-align-center\" data-align=\"center\">Sal\u00e1rios<\/th><\/tr><\/thead><tbody><tr><td class=\"has-text-align-center\" data-align=\"center\">Fisioterapeuta <\/td><td class=\"has-text-align-center\" data-align=\"center\">Bel\u00e9m<\/td><td class=\"has-text-align-center\" data-align=\"center\">2<\/td><td class=\"has-text-align-center\" data-align=\"center\">R$ 10.256,45<\/td><\/tr><tr><td class=\"has-text-align-center\" data-align=\"center\">Fisioterapeuta <\/td><td class=\"has-text-align-center\" data-align=\"center\">Bras\u00edlia<\/td><td class=\"has-text-align-center\" data-align=\"center\">13<\/td><td class=\"has-text-align-center\" data-align=\"center\">R$ 10.256,45<\/td><\/tr><tr><td class=\"has-text-align-center\" data-align=\"center\">Fisioterapeuta <\/td><td class=\"has-text-align-center\" data-align=\"center\">Fortaleza<\/td><td class=\"has-text-align-center\" data-align=\"center\">7<\/td><td class=\"has-text-align-center\" data-align=\"center\">R$ 10.256,45<\/td><\/tr><tr><td class=\"has-text-align-center\" data-align=\"center\">Fisioterapeuta <\/td><td class=\"has-text-align-center\" data-align=\"center\">Macap\u00e1<\/td><td class=\"has-text-align-center\" data-align=\"center\">4<\/td><td class=\"has-text-align-center\" data-align=\"center\">R$ 10.256,45<\/td><\/tr><tr><td class=\"has-text-align-center\" data-align=\"center\">Fisioterapeuta <\/td><td class=\"has-text-align-center\" data-align=\"center\">Rio de Janeiro<\/td><td class=\"has-text-align-center\" data-align=\"center\">1<\/td><td class=\"has-text-align-center\" data-align=\"center\">R$ 10.256,45<\/td><\/tr><tr><td class=\"has-text-align-center\" data-align=\"center\">Fisioterapeuta <\/td><td class=\"has-text-align-center\" data-align=\"center\">Salvador<\/td><td class=\"has-text-align-center\" data-align=\"center\">6<\/td><td class=\"has-text-align-center\" data-align=\"center\">R$ 10.256,45<\/td><\/tr><tr><td class=\"has-text-align-center\" data-align=\"center\">Fisioterapeuta <\/td><td class=\"has-text-align-center\" data-align=\"center\">S\u00e3o Lu\u00eds<\/td><td class=\"has-text-align-center\" data-align=\"center\">11<\/td><td class=\"has-text-align-center\" data-align=\"center\">R$ 10.256,45<\/td><\/tr><tr><td class=\"has-text-align-center\" data-align=\"center\">Analista de Laborat\u00f3rio<\/td><td class=\"has-text-align-center\" data-align=\"center\">Bras\u00edlia<\/td><td class=\"has-text-align-center\" data-align=\"center\">2<\/td><td class=\"has-text-align-center\" data-align=\"center\">R$ 13.675,28<\/td><\/tr><tr><td class=\"has-text-align-center\" data-align=\"center\">Analista de Laborat\u00f3rio<\/td><td class=\"has-text-align-center\" data-align=\"center\">Fortaleza<\/td><td class=\"has-text-align-center\" data-align=\"center\">1<\/td><td class=\"has-text-align-center\" data-align=\"center\">R$ 13.675,28<\/td><\/tr><tr><td class=\"has-text-align-center\" data-align=\"center\">Analista de Laborat\u00f3rio<\/td><td class=\"has-text-align-center\" data-align=\"center\">Rio de Janeiro<\/td><td class=\"has-text-align-center\" data-align=\"center\">1<\/td><td class=\"has-text-align-center\" data-align=\"center\">R$ 13.675,28<\/td><\/tr><tr><td class=\"has-text-align-center\" data-align=\"center\">Analista de Laborat\u00f3rio<\/td><td class=\"has-text-align-center\" data-align=\"center\">S\u00e3o Lu\u00eds<\/td><td class=\"has-text-align-center\" data-align=\"center\">2<\/td><td class=\"has-text-align-center\" data-align=\"center\">R$ 13.675,28<\/td><\/tr><tr><td class=\"has-text-align-center\" data-align=\"center\">Farmac\u00eautico<\/td><td class=\"has-text-align-center\" data-align=\"center\">Belo Horizonte<\/td><td class=\"has-text-align-center\" data-align=\"center\">1<\/td><td class=\"has-text-align-center\" data-align=\"center\">R$ 13.675,28<\/td><\/tr><tr><td class=\"has-text-align-center\" data-align=\"center\">Farmac\u00eautico<\/td><td class=\"has-text-align-center\" data-align=\"center\">Bras\u00edlia<\/td><td class=\"has-text-align-center\" data-align=\"center\">5<\/td><td class=\"has-text-align-center\" data-align=\"center\">R$ 13.675,28<\/td><\/tr><tr><td class=\"has-text-align-center\" data-align=\"center\">Farmac\u00eautico<\/td><td class=\"has-text-align-center\" data-align=\"center\">Fortaleza<\/td><td class=\"has-text-align-center\" data-align=\"center\">2<\/td><td class=\"has-text-align-center\" data-align=\"center\">R$ 13.675,28<\/td><\/tr><tr><td class=\"has-text-align-center\" data-align=\"center\">Farmac\u00eautico<\/td><td class=\"has-text-align-center\" data-align=\"center\">Salvador<\/td><td class=\"has-text-align-center\" data-align=\"center\">1<\/td><td class=\"has-text-align-center\" data-align=\"center\">R$ 13.675,28<\/td><\/tr><tr><td class=\"has-text-align-center\" data-align=\"center\">Farmac\u00eautico<\/td><td class=\"has-text-align-center\" data-align=\"center\">S\u00e3o Lu\u00eds<\/td><td class=\"has-text-align-center\" data-align=\"center\">1<\/td><td class=\"has-text-align-center\" data-align=\"center\">R$ 13.675,28<\/td><\/tr><\/tbody><\/table><\/figure>\n\n\n\n<p class=\"wp-block-paragraph\"><strong><span style=\"text-decoration: underline;\">Especialidades de Analista de Laborat\u00f3rio<\/span><\/strong>: Farmac\u00eautico Bioqu\u00edmico, Biom\u00e9dico e Bi\u00f3logo.<\/p>\n\n\n\n<h3 id=\"etapas-fisio\" class=\"wp-block-heading\">Etapas e provas<\/h3>\n\n\n\n<p class=\"wp-block-paragraph\">O concurso Rede Sarah foi composto de 4 etapas, sendo:<\/p>\n\n\n\n<ul class=\"wp-block-list\">\n<li>a) prova objetiva, de car\u00e1ter eliminat\u00f3rio e classificat\u00f3rio, valendo 100 pontos; <\/li>\n\n\n\n<li>b) prova discursiva, de car\u00e1ter eliminat\u00f3rio e classificat\u00f3rio, valendo 50 pontos; <\/li>\n\n\n\n<li>c) prova pr\u00e1tica (apenas ao cargo de Fisioterapeuta), de car\u00e1ter classificat\u00f3rio, valendo 50 pontos; e <\/li>\n\n\n\n<li>d) treinamento, de car\u00e1ter eliminat\u00f3rio.<\/li>\n<\/ul>\n\n\n\n<h3 id=\"01-2022\" class=\"wp-block-heading\">Cargos e vagas do concurso Rede Sarah &#8211; 01\/2022<\/h3>\n\n\n\n<ul class=\"wp-block-list\">\n<li><strong>Data<\/strong>: 2022<\/li>\n\n\n\n<li><strong style=\"color: initial;\">Banca<\/strong><span style=\"color: initial;\">: <a href=\"https:\/\/www.sarah.br\/editais\/selecao-publica\/processos-seletivos\/\" target=\"_blank\" rel=\"noreferrer noopener\">organiza\u00e7\u00e3o pr\u00f3pria<\/a><\/span><\/li>\n\n\n\n<li><strong>Vagas<\/strong>: 53<\/li>\n\n\n\n<li><strong>Sal\u00e1rio inicial<\/strong>: R$ 13.675,28<\/li>\n\n\n\n<li><strong>Editais<\/strong>:&nbsp;<a href=\"https:\/\/dhg1h5j42swfq.cloudfront.net\/2022\/08\/15103225\/ssp20220801.pdf\" target=\"_blank\" rel=\"noreferrer noopener nofollow\">PSS Psicologia<\/a> | <a href=\"https:\/\/dhg1h5j42swfq.cloudfront.net\/2022\/08\/15103235\/ssp20221501.pdf\" target=\"_blank\" rel=\"noreferrer noopener nofollow\">PSS Nutri\u00e7\u00e3o<\/a> | <a href=\"https:\/\/dhg1h5j42swfq.cloudfront.net\/2022\/08\/15103145\/ssp20220101.pdf\" target=\"_blank\" rel=\"noreferrer noopener nofollow\">PSS Pedagogia<\/a> | <a href=\"https:\/\/dhg1h5j42swfq.cloudfront.net\/2022\/08\/15103238\/ssp20222001.pdf\" target=\"_blank\" rel=\"noreferrer noopener nofollow\">PSS Educa\u00e7\u00e3o F\u00edsica<\/a><\/li>\n<\/ul>\n\n\n\n<p class=\"wp-block-paragraph\"><strong>Psicologia<\/strong><\/p>\n\n\n\n<figure class=\"wp-block-image aligncenter size-full\"><img loading=\"lazy\" decoding=\"async\" width=\"560\" height=\"269\" src=\"https:\/\/dhg1h5j42swfq.cloudfront.net\/2022\/08\/05093525\/image-76.png\" alt=\"vagas concurso rede sarah sa\u00fade psicologia\" class=\"wp-image-1072519\" srcset=\"https:\/\/dhg1h5j42swfq.cloudfront.net\/2022\/08\/05093525\/image-76.png 560w, https:\/\/dhg1h5j42swfq.cloudfront.net\/2022\/08\/05093525\/image-76-300x144.png 300w, https:\/\/dhg1h5j42swfq.cloudfront.net\/2022\/08\/05093525\/image-76-150x72.png 150w\" sizes=\"auto, (max-width: 560px) 100vw, 560px\" \/><figcaption class=\"wp-element-caption\">Lota\u00e7\u00e3o e vagas para psicologia<\/figcaption><\/figure>\n\n\n\n<p class=\"wp-block-paragraph\"><strong>Nutri\u00e7\u00e3o<\/strong><\/p>\n\n\n\n<figure class=\"wp-block-image aligncenter size-full\"><img loading=\"lazy\" decoding=\"async\" width=\"567\" height=\"215\" src=\"https:\/\/dhg1h5j42swfq.cloudfront.net\/2022\/08\/05093502\/image-75.png\" alt=\"vagas concurso rede sarah sa\u00fade nutricionista\" class=\"wp-image-1072518\" srcset=\"https:\/\/dhg1h5j42swfq.cloudfront.net\/2022\/08\/05093502\/image-75.png 567w, https:\/\/dhg1h5j42swfq.cloudfront.net\/2022\/08\/05093502\/image-75-300x114.png 300w, https:\/\/dhg1h5j42swfq.cloudfront.net\/2022\/08\/05093502\/image-75-150x57.png 150w\" sizes=\"auto, (max-width: 567px) 100vw, 567px\" \/><figcaption class=\"wp-element-caption\">Lota\u00e7\u00e3o e vagas para nutri\u00e7\u00e3o<\/figcaption><\/figure>\n\n\n\n<p class=\"wp-block-paragraph\"><strong>Professor de Educa\u00e7\u00e3o F\u00edsica<\/strong><\/p>\n\n\n\n<figure class=\"wp-block-image aligncenter size-full\"><img loading=\"lazy\" decoding=\"async\" width=\"530\" height=\"104\" src=\"https:\/\/dhg1h5j42swfq.cloudfront.net\/2022\/08\/08171456\/image-111.png\" alt=\"vagas concurso rede sarah sa\u00fade professor de educa\u00e7\u00e3o f\u00edsica\" class=\"wp-image-1074125\" srcset=\"https:\/\/dhg1h5j42swfq.cloudfront.net\/2022\/08\/08171456\/image-111.png 530w, https:\/\/dhg1h5j42swfq.cloudfront.net\/2022\/08\/08171456\/image-111-300x59.png 300w, https:\/\/dhg1h5j42swfq.cloudfront.net\/2022\/08\/08171456\/image-111-150x29.png 150w\" sizes=\"auto, (max-width: 530px) 100vw, 530px\" \/><\/figure>\n\n\n\n<p class=\"wp-block-paragraph\"><strong>Professor Hospitalar &#8211; Pedagogia<\/strong><\/p>\n\n\n\n<figure class=\"wp-block-image aligncenter size-full\"><img loading=\"lazy\" decoding=\"async\" width=\"590\" height=\"279\" src=\"https:\/\/dhg1h5j42swfq.cloudfront.net\/2022\/08\/08171422\/image-110.png\" alt=\"vagas concurso rede sarah sa\u00fade professor hospitalar\/pedagogia\" class=\"wp-image-1074124\" srcset=\"https:\/\/dhg1h5j42swfq.cloudfront.net\/2022\/08\/08171422\/image-110.png 590w, https:\/\/dhg1h5j42swfq.cloudfront.net\/2022\/08\/08171422\/image-110-300x142.png 300w, https:\/\/dhg1h5j42swfq.cloudfront.net\/2022\/08\/08171422\/image-110-150x71.png 150w\" sizes=\"auto, (max-width: 590px) 100vw, 590px\" \/><figcaption class=\"wp-element-caption\">Lota\u00e7\u00e3o e vagas para pedagogia<\/figcaption><\/figure>\n\n\n\n<h3 id=\"etapas\" class=\"wp-block-heading\">Etapas do concurso <\/h3>\n\n\n\n<p class=\"wp-block-paragraph\">A avalia\u00e7\u00e3o dos candidatos se deu mediante aplica\u00e7\u00e3o das seguintes etapas:<\/p>\n\n\n\n<ul class=\"wp-block-list\">\n<li>Prova Objetiva, de car\u00e1ter eliminat\u00f3rio e classificat\u00f3rio;<\/li>\n\n\n\n<li>Prova Discursiva, de car\u00e1ter eliminat\u00f3rio e classificat\u00f3rio; e<\/li>\n\n\n\n<li>Prova Pr\u00e1tica, de car\u00e1ter classificat\u00f3rio.<\/li>\n<\/ul>\n\n\n\n<hr class=\"wp-block-separator has-alpha-channel-opacity\"\/>\n\n\n\n<h2 class=\"wp-block-heading has-text-align-center\" id=\"h-quer-saber-tudo-sobre-concursos-previstos-confira-nossos-artigos\">Quer saber tudo sobre concursos previstos? Confira nossos artigos!<\/h2>\n\n\n\n<ul class=\"wp-block-list\">\n<li><a href=\"https:\/\/www.estrategiaconcursos.com.br\/blog\/concursos-abertos\/\" target=\"_blank\" rel=\"noreferrer noopener\">Concursos Abertos<\/a><\/li>\n\n\n\n<li><a href=\"https:\/\/www.estrategiaconcursos.com.br\/blog\/concursos-area-da-saude\/\" target=\"_blank\" rel=\"noreferrer noopener\">Concursos Sa\u00fade<\/a><\/li>\n\n\n\n<li><a href=\"https:\/\/www.estrategiaconcursos.com.br\/blog\/concursos-2026\/\" target=\"_blank\" rel=\"noreferrer noopener\">Concursos 2026<\/a><\/li>\n\n\n\n<li><a href=\"https:\/\/www.estrategiaconcursos.com.br\/blog\/concursos-2027\/\" target=\"_blank\" rel=\"noreferrer noopener\">Concursos 2027<\/a><\/li>\n<\/ul>\n\n\n\n<h2 class=\"wp-block-heading has-text-align-center\" id=\"cursos\">Quer estudar para o concurso Rede Sarah?<\/h2>\n\n\n\n<div class=\"container\" id=\"boxes\">\n  <div class=\"row\">\n\n    <div class=\"col-sm\">\n      <div class=\"banner-medicina\" id=\"box-assinatura\">\n        <h3 class=\"titulo-assinatura\">Concurso Rede Sarah<\/h3>\n        <p class=\"subtitulo-assinatura\">Conhe\u00e7a os cursos<\/p>\n        <div class=\"box-botao\">\n          <a class=\"btn-assinatura\" target=\"_blank\" href=\"https:\/\/www.estrategiaconcursos.com.br\/cursosPorConcurso\/hospital-sarah\/\" role=\"button\" rel=\"noopener noreferrer\">Conhe\u00e7a mais<\/a>\n        <\/div>\n      <\/div>\n     \n    <\/div>\n\n  <\/div>\n<\/div>\n\n\n\n<div class=\"container\" id=\"boxes\">\n  <div class=\"row\">\n\n    <div class=\"col-sm\">\n      <div class=\"estrategia\" id=\"box-assinatura\">\n        <h3 class=\"titulo-assinatura\">Assinatura Concursos<\/h3>\n        <p class=\"subtitulo-assinatura\">Assinatura de 1 ano ou 2 anos<\/p>\n        <div class=\"box-botao\">\n          <a class=\"btn-assinatura\" target=\"_blank\" href=\"https:\/\/www.estrategiaconcursos.com.br\/blog\/assinaturas\/\" role=\"button\" rel=\"noopener noreferrer\">ASSINE AGORA<\/a>\n        <\/div>\n      <\/div><\/div><\/div><\/div>\n\n\n\n<figure class=\"wp-block-image size-large is-resized\"><img loading=\"lazy\" decoding=\"async\" width=\"1024\" height=\"632\" src=\"https:\/\/dhg1h5j42swfq.cloudfront.net\/2025\/06\/27101122\/ficha-tecnica-1-1024x632.png\" alt=\"Ficha t\u00e9cnica concurso Rede Sarah\" class=\"wp-image-702728\" style=\"width:269px;height:166px\" srcset=\"https:\/\/dhg1h5j42swfq.cloudfront.net\/2025\/06\/27101122\/ficha-tecnica-1-1024x632.png 1024w, https:\/\/dhg1h5j42swfq.cloudfront.net\/2025\/06\/27101122\/ficha-tecnica-1-300x185.png 300w, https:\/\/dhg1h5j42swfq.cloudfront.net\/2025\/06\/27101122\/ficha-tecnica-1-768x474.png 768w, https:\/\/dhg1h5j42swfq.cloudfront.net\/2025\/06\/27101122\/ficha-tecnica-1-1536x948.png 1536w, https:\/\/dhg1h5j42swfq.cloudfront.net\/2025\/06\/27101122\/ficha-tecnica-1-610x377.png 610w, https:\/\/dhg1h5j42swfq.cloudfront.net\/2025\/06\/27101122\/ficha-tecnica-1.png 1571w\" sizes=\"auto, (max-width: 1024px) 100vw, 1024px\" \/><\/figure>\n\n\n\n<h3 id=\"ficha\" class=\"wp-block-heading\">Informa\u00e7\u00f5es do novo Processo Seletivo Rede Sarah<\/h3>\n\n\n\n<ul class=\"wp-block-list\">\n<li><strong style=\"color: initial;\">Provas<\/strong><span style=\"color: initial;\">:<\/span> 27\/09\/2026<\/li>\n\n\n\n<li><strong>Vagas<\/strong>: 18<\/li>\n\n\n\n<li><strong>Cargo<\/strong>: T\u00e9cnico em Enfermagem<\/li>\n\n\n\n<li><strong>Banca<\/strong>: organiza\u00e7\u00e3o pr\u00f3pria<\/li>\n\n\n\n<li><strong>Edital:<\/strong> <a href=\"https:\/\/dhg1h5j42swfq.cloudfront.net\/2026\/07\/24111407\/edital-concurso-pss-rede-sarah-2026-estrategia-concursos.pdf\" target=\"_blank\" rel=\"noreferrer noopener\">edital pss Rede Sarah<\/a><\/li>\n<\/ul>\n","protected":false},"excerpt":{"rendered":"<p>Concurso Rede Sarah: novo edital de processo seletivo est\u00e1 com inscri\u00e7\u00f5es encerradas A Rede Sarah de Hospitais de Reabilita\u00e7\u00e3o est\u00e1 realizando um novo processo seletivo simplificado, dessa vez, para o cargo de T\u00e9cnico de Enfermagem, com oferta de 18 vagas. Os futuros aprovados ser\u00e3o lotados nas unidades de Bras\u00edlia, Fortaleza, Rio de Janeiro, Salvador e [&hellip;]<\/p>\n","protected":false},"author":1206,"featured_media":1496283,"comment_status":"open","ping_status":"closed","sticky":false,"template":"","format":"standard","meta":{"_acf_changed":false,"post_tipo":"news","footnotes":""},"categories":[1981],"tags":[],"tax_estado":[219963],"class_list":["post-1072496","post","type-post","status-publish","format-standard","has-post-thumbnail","hentry","category-saude","tax_estado-concursos-federais"],"acf":[],"yoast_head":"<!-- This site is optimized with the Yoast SEO Premium plugin v28.1 (Yoast SEO v28.1) - https:\/\/yoast.com\/product\/yoast-seo-premium-wordpress\/ -->\n<title>Concurso Rede Sarah para Enfermagem; provas em 27\/9<\/title>\n<meta name=\"description\" content=\"Fique por dentro do novo Concurso Rede Sarah para T\u00e9cnico de Enfermagem. As inscri\u00e7\u00f5es j\u00e1 est\u00e3o encerradas.\" \/>\n<meta name=\"robots\" content=\"index, follow, max-snippet:-1, max-image-preview:large, max-video-preview:-1\" \/>\n<link rel=\"canonical\" href=\"https:\/\/www.estrategiaconcursos.com.br\/blog\/concurso-rede-sarah\/\" \/>\n<meta property=\"og:locale\" content=\"pt_BR\" \/>\n<meta property=\"og:type\" content=\"article\" \/>\n<meta property=\"og:title\" content=\"Concurso Rede Sarah para Enfermagem; provas em 27\/9\" \/>\n<meta property=\"og:description\" content=\"Fique por dentro do novo Concurso Rede Sarah para T\u00e9cnico de Enfermagem. As inscri\u00e7\u00f5es j\u00e1 est\u00e3o encerradas.\" \/>\n<meta property=\"og:url\" content=\"https:\/\/www.estrategiaconcursos.com.br\/blog\/concurso-rede-sarah\/\" \/>\n<meta property=\"og:site_name\" content=\"Estrat\u00e9gia Concursos\" \/>\n<meta property=\"article:published_time\" content=\"2026-08-24T02:59:00+00:00\" \/>\n<meta property=\"article:modified_time\" content=\"2026-08-24T12:42:25+00:00\" \/>\n<meta property=\"og:image\" content=\"https:\/\/dhg1h5j42swfq.cloudfront.net\/2024\/11\/28082219\/rede-sarah.jpg\" \/>\n\t<meta property=\"og:image:width\" content=\"768\" \/>\n\t<meta property=\"og:image:height\" content=\"432\" \/>\n\t<meta property=\"og:image:type\" content=\"image\/jpeg\" \/>\n<meta name=\"author\" content=\"Bruna de Andrade Fran\u00e7a\" \/>\n<meta name=\"twitter:card\" content=\"summary_large_image\" \/>\n<meta name=\"twitter:creator\" content=\"@EstratConcursos\" \/>\n<meta name=\"twitter:site\" content=\"@EstratConcursos\" \/>\n<meta name=\"twitter:label1\" content=\"Escrito por\" \/>\n\t<meta name=\"twitter:data1\" content=\"Bruna de Andrade Fran\u00e7a\" \/>\n\t<meta name=\"twitter:label2\" content=\"Est. tempo de leitura\" \/>\n\t<meta name=\"twitter:data2\" content=\"5 minutos\" \/>\n<script type=\"application\/ld+json\" class=\"yoast-schema-graph\">{\"@context\":\"https:\\\/\\\/schema.org\",\"@graph\":[{\"@type\":\"NewsArticle\",\"@id\":\"https:\\\/\\\/www.estrategiaconcursos.com.br\\\/blog\\\/concurso-rede-sarah\\\/#article\",\"isPartOf\":{\"@id\":\"https:\\\/\\\/www.estrategiaconcursos.com.br\\\/blog\\\/concurso-rede-sarah\\\/\"},\"author\":{\"name\":\"Bruna de Andrade Fran\u00e7a\",\"@id\":\"https:\\\/\\\/blog-estrategia.mystagingwebsite.com\\\/#\\\/schema\\\/person\\\/6630f91134abc08115cca62ce6372855\"},\"headline\":\"Concurso Rede Sarah para Enfermagem; provas em 27\\\/9\",\"datePublished\":\"2026-08-24T02:59:00+00:00\",\"dateModified\":\"2026-08-24T12:42:25+00:00\",\"mainEntityOfPage\":{\"@id\":\"https:\\\/\\\/www.estrategiaconcursos.com.br\\\/blog\\\/concurso-rede-sarah\\\/\"},\"wordCount\":1138,\"commentCount\":0,\"publisher\":{\"@id\":\"https:\\\/\\\/blog-estrategia.mystagingwebsite.com\\\/#organization\"},\"image\":{\"@id\":\"https:\\\/\\\/www.estrategiaconcursos.com.br\\\/blog\\\/concurso-rede-sarah\\\/#primaryimage\"},\"thumbnailUrl\":\"https:\\\/\\\/dhg1h5j42swfq.cloudfront.net\\\/2024\\\/11\\\/28082219\\\/rede-sarah.jpg\",\"articleSection\":[\"Sa\u00fade\"],\"inLanguage\":\"pt-BR\",\"potentialAction\":[{\"@type\":\"CommentAction\",\"name\":\"Comment\",\"target\":[\"https:\\\/\\\/www.estrategiaconcursos.com.br\\\/blog\\\/concurso-rede-sarah\\\/#respond\"]}],\"copyrightYear\":\"2026\",\"copyrightHolder\":{\"@id\":\"https:\\\/\\\/www.estrategiaconcursos.com.br\\\/blog\\\/#organization\"}},{\"@type\":\"WebPage\",\"@id\":\"https:\\\/\\\/www.estrategiaconcursos.com.br\\\/blog\\\/concurso-rede-sarah\\\/\",\"url\":\"https:\\\/\\\/www.estrategiaconcursos.com.br\\\/blog\\\/concurso-rede-sarah\\\/\",\"name\":\"Concurso Rede Sarah para Enfermagem; provas em 27\\\/9\",\"isPartOf\":{\"@id\":\"https:\\\/\\\/blog-estrategia.mystagingwebsite.com\\\/#website\"},\"primaryImageOfPage\":{\"@id\":\"https:\\\/\\\/www.estrategiaconcursos.com.br\\\/blog\\\/concurso-rede-sarah\\\/#primaryimage\"},\"image\":{\"@id\":\"https:\\\/\\\/www.estrategiaconcursos.com.br\\\/blog\\\/concurso-rede-sarah\\\/#primaryimage\"},\"thumbnailUrl\":\"https:\\\/\\\/dhg1h5j42swfq.cloudfront.net\\\/2024\\\/11\\\/28082219\\\/rede-sarah.jpg\",\"datePublished\":\"2026-08-24T02:59:00+00:00\",\"dateModified\":\"2026-08-24T12:42:25+00:00\",\"description\":\"Fique por dentro do novo Concurso Rede Sarah para T\u00e9cnico de Enfermagem. As inscri\u00e7\u00f5es j\u00e1 est\u00e3o encerradas.\",\"breadcrumb\":{\"@id\":\"https:\\\/\\\/www.estrategiaconcursos.com.br\\\/blog\\\/concurso-rede-sarah\\\/#breadcrumb\"},\"inLanguage\":\"pt-BR\",\"potentialAction\":[{\"@type\":\"ReadAction\",\"target\":[\"https:\\\/\\\/www.estrategiaconcursos.com.br\\\/blog\\\/concurso-rede-sarah\\\/\"]}]},{\"@type\":\"ImageObject\",\"inLanguage\":\"pt-BR\",\"@id\":\"https:\\\/\\\/www.estrategiaconcursos.com.br\\\/blog\\\/concurso-rede-sarah\\\/#primaryimage\",\"url\":\"https:\\\/\\\/dhg1h5j42swfq.cloudfront.net\\\/2024\\\/11\\\/28082219\\\/rede-sarah.jpg\",\"contentUrl\":\"https:\\\/\\\/dhg1h5j42swfq.cloudfront.net\\\/2024\\\/11\\\/28082219\\\/rede-sarah.jpg\",\"width\":768,\"height\":432,\"caption\":\"concurso Rede SARAH\"},{\"@type\":\"BreadcrumbList\",\"@id\":\"https:\\\/\\\/www.estrategiaconcursos.com.br\\\/blog\\\/concurso-rede-sarah\\\/#breadcrumb\",\"itemListElement\":[{\"@type\":\"ListItem\",\"position\":1,\"name\":\"In\u00edcio\",\"item\":\"https:\\\/\\\/blog-estrategia.mystagingwebsite.com\\\/\"},{\"@type\":\"ListItem\",\"position\":2,\"name\":\"Concurso Rede Sarah para Enfermagem; provas em 27\\\/9\"}]},{\"@type\":\"WebSite\",\"@id\":\"https:\\\/\\\/blog-estrategia.mystagingwebsite.com\\\/#website\",\"url\":\"https:\\\/\\\/blog-estrategia.mystagingwebsite.com\\\/\",\"name\":\"Estrat\u00e9gia Concursos\",\"description\":\"O blog da Estrat\u00e9gia Concursos traz not\u00edcias sobre concursos e artigos de professores oferecendo cursos para concursos (pdf + videaulas) no site.\",\"publisher\":{\"@id\":\"https:\\\/\\\/blog-estrategia.mystagingwebsite.com\\\/#organization\"},\"potentialAction\":[{\"@type\":\"SearchAction\",\"target\":{\"@type\":\"EntryPoint\",\"urlTemplate\":\"https:\\\/\\\/blog-estrategia.mystagingwebsite.com\\\/?s={search_term_string}\"},\"query-input\":{\"@type\":\"PropertyValueSpecification\",\"valueRequired\":true,\"valueName\":\"search_term_string\"}}],\"inLanguage\":\"pt-BR\"},{\"@type\":\"Organization\",\"@id\":\"https:\\\/\\\/blog-estrategia.mystagingwebsite.com\\\/#organization\",\"name\":\"Estrat\u00e9gia Concursos\",\"url\":\"https:\\\/\\\/blog-estrategia.mystagingwebsite.com\\\/\",\"logo\":{\"@type\":\"ImageObject\",\"inLanguage\":\"pt-BR\",\"@id\":\"https:\\\/\\\/blog-estrategia.mystagingwebsite.com\\\/#\\\/schema\\\/logo\\\/image\\\/\",\"url\":\"https:\\\/\\\/dhg1h5j42swfq.cloudfront.net\\\/2025\\\/06\\\/03203428\\\/logo_concursos-1.jpg\",\"contentUrl\":\"https:\\\/\\\/dhg1h5j42swfq.cloudfront.net\\\/2025\\\/06\\\/03203428\\\/logo_concursos-1.jpg\",\"width\":230,\"height\":60,\"caption\":\"Estrat\u00e9gia Concursos\"},\"image\":{\"@id\":\"https:\\\/\\\/blog-estrategia.mystagingwebsite.com\\\/#\\\/schema\\\/logo\\\/image\\\/\"},\"sameAs\":[\"https:\\\/\\\/x.com\\\/EstratConcursos\"]},{\"@type\":\"Person\",\"@id\":\"https:\\\/\\\/blog-estrategia.mystagingwebsite.com\\\/#\\\/schema\\\/person\\\/6630f91134abc08115cca62ce6372855\",\"name\":\"Bruna de Andrade Fran\u00e7a\",\"image\":{\"@type\":\"ImageObject\",\"inLanguage\":\"pt-BR\",\"@id\":\"https:\\\/\\\/secure.gravatar.com\\\/avatar\\\/d6316d36d50cea0fadae28ed3015b8870cc90a2d3d8a95c37b44006af36a00e3?s=96&d=mm&r=g\",\"url\":\"https:\\\/\\\/secure.gravatar.com\\\/avatar\\\/d6316d36d50cea0fadae28ed3015b8870cc90a2d3d8a95c37b44006af36a00e3?s=96&d=mm&r=g\",\"contentUrl\":\"https:\\\/\\\/secure.gravatar.com\\\/avatar\\\/d6316d36d50cea0fadae28ed3015b8870cc90a2d3d8a95c37b44006af36a00e3?s=96&d=mm&r=g\",\"caption\":\"Bruna de Andrade Fran\u00e7a\"},\"description\":\"Bruna de Andrade Fran\u00e7a \u00e9 publicit\u00e1ria, p\u00f3s-graduada em Marketing &amp; Growth, e atua h\u00e1 mais de sete anos no mercado de concursos p\u00fablicos. Atualmente, \u00e9 coordenadora do jornalismo de Carreira Jur\u00eddica e OAB no Estrat\u00e9gia Concursos, liderando a cobertura editorial das principais sele\u00e7\u00f5es do pa\u00eds. Especialista em reda\u00e7\u00e3o, SEO e Copywriting, acumula ampla experi\u00eancia na produ\u00e7\u00e3o e gest\u00e3o de conte\u00fado jornal\u00edstico. Ao longo de sua trajet\u00f3ria, tamb\u00e9m esteve \u00e0 frente da cobertura de concursos policiais, banc\u00e1rios, \u00e1rea legislativa e sa\u00fade.\",\"url\":\"https:\\\/\\\/www.estrategiaconcursos.com.br\\\/blog\\\/author\\\/bruna-andrade\\\/\"}]}<\/script>\n<!-- \/ Yoast SEO Premium plugin. -->","yoast_head_json":{"title":"Concurso Rede Sarah para Enfermagem; provas em 27\/9","description":"Fique por dentro do novo Concurso Rede Sarah para T\u00e9cnico de Enfermagem. As inscri\u00e7\u00f5es j\u00e1 est\u00e3o encerradas.","robots":{"index":"index","follow":"follow","max-snippet":"max-snippet:-1","max-image-preview":"max-image-preview:large","max-video-preview":"max-video-preview:-1"},"canonical":"https:\/\/www.estrategiaconcursos.com.br\/blog\/concurso-rede-sarah\/","og_locale":"pt_BR","og_type":"article","og_title":"Concurso Rede Sarah para Enfermagem; provas em 27\/9","og_description":"Fique por dentro do novo Concurso Rede Sarah para T\u00e9cnico de Enfermagem. As inscri\u00e7\u00f5es j\u00e1 est\u00e3o encerradas.","og_url":"https:\/\/www.estrategiaconcursos.com.br\/blog\/concurso-rede-sarah\/","og_site_name":"Estrat\u00e9gia Concursos","article_published_time":"2026-08-24T02:59:00+00:00","article_modified_time":"2026-08-24T12:42:25+00:00","og_image":[{"width":768,"height":432,"url":"https:\/\/dhg1h5j42swfq.cloudfront.net\/2024\/11\/28082219\/rede-sarah.jpg","type":"image\/jpeg"}],"author":"Bruna de Andrade Fran\u00e7a","twitter_card":"summary_large_image","twitter_creator":"@EstratConcursos","twitter_site":"@EstratConcursos","twitter_misc":{"Escrito por":"Bruna de Andrade Fran\u00e7a","Est. tempo de leitura":"5 minutos"},"schema":{"@context":"https:\/\/schema.org","@graph":[{"@type":"NewsArticle","@id":"https:\/\/www.estrategiaconcursos.com.br\/blog\/concurso-rede-sarah\/#article","isPartOf":{"@id":"https:\/\/www.estrategiaconcursos.com.br\/blog\/concurso-rede-sarah\/"},"author":{"name":"Bruna de Andrade Fran\u00e7a","@id":"https:\/\/blog-estrategia.mystagingwebsite.com\/#\/schema\/person\/6630f91134abc08115cca62ce6372855"},"headline":"Concurso Rede Sarah para Enfermagem; provas em 27\/9","datePublished":"2026-08-24T02:59:00+00:00","dateModified":"2026-08-24T12:42:25+00:00","mainEntityOfPage":{"@id":"https:\/\/www.estrategiaconcursos.com.br\/blog\/concurso-rede-sarah\/"},"wordCount":1138,"commentCount":0,"publisher":{"@id":"https:\/\/blog-estrategia.mystagingwebsite.com\/#organization"},"image":{"@id":"https:\/\/www.estrategiaconcursos.com.br\/blog\/concurso-rede-sarah\/#primaryimage"},"thumbnailUrl":"https:\/\/dhg1h5j42swfq.cloudfront.net\/2024\/11\/28082219\/rede-sarah.jpg","articleSection":["Sa\u00fade"],"inLanguage":"pt-BR","potentialAction":[{"@type":"CommentAction","name":"Comment","target":["https:\/\/www.estrategiaconcursos.com.br\/blog\/concurso-rede-sarah\/#respond"]}],"copyrightYear":"2026","copyrightHolder":{"@id":"https:\/\/www.estrategiaconcursos.com.br\/blog\/#organization"}},{"@type":"WebPage","@id":"https:\/\/www.estrategiaconcursos.com.br\/blog\/concurso-rede-sarah\/","url":"https:\/\/www.estrategiaconcursos.com.br\/blog\/concurso-rede-sarah\/","name":"Concurso Rede Sarah para Enfermagem; provas em 27\/9","isPartOf":{"@id":"https:\/\/blog-estrategia.mystagingwebsite.com\/#website"},"primaryImageOfPage":{"@id":"https:\/\/www.estrategiaconcursos.com.br\/blog\/concurso-rede-sarah\/#primaryimage"},"image":{"@id":"https:\/\/www.estrategiaconcursos.com.br\/blog\/concurso-rede-sarah\/#primaryimage"},"thumbnailUrl":"https:\/\/dhg1h5j42swfq.cloudfront.net\/2024\/11\/28082219\/rede-sarah.jpg","datePublished":"2026-08-24T02:59:00+00:00","dateModified":"2026-08-24T12:42:25+00:00","description":"Fique por dentro do novo Concurso Rede Sarah para T\u00e9cnico de Enfermagem. As inscri\u00e7\u00f5es j\u00e1 est\u00e3o encerradas.","breadcrumb":{"@id":"https:\/\/www.estrategiaconcursos.com.br\/blog\/concurso-rede-sarah\/#breadcrumb"},"inLanguage":"pt-BR","potentialAction":[{"@type":"ReadAction","target":["https:\/\/www.estrategiaconcursos.com.br\/blog\/concurso-rede-sarah\/"]}]},{"@type":"ImageObject","inLanguage":"pt-BR","@id":"https:\/\/www.estrategiaconcursos.com.br\/blog\/concurso-rede-sarah\/#primaryimage","url":"https:\/\/dhg1h5j42swfq.cloudfront.net\/2024\/11\/28082219\/rede-sarah.jpg","contentUrl":"https:\/\/dhg1h5j42swfq.cloudfront.net\/2024\/11\/28082219\/rede-sarah.jpg","width":768,"height":432,"caption":"concurso Rede SARAH"},{"@type":"BreadcrumbList","@id":"https:\/\/www.estrategiaconcursos.com.br\/blog\/concurso-rede-sarah\/#breadcrumb","itemListElement":[{"@type":"ListItem","position":1,"name":"In\u00edcio","item":"https:\/\/blog-estrategia.mystagingwebsite.com\/"},{"@type":"ListItem","position":2,"name":"Concurso Rede Sarah para Enfermagem; provas em 27\/9"}]},{"@type":"WebSite","@id":"https:\/\/blog-estrategia.mystagingwebsite.com\/#website","url":"https:\/\/blog-estrategia.mystagingwebsite.com\/","name":"Estrat\u00e9gia Concursos","description":"O blog da Estrat\u00e9gia Concursos traz not\u00edcias sobre concursos e artigos de professores oferecendo cursos para concursos (pdf + videaulas) no site.","publisher":{"@id":"https:\/\/blog-estrategia.mystagingwebsite.com\/#organization"},"potentialAction":[{"@type":"SearchAction","target":{"@type":"EntryPoint","urlTemplate":"https:\/\/blog-estrategia.mystagingwebsite.com\/?s={search_term_string}"},"query-input":{"@type":"PropertyValueSpecification","valueRequired":true,"valueName":"search_term_string"}}],"inLanguage":"pt-BR"},{"@type":"Organization","@id":"https:\/\/blog-estrategia.mystagingwebsite.com\/#organization","name":"Estrat\u00e9gia Concursos","url":"https:\/\/blog-estrategia.mystagingwebsite.com\/","logo":{"@type":"ImageObject","inLanguage":"pt-BR","@id":"https:\/\/blog-estrategia.mystagingwebsite.com\/#\/schema\/logo\/image\/","url":"https:\/\/dhg1h5j42swfq.cloudfront.net\/2025\/06\/03203428\/logo_concursos-1.jpg","contentUrl":"https:\/\/dhg1h5j42swfq.cloudfront.net\/2025\/06\/03203428\/logo_concursos-1.jpg","width":230,"height":60,"caption":"Estrat\u00e9gia Concursos"},"image":{"@id":"https:\/\/blog-estrategia.mystagingwebsite.com\/#\/schema\/logo\/image\/"},"sameAs":["https:\/\/x.com\/EstratConcursos"]},{"@type":"Person","@id":"https:\/\/blog-estrategia.mystagingwebsite.com\/#\/schema\/person\/6630f91134abc08115cca62ce6372855","name":"Bruna de Andrade Fran\u00e7a","image":{"@type":"ImageObject","inLanguage":"pt-BR","@id":"https:\/\/secure.gravatar.com\/avatar\/d6316d36d50cea0fadae28ed3015b8870cc90a2d3d8a95c37b44006af36a00e3?s=96&d=mm&r=g","url":"https:\/\/secure.gravatar.com\/avatar\/d6316d36d50cea0fadae28ed3015b8870cc90a2d3d8a95c37b44006af36a00e3?s=96&d=mm&r=g","contentUrl":"https:\/\/secure.gravatar.com\/avatar\/d6316d36d50cea0fadae28ed3015b8870cc90a2d3d8a95c37b44006af36a00e3?s=96&d=mm&r=g","caption":"Bruna de Andrade Fran\u00e7a"},"description":"Bruna de Andrade Fran\u00e7a \u00e9 publicit\u00e1ria, p\u00f3s-graduada em Marketing &amp; Growth, e atua h\u00e1 mais de sete anos no mercado de concursos p\u00fablicos. Atualmente, \u00e9 coordenadora do jornalismo de Carreira Jur\u00eddica e OAB no Estrat\u00e9gia Concursos, liderando a cobertura editorial das principais sele\u00e7\u00f5es do pa\u00eds. Especialista em reda\u00e7\u00e3o, SEO e Copywriting, acumula ampla experi\u00eancia na produ\u00e7\u00e3o e gest\u00e3o de conte\u00fado jornal\u00edstico. Ao longo de sua trajet\u00f3ria, tamb\u00e9m esteve \u00e0 frente da cobertura de concursos policiais, banc\u00e1rios, \u00e1rea legislativa e sa\u00fade.","url":"https:\/\/www.estrategiaconcursos.com.br\/blog\/author\/bruna-andrade\/"}]}},"_links":{"self":[{"href":"https:\/\/www.estrategiaconcursos.com.br\/blog\/wp-json\/wp\/v2\/posts\/1072496","targetHints":{"allow":["GET"]}}],"collection":[{"href":"https:\/\/www.estrategiaconcursos.com.br\/blog\/wp-json\/wp\/v2\/posts"}],"about":[{"href":"https:\/\/www.estrategiaconcursos.com.br\/blog\/wp-json\/wp\/v2\/types\/post"}],"author":[{"embeddable":true,"href":"https:\/\/www.estrategiaconcursos.com.br\/blog\/wp-json\/wp\/v2\/users\/1206"}],"replies":[{"embeddable":true,"href":"https:\/\/www.estrategiaconcursos.com.br\/blog\/wp-json\/wp\/v2\/comments?post=1072496"}],"version-history":[{"count":4,"href":"https:\/\/www.estrategiaconcursos.com.br\/blog\/wp-json\/wp\/v2\/posts\/1072496\/revisions"}],"predecessor-version":[{"id":1801010,"href":"https:\/\/www.estrategiaconcursos.com.br\/blog\/wp-json\/wp\/v2\/posts\/1072496\/revisions\/1801010"}],"wp:featuredmedia":[{"embeddable":true,"href":"https:\/\/www.estrategiaconcursos.com.br\/blog\/wp-json\/wp\/v2\/media\/1496283"}],"wp:attachment":[{"href":"https:\/\/www.estrategiaconcursos.com.br\/blog\/wp-json\/wp\/v2\/media?parent=1072496"}],"wp:term":[{"taxonomy":"category","embeddable":true,"href":"https:\/\/www.estrategiaconcursos.com.br\/blog\/wp-json\/wp\/v2\/categories?post=1072496"},{"taxonomy":"post_tag","embeddable":true,"href":"https:\/\/www.estrategiaconcursos.com.br\/blog\/wp-json\/wp\/v2\/tags?post=1072496"},{"taxonomy":"tax_estado","embeddable":true,"href":"https:\/\/www.estrategiaconcursos.com.br\/blog\/wp-json\/wp\/v2\/tax_estado?post=1072496"}],"curies":[{"name":"wp","href":"https:\/\/api.w.org\/{rel}","templated":true}]}}