{"id":1072411,"date":"2022-10-20T10:00:00","date_gmt":"2022-10-20T13:00:00","guid":{"rendered":"https:\/\/www.estrategiaconcursos.com.br\/blog\/?p=1072411"},"modified":"2024-01-10T11:04:20","modified_gmt":"2024-01-10T14:04:20","slug":"concurso-prefeitura-assis","status":"publish","type":"post","link":"https:\/\/www.estrategiaconcursos.com.br\/blog\/concurso-prefeitura-assis\/","title":{"rendered":"Concurso Prefeitura de Assis: gabaritos divulgados"},"content":{"rendered":"\n<p>A primeira etapa de provas do <strong>concurso da Prefeitura de Assis<\/strong>, no estado de S\u00e3o Paulo, foi aplicada nos dias 09 e 16 de outubro. Com isso, os gabaritos preliinares j\u00e1 foram divulgados! Confira nos links abaixo:<\/p>\n\n\n\n<ul class=\"wp-block-list\">\n<li>Provas do dia 09\/10 &#8211; <a href=\"https:\/\/dhg1h5j42swfq.cloudfront.net\/2022\/10\/11095643\/975.pdf\" target=\"_blank\" rel=\"noreferrer noopener nofollow\">Gabaritos<\/a>;<\/li>\n\n\n\n<li>Provas do dia 16\/10 &#8211; <a href=\"https:\/\/dhg1h5j42swfq.cloudfront.net\/2022\/10\/24120652\/3154-1oc.pdf\" target=\"_blank\" rel=\"noreferrer noopener nofollow\">Gabaritos<\/a>.<\/li>\n<\/ul>\n\n\n\n<p>Importante ressaltar que o per\u00edodo para interposi\u00e7\u00e3o de recursos j\u00e1 foi encerrado. O processo p\u00f4de ser realizado diretamente pelo <a href=\"http:\/\/concursos.indepac.org.br:81\/inscricao\/concurso\/show\/id\/57\" target=\"_blank\" rel=\"noreferrer noopener\">site<\/a> da banca, o <strong>Indepac<\/strong>.<\/p>\n\n\n\n<p>A sele\u00e7\u00e3o contempla <strong>259 vagas<\/strong> mais cadastro de reserva, com sal\u00e1rios iniciais de at\u00e9 R$ 14,1 mil! As oportunidades s\u00e3o destinadas para todos os n\u00edveis de escolaridade. <\/p>\n\n\n\n<ul class=\"has-very-light-gray-to-cyan-bluish-gray-gradient-background has-background wp-block-list\">\n<li><strong>Prefeitura Municipal de Assis &#8211; SP <\/strong><\/li>\n\n\n\n<li><strong>Status:<\/strong> Gabaritos divulgados<\/li>\n\n\n\n<li><strong>Banca:<\/strong> Indepac<\/li>\n\n\n\n<li><strong>Vagas:<\/strong> 259 + CR<\/li>\n\n\n\n<li><strong>Sal\u00e1rio inicial:<\/strong> R$ 1.214,19 a R$ 14.186,76<\/li>\n\n\n\n<li><strong>Edital:<\/strong> <a href=\"https:\/\/dhg1h5j42swfq.cloudfront.net\/2022\/09\/03092426\/871-1.pdf\" target=\"_blank\" rel=\"noreferrer noopener nofollow\">Prefeitura de Assis<\/a> <\/li>\n<\/ul>\n\n\n\n<p>A fim de te deixar sempre bem informado, elaboramos este artigo com as principais informa\u00e7\u00f5es e novidades sobre o concurso Prefeitura de Assis &#8211; SP. Acompanhe os t\u00f3picos abaixo e n\u00e3o perca nenhum detalhe:<\/p>\n\n\n\n<ul class=\"wp-block-list\" id=\"indice\">\n<li><a href=\"#cargos-vagas\">Cargos e vagas<\/a>\n<ul class=\"wp-block-list\">\n<li><a href=\"#ensino-fundamental\">Fundamental<\/a><\/li>\n\n\n\n<li><a href=\"#ensino-medio\">M\u00e9dio<\/a><\/li>\n\n\n\n<li><a href=\"#nivel-superior\">Superior<\/a><\/li>\n<\/ul>\n<\/li>\n\n\n\n<li><a href=\"#etapas\">Etapas e provas<\/a>\n<ul class=\"wp-block-list\">\n<li><a href=\"#prova-objetiva\">Prova objetiva<\/a><\/li>\n\n\n\n<li><a href=\"#prova-pratica\">Prova pr\u00e1tica<\/a><\/li>\n\n\n\n<li><a href=\"#avaliacao-de-titulos\">Avalia\u00e7\u00e3o de t\u00edtulos<\/a><\/li>\n<\/ul>\n<\/li>\n\n\n\n<li><a href=\"#cursos-assinatura\">Cursos e assinaturas<\/a><\/li>\n\n\n\n<li><a href=\"#ficha\">Ficha t\u00e9cnica<\/a><\/li>\n<\/ul>\n\n\n\n<div class=\"container\" id=\"boxes\">\n  <div class=\"row\">\n\n    <div class=\"col-sm\">\n      <div class=\"banner-estrategia\" id=\"box-assinatura\">\n        <h3 class=\"titulo-assinatura\">Cursos para concursos<\/h3>\n        <p class=\"subtitulo-assinatura\">Conhe\u00e7a os cursos<\/p>\n        <div class=\"box-botao\">\n          <a class=\"btn-assinatura\" target=\"_blank\" href=\"https:\/\/www.estrategiaconcursos.com.br\/cursos\/\" role=\"button\" rel=\"noopener noreferrer\">Conhe\u00e7a mais<\/a>\n        <\/div>\n      <\/div>\n     \n    <\/div>\n\n  <\/div>\n<\/div>\n\n\n\n<h2 class=\"wp-block-heading\" id=\"cargos-vagas\">Concurso Prefeitura de Assis: cargos e vagas<\/h2>\n\n\n\n<p>As vagas mencionadas abaixo s\u00e3o imediatas, sendo que o quantitativo de oportunidades em cadastro de reserva n\u00e3o foi especificado. No entanto, todas as fun\u00e7\u00f5es ter\u00e3o vagas em CR.<\/p>\n\n\n\n<p>Ao todo, o edital do concurso Prefeitura de Assis oferta 259 vagas imediatas mais cadastro para diversos cargos e n\u00edveis de escolaridade, cujo sal\u00e1rios iniciais podem alcan\u00e7ar o valor de R$ 14,1 mil. Veja abaixo:<\/p>\n\n\n\n<h3 class=\"wp-block-heading\" id=\"ensino-fundamental\">Ensino fundamental<\/h3>\n\n\n\n<ul class=\"wp-block-list\">\n<li>Ajudante de Produ\u00e7\u00e3o &#8211; 10 vagas (R$ 1.214,19)<\/li>\n\n\n\n<li>Ajudante de Servi\u00e7os &#8211; 36 vagas (R$ 1.214,19)<\/li>\n\n\n\n<li>Auxiliar Administrativo &#8211; 14 vagas (R$ 1.214,19)<\/li>\n\n\n\n<li>Auxiliar de Conserva\u00e7\u00e3o- 41 vagas (R$ 1.321,21)<\/li>\n\n\n\n<li>Merendeira &#8211; 12 vagas (R$ 1.266,44)<\/li>\n\n\n\n<li>Motorista &#8211; 18 vagas (R$ 1.502,76)<\/li>\n\n\n\n<li>Operador de M\u00e1quinas &#8211; 01 vaga (R$ 1.546,71)<\/li>\n\n\n\n<li>Pedreiro &#8211; 01 vaga (R$ 1.378,72)<\/li>\n\n\n\n<li>Vigia &#8211; 01 vaga (R$ 1.214,19)<\/li>\n<\/ul>\n\n\n\n<h3 class=\"wp-block-heading\" id=\"ensino-medio\">Ensino m\u00e9dio<\/h3>\n\n\n\n<ul class=\"wp-block-list\">\n<li>Agente Comunit\u00e1rio &#8211; 08 vagas (R$ 1.502,76)<\/li>\n\n\n\n<li>Agente de Combate a Endemias &#8211; 05 vagas (R$ 1.502,76)<\/li>\n\n\n\n<li>Agente Fiscal &#8211; 07 vagas (R$ 1.844,77)<\/li>\n\n\n\n<li>Agente Fiscal de Tr\u00e2nsito &#8211; 01 vaga (R$ 1.844,77)<\/li>\n\n\n\n<li>Assistente Administrativo &#8211; 32 vagas (R$ 1.928,57)<\/li>\n\n\n\n<li>Assistente Farmac\u00eautico &#8211; 10 vagas (R$ 1.378,72)<\/li>\n\n\n\n<li>Assistente T\u00e9cnico de Inform\u00e1tica &#8211; 03 vagas (R$ 1.928,57)<\/li>\n\n\n\n<li>Auxiliar de Sa\u00fade Bucal &#8211; 02 vagas (R$ 1.502,76)<\/li>\n\n\n\n<li>Auxiliar de Enfermagem &#8211; 01 vaga (R$ 1.378,72)<\/li>\n\n\n\n<li>Auxiliar de Enfermagem da ESF &#8211; 02 vagas (R$ 1.439,18)<\/li>\n\n\n\n<li>Cuidador Social &#8211; 05 vagas (R$ 1.546,71)<\/li>\n\n\n\n<li>Desenhista &#8211; 01 vaga (R$ 1.439,18)<\/li>\n\n\n\n<li>Fiscal de Saneamento &#8211; 01 vagas (R$ 1.688,88)<\/li>\n\n\n\n<li>T\u00e9cnico de Seguran\u00e7a &#8211; 01 vaga (R$ 2.527,22)<\/li>\n\n\n\n<li>Top\u00f3grafo &#8211; 01 vaga  (R$ 2.899,02)<\/li>\n<\/ul>\n\n\n\n<h3 class=\"wp-block-heading\" id=\"nivel-superior\">N\u00edvel superior<\/h3>\n\n\n\n<ul class=\"wp-block-list\">\n<li>Assistente Social &#8211; 05 vagas (R$ 3.827,66)<\/li>\n\n\n\n<li>Bibliotec\u00e1rio &#8211; 01 vaga R$ (3.3329,40)<\/li>\n\n\n\n<li>Dentista &#8211; 01 vaga (R$ 3.653,36)<\/li>\n\n\n\n<li>Dentista Sa\u00fade da Fam\u00edlia &#8211; 01 vaga (R$ 6.740,04)<\/li>\n\n\n\n<li>Enfermeiro Sa\u00fade da Fam\u00edlia &#8211; 02 vagas (R$ 5.317,36)<\/li>\n\n\n\n<li>Enfermeiro de Seguran\u00e7a do Trabalho &#8211; 01 vaga (R$ 5.845,17)<\/li>\n\n\n\n<li>Farmac\u00eautico &#8211; 05 vagas (R$ 3.827,66)<\/li>\n\n\n\n<li>Fisioterapeuta &#8211; 01 vaga (R$ 3.827,66)<\/li>\n\n\n\n<li>Fonoaudi\u00f3logo &#8211; 01 vaga (R$ 3.827,66)<\/li>\n\n\n\n<li>M\u00e9dico (diversos) &#8211; 16 vagas (at\u00e9 R$ 14.186,67)<\/li>\n\n\n\n<li><a href=\"https:\/\/cj.estrategia.com\/portal\/concurso-pgm-assis-sp\/\" target=\"_blank\" rel=\"noreferrer noopener\">Procurador<\/a> &#8211; 01 vagas (R$ 5.317,36)<\/li>\n\n\n\n<li>Psic\u00f3logo &#8211; 08 vagas (R$ 3.827,66)<\/li>\n\n\n\n<li>Supervisor T\u00e9cnico &#8211; 01 vaga (R$ 7.716,66)<\/li>\n\n\n\n<li>Terapeuta Ocupacional &#8211; 01 vaga (R$ 3.827,66)<\/li>\n<\/ul>\n\n\n\n<h2 class=\"wp-block-heading\" id=\"etapas\">Concurso Prefeitura de Assis: etapas e provas<\/h2>\n\n\n\n<p>O concurso da Prefeitura de Assis ser\u00e1 composto de tr\u00eas importantes etapas, sendo elas: prova objetiva, prova pr\u00e1tica e avalia\u00e7\u00e3o de t\u00edtulos.<\/p>\n\n\n\n<h3 class=\"wp-block-heading\" id=\"prova-objetiva\">Prova objetiva<\/h3>\n\n\n\n<figure class=\"wp-block-image aligncenter size-full\"><img loading=\"lazy\" decoding=\"async\" width=\"677\" height=\"259\" src=\"https:\/\/dhg1h5j42swfq.cloudfront.net\/2022\/08\/05174246\/image-100.png\" alt=\"Concurso Prefeitura de Assis: Prova objetiva para os cargos de n\u00edvel fundamental\" class=\"wp-image-1073040\" srcset=\"https:\/\/dhg1h5j42swfq.cloudfront.net\/2022\/08\/05174246\/image-100.png 677w, https:\/\/dhg1h5j42swfq.cloudfront.net\/2022\/08\/05174246\/image-100-300x115.png 300w, https:\/\/dhg1h5j42swfq.cloudfront.net\/2022\/08\/05174246\/image-100-610x233.png 610w, https:\/\/dhg1h5j42swfq.cloudfront.net\/2022\/08\/05174246\/image-100-150x57.png 150w\" sizes=\"auto, (max-width: 677px) 100vw, 677px\" \/><figcaption class=\"wp-element-caption\">Prova objetiva para os cargos de n\u00edvel fundamental<\/figcaption><\/figure>\n\n\n\n<figure class=\"wp-block-image aligncenter size-full\"><img loading=\"lazy\" decoding=\"async\" width=\"678\" height=\"256\" src=\"https:\/\/dhg1h5j42swfq.cloudfront.net\/2022\/08\/05174309\/image-101.png\" alt=\"Concurso Prefeitura de Assis: Prova objetiva para os cargos de n\u00edvel m\u00e9dio\/t\u00e9cnico\" class=\"wp-image-1073042\" srcset=\"https:\/\/dhg1h5j42swfq.cloudfront.net\/2022\/08\/05174309\/image-101.png 678w, https:\/\/dhg1h5j42swfq.cloudfront.net\/2022\/08\/05174309\/image-101-300x113.png 300w, https:\/\/dhg1h5j42swfq.cloudfront.net\/2022\/08\/05174309\/image-101-610x230.png 610w, https:\/\/dhg1h5j42swfq.cloudfront.net\/2022\/08\/05174309\/image-101-150x57.png 150w\" sizes=\"auto, (max-width: 678px) 100vw, 678px\" \/><figcaption class=\"wp-element-caption\">Prova objetiva para os cargos de n\u00edvel m\u00e9dio\/t\u00e9cnico<\/figcaption><\/figure>\n\n\n\n<figure class=\"wp-block-image aligncenter size-full\"><img loading=\"lazy\" decoding=\"async\" width=\"676\" height=\"501\" src=\"https:\/\/dhg1h5j42swfq.cloudfront.net\/2022\/08\/05174443\/image-103.png\" alt=\"Concurso Prefeitura de Assis: Prova objetiva para os cargos de n\u00edvel superior\" class=\"wp-image-1073044\" srcset=\"https:\/\/dhg1h5j42swfq.cloudfront.net\/2022\/08\/05174443\/image-103.png 676w, https:\/\/dhg1h5j42swfq.cloudfront.net\/2022\/08\/05174443\/image-103-300x222.png 300w, https:\/\/dhg1h5j42swfq.cloudfront.net\/2022\/08\/05174443\/image-103-610x452.png 610w, https:\/\/dhg1h5j42swfq.cloudfront.net\/2022\/08\/05174443\/image-103-150x111.png 150w\" sizes=\"auto, (max-width: 676px) 100vw, 676px\" \/><figcaption class=\"wp-element-caption\">Prova objetiva para os cargos de n\u00edvel superior<\/figcaption><\/figure>\n\n\n\n<p>A prova objetiva ser\u00e1 avaliada na escala de 0 a 100 pontos, sendo ela de car\u00e1ter eliminat\u00f3rio e classificat\u00f3rio. Ser\u00e1 considerado aprovado aquele que tiver 50 ou mais pontos. <\/p>\n\n\n\n<p><strong>ATEN\u00c7\u00c3O<\/strong>! Houve prova dissertativa apenas para o cargo de <a href=\"https:\/\/cj.estrategia.com\/portal\/concurso-pgm-assis-sp\/\" target=\"_blank\" rel=\"noreferrer noopener\">Procurador<\/a>, na mesma data e hor\u00e1rio da avalia\u00e7\u00e3o objetiva.<\/p>\n\n\n\n<h3 class=\"wp-block-heading\" id=\"prova-pratica\">Prova pr\u00e1tica<\/h3>\n\n\n\n<p>A prova pr\u00e1tica do concurso Prefeitura de Assis ser\u00e1 aplicada somente aos cargos de Motorista e Operador de M\u00e1quinas, na cidade de Assis\/SP. As datas e hor\u00e1rios ainda ser\u00e3o informados atrav\u00e9s do edital de convoca\u00e7\u00e3o. Fique atento!<\/p>\n\n\n\n<p>Para a realiza\u00e7\u00e3o da etapa somente ser\u00e3o convocados os candidatos habilitados e com as maiores e primeiras pontua\u00e7\u00f5es da prova objetiva.<\/p>\n\n\n\n<figure class=\"wp-block-image aligncenter size-full\"><img loading=\"lazy\" decoding=\"async\" width=\"669\" height=\"113\" src=\"https:\/\/dhg1h5j42swfq.cloudfront.net\/2022\/08\/05075605\/image-68.png\" alt=\"Prova pr\u00e1tica do concurso prefeitura de assis\" class=\"wp-image-1072421\" srcset=\"https:\/\/dhg1h5j42swfq.cloudfront.net\/2022\/08\/05075605\/image-68.png 669w, https:\/\/dhg1h5j42swfq.cloudfront.net\/2022\/08\/05075605\/image-68-300x51.png 300w, https:\/\/dhg1h5j42swfq.cloudfront.net\/2022\/08\/05075605\/image-68-610x103.png 610w, https:\/\/dhg1h5j42swfq.cloudfront.net\/2022\/08\/05075605\/image-68-150x25.png 150w\" sizes=\"auto, (max-width: 669px) 100vw, 669px\" \/><\/figure>\n\n\n\n<p>Os candidatos ter\u00e3o que apresentar a CNH com a categoria indicada na tabela acima. A prova pr\u00e1tica valer\u00e1 at\u00e9 100 pontos e ser\u00e1 de car\u00e1ter eliminat\u00f3rio e classificat\u00f3rio.<\/p>\n\n\n\n<p>Confira abaixo mais detalhes acerca da prova pr\u00e1tica para os cargos mencionados:<\/p>\n\n\n\n<figure class=\"wp-block-image aligncenter size-full\"><img loading=\"lazy\" decoding=\"async\" width=\"674\" height=\"353\" src=\"https:\/\/dhg1h5j42swfq.cloudfront.net\/2022\/08\/05075753\/image-69.png\" alt=\"Concurso Prefeitura de Assis: prova pr\u00e1tica \" class=\"wp-image-1072422\" srcset=\"https:\/\/dhg1h5j42swfq.cloudfront.net\/2022\/08\/05075753\/image-69.png 674w, https:\/\/dhg1h5j42swfq.cloudfront.net\/2022\/08\/05075753\/image-69-300x157.png 300w, https:\/\/dhg1h5j42swfq.cloudfront.net\/2022\/08\/05075753\/image-69-610x319.png 610w, https:\/\/dhg1h5j42swfq.cloudfront.net\/2022\/08\/05075753\/image-69-150x79.png 150w\" sizes=\"auto, (max-width: 674px) 100vw, 674px\" \/><\/figure>\n\n\n\n<h3 class=\"wp-block-heading\" id=\"avaliacao-de-titulos\">Avalia\u00e7\u00e3o de t\u00edtulos<\/h3>\n\n\n\n<p>Concorrer\u00e3o \u00e0 prova de t\u00edtulos somente os candidatos inscritos nos cargos de n\u00edvel superior de forma\u00e7\u00e3o. A etapa ser\u00e1 de car\u00e1ter apenas classificat\u00f3rio, ou seja, o candidato que n\u00e3o enviar os t\u00edtulos n\u00e3o ser\u00e1 eliminado, por\u00e9m, tamb\u00e9m n\u00e3o ir\u00e1 pontuar. <\/p>\n\n\n\n<figure class=\"wp-block-image aligncenter size-full is-resized\"><img loading=\"lazy\" decoding=\"async\" width=\"702\" height=\"321\" src=\"https:\/\/dhg1h5j42swfq.cloudfront.net\/2022\/09\/03092209\/image-58.png\" alt=\"\" class=\"wp-image-1088841\" style=\"width:685px;height:313px\" srcset=\"https:\/\/dhg1h5j42swfq.cloudfront.net\/2022\/09\/03092209\/image-58.png 702w, https:\/\/dhg1h5j42swfq.cloudfront.net\/2022\/09\/03092209\/image-58-300x137.png 300w, https:\/\/dhg1h5j42swfq.cloudfront.net\/2022\/09\/03092209\/image-58-610x279.png 610w, https:\/\/dhg1h5j42swfq.cloudfront.net\/2022\/09\/03092209\/image-58-150x69.png 150w\" sizes=\"auto, (max-width: 702px) 100vw, 702px\" \/><\/figure>\n\n\n\n<hr class=\"wp-block-separator has-css-opacity\"\/>\n\n\n\n<h2 class=\"wp-block-heading has-text-align-center\" id=\"cursos-assinatura\"><em>Quer estudar para o Concurso Prefeitura de Assis?<\/em><\/h2>\n\n\n\n<div class=\"container\" id=\"boxes\">\n  <div class=\"row\">\n\n    <div class=\"col-sm\">\n      <div class=\"banner-estrategia\" id=\"box-assinatura\">\n        <h3 class=\"titulo-assinatura\">Cursos para concursos<\/h3>\n        <p class=\"subtitulo-assinatura\">Conhe\u00e7a os cursos<\/p>\n        <div class=\"box-botao\">\n          <a class=\"btn-assinatura\" target=\"_blank\" href=\"https:\/\/www.estrategiaconcursos.com.br\/cursos\/\" role=\"button\" rel=\"noopener noreferrer\">Conhe\u00e7a mais<\/a>\n        <\/div>\n      <\/div>\n     \n    <\/div>\n\n  <\/div>\n<\/div>\n\n\n\n<div class=\"container\" id=\"boxes\">\n  <div class=\"row\">\n\n    <div class=\"col-sm\">\n      <div class=\"estrategia\" id=\"box-assinatura\">\n        <h3 class=\"titulo-assinatura\">Assinatura Concursos<\/h3>\n        <p class=\"subtitulo-assinatura\">Assinatura de 1 ano ou 2 anos<\/p>\n        <div class=\"box-botao\">\n          <a class=\"btn-assinatura\" target=\"_blank\" href=\"https:\/\/www.estrategiaconcursos.com.br\/assinaturas\/\" role=\"button\" rel=\"noopener noreferrer\">ASSINE AGORA<\/a>\n        <\/div>\n      <\/div><\/div><\/div><\/div>\n\n\n\n<h2 class=\"wp-block-heading has-text-align-center\" id=\"h-quer-saber-tudo-sobre-concursos-previstos-confira-nossos-artigos\">Quer saber tudo sobre concursos previstos?<br \/>Confira  nossos artigos!<\/h2>\n\n\n\n<ul class=\"wp-block-list\">\n<li><a href=\"https:\/\/www.estrategiaconcursos.com.br\/blog\/concursos-abertos\/\" target=\"_blank\" rel=\"noreferrer noopener\">Concursos abertos<\/a><\/li>\n\n\n\n<li><a href=\"https:\/\/www.estrategiaconcursos.com.br\/blog\/concursos-prefeituras\/\">Concursos prefeituras<\/a><\/li>\n<\/ul>\n\n\n\n<figure class=\"wp-block-image size-large is-resized\"><img loading=\"lazy\" decoding=\"async\" width=\"1024\" height=\"632\" src=\"https:\/\/dhg1h5j42swfq.cloudfront.net\/2025\/06\/27101122\/ficha-tecnica-1-1024x632.png\" alt=\"\" class=\"wp-image-702728\" style=\"width:269px;height:166px\" srcset=\"https:\/\/dhg1h5j42swfq.cloudfront.net\/2025\/06\/27101122\/ficha-tecnica-1-1024x632.png 1024w, https:\/\/dhg1h5j42swfq.cloudfront.net\/2025\/06\/27101122\/ficha-tecnica-1-300x185.png 300w, https:\/\/dhg1h5j42swfq.cloudfront.net\/2025\/06\/27101122\/ficha-tecnica-1-768x474.png 768w, https:\/\/dhg1h5j42swfq.cloudfront.net\/2025\/06\/27101122\/ficha-tecnica-1-1536x948.png 1536w, https:\/\/dhg1h5j42swfq.cloudfront.net\/2025\/06\/27101122\/ficha-tecnica-1-610x377.png 610w, https:\/\/dhg1h5j42swfq.cloudfront.net\/2025\/06\/27101122\/ficha-tecnica-1.png 1571w\" sizes=\"auto, (max-width: 1024px) 100vw, 1024px\" \/><\/figure>\n\n\n\n<h3 class=\"wp-block-heading\" id=\"ficha\">Informa\u00e7\u00f5es do Concurso Prefeitura de Assis<\/h3>\n\n\n\n<ul class=\"wp-block-list\">\n<li><strong style=\"color: initial;\">Provas<\/strong><span style=\"color: initial;\">: <s>09 e 16\/09<\/s><\/span><\/li>\n\n\n\n<li><strong>Vagas<\/strong>: 259 + CR<\/li>\n\n\n\n<li><strong>Cargos<\/strong>: diversos<\/li>\n\n\n\n<li><strong>Banca<\/strong>: Indepac<\/li>\n\n\n\n<li><strong>Escolaridade<\/strong>: n\u00edveis fundamental, m\u00e9dio e superior<\/li>\n\n\n\n<li><strong>Edital retificado:<\/strong> <a href=\"https:\/\/dhg1h5j42swfq.cloudfront.net\/2022\/09\/03092426\/871-1.pdf\" target=\"_blank\" rel=\"noreferrer noopener nofollow\">Prefeitura de Assis<\/a><\/li>\n<\/ul>\n","protected":false},"excerpt":{"rendered":"<p>A primeira etapa de provas do concurso da Prefeitura de Assis, no estado de S\u00e3o Paulo, foi aplicada nos dias 09 e 16 de outubro. Com isso, os gabaritos preliinares j\u00e1 foram divulgados! Confira nos links abaixo: Importante ressaltar que o per\u00edodo para interposi\u00e7\u00e3o de recursos j\u00e1 foi encerrado. O processo p\u00f4de ser realizado diretamente [&hellip;]<\/p>\n","protected":false},"author":1788,"featured_media":1072974,"comment_status":"open","ping_status":"closed","sticky":false,"template":"","format":"standard","meta":{"post_tipo":"news_page","footnotes":""},"categories":[214992],"tags":[],"tax_estado":[219989],"class_list":["post-1072411","post","type-post","status-publish","format-standard","has-post-thumbnail","hentry","category-concursos-administrativos","tax_estado-sp"],"acf":[],"yoast_head":"<!-- This site is optimized with the Yoast SEO Premium plugin v27.2 (Yoast SEO v27.2) - https:\/\/yoast.com\/product\/yoast-seo-premium-wordpress\/ -->\n<title>Concurso Prefeitura de Assis: gabaritos divulgados<\/title>\n<meta name=\"description\" content=\"Concurso Prefeitura de Assis: Edital oferta 259 vagas em diversos cargos. Sal\u00e1rio iniciais de at\u00e9 R$ 14 mil! Veja mais.\" \/>\n<meta name=\"robots\" content=\"index, follow, max-snippet:-1, max-image-preview:large, max-video-preview:-1\" \/>\n<link rel=\"canonical\" href=\"https:\/\/www.estrategiaconcursos.com.br\/blog\/concurso-prefeitura-assis\/\" \/>\n<meta property=\"og:locale\" content=\"pt_BR\" \/>\n<meta property=\"og:type\" content=\"article\" \/>\n<meta property=\"og:title\" content=\"Concurso Prefeitura de Assis: gabaritos divulgados\" \/>\n<meta property=\"og:description\" content=\"Concurso Prefeitura de Assis: Edital oferta 259 vagas em diversos cargos. Sal\u00e1rio iniciais de at\u00e9 R$ 14 mil! Veja mais.\" \/>\n<meta property=\"og:url\" content=\"https:\/\/www.estrategiaconcursos.com.br\/blog\/concurso-prefeitura-assis\/\" \/>\n<meta property=\"og:site_name\" content=\"Estrat\u00e9gia Concursos\" \/>\n<meta property=\"article:published_time\" content=\"2022-10-20T13:00:00+00:00\" \/>\n<meta property=\"article:modified_time\" content=\"2024-01-10T14:04:20+00:00\" \/>\n<meta property=\"og:image\" content=\"https:\/\/dhg1h5j42swfq.cloudfront.net\/2022\/08\/05165624\/prefeitura_de_assis_sp.jpg\" \/>\n\t<meta property=\"og:image:width\" content=\"768\" \/>\n\t<meta property=\"og:image:height\" content=\"432\" \/>\n\t<meta property=\"og:image:type\" content=\"image\/jpeg\" \/>\n<meta name=\"author\" content=\"Coordena\u00e7\u00e3o\" \/>\n<meta name=\"twitter:card\" content=\"summary_large_image\" \/>\n<meta name=\"twitter:creator\" content=\"@EstratConcursos\" \/>\n<meta name=\"twitter:site\" content=\"@EstratConcursos\" \/>\n<meta name=\"twitter:label1\" content=\"Escrito por\" \/>\n\t<meta name=\"twitter:data1\" content=\"Coordena\u00e7\u00e3o\" \/>\n\t<meta name=\"twitter:label2\" content=\"Est. tempo de leitura\" \/>\n\t<meta name=\"twitter:data2\" content=\"7 minutos\" \/>\n<script type=\"application\/ld+json\" class=\"yoast-schema-graph\">{\"@context\":\"https:\/\/schema.org\",\"@graph\":[{\"@type\":\"NewsArticle\",\"@id\":\"https:\/\/www.estrategiaconcursos.com.br\/blog\/concurso-prefeitura-assis\/#article\",\"isPartOf\":{\"@id\":\"https:\/\/www.estrategiaconcursos.com.br\/blog\/concurso-prefeitura-assis\/\"},\"author\":{\"name\":\"Coordena\u00e7\u00e3o\",\"@id\":\"https:\/\/www.estrategiaconcursos.com.br\/blog\/#\/schema\/person\/045703eed12dcfcc3fc58d658357c347\"},\"headline\":\"Concurso Prefeitura de Assis: gabaritos divulgados\",\"datePublished\":\"2022-10-20T13:00:00+00:00\",\"dateModified\":\"2024-01-10T14:04:20+00:00\",\"mainEntityOfPage\":{\"@id\":\"https:\/\/www.estrategiaconcursos.com.br\/blog\/concurso-prefeitura-assis\/\"},\"wordCount\":869,\"commentCount\":0,\"publisher\":{\"@id\":\"https:\/\/www.estrategiaconcursos.com.br\/blog\/#organization\"},\"image\":{\"@id\":\"https:\/\/www.estrategiaconcursos.com.br\/blog\/concurso-prefeitura-assis\/#primaryimage\"},\"thumbnailUrl\":\"https:\/\/dhg1h5j42swfq.cloudfront.net\/2022\/08\/05165624\/prefeitura_de_assis_sp.jpg\",\"articleSection\":[\"Executivo (Administrativa)\"],\"inLanguage\":\"pt-BR\",\"potentialAction\":[{\"@type\":\"CommentAction\",\"name\":\"Comment\",\"target\":[\"https:\/\/www.estrategiaconcursos.com.br\/blog\/concurso-prefeitura-assis\/#respond\"]}],\"copyrightYear\":\"2022\",\"copyrightHolder\":{\"@id\":\"https:\/\/www.estrategiaconcursos.com.br\/blog\/#organization\"}},{\"@type\":\"WebPage\",\"@id\":\"https:\/\/www.estrategiaconcursos.com.br\/blog\/concurso-prefeitura-assis\/\",\"url\":\"https:\/\/www.estrategiaconcursos.com.br\/blog\/concurso-prefeitura-assis\/\",\"name\":\"Concurso Prefeitura de Assis: gabaritos divulgados\",\"isPartOf\":{\"@id\":\"https:\/\/www.estrategiaconcursos.com.br\/blog\/#website\"},\"primaryImageOfPage\":{\"@id\":\"https:\/\/www.estrategiaconcursos.com.br\/blog\/concurso-prefeitura-assis\/#primaryimage\"},\"image\":{\"@id\":\"https:\/\/www.estrategiaconcursos.com.br\/blog\/concurso-prefeitura-assis\/#primaryimage\"},\"thumbnailUrl\":\"https:\/\/dhg1h5j42swfq.cloudfront.net\/2022\/08\/05165624\/prefeitura_de_assis_sp.jpg\",\"datePublished\":\"2022-10-20T13:00:00+00:00\",\"dateModified\":\"2024-01-10T14:04:20+00:00\",\"description\":\"Concurso Prefeitura de Assis: Edital oferta 259 vagas em diversos cargos. Sal\u00e1rio iniciais de at\u00e9 R$ 14 mil! Veja mais.\",\"breadcrumb\":{\"@id\":\"https:\/\/www.estrategiaconcursos.com.br\/blog\/concurso-prefeitura-assis\/#breadcrumb\"},\"inLanguage\":\"pt-BR\",\"potentialAction\":[{\"@type\":\"ReadAction\",\"target\":[\"https:\/\/www.estrategiaconcursos.com.br\/blog\/concurso-prefeitura-assis\/\"]}]},{\"@type\":\"ImageObject\",\"inLanguage\":\"pt-BR\",\"@id\":\"https:\/\/www.estrategiaconcursos.com.br\/blog\/concurso-prefeitura-assis\/#primaryimage\",\"url\":\"https:\/\/dhg1h5j42swfq.cloudfront.net\/2022\/08\/05165624\/prefeitura_de_assis_sp.jpg\",\"contentUrl\":\"https:\/\/dhg1h5j42swfq.cloudfront.net\/2022\/08\/05165624\/prefeitura_de_assis_sp.jpg\",\"width\":768,\"height\":432},{\"@type\":\"BreadcrumbList\",\"@id\":\"https:\/\/www.estrategiaconcursos.com.br\/blog\/concurso-prefeitura-assis\/#breadcrumb\",\"itemListElement\":[{\"@type\":\"ListItem\",\"position\":1,\"name\":\"In\u00edcio\",\"item\":\"https:\/\/www.estrategiaconcursos.com.br\/blog\/\"},{\"@type\":\"ListItem\",\"position\":2,\"name\":\"Concurso Prefeitura de Assis: gabaritos divulgados\"}]},{\"@type\":\"WebSite\",\"@id\":\"https:\/\/www.estrategiaconcursos.com.br\/blog\/#website\",\"url\":\"https:\/\/www.estrategiaconcursos.com.br\/blog\/\",\"name\":\"Estrat\u00e9gia Concursos\",\"description\":\"O blog da Estrat\u00e9gia Concursos traz not\u00edcias sobre concursos e artigos de professores oferecendo cursos para concursos (pdf + videaulas) no site.\",\"publisher\":{\"@id\":\"https:\/\/www.estrategiaconcursos.com.br\/blog\/#organization\"},\"potentialAction\":[{\"@type\":\"SearchAction\",\"target\":{\"@type\":\"EntryPoint\",\"urlTemplate\":\"https:\/\/www.estrategiaconcursos.com.br\/blog\/?s={search_term_string}\"},\"query-input\":{\"@type\":\"PropertyValueSpecification\",\"valueRequired\":true,\"valueName\":\"search_term_string\"}}],\"inLanguage\":\"pt-BR\"},{\"@type\":\"Organization\",\"@id\":\"https:\/\/www.estrategiaconcursos.com.br\/blog\/#organization\",\"name\":\"Estrat\u00e9gia Concursos\",\"url\":\"https:\/\/www.estrategiaconcursos.com.br\/blog\/\",\"logo\":{\"@type\":\"ImageObject\",\"inLanguage\":\"pt-BR\",\"@id\":\"https:\/\/www.estrategiaconcursos.com.br\/blog\/#\/schema\/logo\/image\/\",\"url\":\"https:\/\/dhg1h5j42swfq.cloudfront.net\/2025\/06\/03203428\/logo_concursos-1.jpg\",\"contentUrl\":\"https:\/\/dhg1h5j42swfq.cloudfront.net\/2025\/06\/03203428\/logo_concursos-1.jpg\",\"width\":230,\"height\":60,\"caption\":\"Estrat\u00e9gia Concursos\"},\"image\":{\"@id\":\"https:\/\/www.estrategiaconcursos.com.br\/blog\/#\/schema\/logo\/image\/\"},\"sameAs\":[\"https:\/\/x.com\/EstratConcursos\"]},{\"@type\":\"Person\",\"@id\":\"https:\/\/www.estrategiaconcursos.com.br\/blog\/#\/schema\/person\/045703eed12dcfcc3fc58d658357c347\",\"name\":\"Coordena\u00e7\u00e3o\",\"image\":{\"@type\":\"ImageObject\",\"inLanguage\":\"pt-BR\",\"@id\":\"https:\/\/secure.gravatar.com\/avatar\/f3095faeb99f4ee382a251aa279c830bd3f320ce3b5f2b4981bcc67f49efef63?s=96&d=mm&r=g\",\"url\":\"https:\/\/secure.gravatar.com\/avatar\/f3095faeb99f4ee382a251aa279c830bd3f320ce3b5f2b4981bcc67f49efef63?s=96&d=mm&r=g\",\"contentUrl\":\"https:\/\/secure.gravatar.com\/avatar\/f3095faeb99f4ee382a251aa279c830bd3f320ce3b5f2b4981bcc67f49efef63?s=96&d=mm&r=g\",\"caption\":\"Coordena\u00e7\u00e3o\"},\"url\":\"https:\/\/www.estrategiaconcursos.com.br\/blog\/author\/contatoestrategiaconcursos-com-br-2\/\"}]}<\/script>\n<!-- \/ Yoast SEO Premium plugin. -->","yoast_head_json":{"title":"Concurso Prefeitura de Assis: gabaritos divulgados","description":"Concurso Prefeitura de Assis: Edital oferta 259 vagas em diversos cargos. Sal\u00e1rio iniciais de at\u00e9 R$ 14 mil! Veja mais.","robots":{"index":"index","follow":"follow","max-snippet":"max-snippet:-1","max-image-preview":"max-image-preview:large","max-video-preview":"max-video-preview:-1"},"canonical":"https:\/\/www.estrategiaconcursos.com.br\/blog\/concurso-prefeitura-assis\/","og_locale":"pt_BR","og_type":"article","og_title":"Concurso Prefeitura de Assis: gabaritos divulgados","og_description":"Concurso Prefeitura de Assis: Edital oferta 259 vagas em diversos cargos. Sal\u00e1rio iniciais de at\u00e9 R$ 14 mil! Veja mais.","og_url":"https:\/\/www.estrategiaconcursos.com.br\/blog\/concurso-prefeitura-assis\/","og_site_name":"Estrat\u00e9gia Concursos","article_published_time":"2022-10-20T13:00:00+00:00","article_modified_time":"2024-01-10T14:04:20+00:00","og_image":[{"width":768,"height":432,"url":"https:\/\/dhg1h5j42swfq.cloudfront.net\/2022\/08\/05165624\/prefeitura_de_assis_sp.jpg","type":"image\/jpeg"}],"author":"Coordena\u00e7\u00e3o","twitter_card":"summary_large_image","twitter_creator":"@EstratConcursos","twitter_site":"@EstratConcursos","twitter_misc":{"Escrito por":"Coordena\u00e7\u00e3o","Est. tempo de leitura":"7 minutos"},"schema":{"@context":"https:\/\/schema.org","@graph":[{"@type":"NewsArticle","@id":"https:\/\/www.estrategiaconcursos.com.br\/blog\/concurso-prefeitura-assis\/#article","isPartOf":{"@id":"https:\/\/www.estrategiaconcursos.com.br\/blog\/concurso-prefeitura-assis\/"},"author":{"name":"Coordena\u00e7\u00e3o","@id":"https:\/\/www.estrategiaconcursos.com.br\/blog\/#\/schema\/person\/045703eed12dcfcc3fc58d658357c347"},"headline":"Concurso Prefeitura de Assis: gabaritos divulgados","datePublished":"2022-10-20T13:00:00+00:00","dateModified":"2024-01-10T14:04:20+00:00","mainEntityOfPage":{"@id":"https:\/\/www.estrategiaconcursos.com.br\/blog\/concurso-prefeitura-assis\/"},"wordCount":869,"commentCount":0,"publisher":{"@id":"https:\/\/www.estrategiaconcursos.com.br\/blog\/#organization"},"image":{"@id":"https:\/\/www.estrategiaconcursos.com.br\/blog\/concurso-prefeitura-assis\/#primaryimage"},"thumbnailUrl":"https:\/\/dhg1h5j42swfq.cloudfront.net\/2022\/08\/05165624\/prefeitura_de_assis_sp.jpg","articleSection":["Executivo (Administrativa)"],"inLanguage":"pt-BR","potentialAction":[{"@type":"CommentAction","name":"Comment","target":["https:\/\/www.estrategiaconcursos.com.br\/blog\/concurso-prefeitura-assis\/#respond"]}],"copyrightYear":"2022","copyrightHolder":{"@id":"https:\/\/www.estrategiaconcursos.com.br\/blog\/#organization"}},{"@type":"WebPage","@id":"https:\/\/www.estrategiaconcursos.com.br\/blog\/concurso-prefeitura-assis\/","url":"https:\/\/www.estrategiaconcursos.com.br\/blog\/concurso-prefeitura-assis\/","name":"Concurso Prefeitura de Assis: gabaritos divulgados","isPartOf":{"@id":"https:\/\/www.estrategiaconcursos.com.br\/blog\/#website"},"primaryImageOfPage":{"@id":"https:\/\/www.estrategiaconcursos.com.br\/blog\/concurso-prefeitura-assis\/#primaryimage"},"image":{"@id":"https:\/\/www.estrategiaconcursos.com.br\/blog\/concurso-prefeitura-assis\/#primaryimage"},"thumbnailUrl":"https:\/\/dhg1h5j42swfq.cloudfront.net\/2022\/08\/05165624\/prefeitura_de_assis_sp.jpg","datePublished":"2022-10-20T13:00:00+00:00","dateModified":"2024-01-10T14:04:20+00:00","description":"Concurso Prefeitura de Assis: Edital oferta 259 vagas em diversos cargos. Sal\u00e1rio iniciais de at\u00e9 R$ 14 mil! Veja mais.","breadcrumb":{"@id":"https:\/\/www.estrategiaconcursos.com.br\/blog\/concurso-prefeitura-assis\/#breadcrumb"},"inLanguage":"pt-BR","potentialAction":[{"@type":"ReadAction","target":["https:\/\/www.estrategiaconcursos.com.br\/blog\/concurso-prefeitura-assis\/"]}]},{"@type":"ImageObject","inLanguage":"pt-BR","@id":"https:\/\/www.estrategiaconcursos.com.br\/blog\/concurso-prefeitura-assis\/#primaryimage","url":"https:\/\/dhg1h5j42swfq.cloudfront.net\/2022\/08\/05165624\/prefeitura_de_assis_sp.jpg","contentUrl":"https:\/\/dhg1h5j42swfq.cloudfront.net\/2022\/08\/05165624\/prefeitura_de_assis_sp.jpg","width":768,"height":432},{"@type":"BreadcrumbList","@id":"https:\/\/www.estrategiaconcursos.com.br\/blog\/concurso-prefeitura-assis\/#breadcrumb","itemListElement":[{"@type":"ListItem","position":1,"name":"In\u00edcio","item":"https:\/\/www.estrategiaconcursos.com.br\/blog\/"},{"@type":"ListItem","position":2,"name":"Concurso Prefeitura de Assis: gabaritos divulgados"}]},{"@type":"WebSite","@id":"https:\/\/www.estrategiaconcursos.com.br\/blog\/#website","url":"https:\/\/www.estrategiaconcursos.com.br\/blog\/","name":"Estrat\u00e9gia Concursos","description":"O blog da Estrat\u00e9gia Concursos traz not\u00edcias sobre concursos e artigos de professores oferecendo cursos para concursos (pdf + videaulas) no site.","publisher":{"@id":"https:\/\/www.estrategiaconcursos.com.br\/blog\/#organization"},"potentialAction":[{"@type":"SearchAction","target":{"@type":"EntryPoint","urlTemplate":"https:\/\/www.estrategiaconcursos.com.br\/blog\/?s={search_term_string}"},"query-input":{"@type":"PropertyValueSpecification","valueRequired":true,"valueName":"search_term_string"}}],"inLanguage":"pt-BR"},{"@type":"Organization","@id":"https:\/\/www.estrategiaconcursos.com.br\/blog\/#organization","name":"Estrat\u00e9gia Concursos","url":"https:\/\/www.estrategiaconcursos.com.br\/blog\/","logo":{"@type":"ImageObject","inLanguage":"pt-BR","@id":"https:\/\/www.estrategiaconcursos.com.br\/blog\/#\/schema\/logo\/image\/","url":"https:\/\/dhg1h5j42swfq.cloudfront.net\/2025\/06\/03203428\/logo_concursos-1.jpg","contentUrl":"https:\/\/dhg1h5j42swfq.cloudfront.net\/2025\/06\/03203428\/logo_concursos-1.jpg","width":230,"height":60,"caption":"Estrat\u00e9gia Concursos"},"image":{"@id":"https:\/\/www.estrategiaconcursos.com.br\/blog\/#\/schema\/logo\/image\/"},"sameAs":["https:\/\/x.com\/EstratConcursos"]},{"@type":"Person","@id":"https:\/\/www.estrategiaconcursos.com.br\/blog\/#\/schema\/person\/045703eed12dcfcc3fc58d658357c347","name":"Coordena\u00e7\u00e3o","image":{"@type":"ImageObject","inLanguage":"pt-BR","@id":"https:\/\/secure.gravatar.com\/avatar\/f3095faeb99f4ee382a251aa279c830bd3f320ce3b5f2b4981bcc67f49efef63?s=96&d=mm&r=g","url":"https:\/\/secure.gravatar.com\/avatar\/f3095faeb99f4ee382a251aa279c830bd3f320ce3b5f2b4981bcc67f49efef63?s=96&d=mm&r=g","contentUrl":"https:\/\/secure.gravatar.com\/avatar\/f3095faeb99f4ee382a251aa279c830bd3f320ce3b5f2b4981bcc67f49efef63?s=96&d=mm&r=g","caption":"Coordena\u00e7\u00e3o"},"url":"https:\/\/www.estrategiaconcursos.com.br\/blog\/author\/contatoestrategiaconcursos-com-br-2\/"}]}},"_links":{"self":[{"href":"https:\/\/www.estrategiaconcursos.com.br\/blog\/wp-json\/wp\/v2\/posts\/1072411","targetHints":{"allow":["GET"]}}],"collection":[{"href":"https:\/\/www.estrategiaconcursos.com.br\/blog\/wp-json\/wp\/v2\/posts"}],"about":[{"href":"https:\/\/www.estrategiaconcursos.com.br\/blog\/wp-json\/wp\/v2\/types\/post"}],"author":[{"embeddable":true,"href":"https:\/\/www.estrategiaconcursos.com.br\/blog\/wp-json\/wp\/v2\/users\/1788"}],"replies":[{"embeddable":true,"href":"https:\/\/www.estrategiaconcursos.com.br\/blog\/wp-json\/wp\/v2\/comments?post=1072411"}],"version-history":[{"count":37,"href":"https:\/\/www.estrategiaconcursos.com.br\/blog\/wp-json\/wp\/v2\/posts\/1072411\/revisions"}],"predecessor-version":[{"id":1333116,"href":"https:\/\/www.estrategiaconcursos.com.br\/blog\/wp-json\/wp\/v2\/posts\/1072411\/revisions\/1333116"}],"wp:featuredmedia":[{"embeddable":true,"href":"https:\/\/www.estrategiaconcursos.com.br\/blog\/wp-json\/wp\/v2\/media\/1072974"}],"wp:attachment":[{"href":"https:\/\/www.estrategiaconcursos.com.br\/blog\/wp-json\/wp\/v2\/media?parent=1072411"}],"wp:term":[{"taxonomy":"category","embeddable":true,"href":"https:\/\/www.estrategiaconcursos.com.br\/blog\/wp-json\/wp\/v2\/categories?post=1072411"},{"taxonomy":"post_tag","embeddable":true,"href":"https:\/\/www.estrategiaconcursos.com.br\/blog\/wp-json\/wp\/v2\/tags?post=1072411"},{"taxonomy":"tax_estado","embeddable":true,"href":"https:\/\/www.estrategiaconcursos.com.br\/blog\/wp-json\/wp\/v2\/tax_estado?post=1072411"}],"curies":[{"name":"wp","href":"https:\/\/api.w.org\/{rel}","templated":true}]}}