{"id":1072255,"date":"2022-08-04T18:27:51","date_gmt":"2022-08-04T21:27:51","guid":{"rendered":"https:\/\/www.estrategiaconcursos.com.br\/blog\/?p=1072255"},"modified":"2022-08-04T21:14:47","modified_gmt":"2022-08-05T00:14:47","slug":"concurso-sap-sc-projeto-basico","status":"publish","type":"post","link":"https:\/\/www.estrategiaconcursos.com.br\/blog\/concurso-sap-sc-projeto-basico\/","title":{"rendered":"Concurso SAP SC: confira detalhes do projeto b\u00e1sico do certame!"},"content":{"rendered":"\n<p>Aten\u00e7\u00e3o, corujas: foi divulgado o <strong>projeto b\u00e1sico<\/strong> que cont\u00e9m os detalhes do pr\u00f3ximo <strong>concurso SAP SC<\/strong>. Confira abaixo o documento na \u00edntegra!<\/p>\n\n\n\n<ul class=\"has-very-light-gray-to-cyan-bluish-gray-gradient-background has-background has-medium-font-size wp-block-list\"><li><strong><a href=\"https:\/\/dhg1h5j42swfq.cloudfront.net\/2022\/08\/04174322\/document-14.pdf\" target=\"_blank\" rel=\"noreferrer noopener nofollow\">Projeto b\u00e1sico<\/a><\/strong><\/li><\/ul>\n\n\n\n<p>Al\u00e9m disso, a assessoria de imprensa do \u00f3rg\u00e3o confirmou \u00e0 equipe do Estrat\u00e9gia que o edital \u00e9 aguardado para breve, com provas aplicadas j\u00e1 em 2023.<\/p>\n\n\n\n<p>Importante lembrar que, recentemente, foi publicado o extrato de contrato que oficializou o IESES como banca organizadora do certame.<\/p>\n\n\n\n<h2 class=\"has-cyan-bluish-gray-background-color has-background wp-block-heading\" id=\"h-veja-os-detalhes-do-projeto-basico-do-concurso-sap-sc\" style=\"font-size:clamp(16.834px, 1.052rem + ((1vw - 3.2px) * 0.899), 26px);\">Veja os detalhes do projeto b\u00e1sico do concurso SAP SC!<\/h2>\n\n\n\n<ul class=\"wp-block-list\" style=\"font-size:clamp(15.747px, 0.984rem + ((1vw - 3.2px) * 0.809), 24px);\"><li><span style=\"text-decoration: underline;\">Cargos e vagas previstas<\/span><\/li><\/ul>\n\n\n\n<p>Segundo o documento, ser\u00e3o ofertadas<strong> 67 vagas<\/strong> imediatas. Entretanto, a assessoria de comunica\u00e7\u00e3o do \u00f3rg\u00e3o havia confirmado a oferta de 43 oportunidades.<\/p>\n\n\n\n<p>Tamb\u00e9m haver\u00e1 forma\u00e7\u00e3o de cadastro reserva a\u00a0<strong>cargos da \u00e1rea de Apoio<\/strong>\u00a0da Secretaria de Administra\u00e7\u00e3o Prisional e Socioeducativa (SAP SC), entre as seguintes especialidades:<\/p>\n\n\n\n<ul class=\"wp-block-list\"><li>Administrativa &#8211; Analista T\u00e9cnico Administrativo II: 4 vagas + CR;<\/li><li>Administrativa &#8211; T\u00e9cnico em Atividades Administrativas: 13 vagas + CR;<\/li><li>Educa\u00e7\u00e3o &#8211; Instrutor: 2 vagas + CR;<\/li><li>Educa\u00e7\u00e3o &#8211; Pedagogo: 5 vagas + CR;<\/li><li>Sa\u00fade &#8211; Cirurgi\u00e3o Dentista: 3 vagas + CR;<\/li><li>Sa\u00fade &#8211; Enfermeiro: 1 vaga + CR;<\/li><li>Sa\u00fade &#8211; M\u00e9dico Cl\u00ednico Geral: 8 vagas + CR;<\/li><li>Sa\u00fade &#8211; M\u00e9dico Psiquiatra: 24 vagas + CR;<\/li><li>Sa\u00fade &#8211; Nutricionista: 1 vaga + CR;<\/li><li>Sa\u00fade- T\u00e9cnico em Atividade de Sa\u00fade: 1 vaga + CR;<\/li><li>T\u00e9cnica &#8211; Assistente Social: 3 vagas + CR; e<\/li><li>T\u00e9cnica &#8211; Psic\u00f3logo: 2 vagas + CR.<\/li><\/ul>\n\n\n\n<p>A prova objetiva ser\u00e1 composta por 50 quest\u00f5es de m\u00faltipla escolha, com 05  alternativas de resposta, de \u201cA\u201d a \u201cE\u201d, das quais somente uma dever\u00e1 ser assinalada como correta.<\/p>\n\n\n\n<p>A referida etapa poder\u00e1 ser aplicada nos munic\u00edpios de Florian\u00f3polis, Crici\u00fama, Joinville, Itaja\u00ed, Blumenau, Lages e Chapec\u00f3, todas no estado de Santa Catarina.<\/p>\n\n\n\n<p>Vale lembrar que, ainda neste ano, a Secretaria de Administra\u00e7\u00e3o Prisional e Socioeducativa realizou um processo seletivo com 1.051 vagas para diversos cargos nos n\u00edveis m\u00e9dio\/t\u00e9cnico e superior, com sal\u00e1rios de at\u00e9 R$ 3.998,70.<\/p>\n\n\n\n<p>Quer conferir todas as informa\u00e7\u00f5es sobre o projeto b\u00e1sico do concurso <a href=\"https:\/\/www.sap.sc.gov.br\/\" target=\"_blank\" rel=\"noreferrer noopener\">SAP SC<\/a>? Acesse nosso artigo na \u00edntegra:<\/p>\n\n\n\n<h2 class=\"has-text-align-center has-cyan-bluish-gray-background-color has-background has-medium-font-size wp-block-heading\" id=\"cursos-assinatura\"><a href=\"https:\/\/www.estrategiaconcursos.com.br\/blog\/concurso-sap-sc\/\" target=\"_blank\" rel=\"noreferrer noopener\">Concurso SAP SC<\/a><\/h2>\n\n\n\n<h2 class=\"has-text-align-center wp-block-heading\" id=\"quer-estudar-para-o-concurso-sap-sc\">Quer estudar para o concurso SAP SC?<\/h2>\n\n\n\n<hr class=\"wp-block-separator\"\/>\n\n\n\n<div class=\"container\" id=\"boxes\">\n  <div class=\"row\">\n\n    <div class=\"col-sm\">\n      <div class=\"banner-adm\" id=\"box-assinatura\">\n        <h3 class=\"titulo-assinatura\">Concurso SAP SC<\/h3>\n        <p class=\"subtitulo-assinatura\">Conhe\u00e7a os cursos<\/p>\n        <div class=\"box-botao\">\n          <a class=\"btn-assinatura\" target=\"_blank\" href=\"https:\/\/www.estrategiaconcursos.com.br\/cursos\/concurso\/\" role=\"button\" rel=\"noopener noreferrer\">Conhe\u00e7a mais<\/a>\n        <\/div>\n      <\/div>\n      <p class=\"texto-auxiliar\"><\/p>\n    <\/div>\n\n  <\/div>\n<\/div>\n\n\n\n<div class=\"container\" id=\"boxes\">\n  <div class=\"row\">\n\n    <div class=\"col-sm\">\n      <div class=\"estrategia\" id=\"box-assinatura\">\n        <h3 class=\"titulo-assinatura\">Assinatura Concursos<\/h3>\n        <p class=\"subtitulo-assinatura\">Assinatura de 1 ano ou 2 anos<\/p>\n        <div class=\"box-botao\">\n          <a class=\"btn-assinatura\" target=\"_blank\" href=\"https:\/\/www.estrategiaconcursos.com.br\/assinaturas\/\" role=\"button\" rel=\"noopener noreferrer\">ASSINE AGORA<\/a>\n        <\/div>\n      <\/div>\n     \n    <\/div><\/div><\/div>\n\n\n\n<h2 class=\"has-text-align-center wp-block-heading\" id=\"cursos\">Quer saber tudo sobre concursos previstos?<br \/>Confira nossos artigos!<\/h2>\n\n\n\n<ul class=\"wp-block-list\"><li><a href=\"https:\/\/www.estrategiaconcursos.com.br\/blog\/concursos-abertos\/\" target=\"_blank\" rel=\"noreferrer noopener\">Concursos abertos<\/a><\/li><li><a href=\"https:\/\/www.estrategiaconcursos.com.br\/blog\/concursos-2022\/\" target=\"_blank\" rel=\"noreferrer noopener\">Concursos 2022<\/a><\/li><li><a href=\"https:\/\/www.estrategiaconcursos.com.br\/blog\/concursos-2023\/\" target=\"_blank\" rel=\"noreferrer noopener\">Concursos 2023<\/a><\/li><\/ul>\n","protected":false},"excerpt":{"rendered":"<p>Aten\u00e7\u00e3o, corujas: foi divulgado o projeto b\u00e1sico que cont\u00e9m os detalhes do pr\u00f3ximo concurso SAP SC. Confira abaixo o documento na \u00edntegra! Projeto b\u00e1sico Al\u00e9m disso, a assessoria de imprensa do \u00f3rg\u00e3o confirmou \u00e0 equipe do Estrat\u00e9gia que o edital \u00e9 aguardado para breve, com provas aplicadas j\u00e1 em 2023. Importante lembrar que, recentemente, foi [&hellip;]<\/p>\n","protected":false},"author":2134,"featured_media":1042780,"comment_status":"open","ping_status":"closed","sticky":false,"template":"","format":"standard","meta":{"post_tipo":"news","footnotes":""},"categories":[220188,220219],"tags":[],"tax_estado":[219987],"class_list":["post-1072255","post","type-post","status-publish","format-standard","has-post-thumbnail","hentry","category-policial-agente-penitenciario","category-noticias","tax_estado-sc"],"acf":[],"yoast_head":"<!-- This site is optimized with the Yoast SEO Premium plugin v27.2 (Yoast SEO v27.2) - https:\/\/yoast.com\/product\/yoast-seo-premium-wordpress\/ -->\n<title>Concurso SAP SC: confira detalhes do projeto b\u00e1sico do certame!<\/title>\n<meta name=\"description\" content=\"Concurso SAP SC: confira neste artigo detalhes do projeto b\u00e1sico da pr\u00f3xima sele\u00e7\u00e3o. Ser\u00e3o 67 vagas + CR para a \u00e1rea de apoio do \u00f3rg\u00e3o!\" \/>\n<meta name=\"robots\" content=\"index, follow, max-snippet:-1, max-image-preview:large, max-video-preview:-1\" \/>\n<link rel=\"canonical\" href=\"https:\/\/www.estrategiaconcursos.com.br\/blog\/concurso-sap-sc-projeto-basico\/\" \/>\n<meta property=\"og:locale\" content=\"pt_BR\" \/>\n<meta property=\"og:type\" content=\"article\" \/>\n<meta property=\"og:title\" content=\"Concurso SAP SC: confira detalhes do projeto b\u00e1sico do certame!\" \/>\n<meta property=\"og:description\" content=\"Concurso SAP SC: confira neste artigo detalhes do projeto b\u00e1sico da pr\u00f3xima sele\u00e7\u00e3o. Ser\u00e3o 67 vagas + CR para a \u00e1rea de apoio do \u00f3rg\u00e3o!\" \/>\n<meta property=\"og:url\" content=\"https:\/\/www.estrategiaconcursos.com.br\/blog\/concurso-sap-sc-projeto-basico\/\" \/>\n<meta property=\"og:site_name\" content=\"Estrat\u00e9gia Concursos\" \/>\n<meta property=\"article:published_time\" content=\"2022-08-04T21:27:51+00:00\" \/>\n<meta property=\"article:modified_time\" content=\"2022-08-05T00:14:47+00:00\" \/>\n<meta property=\"og:image\" content=\"https:\/\/dhg1h5j42swfq.cloudfront.net\/2022\/06\/09170636\/concurso-sap-sc.jpg\" \/>\n\t<meta property=\"og:image:width\" content=\"768\" \/>\n\t<meta property=\"og:image:height\" content=\"432\" \/>\n\t<meta property=\"og:image:type\" content=\"image\/jpeg\" \/>\n<meta name=\"author\" content=\"Rafaela Teixeira\" \/>\n<meta name=\"twitter:card\" content=\"summary_large_image\" \/>\n<meta name=\"twitter:creator\" content=\"@EstratConcursos\" \/>\n<meta name=\"twitter:site\" content=\"@EstratConcursos\" \/>\n<meta name=\"twitter:label1\" content=\"Escrito por\" \/>\n\t<meta name=\"twitter:data1\" content=\"Rafaela Teixeira\" \/>\n\t<meta name=\"twitter:label2\" content=\"Est. tempo de leitura\" \/>\n\t<meta name=\"twitter:data2\" content=\"2 minutos\" \/>\n<script type=\"application\/ld+json\" class=\"yoast-schema-graph\">{\"@context\":\"https:\/\/schema.org\",\"@graph\":[{\"@type\":\"NewsArticle\",\"@id\":\"https:\/\/www.estrategiaconcursos.com.br\/blog\/concurso-sap-sc-projeto-basico\/#article\",\"isPartOf\":{\"@id\":\"https:\/\/www.estrategiaconcursos.com.br\/blog\/concurso-sap-sc-projeto-basico\/\"},\"author\":{\"name\":\"Rafaela Teixeira\",\"@id\":\"https:\/\/www.estrategiaconcursos.com.br\/blog\/#\/schema\/person\/e75352021ea7f60781c599934f916eb1\"},\"headline\":\"Concurso SAP SC: confira detalhes do projeto b\u00e1sico do certame!\",\"datePublished\":\"2022-08-04T21:27:51+00:00\",\"dateModified\":\"2022-08-05T00:14:47+00:00\",\"mainEntityOfPage\":{\"@id\":\"https:\/\/www.estrategiaconcursos.com.br\/blog\/concurso-sap-sc-projeto-basico\/\"},\"wordCount\":400,\"commentCount\":0,\"publisher\":{\"@id\":\"https:\/\/www.estrategiaconcursos.com.br\/blog\/#organization\"},\"image\":{\"@id\":\"https:\/\/www.estrategiaconcursos.com.br\/blog\/concurso-sap-sc-projeto-basico\/#primaryimage\"},\"thumbnailUrl\":\"https:\/\/dhg1h5j42swfq.cloudfront.net\/2022\/06\/09170636\/concurso-sap-sc.jpg\",\"articleSection\":[\"Policial (Agente Penitenci\u00e1rio)\",\"\u00daltimas not\u00edcias\"],\"inLanguage\":\"pt-BR\",\"potentialAction\":[{\"@type\":\"CommentAction\",\"name\":\"Comment\",\"target\":[\"https:\/\/www.estrategiaconcursos.com.br\/blog\/concurso-sap-sc-projeto-basico\/#respond\"]}],\"copyrightYear\":\"2022\",\"copyrightHolder\":{\"@id\":\"https:\/\/www.estrategiaconcursos.com.br\/blog\/#organization\"}},{\"@type\":\"WebPage\",\"@id\":\"https:\/\/www.estrategiaconcursos.com.br\/blog\/concurso-sap-sc-projeto-basico\/\",\"url\":\"https:\/\/www.estrategiaconcursos.com.br\/blog\/concurso-sap-sc-projeto-basico\/\",\"name\":\"Concurso SAP SC: confira detalhes do projeto b\u00e1sico do certame!\",\"isPartOf\":{\"@id\":\"https:\/\/www.estrategiaconcursos.com.br\/blog\/#website\"},\"primaryImageOfPage\":{\"@id\":\"https:\/\/www.estrategiaconcursos.com.br\/blog\/concurso-sap-sc-projeto-basico\/#primaryimage\"},\"image\":{\"@id\":\"https:\/\/www.estrategiaconcursos.com.br\/blog\/concurso-sap-sc-projeto-basico\/#primaryimage\"},\"thumbnailUrl\":\"https:\/\/dhg1h5j42swfq.cloudfront.net\/2022\/06\/09170636\/concurso-sap-sc.jpg\",\"datePublished\":\"2022-08-04T21:27:51+00:00\",\"dateModified\":\"2022-08-05T00:14:47+00:00\",\"description\":\"Concurso SAP SC: confira neste artigo detalhes do projeto b\u00e1sico da pr\u00f3xima sele\u00e7\u00e3o. Ser\u00e3o 67 vagas + CR para a \u00e1rea de apoio do \u00f3rg\u00e3o!\",\"breadcrumb\":{\"@id\":\"https:\/\/www.estrategiaconcursos.com.br\/blog\/concurso-sap-sc-projeto-basico\/#breadcrumb\"},\"inLanguage\":\"pt-BR\",\"potentialAction\":[{\"@type\":\"ReadAction\",\"target\":[\"https:\/\/www.estrategiaconcursos.com.br\/blog\/concurso-sap-sc-projeto-basico\/\"]}]},{\"@type\":\"ImageObject\",\"inLanguage\":\"pt-BR\",\"@id\":\"https:\/\/www.estrategiaconcursos.com.br\/blog\/concurso-sap-sc-projeto-basico\/#primaryimage\",\"url\":\"https:\/\/dhg1h5j42swfq.cloudfront.net\/2022\/06\/09170636\/concurso-sap-sc.jpg\",\"contentUrl\":\"https:\/\/dhg1h5j42swfq.cloudfront.net\/2022\/06\/09170636\/concurso-sap-sc.jpg\",\"width\":768,\"height\":432,\"caption\":\"concurso sap sc\"},{\"@type\":\"BreadcrumbList\",\"@id\":\"https:\/\/www.estrategiaconcursos.com.br\/blog\/concurso-sap-sc-projeto-basico\/#breadcrumb\",\"itemListElement\":[{\"@type\":\"ListItem\",\"position\":1,\"name\":\"In\u00edcio\",\"item\":\"https:\/\/www.estrategiaconcursos.com.br\/blog\/\"},{\"@type\":\"ListItem\",\"position\":2,\"name\":\"Concurso SAP SC: confira detalhes do projeto b\u00e1sico do certame!\"}]},{\"@type\":\"WebSite\",\"@id\":\"https:\/\/www.estrategiaconcursos.com.br\/blog\/#website\",\"url\":\"https:\/\/www.estrategiaconcursos.com.br\/blog\/\",\"name\":\"Estrat\u00e9gia Concursos\",\"description\":\"O blog da Estrat\u00e9gia Concursos traz not\u00edcias sobre concursos e artigos de professores oferecendo cursos para concursos (pdf + videaulas) no site.\",\"publisher\":{\"@id\":\"https:\/\/www.estrategiaconcursos.com.br\/blog\/#organization\"},\"potentialAction\":[{\"@type\":\"SearchAction\",\"target\":{\"@type\":\"EntryPoint\",\"urlTemplate\":\"https:\/\/www.estrategiaconcursos.com.br\/blog\/?s={search_term_string}\"},\"query-input\":{\"@type\":\"PropertyValueSpecification\",\"valueRequired\":true,\"valueName\":\"search_term_string\"}}],\"inLanguage\":\"pt-BR\"},{\"@type\":\"Organization\",\"@id\":\"https:\/\/www.estrategiaconcursos.com.br\/blog\/#organization\",\"name\":\"Estrat\u00e9gia Concursos\",\"url\":\"https:\/\/www.estrategiaconcursos.com.br\/blog\/\",\"logo\":{\"@type\":\"ImageObject\",\"inLanguage\":\"pt-BR\",\"@id\":\"https:\/\/www.estrategiaconcursos.com.br\/blog\/#\/schema\/logo\/image\/\",\"url\":\"https:\/\/dhg1h5j42swfq.cloudfront.net\/2025\/06\/03203428\/logo_concursos-1.jpg\",\"contentUrl\":\"https:\/\/dhg1h5j42swfq.cloudfront.net\/2025\/06\/03203428\/logo_concursos-1.jpg\",\"width\":230,\"height\":60,\"caption\":\"Estrat\u00e9gia Concursos\"},\"image\":{\"@id\":\"https:\/\/www.estrategiaconcursos.com.br\/blog\/#\/schema\/logo\/image\/\"},\"sameAs\":[\"https:\/\/x.com\/EstratConcursos\"]},{\"@type\":\"Person\",\"@id\":\"https:\/\/www.estrategiaconcursos.com.br\/blog\/#\/schema\/person\/e75352021ea7f60781c599934f916eb1\",\"name\":\"Rafaela Teixeira\",\"image\":{\"@type\":\"ImageObject\",\"inLanguage\":\"pt-BR\",\"@id\":\"https:\/\/secure.gravatar.com\/avatar\/8a349a2b22039b1ee88fc06461487c950fd6aa411ea8af8633314b43334ae793?s=96&d=mm&r=g\",\"url\":\"https:\/\/secure.gravatar.com\/avatar\/8a349a2b22039b1ee88fc06461487c950fd6aa411ea8af8633314b43334ae793?s=96&d=mm&r=g\",\"contentUrl\":\"https:\/\/secure.gravatar.com\/avatar\/8a349a2b22039b1ee88fc06461487c950fd6aa411ea8af8633314b43334ae793?s=96&d=mm&r=g\",\"caption\":\"Rafaela Teixeira\"},\"description\":\"Rafaela Teixeira \u00e9 advogada conveniada \u00e0 Defensoria P\u00fablica de S\u00e3o Paulo pela OAB, com experi\u00eancia em reda\u00e7\u00e3o jur\u00eddica e atua\u00e7\u00e3o em institui\u00e7\u00f5es p\u00fablicas, incluindo est\u00e1gio no TRE-SP. Possui mais de 7 anos de experi\u00eancia na produ\u00e7\u00e3o de conte\u00fados voltados ao nicho de concursos p\u00fablicos, com foco em apura\u00e7\u00e3o jornal\u00edstica cont\u00ednua, an\u00e1lise de editais e obten\u00e7\u00e3o de informa\u00e7\u00f5es diretamente junto a \u00f3rg\u00e3os e fontes oficiais. No Blog do Estrat\u00e9gia Concursos, atua como Analista de Conte\u00fado S\u00eanior, respons\u00e1vel pelo jornalismo do per\u00edodo noturno e da madrugada, com atua\u00e7\u00e3o transversal na cobertura de concursos p\u00fablicos, garantindo a continuidade, fluidez e confiabilidade das publica\u00e7\u00f5es e dos bastidores dos certames.\",\"url\":\"https:\/\/www.estrategiaconcursos.com.br\/blog\/author\/rafaela-teixeira\/\"}]}<\/script>\n<!-- \/ Yoast SEO Premium plugin. -->","yoast_head_json":{"title":"Concurso SAP SC: confira detalhes do projeto b\u00e1sico do certame!","description":"Concurso SAP SC: confira neste artigo detalhes do projeto b\u00e1sico da pr\u00f3xima sele\u00e7\u00e3o. Ser\u00e3o 67 vagas + CR para a \u00e1rea de apoio do \u00f3rg\u00e3o!","robots":{"index":"index","follow":"follow","max-snippet":"max-snippet:-1","max-image-preview":"max-image-preview:large","max-video-preview":"max-video-preview:-1"},"canonical":"https:\/\/www.estrategiaconcursos.com.br\/blog\/concurso-sap-sc-projeto-basico\/","og_locale":"pt_BR","og_type":"article","og_title":"Concurso SAP SC: confira detalhes do projeto b\u00e1sico do certame!","og_description":"Concurso SAP SC: confira neste artigo detalhes do projeto b\u00e1sico da pr\u00f3xima sele\u00e7\u00e3o. Ser\u00e3o 67 vagas + CR para a \u00e1rea de apoio do \u00f3rg\u00e3o!","og_url":"https:\/\/www.estrategiaconcursos.com.br\/blog\/concurso-sap-sc-projeto-basico\/","og_site_name":"Estrat\u00e9gia Concursos","article_published_time":"2022-08-04T21:27:51+00:00","article_modified_time":"2022-08-05T00:14:47+00:00","og_image":[{"width":768,"height":432,"url":"https:\/\/dhg1h5j42swfq.cloudfront.net\/2022\/06\/09170636\/concurso-sap-sc.jpg","type":"image\/jpeg"}],"author":"Rafaela Teixeira","twitter_card":"summary_large_image","twitter_creator":"@EstratConcursos","twitter_site":"@EstratConcursos","twitter_misc":{"Escrito por":"Rafaela Teixeira","Est. tempo de leitura":"2 minutos"},"schema":{"@context":"https:\/\/schema.org","@graph":[{"@type":"NewsArticle","@id":"https:\/\/www.estrategiaconcursos.com.br\/blog\/concurso-sap-sc-projeto-basico\/#article","isPartOf":{"@id":"https:\/\/www.estrategiaconcursos.com.br\/blog\/concurso-sap-sc-projeto-basico\/"},"author":{"name":"Rafaela Teixeira","@id":"https:\/\/www.estrategiaconcursos.com.br\/blog\/#\/schema\/person\/e75352021ea7f60781c599934f916eb1"},"headline":"Concurso SAP SC: confira detalhes do projeto b\u00e1sico do certame!","datePublished":"2022-08-04T21:27:51+00:00","dateModified":"2022-08-05T00:14:47+00:00","mainEntityOfPage":{"@id":"https:\/\/www.estrategiaconcursos.com.br\/blog\/concurso-sap-sc-projeto-basico\/"},"wordCount":400,"commentCount":0,"publisher":{"@id":"https:\/\/www.estrategiaconcursos.com.br\/blog\/#organization"},"image":{"@id":"https:\/\/www.estrategiaconcursos.com.br\/blog\/concurso-sap-sc-projeto-basico\/#primaryimage"},"thumbnailUrl":"https:\/\/dhg1h5j42swfq.cloudfront.net\/2022\/06\/09170636\/concurso-sap-sc.jpg","articleSection":["Policial (Agente Penitenci\u00e1rio)","\u00daltimas not\u00edcias"],"inLanguage":"pt-BR","potentialAction":[{"@type":"CommentAction","name":"Comment","target":["https:\/\/www.estrategiaconcursos.com.br\/blog\/concurso-sap-sc-projeto-basico\/#respond"]}],"copyrightYear":"2022","copyrightHolder":{"@id":"https:\/\/www.estrategiaconcursos.com.br\/blog\/#organization"}},{"@type":"WebPage","@id":"https:\/\/www.estrategiaconcursos.com.br\/blog\/concurso-sap-sc-projeto-basico\/","url":"https:\/\/www.estrategiaconcursos.com.br\/blog\/concurso-sap-sc-projeto-basico\/","name":"Concurso SAP SC: confira detalhes do projeto b\u00e1sico do certame!","isPartOf":{"@id":"https:\/\/www.estrategiaconcursos.com.br\/blog\/#website"},"primaryImageOfPage":{"@id":"https:\/\/www.estrategiaconcursos.com.br\/blog\/concurso-sap-sc-projeto-basico\/#primaryimage"},"image":{"@id":"https:\/\/www.estrategiaconcursos.com.br\/blog\/concurso-sap-sc-projeto-basico\/#primaryimage"},"thumbnailUrl":"https:\/\/dhg1h5j42swfq.cloudfront.net\/2022\/06\/09170636\/concurso-sap-sc.jpg","datePublished":"2022-08-04T21:27:51+00:00","dateModified":"2022-08-05T00:14:47+00:00","description":"Concurso SAP SC: confira neste artigo detalhes do projeto b\u00e1sico da pr\u00f3xima sele\u00e7\u00e3o. Ser\u00e3o 67 vagas + CR para a \u00e1rea de apoio do \u00f3rg\u00e3o!","breadcrumb":{"@id":"https:\/\/www.estrategiaconcursos.com.br\/blog\/concurso-sap-sc-projeto-basico\/#breadcrumb"},"inLanguage":"pt-BR","potentialAction":[{"@type":"ReadAction","target":["https:\/\/www.estrategiaconcursos.com.br\/blog\/concurso-sap-sc-projeto-basico\/"]}]},{"@type":"ImageObject","inLanguage":"pt-BR","@id":"https:\/\/www.estrategiaconcursos.com.br\/blog\/concurso-sap-sc-projeto-basico\/#primaryimage","url":"https:\/\/dhg1h5j42swfq.cloudfront.net\/2022\/06\/09170636\/concurso-sap-sc.jpg","contentUrl":"https:\/\/dhg1h5j42swfq.cloudfront.net\/2022\/06\/09170636\/concurso-sap-sc.jpg","width":768,"height":432,"caption":"concurso sap sc"},{"@type":"BreadcrumbList","@id":"https:\/\/www.estrategiaconcursos.com.br\/blog\/concurso-sap-sc-projeto-basico\/#breadcrumb","itemListElement":[{"@type":"ListItem","position":1,"name":"In\u00edcio","item":"https:\/\/www.estrategiaconcursos.com.br\/blog\/"},{"@type":"ListItem","position":2,"name":"Concurso SAP SC: confira detalhes do projeto b\u00e1sico do certame!"}]},{"@type":"WebSite","@id":"https:\/\/www.estrategiaconcursos.com.br\/blog\/#website","url":"https:\/\/www.estrategiaconcursos.com.br\/blog\/","name":"Estrat\u00e9gia Concursos","description":"O blog da Estrat\u00e9gia Concursos traz not\u00edcias sobre concursos e artigos de professores oferecendo cursos para concursos (pdf + videaulas) no site.","publisher":{"@id":"https:\/\/www.estrategiaconcursos.com.br\/blog\/#organization"},"potentialAction":[{"@type":"SearchAction","target":{"@type":"EntryPoint","urlTemplate":"https:\/\/www.estrategiaconcursos.com.br\/blog\/?s={search_term_string}"},"query-input":{"@type":"PropertyValueSpecification","valueRequired":true,"valueName":"search_term_string"}}],"inLanguage":"pt-BR"},{"@type":"Organization","@id":"https:\/\/www.estrategiaconcursos.com.br\/blog\/#organization","name":"Estrat\u00e9gia Concursos","url":"https:\/\/www.estrategiaconcursos.com.br\/blog\/","logo":{"@type":"ImageObject","inLanguage":"pt-BR","@id":"https:\/\/www.estrategiaconcursos.com.br\/blog\/#\/schema\/logo\/image\/","url":"https:\/\/dhg1h5j42swfq.cloudfront.net\/2025\/06\/03203428\/logo_concursos-1.jpg","contentUrl":"https:\/\/dhg1h5j42swfq.cloudfront.net\/2025\/06\/03203428\/logo_concursos-1.jpg","width":230,"height":60,"caption":"Estrat\u00e9gia Concursos"},"image":{"@id":"https:\/\/www.estrategiaconcursos.com.br\/blog\/#\/schema\/logo\/image\/"},"sameAs":["https:\/\/x.com\/EstratConcursos"]},{"@type":"Person","@id":"https:\/\/www.estrategiaconcursos.com.br\/blog\/#\/schema\/person\/e75352021ea7f60781c599934f916eb1","name":"Rafaela Teixeira","image":{"@type":"ImageObject","inLanguage":"pt-BR","@id":"https:\/\/secure.gravatar.com\/avatar\/8a349a2b22039b1ee88fc06461487c950fd6aa411ea8af8633314b43334ae793?s=96&d=mm&r=g","url":"https:\/\/secure.gravatar.com\/avatar\/8a349a2b22039b1ee88fc06461487c950fd6aa411ea8af8633314b43334ae793?s=96&d=mm&r=g","contentUrl":"https:\/\/secure.gravatar.com\/avatar\/8a349a2b22039b1ee88fc06461487c950fd6aa411ea8af8633314b43334ae793?s=96&d=mm&r=g","caption":"Rafaela Teixeira"},"description":"Rafaela Teixeira \u00e9 advogada conveniada \u00e0 Defensoria P\u00fablica de S\u00e3o Paulo pela OAB, com experi\u00eancia em reda\u00e7\u00e3o jur\u00eddica e atua\u00e7\u00e3o em institui\u00e7\u00f5es p\u00fablicas, incluindo est\u00e1gio no TRE-SP. Possui mais de 7 anos de experi\u00eancia na produ\u00e7\u00e3o de conte\u00fados voltados ao nicho de concursos p\u00fablicos, com foco em apura\u00e7\u00e3o jornal\u00edstica cont\u00ednua, an\u00e1lise de editais e obten\u00e7\u00e3o de informa\u00e7\u00f5es diretamente junto a \u00f3rg\u00e3os e fontes oficiais. No Blog do Estrat\u00e9gia Concursos, atua como Analista de Conte\u00fado S\u00eanior, respons\u00e1vel pelo jornalismo do per\u00edodo noturno e da madrugada, com atua\u00e7\u00e3o transversal na cobertura de concursos p\u00fablicos, garantindo a continuidade, fluidez e confiabilidade das publica\u00e7\u00f5es e dos bastidores dos certames.","url":"https:\/\/www.estrategiaconcursos.com.br\/blog\/author\/rafaela-teixeira\/"}]}},"_links":{"self":[{"href":"https:\/\/www.estrategiaconcursos.com.br\/blog\/wp-json\/wp\/v2\/posts\/1072255","targetHints":{"allow":["GET"]}}],"collection":[{"href":"https:\/\/www.estrategiaconcursos.com.br\/blog\/wp-json\/wp\/v2\/posts"}],"about":[{"href":"https:\/\/www.estrategiaconcursos.com.br\/blog\/wp-json\/wp\/v2\/types\/post"}],"author":[{"embeddable":true,"href":"https:\/\/www.estrategiaconcursos.com.br\/blog\/wp-json\/wp\/v2\/users\/2134"}],"replies":[{"embeddable":true,"href":"https:\/\/www.estrategiaconcursos.com.br\/blog\/wp-json\/wp\/v2\/comments?post=1072255"}],"version-history":[{"count":14,"href":"https:\/\/www.estrategiaconcursos.com.br\/blog\/wp-json\/wp\/v2\/posts\/1072255\/revisions"}],"predecessor-version":[{"id":1072350,"href":"https:\/\/www.estrategiaconcursos.com.br\/blog\/wp-json\/wp\/v2\/posts\/1072255\/revisions\/1072350"}],"wp:featuredmedia":[{"embeddable":true,"href":"https:\/\/www.estrategiaconcursos.com.br\/blog\/wp-json\/wp\/v2\/media\/1042780"}],"wp:attachment":[{"href":"https:\/\/www.estrategiaconcursos.com.br\/blog\/wp-json\/wp\/v2\/media?parent=1072255"}],"wp:term":[{"taxonomy":"category","embeddable":true,"href":"https:\/\/www.estrategiaconcursos.com.br\/blog\/wp-json\/wp\/v2\/categories?post=1072255"},{"taxonomy":"post_tag","embeddable":true,"href":"https:\/\/www.estrategiaconcursos.com.br\/blog\/wp-json\/wp\/v2\/tags?post=1072255"},{"taxonomy":"tax_estado","embeddable":true,"href":"https:\/\/www.estrategiaconcursos.com.br\/blog\/wp-json\/wp\/v2\/tax_estado?post=1072255"}],"curies":[{"name":"wp","href":"https:\/\/api.w.org\/{rel}","templated":true}]}}