{"id":1072198,"date":"2022-08-04T16:56:14","date_gmt":"2022-08-04T19:56:14","guid":{"rendered":"https:\/\/www.estrategiaconcursos.com.br\/blog\/?p=1072198"},"modified":"2023-09-14T17:27:34","modified_gmt":"2023-09-14T20:27:34","slug":"concurso-bombeiros-mg-nivel-medio","status":"publish","type":"post","link":"https:\/\/www.estrategiaconcursos.com.br\/blog\/concurso-bombeiros-mg-nivel-medio\/","title":{"rendered":"Concurso Bombeiros MG: n\u00edvel m\u00e9dio para todos os cargos!"},"content":{"rendered":"\n<p>O <strong>concurso Bombeiros MG<\/strong> exigir\u00e1 <strong>n\u00edvel m\u00e9dio de escolaridade<\/strong> para todos os cargos da sele\u00e7\u00e3o. A informa\u00e7\u00e3o foi confirmada pela Assessoria de Imprensa da corpora\u00e7\u00e3o.<\/p>\n\n\n\n<p>Ainda segundo informa\u00e7\u00f5es da Assessoria, a publica\u00e7\u00e3o do edital est\u00e1 prevista para os pr\u00f3ximos dias. Embora a <a href=\"https:\/\/www.almg.gov.br\/consulte\/legislacao\/completa\/completa-nova-min.html?tipo=LEI&amp;num=5301&amp;ano=1969\" target=\"_blank\" rel=\"noreferrer noopener\">Lei n\u00b05.301<\/a> preveja n\u00edvel superior como requisito de escolaridade, as mudan\u00e7as s\u00f3 poderiam ser exigidas a partir de concurso posterior.<\/p>\n\n\n\n<p>Dessa forma, vale lembrar que o Instituto Brasileiro de Gest\u00e3o e Pesquisa (IBGP) ser\u00e1 a banca organizadora do certame. S\u00e3o&nbsp;<strong>previstas 385 vagas<\/strong>, distribu\u00eddas entre os cargos de&nbsp;<a href=\"https:\/\/www.estrategiaconcursos.com.br\/curso\/1-cbm-mg-oficial-pacote-completo-2022-pre-edital\/\" target=\"_blank\" rel=\"noreferrer noopener\">Oficial<\/a>,&nbsp;<a href=\"https:\/\/www.estrategiaconcursos.com.br\/curso\/2-cbm-mg-soldado-pacote-completo-2022-pre-edital\/\" target=\"_blank\" rel=\"noreferrer noopener\">Soldado<\/a>&nbsp;e Soldado Especialista.<\/p>\n\n\n\n<h2 class=\"wp-block-heading has-medium-font-size\" id=\"confira-os-principais-requisitos-para-ingresso-no-corpo-de-bombeiros-militar\">Confira os principais requisitos para ingresso no Corpo de Bombeiros Militar:<\/h2>\n\n\n\n<ul class=\"wp-block-list\">\n<li>I \u2013 ser brasileiro;<\/li>\n\n\n\n<li>II \u2013 possuir idoneidade moral;<\/li>\n\n\n\n<li>III \u2013 estar quite com as obriga\u00e7\u00f5es eleitorais e militares;<\/li>\n\n\n\n<li>IV \u2013 ter entre 18 e 30 anos de idade na data da inclus\u00e3o, salvo para os oficiais do Quadro de Sa\u00fade, cuja idade m\u00e1xima ser\u00e1 de 35 anos;<\/li>\n\n\n\n<li>VI \u2013 ter altura m\u00ednima de 1,60m, exceto para oficiais do Quadro de Sa\u00fade;<\/li>\n\n\n\n<li>VII \u2013 ter aptid\u00e3o f\u00edsica;<\/li>\n\n\n\n<li>VIII \u2013 ser aprovado em avalia\u00e7\u00e3o psicol\u00f3gica;<\/li>\n\n\n\n<li>IX \u2013 ter sanidade f\u00edsica e mental;<\/li>\n\n\n\n<li>X \u2013 n\u00e3o apresentar, quando em uso dos diversos uniformes, tatuagem vis\u00edvel que seja, por seu significado, incompat\u00edvel com o exerc\u00edcio das atividades de policial militar ou de bombeiro militar;<\/li>\n\n\n\n<li>XI \u2012 ter Carteira Nacional de Habilita\u00e7\u00e3o v\u00e1lida, no m\u00ednimo na categoria \u201cB\u201d.<\/li>\n<\/ul>\n\n\n\n<p>O Estrat\u00e9gia Concursos preparou um artigo completo e exclusivo sobre o concurso dos Bombeiros MG. Acesse e confira mais informa\u00e7\u00f5es:<\/p>\n\n\n\n<p class=\"has-text-align-center has-background has-medium-font-size\" style=\"background-color:#abb7c27d\"><a href=\"https:\/\/www.estrategiaconcursos.com.br\/blog\/concurso-bombeiros-mg\/\" target=\"_blank\" rel=\"noreferrer noopener\"><strong>Concurso Bombeiros MG<\/strong><\/a><\/p>\n\n\n\n<h2 class=\"wp-block-heading has-text-align-center\" id=\"h-quer-saber-tudo-sobre-concursos-previstos-confira-nossos-artigos\">Quer saber tudo sobre concursos previstos?<br \/>Confira nossos artigos!<\/h2>\n\n\n\n<ul class=\"wp-block-list\">\n<li><a href=\"https:\/\/www.estrategiaconcursos.com.br\/blog\/concursos-abertos\/\" target=\"_blank\" rel=\"noreferrer noopener\">Concursos abertos<\/a><\/li>\n\n\n\n<li><a href=\"https:\/\/www.estrategiaconcursos.com.br\/blog\/concursos-2023\/\" target=\"_blank\" rel=\"noreferrer noopener\">Concursos 2023<\/a><\/li>\n<\/ul>\n\n\n\n<div class=\"container\" id=\"boxes\">\n  <div class=\"row\"> \n\n    <div class=\"col-sm\">\n      <div class=\"banner-policial\" id=\"box-assinatura\">\n        <h3 class=\"titulo-assinatura\">Carreiras Policiais<\/h3>\n        <p class=\"subtitulo-assinatura\">Conhe\u00e7a os cursos<\/p>\n        <div class=\"box-botao\">\n          <a class=\"btn-assinatura\" target=\"_blank\" href=\"https:\/\/www.estrategiaconcursos.com.br\/cursosPorConcurso\/curso-para-concursos-policiais\/\" role=\"button\" rel=\"noopener noreferrer\">Conhe\u00e7a mais<\/a>\n        <\/div>\n      <\/div>\n     \n\n  <\/div>\n<\/div><\/div>\n\n\n\n<div class=\"container\" id=\"boxes\">\n  <div class=\"row\">\n\n    <div class=\"col-sm\">\n      <div class=\"estrategia\" id=\"box-assinatura\">\n        <h3 class=\"titulo-assinatura\">Assinatura de Concursos<\/h3>\n        <p class=\"subtitulo-assinatura\">Assinatura de 1 ano ou 2 anos<\/p>\n        <div class=\"box-botao\">\n          <a class=\"btn-assinatura\" target=\"_blank\" href=\"https:\/\/www.estrategiaconcursos.com.br\/assinaturas\/\" role=\"button\" rel=\"noopener noreferrer\">ASSINE AGORA<\/a>\n        <\/div>\n      <\/div>\n     \n    <\/div><\/div><\/div>\n","protected":false},"excerpt":{"rendered":"<p>O concurso Bombeiros MG exigir\u00e1 n\u00edvel m\u00e9dio de escolaridade para todos os cargos da sele\u00e7\u00e3o. A informa\u00e7\u00e3o foi confirmada pela Assessoria de Imprensa da corpora\u00e7\u00e3o. Ainda segundo informa\u00e7\u00f5es da Assessoria, a publica\u00e7\u00e3o do edital est\u00e1 prevista para os pr\u00f3ximos dias. Embora a Lei n\u00b05.301 preveja n\u00edvel superior como requisito de escolaridade, as mudan\u00e7as s\u00f3 poderiam [&hellip;]<\/p>\n","protected":false},"author":2041,"featured_media":780121,"comment_status":"open","ping_status":"closed","sticky":false,"template":"","format":"standard","meta":{"post_tipo":"news","footnotes":""},"categories":[220186,220187,220219],"tags":[],"tax_estado":[219974],"class_list":["post-1072198","post","type-post","status-publish","format-standard","has-post-thumbnail","hentry","category-policial-oficial","category-policial-pracas","category-noticias","tax_estado-mg"],"acf":[],"yoast_head":"<!-- This site is optimized with the Yoast SEO Premium plugin v27.2 (Yoast SEO v27.2) - https:\/\/yoast.com\/product\/yoast-seo-premium-wordpress\/ -->\n<title>Concurso Bombeiros MG exigir\u00e1 n\u00edvel m\u00e9dio para todos os cargos<\/title>\n<meta name=\"description\" content=\"De acordo com a assessoria de imprensa da corpora\u00e7\u00e3o, ser\u00e1 exigido n\u00edvel m\u00e9dio para todos os cargos do concurso dos Bombeiros MG.\" \/>\n<meta name=\"robots\" content=\"index, follow, max-snippet:-1, max-image-preview:large, max-video-preview:-1\" \/>\n<link rel=\"canonical\" href=\"https:\/\/www.estrategiaconcursos.com.br\/blog\/concurso-bombeiros-mg-nivel-medio\/\" \/>\n<meta property=\"og:locale\" content=\"pt_BR\" \/>\n<meta property=\"og:type\" content=\"article\" \/>\n<meta property=\"og:title\" content=\"Concurso Bombeiros MG: n\u00edvel m\u00e9dio para todos os cargos!\" \/>\n<meta property=\"og:description\" content=\"De acordo com a assessoria de imprensa da corpora\u00e7\u00e3o, ser\u00e1 exigido n\u00edvel m\u00e9dio para todos os cargos do concurso dos Bombeiros MG.\" \/>\n<meta property=\"og:url\" content=\"https:\/\/www.estrategiaconcursos.com.br\/blog\/concurso-bombeiros-mg-nivel-medio\/\" \/>\n<meta property=\"og:site_name\" content=\"Estrat\u00e9gia Concursos\" \/>\n<meta property=\"article:published_time\" content=\"2022-08-04T19:56:14+00:00\" \/>\n<meta property=\"article:modified_time\" content=\"2023-09-14T20:27:34+00:00\" \/>\n<meta property=\"og:image\" content=\"https:\/\/dhg1h5j42swfq.cloudfront.net\/2021\/06\/29102441\/bombeiro-mg-1.jpg\" \/>\n\t<meta property=\"og:image:width\" content=\"768\" \/>\n\t<meta property=\"og:image:height\" content=\"432\" \/>\n\t<meta property=\"og:image:type\" content=\"image\/jpeg\" \/>\n<meta name=\"author\" content=\"Thiago Cavalcante Gomes\" \/>\n<meta name=\"twitter:card\" content=\"summary_large_image\" \/>\n<meta name=\"twitter:creator\" content=\"@EstratConcursos\" \/>\n<meta name=\"twitter:site\" content=\"@EstratConcursos\" \/>\n<meta name=\"twitter:label1\" content=\"Escrito por\" \/>\n\t<meta name=\"twitter:data1\" content=\"Thiago Cavalcante Gomes\" \/>\n\t<meta name=\"twitter:label2\" content=\"Est. tempo de leitura\" \/>\n\t<meta name=\"twitter:data2\" content=\"2 minutos\" \/>\n<script type=\"application\/ld+json\" class=\"yoast-schema-graph\">{\"@context\":\"https:\/\/schema.org\",\"@graph\":[{\"@type\":\"NewsArticle\",\"@id\":\"https:\/\/www.estrategiaconcursos.com.br\/blog\/concurso-bombeiros-mg-nivel-medio\/#article\",\"isPartOf\":{\"@id\":\"https:\/\/www.estrategiaconcursos.com.br\/blog\/concurso-bombeiros-mg-nivel-medio\/\"},\"author\":{\"name\":\"Thiago Cavalcante Gomes\",\"@id\":\"https:\/\/www.estrategiaconcursos.com.br\/blog\/#\/schema\/person\/4970184533d0a3ffa5b0299ae0a2b21f\"},\"headline\":\"Concurso Bombeiros MG: n\u00edvel m\u00e9dio para todos os cargos!\",\"datePublished\":\"2022-08-04T19:56:14+00:00\",\"dateModified\":\"2023-09-14T20:27:34+00:00\",\"mainEntityOfPage\":{\"@id\":\"https:\/\/www.estrategiaconcursos.com.br\/blog\/concurso-bombeiros-mg-nivel-medio\/\"},\"wordCount\":318,\"commentCount\":0,\"publisher\":{\"@id\":\"https:\/\/www.estrategiaconcursos.com.br\/blog\/#organization\"},\"image\":{\"@id\":\"https:\/\/www.estrategiaconcursos.com.br\/blog\/concurso-bombeiros-mg-nivel-medio\/#primaryimage\"},\"thumbnailUrl\":\"https:\/\/dhg1h5j42swfq.cloudfront.net\/2021\/06\/29102441\/bombeiro-mg-1.jpg\",\"articleSection\":[\"Policial (PM\/BM - Oficial)\",\"Policial (PM\/BM - Pra\u00e7as)\",\"\u00daltimas not\u00edcias\"],\"inLanguage\":\"pt-BR\",\"potentialAction\":[{\"@type\":\"CommentAction\",\"name\":\"Comment\",\"target\":[\"https:\/\/www.estrategiaconcursos.com.br\/blog\/concurso-bombeiros-mg-nivel-medio\/#respond\"]}],\"copyrightYear\":\"2022\",\"copyrightHolder\":{\"@id\":\"https:\/\/www.estrategiaconcursos.com.br\/blog\/#organization\"}},{\"@type\":\"WebPage\",\"@id\":\"https:\/\/www.estrategiaconcursos.com.br\/blog\/concurso-bombeiros-mg-nivel-medio\/\",\"url\":\"https:\/\/www.estrategiaconcursos.com.br\/blog\/concurso-bombeiros-mg-nivel-medio\/\",\"name\":\"Concurso Bombeiros MG exigir\u00e1 n\u00edvel m\u00e9dio para todos os cargos\",\"isPartOf\":{\"@id\":\"https:\/\/www.estrategiaconcursos.com.br\/blog\/#website\"},\"primaryImageOfPage\":{\"@id\":\"https:\/\/www.estrategiaconcursos.com.br\/blog\/concurso-bombeiros-mg-nivel-medio\/#primaryimage\"},\"image\":{\"@id\":\"https:\/\/www.estrategiaconcursos.com.br\/blog\/concurso-bombeiros-mg-nivel-medio\/#primaryimage\"},\"thumbnailUrl\":\"https:\/\/dhg1h5j42swfq.cloudfront.net\/2021\/06\/29102441\/bombeiro-mg-1.jpg\",\"datePublished\":\"2022-08-04T19:56:14+00:00\",\"dateModified\":\"2023-09-14T20:27:34+00:00\",\"description\":\"De acordo com a assessoria de imprensa da corpora\u00e7\u00e3o, ser\u00e1 exigido n\u00edvel m\u00e9dio para todos os cargos do concurso dos Bombeiros MG.\",\"breadcrumb\":{\"@id\":\"https:\/\/www.estrategiaconcursos.com.br\/blog\/concurso-bombeiros-mg-nivel-medio\/#breadcrumb\"},\"inLanguage\":\"pt-BR\",\"potentialAction\":[{\"@type\":\"ReadAction\",\"target\":[\"https:\/\/www.estrategiaconcursos.com.br\/blog\/concurso-bombeiros-mg-nivel-medio\/\"]}]},{\"@type\":\"ImageObject\",\"inLanguage\":\"pt-BR\",\"@id\":\"https:\/\/www.estrategiaconcursos.com.br\/blog\/concurso-bombeiros-mg-nivel-medio\/#primaryimage\",\"url\":\"https:\/\/dhg1h5j42swfq.cloudfront.net\/2021\/06\/29102441\/bombeiro-mg-1.jpg\",\"contentUrl\":\"https:\/\/dhg1h5j42swfq.cloudfront.net\/2021\/06\/29102441\/bombeiro-mg-1.jpg\",\"width\":768,\"height\":432,\"caption\":\"concurso bombeiro mg\"},{\"@type\":\"BreadcrumbList\",\"@id\":\"https:\/\/www.estrategiaconcursos.com.br\/blog\/concurso-bombeiros-mg-nivel-medio\/#breadcrumb\",\"itemListElement\":[{\"@type\":\"ListItem\",\"position\":1,\"name\":\"In\u00edcio\",\"item\":\"https:\/\/www.estrategiaconcursos.com.br\/blog\/\"},{\"@type\":\"ListItem\",\"position\":2,\"name\":\"Concurso Bombeiros MG: n\u00edvel m\u00e9dio para todos os cargos!\"}]},{\"@type\":\"WebSite\",\"@id\":\"https:\/\/www.estrategiaconcursos.com.br\/blog\/#website\",\"url\":\"https:\/\/www.estrategiaconcursos.com.br\/blog\/\",\"name\":\"Estrat\u00e9gia Concursos\",\"description\":\"O blog da Estrat\u00e9gia Concursos traz not\u00edcias sobre concursos e artigos de professores oferecendo cursos para concursos (pdf + videaulas) no site.\",\"publisher\":{\"@id\":\"https:\/\/www.estrategiaconcursos.com.br\/blog\/#organization\"},\"potentialAction\":[{\"@type\":\"SearchAction\",\"target\":{\"@type\":\"EntryPoint\",\"urlTemplate\":\"https:\/\/www.estrategiaconcursos.com.br\/blog\/?s={search_term_string}\"},\"query-input\":{\"@type\":\"PropertyValueSpecification\",\"valueRequired\":true,\"valueName\":\"search_term_string\"}}],\"inLanguage\":\"pt-BR\"},{\"@type\":\"Organization\",\"@id\":\"https:\/\/www.estrategiaconcursos.com.br\/blog\/#organization\",\"name\":\"Estrat\u00e9gia Concursos\",\"url\":\"https:\/\/www.estrategiaconcursos.com.br\/blog\/\",\"logo\":{\"@type\":\"ImageObject\",\"inLanguage\":\"pt-BR\",\"@id\":\"https:\/\/www.estrategiaconcursos.com.br\/blog\/#\/schema\/logo\/image\/\",\"url\":\"https:\/\/dhg1h5j42swfq.cloudfront.net\/2025\/06\/03203428\/logo_concursos-1.jpg\",\"contentUrl\":\"https:\/\/dhg1h5j42swfq.cloudfront.net\/2025\/06\/03203428\/logo_concursos-1.jpg\",\"width\":230,\"height\":60,\"caption\":\"Estrat\u00e9gia Concursos\"},\"image\":{\"@id\":\"https:\/\/www.estrategiaconcursos.com.br\/blog\/#\/schema\/logo\/image\/\"},\"sameAs\":[\"https:\/\/x.com\/EstratConcursos\"]},{\"@type\":\"Person\",\"@id\":\"https:\/\/www.estrategiaconcursos.com.br\/blog\/#\/schema\/person\/4970184533d0a3ffa5b0299ae0a2b21f\",\"name\":\"Thiago Cavalcante Gomes\",\"image\":{\"@type\":\"ImageObject\",\"inLanguage\":\"pt-BR\",\"@id\":\"https:\/\/secure.gravatar.com\/avatar\/?s=96&d=mm&r=g\",\"url\":\"https:\/\/secure.gravatar.com\/avatar\/?s=96&d=mm&r=g\",\"contentUrl\":\"https:\/\/secure.gravatar.com\/avatar\/?s=96&d=mm&r=g\",\"caption\":\"Thiago Cavalcante Gomes\"},\"url\":\"https:\/\/www.estrategiaconcursos.com.br\/blog\/author\/thiago-gomes\/\"}]}<\/script>\n<!-- \/ Yoast SEO Premium plugin. -->","yoast_head_json":{"title":"Concurso Bombeiros MG exigir\u00e1 n\u00edvel m\u00e9dio para todos os cargos","description":"De acordo com a assessoria de imprensa da corpora\u00e7\u00e3o, ser\u00e1 exigido n\u00edvel m\u00e9dio para todos os cargos do concurso dos Bombeiros MG.","robots":{"index":"index","follow":"follow","max-snippet":"max-snippet:-1","max-image-preview":"max-image-preview:large","max-video-preview":"max-video-preview:-1"},"canonical":"https:\/\/www.estrategiaconcursos.com.br\/blog\/concurso-bombeiros-mg-nivel-medio\/","og_locale":"pt_BR","og_type":"article","og_title":"Concurso Bombeiros MG: n\u00edvel m\u00e9dio para todos os cargos!","og_description":"De acordo com a assessoria de imprensa da corpora\u00e7\u00e3o, ser\u00e1 exigido n\u00edvel m\u00e9dio para todos os cargos do concurso dos Bombeiros MG.","og_url":"https:\/\/www.estrategiaconcursos.com.br\/blog\/concurso-bombeiros-mg-nivel-medio\/","og_site_name":"Estrat\u00e9gia Concursos","article_published_time":"2022-08-04T19:56:14+00:00","article_modified_time":"2023-09-14T20:27:34+00:00","og_image":[{"width":768,"height":432,"url":"https:\/\/dhg1h5j42swfq.cloudfront.net\/2021\/06\/29102441\/bombeiro-mg-1.jpg","type":"image\/jpeg"}],"author":"Thiago Cavalcante Gomes","twitter_card":"summary_large_image","twitter_creator":"@EstratConcursos","twitter_site":"@EstratConcursos","twitter_misc":{"Escrito por":"Thiago Cavalcante Gomes","Est. tempo de leitura":"2 minutos"},"schema":{"@context":"https:\/\/schema.org","@graph":[{"@type":"NewsArticle","@id":"https:\/\/www.estrategiaconcursos.com.br\/blog\/concurso-bombeiros-mg-nivel-medio\/#article","isPartOf":{"@id":"https:\/\/www.estrategiaconcursos.com.br\/blog\/concurso-bombeiros-mg-nivel-medio\/"},"author":{"name":"Thiago Cavalcante Gomes","@id":"https:\/\/www.estrategiaconcursos.com.br\/blog\/#\/schema\/person\/4970184533d0a3ffa5b0299ae0a2b21f"},"headline":"Concurso Bombeiros MG: n\u00edvel m\u00e9dio para todos os cargos!","datePublished":"2022-08-04T19:56:14+00:00","dateModified":"2023-09-14T20:27:34+00:00","mainEntityOfPage":{"@id":"https:\/\/www.estrategiaconcursos.com.br\/blog\/concurso-bombeiros-mg-nivel-medio\/"},"wordCount":318,"commentCount":0,"publisher":{"@id":"https:\/\/www.estrategiaconcursos.com.br\/blog\/#organization"},"image":{"@id":"https:\/\/www.estrategiaconcursos.com.br\/blog\/concurso-bombeiros-mg-nivel-medio\/#primaryimage"},"thumbnailUrl":"https:\/\/dhg1h5j42swfq.cloudfront.net\/2021\/06\/29102441\/bombeiro-mg-1.jpg","articleSection":["Policial (PM\/BM - Oficial)","Policial (PM\/BM - Pra\u00e7as)","\u00daltimas not\u00edcias"],"inLanguage":"pt-BR","potentialAction":[{"@type":"CommentAction","name":"Comment","target":["https:\/\/www.estrategiaconcursos.com.br\/blog\/concurso-bombeiros-mg-nivel-medio\/#respond"]}],"copyrightYear":"2022","copyrightHolder":{"@id":"https:\/\/www.estrategiaconcursos.com.br\/blog\/#organization"}},{"@type":"WebPage","@id":"https:\/\/www.estrategiaconcursos.com.br\/blog\/concurso-bombeiros-mg-nivel-medio\/","url":"https:\/\/www.estrategiaconcursos.com.br\/blog\/concurso-bombeiros-mg-nivel-medio\/","name":"Concurso Bombeiros MG exigir\u00e1 n\u00edvel m\u00e9dio para todos os cargos","isPartOf":{"@id":"https:\/\/www.estrategiaconcursos.com.br\/blog\/#website"},"primaryImageOfPage":{"@id":"https:\/\/www.estrategiaconcursos.com.br\/blog\/concurso-bombeiros-mg-nivel-medio\/#primaryimage"},"image":{"@id":"https:\/\/www.estrategiaconcursos.com.br\/blog\/concurso-bombeiros-mg-nivel-medio\/#primaryimage"},"thumbnailUrl":"https:\/\/dhg1h5j42swfq.cloudfront.net\/2021\/06\/29102441\/bombeiro-mg-1.jpg","datePublished":"2022-08-04T19:56:14+00:00","dateModified":"2023-09-14T20:27:34+00:00","description":"De acordo com a assessoria de imprensa da corpora\u00e7\u00e3o, ser\u00e1 exigido n\u00edvel m\u00e9dio para todos os cargos do concurso dos Bombeiros MG.","breadcrumb":{"@id":"https:\/\/www.estrategiaconcursos.com.br\/blog\/concurso-bombeiros-mg-nivel-medio\/#breadcrumb"},"inLanguage":"pt-BR","potentialAction":[{"@type":"ReadAction","target":["https:\/\/www.estrategiaconcursos.com.br\/blog\/concurso-bombeiros-mg-nivel-medio\/"]}]},{"@type":"ImageObject","inLanguage":"pt-BR","@id":"https:\/\/www.estrategiaconcursos.com.br\/blog\/concurso-bombeiros-mg-nivel-medio\/#primaryimage","url":"https:\/\/dhg1h5j42swfq.cloudfront.net\/2021\/06\/29102441\/bombeiro-mg-1.jpg","contentUrl":"https:\/\/dhg1h5j42swfq.cloudfront.net\/2021\/06\/29102441\/bombeiro-mg-1.jpg","width":768,"height":432,"caption":"concurso bombeiro mg"},{"@type":"BreadcrumbList","@id":"https:\/\/www.estrategiaconcursos.com.br\/blog\/concurso-bombeiros-mg-nivel-medio\/#breadcrumb","itemListElement":[{"@type":"ListItem","position":1,"name":"In\u00edcio","item":"https:\/\/www.estrategiaconcursos.com.br\/blog\/"},{"@type":"ListItem","position":2,"name":"Concurso Bombeiros MG: n\u00edvel m\u00e9dio para todos os cargos!"}]},{"@type":"WebSite","@id":"https:\/\/www.estrategiaconcursos.com.br\/blog\/#website","url":"https:\/\/www.estrategiaconcursos.com.br\/blog\/","name":"Estrat\u00e9gia Concursos","description":"O blog da Estrat\u00e9gia Concursos traz not\u00edcias sobre concursos e artigos de professores oferecendo cursos para concursos (pdf + videaulas) no site.","publisher":{"@id":"https:\/\/www.estrategiaconcursos.com.br\/blog\/#organization"},"potentialAction":[{"@type":"SearchAction","target":{"@type":"EntryPoint","urlTemplate":"https:\/\/www.estrategiaconcursos.com.br\/blog\/?s={search_term_string}"},"query-input":{"@type":"PropertyValueSpecification","valueRequired":true,"valueName":"search_term_string"}}],"inLanguage":"pt-BR"},{"@type":"Organization","@id":"https:\/\/www.estrategiaconcursos.com.br\/blog\/#organization","name":"Estrat\u00e9gia Concursos","url":"https:\/\/www.estrategiaconcursos.com.br\/blog\/","logo":{"@type":"ImageObject","inLanguage":"pt-BR","@id":"https:\/\/www.estrategiaconcursos.com.br\/blog\/#\/schema\/logo\/image\/","url":"https:\/\/dhg1h5j42swfq.cloudfront.net\/2025\/06\/03203428\/logo_concursos-1.jpg","contentUrl":"https:\/\/dhg1h5j42swfq.cloudfront.net\/2025\/06\/03203428\/logo_concursos-1.jpg","width":230,"height":60,"caption":"Estrat\u00e9gia Concursos"},"image":{"@id":"https:\/\/www.estrategiaconcursos.com.br\/blog\/#\/schema\/logo\/image\/"},"sameAs":["https:\/\/x.com\/EstratConcursos"]},{"@type":"Person","@id":"https:\/\/www.estrategiaconcursos.com.br\/blog\/#\/schema\/person\/4970184533d0a3ffa5b0299ae0a2b21f","name":"Thiago Cavalcante Gomes","image":{"@type":"ImageObject","inLanguage":"pt-BR","@id":"https:\/\/secure.gravatar.com\/avatar\/?s=96&d=mm&r=g","url":"https:\/\/secure.gravatar.com\/avatar\/?s=96&d=mm&r=g","contentUrl":"https:\/\/secure.gravatar.com\/avatar\/?s=96&d=mm&r=g","caption":"Thiago Cavalcante Gomes"},"url":"https:\/\/www.estrategiaconcursos.com.br\/blog\/author\/thiago-gomes\/"}]}},"_links":{"self":[{"href":"https:\/\/www.estrategiaconcursos.com.br\/blog\/wp-json\/wp\/v2\/posts\/1072198","targetHints":{"allow":["GET"]}}],"collection":[{"href":"https:\/\/www.estrategiaconcursos.com.br\/blog\/wp-json\/wp\/v2\/posts"}],"about":[{"href":"https:\/\/www.estrategiaconcursos.com.br\/blog\/wp-json\/wp\/v2\/types\/post"}],"author":[{"embeddable":true,"href":"https:\/\/www.estrategiaconcursos.com.br\/blog\/wp-json\/wp\/v2\/users\/2041"}],"replies":[{"embeddable":true,"href":"https:\/\/www.estrategiaconcursos.com.br\/blog\/wp-json\/wp\/v2\/comments?post=1072198"}],"version-history":[{"count":5,"href":"https:\/\/www.estrategiaconcursos.com.br\/blog\/wp-json\/wp\/v2\/posts\/1072198\/revisions"}],"predecessor-version":[{"id":1277635,"href":"https:\/\/www.estrategiaconcursos.com.br\/blog\/wp-json\/wp\/v2\/posts\/1072198\/revisions\/1277635"}],"wp:featuredmedia":[{"embeddable":true,"href":"https:\/\/www.estrategiaconcursos.com.br\/blog\/wp-json\/wp\/v2\/media\/780121"}],"wp:attachment":[{"href":"https:\/\/www.estrategiaconcursos.com.br\/blog\/wp-json\/wp\/v2\/media?parent=1072198"}],"wp:term":[{"taxonomy":"category","embeddable":true,"href":"https:\/\/www.estrategiaconcursos.com.br\/blog\/wp-json\/wp\/v2\/categories?post=1072198"},{"taxonomy":"post_tag","embeddable":true,"href":"https:\/\/www.estrategiaconcursos.com.br\/blog\/wp-json\/wp\/v2\/tags?post=1072198"},{"taxonomy":"tax_estado","embeddable":true,"href":"https:\/\/www.estrategiaconcursos.com.br\/blog\/wp-json\/wp\/v2\/tax_estado?post=1072198"}],"curies":[{"name":"wp","href":"https:\/\/api.w.org\/{rel}","templated":true}]}}