{"id":1072170,"date":"2022-08-04T16:51:33","date_gmt":"2022-08-04T19:51:33","guid":{"rendered":"https:\/\/www.estrategiaconcursos.com.br\/blog\/?p=1072170"},"modified":"2022-08-04T16:52:30","modified_gmt":"2022-08-04T19:52:30","slug":"concurso-sefaz-mg-atribuicoes","status":"publish","type":"post","link":"https:\/\/www.estrategiaconcursos.com.br\/blog\/concurso-sefaz-mg-atribuicoes\/","title":{"rendered":"Concurso Sefaz MG 2022: conhe\u00e7a as atribui\u00e7\u00f5es do AFRE"},"content":{"rendered":"\n<h3 class=\"wp-block-heading\" id=\"431-vagas-para-auditor-fiscal-afre-e-inicial-ate-r-25-mil\"><em>431 vagas para Auditor Fiscal (AFRE)<\/em> <em>e inicial at\u00e9 R$ 25 mil<\/em><\/h3>\n\n\n\n<p>Com edital j\u00e1 na pra\u00e7a, ser\u00e3o abertas no dia 06 de setembro as inscri\u00e7\u00f5es para o concurso p\u00fablico da\u00a0<a href=\"https:\/\/www.estrategiaconcursos.com.br\/cursosPorConcurso\/secretaria-da-fazenda-do-estado-de-minas-gerais-sefaz-mg\/\" target=\"_blank\" rel=\"noreferrer noopener\">Secretaria de Estado de Fazenda de Minas Gerais<\/a> (<strong>Sefaz MG<\/strong>). J\u00e1 a aplica\u00e7\u00e3o das provas \u00e9 prevista para janeiro e mar\u00e7o de 2023.<\/p>\n\n\n\n<p>Com um tempinho at\u00e9 a <a href=\"https:\/\/www.estrategiaconcursos.com.br\/blog\/concurso-sefaz-mg-cronograma\/\" target=\"_blank\" rel=\"noreferrer noopener\">abertura das inscri\u00e7\u00f5es<\/a> e mais tempo ainda at\u00e9 as provas, \u00e9 muito importante conhecer as atribui\u00e7\u00f5es do cargo ao qual voc\u00ea vai se candidatar, at\u00e9 mesmo para saber se possui o perfil necess\u00e1rio para as atividades.<\/p>\n\n\n\n<p>Dividida em tr\u00eas \u00e1reas (<a href=\"https:\/\/www.estrategiaconcursos.com.br\/curso\/sefaz-mg-auditor-fiscal-area-tecnologia-da-informacao-pacote-2022-pos-edital\/\" target=\"_blank\" rel=\"noreferrer noopener\">Tecnologia da Informa\u00e7\u00e3o<\/a>,\u00a0<a href=\"https:\/\/www.estrategiaconcursos.com.br\/curso\/sefaz-mg-auditor-fiscal-area-tributacao-pacote-2022-pos-edital\/\" target=\"_blank\" rel=\"noreferrer noopener\">Tributa\u00e7\u00e3o<\/a>\u00a0e\u00a0<a href=\"https:\/\/www.estrategiaconcursos.com.br\/curso\/sefaz-mg-auditor-fiscal-area-auditoria-e-fiscalizacao-pacote-2022-pos-edital\/\" target=\"_blank\" rel=\"noreferrer noopener\">Auditoria e Fiscaliza\u00e7\u00e3o<\/a>), \u00e9 requisitado o <a href=\"https:\/\/www.estrategiaconcursos.com.br\/blog\/concurso-sefaz-mg-requisitos\/\">n\u00edvel superior<\/a> em qualquer \u00e1rea de forma\u00e7\u00e3o, entretanto, as atribui\u00e7\u00f5es variam conforme a especialidade desejada.<\/p>\n\n\n\n<h2 class=\"wp-block-heading\" id=\"concurso-sefaz-mg-atribuicoes-do-auditor-fiscal\">Concurso Sefaz MG: atribui\u00e7\u00f5es gerais do Auditor Fiscal <\/h2>\n\n\n\n<p>O candidato aprovado exercer\u00e1 as atribui\u00e7\u00f5es exclusivas e privativas do ocupante do cargo de AFRE, previstas na <a href=\"https:\/\/www.almg.gov.br\/consulte\/legislacao\/completa\/completa-nova-min.html?tipo=Lei&amp;num=15464&amp;ano=2005\" target=\"_blank\" rel=\"noreferrer noopener\">Lei n\u00ba 15.464\/2005<\/a>, na <a href=\"http:\/\/www.fazenda.mg.gov.br\/empresas\/legislacao_tributaria\/leis\/l6763_1975.html\" target=\"_blank\" rel=\"noreferrer noopener\">Lei n\u00ba 6.763\/1975<\/a>, e nas demais legisla\u00e7\u00f5es aplic\u00e1veis, e as atribui\u00e7\u00f5es da Subsecretaria da Receita Estadual (SRE), sem preju\u00edzo de outras atividades de compet\u00eancia da Secretaria de Estado de Fazenda que lhe forem atribu\u00eddas. <\/p>\n\n\n\n<h2 class=\"wp-block-heading\" id=\"concurso-sefaz-mg-atribuicoes-do-auditor-fiscal\">Concurso Sefaz MG: atribui\u00e7\u00f5es por \u00e1rea<\/h2>\n\n\n\n<h3 class=\"wp-block-heading\" id=\"auditoria-e-fiscalizacao\"><a href=\"https:\/\/www.estrategiaconcursos.com.br\/curso\/sefaz-mg-auditor-fiscal-area-auditoria-e-fiscalizacao-pacote-2022-pos-edital\/\" target=\"_blank\" rel=\"noreferrer noopener\">Auditoria e Fiscaliza\u00e7\u00e3o<\/a><\/h3>\n\n\n\n<ol class=\"wp-block-list\"><li>Constituir, mediante lan\u00e7amento, o cr\u00e9dito tribut\u00e1rio, aplicar penalidades e arrecadar tributos; <\/li><li>Executar atividades de controle fiscal relacionadas \u00e0s a\u00e7\u00f5es, aos procedimentos de fiscaliza\u00e7\u00e3o e aos pedidos de restitui\u00e7\u00e3o, inclusive as a\u00e7\u00f5es e procedimentos de fiscaliza\u00e7\u00e3o emergenciais, em atendimento \u00e0s demandas que exijam pronta interven\u00e7\u00e3o; <\/li><li>Executar procedimentos fiscais objetivando verificar o cumprimento das obriga\u00e7\u00f5es tribut\u00e1rias pelo sujeito passivo, praticando todos os atos definidos na legisla\u00e7\u00e3o, inclu\u00eddos os relativos \u00e0 apreens\u00e3o de mercadorias, livros, documentos, arquivos e meios eletr\u00f4nicos ou quaisquer outros bens e coisas m\u00f3veis necess\u00e1rias \u00e0 comprova\u00e7\u00e3o de infra\u00e7\u00e3o \u00e0 legisla\u00e7\u00e3o tribut\u00e1ria; <\/li><li>Exercer a fiscaliza\u00e7\u00e3o do tr\u00e2nsito e da circula\u00e7\u00e3o de mercadorias, bens e servi\u00e7os, bem como a de outros tributos que n\u00e3o os institu\u00eddos pelo Estado, cuja compet\u00eancia lhe seja delegada por ente tribut\u00e1rio, mediante conv\u00eanio; <\/li><li>Exercer as atividades de auditoria digital e propor, implementar, controlar e avaliar instrumentos e sistemas de inform\u00e1tica a serem utilizados no planejamento, desenvolvimento, execu\u00e7\u00e3o, acompanhamento, controle e avalia\u00e7\u00e3o dos programas, projetos e a\u00e7\u00f5es de controle fiscal.<\/li><\/ol>\n\n\n\n<h3 class=\"wp-block-heading\" id=\"tributacao\"><a href=\"https:\/\/www.estrategiaconcursos.com.br\/curso\/sefaz-mg-auditor-fiscal-area-tributacao-pacote-2022-pos-edital\/\" target=\"_blank\" rel=\"noreferrer noopener\">Tributa\u00e7\u00e3o<\/a><\/h3>\n\n\n\n<ol class=\"wp-block-list\"><li>Elaborar a legisla\u00e7\u00e3o tribut\u00e1ria, segundo as normas t\u00e9cnicas estabelecidas para reda\u00e7\u00e3o de atos normativos de \u00e2mbito estadual; <\/li><li>Orientar o p\u00fablico externo e interno sobre a correta interpreta\u00e7\u00e3o e aplica\u00e7\u00e3o da legisla\u00e7\u00e3o tribut\u00e1ria; <\/li><li>Divulgar e disponibilizar a legisla\u00e7\u00e3o tribut\u00e1ria e as informa\u00e7\u00f5es a ela referentes ao p\u00fablico externo e interno; <\/li><li>Propor aperfei\u00e7oamentos na legisla\u00e7\u00e3o tribut\u00e1ria, com vistas \u00e0 prote\u00e7\u00e3o e \u00e0 defesa da receita tribut\u00e1ria e do desenvolvimento econ\u00f4mico do Estado; <\/li><li>Realizar estudos relativos \u00e0 legisla\u00e7\u00e3o tribut\u00e1ria federal e das demais unidades da federa\u00e7\u00e3o.<\/li><\/ol>\n\n\n\n<h3 class=\"wp-block-heading\" id=\"tecnologia-da-informacao\"><a href=\"https:\/\/www.estrategiaconcursos.com.br\/curso\/sefaz-mg-auditor-fiscal-area-tecnologia-da-informacao-pacote-2022-pos-edital\/\" target=\"_blank\" rel=\"noreferrer noopener\">Tecnologia da Informa\u00e7\u00e3o<\/a><\/h3>\n\n\n\n<ul class=\"wp-block-list\"><li>Gerir projetos e a\u00e7\u00f5es de Tecnologia da Informa\u00e7\u00e3o e Comunica\u00e7\u00e3o (TIC) e acompanh\u00e1-los, mediante a utiliza\u00e7\u00e3o de indicadores, al\u00e9m de aplicar os princ\u00edpios de gest\u00e3o de riscos; <\/li><li>Definir normas, diretrizes, metodologias e regras de governan\u00e7a para processos, procedimentos e servi\u00e7os de TIC, em conson\u00e2ncia com as diretrizes e regras de governan\u00e7a da SEF; <\/li><li>Realizar a coordena\u00e7\u00e3o do processo de governan\u00e7a e gest\u00e3o de TIC, buscando otimizar a aplica\u00e7\u00e3o de recursos, mitiga\u00e7\u00e3o de riscos, apura\u00e7\u00e3o de custos e o alinhamento \u00e0s estrat\u00e9gias da SEF; <\/li><li>Demandar periodicamente a an\u00e1lise de vulnerabilidades, a ser realizada por especialistas em seguran\u00e7a da informa\u00e7\u00e3o, avaliando seus resultados e planejando a\u00e7\u00f5es destinadas a mitigar as falhas identificadas associadas a riscos inaceit\u00e1veis; <\/li><li>Propor a\u00e7\u00f5es inovadoras para prover alternativas tecnol\u00f3gicas que agreguem valor, com foco no atendimento \u00e0s necessidades de informa\u00e7\u00e3o da SEF, favorecendo e estimulando a transforma\u00e7\u00e3o digital na Secretaria.<\/li><\/ul>\n\n\n\n<hr class=\"wp-block-separator\"\/>\n\n\n\n<p class=\"has-text-align-center\"><em>Para ficar por dentro de todas as informa\u00e7\u00f5es sobre o concurso Sefaz MG, n\u00e3o deixe de conferir nosso artigo completo sobre a sele\u00e7\u00e3o:<\/em><\/p>\n\n\n\n<p class=\"has-text-align-center has-background has-medium-font-size\" style=\"background-color:#e3e6e9\"><strong>Mais informa\u00e7\u00f5es: <a href=\"https:\/\/www.estrategiaconcursos.com.br\/blog\/concurso-sefaz-mg\/\" target=\"_blank\" rel=\"noreferrer noopener\">Sefaz MG<\/a><\/strong><\/p>\n\n\n\n<h2 class=\"has-text-align-center wp-block-heading\" id=\"cursos-assinatura\"><em>Quer estudar para o concurso Sefaz MG?<\/em><\/h2>\n\n\n\n<div class=\"container\" id=\"boxes\">\n  <div class=\"row\">\n\n    <div class=\"col-sm\">\n      <div class=\"banner-fiscal-01\" id=\"box-assinatura\">\n        <h3 class=\"titulo-assinatura\">Concurso Sefaz MG<\/h3>\n        <p class=\"subtitulo-assinatura\">Estude conosco<\/p>\n        <div class=\"box-botao\">\n          <a class=\"btn-assinatura\" target=\"_blank\" href=\"https:\/\/www.estrategiaconcursos.com.br\/cursosPorConcurso\/secretaria-da-fazenda-do-estado-de-minas-gerais-sefaz-mg\/\" role=\"button\" rel=\"noopener noreferrer\">Conhe\u00e7a os cursos<\/a>\n        <\/div>\n      <\/div>\n      \n    <\/div>\n\n  <\/div>\n<\/div>\n\n\n\n<div class=\"container\" id=\"boxes\">\n  <div class=\"row\">\n\n    <div class=\"col-sm\">\n      <div class=\"estrategia\" id=\"box-assinatura\">\n        <h3 class=\"titulo-assinatura\">Assinatura Concursos<\/h3>\n        <p class=\"subtitulo-assinatura\">Assinatura de 1 ano ou 2 anos<\/p>\n        <div class=\"box-botao\">\n          <a class=\"btn-assinatura\" target=\"_blank\" href=\"https:\/\/www.estrategiaconcursos.com.br\/assinaturas\/\" role=\"button\" rel=\"noopener noreferrer\">ASSINE AGORA<\/a>\n        <\/div>\n      <\/div><\/div><\/div><\/div>\n\n\n\n<div class=\"wp-block-image\"><figure class=\"aligncenter size-full is-resized\"><a href=\"https:\/\/www.estrategiaconcursos.com.br\/blog\/concurso-sefaz-mg-revisao-de-vespera-presencial\/\" target=\"_blank\" rel=\"noopener\"><img loading=\"lazy\" decoding=\"async\" src=\"https:\/\/dhg1h5j42swfq.cloudfront.net\/2022\/06\/06094607\/capturar-3.jpg\" alt=\"Concurso Sefaz MG: principais datas do cronograma\" class=\"wp-image-1056094\" width=\"832\" height=\"244\" srcset=\"https:\/\/dhg1h5j42swfq.cloudfront.net\/2022\/06\/06094607\/capturar-3.jpg 798w, https:\/\/dhg1h5j42swfq.cloudfront.net\/2022\/06\/06094607\/capturar-3-300x88.jpg 300w, https:\/\/dhg1h5j42swfq.cloudfront.net\/2022\/06\/06094607\/capturar-3-768x225.jpg 768w, https:\/\/dhg1h5j42swfq.cloudfront.net\/2022\/06\/06094607\/capturar-3-610x179.jpg 610w, https:\/\/dhg1h5j42swfq.cloudfront.net\/2022\/06\/06094607\/capturar-3-150x44.jpg 150w\" sizes=\"auto, (max-width: 832px) 100vw, 832px\" \/><\/a><figcaption><a href=\"https:\/\/www.estrategiaconcursos.com.br\/blog\/concurso-sefaz-mg-revisao-de-vespera-presencial\/\" target=\"_blank\" rel=\"noreferrer noopener\">Revis\u00e3o Presencial de V\u00e9spera &#8211; Dia 07\/01. Saiba como participar!<\/a><\/figcaption><\/figure><\/div>\n\n\n\n<h2 class=\"has-text-align-center wp-block-heading\" id=\"h-quer-saber-tudo-sobre-concursos-previstos-confira-nossos-artigos\">Quer saber tudo sobre concursos previstos?<br \/>Confira nossos artigos!<\/h2>\n\n\n\n<ul class=\"wp-block-list\"><li><a href=\"https:\/\/www.estrategiaconcursos.com.br\/blog\/concursos-abertos\/\" target=\"_blank\" rel=\"noreferrer noopener\">Concursos Abertos<\/a><\/li><li><a href=\"https:\/\/www.estrategiaconcursos.com.br\/blog\/concursos-abertos\/\" target=\"_blank\" rel=\"noreferrer noopener\">Concursos Fiscais<\/a><\/li><li><a href=\"https:\/\/www.estrategiaconcursos.com.br\/blog\/concursos-2022\/\" target=\"_blank\" rel=\"noreferrer noopener\">Concursos 2022<\/a><\/li><li><a href=\"https:\/\/www.estrategiaconcursos.com.br\/blog\/concursos-2023\/\" target=\"_blank\" rel=\"noreferrer noopener\">Concursos 2023<\/a><\/li><\/ul>\n","protected":false},"excerpt":{"rendered":"<p>431 vagas para Auditor Fiscal (AFRE) e inicial at\u00e9 R$ 25 mil Com edital j\u00e1 na pra\u00e7a, ser\u00e3o abertas no dia 06 de setembro as inscri\u00e7\u00f5es para o concurso p\u00fablico da\u00a0Secretaria de Estado de Fazenda de Minas Gerais (Sefaz MG). J\u00e1 a aplica\u00e7\u00e3o das provas \u00e9 prevista para janeiro e mar\u00e7o de 2023. Com um [&hellip;]<\/p>\n","protected":false},"author":659,"featured_media":729633,"comment_status":"open","ping_status":"closed","sticky":false,"template":"","format":"standard","meta":{"post_tipo":"article","footnotes":""},"categories":[1983,220219],"tags":[],"tax_estado":[219974],"class_list":["post-1072170","post","type-post","status-publish","format-standard","has-post-thumbnail","hentry","category-fiscal-estadual","category-noticias","tax_estado-mg"],"acf":[],"yoast_head":"<!-- This site is optimized with the Yoast SEO Premium plugin v27.2 (Yoast SEO v27.2) - https:\/\/yoast.com\/product\/yoast-seo-premium-wordpress\/ -->\n<title>Concurso Sefaz MG 2022: conhe\u00e7a as atribui\u00e7\u00f5es do AFRE<\/title>\n<meta name=\"description\" content=\"Concurso Sefaz MG: com edital na pra\u00e7a e inscri\u00e7\u00f5es a partir de setembro, conhe\u00e7a as atribui\u00e7\u00f5es do cargo de Auditor Fiscal.\" \/>\n<meta name=\"robots\" content=\"index, follow, max-snippet:-1, max-image-preview:large, max-video-preview:-1\" \/>\n<link rel=\"canonical\" href=\"https:\/\/www.estrategiaconcursos.com.br\/blog\/concurso-sefaz-mg-atribuicoes\/\" \/>\n<meta property=\"og:locale\" content=\"pt_BR\" \/>\n<meta property=\"og:type\" content=\"article\" \/>\n<meta property=\"og:title\" content=\"Concurso Sefaz MG 2022: conhe\u00e7a as atribui\u00e7\u00f5es do AFRE\" \/>\n<meta property=\"og:description\" content=\"Concurso Sefaz MG: com edital na pra\u00e7a e inscri\u00e7\u00f5es a partir de setembro, conhe\u00e7a as atribui\u00e7\u00f5es do cargo de Auditor Fiscal.\" \/>\n<meta property=\"og:url\" content=\"https:\/\/www.estrategiaconcursos.com.br\/blog\/concurso-sefaz-mg-atribuicoes\/\" \/>\n<meta property=\"og:site_name\" content=\"Estrat\u00e9gia Concursos\" \/>\n<meta property=\"article:published_time\" content=\"2022-08-04T19:51:33+00:00\" \/>\n<meta property=\"article:modified_time\" content=\"2022-08-04T19:52:30+00:00\" \/>\n<meta property=\"og:image\" content=\"https:\/\/dhg1h5j42swfq.cloudfront.net\/2021\/04\/03110217\/sefaz-mg.jpg\" \/>\n\t<meta property=\"og:image:width\" content=\"768\" \/>\n\t<meta property=\"og:image:height\" content=\"432\" \/>\n\t<meta property=\"og:image:type\" content=\"image\/jpeg\" \/>\n<meta name=\"author\" content=\"Camila Leite\" \/>\n<meta name=\"twitter:card\" content=\"summary_large_image\" \/>\n<meta name=\"twitter:creator\" content=\"@EstratConcursos\" \/>\n<meta name=\"twitter:site\" content=\"@EstratConcursos\" \/>\n<meta name=\"twitter:label1\" content=\"Escrito por\" \/>\n\t<meta name=\"twitter:data1\" content=\"Camila Leite\" \/>\n\t<meta name=\"twitter:label2\" content=\"Est. tempo de leitura\" \/>\n\t<meta name=\"twitter:data2\" content=\"4 minutos\" \/>\n<script type=\"application\/ld+json\" class=\"yoast-schema-graph\">{\"@context\":\"https:\/\/schema.org\",\"@graph\":[{\"@type\":\"NewsArticle\",\"@id\":\"https:\/\/www.estrategiaconcursos.com.br\/blog\/concurso-sefaz-mg-atribuicoes\/#article\",\"isPartOf\":{\"@id\":\"https:\/\/www.estrategiaconcursos.com.br\/blog\/concurso-sefaz-mg-atribuicoes\/\"},\"author\":{\"name\":\"Camila Leite\",\"@id\":\"https:\/\/www.estrategiaconcursos.com.br\/blog\/#\/schema\/person\/84ecdc6eb58d3cf1689bf76c5cd8fb38\"},\"headline\":\"Concurso Sefaz MG 2022: conhe\u00e7a as atribui\u00e7\u00f5es do AFRE\",\"datePublished\":\"2022-08-04T19:51:33+00:00\",\"dateModified\":\"2022-08-04T19:52:30+00:00\",\"mainEntityOfPage\":{\"@id\":\"https:\/\/www.estrategiaconcursos.com.br\/blog\/concurso-sefaz-mg-atribuicoes\/\"},\"wordCount\":778,\"commentCount\":0,\"publisher\":{\"@id\":\"https:\/\/www.estrategiaconcursos.com.br\/blog\/#organization\"},\"image\":{\"@id\":\"https:\/\/www.estrategiaconcursos.com.br\/blog\/concurso-sefaz-mg-atribuicoes\/#primaryimage\"},\"thumbnailUrl\":\"https:\/\/dhg1h5j42swfq.cloudfront.net\/2021\/04\/03110217\/sefaz-mg.jpg\",\"articleSection\":[\"Fiscal - Estadual (ICMS)\",\"\u00daltimas not\u00edcias\"],\"inLanguage\":\"pt-BR\",\"potentialAction\":[{\"@type\":\"CommentAction\",\"name\":\"Comment\",\"target\":[\"https:\/\/www.estrategiaconcursos.com.br\/blog\/concurso-sefaz-mg-atribuicoes\/#respond\"]}],\"copyrightYear\":\"2022\",\"copyrightHolder\":{\"@id\":\"https:\/\/www.estrategiaconcursos.com.br\/blog\/#organization\"}},{\"@type\":\"WebPage\",\"@id\":\"https:\/\/www.estrategiaconcursos.com.br\/blog\/concurso-sefaz-mg-atribuicoes\/\",\"url\":\"https:\/\/www.estrategiaconcursos.com.br\/blog\/concurso-sefaz-mg-atribuicoes\/\",\"name\":\"Concurso Sefaz MG 2022: conhe\u00e7a as atribui\u00e7\u00f5es do AFRE\",\"isPartOf\":{\"@id\":\"https:\/\/www.estrategiaconcursos.com.br\/blog\/#website\"},\"primaryImageOfPage\":{\"@id\":\"https:\/\/www.estrategiaconcursos.com.br\/blog\/concurso-sefaz-mg-atribuicoes\/#primaryimage\"},\"image\":{\"@id\":\"https:\/\/www.estrategiaconcursos.com.br\/blog\/concurso-sefaz-mg-atribuicoes\/#primaryimage\"},\"thumbnailUrl\":\"https:\/\/dhg1h5j42swfq.cloudfront.net\/2021\/04\/03110217\/sefaz-mg.jpg\",\"datePublished\":\"2022-08-04T19:51:33+00:00\",\"dateModified\":\"2022-08-04T19:52:30+00:00\",\"description\":\"Concurso Sefaz MG: com edital na pra\u00e7a e inscri\u00e7\u00f5es a partir de setembro, conhe\u00e7a as atribui\u00e7\u00f5es do cargo de Auditor Fiscal.\",\"breadcrumb\":{\"@id\":\"https:\/\/www.estrategiaconcursos.com.br\/blog\/concurso-sefaz-mg-atribuicoes\/#breadcrumb\"},\"inLanguage\":\"pt-BR\",\"potentialAction\":[{\"@type\":\"ReadAction\",\"target\":[\"https:\/\/www.estrategiaconcursos.com.br\/blog\/concurso-sefaz-mg-atribuicoes\/\"]}]},{\"@type\":\"ImageObject\",\"inLanguage\":\"pt-BR\",\"@id\":\"https:\/\/www.estrategiaconcursos.com.br\/blog\/concurso-sefaz-mg-atribuicoes\/#primaryimage\",\"url\":\"https:\/\/dhg1h5j42swfq.cloudfront.net\/2021\/04\/03110217\/sefaz-mg.jpg\",\"contentUrl\":\"https:\/\/dhg1h5j42swfq.cloudfront.net\/2021\/04\/03110217\/sefaz-mg.jpg\",\"width\":768,\"height\":432,\"caption\":\"SEFAZ MG: Resumo da Incid\u00eancia do ICMS no Decreto (RICMS)\"},{\"@type\":\"BreadcrumbList\",\"@id\":\"https:\/\/www.estrategiaconcursos.com.br\/blog\/concurso-sefaz-mg-atribuicoes\/#breadcrumb\",\"itemListElement\":[{\"@type\":\"ListItem\",\"position\":1,\"name\":\"In\u00edcio\",\"item\":\"https:\/\/www.estrategiaconcursos.com.br\/blog\/\"},{\"@type\":\"ListItem\",\"position\":2,\"name\":\"Concurso Sefaz MG 2022: conhe\u00e7a as atribui\u00e7\u00f5es do AFRE\"}]},{\"@type\":\"WebSite\",\"@id\":\"https:\/\/www.estrategiaconcursos.com.br\/blog\/#website\",\"url\":\"https:\/\/www.estrategiaconcursos.com.br\/blog\/\",\"name\":\"Estrat\u00e9gia Concursos\",\"description\":\"O blog da Estrat\u00e9gia Concursos traz not\u00edcias sobre concursos e artigos de professores oferecendo cursos para concursos (pdf + videaulas) no site.\",\"publisher\":{\"@id\":\"https:\/\/www.estrategiaconcursos.com.br\/blog\/#organization\"},\"potentialAction\":[{\"@type\":\"SearchAction\",\"target\":{\"@type\":\"EntryPoint\",\"urlTemplate\":\"https:\/\/www.estrategiaconcursos.com.br\/blog\/?s={search_term_string}\"},\"query-input\":{\"@type\":\"PropertyValueSpecification\",\"valueRequired\":true,\"valueName\":\"search_term_string\"}}],\"inLanguage\":\"pt-BR\"},{\"@type\":\"Organization\",\"@id\":\"https:\/\/www.estrategiaconcursos.com.br\/blog\/#organization\",\"name\":\"Estrat\u00e9gia Concursos\",\"url\":\"https:\/\/www.estrategiaconcursos.com.br\/blog\/\",\"logo\":{\"@type\":\"ImageObject\",\"inLanguage\":\"pt-BR\",\"@id\":\"https:\/\/www.estrategiaconcursos.com.br\/blog\/#\/schema\/logo\/image\/\",\"url\":\"https:\/\/dhg1h5j42swfq.cloudfront.net\/2025\/06\/03203428\/logo_concursos-1.jpg\",\"contentUrl\":\"https:\/\/dhg1h5j42swfq.cloudfront.net\/2025\/06\/03203428\/logo_concursos-1.jpg\",\"width\":230,\"height\":60,\"caption\":\"Estrat\u00e9gia Concursos\"},\"image\":{\"@id\":\"https:\/\/www.estrategiaconcursos.com.br\/blog\/#\/schema\/logo\/image\/\"},\"sameAs\":[\"https:\/\/x.com\/EstratConcursos\"]},{\"@type\":\"Person\",\"@id\":\"https:\/\/www.estrategiaconcursos.com.br\/blog\/#\/schema\/person\/84ecdc6eb58d3cf1689bf76c5cd8fb38\",\"name\":\"Camila Leite\",\"image\":{\"@type\":\"ImageObject\",\"inLanguage\":\"pt-BR\",\"@id\":\"https:\/\/secure.gravatar.com\/avatar\/f2f8faef639c8a2bfb7fb909912a56917f4c3a0aed064500168e2fb8ea55cf61?s=96&d=mm&r=g\",\"url\":\"https:\/\/secure.gravatar.com\/avatar\/f2f8faef639c8a2bfb7fb909912a56917f4c3a0aed064500168e2fb8ea55cf61?s=96&d=mm&r=g\",\"contentUrl\":\"https:\/\/secure.gravatar.com\/avatar\/f2f8faef639c8a2bfb7fb909912a56917f4c3a0aed064500168e2fb8ea55cf61?s=96&d=mm&r=g\",\"caption\":\"Camila Leite\"},\"description\":\"Formada em Design Gr\u00e1fico e em Propaganda e Marketing pela UNIP, integra a equipe de jornalismo do Estrat\u00e9gia Concursos desde 2018. Ao longo dos anos, construiu uma s\u00f3lida experi\u00eancia na produ\u00e7\u00e3o de conte\u00fado informativo e relevante para concurseiros. Desde 2020, atua na cobertura das \u00e1reas Fiscal \u2014 com \u00eanfase nas Secretarias de Fazenda (Sefaz) das regi\u00f5es Sul e Sudeste \u2014, al\u00e9m da cobertura de concursos federais, como CNU, Petrobras, CGU, Receita Federal, ag\u00eancias reguladoras (Anvisa, ANAC, entre outras) e INSS. Mant\u00e9m contato direto com os principais \u00f3rg\u00e3os p\u00fablicos, acompanhando editais, atualiza\u00e7\u00f5es e movimenta\u00e7\u00f5es importantes para os candidatos.\",\"sameAs\":[\"https:\/\/www.linkedin.com\/in\/camila-pinheiro-leite-9ba135b6\/\"],\"url\":\"https:\/\/www.estrategiaconcursos.com.br\/blog\/author\/camila-leiteestrategiaconcursos-com-br\/\"}]}<\/script>\n<!-- \/ Yoast SEO Premium plugin. -->","yoast_head_json":{"title":"Concurso Sefaz MG 2022: conhe\u00e7a as atribui\u00e7\u00f5es do AFRE","description":"Concurso Sefaz MG: com edital na pra\u00e7a e inscri\u00e7\u00f5es a partir de setembro, conhe\u00e7a as atribui\u00e7\u00f5es do cargo de Auditor Fiscal.","robots":{"index":"index","follow":"follow","max-snippet":"max-snippet:-1","max-image-preview":"max-image-preview:large","max-video-preview":"max-video-preview:-1"},"canonical":"https:\/\/www.estrategiaconcursos.com.br\/blog\/concurso-sefaz-mg-atribuicoes\/","og_locale":"pt_BR","og_type":"article","og_title":"Concurso Sefaz MG 2022: conhe\u00e7a as atribui\u00e7\u00f5es do AFRE","og_description":"Concurso Sefaz MG: com edital na pra\u00e7a e inscri\u00e7\u00f5es a partir de setembro, conhe\u00e7a as atribui\u00e7\u00f5es do cargo de Auditor Fiscal.","og_url":"https:\/\/www.estrategiaconcursos.com.br\/blog\/concurso-sefaz-mg-atribuicoes\/","og_site_name":"Estrat\u00e9gia Concursos","article_published_time":"2022-08-04T19:51:33+00:00","article_modified_time":"2022-08-04T19:52:30+00:00","og_image":[{"width":768,"height":432,"url":"https:\/\/dhg1h5j42swfq.cloudfront.net\/2021\/04\/03110217\/sefaz-mg.jpg","type":"image\/jpeg"}],"author":"Camila Leite","twitter_card":"summary_large_image","twitter_creator":"@EstratConcursos","twitter_site":"@EstratConcursos","twitter_misc":{"Escrito por":"Camila Leite","Est. tempo de leitura":"4 minutos"},"schema":{"@context":"https:\/\/schema.org","@graph":[{"@type":"NewsArticle","@id":"https:\/\/www.estrategiaconcursos.com.br\/blog\/concurso-sefaz-mg-atribuicoes\/#article","isPartOf":{"@id":"https:\/\/www.estrategiaconcursos.com.br\/blog\/concurso-sefaz-mg-atribuicoes\/"},"author":{"name":"Camila Leite","@id":"https:\/\/www.estrategiaconcursos.com.br\/blog\/#\/schema\/person\/84ecdc6eb58d3cf1689bf76c5cd8fb38"},"headline":"Concurso Sefaz MG 2022: conhe\u00e7a as atribui\u00e7\u00f5es do AFRE","datePublished":"2022-08-04T19:51:33+00:00","dateModified":"2022-08-04T19:52:30+00:00","mainEntityOfPage":{"@id":"https:\/\/www.estrategiaconcursos.com.br\/blog\/concurso-sefaz-mg-atribuicoes\/"},"wordCount":778,"commentCount":0,"publisher":{"@id":"https:\/\/www.estrategiaconcursos.com.br\/blog\/#organization"},"image":{"@id":"https:\/\/www.estrategiaconcursos.com.br\/blog\/concurso-sefaz-mg-atribuicoes\/#primaryimage"},"thumbnailUrl":"https:\/\/dhg1h5j42swfq.cloudfront.net\/2021\/04\/03110217\/sefaz-mg.jpg","articleSection":["Fiscal - Estadual (ICMS)","\u00daltimas not\u00edcias"],"inLanguage":"pt-BR","potentialAction":[{"@type":"CommentAction","name":"Comment","target":["https:\/\/www.estrategiaconcursos.com.br\/blog\/concurso-sefaz-mg-atribuicoes\/#respond"]}],"copyrightYear":"2022","copyrightHolder":{"@id":"https:\/\/www.estrategiaconcursos.com.br\/blog\/#organization"}},{"@type":"WebPage","@id":"https:\/\/www.estrategiaconcursos.com.br\/blog\/concurso-sefaz-mg-atribuicoes\/","url":"https:\/\/www.estrategiaconcursos.com.br\/blog\/concurso-sefaz-mg-atribuicoes\/","name":"Concurso Sefaz MG 2022: conhe\u00e7a as atribui\u00e7\u00f5es do AFRE","isPartOf":{"@id":"https:\/\/www.estrategiaconcursos.com.br\/blog\/#website"},"primaryImageOfPage":{"@id":"https:\/\/www.estrategiaconcursos.com.br\/blog\/concurso-sefaz-mg-atribuicoes\/#primaryimage"},"image":{"@id":"https:\/\/www.estrategiaconcursos.com.br\/blog\/concurso-sefaz-mg-atribuicoes\/#primaryimage"},"thumbnailUrl":"https:\/\/dhg1h5j42swfq.cloudfront.net\/2021\/04\/03110217\/sefaz-mg.jpg","datePublished":"2022-08-04T19:51:33+00:00","dateModified":"2022-08-04T19:52:30+00:00","description":"Concurso Sefaz MG: com edital na pra\u00e7a e inscri\u00e7\u00f5es a partir de setembro, conhe\u00e7a as atribui\u00e7\u00f5es do cargo de Auditor Fiscal.","breadcrumb":{"@id":"https:\/\/www.estrategiaconcursos.com.br\/blog\/concurso-sefaz-mg-atribuicoes\/#breadcrumb"},"inLanguage":"pt-BR","potentialAction":[{"@type":"ReadAction","target":["https:\/\/www.estrategiaconcursos.com.br\/blog\/concurso-sefaz-mg-atribuicoes\/"]}]},{"@type":"ImageObject","inLanguage":"pt-BR","@id":"https:\/\/www.estrategiaconcursos.com.br\/blog\/concurso-sefaz-mg-atribuicoes\/#primaryimage","url":"https:\/\/dhg1h5j42swfq.cloudfront.net\/2021\/04\/03110217\/sefaz-mg.jpg","contentUrl":"https:\/\/dhg1h5j42swfq.cloudfront.net\/2021\/04\/03110217\/sefaz-mg.jpg","width":768,"height":432,"caption":"SEFAZ MG: Resumo da Incid\u00eancia do ICMS no Decreto (RICMS)"},{"@type":"BreadcrumbList","@id":"https:\/\/www.estrategiaconcursos.com.br\/blog\/concurso-sefaz-mg-atribuicoes\/#breadcrumb","itemListElement":[{"@type":"ListItem","position":1,"name":"In\u00edcio","item":"https:\/\/www.estrategiaconcursos.com.br\/blog\/"},{"@type":"ListItem","position":2,"name":"Concurso Sefaz MG 2022: conhe\u00e7a as atribui\u00e7\u00f5es do AFRE"}]},{"@type":"WebSite","@id":"https:\/\/www.estrategiaconcursos.com.br\/blog\/#website","url":"https:\/\/www.estrategiaconcursos.com.br\/blog\/","name":"Estrat\u00e9gia Concursos","description":"O blog da Estrat\u00e9gia Concursos traz not\u00edcias sobre concursos e artigos de professores oferecendo cursos para concursos (pdf + videaulas) no site.","publisher":{"@id":"https:\/\/www.estrategiaconcursos.com.br\/blog\/#organization"},"potentialAction":[{"@type":"SearchAction","target":{"@type":"EntryPoint","urlTemplate":"https:\/\/www.estrategiaconcursos.com.br\/blog\/?s={search_term_string}"},"query-input":{"@type":"PropertyValueSpecification","valueRequired":true,"valueName":"search_term_string"}}],"inLanguage":"pt-BR"},{"@type":"Organization","@id":"https:\/\/www.estrategiaconcursos.com.br\/blog\/#organization","name":"Estrat\u00e9gia Concursos","url":"https:\/\/www.estrategiaconcursos.com.br\/blog\/","logo":{"@type":"ImageObject","inLanguage":"pt-BR","@id":"https:\/\/www.estrategiaconcursos.com.br\/blog\/#\/schema\/logo\/image\/","url":"https:\/\/dhg1h5j42swfq.cloudfront.net\/2025\/06\/03203428\/logo_concursos-1.jpg","contentUrl":"https:\/\/dhg1h5j42swfq.cloudfront.net\/2025\/06\/03203428\/logo_concursos-1.jpg","width":230,"height":60,"caption":"Estrat\u00e9gia Concursos"},"image":{"@id":"https:\/\/www.estrategiaconcursos.com.br\/blog\/#\/schema\/logo\/image\/"},"sameAs":["https:\/\/x.com\/EstratConcursos"]},{"@type":"Person","@id":"https:\/\/www.estrategiaconcursos.com.br\/blog\/#\/schema\/person\/84ecdc6eb58d3cf1689bf76c5cd8fb38","name":"Camila Leite","image":{"@type":"ImageObject","inLanguage":"pt-BR","@id":"https:\/\/secure.gravatar.com\/avatar\/f2f8faef639c8a2bfb7fb909912a56917f4c3a0aed064500168e2fb8ea55cf61?s=96&d=mm&r=g","url":"https:\/\/secure.gravatar.com\/avatar\/f2f8faef639c8a2bfb7fb909912a56917f4c3a0aed064500168e2fb8ea55cf61?s=96&d=mm&r=g","contentUrl":"https:\/\/secure.gravatar.com\/avatar\/f2f8faef639c8a2bfb7fb909912a56917f4c3a0aed064500168e2fb8ea55cf61?s=96&d=mm&r=g","caption":"Camila Leite"},"description":"Formada em Design Gr\u00e1fico e em Propaganda e Marketing pela UNIP, integra a equipe de jornalismo do Estrat\u00e9gia Concursos desde 2018. Ao longo dos anos, construiu uma s\u00f3lida experi\u00eancia na produ\u00e7\u00e3o de conte\u00fado informativo e relevante para concurseiros. Desde 2020, atua na cobertura das \u00e1reas Fiscal \u2014 com \u00eanfase nas Secretarias de Fazenda (Sefaz) das regi\u00f5es Sul e Sudeste \u2014, al\u00e9m da cobertura de concursos federais, como CNU, Petrobras, CGU, Receita Federal, ag\u00eancias reguladoras (Anvisa, ANAC, entre outras) e INSS. Mant\u00e9m contato direto com os principais \u00f3rg\u00e3os p\u00fablicos, acompanhando editais, atualiza\u00e7\u00f5es e movimenta\u00e7\u00f5es importantes para os candidatos.","sameAs":["https:\/\/www.linkedin.com\/in\/camila-pinheiro-leite-9ba135b6\/"],"url":"https:\/\/www.estrategiaconcursos.com.br\/blog\/author\/camila-leiteestrategiaconcursos-com-br\/"}]}},"_links":{"self":[{"href":"https:\/\/www.estrategiaconcursos.com.br\/blog\/wp-json\/wp\/v2\/posts\/1072170","targetHints":{"allow":["GET"]}}],"collection":[{"href":"https:\/\/www.estrategiaconcursos.com.br\/blog\/wp-json\/wp\/v2\/posts"}],"about":[{"href":"https:\/\/www.estrategiaconcursos.com.br\/blog\/wp-json\/wp\/v2\/types\/post"}],"author":[{"embeddable":true,"href":"https:\/\/www.estrategiaconcursos.com.br\/blog\/wp-json\/wp\/v2\/users\/659"}],"replies":[{"embeddable":true,"href":"https:\/\/www.estrategiaconcursos.com.br\/blog\/wp-json\/wp\/v2\/comments?post=1072170"}],"version-history":[{"count":6,"href":"https:\/\/www.estrategiaconcursos.com.br\/blog\/wp-json\/wp\/v2\/posts\/1072170\/revisions"}],"predecessor-version":[{"id":1072223,"href":"https:\/\/www.estrategiaconcursos.com.br\/blog\/wp-json\/wp\/v2\/posts\/1072170\/revisions\/1072223"}],"wp:featuredmedia":[{"embeddable":true,"href":"https:\/\/www.estrategiaconcursos.com.br\/blog\/wp-json\/wp\/v2\/media\/729633"}],"wp:attachment":[{"href":"https:\/\/www.estrategiaconcursos.com.br\/blog\/wp-json\/wp\/v2\/media?parent=1072170"}],"wp:term":[{"taxonomy":"category","embeddable":true,"href":"https:\/\/www.estrategiaconcursos.com.br\/blog\/wp-json\/wp\/v2\/categories?post=1072170"},{"taxonomy":"post_tag","embeddable":true,"href":"https:\/\/www.estrategiaconcursos.com.br\/blog\/wp-json\/wp\/v2\/tags?post=1072170"},{"taxonomy":"tax_estado","embeddable":true,"href":"https:\/\/www.estrategiaconcursos.com.br\/blog\/wp-json\/wp\/v2\/tax_estado?post=1072170"}],"curies":[{"name":"wp","href":"https:\/\/api.w.org\/{rel}","templated":true}]}}