{"id":107206,"date":"2018-02-21T10:27:18","date_gmt":"2018-02-21T13:27:18","guid":{"rendered":"https:\/\/www.estrategiaconcursos.com.br\/blog\/?p=107206"},"modified":"2023-05-23T10:02:16","modified_gmt":"2023-05-23T13:02:16","slug":"prova-de-economia-comentada-consultor-legislativo-area-de-administracao-publica-orcamento-e-financas-da-camara-municipal-de-belo-horizonte","status":"publish","type":"post","link":"https:\/\/www.estrategiaconcursos.com.br\/blog\/prova-de-economia-comentada-consultor-legislativo-area-de-administracao-publica-orcamento-e-financas-da-camara-municipal-de-belo-horizonte\/","title":{"rendered":"Prova de Economia Comentada &#8211; Consultor Legislativo (\u00c1rea de Administra\u00e7\u00e3o P\u00fablica, Or\u00e7amento e Finan\u00e7as) da C\u00e2mara Municipal de Belo Horizonte."},"content":{"rendered":"<p>Ol\u00e1 pessoal, tudo bem?<\/p>\n<p>Abaixo seguem os coment\u00e1rios das quest\u00f5es de Economia cobradas no concurso de Consultor Legislativo (\u00c1rea de Administra\u00e7\u00e3o P\u00fablica, Or\u00e7amento e Finan\u00e7as) da C\u00e2mara Municipal de Belo Horizonte.<\/p>\n<p>Abs!<\/p>\n<p>Prof. Vicente Camillo<\/p>\n<ol start=\"41\">\n<li><strong> Sobre o Balan\u00e7o de Pagamentos do Brasil, marque V para as afirmativas verdadeiras e F para as falsas.<\/strong><\/li>\n<\/ol>\n<p><strong>( ) <\/strong>No Balan\u00e7o de Pagamentos, a Conta de Capital representa o somat\u00f3rio dos valores l\u00edquidos dos investimentos diretos, investimentos em carteira, derivativos e outros investimentos.<\/p>\n<p><strong>( ) <\/strong>No Balan\u00e7o de Pagamentos, a Balan\u00e7a de Transa\u00e7\u00f5es Correntes representa o somat\u00f3rio dos valores l\u00edquidos da balan\u00e7a comercial, servi\u00e7os, rendas e transfer\u00eancias unilaterais correntes.<\/p>\n<p><strong>( ) <\/strong>O Balan\u00e7o de Pagamentos \u00e9 o registro estat\u00edstico de todas as transa\u00e7\u00f5es (fluxo de bens e direitos de valor econ\u00f4mico) entre os residentes de uma economia e o restante do mundo, ocorridos em determinado per\u00edodo de tempo.<\/p>\n<p><strong>( ) <\/strong>As transa\u00e7\u00f5es entre os residentes no Brasil e os residentes no exterior, independentemente da moeda utilizada, de acordo com as normas em vigor no pa\u00eds, s\u00e3o realizadas por interm\u00e9dio do sistema banc\u00e1rio ou de agentes credenciados pelo Banco Central do Brasil.<\/p>\n<p><strong>A sequ\u00eancia est\u00e1 correta em<\/strong><\/p>\n<ol>\n<li>A) F, V, V, V. B) V, V, F, F. C) V, F, V, F. D) F, F, V, F.<\/li>\n<\/ol>\n<p><span style=\"color: #ff0000;\">Comentando:<\/span><\/p>\n<p><span style=\"color: #ff0000;\">I \u2013 Falso. \u00c9 a Conta Financeira que registra estes valores<\/span><\/p>\n<p><span style=\"color: #ff0000;\">II \u2013 Falso. No Balan\u00e7o de Pagamentos, a Balan\u00e7a de Transa\u00e7\u00f5es Correntes representa o somat\u00f3rio dos valores l\u00edquidos da balan\u00e7a comercial, servi\u00e7os, renda prim\u00e1rio e renda secund\u00e1ria<\/span><\/p>\n<p><span style=\"color: #ff0000;\">III \u2013 Verdadeiro<\/span><\/p>\n<p><span style=\"color: #ff0000;\">IV \u2013 Falso. Se realizadas em Reais, n\u00e3o necessariamente \u00e9 preciso de institui\u00e7\u00e3o financeira intermediando. A necessidade \u00e9 prevista quando envolver divisas internacionais.<\/span><\/p>\n<p><span style=\"color: #ff0000;\">GABARITO: LETRA E<\/span><\/p>\n<p><strong>\u00a0<\/strong><\/p>\n<p><strong>43 <\/strong><strong>\u201cA informalidade assume distintos significados nos diferentes debates em torno das suas manifesta\u00e7\u00f5es cotidianas, uma vez que a sua compreens\u00e3o na opini\u00e3o p\u00fablica, na academia e entre os formuladores de pol\u00edticas p\u00fablicas costuma variar de acordo com a vis\u00e3o de mundo, os compromissos e os interesses imediatos de cada segmento social. Mas, qualquer que seja o significado atribu\u00eddo \u00e0s suas manifesta\u00e7\u00f5es, a quest\u00e3o n\u00e3o pode ser pensada de forma compartimentalizada,como se o problema estivesse restrito a um setor atrasado e estanque da economia.\u201d<\/strong><\/p>\n<p><strong><em>(Economia informal: aspectos conceituais e te\u00f3ricos \/ Jos\u00e9 Dari Krein e Marcelo Weishaupt Proni; Escrit\u00f3rio da OIT no Brasil. \u2013 Bras\u00edlia: OIT, 2010 1 v. 1.)<\/em><\/strong><\/p>\n<p><strong>Em rela\u00e7\u00e3o \u00e0 economia informal, assinale a alternativa INCORRETA.<\/strong><\/p>\n<ol>\n<li>A) Os trabalhadores da economia informal s\u00e3o reconhecidos pelas ag\u00eancias governamentais, s\u00e3o precisamente mensurados nas estat\u00edsticas oficiais, est\u00e3o contemplados pela legisla\u00e7\u00e3o trabalhista, mas se beneficiam de forma limitada da seguridade social.<\/li>\n<li>B) Os trabalhadores da economia informal est\u00e3o impossibilitados de desfrutar plenamente dos direitos sociais que alicer\u00e7am a cidadania. E quando reivindicam outra forma de tratamento, raramente s\u00e3o ouvidos pelas autoridades p\u00fablicas, por n\u00e3o estarem organizados e n\u00e3o terem representantes leg\u00edtimos.<\/li>\n<li>C) Apesar de haver discrep\u00e2ncia no uso dos conceitos e na mensura\u00e7\u00e3o da extens\u00e3o da economia informal, existe uma compreens\u00e3o amplamente difundida de que a economia informal se tornou um fen\u00f4meno expressivo nos pa\u00edses subdesenvolvidos ou em transi\u00e7\u00e3o e que come\u00e7a a aparecer nos pa\u00edses centrais.<\/li>\n<li>D) H\u00e1, no meio acad\u00eamico, uma relativa concord\u00e2ncia de que sob a no\u00e7\u00e3o da informalidade h\u00e1 uma grande diversidade de situa\u00e7\u00f5es heterog\u00eaneas, que, em geral, correspondem a condi\u00e7\u00f5es desfavor\u00e1veis aos trabalhadores: indefini\u00e7\u00e3o do local de trabalho, condi\u00e7\u00f5es de trabalho prejudiciais \u00e0 sa\u00fade e \u00e0 seguran\u00e7a, baixos n\u00edveis de qualifica\u00e7\u00e3o e de produtividade do trabalho, rendimentos baixos e irregulares, extensas jornadas de trabalho, falta de acesso \u00e0 informa\u00e7\u00e3o e \u00e0 tecnologia, al\u00e9m das dificuldades para a obten\u00e7\u00e3o de financiamento e para uma inser\u00e7\u00e3o legal no mercado.<\/li>\n<\/ol>\n<p><span style=\"color: #ff0000;\">A Letra A est\u00e1 incorreta.<\/span><\/p>\n<p><span style=\"color: #ff0000;\">Em que pese o IBGE apresentar as estat\u00edsticas sobre o trabalho informal (https:\/\/www.ibge.gov.br\/estatisticas-novoportal\/sociais\/trabalho\/9025-economia-informal-urbana.html?&amp;t=o-que-e), estes dados possuem imprecis\u00e3o, em fun\u00e7\u00e3o da pr\u00f3pria natureza informal do trabalho.<\/span><\/p>\n<p><span style=\"color: #ff0000;\">GABARITO: LETRA A<\/span><\/p>\n<p><strong>44 Sobre pol\u00edticas e planos de Desenvolvimento Regional, em \u00e2mbito nacional, analise as afirmativas a seguir.<\/strong><\/p>\n<ol>\n<li>A Pol\u00edtica Nacional de Desenvolvimento Regional \u2013 PNDR tem como objetivo a redu\u00e7\u00e3o das desigualdades de n\u00edvel de vida entre as regi\u00f5es brasileiras e a promo\u00e7\u00e3o da equidade no acesso a oportunidades de desenvolvimento, e deve orientar os programas e a\u00e7\u00f5es federais no Territ\u00f3rio Nacional.<\/li>\n<li>A redu\u00e7\u00e3o das desigualdades regionais se norteia pelas estrat\u00e9gias de est\u00edmulo e apoio a processos e a oportunidades de desenvolvimento regional, em m\u00faltiplas escalas e pela articula\u00e7\u00e3o de a\u00e7\u00f5es que, no seu conjunto, promovam uma melhor distribui\u00e7\u00e3o da a\u00e7\u00e3o p\u00fablica e investimentos no Territ\u00f3rio Nacional, com foco particular nos territ\u00f3rios selecionados e de a\u00e7\u00e3o priorit\u00e1ria.<\/li>\n<\/ol>\n<p><strong>III. <\/strong>As estrat\u00e9gias da Pol\u00edtica Nacional de Desenvolvimento Regional \u2013 PNDR devem ser convergentes com os objetivos de inclus\u00e3o social, de produtividade, sustentabilidade ambiental e competitividade econ\u00f4mica.<\/p>\n<p><strong>Est\u00e1(\u00e3o) correta(s) a(s) afirmativa(s)<\/strong><\/p>\n<ol>\n<li>A) I, II e III. B) I, apenas. C) II, apenas. D) III, apenas.<\/li>\n<\/ol>\n<p><span style=\"color: #ff0000;\">Quest\u00e3o elaborada com base no Decreto 6047\/2007. Comentando:<\/span><\/p>\n<p><span style=\"color: #ff0000;\">I \u2013 Correto. Art.\u00a01<u><sup>o<\/sup><\/u>\u00a0\u00a0A Pol\u00edtica Nacional de Desenvolvimento Regional\u00a0&#8211;\u00a0PNDR tem como objetivo a redu\u00e7\u00e3o das desigualdades de n\u00edvel de vida entre as regi\u00f5es brasileiras e a promo\u00e7\u00e3o da eq\u00fcidade no acesso a oportunidades de desenvolvimento, e deve orientar os programas e a\u00e7\u00f5es federais no Territ\u00f3rio Nacional, atendendo ao disposto no\u00a0inciso III do art. 3<sup>o<\/sup>\u00a0da Constitui\u00e7\u00e3o.\u00a0<\/span><\/p>\n<p><span style=\"color: #ff0000;\">II \u2013 Correto. Art.\u00a02<u><sup>o<\/sup><\/u>\u00a0\u00a0A redu\u00e7\u00e3o das desigualdades regionais se norteia pelas seguintes estrat\u00e9gias: I\u00a0&#8211;\u00a0estimular e apoiar processos e oportunidades de desenvolvimento regional, em m\u00faltiplas escalas; e II\u00a0&#8211;\u00a0articular a\u00e7\u00f5es que, no seu conjunto, promovam uma melhor distribui\u00e7\u00e3o da a\u00e7\u00e3o p\u00fablica e investimentos no Territ\u00f3rio Nacional, com foco particular nos territ\u00f3rios selecionados e de a\u00e7\u00e3o priorit\u00e1ria.\u00a0<\/span><\/p>\n<p><span style=\"color: #ff0000;\">III \u2013 Correto. Art. 2\u00ba. Par\u00e1grafo\u00a0\u00fanico.\u00a0\u00a0As estrat\u00e9gias da PNDR devem ser convergentes com os objetivos de inclus\u00e3o social, de produtividade, sustentabilidade ambiental e competitividade econ\u00f4mica.\u00a0<\/span><\/p>\n<p><span style=\"color: #ff0000;\"><strong>GABARITO: A<\/strong><\/span><\/p>\n<p><strong>\u00a0<\/strong><\/p>\n<p><strong>45 Regular \u00e9 disciplinar por meio de regra. Em sentido largo, \u00e9 o conjunto de regras editadas com o prop\u00f3sito de disciplinar determinada mat\u00e9ria, o que permite o emprego do voc\u00e1bulo para referir a disciplinas dos mais variados campos de incid\u00eancia de normas legais. Sobre regula\u00e7\u00e3o e fiscaliza\u00e7\u00e3o da atividade econ\u00f4mica, assinale a alternativa<\/strong><\/p>\n<p><strong>INCORRETA.<\/strong><\/p>\n<ol>\n<li>A) A regula\u00e7\u00e3o econ\u00f4mica \u00e9 baseada em valores de efici\u00eancia e concorr\u00eancia, e geralmente envolve a corre\u00e7\u00e3o de falhas ou imperfei\u00e7\u00f5es de mercado.<\/li>\n<li>B) A regula\u00e7\u00e3o econ\u00f4mica se justifica por in\u00fameros problemas de mercado, dentre os quais a exist\u00eancia de falhas de mercado na presen\u00e7a de bens p\u00fablicos.<\/li>\n<li>C) Regula\u00e7\u00e3o econ\u00f4mica \u00e9 um conjunto de regras gen\u00e9ricas implementadas diretamente pela administra\u00e7\u00e3o p\u00fablica para evitar a interfer\u00eancia direta no mecanismo de aloca\u00e7\u00e3o de mercado, ou indiretamente, para evitar altera\u00e7\u00f5es nas decis\u00f5es de oferta e de demanda origin\u00e1rias de produtores e consumidores.<\/li>\n<li>D) Os instrumentos de regula\u00e7\u00e3o econ\u00f4mica s\u00e3o genericamente classificados como Comando e Controle e Incentivos Financeiros. Os instrumentos de Incentivos Financeiros est\u00e3o associados a transfer\u00eancias de recursos por meio de impostos e subs\u00eddios. J\u00e1 os instrumentos de Comando e Controle s\u00e3o aqueles associados a regras particulares implementadas por ag\u00eancias governamentais especialmente concebidas para esses fins, fazendo o uso de regulamentos e san\u00e7\u00f5es.<\/li>\n<\/ol>\n<p><span style=\"color: #ff0000;\">A Letra C est\u00e1 incorreta.<\/span><\/p>\n<p><span style=\"color: #ff0000;\">A regula\u00e7\u00e3o econ\u00f4mica n\u00e3o necessariamente \u00e9 implementada pela administra\u00e7\u00e3o p\u00fablica (pode ser aplicada pelos pr\u00f3prios participantes no setor via autorregula\u00e7\u00e3o) e n\u00e3o pode ser considerada como um conjunto de regras gen\u00e9ricas. Muito pelo contr\u00e1rio, os normativos que estabelecem as regras da regula\u00e7\u00e3o econ\u00f4mica nos mais distintos mercados s\u00e3o bem detalhados.<\/span><\/p>\n<p><span style=\"color: #ff0000;\">GABARITO: C<\/span><\/p>\n<p><strong>46 A D\u00edvida P\u00fablica, em termos gerais, \u00e9 a d\u00edvida contra\u00edda pelo Tesouro Nacional, Estadual ou Municipal para financiar o <\/strong><strong><em>d\u00e9ficit <\/em><\/strong><strong>or\u00e7ament\u00e1rio, nele inclu\u00eddo o refinanciamento da pr\u00f3pria d\u00edvida, bem como para realizar opera\u00e7\u00f5es com finalidades espec\u00edficas definidas em lei. A respeito de d\u00edvida p\u00fablica e alternativas de financiamento do <\/strong><strong><em>d\u00e9ficit <\/em><\/strong><strong>p\u00fablico, analise as afirmativas a seguir.<\/strong><\/p>\n<ol>\n<li>A D\u00edvida P\u00fablica Federal pode ser classificada de distintas formas, sendo as principais: quanto \u00e0 forma utilizada para o endividamento e quanto \u00e0 moeda na qual ocorrem os fluxos de recebimento e pagamento da d\u00edvida.<\/li>\n<li>Os t\u00edtulos p\u00fablicos federais s\u00e3o instrumentos financeiros de renda fixa emitidos pelo Governo Federal via oferta p\u00fablica (leil\u00e3o) ou diretamente ao detentor.<\/li>\n<li>Em rela\u00e7\u00e3o \u00e0 moeda na qual ocorrem seus fluxos de recebimento e pagamento, a D\u00edvida P\u00fablica Federal pode ser classificada como interna ou externa. Quando os pagamentos e recebimentos s\u00e3o realizados na moeda corrente em circula\u00e7\u00e3o no pa\u00eds, no caso brasileiro o real, a d\u00edvida \u00e9 chamada de interna. Por sua vez, quando tais fluxos financeiros ocorrem em moeda estrangeira, usualmente o d\u00f3lar norte-americano, a d\u00edvida \u00e9 classificada como externa.<\/li>\n<li>Atualmente, toda a D\u00edvida P\u00fablica Federal em circula\u00e7\u00e3o no mercado nacional \u00e9 paga em real e captada por meio da emiss\u00e3o de t\u00edtulos p\u00fablicos, sendo por essa raz\u00e3o definida como D\u00edvida P\u00fablica Mobili\u00e1ria Federal interna. J\u00e1 a D\u00edvida P\u00fablica Federal existente no mercado internacional \u00e9 paga em outras moedas que n\u00e3o o real e tem sido captada tanto por meio da emiss\u00e3o de t\u00edtulos quanto por contratos, sendo por isso definida como D\u00edvida P\u00fablica Federal externa.<\/li>\n<\/ol>\n<p><strong>Est\u00e3o corretas as afirmativas<\/strong><\/p>\n<ol>\n<li>A) I, II, III e IV. B) I e III, apenas. C) I e IV, apenas. D) III e IV, apenas.<\/li>\n<\/ol>\n<p><span style=\"color: #ff0000;\">Todos os itens est\u00e3o corretos.<\/span><\/p>\n<p><span style=\"color: #ff0000;\"><strong>GABARITO: LETRA A<\/strong><\/span><\/p>\n<p><strong>\u00a0<\/strong><\/p>\n<p><strong>47A Pol\u00edtica Fiscal reflete o conjunto de medidas pelas quais o Governo arrecada receitas e realiza despesas de modo a cumprir tr\u00eas fun\u00e7\u00f5es prec\u00edpuas: a estabiliza\u00e7\u00e3o macroecon\u00f4mica, a redistribui\u00e7\u00e3o da renda e a aloca\u00e7\u00e3o de recursos.<\/strong><\/p>\n<p><strong>Sobre a Pol\u00edtica Fiscal, assinale a alternativa INCORRETA.<\/strong><\/p>\n<ol>\n<li>A) A Pol\u00edtica Fiscal busca a cria\u00e7\u00e3o de empregos, o aumento dos investimentos p\u00fablicos e a amplia\u00e7\u00e3o da rede de seguridade social, com \u00eanfase na redu\u00e7\u00e3o da pobreza e da desigualdade.<\/li>\n<li>B) O uso equilibrado dos recursos p\u00fablicos visa \u00e0 elimina\u00e7\u00e3o da d\u00edvida l\u00edquida como percentual do PIB, de forma a contribuir com a instabilidade econ\u00f4mica, o crescimento e o desenvolvimento econ\u00f4mico do pa\u00eds.<\/li>\n<li>C) Os resultados da Pol\u00edtica Fiscal podem ser avaliados sob diferentes \u00e2ngulos, que podem focar na mensura\u00e7\u00e3o da qualidade do gasto p\u00fablico, bem como identificar os impactos da Pol\u00edtica Fiscal no bem-estar dos cidad\u00e3os.<\/li>\n<li>D) O resultado fiscal prim\u00e1rio \u00e9 a diferen\u00e7a entre as receitas prim\u00e1rias e as despesas prim\u00e1rias durante um determinado per\u00edodo. O resultado fiscal nominal, por sua vez, \u00e9 o resultado prim\u00e1rio acrescido do pagamento l\u00edquido de juros. Assim, fala-se que o Governo obt\u00e9m super\u00e1vit fiscal quando as receitas excedem as despesas em dado per\u00edodo; por outro lado, h\u00e1 <em>d\u00e9ficit <\/em>quando as receitas s\u00e3o menores do que as despesas.<\/li>\n<\/ol>\n<p><span style=\"color: #ff0000;\">O uso equilibrado dos recursos p\u00fablicos visa \u00e0 ESTABILIZA\u00c7\u00c3O\/REDU\u00c7\u00c3O da d\u00edvida l\u00edquida como percentual do PIB, de forma a contribuir com a ESTABILIDADE econ\u00f4mica, o crescimento e o desenvolvimento econ\u00f4mico do pa\u00eds.<\/span><\/p>\n<p><span style=\"color: #ff0000;\">GABARITO: B<\/span><\/p>\n","protected":false},"excerpt":{"rendered":"<p>Ol\u00e1 pessoal, tudo bem? Abaixo seguem os coment\u00e1rios das quest\u00f5es de Economia cobradas no concurso de Consultor Legislativo (\u00c1rea de Administra\u00e7\u00e3o P\u00fablica, Or\u00e7amento e Finan\u00e7as) da C\u00e2mara Municipal de Belo Horizonte. Abs! Prof. Vicente Camillo Sobre o Balan\u00e7o de Pagamentos do Brasil, marque V para as afirmativas verdadeiras e F para as falsas. ( ) [&hellip;]<\/p>\n","protected":false},"author":127,"featured_media":0,"comment_status":"open","ping_status":"closed","sticky":false,"template":"","format":"standard","meta":{"post_tipo":"article","footnotes":""},"categories":[1],"tags":[504],"tax_estado":[],"class_list":["post-107206","post","type-post","status-publish","format-standard","hentry","category-cursos-e-concursos","tag-economia"],"acf":[],"yoast_head":"<!-- This site is optimized with the Yoast SEO Premium plugin v27.2 (Yoast SEO v27.2) - https:\/\/yoast.com\/product\/yoast-seo-premium-wordpress\/ -->\n<title>Prova de Economia Comentada - Consultor Legislativo (\u00c1rea de Administra\u00e7\u00e3o P\u00fablica, Or\u00e7amento e Finan\u00e7as) da C\u00e2mara Municipal de Belo Horizonte.<\/title>\n<meta name=\"robots\" content=\"index, follow, max-snippet:-1, max-image-preview:large, max-video-preview:-1\" \/>\n<link rel=\"canonical\" href=\"https:\/\/www.estrategiaconcursos.com.br\/blog\/prova-de-economia-comentada-consultor-legislativo-area-de-administracao-publica-orcamento-e-financas-da-camara-municipal-de-belo-horizonte\/\" \/>\n<meta property=\"og:locale\" content=\"pt_BR\" \/>\n<meta property=\"og:type\" content=\"article\" \/>\n<meta property=\"og:title\" content=\"Prova de Economia Comentada - Consultor Legislativo (\u00c1rea de Administra\u00e7\u00e3o P\u00fablica, Or\u00e7amento e Finan\u00e7as) da C\u00e2mara Municipal de Belo Horizonte.\" \/>\n<meta property=\"og:description\" content=\"Ol\u00e1 pessoal, tudo bem? Abaixo seguem os coment\u00e1rios das quest\u00f5es de Economia cobradas no concurso de Consultor Legislativo (\u00c1rea de Administra\u00e7\u00e3o P\u00fablica, Or\u00e7amento e Finan\u00e7as) da C\u00e2mara Municipal de Belo Horizonte. Abs! Prof. Vicente Camillo Sobre o Balan\u00e7o de Pagamentos do Brasil, marque V para as afirmativas verdadeiras e F para as falsas. ( ) [&hellip;]\" \/>\n<meta property=\"og:url\" content=\"https:\/\/www.estrategiaconcursos.com.br\/blog\/prova-de-economia-comentada-consultor-legislativo-area-de-administracao-publica-orcamento-e-financas-da-camara-municipal-de-belo-horizonte\/\" \/>\n<meta property=\"og:site_name\" content=\"Estrat\u00e9gia Concursos\" \/>\n<meta property=\"article:published_time\" content=\"2018-02-21T13:27:18+00:00\" \/>\n<meta property=\"article:modified_time\" content=\"2023-05-23T13:02:16+00:00\" \/>\n<meta name=\"author\" content=\"Vicente Camillo\" \/>\n<meta name=\"twitter:card\" content=\"summary_large_image\" \/>\n<meta name=\"twitter:creator\" content=\"@EstratConcursos\" \/>\n<meta name=\"twitter:site\" content=\"@EstratConcursos\" \/>\n<meta name=\"twitter:label1\" content=\"Escrito por\" \/>\n\t<meta name=\"twitter:data1\" content=\"Vicente Camillo\" \/>\n\t<meta name=\"twitter:label2\" content=\"Est. tempo de leitura\" \/>\n\t<meta name=\"twitter:data2\" content=\"10 minutos\" \/>\n<script type=\"application\/ld+json\" class=\"yoast-schema-graph\">{\"@context\":\"https:\/\/schema.org\",\"@graph\":[{\"@type\":\"NewsArticle\",\"@id\":\"https:\/\/www.estrategiaconcursos.com.br\/blog\/prova-de-economia-comentada-consultor-legislativo-area-de-administracao-publica-orcamento-e-financas-da-camara-municipal-de-belo-horizonte\/#article\",\"isPartOf\":{\"@id\":\"https:\/\/www.estrategiaconcursos.com.br\/blog\/prova-de-economia-comentada-consultor-legislativo-area-de-administracao-publica-orcamento-e-financas-da-camara-municipal-de-belo-horizonte\/\"},\"author\":{\"name\":\"Vicente Camillo\",\"@id\":\"https:\/\/www.estrategiaconcursos.com.br\/blog\/#\/schema\/person\/b8a108568861dcf9ea0bc08399a7923b\"},\"headline\":\"Prova de Economia Comentada &#8211; Consultor Legislativo (\u00c1rea de Administra\u00e7\u00e3o P\u00fablica, Or\u00e7amento e Finan\u00e7as) da C\u00e2mara Municipal de Belo Horizonte.\",\"datePublished\":\"2018-02-21T13:27:18+00:00\",\"dateModified\":\"2023-05-23T13:02:16+00:00\",\"mainEntityOfPage\":{\"@id\":\"https:\/\/www.estrategiaconcursos.com.br\/blog\/prova-de-economia-comentada-consultor-legislativo-area-de-administracao-publica-orcamento-e-financas-da-camara-municipal-de-belo-horizonte\/\"},\"wordCount\":2041,\"commentCount\":0,\"publisher\":{\"@id\":\"https:\/\/www.estrategiaconcursos.com.br\/blog\/#organization\"},\"keywords\":[\"Economia\"],\"articleSection\":[\"Concursos P\u00fablicos\"],\"inLanguage\":\"pt-BR\",\"potentialAction\":[{\"@type\":\"CommentAction\",\"name\":\"Comment\",\"target\":[\"https:\/\/www.estrategiaconcursos.com.br\/blog\/prova-de-economia-comentada-consultor-legislativo-area-de-administracao-publica-orcamento-e-financas-da-camara-municipal-de-belo-horizonte\/#respond\"]}],\"copyrightYear\":\"2018\",\"copyrightHolder\":{\"@id\":\"https:\/\/www.estrategiaconcursos.com.br\/blog\/#organization\"}},{\"@type\":\"WebPage\",\"@id\":\"https:\/\/www.estrategiaconcursos.com.br\/blog\/prova-de-economia-comentada-consultor-legislativo-area-de-administracao-publica-orcamento-e-financas-da-camara-municipal-de-belo-horizonte\/\",\"url\":\"https:\/\/www.estrategiaconcursos.com.br\/blog\/prova-de-economia-comentada-consultor-legislativo-area-de-administracao-publica-orcamento-e-financas-da-camara-municipal-de-belo-horizonte\/\",\"name\":\"Prova de Economia Comentada - Consultor Legislativo (\u00c1rea de Administra\u00e7\u00e3o P\u00fablica, Or\u00e7amento e Finan\u00e7as) da C\u00e2mara Municipal de Belo Horizonte.\",\"isPartOf\":{\"@id\":\"https:\/\/www.estrategiaconcursos.com.br\/blog\/#website\"},\"datePublished\":\"2018-02-21T13:27:18+00:00\",\"dateModified\":\"2023-05-23T13:02:16+00:00\",\"breadcrumb\":{\"@id\":\"https:\/\/www.estrategiaconcursos.com.br\/blog\/prova-de-economia-comentada-consultor-legislativo-area-de-administracao-publica-orcamento-e-financas-da-camara-municipal-de-belo-horizonte\/#breadcrumb\"},\"inLanguage\":\"pt-BR\",\"potentialAction\":[{\"@type\":\"ReadAction\",\"target\":[\"https:\/\/www.estrategiaconcursos.com.br\/blog\/prova-de-economia-comentada-consultor-legislativo-area-de-administracao-publica-orcamento-e-financas-da-camara-municipal-de-belo-horizonte\/\"]}]},{\"@type\":\"BreadcrumbList\",\"@id\":\"https:\/\/www.estrategiaconcursos.com.br\/blog\/prova-de-economia-comentada-consultor-legislativo-area-de-administracao-publica-orcamento-e-financas-da-camara-municipal-de-belo-horizonte\/#breadcrumb\",\"itemListElement\":[{\"@type\":\"ListItem\",\"position\":1,\"name\":\"In\u00edcio\",\"item\":\"https:\/\/www.estrategiaconcursos.com.br\/blog\/\"},{\"@type\":\"ListItem\",\"position\":2,\"name\":\"Prova de Economia Comentada &#8211; Consultor Legislativo (\u00c1rea de Administra\u00e7\u00e3o P\u00fablica, Or\u00e7amento e Finan\u00e7as) da C\u00e2mara Municipal de Belo Horizonte.\"}]},{\"@type\":\"WebSite\",\"@id\":\"https:\/\/www.estrategiaconcursos.com.br\/blog\/#website\",\"url\":\"https:\/\/www.estrategiaconcursos.com.br\/blog\/\",\"name\":\"Estrat\u00e9gia Concursos\",\"description\":\"O blog da Estrat\u00e9gia Concursos traz not\u00edcias sobre concursos e artigos de professores oferecendo cursos para concursos (pdf + videaulas) no site.\",\"publisher\":{\"@id\":\"https:\/\/www.estrategiaconcursos.com.br\/blog\/#organization\"},\"potentialAction\":[{\"@type\":\"SearchAction\",\"target\":{\"@type\":\"EntryPoint\",\"urlTemplate\":\"https:\/\/www.estrategiaconcursos.com.br\/blog\/?s={search_term_string}\"},\"query-input\":{\"@type\":\"PropertyValueSpecification\",\"valueRequired\":true,\"valueName\":\"search_term_string\"}}],\"inLanguage\":\"pt-BR\"},{\"@type\":\"Organization\",\"@id\":\"https:\/\/www.estrategiaconcursos.com.br\/blog\/#organization\",\"name\":\"Estrat\u00e9gia Concursos\",\"url\":\"https:\/\/www.estrategiaconcursos.com.br\/blog\/\",\"logo\":{\"@type\":\"ImageObject\",\"inLanguage\":\"pt-BR\",\"@id\":\"https:\/\/www.estrategiaconcursos.com.br\/blog\/#\/schema\/logo\/image\/\",\"url\":\"https:\/\/dhg1h5j42swfq.cloudfront.net\/2025\/06\/03203428\/logo_concursos-1.jpg\",\"contentUrl\":\"https:\/\/dhg1h5j42swfq.cloudfront.net\/2025\/06\/03203428\/logo_concursos-1.jpg\",\"width\":230,\"height\":60,\"caption\":\"Estrat\u00e9gia Concursos\"},\"image\":{\"@id\":\"https:\/\/www.estrategiaconcursos.com.br\/blog\/#\/schema\/logo\/image\/\"},\"sameAs\":[\"https:\/\/x.com\/EstratConcursos\"]},{\"@type\":\"Person\",\"@id\":\"https:\/\/www.estrategiaconcursos.com.br\/blog\/#\/schema\/person\/b8a108568861dcf9ea0bc08399a7923b\",\"name\":\"Vicente Camillo\",\"image\":{\"@type\":\"ImageObject\",\"inLanguage\":\"pt-BR\",\"@id\":\"https:\/\/secure.gravatar.com\/avatar\/468a0239829de687ea87ca16fca161044431e49a078c185df9f7ebdca3918c68?s=96&d=mm&r=g\",\"url\":\"https:\/\/secure.gravatar.com\/avatar\/468a0239829de687ea87ca16fca161044431e49a078c185df9f7ebdca3918c68?s=96&d=mm&r=g\",\"contentUrl\":\"https:\/\/secure.gravatar.com\/avatar\/468a0239829de687ea87ca16fca161044431e49a078c185df9f7ebdca3918c68?s=96&d=mm&r=g\",\"caption\":\"Vicente Camillo\"},\"url\":\"https:\/\/www.estrategiaconcursos.com.br\/blog\/author\/vicentecamilloestrategiaconcursos-com-br\/\"}]}<\/script>\n<!-- \/ Yoast SEO Premium plugin. -->","yoast_head_json":{"title":"Prova de Economia Comentada - Consultor Legislativo (\u00c1rea de Administra\u00e7\u00e3o P\u00fablica, Or\u00e7amento e Finan\u00e7as) da C\u00e2mara Municipal de Belo Horizonte.","robots":{"index":"index","follow":"follow","max-snippet":"max-snippet:-1","max-image-preview":"max-image-preview:large","max-video-preview":"max-video-preview:-1"},"canonical":"https:\/\/www.estrategiaconcursos.com.br\/blog\/prova-de-economia-comentada-consultor-legislativo-area-de-administracao-publica-orcamento-e-financas-da-camara-municipal-de-belo-horizonte\/","og_locale":"pt_BR","og_type":"article","og_title":"Prova de Economia Comentada - Consultor Legislativo (\u00c1rea de Administra\u00e7\u00e3o P\u00fablica, Or\u00e7amento e Finan\u00e7as) da C\u00e2mara Municipal de Belo Horizonte.","og_description":"Ol\u00e1 pessoal, tudo bem? Abaixo seguem os coment\u00e1rios das quest\u00f5es de Economia cobradas no concurso de Consultor Legislativo (\u00c1rea de Administra\u00e7\u00e3o P\u00fablica, Or\u00e7amento e Finan\u00e7as) da C\u00e2mara Municipal de Belo Horizonte. Abs! Prof. Vicente Camillo Sobre o Balan\u00e7o de Pagamentos do Brasil, marque V para as afirmativas verdadeiras e F para as falsas. ( ) [&hellip;]","og_url":"https:\/\/www.estrategiaconcursos.com.br\/blog\/prova-de-economia-comentada-consultor-legislativo-area-de-administracao-publica-orcamento-e-financas-da-camara-municipal-de-belo-horizonte\/","og_site_name":"Estrat\u00e9gia Concursos","article_published_time":"2018-02-21T13:27:18+00:00","article_modified_time":"2023-05-23T13:02:16+00:00","author":"Vicente Camillo","twitter_card":"summary_large_image","twitter_creator":"@EstratConcursos","twitter_site":"@EstratConcursos","twitter_misc":{"Escrito por":"Vicente Camillo","Est. tempo de leitura":"10 minutos"},"schema":{"@context":"https:\/\/schema.org","@graph":[{"@type":"NewsArticle","@id":"https:\/\/www.estrategiaconcursos.com.br\/blog\/prova-de-economia-comentada-consultor-legislativo-area-de-administracao-publica-orcamento-e-financas-da-camara-municipal-de-belo-horizonte\/#article","isPartOf":{"@id":"https:\/\/www.estrategiaconcursos.com.br\/blog\/prova-de-economia-comentada-consultor-legislativo-area-de-administracao-publica-orcamento-e-financas-da-camara-municipal-de-belo-horizonte\/"},"author":{"name":"Vicente Camillo","@id":"https:\/\/www.estrategiaconcursos.com.br\/blog\/#\/schema\/person\/b8a108568861dcf9ea0bc08399a7923b"},"headline":"Prova de Economia Comentada &#8211; Consultor Legislativo (\u00c1rea de Administra\u00e7\u00e3o P\u00fablica, Or\u00e7amento e Finan\u00e7as) da C\u00e2mara Municipal de Belo Horizonte.","datePublished":"2018-02-21T13:27:18+00:00","dateModified":"2023-05-23T13:02:16+00:00","mainEntityOfPage":{"@id":"https:\/\/www.estrategiaconcursos.com.br\/blog\/prova-de-economia-comentada-consultor-legislativo-area-de-administracao-publica-orcamento-e-financas-da-camara-municipal-de-belo-horizonte\/"},"wordCount":2041,"commentCount":0,"publisher":{"@id":"https:\/\/www.estrategiaconcursos.com.br\/blog\/#organization"},"keywords":["Economia"],"articleSection":["Concursos P\u00fablicos"],"inLanguage":"pt-BR","potentialAction":[{"@type":"CommentAction","name":"Comment","target":["https:\/\/www.estrategiaconcursos.com.br\/blog\/prova-de-economia-comentada-consultor-legislativo-area-de-administracao-publica-orcamento-e-financas-da-camara-municipal-de-belo-horizonte\/#respond"]}],"copyrightYear":"2018","copyrightHolder":{"@id":"https:\/\/www.estrategiaconcursos.com.br\/blog\/#organization"}},{"@type":"WebPage","@id":"https:\/\/www.estrategiaconcursos.com.br\/blog\/prova-de-economia-comentada-consultor-legislativo-area-de-administracao-publica-orcamento-e-financas-da-camara-municipal-de-belo-horizonte\/","url":"https:\/\/www.estrategiaconcursos.com.br\/blog\/prova-de-economia-comentada-consultor-legislativo-area-de-administracao-publica-orcamento-e-financas-da-camara-municipal-de-belo-horizonte\/","name":"Prova de Economia Comentada - Consultor Legislativo (\u00c1rea de Administra\u00e7\u00e3o P\u00fablica, Or\u00e7amento e Finan\u00e7as) da C\u00e2mara Municipal de Belo Horizonte.","isPartOf":{"@id":"https:\/\/www.estrategiaconcursos.com.br\/blog\/#website"},"datePublished":"2018-02-21T13:27:18+00:00","dateModified":"2023-05-23T13:02:16+00:00","breadcrumb":{"@id":"https:\/\/www.estrategiaconcursos.com.br\/blog\/prova-de-economia-comentada-consultor-legislativo-area-de-administracao-publica-orcamento-e-financas-da-camara-municipal-de-belo-horizonte\/#breadcrumb"},"inLanguage":"pt-BR","potentialAction":[{"@type":"ReadAction","target":["https:\/\/www.estrategiaconcursos.com.br\/blog\/prova-de-economia-comentada-consultor-legislativo-area-de-administracao-publica-orcamento-e-financas-da-camara-municipal-de-belo-horizonte\/"]}]},{"@type":"BreadcrumbList","@id":"https:\/\/www.estrategiaconcursos.com.br\/blog\/prova-de-economia-comentada-consultor-legislativo-area-de-administracao-publica-orcamento-e-financas-da-camara-municipal-de-belo-horizonte\/#breadcrumb","itemListElement":[{"@type":"ListItem","position":1,"name":"In\u00edcio","item":"https:\/\/www.estrategiaconcursos.com.br\/blog\/"},{"@type":"ListItem","position":2,"name":"Prova de Economia Comentada &#8211; Consultor Legislativo (\u00c1rea de Administra\u00e7\u00e3o P\u00fablica, Or\u00e7amento e Finan\u00e7as) da C\u00e2mara Municipal de Belo Horizonte."}]},{"@type":"WebSite","@id":"https:\/\/www.estrategiaconcursos.com.br\/blog\/#website","url":"https:\/\/www.estrategiaconcursos.com.br\/blog\/","name":"Estrat\u00e9gia Concursos","description":"O blog da Estrat\u00e9gia Concursos traz not\u00edcias sobre concursos e artigos de professores oferecendo cursos para concursos (pdf + videaulas) no site.","publisher":{"@id":"https:\/\/www.estrategiaconcursos.com.br\/blog\/#organization"},"potentialAction":[{"@type":"SearchAction","target":{"@type":"EntryPoint","urlTemplate":"https:\/\/www.estrategiaconcursos.com.br\/blog\/?s={search_term_string}"},"query-input":{"@type":"PropertyValueSpecification","valueRequired":true,"valueName":"search_term_string"}}],"inLanguage":"pt-BR"},{"@type":"Organization","@id":"https:\/\/www.estrategiaconcursos.com.br\/blog\/#organization","name":"Estrat\u00e9gia Concursos","url":"https:\/\/www.estrategiaconcursos.com.br\/blog\/","logo":{"@type":"ImageObject","inLanguage":"pt-BR","@id":"https:\/\/www.estrategiaconcursos.com.br\/blog\/#\/schema\/logo\/image\/","url":"https:\/\/dhg1h5j42swfq.cloudfront.net\/2025\/06\/03203428\/logo_concursos-1.jpg","contentUrl":"https:\/\/dhg1h5j42swfq.cloudfront.net\/2025\/06\/03203428\/logo_concursos-1.jpg","width":230,"height":60,"caption":"Estrat\u00e9gia Concursos"},"image":{"@id":"https:\/\/www.estrategiaconcursos.com.br\/blog\/#\/schema\/logo\/image\/"},"sameAs":["https:\/\/x.com\/EstratConcursos"]},{"@type":"Person","@id":"https:\/\/www.estrategiaconcursos.com.br\/blog\/#\/schema\/person\/b8a108568861dcf9ea0bc08399a7923b","name":"Vicente Camillo","image":{"@type":"ImageObject","inLanguage":"pt-BR","@id":"https:\/\/secure.gravatar.com\/avatar\/468a0239829de687ea87ca16fca161044431e49a078c185df9f7ebdca3918c68?s=96&d=mm&r=g","url":"https:\/\/secure.gravatar.com\/avatar\/468a0239829de687ea87ca16fca161044431e49a078c185df9f7ebdca3918c68?s=96&d=mm&r=g","contentUrl":"https:\/\/secure.gravatar.com\/avatar\/468a0239829de687ea87ca16fca161044431e49a078c185df9f7ebdca3918c68?s=96&d=mm&r=g","caption":"Vicente Camillo"},"url":"https:\/\/www.estrategiaconcursos.com.br\/blog\/author\/vicentecamilloestrategiaconcursos-com-br\/"}]}},"_links":{"self":[{"href":"https:\/\/www.estrategiaconcursos.com.br\/blog\/wp-json\/wp\/v2\/posts\/107206","targetHints":{"allow":["GET"]}}],"collection":[{"href":"https:\/\/www.estrategiaconcursos.com.br\/blog\/wp-json\/wp\/v2\/posts"}],"about":[{"href":"https:\/\/www.estrategiaconcursos.com.br\/blog\/wp-json\/wp\/v2\/types\/post"}],"author":[{"embeddable":true,"href":"https:\/\/www.estrategiaconcursos.com.br\/blog\/wp-json\/wp\/v2\/users\/127"}],"replies":[{"embeddable":true,"href":"https:\/\/www.estrategiaconcursos.com.br\/blog\/wp-json\/wp\/v2\/comments?post=107206"}],"version-history":[{"count":2,"href":"https:\/\/www.estrategiaconcursos.com.br\/blog\/wp-json\/wp\/v2\/posts\/107206\/revisions"}],"predecessor-version":[{"id":1220476,"href":"https:\/\/www.estrategiaconcursos.com.br\/blog\/wp-json\/wp\/v2\/posts\/107206\/revisions\/1220476"}],"wp:attachment":[{"href":"https:\/\/www.estrategiaconcursos.com.br\/blog\/wp-json\/wp\/v2\/media?parent=107206"}],"wp:term":[{"taxonomy":"category","embeddable":true,"href":"https:\/\/www.estrategiaconcursos.com.br\/blog\/wp-json\/wp\/v2\/categories?post=107206"},{"taxonomy":"post_tag","embeddable":true,"href":"https:\/\/www.estrategiaconcursos.com.br\/blog\/wp-json\/wp\/v2\/tags?post=107206"},{"taxonomy":"tax_estado","embeddable":true,"href":"https:\/\/www.estrategiaconcursos.com.br\/blog\/wp-json\/wp\/v2\/tax_estado?post=107206"}],"curies":[{"name":"wp","href":"https:\/\/api.w.org\/{rel}","templated":true}]}}