{"id":1072021,"date":"2022-08-04T14:05:33","date_gmt":"2022-08-04T17:05:33","guid":{"rendered":"https:\/\/www.estrategiaconcursos.com.br\/blog\/?p=1072021"},"modified":"2022-08-04T16:03:10","modified_gmt":"2022-08-04T19:03:10","slug":"concurso-tre-rs-orgao-confirma-participacao-no-edital-unificado","status":"publish","type":"post","link":"https:\/\/www.estrategiaconcursos.com.br\/blog\/concurso-tre-rs-orgao-confirma-participacao-no-edital-unificado\/","title":{"rendered":"Concurso TRE RS: \u00f3rg\u00e3o confirma participa\u00e7\u00e3o no edital unificado!"},"content":{"rendered":"\n<p>O <a href=\"https:\/\/www.estrategiaconcursos.com.br\/cursosPorConcurso\/tre-rs-tribunal-regional-eleitoral-do-rio-grande-do-sul-425\/\" target=\"_blank\" rel=\"noreferrer noopener\"><strong>Tribunal Regional Eleitoral do estado do Rio Grande do Sul<\/strong><\/a> (TRE RS) confirmou a participa\u00e7\u00e3o no concurso unificado previsto para 2023!<\/p>\n\n\n\n<p>A informa\u00e7\u00e3o foi divulgada pela Assessoria de Comunica\u00e7\u00e3o Social do Tribunal no dia 04 de agosto de 2022. <\/p>\n\n\n\n<p>Tamb\u00e9m foi confirmado que o \u00f3rg\u00e3o ofertar\u00e1 vagas para Analisa e T\u00e9cnico judici\u00e1rio nas \u00e1reas Administrativa e Judici\u00e1ria, al\u00e9m de forma\u00e7\u00e3o de cadastro de reserva em nas especialidades de Tecnologia da Informa\u00e7\u00e3o, Medicina e Arquivologia.<\/p>\n\n\n\n<p>Confira abaixo!<\/p>\n\n\n\n<div class=\"wp-block-image\"><figure class=\"aligncenter size-large\"><img loading=\"lazy\" decoding=\"async\" width=\"1024\" height=\"203\" src=\"https:\/\/dhg1h5j42swfq.cloudfront.net\/2022\/08\/04134718\/captura-de-tela-2022-08-04-as-12-48-52-1024x203.png\" alt=\"Concurso TRE RS confirma participa\u00e7\u00e3o em edital unificado\" class=\"wp-image-1072032\" srcset=\"https:\/\/dhg1h5j42swfq.cloudfront.net\/2022\/08\/04134718\/captura-de-tela-2022-08-04-as-12-48-52-1024x203.png 1024w, https:\/\/dhg1h5j42swfq.cloudfront.net\/2022\/08\/04134718\/captura-de-tela-2022-08-04-as-12-48-52-300x59.png 300w, https:\/\/dhg1h5j42swfq.cloudfront.net\/2022\/08\/04134718\/captura-de-tela-2022-08-04-as-12-48-52-768x152.png 768w, https:\/\/dhg1h5j42swfq.cloudfront.net\/2022\/08\/04134718\/captura-de-tela-2022-08-04-as-12-48-52-1536x304.png 1536w, https:\/\/dhg1h5j42swfq.cloudfront.net\/2022\/08\/04134718\/captura-de-tela-2022-08-04-as-12-48-52-610x121.png 610w, https:\/\/dhg1h5j42swfq.cloudfront.net\/2022\/08\/04134718\/captura-de-tela-2022-08-04-as-12-48-52-150x30.png 150w, https:\/\/dhg1h5j42swfq.cloudfront.net\/2022\/08\/04134718\/captura-de-tela-2022-08-04-as-12-48-52.png 1766w\" sizes=\"auto, (max-width: 1024px) 100vw, 1024px\" \/><figcaption>Concurso TRE RS confirma participa\u00e7\u00e3o em edital unificado.<\/figcaption><\/figure><\/div>\n\n\n\n<p>O edital unificado ser\u00e1 promovido pelo <strong>TSE<\/strong>&nbsp;(Tribunal Superior Eleitoral) e contemplar\u00e1 sele\u00e7\u00f5es para os <strong>Tribunais Regionais Eleitorais<\/strong>&nbsp; de forma centralizada, e j\u00e1 conta com o pedido de participa\u00e7\u00e3o de, pelo menos, 16 \u00f3rg\u00e3os.<\/p>\n\n\n\n<p>Atualmente o TRE RS conta com <strong>30 cargos vagos<\/strong>, distribu\u00eddas entre cargos de T\u00e9cnico e Analista Judici\u00e1rio, de n\u00edveis m\u00e9dio e superior de escolaridade, e com sal\u00e1rios iniciais que variam entre R$ 7.591,37 a R$ 12.544,76.<\/p>\n\n\n\n<h3 class=\"wp-block-heading\" id=\"h-ultimo-concurso-tre-rs\">\u00daltimo concurso TRE RS<\/h3>\n\n\n\n<p>O \u00faltimo concurso TRE RS, realizado em 2015, contou com 20.044 inscritos e foi organizado pela banca Cesp. Foram ofertadas 16 vagas para Analista Judici\u00e1rio e T\u00e9cnico Judici\u00e1rio, al\u00e9m da forma\u00e7\u00e3o de cadastro de reserva para todos os cargos.<\/p>\n\n\n\n<p>A taxa cobrada nas inscri\u00e7\u00f5es de n\u00edvel superior foi fixada em R$ 90,00 e para n\u00edvel m\u00e9dio em R$ 70,00. Os cargos concorridos foram:<\/p>\n\n\n\n<ul class=\"wp-block-list\"><li><strong><em>Analista Judici\u00e1rio &#8211; \u00e1rea Administrativa: <\/em><\/strong><em>1 vaga<\/em>;<\/li><li><strong><em>Analista Judici\u00e1rio &#8211; \u00e1rea de An\u00e1lise de Sistemas: <\/em><\/strong><em>1 vaga<\/em>;<\/li><li><strong><em>Analista Judici\u00e1rio &#8211; \u00e1rea de Engenharia Civil: <\/em><\/strong><em>1 vaga<\/em>;<\/li><li><strong><em>Analista Judici\u00e1rio &#8211; \u00e1rea de Psicologia: <\/em><\/strong><em>1 vaga<\/em>;<\/li><li><strong><em>Analista Judici\u00e1rio &#8211; \u00e1rea Judici\u00e1ria: <\/em><\/strong><em>5 vagas<\/em>;<\/li><li><strong><em>T\u00e9cnico Judici\u00e1rio &#8211; \u00e1rea Administrativa<\/em><\/strong>: <em>12 vagas<\/em>;<\/li><li><em><strong>T\u00e9cnico Judici\u00e1rio &#8211; \u00e1rea de Opera\u00e7\u00e3o de  Computadores (CR)<\/strong><\/em>;<\/li><li><em><strong>T\u00e9cnico Judici\u00e1rio &#8211; \u00e1rea de Programa\u00e7\u00e3o de Sistemas (CR)<\/strong><\/em>;<\/li><\/ul>\n\n\n\n<p>Quer ficar por dentro de todas as atualiza\u00e7\u00f5es sobre o <strong>concurso TRE RS<\/strong> e o edital unificado promovido pelo TSE? Preparamos um artigo completo para voc\u00ea!<\/p>\n\n\n\n<p class=\"has-text-align-center has-background has-medium-font-size\" style=\"background-color:#dbc3f2\"><strong>Saiba mais: <a href=\"https:\/\/www.estrategiaconcursos.com.br\/blog\/concurso-tre-rs\/\" target=\"_blank\" rel=\"noreferrer noopener\">concurso TRE RS<\/a><\/strong><\/p>\n\n\n\n<h2 class=\"has-text-align-center wp-block-heading\" id=\"h-quer-saber-tudo-sobre-concursos-previstos-confira-nossos-artigos\">Quer saber tudo sobre concursos previstos?<br \/>Confira nossos artigos!<\/h2>\n\n\n\n<ul class=\"wp-block-list\"><li><a href=\"https:\/\/www.estrategiaconcursos.com.br\/blog\/concursos-abertos\/\" target=\"_blank\" rel=\"noreferrer noopener\">Concursos abertos<\/a><\/li><li><a href=\"https:\/\/www.estrategiaconcursos.com.br\/blog\/concursos-2022\/\" target=\"_blank\" rel=\"noreferrer noopener\">Concursos 2022<\/a><\/li><li><a href=\"https:\/\/www.estrategiaconcursos.com.br\/blog\/concursos-2023\/\" target=\"_blank\" rel=\"noreferrer noopener\">Concursos 2023<\/a><\/li><\/ul>\n\n\n\n<p class=\"has-text-align-center has-medium-font-size\" id=\"curso\"><strong><em>Quer estudar para o Concurso TRE RS?<\/em><\/strong><\/p>\n\n\n\n<p class=\"has-text-align-center\"><em><strong>Gostou desta oportunidade e deseja come\u00e7ar se preparar agora mesmo? Ent\u00e3o, confira os nossos cursos e comece a estudar para&nbsp;<\/strong><\/em><br \/><em><strong>TRE RS:<\/strong><\/em><\/p>\n\n\n\n<div class=\"container\" id=\"boxes\">\n  <div class=\"row\">\n\n    <div class=\"col-sm\">\n      <div class=\"banner-tribunal\" id=\"box-assinatura\">\n        <h3 class=\"titulo-assinatura\">Curso TRE-RS<\/h3>\n        <p class=\"subtitulo-assinatura\">Conhe\u00e7a os cursos<\/p>\n        <div class=\"box-botao\">\n          <a class=\"btn-assinatura\" target=\"_blank\" href=\"https:\/\/www.estrategiaconcursos.com.br\/cursosPorConcurso\/tre-rs-tribunal-regional-eleitoral-do-rio-grande-do-sul-425\/\" role=\"button\" rel=\"noopener noreferrer\">Conhe\u00e7a mais<\/a>\n        <\/div>\n      <\/div>\n      <p class=\"texto-auxiliar\">Prepare-se com o melhor material e com quem mais aprova em Concursos P\u00fablicos em todo o pa\u00eds.<\/p>\n    <\/div>\n\n  <\/div>\n<\/div>\n\n\n\n<div class=\"container\" id=\"boxes\">\n  <div class=\"row\">\n\n    <div class=\"col-sm\">\n      <div class=\"estrategia\" id=\"box-assinatura\">\n        <h3 class=\"titulo-assinatura\">Assinatura Concursos<\/h3>\n        <p class=\"subtitulo-assinatura\">Assinatura de 1 ano ou 2 anos<\/p>\n        <div class=\"box-botao\">\n          <a class=\"btn-assinatura\" target=\"_blank\" href=\"https:\/\/www.estrategiaconcursos.com.br\/assinaturas\/\" role=\"button\" rel=\"noopener noreferrer\">ASSINE AGORA<\/a>\n        <\/div>\n      <\/div>\n     \n    <\/div><\/div><\/div>\n","protected":false},"excerpt":{"rendered":"<p>O Tribunal Regional Eleitoral do estado do Rio Grande do Sul (TRE RS) confirmou a participa\u00e7\u00e3o no concurso unificado previsto para 2023! A informa\u00e7\u00e3o foi divulgada pela Assessoria de Comunica\u00e7\u00e3o Social do Tribunal no dia 04 de agosto de 2022. Tamb\u00e9m foi confirmado que o \u00f3rg\u00e3o ofertar\u00e1 vagas para Analisa e T\u00e9cnico judici\u00e1rio nas \u00e1reas [&hellip;]<\/p>\n","protected":false},"author":2402,"featured_media":386113,"comment_status":"open","ping_status":"closed","sticky":false,"template":"","format":"standard","meta":{"post_tipo":"news","footnotes":""},"categories":[1984,220219],"tags":[],"tax_estado":[219986],"class_list":["post-1072021","post","type-post","status-publish","format-standard","has-post-thumbnail","hentry","category-tribunais","category-noticias","tax_estado-rs"],"acf":[],"yoast_head":"<!-- This site is optimized with the Yoast SEO Premium plugin v27.2 (Yoast SEO v27.2) - https:\/\/yoast.com\/product\/yoast-seo-premium-wordpress\/ -->\n<title>Concurso TRE RS: \u00f3rg\u00e3o confirma participa\u00e7\u00e3o no edital unificado!<\/title>\n<meta name=\"description\" content=\"Concurso TRE RS: Tribunal participar\u00e1 do edital unificado promovido pelo TSE; 30 cargos vagos. Confira mais informa\u00e7\u00f5es aqui!\" \/>\n<meta name=\"robots\" content=\"index, follow, max-snippet:-1, max-image-preview:large, max-video-preview:-1\" \/>\n<link rel=\"canonical\" href=\"https:\/\/www.estrategiaconcursos.com.br\/blog\/concurso-tre-rs-orgao-confirma-participacao-no-edital-unificado\/\" \/>\n<meta property=\"og:locale\" content=\"pt_BR\" \/>\n<meta property=\"og:type\" content=\"article\" \/>\n<meta property=\"og:title\" content=\"Concurso TRE RS: \u00f3rg\u00e3o confirma participa\u00e7\u00e3o no edital unificado!\" \/>\n<meta property=\"og:description\" content=\"Concurso TRE RS: Tribunal participar\u00e1 do edital unificado promovido pelo TSE; 30 cargos vagos. Confira mais informa\u00e7\u00f5es aqui!\" \/>\n<meta property=\"og:url\" content=\"https:\/\/www.estrategiaconcursos.com.br\/blog\/concurso-tre-rs-orgao-confirma-participacao-no-edital-unificado\/\" \/>\n<meta property=\"og:site_name\" content=\"Estrat\u00e9gia Concursos\" \/>\n<meta property=\"article:published_time\" content=\"2022-08-04T17:05:33+00:00\" \/>\n<meta property=\"article:modified_time\" content=\"2022-08-04T19:03:10+00:00\" \/>\n<meta property=\"og:image\" content=\"https:\/\/dhg1h5j42swfq.cloudfront.net\/2019\/06\/10183010\/concurso-tre-rs.jpg\" \/>\n\t<meta property=\"og:image:width\" content=\"400\" \/>\n\t<meta property=\"og:image:height\" content=\"209\" \/>\n\t<meta property=\"og:image:type\" content=\"image\/jpeg\" \/>\n<meta name=\"author\" content=\"Daniela Santos Nascimento\" \/>\n<meta name=\"twitter:card\" content=\"summary_large_image\" \/>\n<meta name=\"twitter:creator\" content=\"@EstratConcursos\" \/>\n<meta name=\"twitter:site\" content=\"@EstratConcursos\" \/>\n<meta name=\"twitter:label1\" content=\"Escrito por\" \/>\n\t<meta name=\"twitter:data1\" content=\"Daniela Santos Nascimento\" \/>\n\t<meta name=\"twitter:label2\" content=\"Est. tempo de leitura\" \/>\n\t<meta name=\"twitter:data2\" content=\"3 minutos\" \/>\n<script type=\"application\/ld+json\" class=\"yoast-schema-graph\">{\"@context\":\"https:\/\/schema.org\",\"@graph\":[{\"@type\":\"NewsArticle\",\"@id\":\"https:\/\/www.estrategiaconcursos.com.br\/blog\/concurso-tre-rs-orgao-confirma-participacao-no-edital-unificado\/#article\",\"isPartOf\":{\"@id\":\"https:\/\/www.estrategiaconcursos.com.br\/blog\/concurso-tre-rs-orgao-confirma-participacao-no-edital-unificado\/\"},\"author\":{\"name\":\"Daniela Santos Nascimento\",\"@id\":\"https:\/\/www.estrategiaconcursos.com.br\/blog\/#\/schema\/person\/399990d02336f200766707b881aee98f\"},\"headline\":\"Concurso TRE RS: \u00f3rg\u00e3o confirma participa\u00e7\u00e3o no edital unificado!\",\"datePublished\":\"2022-08-04T17:05:33+00:00\",\"dateModified\":\"2022-08-04T19:03:10+00:00\",\"mainEntityOfPage\":{\"@id\":\"https:\/\/www.estrategiaconcursos.com.br\/blog\/concurso-tre-rs-orgao-confirma-participacao-no-edital-unificado\/\"},\"wordCount\":442,\"commentCount\":0,\"publisher\":{\"@id\":\"https:\/\/www.estrategiaconcursos.com.br\/blog\/#organization\"},\"image\":{\"@id\":\"https:\/\/www.estrategiaconcursos.com.br\/blog\/concurso-tre-rs-orgao-confirma-participacao-no-edital-unificado\/#primaryimage\"},\"thumbnailUrl\":\"https:\/\/dhg1h5j42swfq.cloudfront.net\/2019\/06\/10183010\/concurso-tre-rs.jpg\",\"articleSection\":[\"Tribunais\",\"\u00daltimas not\u00edcias\"],\"inLanguage\":\"pt-BR\",\"potentialAction\":[{\"@type\":\"CommentAction\",\"name\":\"Comment\",\"target\":[\"https:\/\/www.estrategiaconcursos.com.br\/blog\/concurso-tre-rs-orgao-confirma-participacao-no-edital-unificado\/#respond\"]}],\"copyrightYear\":\"2022\",\"copyrightHolder\":{\"@id\":\"https:\/\/www.estrategiaconcursos.com.br\/blog\/#organization\"}},{\"@type\":\"WebPage\",\"@id\":\"https:\/\/www.estrategiaconcursos.com.br\/blog\/concurso-tre-rs-orgao-confirma-participacao-no-edital-unificado\/\",\"url\":\"https:\/\/www.estrategiaconcursos.com.br\/blog\/concurso-tre-rs-orgao-confirma-participacao-no-edital-unificado\/\",\"name\":\"Concurso TRE RS: \u00f3rg\u00e3o confirma participa\u00e7\u00e3o no edital unificado!\",\"isPartOf\":{\"@id\":\"https:\/\/www.estrategiaconcursos.com.br\/blog\/#website\"},\"primaryImageOfPage\":{\"@id\":\"https:\/\/www.estrategiaconcursos.com.br\/blog\/concurso-tre-rs-orgao-confirma-participacao-no-edital-unificado\/#primaryimage\"},\"image\":{\"@id\":\"https:\/\/www.estrategiaconcursos.com.br\/blog\/concurso-tre-rs-orgao-confirma-participacao-no-edital-unificado\/#primaryimage\"},\"thumbnailUrl\":\"https:\/\/dhg1h5j42swfq.cloudfront.net\/2019\/06\/10183010\/concurso-tre-rs.jpg\",\"datePublished\":\"2022-08-04T17:05:33+00:00\",\"dateModified\":\"2022-08-04T19:03:10+00:00\",\"description\":\"Concurso TRE RS: Tribunal participar\u00e1 do edital unificado promovido pelo TSE; 30 cargos vagos. Confira mais informa\u00e7\u00f5es aqui!\",\"breadcrumb\":{\"@id\":\"https:\/\/www.estrategiaconcursos.com.br\/blog\/concurso-tre-rs-orgao-confirma-participacao-no-edital-unificado\/#breadcrumb\"},\"inLanguage\":\"pt-BR\",\"potentialAction\":[{\"@type\":\"ReadAction\",\"target\":[\"https:\/\/www.estrategiaconcursos.com.br\/blog\/concurso-tre-rs-orgao-confirma-participacao-no-edital-unificado\/\"]}]},{\"@type\":\"ImageObject\",\"inLanguage\":\"pt-BR\",\"@id\":\"https:\/\/www.estrategiaconcursos.com.br\/blog\/concurso-tre-rs-orgao-confirma-participacao-no-edital-unificado\/#primaryimage\",\"url\":\"https:\/\/dhg1h5j42swfq.cloudfront.net\/2019\/06\/10183010\/concurso-tre-rs.jpg\",\"contentUrl\":\"https:\/\/dhg1h5j42swfq.cloudfront.net\/2019\/06\/10183010\/concurso-tre-rs.jpg\",\"width\":400,\"height\":209,\"caption\":\"concurso tre rs\"},{\"@type\":\"BreadcrumbList\",\"@id\":\"https:\/\/www.estrategiaconcursos.com.br\/blog\/concurso-tre-rs-orgao-confirma-participacao-no-edital-unificado\/#breadcrumb\",\"itemListElement\":[{\"@type\":\"ListItem\",\"position\":1,\"name\":\"In\u00edcio\",\"item\":\"https:\/\/www.estrategiaconcursos.com.br\/blog\/\"},{\"@type\":\"ListItem\",\"position\":2,\"name\":\"Concurso TRE RS: \u00f3rg\u00e3o confirma participa\u00e7\u00e3o no edital unificado!\"}]},{\"@type\":\"WebSite\",\"@id\":\"https:\/\/www.estrategiaconcursos.com.br\/blog\/#website\",\"url\":\"https:\/\/www.estrategiaconcursos.com.br\/blog\/\",\"name\":\"Estrat\u00e9gia Concursos\",\"description\":\"O blog da Estrat\u00e9gia Concursos traz not\u00edcias sobre concursos e artigos de professores oferecendo cursos para concursos (pdf + videaulas) no site.\",\"publisher\":{\"@id\":\"https:\/\/www.estrategiaconcursos.com.br\/blog\/#organization\"},\"potentialAction\":[{\"@type\":\"SearchAction\",\"target\":{\"@type\":\"EntryPoint\",\"urlTemplate\":\"https:\/\/www.estrategiaconcursos.com.br\/blog\/?s={search_term_string}\"},\"query-input\":{\"@type\":\"PropertyValueSpecification\",\"valueRequired\":true,\"valueName\":\"search_term_string\"}}],\"inLanguage\":\"pt-BR\"},{\"@type\":\"Organization\",\"@id\":\"https:\/\/www.estrategiaconcursos.com.br\/blog\/#organization\",\"name\":\"Estrat\u00e9gia Concursos\",\"url\":\"https:\/\/www.estrategiaconcursos.com.br\/blog\/\",\"logo\":{\"@type\":\"ImageObject\",\"inLanguage\":\"pt-BR\",\"@id\":\"https:\/\/www.estrategiaconcursos.com.br\/blog\/#\/schema\/logo\/image\/\",\"url\":\"https:\/\/dhg1h5j42swfq.cloudfront.net\/2025\/06\/03203428\/logo_concursos-1.jpg\",\"contentUrl\":\"https:\/\/dhg1h5j42swfq.cloudfront.net\/2025\/06\/03203428\/logo_concursos-1.jpg\",\"width\":230,\"height\":60,\"caption\":\"Estrat\u00e9gia Concursos\"},\"image\":{\"@id\":\"https:\/\/www.estrategiaconcursos.com.br\/blog\/#\/schema\/logo\/image\/\"},\"sameAs\":[\"https:\/\/x.com\/EstratConcursos\"]},{\"@type\":\"Person\",\"@id\":\"https:\/\/www.estrategiaconcursos.com.br\/blog\/#\/schema\/person\/399990d02336f200766707b881aee98f\",\"name\":\"Daniela Santos Nascimento\",\"image\":{\"@type\":\"ImageObject\",\"inLanguage\":\"pt-BR\",\"@id\":\"https:\/\/secure.gravatar.com\/avatar\/7f343622ad121e2893832a8c76808be436bdfcbf2f7d696174c94ecd84f2384a?s=96&d=mm&r=g\",\"url\":\"https:\/\/secure.gravatar.com\/avatar\/7f343622ad121e2893832a8c76808be436bdfcbf2f7d696174c94ecd84f2384a?s=96&d=mm&r=g\",\"contentUrl\":\"https:\/\/secure.gravatar.com\/avatar\/7f343622ad121e2893832a8c76808be436bdfcbf2f7d696174c94ecd84f2384a?s=96&d=mm&r=g\",\"caption\":\"Daniela Santos Nascimento\"},\"url\":\"https:\/\/www.estrategiaconcursos.com.br\/blog\/author\/daniela-nascimentoestrategia-com\/\"}]}<\/script>\n<!-- \/ Yoast SEO Premium plugin. -->","yoast_head_json":{"title":"Concurso TRE RS: \u00f3rg\u00e3o confirma participa\u00e7\u00e3o no edital unificado!","description":"Concurso TRE RS: Tribunal participar\u00e1 do edital unificado promovido pelo TSE; 30 cargos vagos. Confira mais informa\u00e7\u00f5es aqui!","robots":{"index":"index","follow":"follow","max-snippet":"max-snippet:-1","max-image-preview":"max-image-preview:large","max-video-preview":"max-video-preview:-1"},"canonical":"https:\/\/www.estrategiaconcursos.com.br\/blog\/concurso-tre-rs-orgao-confirma-participacao-no-edital-unificado\/","og_locale":"pt_BR","og_type":"article","og_title":"Concurso TRE RS: \u00f3rg\u00e3o confirma participa\u00e7\u00e3o no edital unificado!","og_description":"Concurso TRE RS: Tribunal participar\u00e1 do edital unificado promovido pelo TSE; 30 cargos vagos. Confira mais informa\u00e7\u00f5es aqui!","og_url":"https:\/\/www.estrategiaconcursos.com.br\/blog\/concurso-tre-rs-orgao-confirma-participacao-no-edital-unificado\/","og_site_name":"Estrat\u00e9gia Concursos","article_published_time":"2022-08-04T17:05:33+00:00","article_modified_time":"2022-08-04T19:03:10+00:00","og_image":[{"width":400,"height":209,"url":"https:\/\/dhg1h5j42swfq.cloudfront.net\/2019\/06\/10183010\/concurso-tre-rs.jpg","type":"image\/jpeg"}],"author":"Daniela Santos Nascimento","twitter_card":"summary_large_image","twitter_creator":"@EstratConcursos","twitter_site":"@EstratConcursos","twitter_misc":{"Escrito por":"Daniela Santos Nascimento","Est. tempo de leitura":"3 minutos"},"schema":{"@context":"https:\/\/schema.org","@graph":[{"@type":"NewsArticle","@id":"https:\/\/www.estrategiaconcursos.com.br\/blog\/concurso-tre-rs-orgao-confirma-participacao-no-edital-unificado\/#article","isPartOf":{"@id":"https:\/\/www.estrategiaconcursos.com.br\/blog\/concurso-tre-rs-orgao-confirma-participacao-no-edital-unificado\/"},"author":{"name":"Daniela Santos Nascimento","@id":"https:\/\/www.estrategiaconcursos.com.br\/blog\/#\/schema\/person\/399990d02336f200766707b881aee98f"},"headline":"Concurso TRE RS: \u00f3rg\u00e3o confirma participa\u00e7\u00e3o no edital unificado!","datePublished":"2022-08-04T17:05:33+00:00","dateModified":"2022-08-04T19:03:10+00:00","mainEntityOfPage":{"@id":"https:\/\/www.estrategiaconcursos.com.br\/blog\/concurso-tre-rs-orgao-confirma-participacao-no-edital-unificado\/"},"wordCount":442,"commentCount":0,"publisher":{"@id":"https:\/\/www.estrategiaconcursos.com.br\/blog\/#organization"},"image":{"@id":"https:\/\/www.estrategiaconcursos.com.br\/blog\/concurso-tre-rs-orgao-confirma-participacao-no-edital-unificado\/#primaryimage"},"thumbnailUrl":"https:\/\/dhg1h5j42swfq.cloudfront.net\/2019\/06\/10183010\/concurso-tre-rs.jpg","articleSection":["Tribunais","\u00daltimas not\u00edcias"],"inLanguage":"pt-BR","potentialAction":[{"@type":"CommentAction","name":"Comment","target":["https:\/\/www.estrategiaconcursos.com.br\/blog\/concurso-tre-rs-orgao-confirma-participacao-no-edital-unificado\/#respond"]}],"copyrightYear":"2022","copyrightHolder":{"@id":"https:\/\/www.estrategiaconcursos.com.br\/blog\/#organization"}},{"@type":"WebPage","@id":"https:\/\/www.estrategiaconcursos.com.br\/blog\/concurso-tre-rs-orgao-confirma-participacao-no-edital-unificado\/","url":"https:\/\/www.estrategiaconcursos.com.br\/blog\/concurso-tre-rs-orgao-confirma-participacao-no-edital-unificado\/","name":"Concurso TRE RS: \u00f3rg\u00e3o confirma participa\u00e7\u00e3o no edital unificado!","isPartOf":{"@id":"https:\/\/www.estrategiaconcursos.com.br\/blog\/#website"},"primaryImageOfPage":{"@id":"https:\/\/www.estrategiaconcursos.com.br\/blog\/concurso-tre-rs-orgao-confirma-participacao-no-edital-unificado\/#primaryimage"},"image":{"@id":"https:\/\/www.estrategiaconcursos.com.br\/blog\/concurso-tre-rs-orgao-confirma-participacao-no-edital-unificado\/#primaryimage"},"thumbnailUrl":"https:\/\/dhg1h5j42swfq.cloudfront.net\/2019\/06\/10183010\/concurso-tre-rs.jpg","datePublished":"2022-08-04T17:05:33+00:00","dateModified":"2022-08-04T19:03:10+00:00","description":"Concurso TRE RS: Tribunal participar\u00e1 do edital unificado promovido pelo TSE; 30 cargos vagos. Confira mais informa\u00e7\u00f5es aqui!","breadcrumb":{"@id":"https:\/\/www.estrategiaconcursos.com.br\/blog\/concurso-tre-rs-orgao-confirma-participacao-no-edital-unificado\/#breadcrumb"},"inLanguage":"pt-BR","potentialAction":[{"@type":"ReadAction","target":["https:\/\/www.estrategiaconcursos.com.br\/blog\/concurso-tre-rs-orgao-confirma-participacao-no-edital-unificado\/"]}]},{"@type":"ImageObject","inLanguage":"pt-BR","@id":"https:\/\/www.estrategiaconcursos.com.br\/blog\/concurso-tre-rs-orgao-confirma-participacao-no-edital-unificado\/#primaryimage","url":"https:\/\/dhg1h5j42swfq.cloudfront.net\/2019\/06\/10183010\/concurso-tre-rs.jpg","contentUrl":"https:\/\/dhg1h5j42swfq.cloudfront.net\/2019\/06\/10183010\/concurso-tre-rs.jpg","width":400,"height":209,"caption":"concurso tre rs"},{"@type":"BreadcrumbList","@id":"https:\/\/www.estrategiaconcursos.com.br\/blog\/concurso-tre-rs-orgao-confirma-participacao-no-edital-unificado\/#breadcrumb","itemListElement":[{"@type":"ListItem","position":1,"name":"In\u00edcio","item":"https:\/\/www.estrategiaconcursos.com.br\/blog\/"},{"@type":"ListItem","position":2,"name":"Concurso TRE RS: \u00f3rg\u00e3o confirma participa\u00e7\u00e3o no edital unificado!"}]},{"@type":"WebSite","@id":"https:\/\/www.estrategiaconcursos.com.br\/blog\/#website","url":"https:\/\/www.estrategiaconcursos.com.br\/blog\/","name":"Estrat\u00e9gia Concursos","description":"O blog da Estrat\u00e9gia Concursos traz not\u00edcias sobre concursos e artigos de professores oferecendo cursos para concursos (pdf + videaulas) no site.","publisher":{"@id":"https:\/\/www.estrategiaconcursos.com.br\/blog\/#organization"},"potentialAction":[{"@type":"SearchAction","target":{"@type":"EntryPoint","urlTemplate":"https:\/\/www.estrategiaconcursos.com.br\/blog\/?s={search_term_string}"},"query-input":{"@type":"PropertyValueSpecification","valueRequired":true,"valueName":"search_term_string"}}],"inLanguage":"pt-BR"},{"@type":"Organization","@id":"https:\/\/www.estrategiaconcursos.com.br\/blog\/#organization","name":"Estrat\u00e9gia Concursos","url":"https:\/\/www.estrategiaconcursos.com.br\/blog\/","logo":{"@type":"ImageObject","inLanguage":"pt-BR","@id":"https:\/\/www.estrategiaconcursos.com.br\/blog\/#\/schema\/logo\/image\/","url":"https:\/\/dhg1h5j42swfq.cloudfront.net\/2025\/06\/03203428\/logo_concursos-1.jpg","contentUrl":"https:\/\/dhg1h5j42swfq.cloudfront.net\/2025\/06\/03203428\/logo_concursos-1.jpg","width":230,"height":60,"caption":"Estrat\u00e9gia Concursos"},"image":{"@id":"https:\/\/www.estrategiaconcursos.com.br\/blog\/#\/schema\/logo\/image\/"},"sameAs":["https:\/\/x.com\/EstratConcursos"]},{"@type":"Person","@id":"https:\/\/www.estrategiaconcursos.com.br\/blog\/#\/schema\/person\/399990d02336f200766707b881aee98f","name":"Daniela Santos Nascimento","image":{"@type":"ImageObject","inLanguage":"pt-BR","@id":"https:\/\/secure.gravatar.com\/avatar\/7f343622ad121e2893832a8c76808be436bdfcbf2f7d696174c94ecd84f2384a?s=96&d=mm&r=g","url":"https:\/\/secure.gravatar.com\/avatar\/7f343622ad121e2893832a8c76808be436bdfcbf2f7d696174c94ecd84f2384a?s=96&d=mm&r=g","contentUrl":"https:\/\/secure.gravatar.com\/avatar\/7f343622ad121e2893832a8c76808be436bdfcbf2f7d696174c94ecd84f2384a?s=96&d=mm&r=g","caption":"Daniela Santos Nascimento"},"url":"https:\/\/www.estrategiaconcursos.com.br\/blog\/author\/daniela-nascimentoestrategia-com\/"}]}},"_links":{"self":[{"href":"https:\/\/www.estrategiaconcursos.com.br\/blog\/wp-json\/wp\/v2\/posts\/1072021","targetHints":{"allow":["GET"]}}],"collection":[{"href":"https:\/\/www.estrategiaconcursos.com.br\/blog\/wp-json\/wp\/v2\/posts"}],"about":[{"href":"https:\/\/www.estrategiaconcursos.com.br\/blog\/wp-json\/wp\/v2\/types\/post"}],"author":[{"embeddable":true,"href":"https:\/\/www.estrategiaconcursos.com.br\/blog\/wp-json\/wp\/v2\/users\/2402"}],"replies":[{"embeddable":true,"href":"https:\/\/www.estrategiaconcursos.com.br\/blog\/wp-json\/wp\/v2\/comments?post=1072021"}],"version-history":[{"count":4,"href":"https:\/\/www.estrategiaconcursos.com.br\/blog\/wp-json\/wp\/v2\/posts\/1072021\/revisions"}],"predecessor-version":[{"id":1072172,"href":"https:\/\/www.estrategiaconcursos.com.br\/blog\/wp-json\/wp\/v2\/posts\/1072021\/revisions\/1072172"}],"wp:featuredmedia":[{"embeddable":true,"href":"https:\/\/www.estrategiaconcursos.com.br\/blog\/wp-json\/wp\/v2\/media\/386113"}],"wp:attachment":[{"href":"https:\/\/www.estrategiaconcursos.com.br\/blog\/wp-json\/wp\/v2\/media?parent=1072021"}],"wp:term":[{"taxonomy":"category","embeddable":true,"href":"https:\/\/www.estrategiaconcursos.com.br\/blog\/wp-json\/wp\/v2\/categories?post=1072021"},{"taxonomy":"post_tag","embeddable":true,"href":"https:\/\/www.estrategiaconcursos.com.br\/blog\/wp-json\/wp\/v2\/tags?post=1072021"},{"taxonomy":"tax_estado","embeddable":true,"href":"https:\/\/www.estrategiaconcursos.com.br\/blog\/wp-json\/wp\/v2\/tax_estado?post=1072021"}],"curies":[{"name":"wp","href":"https:\/\/api.w.org\/{rel}","templated":true}]}}