{"id":1071812,"date":"2022-08-04T10:06:44","date_gmt":"2022-08-04T13:06:44","guid":{"rendered":"https:\/\/www.estrategiaconcursos.com.br\/blog\/?p=1071812"},"modified":"2022-08-04T15:00:12","modified_gmt":"2022-08-04T18:00:12","slug":"concurso-guarda-nova-iguacu-convocacao-taf","status":"publish","type":"post","link":"https:\/\/www.estrategiaconcursos.com.br\/blog\/concurso-guarda-nova-iguacu-convocacao-taf\/","title":{"rendered":"Concurso Guarda de Nova Igua\u00e7u convoca candidatos para o TAF"},"content":{"rendered":"\n<p>Foi divulgada a convoca\u00e7\u00e3o para o Teste de Aptid\u00e3o F\u00edsica (TAF) do <strong>concurso Guarda Nova Igua\u00e7u<\/strong>. Os candidatos devem comparecer \u00e0 Vila Ol\u00edmpica de Nova Igua\u00e7u na data e hor\u00e1rios estabelecidos no edital.<\/p>\n\n\n\n<ul class=\"has-medium-font-size wp-block-list\"><li><a href=\"https:\/\/dhg1h5j42swfq.cloudfront.net\/2022\/08\/04095549\/pmni_de_03-08-2022_-_edicao_extraordinaria-final_03073718.pdf\" target=\"_blank\" rel=\"noreferrer noopener nofollow\"><strong>Convoca\u00e7\u00e3o TAF &#8211; concurso Guarda de Nova Igua\u00e7u<\/strong><\/a><\/li><\/ul>\n\n\n\n<p>\u00c9 necess\u00e1rio apresentar atestado m\u00e9dico emitido com no m\u00e1ximo 30 dias de anteced\u00eancia a data do teste, que certifique, especificamente, estar <strong>APTO<\/strong> para o esfor\u00e7o f\u00edsico que ser\u00e1 submetido.<\/p>\n\n\n\n<p>Cada avalia\u00e7\u00e3o ser\u00e1 pontuada numa escala de 0 a 100 pontos, totalizando pontua\u00e7\u00e3o m\u00e1xima de 400 pontos. O Teste de Aptid\u00e3o F\u00edsica consistir\u00e1 na realiza\u00e7\u00e3o de 4 avalia\u00e7\u00f5es, assim divididas.<\/p>\n\n\n\n<ul class=\"wp-block-list\"><li><em>a) Avalia\u00e7\u00e3o de Flex\u00e3o de Bra\u00e7o (masculino)\/ Apoio de Frente (feminino) em 1 minuto; <\/em><\/li><li><em>b) Avalia\u00e7\u00e3o de Abdominal em 1 minuto; <\/em><\/li><li><em>c) Avalia\u00e7\u00e3o de Corrida de 12 minutos e <\/em><\/li><li><em>d) Tiro de 50 metros. <\/em><\/li><\/ul>\n\n\n\n<p>Neste certame, a Prefeitura de Nova Igua\u00e7u oferece aos candidatos <strong>100 vagas para o cargo de Guarda Municipal<\/strong>. Desse total, 85 s\u00e3o para o sexo masculino e 15 para o feminino.<\/p>\n\n\n\n<p>O Estrat\u00e9gia Concursos preparou um artigo completo e exclusivo sobre o concurso Guarda de Nova Igua\u00e7u. Acesse e confira mais informa\u00e7\u00f5es:<\/p>\n\n\n\n<h2 class=\"has-text-align-center has-cyan-bluish-gray-background-color has-background has-medium-font-size wp-block-heading\" id=\"cursos\"><a href=\"https:\/\/www.estrategiaconcursos.com.br\/blog\/concurso-guarda-municipal-nova-iguacu\/\" target=\"_blank\" rel=\"noreferrer noopener\">Concurso GCM Nova Igua\u00e7u<\/a><\/h2>\n\n\n\n<hr class=\"wp-block-separator\"\/>\n\n\n\n<h2 class=\"has-text-align-center wp-block-heading\" id=\"h-quer-saber-tudo-sobre-concursos-previstos-confira-nossos-artigos\">Quer saber tudo sobre concursos previstos?<br \/>Confira nossos artigos!<\/h2>\n\n\n\n<ul class=\"wp-block-list\"><li><a href=\"https:\/\/www.estrategiaconcursos.com.br\/blog\/concursos-abertos\/\" target=\"_blank\" rel=\"noreferrer noopener\">Concursos abertos<\/a><\/li><li><a href=\"https:\/\/www.estrategiaconcursos.com.br\/blog\/concursos-2022\/\" target=\"_blank\" rel=\"noreferrer noopener\">Concursos 2022<\/a><\/li><li><a href=\"https:\/\/www.estrategiaconcursos.com.br\/blog\/concursos-2023\/\" target=\"_blank\" rel=\"noreferrer noopener\">Concursos 2023<\/a><\/li><\/ul>\n\n\n\n<div id=\"boxes\" class=\"container\">\n<div class=\"row\">\n<div class=\"col-sm\">\n<div id=\"box-assinatura\" class=\"banner-policial\">\n<h3 class=\"titulo-assinatura\">Concurso Guarda de Nova Igua\u00e7u<\/h3>\n<p class=\"subtitulo-assinatura\">Estude conosco<\/p>\n<div class=\"box-botao\"><a class=\"btn-assinatura\" role=\"button\" href=\"https:\/\/www.estrategiaconcursos.com.br\/cursos\/\" target=\"_blank\" rel=\"noopener noreferrer\">Conhe\u00e7a os cursos<\/a><\/div>\n<\/div>\n\n<\/div>\n<\/div>\n<\/div>\n\n\n\n<div class=\"container\" id=\"boxes\">\n  <div class=\"row\">\n\n    <div class=\"col-sm\">\n      <div class=\"estrategia\" id=\"box-assinatura\">\n        <h3 class=\"titulo-assinatura\">Assinatura de Concursos<\/h3>\n        <p class=\"subtitulo-assinatura\">Assinatura de 1 ano ou 2 anos<\/p>\n        <div class=\"box-botao\">\n          <a class=\"btn-assinatura\" target=\"_blank\" href=\"https:\/\/www.estrategiaconcursos.com.br\/assinaturas\/\" role=\"button\" rel=\"noopener noreferrer\">ASSINE AGORA<\/a>\n        <\/div>\n      <\/div>\n     \n    <\/div><\/div><\/div>\n","protected":false},"excerpt":{"rendered":"<p>Foi divulgada a convoca\u00e7\u00e3o para o Teste de Aptid\u00e3o F\u00edsica (TAF) do concurso Guarda Nova Igua\u00e7u. Os candidatos devem comparecer \u00e0 Vila Ol\u00edmpica de Nova Igua\u00e7u na data e hor\u00e1rios estabelecidos no edital. Convoca\u00e7\u00e3o TAF &#8211; concurso Guarda de Nova Igua\u00e7u \u00c9 necess\u00e1rio apresentar atestado m\u00e9dico emitido com no m\u00e1ximo 30 dias de anteced\u00eancia a [&hellip;]<\/p>\n","protected":false},"author":2041,"featured_media":1055480,"comment_status":"open","ping_status":"closed","sticky":false,"template":"","format":"standard","meta":{"post_tipo":"news","footnotes":""},"categories":[220189],"tags":[],"tax_estado":[219982],"class_list":["post-1071812","post","type-post","status-publish","format-standard","has-post-thumbnail","hentry","category-policial-guarda-civis","tax_estado-rj"],"acf":[],"yoast_head":"<!-- This site is optimized with the Yoast SEO Premium plugin v27.2 (Yoast SEO v27.2) - https:\/\/yoast.com\/product\/yoast-seo-premium-wordpress\/ -->\n<title>Concurso Guarda de Nova Igua\u00e7u convoca candidatos para o TAF<\/title>\n<meta name=\"description\" content=\"Foi divulgada a convoca\u00e7\u00e3o de candidatos para realizar o TAF do concurso Guarda de Nova Igua\u00e7u, no estado do Rio de Janeiro. Confira!\" \/>\n<meta name=\"robots\" content=\"index, follow, max-snippet:-1, max-image-preview:large, max-video-preview:-1\" \/>\n<link rel=\"canonical\" href=\"https:\/\/www.estrategiaconcursos.com.br\/blog\/concurso-guarda-nova-iguacu-convocacao-taf\/\" \/>\n<meta property=\"og:locale\" content=\"pt_BR\" \/>\n<meta property=\"og:type\" content=\"article\" \/>\n<meta property=\"og:title\" content=\"Concurso Guarda de Nova Igua\u00e7u convoca candidatos para o TAF\" \/>\n<meta property=\"og:description\" content=\"Foi divulgada a convoca\u00e7\u00e3o de candidatos para realizar o TAF do concurso Guarda de Nova Igua\u00e7u, no estado do Rio de Janeiro. Confira!\" \/>\n<meta property=\"og:url\" content=\"https:\/\/www.estrategiaconcursos.com.br\/blog\/concurso-guarda-nova-iguacu-convocacao-taf\/\" \/>\n<meta property=\"og:site_name\" content=\"Estrat\u00e9gia Concursos\" \/>\n<meta property=\"article:published_time\" content=\"2022-08-04T13:06:44+00:00\" \/>\n<meta property=\"article:modified_time\" content=\"2022-08-04T18:00:12+00:00\" \/>\n<meta property=\"og:image\" content=\"https:\/\/dhg1h5j42swfq.cloudfront.net\/2022\/07\/05101909\/concurso-guarda-nova-iguacu.jpg\" \/>\n\t<meta property=\"og:image:width\" content=\"768\" \/>\n\t<meta property=\"og:image:height\" content=\"432\" \/>\n\t<meta property=\"og:image:type\" content=\"image\/jpeg\" \/>\n<meta name=\"author\" content=\"Thiago Cavalcante Gomes\" \/>\n<meta name=\"twitter:card\" content=\"summary_large_image\" \/>\n<meta name=\"twitter:creator\" content=\"@EstratConcursos\" \/>\n<meta name=\"twitter:site\" content=\"@EstratConcursos\" \/>\n<meta name=\"twitter:label1\" content=\"Escrito por\" \/>\n\t<meta name=\"twitter:data1\" content=\"Thiago Cavalcante Gomes\" \/>\n\t<meta name=\"twitter:label2\" content=\"Est. tempo de leitura\" \/>\n\t<meta name=\"twitter:data2\" content=\"2 minutos\" \/>\n<script type=\"application\/ld+json\" class=\"yoast-schema-graph\">{\"@context\":\"https:\/\/schema.org\",\"@graph\":[{\"@type\":\"NewsArticle\",\"@id\":\"https:\/\/www.estrategiaconcursos.com.br\/blog\/concurso-guarda-nova-iguacu-convocacao-taf\/#article\",\"isPartOf\":{\"@id\":\"https:\/\/www.estrategiaconcursos.com.br\/blog\/concurso-guarda-nova-iguacu-convocacao-taf\/\"},\"author\":{\"name\":\"Thiago Cavalcante Gomes\",\"@id\":\"https:\/\/www.estrategiaconcursos.com.br\/blog\/#\/schema\/person\/4970184533d0a3ffa5b0299ae0a2b21f\"},\"headline\":\"Concurso Guarda de Nova Igua\u00e7u convoca candidatos para o TAF\",\"datePublished\":\"2022-08-04T13:06:44+00:00\",\"dateModified\":\"2022-08-04T18:00:12+00:00\",\"mainEntityOfPage\":{\"@id\":\"https:\/\/www.estrategiaconcursos.com.br\/blog\/concurso-guarda-nova-iguacu-convocacao-taf\/\"},\"wordCount\":255,\"commentCount\":0,\"publisher\":{\"@id\":\"https:\/\/www.estrategiaconcursos.com.br\/blog\/#organization\"},\"image\":{\"@id\":\"https:\/\/www.estrategiaconcursos.com.br\/blog\/concurso-guarda-nova-iguacu-convocacao-taf\/#primaryimage\"},\"thumbnailUrl\":\"https:\/\/dhg1h5j42swfq.cloudfront.net\/2022\/07\/05101909\/concurso-guarda-nova-iguacu.jpg\",\"articleSection\":[\"Policial (Guardas Civis)\"],\"inLanguage\":\"pt-BR\",\"potentialAction\":[{\"@type\":\"CommentAction\",\"name\":\"Comment\",\"target\":[\"https:\/\/www.estrategiaconcursos.com.br\/blog\/concurso-guarda-nova-iguacu-convocacao-taf\/#respond\"]}],\"copyrightYear\":\"2022\",\"copyrightHolder\":{\"@id\":\"https:\/\/www.estrategiaconcursos.com.br\/blog\/#organization\"}},{\"@type\":\"WebPage\",\"@id\":\"https:\/\/www.estrategiaconcursos.com.br\/blog\/concurso-guarda-nova-iguacu-convocacao-taf\/\",\"url\":\"https:\/\/www.estrategiaconcursos.com.br\/blog\/concurso-guarda-nova-iguacu-convocacao-taf\/\",\"name\":\"Concurso Guarda de Nova Igua\u00e7u convoca candidatos para o TAF\",\"isPartOf\":{\"@id\":\"https:\/\/www.estrategiaconcursos.com.br\/blog\/#website\"},\"primaryImageOfPage\":{\"@id\":\"https:\/\/www.estrategiaconcursos.com.br\/blog\/concurso-guarda-nova-iguacu-convocacao-taf\/#primaryimage\"},\"image\":{\"@id\":\"https:\/\/www.estrategiaconcursos.com.br\/blog\/concurso-guarda-nova-iguacu-convocacao-taf\/#primaryimage\"},\"thumbnailUrl\":\"https:\/\/dhg1h5j42swfq.cloudfront.net\/2022\/07\/05101909\/concurso-guarda-nova-iguacu.jpg\",\"datePublished\":\"2022-08-04T13:06:44+00:00\",\"dateModified\":\"2022-08-04T18:00:12+00:00\",\"description\":\"Foi divulgada a convoca\u00e7\u00e3o de candidatos para realizar o TAF do concurso Guarda de Nova Igua\u00e7u, no estado do Rio de Janeiro. Confira!\",\"breadcrumb\":{\"@id\":\"https:\/\/www.estrategiaconcursos.com.br\/blog\/concurso-guarda-nova-iguacu-convocacao-taf\/#breadcrumb\"},\"inLanguage\":\"pt-BR\",\"potentialAction\":[{\"@type\":\"ReadAction\",\"target\":[\"https:\/\/www.estrategiaconcursos.com.br\/blog\/concurso-guarda-nova-iguacu-convocacao-taf\/\"]}]},{\"@type\":\"ImageObject\",\"inLanguage\":\"pt-BR\",\"@id\":\"https:\/\/www.estrategiaconcursos.com.br\/blog\/concurso-guarda-nova-iguacu-convocacao-taf\/#primaryimage\",\"url\":\"https:\/\/dhg1h5j42swfq.cloudfront.net\/2022\/07\/05101909\/concurso-guarda-nova-iguacu.jpg\",\"contentUrl\":\"https:\/\/dhg1h5j42swfq.cloudfront.net\/2022\/07\/05101909\/concurso-guarda-nova-iguacu.jpg\",\"width\":768,\"height\":432,\"caption\":\"Concurso Guarda Nova Igua\u00e7u\"},{\"@type\":\"BreadcrumbList\",\"@id\":\"https:\/\/www.estrategiaconcursos.com.br\/blog\/concurso-guarda-nova-iguacu-convocacao-taf\/#breadcrumb\",\"itemListElement\":[{\"@type\":\"ListItem\",\"position\":1,\"name\":\"In\u00edcio\",\"item\":\"https:\/\/www.estrategiaconcursos.com.br\/blog\/\"},{\"@type\":\"ListItem\",\"position\":2,\"name\":\"Concurso Guarda de Nova Igua\u00e7u convoca candidatos para o TAF\"}]},{\"@type\":\"WebSite\",\"@id\":\"https:\/\/www.estrategiaconcursos.com.br\/blog\/#website\",\"url\":\"https:\/\/www.estrategiaconcursos.com.br\/blog\/\",\"name\":\"Estrat\u00e9gia Concursos\",\"description\":\"O blog da Estrat\u00e9gia Concursos traz not\u00edcias sobre concursos e artigos de professores oferecendo cursos para concursos (pdf + videaulas) no site.\",\"publisher\":{\"@id\":\"https:\/\/www.estrategiaconcursos.com.br\/blog\/#organization\"},\"potentialAction\":[{\"@type\":\"SearchAction\",\"target\":{\"@type\":\"EntryPoint\",\"urlTemplate\":\"https:\/\/www.estrategiaconcursos.com.br\/blog\/?s={search_term_string}\"},\"query-input\":{\"@type\":\"PropertyValueSpecification\",\"valueRequired\":true,\"valueName\":\"search_term_string\"}}],\"inLanguage\":\"pt-BR\"},{\"@type\":\"Organization\",\"@id\":\"https:\/\/www.estrategiaconcursos.com.br\/blog\/#organization\",\"name\":\"Estrat\u00e9gia Concursos\",\"url\":\"https:\/\/www.estrategiaconcursos.com.br\/blog\/\",\"logo\":{\"@type\":\"ImageObject\",\"inLanguage\":\"pt-BR\",\"@id\":\"https:\/\/www.estrategiaconcursos.com.br\/blog\/#\/schema\/logo\/image\/\",\"url\":\"https:\/\/dhg1h5j42swfq.cloudfront.net\/2025\/06\/03203428\/logo_concursos-1.jpg\",\"contentUrl\":\"https:\/\/dhg1h5j42swfq.cloudfront.net\/2025\/06\/03203428\/logo_concursos-1.jpg\",\"width\":230,\"height\":60,\"caption\":\"Estrat\u00e9gia Concursos\"},\"image\":{\"@id\":\"https:\/\/www.estrategiaconcursos.com.br\/blog\/#\/schema\/logo\/image\/\"},\"sameAs\":[\"https:\/\/x.com\/EstratConcursos\"]},{\"@type\":\"Person\",\"@id\":\"https:\/\/www.estrategiaconcursos.com.br\/blog\/#\/schema\/person\/4970184533d0a3ffa5b0299ae0a2b21f\",\"name\":\"Thiago Cavalcante Gomes\",\"image\":{\"@type\":\"ImageObject\",\"inLanguage\":\"pt-BR\",\"@id\":\"https:\/\/secure.gravatar.com\/avatar\/?s=96&d=mm&r=g\",\"url\":\"https:\/\/secure.gravatar.com\/avatar\/?s=96&d=mm&r=g\",\"contentUrl\":\"https:\/\/secure.gravatar.com\/avatar\/?s=96&d=mm&r=g\",\"caption\":\"Thiago Cavalcante Gomes\"},\"url\":\"https:\/\/www.estrategiaconcursos.com.br\/blog\/author\/thiago-gomes\/\"}]}<\/script>\n<!-- \/ Yoast SEO Premium plugin. -->","yoast_head_json":{"title":"Concurso Guarda de Nova Igua\u00e7u convoca candidatos para o TAF","description":"Foi divulgada a convoca\u00e7\u00e3o de candidatos para realizar o TAF do concurso Guarda de Nova Igua\u00e7u, no estado do Rio de Janeiro. Confira!","robots":{"index":"index","follow":"follow","max-snippet":"max-snippet:-1","max-image-preview":"max-image-preview:large","max-video-preview":"max-video-preview:-1"},"canonical":"https:\/\/www.estrategiaconcursos.com.br\/blog\/concurso-guarda-nova-iguacu-convocacao-taf\/","og_locale":"pt_BR","og_type":"article","og_title":"Concurso Guarda de Nova Igua\u00e7u convoca candidatos para o TAF","og_description":"Foi divulgada a convoca\u00e7\u00e3o de candidatos para realizar o TAF do concurso Guarda de Nova Igua\u00e7u, no estado do Rio de Janeiro. Confira!","og_url":"https:\/\/www.estrategiaconcursos.com.br\/blog\/concurso-guarda-nova-iguacu-convocacao-taf\/","og_site_name":"Estrat\u00e9gia Concursos","article_published_time":"2022-08-04T13:06:44+00:00","article_modified_time":"2022-08-04T18:00:12+00:00","og_image":[{"width":768,"height":432,"url":"https:\/\/dhg1h5j42swfq.cloudfront.net\/2022\/07\/05101909\/concurso-guarda-nova-iguacu.jpg","type":"image\/jpeg"}],"author":"Thiago Cavalcante Gomes","twitter_card":"summary_large_image","twitter_creator":"@EstratConcursos","twitter_site":"@EstratConcursos","twitter_misc":{"Escrito por":"Thiago Cavalcante Gomes","Est. tempo de leitura":"2 minutos"},"schema":{"@context":"https:\/\/schema.org","@graph":[{"@type":"NewsArticle","@id":"https:\/\/www.estrategiaconcursos.com.br\/blog\/concurso-guarda-nova-iguacu-convocacao-taf\/#article","isPartOf":{"@id":"https:\/\/www.estrategiaconcursos.com.br\/blog\/concurso-guarda-nova-iguacu-convocacao-taf\/"},"author":{"name":"Thiago Cavalcante Gomes","@id":"https:\/\/www.estrategiaconcursos.com.br\/blog\/#\/schema\/person\/4970184533d0a3ffa5b0299ae0a2b21f"},"headline":"Concurso Guarda de Nova Igua\u00e7u convoca candidatos para o TAF","datePublished":"2022-08-04T13:06:44+00:00","dateModified":"2022-08-04T18:00:12+00:00","mainEntityOfPage":{"@id":"https:\/\/www.estrategiaconcursos.com.br\/blog\/concurso-guarda-nova-iguacu-convocacao-taf\/"},"wordCount":255,"commentCount":0,"publisher":{"@id":"https:\/\/www.estrategiaconcursos.com.br\/blog\/#organization"},"image":{"@id":"https:\/\/www.estrategiaconcursos.com.br\/blog\/concurso-guarda-nova-iguacu-convocacao-taf\/#primaryimage"},"thumbnailUrl":"https:\/\/dhg1h5j42swfq.cloudfront.net\/2022\/07\/05101909\/concurso-guarda-nova-iguacu.jpg","articleSection":["Policial (Guardas Civis)"],"inLanguage":"pt-BR","potentialAction":[{"@type":"CommentAction","name":"Comment","target":["https:\/\/www.estrategiaconcursos.com.br\/blog\/concurso-guarda-nova-iguacu-convocacao-taf\/#respond"]}],"copyrightYear":"2022","copyrightHolder":{"@id":"https:\/\/www.estrategiaconcursos.com.br\/blog\/#organization"}},{"@type":"WebPage","@id":"https:\/\/www.estrategiaconcursos.com.br\/blog\/concurso-guarda-nova-iguacu-convocacao-taf\/","url":"https:\/\/www.estrategiaconcursos.com.br\/blog\/concurso-guarda-nova-iguacu-convocacao-taf\/","name":"Concurso Guarda de Nova Igua\u00e7u convoca candidatos para o TAF","isPartOf":{"@id":"https:\/\/www.estrategiaconcursos.com.br\/blog\/#website"},"primaryImageOfPage":{"@id":"https:\/\/www.estrategiaconcursos.com.br\/blog\/concurso-guarda-nova-iguacu-convocacao-taf\/#primaryimage"},"image":{"@id":"https:\/\/www.estrategiaconcursos.com.br\/blog\/concurso-guarda-nova-iguacu-convocacao-taf\/#primaryimage"},"thumbnailUrl":"https:\/\/dhg1h5j42swfq.cloudfront.net\/2022\/07\/05101909\/concurso-guarda-nova-iguacu.jpg","datePublished":"2022-08-04T13:06:44+00:00","dateModified":"2022-08-04T18:00:12+00:00","description":"Foi divulgada a convoca\u00e7\u00e3o de candidatos para realizar o TAF do concurso Guarda de Nova Igua\u00e7u, no estado do Rio de Janeiro. Confira!","breadcrumb":{"@id":"https:\/\/www.estrategiaconcursos.com.br\/blog\/concurso-guarda-nova-iguacu-convocacao-taf\/#breadcrumb"},"inLanguage":"pt-BR","potentialAction":[{"@type":"ReadAction","target":["https:\/\/www.estrategiaconcursos.com.br\/blog\/concurso-guarda-nova-iguacu-convocacao-taf\/"]}]},{"@type":"ImageObject","inLanguage":"pt-BR","@id":"https:\/\/www.estrategiaconcursos.com.br\/blog\/concurso-guarda-nova-iguacu-convocacao-taf\/#primaryimage","url":"https:\/\/dhg1h5j42swfq.cloudfront.net\/2022\/07\/05101909\/concurso-guarda-nova-iguacu.jpg","contentUrl":"https:\/\/dhg1h5j42swfq.cloudfront.net\/2022\/07\/05101909\/concurso-guarda-nova-iguacu.jpg","width":768,"height":432,"caption":"Concurso Guarda Nova Igua\u00e7u"},{"@type":"BreadcrumbList","@id":"https:\/\/www.estrategiaconcursos.com.br\/blog\/concurso-guarda-nova-iguacu-convocacao-taf\/#breadcrumb","itemListElement":[{"@type":"ListItem","position":1,"name":"In\u00edcio","item":"https:\/\/www.estrategiaconcursos.com.br\/blog\/"},{"@type":"ListItem","position":2,"name":"Concurso Guarda de Nova Igua\u00e7u convoca candidatos para o TAF"}]},{"@type":"WebSite","@id":"https:\/\/www.estrategiaconcursos.com.br\/blog\/#website","url":"https:\/\/www.estrategiaconcursos.com.br\/blog\/","name":"Estrat\u00e9gia Concursos","description":"O blog da Estrat\u00e9gia Concursos traz not\u00edcias sobre concursos e artigos de professores oferecendo cursos para concursos (pdf + videaulas) no site.","publisher":{"@id":"https:\/\/www.estrategiaconcursos.com.br\/blog\/#organization"},"potentialAction":[{"@type":"SearchAction","target":{"@type":"EntryPoint","urlTemplate":"https:\/\/www.estrategiaconcursos.com.br\/blog\/?s={search_term_string}"},"query-input":{"@type":"PropertyValueSpecification","valueRequired":true,"valueName":"search_term_string"}}],"inLanguage":"pt-BR"},{"@type":"Organization","@id":"https:\/\/www.estrategiaconcursos.com.br\/blog\/#organization","name":"Estrat\u00e9gia Concursos","url":"https:\/\/www.estrategiaconcursos.com.br\/blog\/","logo":{"@type":"ImageObject","inLanguage":"pt-BR","@id":"https:\/\/www.estrategiaconcursos.com.br\/blog\/#\/schema\/logo\/image\/","url":"https:\/\/dhg1h5j42swfq.cloudfront.net\/2025\/06\/03203428\/logo_concursos-1.jpg","contentUrl":"https:\/\/dhg1h5j42swfq.cloudfront.net\/2025\/06\/03203428\/logo_concursos-1.jpg","width":230,"height":60,"caption":"Estrat\u00e9gia Concursos"},"image":{"@id":"https:\/\/www.estrategiaconcursos.com.br\/blog\/#\/schema\/logo\/image\/"},"sameAs":["https:\/\/x.com\/EstratConcursos"]},{"@type":"Person","@id":"https:\/\/www.estrategiaconcursos.com.br\/blog\/#\/schema\/person\/4970184533d0a3ffa5b0299ae0a2b21f","name":"Thiago Cavalcante Gomes","image":{"@type":"ImageObject","inLanguage":"pt-BR","@id":"https:\/\/secure.gravatar.com\/avatar\/?s=96&d=mm&r=g","url":"https:\/\/secure.gravatar.com\/avatar\/?s=96&d=mm&r=g","contentUrl":"https:\/\/secure.gravatar.com\/avatar\/?s=96&d=mm&r=g","caption":"Thiago Cavalcante Gomes"},"url":"https:\/\/www.estrategiaconcursos.com.br\/blog\/author\/thiago-gomes\/"}]}},"_links":{"self":[{"href":"https:\/\/www.estrategiaconcursos.com.br\/blog\/wp-json\/wp\/v2\/posts\/1071812","targetHints":{"allow":["GET"]}}],"collection":[{"href":"https:\/\/www.estrategiaconcursos.com.br\/blog\/wp-json\/wp\/v2\/posts"}],"about":[{"href":"https:\/\/www.estrategiaconcursos.com.br\/blog\/wp-json\/wp\/v2\/types\/post"}],"author":[{"embeddable":true,"href":"https:\/\/www.estrategiaconcursos.com.br\/blog\/wp-json\/wp\/v2\/users\/2041"}],"replies":[{"embeddable":true,"href":"https:\/\/www.estrategiaconcursos.com.br\/blog\/wp-json\/wp\/v2\/comments?post=1071812"}],"version-history":[{"count":8,"href":"https:\/\/www.estrategiaconcursos.com.br\/blog\/wp-json\/wp\/v2\/posts\/1071812\/revisions"}],"predecessor-version":[{"id":1072093,"href":"https:\/\/www.estrategiaconcursos.com.br\/blog\/wp-json\/wp\/v2\/posts\/1071812\/revisions\/1072093"}],"wp:featuredmedia":[{"embeddable":true,"href":"https:\/\/www.estrategiaconcursos.com.br\/blog\/wp-json\/wp\/v2\/media\/1055480"}],"wp:attachment":[{"href":"https:\/\/www.estrategiaconcursos.com.br\/blog\/wp-json\/wp\/v2\/media?parent=1071812"}],"wp:term":[{"taxonomy":"category","embeddable":true,"href":"https:\/\/www.estrategiaconcursos.com.br\/blog\/wp-json\/wp\/v2\/categories?post=1071812"},{"taxonomy":"post_tag","embeddable":true,"href":"https:\/\/www.estrategiaconcursos.com.br\/blog\/wp-json\/wp\/v2\/tags?post=1071812"},{"taxonomy":"tax_estado","embeddable":true,"href":"https:\/\/www.estrategiaconcursos.com.br\/blog\/wp-json\/wp\/v2\/tax_estado?post=1071812"}],"curies":[{"name":"wp","href":"https:\/\/api.w.org\/{rel}","templated":true}]}}