{"id":1071675,"date":"2022-08-04T08:32:00","date_gmt":"2022-08-04T11:32:00","guid":{"rendered":"https:\/\/www.estrategiaconcursos.com.br\/blog\/?p=1071675"},"modified":"2022-08-04T14:58:31","modified_gmt":"2022-08-04T17:58:31","slug":"concurso-prodam-retificacao-edital","status":"publish","type":"post","link":"https:\/\/www.estrategiaconcursos.com.br\/blog\/concurso-prodam-retificacao-edital\/","title":{"rendered":"Concurso Prodam: divulgada a primeira retifica\u00e7\u00e3o do edital"},"content":{"rendered":"\n<p>Foi publicada atrav\u00e9s do Di\u00e1rio Oficial do Estado do Amazonas a primeira <strong>retifica\u00e7\u00e3o <\/strong>referente ao edital do novo concurso Prodam (Processamento de Dados do Amazonas).<\/p>\n\n\n\n<p>As altera\u00e7\u00f5es se deram nos requisitos para os cargos de analista de TI e designer gr\u00e1fico, al\u00e9m do conte\u00fado program\u00e1tico e crit\u00e9rios para solicita\u00e7\u00e3o da isen\u00e7\u00e3o da taxa fixada. Confira abaixo:<\/p>\n\n\n\n<h3 class=\"wp-block-heading\" id=\"retificacao-prodam-requisitos\">Retifica\u00e7\u00e3o Prodam: requisitos<\/h3>\n\n\n\n<p>Agora, os requisitos exigidos para o cargo de Analista de TI\/Analista de Telecomunica\u00e7\u00f5es s\u00e3o:<\/p>\n\n\n\n<ul class=\"wp-block-list\"><li>Diploma e hist\u00f3rico escolar, devidamente registrados, de conclus\u00e3o de curso de gradua\u00e7\u00e3o de n\u00edvel superior em Telecomunica\u00e7\u00f5es, ou curso de gradua\u00e7\u00e3o de n\u00edvel superior na \u00e1rea de exatas, acrescido de hist\u00f3rico escolar e p\u00f3s-gradua\u00e7\u00e3o em Telecomunica\u00e7\u00f5es, fornecidos por institui\u00e7\u00e3o de ensino superior reconhecida pelo Minist\u00e9rio da Educa\u00e7\u00e3o. Certifica\u00e7\u00e3o Profissional na vers\u00e3o atual em CCNA &#8211; Cisco Certified Network Associate. Comprova\u00e7\u00e3o de 6 meses de experi\u00eancia profissional na \u00e1rea relacionada ao cargo\/fun\u00e7\u00e3o.<\/li><\/ul>\n\n\n\n<p>J\u00e1 os requisitos para o cargo de designer gr\u00e1fico passam a ser da seguinte maneira:<\/p>\n\n\n\n<ul class=\"wp-block-list\"><li>Diploma e hist\u00f3rico escolar, devidamente registrados, de conclus\u00e3o de curso de gradua\u00e7\u00e3o de n\u00edvel superior em Design ou Desenho Industrial ou Design Gr\u00e1fico, fornecido por institui\u00e7\u00e3o de ensino reconhecida pelo Minist\u00e9rio da Educa\u00e7\u00e3o (MEC). Comprova\u00e7\u00e3o de 6 meses de experi\u00eancia profissional na \u00e1rea relacionada ao cargo\/fun\u00e7\u00e3o<\/li><\/ul>\n\n\n\n<h3 class=\"wp-block-heading\" id=\"retificacao-prodam-requisitos\">Retifica\u00e7\u00e3o Prodam: conte\u00fado program\u00e1tico<\/h3>\n\n\n\n<p>Vale frisar que o conte\u00fado program\u00e1tico do cargo de designer gr\u00e1fico tamb\u00e9m precisou ser alterado:<\/p>\n\n\n\n<p><strong>Conhecimentos Espec\u00edficos II<\/strong><\/p>\n\n\n\n<ul class=\"wp-block-list\"><li>Conhecimento em tipografia e manipula\u00e7\u00e3o de fontes. <\/li><li>Conhecimento em Gestalt, grids e composi\u00e7\u00e3o gr\u00e1fica. <\/li><li>Conhecimento dos processos de produ\u00e7\u00e3o gr\u00e1fica (sistemas de cores digitais\/impress\u00e3o, fechamento de arquivos, impress\u00e3o e acabamento).<\/li><li>No\u00e7\u00f5es de sketch e ilustra\u00e7\u00e3o vetorial. <\/li><li>No\u00e7\u00f5es de t\u00e9cnicas de anima\u00e7\u00e3o.<\/li><li>Design Digital: rela\u00e7\u00e3o entre produ\u00e7\u00e3o gr\u00e1fica e produ\u00e7\u00e3o digital; integra\u00e7\u00e3o de conte\u00fados em diferentes suportes e linguagens em ambiente digital; publica\u00e7\u00e3o de conte\u00fados em m\u00eddias digitais; design de intera\u00e7\u00e3o; interfaces gr\u00e1ficas; HTML5; CSS3; internet das coisas (IoT); televis\u00e3o digital interativa (TVDi); Motion Graphics; Big Data; User Experience (UX); User Interface (UI); Design Thinking; Model Canvas; desenvolvimento de aplicativos interativos para tablet e smartphone; marketing digital; livros digitais (eBooks); formatos de eBooks (ePub, Mobi, PDF interativo, dentre outros).<\/li><li>Webdesign: princ\u00edpios de navega\u00e7\u00e3o e usabilidade, acessibilidade, responsividade, padr\u00f5es e diretrizes do W3C. Etapas e processo de produtos gr\u00e1ficos e digitais: prepara\u00e7\u00e3o de originais, or\u00e7amento e planejamento de produ\u00e7\u00e3o; prepara\u00e7\u00e3o e fechamento de arquivos para impress\u00e3o; cria\u00e7\u00e3o e desenvolvimento em aplicativos da su\u00edte Adobe Creative Cloud &#8211; Illustrator, Photoshop, InDesign, Acrobat, Lightroom, After Effects, Premiere Pro; Prototipa\u00e7\u00e3o b\u00e1sica: No\u00e7\u00f5es de Figma e Adobe XD; Modeladores 3D &#8211; 3DS Max, SketchUp, Revit; plataformas Windows e MacOS.<\/li><\/ul>\n\n\n\n<h3 class=\"wp-block-heading\" id=\"retificacao-prodam-isencao-da-taxa\">Retifica\u00e7\u00e3o Prodam: isen\u00e7\u00e3o da taxa<\/h3>\n\n\n\n<p>Haver\u00e1 isen\u00e7\u00e3o total ou parcial do valor da taxa de inscri\u00e7\u00e3o somente para os candidatos que se enquadrem nas seguintes possibilidades:<\/p>\n\n\n\n<ol class=\"wp-block-list\"><li>Para trabalhadores em geral que perfa\u00e7am renda mensal n\u00e3o superior a tr\u00eas sal\u00e1rios-m\u00ednimos e aqueles que estejam desempregados<\/li><li>Para eleitores convocados e nomeados para servirem \u00e0 Justi\u00e7a Eleitoral do Amazonas por ocasi\u00e3o dos pleitos eleitorais<\/li><li>Para doadora de leite materno<\/li><li>Para pessoa com defici\u00eancia<\/li><\/ol>\n\n\n\n<p>O prazo para solicitar a isen\u00e7\u00e3o do valor \u00e9 at\u00e9 o dia 05 de agosto, atrav\u00e9s do site da banca organizadora, <a href=\"http:\/\/www.quadrix.org.br\/todos-os-concursos\/inscricoes-abertas\/prodam2022.aspx\" target=\"_blank\" rel=\"noreferrer noopener\">Instituto Quadrix<\/a>. <\/p>\n\n\n\n<ul class=\"wp-block-list\"><li><a href=\"https:\/\/dhg1h5j42swfq.cloudfront.net\/2022\/08\/04083312\/prodam-retificacao-1.pdf\" target=\"_blank\" rel=\"noreferrer noopener nofollow\">Confira o documento com a retifica\u00e7\u00e3o do concurso Prodam na \u00edntegra!<\/a><\/li><\/ul>\n\n\n\n<p class=\"has-text-align-center\"><em>Para saber mais detalhes acerca das retifica\u00e7\u00f5es, inscri\u00e7\u00f5es, isen\u00e7\u00e3o, conte\u00fado program\u00e1tico, cargos, vagas, entre outras disposi\u00e7\u00f5es do concurso Prodam, basta acessar o link abaixo:<\/em><\/p>\n\n\n\n<p class=\"has-text-align-center has-background\" style=\"background-color:#f4f4f4;font-size:clamp(14.642px, 0.915rem + ((1vw - 3.2px) * 0.721), 22px);\"><strong>Saiba mais: <a href=\"https:\/\/www.estrategiaconcursos.com.br\/blog\/concurso-prodam\/\" target=\"_blank\" rel=\"noreferrer noopener\">Concurso Prodam<\/a><\/strong><\/p>\n\n\n\n<h2 class=\"has-text-align-center wp-block-heading\" id=\"curso\"><em>Quer estudar para o Concurso Prodam?<\/em><\/h2>\n\n\n\n<div class=\"container\" id=\"boxes\">\n  <div class=\"row\">\n\n    <div class=\"col-sm\">\n      <div class=\"banner-estrategia\" id=\"box-assinatura\">\n        <h3 class=\"titulo-assinatura\">Cursos para concursos<\/h3>\n        <p class=\"subtitulo-assinatura\">Conhe\u00e7a os cursos<\/p>\n        <div class=\"box-botao\">\n          <a class=\"btn-assinatura\" target=\"_blank\" href=\"https:\/\/www.estrategiaconcursos.com.br\/cursos\/\" role=\"button\" rel=\"noopener noreferrer\">Conhe\u00e7a mais<\/a>\n        <\/div>\n      <\/div>\n     \n    <\/div>\n\n  <\/div>\n<\/div>\n\n\n\n<div class=\"container\" id=\"boxes\">\n  <div class=\"row\">\n\n    <div class=\"col-sm\">\n      <div class=\"estrategia\" id=\"box-assinatura\">\n        <h3 class=\"titulo-assinatura\">Assinatura Concursos<\/h3>\n        <p class=\"subtitulo-assinatura\">Assinatura de 1 ano ou 2 anos<\/p>\n        <div class=\"box-botao\">\n          <a class=\"btn-assinatura\" target=\"_blank\" href=\"https:\/\/www.estrategiaconcursos.com.br\/assinaturas\/\" role=\"button\" rel=\"noopener noreferrer\">ASSINE AGORA<\/a>\n        <\/div>\n      <\/div><\/div><\/div><\/div>\n\n\n\n<h2 class=\"has-text-align-center wp-block-heading\" id=\"h-quer-saber-tudo-sobre-concursos-previstos-confira-nossos-artigos\">Quer saber tudo sobre concursos previstos?<br \/>Confira  nossos artigos!<\/h2>\n\n\n\n<ul class=\"wp-block-list\"><li><a href=\"https:\/\/www.estrategiaconcursos.com.br\/blog\/concursos-abertos\/\" target=\"_blank\" rel=\"noreferrer noopener\">Concursos abertos<\/a><\/li><li><a href=\"https:\/\/www.estrategiaconcursos.com.br\/blog\/concursos-2022\/\" target=\"_blank\" rel=\"noreferrer noopener\">Concursos 2022<\/a><\/li><li><a href=\"https:\/\/www.estrategiaconcursos.com.br\/blog\/concursos-2023\/\" target=\"_blank\" rel=\"noreferrer noopener\">Concursos 2023<\/a><\/li><\/ul>\n","protected":false},"excerpt":{"rendered":"<p>Foi publicada atrav\u00e9s do Di\u00e1rio Oficial do Estado do Amazonas a primeira retifica\u00e7\u00e3o referente ao edital do novo concurso Prodam (Processamento de Dados do Amazonas). As altera\u00e7\u00f5es se deram nos requisitos para os cargos de analista de TI e designer gr\u00e1fico, al\u00e9m do conte\u00fado program\u00e1tico e crit\u00e9rios para solicita\u00e7\u00e3o da isen\u00e7\u00e3o da taxa fixada. Confira [&hellip;]<\/p>\n","protected":false},"author":656,"featured_media":1022251,"comment_status":"open","ping_status":"closed","sticky":false,"template":"","format":"standard","meta":{"post_tipo":"news","footnotes":""},"categories":[214992,220219],"tags":[],"tax_estado":[219966],"class_list":["post-1071675","post","type-post","status-publish","format-standard","has-post-thumbnail","hentry","category-concursos-administrativos","category-noticias","tax_estado-am"],"acf":[],"yoast_head":"<!-- This site is optimized with the Yoast SEO Premium plugin v27.2 (Yoast SEO v27.2) - https:\/\/yoast.com\/product\/yoast-seo-premium-wordpress\/ -->\n<title>Concurso Prodam: divulgada a primeira retifica\u00e7\u00e3o do edital<\/title>\n<meta name=\"description\" content=\"Concurso Prodam: divulgada a primeira retifica\u00e7\u00e3o do edital de abertura, com altera\u00e7\u00f5es nos requisitos, conte\u00fado program\u00e1tico e isen\u00e7\u00e3o.\" \/>\n<meta name=\"robots\" content=\"index, follow, max-snippet:-1, max-image-preview:large, max-video-preview:-1\" \/>\n<link rel=\"canonical\" href=\"https:\/\/www.estrategiaconcursos.com.br\/blog\/concurso-prodam-retificacao-edital\/\" \/>\n<meta property=\"og:locale\" content=\"pt_BR\" \/>\n<meta property=\"og:type\" content=\"article\" \/>\n<meta property=\"og:title\" content=\"Concurso Prodam: divulgada a primeira retifica\u00e7\u00e3o do edital\" \/>\n<meta property=\"og:description\" content=\"Concurso Prodam: divulgada a primeira retifica\u00e7\u00e3o do edital de abertura, com altera\u00e7\u00f5es nos requisitos, conte\u00fado program\u00e1tico e isen\u00e7\u00e3o.\" \/>\n<meta property=\"og:url\" content=\"https:\/\/www.estrategiaconcursos.com.br\/blog\/concurso-prodam-retificacao-edital\/\" \/>\n<meta property=\"og:site_name\" content=\"Estrat\u00e9gia Concursos\" \/>\n<meta property=\"article:published_time\" content=\"2022-08-04T11:32:00+00:00\" \/>\n<meta property=\"article:modified_time\" content=\"2022-08-04T17:58:31+00:00\" \/>\n<meta property=\"og:image\" content=\"https:\/\/dhg1h5j42swfq.cloudfront.net\/2022\/05\/05133915\/prodam.jpg\" \/>\n\t<meta property=\"og:image:width\" content=\"768\" \/>\n\t<meta property=\"og:image:height\" content=\"432\" \/>\n\t<meta property=\"og:image:type\" content=\"image\/jpeg\" \/>\n<meta name=\"author\" content=\"F\u00e1bio Scaldelai\" \/>\n<meta name=\"twitter:card\" content=\"summary_large_image\" \/>\n<meta name=\"twitter:creator\" content=\"@EstratConcursos\" \/>\n<meta name=\"twitter:site\" content=\"@EstratConcursos\" \/>\n<meta name=\"twitter:label1\" content=\"Escrito por\" \/>\n\t<meta name=\"twitter:data1\" content=\"F\u00e1bio Scaldelai\" \/>\n\t<meta name=\"twitter:label2\" content=\"Est. tempo de leitura\" \/>\n\t<meta name=\"twitter:data2\" content=\"4 minutos\" \/>\n<script type=\"application\/ld+json\" class=\"yoast-schema-graph\">{\"@context\":\"https:\/\/schema.org\",\"@graph\":[{\"@type\":\"NewsArticle\",\"@id\":\"https:\/\/www.estrategiaconcursos.com.br\/blog\/concurso-prodam-retificacao-edital\/#article\",\"isPartOf\":{\"@id\":\"https:\/\/www.estrategiaconcursos.com.br\/blog\/concurso-prodam-retificacao-edital\/\"},\"author\":{\"name\":\"F\u00e1bio Scaldelai\",\"@id\":\"https:\/\/www.estrategiaconcursos.com.br\/blog\/#\/schema\/person\/e3b6b7ce0192dd4ad270655969d61750\"},\"headline\":\"Concurso Prodam: divulgada a primeira retifica\u00e7\u00e3o do edital\",\"datePublished\":\"2022-08-04T11:32:00+00:00\",\"dateModified\":\"2022-08-04T17:58:31+00:00\",\"mainEntityOfPage\":{\"@id\":\"https:\/\/www.estrategiaconcursos.com.br\/blog\/concurso-prodam-retificacao-edital\/\"},\"wordCount\":711,\"commentCount\":0,\"publisher\":{\"@id\":\"https:\/\/www.estrategiaconcursos.com.br\/blog\/#organization\"},\"image\":{\"@id\":\"https:\/\/www.estrategiaconcursos.com.br\/blog\/concurso-prodam-retificacao-edital\/#primaryimage\"},\"thumbnailUrl\":\"https:\/\/dhg1h5j42swfq.cloudfront.net\/2022\/05\/05133915\/prodam.jpg\",\"articleSection\":[\"Executivo (Administrativa)\",\"\u00daltimas not\u00edcias\"],\"inLanguage\":\"pt-BR\",\"potentialAction\":[{\"@type\":\"CommentAction\",\"name\":\"Comment\",\"target\":[\"https:\/\/www.estrategiaconcursos.com.br\/blog\/concurso-prodam-retificacao-edital\/#respond\"]}],\"copyrightYear\":\"2022\",\"copyrightHolder\":{\"@id\":\"https:\/\/www.estrategiaconcursos.com.br\/blog\/#organization\"}},{\"@type\":\"WebPage\",\"@id\":\"https:\/\/www.estrategiaconcursos.com.br\/blog\/concurso-prodam-retificacao-edital\/\",\"url\":\"https:\/\/www.estrategiaconcursos.com.br\/blog\/concurso-prodam-retificacao-edital\/\",\"name\":\"Concurso Prodam: divulgada a primeira retifica\u00e7\u00e3o do edital\",\"isPartOf\":{\"@id\":\"https:\/\/www.estrategiaconcursos.com.br\/blog\/#website\"},\"primaryImageOfPage\":{\"@id\":\"https:\/\/www.estrategiaconcursos.com.br\/blog\/concurso-prodam-retificacao-edital\/#primaryimage\"},\"image\":{\"@id\":\"https:\/\/www.estrategiaconcursos.com.br\/blog\/concurso-prodam-retificacao-edital\/#primaryimage\"},\"thumbnailUrl\":\"https:\/\/dhg1h5j42swfq.cloudfront.net\/2022\/05\/05133915\/prodam.jpg\",\"datePublished\":\"2022-08-04T11:32:00+00:00\",\"dateModified\":\"2022-08-04T17:58:31+00:00\",\"description\":\"Concurso Prodam: divulgada a primeira retifica\u00e7\u00e3o do edital de abertura, com altera\u00e7\u00f5es nos requisitos, conte\u00fado program\u00e1tico e isen\u00e7\u00e3o.\",\"breadcrumb\":{\"@id\":\"https:\/\/www.estrategiaconcursos.com.br\/blog\/concurso-prodam-retificacao-edital\/#breadcrumb\"},\"inLanguage\":\"pt-BR\",\"potentialAction\":[{\"@type\":\"ReadAction\",\"target\":[\"https:\/\/www.estrategiaconcursos.com.br\/blog\/concurso-prodam-retificacao-edital\/\"]}]},{\"@type\":\"ImageObject\",\"inLanguage\":\"pt-BR\",\"@id\":\"https:\/\/www.estrategiaconcursos.com.br\/blog\/concurso-prodam-retificacao-edital\/#primaryimage\",\"url\":\"https:\/\/dhg1h5j42swfq.cloudfront.net\/2022\/05\/05133915\/prodam.jpg\",\"contentUrl\":\"https:\/\/dhg1h5j42swfq.cloudfront.net\/2022\/05\/05133915\/prodam.jpg\",\"width\":768,\"height\":432,\"caption\":\"Concurso Prodam retifica\u00e7\u00e3o\"},{\"@type\":\"BreadcrumbList\",\"@id\":\"https:\/\/www.estrategiaconcursos.com.br\/blog\/concurso-prodam-retificacao-edital\/#breadcrumb\",\"itemListElement\":[{\"@type\":\"ListItem\",\"position\":1,\"name\":\"In\u00edcio\",\"item\":\"https:\/\/www.estrategiaconcursos.com.br\/blog\/\"},{\"@type\":\"ListItem\",\"position\":2,\"name\":\"Concurso Prodam: divulgada a primeira retifica\u00e7\u00e3o do edital\"}]},{\"@type\":\"WebSite\",\"@id\":\"https:\/\/www.estrategiaconcursos.com.br\/blog\/#website\",\"url\":\"https:\/\/www.estrategiaconcursos.com.br\/blog\/\",\"name\":\"Estrat\u00e9gia Concursos\",\"description\":\"O blog da Estrat\u00e9gia Concursos traz not\u00edcias sobre concursos e artigos de professores oferecendo cursos para concursos (pdf + videaulas) no site.\",\"publisher\":{\"@id\":\"https:\/\/www.estrategiaconcursos.com.br\/blog\/#organization\"},\"potentialAction\":[{\"@type\":\"SearchAction\",\"target\":{\"@type\":\"EntryPoint\",\"urlTemplate\":\"https:\/\/www.estrategiaconcursos.com.br\/blog\/?s={search_term_string}\"},\"query-input\":{\"@type\":\"PropertyValueSpecification\",\"valueRequired\":true,\"valueName\":\"search_term_string\"}}],\"inLanguage\":\"pt-BR\"},{\"@type\":\"Organization\",\"@id\":\"https:\/\/www.estrategiaconcursos.com.br\/blog\/#organization\",\"name\":\"Estrat\u00e9gia Concursos\",\"url\":\"https:\/\/www.estrategiaconcursos.com.br\/blog\/\",\"logo\":{\"@type\":\"ImageObject\",\"inLanguage\":\"pt-BR\",\"@id\":\"https:\/\/www.estrategiaconcursos.com.br\/blog\/#\/schema\/logo\/image\/\",\"url\":\"https:\/\/dhg1h5j42swfq.cloudfront.net\/2025\/06\/03203428\/logo_concursos-1.jpg\",\"contentUrl\":\"https:\/\/dhg1h5j42swfq.cloudfront.net\/2025\/06\/03203428\/logo_concursos-1.jpg\",\"width\":230,\"height\":60,\"caption\":\"Estrat\u00e9gia Concursos\"},\"image\":{\"@id\":\"https:\/\/www.estrategiaconcursos.com.br\/blog\/#\/schema\/logo\/image\/\"},\"sameAs\":[\"https:\/\/x.com\/EstratConcursos\"]},{\"@type\":\"Person\",\"@id\":\"https:\/\/www.estrategiaconcursos.com.br\/blog\/#\/schema\/person\/e3b6b7ce0192dd4ad270655969d61750\",\"name\":\"F\u00e1bio Scaldelai\",\"image\":{\"@type\":\"ImageObject\",\"inLanguage\":\"pt-BR\",\"@id\":\"https:\/\/secure.gravatar.com\/avatar\/8ed7492c4d88d8495bc0cb24cda6847b8ae23eec459a919e08e77d0ca0fd79ec?s=96&d=mm&r=g\",\"url\":\"https:\/\/secure.gravatar.com\/avatar\/8ed7492c4d88d8495bc0cb24cda6847b8ae23eec459a919e08e77d0ca0fd79ec?s=96&d=mm&r=g\",\"contentUrl\":\"https:\/\/secure.gravatar.com\/avatar\/8ed7492c4d88d8495bc0cb24cda6847b8ae23eec459a919e08e77d0ca0fd79ec?s=96&d=mm&r=g\",\"caption\":\"F\u00e1bio Scaldelai\"},\"description\":\"Jornalista no Estrat\u00e9gia Concursos e Produtor de Televis\u00e3o, formado em Jornalismo, R\u00e1dio e TV pela Faculdade Integrada Rio Branco, com especializa\u00e7\u00f5es em Gest\u00e3o Empresarial e Marketing pelo M\u00f3dulo. Atuou como produtor no SBT, TV Bandeirantes e R\u00e1dio Band FM, al\u00e9m de acumular tr\u00eas anos de experi\u00eancia no setor de concursos p\u00fablicos pela LFG (Luiz Fl\u00e1vio Gomes). No Estrat\u00e9gia Concursos, atua na apura\u00e7\u00e3o de not\u00edcias da \u00e1rea fiscal, al\u00e9m de coberturas sobre concursos das \u00e1reas de controle (TCU, TCE, etc), concurso AFT, \u00e1rea de gest\u00e3o e administrativa, bem como dos \u00f3rg\u00e3os participantes do CNU. Tamb\u00e9m possui experi\u00eancia em link building e an\u00e1lise de m\u00eddia, adquirida durante sua atua\u00e7\u00e3o na ag\u00eancia SEO Marketing.\",\"url\":\"https:\/\/www.estrategiaconcursos.com.br\/blog\/author\/fabio-scaldelaiestrategiaconcursos-com-br\/\"}]}<\/script>\n<!-- \/ Yoast SEO Premium plugin. -->","yoast_head_json":{"title":"Concurso Prodam: divulgada a primeira retifica\u00e7\u00e3o do edital","description":"Concurso Prodam: divulgada a primeira retifica\u00e7\u00e3o do edital de abertura, com altera\u00e7\u00f5es nos requisitos, conte\u00fado program\u00e1tico e isen\u00e7\u00e3o.","robots":{"index":"index","follow":"follow","max-snippet":"max-snippet:-1","max-image-preview":"max-image-preview:large","max-video-preview":"max-video-preview:-1"},"canonical":"https:\/\/www.estrategiaconcursos.com.br\/blog\/concurso-prodam-retificacao-edital\/","og_locale":"pt_BR","og_type":"article","og_title":"Concurso Prodam: divulgada a primeira retifica\u00e7\u00e3o do edital","og_description":"Concurso Prodam: divulgada a primeira retifica\u00e7\u00e3o do edital de abertura, com altera\u00e7\u00f5es nos requisitos, conte\u00fado program\u00e1tico e isen\u00e7\u00e3o.","og_url":"https:\/\/www.estrategiaconcursos.com.br\/blog\/concurso-prodam-retificacao-edital\/","og_site_name":"Estrat\u00e9gia Concursos","article_published_time":"2022-08-04T11:32:00+00:00","article_modified_time":"2022-08-04T17:58:31+00:00","og_image":[{"width":768,"height":432,"url":"https:\/\/dhg1h5j42swfq.cloudfront.net\/2022\/05\/05133915\/prodam.jpg","type":"image\/jpeg"}],"author":"F\u00e1bio Scaldelai","twitter_card":"summary_large_image","twitter_creator":"@EstratConcursos","twitter_site":"@EstratConcursos","twitter_misc":{"Escrito por":"F\u00e1bio Scaldelai","Est. tempo de leitura":"4 minutos"},"schema":{"@context":"https:\/\/schema.org","@graph":[{"@type":"NewsArticle","@id":"https:\/\/www.estrategiaconcursos.com.br\/blog\/concurso-prodam-retificacao-edital\/#article","isPartOf":{"@id":"https:\/\/www.estrategiaconcursos.com.br\/blog\/concurso-prodam-retificacao-edital\/"},"author":{"name":"F\u00e1bio Scaldelai","@id":"https:\/\/www.estrategiaconcursos.com.br\/blog\/#\/schema\/person\/e3b6b7ce0192dd4ad270655969d61750"},"headline":"Concurso Prodam: divulgada a primeira retifica\u00e7\u00e3o do edital","datePublished":"2022-08-04T11:32:00+00:00","dateModified":"2022-08-04T17:58:31+00:00","mainEntityOfPage":{"@id":"https:\/\/www.estrategiaconcursos.com.br\/blog\/concurso-prodam-retificacao-edital\/"},"wordCount":711,"commentCount":0,"publisher":{"@id":"https:\/\/www.estrategiaconcursos.com.br\/blog\/#organization"},"image":{"@id":"https:\/\/www.estrategiaconcursos.com.br\/blog\/concurso-prodam-retificacao-edital\/#primaryimage"},"thumbnailUrl":"https:\/\/dhg1h5j42swfq.cloudfront.net\/2022\/05\/05133915\/prodam.jpg","articleSection":["Executivo (Administrativa)","\u00daltimas not\u00edcias"],"inLanguage":"pt-BR","potentialAction":[{"@type":"CommentAction","name":"Comment","target":["https:\/\/www.estrategiaconcursos.com.br\/blog\/concurso-prodam-retificacao-edital\/#respond"]}],"copyrightYear":"2022","copyrightHolder":{"@id":"https:\/\/www.estrategiaconcursos.com.br\/blog\/#organization"}},{"@type":"WebPage","@id":"https:\/\/www.estrategiaconcursos.com.br\/blog\/concurso-prodam-retificacao-edital\/","url":"https:\/\/www.estrategiaconcursos.com.br\/blog\/concurso-prodam-retificacao-edital\/","name":"Concurso Prodam: divulgada a primeira retifica\u00e7\u00e3o do edital","isPartOf":{"@id":"https:\/\/www.estrategiaconcursos.com.br\/blog\/#website"},"primaryImageOfPage":{"@id":"https:\/\/www.estrategiaconcursos.com.br\/blog\/concurso-prodam-retificacao-edital\/#primaryimage"},"image":{"@id":"https:\/\/www.estrategiaconcursos.com.br\/blog\/concurso-prodam-retificacao-edital\/#primaryimage"},"thumbnailUrl":"https:\/\/dhg1h5j42swfq.cloudfront.net\/2022\/05\/05133915\/prodam.jpg","datePublished":"2022-08-04T11:32:00+00:00","dateModified":"2022-08-04T17:58:31+00:00","description":"Concurso Prodam: divulgada a primeira retifica\u00e7\u00e3o do edital de abertura, com altera\u00e7\u00f5es nos requisitos, conte\u00fado program\u00e1tico e isen\u00e7\u00e3o.","breadcrumb":{"@id":"https:\/\/www.estrategiaconcursos.com.br\/blog\/concurso-prodam-retificacao-edital\/#breadcrumb"},"inLanguage":"pt-BR","potentialAction":[{"@type":"ReadAction","target":["https:\/\/www.estrategiaconcursos.com.br\/blog\/concurso-prodam-retificacao-edital\/"]}]},{"@type":"ImageObject","inLanguage":"pt-BR","@id":"https:\/\/www.estrategiaconcursos.com.br\/blog\/concurso-prodam-retificacao-edital\/#primaryimage","url":"https:\/\/dhg1h5j42swfq.cloudfront.net\/2022\/05\/05133915\/prodam.jpg","contentUrl":"https:\/\/dhg1h5j42swfq.cloudfront.net\/2022\/05\/05133915\/prodam.jpg","width":768,"height":432,"caption":"Concurso Prodam retifica\u00e7\u00e3o"},{"@type":"BreadcrumbList","@id":"https:\/\/www.estrategiaconcursos.com.br\/blog\/concurso-prodam-retificacao-edital\/#breadcrumb","itemListElement":[{"@type":"ListItem","position":1,"name":"In\u00edcio","item":"https:\/\/www.estrategiaconcursos.com.br\/blog\/"},{"@type":"ListItem","position":2,"name":"Concurso Prodam: divulgada a primeira retifica\u00e7\u00e3o do edital"}]},{"@type":"WebSite","@id":"https:\/\/www.estrategiaconcursos.com.br\/blog\/#website","url":"https:\/\/www.estrategiaconcursos.com.br\/blog\/","name":"Estrat\u00e9gia Concursos","description":"O blog da Estrat\u00e9gia Concursos traz not\u00edcias sobre concursos e artigos de professores oferecendo cursos para concursos (pdf + videaulas) no site.","publisher":{"@id":"https:\/\/www.estrategiaconcursos.com.br\/blog\/#organization"},"potentialAction":[{"@type":"SearchAction","target":{"@type":"EntryPoint","urlTemplate":"https:\/\/www.estrategiaconcursos.com.br\/blog\/?s={search_term_string}"},"query-input":{"@type":"PropertyValueSpecification","valueRequired":true,"valueName":"search_term_string"}}],"inLanguage":"pt-BR"},{"@type":"Organization","@id":"https:\/\/www.estrategiaconcursos.com.br\/blog\/#organization","name":"Estrat\u00e9gia Concursos","url":"https:\/\/www.estrategiaconcursos.com.br\/blog\/","logo":{"@type":"ImageObject","inLanguage":"pt-BR","@id":"https:\/\/www.estrategiaconcursos.com.br\/blog\/#\/schema\/logo\/image\/","url":"https:\/\/dhg1h5j42swfq.cloudfront.net\/2025\/06\/03203428\/logo_concursos-1.jpg","contentUrl":"https:\/\/dhg1h5j42swfq.cloudfront.net\/2025\/06\/03203428\/logo_concursos-1.jpg","width":230,"height":60,"caption":"Estrat\u00e9gia Concursos"},"image":{"@id":"https:\/\/www.estrategiaconcursos.com.br\/blog\/#\/schema\/logo\/image\/"},"sameAs":["https:\/\/x.com\/EstratConcursos"]},{"@type":"Person","@id":"https:\/\/www.estrategiaconcursos.com.br\/blog\/#\/schema\/person\/e3b6b7ce0192dd4ad270655969d61750","name":"F\u00e1bio Scaldelai","image":{"@type":"ImageObject","inLanguage":"pt-BR","@id":"https:\/\/secure.gravatar.com\/avatar\/8ed7492c4d88d8495bc0cb24cda6847b8ae23eec459a919e08e77d0ca0fd79ec?s=96&d=mm&r=g","url":"https:\/\/secure.gravatar.com\/avatar\/8ed7492c4d88d8495bc0cb24cda6847b8ae23eec459a919e08e77d0ca0fd79ec?s=96&d=mm&r=g","contentUrl":"https:\/\/secure.gravatar.com\/avatar\/8ed7492c4d88d8495bc0cb24cda6847b8ae23eec459a919e08e77d0ca0fd79ec?s=96&d=mm&r=g","caption":"F\u00e1bio Scaldelai"},"description":"Jornalista no Estrat\u00e9gia Concursos e Produtor de Televis\u00e3o, formado em Jornalismo, R\u00e1dio e TV pela Faculdade Integrada Rio Branco, com especializa\u00e7\u00f5es em Gest\u00e3o Empresarial e Marketing pelo M\u00f3dulo. Atuou como produtor no SBT, TV Bandeirantes e R\u00e1dio Band FM, al\u00e9m de acumular tr\u00eas anos de experi\u00eancia no setor de concursos p\u00fablicos pela LFG (Luiz Fl\u00e1vio Gomes). No Estrat\u00e9gia Concursos, atua na apura\u00e7\u00e3o de not\u00edcias da \u00e1rea fiscal, al\u00e9m de coberturas sobre concursos das \u00e1reas de controle (TCU, TCE, etc), concurso AFT, \u00e1rea de gest\u00e3o e administrativa, bem como dos \u00f3rg\u00e3os participantes do CNU. Tamb\u00e9m possui experi\u00eancia em link building e an\u00e1lise de m\u00eddia, adquirida durante sua atua\u00e7\u00e3o na ag\u00eancia SEO Marketing.","url":"https:\/\/www.estrategiaconcursos.com.br\/blog\/author\/fabio-scaldelaiestrategiaconcursos-com-br\/"}]}},"_links":{"self":[{"href":"https:\/\/www.estrategiaconcursos.com.br\/blog\/wp-json\/wp\/v2\/posts\/1071675","targetHints":{"allow":["GET"]}}],"collection":[{"href":"https:\/\/www.estrategiaconcursos.com.br\/blog\/wp-json\/wp\/v2\/posts"}],"about":[{"href":"https:\/\/www.estrategiaconcursos.com.br\/blog\/wp-json\/wp\/v2\/types\/post"}],"author":[{"embeddable":true,"href":"https:\/\/www.estrategiaconcursos.com.br\/blog\/wp-json\/wp\/v2\/users\/656"}],"replies":[{"embeddable":true,"href":"https:\/\/www.estrategiaconcursos.com.br\/blog\/wp-json\/wp\/v2\/comments?post=1071675"}],"version-history":[{"count":11,"href":"https:\/\/www.estrategiaconcursos.com.br\/blog\/wp-json\/wp\/v2\/posts\/1071675\/revisions"}],"predecessor-version":[{"id":1072089,"href":"https:\/\/www.estrategiaconcursos.com.br\/blog\/wp-json\/wp\/v2\/posts\/1071675\/revisions\/1072089"}],"wp:featuredmedia":[{"embeddable":true,"href":"https:\/\/www.estrategiaconcursos.com.br\/blog\/wp-json\/wp\/v2\/media\/1022251"}],"wp:attachment":[{"href":"https:\/\/www.estrategiaconcursos.com.br\/blog\/wp-json\/wp\/v2\/media?parent=1071675"}],"wp:term":[{"taxonomy":"category","embeddable":true,"href":"https:\/\/www.estrategiaconcursos.com.br\/blog\/wp-json\/wp\/v2\/categories?post=1071675"},{"taxonomy":"post_tag","embeddable":true,"href":"https:\/\/www.estrategiaconcursos.com.br\/blog\/wp-json\/wp\/v2\/tags?post=1071675"},{"taxonomy":"tax_estado","embeddable":true,"href":"https:\/\/www.estrategiaconcursos.com.br\/blog\/wp-json\/wp\/v2\/tax_estado?post=1071675"}],"curies":[{"name":"wp","href":"https:\/\/api.w.org\/{rel}","templated":true}]}}