{"id":107081,"date":"2018-02-20T14:19:37","date_gmt":"2018-02-20T17:19:37","guid":{"rendered":"https:\/\/www.estrategiaconcursos.com.br\/blog\/?p=107081"},"modified":"2018-02-20T15:55:04","modified_gmt":"2018-02-20T18:55:04","slug":"recursos-redacao-trf-5-macroestrutura-conteudo","status":"publish","type":"post","link":"https:\/\/www.estrategiaconcursos.com.br\/blog\/recursos-redacao-trf-5-macroestrutura-conteudo\/","title":{"rendered":"Recursos Reda\u00e7\u00e3o TRF-5 &#8211; Macroestrutura (conte\u00fado)"},"content":{"rendered":"<table>\n<tbody>\n<tr>\n<td width=\"611\"><strong>Aula 00: <\/strong><strong>Recursos para a prova discursiva TRF-5 2018<\/strong><\/p>\n<p><strong>\u00a0<\/strong><\/p>\n<p><strong>T\u00e9cnico Judici\u00e1rio \u2013 \u00c1rea Administrativa: \u201cCi\u00eancia e Desenvolvimento\u201d<\/strong><\/p>\n<p><strong>\u00a0<\/strong><\/p>\n<p><strong>Analista Judici\u00e1rio \u2013 \u00c1rea Administrativa<\/strong><\/p>\n<p><strong>Analista Judici\u00e1rio \u2013 \u00c1rea Judici\u00e1ria<\/strong><\/p>\n<p><strong>Oficial de Justi\u00e7a:<\/strong><\/p>\n<p><strong>\u201cCultura, Diversidade, Mitos\u201d<\/strong><\/td>\n<\/tr>\n<\/tbody>\n<\/table>\n<p style=\"text-align: justify\">Estrategianos, tudo bem?<\/p>\n<p style=\"text-align: justify\">Estou muito feliz em ter sido convidado pelo Coordenador de Provas Discursivas, Professor Carlos Roberto, para auxili\u00e1-los nesta fase de extrema import\u00e2ncia de seu concurso: <strong>recursos para a prova discursiva (macroestrutura) do concurso do TRF-5, organizado pela Funda\u00e7\u00e3o Carlos Chagas (FCC)<\/strong>.<\/p>\n<p style=\"text-align: justify\">Antes de iniciarmos, quero fazer uma breve apresenta\u00e7\u00e3o:<\/p>\n<p style=\"text-align: justify\">Meu nome \u00e9 Raphael Reis, sou graduado em Hist\u00f3ria (UFJF), Especialista em Pol\u00edticas P\u00fablicas e Gest\u00e3o Social (UFJF), MBA em Organiza\u00e7\u00e3o de Campanha Eleitoral (Uninter) e Mestre em Sociologia da Educa\u00e7\u00e3o (UFJF). Atualmente, trabalho no Estrat\u00e9gia Concursos\/ENEM com as disciplinas de Filosofia, de Hist\u00f3ria e de Sociologia.<\/p>\n<p style=\"text-align: justify\">\u00a0Inicialmente, gostaria de dar-lhes os parab\u00e9ns por terem chegado at\u00e9 aqui em um concurso t\u00e3o concorrido e de alt\u00edssimo n\u00edvel organizado pela banca FCC, a qual, certamente, testou seus conhecimentos e comprovou que voc\u00eas est\u00e3o aptos para, a qualquer momento, ingressarem de forma majestosa na Administra\u00e7\u00e3o P\u00fablica do nosso pa\u00eds. <strong>Quem sabe n\u00e3o chegou a hora, n\u00e3o \u00e9 verdade? <\/strong>N\u00f3s, do Estrat\u00e9gia, trabalhamos com afinco para que isso se concretize!<\/p>\n<p style=\"text-align: justify\">Malgrado as dificuldades vivenciadas em sua trajet\u00f3ria at\u00e9 aqui, devo informar-lhes que ainda \u00e9 cedo para qualquer tipo de comemora\u00e7\u00e3o ou desist\u00eancia, pois o jogo s\u00f3 acaba quando o juiz apita o final da partida e, no seu caso, esse apito ainda n\u00e3o foi dado.<\/p>\n<p style=\"text-align: justify\"><strong>Professor, mas a classifica\u00e7\u00e3o muda tanto assim ap\u00f3s os recursos da prova discursiva?<\/strong> Posso dizer que quem acompanha os concursos p\u00fablicos h\u00e1 muitos anos, que essa fase \u00e9 t\u00e3o importante quanto a elabora\u00e7\u00e3o do texto discursivo que voc\u00ea fez no dia da sua prova. Por\u00e9m, h\u00e1 possibilidade real de a nota ser majorada? N\u00e3o s\u00f3 existe essa possibilidade, como temos conseguido resultados significativos nos \u00faltimos concursos p\u00fablicos. Alguns pontinhos a mais podem salvar sua classifica\u00e7\u00e3o e, por conseguinte, sua aprova\u00e7\u00e3o.<\/p>\n<p style=\"text-align: justify\">Nem sempre a banca erra ao corrigir sua prova, <strong>mas isso pode acontecer! <\/strong>Nem sempre a banca te devolve a pontua\u00e7\u00e3o quando est\u00e1 errada, <strong>mas isso pode acontecer! <\/strong>Nem sempre a banca te d\u00e1 uma nota abaixo daquela que realmente lhe \u00e9 devida, <strong>mas isso pode acontecer! <\/strong><\/p>\n<p style=\"text-align: justify\">Portanto, meus amigos, entrar com recursos na sua prova discursiva \u00e9 algo necess\u00e1rio para quem ainda se v\u00ea com chances de conseguir a classifica\u00e7\u00e3o dentro das vagas.<\/p>\n<p style=\"text-align: justify\">O meu foco aqui \u00e9 avaliar apenas a <strong>MACROESTRUTURA do seu texto (dom\u00ednio do conte\u00fado).<\/strong><\/p>\n<p style=\"text-align: justify\">Sem mais delongas, vamos ver o que disp\u00f5e o edital sobre os crit\u00e9rios de avalia\u00e7\u00e3o de sua reda\u00e7\u00e3o, bem como o processo de recurso. Vamos l\u00e1!<\/p>\n<p style=\"text-align: justify\"><strong>Sua prova ser\u00e1 avaliada nos seguintes itens:<\/strong><\/p>\n<p style=\"text-align: justify\">12.6. Na Prova Discursiva \u2013 Reda\u00e7\u00e3o, considerando-se que o texto constitui uma unidade, os itens discriminados abaixo ser\u00e3o avaliados em estreita correla\u00e7\u00e3o:<\/p>\n<p style=\"text-align: justify\">12.6.1. Conte\u00fado \u2013 at\u00e9 40 (quarenta) pontos:<\/p>\n<ol style=\"text-align: justify\">\n<li>a) perspectiva adotada no tratamento do tema;<\/li>\n<li>b) capacidade de an\u00e1lise e senso cr\u00edtico em rela\u00e7\u00e3o ao tema proposto;<\/li>\n<li>c) consist\u00eancia dos argumentos, clareza e coer\u00eancia no seu encadeamento.<\/li>\n<\/ol>\n<p style=\"text-align: justify\">12.6.1.1. A nota ser\u00e1 prejudicada, proporcionalmente, caso ocorra abordagem tangencial, parcial ou dilu\u00edda em meio a divaga\u00e7\u00f5es e\/ou colagem de textos e de quest\u00f5es apresentados na prova.<\/p>\n<p style=\"text-align: justify\">12.6.2. Estrutura \u2013 at\u00e9 30 (trinta) pontos:<\/p>\n<ol style=\"text-align: justify\">\n<li>a) respeito ao g\u00eanero solicitado;<\/li>\n<li>b) progress\u00e3o textual e encadeamento de ideias;<\/li>\n<li>c) articula\u00e7\u00e3o de frases e par\u00e1grafos (coes\u00e3o textual).<\/li>\n<\/ol>\n<p style=\"text-align: justify\">12.6.3. Express\u00e3o \u2013 at\u00e9 30 (trinta) pontos:<\/p>\n<ol style=\"text-align: justify\">\n<li>a) desempenho lingu\u00edstico de acordo com o n\u00edvel de conhecimento exigido para o Cargo\/\u00c1rea;<\/li>\n<li>b) adequa\u00e7\u00e3o do n\u00edvel de linguagem adotado \u00e0 produ\u00e7\u00e3o proposta e coer\u00eancia no uso;<\/li>\n<li>c) dom\u00ednio da norma culta formal, com aten\u00e7\u00e3o aos seguintes itens: estrutura sint\u00e1tica de ora\u00e7\u00f5es e per\u00edodos, elementos coesivos; concord\u00e2ncia verbal e nominal; pontua\u00e7\u00e3o; reg\u00eancia verbal e nominal; emprego de pronomes; flex\u00e3o verbal e nominal; uso de tempos e modos verbais; grafia e acentua\u00e7\u00e3o.<\/li>\n<\/ol>\n<p style=\"text-align: justify\">12.6.3.1. A avalia\u00e7\u00e3o da express\u00e3o n\u00e3o ser\u00e1 feita de modo estanque ou mec\u00e2nico, mas sim de acordo com sua estreita correla\u00e7\u00e3o com o conte\u00fado desenvolvido.<\/p>\n<p style=\"text-align: justify\"><strong>Ok, professor, entendi, mas como fazer o recurso contra o resultado provis\u00f3rio da prova discursiva?<\/strong><\/p>\n<p style=\"text-align: justify\">Voc\u00ea tem que ser bem esperto e agir r\u00e1pido!<\/p>\n<p style=\"text-align: justify\">Os\u00a0candidatos\u00a0poder\u00e3o\u00a0ter\u00a0acesso\u00a0\u00e0\u00a0prova\u00a0discursiva\u00a0e\u00a0aos\u00a0espelhos\u00a0de\u00a0avalia\u00e7\u00e3o\u00a0e\u00a0interpor\u00a0recurso\u00a0contra o\u00a0resultado\u00a0provis\u00f3rio\u00a0na\u00a0prova\u00a0discursiva,\u00a0<strong>no\u00a0dia\u00a021 de fevereiro\u00a0de\u00a02018 at\u00e9 o dia 22 de fevereiro de 2018 <\/strong>(hor\u00e1rio\u00a0 oficial\u00a0 de\u00a0 Bras\u00edlia\/DF),\u00a0 no\u00a0 endere\u00e7o\u00a0 eletr\u00f4nico\u00a0da banca organizadora, por meio do Sistema de Interposi\u00e7\u00e3o de Recursos.<\/p>\n<p style=\"text-align: justify\">Ap\u00f3s\u00a0esse\u00a0per\u00edodo,\u00a0n\u00e3o\u00a0ser\u00e3o\u00a0aceitos\u00a0pedidos\u00a0de\u00a0revis\u00e3o.<\/p>\n<p style=\"text-align: justify\">\u00c9 fundamental que voc\u00eas tenham acesso ao caderno de respostas o mais r\u00e1pido poss\u00edvel at\u00e9 o dia 21 de fevereiro para que possamos preparar seu recurso de forma bem fundamentada e com tranquilidade, ok?<\/p>\n<p style=\"text-align: justify\">Assim que voc\u00ea tiver acesso ao seu caderno de respostas, dever\u00e1 me disponibilizar por meio da \u00e1rea do aluno no site Estrat\u00e9gia Concursos o mais r\u00e1pido poss\u00edvel, os seguintes arquivos:<\/p>\n<p style=\"text-align: justify\"><strong>1<\/strong><strong>) C\u00f3pia escaneada leg\u00edvel da sua reda\u00e7\u00e3o; <\/strong><\/p>\n<p style=\"text-align: justify\"><strong>2) Texto escrito em arquivo separado (doc. \u201cword\u201d) da sua prova discursiva; <\/strong><\/p>\n<p style=\"text-align: justify\"><strong>3) Barema da banca (avalia\u00e7\u00e3o que lhe foi atribu\u00edda em cada item). <\/strong><\/p>\n<p style=\"text-align: justify\">Devo lembrar-lhes que as <strong>vagas s\u00e3o limitadas \u2013 temos somente 5 (cinco) \u00a0vagas para cada cargo mencionado<\/strong>, pois, haja vista o tempo ex\u00edguo para a elabora\u00e7\u00e3o dos recursos, \u00e9 necess\u00e1rio impor esse limite para que eu possa atender a todos com a qualidade necess\u00e1ria e em tempo h\u00e1bil (<strong>s\u00f3 vamos aceitar o envio at\u00e9 4 horas antes do prazo final<\/strong>). Ap\u00f3s a confec\u00e7\u00e3o dos recursos, ser\u00e1 de inteira <strong>responsabilidade do aluno <\/strong>envi\u00e1-los para avalia\u00e7\u00e3o da banca examinadora no site da FCC.<\/p>\n<table>\n<tbody>\n<tr>\n<td width=\"670\"><strong>IMPORTANTE!<\/strong><\/p>\n<p><em>&#8211; a contrata\u00e7\u00e3o do nosso servi\u00e7o n\u00e3o garante a majora\u00e7\u00e3o da sua nota! \u00c9 uma possibilidade!<\/em><\/p>\n<p><em>&#8211; ao receber o seu texto, vou avaliar de maneira muito honesta, fazendo uma an\u00e1lise minuciosa de cada erro apontado pela banca. Se n\u00e3o houver possibilidade de recurso, devolveremos 70% do valor;<\/em><\/p>\n<p><em>&#8211; Caso o aluno opte por entrar com recurso tanto de Conte\u00fado quanto de Express\u00e3o e Estrutura, ser\u00e1 de sua responsabilidade a consolida\u00e7\u00e3o das propostas em um \u00fanico arquivo;<\/em><\/p>\n<p><em>&#8211; N\u00e3o h\u00e1 possibilidade de pagamento por boleto banc\u00e1rio;<\/em><\/td>\n<\/tr>\n<\/tbody>\n<\/table>\n<p style=\"text-align: justify\">Comprometo-me a doar meu m\u00e1ximo em prol de conseguirmos alguns pontos ou d\u00e9cimos em sua nota final. Contudo, isso depender\u00e1, em grande parte, do texto que foi produzido por voc\u00ea e das margens que ele nos deixou para que possamos argumentar com o examinador a possibilidade de majora\u00e7\u00e3o de sua pontua\u00e7\u00e3o.<\/p>\n<p style=\"text-align: justify\">Feitos esses esclarecimentos, desejo-lhes boa sorte com os recursos e espero, sinceramente, que obtenhamos \u00eaxito para que possamos comemorar sua aprova\u00e7\u00e3o!<\/p>\n<p style=\"text-align: justify\">Coloco-me \u00e0 disposi\u00e7\u00e3o de voc\u00eas neste pr\u00f3ximo desafio!<\/p>\n<p style=\"text-align: justify\"><strong>Link para os adquirir o curso de Recursos:<\/strong><\/p>\n<p style=\"text-align: justify\"><a href=\"https:\/\/www.estrategiaconcursos.com.br\/curso\/recurso-p-trf-5-regiao-tecnico-judiciario-area-administrativa-conteudo\/\">T\u00e9cnico Judici\u00e1rio \u2013 \u00c1rea Administrativa: \u201cCi\u00eancia e Desenvolvimento\u201d<\/a><\/p>\n<p style=\"text-align: justify\"><a href=\"https:\/\/www.estrategiaconcursos.com.br\/curso\/recurso-p-trf-5-regiao-ajaa-ajaj-ojaf-conteudo\/\">Analista Judici\u00e1rio (\u00e1rea administrativa, \u00e1rea judici\u00e1ria e oficial de justi\u00e7a): \u201cCultura, Diversidade, Mitos\u201d<\/a><\/p>\n<p style=\"text-align: justify\"><strong>Contatos:<\/strong><\/p>\n<p style=\"text-align: justify\"><strong>\u00a0<\/strong>YouTUbe: Don Raphael Reis<\/p>\n<p style=\"text-align: justify\">Face: Professor Raphael Reis<\/p>\n<p style=\"text-align: justify\">Instagram: profraphaelreis<\/p>\n<p style=\"text-align: justify\">E-mail da Coordena\u00e7\u00e3o de Recursos: discursivasestrategiaconcursos@gmail.com<\/p>\n","protected":false},"excerpt":{"rendered":"<p>Aula 00: Recursos para a prova discursiva TRF-5 2018 \u00a0 T\u00e9cnico Judici\u00e1rio \u2013 \u00c1rea Administrativa: \u201cCi\u00eancia e Desenvolvimento\u201d \u00a0 Analista Judici\u00e1rio \u2013 \u00c1rea Administrativa Analista Judici\u00e1rio \u2013 \u00c1rea Judici\u00e1ria Oficial de Justi\u00e7a: \u201cCultura, Diversidade, Mitos\u201d Estrategianos, tudo bem? Estou muito feliz em ter sido convidado pelo Coordenador de Provas Discursivas, Professor Carlos Roberto, para auxili\u00e1-los [&hellip;]<\/p>\n","protected":false},"author":384,"featured_media":0,"comment_status":"open","ping_status":"closed","sticky":false,"template":"","format":"standard","meta":{"post_tipo":"article","footnotes":""},"categories":[1],"tags":[],"tax_estado":[],"class_list":["post-107081","post","type-post","status-publish","format-standard","hentry","category-cursos-e-concursos"],"acf":[],"yoast_head":"<!-- This site is optimized with the Yoast SEO Premium plugin v27.2 (Yoast SEO v27.2) - https:\/\/yoast.com\/product\/yoast-seo-premium-wordpress\/ -->\n<title>Recursos Reda\u00e7\u00e3o TRF-5 - Macroestrutura (conte\u00fado)<\/title>\n<meta name=\"robots\" content=\"index, follow, max-snippet:-1, max-image-preview:large, max-video-preview:-1\" \/>\n<link rel=\"canonical\" href=\"https:\/\/www.estrategiaconcursos.com.br\/blog\/recursos-redacao-trf-5-macroestrutura-conteudo\/\" \/>\n<meta property=\"og:locale\" content=\"pt_BR\" \/>\n<meta property=\"og:type\" content=\"article\" \/>\n<meta property=\"og:title\" content=\"Recursos Reda\u00e7\u00e3o TRF-5 - Macroestrutura (conte\u00fado)\" \/>\n<meta property=\"og:description\" content=\"Aula 00: Recursos para a prova discursiva TRF-5 2018 \u00a0 T\u00e9cnico Judici\u00e1rio \u2013 \u00c1rea Administrativa: \u201cCi\u00eancia e Desenvolvimento\u201d \u00a0 Analista Judici\u00e1rio \u2013 \u00c1rea Administrativa Analista Judici\u00e1rio \u2013 \u00c1rea Judici\u00e1ria Oficial de Justi\u00e7a: \u201cCultura, Diversidade, Mitos\u201d Estrategianos, tudo bem? Estou muito feliz em ter sido convidado pelo Coordenador de Provas Discursivas, Professor Carlos Roberto, para auxili\u00e1-los [&hellip;]\" \/>\n<meta property=\"og:url\" content=\"https:\/\/www.estrategiaconcursos.com.br\/blog\/recursos-redacao-trf-5-macroestrutura-conteudo\/\" \/>\n<meta property=\"og:site_name\" content=\"Estrat\u00e9gia Concursos\" \/>\n<meta property=\"article:published_time\" content=\"2018-02-20T17:19:37+00:00\" \/>\n<meta property=\"article:modified_time\" content=\"2018-02-20T18:55:04+00:00\" \/>\n<meta name=\"author\" content=\"Raphael de Oliveira Reis\" \/>\n<meta name=\"twitter:card\" content=\"summary_large_image\" \/>\n<meta name=\"twitter:creator\" content=\"@EstratConcursos\" \/>\n<meta name=\"twitter:site\" content=\"@EstratConcursos\" \/>\n<meta name=\"twitter:label1\" content=\"Escrito por\" \/>\n\t<meta name=\"twitter:data1\" content=\"Raphael de Oliveira Reis\" \/>\n\t<meta name=\"twitter:label2\" content=\"Est. tempo de leitura\" \/>\n\t<meta name=\"twitter:data2\" content=\"6 minutos\" \/>\n<script type=\"application\/ld+json\" class=\"yoast-schema-graph\">{\"@context\":\"https:\/\/schema.org\",\"@graph\":[{\"@type\":\"NewsArticle\",\"@id\":\"https:\/\/www.estrategiaconcursos.com.br\/blog\/recursos-redacao-trf-5-macroestrutura-conteudo\/#article\",\"isPartOf\":{\"@id\":\"https:\/\/www.estrategiaconcursos.com.br\/blog\/recursos-redacao-trf-5-macroestrutura-conteudo\/\"},\"author\":{\"name\":\"Raphael de Oliveira Reis\",\"@id\":\"https:\/\/www.estrategiaconcursos.com.br\/blog\/#\/schema\/person\/b49a1a49e5ef8a9f8d3268e74404a911\"},\"headline\":\"Recursos Reda\u00e7\u00e3o TRF-5 &#8211; Macroestrutura (conte\u00fado)\",\"datePublished\":\"2018-02-20T17:19:37+00:00\",\"dateModified\":\"2018-02-20T18:55:04+00:00\",\"mainEntityOfPage\":{\"@id\":\"https:\/\/www.estrategiaconcursos.com.br\/blog\/recursos-redacao-trf-5-macroestrutura-conteudo\/\"},\"wordCount\":1270,\"commentCount\":3,\"publisher\":{\"@id\":\"https:\/\/www.estrategiaconcursos.com.br\/blog\/#organization\"},\"articleSection\":[\"Concursos P\u00fablicos\"],\"inLanguage\":\"pt-BR\",\"potentialAction\":[{\"@type\":\"CommentAction\",\"name\":\"Comment\",\"target\":[\"https:\/\/www.estrategiaconcursos.com.br\/blog\/recursos-redacao-trf-5-macroestrutura-conteudo\/#respond\"]}],\"copyrightYear\":\"2018\",\"copyrightHolder\":{\"@id\":\"https:\/\/www.estrategiaconcursos.com.br\/blog\/#organization\"}},{\"@type\":\"WebPage\",\"@id\":\"https:\/\/www.estrategiaconcursos.com.br\/blog\/recursos-redacao-trf-5-macroestrutura-conteudo\/\",\"url\":\"https:\/\/www.estrategiaconcursos.com.br\/blog\/recursos-redacao-trf-5-macroestrutura-conteudo\/\",\"name\":\"Recursos Reda\u00e7\u00e3o TRF-5 - Macroestrutura (conte\u00fado)\",\"isPartOf\":{\"@id\":\"https:\/\/www.estrategiaconcursos.com.br\/blog\/#website\"},\"datePublished\":\"2018-02-20T17:19:37+00:00\",\"dateModified\":\"2018-02-20T18:55:04+00:00\",\"breadcrumb\":{\"@id\":\"https:\/\/www.estrategiaconcursos.com.br\/blog\/recursos-redacao-trf-5-macroestrutura-conteudo\/#breadcrumb\"},\"inLanguage\":\"pt-BR\",\"potentialAction\":[{\"@type\":\"ReadAction\",\"target\":[\"https:\/\/www.estrategiaconcursos.com.br\/blog\/recursos-redacao-trf-5-macroestrutura-conteudo\/\"]}]},{\"@type\":\"BreadcrumbList\",\"@id\":\"https:\/\/www.estrategiaconcursos.com.br\/blog\/recursos-redacao-trf-5-macroestrutura-conteudo\/#breadcrumb\",\"itemListElement\":[{\"@type\":\"ListItem\",\"position\":1,\"name\":\"In\u00edcio\",\"item\":\"https:\/\/www.estrategiaconcursos.com.br\/blog\/\"},{\"@type\":\"ListItem\",\"position\":2,\"name\":\"Recursos Reda\u00e7\u00e3o TRF-5 &#8211; Macroestrutura (conte\u00fado)\"}]},{\"@type\":\"WebSite\",\"@id\":\"https:\/\/www.estrategiaconcursos.com.br\/blog\/#website\",\"url\":\"https:\/\/www.estrategiaconcursos.com.br\/blog\/\",\"name\":\"Estrat\u00e9gia Concursos\",\"description\":\"O blog da Estrat\u00e9gia Concursos traz not\u00edcias sobre concursos e artigos de professores oferecendo cursos para concursos (pdf + videaulas) no site.\",\"publisher\":{\"@id\":\"https:\/\/www.estrategiaconcursos.com.br\/blog\/#organization\"},\"potentialAction\":[{\"@type\":\"SearchAction\",\"target\":{\"@type\":\"EntryPoint\",\"urlTemplate\":\"https:\/\/www.estrategiaconcursos.com.br\/blog\/?s={search_term_string}\"},\"query-input\":{\"@type\":\"PropertyValueSpecification\",\"valueRequired\":true,\"valueName\":\"search_term_string\"}}],\"inLanguage\":\"pt-BR\"},{\"@type\":\"Organization\",\"@id\":\"https:\/\/www.estrategiaconcursos.com.br\/blog\/#organization\",\"name\":\"Estrat\u00e9gia Concursos\",\"url\":\"https:\/\/www.estrategiaconcursos.com.br\/blog\/\",\"logo\":{\"@type\":\"ImageObject\",\"inLanguage\":\"pt-BR\",\"@id\":\"https:\/\/www.estrategiaconcursos.com.br\/blog\/#\/schema\/logo\/image\/\",\"url\":\"https:\/\/dhg1h5j42swfq.cloudfront.net\/2025\/06\/03203428\/logo_concursos-1.jpg\",\"contentUrl\":\"https:\/\/dhg1h5j42swfq.cloudfront.net\/2025\/06\/03203428\/logo_concursos-1.jpg\",\"width\":230,\"height\":60,\"caption\":\"Estrat\u00e9gia Concursos\"},\"image\":{\"@id\":\"https:\/\/www.estrategiaconcursos.com.br\/blog\/#\/schema\/logo\/image\/\"},\"sameAs\":[\"https:\/\/x.com\/EstratConcursos\"]},{\"@type\":\"Person\",\"@id\":\"https:\/\/www.estrategiaconcursos.com.br\/blog\/#\/schema\/person\/b49a1a49e5ef8a9f8d3268e74404a911\",\"name\":\"Raphael de Oliveira Reis\",\"image\":{\"@type\":\"ImageObject\",\"inLanguage\":\"pt-BR\",\"@id\":\"https:\/\/secure.gravatar.com\/avatar\/b1c5789180fc7bfb5103ec006c301370c02393e37aa13c55f6d72f05fcc76b3b?s=96&d=mm&r=g\",\"url\":\"https:\/\/secure.gravatar.com\/avatar\/b1c5789180fc7bfb5103ec006c301370c02393e37aa13c55f6d72f05fcc76b3b?s=96&d=mm&r=g\",\"contentUrl\":\"https:\/\/secure.gravatar.com\/avatar\/b1c5789180fc7bfb5103ec006c301370c02393e37aa13c55f6d72f05fcc76b3b?s=96&d=mm&r=g\",\"caption\":\"Raphael de Oliveira Reis\"},\"url\":\"https:\/\/www.estrategiaconcursos.com.br\/blog\/author\/profraphaelreisgmail-com\/\"}]}<\/script>\n<!-- \/ Yoast SEO Premium plugin. -->","yoast_head_json":{"title":"Recursos Reda\u00e7\u00e3o TRF-5 - Macroestrutura (conte\u00fado)","robots":{"index":"index","follow":"follow","max-snippet":"max-snippet:-1","max-image-preview":"max-image-preview:large","max-video-preview":"max-video-preview:-1"},"canonical":"https:\/\/www.estrategiaconcursos.com.br\/blog\/recursos-redacao-trf-5-macroestrutura-conteudo\/","og_locale":"pt_BR","og_type":"article","og_title":"Recursos Reda\u00e7\u00e3o TRF-5 - Macroestrutura (conte\u00fado)","og_description":"Aula 00: Recursos para a prova discursiva TRF-5 2018 \u00a0 T\u00e9cnico Judici\u00e1rio \u2013 \u00c1rea Administrativa: \u201cCi\u00eancia e Desenvolvimento\u201d \u00a0 Analista Judici\u00e1rio \u2013 \u00c1rea Administrativa Analista Judici\u00e1rio \u2013 \u00c1rea Judici\u00e1ria Oficial de Justi\u00e7a: \u201cCultura, Diversidade, Mitos\u201d Estrategianos, tudo bem? Estou muito feliz em ter sido convidado pelo Coordenador de Provas Discursivas, Professor Carlos Roberto, para auxili\u00e1-los [&hellip;]","og_url":"https:\/\/www.estrategiaconcursos.com.br\/blog\/recursos-redacao-trf-5-macroestrutura-conteudo\/","og_site_name":"Estrat\u00e9gia Concursos","article_published_time":"2018-02-20T17:19:37+00:00","article_modified_time":"2018-02-20T18:55:04+00:00","author":"Raphael de Oliveira Reis","twitter_card":"summary_large_image","twitter_creator":"@EstratConcursos","twitter_site":"@EstratConcursos","twitter_misc":{"Escrito por":"Raphael de Oliveira Reis","Est. tempo de leitura":"6 minutos"},"schema":{"@context":"https:\/\/schema.org","@graph":[{"@type":"NewsArticle","@id":"https:\/\/www.estrategiaconcursos.com.br\/blog\/recursos-redacao-trf-5-macroestrutura-conteudo\/#article","isPartOf":{"@id":"https:\/\/www.estrategiaconcursos.com.br\/blog\/recursos-redacao-trf-5-macroestrutura-conteudo\/"},"author":{"name":"Raphael de Oliveira Reis","@id":"https:\/\/www.estrategiaconcursos.com.br\/blog\/#\/schema\/person\/b49a1a49e5ef8a9f8d3268e74404a911"},"headline":"Recursos Reda\u00e7\u00e3o TRF-5 &#8211; Macroestrutura (conte\u00fado)","datePublished":"2018-02-20T17:19:37+00:00","dateModified":"2018-02-20T18:55:04+00:00","mainEntityOfPage":{"@id":"https:\/\/www.estrategiaconcursos.com.br\/blog\/recursos-redacao-trf-5-macroestrutura-conteudo\/"},"wordCount":1270,"commentCount":3,"publisher":{"@id":"https:\/\/www.estrategiaconcursos.com.br\/blog\/#organization"},"articleSection":["Concursos P\u00fablicos"],"inLanguage":"pt-BR","potentialAction":[{"@type":"CommentAction","name":"Comment","target":["https:\/\/www.estrategiaconcursos.com.br\/blog\/recursos-redacao-trf-5-macroestrutura-conteudo\/#respond"]}],"copyrightYear":"2018","copyrightHolder":{"@id":"https:\/\/www.estrategiaconcursos.com.br\/blog\/#organization"}},{"@type":"WebPage","@id":"https:\/\/www.estrategiaconcursos.com.br\/blog\/recursos-redacao-trf-5-macroestrutura-conteudo\/","url":"https:\/\/www.estrategiaconcursos.com.br\/blog\/recursos-redacao-trf-5-macroestrutura-conteudo\/","name":"Recursos Reda\u00e7\u00e3o TRF-5 - Macroestrutura (conte\u00fado)","isPartOf":{"@id":"https:\/\/www.estrategiaconcursos.com.br\/blog\/#website"},"datePublished":"2018-02-20T17:19:37+00:00","dateModified":"2018-02-20T18:55:04+00:00","breadcrumb":{"@id":"https:\/\/www.estrategiaconcursos.com.br\/blog\/recursos-redacao-trf-5-macroestrutura-conteudo\/#breadcrumb"},"inLanguage":"pt-BR","potentialAction":[{"@type":"ReadAction","target":["https:\/\/www.estrategiaconcursos.com.br\/blog\/recursos-redacao-trf-5-macroestrutura-conteudo\/"]}]},{"@type":"BreadcrumbList","@id":"https:\/\/www.estrategiaconcursos.com.br\/blog\/recursos-redacao-trf-5-macroestrutura-conteudo\/#breadcrumb","itemListElement":[{"@type":"ListItem","position":1,"name":"In\u00edcio","item":"https:\/\/www.estrategiaconcursos.com.br\/blog\/"},{"@type":"ListItem","position":2,"name":"Recursos Reda\u00e7\u00e3o TRF-5 &#8211; Macroestrutura (conte\u00fado)"}]},{"@type":"WebSite","@id":"https:\/\/www.estrategiaconcursos.com.br\/blog\/#website","url":"https:\/\/www.estrategiaconcursos.com.br\/blog\/","name":"Estrat\u00e9gia Concursos","description":"O blog da Estrat\u00e9gia Concursos traz not\u00edcias sobre concursos e artigos de professores oferecendo cursos para concursos (pdf + videaulas) no site.","publisher":{"@id":"https:\/\/www.estrategiaconcursos.com.br\/blog\/#organization"},"potentialAction":[{"@type":"SearchAction","target":{"@type":"EntryPoint","urlTemplate":"https:\/\/www.estrategiaconcursos.com.br\/blog\/?s={search_term_string}"},"query-input":{"@type":"PropertyValueSpecification","valueRequired":true,"valueName":"search_term_string"}}],"inLanguage":"pt-BR"},{"@type":"Organization","@id":"https:\/\/www.estrategiaconcursos.com.br\/blog\/#organization","name":"Estrat\u00e9gia Concursos","url":"https:\/\/www.estrategiaconcursos.com.br\/blog\/","logo":{"@type":"ImageObject","inLanguage":"pt-BR","@id":"https:\/\/www.estrategiaconcursos.com.br\/blog\/#\/schema\/logo\/image\/","url":"https:\/\/dhg1h5j42swfq.cloudfront.net\/2025\/06\/03203428\/logo_concursos-1.jpg","contentUrl":"https:\/\/dhg1h5j42swfq.cloudfront.net\/2025\/06\/03203428\/logo_concursos-1.jpg","width":230,"height":60,"caption":"Estrat\u00e9gia Concursos"},"image":{"@id":"https:\/\/www.estrategiaconcursos.com.br\/blog\/#\/schema\/logo\/image\/"},"sameAs":["https:\/\/x.com\/EstratConcursos"]},{"@type":"Person","@id":"https:\/\/www.estrategiaconcursos.com.br\/blog\/#\/schema\/person\/b49a1a49e5ef8a9f8d3268e74404a911","name":"Raphael de Oliveira Reis","image":{"@type":"ImageObject","inLanguage":"pt-BR","@id":"https:\/\/secure.gravatar.com\/avatar\/b1c5789180fc7bfb5103ec006c301370c02393e37aa13c55f6d72f05fcc76b3b?s=96&d=mm&r=g","url":"https:\/\/secure.gravatar.com\/avatar\/b1c5789180fc7bfb5103ec006c301370c02393e37aa13c55f6d72f05fcc76b3b?s=96&d=mm&r=g","contentUrl":"https:\/\/secure.gravatar.com\/avatar\/b1c5789180fc7bfb5103ec006c301370c02393e37aa13c55f6d72f05fcc76b3b?s=96&d=mm&r=g","caption":"Raphael de Oliveira Reis"},"url":"https:\/\/www.estrategiaconcursos.com.br\/blog\/author\/profraphaelreisgmail-com\/"}]}},"_links":{"self":[{"href":"https:\/\/www.estrategiaconcursos.com.br\/blog\/wp-json\/wp\/v2\/posts\/107081","targetHints":{"allow":["GET"]}}],"collection":[{"href":"https:\/\/www.estrategiaconcursos.com.br\/blog\/wp-json\/wp\/v2\/posts"}],"about":[{"href":"https:\/\/www.estrategiaconcursos.com.br\/blog\/wp-json\/wp\/v2\/types\/post"}],"author":[{"embeddable":true,"href":"https:\/\/www.estrategiaconcursos.com.br\/blog\/wp-json\/wp\/v2\/users\/384"}],"replies":[{"embeddable":true,"href":"https:\/\/www.estrategiaconcursos.com.br\/blog\/wp-json\/wp\/v2\/comments?post=107081"}],"version-history":[{"count":2,"href":"https:\/\/www.estrategiaconcursos.com.br\/blog\/wp-json\/wp\/v2\/posts\/107081\/revisions"}],"predecessor-version":[{"id":107126,"href":"https:\/\/www.estrategiaconcursos.com.br\/blog\/wp-json\/wp\/v2\/posts\/107081\/revisions\/107126"}],"wp:attachment":[{"href":"https:\/\/www.estrategiaconcursos.com.br\/blog\/wp-json\/wp\/v2\/media?parent=107081"}],"wp:term":[{"taxonomy":"category","embeddable":true,"href":"https:\/\/www.estrategiaconcursos.com.br\/blog\/wp-json\/wp\/v2\/categories?post=107081"},{"taxonomy":"post_tag","embeddable":true,"href":"https:\/\/www.estrategiaconcursos.com.br\/blog\/wp-json\/wp\/v2\/tags?post=107081"},{"taxonomy":"tax_estado","embeddable":true,"href":"https:\/\/www.estrategiaconcursos.com.br\/blog\/wp-json\/wp\/v2\/tax_estado?post=107081"}],"curies":[{"name":"wp","href":"https:\/\/api.w.org\/{rel}","templated":true}]}}