{"id":1070636,"date":"2022-08-03T09:00:00","date_gmt":"2022-08-03T12:00:00","guid":{"rendered":"https:\/\/www.estrategiaconcursos.com.br\/blog\/?p=1070636"},"modified":"2022-11-24T18:33:07","modified_gmt":"2022-11-24T21:33:07","slug":"concurso-sefaz-ms-comissao-formada-para-cargos-de-ti","status":"publish","type":"post","link":"https:\/\/www.estrategiaconcursos.com.br\/blog\/concurso-sefaz-ms-comissao-formada-para-cargos-de-ti\/","title":{"rendered":"Concurso Sefaz MS: Comiss\u00e3o formada para cargos de TI!"},"content":{"rendered":"\n<p>Aten\u00e7\u00e3o, estrategistas!<\/p>\n\n\n\n<p>Foi formada a Comiss\u00e3o Organizadora para a realiza\u00e7\u00e3o do novo concurso <strong>Sefaz MS<\/strong>, com oferta de 30 vagas para a \u00e1rea de&nbsp;<a href=\"https:\/\/www.estrategiaconcursos.com.br\/blog\/concursos-ti-2022\/\" target=\"_blank\" rel=\"noreferrer noopener\">Tecnologia da Informa\u00e7\u00e3o<\/a>.<\/p>\n\n\n\n<p>A remunera\u00e7\u00e3o do cargo gira em torno de <strong>R$ 9,2 mil<\/strong>, e voc\u00ea pode conquist\u00e1-la desde j\u00e1! O Estrat\u00e9gia oferece os melhores cursos e aul\u00f5es para garantir a sua aprova\u00e7\u00e3o nos concursos.<\/p>\n\n\n\n<p><strong>Nesta quarta-feira (03), \u00e0s 10h<\/strong>, vamos conversar um pouco mais sobre a comiss\u00e3o do concurso e os pr\u00f3ximos passos at\u00e9 a publica\u00e7\u00e3o do edital.<\/p>\n\n\n\n<p>Entendendo um pouco mais as etapas do concurso, voc\u00ea consegue se organizar melhor para montar seu cronograma de estudos e ainda recebe umas dicas dos melhores professores!<\/p>\n\n\n\n<p class=\"has-text-align-center has-background\" style=\"background-color:#f5f5f5;font-size:clamp(14.642px, 0.915rem + ((1vw - 3.2px) * 0.721), 22px);\"><strong>Saiba mais: <a href=\"https:\/\/www.estrategiaconcursos.com.br\/blog\/concurso-sefaz-ms\/\" target=\"_blank\" rel=\"noreferrer noopener\">Concurso Sefaz MS<\/a><\/strong><\/p>\n\n\n\n<h2 class=\"has-text-align-center wp-block-heading\" id=\"cursos-assinatura\">Quer estudar para o concurso Sefaz MS?<\/h2>\n\n\n\n<div class=\"container\" id=\"boxes\">\n  <div class=\"row\">\n\n    <div class=\"col-sm\">\n      <div class=\"banner-fiscal-01\" id=\"box-assinatura\">\n        <h3 class=\"titulo-assinatura\">Carreiras Fiscais<\/h3>\n        <p class=\"subtitulo-assinatura\">Conhe\u00e7a os cursos para Sefaz MS<\/p>\n        <div class=\"box-botao\">\n          <a class=\"btn-assinatura\" target=\"_blank\" href=\"https:\/\/www.estrategiaconcursos.com.br\/cursosPorConcurso\/icms-ms-sefaz-ms-221\/\" role=\"button\" rel=\"noopener noreferrer\">Conhe\u00e7a mais<\/a>\n        <\/div>\n      <\/div>\n      \n    <\/div>\n\n  <\/div>\n<\/div>\n\n\n\n<div class=\"container\" id=\"boxes\">\n  <div class=\"row\">\n\n    <div class=\"col-sm\">\n      <div class=\"estrategia\" id=\"box-assinatura\">\n        <h3 class=\"titulo-assinatura\">Assinatura Concursos<\/h3>\n        <p class=\"subtitulo-assinatura\">Assinatura de 1 ano ou 2 anos<\/p>\n        <div class=\"box-botao\">\n          <a class=\"btn-assinatura\" target=\"_blank\" href=\"https:\/\/www.estrategiaconcursos.com.br\/assinaturas\/\" role=\"button\" rel=\"noopener noreferrer\">ASSINE AGORA<\/a>\n        <\/div>\n      <\/div><\/div><\/div><\/div>\n\n\n\n<h2 class=\"has-text-align-center wp-block-heading\" id=\"h-quer-saber-tudo-sobre-concursos-previstos-confira-nossos-artigos\">Quer saber tudo sobre concursos previstos?<br \/>Confira nossos artigos!<\/h2>\n\n\n\n<ul class=\"wp-block-list\"><li><a href=\"https:\/\/www.estrategiaconcursos.com.br\/blog\/concursos-abertos\/\" target=\"_blank\" rel=\"noreferrer noopener\">Concursos abertos<\/a><\/li><li><a href=\"https:\/\/www.estrategiaconcursos.com.br\/blog\/concursos-2022\/\" target=\"_blank\" rel=\"noreferrer noopener\">Concursos 2022<\/a><\/li><li><a href=\"https:\/\/www.estrategiaconcursos.com.br\/blog\/concursos-2023\/\" target=\"_blank\" rel=\"noreferrer noopener\">Concursos 2023<\/a><\/li><\/ul>\n","protected":false},"excerpt":{"rendered":"<p>Aten\u00e7\u00e3o, estrategistas! Foi formada a Comiss\u00e3o Organizadora para a realiza\u00e7\u00e3o do novo concurso Sefaz MS, com oferta de 30 vagas para a \u00e1rea de&nbsp;Tecnologia da Informa\u00e7\u00e3o. A remunera\u00e7\u00e3o do cargo gira em torno de R$ 9,2 mil, e voc\u00ea pode conquist\u00e1-la desde j\u00e1! O Estrat\u00e9gia oferece os melhores cursos e aul\u00f5es para garantir a sua [&hellip;]<\/p>\n","protected":false},"author":399,"featured_media":1070715,"comment_status":"open","ping_status":"closed","sticky":false,"template":"","format":"standard","meta":{"post_tipo":"news","footnotes":""},"categories":[1983,220219],"tags":[],"tax_estado":[219975],"class_list":["post-1070636","post","type-post","status-publish","format-standard","has-post-thumbnail","hentry","category-fiscal-estadual","category-noticias","tax_estado-ms"],"acf":[],"yoast_head":"<!-- This site is optimized with the Yoast SEO Premium plugin v27.2 (Yoast SEO v27.2) - https:\/\/yoast.com\/product\/yoast-seo-premium-wordpress\/ -->\n<title>Concurso Sefaz MS: Comiss\u00e3o formada para cargos de TI!<\/title>\n<meta name=\"description\" content=\"Raphael Lacerda fala sobre a comiss\u00e3o da Sefaz MS e pr\u00f3ximas etapas do concurso. Saiba como garantir a aprova\u00e7\u00e3o hoje, \u00e0s 10h!\" \/>\n<meta name=\"robots\" content=\"index, follow, max-snippet:-1, max-image-preview:large, max-video-preview:-1\" \/>\n<link rel=\"canonical\" href=\"https:\/\/www.estrategiaconcursos.com.br\/blog\/concurso-sefaz-ms-comissao-formada-para-cargos-de-ti\/\" \/>\n<meta property=\"og:locale\" content=\"pt_BR\" \/>\n<meta property=\"og:type\" content=\"article\" \/>\n<meta property=\"og:title\" content=\"Concurso Sefaz MS: Comiss\u00e3o formada para cargos de TI!\" \/>\n<meta property=\"og:description\" content=\"Raphael Lacerda fala sobre a comiss\u00e3o da Sefaz MS e pr\u00f3ximas etapas do concurso. Saiba como garantir a aprova\u00e7\u00e3o hoje, \u00e0s 10h!\" \/>\n<meta property=\"og:url\" content=\"https:\/\/www.estrategiaconcursos.com.br\/blog\/concurso-sefaz-ms-comissao-formada-para-cargos-de-ti\/\" \/>\n<meta property=\"og:site_name\" content=\"Estrat\u00e9gia Concursos\" \/>\n<meta property=\"article:author\" content=\"https:\/\/www.facebook.com\/lacerdaf3\" \/>\n<meta property=\"article:published_time\" content=\"2022-08-03T12:00:00+00:00\" \/>\n<meta property=\"article:modified_time\" content=\"2022-11-24T21:33:07+00:00\" \/>\n<meta property=\"og:image\" content=\"https:\/\/dhg1h5j42swfq.cloudfront.net\/2022\/08\/02171327\/ms.jpg\" \/>\n\t<meta property=\"og:image:width\" content=\"1282\" \/>\n\t<meta property=\"og:image:height\" content=\"649\" \/>\n\t<meta property=\"og:image:type\" content=\"image\/jpeg\" \/>\n<meta name=\"author\" content=\"Raphael Lacerda (Coach BALBOA)\" \/>\n<meta name=\"twitter:card\" content=\"summary_large_image\" \/>\n<meta name=\"twitter:creator\" content=\"@lacerda300\" \/>\n<meta name=\"twitter:site\" content=\"@EstratConcursos\" \/>\n<meta name=\"twitter:label1\" content=\"Escrito por\" \/>\n\t<meta name=\"twitter:data1\" content=\"Raphael Lacerda (Coach BALBOA)\" \/>\n\t<meta name=\"twitter:label2\" content=\"Est. tempo de leitura\" \/>\n\t<meta name=\"twitter:data2\" content=\"1 minuto\" \/>\n<script type=\"application\/ld+json\" class=\"yoast-schema-graph\">{\"@context\":\"https:\/\/schema.org\",\"@graph\":[{\"@type\":\"NewsArticle\",\"@id\":\"https:\/\/www.estrategiaconcursos.com.br\/blog\/concurso-sefaz-ms-comissao-formada-para-cargos-de-ti\/#article\",\"isPartOf\":{\"@id\":\"https:\/\/www.estrategiaconcursos.com.br\/blog\/concurso-sefaz-ms-comissao-formada-para-cargos-de-ti\/\"},\"author\":{\"name\":\"Raphael Lacerda (Coach BALBOA)\",\"@id\":\"https:\/\/www.estrategiaconcursos.com.br\/blog\/#\/schema\/person\/a969a78ade2f998675f42e056104a459\"},\"headline\":\"Concurso Sefaz MS: Comiss\u00e3o formada para cargos de TI!\",\"datePublished\":\"2022-08-03T12:00:00+00:00\",\"dateModified\":\"2022-11-24T21:33:07+00:00\",\"mainEntityOfPage\":{\"@id\":\"https:\/\/www.estrategiaconcursos.com.br\/blog\/concurso-sefaz-ms-comissao-formada-para-cargos-de-ti\/\"},\"wordCount\":176,\"commentCount\":0,\"publisher\":{\"@id\":\"https:\/\/www.estrategiaconcursos.com.br\/blog\/#organization\"},\"image\":{\"@id\":\"https:\/\/www.estrategiaconcursos.com.br\/blog\/concurso-sefaz-ms-comissao-formada-para-cargos-de-ti\/#primaryimage\"},\"thumbnailUrl\":\"https:\/\/dhg1h5j42swfq.cloudfront.net\/2022\/08\/02171327\/ms.jpg\",\"articleSection\":[\"Fiscal - Estadual (ICMS)\",\"\u00daltimas not\u00edcias\"],\"inLanguage\":\"pt-BR\",\"potentialAction\":[{\"@type\":\"CommentAction\",\"name\":\"Comment\",\"target\":[\"https:\/\/www.estrategiaconcursos.com.br\/blog\/concurso-sefaz-ms-comissao-formada-para-cargos-de-ti\/#respond\"]}],\"copyrightYear\":\"2022\",\"copyrightHolder\":{\"@id\":\"https:\/\/www.estrategiaconcursos.com.br\/blog\/#organization\"}},{\"@type\":\"WebPage\",\"@id\":\"https:\/\/www.estrategiaconcursos.com.br\/blog\/concurso-sefaz-ms-comissao-formada-para-cargos-de-ti\/\",\"url\":\"https:\/\/www.estrategiaconcursos.com.br\/blog\/concurso-sefaz-ms-comissao-formada-para-cargos-de-ti\/\",\"name\":\"Concurso Sefaz MS: Comiss\u00e3o formada para cargos de TI!\",\"isPartOf\":{\"@id\":\"https:\/\/www.estrategiaconcursos.com.br\/blog\/#website\"},\"primaryImageOfPage\":{\"@id\":\"https:\/\/www.estrategiaconcursos.com.br\/blog\/concurso-sefaz-ms-comissao-formada-para-cargos-de-ti\/#primaryimage\"},\"image\":{\"@id\":\"https:\/\/www.estrategiaconcursos.com.br\/blog\/concurso-sefaz-ms-comissao-formada-para-cargos-de-ti\/#primaryimage\"},\"thumbnailUrl\":\"https:\/\/dhg1h5j42swfq.cloudfront.net\/2022\/08\/02171327\/ms.jpg\",\"datePublished\":\"2022-08-03T12:00:00+00:00\",\"dateModified\":\"2022-11-24T21:33:07+00:00\",\"description\":\"Raphael Lacerda fala sobre a comiss\u00e3o da Sefaz MS e pr\u00f3ximas etapas do concurso. Saiba como garantir a aprova\u00e7\u00e3o hoje, \u00e0s 10h!\",\"breadcrumb\":{\"@id\":\"https:\/\/www.estrategiaconcursos.com.br\/blog\/concurso-sefaz-ms-comissao-formada-para-cargos-de-ti\/#breadcrumb\"},\"inLanguage\":\"pt-BR\",\"potentialAction\":[{\"@type\":\"ReadAction\",\"target\":[\"https:\/\/www.estrategiaconcursos.com.br\/blog\/concurso-sefaz-ms-comissao-formada-para-cargos-de-ti\/\"]}]},{\"@type\":\"ImageObject\",\"inLanguage\":\"pt-BR\",\"@id\":\"https:\/\/www.estrategiaconcursos.com.br\/blog\/concurso-sefaz-ms-comissao-formada-para-cargos-de-ti\/#primaryimage\",\"url\":\"https:\/\/dhg1h5j42swfq.cloudfront.net\/2022\/08\/02171327\/ms.jpg\",\"contentUrl\":\"https:\/\/dhg1h5j42swfq.cloudfront.net\/2022\/08\/02171327\/ms.jpg\",\"width\":1282,\"height\":649},{\"@type\":\"BreadcrumbList\",\"@id\":\"https:\/\/www.estrategiaconcursos.com.br\/blog\/concurso-sefaz-ms-comissao-formada-para-cargos-de-ti\/#breadcrumb\",\"itemListElement\":[{\"@type\":\"ListItem\",\"position\":1,\"name\":\"In\u00edcio\",\"item\":\"https:\/\/www.estrategiaconcursos.com.br\/blog\/\"},{\"@type\":\"ListItem\",\"position\":2,\"name\":\"Concurso Sefaz MS: Comiss\u00e3o formada para cargos de TI!\"}]},{\"@type\":\"WebSite\",\"@id\":\"https:\/\/www.estrategiaconcursos.com.br\/blog\/#website\",\"url\":\"https:\/\/www.estrategiaconcursos.com.br\/blog\/\",\"name\":\"Estrat\u00e9gia Concursos\",\"description\":\"O blog da Estrat\u00e9gia Concursos traz not\u00edcias sobre concursos e artigos de professores oferecendo cursos para concursos (pdf + videaulas) no site.\",\"publisher\":{\"@id\":\"https:\/\/www.estrategiaconcursos.com.br\/blog\/#organization\"},\"potentialAction\":[{\"@type\":\"SearchAction\",\"target\":{\"@type\":\"EntryPoint\",\"urlTemplate\":\"https:\/\/www.estrategiaconcursos.com.br\/blog\/?s={search_term_string}\"},\"query-input\":{\"@type\":\"PropertyValueSpecification\",\"valueRequired\":true,\"valueName\":\"search_term_string\"}}],\"inLanguage\":\"pt-BR\"},{\"@type\":\"Organization\",\"@id\":\"https:\/\/www.estrategiaconcursos.com.br\/blog\/#organization\",\"name\":\"Estrat\u00e9gia Concursos\",\"url\":\"https:\/\/www.estrategiaconcursos.com.br\/blog\/\",\"logo\":{\"@type\":\"ImageObject\",\"inLanguage\":\"pt-BR\",\"@id\":\"https:\/\/www.estrategiaconcursos.com.br\/blog\/#\/schema\/logo\/image\/\",\"url\":\"https:\/\/dhg1h5j42swfq.cloudfront.net\/2025\/06\/03203428\/logo_concursos-1.jpg\",\"contentUrl\":\"https:\/\/dhg1h5j42swfq.cloudfront.net\/2025\/06\/03203428\/logo_concursos-1.jpg\",\"width\":230,\"height\":60,\"caption\":\"Estrat\u00e9gia Concursos\"},\"image\":{\"@id\":\"https:\/\/www.estrategiaconcursos.com.br\/blog\/#\/schema\/logo\/image\/\"},\"sameAs\":[\"https:\/\/x.com\/EstratConcursos\"]},{\"@type\":\"Person\",\"@id\":\"https:\/\/www.estrategiaconcursos.com.br\/blog\/#\/schema\/person\/a969a78ade2f998675f42e056104a459\",\"name\":\"Raphael Lacerda (Coach BALBOA)\",\"image\":{\"@type\":\"ImageObject\",\"inLanguage\":\"pt-BR\",\"@id\":\"https:\/\/secure.gravatar.com\/avatar\/ab5abefb897db03505e2ae6873cf14f2d801607a160754a767c3b17c8629a41d?s=96&d=mm&r=g\",\"url\":\"https:\/\/secure.gravatar.com\/avatar\/ab5abefb897db03505e2ae6873cf14f2d801607a160754a767c3b17c8629a41d?s=96&d=mm&r=g\",\"contentUrl\":\"https:\/\/secure.gravatar.com\/avatar\/ab5abefb897db03505e2ae6873cf14f2d801607a160754a767c3b17c8629a41d?s=96&d=mm&r=g\",\"caption\":\"Raphael Lacerda (Coach BALBOA)\"},\"sameAs\":[\"http:\/\/www.educacaotop.com.br\",\"https:\/\/www.facebook.com\/lacerdaf3\",\"https:\/\/x.com\/lacerda300\"],\"url\":\"https:\/\/www.estrategiaconcursos.com.br\/blog\/author\/raphaelbalboaestrategiaconcursos-com-br\/\"}]}<\/script>\n<!-- \/ Yoast SEO Premium plugin. -->","yoast_head_json":{"title":"Concurso Sefaz MS: Comiss\u00e3o formada para cargos de TI!","description":"Raphael Lacerda fala sobre a comiss\u00e3o da Sefaz MS e pr\u00f3ximas etapas do concurso. Saiba como garantir a aprova\u00e7\u00e3o hoje, \u00e0s 10h!","robots":{"index":"index","follow":"follow","max-snippet":"max-snippet:-1","max-image-preview":"max-image-preview:large","max-video-preview":"max-video-preview:-1"},"canonical":"https:\/\/www.estrategiaconcursos.com.br\/blog\/concurso-sefaz-ms-comissao-formada-para-cargos-de-ti\/","og_locale":"pt_BR","og_type":"article","og_title":"Concurso Sefaz MS: Comiss\u00e3o formada para cargos de TI!","og_description":"Raphael Lacerda fala sobre a comiss\u00e3o da Sefaz MS e pr\u00f3ximas etapas do concurso. Saiba como garantir a aprova\u00e7\u00e3o hoje, \u00e0s 10h!","og_url":"https:\/\/www.estrategiaconcursos.com.br\/blog\/concurso-sefaz-ms-comissao-formada-para-cargos-de-ti\/","og_site_name":"Estrat\u00e9gia Concursos","article_author":"https:\/\/www.facebook.com\/lacerdaf3","article_published_time":"2022-08-03T12:00:00+00:00","article_modified_time":"2022-11-24T21:33:07+00:00","og_image":[{"width":1282,"height":649,"url":"https:\/\/dhg1h5j42swfq.cloudfront.net\/2022\/08\/02171327\/ms.jpg","type":"image\/jpeg"}],"author":"Raphael Lacerda (Coach BALBOA)","twitter_card":"summary_large_image","twitter_creator":"@lacerda300","twitter_site":"@EstratConcursos","twitter_misc":{"Escrito por":"Raphael Lacerda (Coach BALBOA)","Est. tempo de leitura":"1 minuto"},"schema":{"@context":"https:\/\/schema.org","@graph":[{"@type":"NewsArticle","@id":"https:\/\/www.estrategiaconcursos.com.br\/blog\/concurso-sefaz-ms-comissao-formada-para-cargos-de-ti\/#article","isPartOf":{"@id":"https:\/\/www.estrategiaconcursos.com.br\/blog\/concurso-sefaz-ms-comissao-formada-para-cargos-de-ti\/"},"author":{"name":"Raphael Lacerda (Coach BALBOA)","@id":"https:\/\/www.estrategiaconcursos.com.br\/blog\/#\/schema\/person\/a969a78ade2f998675f42e056104a459"},"headline":"Concurso Sefaz MS: Comiss\u00e3o formada para cargos de TI!","datePublished":"2022-08-03T12:00:00+00:00","dateModified":"2022-11-24T21:33:07+00:00","mainEntityOfPage":{"@id":"https:\/\/www.estrategiaconcursos.com.br\/blog\/concurso-sefaz-ms-comissao-formada-para-cargos-de-ti\/"},"wordCount":176,"commentCount":0,"publisher":{"@id":"https:\/\/www.estrategiaconcursos.com.br\/blog\/#organization"},"image":{"@id":"https:\/\/www.estrategiaconcursos.com.br\/blog\/concurso-sefaz-ms-comissao-formada-para-cargos-de-ti\/#primaryimage"},"thumbnailUrl":"https:\/\/dhg1h5j42swfq.cloudfront.net\/2022\/08\/02171327\/ms.jpg","articleSection":["Fiscal - Estadual (ICMS)","\u00daltimas not\u00edcias"],"inLanguage":"pt-BR","potentialAction":[{"@type":"CommentAction","name":"Comment","target":["https:\/\/www.estrategiaconcursos.com.br\/blog\/concurso-sefaz-ms-comissao-formada-para-cargos-de-ti\/#respond"]}],"copyrightYear":"2022","copyrightHolder":{"@id":"https:\/\/www.estrategiaconcursos.com.br\/blog\/#organization"}},{"@type":"WebPage","@id":"https:\/\/www.estrategiaconcursos.com.br\/blog\/concurso-sefaz-ms-comissao-formada-para-cargos-de-ti\/","url":"https:\/\/www.estrategiaconcursos.com.br\/blog\/concurso-sefaz-ms-comissao-formada-para-cargos-de-ti\/","name":"Concurso Sefaz MS: Comiss\u00e3o formada para cargos de TI!","isPartOf":{"@id":"https:\/\/www.estrategiaconcursos.com.br\/blog\/#website"},"primaryImageOfPage":{"@id":"https:\/\/www.estrategiaconcursos.com.br\/blog\/concurso-sefaz-ms-comissao-formada-para-cargos-de-ti\/#primaryimage"},"image":{"@id":"https:\/\/www.estrategiaconcursos.com.br\/blog\/concurso-sefaz-ms-comissao-formada-para-cargos-de-ti\/#primaryimage"},"thumbnailUrl":"https:\/\/dhg1h5j42swfq.cloudfront.net\/2022\/08\/02171327\/ms.jpg","datePublished":"2022-08-03T12:00:00+00:00","dateModified":"2022-11-24T21:33:07+00:00","description":"Raphael Lacerda fala sobre a comiss\u00e3o da Sefaz MS e pr\u00f3ximas etapas do concurso. Saiba como garantir a aprova\u00e7\u00e3o hoje, \u00e0s 10h!","breadcrumb":{"@id":"https:\/\/www.estrategiaconcursos.com.br\/blog\/concurso-sefaz-ms-comissao-formada-para-cargos-de-ti\/#breadcrumb"},"inLanguage":"pt-BR","potentialAction":[{"@type":"ReadAction","target":["https:\/\/www.estrategiaconcursos.com.br\/blog\/concurso-sefaz-ms-comissao-formada-para-cargos-de-ti\/"]}]},{"@type":"ImageObject","inLanguage":"pt-BR","@id":"https:\/\/www.estrategiaconcursos.com.br\/blog\/concurso-sefaz-ms-comissao-formada-para-cargos-de-ti\/#primaryimage","url":"https:\/\/dhg1h5j42swfq.cloudfront.net\/2022\/08\/02171327\/ms.jpg","contentUrl":"https:\/\/dhg1h5j42swfq.cloudfront.net\/2022\/08\/02171327\/ms.jpg","width":1282,"height":649},{"@type":"BreadcrumbList","@id":"https:\/\/www.estrategiaconcursos.com.br\/blog\/concurso-sefaz-ms-comissao-formada-para-cargos-de-ti\/#breadcrumb","itemListElement":[{"@type":"ListItem","position":1,"name":"In\u00edcio","item":"https:\/\/www.estrategiaconcursos.com.br\/blog\/"},{"@type":"ListItem","position":2,"name":"Concurso Sefaz MS: Comiss\u00e3o formada para cargos de TI!"}]},{"@type":"WebSite","@id":"https:\/\/www.estrategiaconcursos.com.br\/blog\/#website","url":"https:\/\/www.estrategiaconcursos.com.br\/blog\/","name":"Estrat\u00e9gia Concursos","description":"O blog da Estrat\u00e9gia Concursos traz not\u00edcias sobre concursos e artigos de professores oferecendo cursos para concursos (pdf + videaulas) no site.","publisher":{"@id":"https:\/\/www.estrategiaconcursos.com.br\/blog\/#organization"},"potentialAction":[{"@type":"SearchAction","target":{"@type":"EntryPoint","urlTemplate":"https:\/\/www.estrategiaconcursos.com.br\/blog\/?s={search_term_string}"},"query-input":{"@type":"PropertyValueSpecification","valueRequired":true,"valueName":"search_term_string"}}],"inLanguage":"pt-BR"},{"@type":"Organization","@id":"https:\/\/www.estrategiaconcursos.com.br\/blog\/#organization","name":"Estrat\u00e9gia Concursos","url":"https:\/\/www.estrategiaconcursos.com.br\/blog\/","logo":{"@type":"ImageObject","inLanguage":"pt-BR","@id":"https:\/\/www.estrategiaconcursos.com.br\/blog\/#\/schema\/logo\/image\/","url":"https:\/\/dhg1h5j42swfq.cloudfront.net\/2025\/06\/03203428\/logo_concursos-1.jpg","contentUrl":"https:\/\/dhg1h5j42swfq.cloudfront.net\/2025\/06\/03203428\/logo_concursos-1.jpg","width":230,"height":60,"caption":"Estrat\u00e9gia Concursos"},"image":{"@id":"https:\/\/www.estrategiaconcursos.com.br\/blog\/#\/schema\/logo\/image\/"},"sameAs":["https:\/\/x.com\/EstratConcursos"]},{"@type":"Person","@id":"https:\/\/www.estrategiaconcursos.com.br\/blog\/#\/schema\/person\/a969a78ade2f998675f42e056104a459","name":"Raphael Lacerda (Coach BALBOA)","image":{"@type":"ImageObject","inLanguage":"pt-BR","@id":"https:\/\/secure.gravatar.com\/avatar\/ab5abefb897db03505e2ae6873cf14f2d801607a160754a767c3b17c8629a41d?s=96&d=mm&r=g","url":"https:\/\/secure.gravatar.com\/avatar\/ab5abefb897db03505e2ae6873cf14f2d801607a160754a767c3b17c8629a41d?s=96&d=mm&r=g","contentUrl":"https:\/\/secure.gravatar.com\/avatar\/ab5abefb897db03505e2ae6873cf14f2d801607a160754a767c3b17c8629a41d?s=96&d=mm&r=g","caption":"Raphael Lacerda (Coach BALBOA)"},"sameAs":["http:\/\/www.educacaotop.com.br","https:\/\/www.facebook.com\/lacerdaf3","https:\/\/x.com\/lacerda300"],"url":"https:\/\/www.estrategiaconcursos.com.br\/blog\/author\/raphaelbalboaestrategiaconcursos-com-br\/"}]}},"_links":{"self":[{"href":"https:\/\/www.estrategiaconcursos.com.br\/blog\/wp-json\/wp\/v2\/posts\/1070636","targetHints":{"allow":["GET"]}}],"collection":[{"href":"https:\/\/www.estrategiaconcursos.com.br\/blog\/wp-json\/wp\/v2\/posts"}],"about":[{"href":"https:\/\/www.estrategiaconcursos.com.br\/blog\/wp-json\/wp\/v2\/types\/post"}],"author":[{"embeddable":true,"href":"https:\/\/www.estrategiaconcursos.com.br\/blog\/wp-json\/wp\/v2\/users\/399"}],"replies":[{"embeddable":true,"href":"https:\/\/www.estrategiaconcursos.com.br\/blog\/wp-json\/wp\/v2\/comments?post=1070636"}],"version-history":[{"count":8,"href":"https:\/\/www.estrategiaconcursos.com.br\/blog\/wp-json\/wp\/v2\/posts\/1070636\/revisions"}],"predecessor-version":[{"id":1129225,"href":"https:\/\/www.estrategiaconcursos.com.br\/blog\/wp-json\/wp\/v2\/posts\/1070636\/revisions\/1129225"}],"wp:featuredmedia":[{"embeddable":true,"href":"https:\/\/www.estrategiaconcursos.com.br\/blog\/wp-json\/wp\/v2\/media\/1070715"}],"wp:attachment":[{"href":"https:\/\/www.estrategiaconcursos.com.br\/blog\/wp-json\/wp\/v2\/media?parent=1070636"}],"wp:term":[{"taxonomy":"category","embeddable":true,"href":"https:\/\/www.estrategiaconcursos.com.br\/blog\/wp-json\/wp\/v2\/categories?post=1070636"},{"taxonomy":"post_tag","embeddable":true,"href":"https:\/\/www.estrategiaconcursos.com.br\/blog\/wp-json\/wp\/v2\/tags?post=1070636"},{"taxonomy":"tax_estado","embeddable":true,"href":"https:\/\/www.estrategiaconcursos.com.br\/blog\/wp-json\/wp\/v2\/tax_estado?post=1070636"}],"curies":[{"name":"wp","href":"https:\/\/api.w.org\/{rel}","templated":true}]}}