{"id":1070592,"date":"2022-08-02T15:12:45","date_gmt":"2022-08-02T18:12:45","guid":{"rendered":"https:\/\/www.estrategiaconcursos.com.br\/blog\/?p=1070592"},"modified":"2022-08-02T20:49:50","modified_gmt":"2022-08-02T23:49:50","slug":"concurso-tre-pi-vagas-no-edital-unificado","status":"publish","type":"post","link":"https:\/\/www.estrategiaconcursos.com.br\/blog\/concurso-tre-pi-vagas-no-edital-unificado\/","title":{"rendered":"Concurso TRE PI: \u00f3rg\u00e3o confirma 7 vagas no edital unificado!"},"content":{"rendered":"\n<p>O<strong> <a href=\"https:\/\/www.estrategiaconcursos.com.br\/cursosPorConcurso\/tre-pi-tribunal-regional-eleitoral-do-piaui-407\/\" target=\"_blank\" rel=\"noreferrer noopener\">Tribun<\/a><\/strong><a href=\"https:\/\/www.estrategiaconcursos.com.br\/cursosPorConcurso\/tre-pi-tribunal-regional-eleitoral-do-piaui-407\/\" target=\"_blank\" rel=\"noreferrer noopener\"><strong>al Regional Eleitoral do Piau\u00ed<\/strong><\/a> (TRE PI) confirmou o quantitativo de vagas para o concurso unificado previsto para 2023!<\/p>\n\n\n\n<p>De acordo com informa\u00e7\u00f5es divulgadas no dia 02 de agosto de 2022, ser\u00e3o ofertadas <strong>07 oportunidades<\/strong> para provimento imediato no quadro de servidores do Tribunal.<\/p>\n\n\n\n<p>As vagas ser\u00e3o distribu\u00eddas entre cargos de T\u00e9cnico e Analista Judici\u00e1rio, de n\u00edveis m\u00e9dio e superior de escolaridade. Confira abaixo a distribui\u00e7\u00e3o!<\/p>\n\n\n\n<ul class=\"wp-block-list\"><li><strong>01 vaga para<a href=\"https:\/\/www.estrategiaconcursos.com.br\/cursosPorConcurso\/tre-pi-tribunal-regional-eleitoral-do-piaui-407\/\" target=\"_blank\" rel=\"noreferrer noopener\">&nbsp;Analista Judici\u00e1rio<\/a><\/strong>\u2013 \u00c1rea Apoio Especializado \u2013 Especialidade Estat\u00edstica;&nbsp;<\/li><li><strong>02 vagas para&nbsp;<a href=\"https:\/\/www.estrategiaconcursos.com.br\/cursosPorConcurso\/tre-pi-tribunal-regional-eleitoral-do-piaui-407\/\" target=\"_blank\" rel=\"noreferrer noopener\">Analista Judici\u00e1rio<\/a><\/strong>&nbsp;\u2013 \u00c1rea Judici\u00e1ria;<\/li><li><strong>02 vagas para &nbsp;<a href=\"https:\/\/www.estrategiaconcursos.com.br\/cursosPorConcurso\/tre-pi-tribunal-regional-eleitoral-do-piaui-407\/\" target=\"_blank\" rel=\"noreferrer noopener\">Analista Judici\u00e1rio<\/a><\/strong>&nbsp;\u2013 \u00c1rea Administrativa;<\/li><li><strong>03 vagas para&nbsp;<a href=\"https:\/\/www.estrategiaconcursos.com.br\/cursosPorConcurso\/tre-pi-tribunal-regional-eleitoral-do-piaui-407\/\" target=\"_blank\" rel=\"noreferrer noopener\">T\u00e9cnico Judici\u00e1rio<\/a><\/strong>&nbsp;\u2013 \u00c1rea Administrativa.<\/li><\/ul>\n\n\n\n<p>Em abril deste ano, o \u00f3rg\u00e3o j\u00e1 havia confirmado para a equipe de jornalismo do Estrat\u00e9gia Concursos o quantitativo de vagas previstas, que na \u00e9poca eram 06.<\/p>\n\n\n\n<p>Esse n\u00famero poder\u00e1 ser novamente alterado caso at\u00e9 o fechamento do contrato com a organizadora, o Tribunal Superior Eleitoral (TSE) identifique uma maior necessidade de provimentos no TRE PI.<\/p>\n\n\n\n<p>Vale lembrar que O TRE PI j\u00e1 conta com comiss\u00e3o organizadora formada, mas os trabalhos foram suspensos em raz\u00e3o da realiza\u00e7\u00e3o da sele\u00e7\u00e3o centralizada promovida pelo Tribunal Superior Eleitoral (TSE), anunciado para 2023.<\/p>\n\n\n\n<p>O \u00f3rg\u00e3o est\u00e1 entre os 15 Tribunais Eleitorais que manifestaram interesse no concurso unificado promovido pelo <strong>TSE<\/strong>, anunciado para 2023.<\/p>\n\n\n\n<p>Ressalta-se que os sal\u00e1rios ofertados para os aprovados variam de R$ 7.591,37 a R$ 18.701,52, al\u00e9m de benef\u00edcios.<\/p>\n\n\n\n<p>Ficou interessado em acompanhar todas as informa\u00e7\u00f5es e novidades sobre o concurso TRE PI, cujas vagas previstas no edital unificado voc\u00ea conferiu nesta mat\u00e9ria? Preparamos um artigo completo para voc\u00ea!<\/p>\n\n\n\n<p class=\"has-text-align-center has-background has-medium-font-size\" style=\"background-color:#d9c7eb\"><strong>Saiba mais: <a href=\"https:\/\/www.estrategiaconcursos.com.br\/blog\/concurso-tre-pi\/\" target=\"_blank\" rel=\"noreferrer noopener\">concurso TRE PI<\/a><\/strong><\/p>\n\n\n\n<h2 class=\"has-text-align-center wp-block-heading\" id=\"h-quer-saber-tudo-sobre-concursos-previstos-confira-nossos-artigos\">Quer saber tudo sobre concursos previstos?<br \/>Confira nossos artigos!<\/h2>\n\n\n\n<ul class=\"wp-block-list\"><li><a href=\"https:\/\/www.estrategiaconcursos.com.br\/blog\/concursos-abertos\/\" target=\"_blank\" rel=\"noreferrer noopener\">Concursos abertos<\/a><\/li><li><a href=\"https:\/\/www.estrategiaconcursos.com.br\/blog\/concursos-2022\/\" target=\"_blank\" rel=\"noreferrer noopener\">Concursos 2022<\/a><\/li><li><a href=\"https:\/\/www.estrategiaconcursos.com.br\/blog\/concursos-2023\/\">Concursos 2023<\/a><\/li><\/ul>\n\n\n\n<h3 class=\"has-text-align-center wp-block-heading\" id=\"cursos-assinatura\"><br \/><\/h3>\n\n\n\n<h3 class=\"has-text-align-center wp-block-heading\" id=\"cursos-assinatura\"><strong><em>Quer estudar para o TRE PI?<\/em><\/strong><\/h3>\n\n\n\n<p class=\"has-text-align-center\"><em><strong>Gostou desta oportunidade e deseja come\u00e7ar se preparar agora mesmo? Ent\u00e3o, confira os nossos cursos e comece a estudar para&nbsp;o TRE PI:<\/strong><\/em><\/p>\n\n\n\n<div class=\"row\">\n\n    <div class=\"col-sm\">\n      <div class=\"banner-tribunal\" id=\"box-assinatura\">\n        <h3 class=\"titulo-assinatura\">Cursos para o concurso TRE-PI<\/h3>\n        <p class=\"subtitulo-assinatura\">Conhe\u00e7a os cursos<\/p>\n        <div class=\"box-botao\">\n          <a class=\"btn-assinatura\" target=\"_blank\" href=\"https:\/\/www.estrategiaconcursos.com.br\/cursosPorConcurso\/tre-pi-tribunal-regional-eleitoral-do-piaui-407\/\" role=\"button\" rel=\"noopener noreferrer\">Conhe\u00e7a mais<\/a>\n        <\/div>\n      <\/div>\n      <p class=\"texto-auxiliar\">Prepare-se com o melhor material e com quem mais aprova em Concursos P\u00fablicos em todo o pa\u00eds.<\/p>\n    <\/div>\n\n  <\/div>\n\n\n\n<div class=\"container\" id=\"boxes\">\n  <div class=\"row\">\n\n    <div class=\"col-sm\">\n      <div class=\"estrategia\" id=\"box-assinatura\">\n        <h3 class=\"titulo-assinatura\">Assinatura Concursos<\/h3>\n        <p class=\"subtitulo-assinatura\">Assinatura de 1 ano ou 2 anos<\/p>\n        <div class=\"box-botao\">\n          <a class=\"btn-assinatura\" target=\"_blank\" href=\"https:\/\/www.estrategiaconcursos.com.br\/assinaturas\/\" role=\"button\" rel=\"noopener noreferrer\">ASSINE AGORA<\/a>\n        <\/div>\n      <\/div>\n     \n    <\/div><\/div><\/div>\n","protected":false},"excerpt":{"rendered":"<p>O Tribunal Regional Eleitoral do Piau\u00ed (TRE PI) confirmou o quantitativo de vagas para o concurso unificado previsto para 2023! De acordo com informa\u00e7\u00f5es divulgadas no dia 02 de agosto de 2022, ser\u00e3o ofertadas 07 oportunidades para provimento imediato no quadro de servidores do Tribunal. As vagas ser\u00e3o distribu\u00eddas entre cargos de T\u00e9cnico e Analista [&hellip;]<\/p>\n","protected":false},"author":2402,"featured_media":852334,"comment_status":"open","ping_status":"closed","sticky":false,"template":"","format":"standard","meta":{"post_tipo":"news","footnotes":""},"categories":[1984,220219],"tags":[],"tax_estado":[219980],"class_list":["post-1070592","post","type-post","status-publish","format-standard","has-post-thumbnail","hentry","category-tribunais","category-noticias","tax_estado-pi"],"acf":[],"yoast_head":"<!-- This site is optimized with the Yoast SEO Premium plugin v27.2 (Yoast SEO v27.2) - https:\/\/yoast.com\/product\/yoast-seo-premium-wordpress\/ -->\n<title>Concurso TRE PI: \u00f3rg\u00e3o confirma 7 vagas no edital unificado!<\/title>\n<meta name=\"description\" content=\"Concurso TRE PI: confira quais as vagas previstas pelo \u00f3rg\u00e3o para o certame centralizado aqui no site do Estrat\u00e9gia!\" \/>\n<meta name=\"robots\" content=\"index, follow, max-snippet:-1, max-image-preview:large, max-video-preview:-1\" \/>\n<link rel=\"canonical\" href=\"https:\/\/www.estrategiaconcursos.com.br\/blog\/concurso-tre-pi-vagas-no-edital-unificado\/\" \/>\n<meta property=\"og:locale\" content=\"pt_BR\" \/>\n<meta property=\"og:type\" content=\"article\" \/>\n<meta property=\"og:title\" content=\"Concurso TRE PI: \u00f3rg\u00e3o confirma 7 vagas no edital unificado!\" \/>\n<meta property=\"og:description\" content=\"Concurso TRE PI: confira quais as vagas previstas pelo \u00f3rg\u00e3o para o certame centralizado aqui no site do Estrat\u00e9gia!\" \/>\n<meta property=\"og:url\" content=\"https:\/\/www.estrategiaconcursos.com.br\/blog\/concurso-tre-pi-vagas-no-edital-unificado\/\" \/>\n<meta property=\"og:site_name\" content=\"Estrat\u00e9gia Concursos\" \/>\n<meta property=\"article:published_time\" content=\"2022-08-02T18:12:45+00:00\" \/>\n<meta property=\"article:modified_time\" content=\"2022-08-02T23:49:50+00:00\" \/>\n<meta property=\"og:image\" content=\"https:\/\/dhg1h5j42swfq.cloudfront.net\/2021\/08\/02113229\/tre_pi.jpeg\" \/>\n\t<meta property=\"og:image:width\" content=\"768\" \/>\n\t<meta property=\"og:image:height\" content=\"432\" \/>\n\t<meta property=\"og:image:type\" content=\"image\/jpeg\" \/>\n<meta name=\"author\" content=\"Daniela Santos Nascimento\" \/>\n<meta name=\"twitter:card\" content=\"summary_large_image\" \/>\n<meta name=\"twitter:creator\" content=\"@EstratConcursos\" \/>\n<meta name=\"twitter:site\" content=\"@EstratConcursos\" \/>\n<meta name=\"twitter:label1\" content=\"Escrito por\" \/>\n\t<meta name=\"twitter:data1\" content=\"Daniela Santos Nascimento\" \/>\n\t<meta name=\"twitter:label2\" content=\"Est. tempo de leitura\" \/>\n\t<meta name=\"twitter:data2\" content=\"2 minutos\" \/>\n<script type=\"application\/ld+json\" class=\"yoast-schema-graph\">{\"@context\":\"https:\/\/schema.org\",\"@graph\":[{\"@type\":\"NewsArticle\",\"@id\":\"https:\/\/www.estrategiaconcursos.com.br\/blog\/concurso-tre-pi-vagas-no-edital-unificado\/#article\",\"isPartOf\":{\"@id\":\"https:\/\/www.estrategiaconcursos.com.br\/blog\/concurso-tre-pi-vagas-no-edital-unificado\/\"},\"author\":{\"name\":\"Daniela Santos Nascimento\",\"@id\":\"https:\/\/www.estrategiaconcursos.com.br\/blog\/#\/schema\/person\/399990d02336f200766707b881aee98f\"},\"headline\":\"Concurso TRE PI: \u00f3rg\u00e3o confirma 7 vagas no edital unificado!\",\"datePublished\":\"2022-08-02T18:12:45+00:00\",\"dateModified\":\"2022-08-02T23:49:50+00:00\",\"mainEntityOfPage\":{\"@id\":\"https:\/\/www.estrategiaconcursos.com.br\/blog\/concurso-tre-pi-vagas-no-edital-unificado\/\"},\"wordCount\":379,\"commentCount\":0,\"publisher\":{\"@id\":\"https:\/\/www.estrategiaconcursos.com.br\/blog\/#organization\"},\"image\":{\"@id\":\"https:\/\/www.estrategiaconcursos.com.br\/blog\/concurso-tre-pi-vagas-no-edital-unificado\/#primaryimage\"},\"thumbnailUrl\":\"https:\/\/dhg1h5j42swfq.cloudfront.net\/2021\/08\/02113229\/tre_pi.jpeg\",\"articleSection\":[\"Tribunais\",\"\u00daltimas not\u00edcias\"],\"inLanguage\":\"pt-BR\",\"potentialAction\":[{\"@type\":\"CommentAction\",\"name\":\"Comment\",\"target\":[\"https:\/\/www.estrategiaconcursos.com.br\/blog\/concurso-tre-pi-vagas-no-edital-unificado\/#respond\"]}],\"copyrightYear\":\"2022\",\"copyrightHolder\":{\"@id\":\"https:\/\/www.estrategiaconcursos.com.br\/blog\/#organization\"}},{\"@type\":\"WebPage\",\"@id\":\"https:\/\/www.estrategiaconcursos.com.br\/blog\/concurso-tre-pi-vagas-no-edital-unificado\/\",\"url\":\"https:\/\/www.estrategiaconcursos.com.br\/blog\/concurso-tre-pi-vagas-no-edital-unificado\/\",\"name\":\"Concurso TRE PI: \u00f3rg\u00e3o confirma 7 vagas no edital unificado!\",\"isPartOf\":{\"@id\":\"https:\/\/www.estrategiaconcursos.com.br\/blog\/#website\"},\"primaryImageOfPage\":{\"@id\":\"https:\/\/www.estrategiaconcursos.com.br\/blog\/concurso-tre-pi-vagas-no-edital-unificado\/#primaryimage\"},\"image\":{\"@id\":\"https:\/\/www.estrategiaconcursos.com.br\/blog\/concurso-tre-pi-vagas-no-edital-unificado\/#primaryimage\"},\"thumbnailUrl\":\"https:\/\/dhg1h5j42swfq.cloudfront.net\/2021\/08\/02113229\/tre_pi.jpeg\",\"datePublished\":\"2022-08-02T18:12:45+00:00\",\"dateModified\":\"2022-08-02T23:49:50+00:00\",\"description\":\"Concurso TRE PI: confira quais as vagas previstas pelo \u00f3rg\u00e3o para o certame centralizado aqui no site do Estrat\u00e9gia!\",\"breadcrumb\":{\"@id\":\"https:\/\/www.estrategiaconcursos.com.br\/blog\/concurso-tre-pi-vagas-no-edital-unificado\/#breadcrumb\"},\"inLanguage\":\"pt-BR\",\"potentialAction\":[{\"@type\":\"ReadAction\",\"target\":[\"https:\/\/www.estrategiaconcursos.com.br\/blog\/concurso-tre-pi-vagas-no-edital-unificado\/\"]}]},{\"@type\":\"ImageObject\",\"inLanguage\":\"pt-BR\",\"@id\":\"https:\/\/www.estrategiaconcursos.com.br\/blog\/concurso-tre-pi-vagas-no-edital-unificado\/#primaryimage\",\"url\":\"https:\/\/dhg1h5j42swfq.cloudfront.net\/2021\/08\/02113229\/tre_pi.jpeg\",\"contentUrl\":\"https:\/\/dhg1h5j42swfq.cloudfront.net\/2021\/08\/02113229\/tre_pi.jpeg\",\"width\":768,\"height\":432,\"caption\":\"Concurso TRE PI provimentos\"},{\"@type\":\"BreadcrumbList\",\"@id\":\"https:\/\/www.estrategiaconcursos.com.br\/blog\/concurso-tre-pi-vagas-no-edital-unificado\/#breadcrumb\",\"itemListElement\":[{\"@type\":\"ListItem\",\"position\":1,\"name\":\"In\u00edcio\",\"item\":\"https:\/\/www.estrategiaconcursos.com.br\/blog\/\"},{\"@type\":\"ListItem\",\"position\":2,\"name\":\"Concurso TRE PI: \u00f3rg\u00e3o confirma 7 vagas no edital unificado!\"}]},{\"@type\":\"WebSite\",\"@id\":\"https:\/\/www.estrategiaconcursos.com.br\/blog\/#website\",\"url\":\"https:\/\/www.estrategiaconcursos.com.br\/blog\/\",\"name\":\"Estrat\u00e9gia Concursos\",\"description\":\"O blog da Estrat\u00e9gia Concursos traz not\u00edcias sobre concursos e artigos de professores oferecendo cursos para concursos (pdf + videaulas) no site.\",\"publisher\":{\"@id\":\"https:\/\/www.estrategiaconcursos.com.br\/blog\/#organization\"},\"potentialAction\":[{\"@type\":\"SearchAction\",\"target\":{\"@type\":\"EntryPoint\",\"urlTemplate\":\"https:\/\/www.estrategiaconcursos.com.br\/blog\/?s={search_term_string}\"},\"query-input\":{\"@type\":\"PropertyValueSpecification\",\"valueRequired\":true,\"valueName\":\"search_term_string\"}}],\"inLanguage\":\"pt-BR\"},{\"@type\":\"Organization\",\"@id\":\"https:\/\/www.estrategiaconcursos.com.br\/blog\/#organization\",\"name\":\"Estrat\u00e9gia Concursos\",\"url\":\"https:\/\/www.estrategiaconcursos.com.br\/blog\/\",\"logo\":{\"@type\":\"ImageObject\",\"inLanguage\":\"pt-BR\",\"@id\":\"https:\/\/www.estrategiaconcursos.com.br\/blog\/#\/schema\/logo\/image\/\",\"url\":\"https:\/\/dhg1h5j42swfq.cloudfront.net\/2025\/06\/03203428\/logo_concursos-1.jpg\",\"contentUrl\":\"https:\/\/dhg1h5j42swfq.cloudfront.net\/2025\/06\/03203428\/logo_concursos-1.jpg\",\"width\":230,\"height\":60,\"caption\":\"Estrat\u00e9gia Concursos\"},\"image\":{\"@id\":\"https:\/\/www.estrategiaconcursos.com.br\/blog\/#\/schema\/logo\/image\/\"},\"sameAs\":[\"https:\/\/x.com\/EstratConcursos\"]},{\"@type\":\"Person\",\"@id\":\"https:\/\/www.estrategiaconcursos.com.br\/blog\/#\/schema\/person\/399990d02336f200766707b881aee98f\",\"name\":\"Daniela Santos Nascimento\",\"image\":{\"@type\":\"ImageObject\",\"inLanguage\":\"pt-BR\",\"@id\":\"https:\/\/secure.gravatar.com\/avatar\/7f343622ad121e2893832a8c76808be436bdfcbf2f7d696174c94ecd84f2384a?s=96&d=mm&r=g\",\"url\":\"https:\/\/secure.gravatar.com\/avatar\/7f343622ad121e2893832a8c76808be436bdfcbf2f7d696174c94ecd84f2384a?s=96&d=mm&r=g\",\"contentUrl\":\"https:\/\/secure.gravatar.com\/avatar\/7f343622ad121e2893832a8c76808be436bdfcbf2f7d696174c94ecd84f2384a?s=96&d=mm&r=g\",\"caption\":\"Daniela Santos Nascimento\"},\"url\":\"https:\/\/www.estrategiaconcursos.com.br\/blog\/author\/daniela-nascimentoestrategia-com\/\"}]}<\/script>\n<!-- \/ Yoast SEO Premium plugin. -->","yoast_head_json":{"title":"Concurso TRE PI: \u00f3rg\u00e3o confirma 7 vagas no edital unificado!","description":"Concurso TRE PI: confira quais as vagas previstas pelo \u00f3rg\u00e3o para o certame centralizado aqui no site do Estrat\u00e9gia!","robots":{"index":"index","follow":"follow","max-snippet":"max-snippet:-1","max-image-preview":"max-image-preview:large","max-video-preview":"max-video-preview:-1"},"canonical":"https:\/\/www.estrategiaconcursos.com.br\/blog\/concurso-tre-pi-vagas-no-edital-unificado\/","og_locale":"pt_BR","og_type":"article","og_title":"Concurso TRE PI: \u00f3rg\u00e3o confirma 7 vagas no edital unificado!","og_description":"Concurso TRE PI: confira quais as vagas previstas pelo \u00f3rg\u00e3o para o certame centralizado aqui no site do Estrat\u00e9gia!","og_url":"https:\/\/www.estrategiaconcursos.com.br\/blog\/concurso-tre-pi-vagas-no-edital-unificado\/","og_site_name":"Estrat\u00e9gia Concursos","article_published_time":"2022-08-02T18:12:45+00:00","article_modified_time":"2022-08-02T23:49:50+00:00","og_image":[{"width":768,"height":432,"url":"https:\/\/dhg1h5j42swfq.cloudfront.net\/2021\/08\/02113229\/tre_pi.jpeg","type":"image\/jpeg"}],"author":"Daniela Santos Nascimento","twitter_card":"summary_large_image","twitter_creator":"@EstratConcursos","twitter_site":"@EstratConcursos","twitter_misc":{"Escrito por":"Daniela Santos Nascimento","Est. tempo de leitura":"2 minutos"},"schema":{"@context":"https:\/\/schema.org","@graph":[{"@type":"NewsArticle","@id":"https:\/\/www.estrategiaconcursos.com.br\/blog\/concurso-tre-pi-vagas-no-edital-unificado\/#article","isPartOf":{"@id":"https:\/\/www.estrategiaconcursos.com.br\/blog\/concurso-tre-pi-vagas-no-edital-unificado\/"},"author":{"name":"Daniela Santos Nascimento","@id":"https:\/\/www.estrategiaconcursos.com.br\/blog\/#\/schema\/person\/399990d02336f200766707b881aee98f"},"headline":"Concurso TRE PI: \u00f3rg\u00e3o confirma 7 vagas no edital unificado!","datePublished":"2022-08-02T18:12:45+00:00","dateModified":"2022-08-02T23:49:50+00:00","mainEntityOfPage":{"@id":"https:\/\/www.estrategiaconcursos.com.br\/blog\/concurso-tre-pi-vagas-no-edital-unificado\/"},"wordCount":379,"commentCount":0,"publisher":{"@id":"https:\/\/www.estrategiaconcursos.com.br\/blog\/#organization"},"image":{"@id":"https:\/\/www.estrategiaconcursos.com.br\/blog\/concurso-tre-pi-vagas-no-edital-unificado\/#primaryimage"},"thumbnailUrl":"https:\/\/dhg1h5j42swfq.cloudfront.net\/2021\/08\/02113229\/tre_pi.jpeg","articleSection":["Tribunais","\u00daltimas not\u00edcias"],"inLanguage":"pt-BR","potentialAction":[{"@type":"CommentAction","name":"Comment","target":["https:\/\/www.estrategiaconcursos.com.br\/blog\/concurso-tre-pi-vagas-no-edital-unificado\/#respond"]}],"copyrightYear":"2022","copyrightHolder":{"@id":"https:\/\/www.estrategiaconcursos.com.br\/blog\/#organization"}},{"@type":"WebPage","@id":"https:\/\/www.estrategiaconcursos.com.br\/blog\/concurso-tre-pi-vagas-no-edital-unificado\/","url":"https:\/\/www.estrategiaconcursos.com.br\/blog\/concurso-tre-pi-vagas-no-edital-unificado\/","name":"Concurso TRE PI: \u00f3rg\u00e3o confirma 7 vagas no edital unificado!","isPartOf":{"@id":"https:\/\/www.estrategiaconcursos.com.br\/blog\/#website"},"primaryImageOfPage":{"@id":"https:\/\/www.estrategiaconcursos.com.br\/blog\/concurso-tre-pi-vagas-no-edital-unificado\/#primaryimage"},"image":{"@id":"https:\/\/www.estrategiaconcursos.com.br\/blog\/concurso-tre-pi-vagas-no-edital-unificado\/#primaryimage"},"thumbnailUrl":"https:\/\/dhg1h5j42swfq.cloudfront.net\/2021\/08\/02113229\/tre_pi.jpeg","datePublished":"2022-08-02T18:12:45+00:00","dateModified":"2022-08-02T23:49:50+00:00","description":"Concurso TRE PI: confira quais as vagas previstas pelo \u00f3rg\u00e3o para o certame centralizado aqui no site do Estrat\u00e9gia!","breadcrumb":{"@id":"https:\/\/www.estrategiaconcursos.com.br\/blog\/concurso-tre-pi-vagas-no-edital-unificado\/#breadcrumb"},"inLanguage":"pt-BR","potentialAction":[{"@type":"ReadAction","target":["https:\/\/www.estrategiaconcursos.com.br\/blog\/concurso-tre-pi-vagas-no-edital-unificado\/"]}]},{"@type":"ImageObject","inLanguage":"pt-BR","@id":"https:\/\/www.estrategiaconcursos.com.br\/blog\/concurso-tre-pi-vagas-no-edital-unificado\/#primaryimage","url":"https:\/\/dhg1h5j42swfq.cloudfront.net\/2021\/08\/02113229\/tre_pi.jpeg","contentUrl":"https:\/\/dhg1h5j42swfq.cloudfront.net\/2021\/08\/02113229\/tre_pi.jpeg","width":768,"height":432,"caption":"Concurso TRE PI provimentos"},{"@type":"BreadcrumbList","@id":"https:\/\/www.estrategiaconcursos.com.br\/blog\/concurso-tre-pi-vagas-no-edital-unificado\/#breadcrumb","itemListElement":[{"@type":"ListItem","position":1,"name":"In\u00edcio","item":"https:\/\/www.estrategiaconcursos.com.br\/blog\/"},{"@type":"ListItem","position":2,"name":"Concurso TRE PI: \u00f3rg\u00e3o confirma 7 vagas no edital unificado!"}]},{"@type":"WebSite","@id":"https:\/\/www.estrategiaconcursos.com.br\/blog\/#website","url":"https:\/\/www.estrategiaconcursos.com.br\/blog\/","name":"Estrat\u00e9gia Concursos","description":"O blog da Estrat\u00e9gia Concursos traz not\u00edcias sobre concursos e artigos de professores oferecendo cursos para concursos (pdf + videaulas) no site.","publisher":{"@id":"https:\/\/www.estrategiaconcursos.com.br\/blog\/#organization"},"potentialAction":[{"@type":"SearchAction","target":{"@type":"EntryPoint","urlTemplate":"https:\/\/www.estrategiaconcursos.com.br\/blog\/?s={search_term_string}"},"query-input":{"@type":"PropertyValueSpecification","valueRequired":true,"valueName":"search_term_string"}}],"inLanguage":"pt-BR"},{"@type":"Organization","@id":"https:\/\/www.estrategiaconcursos.com.br\/blog\/#organization","name":"Estrat\u00e9gia Concursos","url":"https:\/\/www.estrategiaconcursos.com.br\/blog\/","logo":{"@type":"ImageObject","inLanguage":"pt-BR","@id":"https:\/\/www.estrategiaconcursos.com.br\/blog\/#\/schema\/logo\/image\/","url":"https:\/\/dhg1h5j42swfq.cloudfront.net\/2025\/06\/03203428\/logo_concursos-1.jpg","contentUrl":"https:\/\/dhg1h5j42swfq.cloudfront.net\/2025\/06\/03203428\/logo_concursos-1.jpg","width":230,"height":60,"caption":"Estrat\u00e9gia Concursos"},"image":{"@id":"https:\/\/www.estrategiaconcursos.com.br\/blog\/#\/schema\/logo\/image\/"},"sameAs":["https:\/\/x.com\/EstratConcursos"]},{"@type":"Person","@id":"https:\/\/www.estrategiaconcursos.com.br\/blog\/#\/schema\/person\/399990d02336f200766707b881aee98f","name":"Daniela Santos Nascimento","image":{"@type":"ImageObject","inLanguage":"pt-BR","@id":"https:\/\/secure.gravatar.com\/avatar\/7f343622ad121e2893832a8c76808be436bdfcbf2f7d696174c94ecd84f2384a?s=96&d=mm&r=g","url":"https:\/\/secure.gravatar.com\/avatar\/7f343622ad121e2893832a8c76808be436bdfcbf2f7d696174c94ecd84f2384a?s=96&d=mm&r=g","contentUrl":"https:\/\/secure.gravatar.com\/avatar\/7f343622ad121e2893832a8c76808be436bdfcbf2f7d696174c94ecd84f2384a?s=96&d=mm&r=g","caption":"Daniela Santos Nascimento"},"url":"https:\/\/www.estrategiaconcursos.com.br\/blog\/author\/daniela-nascimentoestrategia-com\/"}]}},"_links":{"self":[{"href":"https:\/\/www.estrategiaconcursos.com.br\/blog\/wp-json\/wp\/v2\/posts\/1070592","targetHints":{"allow":["GET"]}}],"collection":[{"href":"https:\/\/www.estrategiaconcursos.com.br\/blog\/wp-json\/wp\/v2\/posts"}],"about":[{"href":"https:\/\/www.estrategiaconcursos.com.br\/blog\/wp-json\/wp\/v2\/types\/post"}],"author":[{"embeddable":true,"href":"https:\/\/www.estrategiaconcursos.com.br\/blog\/wp-json\/wp\/v2\/users\/2402"}],"replies":[{"embeddable":true,"href":"https:\/\/www.estrategiaconcursos.com.br\/blog\/wp-json\/wp\/v2\/comments?post=1070592"}],"version-history":[{"count":21,"href":"https:\/\/www.estrategiaconcursos.com.br\/blog\/wp-json\/wp\/v2\/posts\/1070592\/revisions"}],"predecessor-version":[{"id":1070819,"href":"https:\/\/www.estrategiaconcursos.com.br\/blog\/wp-json\/wp\/v2\/posts\/1070592\/revisions\/1070819"}],"wp:featuredmedia":[{"embeddable":true,"href":"https:\/\/www.estrategiaconcursos.com.br\/blog\/wp-json\/wp\/v2\/media\/852334"}],"wp:attachment":[{"href":"https:\/\/www.estrategiaconcursos.com.br\/blog\/wp-json\/wp\/v2\/media?parent=1070592"}],"wp:term":[{"taxonomy":"category","embeddable":true,"href":"https:\/\/www.estrategiaconcursos.com.br\/blog\/wp-json\/wp\/v2\/categories?post=1070592"},{"taxonomy":"post_tag","embeddable":true,"href":"https:\/\/www.estrategiaconcursos.com.br\/blog\/wp-json\/wp\/v2\/tags?post=1070592"},{"taxonomy":"tax_estado","embeddable":true,"href":"https:\/\/www.estrategiaconcursos.com.br\/blog\/wp-json\/wp\/v2\/tax_estado?post=1070592"}],"curies":[{"name":"wp","href":"https:\/\/api.w.org\/{rel}","templated":true}]}}