{"id":107018,"date":"2018-02-20T10:06:52","date_gmt":"2018-02-20T13:06:52","guid":{"rendered":"https:\/\/www.estrategiaconcursos.com.br\/blog\/?p=107018"},"modified":"2020-07-16T11:13:45","modified_gmt":"2020-07-16T14:13:45","slug":"informativo-stj-616-direito-do-consumidor","status":"publish","type":"post","link":"https:\/\/www.estrategiaconcursos.com.br\/blog\/informativo-stj-616-direito-do-consumidor\/","title":{"rendered":"Informativo STJ 616 | Direito do Consumidor"},"content":{"rendered":"<p class=\"western\" style=\"text-align: justify;\">Ol\u00e1 pessoal, tudo bom?<\/p>\n<p class=\"western\" style=\"text-align: justify;\">Meu nome \u00e9 Igor Maciel e sou professor aqui do Estrat\u00e9gia Concursos das disciplinas de Direito Administrativo e de Direito do Consumidor.<\/p>\n<p style=\"text-align: justify;\">Com a publica\u00e7\u00e3o do Informativo STJ 616, selecionei, da \u00e1rea de Direito do Consumidor, o&nbsp;<a href=\"https:\/\/ww2.stj.jus.br\/processo\/pesquisa\/?termo=1644405&amp;aplicacao=processos.ea&amp;tipoPesquisa=tipoPesquisaGenerica&amp;chkordem=DESC&amp;chkMorto=MORTO\" target=\"_blank\" rel=\"noopener noreferrer\"><em>REsp 1.644.405-RS.&nbsp;<\/em><\/a>Aqui voc\u00ea vai poder conhecer mais detalhes do ac\u00f3rd\u00e3o de novembro de 2017 que abordou quest\u00f5es importantes que podem te ajudar nos seus estudos.<\/p>\n<p style=\"text-align: justify;\">Convido-os a seguir minhas redes sociais onde deixo v\u00e1rias dicas para seus estudos:&nbsp;<a href=\"https:\/\/www.instagram.com\/profigormaciel\/\" target=\"_blank\" rel=\"noopener noreferrer\">@profigormaciel<\/a><\/p>\n<hr \/>\n<p class=\"western\" style=\"text-align: justify;\">Esse julgado trata de um tema muito interessante: existe direito a indeniza\u00e7\u00e3o por dano moral do consumidor em virtude de corpo estranho encontrado em produtos aliment\u00edcios?<\/p>\n<p class=\"western\" style=\"text-align: justify;\">Mesmo quando o consumidor n\u00e3o ingere o produto, ainda assim \u00e9 poss\u00edvel a configura\u00e7\u00e3o do dano de natureza moral?<\/p>\n<p class=\"western\" style=\"text-align: justify;\">Confira abaixo a ementa do ac\u00f3rd\u00e3o:<\/p>\n<p style=\"text-align: justify;\"><em>RECURSO ESPECIAL. DIREITO DO CONSUMIDOR. A\u00c7\u00c3O DE COMPENSA\u00c7\u00c3O POR DANO MORAL. AQUISI\u00c7\u00c3O DE PACOTE DE BISCOITO RECHEADO COM CORPO ESTRANHO NO RECHEIO DE UM DOS BISCOITOS. N\u00c3O INGEST\u00c3O. LEVAR \u00c0 BOCA. EXPOSI\u00c7\u00c3O DO CONSUMIDOR A RISCO CONCRETO DE LES\u00c3O \u00c0 SUA SA\u00daDE E SEGURAN\u00c7A. FATO DO PRODUTO. EXIST\u00caNCIA DE DANO MORAL. VIOLA\u00c7\u00c3O DO DEVER DE N\u00c3O ACARRETAR RISCOS AO CONSUMIDOR.<\/em><br \/>\n<em>1. A\u00e7\u00e3o ajuizada em 04\/09\/2012. Recurso especial interposto em 16\/08\/2016 e concluso ao Gabinete em 16\/12\/2016.<\/em><br \/>\n<em>2. O prop\u00f3sito recursal consiste em determinar se, para ocorrer danos morais em fun\u00e7\u00e3o do encontro de corpo estranho em alimento industrializa\u00e7\u00e3o, \u00e9 necess\u00e1ria sua ingest\u00e3o ou se o simples fato de levar tal res\u00edduo \u00e0 boca \u00e9 suficiente para a configura\u00e7\u00e3o do dano moral.<\/em><br \/>\n<em>3. A aquisi\u00e7\u00e3o de produto de g\u00eanero aliment\u00edcio contendo em seu interior corpo estranho, expondo o consumidor \u00e0 risco concreto de les\u00e3o \u00e0 sua sa\u00fade e seguran\u00e7a, ainda que n\u00e3o ocorra a ingest\u00e3o de seu conte\u00fado, d\u00e1 direito \u00e0 compensa\u00e7\u00e3o por dano moral, dada a ofensa ao direito fundamental \u00e0 alimenta\u00e7\u00e3o adequada, corol\u00e1rio do princ\u00edpio da dignidade da pessoa humana.<\/em><br \/>\n<em>4. Hip\u00f3tese em que se caracteriza defeito do produto (art. 12, CDC), o qual exp\u00f5e o consumidor \u00e0 risco concreto de dano \u00e0 sua sa\u00fade e seguran\u00e7a, em clara infring\u00eancia ao dever legal dirigido ao fornecedor, previsto no art. 8\u00ba<\/em><br \/>\n<em>do CDC.<\/em><br \/>\n<em>5. Na hip\u00f3tese dos autos, o simples \u201clevar \u00e0 boca\u201d do corpo estranho possui as mesmas consequ\u00eancias negativas \u00e0 sa\u00fade e \u00e0 integridade f\u00edsica do consumidor que sua ingest\u00e3o propriamente dita.<\/em><br \/>\n<em>6. Recurso especial provido.<\/em><br \/>\n<em>(REsp 1.644.405-RS, Rel. Min. Nancy Andrighi, por unanimidade, julgado em 09\/11\/2017, DJe 17\/11\/2017).<\/em><\/p>\n<h2 class=\"western\" style=\"text-align: justify;\">O caso<\/h2>\n<p style=\"text-align: justify;\">O caso apresentado versa sobre a\u00e7\u00e3o de indeniza\u00e7\u00e3o por danos morais em face de empresa aliment\u00edcia que fabrica biscoitos recheados.<\/p>\n<p style=\"text-align: justify;\">Os autores discutiam em ju\u00edzo que um de seus filhos, \u00e0 \u00e9poca com oito anos, ao mastigar o produto, encontrou uma alian\u00e7a no recheio de um dos biscoitos, cuspindo-a antes de engolir.<\/p>\n<p style=\"text-align: justify;\">O Tribunal de Justi\u00e7a Local negou a indeniza\u00e7\u00e3o pretendida ao argumento de que se inexistente a ingest\u00e3o do produto, n\u00e3o h\u00e1 que se falar em dano moral, raz\u00e3o pela qual os Autores recorreram ao STJ.<\/p>\n<h2 style=\"text-align: justify;\">Conte\u00fado te\u00f3rico pertinente<\/h2>\n<p style=\"text-align: justify;\">Basicamente a discuss\u00e3o que se desenha \u00e9 a seguinte: existe direito a dano moral por parte do consumidor em caso de corpo estranho encontrado em embalagens de alimentos?<br \/>\nA pretens\u00e3o se justifica tanto em raz\u00e3o do artigo 6\u00ba, inciso I quanto do artigo 12 do CDC:<\/p>\n<p style=\"text-align: justify;\"><em>Art. 6\u00ba S\u00e3o direitos b\u00e1sicos do consumidor:<\/em><br \/>\n<em>I &#8211; a prote\u00e7\u00e3o da vida, sa\u00fade e seguran\u00e7a contra os riscos provocados por pr\u00e1ticas no fornecimento de produtos e servi\u00e7os considerados perigosos ou nocivos;<\/em><br \/>\n<em>Art. 12. O fabricante, o produtor, o construtor, nacional ou estrangeiro, e o importador respondem, independentemente da exist\u00eancia de culpa, pela repara\u00e7\u00e3o dos danos causados aos consumidores por defeitos decorrentes de projeto, fabrica\u00e7\u00e3o, constru\u00e7\u00e3o, montagem, f\u00f3rmulas, manipula\u00e7\u00e3o, apresenta\u00e7\u00e3o ou acondicionamento de seus produtos, bem como por informa\u00e7\u00f5es insuficientes ou inadequadas sobre sua utiliza\u00e7\u00e3o e riscos.<\/em><\/p>\n<p class=\"western\" style=\"text-align: justify;\">Este tema \u00e9 bastante pol\u00eamico e possui decis\u00f5es divergentes no seio do pr\u00f3prio STJ.<\/p>\n<p class=\"western\" style=\"text-align: justify;\">De um lado, h\u00e1 corrente que entende ser a simples exposi\u00e7\u00e3o da sa\u00fade do consumidor a risco, um fato que exige a repara\u00e7\u00e3o por dano moral.<\/p>\n<p class=\"western\" style=\"text-align: justify;\">Isto porque as regras protetivas \u00e0 sua sa\u00fade e seguran\u00e7a s\u00e3o princ\u00edpios b\u00e1sicos da rela\u00e7\u00e3o consumerista. Trata-se de posicionamento j\u00e1 exarado pela 3\u00aa turma do STJ, em especial no Informativo 537 e que ainda encontra guarida em julgado de 2016:<\/p>\n<p style=\"text-align: justify;\"><em>AGRAVO REGIMENTAL. RECURSO ESPECIAL. C\u00d3DIGO DE DEFESA DO CONSUMIDOR. RESPONSABILIDADE CIVIL. PRESEN\u00c7A DE CORPO ESTRANHO EM ALIMENTO. EXPOSI\u00c7\u00c3O DO CONSUMIDOR A RISCO DE LES\u00c3O \u00c0 SUA SA\u00daDE E SEGURAN\u00c7A. DANO MORAL EXISTENTE.<br \/>\n1. <u><b>A disponibiliza\u00e7\u00e3o de produto considerado impr\u00f3prio para consumo em virtude da presen\u00e7a de objeto estranho no seu interior afeta a seguran\u00e7a que rege as rela\u00e7\u00f5es consumeristas na medida que exp\u00f5e o consumidor a risco de les\u00e3o \u00e0 sua sa\u00fade e seguran\u00e7a e, portanto, d\u00e1 direito \u00e0 compensa\u00e7\u00e3o por dano moral.<br \/>\n<\/b><\/u>2. Agravo regimental provido.<br \/>\n(AgRg no REsp 1380274\/SC, Rel. Ministro JO\u00c3O OT\u00c1VIO DE NORONHA, TERCEIRA TURMA, julgado em 10\/05\/2016, DJe 19\/05\/2016)<\/em><\/p>\n<p class=\"western\" style=\"text-align: justify;\">Por outro lado, a posi\u00e7\u00e3o que parece prevalecer \u00e9 a de que este fato constitui-se em mero dissabor vivenciado pelo consumidor, conforme Informativo de n\u00famero 553. \u00c9 que a aus\u00eancia de ingest\u00e3o do produto afasta eventual pretens\u00e3o indenizat\u00f3ria.<\/p>\n<p class=\"western\" style=\"text-align: justify;\">Neste sentido, tamb\u00e9m em 2016, a 4\u00aa Turma do STJ assim entendeu:<\/p>\n<p style=\"text-align: justify;\"><span style=\"font-size: 12pt;\"><em>AGRAVO INTERNO EM RECURSO ESPECIAL &#8211; A\u00c7\u00c3O DE CONDENAT\u00d3RIA &#8211; AQUISI\u00c7\u00c3O DE PRODUTO IMPR\u00d3PRIO PARA CONSUMO &#8211; DECIS\u00c3O MONOCR\u00c1TICA QUE DEU PARCIAL PROVIMENTO AO RECLAMO PARA JULGAR IMPROCEDENTE O PEDIDO.<\/em><\/span><br \/>\n<span style=\"font-size: 12pt;\"> <em>INSURG\u00caNCIA DA PARTE AUTORA.<\/em><\/span><br \/>\n<span style=\"font-size: 12pt;\"> <em>1. &#8220;<strong><span style=\"text-decoration: underline;\">A jurisprud\u00eancia do Superior Tribunal de Justi\u00e7a se consolidou no sentido de que a aus\u00eancia de ingest\u00e3o de produto impr\u00f3prio para o consumo configura, em regra, hip\u00f3tese de mero dissabor vivenciado pelo consumidor, o que afasta eventual pretens\u00e3o indenizat\u00f3ria decorrente de alegado dano moral.<\/span><\/strong>&#8221; (cf. AgRg no AREsp 489.030\/SP, Rel. Ministro LUIS FELIPE SALOM\u00c3O, QUARTA TURMA, julgado em 16\/04\/2015, DJe 27\/04\/2015) 2. Agravo interno desprovido.<\/em><\/span><br \/>\n<span style=\"font-size: 12pt;\"> <em>(AgInt no REsp 1179964\/RJ, Rel. Ministro MARCO BUZZI, QUARTA TURMA, julgado em 04\/10\/2016, DJe 10\/10\/2016)<\/em><\/span><\/p>\n<p class=\"western\" style=\"text-align: justify;\">O caso analisado neste Informativo 616 \u00e9 diferente de ambos os anteriores: a crian\u00e7a colocou o produto na boca, mas n\u00e3o chegou a engolir. Neste caso, caberia dano moral?<\/p>\n<p class=\"western\" style=\"text-align: justify;\">O STJ entendeu que sim.<\/p>\n<p class=\"western\" style=\"text-align: justify;\">Segundo a Ministra Relatora, Dr. Nancy Andrighi, restou configurada a ofensa ao artigo 12 do CDC na medida em que:<\/p>\n<p style=\"text-align: justify;\"><i>\u00c9 indubit\u00e1vel que o corpo estranho contido no recheio de um biscoito exp\u00f4s o consumidor a risco, na medida em que, levando-o \u00e0 boca por estar encoberto pelo produto adquirido, sujeitou-se \u00e0 ocorr\u00eancia de diversos tipos de dano, seja \u00e0 sua sa\u00fade f\u00edsica, seja \u00e0 sua integridade ps\u00edquica. <b>O consumidor foi, portanto, exposto a grave risco, o que torna ipso facto defeituoso o produto.<\/b><\/i><\/p>\n<p class=\"western\" style=\"text-align: justify;\">O voto, seguido integralmente pela Terceira Turma do STJ, pontuou inclusive que<\/p>\n<p style=\"text-align: justify;\"><i>Al\u00e9m disso, o simples \u201clevar \u00e0 boca\u201d do corpo estranho possui as mesmas consequ\u00eancias negativas \u00e0 sa\u00fade e \u00e0 integridade f\u00edsica e ps\u00edquica do consumidor que sua degluti\u00e7\u00e3o propriamente dita, pois desde este momento poder\u00e1 haver contamina\u00e7\u00f5es e les\u00f5es de diversos tipos. Na hip\u00f3tese dos autos, portanto, o risco ao consumidor manifestou-se de forma concreta e patente, sendo o consumidor merecedor de toda a prote\u00e7\u00e3o oferecida pelo CDC.<\/i><\/p>\n<h2 class=\"western\" style=\"text-align: justify;\"><b>Quest\u00e3o de prova<\/b><\/h2>\n<p style=\"text-align: justify;\"><em>De acordo com a jurisprud\u00eancia do STJ, o simples \u201clevar \u00e0 boca\u201d do corpo estranho presente dentro de alimentos possui as mesmas consequ\u00eancias negativas \u00e0 sa\u00fade e \u00e0 integridade f\u00edsica do consumidor que sua ingest\u00e3o propriamente dita, ensejando o dever de indenizar do Fornecedor \u00e0 luz do artigo 12 do CDC.<\/em><\/p>\n<p class=\"western\" style=\"text-align: justify;\">Item <strong><em>v<\/em><\/strong><strong><em>erdadeiro<\/em><\/strong>, conforme recente julgado do STJ.<\/p>\n<hr \/>\n<h2 style=\"text-align: justify;\">O projeto Informativo Estrat\u00e9gico<\/h2>\n<p style=\"text-align: justify;\">A equipe de professores do Estrat\u00e9gia Carreira Jur\u00eddica seleciona os julgados mais relevantes dos Informativos de Jurisprud\u00eancia do Superior Tribunal de Justi\u00e7a e do Supremo Tribunal Federal, publicados periodicamente.<\/p>\n<p style=\"text-align: justify;\">A cada rodada, um grupo de professores&nbsp;<em><strong>comenta<\/strong><\/em><strong>&nbsp;<\/strong>os temas mais relevantes do Informativo e prop\u00f5e quest\u00f5es de concursos p\u00fablicos que discutem os conte\u00fados jur\u00eddicos encontrados nos julgados.<\/p>\n<p style=\"text-align: justify;\">Confira a lista completa dos <a href=\"https:\/\/www.estrategiaconcursos.com.br\/blog\/informativo-stj\/\" target=\"_blank\" rel=\"noopener noreferrer\">Informativos do STJ<\/a>.&nbsp;N\u00e3o perca tamb\u00e9m os <a href=\"https:\/\/www.estrategiaconcursos.com.br\/blog\/informativo-stf\/\" target=\"_blank\" rel=\"noopener noreferrer\">Informativos do STF<\/a> comentados pelos melhores especialistas.<\/p>\n<p style=\"text-align: justify;\">Conhe\u00e7a tamb\u00e9m os nossos cursos preparat\u00f3rios para os principais concursos p\u00fablicos do momento:<\/p>\n<p style=\"text-align: justify;\"><a href=\"https:\/\/www.estrategiaconcursos.com.br\/cursosPorConcurso\/magistratura-estadual-regular\/\" target=\"_blank\" rel=\"noopener noreferrer\">Magistratura Estadual (Regular)<\/a><\/p>\n<p style=\"text-align: justify;\"><a href=\"https:\/\/www.estrategiaconcursos.com.br\/cursosPorConcurso\/magistratura-federal-regular\/\" target=\"_blank\" rel=\"noopener noreferrer\">Magistratura Federal (Regular)<\/a><\/p>\n<p style=\"text-align: justify;\"><a href=\"https:\/\/www.estrategiaconcursos.com.br\/cursosPorConcurso\/mp-rj-promotor-de-justica\/\" target=\"_blank\" rel=\"noopener noreferrer\">Cursos para MP-RJ (Inscri\u00e7\u00f5es abertas)<\/a><\/p>\n<p style=\"text-align: justify;\"><a href=\"https:\/\/www.estrategiaconcursos.com.br\/cursosPorConcurso\/mp-ba-promotor\/\" target=\"_blank\" rel=\"noopener noreferrer\">Cursos para MP &#8211; BA (Inscri\u00e7\u00f5es abertas)<\/a><\/p>\n<p style=\"text-align: justify;\"><a href=\"https:\/\/www.estrategiaconcursos.com.br\/cursosPorConcurso\/trf-3-regiao-juiz-sao-paulo-e-mato-grosso-do-sul\/\" target=\"_blank\" rel=\"noopener noreferrer\">Cursos para Juiz Federal TRF-3 (Regulamento publicado)<\/a><\/p>\n<p style=\"text-align: justify;\"><a href=\"https:\/\/www.estrategiaconcursos.com.br\/cursosPorConcurso\/pge-sp-procurador-do-estado\/\" target=\"_blank\" rel=\"noopener noreferrer\">Cursos para PGE-SP (Edital em breve)<\/a><\/p>\n<p class=\"western\" style=\"text-align: justify;\">Grande abra\u00e7o,<\/p>\n<p class=\"western\" style=\"text-align: justify;\"><strong>Igor Maciel&nbsp;<\/strong>(<a href=\"https:\/\/www.instagram.com\/profigormaciel\/\" target=\"_blank\" rel=\"noopener noreferrer\">@profigormaciel<\/a>)<\/p>\n","protected":false},"excerpt":{"rendered":"<p>Ol\u00e1 pessoal, tudo bom? Meu nome \u00e9 Igor Maciel e sou professor aqui do Estrat\u00e9gia Concursos das disciplinas de Direito Administrativo e de Direito do Consumidor. Com a publica\u00e7\u00e3o do Informativo STJ 616, selecionei, da \u00e1rea de Direito do Consumidor, o&nbsp;REsp 1.644.405-RS.&nbsp;Aqui voc\u00ea vai poder conhecer mais detalhes do ac\u00f3rd\u00e3o de novembro de 2017 que [&hellip;]<\/p>\n","protected":false},"author":317,"featured_media":70763,"comment_status":"open","ping_status":"closed","sticky":false,"template":"","format":"standard","meta":{"post_tipo":"article","footnotes":""},"categories":[2185],"tags":[3496,72,3527],"tax_estado":[],"class_list":["post-107018","post","type-post","status-publish","format-standard","has-post-thumbnail","hentry","category-carreiras-juridicas","tag-direito-do-consumidor","tag-informativo-stj","tag-informativo-stj-616"],"acf":[],"yoast_head":"<!-- This site is optimized with the Yoast SEO Premium plugin v27.2 (Yoast SEO v27.2) - https:\/\/yoast.com\/product\/yoast-seo-premium-wordpress\/ -->\n<title>Informativo STJ 616 | Conhe\u00e7a o julgado de Direito do Consumidor<\/title>\n<meta name=\"description\" content=\"Conhe\u00e7a aqui o julgado de Direito do Consumidor do Informativo STJ 616, comentado pelo Prof. Igor Maciel, do Estrat\u00e9gia Carreira Jur\u00eddica. N\u00e3o perca!\" \/>\n<meta name=\"robots\" content=\"index, follow, max-snippet:-1, max-image-preview:large, max-video-preview:-1\" \/>\n<link rel=\"canonical\" href=\"https:\/\/www.estrategiaconcursos.com.br\/blog\/informativo-stj-616-direito-do-consumidor\/\" \/>\n<meta property=\"og:locale\" content=\"pt_BR\" \/>\n<meta property=\"og:type\" content=\"article\" \/>\n<meta property=\"og:title\" content=\"Informativo STJ 616 | Direito do Consumidor\" \/>\n<meta property=\"og:description\" content=\"Conhe\u00e7a aqui o julgado de Direito do Consumidor do Informativo STJ 616, comentado pelo Prof. Igor Maciel, do Estrat\u00e9gia Carreira Jur\u00eddica. N\u00e3o perca!\" \/>\n<meta property=\"og:url\" content=\"https:\/\/www.estrategiaconcursos.com.br\/blog\/informativo-stj-616-direito-do-consumidor\/\" \/>\n<meta property=\"og:site_name\" content=\"Estrat\u00e9gia Concursos\" \/>\n<meta property=\"article:author\" content=\"https:\/\/www.facebook.com\/igor.maciel.1420\" \/>\n<meta property=\"article:published_time\" content=\"2018-02-20T13:06:52+00:00\" \/>\n<meta property=\"article:modified_time\" content=\"2020-07-16T14:13:45+00:00\" \/>\n<meta property=\"og:image\" content=\"https:\/\/dhg1h5j42swfq.cloudfront.net\/2017\/04\/13185854\/informativo-estrategico.png\" \/>\n\t<meta property=\"og:image:width\" content=\"447\" \/>\n\t<meta property=\"og:image:height\" content=\"300\" \/>\n\t<meta property=\"og:image:type\" content=\"image\/png\" \/>\n<meta name=\"author\" content=\"Igor Maciel\" \/>\n<meta name=\"twitter:card\" content=\"summary_large_image\" \/>\n<meta name=\"twitter:creator\" content=\"@EstratConcursos\" \/>\n<meta name=\"twitter:site\" content=\"@EstratConcursos\" \/>\n<meta name=\"twitter:label1\" content=\"Escrito por\" \/>\n\t<meta name=\"twitter:data1\" content=\"Igor Maciel\" \/>\n\t<meta name=\"twitter:label2\" content=\"Est. tempo de leitura\" \/>\n\t<meta name=\"twitter:data2\" content=\"7 minutos\" \/>\n<script type=\"application\/ld+json\" class=\"yoast-schema-graph\">{\"@context\":\"https:\/\/schema.org\",\"@graph\":[{\"@type\":\"NewsArticle\",\"@id\":\"https:\/\/www.estrategiaconcursos.com.br\/blog\/informativo-stj-616-direito-do-consumidor\/#article\",\"isPartOf\":{\"@id\":\"https:\/\/www.estrategiaconcursos.com.br\/blog\/informativo-stj-616-direito-do-consumidor\/\"},\"author\":{\"name\":\"Igor Maciel\",\"@id\":\"https:\/\/www.estrategiaconcursos.com.br\/blog\/#\/schema\/person\/024d26d5efb06d95dfc04025d7301591\"},\"headline\":\"Informativo STJ 616 | Direito do Consumidor\",\"datePublished\":\"2018-02-20T13:06:52+00:00\",\"dateModified\":\"2020-07-16T14:13:45+00:00\",\"mainEntityOfPage\":{\"@id\":\"https:\/\/www.estrategiaconcursos.com.br\/blog\/informativo-stj-616-direito-do-consumidor\/\"},\"wordCount\":1485,\"commentCount\":0,\"publisher\":{\"@id\":\"https:\/\/www.estrategiaconcursos.com.br\/blog\/#organization\"},\"image\":{\"@id\":\"https:\/\/www.estrategiaconcursos.com.br\/blog\/informativo-stj-616-direito-do-consumidor\/#primaryimage\"},\"thumbnailUrl\":\"https:\/\/dhg1h5j42swfq.cloudfront.net\/2017\/04\/13185854\/informativo-estrategico.png\",\"keywords\":[\"Direito do Consumidor\",\"Informativo STJ\",\"Informativo STJ 616\"],\"articleSection\":[\"Jur\u00eddico\"],\"inLanguage\":\"pt-BR\",\"potentialAction\":[{\"@type\":\"CommentAction\",\"name\":\"Comment\",\"target\":[\"https:\/\/www.estrategiaconcursos.com.br\/blog\/informativo-stj-616-direito-do-consumidor\/#respond\"]}],\"copyrightYear\":\"2018\",\"copyrightHolder\":{\"@id\":\"https:\/\/www.estrategiaconcursos.com.br\/blog\/#organization\"}},{\"@type\":\"WebPage\",\"@id\":\"https:\/\/www.estrategiaconcursos.com.br\/blog\/informativo-stj-616-direito-do-consumidor\/\",\"url\":\"https:\/\/www.estrategiaconcursos.com.br\/blog\/informativo-stj-616-direito-do-consumidor\/\",\"name\":\"Informativo STJ 616 | Conhe\u00e7a o julgado de Direito do Consumidor\",\"isPartOf\":{\"@id\":\"https:\/\/www.estrategiaconcursos.com.br\/blog\/#website\"},\"primaryImageOfPage\":{\"@id\":\"https:\/\/www.estrategiaconcursos.com.br\/blog\/informativo-stj-616-direito-do-consumidor\/#primaryimage\"},\"image\":{\"@id\":\"https:\/\/www.estrategiaconcursos.com.br\/blog\/informativo-stj-616-direito-do-consumidor\/#primaryimage\"},\"thumbnailUrl\":\"https:\/\/dhg1h5j42swfq.cloudfront.net\/2017\/04\/13185854\/informativo-estrategico.png\",\"datePublished\":\"2018-02-20T13:06:52+00:00\",\"dateModified\":\"2020-07-16T14:13:45+00:00\",\"description\":\"Conhe\u00e7a aqui o julgado de Direito do Consumidor do Informativo STJ 616, comentado pelo Prof. Igor Maciel, do Estrat\u00e9gia Carreira Jur\u00eddica. N\u00e3o perca!\",\"breadcrumb\":{\"@id\":\"https:\/\/www.estrategiaconcursos.com.br\/blog\/informativo-stj-616-direito-do-consumidor\/#breadcrumb\"},\"inLanguage\":\"pt-BR\",\"potentialAction\":[{\"@type\":\"ReadAction\",\"target\":[\"https:\/\/www.estrategiaconcursos.com.br\/blog\/informativo-stj-616-direito-do-consumidor\/\"]}]},{\"@type\":\"ImageObject\",\"inLanguage\":\"pt-BR\",\"@id\":\"https:\/\/www.estrategiaconcursos.com.br\/blog\/informativo-stj-616-direito-do-consumidor\/#primaryimage\",\"url\":\"https:\/\/dhg1h5j42swfq.cloudfront.net\/2017\/04\/13185854\/informativo-estrategico.png\",\"contentUrl\":\"https:\/\/dhg1h5j42swfq.cloudfront.net\/2017\/04\/13185854\/informativo-estrategico.png\",\"width\":447,\"height\":300,\"caption\":\"informativo stj\"},{\"@type\":\"BreadcrumbList\",\"@id\":\"https:\/\/www.estrategiaconcursos.com.br\/blog\/informativo-stj-616-direito-do-consumidor\/#breadcrumb\",\"itemListElement\":[{\"@type\":\"ListItem\",\"position\":1,\"name\":\"In\u00edcio\",\"item\":\"https:\/\/www.estrategiaconcursos.com.br\/blog\/\"},{\"@type\":\"ListItem\",\"position\":2,\"name\":\"Informativo STJ 616 | Direito do Consumidor\"}]},{\"@type\":\"WebSite\",\"@id\":\"https:\/\/www.estrategiaconcursos.com.br\/blog\/#website\",\"url\":\"https:\/\/www.estrategiaconcursos.com.br\/blog\/\",\"name\":\"Estrat\u00e9gia Concursos\",\"description\":\"O blog da Estrat\u00e9gia Concursos traz not\u00edcias sobre concursos e artigos de professores oferecendo cursos para concursos (pdf + videaulas) no site.\",\"publisher\":{\"@id\":\"https:\/\/www.estrategiaconcursos.com.br\/blog\/#organization\"},\"potentialAction\":[{\"@type\":\"SearchAction\",\"target\":{\"@type\":\"EntryPoint\",\"urlTemplate\":\"https:\/\/www.estrategiaconcursos.com.br\/blog\/?s={search_term_string}\"},\"query-input\":{\"@type\":\"PropertyValueSpecification\",\"valueRequired\":true,\"valueName\":\"search_term_string\"}}],\"inLanguage\":\"pt-BR\"},{\"@type\":\"Organization\",\"@id\":\"https:\/\/www.estrategiaconcursos.com.br\/blog\/#organization\",\"name\":\"Estrat\u00e9gia Concursos\",\"url\":\"https:\/\/www.estrategiaconcursos.com.br\/blog\/\",\"logo\":{\"@type\":\"ImageObject\",\"inLanguage\":\"pt-BR\",\"@id\":\"https:\/\/www.estrategiaconcursos.com.br\/blog\/#\/schema\/logo\/image\/\",\"url\":\"https:\/\/dhg1h5j42swfq.cloudfront.net\/2025\/06\/03203428\/logo_concursos-1.jpg\",\"contentUrl\":\"https:\/\/dhg1h5j42swfq.cloudfront.net\/2025\/06\/03203428\/logo_concursos-1.jpg\",\"width\":230,\"height\":60,\"caption\":\"Estrat\u00e9gia Concursos\"},\"image\":{\"@id\":\"https:\/\/www.estrategiaconcursos.com.br\/blog\/#\/schema\/logo\/image\/\"},\"sameAs\":[\"https:\/\/x.com\/EstratConcursos\"]},{\"@type\":\"Person\",\"@id\":\"https:\/\/www.estrategiaconcursos.com.br\/blog\/#\/schema\/person\/024d26d5efb06d95dfc04025d7301591\",\"name\":\"Igor Maciel\",\"image\":{\"@type\":\"ImageObject\",\"inLanguage\":\"pt-BR\",\"@id\":\"https:\/\/secure.gravatar.com\/avatar\/e983a676af6facf4aebcb2989d49e3bf61b718712d5e7a4b3f355b7fe651bc2f?s=96&d=mm&r=g\",\"url\":\"https:\/\/secure.gravatar.com\/avatar\/e983a676af6facf4aebcb2989d49e3bf61b718712d5e7a4b3f355b7fe651bc2f?s=96&d=mm&r=g\",\"contentUrl\":\"https:\/\/secure.gravatar.com\/avatar\/e983a676af6facf4aebcb2989d49e3bf61b718712d5e7a4b3f355b7fe651bc2f?s=96&d=mm&r=g\",\"caption\":\"Igor Maciel\"},\"description\":\"Graduado na Universidade Federal de Pernambuco, com extens\u00e3o na Universidade de Coimbra\/Portugal. Especialista LLM em Direito Corporativo pelo IBMEC\/RJ. Mestrando em Direito e Pol\u00edticas P\u00fablicas pelo UNICEUB\/DF. Advogado com atua\u00e7\u00e3o profissional centrada no Direito Tribut\u00e1rio e no Direito Administrativo, especialmente na defesa de servidores p\u00fablicos.\",\"sameAs\":[\"http:\/\/www.imaciel.com.br\",\"https:\/\/www.facebook.com\/igor.maciel.1420\"],\"url\":\"https:\/\/www.estrategiaconcursos.com.br\/blog\/author\/contatoimaciel-com-br\/\"}]}<\/script>\n<!-- \/ Yoast SEO Premium plugin. -->","yoast_head_json":{"title":"Informativo STJ 616 | Conhe\u00e7a o julgado de Direito do Consumidor","description":"Conhe\u00e7a aqui o julgado de Direito do Consumidor do Informativo STJ 616, comentado pelo Prof. Igor Maciel, do Estrat\u00e9gia Carreira Jur\u00eddica. N\u00e3o perca!","robots":{"index":"index","follow":"follow","max-snippet":"max-snippet:-1","max-image-preview":"max-image-preview:large","max-video-preview":"max-video-preview:-1"},"canonical":"https:\/\/www.estrategiaconcursos.com.br\/blog\/informativo-stj-616-direito-do-consumidor\/","og_locale":"pt_BR","og_type":"article","og_title":"Informativo STJ 616 | Direito do Consumidor","og_description":"Conhe\u00e7a aqui o julgado de Direito do Consumidor do Informativo STJ 616, comentado pelo Prof. Igor Maciel, do Estrat\u00e9gia Carreira Jur\u00eddica. N\u00e3o perca!","og_url":"https:\/\/www.estrategiaconcursos.com.br\/blog\/informativo-stj-616-direito-do-consumidor\/","og_site_name":"Estrat\u00e9gia Concursos","article_author":"https:\/\/www.facebook.com\/igor.maciel.1420","article_published_time":"2018-02-20T13:06:52+00:00","article_modified_time":"2020-07-16T14:13:45+00:00","og_image":[{"width":447,"height":300,"url":"https:\/\/dhg1h5j42swfq.cloudfront.net\/2017\/04\/13185854\/informativo-estrategico.png","type":"image\/png"}],"author":"Igor Maciel","twitter_card":"summary_large_image","twitter_creator":"@EstratConcursos","twitter_site":"@EstratConcursos","twitter_misc":{"Escrito por":"Igor Maciel","Est. tempo de leitura":"7 minutos"},"schema":{"@context":"https:\/\/schema.org","@graph":[{"@type":"NewsArticle","@id":"https:\/\/www.estrategiaconcursos.com.br\/blog\/informativo-stj-616-direito-do-consumidor\/#article","isPartOf":{"@id":"https:\/\/www.estrategiaconcursos.com.br\/blog\/informativo-stj-616-direito-do-consumidor\/"},"author":{"name":"Igor Maciel","@id":"https:\/\/www.estrategiaconcursos.com.br\/blog\/#\/schema\/person\/024d26d5efb06d95dfc04025d7301591"},"headline":"Informativo STJ 616 | Direito do Consumidor","datePublished":"2018-02-20T13:06:52+00:00","dateModified":"2020-07-16T14:13:45+00:00","mainEntityOfPage":{"@id":"https:\/\/www.estrategiaconcursos.com.br\/blog\/informativo-stj-616-direito-do-consumidor\/"},"wordCount":1485,"commentCount":0,"publisher":{"@id":"https:\/\/www.estrategiaconcursos.com.br\/blog\/#organization"},"image":{"@id":"https:\/\/www.estrategiaconcursos.com.br\/blog\/informativo-stj-616-direito-do-consumidor\/#primaryimage"},"thumbnailUrl":"https:\/\/dhg1h5j42swfq.cloudfront.net\/2017\/04\/13185854\/informativo-estrategico.png","keywords":["Direito do Consumidor","Informativo STJ","Informativo STJ 616"],"articleSection":["Jur\u00eddico"],"inLanguage":"pt-BR","potentialAction":[{"@type":"CommentAction","name":"Comment","target":["https:\/\/www.estrategiaconcursos.com.br\/blog\/informativo-stj-616-direito-do-consumidor\/#respond"]}],"copyrightYear":"2018","copyrightHolder":{"@id":"https:\/\/www.estrategiaconcursos.com.br\/blog\/#organization"}},{"@type":"WebPage","@id":"https:\/\/www.estrategiaconcursos.com.br\/blog\/informativo-stj-616-direito-do-consumidor\/","url":"https:\/\/www.estrategiaconcursos.com.br\/blog\/informativo-stj-616-direito-do-consumidor\/","name":"Informativo STJ 616 | Conhe\u00e7a o julgado de Direito do Consumidor","isPartOf":{"@id":"https:\/\/www.estrategiaconcursos.com.br\/blog\/#website"},"primaryImageOfPage":{"@id":"https:\/\/www.estrategiaconcursos.com.br\/blog\/informativo-stj-616-direito-do-consumidor\/#primaryimage"},"image":{"@id":"https:\/\/www.estrategiaconcursos.com.br\/blog\/informativo-stj-616-direito-do-consumidor\/#primaryimage"},"thumbnailUrl":"https:\/\/dhg1h5j42swfq.cloudfront.net\/2017\/04\/13185854\/informativo-estrategico.png","datePublished":"2018-02-20T13:06:52+00:00","dateModified":"2020-07-16T14:13:45+00:00","description":"Conhe\u00e7a aqui o julgado de Direito do Consumidor do Informativo STJ 616, comentado pelo Prof. Igor Maciel, do Estrat\u00e9gia Carreira Jur\u00eddica. N\u00e3o perca!","breadcrumb":{"@id":"https:\/\/www.estrategiaconcursos.com.br\/blog\/informativo-stj-616-direito-do-consumidor\/#breadcrumb"},"inLanguage":"pt-BR","potentialAction":[{"@type":"ReadAction","target":["https:\/\/www.estrategiaconcursos.com.br\/blog\/informativo-stj-616-direito-do-consumidor\/"]}]},{"@type":"ImageObject","inLanguage":"pt-BR","@id":"https:\/\/www.estrategiaconcursos.com.br\/blog\/informativo-stj-616-direito-do-consumidor\/#primaryimage","url":"https:\/\/dhg1h5j42swfq.cloudfront.net\/2017\/04\/13185854\/informativo-estrategico.png","contentUrl":"https:\/\/dhg1h5j42swfq.cloudfront.net\/2017\/04\/13185854\/informativo-estrategico.png","width":447,"height":300,"caption":"informativo stj"},{"@type":"BreadcrumbList","@id":"https:\/\/www.estrategiaconcursos.com.br\/blog\/informativo-stj-616-direito-do-consumidor\/#breadcrumb","itemListElement":[{"@type":"ListItem","position":1,"name":"In\u00edcio","item":"https:\/\/www.estrategiaconcursos.com.br\/blog\/"},{"@type":"ListItem","position":2,"name":"Informativo STJ 616 | Direito do Consumidor"}]},{"@type":"WebSite","@id":"https:\/\/www.estrategiaconcursos.com.br\/blog\/#website","url":"https:\/\/www.estrategiaconcursos.com.br\/blog\/","name":"Estrat\u00e9gia Concursos","description":"O blog da Estrat\u00e9gia Concursos traz not\u00edcias sobre concursos e artigos de professores oferecendo cursos para concursos (pdf + videaulas) no site.","publisher":{"@id":"https:\/\/www.estrategiaconcursos.com.br\/blog\/#organization"},"potentialAction":[{"@type":"SearchAction","target":{"@type":"EntryPoint","urlTemplate":"https:\/\/www.estrategiaconcursos.com.br\/blog\/?s={search_term_string}"},"query-input":{"@type":"PropertyValueSpecification","valueRequired":true,"valueName":"search_term_string"}}],"inLanguage":"pt-BR"},{"@type":"Organization","@id":"https:\/\/www.estrategiaconcursos.com.br\/blog\/#organization","name":"Estrat\u00e9gia Concursos","url":"https:\/\/www.estrategiaconcursos.com.br\/blog\/","logo":{"@type":"ImageObject","inLanguage":"pt-BR","@id":"https:\/\/www.estrategiaconcursos.com.br\/blog\/#\/schema\/logo\/image\/","url":"https:\/\/dhg1h5j42swfq.cloudfront.net\/2025\/06\/03203428\/logo_concursos-1.jpg","contentUrl":"https:\/\/dhg1h5j42swfq.cloudfront.net\/2025\/06\/03203428\/logo_concursos-1.jpg","width":230,"height":60,"caption":"Estrat\u00e9gia Concursos"},"image":{"@id":"https:\/\/www.estrategiaconcursos.com.br\/blog\/#\/schema\/logo\/image\/"},"sameAs":["https:\/\/x.com\/EstratConcursos"]},{"@type":"Person","@id":"https:\/\/www.estrategiaconcursos.com.br\/blog\/#\/schema\/person\/024d26d5efb06d95dfc04025d7301591","name":"Igor Maciel","image":{"@type":"ImageObject","inLanguage":"pt-BR","@id":"https:\/\/secure.gravatar.com\/avatar\/e983a676af6facf4aebcb2989d49e3bf61b718712d5e7a4b3f355b7fe651bc2f?s=96&d=mm&r=g","url":"https:\/\/secure.gravatar.com\/avatar\/e983a676af6facf4aebcb2989d49e3bf61b718712d5e7a4b3f355b7fe651bc2f?s=96&d=mm&r=g","contentUrl":"https:\/\/secure.gravatar.com\/avatar\/e983a676af6facf4aebcb2989d49e3bf61b718712d5e7a4b3f355b7fe651bc2f?s=96&d=mm&r=g","caption":"Igor Maciel"},"description":"Graduado na Universidade Federal de Pernambuco, com extens\u00e3o na Universidade de Coimbra\/Portugal. Especialista LLM em Direito Corporativo pelo IBMEC\/RJ. Mestrando em Direito e Pol\u00edticas P\u00fablicas pelo UNICEUB\/DF. Advogado com atua\u00e7\u00e3o profissional centrada no Direito Tribut\u00e1rio e no Direito Administrativo, especialmente na defesa de servidores p\u00fablicos.","sameAs":["http:\/\/www.imaciel.com.br","https:\/\/www.facebook.com\/igor.maciel.1420"],"url":"https:\/\/www.estrategiaconcursos.com.br\/blog\/author\/contatoimaciel-com-br\/"}]}},"_links":{"self":[{"href":"https:\/\/www.estrategiaconcursos.com.br\/blog\/wp-json\/wp\/v2\/posts\/107018","targetHints":{"allow":["GET"]}}],"collection":[{"href":"https:\/\/www.estrategiaconcursos.com.br\/blog\/wp-json\/wp\/v2\/posts"}],"about":[{"href":"https:\/\/www.estrategiaconcursos.com.br\/blog\/wp-json\/wp\/v2\/types\/post"}],"author":[{"embeddable":true,"href":"https:\/\/www.estrategiaconcursos.com.br\/blog\/wp-json\/wp\/v2\/users\/317"}],"replies":[{"embeddable":true,"href":"https:\/\/www.estrategiaconcursos.com.br\/blog\/wp-json\/wp\/v2\/comments?post=107018"}],"version-history":[{"count":10,"href":"https:\/\/www.estrategiaconcursos.com.br\/blog\/wp-json\/wp\/v2\/posts\/107018\/revisions"}],"predecessor-version":[{"id":542887,"href":"https:\/\/www.estrategiaconcursos.com.br\/blog\/wp-json\/wp\/v2\/posts\/107018\/revisions\/542887"}],"wp:featuredmedia":[{"embeddable":true,"href":"https:\/\/www.estrategiaconcursos.com.br\/blog\/wp-json\/wp\/v2\/media\/70763"}],"wp:attachment":[{"href":"https:\/\/www.estrategiaconcursos.com.br\/blog\/wp-json\/wp\/v2\/media?parent=107018"}],"wp:term":[{"taxonomy":"category","embeddable":true,"href":"https:\/\/www.estrategiaconcursos.com.br\/blog\/wp-json\/wp\/v2\/categories?post=107018"},{"taxonomy":"post_tag","embeddable":true,"href":"https:\/\/www.estrategiaconcursos.com.br\/blog\/wp-json\/wp\/v2\/tags?post=107018"},{"taxonomy":"tax_estado","embeddable":true,"href":"https:\/\/www.estrategiaconcursos.com.br\/blog\/wp-json\/wp\/v2\/tax_estado?post=107018"}],"curies":[{"name":"wp","href":"https:\/\/api.w.org\/{rel}","templated":true}]}}