{"id":106929,"date":"2018-02-19T15:30:33","date_gmt":"2018-02-19T18:30:33","guid":{"rendered":"https:\/\/www.estrategiaconcursos.com.br\/blog\/?p=106929"},"modified":"2018-02-19T15:30:33","modified_gmt":"2018-02-19T18:30:33","slug":"teoria-geral-da-administracao-segundo-o-cespe-unb","status":"publish","type":"post","link":"https:\/\/www.estrategiaconcursos.com.br\/blog\/teoria-geral-da-administracao-segundo-o-cespe-unb\/","title":{"rendered":"Teoria Geral da Administra\u00e7\u00e3o segundo o Cespe\/UnB"},"content":{"rendered":"<p>Oi!<\/p>\n<p>Hoje resolvi trazer um texto diferente: um resumo sobre Teoria Geral da Administra\u00e7\u00e3o, segundo o Cespe\/UnB.<\/p>\n<p>Para elabor\u00e1-lo, simplesmente selecionei todas as assertivas CERTAS do Cespe que consegui encontrar sobre este tema. Assim, conseguimos perceber o que o examinador entende como CERTO em todo o conte\u00fado, al\u00e9m de notar com clareza os pontos mais cobrados da teoria.<\/p>\n<p>Boa revis\u00e3o!<\/p>\n<p>Abra\u00e7o!<\/p>\n<p><a href=\"https:\/\/www.estrategiaconcursos.com.br\/cursosPorProfessor\/carlos-xavier-3242\/\">Prof. Carlos Xavier<\/a><\/p>\n<ul>\n<li><strong>(CESPE\/FUNPRESP-EXE\/Analista \u2013 \u00c1rea Administrativa\/2016) O princ\u00edpio da remunera\u00e7\u00e3o, previsto na teoria da administra\u00e7\u00e3o cl\u00e1ssica, estabelece que o pagamento de sal\u00e1rio deve ser condizente com as atividades exercidas pelo empregado.<\/strong><\/li>\n<\/ul>\n<p>&nbsp;<\/p>\n<ul>\n<li><strong>(CESPE\/FUNPRESP-EXE\/Analista \u2013 \u00c1rea Administrativa\/2016) Adaptar-se \u00e0s mudan\u00e7as conjunturais e conseguir aproveitar as oportunidades oferecidas pelo ambiente s\u00e3o alguns dos pressupostos do modelo de administra\u00e7\u00e3o contingencial.<\/strong><\/li>\n<\/ul>\n<p>&nbsp;<\/p>\n<ul>\n<li><strong>(CESPE\/FUNPRESP-EXE\/Analista \u2013 \u00c1rea Administrativa\/2016) A teoria estruturalista, voltada ao estudo das organiza\u00e7\u00f5es formais, surgiu da necessidade de eliminar as distor\u00e7\u00f5es e limita\u00e7\u00f5es do modelo burocr\u00e1tico.<\/strong><\/li>\n<\/ul>\n<p>&nbsp;<\/p>\n<ul>\n<li><strong>(CESPE\/TCE-SC\/Auditor Fiscal de Controle Externo \u2013 Administra\u00e7\u00e3o\/2016) Na administra\u00e7\u00e3o por objetivos, os administradores e seus subordinados, ap\u00f3s identificarem objetivos em comum, formularem metas de forma consensual e participativa e discutirem a atribui\u00e7\u00e3o das suas responsabilidades de acordo com os resultados esperados, ser\u00e3o avaliados em conson\u00e2ncia com o alcance desses objetivos.<\/strong><\/li>\n<\/ul>\n<p>&nbsp;<\/p>\n<ul>\n<li><strong>(CESPE\/TCE-SC\/Auditor Fiscal de Controle Externo \u2013 Administra\u00e7\u00e3o\/2016) Segundo a teoria contingencial, n\u00e3o h\u00e1 modelo organizacional exclusivo nem modelo melhor que outro porque as organiza\u00e7\u00f5es s\u00e3o sistemas abertos que necessitam de cuidados, de administra\u00e7\u00e3o e tratamento adequados ao tipo de atividade que desempenhem e ao ambiente em que se encontrem.<\/strong><\/li>\n<\/ul>\n<p>&nbsp;<\/p>\n<ul>\n<li><strong>(CESPE\/MPOG\/Administrador\/2015) Para a administra\u00e7\u00e3o cient\u00edfica, o princ\u00edpio do controle envolve a certifica\u00e7\u00e3o de que as a\u00e7\u00f5es s\u00e3o praticadas conforme o plano previsto e as normas estabelecidas; devendo trabalhadores e ger\u00eancia cooperar entre si para a obten\u00e7\u00e3o eficiente dos resultados.<\/strong><\/li>\n<\/ul>\n<p>&nbsp;<\/p>\n<ul>\n<li><strong>(CESPE\/FUB\/Administrador\/2015) Apresenta caracter\u00edsticas da teoria contingencial a organiza\u00e7\u00e3o que altera suas estrat\u00e9gias, sua estrutura ou seus processos administrativos em fun\u00e7\u00e3o de mudan\u00e7as no cen\u00e1rio macroecon\u00f4mico; de aumento ou redu\u00e7\u00e3o de seu mercado consumidor; de melhora ou piora nos \u00edndices de aceita\u00e7\u00e3o de seus produtos e servi\u00e7os; e de sua desatualiza\u00e7\u00e3o em rela\u00e7\u00e3o aos avan\u00e7os tecnol\u00f3gicos.<\/strong><\/li>\n<\/ul>\n<p>&nbsp;<\/p>\n<ul>\n<li><strong>(CESPE\/TCU\/T\u00e9cnico\/2015) Atualmente, a abordagem da administra\u00e7\u00e3o \u00e9 predominantemente comportamental, com as pessoas representando o foco de conhecimento, informa\u00e7\u00e3o, decis\u00e3o, a\u00e7\u00e3o e avalia\u00e7\u00e3o das atividades da empresa.<\/strong><\/li>\n<\/ul>\n<p>&nbsp;<\/p>\n<ul>\n<li><strong>(CESPE\/MPOG\/Administrador \u2013 Cargo 1\/2015) Uma das principais diferen\u00e7as entre a abordagem cl\u00e1ssica da administra\u00e7\u00e3o e a contingencial diz respeito \u00e0s hip\u00f3teses de racionalidade do ser humano, de forma que, na primeira, prevalece o Homo economicus, e, na segunda, predomina o que pode ser chamado de homem complexo.<\/strong><\/li>\n<\/ul>\n<p>&nbsp;<\/p>\n<ul>\n<li><strong>(CESPE\/ICMBIO\/T\u00e9cnico Administrativo\/2014) A principal preocupa\u00e7\u00e3o de Taylor era o aumento da efici\u00eancia na produ\u00e7\u00e3o, o que reduziria os custos e aumentaria os lucros, possibilitando aumentar a remunera\u00e7\u00e3o do trabalhador a partir de sua maior produtividade.<\/strong><\/li>\n<\/ul>\n<p>&nbsp;<\/p>\n<ul>\n<li><strong>(CESPE\/ICMBIO\/T\u00e9cnico Administrativo\/2014) A administra\u00e7\u00e3o cient\u00edfica constitui uma combina\u00e7\u00e3o de princ\u00edpios, os quais podem ser assim sumariados: ci\u00eancia, em lugar de empirismo; harmonia, em vez de disc\u00f3rdia; coopera\u00e7\u00e3o, e n\u00e3o individualismo; rendimento m\u00e1ximo, em lugar de produ\u00e7\u00e3o reduzida; e desenvolvimento de cada homem, no sentido de alcan\u00e7ar maior efici\u00eancia e prosperidade.<\/strong><\/li>\n<\/ul>\n<p>&nbsp;<\/p>\n<ul>\n<li><strong>(CESPE\/ICMBIO\/T\u00e9cnico Administrativo\/2014) As origens da abordagem cl\u00e1ssica da administra\u00e7\u00e3o est\u00e3o relacionadas ao crescimento acelerado e desorganizado das empresas e \u00e0 necessidade de aumentar a efici\u00eancia e a compet\u00eancia das organiza\u00e7\u00f5es.<\/strong><\/li>\n<\/ul>\n<p>&nbsp;<\/p>\n<ul>\n<li><strong>(CESPE\/ICMBIO\/T\u00e9cnico Administrativo\/2014) As principais contribui\u00e7\u00f5es da abordagem cl\u00e1ssica da administra\u00e7\u00e3o se referem \u00e0s preconizadas por Taylor e por Fayol. Enquanto Taylor focalizava as atividades nos n\u00edveis baixos (inferiores) da organiza\u00e7\u00e3o, Fayol encarava a administra\u00e7\u00e3o sob o ponto de vista do executivo de alto n\u00edvel.<\/strong><\/li>\n<\/ul>\n<p>&nbsp;<\/p>\n<ul>\n<li><strong>(CESPE\/ICMBIO\/T\u00e9cnico Administrativo\/2014) Sabe-se que a autoridade representa o poder institucionalizado e oficializado. Nesse contexto, \u00e9 correto afirmar que existem tr\u00eas tipos de autoridade leg\u00edtima: a tradicional, a carism\u00e1tica e a legal.<\/strong><\/li>\n<\/ul>\n<p>&nbsp;<\/p>\n<ul>\n<li><strong>(CESPE\/TCE-RO\/Agente Administrativo\/2013) Segundo Max Weber, a organiza\u00e7\u00e3o burocr\u00e1tica viabiliza uma forma de domina\u00e7\u00e3o racional, que possibilita o exerc\u00edcio da autoridade e a obedi\u00eancia com precis\u00e3o, continuidade e disciplina.<\/strong><\/li>\n<\/ul>\n<p>&nbsp;<\/p>\n<ul>\n<li><strong>(CESPE\/MPU\/T\u00e9cnico Administrativo\/2013) Segundo a concep\u00e7\u00e3o burocr\u00e1tica de administra\u00e7\u00e3o p\u00fablica, o modo mais seguro de evitar o nepotismo e a corrup\u00e7\u00e3o no servi\u00e7o p\u00fablico \u00e9 por meio do controle r\u00edgido dos processos e procedimentos.<\/strong><\/li>\n<\/ul>\n<p>&nbsp;<\/p>\n<ul>\n<li><strong>(CESPE\/MJ\/Administrador\/2013) A Teoria das Rela\u00e7\u00f5es Humanas \u00e9 marcada pela introdu\u00e7\u00e3o da aplica\u00e7\u00e3o de uma abordagem mais human\u00edstica na administra\u00e7\u00e3o das organiza\u00e7\u00f5es, em que seu foco s\u00e3o as pessoas, e n\u00e3o as tarefas.<\/strong><\/li>\n<\/ul>\n<p>&nbsp;<\/p>\n<ul>\n<li><strong>(CESPE\/ANTT\/Analista Administrativo\/2013) Entre as ideias apresentadas na teoria geral dos sistemas desenvolvida pelo bi\u00f3logo alem\u00e3o Ludwig von Bertalanffy, incluem-se a interdepend\u00eancia entre as partes \u2014 teoria segundo a qual, o todo \u00e9 formado por partes interdependentes \u2014 e o tratamento complexo da realidade complexa \u2014 concep\u00e7\u00e3o que se refere \u00e0 necessidade de aplicar diferentes enfoques para se compreender realidades cada vez mais complexas.<\/strong><\/li>\n<\/ul>\n<p>&nbsp;<\/p>\n<ul>\n<li><strong>(CESPE\/IBAMA\/Analista Administrativo\/2013) Na abordagem da administra\u00e7\u00e3o pelo pensamento sist\u00eamico, a ideia de sistema refere-se a um conjunto de entidades, denominadas elementos ou componentes, que mant\u00e9m uma esp\u00e9cie de rela\u00e7\u00e3o ou intera\u00e7\u00e3o, o que possibilita a vis\u00e3o de uma entidade nova e distinta, em que \u00e9 poss\u00edvel o foco no todo e n\u00e3o apenas nos seus componentes.<\/strong><\/li>\n<\/ul>\n<p>&nbsp;<\/p>\n<ul>\n<li><strong>(CESPE\/C\u00e2mara dos Deputados\/Analista &#8211; T\u00e9cnico em Material e Patrim\u00f4nio\/2012) Para Max Weber, no modelo burocr\u00e1tico ideal, a escolha ou a promo\u00e7\u00e3o do profissional devem ser fundamentadas exclusivamente no m\u00e9rito.<\/strong><\/li>\n<\/ul>\n<p>&nbsp;<\/p>\n<ul>\n<li><strong>(CESPE\/C\u00e2mara dos Deputados\/Analista &#8211; T\u00e9cnico Material e Patrim\u00f4nio\/2012) O aparecimento da moderna administra\u00e7\u00e3o foi estimulado pela Revolu\u00e7\u00e3o Industrial.<\/strong><\/li>\n<\/ul>\n<p>&nbsp;<\/p>\n<ul>\n<li><strong>(CESPE\/TJ-AL\/AJAA\/2012 &#8211; adaptada) De acordo com a abordagem neocl\u00e1ssica da administra\u00e7\u00e3o, as principais fun\u00e7\u00f5es do processo administrativo s\u00e3o planejamento, organiza\u00e7\u00e3o, dire\u00e7\u00e3o e controle. <\/strong><\/li>\n<\/ul>\n<ul>\n<li><strong>(CESPE\/EBC\/ANALISTA\/2011) A estrutura b\u00e1sica dos sistemas preconiza quatro vari\u00e1veis: as entradas, as sa\u00eddas, o pr\u00f3prio sistema e o ambiente em que toda a transforma\u00e7\u00e3o ocorre.<\/strong><\/li>\n<\/ul>\n<p>&nbsp;<\/p>\n<ul>\n<li><strong>(CESPE\/MS\/ADMINISTRADOR\/2010) Apesar de diferenciarem-se com rela\u00e7\u00e3o ao foco de estudo, as principais semelhan\u00e7as entre as teorias cient\u00edfica e cl\u00e1ssica encontram-se na abordagem de sistema fechado e na busca da efici\u00eancia econ\u00f4mica das organiza\u00e7\u00f5es.<\/strong><\/li>\n<\/ul>\n<p>&nbsp;<\/p>\n<ul>\n<li><strong>(CESPE\/ANEEL\/ANALISTA\/2010-ADAPTADA) Com rela\u00e7\u00e3o \u00e0 abordagem sist\u00eamica das organiza\u00e7\u00f5es, julgue: Nessa abordagem, h\u00e1 possibilidade de o efeito global sobre um sistema resultar maior ou menor que a soma dos efeitos das a\u00e7\u00f5es das partes.<\/strong><\/li>\n<\/ul>\n<p>&nbsp;<\/p>\n<ul>\n<li><strong>(CESPE\/MPS\/Administrador\/2010) O enfoque comportamental, que considera as pessoas em sua totalidade e como parte integrante das organiza\u00e7\u00f5es, tem dois eixos principais. O primeiro trata do estudo das pessoas como indiv\u00edduos, considerando conhecimentos, habilidades e atitudes. O segundo trata do estudo das pessoas como membros de grupos em que s\u00e3o avaliadas a capacidade de lideran\u00e7a, a motiva\u00e7\u00e3o, a comunica\u00e7\u00e3o e a cultura.<\/strong><\/li>\n<\/ul>\n<p>&nbsp;<\/p>\n<ul>\n<li><strong>(CESPE\/MPS\/Administrador\/2010) A racionaliza\u00e7\u00e3o do trabalho, segundo Taylor, era vista como um meio de aumentar a efici\u00eancia da produ\u00e7\u00e3o, evitando desperd\u00edcio e promovendo prosperidade entre patr\u00f5es e empregados, sendo esses os primados da administra\u00e7\u00e3o cient\u00edfica.<\/strong><\/li>\n<\/ul>\n<p>&nbsp;<\/p>\n<ul>\n<li><strong>(CESPE\/FUB\/Secret\u00e1rio Executivo\/2009) A \u00eanfase na pr\u00e1tica da administra\u00e7\u00e3o, assim como nos objetivos e nos resultados, s\u00e3o algumas das caracter\u00edsticas principais da teoria neocl\u00e1ssica da administra\u00e7\u00e3o representada por Drucker, entre outros autores.<\/strong><\/li>\n<\/ul>\n<p>&nbsp;<\/p>\n<ul>\n<li><strong>(CESPE\/TCU\/Analista \u2013 TI\/2008) De acordo com os pressupostos da abordagem sist\u00eamica, em uma organiza\u00e7\u00e3o que vise fazer frente \u00e0s press\u00f5es geradas pelo aumento da competi\u00e7\u00e3o no mundo globalizado, deve haver constante intera\u00e7\u00e3o e interdepend\u00eancia entre suas partes integrantes. Adicionalmente, essas partes devem ser orientadas para um prop\u00f3sito comum, de modo a estarem com plena capacidade de influenciar e serem influenciadas pelo ambiente externo.<\/strong><\/li>\n<\/ul>\n<p>&nbsp;<\/p>\n<ul>\n<li><strong>(CESPE\/SERPRO\/Analista \u2013 Gest\u00e3o Empresarial\/2008) No tocante aos modelos organizacionais, diz-se que uma organiza\u00e7\u00e3o adota o modelo contingencial quando ela se estrutura para atender rapidamente \u00e0s demandas geradas pelo ambiente onde est\u00e1 inserida.<\/strong><\/li>\n<\/ul>\n<p>&nbsp;<\/p>\n<ul>\n<li><strong>(CESPE\/TCU\/ANALISTA\/2008) Um \u00f3rg\u00e3o p\u00fablico, que preconize o respeito ao canal de comunica\u00e7\u00e3o e impe\u00e7a cada setor de acessar outros n\u00edveis organizacionais diferentes dos que se encontrem hierarquicamente logo acima e logo abaixo, respeitando a autoridade \u00fanica do n\u00edvel acima, estar\u00e1 de acordo com os pressupostos de Fayol em seus princ\u00edpios gerais da administra\u00e7\u00e3o no que tange \u00e0 unidade de comando.<\/strong><\/li>\n<\/ul>\n<p>&nbsp;<\/p>\n<ul>\n<li><strong>(CESPE\/TCU\/ANALISTA\/2008) De acordo com o texto em apre\u00e7o, a busca por maior efici\u00eancia e produtividade nas organiza\u00e7\u00f5es \u00e9 uma t\u00f4nica em diversas teorias da administra\u00e7\u00e3o. Nesse sentido, uma das vantagens destacadas por Max Weber na abordagem burocr\u00e1tica \u00e9 a rapidez nas decis\u00f5es.<\/strong><\/li>\n<\/ul>\n<p>&nbsp;<\/p>\n","protected":false},"excerpt":{"rendered":"<p>Oi! Hoje resolvi trazer um texto diferente: um resumo sobre Teoria Geral da Administra\u00e7\u00e3o, segundo o Cespe\/UnB. Para elabor\u00e1-lo, simplesmente selecionei todas as assertivas CERTAS do Cespe que consegui encontrar sobre este tema. Assim, conseguimos perceber o que o examinador entende como CERTO em todo o conte\u00fado, al\u00e9m de notar com clareza os pontos mais [&hellip;]<\/p>\n","protected":false},"author":71,"featured_media":0,"comment_status":"open","ping_status":"closed","sticky":false,"template":"","format":"standard","meta":{"post_tipo":"article","footnotes":""},"categories":[1],"tags":[],"tax_estado":[],"class_list":["post-106929","post","type-post","status-publish","format-standard","hentry","category-cursos-e-concursos"],"acf":[],"yoast_head":"<!-- This site is optimized with the Yoast SEO Premium plugin v27.2 (Yoast SEO v27.2) - https:\/\/yoast.com\/product\/yoast-seo-premium-wordpress\/ -->\n<title>Teoria Geral da Administra\u00e7\u00e3o segundo o Cespe\/UnB<\/title>\n<meta name=\"robots\" content=\"index, follow, max-snippet:-1, max-image-preview:large, max-video-preview:-1\" \/>\n<link rel=\"canonical\" href=\"https:\/\/www.estrategiaconcursos.com.br\/blog\/teoria-geral-da-administracao-segundo-o-cespe-unb\/\" \/>\n<meta property=\"og:locale\" content=\"pt_BR\" \/>\n<meta property=\"og:type\" content=\"article\" \/>\n<meta property=\"og:title\" content=\"Teoria Geral da Administra\u00e7\u00e3o segundo o Cespe\/UnB\" \/>\n<meta property=\"og:description\" content=\"Oi! Hoje resolvi trazer um texto diferente: um resumo sobre Teoria Geral da Administra\u00e7\u00e3o, segundo o Cespe\/UnB. Para elabor\u00e1-lo, simplesmente selecionei todas as assertivas CERTAS do Cespe que consegui encontrar sobre este tema. Assim, conseguimos perceber o que o examinador entende como CERTO em todo o conte\u00fado, al\u00e9m de notar com clareza os pontos mais [&hellip;]\" \/>\n<meta property=\"og:url\" content=\"https:\/\/www.estrategiaconcursos.com.br\/blog\/teoria-geral-da-administracao-segundo-o-cespe-unb\/\" \/>\n<meta property=\"og:site_name\" content=\"Estrat\u00e9gia Concursos\" \/>\n<meta property=\"article:published_time\" content=\"2018-02-19T18:30:33+00:00\" \/>\n<meta name=\"author\" content=\"Carlos Xavier\" \/>\n<meta name=\"twitter:card\" content=\"summary_large_image\" \/>\n<meta name=\"twitter:creator\" content=\"@EstratConcursos\" \/>\n<meta name=\"twitter:site\" content=\"@EstratConcursos\" \/>\n<meta name=\"twitter:label1\" content=\"Escrito por\" \/>\n\t<meta name=\"twitter:data1\" content=\"Carlos Xavier\" \/>\n\t<meta name=\"twitter:label2\" content=\"Est. tempo de leitura\" \/>\n\t<meta name=\"twitter:data2\" content=\"8 minutos\" \/>\n<script type=\"application\/ld+json\" class=\"yoast-schema-graph\">{\"@context\":\"https:\/\/schema.org\",\"@graph\":[{\"@type\":\"NewsArticle\",\"@id\":\"https:\/\/www.estrategiaconcursos.com.br\/blog\/teoria-geral-da-administracao-segundo-o-cespe-unb\/#article\",\"isPartOf\":{\"@id\":\"https:\/\/www.estrategiaconcursos.com.br\/blog\/teoria-geral-da-administracao-segundo-o-cespe-unb\/\"},\"author\":{\"name\":\"Carlos Xavier\",\"@id\":\"https:\/\/www.estrategiaconcursos.com.br\/blog\/#\/schema\/person\/5a50bf0a3d06f4886b520c7c38dea74d\"},\"headline\":\"Teoria Geral da Administra\u00e7\u00e3o segundo o Cespe\/UnB\",\"datePublished\":\"2018-02-19T18:30:33+00:00\",\"mainEntityOfPage\":{\"@id\":\"https:\/\/www.estrategiaconcursos.com.br\/blog\/teoria-geral-da-administracao-segundo-o-cespe-unb\/\"},\"wordCount\":1588,\"commentCount\":14,\"publisher\":{\"@id\":\"https:\/\/www.estrategiaconcursos.com.br\/blog\/#organization\"},\"articleSection\":[\"Concursos P\u00fablicos\"],\"inLanguage\":\"pt-BR\",\"potentialAction\":[{\"@type\":\"CommentAction\",\"name\":\"Comment\",\"target\":[\"https:\/\/www.estrategiaconcursos.com.br\/blog\/teoria-geral-da-administracao-segundo-o-cespe-unb\/#respond\"]}],\"copyrightYear\":\"2018\",\"copyrightHolder\":{\"@id\":\"https:\/\/www.estrategiaconcursos.com.br\/blog\/#organization\"}},{\"@type\":\"WebPage\",\"@id\":\"https:\/\/www.estrategiaconcursos.com.br\/blog\/teoria-geral-da-administracao-segundo-o-cespe-unb\/\",\"url\":\"https:\/\/www.estrategiaconcursos.com.br\/blog\/teoria-geral-da-administracao-segundo-o-cespe-unb\/\",\"name\":\"Teoria Geral da Administra\u00e7\u00e3o segundo o Cespe\/UnB\",\"isPartOf\":{\"@id\":\"https:\/\/www.estrategiaconcursos.com.br\/blog\/#website\"},\"datePublished\":\"2018-02-19T18:30:33+00:00\",\"breadcrumb\":{\"@id\":\"https:\/\/www.estrategiaconcursos.com.br\/blog\/teoria-geral-da-administracao-segundo-o-cespe-unb\/#breadcrumb\"},\"inLanguage\":\"pt-BR\",\"potentialAction\":[{\"@type\":\"ReadAction\",\"target\":[\"https:\/\/www.estrategiaconcursos.com.br\/blog\/teoria-geral-da-administracao-segundo-o-cespe-unb\/\"]}]},{\"@type\":\"BreadcrumbList\",\"@id\":\"https:\/\/www.estrategiaconcursos.com.br\/blog\/teoria-geral-da-administracao-segundo-o-cespe-unb\/#breadcrumb\",\"itemListElement\":[{\"@type\":\"ListItem\",\"position\":1,\"name\":\"In\u00edcio\",\"item\":\"https:\/\/www.estrategiaconcursos.com.br\/blog\/\"},{\"@type\":\"ListItem\",\"position\":2,\"name\":\"Teoria Geral da Administra\u00e7\u00e3o segundo o Cespe\/UnB\"}]},{\"@type\":\"WebSite\",\"@id\":\"https:\/\/www.estrategiaconcursos.com.br\/blog\/#website\",\"url\":\"https:\/\/www.estrategiaconcursos.com.br\/blog\/\",\"name\":\"Estrat\u00e9gia Concursos\",\"description\":\"O blog da Estrat\u00e9gia Concursos traz not\u00edcias sobre concursos e artigos de professores oferecendo cursos para concursos (pdf + videaulas) no site.\",\"publisher\":{\"@id\":\"https:\/\/www.estrategiaconcursos.com.br\/blog\/#organization\"},\"potentialAction\":[{\"@type\":\"SearchAction\",\"target\":{\"@type\":\"EntryPoint\",\"urlTemplate\":\"https:\/\/www.estrategiaconcursos.com.br\/blog\/?s={search_term_string}\"},\"query-input\":{\"@type\":\"PropertyValueSpecification\",\"valueRequired\":true,\"valueName\":\"search_term_string\"}}],\"inLanguage\":\"pt-BR\"},{\"@type\":\"Organization\",\"@id\":\"https:\/\/www.estrategiaconcursos.com.br\/blog\/#organization\",\"name\":\"Estrat\u00e9gia Concursos\",\"url\":\"https:\/\/www.estrategiaconcursos.com.br\/blog\/\",\"logo\":{\"@type\":\"ImageObject\",\"inLanguage\":\"pt-BR\",\"@id\":\"https:\/\/www.estrategiaconcursos.com.br\/blog\/#\/schema\/logo\/image\/\",\"url\":\"https:\/\/dhg1h5j42swfq.cloudfront.net\/2025\/06\/03203428\/logo_concursos-1.jpg\",\"contentUrl\":\"https:\/\/dhg1h5j42swfq.cloudfront.net\/2025\/06\/03203428\/logo_concursos-1.jpg\",\"width\":230,\"height\":60,\"caption\":\"Estrat\u00e9gia Concursos\"},\"image\":{\"@id\":\"https:\/\/www.estrategiaconcursos.com.br\/blog\/#\/schema\/logo\/image\/\"},\"sameAs\":[\"https:\/\/x.com\/EstratConcursos\"]},{\"@type\":\"Person\",\"@id\":\"https:\/\/www.estrategiaconcursos.com.br\/blog\/#\/schema\/person\/5a50bf0a3d06f4886b520c7c38dea74d\",\"name\":\"Carlos Xavier\",\"image\":{\"@type\":\"ImageObject\",\"inLanguage\":\"pt-BR\",\"@id\":\"https:\/\/secure.gravatar.com\/avatar\/284a9e45eef24bbb62c6099df1725df7081ffb6d7e3d95d7ee0d771f55aa8923?s=96&d=mm&r=g\",\"url\":\"https:\/\/secure.gravatar.com\/avatar\/284a9e45eef24bbb62c6099df1725df7081ffb6d7e3d95d7ee0d771f55aa8923?s=96&d=mm&r=g\",\"contentUrl\":\"https:\/\/secure.gravatar.com\/avatar\/284a9e45eef24bbb62c6099df1725df7081ffb6d7e3d95d7ee0d771f55aa8923?s=96&d=mm&r=g\",\"caption\":\"Carlos Xavier\"},\"url\":\"https:\/\/www.estrategiaconcursos.com.br\/blog\/author\/carlosxavierestrategiaconcursos-com-br\/\"}]}<\/script>\n<!-- \/ Yoast SEO Premium plugin. -->","yoast_head_json":{"title":"Teoria Geral da Administra\u00e7\u00e3o segundo o Cespe\/UnB","robots":{"index":"index","follow":"follow","max-snippet":"max-snippet:-1","max-image-preview":"max-image-preview:large","max-video-preview":"max-video-preview:-1"},"canonical":"https:\/\/www.estrategiaconcursos.com.br\/blog\/teoria-geral-da-administracao-segundo-o-cespe-unb\/","og_locale":"pt_BR","og_type":"article","og_title":"Teoria Geral da Administra\u00e7\u00e3o segundo o Cespe\/UnB","og_description":"Oi! Hoje resolvi trazer um texto diferente: um resumo sobre Teoria Geral da Administra\u00e7\u00e3o, segundo o Cespe\/UnB. Para elabor\u00e1-lo, simplesmente selecionei todas as assertivas CERTAS do Cespe que consegui encontrar sobre este tema. Assim, conseguimos perceber o que o examinador entende como CERTO em todo o conte\u00fado, al\u00e9m de notar com clareza os pontos mais [&hellip;]","og_url":"https:\/\/www.estrategiaconcursos.com.br\/blog\/teoria-geral-da-administracao-segundo-o-cespe-unb\/","og_site_name":"Estrat\u00e9gia Concursos","article_published_time":"2018-02-19T18:30:33+00:00","author":"Carlos Xavier","twitter_card":"summary_large_image","twitter_creator":"@EstratConcursos","twitter_site":"@EstratConcursos","twitter_misc":{"Escrito por":"Carlos Xavier","Est. tempo de leitura":"8 minutos"},"schema":{"@context":"https:\/\/schema.org","@graph":[{"@type":"NewsArticle","@id":"https:\/\/www.estrategiaconcursos.com.br\/blog\/teoria-geral-da-administracao-segundo-o-cespe-unb\/#article","isPartOf":{"@id":"https:\/\/www.estrategiaconcursos.com.br\/blog\/teoria-geral-da-administracao-segundo-o-cespe-unb\/"},"author":{"name":"Carlos Xavier","@id":"https:\/\/www.estrategiaconcursos.com.br\/blog\/#\/schema\/person\/5a50bf0a3d06f4886b520c7c38dea74d"},"headline":"Teoria Geral da Administra\u00e7\u00e3o segundo o Cespe\/UnB","datePublished":"2018-02-19T18:30:33+00:00","mainEntityOfPage":{"@id":"https:\/\/www.estrategiaconcursos.com.br\/blog\/teoria-geral-da-administracao-segundo-o-cespe-unb\/"},"wordCount":1588,"commentCount":14,"publisher":{"@id":"https:\/\/www.estrategiaconcursos.com.br\/blog\/#organization"},"articleSection":["Concursos P\u00fablicos"],"inLanguage":"pt-BR","potentialAction":[{"@type":"CommentAction","name":"Comment","target":["https:\/\/www.estrategiaconcursos.com.br\/blog\/teoria-geral-da-administracao-segundo-o-cespe-unb\/#respond"]}],"copyrightYear":"2018","copyrightHolder":{"@id":"https:\/\/www.estrategiaconcursos.com.br\/blog\/#organization"}},{"@type":"WebPage","@id":"https:\/\/www.estrategiaconcursos.com.br\/blog\/teoria-geral-da-administracao-segundo-o-cespe-unb\/","url":"https:\/\/www.estrategiaconcursos.com.br\/blog\/teoria-geral-da-administracao-segundo-o-cespe-unb\/","name":"Teoria Geral da Administra\u00e7\u00e3o segundo o Cespe\/UnB","isPartOf":{"@id":"https:\/\/www.estrategiaconcursos.com.br\/blog\/#website"},"datePublished":"2018-02-19T18:30:33+00:00","breadcrumb":{"@id":"https:\/\/www.estrategiaconcursos.com.br\/blog\/teoria-geral-da-administracao-segundo-o-cespe-unb\/#breadcrumb"},"inLanguage":"pt-BR","potentialAction":[{"@type":"ReadAction","target":["https:\/\/www.estrategiaconcursos.com.br\/blog\/teoria-geral-da-administracao-segundo-o-cespe-unb\/"]}]},{"@type":"BreadcrumbList","@id":"https:\/\/www.estrategiaconcursos.com.br\/blog\/teoria-geral-da-administracao-segundo-o-cespe-unb\/#breadcrumb","itemListElement":[{"@type":"ListItem","position":1,"name":"In\u00edcio","item":"https:\/\/www.estrategiaconcursos.com.br\/blog\/"},{"@type":"ListItem","position":2,"name":"Teoria Geral da Administra\u00e7\u00e3o segundo o Cespe\/UnB"}]},{"@type":"WebSite","@id":"https:\/\/www.estrategiaconcursos.com.br\/blog\/#website","url":"https:\/\/www.estrategiaconcursos.com.br\/blog\/","name":"Estrat\u00e9gia Concursos","description":"O blog da Estrat\u00e9gia Concursos traz not\u00edcias sobre concursos e artigos de professores oferecendo cursos para concursos (pdf + videaulas) no site.","publisher":{"@id":"https:\/\/www.estrategiaconcursos.com.br\/blog\/#organization"},"potentialAction":[{"@type":"SearchAction","target":{"@type":"EntryPoint","urlTemplate":"https:\/\/www.estrategiaconcursos.com.br\/blog\/?s={search_term_string}"},"query-input":{"@type":"PropertyValueSpecification","valueRequired":true,"valueName":"search_term_string"}}],"inLanguage":"pt-BR"},{"@type":"Organization","@id":"https:\/\/www.estrategiaconcursos.com.br\/blog\/#organization","name":"Estrat\u00e9gia Concursos","url":"https:\/\/www.estrategiaconcursos.com.br\/blog\/","logo":{"@type":"ImageObject","inLanguage":"pt-BR","@id":"https:\/\/www.estrategiaconcursos.com.br\/blog\/#\/schema\/logo\/image\/","url":"https:\/\/dhg1h5j42swfq.cloudfront.net\/2025\/06\/03203428\/logo_concursos-1.jpg","contentUrl":"https:\/\/dhg1h5j42swfq.cloudfront.net\/2025\/06\/03203428\/logo_concursos-1.jpg","width":230,"height":60,"caption":"Estrat\u00e9gia Concursos"},"image":{"@id":"https:\/\/www.estrategiaconcursos.com.br\/blog\/#\/schema\/logo\/image\/"},"sameAs":["https:\/\/x.com\/EstratConcursos"]},{"@type":"Person","@id":"https:\/\/www.estrategiaconcursos.com.br\/blog\/#\/schema\/person\/5a50bf0a3d06f4886b520c7c38dea74d","name":"Carlos Xavier","image":{"@type":"ImageObject","inLanguage":"pt-BR","@id":"https:\/\/secure.gravatar.com\/avatar\/284a9e45eef24bbb62c6099df1725df7081ffb6d7e3d95d7ee0d771f55aa8923?s=96&d=mm&r=g","url":"https:\/\/secure.gravatar.com\/avatar\/284a9e45eef24bbb62c6099df1725df7081ffb6d7e3d95d7ee0d771f55aa8923?s=96&d=mm&r=g","contentUrl":"https:\/\/secure.gravatar.com\/avatar\/284a9e45eef24bbb62c6099df1725df7081ffb6d7e3d95d7ee0d771f55aa8923?s=96&d=mm&r=g","caption":"Carlos Xavier"},"url":"https:\/\/www.estrategiaconcursos.com.br\/blog\/author\/carlosxavierestrategiaconcursos-com-br\/"}]}},"_links":{"self":[{"href":"https:\/\/www.estrategiaconcursos.com.br\/blog\/wp-json\/wp\/v2\/posts\/106929","targetHints":{"allow":["GET"]}}],"collection":[{"href":"https:\/\/www.estrategiaconcursos.com.br\/blog\/wp-json\/wp\/v2\/posts"}],"about":[{"href":"https:\/\/www.estrategiaconcursos.com.br\/blog\/wp-json\/wp\/v2\/types\/post"}],"author":[{"embeddable":true,"href":"https:\/\/www.estrategiaconcursos.com.br\/blog\/wp-json\/wp\/v2\/users\/71"}],"replies":[{"embeddable":true,"href":"https:\/\/www.estrategiaconcursos.com.br\/blog\/wp-json\/wp\/v2\/comments?post=106929"}],"version-history":[{"count":2,"href":"https:\/\/www.estrategiaconcursos.com.br\/blog\/wp-json\/wp\/v2\/posts\/106929\/revisions"}],"predecessor-version":[{"id":106932,"href":"https:\/\/www.estrategiaconcursos.com.br\/blog\/wp-json\/wp\/v2\/posts\/106929\/revisions\/106932"}],"wp:attachment":[{"href":"https:\/\/www.estrategiaconcursos.com.br\/blog\/wp-json\/wp\/v2\/media?parent=106929"}],"wp:term":[{"taxonomy":"category","embeddable":true,"href":"https:\/\/www.estrategiaconcursos.com.br\/blog\/wp-json\/wp\/v2\/categories?post=106929"},{"taxonomy":"post_tag","embeddable":true,"href":"https:\/\/www.estrategiaconcursos.com.br\/blog\/wp-json\/wp\/v2\/tags?post=106929"},{"taxonomy":"tax_estado","embeddable":true,"href":"https:\/\/www.estrategiaconcursos.com.br\/blog\/wp-json\/wp\/v2\/tax_estado?post=106929"}],"curies":[{"name":"wp","href":"https:\/\/api.w.org\/{rel}","templated":true}]}}