{"id":1069253,"date":"2022-09-06T15:35:00","date_gmt":"2022-09-06T18:35:00","guid":{"rendered":"https:\/\/www.estrategiaconcursos.com.br\/blog\/?p=1069253"},"modified":"2022-09-06T16:09:57","modified_gmt":"2022-09-06T19:09:57","slug":"concurso-embasa-edital-publicado","status":"publish","type":"post","link":"https:\/\/www.estrategiaconcursos.com.br\/blog\/concurso-embasa-edital-publicado\/","title":{"rendered":"Edital Embasa: inscri\u00e7\u00f5es encerradas e provas em outubro!"},"content":{"rendered":"\n<p>O Instituto AOCP encerrou o per\u00edodo de inscri\u00e7\u00f5es do edital <strong>Embasa<\/strong> (<a href=\"https:\/\/www.estrategiaconcursos.com.br\/cursosPorConcurso\/embasa\/\" target=\"_blank\" rel=\"noreferrer noopener\">Empresa Baiana de \u00c1guas e Saneamento<\/a>). O prazo para participar do concurso era at\u00e9 as 14h do dia 06 de setembro. <\/p>\n\n\n\n<p>Agora, todos os inscritos ser\u00e3o direcionados para etapa de provas, prevista para ocorrer no dia 23 de outubro, nas seguintes cidades: <\/p>\n\n\n\n<ul class=\"wp-block-list\"><li>Salvador\/BA<\/li><li>Barreiras\/BA<\/li><li>Feira de Santana\/BA<\/li><li>Ilh\u00e9us\/BA<\/li><li>Vit\u00f3ria da Conquista\/BA<\/li><li>Paulo Afonso\/BA<\/li><\/ul>\n\n\n\n<p>A disputa \u00e9 pelas <strong>930 vagas<\/strong> em cargos de n\u00edveis m\u00e9dio, t\u00e9cnico e superior de forma\u00e7\u00e3o. As oportunidades s\u00e3o distribu\u00eddas entre candidatos de ampla concorr\u00eancia, pessoas com defici\u00eancia e negros. J\u00e1 a remunera\u00e7\u00e3o inicial varia de <strong>R$ 1.423,71 a R$ 8.390,89<\/strong>.<\/p>\n\n\n\n<p>A fim de te deixar sempre bem informado, elaboramos este artigo com as principais informa\u00e7\u00f5es e novidades sobre o concurso Embasa. <\/p>\n\n\n\n<div class=\"container\" id=\"boxes\">\n  <div class=\"row\">\n\n    <div class=\"col-sm\">\n      <div class=\"banner-adm\" id=\"box-assinatura\">\n        <h3 class=\"titulo-assinatura\">Carreiras Administrativas<\/h3>\n        <p class=\"subtitulo-assinatura\">Conhe\u00e7a os cursos para EMBASA<\/p>\n        <div class=\"box-botao\">\n          <a class=\"btn-assinatura\" target=\"_blank\" href=\"https:\/\/www.estrategiaconcursos.com.br\/cursosPorConcurso\/embasa\/\" role=\"button\" rel=\"noopener noreferrer\">Conhe\u00e7a mais<\/a>\n        <\/div>\n      <\/div>\n      \n    <\/div>\n\n  <\/div>\n<\/div>\n\n\n\n<h2 class=\"wp-block-heading\" id=\"situacao\">Informa\u00e7\u00f5es do edital Embasa<\/h2>\n\n\n\n<h3 class=\"wp-block-heading\" id=\"datas\">Principais datas <\/h3>\n\n\n\n<ul class=\"wp-block-list\"><li><strong>Inscri\u00e7\u00f5es:<\/strong>&nbsp;<s>1\u00ba de agosto a 06 de setembro<\/s><\/li><li><strong>Isen\u00e7\u00e3o da taxa: <\/strong><s>1\u00ba a 5 de agosto<\/s><\/li><li><strong>Prova:<\/strong>&nbsp;23 de outubro<\/li><\/ul>\n\n\n\n<h2 class=\"wp-block-heading\" id=\"cargos-vagas\">Edital Embasa: cargos, vagas e remunera\u00e7\u00f5es<\/h2>\n\n\n\n<p class=\"has-medium-font-size\"><strong><span style=\"text-decoration: underline;\">N\u00edvel M\u00e9dio &#8211; Assistente de Saneamento:<\/span><\/strong><\/p>\n\n\n\n<ul class=\"wp-block-list\"><li><a href=\"https:\/\/www.estrategiaconcursos.com.br\/curso\/embasa-agente-administrativo-pacote-2022-pos-edital\/\" target=\"_blank\" rel=\"noreferrer noopener\">Agente Administrativo<\/a>: R$ 1.950,71<\/li><li>Agente Operacional: R$ 1.423,71<\/li><li>Operador de Processos de \u00c1gua de de Esgoto: R$ 1.950,71<\/li><\/ul>\n\n\n\n<p class=\"has-medium-font-size\"><strong><span style=\"text-decoration: underline;\">N\u00edvel T\u00e9cnico &#8211; Assistente de Saneamento:<\/span><\/strong><\/p>\n\n\n\n<ul class=\"wp-block-list\"><li>T\u00e9cnico em Automa\u00e7\u00e3o e Controle R$ 3.195,07<\/li><li><a href=\"https:\/\/www.estrategiaconcursos.com.br\/curso\/embasa-tecnico-operacional-tecnico-em-eletromecanica-pacote-2022-pos-edital\/\" target=\"_blank\" rel=\"noreferrer noopener\">T\u00e9cnico em Eletromec\u00e2nica<\/a>: R$ 3.195,07<\/li><li>T\u00e9cnico em Eletrot\u00e9cnica:  R$ 3.195,07<\/li><li>T\u00e9cnico em Edifica\u00e7\u00f5es e Saneamento: R$ 3.195,07<\/li><li>T\u00e9cnico em Qu\u00edmica: R$ 3.195,07<\/li><li><a href=\"https:\/\/www.estrategiaconcursos.com.br\/curso\/embasa-tecnico-operacional-tecnico-em-seguranca-do-trabalho-pacote-2022-pos-edital\/\" target=\"_blank\" rel=\"noreferrer noopener\">T\u00e9cnico em Seguran\u00e7a do Trabalho<\/a>: R$ 3.195,07<\/li><\/ul>\n\n\n\n<p class=\"has-medium-font-size\"><strong><span style=\"text-decoration: underline;\">N\u00edvel Superior &#8211; Analista de Saneamento:<\/span><\/strong><\/p>\n\n\n\n<ul class=\"wp-block-list\"><li><a href=\"https:\/\/www.estrategiaconcursos.com.br\/curso\/embasa-assistente-social-servico-social-pacote-2022-pos-edital\/\" target=\"_blank\" rel=\"noreferrer noopener\">Assistente Social<\/a>: R$ 6.040,66<\/li><li><a href=\"https:\/\/www.estrategiaconcursos.com.br\/curso\/embasa-analista-gestao-administracao-pacote-2022-pos-edital\/\" target=\"_blank\" rel=\"noreferrer noopener\">Analista de Gest\u00e3o\/Administra\u00e7\u00e3o<\/a>: R$ 8.390,89<\/li><li><a href=\"https:\/\/www.estrategiaconcursos.com.br\/curso\/embasa-analista-gestao-ciencias-economicas-pacote-2022-pos-edital\/\" target=\"_blank\" rel=\"noreferrer noopener\">Analista de Gest\u00e3o\/Ci\u00eancias Econ\u00f4micas<\/a>: R$ 8.390,89<\/li><li><a href=\"https:\/\/www.estrategiaconcursos.com.br\/curso\/embasa-analista-gestao-ciencias-contabeis-pacote-2022-pos-edital\/\" target=\"_blank\" rel=\"noreferrer noopener\">Analista de Gest\u00e3o\/Ci\u00eancias Cont\u00e1beis<\/a>: R$ 8.390,89<\/li><li><a href=\"https:\/\/www.estrategiaconcursos.com.br\/curso\/embasa-analista-controle-das-aguas-e-efluentes-ciencias-biologicas-ou-biomedicina-pacote-2022-pos-edital\/\" target=\"_blank\" rel=\"noreferrer noopener\">Analista de Controle de \u00c1guas e Efluentes\/Ci\u00eancias Biol\u00f3gicas ou Biomedicina<\/a>: R$ 8.390,89<\/li><li>Analista de Produ\u00e7\u00e3o e Controle de Qualidade de \u00c1gua e Efluentes\/Qu\u00edmica ou Engenharia Qu\u00edmica: R$ 8.390,89<\/li><li><a href=\"https:\/\/www.estrategiaconcursos.com.br\/curso\/embasa-engenheiro-engenharia-civil-ou-producao-civil-pacote-2022-pos-edital\/\" target=\"_blank\" rel=\"noreferrer noopener\">Engenharia Civil ou Produ\u00e7\u00e3o Civil<\/a>: R$ 8.390,89<\/li><li><a href=\"https:\/\/www.estrategiaconcursos.com.br\/curso\/embasa-engenheiro-engenharia-sanitaria-ou-sanitaria-ambiental-pacote-2022-pos-edital\/\" target=\"_blank\" rel=\"noreferrer noopener\">Engenharia Sanit\u00e1ria ou Sanit\u00e1ria Ambiental<\/a>: R$ 8.390,89<\/li><li>Engenharia El\u00e9trica: R$ 8.390,89<\/li><li><a href=\"https:\/\/www.estrategiaconcursos.com.br\/curso\/embasa-engenheiro-de-seguranca-do-trabalho-pacote-2022-pos-edital\/\" target=\"_blank\" rel=\"noreferrer noopener\">Engenheiro de Seguran\u00e7a do Trabalho<\/a>: R$ 8.390,89<\/li><\/ul>\n\n\n\n<h2 class=\"wp-block-heading\" id=\"cargos-vagas\">Edital Embasa: etapas e provas<\/h2>\n\n\n\n<p>Sob organiza\u00e7\u00e3o do <a href=\"https:\/\/www.institutoaocp.org.br\/concurso.jsp?id=436\" target=\"_blank\" rel=\"noreferrer noopener\">Instituto AOCP<\/a>, o edital do concurso Embasa \u00e9 constitu\u00eddo das seguintes etapas de provas:<\/p>\n\n\n\n<ul class=\"wp-block-list\"><li>Prova Objetiva, de car\u00e1ter eliminat\u00f3rio e classificat\u00f3rio;<\/li><li>Prova Discursiva &#8211; Reda\u00e7\u00e3o, de car\u00e1ter eliminat\u00f3rio e classificat\u00f3rio;<\/li><li>Prova de Conhecimento Pr\u00e1tico, de car\u00e1ter eliminat\u00f3rio e classificat\u00f3rio; e<\/li><li>Prova de T\u00edtulos, de car\u00e1ter classificat\u00f3rio.<\/li><\/ul>\n\n\n\n<h3 class=\"wp-block-heading\" id=\"prova-objetiva\">Prova Objetiva<\/h3>\n\n\n\n<p>A Prova Objetiva ser\u00e1 aplicada na data prov\u00e1vel de 23 de outubro e constar\u00e1 com quest\u00f5es de m\u00faltipla escolha, com 5 alternativas e apenas uma correta.<\/p>\n\n\n\n<p>O candidato dever\u00e1 obter 60% ou mais dos pontos previstos para n\u00e3o ser eliminado co certame.<\/p>\n\n\n\n<p><strong><span style=\"text-decoration: underline;\">N\u00edvel M\u00e9dio:<\/span><\/strong><\/p>\n\n\n\n<ul class=\"wp-block-list\"><li><a href=\"https:\/\/www.estrategiaconcursos.com.br\/curso\/embasa-pacote-conhecimentos-basicos-2022-pos-edital\/\" target=\"_blank\" rel=\"noreferrer noopener\">L\u00edngua Portuguesa<\/a>: 15 quest\u00f5es<\/li><li>Inform\u00e1tica: 05 quest\u00f5es<\/li><li>Racioc\u00ednio L\u00f3gico e Matem\u00e1tico: 05 quest\u00f5es<\/li><li>Legisla\u00e7\u00e3o: 05 quest\u00f5es<\/li><li>Conhecimentos Espec\u00edficos: 20 quest\u00f5es<\/li><\/ul>\n\n\n\n<p><strong><span style=\"text-decoration: underline;\">N\u00edvel T\u00e9cnico e Superior:<\/span><\/strong><\/p>\n\n\n\n<ul class=\"wp-block-list\"><li>L\u00edngua Portuguesa: 10 quest\u00f5es<\/li><li>Inform\u00e1tica: 05 quest\u00f5es<\/li><li>Racioc\u00ednio L\u00f3gico e Matem\u00e1tico: 10 quest\u00f5es<\/li><li>Legisla\u00e7\u00e3o: 05 quest\u00f5es<\/li><li>Conhecimentos Espec\u00edficos: 40 quest\u00f5es<\/li><\/ul>\n\n\n\n<h3 class=\"wp-block-heading\" id=\"prova-discursiva\">Prova Discursiva<\/h3>\n\n\n\n<p>A Prova Discursiva &#8211; Reda\u00e7\u00e3o do edital Embasa para a fun\u00e7\u00e3o de Agente Administrativo ser\u00e1 elaborada a partir de um tema proposto, baseado em um ou mais textos ou fragmentos de textos.<\/p>\n\n\n\n<p>O candidato adotar\u00e1 uma linha de abordagem utilizando a tipologia textual \u201cDisserta\u00e7\u00e3o\u201d e o seu texto dever\u00e1 apresentar valores, opini\u00f5es, cren\u00e7as, hip\u00f3teses, ideias, em suma, os aspectos axiol\u00f3gicos ou cognitivos para esse tipo de produ\u00e7\u00e3o textual.<\/p>\n\n\n\n<p>O candidato dispor\u00e1 de 20 e, no m\u00e1ximo, 30 linhas para elaborar a vers\u00e3o definitiva da prova para efeito de avalia\u00e7\u00e3o.<\/p>\n\n\n\n<p>A Prova Discursiva para as fun\u00e7\u00f5es de N\u00edvel T\u00e9cnico e Superior ser\u00e1 composta por 01 (uma) Quest\u00e3o Te\u00f3rica de Conhecimentos Espec\u00edficos.<\/p>\n\n\n\n<p>O candidato dispor\u00e1 de, no m\u00ednimo, 10 e, no m\u00e1ximo, 30 linhas para elaborar a resposta da quest\u00e3o, sendo desconsiderado, para efeito de avalia\u00e7\u00e3o, qualquer fragmento de texto que for escrito fora do local apropriado ou que ultrapassar a extens\u00e3o m\u00e1xima permitida para elabora\u00e7\u00e3o.<\/p>\n\n\n\n<h3 class=\"wp-block-heading\" id=\"prova-de-conhecimento-pratico\">Prova de Conhecimento Pr\u00e1tico<\/h3>\n\n\n\n<p>A Prova de Conhecimento Pr\u00e1tico ser\u00e1 realizada para as fun\u00e7\u00f5es de Agente Operacional e Operador de Processo de \u00c1gua e de Esgoto.<\/p>\n\n\n\n<p>A referida etapa do edital Embasa ser\u00e1 aplicada na cidade escolhida pelo candidato no momento da inscri\u00e7\u00e3o no concurso.<\/p>\n\n\n\n<figure class=\"wp-block-image aligncenter size-full is-resized\"><img loading=\"lazy\" decoding=\"async\" src=\"https:\/\/dhg1h5j42swfq.cloudfront.net\/2022\/07\/30094125\/image-367.png\" alt=\"Concurso Embasa - Prova de Conhecimento Pr\u00e1tico\" class=\"wp-image-1069270\" width=\"786\" height=\"403\" srcset=\"https:\/\/dhg1h5j42swfq.cloudfront.net\/2022\/07\/30094125\/image-367.png 1000w, https:\/\/dhg1h5j42swfq.cloudfront.net\/2022\/07\/30094125\/image-367-300x154.png 300w, https:\/\/dhg1h5j42swfq.cloudfront.net\/2022\/07\/30094125\/image-367-768x395.png 768w, https:\/\/dhg1h5j42swfq.cloudfront.net\/2022\/07\/30094125\/image-367-610x314.png 610w, https:\/\/dhg1h5j42swfq.cloudfront.net\/2022\/07\/30094125\/image-367-150x77.png 150w\" sizes=\"auto, (max-width: 786px) 100vw, 786px\" \/><figcaption>Concurso Embasa &#8211; Prova de Conhecimento Pr\u00e1tico<\/figcaption><\/figure>\n\n\n\n<h3 class=\"wp-block-heading\" id=\"prova-de-titulos\">Prova de T\u00edtulos<\/h3>\n\n\n\n<p>A etapa ser\u00e1 aplicada somente aos cargos de n\u00edvel superior. Todos os documentos que se pretende pontuar dever\u00e3o ser preenchidos numa \u00fanica vez no formul\u00e1rio de cadastro de t\u00edtulos.<\/p>\n\n\n\n<p>A prova de t\u00edtulos e experi\u00eancia profissional ser\u00e1 avaliada numa escala de 0 a 10 pontos. Confira abaixo a pontua\u00e7\u00e3o:<\/p>\n\n\n\n<figure class=\"wp-block-image aligncenter size-full is-resized\"><img loading=\"lazy\" decoding=\"async\" src=\"https:\/\/dhg1h5j42swfq.cloudfront.net\/2022\/07\/30094331\/image-368.png\" alt=\"Concurso Embasa - Prova de T\u00edtulos\" class=\"wp-image-1069271\" width=\"788\" height=\"157\" srcset=\"https:\/\/dhg1h5j42swfq.cloudfront.net\/2022\/07\/30094331\/image-368.png 989w, https:\/\/dhg1h5j42swfq.cloudfront.net\/2022\/07\/30094331\/image-368-300x60.png 300w, https:\/\/dhg1h5j42swfq.cloudfront.net\/2022\/07\/30094331\/image-368-768x153.png 768w, https:\/\/dhg1h5j42swfq.cloudfront.net\/2022\/07\/30094331\/image-368-610x122.png 610w, https:\/\/dhg1h5j42swfq.cloudfront.net\/2022\/07\/30094331\/image-368-150x30.png 150w\" sizes=\"auto, (max-width: 788px) 100vw, 788px\" \/><figcaption>Concurso Embasa &#8211; Prova de T\u00edtulos<\/figcaption><\/figure>\n\n\n\n<p class=\"has-text-align-center\"><em>Para ficar por dentro de todas as informa\u00e7\u00f5es sobre o concurso EMBASA, n\u00e3o deixe de conferir nosso artigo completo sobre a sele\u00e7\u00e3o:<\/em><\/p>\n\n\n\n<p class=\"has-text-align-center has-cyan-bluish-gray-background-color has-background\" style=\"font-size:clamp(14.642px, 0.915rem + ((1vw - 3.2px) * 0.721), 22px);\"><strong>Saiba mais: <a href=\"https:\/\/www.estrategiaconcursos.com.br\/blog\/concurso-embasa\/\" target=\"_blank\" rel=\"noreferrer noopener\">concurso Embasa<\/a><\/strong><\/p>\n\n\n\n<hr class=\"wp-block-separator has-css-opacity\"\/>\n\n\n\n<h2 class=\"has-text-align-center wp-block-heading\" id=\"cursos\">Quer estudar para o Edital Embasa?<\/h2>\n\n\n\n<div class=\"container\" id=\"boxes\">\n  <div class=\"row\">\n\n    <div class=\"col-sm\">\n      <div class=\"banner-adm\" id=\"box-assinatura\">\n        <h3 class=\"titulo-assinatura\">Carreiras Administrativas<\/h3>\n        <p class=\"subtitulo-assinatura\">Conhe\u00e7a os cursos para EMBASA<\/p>\n        <div class=\"box-botao\">\n          <a class=\"btn-assinatura\" target=\"_blank\" href=\"https:\/\/www.estrategiaconcursos.com.br\/cursosPorConcurso\/embasa\/\" role=\"button\" rel=\"noopener noreferrer\">Conhe\u00e7a mais<\/a>\n        <\/div>\n      <\/div>\n      \n    <\/div>\n\n  <\/div>\n<\/div>\n\n\n\n<div class=\"container\" id=\"boxes\">\n  <div class=\"row\">\n\n    <div class=\"col-sm\">\n      <div class=\"estrategia\" id=\"box-assinatura\">\n        <h3 class=\"titulo-assinatura\">Assinatura Concursos<\/h3>\n        <p class=\"subtitulo-assinatura\">Assinatura de 1 ano ou 2 anos<\/p>\n        <div class=\"box-botao\">\n          <a class=\"btn-assinatura\" target=\"_blank\" href=\"https:\/\/www.estrategiaconcursos.com.br\/assinaturas\/\" role=\"button\" rel=\"noopener noreferrer\">ASSINE AGORA<\/a>\n        <\/div>\n      <\/div><\/div><\/div><\/div>\n\n\n\n<h2 class=\"has-text-align-center wp-block-heading\" id=\"h-quer-saber-tudo-sobre-concursos-previstos-confira-nossos-artigos\">Quer saber tudo sobre concursos previstos?<br \/>Confira nossos artigos!<\/h2>\n\n\n\n<ul class=\"wp-block-list\"><li><a href=\"https:\/\/www.estrategiaconcursos.com.br\/blog\/concursos-abertos\/\" target=\"_blank\" rel=\"noreferrer noopener\">Concursos abertos<\/a><\/li><li><a href=\"https:\/\/www.estrategiaconcursos.com.br\/blog\/concursos-2022\/\" target=\"_blank\" rel=\"noreferrer noopener\">Concursos 2022<\/a><\/li><li><a href=\"https:\/\/www.estrategiaconcursos.com.br\/blog\/concursos-2023\/\" target=\"_blank\" rel=\"noreferrer noopener\">Concursos 2023<\/a><\/li><\/ul>\n\n\n\n<figure class=\"wp-block-image is-resized\"><img loading=\"lazy\" decoding=\"async\" src=\"https:\/\/dhg1h5j42swfq.cloudfront.net\/2021\/04\/23204159\/ficha-tecnica-1-1024x632-1-10.png\" alt=\"Ficha do EDITAL Embasa\" class=\"wp-image-722345\" width=\"253\" height=\"156\" srcset=\"https:\/\/dhg1h5j42swfq.cloudfront.net\/2021\/04\/23204159\/ficha-tecnica-1-1024x632-1-10.png 1024w, https:\/\/dhg1h5j42swfq.cloudfront.net\/2021\/04\/23204159\/ficha-tecnica-1-1024x632-1-10-300x185.png 300w, https:\/\/dhg1h5j42swfq.cloudfront.net\/2021\/04\/23204159\/ficha-tecnica-1-1024x632-1-10-768x474.png 768w, https:\/\/dhg1h5j42swfq.cloudfront.net\/2021\/04\/23204159\/ficha-tecnica-1-1024x632-1-10-610x376.png 610w\" sizes=\"auto, (max-width: 253px) 100vw, 253px\" \/><\/figure>\n\n\n\n<h3 class=\"wp-block-heading\" id=\"ficha-tecnica\">Informa\u00e7\u00f5es do edital Embasa<\/h3>\n\n\n\n<ul class=\"wp-block-list\"><li><strong>Provas:&nbsp;<\/strong>23\/10\/2022<\/li><li><strong>Vagas:&nbsp;<\/strong>930<\/li><li><strong>Cargos:&nbsp;<\/strong>v\u00e1rios<\/li><li><strong>Escolaridade:&nbsp;<\/strong>n\u00edveis m\u00e9dio, t\u00e9cnico e superior<\/li><li><strong>Banca:&nbsp;<\/strong>Instituto AOCP<\/li><li><strong>Edital:&nbsp;<\/strong><a href=\"https:\/\/dhg1h5j42swfq.cloudfront.net\/2022\/08\/01153148\/ed_abertura_embasa.pdf\" target=\"_blank\" rel=\"noreferrer noopener nofollow\">Edital Embasa \u2013 2022<\/a> | <a href=\"https:\/\/dhg1h5j42swfq.cloudfront.net\/2022\/08\/30080050\/termo-retificacao_embasa.pdf\" target=\"_blank\" rel=\"noreferrer noopener nofollow\">Retifica\u00e7\u00e3o I<\/a> | <a href=\"https:\/\/dhg1h5j42swfq.cloudfront.net\/2022\/08\/30080055\/prim_termo_retif_embasa.pdf\" target=\"_blank\" rel=\"noreferrer noopener nofollow\">Retifica\u00e7\u00e3o II<\/a> | <a href=\"https:\/\/dhg1h5j42swfq.cloudfront.net\/2022\/08\/30080053\/terceiro_termo_retificacao-embasa.pdf\" target=\"_blank\" rel=\"noreferrer noopener nofollow\">Retifica\u00e7\u00e3o III<\/a> | <a href=\"https:\/\/dhg1h5j42swfq.cloudfront.net\/2022\/08\/30075711\/prorrogacao-do-prazo-de-inscricoes-embasa.pdf\" target=\"_blank\" rel=\"noreferrer noopener nofollow\">Retifica\u00e7\u00e3o IV<\/a><\/li><\/ul>\n","protected":false},"excerpt":{"rendered":"<p>O Instituto AOCP encerrou o per\u00edodo de inscri\u00e7\u00f5es do edital Embasa (Empresa Baiana de \u00c1guas e Saneamento). O prazo para participar do concurso era at\u00e9 as 14h do dia 06 de setembro. Agora, todos os inscritos ser\u00e3o direcionados para etapa de provas, prevista para ocorrer no dia 23 de outubro, nas seguintes cidades: Salvador\/BA Barreiras\/BA [&hellip;]<\/p>\n","protected":false},"author":656,"featured_media":728277,"comment_status":"open","ping_status":"closed","sticky":false,"template":"","format":"standard","meta":{"post_tipo":"news","footnotes":""},"categories":[214992,220219],"tags":[],"tax_estado":[219968],"class_list":["post-1069253","post","type-post","status-publish","format-standard","has-post-thumbnail","hentry","category-concursos-administrativos","category-noticias","tax_estado-ba"],"acf":[],"yoast_head":"<!-- This site is optimized with the Yoast SEO Premium plugin v27.2 (Yoast SEO v27.2) - https:\/\/yoast.com\/product\/yoast-seo-premium-wordpress\/ -->\n<title>Edital Embasa: inscri\u00e7\u00f5es encerradas e provas em outubro!<\/title>\n<meta name=\"description\" content=\"Edital Embasa encerra inscri\u00e7\u00f5es do concurso. Candidatos ter\u00e3o provas no dia 23 de outubro, em diversas cidades. Veja!\" \/>\n<meta name=\"robots\" content=\"index, follow, max-snippet:-1, max-image-preview:large, max-video-preview:-1\" \/>\n<link rel=\"canonical\" href=\"https:\/\/www.estrategiaconcursos.com.br\/blog\/concurso-embasa-edital-publicado\/\" \/>\n<meta property=\"og:locale\" content=\"pt_BR\" \/>\n<meta property=\"og:type\" content=\"article\" \/>\n<meta property=\"og:title\" content=\"Edital Embasa: inscri\u00e7\u00f5es encerradas e provas em outubro!\" \/>\n<meta property=\"og:description\" content=\"Edital Embasa encerra inscri\u00e7\u00f5es do concurso. Candidatos ter\u00e3o provas no dia 23 de outubro, em diversas cidades. Veja!\" \/>\n<meta property=\"og:url\" content=\"https:\/\/www.estrategiaconcursos.com.br\/blog\/concurso-embasa-edital-publicado\/\" \/>\n<meta property=\"og:site_name\" content=\"Estrat\u00e9gia Concursos\" \/>\n<meta property=\"article:published_time\" content=\"2022-09-06T18:35:00+00:00\" \/>\n<meta property=\"article:modified_time\" content=\"2022-09-06T19:09:57+00:00\" \/>\n<meta property=\"og:image\" content=\"https:\/\/dhg1h5j42swfq.cloudfront.net\/2021\/04\/30153916\/embasa.jpg\" \/>\n\t<meta property=\"og:image:width\" content=\"768\" \/>\n\t<meta property=\"og:image:height\" content=\"432\" \/>\n\t<meta property=\"og:image:type\" content=\"image\/jpeg\" \/>\n<meta name=\"author\" content=\"F\u00e1bio Scaldelai\" \/>\n<meta name=\"twitter:card\" content=\"summary_large_image\" \/>\n<meta name=\"twitter:creator\" content=\"@EstratConcursos\" \/>\n<meta name=\"twitter:site\" content=\"@EstratConcursos\" \/>\n<meta name=\"twitter:label1\" content=\"Escrito por\" \/>\n\t<meta name=\"twitter:data1\" content=\"F\u00e1bio Scaldelai\" \/>\n\t<meta name=\"twitter:label2\" content=\"Est. tempo de leitura\" \/>\n\t<meta name=\"twitter:data2\" content=\"6 minutos\" \/>\n<script type=\"application\/ld+json\" class=\"yoast-schema-graph\">{\"@context\":\"https:\/\/schema.org\",\"@graph\":[{\"@type\":\"NewsArticle\",\"@id\":\"https:\/\/www.estrategiaconcursos.com.br\/blog\/concurso-embasa-edital-publicado\/#article\",\"isPartOf\":{\"@id\":\"https:\/\/www.estrategiaconcursos.com.br\/blog\/concurso-embasa-edital-publicado\/\"},\"author\":{\"name\":\"F\u00e1bio Scaldelai\",\"@id\":\"https:\/\/www.estrategiaconcursos.com.br\/blog\/#\/schema\/person\/e3b6b7ce0192dd4ad270655969d61750\"},\"headline\":\"Edital Embasa: inscri\u00e7\u00f5es encerradas e provas em outubro!\",\"datePublished\":\"2022-09-06T18:35:00+00:00\",\"dateModified\":\"2022-09-06T19:09:57+00:00\",\"mainEntityOfPage\":{\"@id\":\"https:\/\/www.estrategiaconcursos.com.br\/blog\/concurso-embasa-edital-publicado\/\"},\"wordCount\":947,\"commentCount\":0,\"publisher\":{\"@id\":\"https:\/\/www.estrategiaconcursos.com.br\/blog\/#organization\"},\"image\":{\"@id\":\"https:\/\/www.estrategiaconcursos.com.br\/blog\/concurso-embasa-edital-publicado\/#primaryimage\"},\"thumbnailUrl\":\"https:\/\/dhg1h5j42swfq.cloudfront.net\/2021\/04\/30153916\/embasa.jpg\",\"articleSection\":[\"Executivo (Administrativa)\",\"\u00daltimas not\u00edcias\"],\"inLanguage\":\"pt-BR\",\"potentialAction\":[{\"@type\":\"CommentAction\",\"name\":\"Comment\",\"target\":[\"https:\/\/www.estrategiaconcursos.com.br\/blog\/concurso-embasa-edital-publicado\/#respond\"]}],\"copyrightYear\":\"2022\",\"copyrightHolder\":{\"@id\":\"https:\/\/www.estrategiaconcursos.com.br\/blog\/#organization\"}},{\"@type\":\"WebPage\",\"@id\":\"https:\/\/www.estrategiaconcursos.com.br\/blog\/concurso-embasa-edital-publicado\/\",\"url\":\"https:\/\/www.estrategiaconcursos.com.br\/blog\/concurso-embasa-edital-publicado\/\",\"name\":\"Edital Embasa: inscri\u00e7\u00f5es encerradas e provas em outubro!\",\"isPartOf\":{\"@id\":\"https:\/\/www.estrategiaconcursos.com.br\/blog\/#website\"},\"primaryImageOfPage\":{\"@id\":\"https:\/\/www.estrategiaconcursos.com.br\/blog\/concurso-embasa-edital-publicado\/#primaryimage\"},\"image\":{\"@id\":\"https:\/\/www.estrategiaconcursos.com.br\/blog\/concurso-embasa-edital-publicado\/#primaryimage\"},\"thumbnailUrl\":\"https:\/\/dhg1h5j42swfq.cloudfront.net\/2021\/04\/30153916\/embasa.jpg\",\"datePublished\":\"2022-09-06T18:35:00+00:00\",\"dateModified\":\"2022-09-06T19:09:57+00:00\",\"description\":\"Edital Embasa encerra inscri\u00e7\u00f5es do concurso. Candidatos ter\u00e3o provas no dia 23 de outubro, em diversas cidades. Veja!\",\"breadcrumb\":{\"@id\":\"https:\/\/www.estrategiaconcursos.com.br\/blog\/concurso-embasa-edital-publicado\/#breadcrumb\"},\"inLanguage\":\"pt-BR\",\"potentialAction\":[{\"@type\":\"ReadAction\",\"target\":[\"https:\/\/www.estrategiaconcursos.com.br\/blog\/concurso-embasa-edital-publicado\/\"]}]},{\"@type\":\"ImageObject\",\"inLanguage\":\"pt-BR\",\"@id\":\"https:\/\/www.estrategiaconcursos.com.br\/blog\/concurso-embasa-edital-publicado\/#primaryimage\",\"url\":\"https:\/\/dhg1h5j42swfq.cloudfront.net\/2021\/04\/30153916\/embasa.jpg\",\"contentUrl\":\"https:\/\/dhg1h5j42swfq.cloudfront.net\/2021\/04\/30153916\/embasa.jpg\",\"width\":768,\"height\":432,\"caption\":\"Concurso Embasa convoca\u00e7\u00e3o\"},{\"@type\":\"BreadcrumbList\",\"@id\":\"https:\/\/www.estrategiaconcursos.com.br\/blog\/concurso-embasa-edital-publicado\/#breadcrumb\",\"itemListElement\":[{\"@type\":\"ListItem\",\"position\":1,\"name\":\"In\u00edcio\",\"item\":\"https:\/\/www.estrategiaconcursos.com.br\/blog\/\"},{\"@type\":\"ListItem\",\"position\":2,\"name\":\"Edital Embasa: inscri\u00e7\u00f5es encerradas e provas em outubro!\"}]},{\"@type\":\"WebSite\",\"@id\":\"https:\/\/www.estrategiaconcursos.com.br\/blog\/#website\",\"url\":\"https:\/\/www.estrategiaconcursos.com.br\/blog\/\",\"name\":\"Estrat\u00e9gia Concursos\",\"description\":\"O blog da Estrat\u00e9gia Concursos traz not\u00edcias sobre concursos e artigos de professores oferecendo cursos para concursos (pdf + videaulas) no site.\",\"publisher\":{\"@id\":\"https:\/\/www.estrategiaconcursos.com.br\/blog\/#organization\"},\"potentialAction\":[{\"@type\":\"SearchAction\",\"target\":{\"@type\":\"EntryPoint\",\"urlTemplate\":\"https:\/\/www.estrategiaconcursos.com.br\/blog\/?s={search_term_string}\"},\"query-input\":{\"@type\":\"PropertyValueSpecification\",\"valueRequired\":true,\"valueName\":\"search_term_string\"}}],\"inLanguage\":\"pt-BR\"},{\"@type\":\"Organization\",\"@id\":\"https:\/\/www.estrategiaconcursos.com.br\/blog\/#organization\",\"name\":\"Estrat\u00e9gia Concursos\",\"url\":\"https:\/\/www.estrategiaconcursos.com.br\/blog\/\",\"logo\":{\"@type\":\"ImageObject\",\"inLanguage\":\"pt-BR\",\"@id\":\"https:\/\/www.estrategiaconcursos.com.br\/blog\/#\/schema\/logo\/image\/\",\"url\":\"https:\/\/dhg1h5j42swfq.cloudfront.net\/2025\/06\/03203428\/logo_concursos-1.jpg\",\"contentUrl\":\"https:\/\/dhg1h5j42swfq.cloudfront.net\/2025\/06\/03203428\/logo_concursos-1.jpg\",\"width\":230,\"height\":60,\"caption\":\"Estrat\u00e9gia Concursos\"},\"image\":{\"@id\":\"https:\/\/www.estrategiaconcursos.com.br\/blog\/#\/schema\/logo\/image\/\"},\"sameAs\":[\"https:\/\/x.com\/EstratConcursos\"]},{\"@type\":\"Person\",\"@id\":\"https:\/\/www.estrategiaconcursos.com.br\/blog\/#\/schema\/person\/e3b6b7ce0192dd4ad270655969d61750\",\"name\":\"F\u00e1bio Scaldelai\",\"image\":{\"@type\":\"ImageObject\",\"inLanguage\":\"pt-BR\",\"@id\":\"https:\/\/secure.gravatar.com\/avatar\/8ed7492c4d88d8495bc0cb24cda6847b8ae23eec459a919e08e77d0ca0fd79ec?s=96&d=mm&r=g\",\"url\":\"https:\/\/secure.gravatar.com\/avatar\/8ed7492c4d88d8495bc0cb24cda6847b8ae23eec459a919e08e77d0ca0fd79ec?s=96&d=mm&r=g\",\"contentUrl\":\"https:\/\/secure.gravatar.com\/avatar\/8ed7492c4d88d8495bc0cb24cda6847b8ae23eec459a919e08e77d0ca0fd79ec?s=96&d=mm&r=g\",\"caption\":\"F\u00e1bio Scaldelai\"},\"description\":\"Jornalista no Estrat\u00e9gia Concursos e Produtor de Televis\u00e3o, formado em Jornalismo, R\u00e1dio e TV pela Faculdade Integrada Rio Branco, com especializa\u00e7\u00f5es em Gest\u00e3o Empresarial e Marketing pelo M\u00f3dulo. Atuou como produtor no SBT, TV Bandeirantes e R\u00e1dio Band FM, al\u00e9m de acumular tr\u00eas anos de experi\u00eancia no setor de concursos p\u00fablicos pela LFG (Luiz Fl\u00e1vio Gomes). No Estrat\u00e9gia Concursos, atua na apura\u00e7\u00e3o de not\u00edcias da \u00e1rea fiscal, al\u00e9m de coberturas sobre concursos das \u00e1reas de controle (TCU, TCE, etc), concurso AFT, \u00e1rea de gest\u00e3o e administrativa, bem como dos \u00f3rg\u00e3os participantes do CNU. Tamb\u00e9m possui experi\u00eancia em link building e an\u00e1lise de m\u00eddia, adquirida durante sua atua\u00e7\u00e3o na ag\u00eancia SEO Marketing.\",\"url\":\"https:\/\/www.estrategiaconcursos.com.br\/blog\/author\/fabio-scaldelaiestrategiaconcursos-com-br\/\"}]}<\/script>\n<!-- \/ Yoast SEO Premium plugin. -->","yoast_head_json":{"title":"Edital Embasa: inscri\u00e7\u00f5es encerradas e provas em outubro!","description":"Edital Embasa encerra inscri\u00e7\u00f5es do concurso. Candidatos ter\u00e3o provas no dia 23 de outubro, em diversas cidades. Veja!","robots":{"index":"index","follow":"follow","max-snippet":"max-snippet:-1","max-image-preview":"max-image-preview:large","max-video-preview":"max-video-preview:-1"},"canonical":"https:\/\/www.estrategiaconcursos.com.br\/blog\/concurso-embasa-edital-publicado\/","og_locale":"pt_BR","og_type":"article","og_title":"Edital Embasa: inscri\u00e7\u00f5es encerradas e provas em outubro!","og_description":"Edital Embasa encerra inscri\u00e7\u00f5es do concurso. Candidatos ter\u00e3o provas no dia 23 de outubro, em diversas cidades. Veja!","og_url":"https:\/\/www.estrategiaconcursos.com.br\/blog\/concurso-embasa-edital-publicado\/","og_site_name":"Estrat\u00e9gia Concursos","article_published_time":"2022-09-06T18:35:00+00:00","article_modified_time":"2022-09-06T19:09:57+00:00","og_image":[{"width":768,"height":432,"url":"https:\/\/dhg1h5j42swfq.cloudfront.net\/2021\/04\/30153916\/embasa.jpg","type":"image\/jpeg"}],"author":"F\u00e1bio Scaldelai","twitter_card":"summary_large_image","twitter_creator":"@EstratConcursos","twitter_site":"@EstratConcursos","twitter_misc":{"Escrito por":"F\u00e1bio Scaldelai","Est. tempo de leitura":"6 minutos"},"schema":{"@context":"https:\/\/schema.org","@graph":[{"@type":"NewsArticle","@id":"https:\/\/www.estrategiaconcursos.com.br\/blog\/concurso-embasa-edital-publicado\/#article","isPartOf":{"@id":"https:\/\/www.estrategiaconcursos.com.br\/blog\/concurso-embasa-edital-publicado\/"},"author":{"name":"F\u00e1bio Scaldelai","@id":"https:\/\/www.estrategiaconcursos.com.br\/blog\/#\/schema\/person\/e3b6b7ce0192dd4ad270655969d61750"},"headline":"Edital Embasa: inscri\u00e7\u00f5es encerradas e provas em outubro!","datePublished":"2022-09-06T18:35:00+00:00","dateModified":"2022-09-06T19:09:57+00:00","mainEntityOfPage":{"@id":"https:\/\/www.estrategiaconcursos.com.br\/blog\/concurso-embasa-edital-publicado\/"},"wordCount":947,"commentCount":0,"publisher":{"@id":"https:\/\/www.estrategiaconcursos.com.br\/blog\/#organization"},"image":{"@id":"https:\/\/www.estrategiaconcursos.com.br\/blog\/concurso-embasa-edital-publicado\/#primaryimage"},"thumbnailUrl":"https:\/\/dhg1h5j42swfq.cloudfront.net\/2021\/04\/30153916\/embasa.jpg","articleSection":["Executivo (Administrativa)","\u00daltimas not\u00edcias"],"inLanguage":"pt-BR","potentialAction":[{"@type":"CommentAction","name":"Comment","target":["https:\/\/www.estrategiaconcursos.com.br\/blog\/concurso-embasa-edital-publicado\/#respond"]}],"copyrightYear":"2022","copyrightHolder":{"@id":"https:\/\/www.estrategiaconcursos.com.br\/blog\/#organization"}},{"@type":"WebPage","@id":"https:\/\/www.estrategiaconcursos.com.br\/blog\/concurso-embasa-edital-publicado\/","url":"https:\/\/www.estrategiaconcursos.com.br\/blog\/concurso-embasa-edital-publicado\/","name":"Edital Embasa: inscri\u00e7\u00f5es encerradas e provas em outubro!","isPartOf":{"@id":"https:\/\/www.estrategiaconcursos.com.br\/blog\/#website"},"primaryImageOfPage":{"@id":"https:\/\/www.estrategiaconcursos.com.br\/blog\/concurso-embasa-edital-publicado\/#primaryimage"},"image":{"@id":"https:\/\/www.estrategiaconcursos.com.br\/blog\/concurso-embasa-edital-publicado\/#primaryimage"},"thumbnailUrl":"https:\/\/dhg1h5j42swfq.cloudfront.net\/2021\/04\/30153916\/embasa.jpg","datePublished":"2022-09-06T18:35:00+00:00","dateModified":"2022-09-06T19:09:57+00:00","description":"Edital Embasa encerra inscri\u00e7\u00f5es do concurso. Candidatos ter\u00e3o provas no dia 23 de outubro, em diversas cidades. Veja!","breadcrumb":{"@id":"https:\/\/www.estrategiaconcursos.com.br\/blog\/concurso-embasa-edital-publicado\/#breadcrumb"},"inLanguage":"pt-BR","potentialAction":[{"@type":"ReadAction","target":["https:\/\/www.estrategiaconcursos.com.br\/blog\/concurso-embasa-edital-publicado\/"]}]},{"@type":"ImageObject","inLanguage":"pt-BR","@id":"https:\/\/www.estrategiaconcursos.com.br\/blog\/concurso-embasa-edital-publicado\/#primaryimage","url":"https:\/\/dhg1h5j42swfq.cloudfront.net\/2021\/04\/30153916\/embasa.jpg","contentUrl":"https:\/\/dhg1h5j42swfq.cloudfront.net\/2021\/04\/30153916\/embasa.jpg","width":768,"height":432,"caption":"Concurso Embasa convoca\u00e7\u00e3o"},{"@type":"BreadcrumbList","@id":"https:\/\/www.estrategiaconcursos.com.br\/blog\/concurso-embasa-edital-publicado\/#breadcrumb","itemListElement":[{"@type":"ListItem","position":1,"name":"In\u00edcio","item":"https:\/\/www.estrategiaconcursos.com.br\/blog\/"},{"@type":"ListItem","position":2,"name":"Edital Embasa: inscri\u00e7\u00f5es encerradas e provas em outubro!"}]},{"@type":"WebSite","@id":"https:\/\/www.estrategiaconcursos.com.br\/blog\/#website","url":"https:\/\/www.estrategiaconcursos.com.br\/blog\/","name":"Estrat\u00e9gia Concursos","description":"O blog da Estrat\u00e9gia Concursos traz not\u00edcias sobre concursos e artigos de professores oferecendo cursos para concursos (pdf + videaulas) no site.","publisher":{"@id":"https:\/\/www.estrategiaconcursos.com.br\/blog\/#organization"},"potentialAction":[{"@type":"SearchAction","target":{"@type":"EntryPoint","urlTemplate":"https:\/\/www.estrategiaconcursos.com.br\/blog\/?s={search_term_string}"},"query-input":{"@type":"PropertyValueSpecification","valueRequired":true,"valueName":"search_term_string"}}],"inLanguage":"pt-BR"},{"@type":"Organization","@id":"https:\/\/www.estrategiaconcursos.com.br\/blog\/#organization","name":"Estrat\u00e9gia Concursos","url":"https:\/\/www.estrategiaconcursos.com.br\/blog\/","logo":{"@type":"ImageObject","inLanguage":"pt-BR","@id":"https:\/\/www.estrategiaconcursos.com.br\/blog\/#\/schema\/logo\/image\/","url":"https:\/\/dhg1h5j42swfq.cloudfront.net\/2025\/06\/03203428\/logo_concursos-1.jpg","contentUrl":"https:\/\/dhg1h5j42swfq.cloudfront.net\/2025\/06\/03203428\/logo_concursos-1.jpg","width":230,"height":60,"caption":"Estrat\u00e9gia Concursos"},"image":{"@id":"https:\/\/www.estrategiaconcursos.com.br\/blog\/#\/schema\/logo\/image\/"},"sameAs":["https:\/\/x.com\/EstratConcursos"]},{"@type":"Person","@id":"https:\/\/www.estrategiaconcursos.com.br\/blog\/#\/schema\/person\/e3b6b7ce0192dd4ad270655969d61750","name":"F\u00e1bio Scaldelai","image":{"@type":"ImageObject","inLanguage":"pt-BR","@id":"https:\/\/secure.gravatar.com\/avatar\/8ed7492c4d88d8495bc0cb24cda6847b8ae23eec459a919e08e77d0ca0fd79ec?s=96&d=mm&r=g","url":"https:\/\/secure.gravatar.com\/avatar\/8ed7492c4d88d8495bc0cb24cda6847b8ae23eec459a919e08e77d0ca0fd79ec?s=96&d=mm&r=g","contentUrl":"https:\/\/secure.gravatar.com\/avatar\/8ed7492c4d88d8495bc0cb24cda6847b8ae23eec459a919e08e77d0ca0fd79ec?s=96&d=mm&r=g","caption":"F\u00e1bio Scaldelai"},"description":"Jornalista no Estrat\u00e9gia Concursos e Produtor de Televis\u00e3o, formado em Jornalismo, R\u00e1dio e TV pela Faculdade Integrada Rio Branco, com especializa\u00e7\u00f5es em Gest\u00e3o Empresarial e Marketing pelo M\u00f3dulo. Atuou como produtor no SBT, TV Bandeirantes e R\u00e1dio Band FM, al\u00e9m de acumular tr\u00eas anos de experi\u00eancia no setor de concursos p\u00fablicos pela LFG (Luiz Fl\u00e1vio Gomes). No Estrat\u00e9gia Concursos, atua na apura\u00e7\u00e3o de not\u00edcias da \u00e1rea fiscal, al\u00e9m de coberturas sobre concursos das \u00e1reas de controle (TCU, TCE, etc), concurso AFT, \u00e1rea de gest\u00e3o e administrativa, bem como dos \u00f3rg\u00e3os participantes do CNU. Tamb\u00e9m possui experi\u00eancia em link building e an\u00e1lise de m\u00eddia, adquirida durante sua atua\u00e7\u00e3o na ag\u00eancia SEO Marketing.","url":"https:\/\/www.estrategiaconcursos.com.br\/blog\/author\/fabio-scaldelaiestrategiaconcursos-com-br\/"}]}},"_links":{"self":[{"href":"https:\/\/www.estrategiaconcursos.com.br\/blog\/wp-json\/wp\/v2\/posts\/1069253","targetHints":{"allow":["GET"]}}],"collection":[{"href":"https:\/\/www.estrategiaconcursos.com.br\/blog\/wp-json\/wp\/v2\/posts"}],"about":[{"href":"https:\/\/www.estrategiaconcursos.com.br\/blog\/wp-json\/wp\/v2\/types\/post"}],"author":[{"embeddable":true,"href":"https:\/\/www.estrategiaconcursos.com.br\/blog\/wp-json\/wp\/v2\/users\/656"}],"replies":[{"embeddable":true,"href":"https:\/\/www.estrategiaconcursos.com.br\/blog\/wp-json\/wp\/v2\/comments?post=1069253"}],"version-history":[{"count":33,"href":"https:\/\/www.estrategiaconcursos.com.br\/blog\/wp-json\/wp\/v2\/posts\/1069253\/revisions"}],"predecessor-version":[{"id":1090488,"href":"https:\/\/www.estrategiaconcursos.com.br\/blog\/wp-json\/wp\/v2\/posts\/1069253\/revisions\/1090488"}],"wp:featuredmedia":[{"embeddable":true,"href":"https:\/\/www.estrategiaconcursos.com.br\/blog\/wp-json\/wp\/v2\/media\/728277"}],"wp:attachment":[{"href":"https:\/\/www.estrategiaconcursos.com.br\/blog\/wp-json\/wp\/v2\/media?parent=1069253"}],"wp:term":[{"taxonomy":"category","embeddable":true,"href":"https:\/\/www.estrategiaconcursos.com.br\/blog\/wp-json\/wp\/v2\/categories?post=1069253"},{"taxonomy":"post_tag","embeddable":true,"href":"https:\/\/www.estrategiaconcursos.com.br\/blog\/wp-json\/wp\/v2\/tags?post=1069253"},{"taxonomy":"tax_estado","embeddable":true,"href":"https:\/\/www.estrategiaconcursos.com.br\/blog\/wp-json\/wp\/v2\/tax_estado?post=1069253"}],"curies":[{"name":"wp","href":"https:\/\/api.w.org\/{rel}","templated":true}]}}