{"id":1069104,"date":"2022-08-01T09:00:00","date_gmt":"2022-08-01T12:00:00","guid":{"rendered":"https:\/\/www.estrategiaconcursos.com.br\/blog\/?p=1069104"},"modified":"2022-08-05T16:41:26","modified_gmt":"2022-08-05T19:41:26","slug":"carta-aos-assinantes-092","status":"publish","type":"post","link":"https:\/\/www.estrategiaconcursos.com.br\/blog\/carta-aos-assinantes-092\/","title":{"rendered":"Carta aos Assinantes do Estrat\u00e9gia Concursos &#8211; 092"},"content":{"rendered":"\n<p class=\"has-text-align-right has-luminous-vivid-amber-background-color has-background\"><em>Confira, em nossa <strong>nonag\u00e9sima<\/strong> <strong>segunda<\/strong> carta aos assinantes, a nossa programa\u00e7\u00e3o semanal, as novidades do nosso Sistema de Quest\u00f5es e as principais movimenta\u00e7\u00f5es de concursos.<\/em><\/p>\n\n\n\n<p>Ol\u00e1, pessoal. Tudo bem?<\/p>\n\n\n\n<p>Aqui \u00e9 o<strong> Prof. Diego Cerqueira <\/strong>em nossa <strong><mark style=\"background-color:rgba(0, 0, 0, 0)\" class=\"has-inline-color has-vivid-purple-color\">nonag\u00e9sima segunda carta aos Assinantes<\/mark><\/strong> do Estrat\u00e9gia Concursos.<\/p>\n\n\n\n<p>Quem aqui tem dificuldades com Estat\u00edstica? Se este for o seu caso, eu tenho uma boa not\u00edcia: a partir do dia 01\/08, \u00e0s 14h, o professor Carlos Henrique iniciar\u00e1 o curso <strong><mark style=\"background-color:rgba(0, 0, 0, 0)\" class=\"has-inline-color has-vivid-purple-color\">Estat\u00edstica para os Desesperados: Gabaritando a FGV<\/mark><\/strong>. Trata-se de um curso de muita teoria e resolu\u00e7\u00e3o de quest\u00f5es, para que voc\u00ea possa ficar craque nas provas de Estat\u00edstica da FGV, que, como sabemos, \u00e9 uma banca extremamente exigente e que poder\u00e1 ser a indicada para realizar o concurso da Receita Federal.<\/p>\n\n\n\n<p>Para ficar por dentro, inscreva-se no <a href=\"https:\/\/www.youtube.com\/c\/EstrategiaConcursosBrasil\">nosso canal do YouTube<\/a>.<\/p>\n\n\n\n<p>Por falar em concurso da <strong><mark style=\"background-color:rgba(0, 0, 0, 0)\" class=\"has-inline-color has-vivid-purple-color\">Receita Federal do Brasil<\/mark><\/strong>, temos informa\u00e7\u00f5es importantes neste momento, pois, atualmente, a RFB trabalha na sele\u00e7\u00e3o e contrata\u00e7\u00e3o da banca organizadora, que deve ser anunciada em breve. Se quiser mais informa\u00e7\u00f5es, acesse <a href=\"https:\/\/www.estrategiaconcursos.com.br\/blog\/concurso-receita-federal\/\">aqui<\/a> o nosso artigo do Blog do Estrat\u00e9gia e n\u00e3o perca nenhuma atualiza\u00e7\u00e3o do certame fiscal mais aguardado dos \u00faltimos tempos.<\/p>\n\n\n\n<p>Para quem est\u00e1 buscando uma oportunidade em concursos de <strong><mark style=\"background-color:rgba(0, 0, 0, 0)\" class=\"has-inline-color has-vivid-purple-color\">Tribunais Regionais do Trabalho<\/mark><\/strong>, a hora \u00e9 agora! Os certames que est\u00e3o previstos para esse tipo de Tribunal s\u00e3o os seguintes:<\/p>\n\n\n\n<ul class=\"wp-block-list\"><li>Tribunal Regional do Trabalho da 14\u00aa Regi\u00e3o (abrange os estados de Rond\u00f4nia e Acre)<\/li><li>Tribunal Regional do Trabalho da 16\u00aa Regi\u00e3o (abrange o estado do Maranh\u00e3o)<\/li><li>Tribunal Regional do Trabalho da 13\u00aa Regi\u00e3o (abrange o estado de Pernambuco)<\/li><li>Tribunal Regional do Trabalho da 8\u00aa Regi\u00e3o (abrange os estados do Amap\u00e1 e Par\u00e1)<\/li><li>Tribunal Regional do Trabalho 3\u00aa Regi\u00e3o (abrange o estado de Minas Gerais)<\/li><\/ul>\n\n\n\n<p>Se quiser saber tudo que est\u00e1 rolando com estes concursos, inscreva-se no nosso <a href=\"https:\/\/t.me\/JornadaDoEscrevente\">canal de Tribunais do Telegram<\/a>.<\/p>\n\n\n\n<h2 class=\"wp-block-heading\" id=\"h-sistema-de-questoes-do-estrategia\"><strong>Sistema de Quest\u00f5es do Estrat\u00e9gia<\/strong><\/h2>\n\n\n\n<p>Na \u00faltima semana, a nossa equipe do SQ criou o seguinte artigo de Quest\u00f5es In\u00e9ditas:<\/p>\n\n\n\n<ul class=\"wp-block-list\"><li>Tribunal de Justi\u00e7a do Piau\u00ed (<a href=\"https:\/\/www.estrategiaconcursos.com.br\/blog\/questoes-ineditas-tj-pi\/\">Clique aqui!<\/a>)<\/li><\/ul>\n\n\n\n<p>Al\u00e9m disso, foi criado tamb\u00e9m o seguinte artigo com Cadernos de Quest\u00f5es:<\/p>\n\n\n\n<ul class=\"wp-block-list\"><li>Tribunal Regional do Trabalho da 23\u00aa Regi\u00e3o (<a href=\"https:\/\/www.estrategiaconcursos.com.br\/blog\/cadernos-de-questoes-trt23\/\">Clique aqui!<\/a>)<\/li><\/ul>\n\n\n\n<h2 class=\"wp-block-heading\" id=\"h-agora-vamos-ver-as-principais-movimentacoes-de-concursos-da-ultima-semana\"><strong>Agora, vamos ver as principais movimenta\u00e7\u00f5es de concursos da \u00faltima semana?<\/strong><\/h2>\n\n\n\n<ul class=\"wp-block-list\"><li><a href=\"https:\/\/www.estrategiaconcursos.com.br\/blog\/concurso-sefaz-mg\/\">SEFAZ MG<\/a>: Com edital j\u00e1 na pra\u00e7a, foi publicada a primeira retifica\u00e7\u00e3o do concurso Sefaz MG (Secretaria de Estado de Fazenda de Minas Gerais). As principais altera\u00e7\u00f5es se d\u00e3o nas datas de inscri\u00e7\u00f5es, aplica\u00e7\u00e3o das provas e em alguns t\u00f3picos do conte\u00fado program\u00e1tico. Portanto, os interessados na sele\u00e7\u00e3o poder\u00e3o se inscrever entre os dias 06 de setembro e 05 de outubro, atrav\u00e9s do site da banca, a Funda\u00e7\u00e3o Get\u00falio Vargas (FGV), enquanto que o prazo para solicita\u00e7\u00e3o de isen\u00e7\u00e3o da taxa vai de 06 a 12 de setembro. J\u00e1 a aplica\u00e7\u00e3o das provas foi adiada para os dias 08 de janeiro (Objetiva) e 19 de mar\u00e7o de 2023 (Discursiva). Ao todo, s\u00e3o ofertadas 431 vagas para o cargo de Auditor Fiscal, nas especialidades de Tecnologia da Informa\u00e7\u00e3o, Tributa\u00e7\u00e3o e Auditoria e Fiscaliza\u00e7\u00e3o.<\/li><\/ul>\n\n\n\n<ul class=\"wp-block-list\"><li><a href=\"https:\/\/www.estrategiaconcursos.com.br\/blog\/concurso-seplag-mg\/\">SEPLAG MG<\/a>: Foi publicado o edital para a carreira de Especialista em Pol\u00edticas P\u00fablicas e Gest\u00e3o Governamental (EPPGG) do quadro de pessoal da Secretaria de Planejamento e Gest\u00e3o \u2013 SEPLAG MG. Ao todo, s\u00e3o ofertadas 40 oportunidades com exig\u00eancia em n\u00edvel m\u00e9dio de forma\u00e7\u00e3o e sal\u00e1rios iniciais de R$ 5.147,18. O concurso \u00e9 realizado anualmente pela Funda\u00e7\u00e3o Jo\u00e3o Pinheiro e tem avalia\u00e7\u00e3o atrav\u00e9s das provas do ENEM (Exame Nacional do Ensino M\u00e9dio). Os interessados na sele\u00e7\u00e3o podem se inscrever entre os dias 26 de setembro e 13 de outubro, atrav\u00e9s do site da banca organizadora, a Funda\u00e7\u00e3o CEFETMINAS.<\/li><\/ul>\n\n\n\n<ul class=\"wp-block-list\"><li><a href=\"https:\/\/www.estrategiaconcursos.com.br\/blog\/concurso-ppgg-df\/\">PPGG DF<\/a>: O IADES foi definido como banca organizadora do concurso PPGG DF (Pol\u00edticas P\u00fablicas e Gest\u00e3o Governamental do Distrito Federal). A empresa ser\u00e1 respons\u00e1vel pela aplica\u00e7\u00e3o de provas e recolhimento de inscri\u00e7\u00f5es dos cargos de Gestor e Analista, ambos de n\u00edvel superior. Ao todo, ser\u00e3o 250 vagas imediatas mais 1.150 oportunidades em cadastro reserva. As fun\u00e7\u00f5es ofertadas possuem remunera\u00e7\u00f5es iniciais que variam entre R$ 3,7 mil e R$ 7,7 mil, conforme a carga hor\u00e1ria, que pode ser de 30 ou 40 horas semanais. Vale lembrar que esse ser\u00e1 o primeiro concurso da carreira de PPGG DF.<\/li><\/ul>\n\n\n\n<ul class=\"wp-block-list\"><li><a href=\"https:\/\/www.estrategiaconcursos.com.br\/blog\/concurso-camara-de-taubate\/\">C\u00e2mara de Taubat\u00e9<\/a> Foi publicado o edital do concurso C\u00e2mara de Taubat\u00e9 com 15 vagas imediatas, al\u00e9m de cadastro reserva. As oportunidades s\u00e3o para diversos cargos nos n\u00edveis m\u00e9dio e superior, com sal\u00e1rios de R$ 2.277,74 a R$ 9.687,61. Os interessados em participar da sele\u00e7\u00e3o devem realizar as inscri\u00e7\u00f5es de 27 de julho a 25 de agosto, no site da banca organizadora, FGV. A prova \u00e9 prevista no dia 16 de outubro.<\/li><\/ul>\n\n\n\n<ul class=\"wp-block-list\"><li><a href=\"https:\/\/www.estrategiaconcursos.com.br\/blog\/concurso-senado-federal\/\">Senado Federal<\/a> O extrato de contrato com a Funda\u00e7\u00e3o Getulio Vargas (FGV) foi divulgado no Di\u00e1rio Oficial da Uni\u00e3o e torna a publica\u00e7\u00e3o do edital do concurso Senado ainda mais iminente. Segundo projeto b\u00e1sico, s\u00e3o previstas 19 vagas imediatas e 989 em cadastro reserva. As oportunidades s\u00e3o para os cargos de Advogado, Consultor Legislativo, Analista Legislativo (v\u00e1rias especialidades) e T\u00e9cnico Legislativo (Policial Legislativo), com sal\u00e1rios de R$ 19.427,79 a R$ 33.461,68.<\/li><\/ul>\n\n\n\n<ul class=\"wp-block-list\"><li><a href=\"https:\/\/www.estrategiaconcursos.com.br\/blog\/concurso-detran-df\/\">Detran DF<\/a> Foi publicado o extrato de contrato que confirma a contrata\u00e7\u00e3o do IBFC como banca organizadora do concurso Detran DF. Agora, a publica\u00e7\u00e3o do edital \u00e9 iminente. S\u00e3o previstas 366 vagas, sendo 123 imediatas e 243 em cadastro reserva, para os cargos de T\u00e9cnico e Analista de Atividades de Tr\u00e2nsito. As oportunidades exigem escolaridade de n\u00edvel m\u00e9dio (T\u00e9cnico) e superior (Analista), com sal\u00e1rios iniciais variando em R$ 6 mil a R$ 9 mil, respectivamente.<\/li><\/ul>\n\n\n\n<ul class=\"wp-block-list\"><li><a href=\"https:\/\/www.estrategiaconcursos.com.br\/blog\/concurso-ses-df\/\">SES DF<\/a> O concurso SES DF passou por intensas movimenta\u00e7\u00f5es. Isso porque a empresa FUNATEC foi definida banca organizadora para os cargos de Agente de Vigil\u00e2ncia Ambiental em Sa\u00fade e Agente Comunit\u00e1rio de Sa\u00fade. Al\u00e9m disso, foram institu\u00eddos os grupos de trabalhos para os certames com vagas de Especialista em Sa\u00fade, T\u00e9cnico e Analista em Gest\u00e3o e Assist\u00eancia P\u00fablica \u00e0 Sa\u00fade.<\/li><\/ul>\n\n\n\n<ul class=\"wp-block-list\"><li><a href=\"https:\/\/www.estrategiaconcursos.com.br\/blog\/concurso-policia-militar-ms\/\">PM MS<\/a> Foi formada a comiss\u00e3o do concurso PM MS. Conforme autoriza\u00e7\u00e3o, s\u00e3o previstas 520 vagas, distribu\u00eddas entre os cargos de soldados (500) e oficiais (20). Agora, o pr\u00f3ximo passo ser\u00e1 a contrata\u00e7\u00e3o da banca organizadora, o qual \u00e9 prevista at\u00e9 agosto. A expectativa \u00e9 de que a publica\u00e7\u00e3o do edital ocorra em setembro.<\/li><\/ul>\n\n\n\n<ul class=\"wp-block-list\"><li><a href=\"https:\/\/www.estrategiaconcursos.com.br\/blog\/concurso-bombeiros-ms\/\">Bombeiros MS<\/a> Foi formada a comiss\u00e3o do concurso Bombeiros MS. A sele\u00e7\u00e3o foi com 260 vagas, sendo 250 para Soldado e 10 para Oficial. Agora, o pr\u00f3ximo passo ser\u00e1 a contrata\u00e7\u00e3o da banca organizadora, o qual \u00e9 prevista at\u00e9 agosto. A expectativa \u00e9 de que a publica\u00e7\u00e3o do edital ocorra em setembro.<\/li><\/ul>\n\n\n\n<ul class=\"wp-block-list\"><li><a href=\"https:\/\/cj.estrategia.com\/portal\/concurso-magistratura-sc\/\">Concurso Magistratura SC<\/a>: Foi publicada no Di\u00e1rio de Justi\u00e7a de Santa Catarina a composi\u00e7\u00e3o da comiss\u00e3o examinadora do concurso que oferta 30 vagas para o cargo de Juiz Substituto, com sal\u00e1rio de R$ 28.883,98. A prova objetiva est\u00e1 prevista para o dia 21 de agosto. J\u00e1 as provas escritas ser\u00e3o aplicadas em 6,7 e 8 de novembro de 2022. Os interessados devem comprovar bacharelado em Direito e tr\u00eas anos de atividade jur\u00eddica.<\/li><\/ul>\n\n\n\n<ul class=\"wp-block-list\"><li><a href=\"https:\/\/cj.estrategia.com\/portal\/concurso-mp-ms-promotor\/\">Concurso Promotor MS<\/a>: Foi publicada a composi\u00e7\u00e3o da comiss\u00e3o organizadora do concurso para Promotor de Justi\u00e7a do Mato Grosso do Sul, que j\u00e1 tinha seu regulamento publicado. O novo documento n\u00e3o revela o quantitativo de vagas e o poss\u00edvel cronograma. Mas, com a publica\u00e7\u00e3o feita o grupo pode dar in\u00edcio aos trabalhos para o lan\u00e7amento do edital. O sal\u00e1rio inicial \u00e9 de R$ 27.363,98 e, para concorrer, o candidato deve possuir forma\u00e7\u00e3o superior em Direito e 3 anos de atividade jur\u00eddica.<\/li><\/ul>\n\n\n\n<ul class=\"wp-block-list\"><li><a href=\"https:\/\/www.estrategiaconcursos.com.br\/blog\/concurso-tse-unificado\/\">Concurso<\/a> <a href=\"https:\/\/www.estrategiaconcursos.com.br\/blog\/concurso-tse-unificado\/\">TSE Unificado<\/a>:&nbsp; 14 Tribunais Regionais Eleitorais j\u00e1 confirmaram solicita\u00e7\u00e3o de participa\u00e7\u00e3o no edital unificado promovido pelo TSE para 2023. S\u00e3o 205 vagas autorizadas para os cargos de t\u00e9cnico e analista judici\u00e1rio, mas o n\u00famero pode aumentar em raz\u00e3o do n\u00famero de vac\u00e2ncias que surgiram desde a autoriza\u00e7\u00e3o, em maio.<\/li><\/ul>\n\n\n\n<ul class=\"wp-block-list\"><li><a href=\"https:\/\/www.estrategiaconcursos.com.br\/blog\/concurso-trt-pb\/\">Concurso TRT PB<\/a>: O Tribunal Regional do Trabalho da Para\u00edba confirmou a publica\u00e7\u00e3o do edital para t\u00e9cnicos e analistas judici\u00e1rio para o m\u00eas de agosto e as provas devem ficar para novembro. Al\u00e9m disso, foi confirmada a oferta de 4 vagas imediatas, al\u00e9m de cadastro de reserva, em 17 especialidades.<\/li><\/ul>\n\n\n\n<ul class=\"wp-block-list\"><li><a href=\"https:\/\/www.estrategiaconcursos.com.br\/blog\/concurso-trt-mt\/\">Concurso TRT MT:<\/a> Tribunal Regional do Trabalho do Mato Grosso aumentou o n\u00famero de vagas imediatas do edital j\u00e1 publicado. Agora, s\u00e3o 4 vagas imediatas, duas a mais do que era inicialmente previsto. Al\u00e9m disso, as inscri\u00e7\u00f5es foram prorrogadas at\u00e9 1\u00ba de agosto.<\/li><\/ul>\n\n\n\n<p>Desejo a todos uma excelente semana de estudos!<\/p>\n\n\n\n<p>Abra\u00e7os,<\/p>\n\n\n\n<p><strong>Prof. Diego Cerqueira<\/strong><\/p>\n","protected":false},"excerpt":{"rendered":"<p>Confira, em nossa nonag\u00e9sima segunda carta aos assinantes, a nossa programa\u00e7\u00e3o semanal, as novidades do nosso Sistema de Quest\u00f5es e as principais movimenta\u00e7\u00f5es de concursos. Ol\u00e1, pessoal. Tudo bem? Aqui \u00e9 o Prof. Diego Cerqueira em nossa nonag\u00e9sima segunda carta aos Assinantes do Estrat\u00e9gia Concursos. Quem aqui tem dificuldades com Estat\u00edstica? Se este for o [&hellip;]<\/p>\n","protected":false},"author":1789,"featured_media":1069110,"comment_status":"open","ping_status":"closed","sticky":false,"template":"","format":"standard","meta":{"post_tipo":"article","footnotes":""},"categories":[1],"tags":[],"tax_estado":[219964,219965,219966,219967,219968,219969,219963,219970,219971,219972,219973,219974,219975,219976,219977,219978,219979,219980,219981,219982,219983,219984,219985,219986,219987,219988,219989,219990],"class_list":["post-1069104","post","type-post","status-publish","format-standard","has-post-thumbnail","hentry","category-cursos-e-concursos","tax_estado-ac","tax_estado-al","tax_estado-am","tax_estado-ap","tax_estado-ba","tax_estado-ce","tax_estado-concursos-federais","tax_estado-df","tax_estado-es","tax_estado-go","tax_estado-ma","tax_estado-mg","tax_estado-ms","tax_estado-mt","tax_estado-pa","tax_estado-pb","tax_estado-pe","tax_estado-pi","tax_estado-pr","tax_estado-rj","tax_estado-rn","tax_estado-ro","tax_estado-rr","tax_estado-rs","tax_estado-sc","tax_estado-se","tax_estado-sp","tax_estado-to"],"acf":[],"yoast_head":"<!-- This site is optimized with the Yoast SEO Premium plugin v27.2 (Yoast SEO v27.2) - https:\/\/yoast.com\/product\/yoast-seo-premium-wordpress\/ -->\n<title>Carta aos Assinantes do Estrat\u00e9gia Concursos - 092<\/title>\n<meta name=\"description\" content=\"Confira, em nossa 92\u00aa carta aos assinantes, a nossa programa\u00e7\u00e3o semanal, as novidades do nosso SQ e as principais movimenta\u00e7\u00f5es de concursos.\" \/>\n<meta name=\"robots\" content=\"index, follow, max-snippet:-1, max-image-preview:large, max-video-preview:-1\" \/>\n<link rel=\"canonical\" href=\"https:\/\/www.estrategiaconcursos.com.br\/blog\/carta-aos-assinantes-092\/\" \/>\n<meta property=\"og:locale\" content=\"pt_BR\" \/>\n<meta property=\"og:type\" content=\"article\" \/>\n<meta property=\"og:title\" content=\"Carta aos Assinantes do Estrat\u00e9gia Concursos - 092\" \/>\n<meta property=\"og:description\" content=\"Confira, em nossa 92\u00aa carta aos assinantes, a nossa programa\u00e7\u00e3o semanal, as novidades do nosso SQ e as principais movimenta\u00e7\u00f5es de concursos.\" \/>\n<meta property=\"og:url\" content=\"https:\/\/www.estrategiaconcursos.com.br\/blog\/carta-aos-assinantes-092\/\" \/>\n<meta property=\"og:site_name\" content=\"Estrat\u00e9gia Concursos\" \/>\n<meta property=\"article:published_time\" content=\"2022-08-01T12:00:00+00:00\" \/>\n<meta property=\"article:modified_time\" content=\"2022-08-05T19:41:26+00:00\" \/>\n<meta property=\"og:image\" content=\"https:\/\/dhg1h5j42swfq.cloudfront.net\/2022\/07\/29172028\/imagem-carta-aos-assinantes-5.png\" \/>\n\t<meta property=\"og:image:width\" content=\"800\" \/>\n\t<meta property=\"og:image:height\" content=\"450\" \/>\n\t<meta property=\"og:image:type\" content=\"image\/png\" \/>\n<meta name=\"author\" content=\"Coordena\u00e7\u00e3o Estrat\u00e9gia\" \/>\n<meta name=\"twitter:card\" content=\"summary_large_image\" \/>\n<meta name=\"twitter:creator\" content=\"@EstratConcursos\" \/>\n<meta name=\"twitter:site\" content=\"@EstratConcursos\" \/>\n<meta name=\"twitter:label1\" content=\"Escrito por\" \/>\n\t<meta name=\"twitter:data1\" content=\"Coordena\u00e7\u00e3o Estrat\u00e9gia\" \/>\n\t<meta name=\"twitter:label2\" content=\"Est. tempo de leitura\" \/>\n\t<meta name=\"twitter:data2\" content=\"8 minutos\" \/>\n<script type=\"application\/ld+json\" class=\"yoast-schema-graph\">{\"@context\":\"https:\/\/schema.org\",\"@graph\":[{\"@type\":\"NewsArticle\",\"@id\":\"https:\/\/www.estrategiaconcursos.com.br\/blog\/carta-aos-assinantes-092\/#article\",\"isPartOf\":{\"@id\":\"https:\/\/www.estrategiaconcursos.com.br\/blog\/carta-aos-assinantes-092\/\"},\"author\":{\"name\":\"Coordena\u00e7\u00e3o Estrat\u00e9gia\",\"@id\":\"https:\/\/www.estrategiaconcursos.com.br\/blog\/#\/schema\/person\/ba5fab3b1fa4a358429e37bc50f74021\"},\"headline\":\"Carta aos Assinantes do Estrat\u00e9gia Concursos &#8211; 092\",\"datePublished\":\"2022-08-01T12:00:00+00:00\",\"dateModified\":\"2022-08-05T19:41:26+00:00\",\"mainEntityOfPage\":{\"@id\":\"https:\/\/www.estrategiaconcursos.com.br\/blog\/carta-aos-assinantes-092\/\"},\"wordCount\":1504,\"commentCount\":0,\"publisher\":{\"@id\":\"https:\/\/www.estrategiaconcursos.com.br\/blog\/#organization\"},\"image\":{\"@id\":\"https:\/\/www.estrategiaconcursos.com.br\/blog\/carta-aos-assinantes-092\/#primaryimage\"},\"thumbnailUrl\":\"https:\/\/dhg1h5j42swfq.cloudfront.net\/2022\/07\/29172028\/imagem-carta-aos-assinantes-5.png\",\"articleSection\":[\"Concursos P\u00fablicos\"],\"inLanguage\":\"pt-BR\",\"potentialAction\":[{\"@type\":\"CommentAction\",\"name\":\"Comment\",\"target\":[\"https:\/\/www.estrategiaconcursos.com.br\/blog\/carta-aos-assinantes-092\/#respond\"]}],\"copyrightYear\":\"2022\",\"copyrightHolder\":{\"@id\":\"https:\/\/www.estrategiaconcursos.com.br\/blog\/#organization\"}},{\"@type\":\"WebPage\",\"@id\":\"https:\/\/www.estrategiaconcursos.com.br\/blog\/carta-aos-assinantes-092\/\",\"url\":\"https:\/\/www.estrategiaconcursos.com.br\/blog\/carta-aos-assinantes-092\/\",\"name\":\"Carta aos Assinantes do Estrat\u00e9gia Concursos - 092\",\"isPartOf\":{\"@id\":\"https:\/\/www.estrategiaconcursos.com.br\/blog\/#website\"},\"primaryImageOfPage\":{\"@id\":\"https:\/\/www.estrategiaconcursos.com.br\/blog\/carta-aos-assinantes-092\/#primaryimage\"},\"image\":{\"@id\":\"https:\/\/www.estrategiaconcursos.com.br\/blog\/carta-aos-assinantes-092\/#primaryimage\"},\"thumbnailUrl\":\"https:\/\/dhg1h5j42swfq.cloudfront.net\/2022\/07\/29172028\/imagem-carta-aos-assinantes-5.png\",\"datePublished\":\"2022-08-01T12:00:00+00:00\",\"dateModified\":\"2022-08-05T19:41:26+00:00\",\"description\":\"Confira, em nossa 92\u00aa carta aos assinantes, a nossa programa\u00e7\u00e3o semanal, as novidades do nosso SQ e as principais movimenta\u00e7\u00f5es de concursos.\",\"breadcrumb\":{\"@id\":\"https:\/\/www.estrategiaconcursos.com.br\/blog\/carta-aos-assinantes-092\/#breadcrumb\"},\"inLanguage\":\"pt-BR\",\"potentialAction\":[{\"@type\":\"ReadAction\",\"target\":[\"https:\/\/www.estrategiaconcursos.com.br\/blog\/carta-aos-assinantes-092\/\"]}]},{\"@type\":\"ImageObject\",\"inLanguage\":\"pt-BR\",\"@id\":\"https:\/\/www.estrategiaconcursos.com.br\/blog\/carta-aos-assinantes-092\/#primaryimage\",\"url\":\"https:\/\/dhg1h5j42swfq.cloudfront.net\/2022\/07\/29172028\/imagem-carta-aos-assinantes-5.png\",\"contentUrl\":\"https:\/\/dhg1h5j42swfq.cloudfront.net\/2022\/07\/29172028\/imagem-carta-aos-assinantes-5.png\",\"width\":800,\"height\":450},{\"@type\":\"BreadcrumbList\",\"@id\":\"https:\/\/www.estrategiaconcursos.com.br\/blog\/carta-aos-assinantes-092\/#breadcrumb\",\"itemListElement\":[{\"@type\":\"ListItem\",\"position\":1,\"name\":\"In\u00edcio\",\"item\":\"https:\/\/www.estrategiaconcursos.com.br\/blog\/\"},{\"@type\":\"ListItem\",\"position\":2,\"name\":\"Carta aos Assinantes do Estrat\u00e9gia Concursos &#8211; 092\"}]},{\"@type\":\"WebSite\",\"@id\":\"https:\/\/www.estrategiaconcursos.com.br\/blog\/#website\",\"url\":\"https:\/\/www.estrategiaconcursos.com.br\/blog\/\",\"name\":\"Estrat\u00e9gia Concursos\",\"description\":\"O blog da Estrat\u00e9gia Concursos traz not\u00edcias sobre concursos e artigos de professores oferecendo cursos para concursos (pdf + videaulas) no site.\",\"publisher\":{\"@id\":\"https:\/\/www.estrategiaconcursos.com.br\/blog\/#organization\"},\"potentialAction\":[{\"@type\":\"SearchAction\",\"target\":{\"@type\":\"EntryPoint\",\"urlTemplate\":\"https:\/\/www.estrategiaconcursos.com.br\/blog\/?s={search_term_string}\"},\"query-input\":{\"@type\":\"PropertyValueSpecification\",\"valueRequired\":true,\"valueName\":\"search_term_string\"}}],\"inLanguage\":\"pt-BR\"},{\"@type\":\"Organization\",\"@id\":\"https:\/\/www.estrategiaconcursos.com.br\/blog\/#organization\",\"name\":\"Estrat\u00e9gia Concursos\",\"url\":\"https:\/\/www.estrategiaconcursos.com.br\/blog\/\",\"logo\":{\"@type\":\"ImageObject\",\"inLanguage\":\"pt-BR\",\"@id\":\"https:\/\/www.estrategiaconcursos.com.br\/blog\/#\/schema\/logo\/image\/\",\"url\":\"https:\/\/dhg1h5j42swfq.cloudfront.net\/2025\/06\/03203428\/logo_concursos-1.jpg\",\"contentUrl\":\"https:\/\/dhg1h5j42swfq.cloudfront.net\/2025\/06\/03203428\/logo_concursos-1.jpg\",\"width\":230,\"height\":60,\"caption\":\"Estrat\u00e9gia Concursos\"},\"image\":{\"@id\":\"https:\/\/www.estrategiaconcursos.com.br\/blog\/#\/schema\/logo\/image\/\"},\"sameAs\":[\"https:\/\/x.com\/EstratConcursos\"]},{\"@type\":\"Person\",\"@id\":\"https:\/\/www.estrategiaconcursos.com.br\/blog\/#\/schema\/person\/ba5fab3b1fa4a358429e37bc50f74021\",\"name\":\"Coordena\u00e7\u00e3o Estrat\u00e9gia\",\"image\":{\"@type\":\"ImageObject\",\"inLanguage\":\"pt-BR\",\"@id\":\"https:\/\/secure.gravatar.com\/avatar\/adff33ff18541ba37c900dd2b1e82dbfb0fe33d873b92636b4827a8da462feb3?s=96&d=mm&r=g\",\"url\":\"https:\/\/secure.gravatar.com\/avatar\/adff33ff18541ba37c900dd2b1e82dbfb0fe33d873b92636b4827a8da462feb3?s=96&d=mm&r=g\",\"contentUrl\":\"https:\/\/secure.gravatar.com\/avatar\/adff33ff18541ba37c900dd2b1e82dbfb0fe33d873b92636b4827a8da462feb3?s=96&d=mm&r=g\",\"caption\":\"Coordena\u00e7\u00e3o Estrat\u00e9gia\"},\"url\":\"https:\/\/www.estrategiaconcursos.com.br\/blog\/author\/victor-tanakaaestrategiaconcursos-com-br\/\"}]}<\/script>\n<!-- \/ Yoast SEO Premium plugin. -->","yoast_head_json":{"title":"Carta aos Assinantes do Estrat\u00e9gia Concursos - 092","description":"Confira, em nossa 92\u00aa carta aos assinantes, a nossa programa\u00e7\u00e3o semanal, as novidades do nosso SQ e as principais movimenta\u00e7\u00f5es de concursos.","robots":{"index":"index","follow":"follow","max-snippet":"max-snippet:-1","max-image-preview":"max-image-preview:large","max-video-preview":"max-video-preview:-1"},"canonical":"https:\/\/www.estrategiaconcursos.com.br\/blog\/carta-aos-assinantes-092\/","og_locale":"pt_BR","og_type":"article","og_title":"Carta aos Assinantes do Estrat\u00e9gia Concursos - 092","og_description":"Confira, em nossa 92\u00aa carta aos assinantes, a nossa programa\u00e7\u00e3o semanal, as novidades do nosso SQ e as principais movimenta\u00e7\u00f5es de concursos.","og_url":"https:\/\/www.estrategiaconcursos.com.br\/blog\/carta-aos-assinantes-092\/","og_site_name":"Estrat\u00e9gia Concursos","article_published_time":"2022-08-01T12:00:00+00:00","article_modified_time":"2022-08-05T19:41:26+00:00","og_image":[{"width":800,"height":450,"url":"https:\/\/dhg1h5j42swfq.cloudfront.net\/2022\/07\/29172028\/imagem-carta-aos-assinantes-5.png","type":"image\/png"}],"author":"Coordena\u00e7\u00e3o Estrat\u00e9gia","twitter_card":"summary_large_image","twitter_creator":"@EstratConcursos","twitter_site":"@EstratConcursos","twitter_misc":{"Escrito por":"Coordena\u00e7\u00e3o Estrat\u00e9gia","Est. tempo de leitura":"8 minutos"},"schema":{"@context":"https:\/\/schema.org","@graph":[{"@type":"NewsArticle","@id":"https:\/\/www.estrategiaconcursos.com.br\/blog\/carta-aos-assinantes-092\/#article","isPartOf":{"@id":"https:\/\/www.estrategiaconcursos.com.br\/blog\/carta-aos-assinantes-092\/"},"author":{"name":"Coordena\u00e7\u00e3o Estrat\u00e9gia","@id":"https:\/\/www.estrategiaconcursos.com.br\/blog\/#\/schema\/person\/ba5fab3b1fa4a358429e37bc50f74021"},"headline":"Carta aos Assinantes do Estrat\u00e9gia Concursos &#8211; 092","datePublished":"2022-08-01T12:00:00+00:00","dateModified":"2022-08-05T19:41:26+00:00","mainEntityOfPage":{"@id":"https:\/\/www.estrategiaconcursos.com.br\/blog\/carta-aos-assinantes-092\/"},"wordCount":1504,"commentCount":0,"publisher":{"@id":"https:\/\/www.estrategiaconcursos.com.br\/blog\/#organization"},"image":{"@id":"https:\/\/www.estrategiaconcursos.com.br\/blog\/carta-aos-assinantes-092\/#primaryimage"},"thumbnailUrl":"https:\/\/dhg1h5j42swfq.cloudfront.net\/2022\/07\/29172028\/imagem-carta-aos-assinantes-5.png","articleSection":["Concursos P\u00fablicos"],"inLanguage":"pt-BR","potentialAction":[{"@type":"CommentAction","name":"Comment","target":["https:\/\/www.estrategiaconcursos.com.br\/blog\/carta-aos-assinantes-092\/#respond"]}],"copyrightYear":"2022","copyrightHolder":{"@id":"https:\/\/www.estrategiaconcursos.com.br\/blog\/#organization"}},{"@type":"WebPage","@id":"https:\/\/www.estrategiaconcursos.com.br\/blog\/carta-aos-assinantes-092\/","url":"https:\/\/www.estrategiaconcursos.com.br\/blog\/carta-aos-assinantes-092\/","name":"Carta aos Assinantes do Estrat\u00e9gia Concursos - 092","isPartOf":{"@id":"https:\/\/www.estrategiaconcursos.com.br\/blog\/#website"},"primaryImageOfPage":{"@id":"https:\/\/www.estrategiaconcursos.com.br\/blog\/carta-aos-assinantes-092\/#primaryimage"},"image":{"@id":"https:\/\/www.estrategiaconcursos.com.br\/blog\/carta-aos-assinantes-092\/#primaryimage"},"thumbnailUrl":"https:\/\/dhg1h5j42swfq.cloudfront.net\/2022\/07\/29172028\/imagem-carta-aos-assinantes-5.png","datePublished":"2022-08-01T12:00:00+00:00","dateModified":"2022-08-05T19:41:26+00:00","description":"Confira, em nossa 92\u00aa carta aos assinantes, a nossa programa\u00e7\u00e3o semanal, as novidades do nosso SQ e as principais movimenta\u00e7\u00f5es de concursos.","breadcrumb":{"@id":"https:\/\/www.estrategiaconcursos.com.br\/blog\/carta-aos-assinantes-092\/#breadcrumb"},"inLanguage":"pt-BR","potentialAction":[{"@type":"ReadAction","target":["https:\/\/www.estrategiaconcursos.com.br\/blog\/carta-aos-assinantes-092\/"]}]},{"@type":"ImageObject","inLanguage":"pt-BR","@id":"https:\/\/www.estrategiaconcursos.com.br\/blog\/carta-aos-assinantes-092\/#primaryimage","url":"https:\/\/dhg1h5j42swfq.cloudfront.net\/2022\/07\/29172028\/imagem-carta-aos-assinantes-5.png","contentUrl":"https:\/\/dhg1h5j42swfq.cloudfront.net\/2022\/07\/29172028\/imagem-carta-aos-assinantes-5.png","width":800,"height":450},{"@type":"BreadcrumbList","@id":"https:\/\/www.estrategiaconcursos.com.br\/blog\/carta-aos-assinantes-092\/#breadcrumb","itemListElement":[{"@type":"ListItem","position":1,"name":"In\u00edcio","item":"https:\/\/www.estrategiaconcursos.com.br\/blog\/"},{"@type":"ListItem","position":2,"name":"Carta aos Assinantes do Estrat\u00e9gia Concursos &#8211; 092"}]},{"@type":"WebSite","@id":"https:\/\/www.estrategiaconcursos.com.br\/blog\/#website","url":"https:\/\/www.estrategiaconcursos.com.br\/blog\/","name":"Estrat\u00e9gia Concursos","description":"O blog da Estrat\u00e9gia Concursos traz not\u00edcias sobre concursos e artigos de professores oferecendo cursos para concursos (pdf + videaulas) no site.","publisher":{"@id":"https:\/\/www.estrategiaconcursos.com.br\/blog\/#organization"},"potentialAction":[{"@type":"SearchAction","target":{"@type":"EntryPoint","urlTemplate":"https:\/\/www.estrategiaconcursos.com.br\/blog\/?s={search_term_string}"},"query-input":{"@type":"PropertyValueSpecification","valueRequired":true,"valueName":"search_term_string"}}],"inLanguage":"pt-BR"},{"@type":"Organization","@id":"https:\/\/www.estrategiaconcursos.com.br\/blog\/#organization","name":"Estrat\u00e9gia Concursos","url":"https:\/\/www.estrategiaconcursos.com.br\/blog\/","logo":{"@type":"ImageObject","inLanguage":"pt-BR","@id":"https:\/\/www.estrategiaconcursos.com.br\/blog\/#\/schema\/logo\/image\/","url":"https:\/\/dhg1h5j42swfq.cloudfront.net\/2025\/06\/03203428\/logo_concursos-1.jpg","contentUrl":"https:\/\/dhg1h5j42swfq.cloudfront.net\/2025\/06\/03203428\/logo_concursos-1.jpg","width":230,"height":60,"caption":"Estrat\u00e9gia Concursos"},"image":{"@id":"https:\/\/www.estrategiaconcursos.com.br\/blog\/#\/schema\/logo\/image\/"},"sameAs":["https:\/\/x.com\/EstratConcursos"]},{"@type":"Person","@id":"https:\/\/www.estrategiaconcursos.com.br\/blog\/#\/schema\/person\/ba5fab3b1fa4a358429e37bc50f74021","name":"Coordena\u00e7\u00e3o Estrat\u00e9gia","image":{"@type":"ImageObject","inLanguage":"pt-BR","@id":"https:\/\/secure.gravatar.com\/avatar\/adff33ff18541ba37c900dd2b1e82dbfb0fe33d873b92636b4827a8da462feb3?s=96&d=mm&r=g","url":"https:\/\/secure.gravatar.com\/avatar\/adff33ff18541ba37c900dd2b1e82dbfb0fe33d873b92636b4827a8da462feb3?s=96&d=mm&r=g","contentUrl":"https:\/\/secure.gravatar.com\/avatar\/adff33ff18541ba37c900dd2b1e82dbfb0fe33d873b92636b4827a8da462feb3?s=96&d=mm&r=g","caption":"Coordena\u00e7\u00e3o Estrat\u00e9gia"},"url":"https:\/\/www.estrategiaconcursos.com.br\/blog\/author\/victor-tanakaaestrategiaconcursos-com-br\/"}]}},"_links":{"self":[{"href":"https:\/\/www.estrategiaconcursos.com.br\/blog\/wp-json\/wp\/v2\/posts\/1069104","targetHints":{"allow":["GET"]}}],"collection":[{"href":"https:\/\/www.estrategiaconcursos.com.br\/blog\/wp-json\/wp\/v2\/posts"}],"about":[{"href":"https:\/\/www.estrategiaconcursos.com.br\/blog\/wp-json\/wp\/v2\/types\/post"}],"author":[{"embeddable":true,"href":"https:\/\/www.estrategiaconcursos.com.br\/blog\/wp-json\/wp\/v2\/users\/1789"}],"replies":[{"embeddable":true,"href":"https:\/\/www.estrategiaconcursos.com.br\/blog\/wp-json\/wp\/v2\/comments?post=1069104"}],"version-history":[{"count":1,"href":"https:\/\/www.estrategiaconcursos.com.br\/blog\/wp-json\/wp\/v2\/posts\/1069104\/revisions"}],"predecessor-version":[{"id":1069118,"href":"https:\/\/www.estrategiaconcursos.com.br\/blog\/wp-json\/wp\/v2\/posts\/1069104\/revisions\/1069118"}],"wp:featuredmedia":[{"embeddable":true,"href":"https:\/\/www.estrategiaconcursos.com.br\/blog\/wp-json\/wp\/v2\/media\/1069110"}],"wp:attachment":[{"href":"https:\/\/www.estrategiaconcursos.com.br\/blog\/wp-json\/wp\/v2\/media?parent=1069104"}],"wp:term":[{"taxonomy":"category","embeddable":true,"href":"https:\/\/www.estrategiaconcursos.com.br\/blog\/wp-json\/wp\/v2\/categories?post=1069104"},{"taxonomy":"post_tag","embeddable":true,"href":"https:\/\/www.estrategiaconcursos.com.br\/blog\/wp-json\/wp\/v2\/tags?post=1069104"},{"taxonomy":"tax_estado","embeddable":true,"href":"https:\/\/www.estrategiaconcursos.com.br\/blog\/wp-json\/wp\/v2\/tax_estado?post=1069104"}],"curies":[{"name":"wp","href":"https:\/\/api.w.org\/{rel}","templated":true}]}}