{"id":1068919,"date":"2022-07-29T15:30:11","date_gmt":"2022-07-29T18:30:11","guid":{"rendered":"https:\/\/www.estrategiaconcursos.com.br\/blog\/?p=1068919"},"modified":"2022-07-29T15:50:00","modified_gmt":"2022-07-29T18:50:00","slug":"concurso-santana-parnaiba-saude-edital-publicado","status":"publish","type":"post","link":"https:\/\/www.estrategiaconcursos.com.br\/blog\/concurso-santana-parnaiba-saude-edital-publicado\/","title":{"rendered":"Edital Santana Parna\u00edba Sa\u00fade \u00e9 publicado; at\u00e9 R$ 11,2 mil"},"content":{"rendered":"\n<p>Foi publicado o edital do concurso Santana de Parna\u00edba Sa\u00fade, no estado de S\u00e3o Paulo. O documento oferta sete (7) vagas imediatas. al\u00e9m de oportunidades para forma\u00e7\u00e3o de cadastro de reserva.<\/p>\n\n\n\n<p>As oportunidades s\u00e3o para cargos de n\u00edveis fundamental, m\u00e9dio\/t\u00e9cnico e superior de forma\u00e7\u00e3o, com remunera\u00e7\u00f5es iniciais que variam entre <strong>R$ 1.687,28 e R$ 11.242,37<\/strong>.<\/p>\n\n\n\n<p>Os interessados poder\u00e3o confirmar sua candidatura entre <strong>1\u00ba e 30 de agosto de 2022<\/strong>, no <strong><em>site<\/em><\/strong> da banca organizadora, <a href=\"https:\/\/www.institutomais.org.br\/Concursos\/Detalhe\/433\" target=\"_blank\" rel=\"noreferrer noopener\">Instituto Mais<\/a>, a um custo que varia de R$ 39,00 a R$ 66,00.<\/p>\n\n\n\n<ul class=\"has-pale-ocean-gradient-background has-background wp-block-list\"><li><strong>Concurso Santana de Parna\u00edba Sa\u00fade<\/strong><\/li><li><strong>Situa\u00e7\u00e3o<\/strong>: edital publicado<\/li><li><strong style=\"background-color: initial; color: initial;\">Banca:<\/strong><span style=\"background-color: initial; color: initial;\"> Instituto Mais<\/span><\/li><li><strong>Vagas:<\/strong> 7+ CR<\/li><li><strong>Sal\u00e1rio inicial:<\/strong> R$ 1.687,28 a R$ 11.242,37<\/li><li><strong>Edital:<\/strong> <a href=\"https:\/\/dhg1h5j42swfq.cloudfront.net\/2022\/07\/29144441\/pmsparnaiba_edital-abertura_cp_07_2022_publicacao_29_07_2022-1.pdf\" target=\"_blank\" rel=\"noreferrer noopener nofollow\"><\/a><a href=\"https:\/\/dhg1h5j42swfq.cloudfront.net\/2022\/07\/29144441\/pmsparnaiba_edital-abertura_cp_07_2022_publicacao_29_07_2022-1.pdf\" target=\"_blank\" rel=\"noreferrer noopener\">Santana Parna\u00edba Sa\u00fade &#8211; 2022<\/a><\/li><\/ul>\n\n\n\n<p>Nosso objetivo \u00e9 deix\u00e1-los 100% informados. Acompanhe os t\u00f3picos abaixo e n\u00e3o perca nenhum detalhe:<\/p>\n\n\n\n<h2 class=\"wp-block-heading\" id=\"datas\">Principais datas<\/h2>\n\n\n\n<ul class=\"has-vivid-green-cyan-background-color has-background wp-block-list\"><li><strong>Inscri\u00e7\u00f5es: <\/strong>1\u00ba a 30 de agosto de 2022<\/li><li><strong>Isen\u00e7\u00e3o da taxa:<\/strong> 1\u00ba a 2 de agosto<\/li><li><strong>Pagamento da taxa:<\/strong> at\u00e9 31 de agosto<\/li><li><strong>Prova:<\/strong> 25 de setembro<\/li><\/ul>\n\n\n\n<h2 class=\"wp-block-heading\" id=\"cargos-e-vagas-do-concurso-santana-de-parnaiba-saude\">Cargos e vagas do concurso Santana de Parna\u00edba Sa\u00fade<\/h2>\n\n\n\n<h3 class=\"wp-block-heading\" id=\"nivel-fundamental\">N\u00edvel fundamental<\/h3>\n\n\n\n<figure class=\"wp-block-table is-style-stripes\"><table class=\"has-pale-ocean-gradient-background has-background has-fixed-layout\"><thead><tr><th class=\"has-text-align-center\" data-align=\"center\">CARGOS<\/th><th class=\"has-text-align-center\" data-align=\"center\">VAGAS<\/th><th class=\"has-text-align-center\" data-align=\"center\">SAL\u00c1RIO<\/th><\/tr><\/thead><tbody><tr><td class=\"has-text-align-center\" data-align=\"center\">Auxiliar em Sa\u00fade Bucal<\/td><td class=\"has-text-align-center\" data-align=\"center\">02<\/td><td class=\"has-text-align-center\" data-align=\"center\">R$ 1.687,28<\/td><\/tr><\/tbody><\/table><\/figure>\n\n\n\n<h3 class=\"wp-block-heading\" id=\"nivel-fundamental\">N\u00edvel m\u00e9dio\/t\u00e9cnico<\/h3>\n\n\n\n<figure class=\"wp-block-table is-style-stripes\"><table class=\"has-pale-ocean-gradient-background has-background has-fixed-layout\"><thead><tr><th class=\"has-text-align-center\" data-align=\"center\">CARGOS<\/th><th class=\"has-text-align-center\" data-align=\"center\">VAGAS<\/th><th class=\"has-text-align-center\" data-align=\"center\">SAL\u00c1RIO<\/th><\/tr><\/thead><tbody><tr><td class=\"has-text-align-center\" data-align=\"center\">T\u00e9cnico em Enfermagem do Trabalho<\/td><td class=\"has-text-align-center\" data-align=\"center\">02<\/td><td class=\"has-text-align-center\" data-align=\"center\">R$ 1.687,28<\/td><\/tr><tr><td class=\"has-text-align-center\" data-align=\"center\">Enfermeiro do Trabalho<\/td><td class=\"has-text-align-center\" data-align=\"center\">01<\/td><td class=\"has-text-align-center\" data-align=\"center\">R$ 4.589,09<\/td><\/tr><tr><td class=\"has-text-align-center\" data-align=\"center\">Auxiliar de Farm\u00e1cia<\/td><td class=\"has-text-align-center\" data-align=\"center\">CR<\/td><td class=\"has-text-align-center\" data-align=\"center\">R$ 1.918,20<\/td><\/tr><tr><td class=\"has-text-align-center\" data-align=\"center\">T\u00e9cnico em Pr\u00f3tese Odontol\u00f3gica<\/td><td class=\"has-text-align-center\" data-align=\"center\">CR<\/td><td class=\"has-text-align-center\" data-align=\"center\">R$ 2.311,77<\/td><\/tr><tr><td class=\"has-text-align-center\" data-align=\"center\">T\u00e9cnico em Sa\u00fade Bucal<\/td><td class=\"has-text-align-center\" data-align=\"center\">CR<\/td><td class=\"has-text-align-center\" data-align=\"center\">R$ 2.452,38<\/td><\/tr><\/tbody><\/table><\/figure>\n\n\n\n<h3 class=\"wp-block-heading\" id=\"nivel-fundamental\">N\u00edvel superior<\/h3>\n\n\n\n<figure class=\"wp-block-table is-style-stripes\"><table class=\"has-pale-ocean-gradient-background has-background has-fixed-layout\"><thead><tr><th class=\"has-text-align-center\" data-align=\"center\">CARGOS<\/th><th class=\"has-text-align-center\" data-align=\"center\">VAGAS<\/th><th class=\"has-text-align-center\" data-align=\"center\">SAL\u00c1RIO<\/th><\/tr><\/thead><tbody><tr><td class=\"has-text-align-center\" data-align=\"center\">M\u00e9dico Plantonista 12h (diversas especialidades) <\/td><td class=\"has-text-align-center\" data-align=\"center\">3 + CR<\/td><td class=\"has-text-align-center\" data-align=\"center\">R$ 11.242,37<\/td><\/tr><tr><td class=\"has-text-align-center\" data-align=\"center\">M\u00e9dico Plantonista 24h<\/td><td class=\"has-text-align-center\" data-align=\"center\">CR<\/td><td class=\"has-text-align-center\" data-align=\"center\">R$ 11.242,37<\/td><\/tr><tr><td class=\"has-text-align-center\" data-align=\"center\">Terapeuta Ocupacional<\/td><td class=\"has-text-align-center\" data-align=\"center\">CR<\/td><td class=\"has-text-align-center\" data-align=\"center\">R$ 4.589,09<\/td><\/tr><\/tbody><\/table><\/figure>\n\n\n\n<p class=\"has-medium-font-size\"><strong>Adicionais<\/strong><\/p>\n\n\n\n<ul class=\"wp-block-list\"><li>Incluso o adicional de insalubridade;<\/li><li>Incluso o adicional para M\u00e9dicos Ambulatoriais, no valor de R$ 36,55 por hora trabalhada, referente \u00e0 jornada de 20 horas semanais de segunda a sexta-feira;<\/li><li>Incluso o adicional para M\u00e9dicos de Urg\u00eancia e Emerg\u00eancia, no valor de R$ 46,19 por hora trabalhada, referente a plant\u00f5es de 12 e 24  horas de segunda a sexta-feira; e<\/li><li>As Jornadas de Trabalho para os Cargos de Auxiliar de Farm\u00e1cia, Auxiliar em Sa\u00fade Bucal, T\u00e9cnico em Pr\u00f3tese Odontol\u00f3gica, T\u00e9cnico em Sa\u00fade Bucal e Terapeuta Ocupacional ser\u00e3o cumpridas em escala fixa (diurna ou noturna) ou de revezamento, de acordo com as necessidades do setor.<\/li><\/ul>\n\n\n\n<h2 class=\"wp-block-heading\" id=\"etapas-e-provas-do-concurso-santana-de-parnaiba-saude\">Etapas e provas do concurso Santana de Parna\u00edba Sa\u00fade<\/h2>\n\n\n\n<p>O concurso Santana de Parna\u00edba Sa\u00fade constar\u00e1 das seguintes etapas:<\/p>\n\n\n\n<ul class=\"wp-block-list\"><li><strong><span style=\"text-decoration: underline;\">Prova Objetiva<\/span><\/strong>, de car\u00e1ter eliminat\u00f3rio e classificat\u00f3rio;<\/li><li><strong><span style=\"text-decoration: underline;\">Prova de T\u00edtulos<\/span><\/strong>, de car\u00e1ter classificat\u00f3rio, apenas aos cargos de Enfermeiro do Trabalho, terapeuta Ocupacional e M\u00e9dico;<\/li><li><strong><span style=\"text-decoration: underline;\">Prova de Tempo de Experi\u00eancia Profissional<\/span><\/strong>, de car\u00e1ter classificat\u00f3rio, apenas aos cargos de Enfermeiro do Trabalho, Terapeuta Ocupacional e M\u00e9dico; e<\/li><li><strong><span style=\"text-decoration: underline;\">Prova Pr\u00e1tica<\/span><\/strong>, de car\u00e1ter eliminat\u00f3rio, apenas aos cargos de Auxiliar em Sa\u00fade Bucal, T\u00e9cnico em Pr\u00f3tese Odontol\u00f3gica e T\u00e9cnico em Sa\u00fade Bucal.<\/li><\/ul>\n\n\n\n<h3 class=\"wp-block-heading\" id=\"prova-objetiva\">Prova Objetiva<\/h3>\n\n\n\n<p>A prova objetiva do concurso Santana de Parna\u00edba Sa\u00fade ser\u00e1 realizada no dia 25 de setembro, nos per\u00edodos da manh\u00e3 e tarde, com dura\u00e7\u00e3o de 3h.<\/p>\n\n\n\n<p>A etapa contar\u00e1 com 40 quest\u00f5es de m\u00faltipla escolha, sendo 4 alternativas e apenas uma correta e ser\u00e1 avaliada na escala de 0 a 100 pontos.<\/p>\n\n\n\n<p><strong><span style=\"text-decoration: underline;\">N\u00edveis fundamental, m\u00e9dio\/t\u00e9cnico:<\/span><\/strong><\/p>\n\n\n\n<ul class=\"wp-block-list\"><li>L\u00edngua Portuguesa: 10<\/li><li>Racioc\u00ednio L\u00f3gico: 07<\/li><li>Conhecimentos B\u00e1sicos de Legisla\u00e7\u00e3o Municipal: 08<\/li><li>Conhecimentos Espec\u00edficos: 15<\/li><\/ul>\n\n\n\n<p><strong><span style=\"text-decoration: underline;\">N\u00edvel superior &#8211; M\u00e9dico:<\/span><\/strong><\/p>\n\n\n\n<ul class=\"wp-block-list\"><li>L\u00edngua Portuguesa: 05<\/li><li>Conhecimentos B\u00e1sicos de Legisla\u00e7\u00e3o Municipal: 05<\/li><li>Pol\u00edticas de Sa\u00fade: 05<\/li><li>Cl\u00ednica M\u00e9dica: 05<\/li><li>Conhecimentos Espec\u00edficos: 20<\/li><\/ul>\n\n\n\n<p><strong><span style=\"text-decoration: underline;\">N\u00edvel superior &#8211; Terapeuta Ocupacional:<\/span><\/strong><\/p>\n\n\n\n<ul class=\"wp-block-list\"><li>L\u00edngua Portuguesa: 10<\/li><li>Racioc\u00ednio L\u00f3gico: 05<\/li><li>Conhecimentos B\u00e1sicos de Legisla\u00e7\u00e3o Municipal: 05<\/li><li>Conhecimentos Espec\u00edficos: 20<\/li><\/ul>\n\n\n\n<h3 class=\"wp-block-heading\" id=\"prova-de-titulos-e-tempo-de-experiencia\">Prova de T\u00edtulos e Tempo de Experi\u00eancia<\/h3>\n\n\n\n<p>Os documentos para as Provas de T\u00edtulos e de Tempo de Experi\u00eancia Profissional dever\u00e3o ser entregues ao fiscal da sala em envelope lacrado.<\/p>\n\n\n\n<p>A etapa ser\u00e1 aplicada somente aos cargos de Enfermeiro do Trabalho, Terapeuta Ocupacional e M\u00e9dico.<\/p>\n\n\n\n<p>Ser\u00e3o considerados para a Prova de T\u00edtulos, do concurso Santana de Parna\u00edba Sa\u00fade, somente os constantes na tabela abaixo:<\/p>\n\n\n\n<div class=\"wp-block-image\"><figure class=\"aligncenter size-full is-resized\"><img loading=\"lazy\" decoding=\"async\" src=\"https:\/\/dhg1h5j42swfq.cloudfront.net\/2022\/07\/29143924\/image-356.png\" alt=\"Prova de t\u00edtulos do Concurso Santana de Parna\u00edba Sa\u00fade\" class=\"wp-image-1068891\" width=\"763\" height=\"371\" srcset=\"https:\/\/dhg1h5j42swfq.cloudfront.net\/2022\/07\/29143924\/image-356.png 884w, https:\/\/dhg1h5j42swfq.cloudfront.net\/2022\/07\/29143924\/image-356-300x146.png 300w, https:\/\/dhg1h5j42swfq.cloudfront.net\/2022\/07\/29143924\/image-356-768x374.png 768w, https:\/\/dhg1h5j42swfq.cloudfront.net\/2022\/07\/29143924\/image-356-610x297.png 610w, https:\/\/dhg1h5j42swfq.cloudfront.net\/2022\/07\/29143924\/image-356-150x73.png 150w\" sizes=\"auto, (max-width: 763px) 100vw, 763px\" \/><figcaption>Prova de T\u00edtulos &#8211; Concurso Santana de Parna\u00edba Sa\u00fade<\/figcaption><\/figure><\/div>\n\n\n\n<p>J\u00e1 para o tempo de experi\u00eancia profissional, ser\u00e3o pontuados conforme especificado na tabela a seguir:<\/p>\n\n\n\n<div class=\"wp-block-image\"><figure class=\"aligncenter size-full is-resized\"><img loading=\"lazy\" decoding=\"async\" src=\"https:\/\/dhg1h5j42swfq.cloudfront.net\/2022\/07\/29144035\/image-357.png\" alt=\"Tempo de Experi\u00eancia  do Concurso Santana de Parna\u00edba Sa\u00fade\" class=\"wp-image-1068892\" width=\"756\" height=\"357\" srcset=\"https:\/\/dhg1h5j42swfq.cloudfront.net\/2022\/07\/29144035\/image-357.png 890w, https:\/\/dhg1h5j42swfq.cloudfront.net\/2022\/07\/29144035\/image-357-300x142.png 300w, https:\/\/dhg1h5j42swfq.cloudfront.net\/2022\/07\/29144035\/image-357-768x363.png 768w, https:\/\/dhg1h5j42swfq.cloudfront.net\/2022\/07\/29144035\/image-357-610x289.png 610w, https:\/\/dhg1h5j42swfq.cloudfront.net\/2022\/07\/29144035\/image-357-150x71.png 150w\" sizes=\"auto, (max-width: 756px) 100vw, 756px\" \/><figcaption>Tempo de Experi\u00eancia &#8211; Concurso Santana de Parna\u00edba Sa\u00fade<\/figcaption><\/figure><\/div>\n\n\n\n<h3 class=\"wp-block-heading\" id=\"prova-pratica\">Prova Pr\u00e1tica<\/h3>\n\n\n\n<p>A prova pr\u00e1tica ser\u00e1 aplicada somente ao cargo de Auxiliar em Sa\u00fade Bucal, T\u00e9cnico em Pr\u00f3tese Odontol\u00f3gica e T\u00e9cnico em Sa\u00fade Bucal.<\/p>\n\n\n\n<p>A etapa tem por objetivo aferir a capacidade t\u00e9cnica, a adequa\u00e7\u00e3o funcional e situacional, e a agilidade, atrav\u00e9s do desenvolvimento de tarefas propostas pela Banca Examinadora.<\/p>\n\n\n\n<p>Ap\u00f3s realiza\u00e7\u00e3o da Prova Pr\u00e1tica, os candidatos ser\u00e3o reclassificados para efeito de divulga\u00e7\u00e3o do Resultado Final, considerando-se somente os candidatos APTOS.<\/p>\n\n\n\n<p class=\"has-text-align-center has-medium-font-size\"><strong>Saiba mais: concurso Santana de Parna\u00edba Sa\u00fade<\/strong><\/p>\n\n\n\n<hr class=\"wp-block-separator\"\/>\n\n\n\n<h2 class=\"has-text-align-center wp-block-heading\" id=\"h-quer-saber-tudo-sobre-concursos-previstos-confira-nossos-artigos\">Quer saber tudo sobre concursos previstos?<br \/>Confira  nossos artigos!<\/h2>\n\n\n\n<ul class=\"wp-block-list\"><li><a href=\"https:\/\/www.estrategiaconcursos.com.br\/blog\/concursos-abertos\/\" target=\"_blank\" rel=\"noreferrer noopener\">Concursos abertos<\/a><\/li><li><a href=\"https:\/\/www.estrategiaconcursos.com.br\/blog\/concursos-2022\/\" target=\"_blank\" rel=\"noreferrer noopener\">Concursos 2022<\/a><\/li><li><a href=\"https:\/\/www.estrategiaconcursos.com.br\/blog\/concursos-2023\/\" target=\"_blank\" rel=\"noreferrer noopener\">Concursos 2023<\/a><\/li><\/ul>\n\n\n\n<h2 class=\"has-text-align-center wp-block-heading\" id=\"cursos\">Quer estudar para o concurso Santana de Parna\u00edba Sa\u00fade?<\/h2>\n\n\n\n<div class=\"container\" id=\"boxes\">\n  <div class=\"row\">\n\n    <div class=\"col-sm\">\n      <div class=\"banner-medicina\" id=\"box-assinatura\">\n        <h3 class=\"titulo-assinatura\">Concurso Santana de Parna\u00edba Sa\u00fade<\/h3>\n        <p class=\"subtitulo-assinatura\">Conhe\u00e7a os cursos<\/p>\n        <div class=\"box-botao\">\n          <a class=\"btn-assinatura\" target=\"_blank\" href=\"https:\/\/www.estrategiaconcursos.com.br\/cursosPorConcurso\/cursos-da-saude\/\" role=\"button\" rel=\"noopener noreferrer\">Conhe\u00e7a mais<\/a>\n        <\/div>\n      <\/div>\n    \n\n  <\/div>\n<\/div><\/div>\n\n\n\n<div class=\"container\" id=\"boxes\">\n  <div class=\"row\">\n\n    <div class=\"col-sm\">\n      <div class=\"estrategia\" id=\"box-assinatura\">\n        <h3 class=\"titulo-assinatura\">Assinatura Concursos<\/h3>\n        <p class=\"subtitulo-assinatura\">Assinatura de 1 ano ou 2 anos<\/p>\n        <div class=\"box-botao\">\n          <a class=\"btn-assinatura\" target=\"_blank\" href=\"https:\/\/www.estrategiaconcursos.com.br\/assinaturas\/\" role=\"button\" rel=\"noopener noreferrer\">ASSINE AGORA<\/a>\n        <\/div>\n      <\/div><\/div><\/div><\/div>\n\n\n\n<figure class=\"wp-block-image size-large is-resized\"><img loading=\"lazy\" decoding=\"async\" src=\"https:\/\/dhg1h5j42swfq.cloudfront.net\/2025\/06\/27101122\/ficha-tecnica-1-1024x632.png\" alt=\"Edital Santana Parna\u00edba Sa\u00fade\" class=\"wp-image-702728\" width=\"269\" height=\"166\" srcset=\"https:\/\/dhg1h5j42swfq.cloudfront.net\/2025\/06\/27101122\/ficha-tecnica-1-1024x632.png 1024w, https:\/\/dhg1h5j42swfq.cloudfront.net\/2025\/06\/27101122\/ficha-tecnica-1-300x185.png 300w, https:\/\/dhg1h5j42swfq.cloudfront.net\/2025\/06\/27101122\/ficha-tecnica-1-768x474.png 768w, https:\/\/dhg1h5j42swfq.cloudfront.net\/2025\/06\/27101122\/ficha-tecnica-1-1536x948.png 1536w, https:\/\/dhg1h5j42swfq.cloudfront.net\/2025\/06\/27101122\/ficha-tecnica-1-610x377.png 610w, https:\/\/dhg1h5j42swfq.cloudfront.net\/2025\/06\/27101122\/ficha-tecnica-1.png 1571w\" sizes=\"auto, (max-width: 269px) 100vw, 269px\" \/><\/figure>\n\n\n\n<h3 class=\"wp-block-heading\" id=\"ficha\">Informa\u00e7\u00f5es do concurso Santana de Parna\u00edba Sa\u00fade<\/h3>\n\n\n\n<ul class=\"wp-block-list\"><li><strong style=\"color: initial;\">Prova<\/strong><span style=\"color: initial;\">: <\/span>25\/09\/2022<\/li><li><strong>Vagas<\/strong>: 07 + CR<\/li><li><strong>Cargos<\/strong>: diversos<\/li><li><strong>Banca<\/strong>: Instituto Mais<\/li><li><strong>Escolaridade<\/strong>: N\u00edveis fundamental, m\u00e9dio\/t\u00e9cnico e superior<\/li><li><strong>Edital:<\/strong> <a href=\"https:\/\/dhg1h5j42swfq.cloudfront.net\/2022\/01\/10154614\/pmsparnaiba_edital_cp_-01_2022_-acs_publicacao_07_01_2022.pdf\" target=\"_blank\" rel=\"noreferrer noopener nofollow\"><\/a><a href=\"https:\/\/dhg1h5j42swfq.cloudfront.net\/2022\/07\/29144441\/pmsparnaiba_edital-abertura_cp_07_2022_publicacao_29_07_2022-1.pdf\" target=\"_blank\" rel=\"noreferrer noopener\">Santana de Parna\u00edba Sa\u00fade &#8211; 2022<\/a><\/li><\/ul>\n","protected":false},"excerpt":{"rendered":"<p>Foi publicado o edital do concurso Santana de Parna\u00edba Sa\u00fade, no estado de S\u00e3o Paulo. O documento oferta sete (7) vagas imediatas. al\u00e9m de oportunidades para forma\u00e7\u00e3o de cadastro de reserva. As oportunidades s\u00e3o para cargos de n\u00edveis fundamental, m\u00e9dio\/t\u00e9cnico e superior de forma\u00e7\u00e3o, com remunera\u00e7\u00f5es iniciais que variam entre R$ 1.687,28 e R$ 11.242,37. [&hellip;]<\/p>\n","protected":false},"author":1483,"featured_media":950692,"comment_status":"open","ping_status":"closed","sticky":false,"template":"","format":"standard","meta":{"post_tipo":"news","footnotes":""},"categories":[1981],"tags":[],"tax_estado":[219989],"class_list":["post-1068919","post","type-post","status-publish","format-standard","has-post-thumbnail","hentry","category-saude","tax_estado-sp"],"acf":[],"yoast_head":"<!-- This site is optimized with the Yoast SEO Premium plugin v27.2 (Yoast SEO v27.2) - https:\/\/yoast.com\/product\/yoast-seo-premium-wordpress\/ -->\n<title>Edital Santana Parna\u00edba Sa\u00fade \u00e9 publicado; at\u00e9 R$ 11,2 mil<\/title>\n<meta name=\"description\" content=\"Foi publicado o edital Santana de Parna\u00edba Sa\u00fade, no estado de S\u00e3o Paulo. S\u00e3o sete oportunidades imediatas. Confira no site!\" \/>\n<meta name=\"robots\" content=\"index, follow, max-snippet:-1, max-image-preview:large, max-video-preview:-1\" \/>\n<link rel=\"canonical\" href=\"https:\/\/www.estrategiaconcursos.com.br\/blog\/concurso-santana-parnaiba-saude-edital-publicado\/\" \/>\n<meta property=\"og:locale\" content=\"pt_BR\" \/>\n<meta property=\"og:type\" content=\"article\" \/>\n<meta property=\"og:title\" content=\"Edital Santana Parna\u00edba Sa\u00fade \u00e9 publicado; at\u00e9 R$ 11,2 mil\" \/>\n<meta property=\"og:description\" content=\"Foi publicado o edital Santana de Parna\u00edba Sa\u00fade, no estado de S\u00e3o Paulo. S\u00e3o sete oportunidades imediatas. Confira no site!\" \/>\n<meta property=\"og:url\" content=\"https:\/\/www.estrategiaconcursos.com.br\/blog\/concurso-santana-parnaiba-saude-edital-publicado\/\" \/>\n<meta property=\"og:site_name\" content=\"Estrat\u00e9gia Concursos\" \/>\n<meta property=\"article:published_time\" content=\"2022-07-29T18:30:11+00:00\" \/>\n<meta property=\"article:modified_time\" content=\"2022-07-29T18:50:00+00:00\" \/>\n<meta property=\"og:image\" content=\"https:\/\/dhg1h5j42swfq.cloudfront.net\/2022\/01\/19185928\/saiu-edital-1-2-4-6.jpg\" \/>\n\t<meta property=\"og:image:width\" content=\"1200\" \/>\n\t<meta property=\"og:image:height\" content=\"628\" \/>\n\t<meta property=\"og:image:type\" content=\"image\/jpeg\" \/>\n<meta name=\"author\" content=\"Diogo Mendes\" \/>\n<meta name=\"twitter:card\" content=\"summary_large_image\" \/>\n<meta name=\"twitter:creator\" content=\"@EstratConcursos\" \/>\n<meta name=\"twitter:site\" content=\"@EstratConcursos\" \/>\n<meta name=\"twitter:label1\" content=\"Escrito por\" \/>\n\t<meta name=\"twitter:data1\" content=\"Diogo Mendes\" \/>\n\t<meta name=\"twitter:label2\" content=\"Est. tempo de leitura\" \/>\n\t<meta name=\"twitter:data2\" content=\"5 minutos\" \/>\n<script type=\"application\/ld+json\" class=\"yoast-schema-graph\">{\"@context\":\"https:\/\/schema.org\",\"@graph\":[{\"@type\":\"NewsArticle\",\"@id\":\"https:\/\/www.estrategiaconcursos.com.br\/blog\/concurso-santana-parnaiba-saude-edital-publicado\/#article\",\"isPartOf\":{\"@id\":\"https:\/\/www.estrategiaconcursos.com.br\/blog\/concurso-santana-parnaiba-saude-edital-publicado\/\"},\"author\":{\"name\":\"Diogo Mendes\",\"@id\":\"https:\/\/www.estrategiaconcursos.com.br\/blog\/#\/schema\/person\/cc9e76173880338ce9f656c88664a1f6\"},\"headline\":\"Edital Santana Parna\u00edba Sa\u00fade \u00e9 publicado; at\u00e9 R$ 11,2 mil\",\"datePublished\":\"2022-07-29T18:30:11+00:00\",\"dateModified\":\"2022-07-29T18:50:00+00:00\",\"mainEntityOfPage\":{\"@id\":\"https:\/\/www.estrategiaconcursos.com.br\/blog\/concurso-santana-parnaiba-saude-edital-publicado\/\"},\"wordCount\":910,\"commentCount\":0,\"publisher\":{\"@id\":\"https:\/\/www.estrategiaconcursos.com.br\/blog\/#organization\"},\"image\":{\"@id\":\"https:\/\/www.estrategiaconcursos.com.br\/blog\/concurso-santana-parnaiba-saude-edital-publicado\/#primaryimage\"},\"thumbnailUrl\":\"https:\/\/dhg1h5j42swfq.cloudfront.net\/2022\/01\/19185928\/saiu-edital-1-2-4-6.jpg\",\"articleSection\":[\"Sa\u00fade\"],\"inLanguage\":\"pt-BR\",\"potentialAction\":[{\"@type\":\"CommentAction\",\"name\":\"Comment\",\"target\":[\"https:\/\/www.estrategiaconcursos.com.br\/blog\/concurso-santana-parnaiba-saude-edital-publicado\/#respond\"]}],\"copyrightYear\":\"2022\",\"copyrightHolder\":{\"@id\":\"https:\/\/www.estrategiaconcursos.com.br\/blog\/#organization\"}},{\"@type\":\"WebPage\",\"@id\":\"https:\/\/www.estrategiaconcursos.com.br\/blog\/concurso-santana-parnaiba-saude-edital-publicado\/\",\"url\":\"https:\/\/www.estrategiaconcursos.com.br\/blog\/concurso-santana-parnaiba-saude-edital-publicado\/\",\"name\":\"Edital Santana Parna\u00edba Sa\u00fade \u00e9 publicado; at\u00e9 R$ 11,2 mil\",\"isPartOf\":{\"@id\":\"https:\/\/www.estrategiaconcursos.com.br\/blog\/#website\"},\"primaryImageOfPage\":{\"@id\":\"https:\/\/www.estrategiaconcursos.com.br\/blog\/concurso-santana-parnaiba-saude-edital-publicado\/#primaryimage\"},\"image\":{\"@id\":\"https:\/\/www.estrategiaconcursos.com.br\/blog\/concurso-santana-parnaiba-saude-edital-publicado\/#primaryimage\"},\"thumbnailUrl\":\"https:\/\/dhg1h5j42swfq.cloudfront.net\/2022\/01\/19185928\/saiu-edital-1-2-4-6.jpg\",\"datePublished\":\"2022-07-29T18:30:11+00:00\",\"dateModified\":\"2022-07-29T18:50:00+00:00\",\"description\":\"Foi publicado o edital Santana de Parna\u00edba Sa\u00fade, no estado de S\u00e3o Paulo. S\u00e3o sete oportunidades imediatas. Confira no site!\",\"breadcrumb\":{\"@id\":\"https:\/\/www.estrategiaconcursos.com.br\/blog\/concurso-santana-parnaiba-saude-edital-publicado\/#breadcrumb\"},\"inLanguage\":\"pt-BR\",\"potentialAction\":[{\"@type\":\"ReadAction\",\"target\":[\"https:\/\/www.estrategiaconcursos.com.br\/blog\/concurso-santana-parnaiba-saude-edital-publicado\/\"]}]},{\"@type\":\"ImageObject\",\"inLanguage\":\"pt-BR\",\"@id\":\"https:\/\/www.estrategiaconcursos.com.br\/blog\/concurso-santana-parnaiba-saude-edital-publicado\/#primaryimage\",\"url\":\"https:\/\/dhg1h5j42swfq.cloudfront.net\/2022\/01\/19185928\/saiu-edital-1-2-4-6.jpg\",\"contentUrl\":\"https:\/\/dhg1h5j42swfq.cloudfront.net\/2022\/01\/19185928\/saiu-edital-1-2-4-6.jpg\",\"width\":1200,\"height\":628,\"caption\":\"Edital Santana Parna\u00edba Sa\u00fade\"},{\"@type\":\"BreadcrumbList\",\"@id\":\"https:\/\/www.estrategiaconcursos.com.br\/blog\/concurso-santana-parnaiba-saude-edital-publicado\/#breadcrumb\",\"itemListElement\":[{\"@type\":\"ListItem\",\"position\":1,\"name\":\"In\u00edcio\",\"item\":\"https:\/\/www.estrategiaconcursos.com.br\/blog\/\"},{\"@type\":\"ListItem\",\"position\":2,\"name\":\"Edital Santana Parna\u00edba Sa\u00fade \u00e9 publicado; at\u00e9 R$ 11,2 mil\"}]},{\"@type\":\"WebSite\",\"@id\":\"https:\/\/www.estrategiaconcursos.com.br\/blog\/#website\",\"url\":\"https:\/\/www.estrategiaconcursos.com.br\/blog\/\",\"name\":\"Estrat\u00e9gia Concursos\",\"description\":\"O blog da Estrat\u00e9gia Concursos traz not\u00edcias sobre concursos e artigos de professores oferecendo cursos para concursos (pdf + videaulas) no site.\",\"publisher\":{\"@id\":\"https:\/\/www.estrategiaconcursos.com.br\/blog\/#organization\"},\"potentialAction\":[{\"@type\":\"SearchAction\",\"target\":{\"@type\":\"EntryPoint\",\"urlTemplate\":\"https:\/\/www.estrategiaconcursos.com.br\/blog\/?s={search_term_string}\"},\"query-input\":{\"@type\":\"PropertyValueSpecification\",\"valueRequired\":true,\"valueName\":\"search_term_string\"}}],\"inLanguage\":\"pt-BR\"},{\"@type\":\"Organization\",\"@id\":\"https:\/\/www.estrategiaconcursos.com.br\/blog\/#organization\",\"name\":\"Estrat\u00e9gia Concursos\",\"url\":\"https:\/\/www.estrategiaconcursos.com.br\/blog\/\",\"logo\":{\"@type\":\"ImageObject\",\"inLanguage\":\"pt-BR\",\"@id\":\"https:\/\/www.estrategiaconcursos.com.br\/blog\/#\/schema\/logo\/image\/\",\"url\":\"https:\/\/dhg1h5j42swfq.cloudfront.net\/2025\/06\/03203428\/logo_concursos-1.jpg\",\"contentUrl\":\"https:\/\/dhg1h5j42swfq.cloudfront.net\/2025\/06\/03203428\/logo_concursos-1.jpg\",\"width\":230,\"height\":60,\"caption\":\"Estrat\u00e9gia Concursos\"},\"image\":{\"@id\":\"https:\/\/www.estrategiaconcursos.com.br\/blog\/#\/schema\/logo\/image\/\"},\"sameAs\":[\"https:\/\/x.com\/EstratConcursos\"]},{\"@type\":\"Person\",\"@id\":\"https:\/\/www.estrategiaconcursos.com.br\/blog\/#\/schema\/person\/cc9e76173880338ce9f656c88664a1f6\",\"name\":\"Diogo Mendes\",\"image\":{\"@type\":\"ImageObject\",\"inLanguage\":\"pt-BR\",\"@id\":\"https:\/\/secure.gravatar.com\/avatar\/9754d6777d460a45ef4067b586b94c32005cc2345a0404b8d96adc620cf63806?s=96&d=mm&r=g\",\"url\":\"https:\/\/secure.gravatar.com\/avatar\/9754d6777d460a45ef4067b586b94c32005cc2345a0404b8d96adc620cf63806?s=96&d=mm&r=g\",\"contentUrl\":\"https:\/\/secure.gravatar.com\/avatar\/9754d6777d460a45ef4067b586b94c32005cc2345a0404b8d96adc620cf63806?s=96&d=mm&r=g\",\"caption\":\"Diogo Mendes\"},\"description\":\"Diogo Mendes \u00e9 jornalista formado pela Universidade Paulista, com experi\u00eancia em reda\u00e7\u00f5es de diversos ve\u00edculos e na produ\u00e7\u00e3o de conte\u00fados especializados em concursos p\u00fablicos. Desde 2019, atua no Estrat\u00e9gia Concursos como Jornalista e Analista de Conte\u00fado, com foco na apura\u00e7\u00e3o de informa\u00e7\u00f5es junto a \u00f3rg\u00e3os e fontes oficiais. Dedica-se especialmente \u00e0 produ\u00e7\u00e3o de not\u00edcias e reportagens sobre Concursos Legislativos, al\u00e9m de acompanhar diariamente os concursos policiais, banc\u00e1rios e da \u00e1rea da sa\u00fade.\",\"url\":\"https:\/\/www.estrategiaconcursos.com.br\/blog\/author\/diogo-mendesestrategiaconcursos-com-br\/\"}]}<\/script>\n<!-- \/ Yoast SEO Premium plugin. -->","yoast_head_json":{"title":"Edital Santana Parna\u00edba Sa\u00fade \u00e9 publicado; at\u00e9 R$ 11,2 mil","description":"Foi publicado o edital Santana de Parna\u00edba Sa\u00fade, no estado de S\u00e3o Paulo. S\u00e3o sete oportunidades imediatas. Confira no site!","robots":{"index":"index","follow":"follow","max-snippet":"max-snippet:-1","max-image-preview":"max-image-preview:large","max-video-preview":"max-video-preview:-1"},"canonical":"https:\/\/www.estrategiaconcursos.com.br\/blog\/concurso-santana-parnaiba-saude-edital-publicado\/","og_locale":"pt_BR","og_type":"article","og_title":"Edital Santana Parna\u00edba Sa\u00fade \u00e9 publicado; at\u00e9 R$ 11,2 mil","og_description":"Foi publicado o edital Santana de Parna\u00edba Sa\u00fade, no estado de S\u00e3o Paulo. S\u00e3o sete oportunidades imediatas. Confira no site!","og_url":"https:\/\/www.estrategiaconcursos.com.br\/blog\/concurso-santana-parnaiba-saude-edital-publicado\/","og_site_name":"Estrat\u00e9gia Concursos","article_published_time":"2022-07-29T18:30:11+00:00","article_modified_time":"2022-07-29T18:50:00+00:00","og_image":[{"width":1200,"height":628,"url":"https:\/\/dhg1h5j42swfq.cloudfront.net\/2022\/01\/19185928\/saiu-edital-1-2-4-6.jpg","type":"image\/jpeg"}],"author":"Diogo Mendes","twitter_card":"summary_large_image","twitter_creator":"@EstratConcursos","twitter_site":"@EstratConcursos","twitter_misc":{"Escrito por":"Diogo Mendes","Est. tempo de leitura":"5 minutos"},"schema":{"@context":"https:\/\/schema.org","@graph":[{"@type":"NewsArticle","@id":"https:\/\/www.estrategiaconcursos.com.br\/blog\/concurso-santana-parnaiba-saude-edital-publicado\/#article","isPartOf":{"@id":"https:\/\/www.estrategiaconcursos.com.br\/blog\/concurso-santana-parnaiba-saude-edital-publicado\/"},"author":{"name":"Diogo Mendes","@id":"https:\/\/www.estrategiaconcursos.com.br\/blog\/#\/schema\/person\/cc9e76173880338ce9f656c88664a1f6"},"headline":"Edital Santana Parna\u00edba Sa\u00fade \u00e9 publicado; at\u00e9 R$ 11,2 mil","datePublished":"2022-07-29T18:30:11+00:00","dateModified":"2022-07-29T18:50:00+00:00","mainEntityOfPage":{"@id":"https:\/\/www.estrategiaconcursos.com.br\/blog\/concurso-santana-parnaiba-saude-edital-publicado\/"},"wordCount":910,"commentCount":0,"publisher":{"@id":"https:\/\/www.estrategiaconcursos.com.br\/blog\/#organization"},"image":{"@id":"https:\/\/www.estrategiaconcursos.com.br\/blog\/concurso-santana-parnaiba-saude-edital-publicado\/#primaryimage"},"thumbnailUrl":"https:\/\/dhg1h5j42swfq.cloudfront.net\/2022\/01\/19185928\/saiu-edital-1-2-4-6.jpg","articleSection":["Sa\u00fade"],"inLanguage":"pt-BR","potentialAction":[{"@type":"CommentAction","name":"Comment","target":["https:\/\/www.estrategiaconcursos.com.br\/blog\/concurso-santana-parnaiba-saude-edital-publicado\/#respond"]}],"copyrightYear":"2022","copyrightHolder":{"@id":"https:\/\/www.estrategiaconcursos.com.br\/blog\/#organization"}},{"@type":"WebPage","@id":"https:\/\/www.estrategiaconcursos.com.br\/blog\/concurso-santana-parnaiba-saude-edital-publicado\/","url":"https:\/\/www.estrategiaconcursos.com.br\/blog\/concurso-santana-parnaiba-saude-edital-publicado\/","name":"Edital Santana Parna\u00edba Sa\u00fade \u00e9 publicado; at\u00e9 R$ 11,2 mil","isPartOf":{"@id":"https:\/\/www.estrategiaconcursos.com.br\/blog\/#website"},"primaryImageOfPage":{"@id":"https:\/\/www.estrategiaconcursos.com.br\/blog\/concurso-santana-parnaiba-saude-edital-publicado\/#primaryimage"},"image":{"@id":"https:\/\/www.estrategiaconcursos.com.br\/blog\/concurso-santana-parnaiba-saude-edital-publicado\/#primaryimage"},"thumbnailUrl":"https:\/\/dhg1h5j42swfq.cloudfront.net\/2022\/01\/19185928\/saiu-edital-1-2-4-6.jpg","datePublished":"2022-07-29T18:30:11+00:00","dateModified":"2022-07-29T18:50:00+00:00","description":"Foi publicado o edital Santana de Parna\u00edba Sa\u00fade, no estado de S\u00e3o Paulo. S\u00e3o sete oportunidades imediatas. Confira no site!","breadcrumb":{"@id":"https:\/\/www.estrategiaconcursos.com.br\/blog\/concurso-santana-parnaiba-saude-edital-publicado\/#breadcrumb"},"inLanguage":"pt-BR","potentialAction":[{"@type":"ReadAction","target":["https:\/\/www.estrategiaconcursos.com.br\/blog\/concurso-santana-parnaiba-saude-edital-publicado\/"]}]},{"@type":"ImageObject","inLanguage":"pt-BR","@id":"https:\/\/www.estrategiaconcursos.com.br\/blog\/concurso-santana-parnaiba-saude-edital-publicado\/#primaryimage","url":"https:\/\/dhg1h5j42swfq.cloudfront.net\/2022\/01\/19185928\/saiu-edital-1-2-4-6.jpg","contentUrl":"https:\/\/dhg1h5j42swfq.cloudfront.net\/2022\/01\/19185928\/saiu-edital-1-2-4-6.jpg","width":1200,"height":628,"caption":"Edital Santana Parna\u00edba Sa\u00fade"},{"@type":"BreadcrumbList","@id":"https:\/\/www.estrategiaconcursos.com.br\/blog\/concurso-santana-parnaiba-saude-edital-publicado\/#breadcrumb","itemListElement":[{"@type":"ListItem","position":1,"name":"In\u00edcio","item":"https:\/\/www.estrategiaconcursos.com.br\/blog\/"},{"@type":"ListItem","position":2,"name":"Edital Santana Parna\u00edba Sa\u00fade \u00e9 publicado; at\u00e9 R$ 11,2 mil"}]},{"@type":"WebSite","@id":"https:\/\/www.estrategiaconcursos.com.br\/blog\/#website","url":"https:\/\/www.estrategiaconcursos.com.br\/blog\/","name":"Estrat\u00e9gia Concursos","description":"O blog da Estrat\u00e9gia Concursos traz not\u00edcias sobre concursos e artigos de professores oferecendo cursos para concursos (pdf + videaulas) no site.","publisher":{"@id":"https:\/\/www.estrategiaconcursos.com.br\/blog\/#organization"},"potentialAction":[{"@type":"SearchAction","target":{"@type":"EntryPoint","urlTemplate":"https:\/\/www.estrategiaconcursos.com.br\/blog\/?s={search_term_string}"},"query-input":{"@type":"PropertyValueSpecification","valueRequired":true,"valueName":"search_term_string"}}],"inLanguage":"pt-BR"},{"@type":"Organization","@id":"https:\/\/www.estrategiaconcursos.com.br\/blog\/#organization","name":"Estrat\u00e9gia Concursos","url":"https:\/\/www.estrategiaconcursos.com.br\/blog\/","logo":{"@type":"ImageObject","inLanguage":"pt-BR","@id":"https:\/\/www.estrategiaconcursos.com.br\/blog\/#\/schema\/logo\/image\/","url":"https:\/\/dhg1h5j42swfq.cloudfront.net\/2025\/06\/03203428\/logo_concursos-1.jpg","contentUrl":"https:\/\/dhg1h5j42swfq.cloudfront.net\/2025\/06\/03203428\/logo_concursos-1.jpg","width":230,"height":60,"caption":"Estrat\u00e9gia Concursos"},"image":{"@id":"https:\/\/www.estrategiaconcursos.com.br\/blog\/#\/schema\/logo\/image\/"},"sameAs":["https:\/\/x.com\/EstratConcursos"]},{"@type":"Person","@id":"https:\/\/www.estrategiaconcursos.com.br\/blog\/#\/schema\/person\/cc9e76173880338ce9f656c88664a1f6","name":"Diogo Mendes","image":{"@type":"ImageObject","inLanguage":"pt-BR","@id":"https:\/\/secure.gravatar.com\/avatar\/9754d6777d460a45ef4067b586b94c32005cc2345a0404b8d96adc620cf63806?s=96&d=mm&r=g","url":"https:\/\/secure.gravatar.com\/avatar\/9754d6777d460a45ef4067b586b94c32005cc2345a0404b8d96adc620cf63806?s=96&d=mm&r=g","contentUrl":"https:\/\/secure.gravatar.com\/avatar\/9754d6777d460a45ef4067b586b94c32005cc2345a0404b8d96adc620cf63806?s=96&d=mm&r=g","caption":"Diogo Mendes"},"description":"Diogo Mendes \u00e9 jornalista formado pela Universidade Paulista, com experi\u00eancia em reda\u00e7\u00f5es de diversos ve\u00edculos e na produ\u00e7\u00e3o de conte\u00fados especializados em concursos p\u00fablicos. Desde 2019, atua no Estrat\u00e9gia Concursos como Jornalista e Analista de Conte\u00fado, com foco na apura\u00e7\u00e3o de informa\u00e7\u00f5es junto a \u00f3rg\u00e3os e fontes oficiais. Dedica-se especialmente \u00e0 produ\u00e7\u00e3o de not\u00edcias e reportagens sobre Concursos Legislativos, al\u00e9m de acompanhar diariamente os concursos policiais, banc\u00e1rios e da \u00e1rea da sa\u00fade.","url":"https:\/\/www.estrategiaconcursos.com.br\/blog\/author\/diogo-mendesestrategiaconcursos-com-br\/"}]}},"_links":{"self":[{"href":"https:\/\/www.estrategiaconcursos.com.br\/blog\/wp-json\/wp\/v2\/posts\/1068919","targetHints":{"allow":["GET"]}}],"collection":[{"href":"https:\/\/www.estrategiaconcursos.com.br\/blog\/wp-json\/wp\/v2\/posts"}],"about":[{"href":"https:\/\/www.estrategiaconcursos.com.br\/blog\/wp-json\/wp\/v2\/types\/post"}],"author":[{"embeddable":true,"href":"https:\/\/www.estrategiaconcursos.com.br\/blog\/wp-json\/wp\/v2\/users\/1483"}],"replies":[{"embeddable":true,"href":"https:\/\/www.estrategiaconcursos.com.br\/blog\/wp-json\/wp\/v2\/comments?post=1068919"}],"version-history":[{"count":3,"href":"https:\/\/www.estrategiaconcursos.com.br\/blog\/wp-json\/wp\/v2\/posts\/1068919\/revisions"}],"predecessor-version":[{"id":1068966,"href":"https:\/\/www.estrategiaconcursos.com.br\/blog\/wp-json\/wp\/v2\/posts\/1068919\/revisions\/1068966"}],"wp:featuredmedia":[{"embeddable":true,"href":"https:\/\/www.estrategiaconcursos.com.br\/blog\/wp-json\/wp\/v2\/media\/950692"}],"wp:attachment":[{"href":"https:\/\/www.estrategiaconcursos.com.br\/blog\/wp-json\/wp\/v2\/media?parent=1068919"}],"wp:term":[{"taxonomy":"category","embeddable":true,"href":"https:\/\/www.estrategiaconcursos.com.br\/blog\/wp-json\/wp\/v2\/categories?post=1068919"},{"taxonomy":"post_tag","embeddable":true,"href":"https:\/\/www.estrategiaconcursos.com.br\/blog\/wp-json\/wp\/v2\/tags?post=1068919"},{"taxonomy":"tax_estado","embeddable":true,"href":"https:\/\/www.estrategiaconcursos.com.br\/blog\/wp-json\/wp\/v2\/tax_estado?post=1068919"}],"curies":[{"name":"wp","href":"https:\/\/api.w.org\/{rel}","templated":true}]}}