{"id":1068541,"date":"2022-07-29T07:07:53","date_gmt":"2022-07-29T10:07:53","guid":{"rendered":"https:\/\/www.estrategiaconcursos.com.br\/blog\/?p=1068541"},"modified":"2022-07-29T16:27:54","modified_gmt":"2022-07-29T19:27:54","slug":"concurso-seed-ap-designada-equipe-de-fiscalizacao-do-contrato-com-a-fgv","status":"publish","type":"post","link":"https:\/\/www.estrategiaconcursos.com.br\/blog\/concurso-seed-ap-designada-equipe-de-fiscalizacao-do-contrato-com-a-fgv\/","title":{"rendered":"Concurso SEED AP: designada equipe de fiscaliza\u00e7\u00e3o do contrato com a FGV"},"content":{"rendered":"\n<p>O contrato entre a <a href=\"https:\/\/www.estrategiaconcursos.com.br\/cursosPorConcurso\/secretaria-de-educacao-do-amapa-seed-ap\/\" target=\"_blank\" rel=\"noreferrer noopener\">Secretaria de Educa\u00e7\u00e3o do Amap\u00e1<\/a> e a banca <strong>FGV<\/strong> (Funda\u00e7\u00e3o Get\u00falio Vargas) ser\u00e1 fiscalizado por uma equipe de servidores designados nesta sexta-feira (29\/7) por meio do Di\u00e1rio Oficial estadual. <\/p>\n\n\n\n<p>A pr\u00f3xima etapa \u00e9 a publica\u00e7\u00e3o do <strong>edital SEED AP<\/strong> que ter\u00e1 a oferta de<strong> 5 mil vagas<\/strong>, ao todo, entre imediatas e forma\u00e7\u00e3o de cadastro de reserva.<\/p>\n\n\n\n<p>De acordo com a autoriza\u00e7\u00e3o do edital, as oportunidades ser\u00e3o para os seguintes cargos: <\/p>\n\n\n\n<ul class=\"wp-block-list\"><li><strong>Especialista em Educa\u00e7\u00e3o;<\/strong><\/li><li><strong>Auxiliar Educacional;<\/strong><\/li><li><strong>Analista Educacional;<\/strong><\/li><li><strong>Professor Ind\u00edgena;<\/strong><\/li><li><strong>Pedagogo Ind\u00edgena;<\/strong><\/li><li><strong>Especialista em Educa\u00e7\u00e3o Ind\u00edgena;<\/strong> e<\/li><li><strong>Auxiliar Educacional Ind\u00edgena<\/strong>.<\/li><\/ul>\n\n\n\n<h2 class=\"wp-block-heading\" id=\"seed-ap-equipe-de-fiscalizacao\">SEED AP: equipe de fiscaliza\u00e7\u00e3o<\/h2>\n\n\n\n<p>Confira os nomes dos servidores designados para fiscalizar o contrato entre a secretaria e a FGV. <\/p>\n\n\n\n<div class=\"wp-block-image\"><figure class=\"aligncenter\"><img decoding=\"async\" src=\"https:\/\/chat.google.com\/u\/0\/api\/get_attachment_url?url_type=FIFE_URL&amp;content_type=image%2Fpng&amp;attachment_token=AAUuIGvJ8c6KiucopZxFyIzWLbFBmEzJ5LQmmzS3CsJM2s9JjKGpOZ2pRGSXtQ%2FJfTW%2FMJsitSn0CYb2N1LREhk0sJy4LmMCkzqfQEZI%2FPpw%2BgWGCKumA%2F6oYBXjk%2FnbH%2Bka6amjIQj1GsPP59KgGY20mpOuogyRI6by1axATCrfMg3myvG7mL3wfee%2FfRrnuiL2MPI9uTOi9CtXXjY8u2BuIQbxwVgU2sICkh00Sge7fCGmdeyhiDKjbfzD3XGdDhPxWUmEn2sbsg9wdiYY1zFOkDcZq5UBYtAJNJ4Ozr5bLeXGq7wXKuPFbF%2FjyUY1BhpCGI6PGRdI1oqWGq%2BBxhbgJ35YKcT5GypLFMRkPb8gnfx6ragj%2FlOMC4xz104Xe6oeNpu9mmtw8RDZn6G8Ktz95OWD3TskJwRvXuvr0tOHMBX5J1wLXh5AlYtMvJPYTc1WwaA%3D&amp;sz=w512\" alt=\"Concurso SEED AP: equipe para\u00a0acompanhamento e fiscaliza\u00e7\u00e3o\u00a0da execu\u00e7\u00e3o do contrato entre o \u00f3rg\u00e3o e a FGV\" title=\"image.png\"\/><figcaption>Concurso SEED AP: equipe para&nbsp;acompanhamento e fiscaliza\u00e7\u00e3o&nbsp;da execu\u00e7\u00e3o do contrato entre o \u00f3rg\u00e3o e a FGV<\/figcaption><\/figure><\/div>\n\n\n\n<p class=\"has-text-align-center has-cyan-bluish-gray-background-color has-background\"><strong>Saiba mais: <a href=\"https:\/\/www.estrategiaconcursos.com.br\/blog\/concurso-seed-ap\/\" target=\"_blank\" rel=\"noreferrer noopener\">concurso SEED AP<\/a><\/strong><\/p>\n\n\n\n<h2 class=\"has-text-align-center wp-block-heading\" id=\"h-quer-saber-tudo-sobre-concursos-previstos-confira-nossos-artigos\">Quer saber tudo sobre concursos previstos?<br \/>Confira nossos artigos!<\/h2>\n\n\n\n<ul class=\"wp-block-list\"><li><a href=\"https:\/\/www.estrategiaconcursos.com.br\/blog\/concursos-abertos\/\" target=\"_blank\" rel=\"noreferrer noopener\">Concursos abertos<\/a><\/li><li><a href=\"https:\/\/www.estrategiaconcursos.com.br\/blog\/concursos-2022\/\" target=\"_blank\" rel=\"noreferrer noopener\">Concursos 2022<\/a><\/li><li><a href=\"https:\/\/www.estrategiaconcursos.com.br\/blog\/concursos-2023\/\" target=\"_blank\" rel=\"noreferrer noopener\">Concursos 2023<\/a><\/li><\/ul>\n\n\n\n<h2 class=\"has-text-align-center wp-block-heading\" id=\"cursos-assinatura\">Quer estudar para o concurso SEED AP que est\u00e1 com equipe formada para fiscalizar o contrato com a banca?<\/h2>\n\n\n\n<p class=\"has-text-align-center\"><em>Gostou desta oportunidade e deseja se preparar? Ent\u00e3o, confira abaixo nosso curso exclusivo e inicie seus estudos para o concurso SEED AP:<\/em><\/p>\n\n\n\n<div class=\"col-sm\">\n      <div class=\"banner-estrategia\" id=\"box-assinatura\">\n        <h3 class=\"titulo-assinatura\">Cursos para SEED AP<\/h3>\n        <p class=\"subtitulo-assinatura\">Conhe\u00e7a os cursos<\/p>\n        <div class=\"box-botao\">\n          <a class=\"btn-assinatura\" target=\"_blank\" href=\"https:\/\/www.estrategiaconcursos.com.br\/cursosPorConcurso\/secretaria-de-educacao-do-amapa-seed-ap\/\" role=\"button\" rel=\"noopener noreferrer\">Conhe\u00e7a mais<\/a>\n        <\/div>\n      <\/div>\n      <p class=\"texto-auxiliar\">Prepare-se com o melhor material e com quem mais aprova em Concursos P\u00fablicos em todo o pa\u00eds.<\/p>\n    <\/div>\n\n\n\n<div class=\"container\" id=\"boxes\">\n  <div class=\"row\">\n\n    <div class=\"col-sm\">\n      <div class=\"estrategia\" id=\"box-assinatura\">\n        <h3 class=\"titulo-assinatura\">Assinatura Concursos<\/h3>\n        <p class=\"subtitulo-assinatura\">Assinatura de 1 ano ou 2 anos<\/p>\n        <div class=\"box-botao\">\n          <a class=\"btn-assinatura\" target=\"_blank\" href=\"https:\/\/www.estrategiaconcursos.com.br\/assinaturas\/\" role=\"button\" rel=\"noopener noreferrer\">ASSINE AGORA<\/a>\n        <\/div>\n      <\/div>\n     \n    <\/div><\/div><\/div>\n\n\n\n<p><a href=\"https:\/\/chat.google.com\/u\/0\/api\/get_attachment_url?url_type=DOWNLOAD_URL&amp;attachment_token=AAUuIGvJ8c6KiucopZxFyIzWLbFBmEzJ5LQmmzS3CsJM2s9JjKGpOZ2pRGSXtQ%2FJfTW%2FMJsitSn0CYb2N1LREhk0sJy4LmMCkzqfQEZI%2FPpw%2BgWGCKumA%2F6oYBXjk%2FnbH%2Bka6amjIQj1GsPP59KgGY20mpOuogyRI6by1axATCrfMg3myvG7mL3wfee%2FfRrnuiL2MPI9uTOi9CtXXjY8u2BuIQbxwVgU2sICkh00Sge7fCGmdeyhiDKjbfzD3XGdDhPxWUmEn2sbsg9wdiYY1zFOkDcZq5UBYtAJNJ4Ozr5bLeXGq7wXKuPFbF%2FjyUY1BhpCGI6PGRdI1oqWGq%2BBxhbgJ35YKcT5GypLFMRkPb8gnfx6ragj%2FlOMC4xz104Xe6oeNpu9mmtw8RDZn6G8Ktz95OWD3TskJwRvXuvr0tOHMBX5J1wLXh5AlYtMvJPYTc1WwaA%3D&amp;content_type=image%2Fpng&amp;auto=true\" target=\"_blank\" rel=\"noreferrer noopener\"><\/a><\/p>\n","protected":false},"excerpt":{"rendered":"<p>O contrato entre a Secretaria de Educa\u00e7\u00e3o do Amap\u00e1 e a banca FGV (Funda\u00e7\u00e3o Get\u00falio Vargas) ser\u00e1 fiscalizado por uma equipe de servidores designados nesta sexta-feira (29\/7) por meio do Di\u00e1rio Oficial estadual. A pr\u00f3xima etapa \u00e9 a publica\u00e7\u00e3o do edital SEED AP que ter\u00e1 a oferta de 5 mil vagas, ao todo, entre imediatas [&hellip;]<\/p>\n","protected":false},"author":2375,"featured_media":385246,"comment_status":"open","ping_status":"closed","sticky":false,"template":"","format":"standard","meta":{"post_tipo":"news","footnotes":""},"categories":[3766,220219],"tags":[],"tax_estado":[219967],"class_list":["post-1068541","post","type-post","status-publish","format-standard","has-post-thumbnail","hentry","category-educacional","category-noticias","tax_estado-ap"],"acf":[],"yoast_head":"<!-- This site is optimized with the Yoast SEO Premium plugin v27.2 (Yoast SEO v27.2) - https:\/\/yoast.com\/product\/yoast-seo-premium-wordpress\/ -->\n<title>Concurso SEED AP: confira os nomes dos fiscais de contrato com a FGV<\/title>\n<meta name=\"description\" content=\"Concurso SEED AP: designada equipe de fiscaliza\u00e7\u00e3o do contrato com a banca Funda\u00e7\u00e3o Get\u00falio Vargas. Confira!\" \/>\n<meta name=\"robots\" content=\"index, follow, max-snippet:-1, max-image-preview:large, max-video-preview:-1\" \/>\n<link rel=\"canonical\" href=\"https:\/\/www.estrategiaconcursos.com.br\/blog\/concurso-seed-ap-designada-equipe-de-fiscalizacao-do-contrato-com-a-fgv\/\" \/>\n<meta property=\"og:locale\" content=\"pt_BR\" \/>\n<meta property=\"og:type\" content=\"article\" \/>\n<meta property=\"og:title\" content=\"Concurso SEED AP: designada equipe de fiscaliza\u00e7\u00e3o do contrato com a FGV\" \/>\n<meta property=\"og:description\" content=\"Concurso SEED AP: designada equipe de fiscaliza\u00e7\u00e3o do contrato com a banca Funda\u00e7\u00e3o Get\u00falio Vargas. Confira!\" \/>\n<meta property=\"og:url\" content=\"https:\/\/www.estrategiaconcursos.com.br\/blog\/concurso-seed-ap-designada-equipe-de-fiscalizacao-do-contrato-com-a-fgv\/\" \/>\n<meta property=\"og:site_name\" content=\"Estrat\u00e9gia Concursos\" \/>\n<meta property=\"article:published_time\" content=\"2022-07-29T10:07:53+00:00\" \/>\n<meta property=\"article:modified_time\" content=\"2022-07-29T19:27:54+00:00\" \/>\n<meta property=\"og:image\" content=\"https:\/\/dhg1h5j42swfq.cloudfront.net\/2019\/06\/07162725\/concurso-seed-ap.jpg\" \/>\n\t<meta property=\"og:image:width\" content=\"400\" \/>\n\t<meta property=\"og:image:height\" content=\"209\" \/>\n\t<meta property=\"og:image:type\" content=\"image\/jpeg\" \/>\n<meta name=\"author\" content=\"Priscila Almeida\" \/>\n<meta name=\"twitter:card\" content=\"summary_large_image\" \/>\n<meta name=\"twitter:creator\" content=\"@EstratConcursos\" \/>\n<meta name=\"twitter:site\" content=\"@EstratConcursos\" \/>\n<meta name=\"twitter:label1\" content=\"Escrito por\" \/>\n\t<meta name=\"twitter:data1\" content=\"Priscila Almeida\" \/>\n\t<meta name=\"twitter:label2\" content=\"Est. tempo de leitura\" \/>\n\t<meta name=\"twitter:data2\" content=\"2 minutos\" \/>\n<script type=\"application\/ld+json\" class=\"yoast-schema-graph\">{\"@context\":\"https:\/\/schema.org\",\"@graph\":[{\"@type\":\"NewsArticle\",\"@id\":\"https:\/\/www.estrategiaconcursos.com.br\/blog\/concurso-seed-ap-designada-equipe-de-fiscalizacao-do-contrato-com-a-fgv\/#article\",\"isPartOf\":{\"@id\":\"https:\/\/www.estrategiaconcursos.com.br\/blog\/concurso-seed-ap-designada-equipe-de-fiscalizacao-do-contrato-com-a-fgv\/\"},\"author\":{\"name\":\"Priscila Almeida\",\"@id\":\"https:\/\/www.estrategiaconcursos.com.br\/blog\/#\/schema\/person\/a06e841e501f2e1d8c49c4e8f066bfd1\"},\"headline\":\"Concurso SEED AP: designada equipe de fiscaliza\u00e7\u00e3o do contrato com a FGV\",\"datePublished\":\"2022-07-29T10:07:53+00:00\",\"dateModified\":\"2022-07-29T19:27:54+00:00\",\"mainEntityOfPage\":{\"@id\":\"https:\/\/www.estrategiaconcursos.com.br\/blog\/concurso-seed-ap-designada-equipe-de-fiscalizacao-do-contrato-com-a-fgv\/\"},\"wordCount\":263,\"commentCount\":0,\"publisher\":{\"@id\":\"https:\/\/www.estrategiaconcursos.com.br\/blog\/#organization\"},\"image\":{\"@id\":\"https:\/\/www.estrategiaconcursos.com.br\/blog\/concurso-seed-ap-designada-equipe-de-fiscalizacao-do-contrato-com-a-fgv\/#primaryimage\"},\"thumbnailUrl\":\"https:\/\/dhg1h5j42swfq.cloudfront.net\/2019\/06\/07162725\/concurso-seed-ap.jpg\",\"articleSection\":[\"Educa\u00e7\u00e3o\",\"\u00daltimas not\u00edcias\"],\"inLanguage\":\"pt-BR\",\"potentialAction\":[{\"@type\":\"CommentAction\",\"name\":\"Comment\",\"target\":[\"https:\/\/www.estrategiaconcursos.com.br\/blog\/concurso-seed-ap-designada-equipe-de-fiscalizacao-do-contrato-com-a-fgv\/#respond\"]}],\"copyrightYear\":\"2022\",\"copyrightHolder\":{\"@id\":\"https:\/\/www.estrategiaconcursos.com.br\/blog\/#organization\"}},{\"@type\":\"WebPage\",\"@id\":\"https:\/\/www.estrategiaconcursos.com.br\/blog\/concurso-seed-ap-designada-equipe-de-fiscalizacao-do-contrato-com-a-fgv\/\",\"url\":\"https:\/\/www.estrategiaconcursos.com.br\/blog\/concurso-seed-ap-designada-equipe-de-fiscalizacao-do-contrato-com-a-fgv\/\",\"name\":\"Concurso SEED AP: confira os nomes dos fiscais de contrato com a FGV\",\"isPartOf\":{\"@id\":\"https:\/\/www.estrategiaconcursos.com.br\/blog\/#website\"},\"primaryImageOfPage\":{\"@id\":\"https:\/\/www.estrategiaconcursos.com.br\/blog\/concurso-seed-ap-designada-equipe-de-fiscalizacao-do-contrato-com-a-fgv\/#primaryimage\"},\"image\":{\"@id\":\"https:\/\/www.estrategiaconcursos.com.br\/blog\/concurso-seed-ap-designada-equipe-de-fiscalizacao-do-contrato-com-a-fgv\/#primaryimage\"},\"thumbnailUrl\":\"https:\/\/dhg1h5j42swfq.cloudfront.net\/2019\/06\/07162725\/concurso-seed-ap.jpg\",\"datePublished\":\"2022-07-29T10:07:53+00:00\",\"dateModified\":\"2022-07-29T19:27:54+00:00\",\"description\":\"Concurso SEED AP: designada equipe de fiscaliza\u00e7\u00e3o do contrato com a banca Funda\u00e7\u00e3o Get\u00falio Vargas. Confira!\",\"breadcrumb\":{\"@id\":\"https:\/\/www.estrategiaconcursos.com.br\/blog\/concurso-seed-ap-designada-equipe-de-fiscalizacao-do-contrato-com-a-fgv\/#breadcrumb\"},\"inLanguage\":\"pt-BR\",\"potentialAction\":[{\"@type\":\"ReadAction\",\"target\":[\"https:\/\/www.estrategiaconcursos.com.br\/blog\/concurso-seed-ap-designada-equipe-de-fiscalizacao-do-contrato-com-a-fgv\/\"]}]},{\"@type\":\"ImageObject\",\"inLanguage\":\"pt-BR\",\"@id\":\"https:\/\/www.estrategiaconcursos.com.br\/blog\/concurso-seed-ap-designada-equipe-de-fiscalizacao-do-contrato-com-a-fgv\/#primaryimage\",\"url\":\"https:\/\/dhg1h5j42swfq.cloudfront.net\/2019\/06\/07162725\/concurso-seed-ap.jpg\",\"contentUrl\":\"https:\/\/dhg1h5j42swfq.cloudfront.net\/2019\/06\/07162725\/concurso-seed-ap.jpg\",\"width\":400,\"height\":209,\"caption\":\"concurso seed ap\"},{\"@type\":\"BreadcrumbList\",\"@id\":\"https:\/\/www.estrategiaconcursos.com.br\/blog\/concurso-seed-ap-designada-equipe-de-fiscalizacao-do-contrato-com-a-fgv\/#breadcrumb\",\"itemListElement\":[{\"@type\":\"ListItem\",\"position\":1,\"name\":\"In\u00edcio\",\"item\":\"https:\/\/www.estrategiaconcursos.com.br\/blog\/\"},{\"@type\":\"ListItem\",\"position\":2,\"name\":\"Concurso SEED AP: designada equipe de fiscaliza\u00e7\u00e3o do contrato com a FGV\"}]},{\"@type\":\"WebSite\",\"@id\":\"https:\/\/www.estrategiaconcursos.com.br\/blog\/#website\",\"url\":\"https:\/\/www.estrategiaconcursos.com.br\/blog\/\",\"name\":\"Estrat\u00e9gia Concursos\",\"description\":\"O blog da Estrat\u00e9gia Concursos traz not\u00edcias sobre concursos e artigos de professores oferecendo cursos para concursos (pdf + videaulas) no site.\",\"publisher\":{\"@id\":\"https:\/\/www.estrategiaconcursos.com.br\/blog\/#organization\"},\"potentialAction\":[{\"@type\":\"SearchAction\",\"target\":{\"@type\":\"EntryPoint\",\"urlTemplate\":\"https:\/\/www.estrategiaconcursos.com.br\/blog\/?s={search_term_string}\"},\"query-input\":{\"@type\":\"PropertyValueSpecification\",\"valueRequired\":true,\"valueName\":\"search_term_string\"}}],\"inLanguage\":\"pt-BR\"},{\"@type\":\"Organization\",\"@id\":\"https:\/\/www.estrategiaconcursos.com.br\/blog\/#organization\",\"name\":\"Estrat\u00e9gia Concursos\",\"url\":\"https:\/\/www.estrategiaconcursos.com.br\/blog\/\",\"logo\":{\"@type\":\"ImageObject\",\"inLanguage\":\"pt-BR\",\"@id\":\"https:\/\/www.estrategiaconcursos.com.br\/blog\/#\/schema\/logo\/image\/\",\"url\":\"https:\/\/dhg1h5j42swfq.cloudfront.net\/2025\/06\/03203428\/logo_concursos-1.jpg\",\"contentUrl\":\"https:\/\/dhg1h5j42swfq.cloudfront.net\/2025\/06\/03203428\/logo_concursos-1.jpg\",\"width\":230,\"height\":60,\"caption\":\"Estrat\u00e9gia Concursos\"},\"image\":{\"@id\":\"https:\/\/www.estrategiaconcursos.com.br\/blog\/#\/schema\/logo\/image\/\"},\"sameAs\":[\"https:\/\/x.com\/EstratConcursos\"]},{\"@type\":\"Person\",\"@id\":\"https:\/\/www.estrategiaconcursos.com.br\/blog\/#\/schema\/person\/a06e841e501f2e1d8c49c4e8f066bfd1\",\"name\":\"Priscila Almeida\",\"image\":{\"@type\":\"ImageObject\",\"inLanguage\":\"pt-BR\",\"@id\":\"https:\/\/secure.gravatar.com\/avatar\/0a963c9e2a947fa675b669cea2b5d0ba6dd1cbf46b966190343b6c9973ad3337?s=96&d=mm&r=g\",\"url\":\"https:\/\/secure.gravatar.com\/avatar\/0a963c9e2a947fa675b669cea2b5d0ba6dd1cbf46b966190343b6c9973ad3337?s=96&d=mm&r=g\",\"contentUrl\":\"https:\/\/secure.gravatar.com\/avatar\/0a963c9e2a947fa675b669cea2b5d0ba6dd1cbf46b966190343b6c9973ad3337?s=96&d=mm&r=g\",\"caption\":\"Priscila Almeida\"},\"description\":\"Atua na \u00e1rea de concursos p\u00fablicos desde 2019. As editorias que mais t\u00eam familiaridade s\u00e3o: Tribunais (TJs; TRTs; TREs; TSTs; STJ, STF, STM e TSE); Defensorias; Minist\u00e9rios P\u00fablicos; Procuradorias; Educa\u00e7\u00e3o e Conselhos. Na \u00e1rea de comunica\u00e7\u00e3o, de maneira geral, a caminhada \u00e9 um pouco mais longa - desde 2007. Possui experi\u00eancia em reda\u00e7\u00f5es de r\u00e1dio, TV, Web e impresso, al\u00e9m de desenvolver trabalhos em assessorias de comunica\u00e7\u00e3o institucional, empresarial e p\u00fablicas. Entre outros trabalhos, se destacam a atua\u00e7\u00e3o nas \u00e1reas de Justi\u00e7a, Congresso, Esportes, Sa\u00fade, Agropecu\u00e1ria, Cidades e Avia\u00e7\u00e3o Civil.\",\"url\":\"https:\/\/www.estrategiaconcursos.com.br\/blog\/author\/priscila-almeidaestrategia-com\/\"}]}<\/script>\n<!-- \/ Yoast SEO Premium plugin. -->","yoast_head_json":{"title":"Concurso SEED AP: confira os nomes dos fiscais de contrato com a FGV","description":"Concurso SEED AP: designada equipe de fiscaliza\u00e7\u00e3o do contrato com a banca Funda\u00e7\u00e3o Get\u00falio Vargas. Confira!","robots":{"index":"index","follow":"follow","max-snippet":"max-snippet:-1","max-image-preview":"max-image-preview:large","max-video-preview":"max-video-preview:-1"},"canonical":"https:\/\/www.estrategiaconcursos.com.br\/blog\/concurso-seed-ap-designada-equipe-de-fiscalizacao-do-contrato-com-a-fgv\/","og_locale":"pt_BR","og_type":"article","og_title":"Concurso SEED AP: designada equipe de fiscaliza\u00e7\u00e3o do contrato com a FGV","og_description":"Concurso SEED AP: designada equipe de fiscaliza\u00e7\u00e3o do contrato com a banca Funda\u00e7\u00e3o Get\u00falio Vargas. Confira!","og_url":"https:\/\/www.estrategiaconcursos.com.br\/blog\/concurso-seed-ap-designada-equipe-de-fiscalizacao-do-contrato-com-a-fgv\/","og_site_name":"Estrat\u00e9gia Concursos","article_published_time":"2022-07-29T10:07:53+00:00","article_modified_time":"2022-07-29T19:27:54+00:00","og_image":[{"width":400,"height":209,"url":"https:\/\/dhg1h5j42swfq.cloudfront.net\/2019\/06\/07162725\/concurso-seed-ap.jpg","type":"image\/jpeg"}],"author":"Priscila Almeida","twitter_card":"summary_large_image","twitter_creator":"@EstratConcursos","twitter_site":"@EstratConcursos","twitter_misc":{"Escrito por":"Priscila Almeida","Est. tempo de leitura":"2 minutos"},"schema":{"@context":"https:\/\/schema.org","@graph":[{"@type":"NewsArticle","@id":"https:\/\/www.estrategiaconcursos.com.br\/blog\/concurso-seed-ap-designada-equipe-de-fiscalizacao-do-contrato-com-a-fgv\/#article","isPartOf":{"@id":"https:\/\/www.estrategiaconcursos.com.br\/blog\/concurso-seed-ap-designada-equipe-de-fiscalizacao-do-contrato-com-a-fgv\/"},"author":{"name":"Priscila Almeida","@id":"https:\/\/www.estrategiaconcursos.com.br\/blog\/#\/schema\/person\/a06e841e501f2e1d8c49c4e8f066bfd1"},"headline":"Concurso SEED AP: designada equipe de fiscaliza\u00e7\u00e3o do contrato com a FGV","datePublished":"2022-07-29T10:07:53+00:00","dateModified":"2022-07-29T19:27:54+00:00","mainEntityOfPage":{"@id":"https:\/\/www.estrategiaconcursos.com.br\/blog\/concurso-seed-ap-designada-equipe-de-fiscalizacao-do-contrato-com-a-fgv\/"},"wordCount":263,"commentCount":0,"publisher":{"@id":"https:\/\/www.estrategiaconcursos.com.br\/blog\/#organization"},"image":{"@id":"https:\/\/www.estrategiaconcursos.com.br\/blog\/concurso-seed-ap-designada-equipe-de-fiscalizacao-do-contrato-com-a-fgv\/#primaryimage"},"thumbnailUrl":"https:\/\/dhg1h5j42swfq.cloudfront.net\/2019\/06\/07162725\/concurso-seed-ap.jpg","articleSection":["Educa\u00e7\u00e3o","\u00daltimas not\u00edcias"],"inLanguage":"pt-BR","potentialAction":[{"@type":"CommentAction","name":"Comment","target":["https:\/\/www.estrategiaconcursos.com.br\/blog\/concurso-seed-ap-designada-equipe-de-fiscalizacao-do-contrato-com-a-fgv\/#respond"]}],"copyrightYear":"2022","copyrightHolder":{"@id":"https:\/\/www.estrategiaconcursos.com.br\/blog\/#organization"}},{"@type":"WebPage","@id":"https:\/\/www.estrategiaconcursos.com.br\/blog\/concurso-seed-ap-designada-equipe-de-fiscalizacao-do-contrato-com-a-fgv\/","url":"https:\/\/www.estrategiaconcursos.com.br\/blog\/concurso-seed-ap-designada-equipe-de-fiscalizacao-do-contrato-com-a-fgv\/","name":"Concurso SEED AP: confira os nomes dos fiscais de contrato com a FGV","isPartOf":{"@id":"https:\/\/www.estrategiaconcursos.com.br\/blog\/#website"},"primaryImageOfPage":{"@id":"https:\/\/www.estrategiaconcursos.com.br\/blog\/concurso-seed-ap-designada-equipe-de-fiscalizacao-do-contrato-com-a-fgv\/#primaryimage"},"image":{"@id":"https:\/\/www.estrategiaconcursos.com.br\/blog\/concurso-seed-ap-designada-equipe-de-fiscalizacao-do-contrato-com-a-fgv\/#primaryimage"},"thumbnailUrl":"https:\/\/dhg1h5j42swfq.cloudfront.net\/2019\/06\/07162725\/concurso-seed-ap.jpg","datePublished":"2022-07-29T10:07:53+00:00","dateModified":"2022-07-29T19:27:54+00:00","description":"Concurso SEED AP: designada equipe de fiscaliza\u00e7\u00e3o do contrato com a banca Funda\u00e7\u00e3o Get\u00falio Vargas. Confira!","breadcrumb":{"@id":"https:\/\/www.estrategiaconcursos.com.br\/blog\/concurso-seed-ap-designada-equipe-de-fiscalizacao-do-contrato-com-a-fgv\/#breadcrumb"},"inLanguage":"pt-BR","potentialAction":[{"@type":"ReadAction","target":["https:\/\/www.estrategiaconcursos.com.br\/blog\/concurso-seed-ap-designada-equipe-de-fiscalizacao-do-contrato-com-a-fgv\/"]}]},{"@type":"ImageObject","inLanguage":"pt-BR","@id":"https:\/\/www.estrategiaconcursos.com.br\/blog\/concurso-seed-ap-designada-equipe-de-fiscalizacao-do-contrato-com-a-fgv\/#primaryimage","url":"https:\/\/dhg1h5j42swfq.cloudfront.net\/2019\/06\/07162725\/concurso-seed-ap.jpg","contentUrl":"https:\/\/dhg1h5j42swfq.cloudfront.net\/2019\/06\/07162725\/concurso-seed-ap.jpg","width":400,"height":209,"caption":"concurso seed ap"},{"@type":"BreadcrumbList","@id":"https:\/\/www.estrategiaconcursos.com.br\/blog\/concurso-seed-ap-designada-equipe-de-fiscalizacao-do-contrato-com-a-fgv\/#breadcrumb","itemListElement":[{"@type":"ListItem","position":1,"name":"In\u00edcio","item":"https:\/\/www.estrategiaconcursos.com.br\/blog\/"},{"@type":"ListItem","position":2,"name":"Concurso SEED AP: designada equipe de fiscaliza\u00e7\u00e3o do contrato com a FGV"}]},{"@type":"WebSite","@id":"https:\/\/www.estrategiaconcursos.com.br\/blog\/#website","url":"https:\/\/www.estrategiaconcursos.com.br\/blog\/","name":"Estrat\u00e9gia Concursos","description":"O blog da Estrat\u00e9gia Concursos traz not\u00edcias sobre concursos e artigos de professores oferecendo cursos para concursos (pdf + videaulas) no site.","publisher":{"@id":"https:\/\/www.estrategiaconcursos.com.br\/blog\/#organization"},"potentialAction":[{"@type":"SearchAction","target":{"@type":"EntryPoint","urlTemplate":"https:\/\/www.estrategiaconcursos.com.br\/blog\/?s={search_term_string}"},"query-input":{"@type":"PropertyValueSpecification","valueRequired":true,"valueName":"search_term_string"}}],"inLanguage":"pt-BR"},{"@type":"Organization","@id":"https:\/\/www.estrategiaconcursos.com.br\/blog\/#organization","name":"Estrat\u00e9gia Concursos","url":"https:\/\/www.estrategiaconcursos.com.br\/blog\/","logo":{"@type":"ImageObject","inLanguage":"pt-BR","@id":"https:\/\/www.estrategiaconcursos.com.br\/blog\/#\/schema\/logo\/image\/","url":"https:\/\/dhg1h5j42swfq.cloudfront.net\/2025\/06\/03203428\/logo_concursos-1.jpg","contentUrl":"https:\/\/dhg1h5j42swfq.cloudfront.net\/2025\/06\/03203428\/logo_concursos-1.jpg","width":230,"height":60,"caption":"Estrat\u00e9gia Concursos"},"image":{"@id":"https:\/\/www.estrategiaconcursos.com.br\/blog\/#\/schema\/logo\/image\/"},"sameAs":["https:\/\/x.com\/EstratConcursos"]},{"@type":"Person","@id":"https:\/\/www.estrategiaconcursos.com.br\/blog\/#\/schema\/person\/a06e841e501f2e1d8c49c4e8f066bfd1","name":"Priscila Almeida","image":{"@type":"ImageObject","inLanguage":"pt-BR","@id":"https:\/\/secure.gravatar.com\/avatar\/0a963c9e2a947fa675b669cea2b5d0ba6dd1cbf46b966190343b6c9973ad3337?s=96&d=mm&r=g","url":"https:\/\/secure.gravatar.com\/avatar\/0a963c9e2a947fa675b669cea2b5d0ba6dd1cbf46b966190343b6c9973ad3337?s=96&d=mm&r=g","contentUrl":"https:\/\/secure.gravatar.com\/avatar\/0a963c9e2a947fa675b669cea2b5d0ba6dd1cbf46b966190343b6c9973ad3337?s=96&d=mm&r=g","caption":"Priscila Almeida"},"description":"Atua na \u00e1rea de concursos p\u00fablicos desde 2019. As editorias que mais t\u00eam familiaridade s\u00e3o: Tribunais (TJs; TRTs; TREs; TSTs; STJ, STF, STM e TSE); Defensorias; Minist\u00e9rios P\u00fablicos; Procuradorias; Educa\u00e7\u00e3o e Conselhos. Na \u00e1rea de comunica\u00e7\u00e3o, de maneira geral, a caminhada \u00e9 um pouco mais longa - desde 2007. Possui experi\u00eancia em reda\u00e7\u00f5es de r\u00e1dio, TV, Web e impresso, al\u00e9m de desenvolver trabalhos em assessorias de comunica\u00e7\u00e3o institucional, empresarial e p\u00fablicas. Entre outros trabalhos, se destacam a atua\u00e7\u00e3o nas \u00e1reas de Justi\u00e7a, Congresso, Esportes, Sa\u00fade, Agropecu\u00e1ria, Cidades e Avia\u00e7\u00e3o Civil.","url":"https:\/\/www.estrategiaconcursos.com.br\/blog\/author\/priscila-almeidaestrategia-com\/"}]}},"_links":{"self":[{"href":"https:\/\/www.estrategiaconcursos.com.br\/blog\/wp-json\/wp\/v2\/posts\/1068541","targetHints":{"allow":["GET"]}}],"collection":[{"href":"https:\/\/www.estrategiaconcursos.com.br\/blog\/wp-json\/wp\/v2\/posts"}],"about":[{"href":"https:\/\/www.estrategiaconcursos.com.br\/blog\/wp-json\/wp\/v2\/types\/post"}],"author":[{"embeddable":true,"href":"https:\/\/www.estrategiaconcursos.com.br\/blog\/wp-json\/wp\/v2\/users\/2375"}],"replies":[{"embeddable":true,"href":"https:\/\/www.estrategiaconcursos.com.br\/blog\/wp-json\/wp\/v2\/comments?post=1068541"}],"version-history":[{"count":7,"href":"https:\/\/www.estrategiaconcursos.com.br\/blog\/wp-json\/wp\/v2\/posts\/1068541\/revisions"}],"predecessor-version":[{"id":1069039,"href":"https:\/\/www.estrategiaconcursos.com.br\/blog\/wp-json\/wp\/v2\/posts\/1068541\/revisions\/1069039"}],"wp:featuredmedia":[{"embeddable":true,"href":"https:\/\/www.estrategiaconcursos.com.br\/blog\/wp-json\/wp\/v2\/media\/385246"}],"wp:attachment":[{"href":"https:\/\/www.estrategiaconcursos.com.br\/blog\/wp-json\/wp\/v2\/media?parent=1068541"}],"wp:term":[{"taxonomy":"category","embeddable":true,"href":"https:\/\/www.estrategiaconcursos.com.br\/blog\/wp-json\/wp\/v2\/categories?post=1068541"},{"taxonomy":"post_tag","embeddable":true,"href":"https:\/\/www.estrategiaconcursos.com.br\/blog\/wp-json\/wp\/v2\/tags?post=1068541"},{"taxonomy":"tax_estado","embeddable":true,"href":"https:\/\/www.estrategiaconcursos.com.br\/blog\/wp-json\/wp\/v2\/tax_estado?post=1068541"}],"curies":[{"name":"wp","href":"https:\/\/api.w.org\/{rel}","templated":true}]}}