{"id":1068321,"date":"2022-07-30T06:15:00","date_gmt":"2022-07-30T09:15:00","guid":{"rendered":"https:\/\/www.estrategiaconcursos.com.br\/blog\/?p=1068321"},"modified":"2022-07-28T14:50:42","modified_gmt":"2022-07-28T17:50:42","slug":"concurso-senado-nomeados-ultima-selecao","status":"publish","type":"post","link":"https:\/\/www.estrategiaconcursos.com.br\/blog\/concurso-senado-nomeados-ultima-selecao\/","title":{"rendered":"Concurso Senado: veja o n\u00famero de nomeados na \u00faltima sele\u00e7\u00e3o"},"content":{"rendered":"\n<p>Voc\u00ea que prestar\u00e1 o concurso p\u00fablico do Senado Federal sabe dizer quantos aprovados foram nomeados na \u00faltima sele\u00e7\u00e3o?<\/p>\n\n\n\n<p>Publicado em 2011, o edital ofertou 260 vagas para T\u00e9cnico, Analista, Consultor e Advogado, para fun\u00e7\u00f5es de diversas especialidades. <\/p>\n\n\n\n<p>Segundo informa\u00e7\u00f5es do Portal Transpar\u00eancia do site do Senado, foram nomeados, desde 2011, <strong>624 servidores.<\/strong> Do total, 19 foram tornadas sem efeito, resultando em 605 nomea\u00e7\u00f5es l\u00edquidas. Veja abaixo os detalhes dos cargos e especialidades dos nomeados:<\/p>\n\n\n\n<figure class=\"wp-block-table is-style-stripes\"><table class=\"has-background has-fixed-layout\" style=\"background-color:#eeeeee\"><tbody><tr><td class=\"has-text-align-center\" data-align=\"center\"><strong>Cargo<\/strong><\/td><td class=\"has-text-align-center\" data-align=\"center\"><strong>Especialidade<\/strong><\/td><td class=\"has-text-align-center\" data-align=\"center\"><strong>Total<\/strong><\/td><\/tr><tr><td class=\"has-text-align-center\" data-align=\"center\"> Consultor Legislativo <\/td><td class=\"has-text-align-center\" data-align=\"center\"> Assessoramento Legislativo <\/td><td class=\"has-text-align-center\" data-align=\"center\"> 77<\/td><\/tr><tr><td class=\"has-text-align-center\" data-align=\"center\"> Consultor Legislativo  <\/td><td class=\"has-text-align-center\" data-align=\"center\"> Assessoramento em Or\u00e7amentos <\/td><td class=\"has-text-align-center\" data-align=\"center\"> 15 <\/td><\/tr><tr><td class=\"has-text-align-center\" data-align=\"center\"> Analista Legislativo <\/td><td class=\"has-text-align-center\" data-align=\"center\"> Processo Legislativo <\/td><td class=\"has-text-align-center\" data-align=\"center\"> 73 <\/td><\/tr><tr><td class=\"has-text-align-center\" data-align=\"center\"> Analista Legislativo <\/td><td class=\"has-text-align-center\" data-align=\"center\"> Administra\u00e7\u00e3o <\/td><td class=\"has-text-align-center\" data-align=\"center\"> 80 <\/td><\/tr><tr><td class=\"has-text-align-center\" data-align=\"center\"> Analista Legislativo <\/td><td class=\"has-text-align-center\" data-align=\"center\"> Arquitetura <\/td><td class=\"has-text-align-center\" data-align=\"center\"> 4 <\/td><\/tr><tr><td class=\"has-text-align-center\" data-align=\"center\"> Analista Legislativo <\/td><td class=\"has-text-align-center\" data-align=\"center\"> Engenharia <\/td><td class=\"has-text-align-center\" data-align=\"center\"> 19 <\/td><\/tr><tr><td class=\"has-text-align-center\" data-align=\"center\"> Analista Legislativo  <\/td><td class=\"has-text-align-center\" data-align=\"center\"> Medicina <\/td><td class=\"has-text-align-center\" data-align=\"center\"> 13 <\/td><\/tr><tr><td class=\"has-text-align-center\" data-align=\"center\"> Analista Legislativo <\/td><td class=\"has-text-align-center\" data-align=\"center\"> Nutri\u00e7\u00e3o <\/td><td class=\"has-text-align-center\" data-align=\"center\"> 1 <\/td><\/tr><tr><td class=\"has-text-align-center\" data-align=\"center\"> Analista Legislativo <\/td><td class=\"has-text-align-center\" data-align=\"center\"> Farm\u00e1cia <\/td><td class=\"has-text-align-center\" data-align=\"center\"> 1 <\/td><\/tr><tr><td class=\"has-text-align-center\" data-align=\"center\"> Analista Legislativo <\/td><td class=\"has-text-align-center\" data-align=\"center\"> Assist\u00eancia Social  <\/td><td class=\"has-text-align-center\" data-align=\"center\"> 1 <\/td><\/tr><tr><td class=\"has-text-align-center\" data-align=\"center\"> Analista Legislativo <\/td><td class=\"has-text-align-center\" data-align=\"center\"> Psicologia <\/td><td class=\"has-text-align-center\" data-align=\"center\"> 5 <\/td><\/tr><tr><td class=\"has-text-align-center\" data-align=\"center\"> Analista Legislativo <\/td><td class=\"has-text-align-center\" data-align=\"center\"> Fisioterapia <\/td><td class=\"has-text-align-center\" data-align=\"center\"> 1 <\/td><\/tr><tr><td class=\"has-text-align-center\" data-align=\"center\"> Analista Legislativo <\/td><td class=\"has-text-align-center\" data-align=\"center\"> Enfermagem <\/td><td class=\"has-text-align-center\" data-align=\"center\"> 5 <\/td><\/tr><tr><td class=\"has-text-align-center\" data-align=\"center\"> Analista Legislativo <\/td><td class=\"has-text-align-center\" data-align=\"center\"> Comunica\u00e7\u00e3o Social <\/td><td class=\"has-text-align-center\" data-align=\"center\"> 17 <\/td><\/tr><tr><td class=\"has-text-align-center\" data-align=\"center\"> Analista Legislativo <\/td><td class=\"has-text-align-center\" data-align=\"center\"> Inform\u00e1tica Legislativa <\/td><td class=\"has-text-align-center\" data-align=\"center\"> 38 <\/td><\/tr><tr><td class=\"has-text-align-center\" data-align=\"center\"> Analista Legislativo <\/td><td class=\"has-text-align-center\" data-align=\"center\"> Registro e Reda\u00e7\u00e3o Parlamentar (Taquigrafia) <\/td><td class=\"has-text-align-center\" data-align=\"center\"> 28 <\/td><\/tr><tr><td class=\"has-text-align-center\" data-align=\"center\"> Analista Legislativo <\/td><td class=\"has-text-align-center\" data-align=\"center\"> Arquivologia <\/td><td class=\"has-text-align-center\" data-align=\"center\"> 5 <\/td><\/tr><tr><td class=\"has-text-align-center\" data-align=\"center\"> Analista Legislativo <\/td><td class=\"has-text-align-center\" data-align=\"center\"> Biblioteconomia <\/td><td class=\"has-text-align-center\" data-align=\"center\"> 7 <\/td><\/tr><tr><td class=\"has-text-align-center\" data-align=\"center\"> Analista Legislativo <\/td><td class=\"has-text-align-center\" data-align=\"center\"> Contabilidade <\/td><td class=\"has-text-align-center\" data-align=\"center\"> 12 <\/td><\/tr><tr><td class=\"has-text-align-center\" data-align=\"center\"> Analista Legislativo <\/td><td class=\"has-text-align-center\" data-align=\"center\"> Reda\u00e7\u00e3o e Revis\u00e3o <\/td><td class=\"has-text-align-center\" data-align=\"center\"> 7 <\/td><\/tr><tr><td class=\"has-text-align-center\" data-align=\"center\"> T\u00e9cnico Legislativo <\/td><td class=\"has-text-align-center\" data-align=\"center\"> Processo Legislativo <\/td><td class=\"has-text-align-center\" data-align=\"center\"> 45 <\/td><\/tr><tr><td class=\"has-text-align-center\" data-align=\"center\"> T\u00e9cnico Legislativo <\/td><td class=\"has-text-align-center\" data-align=\"center\"> Administra\u00e7\u00e3o <\/td><td class=\"has-text-align-center\" data-align=\"center\"> 40 <\/td><\/tr><tr><td class=\"has-text-align-center\" data-align=\"center\"> T\u00e9cnico Legislativo <\/td><td class=\"has-text-align-center\" data-align=\"center\"> Arquivologia <\/td><td class=\"has-text-align-center\" data-align=\"center\"> 8 <\/td><\/tr><tr><td class=\"has-text-align-center\" data-align=\"center\"> T\u00e9cnico Legislativo <\/td><td class=\"has-text-align-center\" data-align=\"center\"> Enfermagem <\/td><td class=\"has-text-align-center\" data-align=\"center\"> 6 <\/td><\/tr><tr><td class=\"has-text-align-center\" data-align=\"center\"> T\u00e9cnico Legislativo <\/td><td class=\"has-text-align-center\" data-align=\"center\"> Odontologia <\/td><td class=\"has-text-align-center\" data-align=\"center\"> 1 <\/td><\/tr><tr><td class=\"has-text-align-center\" data-align=\"center\"> T\u00e9cnico Legislativo <\/td><td class=\"has-text-align-center\" data-align=\"center\"> Eletr\u00f4nica e Telecomunica\u00e7\u00f5es <\/td><td class=\"has-text-align-center\" data-align=\"center\"> 16 <\/td><\/tr><tr><td class=\"has-text-align-center\" data-align=\"center\"> T\u00e9cnico Legislativo <\/td><td class=\"has-text-align-center\" data-align=\"center\"> Processo Industrial Gr\u00e1fico <\/td><td class=\"has-text-align-center\" data-align=\"center\"> 31<\/td><\/tr><tr><td class=\"has-text-align-center\" data-align=\"center\"> T\u00e9cnico Legislativo <\/td><td class=\"has-text-align-center\" data-align=\"center\"> Policial Legislativo Federal <\/td><td class=\"has-text-align-center\" data-align=\"center\"> 68 <\/td><\/tr><tr><td class=\"has-text-align-center\" data-align=\"center\"><strong>Total nomeados<\/strong><\/td><td class=\"has-text-align-center\" data-align=\"center\"><\/td><td class=\"has-text-align-center\" data-align=\"center\"><strong> 624<\/strong><\/td><\/tr><\/tbody><\/table><\/figure>\n\n\n\n<p class=\"has-medium-font-size\"><strong>Novo edital<\/strong><\/p>\n\n\n\n<p>Vale lembrar que o novo edital do Senado est\u00e1 cada vez mais de ser publicado, j\u00e1 que a Funda\u00e7\u00e3o Getulio Vargas (FGV) foi oficializada banca organizadora do certame.<\/p>\n\n\n\n<p>Al\u00e9m disso, o jornalismo do Estrat\u00e9gia obteve acesso ao <a href=\"https:\/\/www.estrategiaconcursos.com.br\/blog\/concurso-senado-projeto-basico\/\" target=\"_blank\" rel=\"noreferrer noopener\">projeto b\u00e1sico<\/a> do concurso Senado. O documento prev\u00ea, al\u00e9m das <strong>19 vagas imediatas<\/strong>, 989 para cadastro reserva. <a href=\"#projeto-basico\">Confira aqui<\/a>!<\/p>\n\n\n\n<p>E para mais informa\u00e7\u00f5es sobre o concurso Senado, cujo n\u00famero de nomeados na \u00faltima sele\u00e7\u00e3o voc\u00ea confere neste artigo, acesse o link abaixo!<\/p>\n\n\n\n<p class=\"has-text-align-center has-background has-medium-font-size\" style=\"background-color:#d9b85f\"><strong><a href=\"https:\/\/www.estrategiaconcursos.com.br\/blog\/concurso-senado-federal\/\" target=\"_blank\" rel=\"noreferrer noopener\">Concurso Senado<\/a><\/strong><\/p>\n\n\n\n<h2 class=\"has-text-align-center wp-block-heading\" id=\"h-quer-saber-tudo-sobre-concursos-previstos-confira-nossos-artigos\">Quer saber tudo sobre concursos previstos?<br \/>Confira nossos artigos!<\/h2>\n\n\n\n<ul class=\"wp-block-list\"><li><a href=\"https:\/\/www.estrategiaconcursos.com.br\/blog\/concursos-abertos\/\" target=\"_blank\" rel=\"noreferrer noopener\">Concursos abertos<\/a><\/li><li><a href=\"https:\/\/www.estrategiaconcursos.com.br\/blog\/concursos-2022\/\" target=\"_blank\" rel=\"noreferrer noopener\">Concursos 2022<\/a><\/li><li><a href=\"https:\/\/www.estrategiaconcursos.com.br\/blog\/concursos-2023\/\" target=\"_blank\" rel=\"noreferrer noopener\">Concursos 2023<\/a><\/li><\/ul>\n\n\n\n<h2 class=\"has-text-align-center wp-block-heading\" id=\"prepare-se-para-o-concurso-senado\">Prepare-se para o concurso Senado!<\/h2>\n\n\n\n<div class=\"container\" id=\"boxes\">\n  <div class=\"row\">\n\n    <div class=\"col-sm\">\n      <div class=\"banner-legislativo\" id=\"box-assinatura\">\n        <h3 class=\"titulo-assinatura\">Concurso Senado Federal<\/h3>\n        <p class=\"subtitulo-assinatura\">Conhe\u00e7a os cursos<\/p>\n        <div class=\"box-botao\">\n          <a class=\"btn-assinatura\" target=\"_blank\" href=\"https:\/\/www.estrategiaconcursos.com.br\/cursosPorConcurso\/senado-federal-6\/\" role=\"button\" rel=\"noopener noreferrer\">Conhe\u00e7a mais<\/a>\n        <\/div>\n      <\/div>\n     \n\n  <\/div>\n<\/div><\/div>\n\n\n\n<div class=\"container\" id=\"boxes\">\n  <div class=\"row\">\n\n    <div class=\"col-sm\">\n      <div class=\"estrategia\" id=\"box-assinatura\">\n        <h3 class=\"titulo-assinatura\">Assinatura Concursos<\/h3>\n        <p class=\"subtitulo-assinatura\">Assinatura de 1 ano ou 2 anos<\/p>\n        <div class=\"box-botao\">\n          <a class=\"btn-assinatura\" target=\"_blank\" href=\"https:\/\/www.estrategiaconcursos.com.br\/assinaturas\/\" role=\"button\" rel=\"noopener noreferrer\">ASSINE AGORA<\/a>\n        <\/div>\n      <\/div>\n     \n    <\/div><\/div><\/div>\n\n\n\n<p> <\/p>\n\n\n\n<p> <\/p>\n","protected":false},"excerpt":{"rendered":"<p>Voc\u00ea que prestar\u00e1 o concurso p\u00fablico do Senado Federal sabe dizer quantos aprovados foram nomeados na \u00faltima sele\u00e7\u00e3o? Publicado em 2011, o edital ofertou 260 vagas para T\u00e9cnico, Analista, Consultor e Advogado, para fun\u00e7\u00f5es de diversas especialidades. Segundo informa\u00e7\u00f5es do Portal Transpar\u00eancia do site do Senado, foram nomeados, desde 2011, 624 servidores. Do total, 19 [&hellip;]<\/p>\n","protected":false},"author":1483,"featured_media":788428,"comment_status":"open","ping_status":"closed","sticky":false,"template":"","format":"standard","meta":{"post_tipo":"news","footnotes":""},"categories":[2017,220219],"tags":[],"tax_estado":[219963],"class_list":["post-1068321","post","type-post","status-publish","format-standard","has-post-thumbnail","hentry","category-concursos-legislativos","category-noticias","tax_estado-concursos-federais"],"acf":[],"yoast_head":"<!-- This site is optimized with the Yoast SEO Premium plugin v27.2 (Yoast SEO v27.2) - https:\/\/yoast.com\/product\/yoast-seo-premium-wordpress\/ -->\n<title>Concurso Senado: veja o n\u00famero de nomeados na \u00faltima sele\u00e7\u00e3o<\/title>\n<meta name=\"description\" content=\"Concurso Senado: saiba quantos candidatos foram nomeados na \u00faltima sele\u00e7\u00e3o. Veja os detalhes no site do Estrat\u00e9gia!\" \/>\n<meta name=\"robots\" content=\"index, follow, max-snippet:-1, max-image-preview:large, max-video-preview:-1\" \/>\n<link rel=\"canonical\" href=\"https:\/\/www.estrategiaconcursos.com.br\/blog\/concurso-senado-nomeados-ultima-selecao\/\" \/>\n<meta property=\"og:locale\" content=\"pt_BR\" \/>\n<meta property=\"og:type\" content=\"article\" \/>\n<meta property=\"og:title\" content=\"Concurso Senado: veja o n\u00famero de nomeados na \u00faltima sele\u00e7\u00e3o\" \/>\n<meta property=\"og:description\" content=\"Concurso Senado: saiba quantos candidatos foram nomeados na \u00faltima sele\u00e7\u00e3o. Veja os detalhes no site do Estrat\u00e9gia!\" \/>\n<meta property=\"og:url\" content=\"https:\/\/www.estrategiaconcursos.com.br\/blog\/concurso-senado-nomeados-ultima-selecao\/\" \/>\n<meta property=\"og:site_name\" content=\"Estrat\u00e9gia Concursos\" \/>\n<meta property=\"article:published_time\" content=\"2022-07-30T09:15:00+00:00\" \/>\n<meta property=\"og:image\" content=\"https:\/\/dhg1h5j42swfq.cloudfront.net\/2021\/06\/06144315\/senado-federal.jpg\" \/>\n\t<meta property=\"og:image:width\" content=\"768\" \/>\n\t<meta property=\"og:image:height\" content=\"432\" \/>\n\t<meta property=\"og:image:type\" content=\"image\/jpeg\" \/>\n<meta name=\"author\" content=\"Diogo Mendes\" \/>\n<meta name=\"twitter:card\" content=\"summary_large_image\" \/>\n<meta name=\"twitter:creator\" content=\"@EstratConcursos\" \/>\n<meta name=\"twitter:site\" content=\"@EstratConcursos\" \/>\n<meta name=\"twitter:label1\" content=\"Escrito por\" \/>\n\t<meta name=\"twitter:data1\" content=\"Diogo Mendes\" \/>\n\t<meta name=\"twitter:label2\" content=\"Est. tempo de leitura\" \/>\n\t<meta name=\"twitter:data2\" content=\"2 minutos\" \/>\n<script type=\"application\/ld+json\" class=\"yoast-schema-graph\">{\"@context\":\"https:\/\/schema.org\",\"@graph\":[{\"@type\":\"NewsArticle\",\"@id\":\"https:\/\/www.estrategiaconcursos.com.br\/blog\/concurso-senado-nomeados-ultima-selecao\/#article\",\"isPartOf\":{\"@id\":\"https:\/\/www.estrategiaconcursos.com.br\/blog\/concurso-senado-nomeados-ultima-selecao\/\"},\"author\":{\"name\":\"Diogo Mendes\",\"@id\":\"https:\/\/www.estrategiaconcursos.com.br\/blog\/#\/schema\/person\/cc9e76173880338ce9f656c88664a1f6\"},\"headline\":\"Concurso Senado: veja o n\u00famero de nomeados na \u00faltima sele\u00e7\u00e3o\",\"datePublished\":\"2022-07-30T09:15:00+00:00\",\"mainEntityOfPage\":{\"@id\":\"https:\/\/www.estrategiaconcursos.com.br\/blog\/concurso-senado-nomeados-ultima-selecao\/\"},\"wordCount\":345,\"commentCount\":0,\"publisher\":{\"@id\":\"https:\/\/www.estrategiaconcursos.com.br\/blog\/#organization\"},\"image\":{\"@id\":\"https:\/\/www.estrategiaconcursos.com.br\/blog\/concurso-senado-nomeados-ultima-selecao\/#primaryimage\"},\"thumbnailUrl\":\"https:\/\/dhg1h5j42swfq.cloudfront.net\/2021\/06\/06144315\/senado-federal.jpg\",\"articleSection\":[\"Legislativo\",\"\u00daltimas not\u00edcias\"],\"inLanguage\":\"pt-BR\",\"potentialAction\":[{\"@type\":\"CommentAction\",\"name\":\"Comment\",\"target\":[\"https:\/\/www.estrategiaconcursos.com.br\/blog\/concurso-senado-nomeados-ultima-selecao\/#respond\"]}],\"copyrightYear\":\"2022\",\"copyrightHolder\":{\"@id\":\"https:\/\/www.estrategiaconcursos.com.br\/blog\/#organization\"}},{\"@type\":\"WebPage\",\"@id\":\"https:\/\/www.estrategiaconcursos.com.br\/blog\/concurso-senado-nomeados-ultima-selecao\/\",\"url\":\"https:\/\/www.estrategiaconcursos.com.br\/blog\/concurso-senado-nomeados-ultima-selecao\/\",\"name\":\"Concurso Senado: veja o n\u00famero de nomeados na \u00faltima sele\u00e7\u00e3o\",\"isPartOf\":{\"@id\":\"https:\/\/www.estrategiaconcursos.com.br\/blog\/#website\"},\"primaryImageOfPage\":{\"@id\":\"https:\/\/www.estrategiaconcursos.com.br\/blog\/concurso-senado-nomeados-ultima-selecao\/#primaryimage\"},\"image\":{\"@id\":\"https:\/\/www.estrategiaconcursos.com.br\/blog\/concurso-senado-nomeados-ultima-selecao\/#primaryimage\"},\"thumbnailUrl\":\"https:\/\/dhg1h5j42swfq.cloudfront.net\/2021\/06\/06144315\/senado-federal.jpg\",\"datePublished\":\"2022-07-30T09:15:00+00:00\",\"description\":\"Concurso Senado: saiba quantos candidatos foram nomeados na \u00faltima sele\u00e7\u00e3o. Veja os detalhes no site do Estrat\u00e9gia!\",\"breadcrumb\":{\"@id\":\"https:\/\/www.estrategiaconcursos.com.br\/blog\/concurso-senado-nomeados-ultima-selecao\/#breadcrumb\"},\"inLanguage\":\"pt-BR\",\"potentialAction\":[{\"@type\":\"ReadAction\",\"target\":[\"https:\/\/www.estrategiaconcursos.com.br\/blog\/concurso-senado-nomeados-ultima-selecao\/\"]}]},{\"@type\":\"ImageObject\",\"inLanguage\":\"pt-BR\",\"@id\":\"https:\/\/www.estrategiaconcursos.com.br\/blog\/concurso-senado-nomeados-ultima-selecao\/#primaryimage\",\"url\":\"https:\/\/dhg1h5j42swfq.cloudfront.net\/2021\/06\/06144315\/senado-federal.jpg\",\"contentUrl\":\"https:\/\/dhg1h5j42swfq.cloudfront.net\/2021\/06\/06144315\/senado-federal.jpg\",\"width\":768,\"height\":432,\"caption\":\"SENADO FEDERAL\"},{\"@type\":\"BreadcrumbList\",\"@id\":\"https:\/\/www.estrategiaconcursos.com.br\/blog\/concurso-senado-nomeados-ultima-selecao\/#breadcrumb\",\"itemListElement\":[{\"@type\":\"ListItem\",\"position\":1,\"name\":\"In\u00edcio\",\"item\":\"https:\/\/www.estrategiaconcursos.com.br\/blog\/\"},{\"@type\":\"ListItem\",\"position\":2,\"name\":\"Concurso Senado: veja o n\u00famero de nomeados na \u00faltima sele\u00e7\u00e3o\"}]},{\"@type\":\"WebSite\",\"@id\":\"https:\/\/www.estrategiaconcursos.com.br\/blog\/#website\",\"url\":\"https:\/\/www.estrategiaconcursos.com.br\/blog\/\",\"name\":\"Estrat\u00e9gia Concursos\",\"description\":\"O blog da Estrat\u00e9gia Concursos traz not\u00edcias sobre concursos e artigos de professores oferecendo cursos para concursos (pdf + videaulas) no site.\",\"publisher\":{\"@id\":\"https:\/\/www.estrategiaconcursos.com.br\/blog\/#organization\"},\"potentialAction\":[{\"@type\":\"SearchAction\",\"target\":{\"@type\":\"EntryPoint\",\"urlTemplate\":\"https:\/\/www.estrategiaconcursos.com.br\/blog\/?s={search_term_string}\"},\"query-input\":{\"@type\":\"PropertyValueSpecification\",\"valueRequired\":true,\"valueName\":\"search_term_string\"}}],\"inLanguage\":\"pt-BR\"},{\"@type\":\"Organization\",\"@id\":\"https:\/\/www.estrategiaconcursos.com.br\/blog\/#organization\",\"name\":\"Estrat\u00e9gia Concursos\",\"url\":\"https:\/\/www.estrategiaconcursos.com.br\/blog\/\",\"logo\":{\"@type\":\"ImageObject\",\"inLanguage\":\"pt-BR\",\"@id\":\"https:\/\/www.estrategiaconcursos.com.br\/blog\/#\/schema\/logo\/image\/\",\"url\":\"https:\/\/dhg1h5j42swfq.cloudfront.net\/2025\/06\/03203428\/logo_concursos-1.jpg\",\"contentUrl\":\"https:\/\/dhg1h5j42swfq.cloudfront.net\/2025\/06\/03203428\/logo_concursos-1.jpg\",\"width\":230,\"height\":60,\"caption\":\"Estrat\u00e9gia Concursos\"},\"image\":{\"@id\":\"https:\/\/www.estrategiaconcursos.com.br\/blog\/#\/schema\/logo\/image\/\"},\"sameAs\":[\"https:\/\/x.com\/EstratConcursos\"]},{\"@type\":\"Person\",\"@id\":\"https:\/\/www.estrategiaconcursos.com.br\/blog\/#\/schema\/person\/cc9e76173880338ce9f656c88664a1f6\",\"name\":\"Diogo Mendes\",\"image\":{\"@type\":\"ImageObject\",\"inLanguage\":\"pt-BR\",\"@id\":\"https:\/\/secure.gravatar.com\/avatar\/9754d6777d460a45ef4067b586b94c32005cc2345a0404b8d96adc620cf63806?s=96&d=mm&r=g\",\"url\":\"https:\/\/secure.gravatar.com\/avatar\/9754d6777d460a45ef4067b586b94c32005cc2345a0404b8d96adc620cf63806?s=96&d=mm&r=g\",\"contentUrl\":\"https:\/\/secure.gravatar.com\/avatar\/9754d6777d460a45ef4067b586b94c32005cc2345a0404b8d96adc620cf63806?s=96&d=mm&r=g\",\"caption\":\"Diogo Mendes\"},\"description\":\"Diogo Mendes \u00e9 jornalista formado pela Universidade Paulista, com experi\u00eancia em reda\u00e7\u00f5es de diversos ve\u00edculos e na produ\u00e7\u00e3o de conte\u00fados especializados em concursos p\u00fablicos. Desde 2019, atua no Estrat\u00e9gia Concursos como Jornalista e Analista de Conte\u00fado, com foco na apura\u00e7\u00e3o de informa\u00e7\u00f5es junto a \u00f3rg\u00e3os e fontes oficiais. Dedica-se especialmente \u00e0 produ\u00e7\u00e3o de not\u00edcias e reportagens sobre Concursos Legislativos, al\u00e9m de acompanhar diariamente os concursos policiais, banc\u00e1rios e da \u00e1rea da sa\u00fade.\",\"url\":\"https:\/\/www.estrategiaconcursos.com.br\/blog\/author\/diogo-mendesestrategiaconcursos-com-br\/\"}]}<\/script>\n<!-- \/ Yoast SEO Premium plugin. -->","yoast_head_json":{"title":"Concurso Senado: veja o n\u00famero de nomeados na \u00faltima sele\u00e7\u00e3o","description":"Concurso Senado: saiba quantos candidatos foram nomeados na \u00faltima sele\u00e7\u00e3o. Veja os detalhes no site do Estrat\u00e9gia!","robots":{"index":"index","follow":"follow","max-snippet":"max-snippet:-1","max-image-preview":"max-image-preview:large","max-video-preview":"max-video-preview:-1"},"canonical":"https:\/\/www.estrategiaconcursos.com.br\/blog\/concurso-senado-nomeados-ultima-selecao\/","og_locale":"pt_BR","og_type":"article","og_title":"Concurso Senado: veja o n\u00famero de nomeados na \u00faltima sele\u00e7\u00e3o","og_description":"Concurso Senado: saiba quantos candidatos foram nomeados na \u00faltima sele\u00e7\u00e3o. Veja os detalhes no site do Estrat\u00e9gia!","og_url":"https:\/\/www.estrategiaconcursos.com.br\/blog\/concurso-senado-nomeados-ultima-selecao\/","og_site_name":"Estrat\u00e9gia Concursos","article_published_time":"2022-07-30T09:15:00+00:00","og_image":[{"width":768,"height":432,"url":"https:\/\/dhg1h5j42swfq.cloudfront.net\/2021\/06\/06144315\/senado-federal.jpg","type":"image\/jpeg"}],"author":"Diogo Mendes","twitter_card":"summary_large_image","twitter_creator":"@EstratConcursos","twitter_site":"@EstratConcursos","twitter_misc":{"Escrito por":"Diogo Mendes","Est. tempo de leitura":"2 minutos"},"schema":{"@context":"https:\/\/schema.org","@graph":[{"@type":"NewsArticle","@id":"https:\/\/www.estrategiaconcursos.com.br\/blog\/concurso-senado-nomeados-ultima-selecao\/#article","isPartOf":{"@id":"https:\/\/www.estrategiaconcursos.com.br\/blog\/concurso-senado-nomeados-ultima-selecao\/"},"author":{"name":"Diogo Mendes","@id":"https:\/\/www.estrategiaconcursos.com.br\/blog\/#\/schema\/person\/cc9e76173880338ce9f656c88664a1f6"},"headline":"Concurso Senado: veja o n\u00famero de nomeados na \u00faltima sele\u00e7\u00e3o","datePublished":"2022-07-30T09:15:00+00:00","mainEntityOfPage":{"@id":"https:\/\/www.estrategiaconcursos.com.br\/blog\/concurso-senado-nomeados-ultima-selecao\/"},"wordCount":345,"commentCount":0,"publisher":{"@id":"https:\/\/www.estrategiaconcursos.com.br\/blog\/#organization"},"image":{"@id":"https:\/\/www.estrategiaconcursos.com.br\/blog\/concurso-senado-nomeados-ultima-selecao\/#primaryimage"},"thumbnailUrl":"https:\/\/dhg1h5j42swfq.cloudfront.net\/2021\/06\/06144315\/senado-federal.jpg","articleSection":["Legislativo","\u00daltimas not\u00edcias"],"inLanguage":"pt-BR","potentialAction":[{"@type":"CommentAction","name":"Comment","target":["https:\/\/www.estrategiaconcursos.com.br\/blog\/concurso-senado-nomeados-ultima-selecao\/#respond"]}],"copyrightYear":"2022","copyrightHolder":{"@id":"https:\/\/www.estrategiaconcursos.com.br\/blog\/#organization"}},{"@type":"WebPage","@id":"https:\/\/www.estrategiaconcursos.com.br\/blog\/concurso-senado-nomeados-ultima-selecao\/","url":"https:\/\/www.estrategiaconcursos.com.br\/blog\/concurso-senado-nomeados-ultima-selecao\/","name":"Concurso Senado: veja o n\u00famero de nomeados na \u00faltima sele\u00e7\u00e3o","isPartOf":{"@id":"https:\/\/www.estrategiaconcursos.com.br\/blog\/#website"},"primaryImageOfPage":{"@id":"https:\/\/www.estrategiaconcursos.com.br\/blog\/concurso-senado-nomeados-ultima-selecao\/#primaryimage"},"image":{"@id":"https:\/\/www.estrategiaconcursos.com.br\/blog\/concurso-senado-nomeados-ultima-selecao\/#primaryimage"},"thumbnailUrl":"https:\/\/dhg1h5j42swfq.cloudfront.net\/2021\/06\/06144315\/senado-federal.jpg","datePublished":"2022-07-30T09:15:00+00:00","description":"Concurso Senado: saiba quantos candidatos foram nomeados na \u00faltima sele\u00e7\u00e3o. Veja os detalhes no site do Estrat\u00e9gia!","breadcrumb":{"@id":"https:\/\/www.estrategiaconcursos.com.br\/blog\/concurso-senado-nomeados-ultima-selecao\/#breadcrumb"},"inLanguage":"pt-BR","potentialAction":[{"@type":"ReadAction","target":["https:\/\/www.estrategiaconcursos.com.br\/blog\/concurso-senado-nomeados-ultima-selecao\/"]}]},{"@type":"ImageObject","inLanguage":"pt-BR","@id":"https:\/\/www.estrategiaconcursos.com.br\/blog\/concurso-senado-nomeados-ultima-selecao\/#primaryimage","url":"https:\/\/dhg1h5j42swfq.cloudfront.net\/2021\/06\/06144315\/senado-federal.jpg","contentUrl":"https:\/\/dhg1h5j42swfq.cloudfront.net\/2021\/06\/06144315\/senado-federal.jpg","width":768,"height":432,"caption":"SENADO FEDERAL"},{"@type":"BreadcrumbList","@id":"https:\/\/www.estrategiaconcursos.com.br\/blog\/concurso-senado-nomeados-ultima-selecao\/#breadcrumb","itemListElement":[{"@type":"ListItem","position":1,"name":"In\u00edcio","item":"https:\/\/www.estrategiaconcursos.com.br\/blog\/"},{"@type":"ListItem","position":2,"name":"Concurso Senado: veja o n\u00famero de nomeados na \u00faltima sele\u00e7\u00e3o"}]},{"@type":"WebSite","@id":"https:\/\/www.estrategiaconcursos.com.br\/blog\/#website","url":"https:\/\/www.estrategiaconcursos.com.br\/blog\/","name":"Estrat\u00e9gia Concursos","description":"O blog da Estrat\u00e9gia Concursos traz not\u00edcias sobre concursos e artigos de professores oferecendo cursos para concursos (pdf + videaulas) no site.","publisher":{"@id":"https:\/\/www.estrategiaconcursos.com.br\/blog\/#organization"},"potentialAction":[{"@type":"SearchAction","target":{"@type":"EntryPoint","urlTemplate":"https:\/\/www.estrategiaconcursos.com.br\/blog\/?s={search_term_string}"},"query-input":{"@type":"PropertyValueSpecification","valueRequired":true,"valueName":"search_term_string"}}],"inLanguage":"pt-BR"},{"@type":"Organization","@id":"https:\/\/www.estrategiaconcursos.com.br\/blog\/#organization","name":"Estrat\u00e9gia Concursos","url":"https:\/\/www.estrategiaconcursos.com.br\/blog\/","logo":{"@type":"ImageObject","inLanguage":"pt-BR","@id":"https:\/\/www.estrategiaconcursos.com.br\/blog\/#\/schema\/logo\/image\/","url":"https:\/\/dhg1h5j42swfq.cloudfront.net\/2025\/06\/03203428\/logo_concursos-1.jpg","contentUrl":"https:\/\/dhg1h5j42swfq.cloudfront.net\/2025\/06\/03203428\/logo_concursos-1.jpg","width":230,"height":60,"caption":"Estrat\u00e9gia Concursos"},"image":{"@id":"https:\/\/www.estrategiaconcursos.com.br\/blog\/#\/schema\/logo\/image\/"},"sameAs":["https:\/\/x.com\/EstratConcursos"]},{"@type":"Person","@id":"https:\/\/www.estrategiaconcursos.com.br\/blog\/#\/schema\/person\/cc9e76173880338ce9f656c88664a1f6","name":"Diogo Mendes","image":{"@type":"ImageObject","inLanguage":"pt-BR","@id":"https:\/\/secure.gravatar.com\/avatar\/9754d6777d460a45ef4067b586b94c32005cc2345a0404b8d96adc620cf63806?s=96&d=mm&r=g","url":"https:\/\/secure.gravatar.com\/avatar\/9754d6777d460a45ef4067b586b94c32005cc2345a0404b8d96adc620cf63806?s=96&d=mm&r=g","contentUrl":"https:\/\/secure.gravatar.com\/avatar\/9754d6777d460a45ef4067b586b94c32005cc2345a0404b8d96adc620cf63806?s=96&d=mm&r=g","caption":"Diogo Mendes"},"description":"Diogo Mendes \u00e9 jornalista formado pela Universidade Paulista, com experi\u00eancia em reda\u00e7\u00f5es de diversos ve\u00edculos e na produ\u00e7\u00e3o de conte\u00fados especializados em concursos p\u00fablicos. Desde 2019, atua no Estrat\u00e9gia Concursos como Jornalista e Analista de Conte\u00fado, com foco na apura\u00e7\u00e3o de informa\u00e7\u00f5es junto a \u00f3rg\u00e3os e fontes oficiais. Dedica-se especialmente \u00e0 produ\u00e7\u00e3o de not\u00edcias e reportagens sobre Concursos Legislativos, al\u00e9m de acompanhar diariamente os concursos policiais, banc\u00e1rios e da \u00e1rea da sa\u00fade.","url":"https:\/\/www.estrategiaconcursos.com.br\/blog\/author\/diogo-mendesestrategiaconcursos-com-br\/"}]}},"_links":{"self":[{"href":"https:\/\/www.estrategiaconcursos.com.br\/blog\/wp-json\/wp\/v2\/posts\/1068321","targetHints":{"allow":["GET"]}}],"collection":[{"href":"https:\/\/www.estrategiaconcursos.com.br\/blog\/wp-json\/wp\/v2\/posts"}],"about":[{"href":"https:\/\/www.estrategiaconcursos.com.br\/blog\/wp-json\/wp\/v2\/types\/post"}],"author":[{"embeddable":true,"href":"https:\/\/www.estrategiaconcursos.com.br\/blog\/wp-json\/wp\/v2\/users\/1483"}],"replies":[{"embeddable":true,"href":"https:\/\/www.estrategiaconcursos.com.br\/blog\/wp-json\/wp\/v2\/comments?post=1068321"}],"version-history":[{"count":4,"href":"https:\/\/www.estrategiaconcursos.com.br\/blog\/wp-json\/wp\/v2\/posts\/1068321\/revisions"}],"predecessor-version":[{"id":1068333,"href":"https:\/\/www.estrategiaconcursos.com.br\/blog\/wp-json\/wp\/v2\/posts\/1068321\/revisions\/1068333"}],"wp:featuredmedia":[{"embeddable":true,"href":"https:\/\/www.estrategiaconcursos.com.br\/blog\/wp-json\/wp\/v2\/media\/788428"}],"wp:attachment":[{"href":"https:\/\/www.estrategiaconcursos.com.br\/blog\/wp-json\/wp\/v2\/media?parent=1068321"}],"wp:term":[{"taxonomy":"category","embeddable":true,"href":"https:\/\/www.estrategiaconcursos.com.br\/blog\/wp-json\/wp\/v2\/categories?post=1068321"},{"taxonomy":"post_tag","embeddable":true,"href":"https:\/\/www.estrategiaconcursos.com.br\/blog\/wp-json\/wp\/v2\/tags?post=1068321"},{"taxonomy":"tax_estado","embeddable":true,"href":"https:\/\/www.estrategiaconcursos.com.br\/blog\/wp-json\/wp\/v2\/tax_estado?post=1068321"}],"curies":[{"name":"wp","href":"https:\/\/api.w.org\/{rel}","templated":true}]}}