{"id":1068048,"date":"2022-07-28T18:00:00","date_gmt":"2022-07-28T21:00:00","guid":{"rendered":"https:\/\/www.estrategiaconcursos.com.br\/blog\/?p=1068048"},"modified":"2022-08-01T16:57:21","modified_gmt":"2022-08-01T19:57:21","slug":"concurso-publico-editais-publicados-28-07-22","status":"publish","type":"post","link":"https:\/\/www.estrategiaconcursos.com.br\/blog\/concurso-publico-editais-publicados-28-07-22\/","title":{"rendered":"Concurso P\u00fablico: 02 editais foram publicados hoje (28\/07)"},"content":{"rendered":"\n<p>Nesta quinta-feira, 28 de julho, dois editais de concurso p\u00fablico e processo seletivo foram publicados para o IBGE e para o Hospital Naval Marc\u00edlio Dias.<\/p>\n\n\n\n<p>Para o Instituto Brasileiro de<strong> <\/strong>Geografia e Estat\u00edstica, o novo pss complementar oferta<strong> mais de 15 mil vagas<\/strong> para a fun\u00e7\u00e3o de <strong>Recenseador<\/strong>. As inscri\u00e7\u00f5es j\u00e1 est\u00e3o abertas e devem ser feitas presencialmente at\u00e9 a pr\u00f3xima segunda-feira, 1\u00ba de agosto.<\/p>\n\n\n\n<p>J\u00e1 para o<strong> Hospital Naval Marc\u00edlio Dias<\/strong>, localizado no Rio de Janeiro, s\u00e3o ofertadas 20 vagas para Resid\u00eancia M\u00e9dica na \u00e1rea de enfermagem cl\u00ednica e cir\u00fargica.<\/p>\n\n\n\n<p>Confira os principais detalhes dos<strong> editais publicados HOJE<\/strong>, como <a href=\"https:\/\/www.estrategiaconcursos.com.br\/blog\/concursos-abertos\/\" target=\"_blank\" rel=\"noreferrer noopener\">data de inscri\u00e7\u00e3o<\/a> e de aplica\u00e7\u00e3o da prova, banca organizadora, cursos e muito mais ao longo deste artigo!<\/p>\n\n\n\n<div class=\"container\" id=\"boxes\">\n  <div class=\"row\">\n\n    <div class=\"col-sm\">\n      <div class=\"banner-estrategia\" id=\"box-assinatura\">\n        <h3 class=\"titulo-assinatura\">Cursos para concursos<\/h3>\n        <p class=\"subtitulo-assinatura\">Estude conosco<\/p>\n        <div class=\"box-botao\">\n          <a class=\"btn-assinatura\" target=\"_blank\" href=\"https:\/\/www.estrategiaconcursos.com.br\/cursos\/\" role=\"button\" rel=\"noopener noreferrer\">Conhe\u00e7a os cursos<\/a>\n        <\/div>\n      <\/div>\n     \n    <\/div>\n\n  <\/div>\n<\/div>\n\n\n\n<h2 class=\"has-text-align-center has-cyan-bluish-gray-background-color has-background wp-block-heading\" id=\"h-concurso-publico-editais-publicados\">Concurso p\u00fablico &#8211; editais publicados:<\/h2>\n\n\n\n<h3 class=\"wp-block-heading\" id=\"h-concurso-residencia-hospital-naval-marcilio-dias-rj\"><a href=\"https:\/\/www.estrategiaconcursos.com.br\/blog\/residencia-hnmd\/\" target=\"_blank\" rel=\"noreferrer noopener\">Concurso Resid\u00eancia Hospital Naval Marc\u00edlio Dias<\/a> (RJ)<\/h3>\n\n\n\n<ul class=\"wp-block-list\"><li><strong>Banca:<\/strong> <a href=\"https:\/\/www.estrategiaconcursos.com.br\/blog\/residencia-hnmd\/\" target=\"_blank\" rel=\"noreferrer noopener\">Marinha<\/a><\/li><li><strong>Per\u00edodo de inscri\u00e7\u00f5es<\/strong>: 22\/08 a 05\/09\/2022<\/li><li><strong>Data da prova<\/strong>: 05\/11\/2022<\/li><li><strong>Vagas:<\/strong> 20<\/li><li><strong>Cargos:<\/strong>&nbsp;\u00e1rea de Enfermagem Cl\u00ednica e Cir\u00fargica<\/li><li><strong>Remunera\u00e7\u00e3o<\/strong>: R$ 4.106,09<\/li><li><strong>Edital:<\/strong>&nbsp;<a href=\"https:\/\/dhg1h5j42swfq.cloudfront.net\/2022\/07\/28082147\/edital-publicado-residencia-enfermagem-hnmd-1.pdf\" target=\"_blank\" rel=\"noreferrer noopener nofollow\">Resid\u00eancia HNMD<\/a><\/li><\/ul>\n\n\n\n<h3 class=\"wp-block-heading\" id=\"h-processo-seletivo-ibge\"><a href=\"https:\/\/www.estrategiaconcursos.com.br\/blog\/concurso-ibge-edital-publicado-pss-recenseador\/\" target=\"_blank\" rel=\"noreferrer noopener\">Processo seletivo IBGE<\/a><\/h3>\n\n\n\n<ul class=\"wp-block-list\"><li><strong>Banca:<\/strong> <a href=\"https:\/\/www.ibge.gov.br\/acesso-informacao\/institucional\/trabalhe-conosco\/34485-2022-14-recenseador.html\" target=\"_blank\" rel=\"noreferrer noopener\">organiza\u00e7\u00e3o pr\u00f3pria<\/a><\/li><li><strong>Per\u00edodo de inscri\u00e7\u00f5es<\/strong>: 28\/07 a 01\/08\/2022<\/li><li><strong>Vagas:<\/strong> 15.075<\/li><li><strong>Cargos:<\/strong>&nbsp;Recenseador<\/li><li><strong>Remunera\u00e7\u00e3o<\/strong>: por produ\u00e7\u00e3o<\/li><li><strong>Edital:<\/strong>&nbsp;<a href=\"https:\/\/dhg1h5j42swfq.cloudfront.net\/2022\/07\/28093447\/edital_2022_14-rec-versao-completa.pdf\" target=\"_blank\" rel=\"noreferrer noopener nofollow\">Edital pss IBGE<\/a><\/li><\/ul>\n\n\n\n<p class=\"has-text-align-center has-background\" style=\"background-color:#ededed;font-size:clamp(14.642px, 0.915rem + ((1vw - 3.2px) * 0.721), 22px);px\"><strong>Veja tamb\u00e9m: <a href=\"https:\/\/www.estrategiaconcursos.com.br\/blog\/principais-noticias-do-dia\/\" target=\"_blank\" rel=\"noreferrer noopener\">Principais not\u00edcias do dia<\/a><\/strong><\/p>\n\n\n\n<p class=\"has-text-align-center\">O Estrat\u00e9gia Concursos \u00e9 <a href=\"https:\/\/www.estrategiaconcursos.com.br\/blog\/estrategia-concursos-lider-em-aprovacao-nos-principais-certames\/\" target=\"_blank\" rel=\"noreferrer noopener\">l\u00edder em aprova\u00e7\u00e3o<\/a> nos principais concursos p\u00fablicos do pa\u00eds. Para fazer parte das estat\u00edsticas de aprovados, conhe\u00e7a j\u00e1 os nossos cursos e assinaturas:<\/p>\n\n\n\n<div class=\"container\" id=\"boxes\">\n  <div class=\"row\">\n\n    <div class=\"col-sm\">\n      <div class=\"estrategia\" id=\"box-assinatura\">\n        <h3 class=\"titulo-assinatura\">Assinatura Concursos<\/h3>\n        <p class=\"subtitulo-assinatura\">Assinatura de 1 ano ou 2 anos<\/p>\n        <div class=\"box-botao\">\n          <a class=\"btn-assinatura\" target=\"_blank\" href=\"https:\/\/www.estrategiaconcursos.com.br\/assinaturas\/\" role=\"button\" rel=\"noopener noreferrer\">ASSINE AGORA<\/a>\n        <\/div>\n      <\/div><\/div><\/div><\/div>\n\n\n\n<h2 class=\"has-text-align-center wp-block-heading\" id=\"h-quer-saber-tudo-sobre-concursos-previstos-confira-nossos-artigos\">Quer saber tudo sobre concursos previstos?<br \/>Confira nossos artigos!<\/h2>\n\n\n\n<ul class=\"wp-block-list\" id=\"concurso-publico-editais-esta-semana-03-a-07-01\"><li><a href=\"https:\/\/www.estrategiaconcursos.com.br\/blog\/concursos-abertos\/\" target=\"_blank\" rel=\"noreferrer noopener\">Concursos abertos<\/a><\/li><li><a href=\"https:\/\/www.estrategiaconcursos.com.br\/blog\/concursos-2022\/\" target=\"_blank\" rel=\"noreferrer noopener\">Concursos 2022<\/a><\/li><li><a href=\"https:\/\/www.estrategiaconcursos.com.br\/blog\/concursos-2023\/\" target=\"_blank\" rel=\"noreferrer noopener\">Concursos 2023<\/a><\/li><\/ul>\n","protected":false},"excerpt":{"rendered":"<p>Nesta quinta-feira, 28 de julho, dois editais de concurso p\u00fablico e processo seletivo foram publicados para o IBGE e para o Hospital Naval Marc\u00edlio Dias. Para o Instituto Brasileiro de Geografia e Estat\u00edstica, o novo pss complementar oferta mais de 15 mil vagas para a fun\u00e7\u00e3o de Recenseador. As inscri\u00e7\u00f5es j\u00e1 est\u00e3o abertas e devem [&hellip;]<\/p>\n","protected":false},"author":659,"featured_media":834708,"comment_status":"open","ping_status":"closed","sticky":false,"template":"","format":"standard","meta":{"post_tipo":"news","footnotes":""},"categories":[214992,1981,220219],"tags":[],"tax_estado":[219963],"class_list":["post-1068048","post","type-post","status-publish","format-standard","has-post-thumbnail","hentry","category-concursos-administrativos","category-saude","category-noticias","tax_estado-concursos-federais"],"acf":[],"yoast_head":"<!-- This site is optimized with the Yoast SEO Premium plugin v27.2 (Yoast SEO v27.2) - https:\/\/yoast.com\/product\/yoast-seo-premium-wordpress\/ -->\n<title>Concurso P\u00fablico: 02 editais foram publicados hoje (28\/07)<\/title>\n<meta name=\"description\" content=\"Concurso P\u00fablico 2022: 02 editais sa\u00edram nesta quinta-feira. Confira o n\u00famero de vagas, remunera\u00e7\u00e3o, principais datas e muito mais!\" \/>\n<meta name=\"robots\" content=\"index, follow, max-snippet:-1, max-image-preview:large, max-video-preview:-1\" \/>\n<link rel=\"canonical\" href=\"https:\/\/www.estrategiaconcursos.com.br\/blog\/concurso-publico-editais-publicados-28-07-22\/\" \/>\n<meta property=\"og:locale\" content=\"pt_BR\" \/>\n<meta property=\"og:type\" content=\"article\" \/>\n<meta property=\"og:title\" content=\"Concurso P\u00fablico: 02 editais foram publicados hoje (28\/07)\" \/>\n<meta property=\"og:description\" content=\"Concurso P\u00fablico 2022: 02 editais sa\u00edram nesta quinta-feira. Confira o n\u00famero de vagas, remunera\u00e7\u00e3o, principais datas e muito mais!\" \/>\n<meta property=\"og:url\" content=\"https:\/\/www.estrategiaconcursos.com.br\/blog\/concurso-publico-editais-publicados-28-07-22\/\" \/>\n<meta property=\"og:site_name\" content=\"Estrat\u00e9gia Concursos\" \/>\n<meta property=\"article:published_time\" content=\"2022-07-28T21:00:00+00:00\" \/>\n<meta property=\"article:modified_time\" content=\"2022-08-01T19:57:21+00:00\" \/>\n<meta property=\"og:image\" content=\"https:\/\/dhg1h5j42swfq.cloudfront.net\/2021\/08\/12154611\/editais-do-dia.jpg\" \/>\n\t<meta property=\"og:image:width\" content=\"767\" \/>\n\t<meta property=\"og:image:height\" content=\"434\" \/>\n\t<meta property=\"og:image:type\" content=\"image\/jpeg\" \/>\n<meta name=\"author\" content=\"Camila Leite\" \/>\n<meta name=\"twitter:card\" content=\"summary_large_image\" \/>\n<meta name=\"twitter:creator\" content=\"@EstratConcursos\" \/>\n<meta name=\"twitter:site\" content=\"@EstratConcursos\" \/>\n<meta name=\"twitter:label1\" content=\"Escrito por\" \/>\n\t<meta name=\"twitter:data1\" content=\"Camila Leite\" \/>\n\t<meta name=\"twitter:label2\" content=\"Est. tempo de leitura\" \/>\n\t<meta name=\"twitter:data2\" content=\"2 minutos\" \/>\n<script type=\"application\/ld+json\" class=\"yoast-schema-graph\">{\"@context\":\"https:\/\/schema.org\",\"@graph\":[{\"@type\":\"NewsArticle\",\"@id\":\"https:\/\/www.estrategiaconcursos.com.br\/blog\/concurso-publico-editais-publicados-28-07-22\/#article\",\"isPartOf\":{\"@id\":\"https:\/\/www.estrategiaconcursos.com.br\/blog\/concurso-publico-editais-publicados-28-07-22\/\"},\"author\":{\"name\":\"Camila Leite\",\"@id\":\"https:\/\/www.estrategiaconcursos.com.br\/blog\/#\/schema\/person\/84ecdc6eb58d3cf1689bf76c5cd8fb38\"},\"headline\":\"Concurso P\u00fablico: 02 editais foram publicados hoje (28\/07)\",\"datePublished\":\"2022-07-28T21:00:00+00:00\",\"dateModified\":\"2022-08-01T19:57:21+00:00\",\"mainEntityOfPage\":{\"@id\":\"https:\/\/www.estrategiaconcursos.com.br\/blog\/concurso-publico-editais-publicados-28-07-22\/\"},\"wordCount\":281,\"commentCount\":0,\"publisher\":{\"@id\":\"https:\/\/www.estrategiaconcursos.com.br\/blog\/#organization\"},\"image\":{\"@id\":\"https:\/\/www.estrategiaconcursos.com.br\/blog\/concurso-publico-editais-publicados-28-07-22\/#primaryimage\"},\"thumbnailUrl\":\"https:\/\/dhg1h5j42swfq.cloudfront.net\/2021\/08\/12154611\/editais-do-dia.jpg\",\"articleSection\":[\"Executivo (Administrativa)\",\"Sa\u00fade\",\"\u00daltimas not\u00edcias\"],\"inLanguage\":\"pt-BR\",\"potentialAction\":[{\"@type\":\"CommentAction\",\"name\":\"Comment\",\"target\":[\"https:\/\/www.estrategiaconcursos.com.br\/blog\/concurso-publico-editais-publicados-28-07-22\/#respond\"]}],\"copyrightYear\":\"2022\",\"copyrightHolder\":{\"@id\":\"https:\/\/www.estrategiaconcursos.com.br\/blog\/#organization\"}},{\"@type\":\"WebPage\",\"@id\":\"https:\/\/www.estrategiaconcursos.com.br\/blog\/concurso-publico-editais-publicados-28-07-22\/\",\"url\":\"https:\/\/www.estrategiaconcursos.com.br\/blog\/concurso-publico-editais-publicados-28-07-22\/\",\"name\":\"Concurso P\u00fablico: 02 editais foram publicados hoje (28\/07)\",\"isPartOf\":{\"@id\":\"https:\/\/www.estrategiaconcursos.com.br\/blog\/#website\"},\"primaryImageOfPage\":{\"@id\":\"https:\/\/www.estrategiaconcursos.com.br\/blog\/concurso-publico-editais-publicados-28-07-22\/#primaryimage\"},\"image\":{\"@id\":\"https:\/\/www.estrategiaconcursos.com.br\/blog\/concurso-publico-editais-publicados-28-07-22\/#primaryimage\"},\"thumbnailUrl\":\"https:\/\/dhg1h5j42swfq.cloudfront.net\/2021\/08\/12154611\/editais-do-dia.jpg\",\"datePublished\":\"2022-07-28T21:00:00+00:00\",\"dateModified\":\"2022-08-01T19:57:21+00:00\",\"description\":\"Concurso P\u00fablico 2022: 02 editais sa\u00edram nesta quinta-feira. Confira o n\u00famero de vagas, remunera\u00e7\u00e3o, principais datas e muito mais!\",\"breadcrumb\":{\"@id\":\"https:\/\/www.estrategiaconcursos.com.br\/blog\/concurso-publico-editais-publicados-28-07-22\/#breadcrumb\"},\"inLanguage\":\"pt-BR\",\"potentialAction\":[{\"@type\":\"ReadAction\",\"target\":[\"https:\/\/www.estrategiaconcursos.com.br\/blog\/concurso-publico-editais-publicados-28-07-22\/\"]}]},{\"@type\":\"ImageObject\",\"inLanguage\":\"pt-BR\",\"@id\":\"https:\/\/www.estrategiaconcursos.com.br\/blog\/concurso-publico-editais-publicados-28-07-22\/#primaryimage\",\"url\":\"https:\/\/dhg1h5j42swfq.cloudfront.net\/2021\/08\/12154611\/editais-do-dia.jpg\",\"contentUrl\":\"https:\/\/dhg1h5j42swfq.cloudfront.net\/2021\/08\/12154611\/editais-do-dia.jpg\",\"width\":767,\"height\":434,\"caption\":\"Editais do dia\"},{\"@type\":\"BreadcrumbList\",\"@id\":\"https:\/\/www.estrategiaconcursos.com.br\/blog\/concurso-publico-editais-publicados-28-07-22\/#breadcrumb\",\"itemListElement\":[{\"@type\":\"ListItem\",\"position\":1,\"name\":\"In\u00edcio\",\"item\":\"https:\/\/www.estrategiaconcursos.com.br\/blog\/\"},{\"@type\":\"ListItem\",\"position\":2,\"name\":\"Concurso P\u00fablico: 02 editais foram publicados hoje (28\/07)\"}]},{\"@type\":\"WebSite\",\"@id\":\"https:\/\/www.estrategiaconcursos.com.br\/blog\/#website\",\"url\":\"https:\/\/www.estrategiaconcursos.com.br\/blog\/\",\"name\":\"Estrat\u00e9gia Concursos\",\"description\":\"O blog da Estrat\u00e9gia Concursos traz not\u00edcias sobre concursos e artigos de professores oferecendo cursos para concursos (pdf + videaulas) no site.\",\"publisher\":{\"@id\":\"https:\/\/www.estrategiaconcursos.com.br\/blog\/#organization\"},\"potentialAction\":[{\"@type\":\"SearchAction\",\"target\":{\"@type\":\"EntryPoint\",\"urlTemplate\":\"https:\/\/www.estrategiaconcursos.com.br\/blog\/?s={search_term_string}\"},\"query-input\":{\"@type\":\"PropertyValueSpecification\",\"valueRequired\":true,\"valueName\":\"search_term_string\"}}],\"inLanguage\":\"pt-BR\"},{\"@type\":\"Organization\",\"@id\":\"https:\/\/www.estrategiaconcursos.com.br\/blog\/#organization\",\"name\":\"Estrat\u00e9gia Concursos\",\"url\":\"https:\/\/www.estrategiaconcursos.com.br\/blog\/\",\"logo\":{\"@type\":\"ImageObject\",\"inLanguage\":\"pt-BR\",\"@id\":\"https:\/\/www.estrategiaconcursos.com.br\/blog\/#\/schema\/logo\/image\/\",\"url\":\"https:\/\/dhg1h5j42swfq.cloudfront.net\/2025\/06\/03203428\/logo_concursos-1.jpg\",\"contentUrl\":\"https:\/\/dhg1h5j42swfq.cloudfront.net\/2025\/06\/03203428\/logo_concursos-1.jpg\",\"width\":230,\"height\":60,\"caption\":\"Estrat\u00e9gia Concursos\"},\"image\":{\"@id\":\"https:\/\/www.estrategiaconcursos.com.br\/blog\/#\/schema\/logo\/image\/\"},\"sameAs\":[\"https:\/\/x.com\/EstratConcursos\"]},{\"@type\":\"Person\",\"@id\":\"https:\/\/www.estrategiaconcursos.com.br\/blog\/#\/schema\/person\/84ecdc6eb58d3cf1689bf76c5cd8fb38\",\"name\":\"Camila Leite\",\"image\":{\"@type\":\"ImageObject\",\"inLanguage\":\"pt-BR\",\"@id\":\"https:\/\/secure.gravatar.com\/avatar\/f2f8faef639c8a2bfb7fb909912a56917f4c3a0aed064500168e2fb8ea55cf61?s=96&d=mm&r=g\",\"url\":\"https:\/\/secure.gravatar.com\/avatar\/f2f8faef639c8a2bfb7fb909912a56917f4c3a0aed064500168e2fb8ea55cf61?s=96&d=mm&r=g\",\"contentUrl\":\"https:\/\/secure.gravatar.com\/avatar\/f2f8faef639c8a2bfb7fb909912a56917f4c3a0aed064500168e2fb8ea55cf61?s=96&d=mm&r=g\",\"caption\":\"Camila Leite\"},\"description\":\"Formada em Design Gr\u00e1fico e em Propaganda e Marketing pela UNIP, integra a equipe de jornalismo do Estrat\u00e9gia Concursos desde 2018. Ao longo dos anos, construiu uma s\u00f3lida experi\u00eancia na produ\u00e7\u00e3o de conte\u00fado informativo e relevante para concurseiros. Desde 2020, atua na cobertura das \u00e1reas Fiscal \u2014 com \u00eanfase nas Secretarias de Fazenda (Sefaz) das regi\u00f5es Sul e Sudeste \u2014, al\u00e9m da cobertura de concursos federais, como CNU, Petrobras, CGU, Receita Federal, ag\u00eancias reguladoras (Anvisa, ANAC, entre outras) e INSS. Mant\u00e9m contato direto com os principais \u00f3rg\u00e3os p\u00fablicos, acompanhando editais, atualiza\u00e7\u00f5es e movimenta\u00e7\u00f5es importantes para os candidatos.\",\"sameAs\":[\"https:\/\/www.linkedin.com\/in\/camila-pinheiro-leite-9ba135b6\/\"],\"url\":\"https:\/\/www.estrategiaconcursos.com.br\/blog\/author\/camila-leiteestrategiaconcursos-com-br\/\"}]}<\/script>\n<!-- \/ Yoast SEO Premium plugin. -->","yoast_head_json":{"title":"Concurso P\u00fablico: 02 editais foram publicados hoje (28\/07)","description":"Concurso P\u00fablico 2022: 02 editais sa\u00edram nesta quinta-feira. Confira o n\u00famero de vagas, remunera\u00e7\u00e3o, principais datas e muito mais!","robots":{"index":"index","follow":"follow","max-snippet":"max-snippet:-1","max-image-preview":"max-image-preview:large","max-video-preview":"max-video-preview:-1"},"canonical":"https:\/\/www.estrategiaconcursos.com.br\/blog\/concurso-publico-editais-publicados-28-07-22\/","og_locale":"pt_BR","og_type":"article","og_title":"Concurso P\u00fablico: 02 editais foram publicados hoje (28\/07)","og_description":"Concurso P\u00fablico 2022: 02 editais sa\u00edram nesta quinta-feira. Confira o n\u00famero de vagas, remunera\u00e7\u00e3o, principais datas e muito mais!","og_url":"https:\/\/www.estrategiaconcursos.com.br\/blog\/concurso-publico-editais-publicados-28-07-22\/","og_site_name":"Estrat\u00e9gia Concursos","article_published_time":"2022-07-28T21:00:00+00:00","article_modified_time":"2022-08-01T19:57:21+00:00","og_image":[{"width":767,"height":434,"url":"https:\/\/dhg1h5j42swfq.cloudfront.net\/2021\/08\/12154611\/editais-do-dia.jpg","type":"image\/jpeg"}],"author":"Camila Leite","twitter_card":"summary_large_image","twitter_creator":"@EstratConcursos","twitter_site":"@EstratConcursos","twitter_misc":{"Escrito por":"Camila Leite","Est. tempo de leitura":"2 minutos"},"schema":{"@context":"https:\/\/schema.org","@graph":[{"@type":"NewsArticle","@id":"https:\/\/www.estrategiaconcursos.com.br\/blog\/concurso-publico-editais-publicados-28-07-22\/#article","isPartOf":{"@id":"https:\/\/www.estrategiaconcursos.com.br\/blog\/concurso-publico-editais-publicados-28-07-22\/"},"author":{"name":"Camila Leite","@id":"https:\/\/www.estrategiaconcursos.com.br\/blog\/#\/schema\/person\/84ecdc6eb58d3cf1689bf76c5cd8fb38"},"headline":"Concurso P\u00fablico: 02 editais foram publicados hoje (28\/07)","datePublished":"2022-07-28T21:00:00+00:00","dateModified":"2022-08-01T19:57:21+00:00","mainEntityOfPage":{"@id":"https:\/\/www.estrategiaconcursos.com.br\/blog\/concurso-publico-editais-publicados-28-07-22\/"},"wordCount":281,"commentCount":0,"publisher":{"@id":"https:\/\/www.estrategiaconcursos.com.br\/blog\/#organization"},"image":{"@id":"https:\/\/www.estrategiaconcursos.com.br\/blog\/concurso-publico-editais-publicados-28-07-22\/#primaryimage"},"thumbnailUrl":"https:\/\/dhg1h5j42swfq.cloudfront.net\/2021\/08\/12154611\/editais-do-dia.jpg","articleSection":["Executivo (Administrativa)","Sa\u00fade","\u00daltimas not\u00edcias"],"inLanguage":"pt-BR","potentialAction":[{"@type":"CommentAction","name":"Comment","target":["https:\/\/www.estrategiaconcursos.com.br\/blog\/concurso-publico-editais-publicados-28-07-22\/#respond"]}],"copyrightYear":"2022","copyrightHolder":{"@id":"https:\/\/www.estrategiaconcursos.com.br\/blog\/#organization"}},{"@type":"WebPage","@id":"https:\/\/www.estrategiaconcursos.com.br\/blog\/concurso-publico-editais-publicados-28-07-22\/","url":"https:\/\/www.estrategiaconcursos.com.br\/blog\/concurso-publico-editais-publicados-28-07-22\/","name":"Concurso P\u00fablico: 02 editais foram publicados hoje (28\/07)","isPartOf":{"@id":"https:\/\/www.estrategiaconcursos.com.br\/blog\/#website"},"primaryImageOfPage":{"@id":"https:\/\/www.estrategiaconcursos.com.br\/blog\/concurso-publico-editais-publicados-28-07-22\/#primaryimage"},"image":{"@id":"https:\/\/www.estrategiaconcursos.com.br\/blog\/concurso-publico-editais-publicados-28-07-22\/#primaryimage"},"thumbnailUrl":"https:\/\/dhg1h5j42swfq.cloudfront.net\/2021\/08\/12154611\/editais-do-dia.jpg","datePublished":"2022-07-28T21:00:00+00:00","dateModified":"2022-08-01T19:57:21+00:00","description":"Concurso P\u00fablico 2022: 02 editais sa\u00edram nesta quinta-feira. Confira o n\u00famero de vagas, remunera\u00e7\u00e3o, principais datas e muito mais!","breadcrumb":{"@id":"https:\/\/www.estrategiaconcursos.com.br\/blog\/concurso-publico-editais-publicados-28-07-22\/#breadcrumb"},"inLanguage":"pt-BR","potentialAction":[{"@type":"ReadAction","target":["https:\/\/www.estrategiaconcursos.com.br\/blog\/concurso-publico-editais-publicados-28-07-22\/"]}]},{"@type":"ImageObject","inLanguage":"pt-BR","@id":"https:\/\/www.estrategiaconcursos.com.br\/blog\/concurso-publico-editais-publicados-28-07-22\/#primaryimage","url":"https:\/\/dhg1h5j42swfq.cloudfront.net\/2021\/08\/12154611\/editais-do-dia.jpg","contentUrl":"https:\/\/dhg1h5j42swfq.cloudfront.net\/2021\/08\/12154611\/editais-do-dia.jpg","width":767,"height":434,"caption":"Editais do dia"},{"@type":"BreadcrumbList","@id":"https:\/\/www.estrategiaconcursos.com.br\/blog\/concurso-publico-editais-publicados-28-07-22\/#breadcrumb","itemListElement":[{"@type":"ListItem","position":1,"name":"In\u00edcio","item":"https:\/\/www.estrategiaconcursos.com.br\/blog\/"},{"@type":"ListItem","position":2,"name":"Concurso P\u00fablico: 02 editais foram publicados hoje (28\/07)"}]},{"@type":"WebSite","@id":"https:\/\/www.estrategiaconcursos.com.br\/blog\/#website","url":"https:\/\/www.estrategiaconcursos.com.br\/blog\/","name":"Estrat\u00e9gia Concursos","description":"O blog da Estrat\u00e9gia Concursos traz not\u00edcias sobre concursos e artigos de professores oferecendo cursos para concursos (pdf + videaulas) no site.","publisher":{"@id":"https:\/\/www.estrategiaconcursos.com.br\/blog\/#organization"},"potentialAction":[{"@type":"SearchAction","target":{"@type":"EntryPoint","urlTemplate":"https:\/\/www.estrategiaconcursos.com.br\/blog\/?s={search_term_string}"},"query-input":{"@type":"PropertyValueSpecification","valueRequired":true,"valueName":"search_term_string"}}],"inLanguage":"pt-BR"},{"@type":"Organization","@id":"https:\/\/www.estrategiaconcursos.com.br\/blog\/#organization","name":"Estrat\u00e9gia Concursos","url":"https:\/\/www.estrategiaconcursos.com.br\/blog\/","logo":{"@type":"ImageObject","inLanguage":"pt-BR","@id":"https:\/\/www.estrategiaconcursos.com.br\/blog\/#\/schema\/logo\/image\/","url":"https:\/\/dhg1h5j42swfq.cloudfront.net\/2025\/06\/03203428\/logo_concursos-1.jpg","contentUrl":"https:\/\/dhg1h5j42swfq.cloudfront.net\/2025\/06\/03203428\/logo_concursos-1.jpg","width":230,"height":60,"caption":"Estrat\u00e9gia Concursos"},"image":{"@id":"https:\/\/www.estrategiaconcursos.com.br\/blog\/#\/schema\/logo\/image\/"},"sameAs":["https:\/\/x.com\/EstratConcursos"]},{"@type":"Person","@id":"https:\/\/www.estrategiaconcursos.com.br\/blog\/#\/schema\/person\/84ecdc6eb58d3cf1689bf76c5cd8fb38","name":"Camila Leite","image":{"@type":"ImageObject","inLanguage":"pt-BR","@id":"https:\/\/secure.gravatar.com\/avatar\/f2f8faef639c8a2bfb7fb909912a56917f4c3a0aed064500168e2fb8ea55cf61?s=96&d=mm&r=g","url":"https:\/\/secure.gravatar.com\/avatar\/f2f8faef639c8a2bfb7fb909912a56917f4c3a0aed064500168e2fb8ea55cf61?s=96&d=mm&r=g","contentUrl":"https:\/\/secure.gravatar.com\/avatar\/f2f8faef639c8a2bfb7fb909912a56917f4c3a0aed064500168e2fb8ea55cf61?s=96&d=mm&r=g","caption":"Camila Leite"},"description":"Formada em Design Gr\u00e1fico e em Propaganda e Marketing pela UNIP, integra a equipe de jornalismo do Estrat\u00e9gia Concursos desde 2018. Ao longo dos anos, construiu uma s\u00f3lida experi\u00eancia na produ\u00e7\u00e3o de conte\u00fado informativo e relevante para concurseiros. Desde 2020, atua na cobertura das \u00e1reas Fiscal \u2014 com \u00eanfase nas Secretarias de Fazenda (Sefaz) das regi\u00f5es Sul e Sudeste \u2014, al\u00e9m da cobertura de concursos federais, como CNU, Petrobras, CGU, Receita Federal, ag\u00eancias reguladoras (Anvisa, ANAC, entre outras) e INSS. Mant\u00e9m contato direto com os principais \u00f3rg\u00e3os p\u00fablicos, acompanhando editais, atualiza\u00e7\u00f5es e movimenta\u00e7\u00f5es importantes para os candidatos.","sameAs":["https:\/\/www.linkedin.com\/in\/camila-pinheiro-leite-9ba135b6\/"],"url":"https:\/\/www.estrategiaconcursos.com.br\/blog\/author\/camila-leiteestrategiaconcursos-com-br\/"}]}},"_links":{"self":[{"href":"https:\/\/www.estrategiaconcursos.com.br\/blog\/wp-json\/wp\/v2\/posts\/1068048","targetHints":{"allow":["GET"]}}],"collection":[{"href":"https:\/\/www.estrategiaconcursos.com.br\/blog\/wp-json\/wp\/v2\/posts"}],"about":[{"href":"https:\/\/www.estrategiaconcursos.com.br\/blog\/wp-json\/wp\/v2\/types\/post"}],"author":[{"embeddable":true,"href":"https:\/\/www.estrategiaconcursos.com.br\/blog\/wp-json\/wp\/v2\/users\/659"}],"replies":[{"embeddable":true,"href":"https:\/\/www.estrategiaconcursos.com.br\/blog\/wp-json\/wp\/v2\/comments?post=1068048"}],"version-history":[{"count":7,"href":"https:\/\/www.estrategiaconcursos.com.br\/blog\/wp-json\/wp\/v2\/posts\/1068048\/revisions"}],"predecessor-version":[{"id":1069160,"href":"https:\/\/www.estrategiaconcursos.com.br\/blog\/wp-json\/wp\/v2\/posts\/1068048\/revisions\/1069160"}],"wp:featuredmedia":[{"embeddable":true,"href":"https:\/\/www.estrategiaconcursos.com.br\/blog\/wp-json\/wp\/v2\/media\/834708"}],"wp:attachment":[{"href":"https:\/\/www.estrategiaconcursos.com.br\/blog\/wp-json\/wp\/v2\/media?parent=1068048"}],"wp:term":[{"taxonomy":"category","embeddable":true,"href":"https:\/\/www.estrategiaconcursos.com.br\/blog\/wp-json\/wp\/v2\/categories?post=1068048"},{"taxonomy":"post_tag","embeddable":true,"href":"https:\/\/www.estrategiaconcursos.com.br\/blog\/wp-json\/wp\/v2\/tags?post=1068048"},{"taxonomy":"tax_estado","embeddable":true,"href":"https:\/\/www.estrategiaconcursos.com.br\/blog\/wp-json\/wp\/v2\/tax_estado?post=1068048"}],"curies":[{"name":"wp","href":"https:\/\/api.w.org\/{rel}","templated":true}]}}