{"id":106797,"date":"2018-02-18T11:35:08","date_gmt":"2018-02-18T14:35:08","guid":{"rendered":"https:\/\/www.estrategiaconcursos.com.br\/blog\/?p=106797"},"modified":"2018-02-18T19:15:03","modified_gmt":"2018-02-18T22:15:03","slug":"discursiva-sumula-vinculante-23-do-stf","status":"publish","type":"post","link":"https:\/\/www.estrategiaconcursos.com.br\/blog\/discursiva-sumula-vinculante-23-do-stf\/","title":{"rendered":"Discursiva &#8211; S\u00famula Vinculante 23 do STF"},"content":{"rendered":"<p style=\"text-align: justify\"><strong><img loading=\"lazy\" decoding=\"async\" class=\"alignnone size-medium wp-image-105560\" src=\"https:\/\/dhg1h5j42swfq.cloudfront.net\/2018\/02\/07094526\/pr%C3%AAmio-espirito-p%C3%BAblico.jpg\" alt=\"\" width=\"300\" height=\"150\" srcset=\"https:\/\/dhg1h5j42swfq.cloudfront.net\/2018\/02\/07094526\/pr%C3%AAmio-espirito-p%C3%BAblico.jpg 600w, https:\/\/dhg1h5j42swfq.cloudfront.net\/2018\/02\/07094526\/pr%C3%AAmio-espirito-p%C3%BAblico.jpg 300w\" sizes=\"auto, (max-width: 300px) 100vw, 300px\" \/><\/strong><\/p>\n<p style=\"text-align: justify\"><strong>Quest\u00e3o (FGV):<\/strong> O Banco \u00d4mega S.A. ajuizou a\u00e7\u00e3o de interdito proibit\u00f3rio em face do Sindicato dos Banc\u00e1rios de determinado Munic\u00edpio, nos termos do artigo 932 do CPC, postulando a expedi\u00e7\u00e3o de mandado proibit\u00f3rio, para obrigar o r\u00e9u a suspender ou a n\u00e3o mais praticar, durante a realiza\u00e7\u00e3o de movimento paredista, atos destinados a molestar a posse mansa e pac\u00edfica do autor sobre os im\u00f3veis de sua propriedade, com a retirada de pessoas, ve\u00edculos, cavaletes, correntes, cadeados, faixas e objetos que impe\u00e7am a entrada de qualquer empregado ao local de trabalho, abstendo-se, tamb\u00e9m, de realizar piquetes com utiliza\u00e7\u00e3o de aparelhos de som, sob pena de aplica\u00e7\u00e3o de multa di\u00e1ria no valor de R$ 10.000,00 (dez mil reais), por ag\u00eancia. Em contesta\u00e7\u00e3o, o sindicato-r\u00e9u sustentou que a realiza\u00e7\u00e3o de piquetes decorre do leg\u00edtimo exerc\u00edcio do direito de greve assegurado pelo artigo 9\u00ba da Constitui\u00e7\u00e3o da Rep\u00fablica e que o fechamento das ag\u00eancias banc\u00e1rias visa a garantir a ades\u00e3o de todos os empregados ao movimento grevista.<\/p>\n<p style=\"text-align: justify\">Com base na situa\u00e7\u00e3o hipot\u00e9tica, responda aos itens a seguir, empregando os argumentos jur\u00eddicos apropriados e a fundamenta\u00e7\u00e3o legal pertinente ao caso.<\/p>\n<p style=\"text-align: justify\">a) Qual ser\u00e1 a Justi\u00e7a competente para julgar essa a\u00e7\u00e3o de interdito proibit\u00f3rio?<\/p>\n<p style=\"text-align: justify\">b) Durante a greve, \u00e9 l\u00edcita a realiza\u00e7\u00e3o de piquetes pelo Sindicato com utiliza\u00e7\u00e3o de carros de som?<\/p>\n<p style=\"text-align: justify\">c) Procede a pretens\u00e3o veiculada na a\u00e7\u00e3o no sentido de que o r\u00e9u se abstenha de impedir o acesso dos empregados \u00e0s ag\u00eancias banc\u00e1rias?<\/p>\n<p style=\"text-align: justify\"><span style=\"color: #ff0000\"><strong>Coment\u00e1rios:<\/strong> <\/span>O artigo 114, inciso II, da Constitui\u00e7\u00e3o Federal estabelece quem compete \u00e0 Justi\u00e7a do Trabalho processar e julgar as a\u00e7\u00f5es que envolvam exerc\u00edcio do direito de greve.<\/p>\n<p style=\"text-align: justify\">A S\u00famula Vinculante 23 do STF disp\u00f5e que a Justi\u00e7a do Trabalho \u00e9 competente para processar e julgar a\u00e7\u00e3o possess\u00f3ria ajuizada em decorr\u00eancia do exerc\u00edcio do direito de greve pelos trabalhadores da iniciativa privada.<\/p>\n<p style=\"text-align: justify\">O interdito proibit\u00f3rio, que consiste em modalidade de a\u00e7\u00e3o possess\u00f3ria, foi ajuizado em raz\u00e3o do movimento grevista deflagrado por categoria profissional do setor privado. Portanto, a compet\u00eancia para julgamento \u00e9 da Justi\u00e7a do Trabalho, com fundamento no artigo 114, inciso II, da CRFB\/88, ou na S\u00famula Vinculante n\u00ba 23 do STF.<\/p>\n<p style=\"text-align: justify\">O fundamento legal para responder a letra \u201cb\u201d \u00e9 o artigo 6\u00ba, I, da Lei 7.783\/89, que assegura aos grevistas o emprego de meios pac\u00edficos tendentes a persuadir ou aliciar os trabalhadores a aderirem \u00e0 greve.<\/p>\n<p style=\"text-align: justify\">A realiza\u00e7\u00e3o de piquetes com utiliza\u00e7\u00e3o de carros de som \u00e9 permitida pela ordem jur\u00eddica, como meio pac\u00edfico tendente a persuadir ou aliciar os trabalhadores para aderirem ao movimento. \u00a0Ao passo que a pr\u00e1tica de atos de viol\u00eancia moral e\/ou material que possam vir a constranger direitos e garantias fundamentais de outrem n\u00e3o s\u00e3o permitidos, conforme o artigo 6\u00ba, \u00a71\u00ba, da Lei 7.783\/89.<\/p>\n<p style=\"text-align: justify\">O artigo 6\u00ba, I, da Lei 7.783\/89 assegura aos grevistas o emprego de meios pac\u00edficos tendentes a persuadir ou aliciar os trabalhadores a aderirem \u00e0 greve.<\/p>\n<p style=\"text-align: justify\">O acesso ao trabalho n\u00e3o poder\u00e1 ser impedido. Portanto, procede a pretens\u00e3o porque as manifesta\u00e7\u00f5es e atos de persuas\u00e3o utilizados pelos grevistas n\u00e3o podem impedir o acesso ao trabalho nem causar amea\u00e7a ou dano \u00e0 propriedade ou \u00e0 pessoa, nos termos do artigo 6\u00ba, \u00a73\u00ba, da Lei 7.783\/89.<\/p>\n<p>Por hoje \u00e9 s\u00f3!<\/p>\n<p>Um forte abra\u00e7o,<\/p>\n<p>D\u00e9borah Paiva<\/p>\n","protected":false},"excerpt":{"rendered":"<p>Quest\u00e3o (FGV): O Banco \u00d4mega S.A. ajuizou a\u00e7\u00e3o de interdito proibit\u00f3rio em face do Sindicato dos Banc\u00e1rios de determinado Munic\u00edpio, nos termos do artigo 932 do CPC, postulando a expedi\u00e7\u00e3o de mandado proibit\u00f3rio, para obrigar o r\u00e9u a suspender ou a n\u00e3o mais praticar, durante a realiza\u00e7\u00e3o de movimento paredista, atos destinados a molestar a [&hellip;]<\/p>\n","protected":false},"author":408,"featured_media":0,"comment_status":"open","ping_status":"closed","sticky":false,"template":"","format":"standard","meta":{"post_tipo":"article","footnotes":""},"categories":[1,2185,1984],"tags":[],"tax_estado":[],"class_list":["post-106797","post","type-post","status-publish","format-standard","hentry","category-cursos-e-concursos","category-carreiras-juridicas","category-tribunais"],"acf":[],"yoast_head":"<!-- This site is optimized with the Yoast SEO Premium plugin v27.2 (Yoast SEO v27.2) - https:\/\/yoast.com\/product\/yoast-seo-premium-wordpress\/ -->\n<title>Discursiva - S\u00famula Vinculante 23 do STF<\/title>\n<meta name=\"robots\" content=\"index, follow, max-snippet:-1, max-image-preview:large, max-video-preview:-1\" \/>\n<link rel=\"canonical\" href=\"https:\/\/www.estrategiaconcursos.com.br\/blog\/discursiva-sumula-vinculante-23-do-stf\/\" \/>\n<meta property=\"og:locale\" content=\"pt_BR\" \/>\n<meta property=\"og:type\" content=\"article\" \/>\n<meta property=\"og:title\" content=\"Discursiva - S\u00famula Vinculante 23 do STF\" \/>\n<meta property=\"og:description\" content=\"Quest\u00e3o (FGV): O Banco \u00d4mega S.A. ajuizou a\u00e7\u00e3o de interdito proibit\u00f3rio em face do Sindicato dos Banc\u00e1rios de determinado Munic\u00edpio, nos termos do artigo 932 do CPC, postulando a expedi\u00e7\u00e3o de mandado proibit\u00f3rio, para obrigar o r\u00e9u a suspender ou a n\u00e3o mais praticar, durante a realiza\u00e7\u00e3o de movimento paredista, atos destinados a molestar a [&hellip;]\" \/>\n<meta property=\"og:url\" content=\"https:\/\/www.estrategiaconcursos.com.br\/blog\/discursiva-sumula-vinculante-23-do-stf\/\" \/>\n<meta property=\"og:site_name\" content=\"Estrat\u00e9gia Concursos\" \/>\n<meta property=\"article:published_time\" content=\"2018-02-18T14:35:08+00:00\" \/>\n<meta property=\"article:modified_time\" content=\"2018-02-18T22:15:03+00:00\" \/>\n<meta name=\"author\" content=\"Deborah Paiva\" \/>\n<meta name=\"twitter:card\" content=\"summary_large_image\" \/>\n<meta name=\"twitter:creator\" content=\"@EstratConcursos\" \/>\n<meta name=\"twitter:site\" content=\"@EstratConcursos\" \/>\n<meta name=\"twitter:label1\" content=\"Escrito por\" \/>\n\t<meta name=\"twitter:data1\" content=\"Deborah Paiva\" \/>\n\t<meta name=\"twitter:label2\" content=\"Est. tempo de leitura\" \/>\n\t<meta name=\"twitter:data2\" content=\"3 minutos\" \/>\n<script type=\"application\/ld+json\" class=\"yoast-schema-graph\">{\"@context\":\"https:\/\/schema.org\",\"@graph\":[{\"@type\":\"NewsArticle\",\"@id\":\"https:\/\/www.estrategiaconcursos.com.br\/blog\/discursiva-sumula-vinculante-23-do-stf\/#article\",\"isPartOf\":{\"@id\":\"https:\/\/www.estrategiaconcursos.com.br\/blog\/discursiva-sumula-vinculante-23-do-stf\/\"},\"author\":{\"name\":\"Deborah Paiva\",\"@id\":\"https:\/\/www.estrategiaconcursos.com.br\/blog\/#\/schema\/person\/020032288bda52ebb06d54bdf1fec7ee\"},\"headline\":\"Discursiva &#8211; S\u00famula Vinculante 23 do STF\",\"datePublished\":\"2018-02-18T14:35:08+00:00\",\"dateModified\":\"2018-02-18T22:15:03+00:00\",\"mainEntityOfPage\":{\"@id\":\"https:\/\/www.estrategiaconcursos.com.br\/blog\/discursiva-sumula-vinculante-23-do-stf\/\"},\"wordCount\":597,\"commentCount\":5,\"publisher\":{\"@id\":\"https:\/\/www.estrategiaconcursos.com.br\/blog\/#organization\"},\"articleSection\":[\"Concursos P\u00fablicos\",\"Jur\u00eddico\",\"Tribunais\"],\"inLanguage\":\"pt-BR\",\"potentialAction\":[{\"@type\":\"CommentAction\",\"name\":\"Comment\",\"target\":[\"https:\/\/www.estrategiaconcursos.com.br\/blog\/discursiva-sumula-vinculante-23-do-stf\/#respond\"]}],\"copyrightYear\":\"2018\",\"copyrightHolder\":{\"@id\":\"https:\/\/www.estrategiaconcursos.com.br\/blog\/#organization\"}},{\"@type\":\"WebPage\",\"@id\":\"https:\/\/www.estrategiaconcursos.com.br\/blog\/discursiva-sumula-vinculante-23-do-stf\/\",\"url\":\"https:\/\/www.estrategiaconcursos.com.br\/blog\/discursiva-sumula-vinculante-23-do-stf\/\",\"name\":\"Discursiva - S\u00famula Vinculante 23 do STF\",\"isPartOf\":{\"@id\":\"https:\/\/www.estrategiaconcursos.com.br\/blog\/#website\"},\"datePublished\":\"2018-02-18T14:35:08+00:00\",\"dateModified\":\"2018-02-18T22:15:03+00:00\",\"breadcrumb\":{\"@id\":\"https:\/\/www.estrategiaconcursos.com.br\/blog\/discursiva-sumula-vinculante-23-do-stf\/#breadcrumb\"},\"inLanguage\":\"pt-BR\",\"potentialAction\":[{\"@type\":\"ReadAction\",\"target\":[\"https:\/\/www.estrategiaconcursos.com.br\/blog\/discursiva-sumula-vinculante-23-do-stf\/\"]}]},{\"@type\":\"BreadcrumbList\",\"@id\":\"https:\/\/www.estrategiaconcursos.com.br\/blog\/discursiva-sumula-vinculante-23-do-stf\/#breadcrumb\",\"itemListElement\":[{\"@type\":\"ListItem\",\"position\":1,\"name\":\"In\u00edcio\",\"item\":\"https:\/\/www.estrategiaconcursos.com.br\/blog\/\"},{\"@type\":\"ListItem\",\"position\":2,\"name\":\"Discursiva &#8211; S\u00famula Vinculante 23 do STF\"}]},{\"@type\":\"WebSite\",\"@id\":\"https:\/\/www.estrategiaconcursos.com.br\/blog\/#website\",\"url\":\"https:\/\/www.estrategiaconcursos.com.br\/blog\/\",\"name\":\"Estrat\u00e9gia Concursos\",\"description\":\"O blog da Estrat\u00e9gia Concursos traz not\u00edcias sobre concursos e artigos de professores oferecendo cursos para concursos (pdf + videaulas) no site.\",\"publisher\":{\"@id\":\"https:\/\/www.estrategiaconcursos.com.br\/blog\/#organization\"},\"potentialAction\":[{\"@type\":\"SearchAction\",\"target\":{\"@type\":\"EntryPoint\",\"urlTemplate\":\"https:\/\/www.estrategiaconcursos.com.br\/blog\/?s={search_term_string}\"},\"query-input\":{\"@type\":\"PropertyValueSpecification\",\"valueRequired\":true,\"valueName\":\"search_term_string\"}}],\"inLanguage\":\"pt-BR\"},{\"@type\":\"Organization\",\"@id\":\"https:\/\/www.estrategiaconcursos.com.br\/blog\/#organization\",\"name\":\"Estrat\u00e9gia Concursos\",\"url\":\"https:\/\/www.estrategiaconcursos.com.br\/blog\/\",\"logo\":{\"@type\":\"ImageObject\",\"inLanguage\":\"pt-BR\",\"@id\":\"https:\/\/www.estrategiaconcursos.com.br\/blog\/#\/schema\/logo\/image\/\",\"url\":\"https:\/\/dhg1h5j42swfq.cloudfront.net\/2025\/06\/03203428\/logo_concursos-1.jpg\",\"contentUrl\":\"https:\/\/dhg1h5j42swfq.cloudfront.net\/2025\/06\/03203428\/logo_concursos-1.jpg\",\"width\":230,\"height\":60,\"caption\":\"Estrat\u00e9gia Concursos\"},\"image\":{\"@id\":\"https:\/\/www.estrategiaconcursos.com.br\/blog\/#\/schema\/logo\/image\/\"},\"sameAs\":[\"https:\/\/x.com\/EstratConcursos\"]},{\"@type\":\"Person\",\"@id\":\"https:\/\/www.estrategiaconcursos.com.br\/blog\/#\/schema\/person\/020032288bda52ebb06d54bdf1fec7ee\",\"name\":\"Deborah Paiva\",\"image\":{\"@type\":\"ImageObject\",\"inLanguage\":\"pt-BR\",\"@id\":\"https:\/\/secure.gravatar.com\/avatar\/a8272e1eb549c3fc129f06cc1c756a4dd7cf153c3cca338cd23580febd4d9d84?s=96&d=mm&r=g\",\"url\":\"https:\/\/secure.gravatar.com\/avatar\/a8272e1eb549c3fc129f06cc1c756a4dd7cf153c3cca338cd23580febd4d9d84?s=96&d=mm&r=g\",\"contentUrl\":\"https:\/\/secure.gravatar.com\/avatar\/a8272e1eb549c3fc129f06cc1c756a4dd7cf153c3cca338cd23580febd4d9d84?s=96&d=mm&r=g\",\"caption\":\"Deborah Paiva\"},\"url\":\"https:\/\/www.estrategiaconcursos.com.br\/blog\/author\/deborahpaivaestrategiaconcursos-com-br\/\"}]}<\/script>\n<!-- \/ Yoast SEO Premium plugin. -->","yoast_head_json":{"title":"Discursiva - S\u00famula Vinculante 23 do STF","robots":{"index":"index","follow":"follow","max-snippet":"max-snippet:-1","max-image-preview":"max-image-preview:large","max-video-preview":"max-video-preview:-1"},"canonical":"https:\/\/www.estrategiaconcursos.com.br\/blog\/discursiva-sumula-vinculante-23-do-stf\/","og_locale":"pt_BR","og_type":"article","og_title":"Discursiva - S\u00famula Vinculante 23 do STF","og_description":"Quest\u00e3o (FGV): O Banco \u00d4mega S.A. ajuizou a\u00e7\u00e3o de interdito proibit\u00f3rio em face do Sindicato dos Banc\u00e1rios de determinado Munic\u00edpio, nos termos do artigo 932 do CPC, postulando a expedi\u00e7\u00e3o de mandado proibit\u00f3rio, para obrigar o r\u00e9u a suspender ou a n\u00e3o mais praticar, durante a realiza\u00e7\u00e3o de movimento paredista, atos destinados a molestar a [&hellip;]","og_url":"https:\/\/www.estrategiaconcursos.com.br\/blog\/discursiva-sumula-vinculante-23-do-stf\/","og_site_name":"Estrat\u00e9gia Concursos","article_published_time":"2018-02-18T14:35:08+00:00","article_modified_time":"2018-02-18T22:15:03+00:00","author":"Deborah Paiva","twitter_card":"summary_large_image","twitter_creator":"@EstratConcursos","twitter_site":"@EstratConcursos","twitter_misc":{"Escrito por":"Deborah Paiva","Est. tempo de leitura":"3 minutos"},"schema":{"@context":"https:\/\/schema.org","@graph":[{"@type":"NewsArticle","@id":"https:\/\/www.estrategiaconcursos.com.br\/blog\/discursiva-sumula-vinculante-23-do-stf\/#article","isPartOf":{"@id":"https:\/\/www.estrategiaconcursos.com.br\/blog\/discursiva-sumula-vinculante-23-do-stf\/"},"author":{"name":"Deborah Paiva","@id":"https:\/\/www.estrategiaconcursos.com.br\/blog\/#\/schema\/person\/020032288bda52ebb06d54bdf1fec7ee"},"headline":"Discursiva &#8211; S\u00famula Vinculante 23 do STF","datePublished":"2018-02-18T14:35:08+00:00","dateModified":"2018-02-18T22:15:03+00:00","mainEntityOfPage":{"@id":"https:\/\/www.estrategiaconcursos.com.br\/blog\/discursiva-sumula-vinculante-23-do-stf\/"},"wordCount":597,"commentCount":5,"publisher":{"@id":"https:\/\/www.estrategiaconcursos.com.br\/blog\/#organization"},"articleSection":["Concursos P\u00fablicos","Jur\u00eddico","Tribunais"],"inLanguage":"pt-BR","potentialAction":[{"@type":"CommentAction","name":"Comment","target":["https:\/\/www.estrategiaconcursos.com.br\/blog\/discursiva-sumula-vinculante-23-do-stf\/#respond"]}],"copyrightYear":"2018","copyrightHolder":{"@id":"https:\/\/www.estrategiaconcursos.com.br\/blog\/#organization"}},{"@type":"WebPage","@id":"https:\/\/www.estrategiaconcursos.com.br\/blog\/discursiva-sumula-vinculante-23-do-stf\/","url":"https:\/\/www.estrategiaconcursos.com.br\/blog\/discursiva-sumula-vinculante-23-do-stf\/","name":"Discursiva - S\u00famula Vinculante 23 do STF","isPartOf":{"@id":"https:\/\/www.estrategiaconcursos.com.br\/blog\/#website"},"datePublished":"2018-02-18T14:35:08+00:00","dateModified":"2018-02-18T22:15:03+00:00","breadcrumb":{"@id":"https:\/\/www.estrategiaconcursos.com.br\/blog\/discursiva-sumula-vinculante-23-do-stf\/#breadcrumb"},"inLanguage":"pt-BR","potentialAction":[{"@type":"ReadAction","target":["https:\/\/www.estrategiaconcursos.com.br\/blog\/discursiva-sumula-vinculante-23-do-stf\/"]}]},{"@type":"BreadcrumbList","@id":"https:\/\/www.estrategiaconcursos.com.br\/blog\/discursiva-sumula-vinculante-23-do-stf\/#breadcrumb","itemListElement":[{"@type":"ListItem","position":1,"name":"In\u00edcio","item":"https:\/\/www.estrategiaconcursos.com.br\/blog\/"},{"@type":"ListItem","position":2,"name":"Discursiva &#8211; S\u00famula Vinculante 23 do STF"}]},{"@type":"WebSite","@id":"https:\/\/www.estrategiaconcursos.com.br\/blog\/#website","url":"https:\/\/www.estrategiaconcursos.com.br\/blog\/","name":"Estrat\u00e9gia Concursos","description":"O blog da Estrat\u00e9gia Concursos traz not\u00edcias sobre concursos e artigos de professores oferecendo cursos para concursos (pdf + videaulas) no site.","publisher":{"@id":"https:\/\/www.estrategiaconcursos.com.br\/blog\/#organization"},"potentialAction":[{"@type":"SearchAction","target":{"@type":"EntryPoint","urlTemplate":"https:\/\/www.estrategiaconcursos.com.br\/blog\/?s={search_term_string}"},"query-input":{"@type":"PropertyValueSpecification","valueRequired":true,"valueName":"search_term_string"}}],"inLanguage":"pt-BR"},{"@type":"Organization","@id":"https:\/\/www.estrategiaconcursos.com.br\/blog\/#organization","name":"Estrat\u00e9gia Concursos","url":"https:\/\/www.estrategiaconcursos.com.br\/blog\/","logo":{"@type":"ImageObject","inLanguage":"pt-BR","@id":"https:\/\/www.estrategiaconcursos.com.br\/blog\/#\/schema\/logo\/image\/","url":"https:\/\/dhg1h5j42swfq.cloudfront.net\/2025\/06\/03203428\/logo_concursos-1.jpg","contentUrl":"https:\/\/dhg1h5j42swfq.cloudfront.net\/2025\/06\/03203428\/logo_concursos-1.jpg","width":230,"height":60,"caption":"Estrat\u00e9gia Concursos"},"image":{"@id":"https:\/\/www.estrategiaconcursos.com.br\/blog\/#\/schema\/logo\/image\/"},"sameAs":["https:\/\/x.com\/EstratConcursos"]},{"@type":"Person","@id":"https:\/\/www.estrategiaconcursos.com.br\/blog\/#\/schema\/person\/020032288bda52ebb06d54bdf1fec7ee","name":"Deborah Paiva","image":{"@type":"ImageObject","inLanguage":"pt-BR","@id":"https:\/\/secure.gravatar.com\/avatar\/a8272e1eb549c3fc129f06cc1c756a4dd7cf153c3cca338cd23580febd4d9d84?s=96&d=mm&r=g","url":"https:\/\/secure.gravatar.com\/avatar\/a8272e1eb549c3fc129f06cc1c756a4dd7cf153c3cca338cd23580febd4d9d84?s=96&d=mm&r=g","contentUrl":"https:\/\/secure.gravatar.com\/avatar\/a8272e1eb549c3fc129f06cc1c756a4dd7cf153c3cca338cd23580febd4d9d84?s=96&d=mm&r=g","caption":"Deborah Paiva"},"url":"https:\/\/www.estrategiaconcursos.com.br\/blog\/author\/deborahpaivaestrategiaconcursos-com-br\/"}]}},"_links":{"self":[{"href":"https:\/\/www.estrategiaconcursos.com.br\/blog\/wp-json\/wp\/v2\/posts\/106797","targetHints":{"allow":["GET"]}}],"collection":[{"href":"https:\/\/www.estrategiaconcursos.com.br\/blog\/wp-json\/wp\/v2\/posts"}],"about":[{"href":"https:\/\/www.estrategiaconcursos.com.br\/blog\/wp-json\/wp\/v2\/types\/post"}],"author":[{"embeddable":true,"href":"https:\/\/www.estrategiaconcursos.com.br\/blog\/wp-json\/wp\/v2\/users\/408"}],"replies":[{"embeddable":true,"href":"https:\/\/www.estrategiaconcursos.com.br\/blog\/wp-json\/wp\/v2\/comments?post=106797"}],"version-history":[{"count":2,"href":"https:\/\/www.estrategiaconcursos.com.br\/blog\/wp-json\/wp\/v2\/posts\/106797\/revisions"}],"predecessor-version":[{"id":106803,"href":"https:\/\/www.estrategiaconcursos.com.br\/blog\/wp-json\/wp\/v2\/posts\/106797\/revisions\/106803"}],"wp:attachment":[{"href":"https:\/\/www.estrategiaconcursos.com.br\/blog\/wp-json\/wp\/v2\/media?parent=106797"}],"wp:term":[{"taxonomy":"category","embeddable":true,"href":"https:\/\/www.estrategiaconcursos.com.br\/blog\/wp-json\/wp\/v2\/categories?post=106797"},{"taxonomy":"post_tag","embeddable":true,"href":"https:\/\/www.estrategiaconcursos.com.br\/blog\/wp-json\/wp\/v2\/tags?post=106797"},{"taxonomy":"tax_estado","embeddable":true,"href":"https:\/\/www.estrategiaconcursos.com.br\/blog\/wp-json\/wp\/v2\/tax_estado?post=106797"}],"curies":[{"name":"wp","href":"https:\/\/api.w.org\/{rel}","templated":true}]}}