{"id":1067841,"date":"2022-07-29T09:00:00","date_gmt":"2022-07-29T12:00:00","guid":{"rendered":"https:\/\/www.estrategiaconcursos.com.br\/blog\/?p=1067841"},"modified":"2022-07-29T09:30:05","modified_gmt":"2022-07-29T12:30:05","slug":"concurso-tse-unificado-ultima-prova","status":"publish","type":"post","link":"https:\/\/www.estrategiaconcursos.com.br\/blog\/concurso-tse-unificado-ultima-prova\/","title":{"rendered":"Concurso TSE unificado: veja informa\u00e7\u00f5es da \u00faltima prova!"},"content":{"rendered":"\n<p>O <strong>TSE<\/strong>&nbsp;(<a href=\"https:\/\/www.estrategiaconcursos.com.br\/cursosPorConcurso\/tribunal-superior-eleitoral-tse-servidores\/\" target=\"_blank\" rel=\"noreferrer noopener\">Tribunal Superior Eleitoral<\/a>) est\u00e1 trabalhando no levantamento de vagas para realizar o novo concurso unificado, e para que voc\u00ea se prepare, elaboramos este artigo com as informa\u00e7\u00f5es da \u00faltima prova centralizada promovida pelo \u00f3rg\u00e3o.<\/p>\n\n\n\n<p>O Tribunal encaminhou of\u00edcios aos Tribunais Regionais Eleitorais (<strong>TREs<\/strong>) para prosseguir com os tr\u00e2mites do concurso unificado, e o edital atualmente conta com o o pedido de participa\u00e7\u00e3o de, pelo menos, 13 \u00f3rg\u00e3os.<\/p>\n\n\n\n<p>A publica\u00e7\u00e3o do documento e realiza\u00e7\u00e3o da sele\u00e7\u00e3o unificada est\u00e3o previstas para 2023, e visa ofertar vagas nos cargos de Analista e T\u00e9cnico Judici\u00e1rio, de n\u00edveis m\u00e9dio e superior de escolaridade.<\/p>\n\n\n\n<p>Segundo o \u00faltimo levantamento dispon\u00edvel no Portal de Transpar\u00eancia do <a href=\"https:\/\/www.tse.jus.br\/\" target=\"_blank\" rel=\"noreferrer noopener\">TSE<\/a>, os sal\u00e1rios iniciais dos cargos previstos variam entre <strong>R$ 7.591,37<\/strong> a <strong>R$ 12.544,76<\/strong>!<\/p>\n\n\n\n<p>O \u00faltimo certame unificado do \u00f3rg\u00e3o foi realizado em 2007, e ofereceu vagas no TRE RJ, TRE RO, TRE AC e TRE RR. Na \u00e9poca, 190 mil candidatos se inscreveram.<\/p>\n\n\n\n<h2 class=\"wp-block-heading\" id=\"h-concurso-tse-unificado-ultima-etapa-de-provas\">Concurso TSE Unificado: \u00faltima etapa de provas<\/h2>\n\n\n\n<p>Os candidatos foram avaliados por meio de prova objetiva, para todos os cargos, e provas discursivas e de t\u00edtulos para candidatos de n\u00edvel superior.<\/p>\n\n\n\n<h3 class=\"wp-block-heading\" id=\"prova-objetiva\">Prova Objetiva<\/h3>\n\n\n\n<p>A prova objetiva foi composta por 30 quest\u00f5es de conhecimentos b\u00e1sicos, e 50 de conhecimentos espec\u00edficos para todos os cargos.<\/p>\n\n\n\n<p>A etapa foi realizada em 2006 nas capitais dos estados que contaram com vagas no edital, al\u00e9m do Distrito Federal, no caso das oportunidades para o TSE.<\/p>\n\n\n\n<p>O <strong>conte\u00fado program\u00e1tico<\/strong> se dividiu conforme a especialidade e escolaridade do cargo pretendido, sendo:<\/p>\n\n\n\n<p><strong>Conhecimentos b\u00e1sicos<\/strong> <\/p>\n\n\n\n<ul class=\"wp-block-list\"><li><strong>L\u00edngua Portuguesa<\/strong> <strong>&#8211; para todos os cargos<\/strong><ul><li>Compreens\u00e3o e interpreta\u00e7\u00e3o de textos.<\/li><li>Tipologia textual.<\/li><li>Ortografia oficial.<\/li><li>Acentua\u00e7\u00e3o gr\u00e1fica.<\/li><li>Emprego das classes de palavras.<\/li><li>Emprego do sinal indicativo de crase.<\/li><li>Sintaxe da ora\u00e7\u00e3o e do per\u00edodo.<\/li><li>Pontua\u00e7\u00e3o.<\/li><li>Concord\u00e2ncia nominal e verbal.<\/li><li>Reg\u00eancia nominal e verbal.<\/li><li>Significa\u00e7\u00e3o das palavras.<\/li><li>Reda\u00e7\u00e3o de correspond\u00eancias oficiais.<\/li><\/ul><\/li><\/ul>\n\n\n\n<ul class=\"wp-block-list\"><li><strong>No\u00e7\u00f5es de Inform\u00e1tica<\/strong> \u2013 <strong>para todos os cargos<\/strong><ul><li>Microsoft Office: Word 2002, Excel 2002 e Power Point 2002.<\/li><li>Conceitos e tecnologias relacionados \u00e0 Internet e a Correio Eletr\u00f4nico.<\/li><li>Internet Explorer 6 e Outlook Express 6.<\/li><\/ul><\/li><\/ul>\n\n\n\n<ul class=\"wp-block-list\"><li><strong>No\u00e7\u00f5es de Direito Administrativo <\/strong>\u2013 para todos os cargos, exceto analista judici\u00e1rio \u2013 \u00e1reas judici\u00e1ria e administrativa e para t\u00e9cnico judici\u00e1rio \u2013 \u00e1rea administrativa.<ul><li>Princ\u00edpios do Direito Administrativo.<\/li><li>Administra\u00e7\u00e3o direta e indireta.<\/li><li>\u00d3rg\u00e3os p\u00fablicos.<\/li><li>Agentes P\u00fablicos.<\/li><li>Ato administrativo.<\/li><li>Poderes e deveres dos administradores p\u00fablicos.<\/li><li>Uso e abuso do poder.<\/li><li>Responsabilidade Civil do Estado: aplica\u00e7\u00e3o da responsabilidade objetiva.<\/li><li>Interven\u00e7\u00e3o do Estado na propriedade.<\/li><li>Controle da administra\u00e7\u00e3o p\u00fablica.<\/li><li>Bens p\u00fablicos.<\/li><li>Servi\u00e7os p\u00fablicos.<\/li><\/ul><\/li><li><strong>Arquivologia <\/strong>\u2013 somente para o cargo de t\u00e9cnico judici\u00e1rio \u2013 \u00e1rea administrativa.<ul><li>Conceitos Iniciais de Arquivologia (o que \u00e9 arquivo, arquivo p\u00fablico, arquivo privado).<\/li><li>Diferen\u00e7as entre arquivos, museus, bibliotecas e centros de documenta\u00e7\u00e3o.<\/li><li>Princ\u00edpios Arquiv\u00edsticos.<\/li><li>Classifica\u00e7\u00e3o dos arquivos.<\/li><li>Fun\u00e7\u00f5es Arquiv\u00edsticas.<\/li><li>Gest\u00e3o de Documentos.<\/li><li>Avalia\u00e7\u00e3o de documentos: plano de classifica\u00e7\u00e3o, tabela de temporalidade e elimina\u00e7\u00e3o de documentos.<\/li><li>Protocolo.<\/li><li>Diagn\u00f3stico.<\/li><li>Microfilmagem e Automa\u00e7\u00e3o.<\/li><li>Conserva\u00e7\u00e3o, Preserva\u00e7\u00e3o e Restaura\u00e7\u00e3o.<\/li><li>Legisla\u00e7\u00e3o Arquiv\u00edstica (Lei n\u00ba 12.527\/2011 e Lei n\u00ba 8.159\/91).<\/li><li>An\u00e1lise Tipol\u00f3gica e An\u00e1lise Diplom\u00e1tica de Documentos de Arquivo.<\/li><li>Pol\u00edticas de acesso aos documentos de arquivo.<\/li><li>Pol\u00edticas P\u00fablicas de Arquivo.<\/li><li>Normas de Descri\u00e7\u00e3o Arquiv\u00edstica.<\/li><li>Sistemas e Redes de Arquivo.<\/li><li>Documentos Digitais: requisitos e metadados.<\/li><li>Sistema Informatizado de Gest\u00e3o Arquiv\u00edstica de Documentos (SIGAD) e- ARQ Brasil \u2013 Modelo de Requisitos para SIGAD.<\/li><\/ul><\/li><\/ul>\n\n\n\n<ul class=\"wp-block-list\"><li><strong>No\u00e7\u00f5es de Direito Constitucional<\/strong> \u2013 para todos os cargos, exceto analista judici\u00e1rio \u2013 \u00e1reas judici\u00e1ria e administrativa e para t\u00e9cnico judici\u00e1rio \u2013 \u00e1rea administrativa.<ul><li>Os princ\u00edpios fundamentais (T\u00edtulo I \u2013 arts. 1.\u00ba ao 4.\u00ba);<\/li><li>Os direitos e garantias fundamentais (T\u00edtulo II):<ul><li>dos direitos e deveres individuais e coletivos (art. 5.\u00ba);<\/li><li>da nacionalidade (art. 12);<\/li><li>dos direitos pol\u00edticos (arts. 14 a 16); e<\/li><li>dos partidos pol\u00edticos (art. 17);<\/li><\/ul><\/li><li>Organiza\u00e7\u00e3o dos Poderes:<\/li><li>Poder Legislativo (organiza\u00e7\u00e3o e atribui\u00e7\u00f5es do Congresso Nacional, C\u00e2mara dos Deputados e Senado Federal): arts. 44 a 58; e Processo legislativo (arts. 59 a 69);<\/li><li>Poder Executivo (composi\u00e7\u00e3o, elei\u00e7\u00e3o, sistemas eleitorais, posse, exerc\u00edcio e atribui\u00e7\u00f5es): arts. 76 a 84; e responsabilidade do Presidente da Rep\u00fablica: arts. 85 e 86);<\/li><li>Poder Judici\u00e1rio (disposi\u00e7\u00f5es gerais, organiza\u00e7\u00e3o e compet\u00eancia do Supremo Tribunal Federal e Superior Tribunal de Justi\u00e7a): arts. 92 a 105; e organiza\u00e7\u00e3o e compet\u00eancia dos tribunais e ju\u00edzes eleitorais: arts. 118 a 121.<\/li><li>S\u00famulas de jurisprud\u00eancia do Supremo Tribunal Federal e do Tribunal Superior Eleitoral.<\/li><\/ul><\/li><\/ul>\n\n\n\n<h3 class=\"wp-block-heading\" id=\"h-prova-discursiva\">Prova Discursiva<\/h3>\n\n\n\n<p>A prova discursiva, de car\u00e1ter eliminat\u00f3rio e classificat\u00f3rio, foi aplicada para todos os cargos de n\u00edvel superior, exceto para os cargos Analista Judici\u00e1rio \u2013 \u00e1rea: Judici\u00e1ria e Analista Judici\u00e1rio \u2013 \u00e1rea: Apoio Especializado \u2013 especialidade: An\u00e1lise de Sistemas.<\/p>\n\n\n\n<p>A etapa valia 10,00 pontos e consistiu na elabora\u00e7\u00e3o de texto narrativo, dissertativo ou descritivo, abordando temas atuais.<\/p>\n\n\n\n<p>J\u00e1 a prova discursiva, de car\u00e1ter eliminat\u00f3rio e classificat\u00f3rio, para o cargo Analista Judici\u00e1rio \u2013 \u00e1rea: Judici\u00e1ria e Analista Judici\u00e1rio \u2013 \u00e1rea: Apoio Especializado \u2013 especialidade: An\u00e1lise de Sistemas consistiu na elabora\u00e7\u00e3o de texto acerca dos conhecimentos espec\u00edficos do cargo\/\u00e1rea e tamb\u00e9m valia 10,00 pontos.<\/p>\n\n\n\n<h3 class=\"wp-block-heading\" id=\"t\u00edtulo\">Avalia\u00e7\u00e3o de T\u00edtulos<\/h3>\n\n\n\n<p>A avalia\u00e7\u00e3o de t\u00edtulos contou com os seguintes crit\u00e9rios e pontua\u00e7\u00f5es:<\/p>\n\n\n\n<ul class=\"wp-block-list\"><li>a) diploma\/declara\u00e7\u00e3o devidamente registrado de conclus\u00e3o de doutorado, acompanhado de hist\u00f3rico escolar, na \u00e1rea\/especialidade a que concorre (t\u00edtulo de doutor) \u2013 valor m\u00e1ximo do t\u00edtulo: 0,50;<\/li><li>b) diploma\/declara\u00e7\u00e3o devidamente registrado de conclus\u00e3o de mestrado, acompanhado de hist\u00f3rico escolar, na \u00e1rea\/especialidade a que concorre (t\u00edtulo de mestre) \u2013 valor m\u00e1ximo do t\u00edtulo: 0,34; e<\/li><li>c) certificado\/declara\u00e7\u00e3o de curso de especializa\u00e7\u00e3o em n\u00edvel de p\u00f3s-gradua\u00e7\u00e3o lato sensu, acompanhado de hist\u00f3rico escolar, com carga hor\u00e1ria m\u00ednima de 360 horas\/aula, na \u00e1rea\/especialidade a que concorre \u2013 valor m\u00e1ximo do t\u00edtulo: 0,16. <\/li><\/ul>\n\n\n\n<h2 class=\"wp-block-heading\" id=\"concurso-tse-unificado-caderno-de-provas-2006\">Concurso TSE Unificado: caderno de provas 2006<\/h2>\n\n\n\n<p>Os cadernos de provas do edital unificado publicado em 2006 foi dividido por nomes de cidades e pa\u00edses. Abaixo voc\u00ea poder\u00e1 conferir cada um deles:<\/p>\n\n\n\n<h3 class=\"wp-block-heading\" id=\"tecnico-judiciario\">T\u00e9cnico Judici\u00e1rio<\/h3>\n\n\n\n<ul class=\"wp-block-list\"><li><strong><a href=\"http:\/\/www.cespe.unb.br\/concursos\/_antigos\/2006\/TSE2006\/arquivos\/TSE_026_105.pdf\" target=\"_blank\" rel=\"noreferrer noopener\">Caderno JUARA<\/a><\/strong><\/li><li><strong><a href=\"http:\/\/www.cespe.unb.br\/concursos\/_antigos\/2006\/TSE2006\/arquivos\/TSE_025_101.pdf\" target=\"_blank\" rel=\"noreferrer noopener\">Caderno PARATI<\/a><\/strong><\/li><li><strong><a href=\"http:\/\/www.cespe.unb.br\/concursos\/_antigos\/2006\/TSE2006\/arquivos\/TSE_024_97.pdf\" target=\"_blank\" rel=\"noreferrer noopener\">Caderno BAJ\u00c9<\/a><\/strong><\/li><li><strong><a href=\"http:\/\/www.cespe.unb.br\/concursos\/_antigos\/2006\/TSE2006\/arquivos\/TSE_023_93.pdf\" target=\"_blank\" rel=\"noreferrer noopener\">Caderno NATAL<\/a><\/strong><\/li><li><strong><a href=\"http:\/\/www.cespe.unb.br\/concursos\/_antigos\/2006\/TSE2006\/arquivos\/TSE_022_89.pdf\" target=\"_blank\" rel=\"noreferrer noopener\">Caderno TARAUAC\u00c1<\/a><\/strong><\/li><li><strong><a href=\"http:\/\/www.cespe.unb.br\/concursos\/_antigos\/2006\/TSE2006\/arquivos\/TSE_021_85.pdf\" target=\"_blank\" rel=\"noreferrer noopener\">Caderno SOBRAL<\/a><\/strong><\/li><li><strong><a href=\"http:\/\/www.cespe.unb.br\/concursos\/_antigos\/2006\/TSE2006\/arquivos\/TSE_019_77.pdf\" target=\"_blank\" rel=\"noreferrer noopener\">Caderno \u00c9PSILON<\/a><\/strong><\/li><li><strong><a href=\"http:\/\/www.cespe.unb.br\/concursos\/_antigos\/2006\/TSE2006\/arquivos\/TSE_019_73.pdf\" target=\"_blank\" rel=\"noreferrer noopener\">Caderno ALFA<\/a><\/strong><\/li><\/ul>\n\n\n\n<h3 class=\"wp-block-heading\" id=\"analista-judiciario\">Analista Judici\u00e1rio<\/h3>\n\n\n\n<ul class=\"wp-block-list\"><li><strong><a href=\"http:\/\/www.cespe.unb.br\/concursos\/_antigos\/2006\/TSE2006\/arquivos\/TSE_019_73.pdf\" target=\"_blank\" rel=\"noreferrer noopener\">Caderno BURUNDI<\/a><\/strong><\/li><li><strong><a href=\"http:\/\/www.cespe.unb.br\/concursos\/_antigos\/2006\/TSE2006\/arquivos\/TSE_017_65.pdf\" target=\"_blank\" rel=\"noreferrer noopener\">Caderno \u00c1USTRIA<\/a><\/strong><\/li><li><strong><a href=\"http:\/\/www.cespe.unb.br\/concursos\/_antigos\/2006\/TSE2006\/arquivos\/TSE_016_61.pdf\" target=\"_blank\" rel=\"noreferrer noopener\">Caderno I\u00caMEN<\/a><\/strong><\/li><li><strong><a href=\"http:\/\/www.cespe.unb.br\/concursos\/_antigos\/2006\/TSE2006\/arquivos\/TSE_015_57.pdf\" target=\"_blank\" rel=\"noreferrer noopener\">Caderno R\u00daSSIA<\/a><\/strong><\/li><li><strong><a href=\"http:\/\/www.cespe.unb.br\/concursos\/_antigos\/2006\/TSE2006\/arquivos\/TSE_014_53.pdf\" target=\"_blank\" rel=\"noreferrer noopener\">Caderno GUIN\u00c9<\/a><\/strong><\/li><li><strong><a href=\"http:\/\/www.cespe.unb.br\/concursos\/_antigos\/2006\/TSE2006\/arquivos\/TSE_013_49.pdf\" target=\"_blank\" rel=\"noreferrer noopener\">Caderno SU\u00c9CIA<\/a><\/strong><\/li><li><strong><a href=\"http:\/\/www.cespe.unb.br\/concursos\/_antigos\/2006\/TSE2006\/arquivos\/TSE_012_45.pdf\" target=\"_blank\" rel=\"noreferrer noopener\">Caderno PER<\/a>U<\/strong><\/li><li><strong><a href=\"http:\/\/www.cespe.unb.br\/concursos\/_antigos\/2006\/TSE2006\/arquivos\/TSE_011_41.pdf\" target=\"_blank\" rel=\"noreferrer noopener\">Caderno BELIZE<\/a><\/strong><\/li><li><strong><a href=\"http:\/\/www.cespe.unb.br\/concursos\/_antigos\/2006\/TSE2006\/arquivos\/TSE_010_37.pdf\" target=\"_blank\" rel=\"noreferrer noopener\">Caderno CRO\u00c1CIA<\/a><\/strong><\/li><li><strong><a href=\"http:\/\/www.cespe.unb.br\/concursos\/_antigos\/2006\/TSE2006\/arquivos\/TSE_009_33.pdf\" target=\"_blank\" rel=\"noreferrer noopener\">Caderno LAOS<\/a><\/strong><\/li><li><strong><a href=\"http:\/\/www.cespe.unb.br\/concursos\/_antigos\/2006\/TSE2006\/arquivos\/TSE_008_29.pdf\" target=\"_blank\" rel=\"noreferrer noopener\">Caderno EQUADOR<\/a><\/strong><\/li><li><strong><a href=\"http:\/\/www.cespe.unb.br\/concursos\/_antigos\/2006\/TSE2006\/arquivos\/TSE_007_25.pdf\" target=\"_blank\" rel=\"noreferrer noopener\">Caderno BULG\u00c1RIA<\/a><\/strong><\/li><li><strong><a href=\"http:\/\/www.cespe.unb.br\/concursos\/_antigos\/2006\/TSE2006\/arquivos\/TSE_006_21.pdf\" target=\"_blank\" rel=\"noreferrer noopener\">Caderno SENEGAL<\/a><\/strong><\/li><li><strong><a href=\"http:\/\/www.cespe.unb.br\/concursos\/_antigos\/2006\/TSE2006\/arquivos\/TSE_005_17.pdf\" target=\"_blank\" rel=\"noreferrer noopener\">Caderno MALTA<\/a><\/strong><\/li><li><strong><a href=\"http:\/\/www.cespe.unb.br\/concursos\/_antigos\/2006\/TSE2006\/arquivos\/TSE_004_13.pdf\" target=\"_blank\" rel=\"noreferrer noopener\">Caderno CAMBOJA<\/a><\/strong><\/li><li><strong><a href=\"http:\/\/www.cespe.unb.br\/concursos\/_antigos\/2006\/TSE2006\/arquivos\/TSE_003_9.pdf\" target=\"_blank\" rel=\"noreferrer noopener\">Caderno ALB\u00c2NIA<\/a><\/strong><\/li><li><strong><a href=\"http:\/\/www.cespe.unb.br\/concursos\/_antigos\/2006\/TSE2006\/arquivos\/TSE_002_5.pdf\" target=\"_blank\" rel=\"noreferrer noopener\">Caderno L\u00cdBIA<\/a><\/strong><\/li><li><strong><a href=\"http:\/\/www.cespe.unb.br\/concursos\/_antigos\/2006\/TSE2006\/arquivos\/TSE_001_1.pdf\" target=\"_blank\" rel=\"noreferrer noopener\">Caderno GAMA<\/a><\/strong><\/li><\/ul>\n\n\n\n<p>Ficou interessado em saber tudo sobre o <strong>concurso TSE Unificado<\/strong>, cuja \u00faltima prova voc\u00ea acabou de conferir? Preparamos um artigo completo para voc\u00ea!<\/p>\n\n\n\n<p class=\"has-text-align-center has-background has-medium-font-size\" style=\"background-color:#cdb4e5\"><strong>Saiba mais: <a href=\"https:\/\/www.estrategiaconcursos.com.br\/blog\/concurso-tse-unificado\/\" target=\"_blank\" rel=\"noreferrer noopener\">concurso TSE Unificado<\/a><\/strong><\/p>\n\n\n\n<h2 class=\"has-text-align-center wp-block-heading\" id=\"h-quer-saber-tudo-sobre-concursos-previstos-confira-nossos-artigos\">Quer saber tudo sobre concursos previstos?<br \/>Confira nossos artigos!<\/h2>\n\n\n\n<ul class=\"wp-block-list\"><li><a href=\"https:\/\/www.estrategiaconcursos.com.br\/blog\/concursos-abertos\/\" target=\"_blank\" rel=\"noreferrer noopener\">Concursos abertos<\/a><\/li><li><a href=\"https:\/\/www.estrategiaconcursos.com.br\/blog\/concursos-2022\/\" target=\"_blank\" rel=\"noreferrer noopener\">Concursos 2022<\/a><\/li><li><a href=\"https:\/\/www.estrategiaconcursos.com.br\/blog\/concursos-2023\/\" target=\"_blank\" rel=\"noreferrer noopener\">Concursos 2023<\/a><\/li><\/ul>\n\n\n\n<h2 class=\"has-text-align-center wp-block-heading\" id=\"cursos-assinatura\"><br \/><strong>Quer estudar para o concurso TSE Unificado?<\/strong><\/h2>\n\n\n\n<div class=\"container\" id=\"boxes\">\n  <div class=\"row\">\n\n    <div class=\"col-sm\">\n      <div class=\"banner-tribunal\" id=\"box-assinatura\">\n        <h3 class=\"titulo-assinatura\">Curso TSE<\/h3>\n        <p class=\"subtitulo-assinatura\">Conhe\u00e7a os cursos<\/p>\n        <div class=\"box-botao\">\n          <a class=\"btn-assinatura\" target=\"_blank\" href=\"https:\/\/www.estrategiaconcursos.com.br\/cursosPorConcurso\/tribunal-superior-eleitoral-tse-servidores\/\" role=\"button\" rel=\"noopener noreferrer\">Conhe\u00e7a mais<\/a>\n        <\/div>\n      <\/div>\n      <p class=\"texto-auxiliar\"><\/p>\n    <\/div>\n\n  <\/div>\n<\/div>\n\n\n\n<div class=\"container\" id=\"boxes\">\n  <div class=\"row\">\n\n    <div class=\"col-sm\">\n      <div class=\"estrategia\" id=\"box-assinatura\">\n        <h3 class=\"titulo-assinatura\">Assinatura Concursos<\/h3>\n        <p class=\"subtitulo-assinatura\">Assinatura de 1 ano ou 2 anos<\/p>\n        <div class=\"box-botao\">\n          <a class=\"btn-assinatura\" target=\"_blank\" href=\"https:\/\/www.estrategiaconcursos.com.br\/assinaturas\/\" role=\"button\" rel=\"noopener noreferrer\">ASSINE AGORA<\/a>\n        <\/div>\n      <\/div>\n     \n    <\/div><\/div><\/div>\n","protected":false},"excerpt":{"rendered":"<p>O TSE&nbsp;(Tribunal Superior Eleitoral) est\u00e1 trabalhando no levantamento de vagas para realizar o novo concurso unificado, e para que voc\u00ea se prepare, elaboramos este artigo com as informa\u00e7\u00f5es da \u00faltima prova centralizada promovida pelo \u00f3rg\u00e3o. O Tribunal encaminhou of\u00edcios aos Tribunais Regionais Eleitorais (TREs) para prosseguir com os tr\u00e2mites do concurso unificado, e o edital [&hellip;]<\/p>\n","protected":false},"author":2402,"featured_media":1066437,"comment_status":"open","ping_status":"closed","sticky":false,"template":"","format":"standard","meta":{"post_tipo":"news","footnotes":""},"categories":[1984,220219],"tags":[],"tax_estado":[219964,219965,219966,219967,219968,219969,219963,219970,219971,219972,219973,219974,219975,219976,219977,219978,219979,219980,219981,219982,219983,219984,219985,219986,219987,219988,219989,219990],"class_list":["post-1067841","post","type-post","status-publish","format-standard","has-post-thumbnail","hentry","category-tribunais","category-noticias","tax_estado-ac","tax_estado-al","tax_estado-am","tax_estado-ap","tax_estado-ba","tax_estado-ce","tax_estado-concursos-federais","tax_estado-df","tax_estado-es","tax_estado-go","tax_estado-ma","tax_estado-mg","tax_estado-ms","tax_estado-mt","tax_estado-pa","tax_estado-pb","tax_estado-pe","tax_estado-pi","tax_estado-pr","tax_estado-rj","tax_estado-rn","tax_estado-ro","tax_estado-rr","tax_estado-rs","tax_estado-sc","tax_estado-se","tax_estado-sp","tax_estado-to"],"acf":[],"yoast_head":"<!-- This site is optimized with the Yoast SEO Premium plugin v27.2 (Yoast SEO v27.2) - https:\/\/yoast.com\/product\/yoast-seo-premium-wordpress\/ -->\n<title>Concurso TSE unificado: veja informa\u00e7\u00f5es da \u00faltima prova!<\/title>\n<meta name=\"description\" content=\"Concurso TSE Unificado: confira como foi a etapa de provas do \u00faltimo certame unificado oferecido pelo Tribunal aqui no site da Coruja!\" \/>\n<meta name=\"robots\" content=\"index, follow, max-snippet:-1, max-image-preview:large, max-video-preview:-1\" \/>\n<link rel=\"canonical\" href=\"https:\/\/www.estrategiaconcursos.com.br\/blog\/concurso-tse-unificado-ultima-prova\/\" \/>\n<meta property=\"og:locale\" content=\"pt_BR\" \/>\n<meta property=\"og:type\" content=\"article\" \/>\n<meta property=\"og:title\" content=\"Concurso TSE unificado: veja informa\u00e7\u00f5es da \u00faltima prova!\" \/>\n<meta property=\"og:description\" content=\"Concurso TSE Unificado: confira como foi a etapa de provas do \u00faltimo certame unificado oferecido pelo Tribunal aqui no site da Coruja!\" \/>\n<meta property=\"og:url\" content=\"https:\/\/www.estrategiaconcursos.com.br\/blog\/concurso-tse-unificado-ultima-prova\/\" \/>\n<meta property=\"og:site_name\" content=\"Estrat\u00e9gia Concursos\" \/>\n<meta property=\"article:published_time\" content=\"2022-07-29T12:00:00+00:00\" \/>\n<meta property=\"article:modified_time\" content=\"2022-07-29T12:30:05+00:00\" \/>\n<meta property=\"og:image\" content=\"https:\/\/dhg1h5j42swfq.cloudfront.net\/2022\/07\/25161050\/tse_unificado.jpg\" \/>\n\t<meta property=\"og:image:width\" content=\"768\" \/>\n\t<meta property=\"og:image:height\" content=\"432\" \/>\n\t<meta property=\"og:image:type\" content=\"image\/jpeg\" \/>\n<meta name=\"author\" content=\"Daniela Santos Nascimento\" \/>\n<meta name=\"twitter:card\" content=\"summary_large_image\" \/>\n<meta name=\"twitter:creator\" content=\"@EstratConcursos\" \/>\n<meta name=\"twitter:site\" content=\"@EstratConcursos\" \/>\n<meta name=\"twitter:label1\" content=\"Escrito por\" \/>\n\t<meta name=\"twitter:data1\" content=\"Daniela Santos Nascimento\" \/>\n\t<meta name=\"twitter:label2\" content=\"Est. tempo de leitura\" \/>\n\t<meta name=\"twitter:data2\" content=\"6 minutos\" \/>\n<script type=\"application\/ld+json\" class=\"yoast-schema-graph\">{\"@context\":\"https:\/\/schema.org\",\"@graph\":[{\"@type\":\"NewsArticle\",\"@id\":\"https:\/\/www.estrategiaconcursos.com.br\/blog\/concurso-tse-unificado-ultima-prova\/#article\",\"isPartOf\":{\"@id\":\"https:\/\/www.estrategiaconcursos.com.br\/blog\/concurso-tse-unificado-ultima-prova\/\"},\"author\":{\"name\":\"Daniela Santos Nascimento\",\"@id\":\"https:\/\/www.estrategiaconcursos.com.br\/blog\/#\/schema\/person\/399990d02336f200766707b881aee98f\"},\"headline\":\"Concurso TSE unificado: veja informa\u00e7\u00f5es da \u00faltima prova!\",\"datePublished\":\"2022-07-29T12:00:00+00:00\",\"dateModified\":\"2022-07-29T12:30:05+00:00\",\"mainEntityOfPage\":{\"@id\":\"https:\/\/www.estrategiaconcursos.com.br\/blog\/concurso-tse-unificado-ultima-prova\/\"},\"wordCount\":1186,\"commentCount\":0,\"publisher\":{\"@id\":\"https:\/\/www.estrategiaconcursos.com.br\/blog\/#organization\"},\"image\":{\"@id\":\"https:\/\/www.estrategiaconcursos.com.br\/blog\/concurso-tse-unificado-ultima-prova\/#primaryimage\"},\"thumbnailUrl\":\"https:\/\/dhg1h5j42swfq.cloudfront.net\/2022\/07\/25161050\/tse_unificado.jpg\",\"articleSection\":[\"Tribunais\",\"\u00daltimas not\u00edcias\"],\"inLanguage\":\"pt-BR\",\"potentialAction\":[{\"@type\":\"CommentAction\",\"name\":\"Comment\",\"target\":[\"https:\/\/www.estrategiaconcursos.com.br\/blog\/concurso-tse-unificado-ultima-prova\/#respond\"]}],\"copyrightYear\":\"2022\",\"copyrightHolder\":{\"@id\":\"https:\/\/www.estrategiaconcursos.com.br\/blog\/#organization\"}},{\"@type\":\"WebPage\",\"@id\":\"https:\/\/www.estrategiaconcursos.com.br\/blog\/concurso-tse-unificado-ultima-prova\/\",\"url\":\"https:\/\/www.estrategiaconcursos.com.br\/blog\/concurso-tse-unificado-ultima-prova\/\",\"name\":\"Concurso TSE unificado: veja informa\u00e7\u00f5es da \u00faltima prova!\",\"isPartOf\":{\"@id\":\"https:\/\/www.estrategiaconcursos.com.br\/blog\/#website\"},\"primaryImageOfPage\":{\"@id\":\"https:\/\/www.estrategiaconcursos.com.br\/blog\/concurso-tse-unificado-ultima-prova\/#primaryimage\"},\"image\":{\"@id\":\"https:\/\/www.estrategiaconcursos.com.br\/blog\/concurso-tse-unificado-ultima-prova\/#primaryimage\"},\"thumbnailUrl\":\"https:\/\/dhg1h5j42swfq.cloudfront.net\/2022\/07\/25161050\/tse_unificado.jpg\",\"datePublished\":\"2022-07-29T12:00:00+00:00\",\"dateModified\":\"2022-07-29T12:30:05+00:00\",\"description\":\"Concurso TSE Unificado: confira como foi a etapa de provas do \u00faltimo certame unificado oferecido pelo Tribunal aqui no site da Coruja!\",\"breadcrumb\":{\"@id\":\"https:\/\/www.estrategiaconcursos.com.br\/blog\/concurso-tse-unificado-ultima-prova\/#breadcrumb\"},\"inLanguage\":\"pt-BR\",\"potentialAction\":[{\"@type\":\"ReadAction\",\"target\":[\"https:\/\/www.estrategiaconcursos.com.br\/blog\/concurso-tse-unificado-ultima-prova\/\"]}]},{\"@type\":\"ImageObject\",\"inLanguage\":\"pt-BR\",\"@id\":\"https:\/\/www.estrategiaconcursos.com.br\/blog\/concurso-tse-unificado-ultima-prova\/#primaryimage\",\"url\":\"https:\/\/dhg1h5j42swfq.cloudfront.net\/2022\/07\/25161050\/tse_unificado.jpg\",\"contentUrl\":\"https:\/\/dhg1h5j42swfq.cloudfront.net\/2022\/07\/25161050\/tse_unificado.jpg\",\"width\":768,\"height\":432,\"caption\":\"TRE's ainda n\u00e3o come\u00e7aram a nomear\"},{\"@type\":\"BreadcrumbList\",\"@id\":\"https:\/\/www.estrategiaconcursos.com.br\/blog\/concurso-tse-unificado-ultima-prova\/#breadcrumb\",\"itemListElement\":[{\"@type\":\"ListItem\",\"position\":1,\"name\":\"In\u00edcio\",\"item\":\"https:\/\/www.estrategiaconcursos.com.br\/blog\/\"},{\"@type\":\"ListItem\",\"position\":2,\"name\":\"Concurso TSE unificado: veja informa\u00e7\u00f5es da \u00faltima prova!\"}]},{\"@type\":\"WebSite\",\"@id\":\"https:\/\/www.estrategiaconcursos.com.br\/blog\/#website\",\"url\":\"https:\/\/www.estrategiaconcursos.com.br\/blog\/\",\"name\":\"Estrat\u00e9gia Concursos\",\"description\":\"O blog da Estrat\u00e9gia Concursos traz not\u00edcias sobre concursos e artigos de professores oferecendo cursos para concursos (pdf + videaulas) no site.\",\"publisher\":{\"@id\":\"https:\/\/www.estrategiaconcursos.com.br\/blog\/#organization\"},\"potentialAction\":[{\"@type\":\"SearchAction\",\"target\":{\"@type\":\"EntryPoint\",\"urlTemplate\":\"https:\/\/www.estrategiaconcursos.com.br\/blog\/?s={search_term_string}\"},\"query-input\":{\"@type\":\"PropertyValueSpecification\",\"valueRequired\":true,\"valueName\":\"search_term_string\"}}],\"inLanguage\":\"pt-BR\"},{\"@type\":\"Organization\",\"@id\":\"https:\/\/www.estrategiaconcursos.com.br\/blog\/#organization\",\"name\":\"Estrat\u00e9gia Concursos\",\"url\":\"https:\/\/www.estrategiaconcursos.com.br\/blog\/\",\"logo\":{\"@type\":\"ImageObject\",\"inLanguage\":\"pt-BR\",\"@id\":\"https:\/\/www.estrategiaconcursos.com.br\/blog\/#\/schema\/logo\/image\/\",\"url\":\"https:\/\/dhg1h5j42swfq.cloudfront.net\/2025\/06\/03203428\/logo_concursos-1.jpg\",\"contentUrl\":\"https:\/\/dhg1h5j42swfq.cloudfront.net\/2025\/06\/03203428\/logo_concursos-1.jpg\",\"width\":230,\"height\":60,\"caption\":\"Estrat\u00e9gia Concursos\"},\"image\":{\"@id\":\"https:\/\/www.estrategiaconcursos.com.br\/blog\/#\/schema\/logo\/image\/\"},\"sameAs\":[\"https:\/\/x.com\/EstratConcursos\"]},{\"@type\":\"Person\",\"@id\":\"https:\/\/www.estrategiaconcursos.com.br\/blog\/#\/schema\/person\/399990d02336f200766707b881aee98f\",\"name\":\"Daniela Santos Nascimento\",\"image\":{\"@type\":\"ImageObject\",\"inLanguage\":\"pt-BR\",\"@id\":\"https:\/\/secure.gravatar.com\/avatar\/7f343622ad121e2893832a8c76808be436bdfcbf2f7d696174c94ecd84f2384a?s=96&d=mm&r=g\",\"url\":\"https:\/\/secure.gravatar.com\/avatar\/7f343622ad121e2893832a8c76808be436bdfcbf2f7d696174c94ecd84f2384a?s=96&d=mm&r=g\",\"contentUrl\":\"https:\/\/secure.gravatar.com\/avatar\/7f343622ad121e2893832a8c76808be436bdfcbf2f7d696174c94ecd84f2384a?s=96&d=mm&r=g\",\"caption\":\"Daniela Santos Nascimento\"},\"url\":\"https:\/\/www.estrategiaconcursos.com.br\/blog\/author\/daniela-nascimentoestrategia-com\/\"}]}<\/script>\n<!-- \/ Yoast SEO Premium plugin. -->","yoast_head_json":{"title":"Concurso TSE unificado: veja informa\u00e7\u00f5es da \u00faltima prova!","description":"Concurso TSE Unificado: confira como foi a etapa de provas do \u00faltimo certame unificado oferecido pelo Tribunal aqui no site da Coruja!","robots":{"index":"index","follow":"follow","max-snippet":"max-snippet:-1","max-image-preview":"max-image-preview:large","max-video-preview":"max-video-preview:-1"},"canonical":"https:\/\/www.estrategiaconcursos.com.br\/blog\/concurso-tse-unificado-ultima-prova\/","og_locale":"pt_BR","og_type":"article","og_title":"Concurso TSE unificado: veja informa\u00e7\u00f5es da \u00faltima prova!","og_description":"Concurso TSE Unificado: confira como foi a etapa de provas do \u00faltimo certame unificado oferecido pelo Tribunal aqui no site da Coruja!","og_url":"https:\/\/www.estrategiaconcursos.com.br\/blog\/concurso-tse-unificado-ultima-prova\/","og_site_name":"Estrat\u00e9gia Concursos","article_published_time":"2022-07-29T12:00:00+00:00","article_modified_time":"2022-07-29T12:30:05+00:00","og_image":[{"width":768,"height":432,"url":"https:\/\/dhg1h5j42swfq.cloudfront.net\/2022\/07\/25161050\/tse_unificado.jpg","type":"image\/jpeg"}],"author":"Daniela Santos Nascimento","twitter_card":"summary_large_image","twitter_creator":"@EstratConcursos","twitter_site":"@EstratConcursos","twitter_misc":{"Escrito por":"Daniela Santos Nascimento","Est. tempo de leitura":"6 minutos"},"schema":{"@context":"https:\/\/schema.org","@graph":[{"@type":"NewsArticle","@id":"https:\/\/www.estrategiaconcursos.com.br\/blog\/concurso-tse-unificado-ultima-prova\/#article","isPartOf":{"@id":"https:\/\/www.estrategiaconcursos.com.br\/blog\/concurso-tse-unificado-ultima-prova\/"},"author":{"name":"Daniela Santos Nascimento","@id":"https:\/\/www.estrategiaconcursos.com.br\/blog\/#\/schema\/person\/399990d02336f200766707b881aee98f"},"headline":"Concurso TSE unificado: veja informa\u00e7\u00f5es da \u00faltima prova!","datePublished":"2022-07-29T12:00:00+00:00","dateModified":"2022-07-29T12:30:05+00:00","mainEntityOfPage":{"@id":"https:\/\/www.estrategiaconcursos.com.br\/blog\/concurso-tse-unificado-ultima-prova\/"},"wordCount":1186,"commentCount":0,"publisher":{"@id":"https:\/\/www.estrategiaconcursos.com.br\/blog\/#organization"},"image":{"@id":"https:\/\/www.estrategiaconcursos.com.br\/blog\/concurso-tse-unificado-ultima-prova\/#primaryimage"},"thumbnailUrl":"https:\/\/dhg1h5j42swfq.cloudfront.net\/2022\/07\/25161050\/tse_unificado.jpg","articleSection":["Tribunais","\u00daltimas not\u00edcias"],"inLanguage":"pt-BR","potentialAction":[{"@type":"CommentAction","name":"Comment","target":["https:\/\/www.estrategiaconcursos.com.br\/blog\/concurso-tse-unificado-ultima-prova\/#respond"]}],"copyrightYear":"2022","copyrightHolder":{"@id":"https:\/\/www.estrategiaconcursos.com.br\/blog\/#organization"}},{"@type":"WebPage","@id":"https:\/\/www.estrategiaconcursos.com.br\/blog\/concurso-tse-unificado-ultima-prova\/","url":"https:\/\/www.estrategiaconcursos.com.br\/blog\/concurso-tse-unificado-ultima-prova\/","name":"Concurso TSE unificado: veja informa\u00e7\u00f5es da \u00faltima prova!","isPartOf":{"@id":"https:\/\/www.estrategiaconcursos.com.br\/blog\/#website"},"primaryImageOfPage":{"@id":"https:\/\/www.estrategiaconcursos.com.br\/blog\/concurso-tse-unificado-ultima-prova\/#primaryimage"},"image":{"@id":"https:\/\/www.estrategiaconcursos.com.br\/blog\/concurso-tse-unificado-ultima-prova\/#primaryimage"},"thumbnailUrl":"https:\/\/dhg1h5j42swfq.cloudfront.net\/2022\/07\/25161050\/tse_unificado.jpg","datePublished":"2022-07-29T12:00:00+00:00","dateModified":"2022-07-29T12:30:05+00:00","description":"Concurso TSE Unificado: confira como foi a etapa de provas do \u00faltimo certame unificado oferecido pelo Tribunal aqui no site da Coruja!","breadcrumb":{"@id":"https:\/\/www.estrategiaconcursos.com.br\/blog\/concurso-tse-unificado-ultima-prova\/#breadcrumb"},"inLanguage":"pt-BR","potentialAction":[{"@type":"ReadAction","target":["https:\/\/www.estrategiaconcursos.com.br\/blog\/concurso-tse-unificado-ultima-prova\/"]}]},{"@type":"ImageObject","inLanguage":"pt-BR","@id":"https:\/\/www.estrategiaconcursos.com.br\/blog\/concurso-tse-unificado-ultima-prova\/#primaryimage","url":"https:\/\/dhg1h5j42swfq.cloudfront.net\/2022\/07\/25161050\/tse_unificado.jpg","contentUrl":"https:\/\/dhg1h5j42swfq.cloudfront.net\/2022\/07\/25161050\/tse_unificado.jpg","width":768,"height":432,"caption":"TRE's ainda n\u00e3o come\u00e7aram a nomear"},{"@type":"BreadcrumbList","@id":"https:\/\/www.estrategiaconcursos.com.br\/blog\/concurso-tse-unificado-ultima-prova\/#breadcrumb","itemListElement":[{"@type":"ListItem","position":1,"name":"In\u00edcio","item":"https:\/\/www.estrategiaconcursos.com.br\/blog\/"},{"@type":"ListItem","position":2,"name":"Concurso TSE unificado: veja informa\u00e7\u00f5es da \u00faltima prova!"}]},{"@type":"WebSite","@id":"https:\/\/www.estrategiaconcursos.com.br\/blog\/#website","url":"https:\/\/www.estrategiaconcursos.com.br\/blog\/","name":"Estrat\u00e9gia Concursos","description":"O blog da Estrat\u00e9gia Concursos traz not\u00edcias sobre concursos e artigos de professores oferecendo cursos para concursos (pdf + videaulas) no site.","publisher":{"@id":"https:\/\/www.estrategiaconcursos.com.br\/blog\/#organization"},"potentialAction":[{"@type":"SearchAction","target":{"@type":"EntryPoint","urlTemplate":"https:\/\/www.estrategiaconcursos.com.br\/blog\/?s={search_term_string}"},"query-input":{"@type":"PropertyValueSpecification","valueRequired":true,"valueName":"search_term_string"}}],"inLanguage":"pt-BR"},{"@type":"Organization","@id":"https:\/\/www.estrategiaconcursos.com.br\/blog\/#organization","name":"Estrat\u00e9gia Concursos","url":"https:\/\/www.estrategiaconcursos.com.br\/blog\/","logo":{"@type":"ImageObject","inLanguage":"pt-BR","@id":"https:\/\/www.estrategiaconcursos.com.br\/blog\/#\/schema\/logo\/image\/","url":"https:\/\/dhg1h5j42swfq.cloudfront.net\/2025\/06\/03203428\/logo_concursos-1.jpg","contentUrl":"https:\/\/dhg1h5j42swfq.cloudfront.net\/2025\/06\/03203428\/logo_concursos-1.jpg","width":230,"height":60,"caption":"Estrat\u00e9gia Concursos"},"image":{"@id":"https:\/\/www.estrategiaconcursos.com.br\/blog\/#\/schema\/logo\/image\/"},"sameAs":["https:\/\/x.com\/EstratConcursos"]},{"@type":"Person","@id":"https:\/\/www.estrategiaconcursos.com.br\/blog\/#\/schema\/person\/399990d02336f200766707b881aee98f","name":"Daniela Santos Nascimento","image":{"@type":"ImageObject","inLanguage":"pt-BR","@id":"https:\/\/secure.gravatar.com\/avatar\/7f343622ad121e2893832a8c76808be436bdfcbf2f7d696174c94ecd84f2384a?s=96&d=mm&r=g","url":"https:\/\/secure.gravatar.com\/avatar\/7f343622ad121e2893832a8c76808be436bdfcbf2f7d696174c94ecd84f2384a?s=96&d=mm&r=g","contentUrl":"https:\/\/secure.gravatar.com\/avatar\/7f343622ad121e2893832a8c76808be436bdfcbf2f7d696174c94ecd84f2384a?s=96&d=mm&r=g","caption":"Daniela Santos Nascimento"},"url":"https:\/\/www.estrategiaconcursos.com.br\/blog\/author\/daniela-nascimentoestrategia-com\/"}]}},"_links":{"self":[{"href":"https:\/\/www.estrategiaconcursos.com.br\/blog\/wp-json\/wp\/v2\/posts\/1067841","targetHints":{"allow":["GET"]}}],"collection":[{"href":"https:\/\/www.estrategiaconcursos.com.br\/blog\/wp-json\/wp\/v2\/posts"}],"about":[{"href":"https:\/\/www.estrategiaconcursos.com.br\/blog\/wp-json\/wp\/v2\/types\/post"}],"author":[{"embeddable":true,"href":"https:\/\/www.estrategiaconcursos.com.br\/blog\/wp-json\/wp\/v2\/users\/2402"}],"replies":[{"embeddable":true,"href":"https:\/\/www.estrategiaconcursos.com.br\/blog\/wp-json\/wp\/v2\/comments?post=1067841"}],"version-history":[{"count":12,"href":"https:\/\/www.estrategiaconcursos.com.br\/blog\/wp-json\/wp\/v2\/posts\/1067841\/revisions"}],"predecessor-version":[{"id":1068694,"href":"https:\/\/www.estrategiaconcursos.com.br\/blog\/wp-json\/wp\/v2\/posts\/1067841\/revisions\/1068694"}],"wp:featuredmedia":[{"embeddable":true,"href":"https:\/\/www.estrategiaconcursos.com.br\/blog\/wp-json\/wp\/v2\/media\/1066437"}],"wp:attachment":[{"href":"https:\/\/www.estrategiaconcursos.com.br\/blog\/wp-json\/wp\/v2\/media?parent=1067841"}],"wp:term":[{"taxonomy":"category","embeddable":true,"href":"https:\/\/www.estrategiaconcursos.com.br\/blog\/wp-json\/wp\/v2\/categories?post=1067841"},{"taxonomy":"post_tag","embeddable":true,"href":"https:\/\/www.estrategiaconcursos.com.br\/blog\/wp-json\/wp\/v2\/tags?post=1067841"},{"taxonomy":"tax_estado","embeddable":true,"href":"https:\/\/www.estrategiaconcursos.com.br\/blog\/wp-json\/wp\/v2\/tax_estado?post=1067841"}],"curies":[{"name":"wp","href":"https:\/\/api.w.org\/{rel}","templated":true}]}}