{"id":1067823,"date":"2022-07-27T17:15:58","date_gmt":"2022-07-27T20:15:58","guid":{"rendered":"https:\/\/www.estrategiaconcursos.com.br\/blog\/?p=1067823"},"modified":"2023-03-13T11:24:07","modified_gmt":"2023-03-13T14:24:07","slug":"monitoria-sefaz-mg-pos-edital-confira-a-programacao","status":"publish","type":"post","link":"https:\/\/www.estrategiaconcursos.com.br\/blog\/monitoria-sefaz-mg-pos-edital-confira-a-programacao\/","title":{"rendered":"Monitoria Sefaz MG (P\u00f3s-Edital): confira a programa\u00e7\u00e3o!"},"content":{"rendered":"\n<p>Aten\u00e7\u00e3o, estrategistas!<\/p>\n\n\n\n<p>O concurso Sefaz MG oferta <strong>431 vagas<\/strong> para o cargo de<strong> <a href=\"https:\/\/www.estrategiaconcursos.com.br\/cursosPorConcurso\/secretaria-da-fazenda-do-estado-de-minas-gerais-sefaz-mg\/\" target=\"_blank\" rel=\"noreferrer noopener\">Auditor Fiscal<\/a><\/strong>. Com as gratifica\u00e7\u00f5es, a remunera\u00e7\u00e3o pode chegar aos <strong>R$ 25.291,35<\/strong>!<\/p>\n\n\n\n<p>Para te ajudar a garantir uma das vagas, o Estrat\u00e9gia realiza a<strong> <a href=\"https:\/\/youtu.be\/U-0fLuYDE00\" target=\"_blank\" rel=\"noreferrer noopener\">Monitoria Sefaz MG (P\u00f3s-Edital)<\/a><\/strong>. Nela, voc\u00ea ter\u00e1 acesso a conte\u00fados e dicas exclusivas para ficar entre os primeiros colocados do concurso.<\/p>\n\n\n\n<p>Confira a programa\u00e7\u00e3o e n\u00e3o fique de fora:<\/p>\n\n\n\n<ul class=\"wp-block-list\">\n<li><strong>27\/7, \u00e0s 18h<\/strong>: <em>Descubra os assuntos mais cobrados pela FGV<\/em>;<\/li>\n\n\n\n<li><strong>17\/8, \u00e0s 18h<\/strong>: <em>Estrat\u00e9gias de resolu\u00e7\u00e3o de quest\u00f5es no p\u00f3s-edital da \u00e1rea fiscal<\/em>;<\/li>\n\n\n\n<li><strong>24\/8, \u00e0s 18h:<\/strong> <em>Dicas para estudar Legisla\u00e7\u00e3o Tribut\u00e1ria Estadual no p\u00f3s-edital<\/em>;<\/li>\n\n\n\n<li><strong>14\/9, \u00e0s 18h:<\/strong> <em>O que priorizar na reta final<\/em>;<\/li>\n\n\n\n<li><strong>21\/9, \u00e0s 18h:<\/strong> <em>Tira-d\u00favidas Trilha Estrat\u00e9gica<\/em>.<\/li>\n<\/ul>\n\n\n\n<p class=\"has-text-align-center has-background\" style=\"background-color:#e3f4ff;font-size:clamp(14.642px, 0.915rem + ((1vw - 3.2px) * 0.721), 22px);\"><strong>Saiba mais: <a href=\"https:\/\/www.estrategiaconcursos.com.br\/blog\/concurso-sefaz-mg\/\" target=\"_blank\" rel=\"noreferrer noopener\">Concurso Sefaz MG<\/a><\/strong><\/p>\n\n\n\n<h2 class=\"has-text-align-center wp-block-heading\" id=\"cursos-assinatura\"><em>Quer estudar para o concurso Sefaz MG?<\/em><\/h2>\n\n\n\n<div class=\"container\" id=\"boxes\">\n  <div class=\"row\">\n\n    <div class=\"col-sm\">\n      <div class=\"banner-fiscal-01\" id=\"box-assinatura\">\n        <h3 class=\"titulo-assinatura\">Concurso Sefaz MG<\/h3>\n        <p class=\"subtitulo-assinatura\">Estude conosco<\/p>\n        <div class=\"box-botao\">\n          <a class=\"btn-assinatura\" target=\"_blank\" href=\"https:\/\/www.estrategiaconcursos.com.br\/cursosPorConcurso\/secretaria-da-fazenda-do-estado-de-minas-gerais-sefaz-mg\/\" role=\"button\" rel=\"noopener noreferrer\">Conhe\u00e7a os cursos<\/a>\n        <\/div>\n      <\/div>\n      \n    <\/div>\n\n  <\/div>\n<\/div>\n\n\n\n<div class=\"container\" id=\"boxes\">\n  <div class=\"row\">\n\n    <div class=\"col-sm\">\n      <div class=\"estrategia\" id=\"box-assinatura\">\n        <h3 class=\"titulo-assinatura\">Assinatura Concursos<\/h3>\n        <p class=\"subtitulo-assinatura\">Assinatura de 1 ano ou 2 anos<\/p>\n        <div class=\"box-botao\">\n          <a class=\"btn-assinatura\" target=\"_blank\" href=\"https:\/\/www.estrategiaconcursos.com.br\/assinaturas\/\" role=\"button\" rel=\"noopener noreferrer\">ASSINE AGORA<\/a>\n        <\/div>\n      <\/div><\/div><\/div><\/div>\n\n\n\n<h2 class=\"has-text-align-center wp-block-heading\" id=\"h-quer-saber-tudo-sobre-concursos-previstos-confira-nossos-artigos\">Quer saber tudo sobre concursos previstos?<br \/>Confira nossos artigos!<\/h2>\n\n\n\n<ul class=\"wp-block-list\">\n<li><a href=\"https:\/\/www.estrategiaconcursos.com.br\/blog\/concursos-abertos\/\" target=\"_blank\" rel=\"noreferrer noopener\">Concursos abertos<\/a><\/li>\n\n\n\n<li><a href=\"https:\/\/www.estrategiaconcursos.com.br\/blog\/concursos-2022\/\" target=\"_blank\" rel=\"noreferrer noopener\">Concursos 2022<\/a><\/li>\n\n\n\n<li><a href=\"https:\/\/www.estrategiaconcursos.com.br\/blog\/concursos-2023\/\" target=\"_blank\" rel=\"noreferrer noopener\">Concursos 2023<\/a><\/li>\n<\/ul>\n","protected":false},"excerpt":{"rendered":"<p>Aten\u00e7\u00e3o, estrategistas! O concurso Sefaz MG oferta 431 vagas para o cargo de Auditor Fiscal. Com as gratifica\u00e7\u00f5es, a remunera\u00e7\u00e3o pode chegar aos R$ 25.291,35! Para te ajudar a garantir uma das vagas, o Estrat\u00e9gia realiza a Monitoria Sefaz MG (P\u00f3s-Edital). Nela, voc\u00ea ter\u00e1 acesso a conte\u00fados e dicas exclusivas para ficar entre os primeiros [&hellip;]<\/p>\n","protected":false},"author":197,"featured_media":1067855,"comment_status":"open","ping_status":"closed","sticky":false,"template":"","format":"standard","meta":{"post_tipo":"news","footnotes":""},"categories":[1983,220219],"tags":[],"tax_estado":[219974],"class_list":["post-1067823","post","type-post","status-publish","format-standard","has-post-thumbnail","hentry","category-fiscal-estadual","category-noticias","tax_estado-mg"],"acf":[],"yoast_head":"<!-- This site is optimized with the Yoast SEO Premium plugin v27.2 (Yoast SEO v27.2) - https:\/\/yoast.com\/product\/yoast-seo-premium-wordpress\/ -->\n<title>Monitoria Sefaz MG (P\u00f3s-Edital): confira a programa\u00e7\u00e3o!<\/title>\n<meta name=\"description\" content=\"N\u00fabia Oliveira e Alan Hirt ministram a Monitoria Sefaz MG (P\u00f3s-Edital) para garantir a sua aprova\u00e7\u00e3o no concurso. A partir de hoje, \u00e0s 18h!\" \/>\n<meta name=\"robots\" content=\"index, follow, max-snippet:-1, max-image-preview:large, max-video-preview:-1\" \/>\n<link rel=\"canonical\" href=\"https:\/\/www.estrategiaconcursos.com.br\/blog\/monitoria-sefaz-mg-pos-edital-confira-a-programacao\/\" \/>\n<meta property=\"og:locale\" content=\"pt_BR\" \/>\n<meta property=\"og:type\" content=\"article\" \/>\n<meta property=\"og:title\" content=\"Monitoria Sefaz MG (P\u00f3s-Edital): confira a programa\u00e7\u00e3o!\" \/>\n<meta property=\"og:description\" content=\"N\u00fabia Oliveira e Alan Hirt ministram a Monitoria Sefaz MG (P\u00f3s-Edital) para garantir a sua aprova\u00e7\u00e3o no concurso. A partir de hoje, \u00e0s 18h!\" \/>\n<meta property=\"og:url\" content=\"https:\/\/www.estrategiaconcursos.com.br\/blog\/monitoria-sefaz-mg-pos-edital-confira-a-programacao\/\" \/>\n<meta property=\"og:site_name\" content=\"Estrat\u00e9gia Concursos\" \/>\n<meta property=\"article:author\" content=\"https:\/\/www.facebook.com\/falecomanubia\/\" \/>\n<meta property=\"article:published_time\" content=\"2022-07-27T20:15:58+00:00\" \/>\n<meta property=\"article:modified_time\" content=\"2023-03-13T14:24:07+00:00\" \/>\n<meta property=\"og:image\" content=\"https:\/\/dhg1h5j42swfq.cloudfront.net\/2022\/07\/27170846\/monitoria-sefaz-mg-pos-edital.png\" \/>\n\t<meta property=\"og:image:width\" content=\"821\" \/>\n\t<meta property=\"og:image:height\" content=\"407\" \/>\n\t<meta property=\"og:image:type\" content=\"image\/png\" \/>\n<meta name=\"author\" content=\"N\u00fabia Oliveira\" \/>\n<meta name=\"twitter:card\" content=\"summary_large_image\" \/>\n<meta name=\"twitter:creator\" content=\"@EstratConcursos\" \/>\n<meta name=\"twitter:site\" content=\"@EstratConcursos\" \/>\n<meta name=\"twitter:label1\" content=\"Escrito por\" \/>\n\t<meta name=\"twitter:data1\" content=\"N\u00fabia Oliveira\" \/>\n\t<meta name=\"twitter:label2\" content=\"Est. tempo de leitura\" \/>\n\t<meta name=\"twitter:data2\" content=\"1 minuto\" \/>\n<script type=\"application\/ld+json\" class=\"yoast-schema-graph\">{\"@context\":\"https:\/\/schema.org\",\"@graph\":[{\"@type\":\"NewsArticle\",\"@id\":\"https:\/\/www.estrategiaconcursos.com.br\/blog\/monitoria-sefaz-mg-pos-edital-confira-a-programacao\/#article\",\"isPartOf\":{\"@id\":\"https:\/\/www.estrategiaconcursos.com.br\/blog\/monitoria-sefaz-mg-pos-edital-confira-a-programacao\/\"},\"author\":{\"name\":\"N\u00fabia Oliveira\",\"@id\":\"https:\/\/www.estrategiaconcursos.com.br\/blog\/#\/schema\/person\/d6f4c1b03ac2b06b602873c327f68586\"},\"headline\":\"Monitoria Sefaz MG (P\u00f3s-Edital): confira a programa\u00e7\u00e3o!\",\"datePublished\":\"2022-07-27T20:15:58+00:00\",\"dateModified\":\"2023-03-13T14:24:07+00:00\",\"mainEntityOfPage\":{\"@id\":\"https:\/\/www.estrategiaconcursos.com.br\/blog\/monitoria-sefaz-mg-pos-edital-confira-a-programacao\/\"},\"wordCount\":177,\"commentCount\":0,\"publisher\":{\"@id\":\"https:\/\/www.estrategiaconcursos.com.br\/blog\/#organization\"},\"image\":{\"@id\":\"https:\/\/www.estrategiaconcursos.com.br\/blog\/monitoria-sefaz-mg-pos-edital-confira-a-programacao\/#primaryimage\"},\"thumbnailUrl\":\"https:\/\/dhg1h5j42swfq.cloudfront.net\/2022\/07\/27170846\/monitoria-sefaz-mg-pos-edital.png\",\"articleSection\":[\"Fiscal - Estadual (ICMS)\",\"\u00daltimas not\u00edcias\"],\"inLanguage\":\"pt-BR\",\"potentialAction\":[{\"@type\":\"CommentAction\",\"name\":\"Comment\",\"target\":[\"https:\/\/www.estrategiaconcursos.com.br\/blog\/monitoria-sefaz-mg-pos-edital-confira-a-programacao\/#respond\"]}],\"copyrightYear\":\"2022\",\"copyrightHolder\":{\"@id\":\"https:\/\/www.estrategiaconcursos.com.br\/blog\/#organization\"}},{\"@type\":\"WebPage\",\"@id\":\"https:\/\/www.estrategiaconcursos.com.br\/blog\/monitoria-sefaz-mg-pos-edital-confira-a-programacao\/\",\"url\":\"https:\/\/www.estrategiaconcursos.com.br\/blog\/monitoria-sefaz-mg-pos-edital-confira-a-programacao\/\",\"name\":\"Monitoria Sefaz MG (P\u00f3s-Edital): confira a programa\u00e7\u00e3o!\",\"isPartOf\":{\"@id\":\"https:\/\/www.estrategiaconcursos.com.br\/blog\/#website\"},\"primaryImageOfPage\":{\"@id\":\"https:\/\/www.estrategiaconcursos.com.br\/blog\/monitoria-sefaz-mg-pos-edital-confira-a-programacao\/#primaryimage\"},\"image\":{\"@id\":\"https:\/\/www.estrategiaconcursos.com.br\/blog\/monitoria-sefaz-mg-pos-edital-confira-a-programacao\/#primaryimage\"},\"thumbnailUrl\":\"https:\/\/dhg1h5j42swfq.cloudfront.net\/2022\/07\/27170846\/monitoria-sefaz-mg-pos-edital.png\",\"datePublished\":\"2022-07-27T20:15:58+00:00\",\"dateModified\":\"2023-03-13T14:24:07+00:00\",\"description\":\"N\u00fabia Oliveira e Alan Hirt ministram a Monitoria Sefaz MG (P\u00f3s-Edital) para garantir a sua aprova\u00e7\u00e3o no concurso. A partir de hoje, \u00e0s 18h!\",\"breadcrumb\":{\"@id\":\"https:\/\/www.estrategiaconcursos.com.br\/blog\/monitoria-sefaz-mg-pos-edital-confira-a-programacao\/#breadcrumb\"},\"inLanguage\":\"pt-BR\",\"potentialAction\":[{\"@type\":\"ReadAction\",\"target\":[\"https:\/\/www.estrategiaconcursos.com.br\/blog\/monitoria-sefaz-mg-pos-edital-confira-a-programacao\/\"]}]},{\"@type\":\"ImageObject\",\"inLanguage\":\"pt-BR\",\"@id\":\"https:\/\/www.estrategiaconcursos.com.br\/blog\/monitoria-sefaz-mg-pos-edital-confira-a-programacao\/#primaryimage\",\"url\":\"https:\/\/dhg1h5j42swfq.cloudfront.net\/2022\/07\/27170846\/monitoria-sefaz-mg-pos-edital.png\",\"contentUrl\":\"https:\/\/dhg1h5j42swfq.cloudfront.net\/2022\/07\/27170846\/monitoria-sefaz-mg-pos-edital.png\",\"width\":821,\"height\":407},{\"@type\":\"BreadcrumbList\",\"@id\":\"https:\/\/www.estrategiaconcursos.com.br\/blog\/monitoria-sefaz-mg-pos-edital-confira-a-programacao\/#breadcrumb\",\"itemListElement\":[{\"@type\":\"ListItem\",\"position\":1,\"name\":\"In\u00edcio\",\"item\":\"https:\/\/www.estrategiaconcursos.com.br\/blog\/\"},{\"@type\":\"ListItem\",\"position\":2,\"name\":\"Monitoria Sefaz MG (P\u00f3s-Edital): confira a programa\u00e7\u00e3o!\"}]},{\"@type\":\"WebSite\",\"@id\":\"https:\/\/www.estrategiaconcursos.com.br\/blog\/#website\",\"url\":\"https:\/\/www.estrategiaconcursos.com.br\/blog\/\",\"name\":\"Estrat\u00e9gia Concursos\",\"description\":\"O blog da Estrat\u00e9gia Concursos traz not\u00edcias sobre concursos e artigos de professores oferecendo cursos para concursos (pdf + videaulas) no site.\",\"publisher\":{\"@id\":\"https:\/\/www.estrategiaconcursos.com.br\/blog\/#organization\"},\"potentialAction\":[{\"@type\":\"SearchAction\",\"target\":{\"@type\":\"EntryPoint\",\"urlTemplate\":\"https:\/\/www.estrategiaconcursos.com.br\/blog\/?s={search_term_string}\"},\"query-input\":{\"@type\":\"PropertyValueSpecification\",\"valueRequired\":true,\"valueName\":\"search_term_string\"}}],\"inLanguage\":\"pt-BR\"},{\"@type\":\"Organization\",\"@id\":\"https:\/\/www.estrategiaconcursos.com.br\/blog\/#organization\",\"name\":\"Estrat\u00e9gia Concursos\",\"url\":\"https:\/\/www.estrategiaconcursos.com.br\/blog\/\",\"logo\":{\"@type\":\"ImageObject\",\"inLanguage\":\"pt-BR\",\"@id\":\"https:\/\/www.estrategiaconcursos.com.br\/blog\/#\/schema\/logo\/image\/\",\"url\":\"https:\/\/dhg1h5j42swfq.cloudfront.net\/2025\/06\/03203428\/logo_concursos-1.jpg\",\"contentUrl\":\"https:\/\/dhg1h5j42swfq.cloudfront.net\/2025\/06\/03203428\/logo_concursos-1.jpg\",\"width\":230,\"height\":60,\"caption\":\"Estrat\u00e9gia Concursos\"},\"image\":{\"@id\":\"https:\/\/www.estrategiaconcursos.com.br\/blog\/#\/schema\/logo\/image\/\"},\"sameAs\":[\"https:\/\/x.com\/EstratConcursos\"]},{\"@type\":\"Person\",\"@id\":\"https:\/\/www.estrategiaconcursos.com.br\/blog\/#\/schema\/person\/d6f4c1b03ac2b06b602873c327f68586\",\"name\":\"N\u00fabia Oliveira\",\"image\":{\"@type\":\"ImageObject\",\"inLanguage\":\"pt-BR\",\"@id\":\"https:\/\/secure.gravatar.com\/avatar\/fde4e33620930fc4852cd1160329344ea38cacd5affe65e94eaca2a8ff832e96?s=96&d=mm&r=g\",\"url\":\"https:\/\/secure.gravatar.com\/avatar\/fde4e33620930fc4852cd1160329344ea38cacd5affe65e94eaca2a8ff832e96?s=96&d=mm&r=g\",\"contentUrl\":\"https:\/\/secure.gravatar.com\/avatar\/fde4e33620930fc4852cd1160329344ea38cacd5affe65e94eaca2a8ff832e96?s=96&d=mm&r=g\",\"caption\":\"N\u00fabia Oliveira\"},\"description\":\"Canal no YouTube: https:\/\/www.youtube.com\/c\/NubiaOliveiraCoach Instagram: nuby13 Facebook: https:\/\/www.facebook.com\/falandocomanubia Fanpage: https:\/\/www.facebook.com\/falecomanubia\/ Minha Hist\u00f3ria: https:\/\/www.estrategiaconcursos.com.br\/blog\/depoimento\/nubia-oliveira-67a-colocada-afrfb-5\/\",\"sameAs\":[\"https:\/\/www.youtube.com\/c\/NubiaOliveiraCoach\",\"https:\/\/www.facebook.com\/falecomanubia\/\",\"https:\/\/www.instagram.com\/nubia.coach\/\"],\"url\":\"https:\/\/www.estrategiaconcursos.com.br\/blog\/author\/nubiaoliveiraestrategiaconcursos-com-br\/\"}]}<\/script>\n<!-- \/ Yoast SEO Premium plugin. -->","yoast_head_json":{"title":"Monitoria Sefaz MG (P\u00f3s-Edital): confira a programa\u00e7\u00e3o!","description":"N\u00fabia Oliveira e Alan Hirt ministram a Monitoria Sefaz MG (P\u00f3s-Edital) para garantir a sua aprova\u00e7\u00e3o no concurso. A partir de hoje, \u00e0s 18h!","robots":{"index":"index","follow":"follow","max-snippet":"max-snippet:-1","max-image-preview":"max-image-preview:large","max-video-preview":"max-video-preview:-1"},"canonical":"https:\/\/www.estrategiaconcursos.com.br\/blog\/monitoria-sefaz-mg-pos-edital-confira-a-programacao\/","og_locale":"pt_BR","og_type":"article","og_title":"Monitoria Sefaz MG (P\u00f3s-Edital): confira a programa\u00e7\u00e3o!","og_description":"N\u00fabia Oliveira e Alan Hirt ministram a Monitoria Sefaz MG (P\u00f3s-Edital) para garantir a sua aprova\u00e7\u00e3o no concurso. A partir de hoje, \u00e0s 18h!","og_url":"https:\/\/www.estrategiaconcursos.com.br\/blog\/monitoria-sefaz-mg-pos-edital-confira-a-programacao\/","og_site_name":"Estrat\u00e9gia Concursos","article_author":"https:\/\/www.facebook.com\/falecomanubia\/","article_published_time":"2022-07-27T20:15:58+00:00","article_modified_time":"2023-03-13T14:24:07+00:00","og_image":[{"width":821,"height":407,"url":"https:\/\/dhg1h5j42swfq.cloudfront.net\/2022\/07\/27170846\/monitoria-sefaz-mg-pos-edital.png","type":"image\/png"}],"author":"N\u00fabia Oliveira","twitter_card":"summary_large_image","twitter_creator":"@EstratConcursos","twitter_site":"@EstratConcursos","twitter_misc":{"Escrito por":"N\u00fabia Oliveira","Est. tempo de leitura":"1 minuto"},"schema":{"@context":"https:\/\/schema.org","@graph":[{"@type":"NewsArticle","@id":"https:\/\/www.estrategiaconcursos.com.br\/blog\/monitoria-sefaz-mg-pos-edital-confira-a-programacao\/#article","isPartOf":{"@id":"https:\/\/www.estrategiaconcursos.com.br\/blog\/monitoria-sefaz-mg-pos-edital-confira-a-programacao\/"},"author":{"name":"N\u00fabia Oliveira","@id":"https:\/\/www.estrategiaconcursos.com.br\/blog\/#\/schema\/person\/d6f4c1b03ac2b06b602873c327f68586"},"headline":"Monitoria Sefaz MG (P\u00f3s-Edital): confira a programa\u00e7\u00e3o!","datePublished":"2022-07-27T20:15:58+00:00","dateModified":"2023-03-13T14:24:07+00:00","mainEntityOfPage":{"@id":"https:\/\/www.estrategiaconcursos.com.br\/blog\/monitoria-sefaz-mg-pos-edital-confira-a-programacao\/"},"wordCount":177,"commentCount":0,"publisher":{"@id":"https:\/\/www.estrategiaconcursos.com.br\/blog\/#organization"},"image":{"@id":"https:\/\/www.estrategiaconcursos.com.br\/blog\/monitoria-sefaz-mg-pos-edital-confira-a-programacao\/#primaryimage"},"thumbnailUrl":"https:\/\/dhg1h5j42swfq.cloudfront.net\/2022\/07\/27170846\/monitoria-sefaz-mg-pos-edital.png","articleSection":["Fiscal - Estadual (ICMS)","\u00daltimas not\u00edcias"],"inLanguage":"pt-BR","potentialAction":[{"@type":"CommentAction","name":"Comment","target":["https:\/\/www.estrategiaconcursos.com.br\/blog\/monitoria-sefaz-mg-pos-edital-confira-a-programacao\/#respond"]}],"copyrightYear":"2022","copyrightHolder":{"@id":"https:\/\/www.estrategiaconcursos.com.br\/blog\/#organization"}},{"@type":"WebPage","@id":"https:\/\/www.estrategiaconcursos.com.br\/blog\/monitoria-sefaz-mg-pos-edital-confira-a-programacao\/","url":"https:\/\/www.estrategiaconcursos.com.br\/blog\/monitoria-sefaz-mg-pos-edital-confira-a-programacao\/","name":"Monitoria Sefaz MG (P\u00f3s-Edital): confira a programa\u00e7\u00e3o!","isPartOf":{"@id":"https:\/\/www.estrategiaconcursos.com.br\/blog\/#website"},"primaryImageOfPage":{"@id":"https:\/\/www.estrategiaconcursos.com.br\/blog\/monitoria-sefaz-mg-pos-edital-confira-a-programacao\/#primaryimage"},"image":{"@id":"https:\/\/www.estrategiaconcursos.com.br\/blog\/monitoria-sefaz-mg-pos-edital-confira-a-programacao\/#primaryimage"},"thumbnailUrl":"https:\/\/dhg1h5j42swfq.cloudfront.net\/2022\/07\/27170846\/monitoria-sefaz-mg-pos-edital.png","datePublished":"2022-07-27T20:15:58+00:00","dateModified":"2023-03-13T14:24:07+00:00","description":"N\u00fabia Oliveira e Alan Hirt ministram a Monitoria Sefaz MG (P\u00f3s-Edital) para garantir a sua aprova\u00e7\u00e3o no concurso. A partir de hoje, \u00e0s 18h!","breadcrumb":{"@id":"https:\/\/www.estrategiaconcursos.com.br\/blog\/monitoria-sefaz-mg-pos-edital-confira-a-programacao\/#breadcrumb"},"inLanguage":"pt-BR","potentialAction":[{"@type":"ReadAction","target":["https:\/\/www.estrategiaconcursos.com.br\/blog\/monitoria-sefaz-mg-pos-edital-confira-a-programacao\/"]}]},{"@type":"ImageObject","inLanguage":"pt-BR","@id":"https:\/\/www.estrategiaconcursos.com.br\/blog\/monitoria-sefaz-mg-pos-edital-confira-a-programacao\/#primaryimage","url":"https:\/\/dhg1h5j42swfq.cloudfront.net\/2022\/07\/27170846\/monitoria-sefaz-mg-pos-edital.png","contentUrl":"https:\/\/dhg1h5j42swfq.cloudfront.net\/2022\/07\/27170846\/monitoria-sefaz-mg-pos-edital.png","width":821,"height":407},{"@type":"BreadcrumbList","@id":"https:\/\/www.estrategiaconcursos.com.br\/blog\/monitoria-sefaz-mg-pos-edital-confira-a-programacao\/#breadcrumb","itemListElement":[{"@type":"ListItem","position":1,"name":"In\u00edcio","item":"https:\/\/www.estrategiaconcursos.com.br\/blog\/"},{"@type":"ListItem","position":2,"name":"Monitoria Sefaz MG (P\u00f3s-Edital): confira a programa\u00e7\u00e3o!"}]},{"@type":"WebSite","@id":"https:\/\/www.estrategiaconcursos.com.br\/blog\/#website","url":"https:\/\/www.estrategiaconcursos.com.br\/blog\/","name":"Estrat\u00e9gia Concursos","description":"O blog da Estrat\u00e9gia Concursos traz not\u00edcias sobre concursos e artigos de professores oferecendo cursos para concursos (pdf + videaulas) no site.","publisher":{"@id":"https:\/\/www.estrategiaconcursos.com.br\/blog\/#organization"},"potentialAction":[{"@type":"SearchAction","target":{"@type":"EntryPoint","urlTemplate":"https:\/\/www.estrategiaconcursos.com.br\/blog\/?s={search_term_string}"},"query-input":{"@type":"PropertyValueSpecification","valueRequired":true,"valueName":"search_term_string"}}],"inLanguage":"pt-BR"},{"@type":"Organization","@id":"https:\/\/www.estrategiaconcursos.com.br\/blog\/#organization","name":"Estrat\u00e9gia Concursos","url":"https:\/\/www.estrategiaconcursos.com.br\/blog\/","logo":{"@type":"ImageObject","inLanguage":"pt-BR","@id":"https:\/\/www.estrategiaconcursos.com.br\/blog\/#\/schema\/logo\/image\/","url":"https:\/\/dhg1h5j42swfq.cloudfront.net\/2025\/06\/03203428\/logo_concursos-1.jpg","contentUrl":"https:\/\/dhg1h5j42swfq.cloudfront.net\/2025\/06\/03203428\/logo_concursos-1.jpg","width":230,"height":60,"caption":"Estrat\u00e9gia Concursos"},"image":{"@id":"https:\/\/www.estrategiaconcursos.com.br\/blog\/#\/schema\/logo\/image\/"},"sameAs":["https:\/\/x.com\/EstratConcursos"]},{"@type":"Person","@id":"https:\/\/www.estrategiaconcursos.com.br\/blog\/#\/schema\/person\/d6f4c1b03ac2b06b602873c327f68586","name":"N\u00fabia Oliveira","image":{"@type":"ImageObject","inLanguage":"pt-BR","@id":"https:\/\/secure.gravatar.com\/avatar\/fde4e33620930fc4852cd1160329344ea38cacd5affe65e94eaca2a8ff832e96?s=96&d=mm&r=g","url":"https:\/\/secure.gravatar.com\/avatar\/fde4e33620930fc4852cd1160329344ea38cacd5affe65e94eaca2a8ff832e96?s=96&d=mm&r=g","contentUrl":"https:\/\/secure.gravatar.com\/avatar\/fde4e33620930fc4852cd1160329344ea38cacd5affe65e94eaca2a8ff832e96?s=96&d=mm&r=g","caption":"N\u00fabia Oliveira"},"description":"Canal no YouTube: https:\/\/www.youtube.com\/c\/NubiaOliveiraCoach Instagram: nuby13 Facebook: https:\/\/www.facebook.com\/falandocomanubia Fanpage: https:\/\/www.facebook.com\/falecomanubia\/ Minha Hist\u00f3ria: https:\/\/www.estrategiaconcursos.com.br\/blog\/depoimento\/nubia-oliveira-67a-colocada-afrfb-5\/","sameAs":["https:\/\/www.youtube.com\/c\/NubiaOliveiraCoach","https:\/\/www.facebook.com\/falecomanubia\/","https:\/\/www.instagram.com\/nubia.coach\/"],"url":"https:\/\/www.estrategiaconcursos.com.br\/blog\/author\/nubiaoliveiraestrategiaconcursos-com-br\/"}]}},"_links":{"self":[{"href":"https:\/\/www.estrategiaconcursos.com.br\/blog\/wp-json\/wp\/v2\/posts\/1067823","targetHints":{"allow":["GET"]}}],"collection":[{"href":"https:\/\/www.estrategiaconcursos.com.br\/blog\/wp-json\/wp\/v2\/posts"}],"about":[{"href":"https:\/\/www.estrategiaconcursos.com.br\/blog\/wp-json\/wp\/v2\/types\/post"}],"author":[{"embeddable":true,"href":"https:\/\/www.estrategiaconcursos.com.br\/blog\/wp-json\/wp\/v2\/users\/197"}],"replies":[{"embeddable":true,"href":"https:\/\/www.estrategiaconcursos.com.br\/blog\/wp-json\/wp\/v2\/comments?post=1067823"}],"version-history":[{"count":7,"href":"https:\/\/www.estrategiaconcursos.com.br\/blog\/wp-json\/wp\/v2\/posts\/1067823\/revisions"}],"predecessor-version":[{"id":1185677,"href":"https:\/\/www.estrategiaconcursos.com.br\/blog\/wp-json\/wp\/v2\/posts\/1067823\/revisions\/1185677"}],"wp:featuredmedia":[{"embeddable":true,"href":"https:\/\/www.estrategiaconcursos.com.br\/blog\/wp-json\/wp\/v2\/media\/1067855"}],"wp:attachment":[{"href":"https:\/\/www.estrategiaconcursos.com.br\/blog\/wp-json\/wp\/v2\/media?parent=1067823"}],"wp:term":[{"taxonomy":"category","embeddable":true,"href":"https:\/\/www.estrategiaconcursos.com.br\/blog\/wp-json\/wp\/v2\/categories?post=1067823"},{"taxonomy":"post_tag","embeddable":true,"href":"https:\/\/www.estrategiaconcursos.com.br\/blog\/wp-json\/wp\/v2\/tags?post=1067823"},{"taxonomy":"tax_estado","embeddable":true,"href":"https:\/\/www.estrategiaconcursos.com.br\/blog\/wp-json\/wp\/v2\/tax_estado?post=1067823"}],"curies":[{"name":"wp","href":"https:\/\/api.w.org\/{rel}","templated":true}]}}