{"id":1067788,"date":"2022-07-29T18:00:00","date_gmt":"2022-07-29T21:00:00","guid":{"rendered":"https:\/\/www.estrategiaconcursos.com.br\/blog\/?p=1067788"},"modified":"2022-08-04T08:55:23","modified_gmt":"2022-08-04T11:55:23","slug":"concurso-publico-editais-da-semana-25-a-29-07","status":"publish","type":"post","link":"https:\/\/www.estrategiaconcursos.com.br\/blog\/concurso-publico-editais-da-semana-25-a-29-07\/","title":{"rendered":"Concurso P\u00fablico: 13 editais esta semana; Mais de 15 mil vagas"},"content":{"rendered":"\n<p>Encerramos a \u00faltima semana do m\u00eas de julho com um saldo de <strong>mais de 15 mil novas vagas<\/strong>. Grande parte dessas oportunidades diz respeito ao processo seletivo simplificado do IBGE, que busca complementar as  vagas ainda n\u00e3o preenchidas para atua\u00e7\u00e3o no Censo Demogr\u00e1fico 2022.<\/p>\n\n\n\n<p>Al\u00e9m do pss, tamb\u00e9m foram publicados diversos editais de concursos para Prefeituras e C\u00e2maras Municipais, Conselhos Regionais e Resid\u00eancias M\u00e9dicas ao longo da semana.<\/p>\n\n\n\n<p>Quer ficar informado sobre TODOS os <a href=\"https:\/\/www.estrategiaconcursos.com.br\/blog\/concursos-abertos\/\" target=\"_blank\" rel=\"noreferrer noopener\">novos editais de concursos<\/a> publicados nos \u00faltimos dias? <em><strong>Confira mais informa\u00e7\u00f5es ao longo deste artigo!<\/strong><\/em>  <\/p>\n\n\n\n<div class=\"container\" id=\"boxes\">\n  <div class=\"row\">\n\n    <div class=\"col-sm\">\n      <div class=\"banner-estrategia\" id=\"box-assinatura\">\n        <h3 class=\"titulo-assinatura\">Cursos para concursos<\/h3>\n        <p class=\"subtitulo-assinatura\">Estude conosco<\/p>\n        <div class=\"box-botao\">\n          <a class=\"btn-assinatura\" target=\"_blank\" href=\"https:\/\/www.estrategiaconcursos.com.br\/cursos\/\" role=\"button\" rel=\"noopener noreferrer\">Conhe\u00e7a os cursos<\/a>\n        <\/div>\n      <\/div>\n     \n    <\/div>\n\n  <\/div>\n<\/div>\n\n\n\n<h2 class=\"has-text-align-center has-cyan-bluish-gray-background-color has-background wp-block-heading\" id=\"h-confira-os-editais-de-concursos-publicados-nesta-semana\">Confira os editais de concursos publicados nesta semana:<\/h2>\n\n\n\n<h3 class=\"wp-block-heading\" id=\"h-concurso-seplag-mg\"><a href=\"https:\/\/www.estrategiaconcursos.com.br\/blog\/concurso-seplag-mg\/\" target=\"_blank\" rel=\"noreferrer noopener\">Concurso Seplag MG<\/a><\/h3>\n\n\n\n<ul class=\"wp-block-list\"><li><strong>Banca:<\/strong>&nbsp;Funda\u00e7\u00e3o CEFETMINAS<\/li><li><strong>Per\u00edodo de inscri\u00e7\u00f5es<\/strong>: 26\/09 a 13\/10\/2022<\/li><li><strong>Data da prova<\/strong>: 13 e 20\/11\/2022 (ENEM)<\/li><li><strong>Vagas:<\/strong>&nbsp;40<\/li><li><strong>Cargo:<\/strong>&nbsp;Especialista em Pol\u00edticas P\u00fablicas e Gest\u00e3o Governamental&nbsp;<\/li><li><strong>Remunera\u00e7\u00e3o<\/strong>: R$ 5.147,18<\/li><li><strong>Edital:<\/strong>&nbsp;<a href=\"https:\/\/dhg1h5j42swfq.cloudfront.net\/2022\/07\/27135539\/202286637945104390375091.pdf\" target=\"_blank\" rel=\"noreferrer noopener nofollow\">Edital Seplag MG 2022<\/a><\/li><li><a href=\"https:\/\/www.estrategiavestibulares.com.br\/vestibulares\/enem\/\" target=\"_blank\" rel=\"noreferrer noopener\">Cursos Seplag MG\/ENEM<\/a><\/li><\/ul>\n\n\n\n<h3 class=\"wp-block-heading\" id=\"h-concurso-crf-sp\"><a href=\"https:\/\/www.estrategiaconcursos.com.br\/blog\/concurso-crf-sp-edital-publicado\/\" target=\"_blank\" rel=\"noreferrer noopener\">Concurso CRF SP<\/a><\/h3>\n\n\n\n<ul class=\"wp-block-list\"><li><strong>Banca:<\/strong>&nbsp;<a href=\"https:\/\/www.nossorumo.org.br\/\" target=\"_blank\" rel=\"noreferrer noopener\">Instituto Nosso Rumo<\/a><\/li><li><strong>Per\u00edodo de inscri\u00e7\u00f5es<\/strong>: 04\/08 a 12\/09\/2022<\/li><li><strong>Data da prova<\/strong>: 16\/10\/2022<\/li><li><strong>Vagas:<\/strong>&nbsp;11 + CR<\/li><li><strong>Cargos:<\/strong>&nbsp;V\u00e1rios<\/li><li><strong>Remunera\u00e7\u00e3o<\/strong>: R$ 3.184,36 a R$ 9.229,11<\/li><li><strong>Edital:<\/strong>&nbsp;<a href=\"https:\/\/dhg1h5j42swfq.cloudfront.net\/2022\/07\/25070020\/edital-crf-sp.pdf\" target=\"_blank\" rel=\"noreferrer noopener nofollow\">Edital CRF SP<\/a><\/li><li><a href=\"https:\/\/www.estrategiaconcursos.com.br\/cursosPorConcurso\/conselho-regional-de-farmacia-de-sao-paulo-crf-sp\/\" target=\"_blank\" rel=\"noreferrer noopener\">Cursos CRF SP<\/a><\/li><\/ul>\n\n\n\n<h3 class=\"wp-block-heading\" id=\"h-concurso-prefeitura-de-santana-de-parnaiba-sp\"><a href=\"https:\/\/www.estrategiaconcursos.com.br\/blog\/concurso-prefeitura-santana-de-parnaiba\/\" target=\"_blank\" rel=\"noreferrer noopener\">Concurso Prefeitura de Santana de Parna\u00edba<\/a> (SP)<\/h3>\n\n\n\n<ul class=\"wp-block-list\"><li><strong>Banca:<\/strong>&nbsp;<a href=\"https:\/\/www.institutomais.org.br\/Concursos\/ConcursosAbertos\" target=\"_blank\" rel=\"noreferrer noopener\">Instituto Mais<\/a><\/li><li><strong>Per\u00edodo de inscri\u00e7\u00f5es<\/strong>: 1\u00ba a 30\/08\/2022<\/li><li><strong>Data da prova<\/strong>: 25\/09\/2022<\/li><li><strong>Vagas:<\/strong>&nbsp;17 + CR<\/li><li><strong>Cargos:<\/strong>&nbsp;V\u00e1rios<\/li><li><strong>Remunera\u00e7\u00e3o<\/strong>: R$ 1.406,07 a R$ 13.130,17<\/li><li><strong>Edital:<\/strong>&nbsp;<a href=\"https:\/\/dhg1h5j42swfq.cloudfront.net\/2022\/07\/29140326\/pmsparnaiba_edital-abertura_cp_07_2022_publicacao_29_07_2022.pdf\" target=\"_blank\" rel=\"noreferrer noopener nofollow\">Edital Santana de Parna\u00edba<\/a><\/li><li><a href=\"https:\/\/www.estrategiaconcursos.com.br\/cursosPorConcurso\/prefeitura-municipal-de-granja-ce\/\" target=\"_blank\" rel=\"noreferrer noopener\">Cursos Pref. Santana de Parna\u00edba<\/a><\/li><\/ul>\n\n\n\n<h3 class=\"wp-block-heading\" id=\"h-concurso-prefeitura-de-granja-ce\"><a href=\"https:\/\/www.estrategiaconcursos.com.br\/blog\/concurso-prefeitura-granja-ce\/\" target=\"_blank\" rel=\"noreferrer noopener\">Concurso Prefeitura de Granja<\/a>&nbsp;(CE)<\/h3>\n\n\n\n<ul class=\"wp-block-list\"><li><strong>Banca:<\/strong>&nbsp;<a href=\"https:\/\/home.universidadepatativa.com.br\/\" target=\"_blank\" rel=\"noreferrer noopener\">UPA<\/a><\/li><li><strong>Per\u00edodo de inscri\u00e7\u00f5es<\/strong>: 17\/08 a 09\/10\/2022<\/li><li><strong>Data da prova<\/strong>: 06\/11\/2022<\/li><li><strong>Vagas:<\/strong>&nbsp;228<\/li><li><strong>Cargos:<\/strong>&nbsp;V\u00e1rios<\/li><li><strong>Remunera\u00e7\u00e3o<\/strong>: R$ 1.100,00 a R$ 12.000,00<\/li><li><strong>Editais:<\/strong>&nbsp;<a href=\"https:\/\/dhg1h5j42swfq.cloudfront.net\/2022\/07\/29080048\/concurso-granja-ce-edital-i-publicado-2022.pdf\" target=\"_blank\" rel=\"noreferrer noopener nofollow\">Cargos gerais<\/a>&nbsp;|&nbsp;<a href=\"https:\/\/dhg1h5j42swfq.cloudfront.net\/2022\/07\/29080122\/concurso-granja-ce-edital-ii-publicado-2022-1.pdf\" target=\"_blank\" rel=\"noreferrer noopener nofollow\">GCM e Agente<\/a><\/li><li><a href=\"https:\/\/www.estrategiaconcursos.com.br\/cursosPorConcurso\/prefeitura-municipal-de-granja-ce\/\" target=\"_blank\" rel=\"noreferrer noopener\">Cursos Pref. Granja<\/a><\/li><\/ul>\n\n\n\n<h3 class=\"wp-block-heading\" id=\"h-concurso-prefeitura-de-santa-barbara-d-oeste-sp\"><a href=\"https:\/\/www.estrategiaconcursos.com.br\/blog\/concurso-santa-barbara-doeste\/\" target=\"_blank\" rel=\"noreferrer noopener\">Concurso Prefeitura de Santa B\u00e1rbara D\u2019Oeste<\/a>&nbsp;(SP)<\/h3>\n\n\n\n<ul class=\"wp-block-list\"><li><strong>Banca:<\/strong>&nbsp;<a href=\"https:\/\/portal.iuds.org.br\/edital\" target=\"_blank\" rel=\"noreferrer noopener\">IUDS<\/a><\/li><li><strong>Per\u00edodo de inscri\u00e7\u00f5es<\/strong>: at\u00e9 28\/08 (edital 01) e 04\/09 (edital 02)<\/li><li><strong>Data da prova<\/strong>: 11 e 18\/09\/2022<\/li><li><strong>Vagas:<\/strong>&nbsp;09 + CR<\/li><li><strong>Cargos:<\/strong>&nbsp;V\u00e1rios<\/li><li><strong>Remunera\u00e7\u00e3o<\/strong>: R$ 1.244,55 a R$ 3.215,06<\/li><li><strong>Editais:<\/strong>&nbsp;<a href=\"https:\/\/dhg1h5j42swfq.cloudfront.net\/2022\/07\/25105552\/ed6f33f7c1d0936cea9b46c5729bf349.pdf\" target=\"_blank\" rel=\"noreferrer noopener nofollow\">Edital n\u00ba 01<\/a>&nbsp;|&nbsp;<a href=\"https:\/\/dhg1h5j42swfq.cloudfront.net\/2022\/07\/25105612\/3e5a29cb9110f4bb578b757e7d5b1316.pdf\" target=\"_blank\" rel=\"noreferrer noopener nofollow\">Edital n\u00ba 02<\/a><\/li><\/ul>\n\n\n\n<h3 class=\"wp-block-heading\" id=\"h-concurso-prefeitura-de-bertioga-sp\"><a href=\"https:\/\/www.estrategiaconcursos.com.br\/blog\/concurso-prefeitura-de-bertioga-educacao\/\" target=\"_blank\" rel=\"noreferrer noopener\">Concurso Prefeitura de Bertioga<\/a>&nbsp;(SP)<\/h3>\n\n\n\n<ul class=\"wp-block-list\"><li><strong>Banca:<\/strong>&nbsp;<a href=\"https:\/\/www.ibamsp-concursos.org.br\/site\/concursos\/documentos\/672\" target=\"_blank\" rel=\"noreferrer noopener\">IBAM<\/a><\/li><li><strong>Per\u00edodo de inscri\u00e7\u00f5es<\/strong>: at\u00e9 25\/08\/2022<\/li><li><strong>Data da prova<\/strong>: 18\/09\/2022<\/li><li><strong>Vagas:<\/strong>&nbsp;56<\/li><li><strong>Cargos:<\/strong>&nbsp;Professor, Inspetor de Alunos e T\u00e9cnico em Seguran\u00e7a do Trabalho<\/li><li><strong>Remunera\u00e7\u00e3o<\/strong>: R$ 2.203,71 a R$ 4.755,46<\/li><li><strong>Edital:<\/strong>&nbsp;<a href=\"https:\/\/dhg1h5j42swfq.cloudfront.net\/2022\/07\/25150552\/01-edital-de-abertura-3.pdf\" target=\"_blank\" rel=\"noreferrer noopener nofollow\">Edital Bertioga<\/a><\/li><\/ul>\n\n\n\n<h3 class=\"wp-block-heading\" id=\"h-concurso-camara-de-taubate-sp\"><a href=\"https:\/\/www.estrategiaconcursos.com.br\/blog\/concurso-camara-de-taubate\/\" target=\"_blank\" rel=\"noreferrer noopener\">Concurso C\u00e2mara de Taubat\u00e9<\/a>&nbsp;(SP)<\/h3>\n\n\n\n<ul class=\"wp-block-list\"><li><strong>Banca:<\/strong>&nbsp;<a href=\"https:\/\/conhecimento.fgv.br\/concursos\/cmt22\" target=\"_blank\" rel=\"noreferrer noopener\">FGV<\/a><\/li><li><strong>Per\u00edodo de inscri\u00e7\u00f5es<\/strong>: at\u00e9 25\/08\/2022<\/li><li><strong>Data da prova<\/strong>: 16\/10\/2022<\/li><li><strong>Vagas:<\/strong>&nbsp;15 + CR<\/li><li><strong>Cargos:<\/strong>&nbsp;V\u00e1rios<\/li><li><strong>Remunera\u00e7\u00e3o<\/strong>: R$ 2.277,74 a R$ 9.687,61<\/li><li><strong>Editais:<\/strong>&nbsp;<a href=\"https:\/\/dhg1h5j42swfq.cloudfront.net\/2022\/07\/25115946\/minuta_edital_01_de_abertura_cmt_.pdf\" target=\"_blank\" rel=\"noreferrer noopener nofollow\">C\u00e2mara de Taubat\u00e9-01<\/a>&nbsp;|&nbsp;<a href=\"https:\/\/dhg1h5j42swfq.cloudfront.net\/2022\/07\/25115952\/minuta_edital_02_de_abertura_cmt.pdf\" target=\"_blank\" rel=\"noreferrer noopener nofollow\">C\u00e2mara de Taubat\u00e9-02<\/a><\/li><li><a href=\"https:\/\/www.estrategiaconcursos.com.br\/cursosPorConcurso\/camara-municipal-de-taubate-sp\/\" target=\"_blank\" rel=\"noreferrer noopener\">Cursos C\u00e2mara Taubat\u00e9<\/a><\/li><\/ul>\n\n\n\n<h3 class=\"wp-block-heading\" id=\"h-concurso-santa-casa-de-ribeirao-preto-sp\"><a href=\"https:\/\/www.estrategiaconcursos.com.br\/blog\/residencia-medica-ribeirao-preto\/\" target=\"_blank\" rel=\"noreferrer noopener\">Concurso Santa Casa de Ribeir\u00e3o Preto<\/a>&nbsp;(SP)<\/h3>\n\n\n\n<ul class=\"wp-block-list\"><li><strong>Banca:<\/strong>&nbsp;<a href=\"https:\/\/www.vunesp.com.br\/SCRP2201\" target=\"_blank\" rel=\"noreferrer noopener\">Vunesp<\/a><\/li><li><strong>Per\u00edodo de inscri\u00e7\u00f5es<\/strong>: 08\/08 a 12\/09\/2022<\/li><li><strong>Data da prova<\/strong>: 06\/11\/2022<\/li><li><strong>Vagas:<\/strong>&nbsp;67<\/li><li><strong>Cargos:<\/strong>&nbsp;V\u00e1rios<\/li><li><strong>Remunera\u00e7\u00e3o<\/strong>: R$ 4.106,09<\/li><li><strong>Edital:<\/strong>&nbsp;<a href=\"https:\/\/dhg1h5j42swfq.cloudfront.net\/2022\/07\/25114707\/rp.pdf\" target=\"_blank\" rel=\"noreferrer noopener nofollow\">Resid\u00eancia Ribeir\u00e3o Preto \u2013 2023<\/a><\/li><li><a href=\"https:\/\/www.estrategiaconcursos.com.br\/cursosPorConcurso\/preparatorios-para-residencias\/\" target=\"_blank\" rel=\"noreferrer noopener\">Cursos para Resid\u00eancia M\u00e9dica<\/a><\/li><\/ul>\n\n\n\n<h3 class=\"wp-block-heading\" id=\"h-concurso-residencia-hospital-naval-marcilio-dias-rj\"><a href=\"https:\/\/www.estrategiaconcursos.com.br\/blog\/residencia-hnmd\/\" target=\"_blank\" rel=\"noreferrer noopener\">Concurso Resid\u00eancia Hospital Naval Marc\u00edlio Dias<\/a>&nbsp;(RJ)<\/h3>\n\n\n\n<ul class=\"wp-block-list\"><li><strong>Banca:<\/strong>&nbsp;<a href=\"https:\/\/www.estrategiaconcursos.com.br\/blog\/residencia-hnmd\/\" target=\"_blank\" rel=\"noreferrer noopener\">Marinha<\/a><\/li><li><strong>Per\u00edodo de inscri\u00e7\u00f5es<\/strong>: 22\/08 a 05\/09\/2022<\/li><li><strong>Data da prova<\/strong>: 05\/11\/2022<\/li><li><strong>Vagas:<\/strong>&nbsp;20<\/li><li><strong>Cargos:<\/strong>&nbsp;\u00e1rea de Enfermagem Cl\u00ednica e Cir\u00fargica<\/li><li><strong>Remunera\u00e7\u00e3o<\/strong>: R$ 4.106,09<\/li><li><strong>Edital:<\/strong>&nbsp;<a href=\"https:\/\/dhg1h5j42swfq.cloudfront.net\/2022\/07\/28082147\/edital-publicado-residencia-enfermagem-hnmd-1.pdf\" target=\"_blank\" rel=\"noreferrer noopener nofollow\">Resid\u00eancia HNMD<\/a><\/li><li><a href=\"https:\/\/www.estrategiaconcursos.com.br\/cursosPorConcurso\/preparatorios-para-residencias\/\" target=\"_blank\" rel=\"noreferrer noopener\">Cursos para Resid\u00eancia M\u00e9dica<\/a><\/li><\/ul>\n\n\n\n<h3 class=\"wp-block-heading\" id=\"h-processo-seletivo-ibge\"><a href=\"https:\/\/www.estrategiaconcursos.com.br\/blog\/concurso-ibge-edital-publicado-pss-recenseador\/\" target=\"_blank\" rel=\"noreferrer noopener\">Processo seletivo IBGE<\/a><\/h3>\n\n\n\n<ul class=\"wp-block-list\"><li><strong>Banca:<\/strong>&nbsp;<a href=\"https:\/\/www.ibge.gov.br\/acesso-informacao\/institucional\/trabalhe-conosco\/34485-2022-14-recenseador.html\" target=\"_blank\" rel=\"noreferrer noopener\">organiza\u00e7\u00e3o pr\u00f3pria<\/a><\/li><li><strong>Per\u00edodo de inscri\u00e7\u00f5es<\/strong>: at\u00e9 01\/08\/2022<\/li><li><strong>Vagas:<\/strong>&nbsp;15.075<\/li><li><strong>Cargos:<\/strong>&nbsp;Recenseador<\/li><li><strong>Remunera\u00e7\u00e3o<\/strong>: por produ\u00e7\u00e3o<\/li><li><strong>Edital:<\/strong>&nbsp;<a href=\"https:\/\/dhg1h5j42swfq.cloudfront.net\/2022\/07\/28093447\/edital_2022_14-rec-versao-completa.pdf\" target=\"_blank\" rel=\"noreferrer noopener nofollow\">Edital pss IBGE<\/a><\/li><\/ul>\n\n\n\n<p class=\"has-text-align-center has-background\" style=\"background-color:#ededed;font-size:clamp(14.642px, 0.915rem + ((1vw - 3.2px) * 0.721), 22px);px\"><strong>Veja tamb\u00e9m: <a href=\"https:\/\/www.estrategiaconcursos.com.br\/blog\/principais-noticias-do-dia\/\" target=\"_blank\" rel=\"noreferrer noopener\">Principais not\u00edcias do dia<\/a><\/strong><\/p>\n\n\n\n<div class=\"container\" id=\"boxes\">\n  <div class=\"row\">\n\n    <div class=\"col-sm\">\n      <div class=\"estrategia\" id=\"box-assinatura\">\n        <h3 class=\"titulo-assinatura\">Assinatura Concursos<\/h3>\n        <p class=\"subtitulo-assinatura\">Assinatura de 1 ano ou 2 anos<\/p>\n        <div class=\"box-botao\">\n          <a class=\"btn-assinatura\" target=\"_blank\" href=\"https:\/\/www.estrategiaconcursos.com.br\/assinaturas\/\" role=\"button\" rel=\"noopener noreferrer\">ASSINE AGORA<\/a>\n        <\/div>\n      <\/div><\/div><\/div><\/div>\n\n\n\n<h2 class=\"has-text-align-center wp-block-heading\" id=\"h-quer-saber-tudo-sobre-concursos-previstos-confira-nossos-artigos\">Quer saber tudo sobre concursos previstos?<br \/>Confira nossos artigos!<\/h2>\n\n\n\n<ul class=\"wp-block-list\" id=\"concurso-publico-editais-esta-semana-03-a-07-01\"><li><a href=\"https:\/\/www.estrategiaconcursos.com.br\/blog\/concursos-abertos\/\" target=\"_blank\" rel=\"noreferrer noopener\">Concursos abertos<\/a><\/li><li><a href=\"https:\/\/www.estrategiaconcursos.com.br\/blog\/concursos-2022\/\" target=\"_blank\" rel=\"noreferrer noopener\">Concursos 2022<\/a><\/li><li><a href=\"https:\/\/www.estrategiaconcursos.com.br\/blog\/concursos-2022\/\" target=\"_blank\" rel=\"noreferrer noopener\">Concursos 2023<\/a><\/li><\/ul>\n","protected":false},"excerpt":{"rendered":"<p>Encerramos a \u00faltima semana do m\u00eas de julho com um saldo de mais de 15 mil novas vagas. Grande parte dessas oportunidades diz respeito ao processo seletivo simplificado do IBGE, que busca complementar as vagas ainda n\u00e3o preenchidas para atua\u00e7\u00e3o no Censo Demogr\u00e1fico 2022. Al\u00e9m do pss, tamb\u00e9m foram publicados diversos editais de concursos para [&hellip;]<\/p>\n","protected":false},"author":659,"featured_media":746120,"comment_status":"open","ping_status":"closed","sticky":false,"template":"","format":"standard","meta":{"post_tipo":"news","footnotes":""},"categories":[1,220219],"tags":[],"tax_estado":[219963],"class_list":["post-1067788","post","type-post","status-publish","format-standard","has-post-thumbnail","hentry","category-cursos-e-concursos","category-noticias","tax_estado-concursos-federais"],"acf":[],"yoast_head":"<!-- This site is optimized with the Yoast SEO Premium plugin v27.2 (Yoast SEO v27.2) - https:\/\/yoast.com\/product\/yoast-seo-premium-wordpress\/ -->\n<title>Concurso P\u00fablico: 13 editais esta semana; Mais de 15 mil vagas<\/title>\n<meta name=\"description\" content=\"Concurso P\u00fablico 2022: 13 editais sa\u00edram ao longo desta semana (25 a 29\/07). Confira n\u00famero de vagas, remunera\u00e7\u00e3o e principais datas.\" \/>\n<meta name=\"robots\" content=\"index, follow, max-snippet:-1, max-image-preview:large, max-video-preview:-1\" \/>\n<link rel=\"canonical\" href=\"https:\/\/www.estrategiaconcursos.com.br\/blog\/concurso-publico-editais-da-semana-25-a-29-07\/\" \/>\n<meta property=\"og:locale\" content=\"pt_BR\" \/>\n<meta property=\"og:type\" content=\"article\" \/>\n<meta property=\"og:title\" content=\"Concurso P\u00fablico: 13 editais esta semana; Mais de 15 mil vagas\" \/>\n<meta property=\"og:description\" content=\"Concurso P\u00fablico 2022: 13 editais sa\u00edram ao longo desta semana (25 a 29\/07). Confira n\u00famero de vagas, remunera\u00e7\u00e3o e principais datas.\" \/>\n<meta property=\"og:url\" content=\"https:\/\/www.estrategiaconcursos.com.br\/blog\/concurso-publico-editais-da-semana-25-a-29-07\/\" \/>\n<meta property=\"og:site_name\" content=\"Estrat\u00e9gia Concursos\" \/>\n<meta property=\"article:published_time\" content=\"2022-07-29T21:00:00+00:00\" \/>\n<meta property=\"article:modified_time\" content=\"2022-08-04T11:55:23+00:00\" \/>\n<meta property=\"og:image\" content=\"https:\/\/dhg1h5j42swfq.cloudfront.net\/2021\/04\/20121239\/2022_concursos.jpeg\" \/>\n\t<meta property=\"og:image:width\" content=\"768\" \/>\n\t<meta property=\"og:image:height\" content=\"432\" \/>\n\t<meta property=\"og:image:type\" content=\"image\/jpeg\" \/>\n<meta name=\"author\" content=\"Camila Leite\" \/>\n<meta name=\"twitter:card\" content=\"summary_large_image\" \/>\n<meta name=\"twitter:creator\" content=\"@EstratConcursos\" \/>\n<meta name=\"twitter:site\" content=\"@EstratConcursos\" \/>\n<meta name=\"twitter:label1\" content=\"Escrito por\" \/>\n\t<meta name=\"twitter:data1\" content=\"Camila Leite\" \/>\n\t<meta name=\"twitter:label2\" content=\"Est. tempo de leitura\" \/>\n\t<meta name=\"twitter:data2\" content=\"3 minutos\" \/>\n<script type=\"application\/ld+json\" class=\"yoast-schema-graph\">{\"@context\":\"https:\/\/schema.org\",\"@graph\":[{\"@type\":\"NewsArticle\",\"@id\":\"https:\/\/www.estrategiaconcursos.com.br\/blog\/concurso-publico-editais-da-semana-25-a-29-07\/#article\",\"isPartOf\":{\"@id\":\"https:\/\/www.estrategiaconcursos.com.br\/blog\/concurso-publico-editais-da-semana-25-a-29-07\/\"},\"author\":{\"name\":\"Camila Leite\",\"@id\":\"https:\/\/www.estrategiaconcursos.com.br\/blog\/#\/schema\/person\/84ecdc6eb58d3cf1689bf76c5cd8fb38\"},\"headline\":\"Concurso P\u00fablico: 13 editais esta semana; Mais de 15 mil vagas\",\"datePublished\":\"2022-07-29T21:00:00+00:00\",\"dateModified\":\"2022-08-04T11:55:23+00:00\",\"mainEntityOfPage\":{\"@id\":\"https:\/\/www.estrategiaconcursos.com.br\/blog\/concurso-publico-editais-da-semana-25-a-29-07\/\"},\"wordCount\":583,\"commentCount\":0,\"publisher\":{\"@id\":\"https:\/\/www.estrategiaconcursos.com.br\/blog\/#organization\"},\"image\":{\"@id\":\"https:\/\/www.estrategiaconcursos.com.br\/blog\/concurso-publico-editais-da-semana-25-a-29-07\/#primaryimage\"},\"thumbnailUrl\":\"https:\/\/dhg1h5j42swfq.cloudfront.net\/2021\/04\/20121239\/2022_concursos.jpeg\",\"articleSection\":[\"Concursos P\u00fablicos\",\"\u00daltimas not\u00edcias\"],\"inLanguage\":\"pt-BR\",\"potentialAction\":[{\"@type\":\"CommentAction\",\"name\":\"Comment\",\"target\":[\"https:\/\/www.estrategiaconcursos.com.br\/blog\/concurso-publico-editais-da-semana-25-a-29-07\/#respond\"]}],\"copyrightYear\":\"2022\",\"copyrightHolder\":{\"@id\":\"https:\/\/www.estrategiaconcursos.com.br\/blog\/#organization\"}},{\"@type\":\"WebPage\",\"@id\":\"https:\/\/www.estrategiaconcursos.com.br\/blog\/concurso-publico-editais-da-semana-25-a-29-07\/\",\"url\":\"https:\/\/www.estrategiaconcursos.com.br\/blog\/concurso-publico-editais-da-semana-25-a-29-07\/\",\"name\":\"Concurso P\u00fablico: 13 editais esta semana; Mais de 15 mil vagas\",\"isPartOf\":{\"@id\":\"https:\/\/www.estrategiaconcursos.com.br\/blog\/#website\"},\"primaryImageOfPage\":{\"@id\":\"https:\/\/www.estrategiaconcursos.com.br\/blog\/concurso-publico-editais-da-semana-25-a-29-07\/#primaryimage\"},\"image\":{\"@id\":\"https:\/\/www.estrategiaconcursos.com.br\/blog\/concurso-publico-editais-da-semana-25-a-29-07\/#primaryimage\"},\"thumbnailUrl\":\"https:\/\/dhg1h5j42swfq.cloudfront.net\/2021\/04\/20121239\/2022_concursos.jpeg\",\"datePublished\":\"2022-07-29T21:00:00+00:00\",\"dateModified\":\"2022-08-04T11:55:23+00:00\",\"description\":\"Concurso P\u00fablico 2022: 13 editais sa\u00edram ao longo desta semana (25 a 29\/07). Confira n\u00famero de vagas, remunera\u00e7\u00e3o e principais datas.\",\"breadcrumb\":{\"@id\":\"https:\/\/www.estrategiaconcursos.com.br\/blog\/concurso-publico-editais-da-semana-25-a-29-07\/#breadcrumb\"},\"inLanguage\":\"pt-BR\",\"potentialAction\":[{\"@type\":\"ReadAction\",\"target\":[\"https:\/\/www.estrategiaconcursos.com.br\/blog\/concurso-publico-editais-da-semana-25-a-29-07\/\"]}]},{\"@type\":\"ImageObject\",\"inLanguage\":\"pt-BR\",\"@id\":\"https:\/\/www.estrategiaconcursos.com.br\/blog\/concurso-publico-editais-da-semana-25-a-29-07\/#primaryimage\",\"url\":\"https:\/\/dhg1h5j42swfq.cloudfront.net\/2021\/04\/20121239\/2022_concursos.jpeg\",\"contentUrl\":\"https:\/\/dhg1h5j42swfq.cloudfront.net\/2021\/04\/20121239\/2022_concursos.jpeg\",\"width\":768,\"height\":432,\"caption\":\"Concursos 2022\"},{\"@type\":\"BreadcrumbList\",\"@id\":\"https:\/\/www.estrategiaconcursos.com.br\/blog\/concurso-publico-editais-da-semana-25-a-29-07\/#breadcrumb\",\"itemListElement\":[{\"@type\":\"ListItem\",\"position\":1,\"name\":\"In\u00edcio\",\"item\":\"https:\/\/www.estrategiaconcursos.com.br\/blog\/\"},{\"@type\":\"ListItem\",\"position\":2,\"name\":\"Concurso P\u00fablico: 13 editais esta semana; Mais de 15 mil vagas\"}]},{\"@type\":\"WebSite\",\"@id\":\"https:\/\/www.estrategiaconcursos.com.br\/blog\/#website\",\"url\":\"https:\/\/www.estrategiaconcursos.com.br\/blog\/\",\"name\":\"Estrat\u00e9gia Concursos\",\"description\":\"O blog da Estrat\u00e9gia Concursos traz not\u00edcias sobre concursos e artigos de professores oferecendo cursos para concursos (pdf + videaulas) no site.\",\"publisher\":{\"@id\":\"https:\/\/www.estrategiaconcursos.com.br\/blog\/#organization\"},\"potentialAction\":[{\"@type\":\"SearchAction\",\"target\":{\"@type\":\"EntryPoint\",\"urlTemplate\":\"https:\/\/www.estrategiaconcursos.com.br\/blog\/?s={search_term_string}\"},\"query-input\":{\"@type\":\"PropertyValueSpecification\",\"valueRequired\":true,\"valueName\":\"search_term_string\"}}],\"inLanguage\":\"pt-BR\"},{\"@type\":\"Organization\",\"@id\":\"https:\/\/www.estrategiaconcursos.com.br\/blog\/#organization\",\"name\":\"Estrat\u00e9gia Concursos\",\"url\":\"https:\/\/www.estrategiaconcursos.com.br\/blog\/\",\"logo\":{\"@type\":\"ImageObject\",\"inLanguage\":\"pt-BR\",\"@id\":\"https:\/\/www.estrategiaconcursos.com.br\/blog\/#\/schema\/logo\/image\/\",\"url\":\"https:\/\/dhg1h5j42swfq.cloudfront.net\/2025\/06\/03203428\/logo_concursos-1.jpg\",\"contentUrl\":\"https:\/\/dhg1h5j42swfq.cloudfront.net\/2025\/06\/03203428\/logo_concursos-1.jpg\",\"width\":230,\"height\":60,\"caption\":\"Estrat\u00e9gia Concursos\"},\"image\":{\"@id\":\"https:\/\/www.estrategiaconcursos.com.br\/blog\/#\/schema\/logo\/image\/\"},\"sameAs\":[\"https:\/\/x.com\/EstratConcursos\"]},{\"@type\":\"Person\",\"@id\":\"https:\/\/www.estrategiaconcursos.com.br\/blog\/#\/schema\/person\/84ecdc6eb58d3cf1689bf76c5cd8fb38\",\"name\":\"Camila Leite\",\"image\":{\"@type\":\"ImageObject\",\"inLanguage\":\"pt-BR\",\"@id\":\"https:\/\/secure.gravatar.com\/avatar\/f2f8faef639c8a2bfb7fb909912a56917f4c3a0aed064500168e2fb8ea55cf61?s=96&d=mm&r=g\",\"url\":\"https:\/\/secure.gravatar.com\/avatar\/f2f8faef639c8a2bfb7fb909912a56917f4c3a0aed064500168e2fb8ea55cf61?s=96&d=mm&r=g\",\"contentUrl\":\"https:\/\/secure.gravatar.com\/avatar\/f2f8faef639c8a2bfb7fb909912a56917f4c3a0aed064500168e2fb8ea55cf61?s=96&d=mm&r=g\",\"caption\":\"Camila Leite\"},\"description\":\"Formada em Design Gr\u00e1fico e em Propaganda e Marketing pela UNIP, integra a equipe de jornalismo do Estrat\u00e9gia Concursos desde 2018. Ao longo dos anos, construiu uma s\u00f3lida experi\u00eancia na produ\u00e7\u00e3o de conte\u00fado informativo e relevante para concurseiros. Desde 2020, atua na cobertura das \u00e1reas Fiscal \u2014 com \u00eanfase nas Secretarias de Fazenda (Sefaz) das regi\u00f5es Sul e Sudeste \u2014, al\u00e9m da cobertura de concursos federais, como CNU, Petrobras, CGU, Receita Federal, ag\u00eancias reguladoras (Anvisa, ANAC, entre outras) e INSS. Mant\u00e9m contato direto com os principais \u00f3rg\u00e3os p\u00fablicos, acompanhando editais, atualiza\u00e7\u00f5es e movimenta\u00e7\u00f5es importantes para os candidatos.\",\"sameAs\":[\"https:\/\/www.linkedin.com\/in\/camila-pinheiro-leite-9ba135b6\/\"],\"url\":\"https:\/\/www.estrategiaconcursos.com.br\/blog\/author\/camila-leiteestrategiaconcursos-com-br\/\"}]}<\/script>\n<!-- \/ Yoast SEO Premium plugin. -->","yoast_head_json":{"title":"Concurso P\u00fablico: 13 editais esta semana; Mais de 15 mil vagas","description":"Concurso P\u00fablico 2022: 13 editais sa\u00edram ao longo desta semana (25 a 29\/07). Confira n\u00famero de vagas, remunera\u00e7\u00e3o e principais datas.","robots":{"index":"index","follow":"follow","max-snippet":"max-snippet:-1","max-image-preview":"max-image-preview:large","max-video-preview":"max-video-preview:-1"},"canonical":"https:\/\/www.estrategiaconcursos.com.br\/blog\/concurso-publico-editais-da-semana-25-a-29-07\/","og_locale":"pt_BR","og_type":"article","og_title":"Concurso P\u00fablico: 13 editais esta semana; Mais de 15 mil vagas","og_description":"Concurso P\u00fablico 2022: 13 editais sa\u00edram ao longo desta semana (25 a 29\/07). Confira n\u00famero de vagas, remunera\u00e7\u00e3o e principais datas.","og_url":"https:\/\/www.estrategiaconcursos.com.br\/blog\/concurso-publico-editais-da-semana-25-a-29-07\/","og_site_name":"Estrat\u00e9gia Concursos","article_published_time":"2022-07-29T21:00:00+00:00","article_modified_time":"2022-08-04T11:55:23+00:00","og_image":[{"width":768,"height":432,"url":"https:\/\/dhg1h5j42swfq.cloudfront.net\/2021\/04\/20121239\/2022_concursos.jpeg","type":"image\/jpeg"}],"author":"Camila Leite","twitter_card":"summary_large_image","twitter_creator":"@EstratConcursos","twitter_site":"@EstratConcursos","twitter_misc":{"Escrito por":"Camila Leite","Est. tempo de leitura":"3 minutos"},"schema":{"@context":"https:\/\/schema.org","@graph":[{"@type":"NewsArticle","@id":"https:\/\/www.estrategiaconcursos.com.br\/blog\/concurso-publico-editais-da-semana-25-a-29-07\/#article","isPartOf":{"@id":"https:\/\/www.estrategiaconcursos.com.br\/blog\/concurso-publico-editais-da-semana-25-a-29-07\/"},"author":{"name":"Camila Leite","@id":"https:\/\/www.estrategiaconcursos.com.br\/blog\/#\/schema\/person\/84ecdc6eb58d3cf1689bf76c5cd8fb38"},"headline":"Concurso P\u00fablico: 13 editais esta semana; Mais de 15 mil vagas","datePublished":"2022-07-29T21:00:00+00:00","dateModified":"2022-08-04T11:55:23+00:00","mainEntityOfPage":{"@id":"https:\/\/www.estrategiaconcursos.com.br\/blog\/concurso-publico-editais-da-semana-25-a-29-07\/"},"wordCount":583,"commentCount":0,"publisher":{"@id":"https:\/\/www.estrategiaconcursos.com.br\/blog\/#organization"},"image":{"@id":"https:\/\/www.estrategiaconcursos.com.br\/blog\/concurso-publico-editais-da-semana-25-a-29-07\/#primaryimage"},"thumbnailUrl":"https:\/\/dhg1h5j42swfq.cloudfront.net\/2021\/04\/20121239\/2022_concursos.jpeg","articleSection":["Concursos P\u00fablicos","\u00daltimas not\u00edcias"],"inLanguage":"pt-BR","potentialAction":[{"@type":"CommentAction","name":"Comment","target":["https:\/\/www.estrategiaconcursos.com.br\/blog\/concurso-publico-editais-da-semana-25-a-29-07\/#respond"]}],"copyrightYear":"2022","copyrightHolder":{"@id":"https:\/\/www.estrategiaconcursos.com.br\/blog\/#organization"}},{"@type":"WebPage","@id":"https:\/\/www.estrategiaconcursos.com.br\/blog\/concurso-publico-editais-da-semana-25-a-29-07\/","url":"https:\/\/www.estrategiaconcursos.com.br\/blog\/concurso-publico-editais-da-semana-25-a-29-07\/","name":"Concurso P\u00fablico: 13 editais esta semana; Mais de 15 mil vagas","isPartOf":{"@id":"https:\/\/www.estrategiaconcursos.com.br\/blog\/#website"},"primaryImageOfPage":{"@id":"https:\/\/www.estrategiaconcursos.com.br\/blog\/concurso-publico-editais-da-semana-25-a-29-07\/#primaryimage"},"image":{"@id":"https:\/\/www.estrategiaconcursos.com.br\/blog\/concurso-publico-editais-da-semana-25-a-29-07\/#primaryimage"},"thumbnailUrl":"https:\/\/dhg1h5j42swfq.cloudfront.net\/2021\/04\/20121239\/2022_concursos.jpeg","datePublished":"2022-07-29T21:00:00+00:00","dateModified":"2022-08-04T11:55:23+00:00","description":"Concurso P\u00fablico 2022: 13 editais sa\u00edram ao longo desta semana (25 a 29\/07). Confira n\u00famero de vagas, remunera\u00e7\u00e3o e principais datas.","breadcrumb":{"@id":"https:\/\/www.estrategiaconcursos.com.br\/blog\/concurso-publico-editais-da-semana-25-a-29-07\/#breadcrumb"},"inLanguage":"pt-BR","potentialAction":[{"@type":"ReadAction","target":["https:\/\/www.estrategiaconcursos.com.br\/blog\/concurso-publico-editais-da-semana-25-a-29-07\/"]}]},{"@type":"ImageObject","inLanguage":"pt-BR","@id":"https:\/\/www.estrategiaconcursos.com.br\/blog\/concurso-publico-editais-da-semana-25-a-29-07\/#primaryimage","url":"https:\/\/dhg1h5j42swfq.cloudfront.net\/2021\/04\/20121239\/2022_concursos.jpeg","contentUrl":"https:\/\/dhg1h5j42swfq.cloudfront.net\/2021\/04\/20121239\/2022_concursos.jpeg","width":768,"height":432,"caption":"Concursos 2022"},{"@type":"BreadcrumbList","@id":"https:\/\/www.estrategiaconcursos.com.br\/blog\/concurso-publico-editais-da-semana-25-a-29-07\/#breadcrumb","itemListElement":[{"@type":"ListItem","position":1,"name":"In\u00edcio","item":"https:\/\/www.estrategiaconcursos.com.br\/blog\/"},{"@type":"ListItem","position":2,"name":"Concurso P\u00fablico: 13 editais esta semana; Mais de 15 mil vagas"}]},{"@type":"WebSite","@id":"https:\/\/www.estrategiaconcursos.com.br\/blog\/#website","url":"https:\/\/www.estrategiaconcursos.com.br\/blog\/","name":"Estrat\u00e9gia Concursos","description":"O blog da Estrat\u00e9gia Concursos traz not\u00edcias sobre concursos e artigos de professores oferecendo cursos para concursos (pdf + videaulas) no site.","publisher":{"@id":"https:\/\/www.estrategiaconcursos.com.br\/blog\/#organization"},"potentialAction":[{"@type":"SearchAction","target":{"@type":"EntryPoint","urlTemplate":"https:\/\/www.estrategiaconcursos.com.br\/blog\/?s={search_term_string}"},"query-input":{"@type":"PropertyValueSpecification","valueRequired":true,"valueName":"search_term_string"}}],"inLanguage":"pt-BR"},{"@type":"Organization","@id":"https:\/\/www.estrategiaconcursos.com.br\/blog\/#organization","name":"Estrat\u00e9gia Concursos","url":"https:\/\/www.estrategiaconcursos.com.br\/blog\/","logo":{"@type":"ImageObject","inLanguage":"pt-BR","@id":"https:\/\/www.estrategiaconcursos.com.br\/blog\/#\/schema\/logo\/image\/","url":"https:\/\/dhg1h5j42swfq.cloudfront.net\/2025\/06\/03203428\/logo_concursos-1.jpg","contentUrl":"https:\/\/dhg1h5j42swfq.cloudfront.net\/2025\/06\/03203428\/logo_concursos-1.jpg","width":230,"height":60,"caption":"Estrat\u00e9gia Concursos"},"image":{"@id":"https:\/\/www.estrategiaconcursos.com.br\/blog\/#\/schema\/logo\/image\/"},"sameAs":["https:\/\/x.com\/EstratConcursos"]},{"@type":"Person","@id":"https:\/\/www.estrategiaconcursos.com.br\/blog\/#\/schema\/person\/84ecdc6eb58d3cf1689bf76c5cd8fb38","name":"Camila Leite","image":{"@type":"ImageObject","inLanguage":"pt-BR","@id":"https:\/\/secure.gravatar.com\/avatar\/f2f8faef639c8a2bfb7fb909912a56917f4c3a0aed064500168e2fb8ea55cf61?s=96&d=mm&r=g","url":"https:\/\/secure.gravatar.com\/avatar\/f2f8faef639c8a2bfb7fb909912a56917f4c3a0aed064500168e2fb8ea55cf61?s=96&d=mm&r=g","contentUrl":"https:\/\/secure.gravatar.com\/avatar\/f2f8faef639c8a2bfb7fb909912a56917f4c3a0aed064500168e2fb8ea55cf61?s=96&d=mm&r=g","caption":"Camila Leite"},"description":"Formada em Design Gr\u00e1fico e em Propaganda e Marketing pela UNIP, integra a equipe de jornalismo do Estrat\u00e9gia Concursos desde 2018. Ao longo dos anos, construiu uma s\u00f3lida experi\u00eancia na produ\u00e7\u00e3o de conte\u00fado informativo e relevante para concurseiros. Desde 2020, atua na cobertura das \u00e1reas Fiscal \u2014 com \u00eanfase nas Secretarias de Fazenda (Sefaz) das regi\u00f5es Sul e Sudeste \u2014, al\u00e9m da cobertura de concursos federais, como CNU, Petrobras, CGU, Receita Federal, ag\u00eancias reguladoras (Anvisa, ANAC, entre outras) e INSS. Mant\u00e9m contato direto com os principais \u00f3rg\u00e3os p\u00fablicos, acompanhando editais, atualiza\u00e7\u00f5es e movimenta\u00e7\u00f5es importantes para os candidatos.","sameAs":["https:\/\/www.linkedin.com\/in\/camila-pinheiro-leite-9ba135b6\/"],"url":"https:\/\/www.estrategiaconcursos.com.br\/blog\/author\/camila-leiteestrategiaconcursos-com-br\/"}]}},"_links":{"self":[{"href":"https:\/\/www.estrategiaconcursos.com.br\/blog\/wp-json\/wp\/v2\/posts\/1067788","targetHints":{"allow":["GET"]}}],"collection":[{"href":"https:\/\/www.estrategiaconcursos.com.br\/blog\/wp-json\/wp\/v2\/posts"}],"about":[{"href":"https:\/\/www.estrategiaconcursos.com.br\/blog\/wp-json\/wp\/v2\/types\/post"}],"author":[{"embeddable":true,"href":"https:\/\/www.estrategiaconcursos.com.br\/blog\/wp-json\/wp\/v2\/users\/659"}],"replies":[{"embeddable":true,"href":"https:\/\/www.estrategiaconcursos.com.br\/blog\/wp-json\/wp\/v2\/comments?post=1067788"}],"version-history":[{"count":11,"href":"https:\/\/www.estrategiaconcursos.com.br\/blog\/wp-json\/wp\/v2\/posts\/1067788\/revisions"}],"predecessor-version":[{"id":1069158,"href":"https:\/\/www.estrategiaconcursos.com.br\/blog\/wp-json\/wp\/v2\/posts\/1067788\/revisions\/1069158"}],"wp:featuredmedia":[{"embeddable":true,"href":"https:\/\/www.estrategiaconcursos.com.br\/blog\/wp-json\/wp\/v2\/media\/746120"}],"wp:attachment":[{"href":"https:\/\/www.estrategiaconcursos.com.br\/blog\/wp-json\/wp\/v2\/media?parent=1067788"}],"wp:term":[{"taxonomy":"category","embeddable":true,"href":"https:\/\/www.estrategiaconcursos.com.br\/blog\/wp-json\/wp\/v2\/categories?post=1067788"},{"taxonomy":"post_tag","embeddable":true,"href":"https:\/\/www.estrategiaconcursos.com.br\/blog\/wp-json\/wp\/v2\/tags?post=1067788"},{"taxonomy":"tax_estado","embeddable":true,"href":"https:\/\/www.estrategiaconcursos.com.br\/blog\/wp-json\/wp\/v2\/tax_estado?post=1067788"}],"curies":[{"name":"wp","href":"https:\/\/api.w.org\/{rel}","templated":true}]}}