{"id":1067648,"date":"2022-07-27T14:22:48","date_gmt":"2022-07-27T17:22:48","guid":{"rendered":"https:\/\/www.estrategiaconcursos.com.br\/blog\/?p=1067648"},"modified":"2022-07-27T14:22:50","modified_gmt":"2022-07-27T17:22:50","slug":"concurso-da-prefeitura-de-curitiba-pr-30-cargos-para-medico-generalista","status":"publish","type":"post","link":"https:\/\/www.estrategiaconcursos.com.br\/blog\/concurso-da-prefeitura-de-curitiba-pr-30-cargos-para-medico-generalista\/","title":{"rendered":"Concurso da Prefeitura de Curitiba-PR: 30 cargos para m\u00e9dico generalista"},"content":{"rendered":"\n<p>A Prefeitura de Curitiba-PR (Secretaria Municipal de Sa\u00fade) lan\u00e7ou edital para v\u00e1rios cargos na sa\u00fade. H\u00e1 30 vagas para m\u00e9dico generalista, 02 vagas para Psiquiatra, M\u00e9dico do Trabalho e Per\u00edcia M\u00e9dica. Os interessados em participar da sele\u00e7\u00e3o devem realizar as inscri\u00e7\u00f5es no per\u00edodo de\u00a0<strong>02 de agosto a 12 de setembro de 2022<\/strong>, no site\u00a0da banca organizadora, UFPR. Provas no dia 27 de novembro 2022. Material de Cl\u00ednica M\u00e9dica dispon\u00edvel no site do Estrat\u00e9gia Concursos.<\/p>\n","protected":false},"excerpt":{"rendered":"<p>A Prefeitura de Curitiba-PR (Secretaria Municipal de Sa\u00fade) lan\u00e7ou edital para v\u00e1rios cargos na sa\u00fade. H\u00e1 30 vagas para m\u00e9dico generalista, 02 vagas para Psiquiatra, M\u00e9dico do Trabalho e Per\u00edcia M\u00e9dica. Os interessados em participar da sele\u00e7\u00e3o devem realizar as inscri\u00e7\u00f5es no per\u00edodo de\u00a002 de agosto a 12 de setembro de 2022, no site\u00a0da banca [&hellip;]<\/p>\n","protected":false},"author":630,"featured_media":0,"comment_status":"open","ping_status":"closed","sticky":false,"template":"","format":"standard","meta":{"post_tipo":"article","footnotes":""},"categories":[1],"tags":[],"tax_estado":[],"class_list":["post-1067648","post","type-post","status-publish","format-standard","hentry","category-cursos-e-concursos"],"acf":[],"yoast_head":"<!-- This site is optimized with the Yoast SEO Premium plugin v27.2 (Yoast SEO v27.2) - https:\/\/yoast.com\/product\/yoast-seo-premium-wordpress\/ -->\n<title>Concurso da Prefeitura de Curitiba-PR: 30 cargos para m\u00e9dico generalista<\/title>\n<meta name=\"description\" content=\"A Prefeitura de Curitiba-PR (Secretaria Municipal de Sa\u00fade) lan\u00e7ou edital para v\u00e1rios cargos na sa\u00fade. H\u00e1 30 vagas para m\u00e9dico generalista, 02 vagas para Psiquiatra, M\u00e9dico do Trabalho e Per\u00edcia M\u00e9dica. Os interessados em participar da sele\u00e7\u00e3o devem realizar as inscri\u00e7\u00f5es no per\u00edodo de\u00a002 de agosto a 12 de setembro de 2022, no site\u00a0da banca organizadora, UFPR. Provas no dia 27 de novembro 2022. Material de Cl\u00ednica M\u00e9dica dispon\u00edvel no site do Estrat\u00e9gia Concursos.\" \/>\n<meta name=\"robots\" content=\"index, follow, max-snippet:-1, max-image-preview:large, max-video-preview:-1\" \/>\n<link rel=\"canonical\" href=\"https:\/\/www.estrategiaconcursos.com.br\/blog\/concurso-da-prefeitura-de-curitiba-pr-30-cargos-para-medico-generalista\/\" \/>\n<meta property=\"og:locale\" content=\"pt_BR\" \/>\n<meta property=\"og:type\" content=\"article\" \/>\n<meta property=\"og:title\" content=\"Concurso da Prefeitura de Curitiba-PR: 30 cargos para m\u00e9dico generalista\" \/>\n<meta property=\"og:description\" content=\"A Prefeitura de Curitiba-PR (Secretaria Municipal de Sa\u00fade) lan\u00e7ou edital para v\u00e1rios cargos na sa\u00fade. H\u00e1 30 vagas para m\u00e9dico generalista, 02 vagas para Psiquiatra, M\u00e9dico do Trabalho e Per\u00edcia M\u00e9dica. Os interessados em participar da sele\u00e7\u00e3o devem realizar as inscri\u00e7\u00f5es no per\u00edodo de\u00a002 de agosto a 12 de setembro de 2022, no site\u00a0da banca organizadora, UFPR. Provas no dia 27 de novembro 2022. Material de Cl\u00ednica M\u00e9dica dispon\u00edvel no site do Estrat\u00e9gia Concursos.\" \/>\n<meta property=\"og:url\" content=\"https:\/\/www.estrategiaconcursos.com.br\/blog\/concurso-da-prefeitura-de-curitiba-pr-30-cargos-para-medico-generalista\/\" \/>\n<meta property=\"og:site_name\" content=\"Estrat\u00e9gia Concursos\" \/>\n<meta property=\"article:published_time\" content=\"2022-07-27T17:22:48+00:00\" \/>\n<meta property=\"article:modified_time\" content=\"2022-07-27T17:22:50+00:00\" \/>\n<meta name=\"author\" content=\"Ricardo Humberto de Miranda F\u00e9lix\" \/>\n<meta name=\"twitter:card\" content=\"summary_large_image\" \/>\n<meta name=\"twitter:creator\" content=\"@EstratConcursos\" \/>\n<meta name=\"twitter:site\" content=\"@EstratConcursos\" \/>\n<meta name=\"twitter:label1\" content=\"Escrito por\" \/>\n\t<meta name=\"twitter:data1\" content=\"Ricardo Humberto de Miranda F\u00e9lix\" \/>\n\t<meta name=\"twitter:label2\" content=\"Est. tempo de leitura\" \/>\n\t<meta name=\"twitter:data2\" content=\"1 minuto\" \/>\n<script type=\"application\/ld+json\" class=\"yoast-schema-graph\">{\"@context\":\"https:\/\/schema.org\",\"@graph\":[{\"@type\":\"NewsArticle\",\"@id\":\"https:\/\/www.estrategiaconcursos.com.br\/blog\/concurso-da-prefeitura-de-curitiba-pr-30-cargos-para-medico-generalista\/#article\",\"isPartOf\":{\"@id\":\"https:\/\/www.estrategiaconcursos.com.br\/blog\/concurso-da-prefeitura-de-curitiba-pr-30-cargos-para-medico-generalista\/\"},\"author\":{\"name\":\"Ricardo Humberto de Miranda F\u00e9lix\",\"@id\":\"https:\/\/www.estrategiaconcursos.com.br\/blog\/#\/schema\/person\/32041373e313b5f8978cfe3d476b563c\"},\"headline\":\"Concurso da Prefeitura de Curitiba-PR: 30 cargos para m\u00e9dico generalista\",\"datePublished\":\"2022-07-27T17:22:48+00:00\",\"dateModified\":\"2022-07-27T17:22:50+00:00\",\"mainEntityOfPage\":{\"@id\":\"https:\/\/www.estrategiaconcursos.com.br\/blog\/concurso-da-prefeitura-de-curitiba-pr-30-cargos-para-medico-generalista\/\"},\"wordCount\":94,\"commentCount\":0,\"publisher\":{\"@id\":\"https:\/\/www.estrategiaconcursos.com.br\/blog\/#organization\"},\"articleSection\":[\"Concursos P\u00fablicos\"],\"inLanguage\":\"pt-BR\",\"potentialAction\":[{\"@type\":\"CommentAction\",\"name\":\"Comment\",\"target\":[\"https:\/\/www.estrategiaconcursos.com.br\/blog\/concurso-da-prefeitura-de-curitiba-pr-30-cargos-para-medico-generalista\/#respond\"]}],\"copyrightYear\":\"2022\",\"copyrightHolder\":{\"@id\":\"https:\/\/www.estrategiaconcursos.com.br\/blog\/#organization\"}},{\"@type\":\"WebPage\",\"@id\":\"https:\/\/www.estrategiaconcursos.com.br\/blog\/concurso-da-prefeitura-de-curitiba-pr-30-cargos-para-medico-generalista\/\",\"url\":\"https:\/\/www.estrategiaconcursos.com.br\/blog\/concurso-da-prefeitura-de-curitiba-pr-30-cargos-para-medico-generalista\/\",\"name\":\"Concurso da Prefeitura de Curitiba-PR: 30 cargos para m\u00e9dico generalista\",\"isPartOf\":{\"@id\":\"https:\/\/www.estrategiaconcursos.com.br\/blog\/#website\"},\"datePublished\":\"2022-07-27T17:22:48+00:00\",\"dateModified\":\"2022-07-27T17:22:50+00:00\",\"description\":\"A Prefeitura de Curitiba-PR (Secretaria Municipal de Sa\u00fade) lan\u00e7ou edital para v\u00e1rios cargos na sa\u00fade. H\u00e1 30 vagas para m\u00e9dico generalista, 02 vagas para Psiquiatra, M\u00e9dico do Trabalho e Per\u00edcia M\u00e9dica. Os interessados em participar da sele\u00e7\u00e3o devem realizar as inscri\u00e7\u00f5es no per\u00edodo de\u00a002 de agosto a 12 de setembro de 2022, no site\u00a0da banca organizadora, UFPR. Provas no dia 27 de novembro 2022. Material de Cl\u00ednica M\u00e9dica dispon\u00edvel no site do Estrat\u00e9gia Concursos.\",\"breadcrumb\":{\"@id\":\"https:\/\/www.estrategiaconcursos.com.br\/blog\/concurso-da-prefeitura-de-curitiba-pr-30-cargos-para-medico-generalista\/#breadcrumb\"},\"inLanguage\":\"pt-BR\",\"potentialAction\":[{\"@type\":\"ReadAction\",\"target\":[\"https:\/\/www.estrategiaconcursos.com.br\/blog\/concurso-da-prefeitura-de-curitiba-pr-30-cargos-para-medico-generalista\/\"]}]},{\"@type\":\"BreadcrumbList\",\"@id\":\"https:\/\/www.estrategiaconcursos.com.br\/blog\/concurso-da-prefeitura-de-curitiba-pr-30-cargos-para-medico-generalista\/#breadcrumb\",\"itemListElement\":[{\"@type\":\"ListItem\",\"position\":1,\"name\":\"In\u00edcio\",\"item\":\"https:\/\/www.estrategiaconcursos.com.br\/blog\/\"},{\"@type\":\"ListItem\",\"position\":2,\"name\":\"Concurso da Prefeitura de Curitiba-PR: 30 cargos para m\u00e9dico generalista\"}]},{\"@type\":\"WebSite\",\"@id\":\"https:\/\/www.estrategiaconcursos.com.br\/blog\/#website\",\"url\":\"https:\/\/www.estrategiaconcursos.com.br\/blog\/\",\"name\":\"Estrat\u00e9gia Concursos\",\"description\":\"O blog da Estrat\u00e9gia Concursos traz not\u00edcias sobre concursos e artigos de professores oferecendo cursos para concursos (pdf + videaulas) no site.\",\"publisher\":{\"@id\":\"https:\/\/www.estrategiaconcursos.com.br\/blog\/#organization\"},\"potentialAction\":[{\"@type\":\"SearchAction\",\"target\":{\"@type\":\"EntryPoint\",\"urlTemplate\":\"https:\/\/www.estrategiaconcursos.com.br\/blog\/?s={search_term_string}\"},\"query-input\":{\"@type\":\"PropertyValueSpecification\",\"valueRequired\":true,\"valueName\":\"search_term_string\"}}],\"inLanguage\":\"pt-BR\"},{\"@type\":\"Organization\",\"@id\":\"https:\/\/www.estrategiaconcursos.com.br\/blog\/#organization\",\"name\":\"Estrat\u00e9gia Concursos\",\"url\":\"https:\/\/www.estrategiaconcursos.com.br\/blog\/\",\"logo\":{\"@type\":\"ImageObject\",\"inLanguage\":\"pt-BR\",\"@id\":\"https:\/\/www.estrategiaconcursos.com.br\/blog\/#\/schema\/logo\/image\/\",\"url\":\"https:\/\/dhg1h5j42swfq.cloudfront.net\/2025\/06\/03203428\/logo_concursos-1.jpg\",\"contentUrl\":\"https:\/\/dhg1h5j42swfq.cloudfront.net\/2025\/06\/03203428\/logo_concursos-1.jpg\",\"width\":230,\"height\":60,\"caption\":\"Estrat\u00e9gia Concursos\"},\"image\":{\"@id\":\"https:\/\/www.estrategiaconcursos.com.br\/blog\/#\/schema\/logo\/image\/\"},\"sameAs\":[\"https:\/\/x.com\/EstratConcursos\"]},{\"@type\":\"Person\",\"@id\":\"https:\/\/www.estrategiaconcursos.com.br\/blog\/#\/schema\/person\/32041373e313b5f8978cfe3d476b563c\",\"name\":\"Ricardo Humberto de Miranda F\u00e9lix\",\"image\":{\"@type\":\"ImageObject\",\"inLanguage\":\"pt-BR\",\"@id\":\"https:\/\/secure.gravatar.com\/avatar\/a1ea707caa78895ec6a0bb6a68cc5d8bb9c54d98995ff290803f92bedd8b99ed?s=96&d=mm&r=g\",\"url\":\"https:\/\/secure.gravatar.com\/avatar\/a1ea707caa78895ec6a0bb6a68cc5d8bb9c54d98995ff290803f92bedd8b99ed?s=96&d=mm&r=g\",\"contentUrl\":\"https:\/\/secure.gravatar.com\/avatar\/a1ea707caa78895ec6a0bb6a68cc5d8bb9c54d98995ff290803f92bedd8b99ed?s=96&d=mm&r=g\",\"caption\":\"Ricardo Humberto de Miranda F\u00e9lix\"},\"url\":\"https:\/\/www.estrategiaconcursos.com.br\/blog\/author\/rhmfmdgmail-com\/\"}]}<\/script>\n<!-- \/ Yoast SEO Premium plugin. -->","yoast_head_json":{"title":"Concurso da Prefeitura de Curitiba-PR: 30 cargos para m\u00e9dico generalista","description":"A Prefeitura de Curitiba-PR (Secretaria Municipal de Sa\u00fade) lan\u00e7ou edital para v\u00e1rios cargos na sa\u00fade. H\u00e1 30 vagas para m\u00e9dico generalista, 02 vagas para Psiquiatra, M\u00e9dico do Trabalho e Per\u00edcia M\u00e9dica. Os interessados em participar da sele\u00e7\u00e3o devem realizar as inscri\u00e7\u00f5es no per\u00edodo de\u00a002 de agosto a 12 de setembro de 2022, no site\u00a0da banca organizadora, UFPR. Provas no dia 27 de novembro 2022. Material de Cl\u00ednica M\u00e9dica dispon\u00edvel no site do Estrat\u00e9gia Concursos.","robots":{"index":"index","follow":"follow","max-snippet":"max-snippet:-1","max-image-preview":"max-image-preview:large","max-video-preview":"max-video-preview:-1"},"canonical":"https:\/\/www.estrategiaconcursos.com.br\/blog\/concurso-da-prefeitura-de-curitiba-pr-30-cargos-para-medico-generalista\/","og_locale":"pt_BR","og_type":"article","og_title":"Concurso da Prefeitura de Curitiba-PR: 30 cargos para m\u00e9dico generalista","og_description":"A Prefeitura de Curitiba-PR (Secretaria Municipal de Sa\u00fade) lan\u00e7ou edital para v\u00e1rios cargos na sa\u00fade. H\u00e1 30 vagas para m\u00e9dico generalista, 02 vagas para Psiquiatra, M\u00e9dico do Trabalho e Per\u00edcia M\u00e9dica. Os interessados em participar da sele\u00e7\u00e3o devem realizar as inscri\u00e7\u00f5es no per\u00edodo de\u00a002 de agosto a 12 de setembro de 2022, no site\u00a0da banca organizadora, UFPR. Provas no dia 27 de novembro 2022. Material de Cl\u00ednica M\u00e9dica dispon\u00edvel no site do Estrat\u00e9gia Concursos.","og_url":"https:\/\/www.estrategiaconcursos.com.br\/blog\/concurso-da-prefeitura-de-curitiba-pr-30-cargos-para-medico-generalista\/","og_site_name":"Estrat\u00e9gia Concursos","article_published_time":"2022-07-27T17:22:48+00:00","article_modified_time":"2022-07-27T17:22:50+00:00","author":"Ricardo Humberto de Miranda F\u00e9lix","twitter_card":"summary_large_image","twitter_creator":"@EstratConcursos","twitter_site":"@EstratConcursos","twitter_misc":{"Escrito por":"Ricardo Humberto de Miranda F\u00e9lix","Est. tempo de leitura":"1 minuto"},"schema":{"@context":"https:\/\/schema.org","@graph":[{"@type":"NewsArticle","@id":"https:\/\/www.estrategiaconcursos.com.br\/blog\/concurso-da-prefeitura-de-curitiba-pr-30-cargos-para-medico-generalista\/#article","isPartOf":{"@id":"https:\/\/www.estrategiaconcursos.com.br\/blog\/concurso-da-prefeitura-de-curitiba-pr-30-cargos-para-medico-generalista\/"},"author":{"name":"Ricardo Humberto de Miranda F\u00e9lix","@id":"https:\/\/www.estrategiaconcursos.com.br\/blog\/#\/schema\/person\/32041373e313b5f8978cfe3d476b563c"},"headline":"Concurso da Prefeitura de Curitiba-PR: 30 cargos para m\u00e9dico generalista","datePublished":"2022-07-27T17:22:48+00:00","dateModified":"2022-07-27T17:22:50+00:00","mainEntityOfPage":{"@id":"https:\/\/www.estrategiaconcursos.com.br\/blog\/concurso-da-prefeitura-de-curitiba-pr-30-cargos-para-medico-generalista\/"},"wordCount":94,"commentCount":0,"publisher":{"@id":"https:\/\/www.estrategiaconcursos.com.br\/blog\/#organization"},"articleSection":["Concursos P\u00fablicos"],"inLanguage":"pt-BR","potentialAction":[{"@type":"CommentAction","name":"Comment","target":["https:\/\/www.estrategiaconcursos.com.br\/blog\/concurso-da-prefeitura-de-curitiba-pr-30-cargos-para-medico-generalista\/#respond"]}],"copyrightYear":"2022","copyrightHolder":{"@id":"https:\/\/www.estrategiaconcursos.com.br\/blog\/#organization"}},{"@type":"WebPage","@id":"https:\/\/www.estrategiaconcursos.com.br\/blog\/concurso-da-prefeitura-de-curitiba-pr-30-cargos-para-medico-generalista\/","url":"https:\/\/www.estrategiaconcursos.com.br\/blog\/concurso-da-prefeitura-de-curitiba-pr-30-cargos-para-medico-generalista\/","name":"Concurso da Prefeitura de Curitiba-PR: 30 cargos para m\u00e9dico generalista","isPartOf":{"@id":"https:\/\/www.estrategiaconcursos.com.br\/blog\/#website"},"datePublished":"2022-07-27T17:22:48+00:00","dateModified":"2022-07-27T17:22:50+00:00","description":"A Prefeitura de Curitiba-PR (Secretaria Municipal de Sa\u00fade) lan\u00e7ou edital para v\u00e1rios cargos na sa\u00fade. H\u00e1 30 vagas para m\u00e9dico generalista, 02 vagas para Psiquiatra, M\u00e9dico do Trabalho e Per\u00edcia M\u00e9dica. Os interessados em participar da sele\u00e7\u00e3o devem realizar as inscri\u00e7\u00f5es no per\u00edodo de\u00a002 de agosto a 12 de setembro de 2022, no site\u00a0da banca organizadora, UFPR. Provas no dia 27 de novembro 2022. Material de Cl\u00ednica M\u00e9dica dispon\u00edvel no site do Estrat\u00e9gia Concursos.","breadcrumb":{"@id":"https:\/\/www.estrategiaconcursos.com.br\/blog\/concurso-da-prefeitura-de-curitiba-pr-30-cargos-para-medico-generalista\/#breadcrumb"},"inLanguage":"pt-BR","potentialAction":[{"@type":"ReadAction","target":["https:\/\/www.estrategiaconcursos.com.br\/blog\/concurso-da-prefeitura-de-curitiba-pr-30-cargos-para-medico-generalista\/"]}]},{"@type":"BreadcrumbList","@id":"https:\/\/www.estrategiaconcursos.com.br\/blog\/concurso-da-prefeitura-de-curitiba-pr-30-cargos-para-medico-generalista\/#breadcrumb","itemListElement":[{"@type":"ListItem","position":1,"name":"In\u00edcio","item":"https:\/\/www.estrategiaconcursos.com.br\/blog\/"},{"@type":"ListItem","position":2,"name":"Concurso da Prefeitura de Curitiba-PR: 30 cargos para m\u00e9dico generalista"}]},{"@type":"WebSite","@id":"https:\/\/www.estrategiaconcursos.com.br\/blog\/#website","url":"https:\/\/www.estrategiaconcursos.com.br\/blog\/","name":"Estrat\u00e9gia Concursos","description":"O blog da Estrat\u00e9gia Concursos traz not\u00edcias sobre concursos e artigos de professores oferecendo cursos para concursos (pdf + videaulas) no site.","publisher":{"@id":"https:\/\/www.estrategiaconcursos.com.br\/blog\/#organization"},"potentialAction":[{"@type":"SearchAction","target":{"@type":"EntryPoint","urlTemplate":"https:\/\/www.estrategiaconcursos.com.br\/blog\/?s={search_term_string}"},"query-input":{"@type":"PropertyValueSpecification","valueRequired":true,"valueName":"search_term_string"}}],"inLanguage":"pt-BR"},{"@type":"Organization","@id":"https:\/\/www.estrategiaconcursos.com.br\/blog\/#organization","name":"Estrat\u00e9gia Concursos","url":"https:\/\/www.estrategiaconcursos.com.br\/blog\/","logo":{"@type":"ImageObject","inLanguage":"pt-BR","@id":"https:\/\/www.estrategiaconcursos.com.br\/blog\/#\/schema\/logo\/image\/","url":"https:\/\/dhg1h5j42swfq.cloudfront.net\/2025\/06\/03203428\/logo_concursos-1.jpg","contentUrl":"https:\/\/dhg1h5j42swfq.cloudfront.net\/2025\/06\/03203428\/logo_concursos-1.jpg","width":230,"height":60,"caption":"Estrat\u00e9gia Concursos"},"image":{"@id":"https:\/\/www.estrategiaconcursos.com.br\/blog\/#\/schema\/logo\/image\/"},"sameAs":["https:\/\/x.com\/EstratConcursos"]},{"@type":"Person","@id":"https:\/\/www.estrategiaconcursos.com.br\/blog\/#\/schema\/person\/32041373e313b5f8978cfe3d476b563c","name":"Ricardo Humberto de Miranda F\u00e9lix","image":{"@type":"ImageObject","inLanguage":"pt-BR","@id":"https:\/\/secure.gravatar.com\/avatar\/a1ea707caa78895ec6a0bb6a68cc5d8bb9c54d98995ff290803f92bedd8b99ed?s=96&d=mm&r=g","url":"https:\/\/secure.gravatar.com\/avatar\/a1ea707caa78895ec6a0bb6a68cc5d8bb9c54d98995ff290803f92bedd8b99ed?s=96&d=mm&r=g","contentUrl":"https:\/\/secure.gravatar.com\/avatar\/a1ea707caa78895ec6a0bb6a68cc5d8bb9c54d98995ff290803f92bedd8b99ed?s=96&d=mm&r=g","caption":"Ricardo Humberto de Miranda F\u00e9lix"},"url":"https:\/\/www.estrategiaconcursos.com.br\/blog\/author\/rhmfmdgmail-com\/"}]}},"_links":{"self":[{"href":"https:\/\/www.estrategiaconcursos.com.br\/blog\/wp-json\/wp\/v2\/posts\/1067648","targetHints":{"allow":["GET"]}}],"collection":[{"href":"https:\/\/www.estrategiaconcursos.com.br\/blog\/wp-json\/wp\/v2\/posts"}],"about":[{"href":"https:\/\/www.estrategiaconcursos.com.br\/blog\/wp-json\/wp\/v2\/types\/post"}],"author":[{"embeddable":true,"href":"https:\/\/www.estrategiaconcursos.com.br\/blog\/wp-json\/wp\/v2\/users\/630"}],"replies":[{"embeddable":true,"href":"https:\/\/www.estrategiaconcursos.com.br\/blog\/wp-json\/wp\/v2\/comments?post=1067648"}],"version-history":[{"count":2,"href":"https:\/\/www.estrategiaconcursos.com.br\/blog\/wp-json\/wp\/v2\/posts\/1067648\/revisions"}],"predecessor-version":[{"id":1067664,"href":"https:\/\/www.estrategiaconcursos.com.br\/blog\/wp-json\/wp\/v2\/posts\/1067648\/revisions\/1067664"}],"wp:attachment":[{"href":"https:\/\/www.estrategiaconcursos.com.br\/blog\/wp-json\/wp\/v2\/media?parent=1067648"}],"wp:term":[{"taxonomy":"category","embeddable":true,"href":"https:\/\/www.estrategiaconcursos.com.br\/blog\/wp-json\/wp\/v2\/categories?post=1067648"},{"taxonomy":"post_tag","embeddable":true,"href":"https:\/\/www.estrategiaconcursos.com.br\/blog\/wp-json\/wp\/v2\/tags?post=1067648"},{"taxonomy":"tax_estado","embeddable":true,"href":"https:\/\/www.estrategiaconcursos.com.br\/blog\/wp-json\/wp\/v2\/tax_estado?post=1067648"}],"curies":[{"name":"wp","href":"https:\/\/api.w.org\/{rel}","templated":true}]}}