{"id":106756,"date":"2018-02-17T13:18:20","date_gmt":"2018-02-17T16:18:20","guid":{"rendered":"https:\/\/www.estrategiaconcursos.com.br\/blog\/?p=106756"},"modified":"2018-02-17T13:34:17","modified_gmt":"2018-02-17T16:34:17","slug":"intervencao-federal-rj-analise","status":"publish","type":"post","link":"https:\/\/www.estrategiaconcursos.com.br\/blog\/intervencao-federal-rj-analise\/","title":{"rendered":"A juridicidade da interven\u00e7\u00e3o federal no Rio de Janeiro"},"content":{"rendered":"<p style=\"text-align: justify;\">Meus amigos, assunto do momento \u00e9 a interven\u00e7\u00e3o federal. Tenho recebido, nas \u00faltimas horas, muitos questionamentos de alunos e ex-alunos a respeito da tem\u00e1tica, motivo pelo qual tecerei aqui alguns coment\u00e1rios.<\/p>\n<p style=\"text-align: justify;\">Informo que o objetivo deste texto \u00e9 analisar apenas a juridicidade da medida tomada pelo Chefe do Executivo.<\/p>\n<p style=\"text-align: justify;\">Embora o tema seja de interesse p\u00fablico, como professora contumaz que sou, enfatizarei as possibilidades de questionamentos por parte das bancas examinadoras.<\/p>\n<p style=\"text-align: justify;\">Nada impede que voc\u00eas, queridos concursandos e estudantes, compartilhem o texto com amigos e familiares, j\u00e1 que os esclarecimentos aqui contidos s\u00e3o de interesse de qualquer cidad\u00e3o brasileiro.<\/p>\n<p style=\"text-align: justify;\">Serei sucinta (prometo que me esfor\u00e7arei!) e, por raz\u00f5es did\u00e1ticas, discorrerei sobre o tema por meio de perguntas e respostas. Comecemos.<\/p>\n<h2 style=\"text-align: justify;\"><strong>1) A interven\u00e7\u00e3o federal est\u00e1 prevista na Constitui\u00e7\u00e3o Federal?<\/strong><\/h2>\n<p style=\"text-align: justify;\">Sim, nos artigos 34 e 36.<\/p>\n<p style=\"text-align: justify;\">O Brasil adota o modelo federativo de Estado, cuja principal caracter\u00edstica \u00e9 a organiza\u00e7\u00e3o descentralizada, de forma que Uni\u00e3o, Estados, Distrito Federal e Munic\u00edpios s\u00e3o todos aut\u00f4nomos, todos t\u00eam capacidade de auto-organiza\u00e7\u00e3o pol\u00edtica, auto-organiza\u00e7\u00e3o administrativa e autogoverno.<\/p>\n<p style=\"text-align: justify;\">Vale dizer que n\u00e3o existe nenhuma hierarquia entre os entes federativos e que faz parte do pacto federativo o respeito m\u00fatuo \u00e0 autonomia conferida pela Constitui\u00e7\u00e3o Federal a todos os entes pol\u00edticos.<\/p>\n<p style=\"text-align: justify;\">Dessa forma, a quebra desse princ\u00edpio norteador do nosso modelo de Estado (a autonomia), implica em sua ru\u00edna.<\/p>\n<p style=\"text-align: justify;\">Por outro lado, excepcionalmente, nos casos taxativamente elencados no artigo 34 da Constitui\u00e7\u00e3o Federal, poder\u00e1 a Uni\u00e3o intervir na autonomia dos Estados e do Distrito Federal.<\/p>\n<p style=\"text-align: justify;\">Trata-se de medida extrema, de natureza pol\u00edtica, que objetiva isolada ou cumulativamente garantir: 1) a ordem constitucional; 2) a defesa do Estado; 3) a defesa das finan\u00e7as estaduais; 4) a defesa de princ\u00edpio federativo.<\/p>\n<h2 style=\"text-align: justify;\"><strong>2) A interven\u00e7\u00e3o federal afronta o Estado Democr\u00e1tico de Direito?<\/strong><\/h2>\n<p style=\"text-align: justify;\">N\u00e3o, desde que respeitados os pressupostos materiais e formais fixados pela Lei Maior.<\/p>\n<p style=\"text-align: justify;\">Os Estados e o Distrito Federal s\u00e3o aut\u00f4nomos, mas a exist\u00eancia de governo pr\u00f3prio nos entes federativos deve ser interpretada sempre \u00e0 luz do interesse p\u00fablico.<\/p>\n<p style=\"text-align: justify;\">Para ser mais clara, os Estados, o DF e os Munic\u00edpios embora aut\u00f4nomos, t\u00eam capacidade de agir circunscrita e limitada pela Constitui\u00e7\u00e3o Federal, de forma a n\u00e3o haver ofensa \u00e0 soberania da Rep\u00fablica Federativa do Brasil.<\/p>\n<p style=\"text-align: justify;\">Nesse diapas\u00e3o, a interven\u00e7\u00e3o federal n\u00e3o representa supremacia da Uni\u00e3o em face dos Estados, pois n\u00e3o est\u00e1 a Uni\u00e3o atuando em defesa de seus pr\u00f3prios interesses, mas para preservar a indissolubilidade e a viabilidade da federa\u00e7\u00e3o.<\/p>\n<p style=\"text-align: justify;\">N\u00e3o h\u00e1 que falar em viola\u00e7\u00e3o ao Estado Democr\u00e1tico de Direito, pois a ordem jur\u00eddica p\u00e1tria prev\u00ea a decreta\u00e7\u00e3o da interven\u00e7\u00e3o, como medida excepcional, garantidora do cumprimento, por parte de todos os entes pol\u00edticos, da Constitui\u00e7\u00e3o e das leis.<\/p>\n<p style=\"text-align: justify;\">Agora, \u00e9 preciso deixar claro que a Lei Maior elencou no artigo 34 sete casos exaustivos em que a interven\u00e7\u00e3o federal est\u00e1 autorizada (pressupostos materiais). De igual modo, a Constitui\u00e7\u00e3o firmou no artigo 36 os pressupostos formais da medida extrema, quais sejam:<\/p>\n<p style=\"text-align: justify;\"><strong>1)<\/strong><em> nos casos do artigo 34, incisos I, II, III e V, o Presidente da Rep\u00fablica est\u00e1 autorizado a agir espontaneamente<\/em>;<\/p>\n<p style=\"text-align: justify;\"><strong>2)<\/strong> <em>no caso do inciso IV, o Chefe do Executivo depende da solicita\u00e7\u00e3o do Poder Legislativo ou do Poder Executivo coacto ou impedido, ou de requisi\u00e7\u00e3o do Supremo Tribunal Federal se a coa\u00e7\u00e3o for contra o Poder Judici\u00e1rio (artigo 36, IV);<\/em><\/p>\n<p style=\"text-align: justify;\"><strong>3)<\/strong> <em>na situa\u00e7\u00e3o da segunda parte do inciso VI (descumprimento de ordem ou decis\u00e3o judicial), caber\u00e1 ao Supremo Tribunal Federal, ao Superior Tribunal de Justi\u00e7a ou ao Tribunal Superior Eleitoral requisitar a interven\u00e7\u00e3o federal ao Presidente da Rep\u00fablica;<\/em><\/p>\n<p style=\"text-align: justify;\"><strong>4)<\/strong> <em>em caso de recusa de cumprimento de lei federal (primeira parte do inciso VI) ou de infring\u00eancia a princ\u00edpio constitucional sens\u00edvel (inciso VII), a atua\u00e7\u00e3o do Presidente da Rep\u00fablica depende de provimento pelo STF de representa\u00e7\u00e3o interventiva formulada pelo Procurador Geral da Rep\u00fablica.<\/em><\/p>\n<p style=\"text-align: justify;\">Assim, caso atendidos a todos esses requisitos materiais e formais, a interven\u00e7\u00e3o federal se amoldar\u00e1 perfeitamente ao Estado de Direito e n\u00e3o causar\u00e1 qualquer risco \u00e0 democracia.<\/p>\n<h2 style=\"text-align: justify;\"><strong>3) De quem \u00e9 a compet\u00eancia para dar in\u00edcio \u00e0 interven\u00e7\u00e3o federal?<\/strong><\/h2>\n<p style=\"text-align: justify;\">Nos termos do artigo 84, inciso X, da Constitui\u00e7\u00e3o Federal, a compet\u00eancia para iniciar a interven\u00e7\u00e3o \u00e9 privativa do Presidente da Rep\u00fablica. Trata-se de prerrogativa indeleg\u00e1vel do Chefe de Governo.<\/p>\n<hr \/>\n<h2 style=\"text-align: center;\">Interven\u00e7\u00e3o Federal no Rio de Janeiro: an\u00e1lise ao vivo<\/h2>\n<p style=\"text-align: center;\"><em><span style=\"font-size: 14pt;\">N\u00e3o perca a an\u00e1lise completa com a Professora Nelma Fontana. Ao vivo a partir das 16hs.<\/span><\/em><\/p>\n<p style=\"text-align: center;\"><div class=\"lyte-wrapper\" style=\"width:853px;max-width:100%;margin:5px;\"><div class=\"lyMe\" id=\"WYL_beRK0FRUGMY\"><div id=\"lyte_beRK0FRUGMY\" data-src=\"\/\/i.ytimg.com\/vi\/beRK0FRUGMY\/hqdefault.jpg\" class=\"pL\"><div class=\"tC\"><div class=\"tT\"><\/div><\/div><div class=\"play\"><\/div><div class=\"ctrl\"><div class=\"Lctrl\"><\/div><div class=\"Rctrl\"><\/div><\/div><\/div><noscript><a href=\"https:\/\/youtu.be\/beRK0FRUGMY\" rel=\"nofollow\"><img loading=\"lazy\" decoding=\"async\" src=\"https:\/\/i.ytimg.com\/vi\/beRK0FRUGMY\/0.jpg\" alt=\"YouTube video thumbnail\" width=\"853\" height=\"460\" \/><br \/>Assista a este v\u00eddeo no YouTube<\/a><\/noscript><\/div><\/div><div class=\"lL\" style=\"max-width:100%;width:853px;margin:5px;\"><\/div><\/p>\n<hr \/>\n<h2 style=\"text-align: justify;\"><strong>4) Qual o instrumento utilizado para dar in\u00edcio \u00e0 interven\u00e7\u00e3o?<\/strong><\/h2>\n<p style=\"text-align: justify;\">O Presidente da Rep\u00fablica, neste caso, deve agir por decreto (artigo 36, par\u00e1grafo 1\u00ba, da CF). O decreto interventivo deve especificar a amplitude, as condi\u00e7\u00f5es de execu\u00e7\u00e3o, o prazo e a nomea\u00e7\u00e3o, se for o caso, de interventor.<\/p>\n<p style=\"text-align: justify;\">Observem, meus amigos, que a interven\u00e7\u00e3o tem in\u00edcio a partir da publica\u00e7\u00e3o do decreto interventivo, n\u00e3o havendo que falar em necessidade de autoriza\u00e7\u00e3o do Congresso Nacional e nem do Judici\u00e1rio.<\/p>\n<p style=\"text-align: justify;\">\u00c9 verdade que que a decreta\u00e7\u00e3o da interven\u00e7\u00e3o pode ser objeto de controle pol\u00edtico, da responsabilidade do Congresso Nacional, ou de controle jurisdicional, exercido pelo Supremo Tribunal Federal, caso provocado, mas trata-se de limita\u00e7\u00e3o <em>a posteriori<\/em>.<\/p>\n<p style=\"text-align: justify;\">Minha insist\u00eancia nesse ponto se d\u00e1 em raz\u00e3o de, nos certames p\u00fablicos, por vezes, as bancas examinadoras questionarem se \u00e9 da compet\u00eancia do Congresso Nacional autorizar a interven\u00e7\u00e3o federal.<\/p>\n<p style=\"text-align: justify;\">A resposta \u00e9 n\u00e3o. Compete ao Legislativo aprovar (e n\u00e3o autorizar) a interven\u00e7\u00e3o federal. Cuidado!<\/p>\n<p style=\"text-align: justify;\">O decreto interventivo deve fixar o prazo da medida. N\u00e3o h\u00e1 limita\u00e7\u00e3o constitucional quanto ao prazo, devendo este ser o bastante para o restabelecimento da normalidade.<\/p>\n<p style=\"text-align: justify;\">De igual modo, a Constitui\u00e7\u00e3o Federal tamb\u00e9m n\u00e3o explicita quais as medidas que poder\u00e3o ser tomadas pelo Presidente da Rep\u00fablica, de maneira que, conforme a realidade, as condi\u00e7\u00f5es de execu\u00e7\u00e3o ser\u00e3o delineadas no pr\u00f3prio decreto.<\/p>\n<h2 style=\"text-align: justify;\"><strong>5) O Congresso Nacional pode n\u00e3o aprovar a interven\u00e7\u00e3o?<\/strong><\/h2>\n<p style=\"text-align: justify;\">Sim. A contar da data de publica\u00e7\u00e3o do decreto de interven\u00e7\u00e3o federal, o Congresso Nacional tem prazo de 24 horas para se reunir e deliberar sobre a medida tomada pelo Presidente da Rep\u00fablica.<\/p>\n<p style=\"text-align: justify;\">A vota\u00e7\u00e3o no Congresso Nacional se d\u00e1 em sess\u00e3o bicameral, em um turno de vota\u00e7\u00e3o em cada Casa Legislativa, a come\u00e7ar pela C\u00e2mara dos Deputados. O <em>qu\u00f3rum<\/em> necess\u00e1rio para aprova\u00e7\u00e3o da interven\u00e7\u00e3o \u00e9 o de maioria simples (artigo 47 da CF).<\/p>\n<p style=\"text-align: justify;\">Caso a medida n\u00e3o seja ratificada pelo Poder Legislativo, a interven\u00e7\u00e3o dever\u00e1 cessar imediatamente. Caso aprovada, a interven\u00e7\u00e3o seguir\u00e1 o seu curso, nos termos do decreto.<\/p>\n<p style=\"text-align: justify;\">Em caso de n\u00e3o funcionamento do Congresso Nacional (recesso, fim de semana, feriado), far-se-\u00e1 convoca\u00e7\u00e3o extraordin\u00e1ria, no prazo de 24 horas.<\/p>\n<p style=\"text-align: justify;\">A convoca\u00e7\u00e3o \u00e9 da responsabilidade do Presidente do Senado e os parlamentares dever\u00e3o prontamente atender ao chamado (artigo 57 da CF).<\/p>\n<p style=\"text-align: justify;\">Vejam, nesse caso, teria o Legislativo 24 horas para comparecimento e outras 24 horas para an\u00e1lise do decreto.<\/p>\n<p style=\"text-align: justify;\">Se da an\u00e1lise do decreto interventivo, constatar-se que o Presidente praticou excesso, agiu em desconformidade com a Constitui\u00e7\u00e3o Federal, poder\u00e1 o Chefe do Executivo ser penalizado por crime de responsabilidade, nos termos do artigo 85, inciso II, da Constitui\u00e7\u00e3o Federal.<\/p>\n<p style=\"text-align: justify;\">Por fim, vale dizer que nos casos do artigo 34, incisos VI e VII, da Constitui\u00e7\u00e3o Federal, fica o Legislativo dispensado de apreciar o decreto.<\/p>\n<h2 style=\"text-align: justify;\"><strong>6) O decreto de interven\u00e7\u00e3o pode ser questionado ao Judici\u00e1rio?<\/strong><\/h2>\n<p style=\"text-align: justify;\">Sim, apenas quanto \u00e0 juridicidade do decreto.<\/p>\n<p style=\"text-align: justify;\">N\u00e3o cabe ao Judici\u00e1rio analisar o m\u00e9rito da interven\u00e7\u00e3o (se havia ou n\u00e3o a necessidade de se decretar a interven\u00e7\u00e3o), porque o ato do Chefe do Executivo tem natureza pol\u00edtica.<\/p>\n<p style=\"text-align: justify;\">Agora, \u00e9 ineg\u00e1vel que o Judici\u00e1rio poder\u00e1 ser acionado e provocado a se manifestar se os imperativos constitucionais descritos nos artigos 34 e 36 da CF n\u00e3o forem respeitados.<\/p>\n<p style=\"text-align: justify;\">A compet\u00eancia para realiza\u00e7\u00e3o do controle jurisdicional \u00e9 origin\u00e1ria do Supremo Tribunal, conforme orienta\u00e7\u00e3o do artigo 102, inciso I, al\u00edneas \u201c<em>a\u201d<\/em> e \u201c<em>f\u201d<\/em>.<\/p>\n<h2 style=\"text-align: justify;\"><strong>7) Quem pode ser nomeado interventor?<\/strong><\/h2>\n<p style=\"text-align: justify;\">Interventor \u00e9 pessoa da confian\u00e7a do Presidente da Rep\u00fablica designada a cumprir, em nome do Presidente, com total subordina\u00e7\u00e3o, dentro do Estado-membro, o decreto interventivo.<\/p>\n<p style=\"text-align: justify;\">N\u00e3o h\u00e1 nenhuma exig\u00eancia legal ou constitucional quanto a quem pode assumir esse posto. Assim, n\u00e3o h\u00e1 a necessidade de filia\u00e7\u00e3o partid\u00e1ria, de idade m\u00ednima de governador (30 anos) ou de qualquer forma\u00e7\u00e3o acad\u00eamica espec\u00edfica.<\/p>\n<p style=\"text-align: justify;\">Basta ser pessoa da confian\u00e7a do Presidente. Na mesma linha, n\u00e3o h\u00e1 limita\u00e7\u00e3o e nem recomenda\u00e7\u00e3o constitucional de que o interventor seja militar.<\/p>\n<p style=\"text-align: justify;\">\u00c9 preciso ficar claro que a responsabilidade pela interven\u00e7\u00e3o federal \u00e9 do Presidente da Rep\u00fablica. Quem est\u00e1 interferindo na autonomia do Estado \u00e9 o Chefe do Executivo, que representa a Uni\u00e3o.<\/p>\n<p style=\"text-align: justify;\">Como o Presidente tem uma s\u00e9rie de outras atividades, quer seja como chefe do governo ou como chefe de Estado, \u00e9 feita a nomea\u00e7\u00e3o de pessoa de sua confian\u00e7a para cumprir, no Estado-membro, as designa\u00e7\u00f5es contidas no decreto interventivo. Essa pessoa est\u00e1 subordinada ao Chefe do Executivo.<\/p>\n<p style=\"text-align: justify;\">O interventor assume o controle do Estado-membro, temporariamente, independentemente de o Governador ser afastado, at\u00e9 que se cumpra a miss\u00e3o contida no decreto de interven\u00e7\u00e3o.<\/p>\n<p style=\"text-align: justify;\">Durante a interven\u00e7\u00e3o, \u00e9 poss\u00edvel que autoridades locais sejam afastadas de seus cargos ou fun\u00e7\u00f5es (Governador, Deputados estaduais, Secret\u00e1rios de Estado, Conselheiros do Tribunal de Contas, Comandantes da Pol\u00edcia Militar e do Corpo de Bombeiros Militares), a fim de que a Uni\u00e3o assuma transitoriamente o controle da gest\u00e3o do ente federativo.<\/p>\n<p style=\"text-align: justify;\">Uma vez encerrada a interven\u00e7\u00e3o, as autoridades afastadas poder\u00e3o retornar aos seus cargos, desde que, evidentemente, n\u00e3o se constate nenhum impedimento legal (artigo 36, par\u00e1grafo 4\u00ba, da CF).<\/p>\n<p style=\"text-align: justify;\">Por \u00faltimo, a nomea\u00e7\u00e3o de interventor n\u00e3o \u00e9 obrigat\u00f3ria, depende da esp\u00e9cie de interven\u00e7\u00e3o. Se a Uni\u00e3o intervier no Executivo estadual, a designa\u00e7\u00e3o de interventor ser\u00e1 obrigat\u00f3ria. Nos demais casos, ser\u00e1 dispens\u00e1vel.<\/p>\n<h2 style=\"text-align: justify;\"><strong>8) A interven\u00e7\u00e3o federal pode ser parcial?<\/strong><\/h2>\n<p style=\"text-align: justify;\">Sim.<\/p>\n<p style=\"text-align: justify;\">N\u00e3o se pode olvidar que a interven\u00e7\u00e3o federal \u00e9 ant\u00edtese da autonomia dos Estados e do Distrito Federal. Assim, a interven\u00e7\u00e3o \u00e9 exce\u00e7\u00e3o e n\u00e3o regra.<\/p>\n<p style=\"text-align: justify;\">No decreto interventivo, o Presidente da Rep\u00fablica ficar\u00e1 vinculado a apenas tomar as medidas necess\u00e1rias \u00e0 garantia da ordem constitucional.<\/p>\n<p style=\"text-align: justify;\">Dessa sorte, a modera\u00e7\u00e3o deve nortear as suas a\u00e7\u00f5es, de forma que se o problema estiver centralizado no Executivo estadual, n\u00e3o haver\u00e1 raz\u00f5es para interferir no funcionamento da Assembleia Legislativa ou do Tribunal de Justi\u00e7a e vice-versa.<\/p>\n<p style=\"text-align: justify;\">De igual maneira, ainda que o caso esteja focado no Executivo, \u00e9 poss\u00edvel que seja limitado a alguma de suas atribui\u00e7\u00f5es.<\/p>\n<p style=\"text-align: justify;\">Ent\u00e3o, se o ato que precisa ser combatido est\u00e1 sendo praticado apenas no \u00e2mbito da Secretaria de Sa\u00fade p\u00fablica, por exemplo, n\u00e3o h\u00e1 por que interferir na Secretaria de Educa\u00e7\u00e3o ou na Secretaria de Seguran\u00e7a P\u00fablica.<\/p>\n<p style=\"text-align: justify;\">A autonomia do ente pol\u00edtico \u00e9 a regra, \u00e9 princ\u00edpio federativo, \u00e9 cl\u00e1usula p\u00e9trea (artigo 60, par\u00e1grafo 4\u00ba, da CF). A interven\u00e7\u00e3o \u00e9 medida extrema e deve ser utilizada apenas em situa\u00e7\u00f5es excepcionais e com total modera\u00e7\u00e3o.<\/p>\n<h2 style=\"text-align: justify;\"><strong>9) Durante a interven\u00e7\u00e3o federal a Constitui\u00e7\u00e3o Federal pode ser emendada?<\/strong><\/h2>\n<p style=\"text-align: justify;\">N\u00e3o. A Constitui\u00e7\u00e3o Federal estabelece no par\u00e1grafo 1\u00ba do artigo 60 tr\u00eas limita\u00e7\u00f5es circunstanciais ao poder Derivado Reformador, quais sejam: estado de s\u00edtio, estado de defesa e interven\u00e7\u00e3o federal.<\/p>\n<p style=\"text-align: justify;\">Dessa sorte, enquanto perdurar qualquer das tr\u00eas circunst\u00e2ncias, a Constitui\u00e7\u00e3o n\u00e3o poder\u00e1 ser emendada.<\/p>\n<p style=\"text-align: justify;\">Para garantir a estabilidade da Lei Maior e a consequente estabilidade jur\u00eddica do Estado, o Poder Constituinte Origin\u00e1rio limitou a atua\u00e7\u00e3o do Poder Derivado, a fim de que o cen\u00e1rio de instabilidade institucional n\u00e3o fa\u00e7a com \u00a0que os parlamentares hajam precipitadamente e fa\u00e7am modifica\u00e7\u00f5es desnecess\u00e1rias e impensadas no texto da Constitui\u00e7\u00e3o.<\/p>\n<p style=\"text-align: justify;\">\u00c9 preciso esclarecer que n\u00e3o h\u00e1 nenhuma proibi\u00e7\u00e3o de que propostas de emendas sejam apresentadas ao Congresso Nacional e que sejam pelo Legislativo discutidas.<\/p>\n<p style=\"text-align: justify;\">O que se pro\u00edbe \u00e9 a altera\u00e7\u00e3o do texto constitucional durante o estado de s\u00edtio, o estado de defesa e a interven\u00e7\u00e3o federal.<\/p>\n<p style=\"text-align: justify;\">Assim, enquanto perdurar qualquer das tr\u00eas limita\u00e7\u00f5es circunstanciais, n\u00e3o poder\u00e1 o Congresso Nacional votar, promulgar e publicar emendas ao texto constitucional.<\/p>\n<h2 style=\"text-align: justify;\"><strong>10) Durante a interven\u00e7\u00e3o federal persistem as garantias fundamentais dos cidad\u00e3os?<\/strong><\/h2>\n<p style=\"text-align: justify;\">Sim. A interven\u00e7\u00e3o federal n\u00e3o afeta os direitos e garantias individuais dos cidad\u00e3os, apenas atinge a autonomia do ente federativo, as capacidades de autogoverno e de auto-organiza\u00e7\u00e3o pol\u00edtico-administrativa.<\/p>\n<p style=\"text-align: justify;\">O decreto interventivo n\u00e3o autoriza o Presidente da Rep\u00fablica a restringir direitos e garantias fundamentais.<\/p>\n<p style=\"text-align: justify;\">Assim, ficam resguardados os direitos de liberdade de reuni\u00e3o, liberdade de manifesta\u00e7\u00e3o de pensamento, inviolabilidade da casa, sigilo de correspond\u00eancia, sigilo de dados e os demais direitos e garantias enumerados na Constitui\u00e7\u00e3o e nas leis, inclusive tratados internacionais.<\/p>\n<p style=\"text-align: justify;\">Qualquer cidad\u00e3o que se sentir prejudicado em seus direitos, em raz\u00e3o da medida tomada pelo Chefe do Executivo, poder\u00e1 acionar o Poder Judici\u00e1rio e requerer a pronta garantia de exerc\u00edcio de suas liberdades individuais.<\/p>\n<p style=\"text-align: justify;\">As autoridades que eventualmente venham a afrontar os direitos e garantias fundamentais dos cidad\u00e3os, em raz\u00e3o da interven\u00e7\u00e3o federal, responder\u00e3o por seus atos.<\/p>\n<p style=\"text-align: justify;\">A Uni\u00e3o, a depender da circunst\u00e2ncia, tamb\u00e9m responde civilmente pelos danos que seus agentes causarem a terceiros, independentemente de dolo ou culpa.<\/p>\n<h2 style=\"text-align: justify;\"><strong>11) Interven\u00e7\u00e3o federal \u00e9 o mesmo que interven\u00e7\u00e3o militar?<\/strong><\/h2>\n<p style=\"text-align: justify;\">N\u00e3o. A interven\u00e7\u00e3o federal \u00e9 a retirada tempor\u00e1ria da autonomia de um Estado-membro ou do Distrito Federal. Trata-se de medida excepcional, taxativamente elencada no artigo 34 da Constitui\u00e7\u00e3o Federal, tomada pelo Presidente da Rep\u00fablica, para garantir a continuidade e a solidez da federa\u00e7\u00e3o.<\/p>\n<p style=\"text-align: justify;\">Por outro lado, a interven\u00e7\u00e3o militar \u00e9 a tomada de poder por parte dos militares, \u00e9 a assun\u00e7\u00e3o do governo do Pa\u00eds pelo comando das For\u00e7as Armadas. <strong>A interven\u00e7\u00e3o militar \u00e9 absolutamente inconstitucional.<\/strong><\/p>\n<p style=\"text-align: justify;\">As For\u00e7as Armadas destinam-se \u00e0 garantia dos poderes constitucionais, \u00e0 defesa da p\u00e1tria. Essas institui\u00e7\u00f5es est\u00e3o subordinadas a um civil eleito pelo povo: o Presidente da Rep\u00fablica (artigo 142 da CF).<\/p>\n<p style=\"text-align: justify;\">Hierarquia e disciplina s\u00e3o os pilares de toda a organiza\u00e7\u00e3o militar nacional. Exercer o comando supremo das For\u00e7as Armadas \u00e9 compet\u00eancia privativa do Presidente da Rep\u00fablica (artigo 84, XIII, da CF).<\/p>\n<p style=\"text-align: justify;\">Destarte, \u00e9 simples a compreens\u00e3o de que os militares federais, independentemente da patente, est\u00e3o todos subordinados ao Chefe do Executivo e, consequentemente, os atos em defesa da lei e da ordem, da responsabilidade do Ex\u00e9rcito, da Marinha e da Aeron\u00e1utica passam pelo crivo do Presidente da Rep\u00fablica.<\/p>\n<p style=\"text-align: justify;\">A insubordina\u00e7\u00e3o ao Chefe do Executivo e a tomada de poder pelos militares n\u00e3o t\u00eam amparo constitucional e implicariam em viola\u00e7\u00e3o ao Estado de Direito.<\/p>\n<h2 style=\"text-align: justify;\"><strong>12) Quais as diferen\u00e7as entre interven\u00e7\u00e3o federal, estado de defesa e estado de s\u00edtio?<\/strong><\/h2>\n<p style=\"text-align: justify;\">Interven\u00e7\u00e3o federal, estado de defesa e estado de s\u00edtio s\u00e3o medidas tomadas pelo Presidente da Rep\u00fablica para a estabiliza\u00e7\u00e3o constitucional, em defesa do Estado e das institui\u00e7\u00f5es democr\u00e1ticas.<\/p>\n<p style=\"text-align: justify;\">O estado de defesa est\u00e1 previsto no artigo 136 da Constitui\u00e7\u00e3o Federal e \u00e9 destinado a amparar a ordem p\u00fablica e a paz social, em \u00e1reas restritas e determinadas, amea\u00e7ados por instabilidade institucional ou afetados por calamidades de grandes propor\u00e7\u00f5es na natureza.<\/p>\n<p style=\"text-align: justify;\">O estado de defesa tem in\u00edcio por meio de decreto do Presidente da Rep\u00fablica e est\u00e1 limitado ao prazo de trinta dias, prorrog\u00e1vel por mais trinta dias. Esse decreto deve ser referendado pelo Congresso Nacional, em 24 horas, com qu\u00f3rum de maioria absoluta.<\/p>\n<p style=\"text-align: justify;\">Durante o estado de defesa, os seguintes direitos fundamentais poder\u00e3o sofrer restri\u00e7\u00f5es: direito de reuni\u00e3o, sigilo de correspond\u00eancia, sigilo de comunica\u00e7\u00e3o telegr\u00e1fica e telef\u00f4nica.<\/p>\n<p style=\"text-align: justify;\">O estado de s\u00edtio \u00e9 tamb\u00e9m decretado pelo Presidente da Rep\u00fablica, mas apenas ap\u00f3s autoriza\u00e7\u00e3o da maioria absoluta do Congresso Nacional, porque se trata de medida excepcional\u00edssima capaz de restringir, como um todo, a depender dos motivos, os direitos fundamentais.<\/p>\n<p style=\"text-align: justify;\">O estado de s\u00edtio, nos termos do artigo 137 da Constitui\u00e7\u00e3o Federal, \u00e9 decretado em duas situa\u00e7\u00f5es:<\/p>\n<p style=\"text-align: justify;\"><strong>1)<\/strong> <em>como\u00e7\u00e3o grave de repercuss\u00e3o nacional ou ocorr\u00eancia de fatos que comprovem a inefic\u00e1cia do estado de defesa<\/em>;<\/p>\n<p style=\"text-align: justify;\"><strong>2)<\/strong> <em>declara\u00e7\u00e3o de estado de guerra ou resposta a agress\u00e3o armada estrangeir<\/em>a.<\/p>\n<p style=\"text-align: justify;\">Na primeira situa\u00e7\u00e3o, o decreto n\u00e3o pode ter prazo superior a trinta dias, mas s\u00e3o admitidas prorroga\u00e7\u00f5es, conforme a necessidade. No segundo caso, n\u00e3o h\u00e1 prazo previamente estabelecido.<\/p>\n<p style=\"text-align: justify;\">Por \u00faltimo, a interven\u00e7\u00e3o federal n\u00e3o afeta direitos e garantias fundamentais, mas a autonomia do ente federativo.<\/p>\n<p style=\"text-align: justify;\">Trata-se de medida mais branda que o estado de defesa e o estado de s\u00edtio e s\u00f3 pode ser decretada pelo Presidente nos casos do artigo 34 da Constitui\u00e7\u00e3o Federal.<\/p>\n<h2 style=\"text-align: justify;\"><strong>13) A interven\u00e7\u00e3o federal no Rio de Janeiro \u00e9 inconstitucional?<\/strong><\/h2>\n<p style=\"text-align: justify;\">No meu entender, n\u00e3o. Aqui emito apenas opini\u00e3o e de natureza t\u00e9cnica.<\/p>\n<p style=\"text-align: justify;\">At\u00e9 o momento, 17\/02\/2018, n\u00e3o se sabe de nenhuma viola\u00e7\u00e3o ao Estado de Direito em decorr\u00eancia do decreto interventivo, pois o ato do Presidente da Rep\u00fablica est\u00e1 consubstanciado no artigo 34, inciso III, da Constitui\u00e7\u00e3o Federal (\u201cp\u00f4r termos a grave comprometimento da ordem p\u00fablica\u201d).<\/p>\n<p style=\"text-align: justify;\">Nesse caso, al\u00e9m de atender ao requisito material, a decreta\u00e7\u00e3o da interven\u00e7\u00e3o tamb\u00e9m \u00e9 condizente com o pressuposto formal aplicado ao caso, j\u00e1 que pode o Presidente agir espontaneamente.<\/p>\n<p style=\"text-align: justify;\">A interven\u00e7\u00e3o no Rio de Janeiro \u00e9 apenas parcial, de forma que o Governador n\u00e3o foi afastado de seu mandato eletivo e pode continuar a praticar, com autonomia, atos de governo, exceto no que concerne \u00e0 seguran\u00e7a p\u00fablica.<\/p>\n<p style=\"text-align: justify;\">A interven\u00e7\u00e3o parcial respeita o princ\u00edpio federativo da autonomia do Estado-membro e apenas atinge o ponto central da medida extrema: a atua\u00e7\u00e3o do crime organizado. V\u00ea-se aqui modera\u00e7\u00e3o.<\/p>\n<p style=\"text-align: justify;\">No caso sob comento, a nomea\u00e7\u00e3o de interventor \u00e9 obrigat\u00f3ria, porque est\u00e1 direcionada ao Executivo estadual.<\/p>\n<p style=\"text-align: justify;\">N\u00e3o h\u00e1 proibi\u00e7\u00e3o constitucional de que o interventor seja militar. Basta ser pessoa da confian\u00e7a do Presidente, algu\u00e9m capacitado para agir em nome do Chefe do Executivo.<\/p>\n<p style=\"text-align: justify;\">\u00c9 preciso deixar claro que o fato de o interventor escolhido pelo Presidente Michel Temer ser General do Ex\u00e9rcito n\u00e3o \u00e9 bastante para se configurar interven\u00e7\u00e3o militar.<\/p>\n<p style=\"text-align: justify;\">O Rio de Janeiro n\u00e3o est\u00e1 sofrendo interven\u00e7\u00e3o militar, porque esta, inclusive, \u00e9 inconstitucional. Trata-se de interven\u00e7\u00e3o federal, sob responsabilidade de um civil eleito pelo povo (sim, o Vice-Presidente \u00e9 eleito pelo povo!).<\/p>\n<p style=\"text-align: justify;\">O General Walter Souza Braga Netto est\u00e1 subordinado ao Presidente da Rep\u00fablica. Seus atos ensejar\u00e3o responsabilidade tanto para si mesmo quanto para o Chefe do Executivo, conforme a situa\u00e7\u00e3o.<\/p>\n<p style=\"text-align: justify;\">Outro aspecto que merece ser esclarecido: os direitos fundamentais dos cidad\u00e3os n\u00e3o ficam afetados em raz\u00e3o da interven\u00e7\u00e3o.<\/p>\n<p style=\"text-align: justify;\"><u>\u201cProfessora, o Ex\u00e9rcito tem poder de pol\u00edcia?\u201d<\/u> N\u00e3o. <u>\u201cO Ex\u00e9rcito pode prender?\u201d<\/u> S\u00f3 em flagrante. <u>\u201cOs militares poder\u00e3o entrar na casa das pessoas sem autoriza\u00e7\u00e3o dos moradores?\u201d<\/u> N\u00e3o, exceto nos casos autorizados pelo artigo 5\u00ba, inciso XI, da CF.<\/p>\n<p style=\"text-align: justify;\"><u>\u201cSe um cidad\u00e3o se manifestar contr\u00e1rio \u00e0 medida tomada pelo Presidente, ser\u00e1 preso?\u201d <\/u>Claro que n\u00e3o. A interven\u00e7\u00e3o federal n\u00e3o limita, de <em>per si<\/em>, direitos fundamentais. Obviamente, tais direitos n\u00e3o s\u00e3o absolutos e podem, caso-a-caso, sofrer relativiza\u00e7\u00e3o, mas tal limita\u00e7\u00e3o independe de interven\u00e7\u00e3o federal e pode ocorrer a qualquer tempo.<\/p>\n<p style=\"text-align: justify;\">Quanto \u00e0 possibilidade de vota\u00e7\u00e3o da reforma da previd\u00eancia, entendo n\u00e3o ser poss\u00edvel, j\u00e1 que o texto constitucional claramente pro\u00edbe que a Constitui\u00e7\u00e3o seja emendada durante a interven\u00e7\u00e3o federal.<\/p>\n<p style=\"text-align: justify;\">Assim, at\u00e9 31\/12\/2018, nenhuma emenda \u00e0 Constitui\u00e7\u00e3o poder\u00e1 ser promulgada. \u00c9 de duvidosa constitucionalidade a declara\u00e7\u00e3o do Presidente da Rep\u00fablica de que se houver qu\u00f3rum para aprovar a PEC da previd\u00eancia, ele suspender\u00e1 a interven\u00e7\u00e3o.<\/p>\n<p style=\"text-align: justify;\">Entendo n\u00e3o ser poss\u00edvel, mas teremos que esperar surgir o caso concreto e aguardar uma eventual manifesta\u00e7\u00e3o do Supremo Tribunal Federal.<\/p>\n<p style=\"text-align: justify;\">Por fim, o fato de o Presidente de Rep\u00fablica n\u00e3o ter convocado previamente o Conselho da Rep\u00fablica e o Conselho de Defesa Nacional n\u00e3o prejudica a interven\u00e7\u00e3o, tendo em vista serem os dois \u00f3rg\u00e3os meramente consultivos, de maneira que eventuais orienta\u00e7\u00f5es dos \u00f3rg\u00e3os n\u00e3o vinculam o Chefe do Executivo. Ademais, \u00e9 compet\u00eancia privativa do Presidente presidir e convocar os dois Conselhos.<\/p>\n<p style=\"text-align: justify;\">\u00c9 isso.<\/p>\n<p>Grande abra\u00e7o e bons estudos.<\/p>\n<p>Professora Nelma Fontana<br \/>\n<a href=\"https:\/\/www.facebook.com\/nelma.fontana\" target=\"_blank\" rel=\"noopener\">Facebook<\/a> | <a href=\"https:\/\/www.instagram.com\/nelmafontana\/\" target=\"_blank\" rel=\"noopener\">Instagram<\/a><\/p>\n","protected":false},"excerpt":{"rendered":"<p>Meus amigos, assunto do momento \u00e9 a interven\u00e7\u00e3o federal. Tenho recebido, nas \u00faltimas horas, muitos questionamentos de alunos e ex-alunos a respeito da tem\u00e1tica, motivo pelo qual tecerei aqui alguns coment\u00e1rios. Informo que o objetivo deste texto \u00e9 analisar apenas a juridicidade da medida tomada pelo Chefe do Executivo. Embora o tema seja de interesse [&hellip;]<\/p>\n","protected":false},"author":492,"featured_media":0,"comment_status":"open","ping_status":"closed","sticky":false,"template":"","format":"standard","meta":{"post_tipo":"article","footnotes":""},"categories":[2185],"tags":[],"tax_estado":[],"class_list":["post-106756","post","type-post","status-publish","format-standard","hentry","category-carreiras-juridicas"],"acf":[],"yoast_head":"<!-- This site is optimized with the Yoast SEO Premium plugin v27.2 (Yoast SEO v27.2) - https:\/\/yoast.com\/product\/yoast-seo-premium-wordpress\/ -->\n<title>A juridicidade da interven\u00e7\u00e3o federal no Rio de Janeiro<\/title>\n<meta name=\"description\" content=\"Confira aqui uma an\u00e1lise completa da juridicidade da interven\u00e7\u00e3o federal no Rio de Janeiro pela Profa. Nelma Fontana, de Direito Constitucional! N\u00e3o perca!\" \/>\n<meta name=\"robots\" content=\"index, follow, max-snippet:-1, max-image-preview:large, max-video-preview:-1\" \/>\n<link rel=\"canonical\" href=\"https:\/\/www.estrategiaconcursos.com.br\/blog\/intervencao-federal-rj-analise\/\" \/>\n<meta property=\"og:locale\" content=\"pt_BR\" \/>\n<meta property=\"og:type\" content=\"article\" \/>\n<meta property=\"og:title\" content=\"A juridicidade da interven\u00e7\u00e3o federal no Rio de Janeiro\" \/>\n<meta property=\"og:description\" content=\"Confira aqui uma an\u00e1lise completa da juridicidade da interven\u00e7\u00e3o federal no Rio de Janeiro pela Profa. Nelma Fontana, de Direito Constitucional! N\u00e3o perca!\" \/>\n<meta property=\"og:url\" content=\"https:\/\/www.estrategiaconcursos.com.br\/blog\/intervencao-federal-rj-analise\/\" \/>\n<meta property=\"og:site_name\" content=\"Estrat\u00e9gia Concursos\" \/>\n<meta property=\"article:published_time\" content=\"2018-02-17T16:18:20+00:00\" \/>\n<meta property=\"article:modified_time\" content=\"2018-02-17T16:34:17+00:00\" \/>\n<meta name=\"author\" content=\"Nelma Fontana\" \/>\n<meta name=\"twitter:card\" content=\"summary_large_image\" \/>\n<meta name=\"twitter:creator\" content=\"@EstratConcursos\" \/>\n<meta name=\"twitter:site\" content=\"@EstratConcursos\" \/>\n<meta name=\"twitter:label1\" content=\"Escrito por\" \/>\n\t<meta name=\"twitter:data1\" content=\"Nelma Fontana\" \/>\n\t<meta name=\"twitter:label2\" content=\"Est. tempo de leitura\" \/>\n\t<meta name=\"twitter:data2\" content=\"18 minutos\" \/>\n<script type=\"application\/ld+json\" class=\"yoast-schema-graph\">{\"@context\":\"https:\/\/schema.org\",\"@graph\":[{\"@type\":\"NewsArticle\",\"@id\":\"https:\/\/www.estrategiaconcursos.com.br\/blog\/intervencao-federal-rj-analise\/#article\",\"isPartOf\":{\"@id\":\"https:\/\/www.estrategiaconcursos.com.br\/blog\/intervencao-federal-rj-analise\/\"},\"author\":{\"name\":\"Nelma Fontana\",\"@id\":\"https:\/\/www.estrategiaconcursos.com.br\/blog\/#\/schema\/person\/09924ae9dae935885ef15db075a3be15\"},\"headline\":\"A juridicidade da interven\u00e7\u00e3o federal no Rio de Janeiro\",\"datePublished\":\"2018-02-17T16:18:20+00:00\",\"dateModified\":\"2018-02-17T16:34:17+00:00\",\"mainEntityOfPage\":{\"@id\":\"https:\/\/www.estrategiaconcursos.com.br\/blog\/intervencao-federal-rj-analise\/\"},\"wordCount\":3557,\"commentCount\":30,\"publisher\":{\"@id\":\"https:\/\/www.estrategiaconcursos.com.br\/blog\/#organization\"},\"articleSection\":[\"Jur\u00eddico\"],\"inLanguage\":\"pt-BR\",\"potentialAction\":[{\"@type\":\"CommentAction\",\"name\":\"Comment\",\"target\":[\"https:\/\/www.estrategiaconcursos.com.br\/blog\/intervencao-federal-rj-analise\/#respond\"]}],\"copyrightYear\":\"2018\",\"copyrightHolder\":{\"@id\":\"https:\/\/www.estrategiaconcursos.com.br\/blog\/#organization\"}},{\"@type\":\"WebPage\",\"@id\":\"https:\/\/www.estrategiaconcursos.com.br\/blog\/intervencao-federal-rj-analise\/\",\"url\":\"https:\/\/www.estrategiaconcursos.com.br\/blog\/intervencao-federal-rj-analise\/\",\"name\":\"A juridicidade da interven\u00e7\u00e3o federal no Rio de Janeiro\",\"isPartOf\":{\"@id\":\"https:\/\/www.estrategiaconcursos.com.br\/blog\/#website\"},\"datePublished\":\"2018-02-17T16:18:20+00:00\",\"dateModified\":\"2018-02-17T16:34:17+00:00\",\"description\":\"Confira aqui uma an\u00e1lise completa da juridicidade da interven\u00e7\u00e3o federal no Rio de Janeiro pela Profa. Nelma Fontana, de Direito Constitucional! N\u00e3o perca!\",\"breadcrumb\":{\"@id\":\"https:\/\/www.estrategiaconcursos.com.br\/blog\/intervencao-federal-rj-analise\/#breadcrumb\"},\"inLanguage\":\"pt-BR\",\"potentialAction\":[{\"@type\":\"ReadAction\",\"target\":[\"https:\/\/www.estrategiaconcursos.com.br\/blog\/intervencao-federal-rj-analise\/\"]}]},{\"@type\":\"BreadcrumbList\",\"@id\":\"https:\/\/www.estrategiaconcursos.com.br\/blog\/intervencao-federal-rj-analise\/#breadcrumb\",\"itemListElement\":[{\"@type\":\"ListItem\",\"position\":1,\"name\":\"In\u00edcio\",\"item\":\"https:\/\/www.estrategiaconcursos.com.br\/blog\/\"},{\"@type\":\"ListItem\",\"position\":2,\"name\":\"A juridicidade da interven\u00e7\u00e3o federal no Rio de Janeiro\"}]},{\"@type\":\"WebSite\",\"@id\":\"https:\/\/www.estrategiaconcursos.com.br\/blog\/#website\",\"url\":\"https:\/\/www.estrategiaconcursos.com.br\/blog\/\",\"name\":\"Estrat\u00e9gia Concursos\",\"description\":\"O blog da Estrat\u00e9gia Concursos traz not\u00edcias sobre concursos e artigos de professores oferecendo cursos para concursos (pdf + videaulas) no site.\",\"publisher\":{\"@id\":\"https:\/\/www.estrategiaconcursos.com.br\/blog\/#organization\"},\"potentialAction\":[{\"@type\":\"SearchAction\",\"target\":{\"@type\":\"EntryPoint\",\"urlTemplate\":\"https:\/\/www.estrategiaconcursos.com.br\/blog\/?s={search_term_string}\"},\"query-input\":{\"@type\":\"PropertyValueSpecification\",\"valueRequired\":true,\"valueName\":\"search_term_string\"}}],\"inLanguage\":\"pt-BR\"},{\"@type\":\"Organization\",\"@id\":\"https:\/\/www.estrategiaconcursos.com.br\/blog\/#organization\",\"name\":\"Estrat\u00e9gia Concursos\",\"url\":\"https:\/\/www.estrategiaconcursos.com.br\/blog\/\",\"logo\":{\"@type\":\"ImageObject\",\"inLanguage\":\"pt-BR\",\"@id\":\"https:\/\/www.estrategiaconcursos.com.br\/blog\/#\/schema\/logo\/image\/\",\"url\":\"https:\/\/dhg1h5j42swfq.cloudfront.net\/2025\/06\/03203428\/logo_concursos-1.jpg\",\"contentUrl\":\"https:\/\/dhg1h5j42swfq.cloudfront.net\/2025\/06\/03203428\/logo_concursos-1.jpg\",\"width\":230,\"height\":60,\"caption\":\"Estrat\u00e9gia Concursos\"},\"image\":{\"@id\":\"https:\/\/www.estrategiaconcursos.com.br\/blog\/#\/schema\/logo\/image\/\"},\"sameAs\":[\"https:\/\/x.com\/EstratConcursos\"]},{\"@type\":\"Person\",\"@id\":\"https:\/\/www.estrategiaconcursos.com.br\/blog\/#\/schema\/person\/09924ae9dae935885ef15db075a3be15\",\"name\":\"Nelma Fontana\",\"image\":{\"@type\":\"ImageObject\",\"inLanguage\":\"pt-BR\",\"@id\":\"https:\/\/secure.gravatar.com\/avatar\/a2b4071a40b0ae857a4dfe2308130289bde3d65cc7674fb758d21a8b645071e5?s=96&d=mm&r=g\",\"url\":\"https:\/\/secure.gravatar.com\/avatar\/a2b4071a40b0ae857a4dfe2308130289bde3d65cc7674fb758d21a8b645071e5?s=96&d=mm&r=g\",\"contentUrl\":\"https:\/\/secure.gravatar.com\/avatar\/a2b4071a40b0ae857a4dfe2308130289bde3d65cc7674fb758d21a8b645071e5?s=96&d=mm&r=g\",\"caption\":\"Nelma Fontana\"},\"url\":\"https:\/\/www.estrategiaconcursos.com.br\/blog\/author\/fontananelmagmail-com\/\"}]}<\/script>\n<!-- \/ Yoast SEO Premium plugin. -->","yoast_head_json":{"title":"A juridicidade da interven\u00e7\u00e3o federal no Rio de Janeiro","description":"Confira aqui uma an\u00e1lise completa da juridicidade da interven\u00e7\u00e3o federal no Rio de Janeiro pela Profa. Nelma Fontana, de Direito Constitucional! N\u00e3o perca!","robots":{"index":"index","follow":"follow","max-snippet":"max-snippet:-1","max-image-preview":"max-image-preview:large","max-video-preview":"max-video-preview:-1"},"canonical":"https:\/\/www.estrategiaconcursos.com.br\/blog\/intervencao-federal-rj-analise\/","og_locale":"pt_BR","og_type":"article","og_title":"A juridicidade da interven\u00e7\u00e3o federal no Rio de Janeiro","og_description":"Confira aqui uma an\u00e1lise completa da juridicidade da interven\u00e7\u00e3o federal no Rio de Janeiro pela Profa. Nelma Fontana, de Direito Constitucional! N\u00e3o perca!","og_url":"https:\/\/www.estrategiaconcursos.com.br\/blog\/intervencao-federal-rj-analise\/","og_site_name":"Estrat\u00e9gia Concursos","article_published_time":"2018-02-17T16:18:20+00:00","article_modified_time":"2018-02-17T16:34:17+00:00","author":"Nelma Fontana","twitter_card":"summary_large_image","twitter_creator":"@EstratConcursos","twitter_site":"@EstratConcursos","twitter_misc":{"Escrito por":"Nelma Fontana","Est. tempo de leitura":"18 minutos"},"schema":{"@context":"https:\/\/schema.org","@graph":[{"@type":"NewsArticle","@id":"https:\/\/www.estrategiaconcursos.com.br\/blog\/intervencao-federal-rj-analise\/#article","isPartOf":{"@id":"https:\/\/www.estrategiaconcursos.com.br\/blog\/intervencao-federal-rj-analise\/"},"author":{"name":"Nelma Fontana","@id":"https:\/\/www.estrategiaconcursos.com.br\/blog\/#\/schema\/person\/09924ae9dae935885ef15db075a3be15"},"headline":"A juridicidade da interven\u00e7\u00e3o federal no Rio de Janeiro","datePublished":"2018-02-17T16:18:20+00:00","dateModified":"2018-02-17T16:34:17+00:00","mainEntityOfPage":{"@id":"https:\/\/www.estrategiaconcursos.com.br\/blog\/intervencao-federal-rj-analise\/"},"wordCount":3557,"commentCount":30,"publisher":{"@id":"https:\/\/www.estrategiaconcursos.com.br\/blog\/#organization"},"articleSection":["Jur\u00eddico"],"inLanguage":"pt-BR","potentialAction":[{"@type":"CommentAction","name":"Comment","target":["https:\/\/www.estrategiaconcursos.com.br\/blog\/intervencao-federal-rj-analise\/#respond"]}],"copyrightYear":"2018","copyrightHolder":{"@id":"https:\/\/www.estrategiaconcursos.com.br\/blog\/#organization"}},{"@type":"WebPage","@id":"https:\/\/www.estrategiaconcursos.com.br\/blog\/intervencao-federal-rj-analise\/","url":"https:\/\/www.estrategiaconcursos.com.br\/blog\/intervencao-federal-rj-analise\/","name":"A juridicidade da interven\u00e7\u00e3o federal no Rio de Janeiro","isPartOf":{"@id":"https:\/\/www.estrategiaconcursos.com.br\/blog\/#website"},"datePublished":"2018-02-17T16:18:20+00:00","dateModified":"2018-02-17T16:34:17+00:00","description":"Confira aqui uma an\u00e1lise completa da juridicidade da interven\u00e7\u00e3o federal no Rio de Janeiro pela Profa. Nelma Fontana, de Direito Constitucional! N\u00e3o perca!","breadcrumb":{"@id":"https:\/\/www.estrategiaconcursos.com.br\/blog\/intervencao-federal-rj-analise\/#breadcrumb"},"inLanguage":"pt-BR","potentialAction":[{"@type":"ReadAction","target":["https:\/\/www.estrategiaconcursos.com.br\/blog\/intervencao-federal-rj-analise\/"]}]},{"@type":"BreadcrumbList","@id":"https:\/\/www.estrategiaconcursos.com.br\/blog\/intervencao-federal-rj-analise\/#breadcrumb","itemListElement":[{"@type":"ListItem","position":1,"name":"In\u00edcio","item":"https:\/\/www.estrategiaconcursos.com.br\/blog\/"},{"@type":"ListItem","position":2,"name":"A juridicidade da interven\u00e7\u00e3o federal no Rio de Janeiro"}]},{"@type":"WebSite","@id":"https:\/\/www.estrategiaconcursos.com.br\/blog\/#website","url":"https:\/\/www.estrategiaconcursos.com.br\/blog\/","name":"Estrat\u00e9gia Concursos","description":"O blog da Estrat\u00e9gia Concursos traz not\u00edcias sobre concursos e artigos de professores oferecendo cursos para concursos (pdf + videaulas) no site.","publisher":{"@id":"https:\/\/www.estrategiaconcursos.com.br\/blog\/#organization"},"potentialAction":[{"@type":"SearchAction","target":{"@type":"EntryPoint","urlTemplate":"https:\/\/www.estrategiaconcursos.com.br\/blog\/?s={search_term_string}"},"query-input":{"@type":"PropertyValueSpecification","valueRequired":true,"valueName":"search_term_string"}}],"inLanguage":"pt-BR"},{"@type":"Organization","@id":"https:\/\/www.estrategiaconcursos.com.br\/blog\/#organization","name":"Estrat\u00e9gia Concursos","url":"https:\/\/www.estrategiaconcursos.com.br\/blog\/","logo":{"@type":"ImageObject","inLanguage":"pt-BR","@id":"https:\/\/www.estrategiaconcursos.com.br\/blog\/#\/schema\/logo\/image\/","url":"https:\/\/dhg1h5j42swfq.cloudfront.net\/2025\/06\/03203428\/logo_concursos-1.jpg","contentUrl":"https:\/\/dhg1h5j42swfq.cloudfront.net\/2025\/06\/03203428\/logo_concursos-1.jpg","width":230,"height":60,"caption":"Estrat\u00e9gia Concursos"},"image":{"@id":"https:\/\/www.estrategiaconcursos.com.br\/blog\/#\/schema\/logo\/image\/"},"sameAs":["https:\/\/x.com\/EstratConcursos"]},{"@type":"Person","@id":"https:\/\/www.estrategiaconcursos.com.br\/blog\/#\/schema\/person\/09924ae9dae935885ef15db075a3be15","name":"Nelma Fontana","image":{"@type":"ImageObject","inLanguage":"pt-BR","@id":"https:\/\/secure.gravatar.com\/avatar\/a2b4071a40b0ae857a4dfe2308130289bde3d65cc7674fb758d21a8b645071e5?s=96&d=mm&r=g","url":"https:\/\/secure.gravatar.com\/avatar\/a2b4071a40b0ae857a4dfe2308130289bde3d65cc7674fb758d21a8b645071e5?s=96&d=mm&r=g","contentUrl":"https:\/\/secure.gravatar.com\/avatar\/a2b4071a40b0ae857a4dfe2308130289bde3d65cc7674fb758d21a8b645071e5?s=96&d=mm&r=g","caption":"Nelma Fontana"},"url":"https:\/\/www.estrategiaconcursos.com.br\/blog\/author\/fontananelmagmail-com\/"}]}},"_links":{"self":[{"href":"https:\/\/www.estrategiaconcursos.com.br\/blog\/wp-json\/wp\/v2\/posts\/106756","targetHints":{"allow":["GET"]}}],"collection":[{"href":"https:\/\/www.estrategiaconcursos.com.br\/blog\/wp-json\/wp\/v2\/posts"}],"about":[{"href":"https:\/\/www.estrategiaconcursos.com.br\/blog\/wp-json\/wp\/v2\/types\/post"}],"author":[{"embeddable":true,"href":"https:\/\/www.estrategiaconcursos.com.br\/blog\/wp-json\/wp\/v2\/users\/492"}],"replies":[{"embeddable":true,"href":"https:\/\/www.estrategiaconcursos.com.br\/blog\/wp-json\/wp\/v2\/comments?post=106756"}],"version-history":[{"count":4,"href":"https:\/\/www.estrategiaconcursos.com.br\/blog\/wp-json\/wp\/v2\/posts\/106756\/revisions"}],"predecessor-version":[{"id":106762,"href":"https:\/\/www.estrategiaconcursos.com.br\/blog\/wp-json\/wp\/v2\/posts\/106756\/revisions\/106762"}],"wp:attachment":[{"href":"https:\/\/www.estrategiaconcursos.com.br\/blog\/wp-json\/wp\/v2\/media?parent=106756"}],"wp:term":[{"taxonomy":"category","embeddable":true,"href":"https:\/\/www.estrategiaconcursos.com.br\/blog\/wp-json\/wp\/v2\/categories?post=106756"},{"taxonomy":"post_tag","embeddable":true,"href":"https:\/\/www.estrategiaconcursos.com.br\/blog\/wp-json\/wp\/v2\/tags?post=106756"},{"taxonomy":"tax_estado","embeddable":true,"href":"https:\/\/www.estrategiaconcursos.com.br\/blog\/wp-json\/wp\/v2\/tax_estado?post=106756"}],"curies":[{"name":"wp","href":"https:\/\/api.w.org\/{rel}","templated":true}]}}