{"id":1066823,"date":"2022-07-27T09:34:00","date_gmt":"2022-07-27T12:34:00","guid":{"rendered":"https:\/\/www.estrategiaconcursos.com.br\/blog\/?p=1066823"},"modified":"2022-07-28T08:20:19","modified_gmt":"2022-07-28T11:20:19","slug":"concurso-pc-ba-recursos-investigador","status":"publish","type":"post","link":"https:\/\/www.estrategiaconcursos.com.br\/blog\/concurso-pc-ba-recursos-investigador\/","title":{"rendered":"Concurso PC BA: confira os recursos para Investigador"},"content":{"rendered":"\n<p style=\"font-size:clamp(14.642px, 0.915rem + ((1vw - 3.2px) * 0.721), 22px);font-style:italic;font-weight:800\">Quer interpor recursos contra o gabarito de Investigador do concurso PC BA? Confira as possibilidades neste artigo!<\/p>\n\n\n\n<p>O <strong>concurso PC BA<\/strong> teve suas provas aplicadas neste \u00faltimo domingo, 24 de julho. Recentemente, foram divulgados os <a href=\"https:\/\/www.estrategiaconcursos.com.br\/blog\/concurso-pc-ba-gabaritos-preliminares\/\" target=\"_blank\" rel=\"noreferrer noopener\">gabaritos preliminares<\/a>.&nbsp;<\/p>\n\n\n\n<p><strong>Pretende interpor recurso para a PC BA Investigador?<\/strong> Todo o processo deve ser realizado no prazo de <strong>10h do dia 26 de julho at\u00e9 \u00e0s 17h de 27 de julho<\/strong>, atrav\u00e9s do <a href=\"https:\/\/www.ibfc.org.br\/concurso\/concurso_selecionado\/398\" target=\"_blank\" rel=\"noreferrer noopener\">site do IBFC<\/a>.<\/p>\n\n\n\n<p>E para te ajudar, nossos professores analisaram os gabaritos provis\u00f3rios e identificaram algumas possibilidades de recursos. Confira abaixo e n\u00e3o perca o prazo!<\/p>\n\n\n\n<ul class=\"wp-block-list\"><li><a href=\"#igualdade\">Recursos de Promo\u00e7\u00e3o da Igualdade Racial e de G\u00eanero<\/a><\/li><li><a href=\"#direito-adm\">Recursos de Direito Administrativo<\/a><\/li><li><a href=\"#portugues\">Recursos de Portugu\u00eas<\/a><\/li><li><a href=\"#rlm\">Recursos de Racioc\u00ednio L\u00f3gico-Matem\u00e1tico<\/a><\/li><li><a href=\"#informatica\">Recursos de Inform\u00e1tica<\/a><\/li><li><a href=\"#penal\">Recursos de Direito Penal<\/a><\/li><\/ul>\n\n\n\n<h2 class=\"has-cyan-bluish-gray-background-color has-background wp-block-heading\" id=\"igualdade\">PC BA Investigador: recursos de Promo\u00e7\u00e3o da Igualdade Racial e de G\u00eanero<\/h2>\n\n\n\n<p><strong><em>O caderno de provas utilizado na corre\u00e7\u00e3o foi a <span style=\"text-decoration: underline;\">Vers\u00e3o A<\/span>. <\/em><\/strong><\/p>\n\n\n\n<p><strong>26) No escopo da promo\u00e7\u00e3o da igualdade racial e g\u00eanero, muitos s\u00e3o os dispositivos legais que comp\u00f5em o ordenamento jur\u00eddico penal. Sendo assim, numere a COLUNA II de acordo com a COLUNA I, fazendo a rela\u00e7\u00e3o entre elas.<\/strong><\/p>\n\n\n\n<p><em>COLUNA I<\/em><\/p>\n\n\n\n<ul class=\"wp-block-list\"><li><em>1) Decreto n\u00ba 4.377, de 13 de setembro de 2002.<\/em><\/li><li><em>2) Lei Federal n\u00ba 7.437, de 20 de dezembro de 1985.<\/em><\/li><li><em>3) Lei Federal n\u00ba 7.716, de 5 de janeiro de 1989.<\/em><\/li><li><em>4) Lei Federal n\u00ba 9.455, de 7 de abril de 1997.<\/em><\/li><li><em>5) Lei Federal n\u00ba 11.430, de 7 de agosto de 2006.<\/em><\/li><li><em>6) Decreto Federal n\u00ba 65.810, de 08 de dezembro de 1969.<\/em><\/li><\/ul>\n\n\n\n<p><em>COLUNA II<\/em><\/p>\n\n\n\n<ul class=\"wp-block-list\"><li><em>(&nbsp; ) Promulga a Conven\u00e7\u00e3o sobre a Elimina\u00e7\u00e3o de Todas as Formas de Discrimina\u00e7\u00e3o contra a Mulher, de 1979, e revoga o Decreto no 89.460, de 20 de mar\u00e7o de 1984.<\/em><\/li><li><em>(&nbsp; ) Define os crimes resultantes de preconceito de ra\u00e7a e cor.<\/em><\/li><li><em>(&nbsp; ) Define os crimes de tortura e d\u00e1 outras provid\u00eancias.<\/em><\/li><li><em>(&nbsp; ) Cria mecanismos para coibir a viol\u00eancia dom\u00e9stica e familiar contra a mulher, nos termos do \u00a7 8\u00ba do art. 226 da Constitui\u00e7\u00e3o Federal, da Conven\u00e7\u00e3o sobre a Elimina\u00e7\u00e3o de Todas as Formas de Discrimina\u00e7\u00e3o contra as Mulheres e da Conven\u00e7\u00e3o Interamericana para Prevenir, Punir e Erradicar a Viol\u00eancia contra a Mulher; disp\u00f5e sobre a cria\u00e7\u00e3o dos Juizados de Viol\u00eancia Dom\u00e9stica e Familiar contra a Mulher; altera o C\u00f3digo de Processo Penal, o C\u00f3digo Penal e a Lei de Execu\u00e7\u00e3o Penal; e d\u00e1 outras provid\u00eancias.<\/em><\/li><li><em>(&nbsp; ) Promulga a Conven\u00e7\u00e3o Internacional sobre a Elimina\u00e7\u00e3o de todas as Formas de Discrimina\u00e7\u00e3o Racial.<\/em><\/li><li><em>(&nbsp;&nbsp; ) Inclui, entre as contraven\u00e7\u00f5es penais a pr\u00e1tica de atos resultantes de preconceito de ra\u00e7a, de cor, de sexo ou de estado civil, dando nova reda\u00e7\u00e3o \u00e0 Lei n\u00ba 1.390, de 3 de julho de 1951 &#8211; Lei Afonso Arinos.<\/em><\/li><\/ul>\n\n\n\n<p><strong>Assinale a alternativa que apresenta a sequ\u00eancia correta.<\/strong><\/p>\n\n\n\n<ul class=\"wp-block-list\"><li><em>a) 1, 3, 4, 5, 6, 2<\/em><\/li><li><em>b) 2, 3, 4, 6, 5, 1<\/em><\/li><li><em>c) 1, 2, 4, 5, 6, 3<\/em><\/li><li><em>d) 2, 4, 3, 5, 1, 6<\/em><\/li><li><em>e) 1, 5, 4, 3, 6, 2<\/em><\/li><\/ul>\n\n\n\n<p><strong><u>PEDIDO:<\/u><\/strong> Anula\u00e7\u00e3o<\/p>\n\n\n\n<p><strong><u>FUNDAMENTA\u00c7\u00c3O<span style=\"text-decoration: underline;\">: <\/span><\/u><\/strong>A quest\u00e3o aborda uma Lei Federal inexistente, n\u00e3o prevista pelo Ordenamento Jur\u00eddico brasileiro.<\/p>\n\n\n\n<p>A COLUNA I traz <strong><u>\u201c5) Lei Federal n\u00ba 11.430, de 7 de agosto de 2006\u201d.<\/u><\/strong><\/p>\n\n\n\n<p>O texto aparenta not\u00f3rio equ\u00edvoco, uma vez que a Lei n\u00ba 11.430 \u00e9 datada de 26 de dezembro de 2006 (e n\u00e3o de 7 de agosto de 2006), ou seja, O INSTITUTO NORMATIVO APRESENTADO NA QUEST\u00c3O N\u00c3O SE ENCONTRA LEGISLADO (n\u00e3o existe).<\/p>\n\n\n\n<p>No que diz respeito ao n\u00famero da Lei, desconsiderando sua data, temos que a <strong><u>Lei n\u00ba 11.430<\/u><\/strong><\/p>\n\n\n\n<p>Altera as Leis n\u00bas 8.213, de 24 de julho de 1991, e 9.796, de 5 de maio de 1999, <strong>aumenta o valor dos benef\u00edcios da previd\u00eancia social<\/strong>; e <strong>revoga a Medida Provis\u00f3ria n\u00ba 316, de 11 de agosto de 2006<\/strong>; dispositivos das <strong>Leis n\u00bas 8.213, de 24 de julho de 1991, 8.444, de 20 de julho de 1992, e da Medida Provis\u00f3ria n\u00ba 2.187-13, de 24 de agosto de 2001; e a Lei n\u00ba 10.699, de 9 de julho de 2003.<\/strong><\/p>\n\n\n\n<p>Nesse sentido, a referida Lei n\u00e3o est\u00e1 prevista para o presente concurso, n\u00e3o \u00e9 parte do conte\u00fado program\u00e1tico do Edital \u2013 SAEB n\u00ba 02\/2022, de 20 de abril de 2022. Sobre conte\u00fados cobrados em provas de concursos p\u00fablicos e n\u00e3o expressos pelo Edital, a jurisprud\u00eancia tem se posicionado no seguinte sentido:<\/p>\n\n\n\n<p><strong><u>Informativo 311, 26 de fevereiro a 2 de mar\u00e7o de 2007. <\/u><\/strong>CONCURSO P\u00daBLICO. LEGALIDADE. VINCULA\u00c7\u00c3O. EDITAL. PODER JUDICI\u00c1RIO. LIMITES. A Turma reiterou seu entendimento de que <strong>o exame pelo Judici\u00e1rio dos atos discricion\u00e1rios de banca examinadora de concursos p\u00fablicos limita-se aos princ\u00edpios da legalidade e da vincula\u00e7\u00e3o das normas do edital.<\/strong> <\/p>\n\n\n\n<p>Tratando-se de pretens\u00e3o visando \u00e0 nulidade de quest\u00f5es formuladas na prova preliminar objetiva (eliminat\u00f3ria) aplicada no certame para ingresso no servi\u00e7o de not\u00e1rios e registradores, tal m\u00e9rito escapa ao controle judicial, verificada a observa\u00e7\u00e3o dos requisitos pela banca examinadora, para fins de altera\u00e7\u00e3o da aferi\u00e7\u00e3o de pontos. Precedentes citados do STF: RE 434.708-RS, DJ 9\/9\/2005; do STJ: RMS 19.043-GO, DJ 27\/11\/2006; AgRg no RMS 20.515-RS, DJ 21\/8\/2006, e RMS 19.304-MT, DJ 17\/10\/2005. RMS 19.353-RS, Rel. Min. Denise Arruda, julgado em 28\/2\/2007.<\/p>\n\n\n\n<p>Sendo assim, as bancas devem restar adstritas ao conte\u00fado program\u00e1tico dos editais sob pena de violarem os princ\u00edpios da legalidade e da vincula\u00e7\u00e3o.<\/p>\n\n\n\n<p>Contudo, quando se busca relacionar as COLUNAS I e II da prova em tela, observa-se que a prov\u00e1vel inten\u00e7\u00e3o dos membros da banca desenvolveu-se no sentido de tratar sobre a aprova\u00e7\u00e3o da norma <strong><u>Lei n\u00ba 11.340, de 7 de agosto de 2006<\/u><\/strong>, uma vez que o gabarito da quest\u00e3o aponta para o seguinte pre\u00e2mbulo:<\/p>\n\n\n\n<p>Cria mecanismos para <strong>coibir a viol\u00eancia dom\u00e9stica e familiar contra a mulher<\/strong>, nos termos do \u00a7 8\u00ba do art. 226 da Constitui\u00e7\u00e3o Federal, da Conven\u00e7\u00e3o sobre a Elimina\u00e7\u00e3o de Todas as Formas de Discrimina\u00e7\u00e3o contra as Mulheres e da Conven\u00e7\u00e3o Interamericana para Prevenir, Punir e Erradicar a Viol\u00eancia contra a Mulher; disp\u00f5e sobre a cria\u00e7\u00e3o dos Juizados de Viol\u00eancia Dom\u00e9stica e Familiar contra a Mulher; altera o C\u00f3digo de Processo Penal, o C\u00f3digo Penal e a Lei de Execu\u00e7\u00e3o Penal; e d\u00e1 outras provid\u00eancias.<\/p>\n\n\n\n<p>Sendo assim, a quest\u00e3o acabou por exigir que o candidato relacionasse as colunas e assinalasse a alternativa correta com base em uma Lei Federal que n\u00e3o se encontra legislada em nosso Ordenamento Jur\u00eddico. <\/p>\n\n\n\n<p>N\u00e3o houve qualquer possibilidade de acerto da quest\u00e3o, uma vez que o pr\u00f3prio enunciado cont\u00e9m um grave erro, de modo que a mesma merece sofrer anula\u00e7\u00e3o.<\/p>\n\n\n\n<p>Diante do exposto, n\u00e3o se deve manter a alternativa \u201cA\u201d como verdadeira, de modo que solicito a compreens\u00e3o da banca examinadora quanto ao pedido de anula\u00e7\u00e3o da referida quest\u00e3o.&nbsp;&nbsp;&nbsp;&nbsp;&nbsp;&nbsp;&nbsp;&nbsp;&nbsp;<\/p>\n\n\n\n<h2 class=\"has-cyan-bluish-gray-background-color has-background wp-block-heading\" id=\"direito-adm\">PC BA Investigador: recursos de Direito Administrativo<\/h2>\n\n\n\n<p><strong><em>O caderno de provas utilizado na corre\u00e7\u00e3o foi a <span style=\"text-decoration: underline;\">Vers\u00e3o A<\/span>. <\/em><\/strong><\/p>\n\n\n\n<p><strong>Quest\u00e3o<\/strong>: A Lei n\u00ba 13.303\/2016 disp\u00f5e sobre o estatuto jur\u00eddico da empresa p\u00fablica, da sociedade de economia mista e de suas subsidi\u00e1rias e traz disposi\u00e7\u00f5es sobre o Comit\u00ea de Auditoria Estatut\u00e1rio. Sobre o assunto, analise as afirmativas abaixo e d\u00ea valores de Verdadeiro (V) ou Falso (F).<\/p>\n\n\n\n<p><strong>Requerimento: Anula\u00e7\u00e3o<\/strong><\/p>\n\n\n\n<p>Fundamenta\u00e7\u00e3o: Quest\u00e3o que extrapola o conte\u00fado do edital<\/p>\n\n\n\n<p>A presente quest\u00e3o inequivocamente n\u00e3o se encontra amparada pelo conte\u00fado program\u00e1tico do edital de Direito Administrativo. A lei 13.1303\/2016, que trata das regras acerca das empresas estatais, reflete uma legisla\u00e7\u00e3o espec\u00edfica e que n\u00e3o se encontra prevista no edital do presente certame.<\/p>\n\n\n\n<p>Ante o exposto, requer-se a anula\u00e7\u00e3o da quest\u00e3o.<\/p>\n\n\n\n<p><strong>Quest\u00e3o<\/strong>: A Lei n\u00ba 13.303\/2016 (Lei das Estatais) disp\u00f5e que a empresa p\u00fablica e a sociedade de economia mista ter\u00e3o a fun\u00e7\u00e3o social de realiza\u00e7\u00e3o do interesse coletivo ou de atendimento a imperativo da seguran\u00e7a nacional expressa no instrumento de autoriza\u00e7\u00e3o legal para a sua cria\u00e7\u00e3o. Sobre o assunto, assinale a alternativa incorreta.<\/p>\n\n\n\n<p><strong>Requerimento: Anula\u00e7\u00e3o<\/strong><\/p>\n\n\n\n<p>Fundamenta\u00e7\u00e3o: Quest\u00e3o que extrapola o conte\u00fado do edital<\/p>\n\n\n\n<p>A presente quest\u00e3o inequivocamente n\u00e3o se encontra amparada pelo conte\u00fado program\u00e1tico do edital de Direito Administrativo. A lei 13.1303\/2016, que trata das regras acerca das empresas estatais, reflete uma legisla\u00e7\u00e3o espec\u00edfica e que n\u00e3o se encontra prevista no edital do presente certame.<\/p>\n\n\n\n<p>Ante o exposto, requer-se a anula\u00e7\u00e3o da quest\u00e3o.<\/p>\n\n\n\n<p><strong>Quest\u00e3o<\/strong>: Acerca das esp\u00e9cies dos atos administrativos, especialmente quanto ao seu conte\u00fado, analise as afirmativas abaixo e d\u00ea valores Verdadeiro (V) ou Falso (F).<\/p>\n\n\n\n<p><strong>Requerimento: Anula\u00e7\u00e3o<\/strong><\/p>\n\n\n\n<p>Fundamenta\u00e7\u00e3o:<\/p>\n\n\n\n<p>O seguinte item \u00e9 assunto divergente na doutrina:<\/p>\n\n\n\n<p><em>\u201cA autoriza\u00e7\u00e3o \u00e9 ato constitutivo e a licen\u00e7a \u00e9 ato declarat\u00f3rio de direito preexistente.\u201d<\/em><\/p>\n\n\n\n<p>Para uma parte da doutrina do Direito Administrativo, a licen\u00e7a tamb\u00e9m \u00e9 considerada um ato constitutivo.<\/p>\n\n\n\n<p>Para essa parcela da doutrina, o ato constitutivo,&nbsp;\u00e9 aquele que cria uma nova situa\u00e7\u00e3o jur\u00eddica individual para seus destinat\u00e1rios, em rela\u00e7\u00e3o \u00e0 administra\u00e7\u00e3o. Essa situa\u00e7\u00e3o jur\u00eddica poder\u00e1 refletir-se no reconhecimento de um direito ao administrado. Nesses casos, o o ato cria uma situa\u00e7\u00e3o jur\u00eddica nova, como ocorre na concess\u00e3o de uma licen\u00e7a, por exemplo.<\/p>\n\n\n\n<p>Refer\u00eancias:<\/p>\n\n\n\n<p>CARVALHO FILHO, Jos\u00e9 dos Santos.&nbsp;Manual de direito administrativo. 31. ed. rev., atual. e ampl. \u2013 S\u00e3o Paulo: Atlas, 2017<\/p>\n\n\n\n<p>JUSTEN FILHO, Mar\u00e7al.&nbsp;Curso de Direito Administrativo.&nbsp;4\u00aa ed. rev. e atual. S\u00e3o Paulo: Saraiva, 2009<\/p>\n\n\n\n<h2 class=\"has-cyan-bluish-gray-background-color has-background wp-block-heading\" id=\"portugues\">PC BA Investigador: recursos de Portugu\u00eas<\/h2>\n\n\n\n<p><strong><em>O caderno de provas utilizado na corre\u00e7\u00e3o foi a <span style=\"text-decoration: underline;\">Vers\u00e3o A<\/span>. <\/em><\/strong><\/p>\n\n\n\n<p>A quest\u00e3o 8 de Reda\u00e7\u00e3o Oficial apresentava o seguinte enunciado:<em> Considerando as orienta\u00e7\u00f5es do Manual de Reda\u00e7\u00e3o da Presid\u00eancia da Rep\u00fablica, ao come\u00e7ar o texto com \u201cTenho a honra de convidar\u201d, percebe-se que o redator n\u00e3o fez uso da seguinte caracter\u00edstica necess\u00e1ria \u00e0s correspond\u00eancias oficiais:<\/em><\/p>\n\n\n\n<p>Dado do enunciado, as alternativas eram: Clareza, Objetividade, Coes\u00e3o, Coer\u00eancia e Pessoalidade. Dentre essas alternativas colocadas, fica evidente que \u201cPessoalidade\u201d n\u00e3o corresponde a uma caracter\u00edstica da Reda\u00e7\u00e3o Oficial, pois esta deve primar pela IMPESSOALIDADE. <\/p>\n\n\n\n<p>Dado o trecho destacado \u201cTenho a honra de convidar\u201d, o que se nota \u00e9 a total pessoalidade apresentada no trecho, sendo esse elemento o ponto mais relevante como inadequado \u00e0 escrita. A banca apresenta como alternativa correta aquela que trata da OBJETIVIDADE. <\/p>\n\n\n\n<p>No entanto, essa caracter\u00edstica n\u00e3o pode ser vista como n\u00e3o utilizada, uma vez que n\u00e3o existe espa\u00e7o para tal assertiva, o recorte dado para an\u00e1lise deixa em evid\u00eancia a aus\u00eancia de impessoalidade.<\/p>\n\n\n\n<p>O Manual de Reda\u00e7\u00e3o Oficial declara que: Ser objetivo \u00e9 ir diretamente ao assunto que se deseja abordar, sem voltas e sem redund\u00e2ncias. Para conseguir isso, \u00e9 fundamental que o redator saiba de antem\u00e3o qual \u00e9 a ideia principal e quais s\u00e3o as secund\u00e1rias.<\/p>\n\n\n\n<p>Para que a an\u00e1lise da objetividade, o trecho de texto apresentado \u00e9 insuficiente. Ainda, segundo o Manual: N\u00e3o h\u00e1 lugar na reda\u00e7\u00e3o oficial para impress\u00f5es pessoais, como as que, por exemplo, constam de uma carta a um amigo, ou de um artigo assinado de jornal, ou mesmo de um texto liter\u00e1rio. <\/p>\n\n\n\n<p>A reda\u00e7\u00e3o oficial deve ser isenta da interfer\u00eancia da individualidade de quem a elabora. A concis\u00e3o, a clareza, a objetividade e a formalidade de que nos valemos para elaborar os expedientes oficiais contribuem, ainda, para que seja alcan\u00e7ada a necess\u00e1ria impessoalidade.<\/p>\n\n\n\n<p>O uso do verbo na primeira pessoa do singular (Tenho) e do substantivo (honra) demonstram o car\u00e1ter pessoal dado ao trecho. Pelo fato de sua breve extens\u00e3o, quaisquer outros crit\u00e9rios s\u00e3o irrelevantes frente \u00e0 inadequa\u00e7\u00e3o inicial do documento.<\/p>\n\n\n\n<p>Logo, percebe-se que a impessoalidade \u00e9 quesito fundamental, principalmente ante o trecho destacado para a constru\u00e7\u00e3o da quest\u00e3o. Em decorr\u00eancia da aus\u00eancia de alternativa adequada, <strong>solicita-se a anula\u00e7\u00e3o da quest\u00e3o<\/strong>.<\/p>\n\n\n\n<h2 class=\"has-cyan-bluish-gray-background-color has-background wp-block-heading\" id=\"rlm\">PC BA Investigador: recursos de RLM<\/h2>\n\n\n\n<p><strong><em>O caderno de provas utilizado na corre\u00e7\u00e3o foi a <span style=\"text-decoration: underline;\">Vers\u00e3o A<\/span>. <\/em><\/strong><\/p>\n\n\n\n<p><strong>11) Se Joana \u00e9 delegada, ent\u00e3o fez direito. Se Joana fez direito, ent\u00e3o estudou durante 5 anos. Mas Joana n\u00e3o estudou 5 anos. A conclus\u00e3o que se pode chegar \u00e9:<\/strong><\/p>\n\n\n\n<ul class=\"wp-block-list\"><li>a) Joana n\u00e3o \u00e9 delegada<\/li><li>b) Joana n\u00e3o fez direito<\/li><li>c) Joana \u00e9 delegada<\/li><li>d) Joana estudou mais de 5 anos<\/li><li>e) Joana estudou menos de 5 anos<\/li><\/ul>\n\n\n\n<p><strong><u>PEDIDO<\/u><\/strong>: Anula\u00e7\u00e3o<\/p>\n\n\n\n<p><strong><u>FUNDAMENTA\u00c7\u00c3O<\/u><\/strong><strong>:<\/strong><\/p>\n\n\n\n<p>A quest\u00e3o apresenta duas alternativas igualmente corretas.<\/p>\n\n\n\n<p>De acordo com o enunciado <em>\u201cJoana n\u00e3o estudou 5 anos\u201d<\/em>. Dessa maneira, podemos garantir que a proposi\u00e7\u00e3o <em>\u201cJoana estudou durante 5 anos\u201d<\/em> assume valor l\u00f3gico F (falso).<\/p>\n\n\n\n<p>Assim, na condicional <em>\u201c<\/em><em>Se Joana fez direito, ent\u00e3o estudou durante 5 anos\u201d<\/em>, a proposi\u00e7\u00e3o <em>\u201cJoana fez direito\u201d<\/em> assume valor l\u00f3gico F (falso) afinal, de acordo com a tabela-verdade da opera\u00e7\u00e3o l\u00f3gica condicional, \u201cSe F, ent\u00e3o F = V\u201d. Ora, mas se <em>\u201cJoana fez direito\u201d<\/em> \u00e9 falsa, ent\u00e3o a proposi\u00e7\u00e3o <em>\u201cJoana n\u00e3o fez direito\u201d<\/em> \u00e9 verdadeira. Essa conclus\u00e3o foi apresentada na alternativa \u201cB\u201d.<\/p>\n\n\n\n<p>Como a proposi\u00e7\u00e3o <em>\u201cJoana fez direito\u201d<\/em> assume valor l\u00f3gico F (falso), ent\u00e3o na proposi\u00e7\u00e3o <em>\u201c<\/em><em>Se Joana \u00e9 delegada, ent\u00e3o fez direito\u201d<\/em>, a proposi\u00e7\u00e3o <em>\u201cJoana \u00e9 delegada\u201d<\/em> assume valor l\u00f3gico F (falso) afinal, de acordo com a tabela-verdade da opera\u00e7\u00e3o l\u00f3gica condicional, \u201cSe F, ent\u00e3o F = V\u201d. Ora, mas se <em>\u201cJoana \u00e9 delegada\u201d<\/em> \u00e9 falsa, ent\u00e3o a proposi\u00e7\u00e3o <em>\u201cJoana n\u00e3o \u00e9 delegada\u201d<\/em> \u00e9 verdadeira. Essa conclus\u00e3o foi apresentada na alternativa \u201cA\u201d.<\/p>\n\n\n\n<p>Diante do exposto e n\u00e3o sendo justa apenas a apresenta\u00e7\u00e3o da alternativa \u201cA\u201d como verdadeira, solicito a compreens\u00e3o da banca examinadora quanto ao <strong>pedido de anula\u00e7\u00e3o da referida quest\u00e3o<\/strong>.<\/p>\n\n\n\n<h2 class=\"has-cyan-bluish-gray-background-color has-background wp-block-heading\" id=\"informatica\">PC BA Investigador: recursos de Inform\u00e1tica<\/h2>\n\n\n\n<p><strong><em>O caderno de provas utilizado na corre\u00e7\u00e3o foi a <span style=\"text-decoration: underline;\">Vers\u00e3o A<\/span>. <\/em><\/strong><\/p>\n\n\n\n<p><strong>RECURSO ADMINISTRATIVO:<\/strong> PEDIDO DE ALTERA\u00c7\u00c3O DE GABARITO<\/p>\n\n\n\n<p><strong>QUEST\u00c3O:<\/strong> 21<\/p>\n\n\n\n<p><strong>GABARITO PRELIMINAR: <\/strong>C<\/p>\n\n\n\n<p>A segunda alternativa da Quest\u00e3o 21 foi considerada incorreta pela banca examinadora: \u201c<em>O mesmo equipamento pode ter v\u00e1rios IP\u2019s, assim como v\u00e1rios IMEI\u2019s<\/em>\u201d.<\/p>\n\n\n\n<p>Ocorre que \u00e9 poss\u00edvel que um mesmo equipamento possua v\u00e1rios Endere\u00e7os IP, assim como \u00e9 poss\u00edvel que um mesmo equipamento possua v\u00e1rios IMEI\u2019s. <\/p>\n\n\n\n<p>Cabe salientar que o IMEI \u00e9 um n\u00famero de identifica\u00e7\u00e3o global e \u00fanico para cada telefone celular do tipo <em>Single<\/em> <em>Chip<\/em> (Cart\u00e3o SIM). Caso o telefone celular seja <em>Dual Chip, <\/em>isto \u00e9, comporte dois Cart\u00f5es SIM, ele poder\u00e1 ter mais de um IMEI.<\/p>\n\n\n\n<p>De forma an\u00e1loga, um mesmo equipamento poder\u00e1 ter mais de um Endere\u00e7o IP. Para fazer isso, basta que ele possua duas ou mais interfaces de rede (NIC \u2013 Network Interface Controller). <\/p>\n\n\n\n<p><strong>Diante dos argumentos expostos, requer-se a troca do gabarito para Letra A.<\/strong><\/p>\n\n\n\n<h2 class=\"has-cyan-bluish-gray-background-color has-background wp-block-heading\" id=\"informatica\">PC BA Investigador: recursos de Direito Penal<\/h2>\n\n\n\n<p><strong>QUEST\u00c3O 79 \u2013 VERS\u00c3O A<\/strong><\/p>\n\n\n\n<figure class=\"wp-block-image size-full\"><img loading=\"lazy\" decoding=\"async\" width=\"502\" height=\"436\" src=\"https:\/\/dhg1h5j42swfq.cloudfront.net\/2022\/07\/27151913\/image-317.png\" alt=\"Recursos da prova PC BA de Direito Penal\" class=\"wp-image-1067738\" srcset=\"https:\/\/dhg1h5j42swfq.cloudfront.net\/2022\/07\/27151913\/image-317.png 502w, https:\/\/dhg1h5j42swfq.cloudfront.net\/2022\/07\/27151913\/image-317-300x261.png 300w, https:\/\/dhg1h5j42swfq.cloudfront.net\/2022\/07\/27151913\/image-317-150x130.png 150w\" sizes=\"auto, (max-width: 502px) 100vw, 502px\" \/><figcaption>Recursos da prova PC BA de Direito Penal<\/figcaption><\/figure>\n\n\n\n<p><strong>GABARITO DA BANCA: LETRA B<\/strong><\/p>\n\n\n\n<p><strong>FUNDAMENTO RECURSAL<\/strong><\/p>\n\n\n\n<p>A banca considerou correta a alternativa que afirma que \u201cprivar algu\u00e9m de sua liberdade, mediante sequestro ou c\u00e1rcere privado, para a pr\u00e1tica de atos libidinosos\u201d.<\/p>\n\n\n\n<p>Contudo, a quest\u00e3o comporta anula\u00e7\u00e3o, pois possui mais de uma assertiva correta.<\/p>\n\n\n\n<p>Denota-se, que a assertiva considerada como gabarito est\u00e1 errada, pois \u00e9 a \u00fanica alternativa que n\u00e3o configura crime contra a dignidade sexual, pois corresponde ao delito de sequestro e c\u00e1rcere privado previsto no artigo 148, \u00a71\u00ba, V, do C\u00f3digo Penal, o qual \u00e9 considerado um crime contra a pessoa, vejamos:<\/p>\n\n\n\n<blockquote class=\"wp-block-quote is-layout-flow wp-block-quote-is-layout-flow\"><p><em>\u00a0<strong>T\u00cdTULO I<\/strong><\/em><\/p><p><strong><em>DOS CRIMES CONTRA A PESSOA<\/em><\/strong><\/p><p><strong><em>CAP\u00cdTULO VI<\/em><\/strong><\/p><p><strong><em>DOS CRIMES CONTRA A LIBERDADE INDIVIDUAL<\/em><\/strong><\/p><p><strong><em>SE\u00c7\u00c3O I<\/em><\/strong><\/p><p><strong><em>DOS CRIMES CONTRA A LIBERDADE PESSOAL<\/em><\/strong><\/p><p><em>\u201c<strong>Seq\u00fcestro e c\u00e1rcere privado<\/strong><\/em><\/p><p><em>Art. 148 &#8211; Privar algu\u00e9m de sua liberdade, mediante seq\u00fcestro ou c\u00e1rcere privado:<\/em><\/p><p><em>(&#8230;)<\/em><\/p><p><em>\u00a7 1\u00ba &#8211; A pena \u00e9 de reclus\u00e3o, de dois a cinco anos:<\/em><\/p><p><em>(&#8230;)<\/em><\/p><p><em>V \u2013 se o crime \u00e9 praticado com fins libidinosos.\u201d<\/em><\/p><p>Ocorre que as demais assertivas configuram crimes contra a dignidade sexual, como ser\u00e1 demonstrado a seguir.<\/p><p>A assertiva A corresponde ao crime de divulga\u00e7\u00e3o de cena de estupro ou de cena de estupro de vulner\u00e1vel, de cena de sexo ou de pornografia previsto no art. 218-C do C\u00f3digo Penal:<\/p><p><em>\u201cDivulga\u00e7\u00e3o de cena de estupro ou de cena de estupro de vulner\u00e1vel, de cena de sexo ou de pornografia<\/em><\/p><p><em>Art. 218-C.\u00a0 Oferecer, trocar, disponibilizar, transmitir, vender ou expor \u00e0 venda, distribuir, publicar ou divulgar, por qualquer meio &#8211; inclusive por meio de comunica\u00e7\u00e3o de massa ou sistema de inform\u00e1tica ou telem\u00e1tica -, fotografia, v\u00eddeo ou outro registro audiovisual que contenha cena de estupro ou de estupro de vulner\u00e1vel ou que fa\u00e7a apologia ou induza a sua pr\u00e1tica, ou, sem o consentimento da v\u00edtima, cena de sexo, nudez ou pornografia:\u00a0<\/em><\/p><p><em>Pena &#8211; reclus\u00e3o, de 1 (um) a 5 (cinco) anos, se o fato n\u00e3o constitui crime mais grave.\u201d <\/em>\u00a0<\/p><p>A assertiva C corresponde ao delito de estupro de vulner\u00e1vel que est\u00e1 previsto no artigo 217-A do C\u00f3digo Penal:<\/p><p><em>\u201cEstupro de vulner\u00e1vel<\/em><\/p><p><em>Art. 217-A.\u00a0 Ter conjun\u00e7\u00e3o carnal ou praticar outro ato libidinoso com menor de 14 (catorze) anos:\u00a0\u00a0\u00a0\u00a0\u00a0\u00a0\u00a0\u00a0\u00a0\u00a0\u00a0\u00a0\u00a0<\/em><\/p><p><em>Pena &#8211; reclus\u00e3o, de 8 (oito) a 15 (quinze) anos.\u201d<\/em><\/p><p>J\u00e1 a assertiva D configura o crime de registro n\u00e3o autorizado da intimidade sexual, consoante artigo 216-B do C\u00f3digo Penal:<\/p><p><em>\u201cRegistro n\u00e3o autorizado da intimidade sexual<\/em><\/p><p><em>Art. 216-B.\u00a0 Produzir, fotografar, filmar ou registrar, por qualquer meio, conte\u00fado com cena de nudez ou ato sexual ou libidinoso de car\u00e1ter \u00edntimo e privado sem autoriza\u00e7\u00e3o dos participantes:<\/em><\/p><p><em>Pena &#8211; deten\u00e7\u00e3o, de 6 (seis) meses a 1 (um) ano, e multa.\u201d<\/em><\/p><p>Por fim, a assertiva E caracteriza o crime de corrup\u00e7\u00e3o de menores previsto no artigo 218 do C\u00f3digo Penal:<\/p><p><em>\u201cCorrup\u00e7\u00e3o de menores<\/em><\/p><p><em>Art. 218.\u00a0 Induzir algu\u00e9m menor de 14 (catorze) anos a satisfazer a lasc\u00edvia de outrem:\u00a0\u00a0\u00a0\u00a0\u00a0\u00a0\u00a0\u00a0\u00a0\u00a0<\/em><\/p><p><em>Pena &#8211; reclus\u00e3o, de 2 (dois) a 5 (cinco) anos.\u201d<\/em><\/p><\/blockquote>\n\n\n\n<p>Logo, verifica-se que o examinador se equivocou ao n\u00e3o esclarecer que o objetivo da quest\u00e3o era assinalar a alternativa que n\u00e3o correspondia a um crime contra a dignidade sexual, a deixando com 04 assertivas corretas.<\/p>\n\n\n\n<p>Diante do exposto, considerando que a quest\u00e3o possui mais de uma alternativa correta, postula-se pela sua anula\u00e7\u00e3o.<\/p>\n\n\n\n<p><strong>PLEITO \u2013 ANULA\u00c7\u00c3O DA QUEST\u00c3O<\/strong><\/p>\n\n\n\n<p><strong>QUEST\u00c3O 80 \u2013 VERS\u00c3O A<\/strong><\/p>\n\n\n\n<figure class=\"wp-block-image size-full\"><img loading=\"lazy\" decoding=\"async\" width=\"489\" height=\"391\" src=\"https:\/\/dhg1h5j42swfq.cloudfront.net\/2022\/07\/27151936\/image-318.png\" alt=\"\" class=\"wp-image-1067740\" srcset=\"https:\/\/dhg1h5j42swfq.cloudfront.net\/2022\/07\/27151936\/image-318.png 489w, https:\/\/dhg1h5j42swfq.cloudfront.net\/2022\/07\/27151936\/image-318-300x240.png 300w, https:\/\/dhg1h5j42swfq.cloudfront.net\/2022\/07\/27151936\/image-318-150x120.png 150w\" sizes=\"auto, (max-width: 489px) 100vw, 489px\" \/><figcaption>Recursos da prova PC BA de Direito Penal<\/figcaption><\/figure>\n\n\n\n<p><strong>GABARITO DA BANCA: LETRA A<\/strong><\/p>\n\n\n\n<p><strong>FUNDAMENTO RECURSAL<\/strong><\/p>\n\n\n\n<p>A banca considerou correta a alternativa que \u201cno crime de furto privilegiado, a a\u00e7\u00e3o penal \u00e9 p\u00fablica condicionada \u00e0 representa\u00e7\u00e3o da v\u00edtima ou de seu representante legal\u201d<\/p>\n\n\n\n<p>Contudo, a quest\u00e3o comporta anula\u00e7\u00e3o, pois possui mais de uma assertiva correta.<\/p>\n\n\n\n<p>Denota-se, que a assertiva considerada como gabarito est\u00e1 errada, pois o crime de furto privilegiado \u00e9 de a\u00e7\u00e3o penal p\u00fablica incondicionada, n\u00e3o sendo necess\u00e1rio a representa\u00e7\u00e3o da v\u00edtima ou do seu representante legal para instaurar a a\u00e7\u00e3o penal.<\/p>\n\n\n\n<p>Al\u00e9m do mais, se analisarmos as alternativas C e D, verificamos que est\u00e3o corretas, consoante o disposto no artigo 155, \u00a72\u00ba (assertiva C) e \u00a74\u00ba-A (assertiva D), vejamos:<\/p>\n\n\n\n<blockquote class=\"wp-block-quote is-layout-flow wp-block-quote-is-layout-flow\"><p><em>\u201cArt. 155. (&#8230;)<\/em><\/p><p><em>\u00a0\u00a7 2\u00ba &#8211; Se o criminoso \u00e9 prim\u00e1rio, e \u00e9 de pequeno valor a coisa furtada, o juiz pode substituir a pena de reclus\u00e3o pela de deten\u00e7\u00e3o, diminu\u00ed-la de um a dois ter\u00e7os, ou aplicar somente a pena de multa.<\/em><\/p><p><em>(&#8230;)<\/em><\/p><p><em>\u00a7 4\u00ba-A A pena \u00e9 de reclus\u00e3o de 4 (quatro) a 10 (dez) anos e multa, se houver emprego de explosivo ou de artefato an\u00e1logo que cause perigo comum.\u201d<\/em><\/p><\/blockquote>\n\n\n\n<p>Ante ao exposto, considerando que a quest\u00e3o possui mais de uma assertiva correta, postula-se pela sua anula\u00e7\u00e3o.<\/p>\n\n\n\n<p><strong>PLEITO \u2013 ANULA\u00c7\u00c3O DA QUEST\u00c3O<\/strong><\/p>\n\n\n\n<h3 class=\"has-text-align-center has-cyan-bluish-gray-background-color has-background wp-block-heading\" id=\"h-concurso-policia-civil-ba\"><a href=\"https:\/\/www.estrategiaconcursos.com.br\/blog\/concurso-pc-ba\/\" target=\"_blank\" rel=\"noreferrer noopener\">Concurso Pol\u00edcia Civil BA<\/a><\/h3>\n\n\n\n<hr class=\"wp-block-separator\"\/>\n\n\n\n<h2 class=\"has-text-align-center wp-block-heading\" id=\"h-quer-saber-tudo-sobre-concursos-previstos-confira-nossos-artigos\">Quer saber tudo sobre concursos previstos?<br \/>Confira nossos artigos!<\/h2>\n\n\n\n<ul class=\"wp-block-list\"><li><a href=\"https:\/\/www.estrategiaconcursos.com.br\/blog\/concursos-abertos\/\" target=\"_blank\" rel=\"noreferrer noopener\">Concursos abertos<\/a><\/li><li><a href=\"https:\/\/www.estrategiaconcursos.com.br\/blog\/concursos-2022\/\" target=\"_blank\" rel=\"noreferrer noopener\">Concursos 2022<\/a><\/li><li><a href=\"https:\/\/www.estrategiaconcursos.com.br\/blog\/concursos-2023\/\" target=\"_blank\" rel=\"noreferrer noopener\">Concursos 2023<\/a><\/li><\/ul>\n\n\n\n<div class=\"container\" id=\"boxes\">\n  <div class=\"row\"> \n\n    <div class=\"col-sm\">\n      <div class=\"banner-policial\" id=\"box-assinatura\">\n        <h3 class=\"titulo-assinatura\">Concurso PC BA<\/h3>\n        <p class=\"subtitulo-assinatura\">Conhe\u00e7a os cursos<\/p>\n        <div class=\"box-botao\">\n          <a class=\"btn-assinatura\" target=\"_blank\" href=\"https:\/\/www.estrategiaconcursos.com.br\/cursosPorConcurso\/policia-civil-ba\/\" role=\"button\" rel=\"noopener noreferrer\">Conhe\u00e7a mais<\/a>\n        <\/div>\n      <\/div>\n     \n\n  <\/div>\n<\/div><\/div>\n\n\n\n<div class=\"container\" id=\"boxes\">\n  <div class=\"row\">\n\n    <div class=\"col-sm\">\n      <div class=\"estrategia\" id=\"box-assinatura\">\n        <h3 class=\"titulo-assinatura\">Assinatura de Concursos<\/h3>\n        <p class=\"subtitulo-assinatura\">Assinatura de 1 ano ou 2 anos<\/p>\n        <div class=\"box-botao\">\n          <a class=\"btn-assinatura\" target=\"_blank\" href=\"https:\/\/www.estrategiaconcursos.com.br\/assinaturas\/\" role=\"button\" rel=\"noopener noreferrer\">ASSINE AGORA<\/a>\n        <\/div>\n      <\/div>\n     \n    <\/div><\/div><\/div>\n","protected":false},"excerpt":{"rendered":"<p>Quer interpor recursos contra o gabarito de Investigador do concurso PC BA? Confira as possibilidades neste artigo! O concurso PC BA teve suas provas aplicadas neste \u00faltimo domingo, 24 de julho. Recentemente, foram divulgados os gabaritos preliminares.&nbsp; Pretende interpor recurso para a PC BA Investigador? Todo o processo deve ser realizado no prazo de 10h [&hellip;]<\/p>\n","protected":false},"author":1206,"featured_media":871217,"comment_status":"open","ping_status":"closed","sticky":false,"template":"","format":"standard","meta":{"post_tipo":"news","footnotes":""},"categories":[1988,220219],"tags":[],"tax_estado":[219968],"class_list":["post-1066823","post","type-post","status-publish","format-standard","has-post-thumbnail","hentry","category-policia","category-noticias","tax_estado-ba"],"acf":[],"yoast_head":"<!-- This site is optimized with the Yoast SEO Premium plugin v27.2 (Yoast SEO v27.2) - https:\/\/yoast.com\/product\/yoast-seo-premium-wordpress\/ -->\n<title>Concurso PC BA: confira os recursos para Investigador<\/title>\n<meta name=\"description\" content=\"Confira as possibilidades de recursos contra o gabarito das provas de Investigador do concurso PC BA. Acesse e saiba mais!\" \/>\n<meta name=\"robots\" content=\"index, follow, max-snippet:-1, max-image-preview:large, max-video-preview:-1\" \/>\n<link rel=\"canonical\" href=\"https:\/\/www.estrategiaconcursos.com.br\/blog\/concurso-pc-ba-recursos-investigador\/\" \/>\n<meta property=\"og:locale\" content=\"pt_BR\" \/>\n<meta property=\"og:type\" content=\"article\" \/>\n<meta property=\"og:title\" content=\"Concurso PC BA: confira os recursos para Investigador\" \/>\n<meta property=\"og:description\" content=\"Confira as possibilidades de recursos contra o gabarito das provas de Investigador do concurso PC BA. Acesse e saiba mais!\" \/>\n<meta property=\"og:url\" content=\"https:\/\/www.estrategiaconcursos.com.br\/blog\/concurso-pc-ba-recursos-investigador\/\" \/>\n<meta property=\"og:site_name\" content=\"Estrat\u00e9gia Concursos\" \/>\n<meta property=\"article:published_time\" content=\"2022-07-27T12:34:00+00:00\" \/>\n<meta property=\"article:modified_time\" content=\"2022-07-28T11:20:19+00:00\" \/>\n<meta property=\"og:image\" content=\"https:\/\/dhg1h5j42swfq.cloudfront.net\/2021\/09\/27143047\/pc-ba.jpg\" \/>\n\t<meta property=\"og:image:width\" content=\"768\" \/>\n\t<meta property=\"og:image:height\" content=\"432\" \/>\n\t<meta property=\"og:image:type\" content=\"image\/jpeg\" \/>\n<meta name=\"author\" content=\"Bruna de Andrade Fran\u00e7a\" \/>\n<meta name=\"twitter:card\" content=\"summary_large_image\" \/>\n<meta name=\"twitter:creator\" content=\"@EstratConcursos\" \/>\n<meta name=\"twitter:site\" content=\"@EstratConcursos\" \/>\n<meta name=\"twitter:label1\" content=\"Escrito por\" \/>\n\t<meta name=\"twitter:data1\" content=\"Bruna de Andrade Fran\u00e7a\" \/>\n\t<meta name=\"twitter:label2\" content=\"Est. tempo de leitura\" \/>\n\t<meta name=\"twitter:data2\" content=\"18 minutos\" \/>\n<script type=\"application\/ld+json\" class=\"yoast-schema-graph\">{\"@context\":\"https:\/\/schema.org\",\"@graph\":[{\"@type\":\"NewsArticle\",\"@id\":\"https:\/\/www.estrategiaconcursos.com.br\/blog\/concurso-pc-ba-recursos-investigador\/#article\",\"isPartOf\":{\"@id\":\"https:\/\/www.estrategiaconcursos.com.br\/blog\/concurso-pc-ba-recursos-investigador\/\"},\"author\":{\"name\":\"Bruna de Andrade Fran\u00e7a\",\"@id\":\"https:\/\/www.estrategiaconcursos.com.br\/blog\/#\/schema\/person\/6630f91134abc08115cca62ce6372855\"},\"headline\":\"Concurso PC BA: confira os recursos para Investigador\",\"datePublished\":\"2022-07-27T12:34:00+00:00\",\"dateModified\":\"2022-07-28T11:20:19+00:00\",\"mainEntityOfPage\":{\"@id\":\"https:\/\/www.estrategiaconcursos.com.br\/blog\/concurso-pc-ba-recursos-investigador\/\"},\"wordCount\":3312,\"commentCount\":0,\"publisher\":{\"@id\":\"https:\/\/www.estrategiaconcursos.com.br\/blog\/#organization\"},\"image\":{\"@id\":\"https:\/\/www.estrategiaconcursos.com.br\/blog\/concurso-pc-ba-recursos-investigador\/#primaryimage\"},\"thumbnailUrl\":\"https:\/\/dhg1h5j42swfq.cloudfront.net\/2021\/09\/27143047\/pc-ba.jpg\",\"articleSection\":[\"Policial (Agente, Escriv\u00e3o e Investigador)\",\"\u00daltimas not\u00edcias\"],\"inLanguage\":\"pt-BR\",\"potentialAction\":[{\"@type\":\"CommentAction\",\"name\":\"Comment\",\"target\":[\"https:\/\/www.estrategiaconcursos.com.br\/blog\/concurso-pc-ba-recursos-investigador\/#respond\"]}],\"copyrightYear\":\"2022\",\"copyrightHolder\":{\"@id\":\"https:\/\/www.estrategiaconcursos.com.br\/blog\/#organization\"}},{\"@type\":\"WebPage\",\"@id\":\"https:\/\/www.estrategiaconcursos.com.br\/blog\/concurso-pc-ba-recursos-investigador\/\",\"url\":\"https:\/\/www.estrategiaconcursos.com.br\/blog\/concurso-pc-ba-recursos-investigador\/\",\"name\":\"Concurso PC BA: confira os recursos para Investigador\",\"isPartOf\":{\"@id\":\"https:\/\/www.estrategiaconcursos.com.br\/blog\/#website\"},\"primaryImageOfPage\":{\"@id\":\"https:\/\/www.estrategiaconcursos.com.br\/blog\/concurso-pc-ba-recursos-investigador\/#primaryimage\"},\"image\":{\"@id\":\"https:\/\/www.estrategiaconcursos.com.br\/blog\/concurso-pc-ba-recursos-investigador\/#primaryimage\"},\"thumbnailUrl\":\"https:\/\/dhg1h5j42swfq.cloudfront.net\/2021\/09\/27143047\/pc-ba.jpg\",\"datePublished\":\"2022-07-27T12:34:00+00:00\",\"dateModified\":\"2022-07-28T11:20:19+00:00\",\"description\":\"Confira as possibilidades de recursos contra o gabarito das provas de Investigador do concurso PC BA. Acesse e saiba mais!\",\"breadcrumb\":{\"@id\":\"https:\/\/www.estrategiaconcursos.com.br\/blog\/concurso-pc-ba-recursos-investigador\/#breadcrumb\"},\"inLanguage\":\"pt-BR\",\"potentialAction\":[{\"@type\":\"ReadAction\",\"target\":[\"https:\/\/www.estrategiaconcursos.com.br\/blog\/concurso-pc-ba-recursos-investigador\/\"]}]},{\"@type\":\"ImageObject\",\"inLanguage\":\"pt-BR\",\"@id\":\"https:\/\/www.estrategiaconcursos.com.br\/blog\/concurso-pc-ba-recursos-investigador\/#primaryimage\",\"url\":\"https:\/\/dhg1h5j42swfq.cloudfront.net\/2021\/09\/27143047\/pc-ba.jpg\",\"contentUrl\":\"https:\/\/dhg1h5j42swfq.cloudfront.net\/2021\/09\/27143047\/pc-ba.jpg\",\"width\":768,\"height\":432,\"caption\":\"PC BA\"},{\"@type\":\"BreadcrumbList\",\"@id\":\"https:\/\/www.estrategiaconcursos.com.br\/blog\/concurso-pc-ba-recursos-investigador\/#breadcrumb\",\"itemListElement\":[{\"@type\":\"ListItem\",\"position\":1,\"name\":\"In\u00edcio\",\"item\":\"https:\/\/www.estrategiaconcursos.com.br\/blog\/\"},{\"@type\":\"ListItem\",\"position\":2,\"name\":\"Concurso PC BA: confira os recursos para Investigador\"}]},{\"@type\":\"WebSite\",\"@id\":\"https:\/\/www.estrategiaconcursos.com.br\/blog\/#website\",\"url\":\"https:\/\/www.estrategiaconcursos.com.br\/blog\/\",\"name\":\"Estrat\u00e9gia Concursos\",\"description\":\"O blog da Estrat\u00e9gia Concursos traz not\u00edcias sobre concursos e artigos de professores oferecendo cursos para concursos (pdf + videaulas) no site.\",\"publisher\":{\"@id\":\"https:\/\/www.estrategiaconcursos.com.br\/blog\/#organization\"},\"potentialAction\":[{\"@type\":\"SearchAction\",\"target\":{\"@type\":\"EntryPoint\",\"urlTemplate\":\"https:\/\/www.estrategiaconcursos.com.br\/blog\/?s={search_term_string}\"},\"query-input\":{\"@type\":\"PropertyValueSpecification\",\"valueRequired\":true,\"valueName\":\"search_term_string\"}}],\"inLanguage\":\"pt-BR\"},{\"@type\":\"Organization\",\"@id\":\"https:\/\/www.estrategiaconcursos.com.br\/blog\/#organization\",\"name\":\"Estrat\u00e9gia Concursos\",\"url\":\"https:\/\/www.estrategiaconcursos.com.br\/blog\/\",\"logo\":{\"@type\":\"ImageObject\",\"inLanguage\":\"pt-BR\",\"@id\":\"https:\/\/www.estrategiaconcursos.com.br\/blog\/#\/schema\/logo\/image\/\",\"url\":\"https:\/\/dhg1h5j42swfq.cloudfront.net\/2025\/06\/03203428\/logo_concursos-1.jpg\",\"contentUrl\":\"https:\/\/dhg1h5j42swfq.cloudfront.net\/2025\/06\/03203428\/logo_concursos-1.jpg\",\"width\":230,\"height\":60,\"caption\":\"Estrat\u00e9gia Concursos\"},\"image\":{\"@id\":\"https:\/\/www.estrategiaconcursos.com.br\/blog\/#\/schema\/logo\/image\/\"},\"sameAs\":[\"https:\/\/x.com\/EstratConcursos\"]},{\"@type\":\"Person\",\"@id\":\"https:\/\/www.estrategiaconcursos.com.br\/blog\/#\/schema\/person\/6630f91134abc08115cca62ce6372855\",\"name\":\"Bruna de Andrade Fran\u00e7a\",\"image\":{\"@type\":\"ImageObject\",\"inLanguage\":\"pt-BR\",\"@id\":\"https:\/\/secure.gravatar.com\/avatar\/d6316d36d50cea0fadae28ed3015b8870cc90a2d3d8a95c37b44006af36a00e3?s=96&d=mm&r=g\",\"url\":\"https:\/\/secure.gravatar.com\/avatar\/d6316d36d50cea0fadae28ed3015b8870cc90a2d3d8a95c37b44006af36a00e3?s=96&d=mm&r=g\",\"contentUrl\":\"https:\/\/secure.gravatar.com\/avatar\/d6316d36d50cea0fadae28ed3015b8870cc90a2d3d8a95c37b44006af36a00e3?s=96&d=mm&r=g\",\"caption\":\"Bruna de Andrade Fran\u00e7a\"},\"description\":\"Bruna de Andrade Fran\u00e7a \u00e9 publicit\u00e1ria com p\u00f3s-gradua\u00e7\u00e3o em Marketing &amp; Growth, atuando h\u00e1 mais de 6 anos no universo dos concursos p\u00fablicos. Desde 2021, lidera no Blog do Estrat\u00e9gia Concursos a cobertura editorial especializada em Concursos Policiais (PF, PRF, PM, PC, etc.), al\u00e9m das frentes de concursos banc\u00e1rios, de sa\u00fade e da \u00e1rea legislativa. Especialista em reda\u00e7\u00e3o, com pr\u00e1ticas de SEO e Copywriting, possui tamb\u00e9m atua\u00e7\u00e3o pr\u00e1tica de contato direto com \u00f3rg\u00e3os p\u00fablicos respons\u00e1veis por editais, permitindo acesso antecipado a informa\u00e7\u00f5es, desdobramentos importantes e atualiza\u00e7\u00e3o eficiente dos concursos p\u00fablicos.\",\"url\":\"https:\/\/www.estrategiaconcursos.com.br\/blog\/author\/bruna-andrade\/\"}]}<\/script>\n<!-- \/ Yoast SEO Premium plugin. -->","yoast_head_json":{"title":"Concurso PC BA: confira os recursos para Investigador","description":"Confira as possibilidades de recursos contra o gabarito das provas de Investigador do concurso PC BA. Acesse e saiba mais!","robots":{"index":"index","follow":"follow","max-snippet":"max-snippet:-1","max-image-preview":"max-image-preview:large","max-video-preview":"max-video-preview:-1"},"canonical":"https:\/\/www.estrategiaconcursos.com.br\/blog\/concurso-pc-ba-recursos-investigador\/","og_locale":"pt_BR","og_type":"article","og_title":"Concurso PC BA: confira os recursos para Investigador","og_description":"Confira as possibilidades de recursos contra o gabarito das provas de Investigador do concurso PC BA. Acesse e saiba mais!","og_url":"https:\/\/www.estrategiaconcursos.com.br\/blog\/concurso-pc-ba-recursos-investigador\/","og_site_name":"Estrat\u00e9gia Concursos","article_published_time":"2022-07-27T12:34:00+00:00","article_modified_time":"2022-07-28T11:20:19+00:00","og_image":[{"width":768,"height":432,"url":"https:\/\/dhg1h5j42swfq.cloudfront.net\/2021\/09\/27143047\/pc-ba.jpg","type":"image\/jpeg"}],"author":"Bruna de Andrade Fran\u00e7a","twitter_card":"summary_large_image","twitter_creator":"@EstratConcursos","twitter_site":"@EstratConcursos","twitter_misc":{"Escrito por":"Bruna de Andrade Fran\u00e7a","Est. tempo de leitura":"18 minutos"},"schema":{"@context":"https:\/\/schema.org","@graph":[{"@type":"NewsArticle","@id":"https:\/\/www.estrategiaconcursos.com.br\/blog\/concurso-pc-ba-recursos-investigador\/#article","isPartOf":{"@id":"https:\/\/www.estrategiaconcursos.com.br\/blog\/concurso-pc-ba-recursos-investigador\/"},"author":{"name":"Bruna de Andrade Fran\u00e7a","@id":"https:\/\/www.estrategiaconcursos.com.br\/blog\/#\/schema\/person\/6630f91134abc08115cca62ce6372855"},"headline":"Concurso PC BA: confira os recursos para Investigador","datePublished":"2022-07-27T12:34:00+00:00","dateModified":"2022-07-28T11:20:19+00:00","mainEntityOfPage":{"@id":"https:\/\/www.estrategiaconcursos.com.br\/blog\/concurso-pc-ba-recursos-investigador\/"},"wordCount":3312,"commentCount":0,"publisher":{"@id":"https:\/\/www.estrategiaconcursos.com.br\/blog\/#organization"},"image":{"@id":"https:\/\/www.estrategiaconcursos.com.br\/blog\/concurso-pc-ba-recursos-investigador\/#primaryimage"},"thumbnailUrl":"https:\/\/dhg1h5j42swfq.cloudfront.net\/2021\/09\/27143047\/pc-ba.jpg","articleSection":["Policial (Agente, Escriv\u00e3o e Investigador)","\u00daltimas not\u00edcias"],"inLanguage":"pt-BR","potentialAction":[{"@type":"CommentAction","name":"Comment","target":["https:\/\/www.estrategiaconcursos.com.br\/blog\/concurso-pc-ba-recursos-investigador\/#respond"]}],"copyrightYear":"2022","copyrightHolder":{"@id":"https:\/\/www.estrategiaconcursos.com.br\/blog\/#organization"}},{"@type":"WebPage","@id":"https:\/\/www.estrategiaconcursos.com.br\/blog\/concurso-pc-ba-recursos-investigador\/","url":"https:\/\/www.estrategiaconcursos.com.br\/blog\/concurso-pc-ba-recursos-investigador\/","name":"Concurso PC BA: confira os recursos para Investigador","isPartOf":{"@id":"https:\/\/www.estrategiaconcursos.com.br\/blog\/#website"},"primaryImageOfPage":{"@id":"https:\/\/www.estrategiaconcursos.com.br\/blog\/concurso-pc-ba-recursos-investigador\/#primaryimage"},"image":{"@id":"https:\/\/www.estrategiaconcursos.com.br\/blog\/concurso-pc-ba-recursos-investigador\/#primaryimage"},"thumbnailUrl":"https:\/\/dhg1h5j42swfq.cloudfront.net\/2021\/09\/27143047\/pc-ba.jpg","datePublished":"2022-07-27T12:34:00+00:00","dateModified":"2022-07-28T11:20:19+00:00","description":"Confira as possibilidades de recursos contra o gabarito das provas de Investigador do concurso PC BA. Acesse e saiba mais!","breadcrumb":{"@id":"https:\/\/www.estrategiaconcursos.com.br\/blog\/concurso-pc-ba-recursos-investigador\/#breadcrumb"},"inLanguage":"pt-BR","potentialAction":[{"@type":"ReadAction","target":["https:\/\/www.estrategiaconcursos.com.br\/blog\/concurso-pc-ba-recursos-investigador\/"]}]},{"@type":"ImageObject","inLanguage":"pt-BR","@id":"https:\/\/www.estrategiaconcursos.com.br\/blog\/concurso-pc-ba-recursos-investigador\/#primaryimage","url":"https:\/\/dhg1h5j42swfq.cloudfront.net\/2021\/09\/27143047\/pc-ba.jpg","contentUrl":"https:\/\/dhg1h5j42swfq.cloudfront.net\/2021\/09\/27143047\/pc-ba.jpg","width":768,"height":432,"caption":"PC BA"},{"@type":"BreadcrumbList","@id":"https:\/\/www.estrategiaconcursos.com.br\/blog\/concurso-pc-ba-recursos-investigador\/#breadcrumb","itemListElement":[{"@type":"ListItem","position":1,"name":"In\u00edcio","item":"https:\/\/www.estrategiaconcursos.com.br\/blog\/"},{"@type":"ListItem","position":2,"name":"Concurso PC BA: confira os recursos para Investigador"}]},{"@type":"WebSite","@id":"https:\/\/www.estrategiaconcursos.com.br\/blog\/#website","url":"https:\/\/www.estrategiaconcursos.com.br\/blog\/","name":"Estrat\u00e9gia Concursos","description":"O blog da Estrat\u00e9gia Concursos traz not\u00edcias sobre concursos e artigos de professores oferecendo cursos para concursos (pdf + videaulas) no site.","publisher":{"@id":"https:\/\/www.estrategiaconcursos.com.br\/blog\/#organization"},"potentialAction":[{"@type":"SearchAction","target":{"@type":"EntryPoint","urlTemplate":"https:\/\/www.estrategiaconcursos.com.br\/blog\/?s={search_term_string}"},"query-input":{"@type":"PropertyValueSpecification","valueRequired":true,"valueName":"search_term_string"}}],"inLanguage":"pt-BR"},{"@type":"Organization","@id":"https:\/\/www.estrategiaconcursos.com.br\/blog\/#organization","name":"Estrat\u00e9gia Concursos","url":"https:\/\/www.estrategiaconcursos.com.br\/blog\/","logo":{"@type":"ImageObject","inLanguage":"pt-BR","@id":"https:\/\/www.estrategiaconcursos.com.br\/blog\/#\/schema\/logo\/image\/","url":"https:\/\/dhg1h5j42swfq.cloudfront.net\/2025\/06\/03203428\/logo_concursos-1.jpg","contentUrl":"https:\/\/dhg1h5j42swfq.cloudfront.net\/2025\/06\/03203428\/logo_concursos-1.jpg","width":230,"height":60,"caption":"Estrat\u00e9gia Concursos"},"image":{"@id":"https:\/\/www.estrategiaconcursos.com.br\/blog\/#\/schema\/logo\/image\/"},"sameAs":["https:\/\/x.com\/EstratConcursos"]},{"@type":"Person","@id":"https:\/\/www.estrategiaconcursos.com.br\/blog\/#\/schema\/person\/6630f91134abc08115cca62ce6372855","name":"Bruna de Andrade Fran\u00e7a","image":{"@type":"ImageObject","inLanguage":"pt-BR","@id":"https:\/\/secure.gravatar.com\/avatar\/d6316d36d50cea0fadae28ed3015b8870cc90a2d3d8a95c37b44006af36a00e3?s=96&d=mm&r=g","url":"https:\/\/secure.gravatar.com\/avatar\/d6316d36d50cea0fadae28ed3015b8870cc90a2d3d8a95c37b44006af36a00e3?s=96&d=mm&r=g","contentUrl":"https:\/\/secure.gravatar.com\/avatar\/d6316d36d50cea0fadae28ed3015b8870cc90a2d3d8a95c37b44006af36a00e3?s=96&d=mm&r=g","caption":"Bruna de Andrade Fran\u00e7a"},"description":"Bruna de Andrade Fran\u00e7a \u00e9 publicit\u00e1ria com p\u00f3s-gradua\u00e7\u00e3o em Marketing &amp; Growth, atuando h\u00e1 mais de 6 anos no universo dos concursos p\u00fablicos. Desde 2021, lidera no Blog do Estrat\u00e9gia Concursos a cobertura editorial especializada em Concursos Policiais (PF, PRF, PM, PC, etc.), al\u00e9m das frentes de concursos banc\u00e1rios, de sa\u00fade e da \u00e1rea legislativa. Especialista em reda\u00e7\u00e3o, com pr\u00e1ticas de SEO e Copywriting, possui tamb\u00e9m atua\u00e7\u00e3o pr\u00e1tica de contato direto com \u00f3rg\u00e3os p\u00fablicos respons\u00e1veis por editais, permitindo acesso antecipado a informa\u00e7\u00f5es, desdobramentos importantes e atualiza\u00e7\u00e3o eficiente dos concursos p\u00fablicos.","url":"https:\/\/www.estrategiaconcursos.com.br\/blog\/author\/bruna-andrade\/"}]}},"_links":{"self":[{"href":"https:\/\/www.estrategiaconcursos.com.br\/blog\/wp-json\/wp\/v2\/posts\/1066823","targetHints":{"allow":["GET"]}}],"collection":[{"href":"https:\/\/www.estrategiaconcursos.com.br\/blog\/wp-json\/wp\/v2\/posts"}],"about":[{"href":"https:\/\/www.estrategiaconcursos.com.br\/blog\/wp-json\/wp\/v2\/types\/post"}],"author":[{"embeddable":true,"href":"https:\/\/www.estrategiaconcursos.com.br\/blog\/wp-json\/wp\/v2\/users\/1206"}],"replies":[{"embeddable":true,"href":"https:\/\/www.estrategiaconcursos.com.br\/blog\/wp-json\/wp\/v2\/comments?post=1066823"}],"version-history":[{"count":7,"href":"https:\/\/www.estrategiaconcursos.com.br\/blog\/wp-json\/wp\/v2\/posts\/1066823\/revisions"}],"predecessor-version":[{"id":1067742,"href":"https:\/\/www.estrategiaconcursos.com.br\/blog\/wp-json\/wp\/v2\/posts\/1066823\/revisions\/1067742"}],"wp:featuredmedia":[{"embeddable":true,"href":"https:\/\/www.estrategiaconcursos.com.br\/blog\/wp-json\/wp\/v2\/media\/871217"}],"wp:attachment":[{"href":"https:\/\/www.estrategiaconcursos.com.br\/blog\/wp-json\/wp\/v2\/media?parent=1066823"}],"wp:term":[{"taxonomy":"category","embeddable":true,"href":"https:\/\/www.estrategiaconcursos.com.br\/blog\/wp-json\/wp\/v2\/categories?post=1066823"},{"taxonomy":"post_tag","embeddable":true,"href":"https:\/\/www.estrategiaconcursos.com.br\/blog\/wp-json\/wp\/v2\/tags?post=1066823"},{"taxonomy":"tax_estado","embeddable":true,"href":"https:\/\/www.estrategiaconcursos.com.br\/blog\/wp-json\/wp\/v2\/tax_estado?post=1066823"}],"curies":[{"name":"wp","href":"https:\/\/api.w.org\/{rel}","templated":true}]}}