{"id":1066356,"date":"2022-08-01T09:00:00","date_gmt":"2022-08-01T12:00:00","guid":{"rendered":"https:\/\/www.estrategiaconcursos.com.br\/blog\/?p=1066356"},"modified":"2023-07-25T12:34:11","modified_gmt":"2023-07-25T15:34:11","slug":"editais-previstos-agosto-2022","status":"publish","type":"post","link":"https:\/\/www.estrategiaconcursos.com.br\/blog\/editais-previstos-agosto-2022\/","title":{"rendered":"Concursos 2022: 22 editais previstos para o m\u00eas de agosto"},"content":{"rendered":"\n<p>O m\u00eas de agosto deve trazer <strong>cerca de 22 novos editais<\/strong> dos maiores \u00f3rg\u00e3os p\u00fablicos do pa\u00eds. S\u00e3o <strong>mais de 4 mil vagas previstas<\/strong> entre imediatas e cadastro reserva.<\/p>\n\n\n\n<p>Inclusive, algumas dessas oportunidades s\u00e3o da \u00e1rea de <a href=\"https:\/\/www.estrategiaconcursos.com.br\/blog\/concursos-tribunais-2022\/\" target=\"_blank\" rel=\"noreferrer noopener\"><strong>Tribunais<\/strong><\/a>, que tem trazido muitas vagas para os Tribunais Regionais do Trabalho, com vagas, em sua maioria, para Analista e T\u00e9cnico Judici\u00e1rio.<\/p>\n\n\n\n<p>Ao longo deste artigo, reunimos os&nbsp;<strong>principais editais que podem sair no m\u00eas de agosto<\/strong>, assim como informa\u00e7\u00f5es de n\u00famero de vagas, cargos, sal\u00e1rios e banca. Confira:<\/p>\n\n\n\n<ul class=\"wp-block-list\" id=\"indice\">\n<li><a href=\"#seguranca-publica\">Seguran\u00e7a p\u00fablica<\/a><\/li>\n\n\n\n<li><a href=\"#tribunais\">Tribunais<\/a><\/li>\n\n\n\n<li><a href=\"#controle\">Controle<\/a><\/li>\n\n\n\n<li><a href=\"#ecj\">Carreiras jur\u00eddicas<\/a><\/li>\n\n\n\n<li><a href=\"#outras\">Outras \u00e1reas<\/a><\/li>\n<\/ul>\n\n\n\n<div class=\"container\" id=\"boxes\">\n  <div class=\"row\">\n\n    <div class=\"col-sm\">\n      <div class=\"banner-estrategia\" id=\"box-assinatura\">\n        <h3 class=\"titulo-assinatura\">Cursos para concursos<\/h3>\n        <p class=\"subtitulo-assinatura\">Estude conosco<\/p>\n        <div class=\"box-botao\">\n          <a class=\"btn-assinatura\" target=\"_blank\" href=\"https:\/\/www.estrategiaconcursos.com.br\/cursos\/\" role=\"button\" rel=\"noopener noreferrer\">Conhe\u00e7a os cursos<\/a>\n        <\/div>\n      <\/div>\n     \n    <\/div>\n\n  <\/div>\n<\/div>\n\n\n\n<h3 class=\"wp-block-heading has-text-align-center has-background\" id=\"seguranca-publica\" style=\"background-color:#e1eaf2\">Seguran\u00e7a P\u00fablica<\/h3>\n\n\n\n<h3 class=\"wp-block-heading\" id=\"h-concurso-pc-go\"><a href=\"https:\/\/www.estrategiaconcursos.com.br\/blog\/concurso-pc-go\/\" target=\"_blank\" rel=\"noreferrer noopener\">Concurso PC GO<\/a><\/h3>\n\n\n\n<ul class=\"wp-block-list\" id=\"block-2134db32-bafa-4da6-bdcc-c7df66fc23f5\">\n<li><strong>Banca:&nbsp;<\/strong>Instituto AOCP<\/li>\n\n\n\n<li><strong>Cargo:<\/strong>&nbsp;Escriv\u00e3o, Agente, Papiloscopista e Delegado<\/li>\n\n\n\n<li><strong>Forma\u00e7\u00e3o:&nbsp;<\/strong>N\u00edvel superior<\/li>\n\n\n\n<li><strong>Vagas:<\/strong>&nbsp;864<\/li>\n\n\n\n<li><strong>Sal\u00e1rio:<\/strong>&nbsp;a partir de R$ 6.358,32<\/li>\n\n\n\n<li><a href=\"https:\/\/www.estrategiaconcursos.com.br\/cursosPorConcurso\/policia-civil-de-goias-pc-go\/\/\" target=\"_blank\" rel=\"noreferrer noopener\">Curso PC GO<\/a><\/li>\n<\/ul>\n\n\n\n<h3 class=\"wp-block-heading\" id=\"concurso-delegado-al\"><a href=\"https:\/\/www.estrategiaconcursos.com.br\/blog\/concurso-pm-ce\/\" target=\"_blank\" rel=\"noreferrer noopener\">Concurso PM CE<\/a><\/h3>\n\n\n\n<ul class=\"wp-block-list\">\n<li><strong>Banca:<\/strong>&nbsp;IDECAN<\/li>\n\n\n\n<li><strong>Cargo:<\/strong>&nbsp;Oficial Combatente<\/li>\n\n\n\n<li><strong>Forma\u00e7\u00e3o:<\/strong>&nbsp;N\u00edvel superior<\/li>\n\n\n\n<li><strong>Vagas:<\/strong>&nbsp;150&nbsp;<\/li>\n\n\n\n<li><strong>Sal\u00e1rio:<\/strong>&nbsp;R$ 6.787,18<\/li>\n\n\n\n<li><a href=\"https:\/\/www.estrategiaconcursos.com.br\/cursosPorConcurso\/policia-militar-ce\/\" target=\"_blank\" rel=\"noreferrer noopener\">Cursos PM CE<\/a><\/li>\n<\/ul>\n\n\n\n<h3 class=\"wp-block-heading\" id=\"concurso-bombeiros-pi\"><a href=\"https:\/\/www.estrategiaconcursos.com.br\/blog\/concurso-bombeiros-pi\/\" target=\"_blank\" rel=\"noreferrer noopener\">Concurso Bombeiros PI<\/a><\/h3>\n\n\n\n<ul class=\"wp-block-list\">\n<li><strong>Banca:&nbsp;<\/strong>FUESPI<\/li>\n\n\n\n<li><strong>Cargo:<\/strong>&nbsp;Soldado<\/li>\n\n\n\n<li><strong>Forma\u00e7\u00e3o:&nbsp;<\/strong>N\u00edvel m\u00e9dio<\/li>\n\n\n\n<li><strong>Vagas:<\/strong>&nbsp;100<\/li>\n\n\n\n<li><strong>Sal\u00e1rio:<\/strong>&nbsp;R$ 3.294,99<\/li>\n\n\n\n<li><a href=\"https:\/\/www.estrategiaconcursos.com.br\/cursosPorConcurso\/corpo-de-bombeiros-do-estado-do-piaui-cbm-pi\/\" target=\"_blank\" rel=\"noreferrer noopener\">Curso Bombeiros PI<\/a><\/li>\n<\/ul>\n\n\n\n<h3 class=\"wp-block-heading\" id=\"concurso-delegado-al\"><a href=\"https:\/\/www.estrategiaconcursos.com.br\/blog\/concurso-guarda-de-fortaleza\/\" target=\"_blank\" rel=\"noreferrer noopener\">Concurso GCM Fortaleza<\/a> (CE)<\/h3>\n\n\n\n<ul class=\"wp-block-list\">\n<li><strong>Banca:<\/strong>&nbsp;a definir<\/li>\n\n\n\n<li><strong>Cargo:<\/strong>&nbsp;Guarda Municipal<\/li>\n\n\n\n<li><strong>Forma\u00e7\u00e3o:<\/strong>&nbsp;N\u00edvel m\u00e9dio<\/li>\n\n\n\n<li><strong>Vagas:<\/strong>&nbsp;1.000<\/li>\n\n\n\n<li><strong>Sal\u00e1rio:<\/strong>&nbsp;R$ 1.652,62 [\u00faltimo concurso]<\/li>\n\n\n\n<li><a href=\"https:\/\/www.estrategiaconcursos.com.br\/cursosPorConcurso\/guarda-municipal-de-fortaleza-gcm-fortaleza\/\" target=\"_blank\" rel=\"noreferrer noopener\">GCM Fortaleza<\/a><\/li>\n<\/ul>\n\n\n\n<h3 class=\"wp-block-heading\" id=\"concurso-delegado-al\"><a href=\"https:\/\/www.estrategiaconcursos.com.br\/blog\/concurso-guarda-de-maringa\/\" target=\"_blank\" rel=\"noreferrer noopener\">Concurso GCM Maring\u00e1<\/a> (PR)<\/h3>\n\n\n\n<ul class=\"wp-block-list\">\n<li><strong>Banca:<\/strong>&nbsp;a definir<\/li>\n\n\n\n<li><strong>Cargo:<\/strong>&nbsp;Guarda Municipal<\/li>\n\n\n\n<li><strong>Forma\u00e7\u00e3o:<\/strong>&nbsp;N\u00edvel m\u00e9dio<\/li>\n\n\n\n<li><strong>Vagas:<\/strong>&nbsp;a definir<\/li>\n\n\n\n<li><strong>Sal\u00e1rio:<\/strong>&nbsp;R$ 2.135,63<\/li>\n<\/ul>\n\n\n\n<h3 class=\"wp-block-heading\" id=\"concurso-delegado-al\"><a href=\"https:\/\/www.estrategiaconcursos.com.br\/blog\/concurso-policia-cientifica-go\/\" target=\"_blank\" rel=\"noreferrer noopener\">Concurso Pol\u00edcia Cient\u00edfica GO<\/a><\/h3>\n\n\n\n<ul class=\"wp-block-list\">\n<li><strong>Banca:<\/strong>&nbsp;IADES<\/li>\n\n\n\n<li><strong>Cargos:<\/strong>&nbsp;Auxiliar de Autopsia,&nbsp;Perito Criminal,&nbsp;M\u00e9dico Legista&nbsp;e Odonto-Legista<\/li>\n\n\n\n<li><strong>Forma\u00e7\u00e3o:<\/strong>&nbsp;N\u00edvel superior<\/li>\n\n\n\n<li><strong>Vagas:<\/strong>&nbsp;230<\/li>\n\n\n\n<li><strong>Sal\u00e1rio:<\/strong>&nbsp;R$ 6.358,32 a R$ 12.108,68<\/li>\n\n\n\n<li><a href=\"https:\/\/www.estrategiaconcursos.com.br\/cursosPorConcurso\/policia-tecnico-cientifica-de-goias-politec-go\/\" target=\"_blank\" rel=\"noreferrer noopener\">Cursos Politec GO<\/a><\/li>\n<\/ul>\n\n\n\n<h3 class=\"wp-block-heading\" id=\"concurso-delegado-al\"><a href=\"https:\/\/www.estrategiaconcursos.com.br\/blog\/concurso-policia-tecnica-ba\/\" target=\"_blank\" rel=\"noreferrer noopener\">Concurso Pol\u00edcia T\u00e9cnica BA<\/a><\/h3>\n\n\n\n<ul class=\"wp-block-list\">\n<li><strong>Banca:<\/strong>&nbsp;empresa ainda n\u00e3o divulgada<\/li>\n\n\n\n<li><strong>Cargo:<\/strong>&nbsp;Perito Criminal, M\u00e9dico-Legista, Perito Odonto-Legal e Perito T\u00e9cnico<\/li>\n\n\n\n<li><strong>Forma\u00e7\u00e3o:<\/strong>&nbsp;N\u00edvel superior<\/li>\n\n\n\n<li><strong>Vagas:<\/strong>&nbsp;456<\/li>\n\n\n\n<li><strong>Sal\u00e1rio:<\/strong>&nbsp;R$ 3.901,32<\/li>\n\n\n\n<li><a href=\"https:\/\/www.estrategiaconcursos.com.br\/cursosPorConcurso\/policia-tecnica-do-estado-da-bahia-dpt-bahia\/\" target=\"_blank\" rel=\"noreferrer noopener\">Cursos Politec BA<\/a><\/li>\n<\/ul>\n\n\n\n<h3 class=\"wp-block-heading has-text-align-center has-background\" id=\"tribunais\" style=\"background-color:#e1eaf2\">Tribunais<\/h3>\n\n\n\n<h3 class=\"wp-block-heading\" id=\"concurso-delegado-al\"><a href=\"https:\/\/www.estrategiaconcursos.com.br\/blog\/concurso-trt-mg\/\" target=\"_blank\" rel=\"noreferrer noopener\">Concurso TRT 3<\/a> (MG)<\/h3>\n\n\n\n<ul class=\"wp-block-list\">\n<li><strong>Banca:<\/strong>&nbsp;Fumarc<\/li>\n\n\n\n<li><strong>Cargos poss\u00edveis:<\/strong> T\u00e9cnico e Analista Judici\u00e1rio&nbsp;<\/li>\n\n\n\n<li><strong>Forma\u00e7\u00e3o:<\/strong>&nbsp;N\u00edvel m\u00e9dio e superior<\/li>\n\n\n\n<li><strong>Vagas:<\/strong>&nbsp;a definir<\/li>\n\n\n\n<li><strong>Sal\u00e1rio:<\/strong>&nbsp;R$ 7.591,37 R$ 12.455,30<\/li>\n\n\n\n<li><a href=\"https:\/\/www.estrategiaconcursos.com.br\/curso\/trt-3-regiao-analista-judiciario-area-administrativa-pacote-2022-pre-edital\/\" target=\"_blank\" rel=\"noreferrer noopener\">Cursos TRT MG<\/a><\/li>\n<\/ul>\n\n\n\n<h3 class=\"wp-block-heading\" id=\"concurso-delegado-al\"><a href=\"https:\/\/www.estrategiaconcursos.com.br\/blog\/concurso-trt-8\/\" target=\"_blank\" rel=\"noreferrer noopener\">Concurso TRT 8<\/a> (AP\/PA)<\/h3>\n\n\n\n<ul class=\"wp-block-list\">\n<li><strong>Banca:<\/strong>&nbsp;Cebraspe<\/li>\n\n\n\n<li><strong>Cargos poss\u00edveis:<\/strong> T\u00e9cnico e Analista Judici\u00e1rio&nbsp;<\/li>\n\n\n\n<li><strong>Forma\u00e7\u00e3o:<\/strong>&nbsp;N\u00edvel m\u00e9dio e superior<\/li>\n\n\n\n<li><strong>Vagas:<\/strong>&nbsp;a definir<\/li>\n\n\n\n<li><strong>Sal\u00e1rio:<\/strong>&nbsp;R$ 7.591,37 R$ 12.455,30<\/li>\n\n\n\n<li><a href=\"https:\/\/www.estrategiaconcursos.com.br\/cursosPorConcurso\/trt-8-regiao-para-e-amapa-171\/\" target=\"_blank\" rel=\"noreferrer noopener\">Cursos TRT 8<\/a><\/li>\n<\/ul>\n\n\n\n<h3 class=\"wp-block-heading\" id=\"concurso-delegado-al\"><a href=\"https:\/\/www.estrategiaconcursos.com.br\/blog\/concurso-trt-pb\/\" target=\"_blank\" rel=\"noreferrer noopener\">Concurso TRT 13<\/a> (PB)<\/h3>\n\n\n\n<ul class=\"wp-block-list\">\n<li><strong>Banca:<\/strong>&nbsp;FGV<\/li>\n\n\n\n<li><strong>Cargos:<\/strong> T\u00e9cnico e Analista Judici\u00e1rio&nbsp;<\/li>\n\n\n\n<li><strong>Forma\u00e7\u00e3o:<\/strong>&nbsp;N\u00edvel m\u00e9dio e superior<\/li>\n\n\n\n<li><strong>Vagas:<\/strong>&nbsp;04 + CR<\/li>\n\n\n\n<li><strong>Sal\u00e1rio:<\/strong>&nbsp;R$ 7.591,37 R$ 12.455,30<\/li>\n\n\n\n<li><a href=\"https:\/\/www.estrategiaconcursos.com.br\/cursosPorConcurso\/trt-paraiba-13-regiao-272\/\" target=\"_blank\" rel=\"noreferrer noopener\">Cursos TRT PB<\/a><\/li>\n<\/ul>\n\n\n\n<h3 class=\"wp-block-heading\" id=\"concurso-delegado-al\"><a href=\"https:\/\/www.estrategiaconcursos.com.br\/blog\/concurso-trt-14\/\" target=\"_blank\" rel=\"noreferrer noopener\">Concurso TRT 14<\/a> (AC e RO)<\/h3>\n\n\n\n<ul class=\"wp-block-list\">\n<li><strong>Banca:<\/strong>&nbsp;FCC<\/li>\n\n\n\n<li><strong>Cargos poss\u00edveis:<\/strong> T\u00e9cnico e Analista Judici\u00e1rio&nbsp;<\/li>\n\n\n\n<li><strong>Forma\u00e7\u00e3o:<\/strong>&nbsp;N\u00edvel m\u00e9dio e superior<\/li>\n\n\n\n<li><strong>Vagas:<\/strong>&nbsp;a definir<\/li>\n\n\n\n<li><strong>Sal\u00e1rio:<\/strong>&nbsp;R$ 7.591,37 R$ 12.455,30<\/li>\n\n\n\n<li><a href=\"https:\/\/www.estrategiaconcursos.com.br\/cursosPorConcurso\/trt-14-regiao-rondonia-e-acre-305\/\" target=\"_blank\" rel=\"noreferrer noopener\">Cursos TRT 14<\/a><\/li>\n<\/ul>\n\n\n\n<h3 class=\"wp-block-heading\" id=\"concurso-delegado-al\"><a href=\"https:\/\/www.estrategiaconcursos.com.br\/blog\/concurso-trt-ma\/\" target=\"_blank\" rel=\"noreferrer noopener\">Concurso TRT 16<\/a> (MA)<\/h3>\n\n\n\n<ul class=\"wp-block-list\">\n<li><strong>Banca:<\/strong>&nbsp;FGV<\/li>\n\n\n\n<li><strong>Cargos:<\/strong> T\u00e9cnico e Analista Judici\u00e1rio&nbsp;<\/li>\n\n\n\n<li><strong>Forma\u00e7\u00e3o:<\/strong>&nbsp;N\u00edvel m\u00e9dio e superior<\/li>\n\n\n\n<li><strong>Vagas:<\/strong>&nbsp;07 + CR<\/li>\n\n\n\n<li><strong>Sal\u00e1rio:<\/strong>&nbsp;R$ 7.591,37 R$ 12.455,30<\/li>\n\n\n\n<li><a href=\"https:\/\/www.estrategiaconcursos.com.br\/cursosPorConcurso\/trt-16-regiao-maranhao-250\/\" target=\"_blank\" rel=\"noreferrer noopener\">Cursos TRT MA<\/a><\/li>\n<\/ul>\n\n\n\n<h3 class=\"wp-block-heading\" id=\"concurso-delegado-al\"><a href=\"https:\/\/www.estrategiaconcursos.com.br\/blog\/concurso-mp-rr\/\" target=\"_blank\" rel=\"noreferrer noopener\">Concurso MP RR<\/a><\/h3>\n\n\n\n<ul class=\"wp-block-list\">\n<li><strong>Banca:<\/strong>&nbsp;Instituto AOCP&nbsp;<\/li>\n\n\n\n<li><strong>Cargo:<\/strong>&nbsp;T\u00e9cnico e Analista&nbsp;<\/li>\n\n\n\n<li><strong>Forma\u00e7\u00e3o:<\/strong>&nbsp;N\u00edvel m\u00e9dio e superior<\/li>\n\n\n\n<li><strong>Vagas:<\/strong>&nbsp;a definir<\/li>\n\n\n\n<li><strong>Sal\u00e1rio:<\/strong>&nbsp;R$ 2.366,94 a R$ 8.265,51<\/li>\n\n\n\n<li><a href=\"https:\/\/www.estrategiaconcursos.com.br\/cursosPorConcurso\/mp-rr-ministerio-publico-do-estado-de-roraima-servidores\/\" target=\"_blank\" rel=\"noreferrer noopener\">Curso MP RR<\/a><\/li>\n<\/ul>\n\n\n\n<h3 class=\"wp-block-heading has-text-align-center has-background\" id=\"ecj\" style=\"background-color:#e1eaf2\">Carreiras Jur\u00eddicas<\/h3>\n\n\n\n<h3 class=\"wp-block-heading\" id=\"concurso-delegado-al\"><a href=\"https:\/\/cj.estrategia.com\/portal\/concurso-mp-am-promotor\/\" target=\"_blank\" rel=\"noreferrer noopener\">Concurso MP AM Promotor<\/a><\/h3>\n\n\n\n<ul class=\"wp-block-list\">\n<li><strong>Banca:<\/strong>&nbsp;Cebraspe<\/li>\n\n\n\n<li><strong>Cargo:<\/strong>&nbsp;Promotor de Justi\u00e7a Substituto<\/li>\n\n\n\n<li><strong>Forma\u00e7\u00e3o:<\/strong>&nbsp;Bacharelado em Direito + 3 anos de atividade jur\u00eddica<\/li>\n\n\n\n<li><strong>Vagas:<\/strong>&nbsp;18 + CR<\/li>\n\n\n\n<li><strong>Sal\u00e1rio:<\/strong>&nbsp;R$ 27.500,17<\/li>\n\n\n\n<li><a href=\"https:\/\/www.estrategiaconcursos.com.br\/cursosPorConcurso\/ministerio-publico-do-estado-do-amazonas-mp-am-promotor\/\" target=\"_blank\" rel=\"noreferrer noopener\">Curso MP AM<\/a><\/li>\n<\/ul>\n\n\n\n<h3 class=\"wp-block-heading\" id=\"concurso-delegado-al\"><a href=\"https:\/\/cj.estrategia.com\/portal\/concurso-mp-mg-promotor\/\" target=\"_blank\" rel=\"noreferrer noopener\">Concurso MP MG Promotor<\/a><\/h3>\n\n\n\n<ul class=\"wp-block-list\">\n<li><strong>Banca:<\/strong>&nbsp;Fundep<\/li>\n\n\n\n<li><strong style=\"color: initial;\">Cargo:<\/strong><span style=\"color: initial;\">&nbsp;<\/span>Promotor de Justi\u00e7a Substituto<\/li>\n\n\n\n<li><strong>Forma\u00e7\u00e3o:<\/strong>&nbsp;Bacharelado em Direito + 3 anos de atividade jur\u00eddica<\/li>\n\n\n\n<li><strong>Vagas:<\/strong> a definir<\/li>\n\n\n\n<li><strong>Sal\u00e1rio:<\/strong>&nbsp;R$ 30.404,42<\/li>\n\n\n\n<li><a href=\"https:\/\/www.estrategiaconcursos.com.br\/cursosPorConcurso\/mp-mg-promotor-de-justica\/\" target=\"_blank\" rel=\"noreferrer noopener\">Curso MP MG<\/a><\/li>\n<\/ul>\n\n\n\n<h3 class=\"wp-block-heading\" id=\"concurso-delegado-al\"><a href=\"https:\/\/cj.estrategia.com\/portal\/concurso-delegado-mt\/\" target=\"_blank\" rel=\"noreferrer noopener\">Concurso Delegado MT<\/a><\/h3>\n\n\n\n<ul class=\"wp-block-list\">\n<li><strong>Banca:<\/strong>&nbsp;a definir<\/li>\n\n\n\n<li><strong>Cargo:<\/strong>&nbsp;Delegado<\/li>\n\n\n\n<li><strong>Forma\u00e7\u00e3o:<\/strong>&nbsp;Bacharelado em Direito<\/li>\n\n\n\n<li><strong>Vagas:<\/strong>&nbsp;a definir<\/li>\n\n\n\n<li><strong>Sal\u00e1rio:<\/strong>&nbsp;R$ 22.006,01<\/li>\n\n\n\n<li><a href=\"https:\/\/www.estrategiaconcursos.com.br\/cursosPorConcurso\/pc-mt-policia-civil-do-mato-grosso-delegado\/\" target=\"_blank\" rel=\"noreferrer noopener\">Curso Delegado MT<\/a><\/li>\n<\/ul>\n\n\n\n<h3 class=\"wp-block-heading has-text-align-center has-background\" id=\"controle\" style=\"background-color:#e1eaf2\">Controle<\/h3>\n\n\n\n<h3 class=\"wp-block-heading\" id=\"concurso-sefaz-ap\"><a href=\"https:\/\/www.estrategiaconcursos.com.br\/blog\/concurso-tce-to\/\" target=\"_blank\" rel=\"noreferrer noopener\">Concurso TCE TO<\/a><\/h3>\n\n\n\n<ul class=\"wp-block-list\">\n<li><strong>Banca:&nbsp;<\/strong>FGV<\/li>\n\n\n\n<li><strong>Cargos:<\/strong>&nbsp;Auditor de Controle Externo, Analista T\u00e9cnico e Assistente de Controle Externo<\/li>\n\n\n\n<li><strong>Forma\u00e7\u00e3o:<\/strong>&nbsp;N\u00edvel m\u00e9dio e superior<\/li>\n\n\n\n<li><strong>Vagas:<\/strong>&nbsp;55 + CR<\/li>\n\n\n\n<li><strong>Sal\u00e1rio:<\/strong>&nbsp;R$ 2.844,38 a R$ 10.510,91<\/li>\n\n\n\n<li><a href=\"https:\/\/www.estrategiaconcursos.com.br\/cursosPorConcurso\/tribunal-de-contas-do-estado-de-tocantins-tce-to\/\" target=\"_blank\" rel=\"noreferrer noopener\">Cursos TCE TO<\/a><\/li>\n<\/ul>\n\n\n\n<h3 class=\"wp-block-heading\" id=\"concurso-sefaz-ap\"><a href=\"https:\/\/www.estrategiaconcursos.com.br\/blog\/concurso-cgm-niteroi\/\" target=\"_blank\" rel=\"noreferrer noopener\">Concurso CGM Niter\u00f3i<\/a> (RJ)<\/h3>\n\n\n\n<ul class=\"wp-block-list\">\n<li><strong>Banca:&nbsp;<\/strong>a definir<\/li>\n\n\n\n<li><strong>Cargos:<\/strong>&nbsp;Auditor Municipal de Controle Interno<\/li>\n\n\n\n<li><strong>Forma\u00e7\u00e3o:<\/strong>&nbsp;N\u00edvel superior<\/li>\n\n\n\n<li><strong>Vagas:<\/strong>&nbsp;15<\/li>\n\n\n\n<li><strong>Sal\u00e1rio:<\/strong>&nbsp;R$ 5.500,00<\/li>\n\n\n\n<li><a href=\"https:\/\/www.estrategiaconcursos.com.br\/cursosPorConcurso\/prefeitura-municipal-de-niteroi-rj\/\" target=\"_blank\" rel=\"noreferrer noopener\">Cursos CGM Niter\u00f3i<\/a><\/li>\n<\/ul>\n\n\n\n<h3 class=\"wp-block-heading has-text-align-center has-background\" id=\"outras\" style=\"background-color:#e1eaf2\">Outras carreiras<\/h3>\n\n\n\n<h3 class=\"wp-block-heading\" id=\"concurso-sefaz-ap\"><a href=\"https:\/\/www.estrategiaconcursos.com.br\/blog\/concurso-ppgg-df\/\" target=\"_blank\" rel=\"noreferrer noopener\">Concurso PPGG DF<\/a><\/h3>\n\n\n\n<ul class=\"wp-block-list\">\n<li><strong>Banca:&nbsp;<\/strong>IADES<\/li>\n\n\n\n<li><strong>Cargos:<\/strong>&nbsp;Analista e Gestor em Pol\u00edticas P\u00fablicas e Gest\u00e3o Governamental<\/li>\n\n\n\n<li><strong>Forma\u00e7\u00e3o:<\/strong>&nbsp;N\u00edvel superior<\/li>\n\n\n\n<li><strong>Vagas:<\/strong>&nbsp;250 + 1.150 CR<\/li>\n\n\n\n<li><strong>Sal\u00e1rio:<\/strong>&nbsp;R$ 3.705,00 a R$ 7.760,00&nbsp;<\/li>\n\n\n\n<li><a href=\"https:\/\/www.estrategiaconcursos.com.br\/cursosPorConcurso\/ppgg-df\/\" target=\"_blank\" rel=\"noreferrer noopener\">Cursos PPGG DF<\/a><\/li>\n<\/ul>\n\n\n\n<h3 class=\"wp-block-heading\" id=\"concurso-sefaz-ap\"><a href=\"https:\/\/www.estrategiaconcursos.com.br\/blog\/concurso-senado-federal\/\" target=\"_blank\" rel=\"noreferrer noopener\">Concurso Senado Federal<\/a><\/h3>\n\n\n\n<ul class=\"wp-block-list\">\n<li><strong>Banca:&nbsp;<\/strong>FGV<\/li>\n\n\n\n<li><strong>Cargos:<\/strong>&nbsp;Advogado,&nbsp;Consultor Legislativo,&nbsp;Analista Legislativo e T\u00e9cnico Legislativo (Policial Legislativo)<\/li>\n\n\n\n<li><strong>Forma\u00e7\u00e3o:<\/strong>&nbsp;N\u00edvel superior<\/li>\n\n\n\n<li><strong>Vagas:<\/strong>&nbsp;19 + 989&nbsp;CR<\/li>\n\n\n\n<li><strong>Sal\u00e1rio:<\/strong>&nbsp;R$ 19.427,79 a R$ 33.461,68<\/li>\n\n\n\n<li><a href=\"https:\/\/www.estrategiaconcursos.com.br\/cursosPorConcurso\/senado-federal-6\/\" target=\"_blank\" rel=\"noreferrer noopener\">Cursos Senado<\/a><\/li>\n<\/ul>\n\n\n\n<h3 class=\"wp-block-heading\" id=\"concurso-sefaz-ap\"><a href=\"https:\/\/www.estrategiaconcursos.com.br\/blog\/concurso-seplag-niteroi\/\" target=\"_blank\" rel=\"noreferrer noopener\">Concurso Seplag Niter\u00f3i<\/a> (RJ)<\/h3>\n\n\n\n<ul class=\"wp-block-list\">\n<li><strong>Banca:&nbsp;<\/strong>a definir<\/li>\n\n\n\n<li><strong>Cargos:<\/strong>&nbsp;Analista de Pol\u00edticas P\u00fablicas e Gest\u00e3o Governamental<\/li>\n\n\n\n<li><strong>Forma\u00e7\u00e3o:<\/strong>&nbsp;N\u00edvel superior<\/li>\n\n\n\n<li><strong>Vagas:<\/strong>&nbsp;14<\/li>\n\n\n\n<li><strong>Sal\u00e1rio:<\/strong>&nbsp;R$ 5.500,00<\/li>\n\n\n\n<li><a href=\"https:\/\/www.estrategiaconcursos.com.br\/cursosPorConcurso\/prefeitura-municipal-de-niteroi-rj\/\" target=\"_blank\" rel=\"noreferrer noopener\">Cursos APPGG<\/a><\/li>\n<\/ul>\n\n\n\n<h3 class=\"wp-block-heading\" id=\"concurso-detran-df\"><a href=\"https:\/\/www.estrategiaconcursos.com.br\/blog\/concurso-detran-df\/\" target=\"_blank\" rel=\"noreferrer noopener\">Concurso Detran DF<\/a><\/h3>\n\n\n\n<ul class=\"wp-block-list\">\n<li><strong>Banca:&nbsp;<\/strong>IBFC<\/li>\n\n\n\n<li><strong>Cargo:<\/strong>&nbsp;T\u00e9cnico e Analista de Atividades de Tr\u00e2nsito<\/li>\n\n\n\n<li><strong>Forma\u00e7\u00e3o:<\/strong>&nbsp;N\u00edvel m\u00e9dio e superior<\/li>\n\n\n\n<li><strong>Vagas:<\/strong>&nbsp;123 + 243 CR<\/li>\n\n\n\n<li><strong>Sal\u00e1rio:<\/strong>&nbsp;R$ 4.420,00 e R$ 8.190,00<\/li>\n\n\n\n<li><a href=\"https:\/\/www.estrategiaconcursos.com.br\/cursosPorConcurso\/detran-df-5\/\/\" target=\"_blank\" rel=\"noreferrer noopener\">Curso Detran DF<\/a><\/li>\n<\/ul>\n\n\n\n<figure class=\"wp-block-image aligncenter is-resized\" id=\"block-24a62cb1-0d29-4ded-adfc-2d957b474d71\"><img loading=\"lazy\" decoding=\"async\" src=\"https:\/\/dhg1h5j42swfq.cloudfront.net\/2020\/09\/18141901\/Coruja_Concursos%404x-506x1024.png\" alt=\"Logo do Estrat\u00e9gia Concursos - Editais previstos para agosto de 2022\" width=\"41\" height=\"84\"\/><\/figure>\n\n\n\n<h4 class=\"wp-block-heading has-text-align-center\" id=\"block-8e70be70-d6bd-45f4-852e-cc94cb5d259c\"><em>Para conferir outros editais previstos para agosto e tamb\u00e9m para 2022, acesse os artigos abaixo:<\/em><\/h4>\n\n\n\n<ul class=\"wp-block-list\" id=\"block-6ed6d835-4177-4b81-bf63-3a154dbd1364\">\n<li><a href=\"https:\/\/www.estrategiaconcursos.com.br\/blog\/concursos-abertos\/\" target=\"_blank\" rel=\"noreferrer noopener\">Concursos abertos<\/a><\/li>\n\n\n\n<li><a href=\"https:\/\/www.estrategiaconcursos.com.br\/blog\/concursos-2022\/\" target=\"_blank\" rel=\"noreferrer noopener\">Concursos 2022<\/a> <\/li>\n\n\n\n<li><a href=\"https:\/\/www.estrategiaconcursos.com.br\/blog\/concursos-2023\/\" target=\"_blank\" rel=\"noreferrer noopener\">Concursos 2023<\/a> <\/li>\n<\/ul>\n\n\n\n<div class=\"container\" id=\"boxes\">\n  <div class=\"row\">\n\n    <div class=\"col-sm\">\n      <div class=\"estrategia\" id=\"box-assinatura\">\n        <h3 class=\"titulo-assinatura\">Assinatura Concursos<\/h3>\n        <p class=\"subtitulo-assinatura\">Assinatura de 1 ano ou 2 anos<\/p>\n        <div class=\"box-botao\">\n          <a class=\"btn-assinatura\" target=\"_blank\" href=\"https:\/\/www.estrategiaconcursos.com.br\/assinaturas\/\" role=\"button\" rel=\"noopener noreferrer\">ASSINE AGORA<\/a>\n        <\/div>\n      <\/div>\n     \n    <\/div><\/div><\/div>\n","protected":false},"excerpt":{"rendered":"<p>O m\u00eas de agosto deve trazer cerca de 22 novos editais dos maiores \u00f3rg\u00e3os p\u00fablicos do pa\u00eds. S\u00e3o mais de 4 mil vagas previstas entre imediatas e cadastro reserva. Inclusive, algumas dessas oportunidades s\u00e3o da \u00e1rea de Tribunais, que tem trazido muitas vagas para os Tribunais Regionais do Trabalho, com vagas, em sua maioria, para [&hellip;]<\/p>\n","protected":false},"author":659,"featured_media":746120,"comment_status":"open","ping_status":"closed","sticky":false,"template":"","format":"standard","meta":{"post_tipo":"news","footnotes":""},"categories":[1,220219],"tags":[],"tax_estado":[219963],"class_list":["post-1066356","post","type-post","status-publish","format-standard","has-post-thumbnail","hentry","category-cursos-e-concursos","category-noticias","tax_estado-concursos-federais"],"acf":[],"yoast_head":"<!-- This site is optimized with the Yoast SEO Premium plugin v27.2 (Yoast SEO v27.2) - https:\/\/yoast.com\/product\/yoast-seo-premium-wordpress\/ -->\n<title>Concursos 2022: 22 editais previstos para o m\u00eas de agosto<\/title>\n<meta name=\"description\" content=\"O m\u00eas de agosto de 2022 chega com a promessa de, ao menos, 22 editais. No total, s\u00e3o mais de 4 mil vagas previstas! CONFIRA.\" \/>\n<meta name=\"robots\" content=\"index, follow, max-snippet:-1, max-image-preview:large, max-video-preview:-1\" \/>\n<link rel=\"canonical\" href=\"https:\/\/www.estrategiaconcursos.com.br\/blog\/editais-previstos-agosto-2022\/\" \/>\n<meta property=\"og:locale\" content=\"pt_BR\" \/>\n<meta property=\"og:type\" content=\"article\" \/>\n<meta property=\"og:title\" content=\"Concursos 2022: 22 editais previstos para o m\u00eas de agosto\" \/>\n<meta property=\"og:description\" content=\"O m\u00eas de agosto de 2022 chega com a promessa de, ao menos, 22 editais. No total, s\u00e3o mais de 4 mil vagas previstas! CONFIRA.\" \/>\n<meta property=\"og:url\" content=\"https:\/\/www.estrategiaconcursos.com.br\/blog\/editais-previstos-agosto-2022\/\" \/>\n<meta property=\"og:site_name\" content=\"Estrat\u00e9gia Concursos\" \/>\n<meta property=\"article:published_time\" content=\"2022-08-01T12:00:00+00:00\" \/>\n<meta property=\"article:modified_time\" content=\"2023-07-25T15:34:11+00:00\" \/>\n<meta property=\"og:image\" content=\"https:\/\/dhg1h5j42swfq.cloudfront.net\/2021\/04\/20121239\/2022_concursos.jpeg\" \/>\n\t<meta property=\"og:image:width\" content=\"768\" \/>\n\t<meta property=\"og:image:height\" content=\"432\" \/>\n\t<meta property=\"og:image:type\" content=\"image\/jpeg\" \/>\n<meta name=\"author\" content=\"Camila Leite\" \/>\n<meta name=\"twitter:card\" content=\"summary_large_image\" \/>\n<meta name=\"twitter:creator\" content=\"@EstratConcursos\" \/>\n<meta name=\"twitter:site\" content=\"@EstratConcursos\" \/>\n<meta name=\"twitter:label1\" content=\"Escrito por\" \/>\n\t<meta name=\"twitter:data1\" content=\"Camila Leite\" \/>\n\t<meta name=\"twitter:label2\" content=\"Est. tempo de leitura\" \/>\n\t<meta name=\"twitter:data2\" content=\"5 minutos\" \/>\n<script type=\"application\/ld+json\" class=\"yoast-schema-graph\">{\"@context\":\"https:\/\/schema.org\",\"@graph\":[{\"@type\":\"NewsArticle\",\"@id\":\"https:\/\/www.estrategiaconcursos.com.br\/blog\/editais-previstos-agosto-2022\/#article\",\"isPartOf\":{\"@id\":\"https:\/\/www.estrategiaconcursos.com.br\/blog\/editais-previstos-agosto-2022\/\"},\"author\":{\"name\":\"Camila Leite\",\"@id\":\"https:\/\/www.estrategiaconcursos.com.br\/blog\/#\/schema\/person\/84ecdc6eb58d3cf1689bf76c5cd8fb38\"},\"headline\":\"Concursos 2022: 22 editais previstos para o m\u00eas de agosto\",\"datePublished\":\"2022-08-01T12:00:00+00:00\",\"dateModified\":\"2023-07-25T15:34:11+00:00\",\"mainEntityOfPage\":{\"@id\":\"https:\/\/www.estrategiaconcursos.com.br\/blog\/editais-previstos-agosto-2022\/\"},\"wordCount\":924,\"commentCount\":0,\"publisher\":{\"@id\":\"https:\/\/www.estrategiaconcursos.com.br\/blog\/#organization\"},\"image\":{\"@id\":\"https:\/\/www.estrategiaconcursos.com.br\/blog\/editais-previstos-agosto-2022\/#primaryimage\"},\"thumbnailUrl\":\"https:\/\/dhg1h5j42swfq.cloudfront.net\/2021\/04\/20121239\/2022_concursos.jpeg\",\"articleSection\":[\"Concursos P\u00fablicos\",\"\u00daltimas not\u00edcias\"],\"inLanguage\":\"pt-BR\",\"potentialAction\":[{\"@type\":\"CommentAction\",\"name\":\"Comment\",\"target\":[\"https:\/\/www.estrategiaconcursos.com.br\/blog\/editais-previstos-agosto-2022\/#respond\"]}],\"copyrightYear\":\"2022\",\"copyrightHolder\":{\"@id\":\"https:\/\/www.estrategiaconcursos.com.br\/blog\/#organization\"}},{\"@type\":\"WebPage\",\"@id\":\"https:\/\/www.estrategiaconcursos.com.br\/blog\/editais-previstos-agosto-2022\/\",\"url\":\"https:\/\/www.estrategiaconcursos.com.br\/blog\/editais-previstos-agosto-2022\/\",\"name\":\"Concursos 2022: 22 editais previstos para o m\u00eas de agosto\",\"isPartOf\":{\"@id\":\"https:\/\/www.estrategiaconcursos.com.br\/blog\/#website\"},\"primaryImageOfPage\":{\"@id\":\"https:\/\/www.estrategiaconcursos.com.br\/blog\/editais-previstos-agosto-2022\/#primaryimage\"},\"image\":{\"@id\":\"https:\/\/www.estrategiaconcursos.com.br\/blog\/editais-previstos-agosto-2022\/#primaryimage\"},\"thumbnailUrl\":\"https:\/\/dhg1h5j42swfq.cloudfront.net\/2021\/04\/20121239\/2022_concursos.jpeg\",\"datePublished\":\"2022-08-01T12:00:00+00:00\",\"dateModified\":\"2023-07-25T15:34:11+00:00\",\"description\":\"O m\u00eas de agosto de 2022 chega com a promessa de, ao menos, 22 editais. No total, s\u00e3o mais de 4 mil vagas previstas! CONFIRA.\",\"breadcrumb\":{\"@id\":\"https:\/\/www.estrategiaconcursos.com.br\/blog\/editais-previstos-agosto-2022\/#breadcrumb\"},\"inLanguage\":\"pt-BR\",\"potentialAction\":[{\"@type\":\"ReadAction\",\"target\":[\"https:\/\/www.estrategiaconcursos.com.br\/blog\/editais-previstos-agosto-2022\/\"]}]},{\"@type\":\"ImageObject\",\"inLanguage\":\"pt-BR\",\"@id\":\"https:\/\/www.estrategiaconcursos.com.br\/blog\/editais-previstos-agosto-2022\/#primaryimage\",\"url\":\"https:\/\/dhg1h5j42swfq.cloudfront.net\/2021\/04\/20121239\/2022_concursos.jpeg\",\"contentUrl\":\"https:\/\/dhg1h5j42swfq.cloudfront.net\/2021\/04\/20121239\/2022_concursos.jpeg\",\"width\":768,\"height\":432,\"caption\":\"Concursos 2022\"},{\"@type\":\"BreadcrumbList\",\"@id\":\"https:\/\/www.estrategiaconcursos.com.br\/blog\/editais-previstos-agosto-2022\/#breadcrumb\",\"itemListElement\":[{\"@type\":\"ListItem\",\"position\":1,\"name\":\"In\u00edcio\",\"item\":\"https:\/\/www.estrategiaconcursos.com.br\/blog\/\"},{\"@type\":\"ListItem\",\"position\":2,\"name\":\"Concursos 2022: 22 editais previstos para o m\u00eas de agosto\"}]},{\"@type\":\"WebSite\",\"@id\":\"https:\/\/www.estrategiaconcursos.com.br\/blog\/#website\",\"url\":\"https:\/\/www.estrategiaconcursos.com.br\/blog\/\",\"name\":\"Estrat\u00e9gia Concursos\",\"description\":\"O blog da Estrat\u00e9gia Concursos traz not\u00edcias sobre concursos e artigos de professores oferecendo cursos para concursos (pdf + videaulas) no site.\",\"publisher\":{\"@id\":\"https:\/\/www.estrategiaconcursos.com.br\/blog\/#organization\"},\"potentialAction\":[{\"@type\":\"SearchAction\",\"target\":{\"@type\":\"EntryPoint\",\"urlTemplate\":\"https:\/\/www.estrategiaconcursos.com.br\/blog\/?s={search_term_string}\"},\"query-input\":{\"@type\":\"PropertyValueSpecification\",\"valueRequired\":true,\"valueName\":\"search_term_string\"}}],\"inLanguage\":\"pt-BR\"},{\"@type\":\"Organization\",\"@id\":\"https:\/\/www.estrategiaconcursos.com.br\/blog\/#organization\",\"name\":\"Estrat\u00e9gia Concursos\",\"url\":\"https:\/\/www.estrategiaconcursos.com.br\/blog\/\",\"logo\":{\"@type\":\"ImageObject\",\"inLanguage\":\"pt-BR\",\"@id\":\"https:\/\/www.estrategiaconcursos.com.br\/blog\/#\/schema\/logo\/image\/\",\"url\":\"https:\/\/dhg1h5j42swfq.cloudfront.net\/2025\/06\/03203428\/logo_concursos-1.jpg\",\"contentUrl\":\"https:\/\/dhg1h5j42swfq.cloudfront.net\/2025\/06\/03203428\/logo_concursos-1.jpg\",\"width\":230,\"height\":60,\"caption\":\"Estrat\u00e9gia Concursos\"},\"image\":{\"@id\":\"https:\/\/www.estrategiaconcursos.com.br\/blog\/#\/schema\/logo\/image\/\"},\"sameAs\":[\"https:\/\/x.com\/EstratConcursos\"]},{\"@type\":\"Person\",\"@id\":\"https:\/\/www.estrategiaconcursos.com.br\/blog\/#\/schema\/person\/84ecdc6eb58d3cf1689bf76c5cd8fb38\",\"name\":\"Camila Leite\",\"image\":{\"@type\":\"ImageObject\",\"inLanguage\":\"pt-BR\",\"@id\":\"https:\/\/secure.gravatar.com\/avatar\/f2f8faef639c8a2bfb7fb909912a56917f4c3a0aed064500168e2fb8ea55cf61?s=96&d=mm&r=g\",\"url\":\"https:\/\/secure.gravatar.com\/avatar\/f2f8faef639c8a2bfb7fb909912a56917f4c3a0aed064500168e2fb8ea55cf61?s=96&d=mm&r=g\",\"contentUrl\":\"https:\/\/secure.gravatar.com\/avatar\/f2f8faef639c8a2bfb7fb909912a56917f4c3a0aed064500168e2fb8ea55cf61?s=96&d=mm&r=g\",\"caption\":\"Camila Leite\"},\"description\":\"Formada em Design Gr\u00e1fico e em Propaganda e Marketing pela UNIP, integra a equipe de jornalismo do Estrat\u00e9gia Concursos desde 2018. Ao longo dos anos, construiu uma s\u00f3lida experi\u00eancia na produ\u00e7\u00e3o de conte\u00fado informativo e relevante para concurseiros. Desde 2020, atua na cobertura das \u00e1reas Fiscal \u2014 com \u00eanfase nas Secretarias de Fazenda (Sefaz) das regi\u00f5es Sul e Sudeste \u2014, al\u00e9m da cobertura de concursos federais, como CNU, Petrobras, CGU, Receita Federal, ag\u00eancias reguladoras (Anvisa, ANAC, entre outras) e INSS. Mant\u00e9m contato direto com os principais \u00f3rg\u00e3os p\u00fablicos, acompanhando editais, atualiza\u00e7\u00f5es e movimenta\u00e7\u00f5es importantes para os candidatos.\",\"sameAs\":[\"https:\/\/www.linkedin.com\/in\/camila-pinheiro-leite-9ba135b6\/\"],\"url\":\"https:\/\/www.estrategiaconcursos.com.br\/blog\/author\/camila-leiteestrategiaconcursos-com-br\/\"}]}<\/script>\n<!-- \/ Yoast SEO Premium plugin. -->","yoast_head_json":{"title":"Concursos 2022: 22 editais previstos para o m\u00eas de agosto","description":"O m\u00eas de agosto de 2022 chega com a promessa de, ao menos, 22 editais. No total, s\u00e3o mais de 4 mil vagas previstas! CONFIRA.","robots":{"index":"index","follow":"follow","max-snippet":"max-snippet:-1","max-image-preview":"max-image-preview:large","max-video-preview":"max-video-preview:-1"},"canonical":"https:\/\/www.estrategiaconcursos.com.br\/blog\/editais-previstos-agosto-2022\/","og_locale":"pt_BR","og_type":"article","og_title":"Concursos 2022: 22 editais previstos para o m\u00eas de agosto","og_description":"O m\u00eas de agosto de 2022 chega com a promessa de, ao menos, 22 editais. No total, s\u00e3o mais de 4 mil vagas previstas! CONFIRA.","og_url":"https:\/\/www.estrategiaconcursos.com.br\/blog\/editais-previstos-agosto-2022\/","og_site_name":"Estrat\u00e9gia Concursos","article_published_time":"2022-08-01T12:00:00+00:00","article_modified_time":"2023-07-25T15:34:11+00:00","og_image":[{"width":768,"height":432,"url":"https:\/\/dhg1h5j42swfq.cloudfront.net\/2021\/04\/20121239\/2022_concursos.jpeg","type":"image\/jpeg"}],"author":"Camila Leite","twitter_card":"summary_large_image","twitter_creator":"@EstratConcursos","twitter_site":"@EstratConcursos","twitter_misc":{"Escrito por":"Camila Leite","Est. tempo de leitura":"5 minutos"},"schema":{"@context":"https:\/\/schema.org","@graph":[{"@type":"NewsArticle","@id":"https:\/\/www.estrategiaconcursos.com.br\/blog\/editais-previstos-agosto-2022\/#article","isPartOf":{"@id":"https:\/\/www.estrategiaconcursos.com.br\/blog\/editais-previstos-agosto-2022\/"},"author":{"name":"Camila Leite","@id":"https:\/\/www.estrategiaconcursos.com.br\/blog\/#\/schema\/person\/84ecdc6eb58d3cf1689bf76c5cd8fb38"},"headline":"Concursos 2022: 22 editais previstos para o m\u00eas de agosto","datePublished":"2022-08-01T12:00:00+00:00","dateModified":"2023-07-25T15:34:11+00:00","mainEntityOfPage":{"@id":"https:\/\/www.estrategiaconcursos.com.br\/blog\/editais-previstos-agosto-2022\/"},"wordCount":924,"commentCount":0,"publisher":{"@id":"https:\/\/www.estrategiaconcursos.com.br\/blog\/#organization"},"image":{"@id":"https:\/\/www.estrategiaconcursos.com.br\/blog\/editais-previstos-agosto-2022\/#primaryimage"},"thumbnailUrl":"https:\/\/dhg1h5j42swfq.cloudfront.net\/2021\/04\/20121239\/2022_concursos.jpeg","articleSection":["Concursos P\u00fablicos","\u00daltimas not\u00edcias"],"inLanguage":"pt-BR","potentialAction":[{"@type":"CommentAction","name":"Comment","target":["https:\/\/www.estrategiaconcursos.com.br\/blog\/editais-previstos-agosto-2022\/#respond"]}],"copyrightYear":"2022","copyrightHolder":{"@id":"https:\/\/www.estrategiaconcursos.com.br\/blog\/#organization"}},{"@type":"WebPage","@id":"https:\/\/www.estrategiaconcursos.com.br\/blog\/editais-previstos-agosto-2022\/","url":"https:\/\/www.estrategiaconcursos.com.br\/blog\/editais-previstos-agosto-2022\/","name":"Concursos 2022: 22 editais previstos para o m\u00eas de agosto","isPartOf":{"@id":"https:\/\/www.estrategiaconcursos.com.br\/blog\/#website"},"primaryImageOfPage":{"@id":"https:\/\/www.estrategiaconcursos.com.br\/blog\/editais-previstos-agosto-2022\/#primaryimage"},"image":{"@id":"https:\/\/www.estrategiaconcursos.com.br\/blog\/editais-previstos-agosto-2022\/#primaryimage"},"thumbnailUrl":"https:\/\/dhg1h5j42swfq.cloudfront.net\/2021\/04\/20121239\/2022_concursos.jpeg","datePublished":"2022-08-01T12:00:00+00:00","dateModified":"2023-07-25T15:34:11+00:00","description":"O m\u00eas de agosto de 2022 chega com a promessa de, ao menos, 22 editais. No total, s\u00e3o mais de 4 mil vagas previstas! CONFIRA.","breadcrumb":{"@id":"https:\/\/www.estrategiaconcursos.com.br\/blog\/editais-previstos-agosto-2022\/#breadcrumb"},"inLanguage":"pt-BR","potentialAction":[{"@type":"ReadAction","target":["https:\/\/www.estrategiaconcursos.com.br\/blog\/editais-previstos-agosto-2022\/"]}]},{"@type":"ImageObject","inLanguage":"pt-BR","@id":"https:\/\/www.estrategiaconcursos.com.br\/blog\/editais-previstos-agosto-2022\/#primaryimage","url":"https:\/\/dhg1h5j42swfq.cloudfront.net\/2021\/04\/20121239\/2022_concursos.jpeg","contentUrl":"https:\/\/dhg1h5j42swfq.cloudfront.net\/2021\/04\/20121239\/2022_concursos.jpeg","width":768,"height":432,"caption":"Concursos 2022"},{"@type":"BreadcrumbList","@id":"https:\/\/www.estrategiaconcursos.com.br\/blog\/editais-previstos-agosto-2022\/#breadcrumb","itemListElement":[{"@type":"ListItem","position":1,"name":"In\u00edcio","item":"https:\/\/www.estrategiaconcursos.com.br\/blog\/"},{"@type":"ListItem","position":2,"name":"Concursos 2022: 22 editais previstos para o m\u00eas de agosto"}]},{"@type":"WebSite","@id":"https:\/\/www.estrategiaconcursos.com.br\/blog\/#website","url":"https:\/\/www.estrategiaconcursos.com.br\/blog\/","name":"Estrat\u00e9gia Concursos","description":"O blog da Estrat\u00e9gia Concursos traz not\u00edcias sobre concursos e artigos de professores oferecendo cursos para concursos (pdf + videaulas) no site.","publisher":{"@id":"https:\/\/www.estrategiaconcursos.com.br\/blog\/#organization"},"potentialAction":[{"@type":"SearchAction","target":{"@type":"EntryPoint","urlTemplate":"https:\/\/www.estrategiaconcursos.com.br\/blog\/?s={search_term_string}"},"query-input":{"@type":"PropertyValueSpecification","valueRequired":true,"valueName":"search_term_string"}}],"inLanguage":"pt-BR"},{"@type":"Organization","@id":"https:\/\/www.estrategiaconcursos.com.br\/blog\/#organization","name":"Estrat\u00e9gia Concursos","url":"https:\/\/www.estrategiaconcursos.com.br\/blog\/","logo":{"@type":"ImageObject","inLanguage":"pt-BR","@id":"https:\/\/www.estrategiaconcursos.com.br\/blog\/#\/schema\/logo\/image\/","url":"https:\/\/dhg1h5j42swfq.cloudfront.net\/2025\/06\/03203428\/logo_concursos-1.jpg","contentUrl":"https:\/\/dhg1h5j42swfq.cloudfront.net\/2025\/06\/03203428\/logo_concursos-1.jpg","width":230,"height":60,"caption":"Estrat\u00e9gia Concursos"},"image":{"@id":"https:\/\/www.estrategiaconcursos.com.br\/blog\/#\/schema\/logo\/image\/"},"sameAs":["https:\/\/x.com\/EstratConcursos"]},{"@type":"Person","@id":"https:\/\/www.estrategiaconcursos.com.br\/blog\/#\/schema\/person\/84ecdc6eb58d3cf1689bf76c5cd8fb38","name":"Camila Leite","image":{"@type":"ImageObject","inLanguage":"pt-BR","@id":"https:\/\/secure.gravatar.com\/avatar\/f2f8faef639c8a2bfb7fb909912a56917f4c3a0aed064500168e2fb8ea55cf61?s=96&d=mm&r=g","url":"https:\/\/secure.gravatar.com\/avatar\/f2f8faef639c8a2bfb7fb909912a56917f4c3a0aed064500168e2fb8ea55cf61?s=96&d=mm&r=g","contentUrl":"https:\/\/secure.gravatar.com\/avatar\/f2f8faef639c8a2bfb7fb909912a56917f4c3a0aed064500168e2fb8ea55cf61?s=96&d=mm&r=g","caption":"Camila Leite"},"description":"Formada em Design Gr\u00e1fico e em Propaganda e Marketing pela UNIP, integra a equipe de jornalismo do Estrat\u00e9gia Concursos desde 2018. Ao longo dos anos, construiu uma s\u00f3lida experi\u00eancia na produ\u00e7\u00e3o de conte\u00fado informativo e relevante para concurseiros. Desde 2020, atua na cobertura das \u00e1reas Fiscal \u2014 com \u00eanfase nas Secretarias de Fazenda (Sefaz) das regi\u00f5es Sul e Sudeste \u2014, al\u00e9m da cobertura de concursos federais, como CNU, Petrobras, CGU, Receita Federal, ag\u00eancias reguladoras (Anvisa, ANAC, entre outras) e INSS. Mant\u00e9m contato direto com os principais \u00f3rg\u00e3os p\u00fablicos, acompanhando editais, atualiza\u00e7\u00f5es e movimenta\u00e7\u00f5es importantes para os candidatos.","sameAs":["https:\/\/www.linkedin.com\/in\/camila-pinheiro-leite-9ba135b6\/"],"url":"https:\/\/www.estrategiaconcursos.com.br\/blog\/author\/camila-leiteestrategiaconcursos-com-br\/"}]}},"_links":{"self":[{"href":"https:\/\/www.estrategiaconcursos.com.br\/blog\/wp-json\/wp\/v2\/posts\/1066356","targetHints":{"allow":["GET"]}}],"collection":[{"href":"https:\/\/www.estrategiaconcursos.com.br\/blog\/wp-json\/wp\/v2\/posts"}],"about":[{"href":"https:\/\/www.estrategiaconcursos.com.br\/blog\/wp-json\/wp\/v2\/types\/post"}],"author":[{"embeddable":true,"href":"https:\/\/www.estrategiaconcursos.com.br\/blog\/wp-json\/wp\/v2\/users\/659"}],"replies":[{"embeddable":true,"href":"https:\/\/www.estrategiaconcursos.com.br\/blog\/wp-json\/wp\/v2\/comments?post=1066356"}],"version-history":[{"count":11,"href":"https:\/\/www.estrategiaconcursos.com.br\/blog\/wp-json\/wp\/v2\/posts\/1066356\/revisions"}],"predecessor-version":[{"id":1254634,"href":"https:\/\/www.estrategiaconcursos.com.br\/blog\/wp-json\/wp\/v2\/posts\/1066356\/revisions\/1254634"}],"wp:featuredmedia":[{"embeddable":true,"href":"https:\/\/www.estrategiaconcursos.com.br\/blog\/wp-json\/wp\/v2\/media\/746120"}],"wp:attachment":[{"href":"https:\/\/www.estrategiaconcursos.com.br\/blog\/wp-json\/wp\/v2\/media?parent=1066356"}],"wp:term":[{"taxonomy":"category","embeddable":true,"href":"https:\/\/www.estrategiaconcursos.com.br\/blog\/wp-json\/wp\/v2\/categories?post=1066356"},{"taxonomy":"post_tag","embeddable":true,"href":"https:\/\/www.estrategiaconcursos.com.br\/blog\/wp-json\/wp\/v2\/tags?post=1066356"},{"taxonomy":"tax_estado","embeddable":true,"href":"https:\/\/www.estrategiaconcursos.com.br\/blog\/wp-json\/wp\/v2\/tax_estado?post=1066356"}],"curies":[{"name":"wp","href":"https:\/\/api.w.org\/{rel}","templated":true}]}}