{"id":1066158,"date":"2022-09-23T09:27:00","date_gmt":"2022-09-23T12:27:00","guid":{"rendered":"https:\/\/www.estrategiaconcursos.com.br\/blog\/?p=1066158"},"modified":"2022-09-26T10:34:43","modified_gmt":"2022-09-26T13:34:43","slug":"residencia-medica-ribeirao-preto","status":"publish","type":"post","link":"https:\/\/www.estrategiaconcursos.com.br\/blog\/residencia-medica-ribeirao-preto\/","title":{"rendered":"Resid\u00eancia M\u00e9dica Ribeir\u00e3o Preto: inscri\u00e7\u00f5es encerradas"},"content":{"rendered":"\n<p>Est\u00e3o encerradas as inscri\u00e7\u00f5es para <strong>Resid\u00eancia M\u00e9dica de Ribeir\u00e3o Preto<\/strong>, no interior do estado de S\u00e3o Paulo. S\u00e3o ofertadas 67 vagas de n\u00edvel superior distribu\u00eddas entre 15 especialidades.<\/p>\n\n\n\n<p>Os interessados na sele\u00e7\u00e3o puderam se candidatar at\u00e9 o dia <strong>22 de setembro de 2022<\/strong>, no <a href=\"https:\/\/www.vunesp.com.br\/SCRP2201\" target=\"_blank\" rel=\"noreferrer noopener\">portal<\/a> da VUNESP, ao custo de R$ 600,00.<\/p>\n\n\n\n<p>A aplica\u00e7\u00e3o da prova objetiva e dissertativa \u00e9 prevista para 06 de novembro. A remunera\u00e7\u00e3o inicial dos cargos \u00e9 de R$ 4.106,09.<\/p>\n\n\n\n<ul class=\"has-background wp-block-list\" style=\"background:linear-gradient(135deg,rgb(251,255,248) 0%,rgb(182,227,212) 50%,rgb(51,167,181) 100%)\"><li><strong>Resid\u00eancia Ribeir\u00e3o Preto 2023<\/strong><\/li><li><strong style=\"background-color: initial; color: initial;\">Status:<\/strong><span style=\"background-color: initial; color: initial;\"> inscri\u00e7\u00f5es encerradas<\/span><\/li><li><strong>Banca<\/strong>: VUNESP<\/li><li><strong>Vagas:<\/strong> 67<\/li><li><strong>Sal\u00e1rio inicial:<\/strong> R$ 4.106,09<\/li><li><strong>Edital:<\/strong> <strong><a href=\"https:\/\/dhg1h5j42swfq.cloudfront.net\/2022\/07\/25114707\/rp.pdf\" target=\"_blank\" rel=\"noreferrer noopener nofollow\">Resid\u00eancia Ribeir\u00e3o Preto &#8211; 2023<\/a><\/strong><\/li><\/ul>\n\n\n\n<p id=\"indice\">A fim de te deixar sempre bem informado, elaboramos este artigo com as principais informa\u00e7\u00f5es e novidades sobre a sele\u00e7\u00e3o. Acompanhe os t\u00f3picos abaixo e n\u00e3o perca nenhum detalhe!<\/p>\n\n\n\n<ul class=\"wp-block-list\" id=\"indice\"><li><a href=\"#info\">Informa\u00e7\u00f5es do edital<\/a><ul><li><a href=\"#situacao\">Principais datas<\/a><\/li><li><a href=\"#cargos-vagas\">Cargos e vagas<\/a><\/li><li><a href=\"#remuneracao\">Remunera\u00e7\u00f5es<\/a><\/li><li><a href=\"#etapas\">Etapas e provas<\/a><\/li><\/ul><\/li><li><a href=\"#residencia-multiprofissional-hsm\">Resid\u00eancia HSM<\/a><\/li><li><a href=\"#cursos\">Cursos e assinaturas<\/a><\/li><li><a href=\"#ficha\">Ficha t\u00e9cnica<\/a><\/li><\/ul>\n\n\n\n<div class=\"container\" id=\"boxes\">\n  <div class=\"row\">\n\n    <div class=\"col-sm\">\n      <div class=\"banner-medicina\" id=\"box-assinatura\">\n        <h3 class=\"titulo-assinatura\">Resid\u00eancia Ribeir\u00e3o Preto<\/h3>\n        <p class=\"subtitulo-assinatura\">Conhe\u00e7a nossos cursos<\/p>\n        <div class=\"box-botao\">\n          <a class=\"btn-assinatura\" target=\"_blank\" href=\"https:\/\/www.estrategiaconcursos.com.br\/cursosPorConcurso\/preparatorios-para-residencias\/\" role=\"button\" rel=\"noopener noreferrer\">Conhe\u00e7a mais<\/a>\n        <\/div>\n      <\/div>\n      <p class=\"texto-auxiliar\"><\/p>\n    <\/div>\n\n  <\/div>\n<\/div>\n\n\n\n<h2 class=\"wp-block-heading\" id=\"info\">Informa\u00e7\u00f5es do edital M\u00e9dica Ribeir\u00e3o Preto<\/h2>\n\n\n\n<h3 class=\"wp-block-heading\" id=\"datas\">Principais datas<\/h3>\n\n\n\n<ul class=\"has-background wp-block-list\" style=\"background-color:#b1ecd5\"><li><strong>Inscri\u00e7\u00f5es<\/strong>: 08 de agosto a 22 de setembro [<a href=\"https:\/\/documento.vunesp.com.br\/documento\/stream\/MzA5NDkyNg%3d%3d\" target=\"_blank\" rel=\"noreferrer noopener\">prorrogadas<\/a>]<\/li><li><strong>\u00daltimo dia para pagamento:<\/strong> 23 de setembro<\/li><li><strong>Provas:<\/strong> 06 de novembro<\/li><\/ul>\n\n\n\n<h3 class=\"wp-block-heading\" id=\"cargos-vagas\">Cargos e vagas<\/h3>\n\n\n\n<h3 class=\"wp-block-heading\" id=\"direto\">Acesso Direto<\/h3>\n\n\n\n<figure class=\"wp-block-table is-style-stripes\"><table class=\"has-pale-ocean-gradient-background has-background has-fixed-layout\"><tbody><tr><td class=\"has-text-align-center\" data-align=\"center\"><strong>Programa<\/strong><\/td><td class=\"has-text-align-center\" data-align=\"center\"><strong>Vagas<\/strong><\/td><\/tr><tr><td class=\"has-text-align-center\" data-align=\"center\">Anestesiologia<\/td><td class=\"has-text-align-center\" data-align=\"center\">05<\/td><\/tr><tr><td class=\"has-text-align-center\" data-align=\"center\">Cirurgia Geral<\/td><td class=\"has-text-align-center\" data-align=\"center\">06<\/td><\/tr><tr><td class=\"has-text-align-center\" data-align=\"center\">Cl\u00ednica M\u00e9dica<\/td><td class=\"has-text-align-center\" data-align=\"center\">14<\/td><\/tr><tr><td class=\"has-text-align-center\" data-align=\"center\">Medicina Intensiva<\/td><td class=\"has-text-align-center\" data-align=\"center\">02<\/td><\/tr><tr><td class=\"has-text-align-center\" data-align=\"center\">Neurocirurgia<\/td><td class=\"has-text-align-center\" data-align=\"center\">02<\/td><\/tr><tr><td class=\"has-text-align-center\" data-align=\"center\">Obstetr\u00edcia e Ginecologia<\/td><td class=\"has-text-align-center\" data-align=\"center\">06<\/td><\/tr><tr><td class=\"has-text-align-center\" data-align=\"center\">Oftalmologia<\/td><td class=\"has-text-align-center\" data-align=\"center\">04<\/td><\/tr><tr><td class=\"has-text-align-center\" data-align=\"center\">Ortopedia e Traumatologia<\/td><td class=\"has-text-align-center\" data-align=\"center\">06<\/td><\/tr><tr><td class=\"has-text-align-center\" data-align=\"center\">Otorrinolaringologia<\/td><td class=\"has-text-align-center\" data-align=\"center\">02<\/td><\/tr><tr><td class=\"has-text-align-center\" data-align=\"center\">Pediatria<\/td><td class=\"has-text-align-center\" data-align=\"center\">04<\/td><\/tr><\/tbody><\/table><\/figure>\n\n\n\n<h3 class=\"wp-block-heading\" id=\"clinica-medica\">Clinica M\u00e9dica<\/h3>\n\n\n\n<figure class=\"wp-block-table is-style-stripes\"><table class=\"has-pale-ocean-gradient-background has-background has-fixed-layout\"><tbody><tr><td class=\"has-text-align-center\" data-align=\"center\"><strong>Programa<\/strong><\/td><td class=\"has-text-align-center\" data-align=\"center\"><strong>Vagas<\/strong><\/td><\/tr><tr><td class=\"has-text-align-center\" data-align=\"center\">Cardiologia<\/td><td class=\"has-text-align-center\" data-align=\"center\">05<\/td><\/tr><tr><td class=\"has-text-align-center\" data-align=\"center\">Nefrologia<\/td><td class=\"has-text-align-center\" data-align=\"center\">04<\/td><\/tr><tr><td class=\"has-text-align-center\" data-align=\"center\">Oncologia Cl\u00ednica<\/td><td class=\"has-text-align-center\" data-align=\"center\">02<\/td><\/tr><\/tbody><\/table><\/figure>\n\n\n\n<h3 class=\"wp-block-heading\" id=\"clinica-medica\">Cirurgia Geral<\/h3>\n\n\n\n<figure class=\"wp-block-table is-style-stripes\"><table class=\"has-pale-ocean-gradient-background has-background has-fixed-layout\"><tbody><tr><td class=\"has-text-align-center\" data-align=\"center\"><strong>Programa<\/strong><\/td><td class=\"has-text-align-center\" data-align=\"center\"><strong>Vagas<\/strong><\/td><\/tr><tr><td class=\"has-text-align-center\" data-align=\"center\">Cirurgia Vascular<\/td><td class=\"has-text-align-center\" data-align=\"center\">02<\/td><\/tr><tr><td class=\"has-text-align-center\" data-align=\"center\">Urologia<\/td><td class=\"has-text-align-center\" data-align=\"center\">03<\/td><\/tr><\/tbody><\/table><\/figure>\n\n\n\n<p class=\"has-medium-font-size\"><strong>Remunera\u00e7\u00e3o<\/strong><\/p>\n\n\n\n<p>O preenchimento das vagas estar\u00e1 condicionado \u00e0 aprova\u00e7\u00e3o, pelos Minist\u00e9rios, das Bolsas-Trabalho destinadas aos residentes, em valor mensal vigente de R$ 4.106,09 pelo per\u00edodo de dura\u00e7\u00e3o do curso, a partir do in\u00edcio das atividades na Resid\u00eancia. <\/p>\n\n\n\n<p>A bolsa estar\u00e1 sujeita aos descontos e reten\u00e7\u00f5es tribut\u00e1rias e previdenci\u00e1rias, nos termos da lei, e poder\u00e1 sofrer reajustes aplicados pelos Minist\u00e9rios.<\/p>\n\n\n\n<p>A concess\u00e3o e o pagamento das bolsas depender\u00e3o das resolu\u00e7\u00f5es e pol\u00edticas praticadas pelo Minist\u00e9rio da Sa\u00fade.<\/p>\n\n\n\n<p>A Universidade de S\u00e3o Paulo isenta-se do pagamento das bolsas aos residentes, prerrogativa esta do Minist\u00e9rio da Sa\u00fade, como tamb\u00e9m do oferecimento de aux\u00edlios sob qualquer natureza financeira<\/p>\n\n\n\n<h3 class=\"wp-block-heading\" id=\"etapas\">Etapas do processo seletivo Resid\u00eancia Ribeir\u00e3o Preto<\/h3>\n\n\n\n<p>A prova objetiva, de car\u00e1ter eliminat\u00f3rio e classificat\u00f3rio, visa avaliar o grau de conhecimento te\u00f3rico do candidato necess\u00e1rio ao ingresso no Programa de Resid\u00eancia M\u00e9dica. Essa prova ser\u00e1 elaborada de acordo com os conhecimentos espec\u00edficos de especialidades b\u00e1sicas ou especialidades do pr\u00e9-requisito.<\/p>\n\n\n\n<p>A etapa ser\u00e1 composta de quest\u00f5es de m\u00faltipla escolha com 5 alternativas, sendo apenas uma alternativa correta, de prova objetiva:<\/p>\n\n\n\n<ul class=\"wp-block-list\"><li>a) 5 horas para especialidades com acesso direto<\/li><li>b) 3 horas para especialidades com pr\u00e9-requisito<\/li><\/ul>\n\n\n\n<figure class=\"wp-block-image aligncenter size-full\"><img loading=\"lazy\" decoding=\"async\" width=\"739\" height=\"455\" src=\"https:\/\/dhg1h5j42swfq.cloudfront.net\/2022\/07\/25121909\/image-290.png\" alt=\"Quadro de provas do edital Resid\u00eancia M\u00e9dica Ribeir\u00e3o Preto\" class=\"wp-image-1066213\" srcset=\"https:\/\/dhg1h5j42swfq.cloudfront.net\/2022\/07\/25121909\/image-290.png 739w, https:\/\/dhg1h5j42swfq.cloudfront.net\/2022\/07\/25121909\/image-290-300x185.png 300w, https:\/\/dhg1h5j42swfq.cloudfront.net\/2022\/07\/25121909\/image-290-610x376.png 610w, https:\/\/dhg1h5j42swfq.cloudfront.net\/2022\/07\/25121909\/image-290-150x92.png 150w\" sizes=\"auto, (max-width: 739px) 100vw, 739px\" \/><figcaption>Quadro de provas do edital Resid\u00eancia M\u00e9dica Ribeir\u00e3o Preto<\/figcaption><\/figure>\n\n\n\n<h4 class=\"wp-block-heading\" id=\"prova-objetiva\">An\u00e1lise Curricular<\/h4>\n\n\n\n<p>A an\u00e1lise curricular tem como objetivo identificar os documentos que comprovem as atividades envolvidas pelos candidatos no cargo\/especialidade escolhido.<\/p>\n\n\n\n<p>A tabela a seguir ilustra como a documenta\u00e7\u00e3o comprobat\u00f3ria dever\u00e1 ser inserida no site e especifica a pontua\u00e7\u00e3o referente a cada um dos itens:<\/p>\n\n\n\n<figure class=\"wp-block-image aligncenter size-full is-resized\"><img loading=\"lazy\" decoding=\"async\" src=\"https:\/\/dhg1h5j42swfq.cloudfront.net\/2022\/07\/25122220\/image-292.png\" alt=\"An\u00e1lise curricular do edital Resid\u00eancia M\u00e9dica Ribeir\u00e3o Preto\" class=\"wp-image-1066217\" width=\"738\" height=\"373\" srcset=\"https:\/\/dhg1h5j42swfq.cloudfront.net\/2022\/07\/25122220\/image-292.png 836w, https:\/\/dhg1h5j42swfq.cloudfront.net\/2022\/07\/25122220\/image-292-300x151.png 300w, https:\/\/dhg1h5j42swfq.cloudfront.net\/2022\/07\/25122220\/image-292-768x388.png 768w, https:\/\/dhg1h5j42swfq.cloudfront.net\/2022\/07\/25122220\/image-292-610x308.png 610w, https:\/\/dhg1h5j42swfq.cloudfront.net\/2022\/07\/25122220\/image-292-150x76.png 150w\" sizes=\"auto, (max-width: 738px) 100vw, 738px\" \/><figcaption>An\u00e1lise curricular do edital Resid\u00eancia M\u00e9dica Ribeir\u00e3o Preto<\/figcaption><\/figure>\n\n\n\n<figure class=\"wp-block-image aligncenter size-full is-resized\"><img loading=\"lazy\" decoding=\"async\" src=\"https:\/\/dhg1h5j42swfq.cloudfront.net\/2022\/07\/25122353\/image-293.png\" alt=\"An\u00e1lise curricular do edital Resid\u00eancia M\u00e9dica Ribeir\u00e3o Preto\" class=\"wp-image-1066218\" width=\"735\" height=\"932\" srcset=\"https:\/\/dhg1h5j42swfq.cloudfront.net\/2022\/07\/25122353\/image-293.png 673w, https:\/\/dhg1h5j42swfq.cloudfront.net\/2022\/07\/25122353\/image-293-237x300.png 237w, https:\/\/dhg1h5j42swfq.cloudfront.net\/2022\/07\/25122353\/image-293-610x773.png 610w, https:\/\/dhg1h5j42swfq.cloudfront.net\/2022\/07\/25122353\/image-293-150x190.png 150w\" sizes=\"auto, (max-width: 735px) 100vw, 735px\" \/><figcaption>An\u00e1lise curricular do edital Resid\u00eancia M\u00e9dica Ribeir\u00e3o Preto<\/figcaption><\/figure>\n\n\n\n<h2 class=\"wp-block-heading\" id=\"residencia\">Sobre a Resid\u00eancia <\/h2>\n\n\n\n<p>A Resid\u00eancia em \u00c1rea Profissional da Sa\u00fade, nas modalidades uniprofissional e multiprofissional, constitui categoria de ensino de p\u00f3s-gradua\u00e7\u00e3o lato sensu destinada \u00e0s profiss\u00f5es da sa\u00fade.<\/p>\n\n\n\n<p>Sob a forma de curso de especializa\u00e7\u00e3o caracterizado por ensino em servi\u00e7o, o processo seletivo ter\u00e1 carga hor\u00e1ria de 60 horas semanais, incluindo plant\u00e3o, e dura\u00e7\u00e3o de 2 ou 3 anos.<\/p>\n\n\n\n<h2 class=\"has-text-align-center wp-block-heading\" id=\"h-quer-saber-tudo-sobre-concursos-previstos-confira-nossos-artigos\">Quer saber tudo sobre concursos previstos?<br \/>Confira nossos artigos!<\/h2>\n\n\n\n<ul class=\"wp-block-list\"><li><a href=\"https:\/\/www.estrategiaconcursos.com.br\/blog\/concursos-abertos\/\" target=\"_blank\" rel=\"noreferrer noopener\">Concursos abertos<\/a><\/li><li><a href=\"https:\/\/www.estrategiaconcursos.com.br\/blog\/concursos-2022\/\" target=\"_blank\" rel=\"noreferrer noopener\">Concursos 2022<\/a><\/li><li><a href=\"https:\/\/www.estrategiaconcursos.com.br\/blog\/concursos-2023\/\" target=\"_blank\" rel=\"noreferrer noopener\">Concursos 2023<\/a><\/li><\/ul>\n\n\n\n<h2 class=\"has-text-align-center wp-block-heading\" id=\"cursos\">Quer estudar para a Resid\u00eancia Ribeir\u00e3o Preto?<\/h2>\n\n\n\n<div class=\"container\" id=\"boxes\">\n  <div class=\"row\">\n\n    <div class=\"col-sm\">\n      <div class=\"banner-medicina\" id=\"box-assinatura\">\n        <h3 class=\"titulo-assinatura\">Resid\u00eancia Ribeir\u00e3o Preto<\/h3>\n        <p class=\"subtitulo-assinatura\">Conhe\u00e7a nossos cursos<\/p>\n        <div class=\"box-botao\">\n          <a class=\"btn-assinatura\" target=\"_blank\" href=\"https:\/\/www.estrategiaconcursos.com.br\/cursosPorConcurso\/preparatorios-para-residencias\/\" role=\"button\" rel=\"noopener noreferrer\">Conhe\u00e7a mais<\/a>\n        <\/div>\n      <\/div>\n      <p class=\"texto-auxiliar\"><\/p>\n    <\/div>\n\n  <\/div>\n<\/div>\n\n\n\n<div class=\"container\" id=\"boxes\">\n  <div class=\"row\">\n\n    <div class=\"col-sm\">\n      <div class=\"estrategia\" id=\"box-assinatura\">\n        <h3 class=\"titulo-assinatura\">Assinatura Concursos<\/h3>\n        <p class=\"subtitulo-assinatura\">Assinatura de 1 ano ou 2 anos<\/p>\n        <div class=\"box-botao\">\n          <a class=\"btn-assinatura\" target=\"_blank\" href=\"https:\/\/www.estrategiaconcursos.com.br\/assinaturas\/\" role=\"button\" rel=\"noopener noreferrer\">ASSINE AGORA<\/a>\n        <\/div>\n      <\/div><\/div><\/div><\/div>\n\n\n\n<figure class=\"wp-block-image size-large is-resized is-style-default\"><img loading=\"lazy\" decoding=\"async\" src=\"https:\/\/dhg1h5j42swfq.cloudfront.net\/2021\/05\/19100903\/ficha-tecnica-34-1024x632.png\" alt=\"Ficha t\u00e9cnica\" class=\"wp-image-744973\" width=\"271\" height=\"167\" srcset=\"https:\/\/dhg1h5j42swfq.cloudfront.net\/2021\/05\/19100903\/ficha-tecnica-34-1024x632.png 1024w, https:\/\/dhg1h5j42swfq.cloudfront.net\/2021\/05\/19100903\/ficha-tecnica-34-300x185.png 300w, https:\/\/dhg1h5j42swfq.cloudfront.net\/2021\/05\/19100903\/ficha-tecnica-34-768x474.png 768w, https:\/\/dhg1h5j42swfq.cloudfront.net\/2021\/05\/19100903\/ficha-tecnica-34-1536x948.png 1536w, https:\/\/dhg1h5j42swfq.cloudfront.net\/2021\/05\/19100903\/ficha-tecnica-34-610x377.png 610w, https:\/\/dhg1h5j42swfq.cloudfront.net\/2021\/05\/19100903\/ficha-tecnica-34.png 1571w\" sizes=\"auto, (max-width: 271px) 100vw, 271px\" \/><\/figure>\n\n\n\n<h3 class=\"wp-block-heading\" id=\"ficha\">Informa\u00e7\u00f5es Resid\u00eancia Ribeir\u00e3o Preto<\/h3>\n\n\n\n<ul class=\"wp-block-list\"><li><strong>Vagas<\/strong>: 67<\/li><li><strong>Especialidades<\/strong>: diversas<\/li><li><strong>Escolaridade<\/strong>: n\u00edvel superior<\/li><li><strong>Edital:<\/strong> <strong><a href=\"https:\/\/dhg1h5j42swfq.cloudfront.net\/2022\/07\/25114707\/rp.pdf\" target=\"_blank\" rel=\"noreferrer noopener nofollow\">Resid\u00eancia Ribeir\u00e3o Preto &#8211; 2023<\/a><\/strong><\/li><\/ul>\n","protected":false},"excerpt":{"rendered":"<p>Est\u00e3o encerradas as inscri\u00e7\u00f5es para Resid\u00eancia M\u00e9dica de Ribeir\u00e3o Preto, no interior do estado de S\u00e3o Paulo. S\u00e3o ofertadas 67 vagas de n\u00edvel superior distribu\u00eddas entre 15 especialidades. Os interessados na sele\u00e7\u00e3o puderam se candidatar at\u00e9 o dia 22 de setembro de 2022, no portal da VUNESP, ao custo de R$ 600,00. A aplica\u00e7\u00e3o da [&hellip;]<\/p>\n","protected":false},"author":1,"featured_media":1007295,"comment_status":"open","ping_status":"closed","sticky":false,"template":"","format":"standard","meta":{"post_tipo":"news_page","footnotes":""},"categories":[1981],"tags":[],"tax_estado":[219989],"class_list":["post-1066158","post","type-post","status-publish","format-standard","has-post-thumbnail","hentry","category-saude","tax_estado-sp"],"acf":[],"yoast_head":"<!-- This site is optimized with the Yoast SEO Premium plugin v27.2 (Yoast SEO v27.2) - https:\/\/yoast.com\/product\/yoast-seo-premium-wordpress\/ -->\n<title>Resid\u00eancia M\u00e9dica Ribeir\u00e3o Preto: inscri\u00e7\u00f5es encerradas<\/title>\n<meta name=\"description\" content=\"Foi publicado o edital do concurso Resid\u00eancia M\u00e9dica Ribeir\u00e3o Preto, com oferta de 67 vagas. Inscri\u00e7\u00f5es encerradas!\" \/>\n<meta name=\"robots\" content=\"index, follow, max-snippet:-1, max-image-preview:large, max-video-preview:-1\" \/>\n<link rel=\"canonical\" href=\"https:\/\/www.estrategiaconcursos.com.br\/blog\/residencia-medica-ribeirao-preto\/\" \/>\n<meta property=\"og:locale\" content=\"pt_BR\" \/>\n<meta property=\"og:type\" content=\"article\" \/>\n<meta property=\"og:title\" content=\"Resid\u00eancia M\u00e9dica Ribeir\u00e3o Preto: inscri\u00e7\u00f5es encerradas\" \/>\n<meta property=\"og:description\" content=\"Foi publicado o edital do concurso Resid\u00eancia M\u00e9dica Ribeir\u00e3o Preto, com oferta de 67 vagas. Inscri\u00e7\u00f5es encerradas!\" \/>\n<meta property=\"og:url\" content=\"https:\/\/www.estrategiaconcursos.com.br\/blog\/residencia-medica-ribeirao-preto\/\" \/>\n<meta property=\"og:site_name\" content=\"Estrat\u00e9gia Concursos\" \/>\n<meta property=\"article:author\" content=\"https:\/\/www.facebook.com\/EstrategiaConcursos\" \/>\n<meta property=\"article:published_time\" content=\"2022-09-23T12:27:00+00:00\" \/>\n<meta property=\"article:modified_time\" content=\"2022-09-26T13:34:43+00:00\" \/>\n<meta property=\"og:image\" content=\"https:\/\/dhg1h5j42swfq.cloudfront.net\/2022\/04\/12140104\/residencias_em_saude.jpg\" \/>\n\t<meta property=\"og:image:width\" content=\"768\" \/>\n\t<meta property=\"og:image:height\" content=\"432\" \/>\n\t<meta property=\"og:image:type\" content=\"image\/jpeg\" \/>\n<meta name=\"author\" content=\"Coordena\u00e7\u00e3o\" \/>\n<meta name=\"twitter:card\" content=\"summary_large_image\" \/>\n<meta name=\"twitter:creator\" content=\"@EstratConcursos\" \/>\n<meta name=\"twitter:site\" content=\"@EstratConcursos\" \/>\n<meta name=\"twitter:label1\" content=\"Escrito por\" \/>\n\t<meta name=\"twitter:data1\" content=\"Coordena\u00e7\u00e3o\" \/>\n\t<meta name=\"twitter:label2\" content=\"Est. tempo de leitura\" \/>\n\t<meta name=\"twitter:data2\" content=\"4 minutos\" \/>\n<script type=\"application\/ld+json\" class=\"yoast-schema-graph\">{\"@context\":\"https:\/\/schema.org\",\"@graph\":[{\"@type\":\"NewsArticle\",\"@id\":\"https:\/\/www.estrategiaconcursos.com.br\/blog\/residencia-medica-ribeirao-preto\/#article\",\"isPartOf\":{\"@id\":\"https:\/\/www.estrategiaconcursos.com.br\/blog\/residencia-medica-ribeirao-preto\/\"},\"author\":{\"name\":\"Coordena\u00e7\u00e3o\",\"@id\":\"https:\/\/www.estrategiaconcursos.com.br\/blog\/#\/schema\/person\/b4a388c97673c5f483d72185668afa1f\"},\"headline\":\"Resid\u00eancia M\u00e9dica Ribeir\u00e3o Preto: inscri\u00e7\u00f5es encerradas\",\"datePublished\":\"2022-09-23T12:27:00+00:00\",\"dateModified\":\"2022-09-26T13:34:43+00:00\",\"mainEntityOfPage\":{\"@id\":\"https:\/\/www.estrategiaconcursos.com.br\/blog\/residencia-medica-ribeirao-preto\/\"},\"wordCount\":689,\"commentCount\":0,\"publisher\":{\"@id\":\"https:\/\/www.estrategiaconcursos.com.br\/blog\/#organization\"},\"image\":{\"@id\":\"https:\/\/www.estrategiaconcursos.com.br\/blog\/residencia-medica-ribeirao-preto\/#primaryimage\"},\"thumbnailUrl\":\"https:\/\/dhg1h5j42swfq.cloudfront.net\/2022\/04\/12140104\/residencias_em_saude.jpg\",\"articleSection\":[\"Sa\u00fade\"],\"inLanguage\":\"pt-BR\",\"potentialAction\":[{\"@type\":\"CommentAction\",\"name\":\"Comment\",\"target\":[\"https:\/\/www.estrategiaconcursos.com.br\/blog\/residencia-medica-ribeirao-preto\/#respond\"]}],\"copyrightYear\":\"2022\",\"copyrightHolder\":{\"@id\":\"https:\/\/www.estrategiaconcursos.com.br\/blog\/#organization\"}},{\"@type\":\"WebPage\",\"@id\":\"https:\/\/www.estrategiaconcursos.com.br\/blog\/residencia-medica-ribeirao-preto\/\",\"url\":\"https:\/\/www.estrategiaconcursos.com.br\/blog\/residencia-medica-ribeirao-preto\/\",\"name\":\"Resid\u00eancia M\u00e9dica Ribeir\u00e3o Preto: inscri\u00e7\u00f5es encerradas\",\"isPartOf\":{\"@id\":\"https:\/\/www.estrategiaconcursos.com.br\/blog\/#website\"},\"primaryImageOfPage\":{\"@id\":\"https:\/\/www.estrategiaconcursos.com.br\/blog\/residencia-medica-ribeirao-preto\/#primaryimage\"},\"image\":{\"@id\":\"https:\/\/www.estrategiaconcursos.com.br\/blog\/residencia-medica-ribeirao-preto\/#primaryimage\"},\"thumbnailUrl\":\"https:\/\/dhg1h5j42swfq.cloudfront.net\/2022\/04\/12140104\/residencias_em_saude.jpg\",\"datePublished\":\"2022-09-23T12:27:00+00:00\",\"dateModified\":\"2022-09-26T13:34:43+00:00\",\"description\":\"Foi publicado o edital do concurso Resid\u00eancia M\u00e9dica Ribeir\u00e3o Preto, com oferta de 67 vagas. Inscri\u00e7\u00f5es encerradas!\",\"breadcrumb\":{\"@id\":\"https:\/\/www.estrategiaconcursos.com.br\/blog\/residencia-medica-ribeirao-preto\/#breadcrumb\"},\"inLanguage\":\"pt-BR\",\"potentialAction\":[{\"@type\":\"ReadAction\",\"target\":[\"https:\/\/www.estrategiaconcursos.com.br\/blog\/residencia-medica-ribeirao-preto\/\"]}]},{\"@type\":\"ImageObject\",\"inLanguage\":\"pt-BR\",\"@id\":\"https:\/\/www.estrategiaconcursos.com.br\/blog\/residencia-medica-ribeirao-preto\/#primaryimage\",\"url\":\"https:\/\/dhg1h5j42swfq.cloudfront.net\/2022\/04\/12140104\/residencias_em_saude.jpg\",\"contentUrl\":\"https:\/\/dhg1h5j42swfq.cloudfront.net\/2022\/04\/12140104\/residencias_em_saude.jpg\",\"width\":768,\"height\":432,\"caption\":\"Resid\u00eancias em Sa\u00fade\"},{\"@type\":\"BreadcrumbList\",\"@id\":\"https:\/\/www.estrategiaconcursos.com.br\/blog\/residencia-medica-ribeirao-preto\/#breadcrumb\",\"itemListElement\":[{\"@type\":\"ListItem\",\"position\":1,\"name\":\"In\u00edcio\",\"item\":\"https:\/\/www.estrategiaconcursos.com.br\/blog\/\"},{\"@type\":\"ListItem\",\"position\":2,\"name\":\"Resid\u00eancia M\u00e9dica Ribeir\u00e3o Preto: inscri\u00e7\u00f5es encerradas\"}]},{\"@type\":\"WebSite\",\"@id\":\"https:\/\/www.estrategiaconcursos.com.br\/blog\/#website\",\"url\":\"https:\/\/www.estrategiaconcursos.com.br\/blog\/\",\"name\":\"Estrat\u00e9gia Concursos\",\"description\":\"O blog da Estrat\u00e9gia Concursos traz not\u00edcias sobre concursos e artigos de professores oferecendo cursos para concursos (pdf + videaulas) no site.\",\"publisher\":{\"@id\":\"https:\/\/www.estrategiaconcursos.com.br\/blog\/#organization\"},\"potentialAction\":[{\"@type\":\"SearchAction\",\"target\":{\"@type\":\"EntryPoint\",\"urlTemplate\":\"https:\/\/www.estrategiaconcursos.com.br\/blog\/?s={search_term_string}\"},\"query-input\":{\"@type\":\"PropertyValueSpecification\",\"valueRequired\":true,\"valueName\":\"search_term_string\"}}],\"inLanguage\":\"pt-BR\"},{\"@type\":\"Organization\",\"@id\":\"https:\/\/www.estrategiaconcursos.com.br\/blog\/#organization\",\"name\":\"Estrat\u00e9gia Concursos\",\"url\":\"https:\/\/www.estrategiaconcursos.com.br\/blog\/\",\"logo\":{\"@type\":\"ImageObject\",\"inLanguage\":\"pt-BR\",\"@id\":\"https:\/\/www.estrategiaconcursos.com.br\/blog\/#\/schema\/logo\/image\/\",\"url\":\"https:\/\/dhg1h5j42swfq.cloudfront.net\/2025\/06\/03203428\/logo_concursos-1.jpg\",\"contentUrl\":\"https:\/\/dhg1h5j42swfq.cloudfront.net\/2025\/06\/03203428\/logo_concursos-1.jpg\",\"width\":230,\"height\":60,\"caption\":\"Estrat\u00e9gia Concursos\"},\"image\":{\"@id\":\"https:\/\/www.estrategiaconcursos.com.br\/blog\/#\/schema\/logo\/image\/\"},\"sameAs\":[\"https:\/\/x.com\/EstratConcursos\"]},{\"@type\":\"Person\",\"@id\":\"https:\/\/www.estrategiaconcursos.com.br\/blog\/#\/schema\/person\/b4a388c97673c5f483d72185668afa1f\",\"name\":\"Coordena\u00e7\u00e3o\",\"image\":{\"@type\":\"ImageObject\",\"inLanguage\":\"pt-BR\",\"@id\":\"https:\/\/secure.gravatar.com\/avatar\/b720319e4c9a967eb58678d110f4fe35452fc5d5f97b202bac7b8acceb18c6ad?s=96&d=mm&r=g\",\"url\":\"https:\/\/secure.gravatar.com\/avatar\/b720319e4c9a967eb58678d110f4fe35452fc5d5f97b202bac7b8acceb18c6ad?s=96&d=mm&r=g\",\"contentUrl\":\"https:\/\/secure.gravatar.com\/avatar\/b720319e4c9a967eb58678d110f4fe35452fc5d5f97b202bac7b8acceb18c6ad?s=96&d=mm&r=g\",\"caption\":\"Coordena\u00e7\u00e3o\"},\"sameAs\":[\"https:\/\/www.facebook.com\/EstrategiaConcursos\",\"https:\/\/x.com\/EstratConcursos\"],\"url\":\"https:\/\/www.estrategiaconcursos.com.br\/blog\/author\/estrategia2013\/\"}]}<\/script>\n<!-- \/ Yoast SEO Premium plugin. -->","yoast_head_json":{"title":"Resid\u00eancia M\u00e9dica Ribeir\u00e3o Preto: inscri\u00e7\u00f5es encerradas","description":"Foi publicado o edital do concurso Resid\u00eancia M\u00e9dica Ribeir\u00e3o Preto, com oferta de 67 vagas. Inscri\u00e7\u00f5es encerradas!","robots":{"index":"index","follow":"follow","max-snippet":"max-snippet:-1","max-image-preview":"max-image-preview:large","max-video-preview":"max-video-preview:-1"},"canonical":"https:\/\/www.estrategiaconcursos.com.br\/blog\/residencia-medica-ribeirao-preto\/","og_locale":"pt_BR","og_type":"article","og_title":"Resid\u00eancia M\u00e9dica Ribeir\u00e3o Preto: inscri\u00e7\u00f5es encerradas","og_description":"Foi publicado o edital do concurso Resid\u00eancia M\u00e9dica Ribeir\u00e3o Preto, com oferta de 67 vagas. Inscri\u00e7\u00f5es encerradas!","og_url":"https:\/\/www.estrategiaconcursos.com.br\/blog\/residencia-medica-ribeirao-preto\/","og_site_name":"Estrat\u00e9gia Concursos","article_author":"https:\/\/www.facebook.com\/EstrategiaConcursos","article_published_time":"2022-09-23T12:27:00+00:00","article_modified_time":"2022-09-26T13:34:43+00:00","og_image":[{"width":768,"height":432,"url":"https:\/\/dhg1h5j42swfq.cloudfront.net\/2022\/04\/12140104\/residencias_em_saude.jpg","type":"image\/jpeg"}],"author":"Coordena\u00e7\u00e3o","twitter_card":"summary_large_image","twitter_creator":"@EstratConcursos","twitter_site":"@EstratConcursos","twitter_misc":{"Escrito por":"Coordena\u00e7\u00e3o","Est. tempo de leitura":"4 minutos"},"schema":{"@context":"https:\/\/schema.org","@graph":[{"@type":"NewsArticle","@id":"https:\/\/www.estrategiaconcursos.com.br\/blog\/residencia-medica-ribeirao-preto\/#article","isPartOf":{"@id":"https:\/\/www.estrategiaconcursos.com.br\/blog\/residencia-medica-ribeirao-preto\/"},"author":{"name":"Coordena\u00e7\u00e3o","@id":"https:\/\/www.estrategiaconcursos.com.br\/blog\/#\/schema\/person\/b4a388c97673c5f483d72185668afa1f"},"headline":"Resid\u00eancia M\u00e9dica Ribeir\u00e3o Preto: inscri\u00e7\u00f5es encerradas","datePublished":"2022-09-23T12:27:00+00:00","dateModified":"2022-09-26T13:34:43+00:00","mainEntityOfPage":{"@id":"https:\/\/www.estrategiaconcursos.com.br\/blog\/residencia-medica-ribeirao-preto\/"},"wordCount":689,"commentCount":0,"publisher":{"@id":"https:\/\/www.estrategiaconcursos.com.br\/blog\/#organization"},"image":{"@id":"https:\/\/www.estrategiaconcursos.com.br\/blog\/residencia-medica-ribeirao-preto\/#primaryimage"},"thumbnailUrl":"https:\/\/dhg1h5j42swfq.cloudfront.net\/2022\/04\/12140104\/residencias_em_saude.jpg","articleSection":["Sa\u00fade"],"inLanguage":"pt-BR","potentialAction":[{"@type":"CommentAction","name":"Comment","target":["https:\/\/www.estrategiaconcursos.com.br\/blog\/residencia-medica-ribeirao-preto\/#respond"]}],"copyrightYear":"2022","copyrightHolder":{"@id":"https:\/\/www.estrategiaconcursos.com.br\/blog\/#organization"}},{"@type":"WebPage","@id":"https:\/\/www.estrategiaconcursos.com.br\/blog\/residencia-medica-ribeirao-preto\/","url":"https:\/\/www.estrategiaconcursos.com.br\/blog\/residencia-medica-ribeirao-preto\/","name":"Resid\u00eancia M\u00e9dica Ribeir\u00e3o Preto: inscri\u00e7\u00f5es encerradas","isPartOf":{"@id":"https:\/\/www.estrategiaconcursos.com.br\/blog\/#website"},"primaryImageOfPage":{"@id":"https:\/\/www.estrategiaconcursos.com.br\/blog\/residencia-medica-ribeirao-preto\/#primaryimage"},"image":{"@id":"https:\/\/www.estrategiaconcursos.com.br\/blog\/residencia-medica-ribeirao-preto\/#primaryimage"},"thumbnailUrl":"https:\/\/dhg1h5j42swfq.cloudfront.net\/2022\/04\/12140104\/residencias_em_saude.jpg","datePublished":"2022-09-23T12:27:00+00:00","dateModified":"2022-09-26T13:34:43+00:00","description":"Foi publicado o edital do concurso Resid\u00eancia M\u00e9dica Ribeir\u00e3o Preto, com oferta de 67 vagas. Inscri\u00e7\u00f5es encerradas!","breadcrumb":{"@id":"https:\/\/www.estrategiaconcursos.com.br\/blog\/residencia-medica-ribeirao-preto\/#breadcrumb"},"inLanguage":"pt-BR","potentialAction":[{"@type":"ReadAction","target":["https:\/\/www.estrategiaconcursos.com.br\/blog\/residencia-medica-ribeirao-preto\/"]}]},{"@type":"ImageObject","inLanguage":"pt-BR","@id":"https:\/\/www.estrategiaconcursos.com.br\/blog\/residencia-medica-ribeirao-preto\/#primaryimage","url":"https:\/\/dhg1h5j42swfq.cloudfront.net\/2022\/04\/12140104\/residencias_em_saude.jpg","contentUrl":"https:\/\/dhg1h5j42swfq.cloudfront.net\/2022\/04\/12140104\/residencias_em_saude.jpg","width":768,"height":432,"caption":"Resid\u00eancias em Sa\u00fade"},{"@type":"BreadcrumbList","@id":"https:\/\/www.estrategiaconcursos.com.br\/blog\/residencia-medica-ribeirao-preto\/#breadcrumb","itemListElement":[{"@type":"ListItem","position":1,"name":"In\u00edcio","item":"https:\/\/www.estrategiaconcursos.com.br\/blog\/"},{"@type":"ListItem","position":2,"name":"Resid\u00eancia M\u00e9dica Ribeir\u00e3o Preto: inscri\u00e7\u00f5es encerradas"}]},{"@type":"WebSite","@id":"https:\/\/www.estrategiaconcursos.com.br\/blog\/#website","url":"https:\/\/www.estrategiaconcursos.com.br\/blog\/","name":"Estrat\u00e9gia Concursos","description":"O blog da Estrat\u00e9gia Concursos traz not\u00edcias sobre concursos e artigos de professores oferecendo cursos para concursos (pdf + videaulas) no site.","publisher":{"@id":"https:\/\/www.estrategiaconcursos.com.br\/blog\/#organization"},"potentialAction":[{"@type":"SearchAction","target":{"@type":"EntryPoint","urlTemplate":"https:\/\/www.estrategiaconcursos.com.br\/blog\/?s={search_term_string}"},"query-input":{"@type":"PropertyValueSpecification","valueRequired":true,"valueName":"search_term_string"}}],"inLanguage":"pt-BR"},{"@type":"Organization","@id":"https:\/\/www.estrategiaconcursos.com.br\/blog\/#organization","name":"Estrat\u00e9gia Concursos","url":"https:\/\/www.estrategiaconcursos.com.br\/blog\/","logo":{"@type":"ImageObject","inLanguage":"pt-BR","@id":"https:\/\/www.estrategiaconcursos.com.br\/blog\/#\/schema\/logo\/image\/","url":"https:\/\/dhg1h5j42swfq.cloudfront.net\/2025\/06\/03203428\/logo_concursos-1.jpg","contentUrl":"https:\/\/dhg1h5j42swfq.cloudfront.net\/2025\/06\/03203428\/logo_concursos-1.jpg","width":230,"height":60,"caption":"Estrat\u00e9gia Concursos"},"image":{"@id":"https:\/\/www.estrategiaconcursos.com.br\/blog\/#\/schema\/logo\/image\/"},"sameAs":["https:\/\/x.com\/EstratConcursos"]},{"@type":"Person","@id":"https:\/\/www.estrategiaconcursos.com.br\/blog\/#\/schema\/person\/b4a388c97673c5f483d72185668afa1f","name":"Coordena\u00e7\u00e3o","image":{"@type":"ImageObject","inLanguage":"pt-BR","@id":"https:\/\/secure.gravatar.com\/avatar\/b720319e4c9a967eb58678d110f4fe35452fc5d5f97b202bac7b8acceb18c6ad?s=96&d=mm&r=g","url":"https:\/\/secure.gravatar.com\/avatar\/b720319e4c9a967eb58678d110f4fe35452fc5d5f97b202bac7b8acceb18c6ad?s=96&d=mm&r=g","contentUrl":"https:\/\/secure.gravatar.com\/avatar\/b720319e4c9a967eb58678d110f4fe35452fc5d5f97b202bac7b8acceb18c6ad?s=96&d=mm&r=g","caption":"Coordena\u00e7\u00e3o"},"sameAs":["https:\/\/www.facebook.com\/EstrategiaConcursos","https:\/\/x.com\/EstratConcursos"],"url":"https:\/\/www.estrategiaconcursos.com.br\/blog\/author\/estrategia2013\/"}]}},"_links":{"self":[{"href":"https:\/\/www.estrategiaconcursos.com.br\/blog\/wp-json\/wp\/v2\/posts\/1066158","targetHints":{"allow":["GET"]}}],"collection":[{"href":"https:\/\/www.estrategiaconcursos.com.br\/blog\/wp-json\/wp\/v2\/posts"}],"about":[{"href":"https:\/\/www.estrategiaconcursos.com.br\/blog\/wp-json\/wp\/v2\/types\/post"}],"author":[{"embeddable":true,"href":"https:\/\/www.estrategiaconcursos.com.br\/blog\/wp-json\/wp\/v2\/users\/1"}],"replies":[{"embeddable":true,"href":"https:\/\/www.estrategiaconcursos.com.br\/blog\/wp-json\/wp\/v2\/comments?post=1066158"}],"version-history":[{"count":13,"href":"https:\/\/www.estrategiaconcursos.com.br\/blog\/wp-json\/wp\/v2\/posts\/1066158\/revisions"}],"predecessor-version":[{"id":1100413,"href":"https:\/\/www.estrategiaconcursos.com.br\/blog\/wp-json\/wp\/v2\/posts\/1066158\/revisions\/1100413"}],"wp:featuredmedia":[{"embeddable":true,"href":"https:\/\/www.estrategiaconcursos.com.br\/blog\/wp-json\/wp\/v2\/media\/1007295"}],"wp:attachment":[{"href":"https:\/\/www.estrategiaconcursos.com.br\/blog\/wp-json\/wp\/v2\/media?parent=1066158"}],"wp:term":[{"taxonomy":"category","embeddable":true,"href":"https:\/\/www.estrategiaconcursos.com.br\/blog\/wp-json\/wp\/v2\/categories?post=1066158"},{"taxonomy":"post_tag","embeddable":true,"href":"https:\/\/www.estrategiaconcursos.com.br\/blog\/wp-json\/wp\/v2\/tags?post=1066158"},{"taxonomy":"tax_estado","embeddable":true,"href":"https:\/\/www.estrategiaconcursos.com.br\/blog\/wp-json\/wp\/v2\/tax_estado?post=1066158"}],"curies":[{"name":"wp","href":"https:\/\/api.w.org\/{rel}","templated":true}]}}