{"id":1066054,"date":"2022-07-25T11:05:36","date_gmt":"2022-07-25T14:05:36","guid":{"rendered":"https:\/\/www.estrategiaconcursos.com.br\/blog\/?p=1066054"},"modified":"2022-08-19T13:31:47","modified_gmt":"2022-08-19T16:31:47","slug":"concurso-iases-nova-alteracao-comissao","status":"publish","type":"post","link":"https:\/\/www.estrategiaconcursos.com.br\/blog\/concurso-iases-nova-alteracao-comissao\/","title":{"rendered":"Concurso IASES: nova altera\u00e7\u00e3o na comiss\u00e3o. Confira!"},"content":{"rendered":"\n<p>Foi divulgada nesta segunda-feira, 25 de julho, uma recomposi\u00e7\u00e3o da Comiss\u00e3o respons\u00e1vel pelo concurso IASES (Instituto de Atendimento Socioeducativo do Esp\u00edrito Santo).<\/p>\n\n\n\n<p>Essa \u00e9 a terceira altera\u00e7\u00e3o de membros. Confira abaixo os novos servidores institu\u00eddos, conforme publica\u00e7\u00e3o no <a href=\"https:\/\/ioes.dio.es.gov.br\/portal\/visualizacoes\/diario_oficial\" target=\"_blank\" rel=\"noreferrer noopener\">Di\u00e1rio Oficial<\/a>:<\/p>\n\n\n\n<ol class=\"wp-block-list\"><li>Alisson Guilherme Erdmann<\/li><li>Hudson Ant\u00f4nio Perini Lima<\/li><li>Carlos Eduardo Moreira Magdinier<\/li><li>Deleon Damaceno<\/li><li>Gizelda Garcia Andrade Ferreira<\/li><\/ol>\n\n\n\n<figure class=\"wp-block-image aligncenter size-full\"><img loading=\"lazy\" decoding=\"async\" width=\"397\" height=\"754\" src=\"https:\/\/dhg1h5j42swfq.cloudfront.net\/2022\/07\/25101708\/image-287.png\" alt=\"Comiss\u00e3o do concurso IASES \u00e9 retificada\" class=\"wp-image-1066057\" srcset=\"https:\/\/dhg1h5j42swfq.cloudfront.net\/2022\/07\/25101708\/image-287.png 397w, https:\/\/dhg1h5j42swfq.cloudfront.net\/2022\/07\/25101708\/image-287-158x300.png 158w, https:\/\/dhg1h5j42swfq.cloudfront.net\/2022\/07\/25101708\/image-287-150x285.png 150w\" sizes=\"auto, (max-width: 397px) 100vw, 397px\" \/><figcaption>Comiss\u00e3o do concurso IASES \u00e9 retificada<\/figcaption><\/figure>\n\n\n\n<h2 class=\"wp-block-heading\" id=\"sobre-o-proximo-concurso-iases\">Sobre o pr\u00f3ximo concurso IASES<\/h2>\n\n\n\n<p>Segundo informa\u00e7\u00f5es do deputado estadual Bruno Lamas,&nbsp;<a href=\"https:\/\/www.brunolamas.com.br\/noticias,17672,bruno_divulga_relao_dos_prximos_concursos_nas.html\" target=\"_blank\" rel=\"noreferrer noopener\">divulgadas em outubro de 2021<\/a>, ser\u00e3o ofertadas <strong>400 vagas para o cargo de Agente Socioeducativo<\/strong>.<\/p>\n\n\n\n<p>Recentemente, ap\u00f3s boatos de que a banca organizadora havia sido contratada, a assessoria do Instituto de Atendimento Socioeducativo do Esp\u00edrito Santo negou a informa\u00e7\u00e3o.<\/p>\n\n\n\n<p>Na ocasi\u00e3o, de acordo com o Instituto de Atendimento Socioeducativo do Esp\u00edrito Santo, a comiss\u00e3o ainda trabalhava em alguns procedimentos internos antes de definir a empresa.<\/p>\n\n\n\n<p>Quer saber mais sobre a comiss\u00e3o e demais detalhes do concurso IASES? Ent\u00e3o, confira nosso artigo na \u00edntegra:<\/p>\n\n\n\n<h2 class=\"has-text-align-center has-cyan-bluish-gray-background-color has-background has-medium-font-size wp-block-heading\" id=\"concurso-do-iases-es\"><strong><a href=\"https:\/\/www.estrategiaconcursos.com.br\/blog\/concurso-iases-es\/\" target=\"_blank\" rel=\"noreferrer noopener\">Concurso do IASES ES<\/a><\/strong><\/h2>\n\n\n\n<hr class=\"wp-block-separator has-css-opacity\"\/>\n\n\n\n<h2 class=\"has-text-align-center wp-block-heading\" id=\"h-quer-saber-tudo-sobre-concursos-previstos-confira-nossos-artigos\">Quer saber tudo sobre concursos previstos?<br \/>Confira nossos artigos!<\/h2>\n\n\n\n<ul class=\"wp-block-list\"><li><a href=\"https:\/\/www.estrategiaconcursos.com.br\/blog\/concursos-abertos\/\" target=\"_blank\" rel=\"noreferrer noopener\">Concursos abertos<\/a><\/li><li><a href=\"https:\/\/www.estrategiaconcursos.com.br\/blog\/concursos-2022\/\" target=\"_blank\" rel=\"noreferrer noopener\">Concursos 2022<\/a><\/li><li><a href=\"https:\/\/www.estrategiaconcursos.com.br\/blog\/concursos-2023\/\" target=\"_blank\" rel=\"noreferrer noopener\">Concursos 2023<\/a><\/li><\/ul>\n\n\n\n<h2 class=\"has-text-align-center wp-block-heading\" id=\"assinatura\">Quer estudar para o concurso IASES ES?<\/h2>\n\n\n\n<div class=\"container\" id=\"boxes\">\n  <div class=\"row\">\n\n    <div class=\"col-sm\">\n      <div class=\"banner-policial\" id=\"box-assinatura\">\n        <h3 class=\"titulo-assinatura\">Concurso IASES ES<\/h3>\n        <p class=\"subtitulo-assinatura\">Conhe\u00e7a os cursos<\/p>\n        <div class=\"box-botao\">\n          <a class=\"btn-assinatura\" target=\"_blank\" href=\"https:\/\/www.estrategiaconcursos.com.br\/cursos\/concurso\/\" role=\"button\" rel=\"noopener noreferrer\">Conhe\u00e7a mais<\/a>\n        <\/div>\n      <\/div>\n      <p class=\"texto-auxiliar\"><\/p><\/div>\n\n  <\/div>\n<\/div>\n\n\n\n<div class=\"container\" id=\"boxes\">\n  <div class=\"row\">\n\n    <div class=\"col-sm\">\n      <div class=\"estrategia\" id=\"box-assinatura\">\n        <h3 class=\"titulo-assinatura\">Assinatura de Concursos<\/h3>\n        <p class=\"subtitulo-assinatura\">Assinatura de 1 ano ou 2 anos<\/p>\n        <div class=\"box-botao\">\n          <a class=\"btn-assinatura\" target=\"_blank\" href=\"https:\/\/www.estrategiaconcursos.com.br\/assinaturas\/\" role=\"button\" rel=\"noopener noreferrer\">ASSINE AGORA<\/a>\n        <\/div>\n      <\/div><\/div><\/div><\/div>\n","protected":false},"excerpt":{"rendered":"<p>Foi divulgada nesta segunda-feira, 25 de julho, uma recomposi\u00e7\u00e3o da Comiss\u00e3o respons\u00e1vel pelo concurso IASES (Instituto de Atendimento Socioeducativo do Esp\u00edrito Santo). Essa \u00e9 a terceira altera\u00e7\u00e3o de membros. Confira abaixo os novos servidores institu\u00eddos, conforme publica\u00e7\u00e3o no Di\u00e1rio Oficial: Alisson Guilherme Erdmann Hudson Ant\u00f4nio Perini Lima Carlos Eduardo Moreira Magdinier Deleon Damaceno Gizelda Garcia [&hellip;]<\/p>\n","protected":false},"author":1206,"featured_media":838305,"comment_status":"open","ping_status":"closed","sticky":false,"template":"","format":"standard","meta":{"post_tipo":"news","footnotes":""},"categories":[220188,220219],"tags":[],"tax_estado":[219971],"class_list":["post-1066054","post","type-post","status-publish","format-standard","has-post-thumbnail","hentry","category-policial-agente-penitenciario","category-noticias","tax_estado-es"],"acf":[],"yoast_head":"<!-- This site is optimized with the Yoast SEO Premium plugin v27.2 (Yoast SEO v27.2) - https:\/\/yoast.com\/product\/yoast-seo-premium-wordpress\/ -->\n<title>Concurso IASES: Anunciada nova recomposi\u00e7\u00e3o da comiss\u00e3o<\/title>\n<meta name=\"description\" content=\"Concurso do IASES: Foi divulgada uma nova recomposi\u00e7\u00e3o da Comiss\u00e3o respons\u00e1vel. Acesse nosso artigo e confira os detalhes!\" \/>\n<meta name=\"robots\" content=\"index, follow, max-snippet:-1, max-image-preview:large, max-video-preview:-1\" \/>\n<link rel=\"canonical\" href=\"https:\/\/www.estrategiaconcursos.com.br\/blog\/concurso-iases-nova-alteracao-comissao\/\" \/>\n<meta property=\"og:locale\" content=\"pt_BR\" \/>\n<meta property=\"og:type\" content=\"article\" \/>\n<meta property=\"og:title\" content=\"Concurso IASES: nova altera\u00e7\u00e3o na comiss\u00e3o. Confira!\" \/>\n<meta property=\"og:description\" content=\"Concurso do IASES: Foi divulgada uma nova recomposi\u00e7\u00e3o da Comiss\u00e3o respons\u00e1vel. Acesse nosso artigo e confira os detalhes!\" \/>\n<meta property=\"og:url\" content=\"https:\/\/www.estrategiaconcursos.com.br\/blog\/concurso-iases-nova-alteracao-comissao\/\" \/>\n<meta property=\"og:site_name\" content=\"Estrat\u00e9gia Concursos\" \/>\n<meta property=\"article:published_time\" content=\"2022-07-25T14:05:36+00:00\" \/>\n<meta property=\"article:modified_time\" content=\"2022-08-19T16:31:47+00:00\" \/>\n<meta property=\"og:image\" content=\"https:\/\/dhg1h5j42swfq.cloudfront.net\/2021\/07\/17110913\/iases-es.jpeg\" \/>\n\t<meta property=\"og:image:width\" content=\"768\" \/>\n\t<meta property=\"og:image:height\" content=\"432\" \/>\n\t<meta property=\"og:image:type\" content=\"image\/jpeg\" \/>\n<meta name=\"author\" content=\"Bruna de Andrade Fran\u00e7a\" \/>\n<meta name=\"twitter:card\" content=\"summary_large_image\" \/>\n<meta name=\"twitter:creator\" content=\"@EstratConcursos\" \/>\n<meta name=\"twitter:site\" content=\"@EstratConcursos\" \/>\n<meta name=\"twitter:label1\" content=\"Escrito por\" \/>\n\t<meta name=\"twitter:data1\" content=\"Bruna de Andrade Fran\u00e7a\" \/>\n\t<meta name=\"twitter:label2\" content=\"Est. tempo de leitura\" \/>\n\t<meta name=\"twitter:data2\" content=\"2 minutos\" \/>\n<script type=\"application\/ld+json\" class=\"yoast-schema-graph\">{\"@context\":\"https:\/\/schema.org\",\"@graph\":[{\"@type\":\"NewsArticle\",\"@id\":\"https:\/\/www.estrategiaconcursos.com.br\/blog\/concurso-iases-nova-alteracao-comissao\/#article\",\"isPartOf\":{\"@id\":\"https:\/\/www.estrategiaconcursos.com.br\/blog\/concurso-iases-nova-alteracao-comissao\/\"},\"author\":{\"name\":\"Bruna de Andrade Fran\u00e7a\",\"@id\":\"https:\/\/www.estrategiaconcursos.com.br\/blog\/#\/schema\/person\/6630f91134abc08115cca62ce6372855\"},\"headline\":\"Concurso IASES: nova altera\u00e7\u00e3o na comiss\u00e3o. Confira!\",\"datePublished\":\"2022-07-25T14:05:36+00:00\",\"dateModified\":\"2022-08-19T16:31:47+00:00\",\"mainEntityOfPage\":{\"@id\":\"https:\/\/www.estrategiaconcursos.com.br\/blog\/concurso-iases-nova-alteracao-comissao\/\"},\"wordCount\":228,\"commentCount\":0,\"publisher\":{\"@id\":\"https:\/\/www.estrategiaconcursos.com.br\/blog\/#organization\"},\"image\":{\"@id\":\"https:\/\/www.estrategiaconcursos.com.br\/blog\/concurso-iases-nova-alteracao-comissao\/#primaryimage\"},\"thumbnailUrl\":\"https:\/\/dhg1h5j42swfq.cloudfront.net\/2021\/07\/17110913\/iases-es.jpeg\",\"articleSection\":[\"Policial (Agente Penitenci\u00e1rio)\",\"\u00daltimas not\u00edcias\"],\"inLanguage\":\"pt-BR\",\"potentialAction\":[{\"@type\":\"CommentAction\",\"name\":\"Comment\",\"target\":[\"https:\/\/www.estrategiaconcursos.com.br\/blog\/concurso-iases-nova-alteracao-comissao\/#respond\"]}],\"copyrightYear\":\"2022\",\"copyrightHolder\":{\"@id\":\"https:\/\/www.estrategiaconcursos.com.br\/blog\/#organization\"}},{\"@type\":\"WebPage\",\"@id\":\"https:\/\/www.estrategiaconcursos.com.br\/blog\/concurso-iases-nova-alteracao-comissao\/\",\"url\":\"https:\/\/www.estrategiaconcursos.com.br\/blog\/concurso-iases-nova-alteracao-comissao\/\",\"name\":\"Concurso IASES: Anunciada nova recomposi\u00e7\u00e3o da comiss\u00e3o\",\"isPartOf\":{\"@id\":\"https:\/\/www.estrategiaconcursos.com.br\/blog\/#website\"},\"primaryImageOfPage\":{\"@id\":\"https:\/\/www.estrategiaconcursos.com.br\/blog\/concurso-iases-nova-alteracao-comissao\/#primaryimage\"},\"image\":{\"@id\":\"https:\/\/www.estrategiaconcursos.com.br\/blog\/concurso-iases-nova-alteracao-comissao\/#primaryimage\"},\"thumbnailUrl\":\"https:\/\/dhg1h5j42swfq.cloudfront.net\/2021\/07\/17110913\/iases-es.jpeg\",\"datePublished\":\"2022-07-25T14:05:36+00:00\",\"dateModified\":\"2022-08-19T16:31:47+00:00\",\"description\":\"Concurso do IASES: Foi divulgada uma nova recomposi\u00e7\u00e3o da Comiss\u00e3o respons\u00e1vel. Acesse nosso artigo e confira os detalhes!\",\"breadcrumb\":{\"@id\":\"https:\/\/www.estrategiaconcursos.com.br\/blog\/concurso-iases-nova-alteracao-comissao\/#breadcrumb\"},\"inLanguage\":\"pt-BR\",\"potentialAction\":[{\"@type\":\"ReadAction\",\"target\":[\"https:\/\/www.estrategiaconcursos.com.br\/blog\/concurso-iases-nova-alteracao-comissao\/\"]}]},{\"@type\":\"ImageObject\",\"inLanguage\":\"pt-BR\",\"@id\":\"https:\/\/www.estrategiaconcursos.com.br\/blog\/concurso-iases-nova-alteracao-comissao\/#primaryimage\",\"url\":\"https:\/\/dhg1h5j42swfq.cloudfront.net\/2021\/07\/17110913\/iases-es.jpeg\",\"contentUrl\":\"https:\/\/dhg1h5j42swfq.cloudfront.net\/2021\/07\/17110913\/iases-es.jpeg\",\"width\":768,\"height\":432,\"caption\":\"iases\"},{\"@type\":\"BreadcrumbList\",\"@id\":\"https:\/\/www.estrategiaconcursos.com.br\/blog\/concurso-iases-nova-alteracao-comissao\/#breadcrumb\",\"itemListElement\":[{\"@type\":\"ListItem\",\"position\":1,\"name\":\"In\u00edcio\",\"item\":\"https:\/\/www.estrategiaconcursos.com.br\/blog\/\"},{\"@type\":\"ListItem\",\"position\":2,\"name\":\"Concurso IASES: nova altera\u00e7\u00e3o na comiss\u00e3o. Confira!\"}]},{\"@type\":\"WebSite\",\"@id\":\"https:\/\/www.estrategiaconcursos.com.br\/blog\/#website\",\"url\":\"https:\/\/www.estrategiaconcursos.com.br\/blog\/\",\"name\":\"Estrat\u00e9gia Concursos\",\"description\":\"O blog da Estrat\u00e9gia Concursos traz not\u00edcias sobre concursos e artigos de professores oferecendo cursos para concursos (pdf + videaulas) no site.\",\"publisher\":{\"@id\":\"https:\/\/www.estrategiaconcursos.com.br\/blog\/#organization\"},\"potentialAction\":[{\"@type\":\"SearchAction\",\"target\":{\"@type\":\"EntryPoint\",\"urlTemplate\":\"https:\/\/www.estrategiaconcursos.com.br\/blog\/?s={search_term_string}\"},\"query-input\":{\"@type\":\"PropertyValueSpecification\",\"valueRequired\":true,\"valueName\":\"search_term_string\"}}],\"inLanguage\":\"pt-BR\"},{\"@type\":\"Organization\",\"@id\":\"https:\/\/www.estrategiaconcursos.com.br\/blog\/#organization\",\"name\":\"Estrat\u00e9gia Concursos\",\"url\":\"https:\/\/www.estrategiaconcursos.com.br\/blog\/\",\"logo\":{\"@type\":\"ImageObject\",\"inLanguage\":\"pt-BR\",\"@id\":\"https:\/\/www.estrategiaconcursos.com.br\/blog\/#\/schema\/logo\/image\/\",\"url\":\"https:\/\/dhg1h5j42swfq.cloudfront.net\/2025\/06\/03203428\/logo_concursos-1.jpg\",\"contentUrl\":\"https:\/\/dhg1h5j42swfq.cloudfront.net\/2025\/06\/03203428\/logo_concursos-1.jpg\",\"width\":230,\"height\":60,\"caption\":\"Estrat\u00e9gia Concursos\"},\"image\":{\"@id\":\"https:\/\/www.estrategiaconcursos.com.br\/blog\/#\/schema\/logo\/image\/\"},\"sameAs\":[\"https:\/\/x.com\/EstratConcursos\"]},{\"@type\":\"Person\",\"@id\":\"https:\/\/www.estrategiaconcursos.com.br\/blog\/#\/schema\/person\/6630f91134abc08115cca62ce6372855\",\"name\":\"Bruna de Andrade Fran\u00e7a\",\"image\":{\"@type\":\"ImageObject\",\"inLanguage\":\"pt-BR\",\"@id\":\"https:\/\/secure.gravatar.com\/avatar\/d6316d36d50cea0fadae28ed3015b8870cc90a2d3d8a95c37b44006af36a00e3?s=96&d=mm&r=g\",\"url\":\"https:\/\/secure.gravatar.com\/avatar\/d6316d36d50cea0fadae28ed3015b8870cc90a2d3d8a95c37b44006af36a00e3?s=96&d=mm&r=g\",\"contentUrl\":\"https:\/\/secure.gravatar.com\/avatar\/d6316d36d50cea0fadae28ed3015b8870cc90a2d3d8a95c37b44006af36a00e3?s=96&d=mm&r=g\",\"caption\":\"Bruna de Andrade Fran\u00e7a\"},\"description\":\"Bruna de Andrade Fran\u00e7a \u00e9 publicit\u00e1ria com p\u00f3s-gradua\u00e7\u00e3o em Marketing &amp; Growth, atuando h\u00e1 mais de 6 anos no universo dos concursos p\u00fablicos. Desde 2021, lidera no Blog do Estrat\u00e9gia Concursos a cobertura editorial especializada em Concursos Policiais (PF, PRF, PM, PC, etc.), al\u00e9m das frentes de concursos banc\u00e1rios, de sa\u00fade e da \u00e1rea legislativa. Especialista em reda\u00e7\u00e3o, com pr\u00e1ticas de SEO e Copywriting, possui tamb\u00e9m atua\u00e7\u00e3o pr\u00e1tica de contato direto com \u00f3rg\u00e3os p\u00fablicos respons\u00e1veis por editais, permitindo acesso antecipado a informa\u00e7\u00f5es, desdobramentos importantes e atualiza\u00e7\u00e3o eficiente dos concursos p\u00fablicos.\",\"url\":\"https:\/\/www.estrategiaconcursos.com.br\/blog\/author\/bruna-andrade\/\"}]}<\/script>\n<!-- \/ Yoast SEO Premium plugin. -->","yoast_head_json":{"title":"Concurso IASES: Anunciada nova recomposi\u00e7\u00e3o da comiss\u00e3o","description":"Concurso do IASES: Foi divulgada uma nova recomposi\u00e7\u00e3o da Comiss\u00e3o respons\u00e1vel. Acesse nosso artigo e confira os detalhes!","robots":{"index":"index","follow":"follow","max-snippet":"max-snippet:-1","max-image-preview":"max-image-preview:large","max-video-preview":"max-video-preview:-1"},"canonical":"https:\/\/www.estrategiaconcursos.com.br\/blog\/concurso-iases-nova-alteracao-comissao\/","og_locale":"pt_BR","og_type":"article","og_title":"Concurso IASES: nova altera\u00e7\u00e3o na comiss\u00e3o. Confira!","og_description":"Concurso do IASES: Foi divulgada uma nova recomposi\u00e7\u00e3o da Comiss\u00e3o respons\u00e1vel. Acesse nosso artigo e confira os detalhes!","og_url":"https:\/\/www.estrategiaconcursos.com.br\/blog\/concurso-iases-nova-alteracao-comissao\/","og_site_name":"Estrat\u00e9gia Concursos","article_published_time":"2022-07-25T14:05:36+00:00","article_modified_time":"2022-08-19T16:31:47+00:00","og_image":[{"width":768,"height":432,"url":"https:\/\/dhg1h5j42swfq.cloudfront.net\/2021\/07\/17110913\/iases-es.jpeg","type":"image\/jpeg"}],"author":"Bruna de Andrade Fran\u00e7a","twitter_card":"summary_large_image","twitter_creator":"@EstratConcursos","twitter_site":"@EstratConcursos","twitter_misc":{"Escrito por":"Bruna de Andrade Fran\u00e7a","Est. tempo de leitura":"2 minutos"},"schema":{"@context":"https:\/\/schema.org","@graph":[{"@type":"NewsArticle","@id":"https:\/\/www.estrategiaconcursos.com.br\/blog\/concurso-iases-nova-alteracao-comissao\/#article","isPartOf":{"@id":"https:\/\/www.estrategiaconcursos.com.br\/blog\/concurso-iases-nova-alteracao-comissao\/"},"author":{"name":"Bruna de Andrade Fran\u00e7a","@id":"https:\/\/www.estrategiaconcursos.com.br\/blog\/#\/schema\/person\/6630f91134abc08115cca62ce6372855"},"headline":"Concurso IASES: nova altera\u00e7\u00e3o na comiss\u00e3o. Confira!","datePublished":"2022-07-25T14:05:36+00:00","dateModified":"2022-08-19T16:31:47+00:00","mainEntityOfPage":{"@id":"https:\/\/www.estrategiaconcursos.com.br\/blog\/concurso-iases-nova-alteracao-comissao\/"},"wordCount":228,"commentCount":0,"publisher":{"@id":"https:\/\/www.estrategiaconcursos.com.br\/blog\/#organization"},"image":{"@id":"https:\/\/www.estrategiaconcursos.com.br\/blog\/concurso-iases-nova-alteracao-comissao\/#primaryimage"},"thumbnailUrl":"https:\/\/dhg1h5j42swfq.cloudfront.net\/2021\/07\/17110913\/iases-es.jpeg","articleSection":["Policial (Agente Penitenci\u00e1rio)","\u00daltimas not\u00edcias"],"inLanguage":"pt-BR","potentialAction":[{"@type":"CommentAction","name":"Comment","target":["https:\/\/www.estrategiaconcursos.com.br\/blog\/concurso-iases-nova-alteracao-comissao\/#respond"]}],"copyrightYear":"2022","copyrightHolder":{"@id":"https:\/\/www.estrategiaconcursos.com.br\/blog\/#organization"}},{"@type":"WebPage","@id":"https:\/\/www.estrategiaconcursos.com.br\/blog\/concurso-iases-nova-alteracao-comissao\/","url":"https:\/\/www.estrategiaconcursos.com.br\/blog\/concurso-iases-nova-alteracao-comissao\/","name":"Concurso IASES: Anunciada nova recomposi\u00e7\u00e3o da comiss\u00e3o","isPartOf":{"@id":"https:\/\/www.estrategiaconcursos.com.br\/blog\/#website"},"primaryImageOfPage":{"@id":"https:\/\/www.estrategiaconcursos.com.br\/blog\/concurso-iases-nova-alteracao-comissao\/#primaryimage"},"image":{"@id":"https:\/\/www.estrategiaconcursos.com.br\/blog\/concurso-iases-nova-alteracao-comissao\/#primaryimage"},"thumbnailUrl":"https:\/\/dhg1h5j42swfq.cloudfront.net\/2021\/07\/17110913\/iases-es.jpeg","datePublished":"2022-07-25T14:05:36+00:00","dateModified":"2022-08-19T16:31:47+00:00","description":"Concurso do IASES: Foi divulgada uma nova recomposi\u00e7\u00e3o da Comiss\u00e3o respons\u00e1vel. Acesse nosso artigo e confira os detalhes!","breadcrumb":{"@id":"https:\/\/www.estrategiaconcursos.com.br\/blog\/concurso-iases-nova-alteracao-comissao\/#breadcrumb"},"inLanguage":"pt-BR","potentialAction":[{"@type":"ReadAction","target":["https:\/\/www.estrategiaconcursos.com.br\/blog\/concurso-iases-nova-alteracao-comissao\/"]}]},{"@type":"ImageObject","inLanguage":"pt-BR","@id":"https:\/\/www.estrategiaconcursos.com.br\/blog\/concurso-iases-nova-alteracao-comissao\/#primaryimage","url":"https:\/\/dhg1h5j42swfq.cloudfront.net\/2021\/07\/17110913\/iases-es.jpeg","contentUrl":"https:\/\/dhg1h5j42swfq.cloudfront.net\/2021\/07\/17110913\/iases-es.jpeg","width":768,"height":432,"caption":"iases"},{"@type":"BreadcrumbList","@id":"https:\/\/www.estrategiaconcursos.com.br\/blog\/concurso-iases-nova-alteracao-comissao\/#breadcrumb","itemListElement":[{"@type":"ListItem","position":1,"name":"In\u00edcio","item":"https:\/\/www.estrategiaconcursos.com.br\/blog\/"},{"@type":"ListItem","position":2,"name":"Concurso IASES: nova altera\u00e7\u00e3o na comiss\u00e3o. Confira!"}]},{"@type":"WebSite","@id":"https:\/\/www.estrategiaconcursos.com.br\/blog\/#website","url":"https:\/\/www.estrategiaconcursos.com.br\/blog\/","name":"Estrat\u00e9gia Concursos","description":"O blog da Estrat\u00e9gia Concursos traz not\u00edcias sobre concursos e artigos de professores oferecendo cursos para concursos (pdf + videaulas) no site.","publisher":{"@id":"https:\/\/www.estrategiaconcursos.com.br\/blog\/#organization"},"potentialAction":[{"@type":"SearchAction","target":{"@type":"EntryPoint","urlTemplate":"https:\/\/www.estrategiaconcursos.com.br\/blog\/?s={search_term_string}"},"query-input":{"@type":"PropertyValueSpecification","valueRequired":true,"valueName":"search_term_string"}}],"inLanguage":"pt-BR"},{"@type":"Organization","@id":"https:\/\/www.estrategiaconcursos.com.br\/blog\/#organization","name":"Estrat\u00e9gia Concursos","url":"https:\/\/www.estrategiaconcursos.com.br\/blog\/","logo":{"@type":"ImageObject","inLanguage":"pt-BR","@id":"https:\/\/www.estrategiaconcursos.com.br\/blog\/#\/schema\/logo\/image\/","url":"https:\/\/dhg1h5j42swfq.cloudfront.net\/2025\/06\/03203428\/logo_concursos-1.jpg","contentUrl":"https:\/\/dhg1h5j42swfq.cloudfront.net\/2025\/06\/03203428\/logo_concursos-1.jpg","width":230,"height":60,"caption":"Estrat\u00e9gia Concursos"},"image":{"@id":"https:\/\/www.estrategiaconcursos.com.br\/blog\/#\/schema\/logo\/image\/"},"sameAs":["https:\/\/x.com\/EstratConcursos"]},{"@type":"Person","@id":"https:\/\/www.estrategiaconcursos.com.br\/blog\/#\/schema\/person\/6630f91134abc08115cca62ce6372855","name":"Bruna de Andrade Fran\u00e7a","image":{"@type":"ImageObject","inLanguage":"pt-BR","@id":"https:\/\/secure.gravatar.com\/avatar\/d6316d36d50cea0fadae28ed3015b8870cc90a2d3d8a95c37b44006af36a00e3?s=96&d=mm&r=g","url":"https:\/\/secure.gravatar.com\/avatar\/d6316d36d50cea0fadae28ed3015b8870cc90a2d3d8a95c37b44006af36a00e3?s=96&d=mm&r=g","contentUrl":"https:\/\/secure.gravatar.com\/avatar\/d6316d36d50cea0fadae28ed3015b8870cc90a2d3d8a95c37b44006af36a00e3?s=96&d=mm&r=g","caption":"Bruna de Andrade Fran\u00e7a"},"description":"Bruna de Andrade Fran\u00e7a \u00e9 publicit\u00e1ria com p\u00f3s-gradua\u00e7\u00e3o em Marketing &amp; Growth, atuando h\u00e1 mais de 6 anos no universo dos concursos p\u00fablicos. Desde 2021, lidera no Blog do Estrat\u00e9gia Concursos a cobertura editorial especializada em Concursos Policiais (PF, PRF, PM, PC, etc.), al\u00e9m das frentes de concursos banc\u00e1rios, de sa\u00fade e da \u00e1rea legislativa. Especialista em reda\u00e7\u00e3o, com pr\u00e1ticas de SEO e Copywriting, possui tamb\u00e9m atua\u00e7\u00e3o pr\u00e1tica de contato direto com \u00f3rg\u00e3os p\u00fablicos respons\u00e1veis por editais, permitindo acesso antecipado a informa\u00e7\u00f5es, desdobramentos importantes e atualiza\u00e7\u00e3o eficiente dos concursos p\u00fablicos.","url":"https:\/\/www.estrategiaconcursos.com.br\/blog\/author\/bruna-andrade\/"}]}},"_links":{"self":[{"href":"https:\/\/www.estrategiaconcursos.com.br\/blog\/wp-json\/wp\/v2\/posts\/1066054","targetHints":{"allow":["GET"]}}],"collection":[{"href":"https:\/\/www.estrategiaconcursos.com.br\/blog\/wp-json\/wp\/v2\/posts"}],"about":[{"href":"https:\/\/www.estrategiaconcursos.com.br\/blog\/wp-json\/wp\/v2\/types\/post"}],"author":[{"embeddable":true,"href":"https:\/\/www.estrategiaconcursos.com.br\/blog\/wp-json\/wp\/v2\/users\/1206"}],"replies":[{"embeddable":true,"href":"https:\/\/www.estrategiaconcursos.com.br\/blog\/wp-json\/wp\/v2\/comments?post=1066054"}],"version-history":[{"count":5,"href":"https:\/\/www.estrategiaconcursos.com.br\/blog\/wp-json\/wp\/v2\/posts\/1066054\/revisions"}],"predecessor-version":[{"id":1081016,"href":"https:\/\/www.estrategiaconcursos.com.br\/blog\/wp-json\/wp\/v2\/posts\/1066054\/revisions\/1081016"}],"wp:featuredmedia":[{"embeddable":true,"href":"https:\/\/www.estrategiaconcursos.com.br\/blog\/wp-json\/wp\/v2\/media\/838305"}],"wp:attachment":[{"href":"https:\/\/www.estrategiaconcursos.com.br\/blog\/wp-json\/wp\/v2\/media?parent=1066054"}],"wp:term":[{"taxonomy":"category","embeddable":true,"href":"https:\/\/www.estrategiaconcursos.com.br\/blog\/wp-json\/wp\/v2\/categories?post=1066054"},{"taxonomy":"post_tag","embeddable":true,"href":"https:\/\/www.estrategiaconcursos.com.br\/blog\/wp-json\/wp\/v2\/tags?post=1066054"},{"taxonomy":"tax_estado","embeddable":true,"href":"https:\/\/www.estrategiaconcursos.com.br\/blog\/wp-json\/wp\/v2\/tax_estado?post=1066054"}],"curies":[{"name":"wp","href":"https:\/\/api.w.org\/{rel}","templated":true}]}}