{"id":1066006,"date":"2022-07-25T09:29:56","date_gmt":"2022-07-25T12:29:56","guid":{"rendered":"https:\/\/www.estrategiaconcursos.com.br\/blog\/?p=1066006"},"modified":"2022-07-25T09:33:55","modified_gmt":"2022-07-25T12:33:55","slug":"concurso-ibge-edital-complementar-publicado","status":"publish","type":"post","link":"https:\/\/www.estrategiaconcursos.com.br\/blog\/concurso-ibge-edital-complementar-publicado\/","title":{"rendered":"Concurso IBGE: novo edital complementar oferta 398 vagas"},"content":{"rendered":"\n<h3 class=\"wp-block-heading\" id=\"inscricoes-ate-hoje-22\"><em>Inscri\u00e7\u00f5es at\u00e9 quarta-feira (27)<\/em><\/h3>\n\n\n\n<p>A uma semana do in\u00edcio do Censo Demogr\u00e1fico 2022, o <strong>IBGE <\/strong>(<em>Instituto Brasileiro de Geografia e Estat\u00edstica<\/em>) acaba de publicar um novo edital complementar com vagas para Agente Censit\u00e1rio.<\/p>\n\n\n\n<p>A sele\u00e7\u00e3o \u00e9 uma continuidade do Processo Seletivo Simplificado regido pelo edital <strong>n.\u00ba 09\/2021<\/strong> (<a href=\"https:\/\/www.estrategiaconcursos.com.br\/blog\/concurso-ibge-edital-complementar-publicado\/#pss\" target=\"_blank\" rel=\"noreferrer noopener\">organizado pela FGV<\/a>).<\/p>\n\n\n\n<p>As inscri\u00e7\u00f5es devem ser feitas <strong><span style=\"text-decoration: underline;\">presencialmente<\/span> at\u00e9 a pr\u00f3xima quarta-feira, 27 de julho<\/strong>, nos postos de inscri\u00e7\u00e3o relacionados no anexo I do edital, fornecendo as informa\u00e7\u00f5es necess\u00e1rias para sua identifica\u00e7\u00e3o (RG, CPF, CNH e endere\u00e7o completo) e relativas a sua <a href=\"#etapa\">titula\u00e7\u00e3o acad\u00eamica<\/a>.<\/p>\n\n\n\n<h2 class=\"wp-block-heading\" id=\"distribuicao-das-vagas\">Edital Complementar IBGE: distribui\u00e7\u00e3o das vagas<\/h2>\n\n\n\n<p>De acordo com o edital, s\u00e3o ofertadas 398 vagas para as fun\u00e7\u00f5es de <strong>Agente Censit\u00e1rio Municipal <\/strong>e<strong> Agente Censit\u00e1rio Supervisor<\/strong>. A distribui\u00e7\u00e3o das oportunidades ficou da seguinte maneira:<\/p>\n\n\n\n<ul class=\"wp-block-list\"><li>Agente Censit\u00e1rio Municipal (ACM): <strong>119 vagas <\/strong><\/li><li>Agente Censit\u00e1rio Supervisor (ACS): <strong>279 vaga <\/strong><\/li><\/ul>\n\n\n\n<h3 class=\"wp-block-heading\" id=\"requisitos-e-salarios\">Requisitos e sal\u00e1rios<\/h3>\n\n\n\n<p>O pr\u00e9-requisito para ambas as fun\u00e7\u00f5es \u00e9 ter o <strong>ensino m\u00e9dio completo<\/strong>. Os contratados receber\u00e3o os seguintes sal\u00e1rios:<\/p>\n\n\n\n<ul class=\"wp-block-list\"><li><strong>Remunera\u00e7\u00e3o mensal de ACM: <\/strong>R$ 2.100,00 (40h semanais);<\/li><li><strong>Remunera\u00e7\u00e3o mensal de ACS:<\/strong> R$ 1.700,00 (40h semanais).<\/li><\/ul>\n\n\n\n<p>O contratado far\u00e1 jus ao <strong>Aux\u00edlio Alimenta\u00e7\u00e3o<\/strong>, <strong>Aux\u00edlio Transporte<\/strong> e <strong>Aux\u00edlio Pr\u00e9-escolar<\/strong>, assim como <strong>f\u00e9rias<\/strong> e <strong>13\u00ba sal\u00e1rio<\/strong> proporcionais.<\/p>\n\n\n\n<h3 class=\"wp-block-heading\" id=\"tempo-de-contrato\">Tempo de contrato<\/h3>\n\n\n\n<p>A previs\u00e3o de dura\u00e7\u00e3o do contrato das fun\u00e7\u00f5es \u00e9 de <strong>at\u00e9 5 meses<\/strong>, podendo ser prorrogado.<\/p>\n\n\n\n<p>Os contratos ter\u00e3o vig\u00eancia de 30 dias, podendo ser sucessivamente prorrogados por apostilamento, por igual per\u00edodo, estritamente de acordo com a necessidade do trabalho e(ou) disponibilidade de recursos or\u00e7ament\u00e1rios. Por quest\u00f5es administrativas, o \u00faltimo contrato poder\u00e1 ter vig\u00eancia menor que 30 (trinta) dias.<\/p>\n\n\n\n<h3 class=\"wp-block-heading\" id=\"atribuicoes\">Atribui\u00e7\u00f5es<\/h3>\n\n\n\n<h4 class=\"wp-block-heading\" id=\"agente-censitario-municipal\">Agente Censit\u00e1rio Municipal: <\/h4>\n\n\n\n<ul class=\"wp-block-list\"><li>acompanhar as atividades da coleta de dados, garantindo a perfeita cobertura da \u00e1rea territorial, o cumprimento dos prazos e a qualidade das informa\u00e7\u00f5es coletadas; <\/li><li>acompanhar o Agente Censit\u00e1rio Supervisor no in\u00edcio da coleta da pesquisa urban\u00edstica do entorno de domic\u00edlios para obter o conhecimento pr\u00e1tico; <\/li><li>acompanhar sistematicamente o andamento da coleta de dados nas \u00e1reas de atua\u00e7\u00e3o de cada Agente Censit\u00e1rio Supervisor, por meio dos relat\u00f3rios dos Sistemas Gerenciais, e adotar as provid\u00eancias cab\u00edveis, com vistas ao bom andamento dos trabalhos, \u00e0 total cobertura da \u00e1rea territorial, ao cumprimento dos prazos e \u00e0 qualidade; <\/li><li>equipar, administrar, organizar e zelar pelo Posto de Coleta, adotando provid\u00eancias para garantir seu adequado funcionamento; <\/li><li>adotar as provid\u00eancias relativas \u00e0 contrata\u00e7\u00e3o, prorroga\u00e7\u00e3o de contratos e desligamento de Recenseadores; acompanhar o registro de frequ\u00eancia dos Agentes Censit\u00e1rios Supervisores (ACS) e operar o sistema administrativo existente no Posto de Coleta&#8230;<\/li><\/ul>\n\n\n\n<h4 class=\"wp-block-heading\" id=\"agente-censitario-supervisor\">Agente Censit\u00e1rio Supervisor: <\/h4>\n\n\n\n<ul class=\"wp-block-list\"><li>acompanhar os recenseadores em campo para esclarecimento de d\u00favidas quanto \u00e0 identifica\u00e7\u00e3o dos limites dos setores censit\u00e1rios e percursos, visando \u00e0 cobertura correta de suas \u00e1reas de trabalho; <\/li><li>monitorar a produtividade dos Recenseadores; adotar as provid\u00eancias relativas \u00e0 contrata\u00e7\u00e3o, prorroga\u00e7\u00e3o de contratos e desligamento de Recenseadores; <\/li><li>auxiliar os Recenseadores na solu\u00e7\u00e3o dos casos de recusa ou resist\u00eancia de informantes em atend\u00ea-los; <\/li><li>colaborar na organiza\u00e7\u00e3o e na administra\u00e7\u00e3o do Posto de Coleta; <\/li><li>planejar, organizar, supervisionar e avaliar a execu\u00e7\u00e3o da coleta de dados realizada pelos Recenseadores, fazendo uso dos sistemas disponibilizados e de visitas em campo, quando necess\u00e1rias, para garantir a cobertura da \u00e1rea territorial; <\/li><li>dirigir ve\u00edculo oficial ou locado pela Institui\u00e7\u00e3o, caso possua habilita\u00e7\u00e3o; elaborar e transcrever textos e\/ou planilhas em dispositivos eletr\u00f4nicos&#8230;<\/li><\/ul>\n\n\n\n<h2 class=\"wp-block-heading\" id=\"etapa\">Edital Complementar IBGE: An\u00e1lise de T\u00edtulos (etapa \u00fanica)<\/h2>\n\n\n\n<p>A sele\u00e7\u00e3o ocorrer\u00e1 por meio de An\u00e1lise de T\u00edtulos (classificat\u00f3rio), compreendendo a Titula\u00e7\u00e3o Acad\u00eamica dos candidatos, valendo at\u00e9 10 pontos.<\/p>\n\n\n\n<div class=\"wp-block-image\"><figure class=\"aligncenter size-full\"><img loading=\"lazy\" decoding=\"async\" width=\"466\" height=\"163\" src=\"https:\/\/dhg1h5j42swfq.cloudfront.net\/2022\/07\/25092618\/image-286.png\" alt=\"Quadro de t\u00edtulos do Edital complementar IBGE\" class=\"wp-image-1066033\" srcset=\"https:\/\/dhg1h5j42swfq.cloudfront.net\/2022\/07\/25092618\/image-286.png 466w, https:\/\/dhg1h5j42swfq.cloudfront.net\/2022\/07\/25092618\/image-286-300x105.png 300w, https:\/\/dhg1h5j42swfq.cloudfront.net\/2022\/07\/25092618\/image-286-150x52.png 150w\" sizes=\"auto, (max-width: 466px) 100vw, 466px\" \/><\/figure><\/div>\n\n\n\n<ul class=\"wp-block-list\"><li><strong>Para comprova\u00e7\u00e3o do ensino m\u00e9dio (antigo 2\u00ba grau)<\/strong> completo ser\u00e1 aceito o diploma ou certificado\/declara\u00e7\u00e3o de conclus\u00e3o do curso.<\/li><\/ul>\n\n\n\n<ul class=\"wp-block-list\"><li><strong>Para comprova\u00e7\u00e3o do curso de gradua\u00e7\u00e3o (ensino superior) incompleto <\/strong>ser\u00e1 aceita a declara\u00e7\u00e3o da institui\u00e7\u00e3o de ensino que permita identificar em qual per\u00edodo (semestre\/ano) e curso o candidato se encontra. No caso de trancamento de matr\u00edcula ou abandono de curso, ser\u00e1 aceita a declara\u00e7\u00e3o da institui\u00e7\u00e3o de ensino que permita identificar quais per\u00edodos e curso o candidato frequentou.<\/li><\/ul>\n\n\n\n<ul class=\"wp-block-list\"><li><strong>Para a comprova\u00e7\u00e3o da conclus\u00e3o do curso de gradua\u00e7\u00e3o (ensino superior) completo <\/strong>ser\u00e1 aceito diploma ou certificado\/declara\u00e7\u00e3o de conclus\u00e3o do curso (com data da cola\u00e7\u00e3o de grau). Este \u00faltimo acompanhado obrigatoriamente de hist\u00f3rico escolar que permita identificar o n\u00famero de cr\u00e9ditos obtidos, carga hor\u00e1ria, as disciplinas cursadas e notas obtidas de conclus\u00e3o do curso.<\/li><\/ul>\n\n\n\n<p>Somente ser\u00e1 considerado aprovado o candidato que obtiver aproveitamento igual ou superior a 5 pontos. Os aprovados ser\u00e3o ordenados e classificados de acordo com os valores decrescentes da nota final em suas respectivas localidades de concorr\u00eancia.<\/p>\n\n\n\n<hr class=\"wp-block-separator\"\/>\n\n\n\n<p class=\"has-text-align-center\"><em>Para ficar por dentro de todas as informa\u00e7\u00f5es sobre o concurso IBGE, n\u00e3o deixe de conferir nosso artigo completo:<\/em><\/p>\n\n\n\n<p class=\"has-text-align-center has-background\" style=\"background-color:#eceeef;font-size:clamp(14.642px, 0.915rem + ((1vw - 3.2px) * 0.721), 22px);\"><strong>Saiba mais: <a href=\"https:\/\/www.estrategiaconcursos.com.br\/blog\/concurso-ibge\/\" target=\"_blank\" rel=\"noreferrer noopener\">IBGE<\/a><\/strong><\/p>\n\n\n\n<div id=\"boxes\" class=\"container\">\n<div class=\"row\">\n<div class=\"col-sm\">\n<div id=\"box-assinatura\" class=\"banner-adm\">\n<h3 class=\"titulo-assinatura\">Curso IBGE<\/h3>\n<p class=\"subtitulo-assinatura\">Conhe\u00e7a os cursos<\/p>\n<div class=\"box-botao\"><a class=\"btn-assinatura\" role=\"button\" href=\"https:\/\/www.estrategiaconcursos.com.br\/cursosPorConcurso\/ibge-204\/\" target=\"_blank\" rel=\"noopener noreferrer\">Conhe\u00e7a mais<\/a><\/div>\n<\/div>\n<\/div>\n<\/div>\n<\/div>\n\n\n\n<div class=\"container\" id=\"boxes\">\n  <div class=\"row\">\n\n    <div class=\"col-sm\">\n      <div class=\"estrategia\" id=\"box-assinatura\">\n        <h3 class=\"titulo-assinatura\">Assinatura Concursos<\/h3>\n        <p class=\"subtitulo-assinatura\">Assinatura de 1 ano ou 2 anos<\/p>\n        <div class=\"box-botao\">\n          <a class=\"btn-assinatura\" target=\"_blank\" href=\"https:\/\/www.estrategiaconcursos.com.br\/assinaturas\/\" role=\"button\" rel=\"noopener noreferrer\">ASSINE AGORA<\/a>\n        <\/div>\n      <\/div><\/div><\/div><\/div>\n\n\n\n<h2 class=\"has-text-align-center wp-block-heading\" id=\"h-quer-saber-tudo-sobre-concursos-previstos-confira-nossos-artigos\">Quer saber tudo sobre concursos previstos?<br \/>Confira nossos artigos!<\/h2>\n\n\n\n<ul class=\"wp-block-list\"><li><a href=\"https:\/\/www.estrategiaconcursos.com.br\/blog\/concursos-abertos\/\" target=\"_blank\" rel=\"noreferrer noopener\">Concursos abertos<\/a><\/li><li><a href=\"https:\/\/www.estrategiaconcursos.com.br\/blog\/concursos-2022\/\" target=\"_blank\" rel=\"noreferrer noopener\">Concursos 2022<\/a><\/li><li><a href=\"https:\/\/www.estrategiaconcursos.com.br\/blog\/concursos-2023\/\" target=\"_blank\" rel=\"noreferrer noopener\">Concursos 2023<\/a><\/li><\/ul>\n\n\n\n<figure class=\"wp-block-image is-resized\" id=\"block-33b353de-afbf-444f-850f-7ff67d98a3a0\"><img loading=\"lazy\" decoding=\"async\" src=\"https:\/\/dhg1h5j42swfq.cloudfront.net\/2020\/12\/27121704\/ficha-tecnica-1024x632.png\" alt=\"Ficha t\u00e9cnica do Edital Complementar IBGE \" class=\"wp-image-702891\" width=\"242\" height=\"149\" srcset=\"https:\/\/dhg1h5j42swfq.cloudfront.net\/2020\/12\/27121704\/ficha-tecnica-1024x632.png 1024w, https:\/\/dhg1h5j42swfq.cloudfront.net\/2020\/12\/27121704\/ficha-tecnica-300x185.png 300w, https:\/\/dhg1h5j42swfq.cloudfront.net\/2020\/12\/27121704\/ficha-tecnica-768x474.png 768w, https:\/\/dhg1h5j42swfq.cloudfront.net\/2020\/12\/27121704\/ficha-tecnica-1536x948.png 1536w, https:\/\/dhg1h5j42swfq.cloudfront.net\/2020\/12\/27121704\/ficha-tecnica-610x377.png 610w, https:\/\/dhg1h5j42swfq.cloudfront.net\/2020\/12\/27121704\/ficha-tecnica.png 1571w\" sizes=\"auto, (max-width: 242px) 100vw, 242px\" \/><\/figure>\n\n\n\n<h3 class=\"wp-block-heading\" id=\"ficha-tecnica\">Informa\u00e7\u00f5es do Edital Complementar IBGE <\/h3>\n\n\n\n<ul class=\"wp-block-list\" id=\"block-8db68d8f-0115-4f20-833a-486bc61aa9d1\"><li><strong>Inscri\u00e7\u00f5es:<\/strong> 25 a 27\/07\/2022<\/li><li><strong>Vagas<\/strong>: 398<\/li><li><strong>Cargos<\/strong>: Agente Censit\u00e1rio Municipal e Agente Censit\u00e1rio Supervisor<\/li><li><strong>Banca<\/strong>: <a href=\"https:\/\/www.ibge.gov.br\/acesso-informacao\/institucional\/trabalhe-conosco\/34455-2022-13-c.html\" target=\"_blank\" rel=\"noreferrer noopener\">organiza\u00e7\u00e3o pr\u00f3pria<\/a><\/li><li><strong>Escolaridade<\/strong>: N\u00edvel m\u00e9dio<\/li><li><strong>Edital: <\/strong><a href=\"https:\/\/dhg1h5j42swfq.cloudfront.net\/2022\/07\/25091656\/edital_2022_13-psc-acm-acs-versao-completa.pdf\" target=\"_blank\" rel=\"noreferrer noopener nofollow\">PSS IBGE Complementar<\/a><\/li><\/ul>\n","protected":false},"excerpt":{"rendered":"<p>Inscri\u00e7\u00f5es at\u00e9 quarta-feira (27) A uma semana do in\u00edcio do Censo Demogr\u00e1fico 2022, o IBGE (Instituto Brasileiro de Geografia e Estat\u00edstica) acaba de publicar um novo edital complementar com vagas para Agente Censit\u00e1rio. A sele\u00e7\u00e3o \u00e9 uma continuidade do Processo Seletivo Simplificado regido pelo edital n.\u00ba 09\/2021 (organizado pela FGV). As inscri\u00e7\u00f5es devem ser feitas [&hellip;]<\/p>\n","protected":false},"author":659,"featured_media":725517,"comment_status":"open","ping_status":"closed","sticky":false,"template":"","format":"standard","meta":{"post_tipo":"news","footnotes":""},"categories":[214992,220219],"tags":[],"tax_estado":[219963],"class_list":["post-1066006","post","type-post","status-publish","format-standard","has-post-thumbnail","hentry","category-concursos-administrativos","category-noticias","tax_estado-concursos-federais"],"acf":[],"yoast_head":"<!-- This site is optimized with the Yoast SEO Premium plugin v27.2 (Yoast SEO v27.2) - https:\/\/yoast.com\/product\/yoast-seo-premium-wordpress\/ -->\n<title>Concurso IBGE: novo edital complementar oferta 398 vagas<\/title>\n<meta name=\"description\" content=\"IBGE publica novo edital complementar com oferta de 398 vagas para fun\u00e7\u00f5es de n\u00edvel m\u00e9dio. INSCRI\u00c7\u00d5ES ABERTAS!\" \/>\n<meta name=\"robots\" content=\"index, follow, max-snippet:-1, max-image-preview:large, max-video-preview:-1\" \/>\n<link rel=\"canonical\" href=\"https:\/\/www.estrategiaconcursos.com.br\/blog\/concurso-ibge-edital-complementar-publicado\/\" \/>\n<meta property=\"og:locale\" content=\"pt_BR\" \/>\n<meta property=\"og:type\" content=\"article\" \/>\n<meta property=\"og:title\" content=\"Concurso IBGE: novo edital complementar oferta 398 vagas\" \/>\n<meta property=\"og:description\" content=\"IBGE publica novo edital complementar com oferta de 398 vagas para fun\u00e7\u00f5es de n\u00edvel m\u00e9dio. INSCRI\u00c7\u00d5ES ABERTAS!\" \/>\n<meta property=\"og:url\" content=\"https:\/\/www.estrategiaconcursos.com.br\/blog\/concurso-ibge-edital-complementar-publicado\/\" \/>\n<meta property=\"og:site_name\" content=\"Estrat\u00e9gia Concursos\" \/>\n<meta property=\"article:published_time\" content=\"2022-07-25T12:29:56+00:00\" \/>\n<meta property=\"article:modified_time\" content=\"2022-07-25T12:33:55+00:00\" \/>\n<meta property=\"og:image\" content=\"https:\/\/dhg1h5j42swfq.cloudfront.net\/2021\/04\/28111939\/ibge.jpg\" \/>\n\t<meta property=\"og:image:width\" content=\"1200\" \/>\n\t<meta property=\"og:image:height\" content=\"628\" \/>\n\t<meta property=\"og:image:type\" content=\"image\/jpeg\" \/>\n<meta name=\"author\" content=\"Camila Leite\" \/>\n<meta name=\"twitter:card\" content=\"summary_large_image\" \/>\n<meta name=\"twitter:creator\" content=\"@EstratConcursos\" \/>\n<meta name=\"twitter:site\" content=\"@EstratConcursos\" \/>\n<meta name=\"twitter:label1\" content=\"Escrito por\" \/>\n\t<meta name=\"twitter:data1\" content=\"Camila Leite\" \/>\n\t<meta name=\"twitter:label2\" content=\"Est. tempo de leitura\" \/>\n\t<meta name=\"twitter:data2\" content=\"5 minutos\" \/>\n<script type=\"application\/ld+json\" class=\"yoast-schema-graph\">{\"@context\":\"https:\/\/schema.org\",\"@graph\":[{\"@type\":\"NewsArticle\",\"@id\":\"https:\/\/www.estrategiaconcursos.com.br\/blog\/concurso-ibge-edital-complementar-publicado\/#article\",\"isPartOf\":{\"@id\":\"https:\/\/www.estrategiaconcursos.com.br\/blog\/concurso-ibge-edital-complementar-publicado\/\"},\"author\":{\"name\":\"Camila Leite\",\"@id\":\"https:\/\/www.estrategiaconcursos.com.br\/blog\/#\/schema\/person\/84ecdc6eb58d3cf1689bf76c5cd8fb38\"},\"headline\":\"Concurso IBGE: novo edital complementar oferta 398 vagas\",\"datePublished\":\"2022-07-25T12:29:56+00:00\",\"dateModified\":\"2022-07-25T12:33:55+00:00\",\"mainEntityOfPage\":{\"@id\":\"https:\/\/www.estrategiaconcursos.com.br\/blog\/concurso-ibge-edital-complementar-publicado\/\"},\"wordCount\":919,\"commentCount\":0,\"publisher\":{\"@id\":\"https:\/\/www.estrategiaconcursos.com.br\/blog\/#organization\"},\"image\":{\"@id\":\"https:\/\/www.estrategiaconcursos.com.br\/blog\/concurso-ibge-edital-complementar-publicado\/#primaryimage\"},\"thumbnailUrl\":\"https:\/\/dhg1h5j42swfq.cloudfront.net\/2021\/04\/28111939\/ibge.jpg\",\"articleSection\":[\"Executivo (Administrativa)\",\"\u00daltimas not\u00edcias\"],\"inLanguage\":\"pt-BR\",\"potentialAction\":[{\"@type\":\"CommentAction\",\"name\":\"Comment\",\"target\":[\"https:\/\/www.estrategiaconcursos.com.br\/blog\/concurso-ibge-edital-complementar-publicado\/#respond\"]}],\"copyrightYear\":\"2022\",\"copyrightHolder\":{\"@id\":\"https:\/\/www.estrategiaconcursos.com.br\/blog\/#organization\"}},{\"@type\":\"WebPage\",\"@id\":\"https:\/\/www.estrategiaconcursos.com.br\/blog\/concurso-ibge-edital-complementar-publicado\/\",\"url\":\"https:\/\/www.estrategiaconcursos.com.br\/blog\/concurso-ibge-edital-complementar-publicado\/\",\"name\":\"Concurso IBGE: novo edital complementar oferta 398 vagas\",\"isPartOf\":{\"@id\":\"https:\/\/www.estrategiaconcursos.com.br\/blog\/#website\"},\"primaryImageOfPage\":{\"@id\":\"https:\/\/www.estrategiaconcursos.com.br\/blog\/concurso-ibge-edital-complementar-publicado\/#primaryimage\"},\"image\":{\"@id\":\"https:\/\/www.estrategiaconcursos.com.br\/blog\/concurso-ibge-edital-complementar-publicado\/#primaryimage\"},\"thumbnailUrl\":\"https:\/\/dhg1h5j42swfq.cloudfront.net\/2021\/04\/28111939\/ibge.jpg\",\"datePublished\":\"2022-07-25T12:29:56+00:00\",\"dateModified\":\"2022-07-25T12:33:55+00:00\",\"description\":\"IBGE publica novo edital complementar com oferta de 398 vagas para fun\u00e7\u00f5es de n\u00edvel m\u00e9dio. INSCRI\u00c7\u00d5ES ABERTAS!\",\"breadcrumb\":{\"@id\":\"https:\/\/www.estrategiaconcursos.com.br\/blog\/concurso-ibge-edital-complementar-publicado\/#breadcrumb\"},\"inLanguage\":\"pt-BR\",\"potentialAction\":[{\"@type\":\"ReadAction\",\"target\":[\"https:\/\/www.estrategiaconcursos.com.br\/blog\/concurso-ibge-edital-complementar-publicado\/\"]}]},{\"@type\":\"ImageObject\",\"inLanguage\":\"pt-BR\",\"@id\":\"https:\/\/www.estrategiaconcursos.com.br\/blog\/concurso-ibge-edital-complementar-publicado\/#primaryimage\",\"url\":\"https:\/\/dhg1h5j42swfq.cloudfront.net\/2021\/04\/28111939\/ibge.jpg\",\"contentUrl\":\"https:\/\/dhg1h5j42swfq.cloudfront.net\/2021\/04\/28111939\/ibge.jpg\",\"width\":1200,\"height\":628,\"caption\":\"concurso ibge\"},{\"@type\":\"BreadcrumbList\",\"@id\":\"https:\/\/www.estrategiaconcursos.com.br\/blog\/concurso-ibge-edital-complementar-publicado\/#breadcrumb\",\"itemListElement\":[{\"@type\":\"ListItem\",\"position\":1,\"name\":\"In\u00edcio\",\"item\":\"https:\/\/www.estrategiaconcursos.com.br\/blog\/\"},{\"@type\":\"ListItem\",\"position\":2,\"name\":\"Concurso IBGE: novo edital complementar oferta 398 vagas\"}]},{\"@type\":\"WebSite\",\"@id\":\"https:\/\/www.estrategiaconcursos.com.br\/blog\/#website\",\"url\":\"https:\/\/www.estrategiaconcursos.com.br\/blog\/\",\"name\":\"Estrat\u00e9gia Concursos\",\"description\":\"O blog da Estrat\u00e9gia Concursos traz not\u00edcias sobre concursos e artigos de professores oferecendo cursos para concursos (pdf + videaulas) no site.\",\"publisher\":{\"@id\":\"https:\/\/www.estrategiaconcursos.com.br\/blog\/#organization\"},\"potentialAction\":[{\"@type\":\"SearchAction\",\"target\":{\"@type\":\"EntryPoint\",\"urlTemplate\":\"https:\/\/www.estrategiaconcursos.com.br\/blog\/?s={search_term_string}\"},\"query-input\":{\"@type\":\"PropertyValueSpecification\",\"valueRequired\":true,\"valueName\":\"search_term_string\"}}],\"inLanguage\":\"pt-BR\"},{\"@type\":\"Organization\",\"@id\":\"https:\/\/www.estrategiaconcursos.com.br\/blog\/#organization\",\"name\":\"Estrat\u00e9gia Concursos\",\"url\":\"https:\/\/www.estrategiaconcursos.com.br\/blog\/\",\"logo\":{\"@type\":\"ImageObject\",\"inLanguage\":\"pt-BR\",\"@id\":\"https:\/\/www.estrategiaconcursos.com.br\/blog\/#\/schema\/logo\/image\/\",\"url\":\"https:\/\/dhg1h5j42swfq.cloudfront.net\/2025\/06\/03203428\/logo_concursos-1.jpg\",\"contentUrl\":\"https:\/\/dhg1h5j42swfq.cloudfront.net\/2025\/06\/03203428\/logo_concursos-1.jpg\",\"width\":230,\"height\":60,\"caption\":\"Estrat\u00e9gia Concursos\"},\"image\":{\"@id\":\"https:\/\/www.estrategiaconcursos.com.br\/blog\/#\/schema\/logo\/image\/\"},\"sameAs\":[\"https:\/\/x.com\/EstratConcursos\"]},{\"@type\":\"Person\",\"@id\":\"https:\/\/www.estrategiaconcursos.com.br\/blog\/#\/schema\/person\/84ecdc6eb58d3cf1689bf76c5cd8fb38\",\"name\":\"Camila Leite\",\"image\":{\"@type\":\"ImageObject\",\"inLanguage\":\"pt-BR\",\"@id\":\"https:\/\/secure.gravatar.com\/avatar\/f2f8faef639c8a2bfb7fb909912a56917f4c3a0aed064500168e2fb8ea55cf61?s=96&d=mm&r=g\",\"url\":\"https:\/\/secure.gravatar.com\/avatar\/f2f8faef639c8a2bfb7fb909912a56917f4c3a0aed064500168e2fb8ea55cf61?s=96&d=mm&r=g\",\"contentUrl\":\"https:\/\/secure.gravatar.com\/avatar\/f2f8faef639c8a2bfb7fb909912a56917f4c3a0aed064500168e2fb8ea55cf61?s=96&d=mm&r=g\",\"caption\":\"Camila Leite\"},\"description\":\"Formada em Design Gr\u00e1fico e em Propaganda e Marketing pela UNIP, integra a equipe de jornalismo do Estrat\u00e9gia Concursos desde 2018. Ao longo dos anos, construiu uma s\u00f3lida experi\u00eancia na produ\u00e7\u00e3o de conte\u00fado informativo e relevante para concurseiros. Desde 2020, atua na cobertura das \u00e1reas Fiscal \u2014 com \u00eanfase nas Secretarias de Fazenda (Sefaz) das regi\u00f5es Sul e Sudeste \u2014, al\u00e9m da cobertura de concursos federais, como CNU, Petrobras, CGU, Receita Federal, ag\u00eancias reguladoras (Anvisa, ANAC, entre outras) e INSS. Mant\u00e9m contato direto com os principais \u00f3rg\u00e3os p\u00fablicos, acompanhando editais, atualiza\u00e7\u00f5es e movimenta\u00e7\u00f5es importantes para os candidatos.\",\"sameAs\":[\"https:\/\/www.linkedin.com\/in\/camila-pinheiro-leite-9ba135b6\/\"],\"url\":\"https:\/\/www.estrategiaconcursos.com.br\/blog\/author\/camila-leiteestrategiaconcursos-com-br\/\"}]}<\/script>\n<!-- \/ Yoast SEO Premium plugin. -->","yoast_head_json":{"title":"Concurso IBGE: novo edital complementar oferta 398 vagas","description":"IBGE publica novo edital complementar com oferta de 398 vagas para fun\u00e7\u00f5es de n\u00edvel m\u00e9dio. INSCRI\u00c7\u00d5ES ABERTAS!","robots":{"index":"index","follow":"follow","max-snippet":"max-snippet:-1","max-image-preview":"max-image-preview:large","max-video-preview":"max-video-preview:-1"},"canonical":"https:\/\/www.estrategiaconcursos.com.br\/blog\/concurso-ibge-edital-complementar-publicado\/","og_locale":"pt_BR","og_type":"article","og_title":"Concurso IBGE: novo edital complementar oferta 398 vagas","og_description":"IBGE publica novo edital complementar com oferta de 398 vagas para fun\u00e7\u00f5es de n\u00edvel m\u00e9dio. INSCRI\u00c7\u00d5ES ABERTAS!","og_url":"https:\/\/www.estrategiaconcursos.com.br\/blog\/concurso-ibge-edital-complementar-publicado\/","og_site_name":"Estrat\u00e9gia Concursos","article_published_time":"2022-07-25T12:29:56+00:00","article_modified_time":"2022-07-25T12:33:55+00:00","og_image":[{"width":1200,"height":628,"url":"https:\/\/dhg1h5j42swfq.cloudfront.net\/2021\/04\/28111939\/ibge.jpg","type":"image\/jpeg"}],"author":"Camila Leite","twitter_card":"summary_large_image","twitter_creator":"@EstratConcursos","twitter_site":"@EstratConcursos","twitter_misc":{"Escrito por":"Camila Leite","Est. tempo de leitura":"5 minutos"},"schema":{"@context":"https:\/\/schema.org","@graph":[{"@type":"NewsArticle","@id":"https:\/\/www.estrategiaconcursos.com.br\/blog\/concurso-ibge-edital-complementar-publicado\/#article","isPartOf":{"@id":"https:\/\/www.estrategiaconcursos.com.br\/blog\/concurso-ibge-edital-complementar-publicado\/"},"author":{"name":"Camila Leite","@id":"https:\/\/www.estrategiaconcursos.com.br\/blog\/#\/schema\/person\/84ecdc6eb58d3cf1689bf76c5cd8fb38"},"headline":"Concurso IBGE: novo edital complementar oferta 398 vagas","datePublished":"2022-07-25T12:29:56+00:00","dateModified":"2022-07-25T12:33:55+00:00","mainEntityOfPage":{"@id":"https:\/\/www.estrategiaconcursos.com.br\/blog\/concurso-ibge-edital-complementar-publicado\/"},"wordCount":919,"commentCount":0,"publisher":{"@id":"https:\/\/www.estrategiaconcursos.com.br\/blog\/#organization"},"image":{"@id":"https:\/\/www.estrategiaconcursos.com.br\/blog\/concurso-ibge-edital-complementar-publicado\/#primaryimage"},"thumbnailUrl":"https:\/\/dhg1h5j42swfq.cloudfront.net\/2021\/04\/28111939\/ibge.jpg","articleSection":["Executivo (Administrativa)","\u00daltimas not\u00edcias"],"inLanguage":"pt-BR","potentialAction":[{"@type":"CommentAction","name":"Comment","target":["https:\/\/www.estrategiaconcursos.com.br\/blog\/concurso-ibge-edital-complementar-publicado\/#respond"]}],"copyrightYear":"2022","copyrightHolder":{"@id":"https:\/\/www.estrategiaconcursos.com.br\/blog\/#organization"}},{"@type":"WebPage","@id":"https:\/\/www.estrategiaconcursos.com.br\/blog\/concurso-ibge-edital-complementar-publicado\/","url":"https:\/\/www.estrategiaconcursos.com.br\/blog\/concurso-ibge-edital-complementar-publicado\/","name":"Concurso IBGE: novo edital complementar oferta 398 vagas","isPartOf":{"@id":"https:\/\/www.estrategiaconcursos.com.br\/blog\/#website"},"primaryImageOfPage":{"@id":"https:\/\/www.estrategiaconcursos.com.br\/blog\/concurso-ibge-edital-complementar-publicado\/#primaryimage"},"image":{"@id":"https:\/\/www.estrategiaconcursos.com.br\/blog\/concurso-ibge-edital-complementar-publicado\/#primaryimage"},"thumbnailUrl":"https:\/\/dhg1h5j42swfq.cloudfront.net\/2021\/04\/28111939\/ibge.jpg","datePublished":"2022-07-25T12:29:56+00:00","dateModified":"2022-07-25T12:33:55+00:00","description":"IBGE publica novo edital complementar com oferta de 398 vagas para fun\u00e7\u00f5es de n\u00edvel m\u00e9dio. INSCRI\u00c7\u00d5ES ABERTAS!","breadcrumb":{"@id":"https:\/\/www.estrategiaconcursos.com.br\/blog\/concurso-ibge-edital-complementar-publicado\/#breadcrumb"},"inLanguage":"pt-BR","potentialAction":[{"@type":"ReadAction","target":["https:\/\/www.estrategiaconcursos.com.br\/blog\/concurso-ibge-edital-complementar-publicado\/"]}]},{"@type":"ImageObject","inLanguage":"pt-BR","@id":"https:\/\/www.estrategiaconcursos.com.br\/blog\/concurso-ibge-edital-complementar-publicado\/#primaryimage","url":"https:\/\/dhg1h5j42swfq.cloudfront.net\/2021\/04\/28111939\/ibge.jpg","contentUrl":"https:\/\/dhg1h5j42swfq.cloudfront.net\/2021\/04\/28111939\/ibge.jpg","width":1200,"height":628,"caption":"concurso ibge"},{"@type":"BreadcrumbList","@id":"https:\/\/www.estrategiaconcursos.com.br\/blog\/concurso-ibge-edital-complementar-publicado\/#breadcrumb","itemListElement":[{"@type":"ListItem","position":1,"name":"In\u00edcio","item":"https:\/\/www.estrategiaconcursos.com.br\/blog\/"},{"@type":"ListItem","position":2,"name":"Concurso IBGE: novo edital complementar oferta 398 vagas"}]},{"@type":"WebSite","@id":"https:\/\/www.estrategiaconcursos.com.br\/blog\/#website","url":"https:\/\/www.estrategiaconcursos.com.br\/blog\/","name":"Estrat\u00e9gia Concursos","description":"O blog da Estrat\u00e9gia Concursos traz not\u00edcias sobre concursos e artigos de professores oferecendo cursos para concursos (pdf + videaulas) no site.","publisher":{"@id":"https:\/\/www.estrategiaconcursos.com.br\/blog\/#organization"},"potentialAction":[{"@type":"SearchAction","target":{"@type":"EntryPoint","urlTemplate":"https:\/\/www.estrategiaconcursos.com.br\/blog\/?s={search_term_string}"},"query-input":{"@type":"PropertyValueSpecification","valueRequired":true,"valueName":"search_term_string"}}],"inLanguage":"pt-BR"},{"@type":"Organization","@id":"https:\/\/www.estrategiaconcursos.com.br\/blog\/#organization","name":"Estrat\u00e9gia Concursos","url":"https:\/\/www.estrategiaconcursos.com.br\/blog\/","logo":{"@type":"ImageObject","inLanguage":"pt-BR","@id":"https:\/\/www.estrategiaconcursos.com.br\/blog\/#\/schema\/logo\/image\/","url":"https:\/\/dhg1h5j42swfq.cloudfront.net\/2025\/06\/03203428\/logo_concursos-1.jpg","contentUrl":"https:\/\/dhg1h5j42swfq.cloudfront.net\/2025\/06\/03203428\/logo_concursos-1.jpg","width":230,"height":60,"caption":"Estrat\u00e9gia Concursos"},"image":{"@id":"https:\/\/www.estrategiaconcursos.com.br\/blog\/#\/schema\/logo\/image\/"},"sameAs":["https:\/\/x.com\/EstratConcursos"]},{"@type":"Person","@id":"https:\/\/www.estrategiaconcursos.com.br\/blog\/#\/schema\/person\/84ecdc6eb58d3cf1689bf76c5cd8fb38","name":"Camila Leite","image":{"@type":"ImageObject","inLanguage":"pt-BR","@id":"https:\/\/secure.gravatar.com\/avatar\/f2f8faef639c8a2bfb7fb909912a56917f4c3a0aed064500168e2fb8ea55cf61?s=96&d=mm&r=g","url":"https:\/\/secure.gravatar.com\/avatar\/f2f8faef639c8a2bfb7fb909912a56917f4c3a0aed064500168e2fb8ea55cf61?s=96&d=mm&r=g","contentUrl":"https:\/\/secure.gravatar.com\/avatar\/f2f8faef639c8a2bfb7fb909912a56917f4c3a0aed064500168e2fb8ea55cf61?s=96&d=mm&r=g","caption":"Camila Leite"},"description":"Formada em Design Gr\u00e1fico e em Propaganda e Marketing pela UNIP, integra a equipe de jornalismo do Estrat\u00e9gia Concursos desde 2018. Ao longo dos anos, construiu uma s\u00f3lida experi\u00eancia na produ\u00e7\u00e3o de conte\u00fado informativo e relevante para concurseiros. Desde 2020, atua na cobertura das \u00e1reas Fiscal \u2014 com \u00eanfase nas Secretarias de Fazenda (Sefaz) das regi\u00f5es Sul e Sudeste \u2014, al\u00e9m da cobertura de concursos federais, como CNU, Petrobras, CGU, Receita Federal, ag\u00eancias reguladoras (Anvisa, ANAC, entre outras) e INSS. Mant\u00e9m contato direto com os principais \u00f3rg\u00e3os p\u00fablicos, acompanhando editais, atualiza\u00e7\u00f5es e movimenta\u00e7\u00f5es importantes para os candidatos.","sameAs":["https:\/\/www.linkedin.com\/in\/camila-pinheiro-leite-9ba135b6\/"],"url":"https:\/\/www.estrategiaconcursos.com.br\/blog\/author\/camila-leiteestrategiaconcursos-com-br\/"}]}},"_links":{"self":[{"href":"https:\/\/www.estrategiaconcursos.com.br\/blog\/wp-json\/wp\/v2\/posts\/1066006","targetHints":{"allow":["GET"]}}],"collection":[{"href":"https:\/\/www.estrategiaconcursos.com.br\/blog\/wp-json\/wp\/v2\/posts"}],"about":[{"href":"https:\/\/www.estrategiaconcursos.com.br\/blog\/wp-json\/wp\/v2\/types\/post"}],"author":[{"embeddable":true,"href":"https:\/\/www.estrategiaconcursos.com.br\/blog\/wp-json\/wp\/v2\/users\/659"}],"replies":[{"embeddable":true,"href":"https:\/\/www.estrategiaconcursos.com.br\/blog\/wp-json\/wp\/v2\/comments?post=1066006"}],"version-history":[{"count":6,"href":"https:\/\/www.estrategiaconcursos.com.br\/blog\/wp-json\/wp\/v2\/posts\/1066006\/revisions"}],"predecessor-version":[{"id":1066038,"href":"https:\/\/www.estrategiaconcursos.com.br\/blog\/wp-json\/wp\/v2\/posts\/1066006\/revisions\/1066038"}],"wp:featuredmedia":[{"embeddable":true,"href":"https:\/\/www.estrategiaconcursos.com.br\/blog\/wp-json\/wp\/v2\/media\/725517"}],"wp:attachment":[{"href":"https:\/\/www.estrategiaconcursos.com.br\/blog\/wp-json\/wp\/v2\/media?parent=1066006"}],"wp:term":[{"taxonomy":"category","embeddable":true,"href":"https:\/\/www.estrategiaconcursos.com.br\/blog\/wp-json\/wp\/v2\/categories?post=1066006"},{"taxonomy":"post_tag","embeddable":true,"href":"https:\/\/www.estrategiaconcursos.com.br\/blog\/wp-json\/wp\/v2\/tags?post=1066006"},{"taxonomy":"tax_estado","embeddable":true,"href":"https:\/\/www.estrategiaconcursos.com.br\/blog\/wp-json\/wp\/v2\/tax_estado?post=1066006"}],"curies":[{"name":"wp","href":"https:\/\/api.w.org\/{rel}","templated":true}]}}