{"id":1065844,"date":"2022-07-23T11:43:40","date_gmt":"2022-07-23T14:43:40","guid":{"rendered":"https:\/\/www.estrategiaconcursos.com.br\/blog\/?p=1065844"},"modified":"2022-07-23T11:43:42","modified_gmt":"2022-07-23T14:43:42","slug":"concurso-goinfra-posse-convocados","status":"publish","type":"post","link":"https:\/\/www.estrategiaconcursos.com.br\/blog\/concurso-goinfra-posse-convocados\/","title":{"rendered":"Concurso Goinfra: divulgadas orienta\u00e7\u00f5es para posse"},"content":{"rendered":"\n<p>Foi publicado o edital de convoca\u00e7\u00e3o do concurso p\u00fablico da <strong>Ag\u00eancia Goiana de Infraestrutura e Transportes (<\/strong>Goinfra), que traz as orienta\u00e7\u00f5es para a per\u00edcia m\u00e9dica e posse dos 10 candidatos aprovados.<\/p>\n\n\n\n<p>Sob organiza\u00e7\u00e3o do IDIB, foram ofertadas<strong> 10 vagas<\/strong> para o cargo de <strong>Gestor de\u00a0Engenharia<\/strong>, na fun\u00e7\u00e3o de Engenheiro Civil, com sal\u00e1rios iniciais de<strong> R$ 11.800,00<\/strong>.<\/p>\n\n\n\n<h3 class=\"wp-block-heading\" id=\"concurso-goinfra-pericia-medica\">Concurso Goinfra: Perfil Profissional<\/h3>\n\n\n\n<p>Os candidatos convocados dever\u00e3o acessar o formul\u00e1rio eletr\u00f4nico do perfil profissional no <a href=\"http:\/\/oportunizar.administracao.go.gov.br\/oportunizar\/login.jsp\" target=\"_blank\" rel=\"noreferrer noopener\">Sistema Oportunizar<\/a> a partir do dia 26 de julho e realizar o preenchimento das informa\u00e7\u00f5es at\u00e9 o dia 03 de agosto.<\/p>\n\n\n\n<p>Esse formul\u00e1rio subsidiar\u00e1 \u00e0 Ag\u00eancia Goiana de Infraestrutura e Transportes a defini\u00e7\u00e3o de lota\u00e7\u00e3o dos nomeados, conforme o interesse p\u00fablico.<\/p>\n\n\n\n<h3 class=\"wp-block-heading\" id=\"concurso-goinfra-pericia-medica\">Concurso Goinfra: Per\u00edcia M\u00e9dica<\/h3>\n\n\n\n<p>A per\u00edcia m\u00e9dica ser\u00e1 realizada na Diretoria-Executiva de Sa\u00fade e Seguran\u00e7a do Servidor da Secretaria de Estado da Administra\u00e7\u00e3o no dia 09 de agosto.<\/p>\n\n\n\n<p>O aprovado dever\u00e1 comparecer 30 minutos antes do hor\u00e1rio marcado, munido de documenta\u00e7\u00e3o de identifica\u00e7\u00e3o pessoal, c\u00f3pia do <a href=\"https:\/\/dhg1h5j42swfq.cloudfront.net\/2022\/07\/23111324\/diario_oficial_2022-07-22_completo_8.pdf\" target=\"_blank\" rel=\"noreferrer noopener nofollow\">edital de convoca\u00e7\u00e3o<\/a> e os seguintes exames: <\/p>\n\n\n\n<div class=\"wp-block-image\"><figure class=\"aligncenter size-full\"><img loading=\"lazy\" decoding=\"async\" width=\"1020\" height=\"222\" src=\"https:\/\/dhg1h5j42swfq.cloudfront.net\/2022\/07\/23113946\/image-284.png\" alt=\"Concurso Goinfra: exames para posse\" class=\"wp-image-1065854\" srcset=\"https:\/\/dhg1h5j42swfq.cloudfront.net\/2022\/07\/23113946\/image-284.png 1020w, https:\/\/dhg1h5j42swfq.cloudfront.net\/2022\/07\/23113946\/image-284-300x65.png 300w, https:\/\/dhg1h5j42swfq.cloudfront.net\/2022\/07\/23113946\/image-284-768x167.png 768w, https:\/\/dhg1h5j42swfq.cloudfront.net\/2022\/07\/23113946\/image-284-610x133.png 610w, https:\/\/dhg1h5j42swfq.cloudfront.net\/2022\/07\/23113946\/image-284-150x33.png 150w\" sizes=\"auto, (max-width: 1020px) 100vw, 1020px\" \/><figcaption>Exames para per\u00edcia m\u00e9dica<\/figcaption><\/figure><\/div>\n\n\n\n<p>Na mesma data, dever\u00e3o comparecer \u00e0 Ger\u00eancia de Perfil e Aloca\u00e7\u00e3o de Pessoas da Sead com c\u00f3pia e original dos documentos requisitados no edital de convoca\u00e7\u00e3o.<\/p>\n\n\n\n<h3 class=\"wp-block-heading\" id=\"concurso-goinfra-posse\">Concurso Goinfra: Posse<\/h3>\n\n\n\n<p>Os aprovados ter\u00e3o suas nomea\u00e7\u00f5es publicadas no <a href=\"https:\/\/diariooficial.abc.go.gov.br\/\" target=\"_blank\" rel=\"noreferrer noopener\">Di\u00e1rio Oficial do Estado de Goi\u00e1s<\/a> na data prov\u00e1vel de 10 de agosto.<\/p>\n\n\n\n<p>A Cerim\u00f4nia de posse ser\u00e1 realizada \u00e0s 10h na sede da GOINFRA, situada na Av. Governador Jos\u00e9 Ludovico de Almeida, n\u00ba 20 (BR-153, km 493,5), Conjunto Cai\u00e7ara, Goi\u00e2nia\/GO.<\/p>\n\n\n\n<ul class=\"wp-block-list\"><li><em><strong><a href=\"https:\/\/dhg1h5j42swfq.cloudfront.net\/2022\/07\/23111324\/diario_oficial_2022-07-22_completo_8.pdf\" target=\"_blank\" rel=\"noreferrer noopener nofollow\">Confira o edital de convoca\u00e7\u00e3o na \u00edntegra<\/a><\/strong><\/em><\/li><\/ul>\n\n\n\n<hr class=\"wp-block-separator\"\/>\n\n\n\n<p class=\"has-text-align-center\"><em>Para ficar por dentro de todas as informa\u00e7\u00f5es sobre o concurso Goinfra, n\u00e3o deixe de conferir nosso artigo completo sobre a sele\u00e7\u00e3o:<\/em><\/p>\n\n\n\n<p class=\"has-text-align-center has-background has-medium-font-size\" style=\"background-color:#e3e7eb\"><strong>Mais informa\u00e7\u00f5es: <a href=\"https:\/\/www.estrategiaconcursos.com.br\/blog\/concurso-goinfra\/\" target=\"_blank\" rel=\"noreferrer noopener\">Goinfra<\/a><\/strong><\/p>\n\n\n\n<div class=\"container\" id=\"boxes\">\n  <div class=\"row\">\n\n    <div class=\"col-sm\">\n      <div class=\"banner-estrategia\" id=\"box-assinatura\">\n        <h3 class=\"titulo-assinatura\">Cursos para Goinfra<\/h3>\n        <p class=\"subtitulo-assinatura\">Estude conosco<\/p>\n        <div class=\"box-botao\">\n          <a class=\"btn-assinatura\" target=\"_blank\" href=\"https:\/\/www.estrategiaconcursos.com.br\/cursosPorConcurso\/agencia-goiania-de-infraestrutura-e-transportes-goinfra\/\" role=\"button\" rel=\"noopener noreferrer\">Conhe\u00e7a os cursos<\/a>\n        <\/div>\n      <\/div>\n     \n    <\/div>\n\n  <\/div>\n<\/div>\n\n\n\n<div class=\"container\" id=\"boxes\">\n  <div class=\"row\">\n\n    <div class=\"col-sm\">\n      <div class=\"estrategia\" id=\"box-assinatura\">\n        <h3 class=\"titulo-assinatura\">Assinatura Concursos<\/h3>\n        <p class=\"subtitulo-assinatura\">Assinatura de 1 ano ou 2 anos<\/p>\n        <div class=\"box-botao\">\n          <a class=\"btn-assinatura\" target=\"_blank\" href=\"https:\/\/www.estrategiaconcursos.com.br\/assinaturas\/\" role=\"button\" rel=\"noopener noreferrer\">ASSINE AGORA<\/a>\n        <\/div>\n      <\/div><\/div><\/div><\/div>\n\n\n\n<h2 class=\"has-text-align-center wp-block-heading\" id=\"h-quer-saber-tudo-sobre-concursos-previstos-confira-nossos-artigos\">Quer saber tudo sobre concursos previstos?<br \/>Confira nossos artigos!<\/h2>\n\n\n\n<ul class=\"wp-block-list\"><li><a href=\"https:\/\/www.estrategiaconcursos.com.br\/blog\/concursos-abertos\/\" target=\"_blank\" rel=\"noreferrer noopener\">Concursos abertos<\/a><\/li><li><a href=\"https:\/\/www.estrategiaconcursos.com.br\/blog\/concursos-2022\/\" target=\"_blank\" rel=\"noreferrer noopener\">Concursos 2022<\/a><\/li><li><a href=\"https:\/\/www.estrategiaconcursos.com.br\/blog\/concursos-2023\/\" target=\"_blank\" rel=\"noreferrer noopener\">Concursos 2023<\/a><\/li><\/ul>\n","protected":false},"excerpt":{"rendered":"<p>Foi publicado o edital de convoca\u00e7\u00e3o do concurso p\u00fablico da Ag\u00eancia Goiana de Infraestrutura e Transportes (Goinfra), que traz as orienta\u00e7\u00f5es para a per\u00edcia m\u00e9dica e posse dos 10 candidatos aprovados. Sob organiza\u00e7\u00e3o do IDIB, foram ofertadas 10 vagas para o cargo de Gestor de\u00a0Engenharia, na fun\u00e7\u00e3o de Engenheiro Civil, com sal\u00e1rios iniciais de R$ [&hellip;]<\/p>\n","protected":false},"author":659,"featured_media":889334,"comment_status":"open","ping_status":"closed","sticky":false,"template":"","format":"standard","meta":{"post_tipo":"news","footnotes":""},"categories":[214992,220219],"tags":[],"tax_estado":[219972],"class_list":["post-1065844","post","type-post","status-publish","format-standard","has-post-thumbnail","hentry","category-concursos-administrativos","category-noticias","tax_estado-go"],"acf":[],"yoast_head":"<!-- This site is optimized with the Yoast SEO Premium plugin v27.2 (Yoast SEO v27.2) - https:\/\/yoast.com\/product\/yoast-seo-premium-wordpress\/ -->\n<title>Concurso Goinfra: divulgadas orienta\u00e7\u00f5es para posse<\/title>\n<meta name=\"description\" content=\"Goinfra: com concurso p\u00fablico finalizado, Ag\u00eancia divulga orienta\u00e7\u00e3o para posse dos 10 candidatos aprovados. Veja!\" \/>\n<meta name=\"robots\" content=\"index, follow, max-snippet:-1, max-image-preview:large, max-video-preview:-1\" \/>\n<link rel=\"canonical\" href=\"https:\/\/www.estrategiaconcursos.com.br\/blog\/concurso-goinfra-posse-convocados\/\" \/>\n<meta property=\"og:locale\" content=\"pt_BR\" \/>\n<meta property=\"og:type\" content=\"article\" \/>\n<meta property=\"og:title\" content=\"Concurso Goinfra: divulgadas orienta\u00e7\u00f5es para posse\" \/>\n<meta property=\"og:description\" content=\"Goinfra: com concurso p\u00fablico finalizado, Ag\u00eancia divulga orienta\u00e7\u00e3o para posse dos 10 candidatos aprovados. Veja!\" \/>\n<meta property=\"og:url\" content=\"https:\/\/www.estrategiaconcursos.com.br\/blog\/concurso-goinfra-posse-convocados\/\" \/>\n<meta property=\"og:site_name\" content=\"Estrat\u00e9gia Concursos\" \/>\n<meta property=\"article:published_time\" content=\"2022-07-23T14:43:40+00:00\" \/>\n<meta property=\"article:modified_time\" content=\"2022-07-23T14:43:42+00:00\" \/>\n<meta property=\"og:image\" content=\"https:\/\/dhg1h5j42swfq.cloudfront.net\/2021\/10\/20144059\/goinfra.jpg\" \/>\n\t<meta property=\"og:image:width\" content=\"768\" \/>\n\t<meta property=\"og:image:height\" content=\"432\" \/>\n\t<meta property=\"og:image:type\" content=\"image\/jpeg\" \/>\n<meta name=\"author\" content=\"Camila Leite\" \/>\n<meta name=\"twitter:card\" content=\"summary_large_image\" \/>\n<meta name=\"twitter:creator\" content=\"@EstratConcursos\" \/>\n<meta name=\"twitter:site\" content=\"@EstratConcursos\" \/>\n<meta name=\"twitter:label1\" content=\"Escrito por\" \/>\n\t<meta name=\"twitter:data1\" content=\"Camila Leite\" \/>\n\t<meta name=\"twitter:label2\" content=\"Est. tempo de leitura\" \/>\n\t<meta name=\"twitter:data2\" content=\"2 minutos\" \/>\n<script type=\"application\/ld+json\" class=\"yoast-schema-graph\">{\"@context\":\"https:\/\/schema.org\",\"@graph\":[{\"@type\":\"NewsArticle\",\"@id\":\"https:\/\/www.estrategiaconcursos.com.br\/blog\/concurso-goinfra-posse-convocados\/#article\",\"isPartOf\":{\"@id\":\"https:\/\/www.estrategiaconcursos.com.br\/blog\/concurso-goinfra-posse-convocados\/\"},\"author\":{\"name\":\"Camila Leite\",\"@id\":\"https:\/\/www.estrategiaconcursos.com.br\/blog\/#\/schema\/person\/84ecdc6eb58d3cf1689bf76c5cd8fb38\"},\"headline\":\"Concurso Goinfra: divulgadas orienta\u00e7\u00f5es para posse\",\"datePublished\":\"2022-07-23T14:43:40+00:00\",\"dateModified\":\"2022-07-23T14:43:42+00:00\",\"mainEntityOfPage\":{\"@id\":\"https:\/\/www.estrategiaconcursos.com.br\/blog\/concurso-goinfra-posse-convocados\/\"},\"wordCount\":357,\"commentCount\":0,\"publisher\":{\"@id\":\"https:\/\/www.estrategiaconcursos.com.br\/blog\/#organization\"},\"image\":{\"@id\":\"https:\/\/www.estrategiaconcursos.com.br\/blog\/concurso-goinfra-posse-convocados\/#primaryimage\"},\"thumbnailUrl\":\"https:\/\/dhg1h5j42swfq.cloudfront.net\/2021\/10\/20144059\/goinfra.jpg\",\"articleSection\":[\"Executivo (Administrativa)\",\"\u00daltimas not\u00edcias\"],\"inLanguage\":\"pt-BR\",\"potentialAction\":[{\"@type\":\"CommentAction\",\"name\":\"Comment\",\"target\":[\"https:\/\/www.estrategiaconcursos.com.br\/blog\/concurso-goinfra-posse-convocados\/#respond\"]}],\"copyrightYear\":\"2022\",\"copyrightHolder\":{\"@id\":\"https:\/\/www.estrategiaconcursos.com.br\/blog\/#organization\"}},{\"@type\":\"WebPage\",\"@id\":\"https:\/\/www.estrategiaconcursos.com.br\/blog\/concurso-goinfra-posse-convocados\/\",\"url\":\"https:\/\/www.estrategiaconcursos.com.br\/blog\/concurso-goinfra-posse-convocados\/\",\"name\":\"Concurso Goinfra: divulgadas orienta\u00e7\u00f5es para posse\",\"isPartOf\":{\"@id\":\"https:\/\/www.estrategiaconcursos.com.br\/blog\/#website\"},\"primaryImageOfPage\":{\"@id\":\"https:\/\/www.estrategiaconcursos.com.br\/blog\/concurso-goinfra-posse-convocados\/#primaryimage\"},\"image\":{\"@id\":\"https:\/\/www.estrategiaconcursos.com.br\/blog\/concurso-goinfra-posse-convocados\/#primaryimage\"},\"thumbnailUrl\":\"https:\/\/dhg1h5j42swfq.cloudfront.net\/2021\/10\/20144059\/goinfra.jpg\",\"datePublished\":\"2022-07-23T14:43:40+00:00\",\"dateModified\":\"2022-07-23T14:43:42+00:00\",\"description\":\"Goinfra: com concurso p\u00fablico finalizado, Ag\u00eancia divulga orienta\u00e7\u00e3o para posse dos 10 candidatos aprovados. Veja!\",\"breadcrumb\":{\"@id\":\"https:\/\/www.estrategiaconcursos.com.br\/blog\/concurso-goinfra-posse-convocados\/#breadcrumb\"},\"inLanguage\":\"pt-BR\",\"potentialAction\":[{\"@type\":\"ReadAction\",\"target\":[\"https:\/\/www.estrategiaconcursos.com.br\/blog\/concurso-goinfra-posse-convocados\/\"]}]},{\"@type\":\"ImageObject\",\"inLanguage\":\"pt-BR\",\"@id\":\"https:\/\/www.estrategiaconcursos.com.br\/blog\/concurso-goinfra-posse-convocados\/#primaryimage\",\"url\":\"https:\/\/dhg1h5j42swfq.cloudfront.net\/2021\/10\/20144059\/goinfra.jpg\",\"contentUrl\":\"https:\/\/dhg1h5j42swfq.cloudfront.net\/2021\/10\/20144059\/goinfra.jpg\",\"width\":768,\"height\":432,\"caption\":\"Edital do concurso Goinfra\"},{\"@type\":\"BreadcrumbList\",\"@id\":\"https:\/\/www.estrategiaconcursos.com.br\/blog\/concurso-goinfra-posse-convocados\/#breadcrumb\",\"itemListElement\":[{\"@type\":\"ListItem\",\"position\":1,\"name\":\"In\u00edcio\",\"item\":\"https:\/\/www.estrategiaconcursos.com.br\/blog\/\"},{\"@type\":\"ListItem\",\"position\":2,\"name\":\"Concurso Goinfra: divulgadas orienta\u00e7\u00f5es para posse\"}]},{\"@type\":\"WebSite\",\"@id\":\"https:\/\/www.estrategiaconcursos.com.br\/blog\/#website\",\"url\":\"https:\/\/www.estrategiaconcursos.com.br\/blog\/\",\"name\":\"Estrat\u00e9gia Concursos\",\"description\":\"O blog da Estrat\u00e9gia Concursos traz not\u00edcias sobre concursos e artigos de professores oferecendo cursos para concursos (pdf + videaulas) no site.\",\"publisher\":{\"@id\":\"https:\/\/www.estrategiaconcursos.com.br\/blog\/#organization\"},\"potentialAction\":[{\"@type\":\"SearchAction\",\"target\":{\"@type\":\"EntryPoint\",\"urlTemplate\":\"https:\/\/www.estrategiaconcursos.com.br\/blog\/?s={search_term_string}\"},\"query-input\":{\"@type\":\"PropertyValueSpecification\",\"valueRequired\":true,\"valueName\":\"search_term_string\"}}],\"inLanguage\":\"pt-BR\"},{\"@type\":\"Organization\",\"@id\":\"https:\/\/www.estrategiaconcursos.com.br\/blog\/#organization\",\"name\":\"Estrat\u00e9gia Concursos\",\"url\":\"https:\/\/www.estrategiaconcursos.com.br\/blog\/\",\"logo\":{\"@type\":\"ImageObject\",\"inLanguage\":\"pt-BR\",\"@id\":\"https:\/\/www.estrategiaconcursos.com.br\/blog\/#\/schema\/logo\/image\/\",\"url\":\"https:\/\/dhg1h5j42swfq.cloudfront.net\/2025\/06\/03203428\/logo_concursos-1.jpg\",\"contentUrl\":\"https:\/\/dhg1h5j42swfq.cloudfront.net\/2025\/06\/03203428\/logo_concursos-1.jpg\",\"width\":230,\"height\":60,\"caption\":\"Estrat\u00e9gia Concursos\"},\"image\":{\"@id\":\"https:\/\/www.estrategiaconcursos.com.br\/blog\/#\/schema\/logo\/image\/\"},\"sameAs\":[\"https:\/\/x.com\/EstratConcursos\"]},{\"@type\":\"Person\",\"@id\":\"https:\/\/www.estrategiaconcursos.com.br\/blog\/#\/schema\/person\/84ecdc6eb58d3cf1689bf76c5cd8fb38\",\"name\":\"Camila Leite\",\"image\":{\"@type\":\"ImageObject\",\"inLanguage\":\"pt-BR\",\"@id\":\"https:\/\/secure.gravatar.com\/avatar\/f2f8faef639c8a2bfb7fb909912a56917f4c3a0aed064500168e2fb8ea55cf61?s=96&d=mm&r=g\",\"url\":\"https:\/\/secure.gravatar.com\/avatar\/f2f8faef639c8a2bfb7fb909912a56917f4c3a0aed064500168e2fb8ea55cf61?s=96&d=mm&r=g\",\"contentUrl\":\"https:\/\/secure.gravatar.com\/avatar\/f2f8faef639c8a2bfb7fb909912a56917f4c3a0aed064500168e2fb8ea55cf61?s=96&d=mm&r=g\",\"caption\":\"Camila Leite\"},\"description\":\"Formada em Design Gr\u00e1fico e em Propaganda e Marketing pela UNIP, integra a equipe de jornalismo do Estrat\u00e9gia Concursos desde 2018. Ao longo dos anos, construiu uma s\u00f3lida experi\u00eancia na produ\u00e7\u00e3o de conte\u00fado informativo e relevante para concurseiros. Desde 2020, atua na cobertura das \u00e1reas Fiscal \u2014 com \u00eanfase nas Secretarias de Fazenda (Sefaz) das regi\u00f5es Sul e Sudeste \u2014, al\u00e9m da cobertura de concursos federais, como CNU, Petrobras, CGU, Receita Federal, ag\u00eancias reguladoras (Anvisa, ANAC, entre outras) e INSS. Mant\u00e9m contato direto com os principais \u00f3rg\u00e3os p\u00fablicos, acompanhando editais, atualiza\u00e7\u00f5es e movimenta\u00e7\u00f5es importantes para os candidatos.\",\"sameAs\":[\"https:\/\/www.linkedin.com\/in\/camila-pinheiro-leite-9ba135b6\/\"],\"url\":\"https:\/\/www.estrategiaconcursos.com.br\/blog\/author\/camila-leiteestrategiaconcursos-com-br\/\"}]}<\/script>\n<!-- \/ Yoast SEO Premium plugin. -->","yoast_head_json":{"title":"Concurso Goinfra: divulgadas orienta\u00e7\u00f5es para posse","description":"Goinfra: com concurso p\u00fablico finalizado, Ag\u00eancia divulga orienta\u00e7\u00e3o para posse dos 10 candidatos aprovados. Veja!","robots":{"index":"index","follow":"follow","max-snippet":"max-snippet:-1","max-image-preview":"max-image-preview:large","max-video-preview":"max-video-preview:-1"},"canonical":"https:\/\/www.estrategiaconcursos.com.br\/blog\/concurso-goinfra-posse-convocados\/","og_locale":"pt_BR","og_type":"article","og_title":"Concurso Goinfra: divulgadas orienta\u00e7\u00f5es para posse","og_description":"Goinfra: com concurso p\u00fablico finalizado, Ag\u00eancia divulga orienta\u00e7\u00e3o para posse dos 10 candidatos aprovados. Veja!","og_url":"https:\/\/www.estrategiaconcursos.com.br\/blog\/concurso-goinfra-posse-convocados\/","og_site_name":"Estrat\u00e9gia Concursos","article_published_time":"2022-07-23T14:43:40+00:00","article_modified_time":"2022-07-23T14:43:42+00:00","og_image":[{"width":768,"height":432,"url":"https:\/\/dhg1h5j42swfq.cloudfront.net\/2021\/10\/20144059\/goinfra.jpg","type":"image\/jpeg"}],"author":"Camila Leite","twitter_card":"summary_large_image","twitter_creator":"@EstratConcursos","twitter_site":"@EstratConcursos","twitter_misc":{"Escrito por":"Camila Leite","Est. tempo de leitura":"2 minutos"},"schema":{"@context":"https:\/\/schema.org","@graph":[{"@type":"NewsArticle","@id":"https:\/\/www.estrategiaconcursos.com.br\/blog\/concurso-goinfra-posse-convocados\/#article","isPartOf":{"@id":"https:\/\/www.estrategiaconcursos.com.br\/blog\/concurso-goinfra-posse-convocados\/"},"author":{"name":"Camila Leite","@id":"https:\/\/www.estrategiaconcursos.com.br\/blog\/#\/schema\/person\/84ecdc6eb58d3cf1689bf76c5cd8fb38"},"headline":"Concurso Goinfra: divulgadas orienta\u00e7\u00f5es para posse","datePublished":"2022-07-23T14:43:40+00:00","dateModified":"2022-07-23T14:43:42+00:00","mainEntityOfPage":{"@id":"https:\/\/www.estrategiaconcursos.com.br\/blog\/concurso-goinfra-posse-convocados\/"},"wordCount":357,"commentCount":0,"publisher":{"@id":"https:\/\/www.estrategiaconcursos.com.br\/blog\/#organization"},"image":{"@id":"https:\/\/www.estrategiaconcursos.com.br\/blog\/concurso-goinfra-posse-convocados\/#primaryimage"},"thumbnailUrl":"https:\/\/dhg1h5j42swfq.cloudfront.net\/2021\/10\/20144059\/goinfra.jpg","articleSection":["Executivo (Administrativa)","\u00daltimas not\u00edcias"],"inLanguage":"pt-BR","potentialAction":[{"@type":"CommentAction","name":"Comment","target":["https:\/\/www.estrategiaconcursos.com.br\/blog\/concurso-goinfra-posse-convocados\/#respond"]}],"copyrightYear":"2022","copyrightHolder":{"@id":"https:\/\/www.estrategiaconcursos.com.br\/blog\/#organization"}},{"@type":"WebPage","@id":"https:\/\/www.estrategiaconcursos.com.br\/blog\/concurso-goinfra-posse-convocados\/","url":"https:\/\/www.estrategiaconcursos.com.br\/blog\/concurso-goinfra-posse-convocados\/","name":"Concurso Goinfra: divulgadas orienta\u00e7\u00f5es para posse","isPartOf":{"@id":"https:\/\/www.estrategiaconcursos.com.br\/blog\/#website"},"primaryImageOfPage":{"@id":"https:\/\/www.estrategiaconcursos.com.br\/blog\/concurso-goinfra-posse-convocados\/#primaryimage"},"image":{"@id":"https:\/\/www.estrategiaconcursos.com.br\/blog\/concurso-goinfra-posse-convocados\/#primaryimage"},"thumbnailUrl":"https:\/\/dhg1h5j42swfq.cloudfront.net\/2021\/10\/20144059\/goinfra.jpg","datePublished":"2022-07-23T14:43:40+00:00","dateModified":"2022-07-23T14:43:42+00:00","description":"Goinfra: com concurso p\u00fablico finalizado, Ag\u00eancia divulga orienta\u00e7\u00e3o para posse dos 10 candidatos aprovados. Veja!","breadcrumb":{"@id":"https:\/\/www.estrategiaconcursos.com.br\/blog\/concurso-goinfra-posse-convocados\/#breadcrumb"},"inLanguage":"pt-BR","potentialAction":[{"@type":"ReadAction","target":["https:\/\/www.estrategiaconcursos.com.br\/blog\/concurso-goinfra-posse-convocados\/"]}]},{"@type":"ImageObject","inLanguage":"pt-BR","@id":"https:\/\/www.estrategiaconcursos.com.br\/blog\/concurso-goinfra-posse-convocados\/#primaryimage","url":"https:\/\/dhg1h5j42swfq.cloudfront.net\/2021\/10\/20144059\/goinfra.jpg","contentUrl":"https:\/\/dhg1h5j42swfq.cloudfront.net\/2021\/10\/20144059\/goinfra.jpg","width":768,"height":432,"caption":"Edital do concurso Goinfra"},{"@type":"BreadcrumbList","@id":"https:\/\/www.estrategiaconcursos.com.br\/blog\/concurso-goinfra-posse-convocados\/#breadcrumb","itemListElement":[{"@type":"ListItem","position":1,"name":"In\u00edcio","item":"https:\/\/www.estrategiaconcursos.com.br\/blog\/"},{"@type":"ListItem","position":2,"name":"Concurso Goinfra: divulgadas orienta\u00e7\u00f5es para posse"}]},{"@type":"WebSite","@id":"https:\/\/www.estrategiaconcursos.com.br\/blog\/#website","url":"https:\/\/www.estrategiaconcursos.com.br\/blog\/","name":"Estrat\u00e9gia Concursos","description":"O blog da Estrat\u00e9gia Concursos traz not\u00edcias sobre concursos e artigos de professores oferecendo cursos para concursos (pdf + videaulas) no site.","publisher":{"@id":"https:\/\/www.estrategiaconcursos.com.br\/blog\/#organization"},"potentialAction":[{"@type":"SearchAction","target":{"@type":"EntryPoint","urlTemplate":"https:\/\/www.estrategiaconcursos.com.br\/blog\/?s={search_term_string}"},"query-input":{"@type":"PropertyValueSpecification","valueRequired":true,"valueName":"search_term_string"}}],"inLanguage":"pt-BR"},{"@type":"Organization","@id":"https:\/\/www.estrategiaconcursos.com.br\/blog\/#organization","name":"Estrat\u00e9gia Concursos","url":"https:\/\/www.estrategiaconcursos.com.br\/blog\/","logo":{"@type":"ImageObject","inLanguage":"pt-BR","@id":"https:\/\/www.estrategiaconcursos.com.br\/blog\/#\/schema\/logo\/image\/","url":"https:\/\/dhg1h5j42swfq.cloudfront.net\/2025\/06\/03203428\/logo_concursos-1.jpg","contentUrl":"https:\/\/dhg1h5j42swfq.cloudfront.net\/2025\/06\/03203428\/logo_concursos-1.jpg","width":230,"height":60,"caption":"Estrat\u00e9gia Concursos"},"image":{"@id":"https:\/\/www.estrategiaconcursos.com.br\/blog\/#\/schema\/logo\/image\/"},"sameAs":["https:\/\/x.com\/EstratConcursos"]},{"@type":"Person","@id":"https:\/\/www.estrategiaconcursos.com.br\/blog\/#\/schema\/person\/84ecdc6eb58d3cf1689bf76c5cd8fb38","name":"Camila Leite","image":{"@type":"ImageObject","inLanguage":"pt-BR","@id":"https:\/\/secure.gravatar.com\/avatar\/f2f8faef639c8a2bfb7fb909912a56917f4c3a0aed064500168e2fb8ea55cf61?s=96&d=mm&r=g","url":"https:\/\/secure.gravatar.com\/avatar\/f2f8faef639c8a2bfb7fb909912a56917f4c3a0aed064500168e2fb8ea55cf61?s=96&d=mm&r=g","contentUrl":"https:\/\/secure.gravatar.com\/avatar\/f2f8faef639c8a2bfb7fb909912a56917f4c3a0aed064500168e2fb8ea55cf61?s=96&d=mm&r=g","caption":"Camila Leite"},"description":"Formada em Design Gr\u00e1fico e em Propaganda e Marketing pela UNIP, integra a equipe de jornalismo do Estrat\u00e9gia Concursos desde 2018. Ao longo dos anos, construiu uma s\u00f3lida experi\u00eancia na produ\u00e7\u00e3o de conte\u00fado informativo e relevante para concurseiros. Desde 2020, atua na cobertura das \u00e1reas Fiscal \u2014 com \u00eanfase nas Secretarias de Fazenda (Sefaz) das regi\u00f5es Sul e Sudeste \u2014, al\u00e9m da cobertura de concursos federais, como CNU, Petrobras, CGU, Receita Federal, ag\u00eancias reguladoras (Anvisa, ANAC, entre outras) e INSS. Mant\u00e9m contato direto com os principais \u00f3rg\u00e3os p\u00fablicos, acompanhando editais, atualiza\u00e7\u00f5es e movimenta\u00e7\u00f5es importantes para os candidatos.","sameAs":["https:\/\/www.linkedin.com\/in\/camila-pinheiro-leite-9ba135b6\/"],"url":"https:\/\/www.estrategiaconcursos.com.br\/blog\/author\/camila-leiteestrategiaconcursos-com-br\/"}]}},"_links":{"self":[{"href":"https:\/\/www.estrategiaconcursos.com.br\/blog\/wp-json\/wp\/v2\/posts\/1065844","targetHints":{"allow":["GET"]}}],"collection":[{"href":"https:\/\/www.estrategiaconcursos.com.br\/blog\/wp-json\/wp\/v2\/posts"}],"about":[{"href":"https:\/\/www.estrategiaconcursos.com.br\/blog\/wp-json\/wp\/v2\/types\/post"}],"author":[{"embeddable":true,"href":"https:\/\/www.estrategiaconcursos.com.br\/blog\/wp-json\/wp\/v2\/users\/659"}],"replies":[{"embeddable":true,"href":"https:\/\/www.estrategiaconcursos.com.br\/blog\/wp-json\/wp\/v2\/comments?post=1065844"}],"version-history":[{"count":8,"href":"https:\/\/www.estrategiaconcursos.com.br\/blog\/wp-json\/wp\/v2\/posts\/1065844\/revisions"}],"predecessor-version":[{"id":1065860,"href":"https:\/\/www.estrategiaconcursos.com.br\/blog\/wp-json\/wp\/v2\/posts\/1065844\/revisions\/1065860"}],"wp:featuredmedia":[{"embeddable":true,"href":"https:\/\/www.estrategiaconcursos.com.br\/blog\/wp-json\/wp\/v2\/media\/889334"}],"wp:attachment":[{"href":"https:\/\/www.estrategiaconcursos.com.br\/blog\/wp-json\/wp\/v2\/media?parent=1065844"}],"wp:term":[{"taxonomy":"category","embeddable":true,"href":"https:\/\/www.estrategiaconcursos.com.br\/blog\/wp-json\/wp\/v2\/categories?post=1065844"},{"taxonomy":"post_tag","embeddable":true,"href":"https:\/\/www.estrategiaconcursos.com.br\/blog\/wp-json\/wp\/v2\/tags?post=1065844"},{"taxonomy":"tax_estado","embeddable":true,"href":"https:\/\/www.estrategiaconcursos.com.br\/blog\/wp-json\/wp\/v2\/tax_estado?post=1065844"}],"curies":[{"name":"wp","href":"https:\/\/api.w.org\/{rel}","templated":true}]}}