{"id":1064857,"date":"2022-08-01T11:00:00","date_gmt":"2022-08-01T14:00:00","guid":{"rendered":"https:\/\/www.estrategiaconcursos.com.br\/blog\/?p=1064857"},"modified":"2023-07-24T16:34:01","modified_gmt":"2023-07-24T19:34:01","slug":"concurso-publico-provas-agosto-2022","status":"publish","type":"post","link":"https:\/\/www.estrategiaconcursos.com.br\/blog\/concurso-publico-provas-agosto-2022\/","title":{"rendered":"Concurso P\u00fablico: as principais provas marcadas para agosto"},"content":{"rendered":"\n<p>Outro m\u00eas batendo na porta e vamos nos aproximando cada vez mais do final do ano. Mas calma, pois ainda tem muita coisa para acontecer at\u00e9 dezembro.<\/p>\n\n\n\n<p>Neste m\u00eas de agosto ser\u00e3o realizadas algumas provas de importantes certames em diversas \u00e1reas. Na \u00e1rea da <a href=\"#policial\">seguran\u00e7a p\u00fablica<\/a>, a Pol\u00edcia Civil de Roraima aplicar\u00e1 as provas em quatro datas distintas.<\/p>\n\n\n\n<p>J\u00e1 na \u00e1rea de <a href=\"#tribunais\">tribunais<\/a>, os TRTs de Alagoas e do Paran\u00e1 ter\u00e3o aplica\u00e7\u00e3o de suas respectivas provas na mesma data.<\/p>\n\n\n\n<p>Ao longo deste artigo, reunimos as <strong>principais sele\u00e7\u00f5es <\/strong>que ser\u00e3o aplicadas durante o m\u00eas de <strong>agosto<\/strong>. Confira:<\/p>\n\n\n\n<ul class=\"wp-block-list\" id=\"indice\">\n<li><a href=\"#policial\">Seguran\u00e7a P\u00fablica<\/a><\/li>\n\n\n\n<li><a href=\"#tribunais\">Tribunais<\/a><\/li>\n\n\n\n<li><a href=\"#edu\">Educa\u00e7\u00e3o<\/a><\/li>\n\n\n\n<li><a href=\"#ecj\">Carreiras Jur\u00eddicas<\/a><\/li>\n\n\n\n<li><a href=\"#outros\">Outras oportunidades<\/a><\/li>\n<\/ul>\n\n\n\n<div class=\"container\" id=\"boxes\">\n  <div class=\"row\">\n\n    <div class=\"col-sm\">\n      <div class=\"estrategia\" id=\"box-assinatura\">\n        <h3 class=\"titulo-assinatura\">Assinatura Concursos<\/h3>\n        <p class=\"subtitulo-assinatura\">Assinatura de 1 ano ou 2 anos<\/p>\n        <div class=\"box-botao\">\n          <a class=\"btn-assinatura\" target=\"_blank\" href=\"https:\/\/www.estrategiaconcursos.com.br\/assinaturas\/\" role=\"button\" rel=\"noopener noreferrer\">ASSINE AGORA<\/a>\n        <\/div>\n      <\/div>\n     \n    <\/div><\/div><\/div>\n\n\n\n<h2 class=\"wp-block-heading has-text-align-center\" id=\"h-confira-as-principais-provas-do-mes-de-agosto\">Confira as principais provas do m\u00eas de agosto:<\/h2>\n\n\n\n<h3 class=\"wp-block-heading has-text-align-center has-black-color has-text-color has-background\" id=\"policial\" style=\"background-color:#e2e7eb\"> Seguran\u00e7a P\u00fablica <\/h3>\n\n\n\n<h3 class=\"wp-block-heading\" id=\"concurso-spgg-rs\"><a href=\"https:\/\/www.estrategiaconcursos.com.br\/blog\/concurso-pc-rr\/\" target=\"_blank\" rel=\"noreferrer noopener\">Concurso PC RR<\/a><\/h3>\n\n\n\n<ul class=\"wp-block-list\">\n<li><strong>Data da prova:<\/strong> 06\/08\/2022<\/li>\n\n\n\n<li><strong>Banca:<\/strong>&nbsp;Vunesp<\/li>\n\n\n\n<li><strong>Cargo:<\/strong>&nbsp;Escriv\u00e3o<\/li>\n\n\n\n<li><strong>Forma\u00e7\u00e3o:<\/strong> N\u00edvel superior<\/li>\n\n\n\n<li><strong>Vagas:<\/strong> 51<\/li>\n\n\n\n<li><strong>Sal\u00e1rio:<\/strong>&nbsp;R$ 5.053,55<\/li>\n\n\n\n<li><a href=\"https:\/\/www.estrategiaconcursos.com.br\/cursosPorConcurso\/policia-civil-de-roraima-pc-rr-diversos-cargos\/\" target=\"_blank\" rel=\"noreferrer noopener\">Curso para PC RR<\/a><\/li>\n<\/ul>\n\n\n\n<ul class=\"wp-block-list\">\n<li><strong>Data da prova:<\/strong> 07\/08\/2022<\/li>\n\n\n\n<li><strong>Banca:<\/strong>&nbsp;Vunesp<\/li>\n\n\n\n<li><strong>Cargo:<\/strong>&nbsp;Agente e Auxiliar de Perito<\/li>\n\n\n\n<li><strong>Forma\u00e7\u00e3o:<\/strong> N\u00edvel superior<\/li>\n\n\n\n<li><strong>Vagas:<\/strong> 56<\/li>\n\n\n\n<li><strong>Sal\u00e1rio:<\/strong>&nbsp;R$ 3.369,03&nbsp;a R$ 5.053,55<\/li>\n\n\n\n<li><a href=\"https:\/\/www.estrategiaconcursos.com.br\/cursosPorConcurso\/policia-civil-de-roraima-pc-rr-diversos-cargos\/\" target=\"_blank\" rel=\"noreferrer noopener\">Curso para PC RR<\/a><\/li>\n<\/ul>\n\n\n\n<ul class=\"wp-block-list\">\n<li><strong>Data da prova:<\/strong> 13\/08\/2022<\/li>\n\n\n\n<li><strong>Banca:<\/strong>&nbsp;Vunesp<\/li>\n\n\n\n<li><strong>Cargo:<\/strong>&nbsp;Perito Papiloscopista<\/li>\n\n\n\n<li><strong>Forma\u00e7\u00e3o:<\/strong> N\u00edvel superior<\/li>\n\n\n\n<li><strong>Vagas:<\/strong> 14<\/li>\n\n\n\n<li><strong>Sal\u00e1rio:<\/strong>&nbsp;R$ 5.053,55<\/li>\n\n\n\n<li><a href=\"https:\/\/www.estrategiaconcursos.com.br\/cursosPorConcurso\/policia-civil-de-roraima-pc-rr-diversos-cargos\/\" target=\"_blank\" rel=\"noreferrer noopener\">Curso para PC RR<\/a><\/li>\n<\/ul>\n\n\n\n<ul class=\"wp-block-list\">\n<li><strong>Data da prova:<\/strong> 14\/08\/2022<\/li>\n\n\n\n<li><strong>Banca:<\/strong>&nbsp;Vunesp<\/li>\n\n\n\n<li><strong>Cargo:<\/strong>&nbsp;Auxiliar de Necropsia, M\u00e9dico Legista, Odonto e Perito Criminal<\/li>\n\n\n\n<li><strong>Forma\u00e7\u00e3o:<\/strong> N\u00edvel superior<\/li>\n\n\n\n<li><strong>Vagas:<\/strong> 19<\/li>\n\n\n\n<li><strong>Sal\u00e1rio:<\/strong>&nbsp;R$ 3.369,03&nbsp;a R$ 12.901,17&nbsp;<\/li>\n\n\n\n<li><a href=\"https:\/\/www.estrategiaconcursos.com.br\/cursosPorConcurso\/policia-civil-de-roraima-pc-rr-diversos-cargos\/\" target=\"_blank\" rel=\"noreferrer noopener\">Curso para PC RR<\/a><\/li>\n<\/ul>\n\n\n\n<h3 class=\"wp-block-heading\" id=\"concurso-spgg-rs\"><a href=\"https:\/\/www.estrategiaconcursos.com.br\/blog\/concurso-pm-es\/\" target=\"_blank\" rel=\"noreferrer noopener\">Concurso PM ES<\/a><\/h3>\n\n\n\n<ul class=\"wp-block-list\">\n<li><strong>Data da prova:<\/strong> 21\/08\/2022<\/li>\n\n\n\n<li><strong>Banca:<\/strong>&nbsp;Instituto AOCP<\/li>\n\n\n\n<li><strong>Cargo:<\/strong>&nbsp;Oficial e Soldado<\/li>\n\n\n\n<li><strong>Forma\u00e7\u00e3o:<\/strong> N\u00edvel m\u00e9dio<\/li>\n\n\n\n<li><strong>Vagas:<\/strong> 1.111<\/li>\n\n\n\n<li><strong>Sal\u00e1rio:<\/strong>&nbsp;R$ 3.735,79 a R$ 11.006,75<\/li>\n\n\n\n<li><a href=\"https:\/\/www.estrategiaconcursos.com.br\/cursosPorConcurso\/policia-militar-do-espirito-santo-pm-es\/\" target=\"_blank\" rel=\"noreferrer noopener\">Curso para PM ES<\/a><\/li>\n<\/ul>\n\n\n\n<h3 class=\"wp-block-heading has-text-align-center has-background\" id=\"tribunais\" style=\"background-color:#e2e7eb\">Tribunais<\/h3>\n\n\n\n<h3 class=\"wp-block-heading\" id=\"concurso-spgg-rs\"><a href=\"https:\/\/www.estrategiaconcursos.com.br\/blog\/concurso-trt-pr\/\" target=\"_blank\" rel=\"noreferrer noopener\">Concurso TRT PR<\/a><\/h3>\n\n\n\n<ul class=\"wp-block-list\">\n<li><strong>Data da prova:<\/strong> 14\/08\/2022<\/li>\n\n\n\n<li><strong>Banca:<\/strong>&nbsp;FCC<\/li>\n\n\n\n<li><strong>Cargo:<\/strong>&nbsp;Analista Judici\u00e1rio e&nbsp;T\u00e9cnico Judici\u00e1rio<\/li>\n\n\n\n<li><strong>Forma\u00e7\u00e3o:<\/strong> N\u00edvel m\u00e9dio e superior<\/li>\n\n\n\n<li><strong>Vagas:<\/strong> CR<\/li>\n\n\n\n<li><strong>Sal\u00e1rio:<\/strong>&nbsp;R$ 7.591,37 a R$ 14.271,70<\/li>\n\n\n\n<li><a href=\"https:\/\/www.estrategiaconcursos.com.br\/cursosPorConcurso\/trt-9-regiao-parana-122\/\" target=\"_blank\" rel=\"noreferrer noopener\">Curso para TRT PR<\/a><\/li>\n<\/ul>\n\n\n\n<h3 class=\"wp-block-heading\" id=\"concurso-spgg-rs\"><a href=\"https:\/\/www.estrategiaconcursos.com.br\/blog\/concurso-trt-al\/\" target=\"_blank\" rel=\"noreferrer noopener\">Concurso TRT AL<\/a><\/h3>\n\n\n\n<ul class=\"wp-block-list\">\n<li><strong>Data da prova:<\/strong> 14\/08\/2022<\/li>\n\n\n\n<li><strong>Banca:<\/strong>&nbsp;FCC<\/li>\n\n\n\n<li><strong>Cargo:<\/strong>&nbsp;Analista Judici\u00e1rio e&nbsp;T\u00e9cnico Judici\u00e1rio<\/li>\n\n\n\n<li><strong>Forma\u00e7\u00e3o:<\/strong> N\u00edvel m\u00e9dio e superior<\/li>\n\n\n\n<li><strong>Vagas:<\/strong> 08 + CR<\/li>\n\n\n\n<li><strong>Sal\u00e1rio:<\/strong>&nbsp;R$ 7.591,37 a R$ 12.455,30<\/li>\n\n\n\n<li><a href=\"https:\/\/www.estrategiaconcursos.com.br\/cursosPorConcurso\/tribunal-regional-do-trabalho-da-19-regiao-trt-al\/\" target=\"_blank\" rel=\"noreferrer noopener\">Curso para TRT AL<\/a><\/li>\n<\/ul>\n\n\n\n<h3 class=\"wp-block-heading\" id=\"concurso-spgg-rs\"><a href=\"https:\/\/www.estrategiaconcursos.com.br\/blog\/concurso-mp-pa\/\" target=\"_blank\" rel=\"noreferrer noopener\">Concurso MP PA<\/a><\/h3>\n\n\n\n<ul class=\"wp-block-list\">\n<li><strong>Data da prova:<\/strong> 14\/08\/2022<\/li>\n\n\n\n<li><strong>Banca:<\/strong>&nbsp;Consulplan<\/li>\n\n\n\n<li><strong>Cargo:<\/strong>&nbsp;Analista, T\u00e9cnico e Auxiliar<\/li>\n\n\n\n<li><strong>Forma\u00e7\u00e3o:<\/strong> N\u00edvel m\u00e9dio e superior<\/li>\n\n\n\n<li><strong>Vagas:<\/strong> 169 + CR<\/li>\n\n\n\n<li><strong>Sal\u00e1rio:<\/strong>&nbsp;R$ 3.502,85 a R$ 4.456,79<\/li>\n\n\n\n<li><a href=\"https:\/\/www.estrategiaconcursos.com.br\/cursosPorConcurso\/ministerio-publico-do-para-mp-pa\/\" target=\"_blank\" rel=\"noreferrer noopener\">Curso para MP PA<\/a><\/li>\n<\/ul>\n\n\n\n<h3 class=\"wp-block-heading\" id=\"concurso-spgg-rs\"><a href=\"https:\/\/www.estrategiaconcursos.com.br\/blog\/concurso-dpe-am\/\" target=\"_blank\" rel=\"noreferrer noopener\">Concurso DPE AM<\/a><\/h3>\n\n\n\n<ul class=\"wp-block-list\">\n<li><strong>Data da prova:<\/strong> 21\/08\/2022<\/li>\n\n\n\n<li><strong>Banca:<\/strong>&nbsp;FCC<\/li>\n\n\n\n<li><strong>Cargo:<\/strong>&nbsp;Analista Judici\u00e1rio e T\u00e9cnico Assistente<\/li>\n\n\n\n<li><strong>Forma\u00e7\u00e3o:<\/strong> N\u00edvel m\u00e9dio e superior<\/li>\n\n\n\n<li><strong>Vagas:<\/strong> 12<\/li>\n\n\n\n<li><strong>Sal\u00e1rio:<\/strong>&nbsp;R$ 4.051,91 a R$ 6.883,29<\/li>\n\n\n\n<li><a href=\"https:\/\/www.estrategiaconcursos.com.br\/cursosPorConcurso\/dpe-am\/\" target=\"_blank\" rel=\"noreferrer noopener\">Curso para DPE AM<\/a><\/li>\n<\/ul>\n\n\n\n<h3 class=\"wp-block-heading has-text-align-center has-background\" id=\"edu\" style=\"background-color:#e2e7eb\">Educa\u00e7\u00e3o<\/h3>\n\n\n\n<h3 class=\"wp-block-heading\" id=\"concurso-spgg-rs\"><a href=\"https:\/\/www.estrategiaconcursos.com.br\/blog\/concurso-sme-fortaleza\/\" target=\"_blank\" rel=\"noreferrer noopener\">Concurso SME Fortaleza<\/a> (CE)<\/h3>\n\n\n\n<ul class=\"wp-block-list\">\n<li><strong>Data da prova:<\/strong> 07 e 14\/08\/2022<\/li>\n\n\n\n<li><strong>Banca:<\/strong>&nbsp;Imparh<\/li>\n\n\n\n<li><strong>Cargo:<\/strong>&nbsp;Professor e Professor Pedagogo<\/li>\n\n\n\n<li><strong>Forma\u00e7\u00e3o:<\/strong><\/li>\n\n\n\n<li><strong>Vagas:<\/strong> 2.000<\/li>\n\n\n\n<li><strong>Sal\u00e1rio:<\/strong>&nbsp;R$ 4.384,82<\/li>\n\n\n\n<li><a href=\"https:\/\/www.estrategiaconcursos.com.br\/cursosPorConcurso\/secretaria-municipal-de-educacao-de-fortaleza-sme-fortaleza\/\" target=\"_blank\" rel=\"noreferrer noopener\">Curso para SME Fortaleza<\/a><\/li>\n<\/ul>\n\n\n\n<h3 class=\"wp-block-heading\" id=\"concurso-spgg-rs\"><a href=\"https:\/\/www.estrategiaconcursos.com.br\/blog\/concurso-see-pe\/\" target=\"_blank\" rel=\"noreferrer noopener\">Concurso SEE PE<\/a><\/h3>\n\n\n\n<ul class=\"wp-block-list\">\n<li><strong>Data da prova:<\/strong> 21\/08\/2022<\/li>\n\n\n\n<li><strong>Banca:<\/strong>&nbsp;Cebraspe<\/li>\n\n\n\n<li><strong>Cargo:<\/strong>&nbsp;Professor<\/li>\n\n\n\n<li><strong>Forma\u00e7\u00e3o:<\/strong> N\u00edvel superior<\/li>\n\n\n\n<li><strong>Vagas:<\/strong> 2.907<\/li>\n\n\n\n<li><strong>Sal\u00e1rio:<\/strong>&nbsp;R$ 2.925,00 a R$ 3.900,00<\/li>\n\n\n\n<li><a href=\"https:\/\/www.estrategiaconcursos.com.br\/cursosPorConcurso\/secretaria-de-educacao-de-pernambuco\/\" target=\"_blank\" rel=\"noreferrer noopener\">Curso para SEE PE<\/a><\/li>\n<\/ul>\n\n\n\n<h3 class=\"wp-block-heading has-text-align-center has-black-color has-text-color has-background\" id=\"ecj\" style=\"background-color:#e2e7eb\">Carreiras Jur\u00eddicas<\/h3>\n\n\n\n<h3 class=\"wp-block-heading\" id=\"concurso-spgg-rs\"><a href=\"https:\/\/cj.estrategia.com\/portal\/concurso-dpe-ap-defensor\/\" target=\"_blank\" rel=\"noreferrer noopener\">Concurso DPE AP Defensor<\/a><\/h3>\n\n\n\n<ul class=\"wp-block-list\">\n<li><strong>Data da prova:<\/strong> 07\/08\/2022<\/li>\n\n\n\n<li><strong>Banca:<\/strong>&nbsp;FCC<\/li>\n\n\n\n<li><strong>Cargo:<\/strong>&nbsp;Defensor P\u00fablico<\/li>\n\n\n\n<li><strong>Forma\u00e7\u00e3o:<\/strong> Bacharelado em Direito + 2 anos de atividade jur\u00eddica<\/li>\n\n\n\n<li><strong>Vagas:<\/strong> 05<\/li>\n\n\n\n<li><strong>Sal\u00e1rio:<\/strong>&nbsp;R$ 22.491,20<\/li>\n\n\n\n<li><a href=\"https:\/\/www.estrategiaconcursos.com.br\/cursosPorConcurso\/dpe-ap\/\" target=\"_blank\" rel=\"noreferrer noopener\">Curso para DPE AP<\/a><\/li>\n<\/ul>\n\n\n\n<h3 class=\"wp-block-heading\" id=\"concurso-spgg-rs\"><a href=\"https:\/\/cj.estrategia.com\/portal\/concurso-trf4-juiz-federal\/\" target=\"_blank\" rel=\"noreferrer noopener\">Concurso TRF4 Juiz<\/a> (PR, SC e RS)<\/h3>\n\n\n\n<ul class=\"wp-block-list\">\n<li><strong>Data da prova:<\/strong> 07\/08\/2022<\/li>\n\n\n\n<li><strong>Banca:<\/strong>&nbsp;organiza\u00e7\u00e3o pr\u00f3pria <\/li>\n\n\n\n<li><strong>Cargo:<\/strong>&nbsp;Juiz Federal Substituto<\/li>\n\n\n\n<li><strong>Forma\u00e7\u00e3o:<\/strong> Bacharelado em Direito + 3 anos de atividade jur\u00eddica<\/li>\n\n\n\n<li><strong>Vagas:<\/strong> 20<\/li>\n\n\n\n<li><strong>Sal\u00e1rio:<\/strong>&nbsp;R$ 32.004,65<\/li>\n\n\n\n<li><a href=\"https:\/\/www.estrategiaconcursos.com.br\/cursosPorConcurso\/trf-4-regiao-juiz-federal\/\" target=\"_blank\" rel=\"noreferrer noopener\">Curso para TRF4<\/a><\/li>\n<\/ul>\n\n\n\n<h3 class=\"wp-block-heading\" id=\"concurso-spgg-rs\"><a href=\"https:\/\/cj.estrategia.com\/portal\/concurso-procurador-alesp\/\" target=\"_blank\" rel=\"noreferrer noopener\">Concurso Procurador ALESP<\/a><\/h3>\n\n\n\n<ul class=\"wp-block-list\">\n<li><strong>Data da prova:<\/strong> 14\/08\/2022<\/li>\n\n\n\n<li><strong>Banca:<\/strong>&nbsp;Vunesp<\/li>\n\n\n\n<li><strong>Cargo:<\/strong>&nbsp;Procurador&nbsp;<\/li>\n\n\n\n<li><strong>Forma\u00e7\u00e3o:<\/strong> Bacharelado em Direito + OAB (2 anos)<\/li>\n\n\n\n<li><strong>Vagas:<\/strong> 02<\/li>\n\n\n\n<li><strong>Sal\u00e1rio:<\/strong>&nbsp;R$ 18.444,72&nbsp;<strong>+&nbsp;<\/strong>R$ 3.222,62<\/li>\n\n\n\n<li><a href=\"https:\/\/www.estrategiaconcursos.com.br\/cursosPorConcurso\/assembleia-legislativa-do-estado-de-sao-paulo-alesp-procurador\/\" target=\"_blank\" rel=\"noreferrer noopener\">Curso para Procurador ALESP<\/a><\/li>\n<\/ul>\n\n\n\n<h3 class=\"wp-block-heading\" id=\"concurso-spgg-rs\"><a href=\"https:\/\/cj.estrategia.com\/portal\/concurso-juiz-federal-trf3\/\" target=\"_blank\" rel=\"noreferrer noopener\">Concurso Juiz TRF3<\/a> (MS e SP)<\/h3>\n\n\n\n<ul class=\"wp-block-list\">\n<li><strong>Data da prova:<\/strong> 21\/08\/2022<\/li>\n\n\n\n<li><strong>Banca:<\/strong>&nbsp;Vunesp<\/li>\n\n\n\n<li><strong>Cargo:<\/strong>&nbsp;Juiz Federal Substituto<\/li>\n\n\n\n<li><strong>Forma\u00e7\u00e3o:<\/strong> Bacharelado em Direito + 3 anos de atividade jur\u00eddica<\/li>\n\n\n\n<li><strong>Vagas:<\/strong> 106<\/li>\n\n\n\n<li><strong>Sal\u00e1rio:<\/strong>&nbsp;R$ 32.004,65<\/li>\n\n\n\n<li><a href=\"https:\/\/www.estrategiaconcursos.com.br\/cursosPorConcurso\/trf-3-regiao-juiz-sao-paulo-e-mato-grosso-do-sul\/\" target=\"_blank\" rel=\"noreferrer noopener\">Curso para TRF3<\/a><\/li>\n<\/ul>\n\n\n\n<h3 class=\"wp-block-heading\" id=\"concurso-spgg-rs\"><a href=\"https:\/\/cj.estrategia.com\/portal\/concurso-magistratura-sc\/\" target=\"_blank\" rel=\"noreferrer noopener\">Concurso TJ SC Magistratura<\/a><\/h3>\n\n\n\n<ul class=\"wp-block-list\">\n<li><strong>Data da prova:<\/strong> 21\/08\/2022<\/li>\n\n\n\n<li><strong>Banca:<\/strong>&nbsp;FGV<\/li>\n\n\n\n<li><strong>Cargo:<\/strong>&nbsp;Juiz Substituto<\/li>\n\n\n\n<li><strong>Forma\u00e7\u00e3o:<\/strong> Bacharelado em Direito + 3 anos de atividade jur\u00eddica<\/li>\n\n\n\n<li><strong>Vagas:<\/strong> 30<\/li>\n\n\n\n<li><strong>Sal\u00e1rio:<\/strong>&nbsp;R$ 28.883,98<\/li>\n\n\n\n<li><a href=\"https:\/\/www.estrategiaconcursos.com.br\/cursosPorConcurso\/tj-sc-tribunal-de-justica-de-santa-catarina-juiz-substituto\/\" target=\"_blank\" rel=\"noreferrer noopener\">Curso para TJ SC<\/a><\/li>\n<\/ul>\n\n\n\n<h3 class=\"wp-block-heading\" id=\"concurso-spgg-rs\"><a href=\"https:\/\/cj.estrategia.com\/portal\/concurso-pge-pa-procurador\/\" target=\"_blank\" rel=\"noreferrer noopener\">Concurso PGE PA Procurador<\/a><\/h3>\n\n\n\n<ul class=\"wp-block-list\">\n<li><strong>Data da prova:<\/strong> 21\/08\/2022<\/li>\n\n\n\n<li><strong>Banca:<\/strong>&nbsp;Cebraspe<\/li>\n\n\n\n<li><strong>Cargo:<\/strong>&nbsp;Procurador do Estado<\/li>\n\n\n\n<li><strong>Forma\u00e7\u00e3o:<\/strong> Bacharelado em Direito + inscri\u00e7\u00e3o na OAB<\/li>\n\n\n\n<li><strong>Vagas:<\/strong> 10<\/li>\n\n\n\n<li><strong>Sal\u00e1rio:<\/strong>&nbsp;R$ 10.533,99<\/li>\n\n\n\n<li><a href=\"https:\/\/www.estrategiaconcursos.com.br\/cursosPorConcurso\/pge-pa-procurador-do-estado-do-para\/\" target=\"_blank\" rel=\"noreferrer noopener\">Curso para PGE PA<\/a><\/li>\n<\/ul>\n\n\n\n<h3 class=\"wp-block-heading\" id=\"concurso-spgg-rs\"><a href=\"https:\/\/cj.estrategia.com\/portal\/concurso-procurador-tce-ms\/\" target=\"_blank\" rel=\"noreferrer noopener\">Concurso TCE MS Procurador MPC<\/a><\/h3>\n\n\n\n<ul class=\"wp-block-list\">\n<li><strong>Data da prova:<\/strong> 21\/08\/2022<\/li>\n\n\n\n<li><strong>Banca:<\/strong>&nbsp;FAPEC<\/li>\n\n\n\n<li><strong>Cargo:<\/strong>&nbsp;Procurador de Contas Substituto<\/li>\n\n\n\n<li><strong>Forma\u00e7\u00e3o:<\/strong> Bacharelado em Direito + 3 anos de atividade jur\u00eddica<\/li>\n\n\n\n<li><strong>Vagas:<\/strong> 03<\/li>\n\n\n\n<li><strong>Sal\u00e1rio:<\/strong>&nbsp;R$ 35.462,28<\/li>\n\n\n\n<li><a href=\"https:\/\/www.estrategiaconcursos.com.br\/pesquisa\/?q=tce+ms+procurador\" target=\"_blank\" rel=\"noreferrer noopener\">Curso para MPC MS<\/a><\/li>\n<\/ul>\n\n\n\n<h3 class=\"wp-block-heading has-text-align-center has-black-color has-text-color has-background\" id=\"outros\" style=\"background-color:#e2e7eb\">Outras oportunidades<\/h3>\n\n\n\n<h3 class=\"wp-block-heading\" id=\"concurso-spgg-rs\"><a href=\"https:\/\/www.estrategiaconcursos.com.br\/blog\/concurso-adasa\/\" target=\"_blank\" rel=\"noreferrer noopener\">Concurso ADASA<\/a> (DF)<\/h3>\n\n\n\n<ul class=\"wp-block-list\">\n<li><strong>Data da prova:<\/strong> 07\/08\/2022<\/li>\n\n\n\n<li><strong>Banca:<\/strong>&nbsp;IADES<\/li>\n\n\n\n<li><strong>Cargos:<\/strong>&nbsp;Regulador de Servi\u00e7os P\u00fablicos e T\u00e9cnico de Regula\u00e7\u00e3o de Servi\u00e7os P\u00fablicos<\/li>\n\n\n\n<li><strong>Forma\u00e7\u00e3o:<\/strong> N\u00edvel m\u00e9dio e superior<\/li>\n\n\n\n<li><strong>Vagas:<\/strong> 25 + 50 CR<\/li>\n\n\n\n<li><strong>Sal\u00e1rio:<\/strong>&nbsp;R$ 4.300 e R$ 10.000<\/li>\n\n\n\n<li><a href=\"https:\/\/www.estrategiaconcursos.com.br\/cursosPorConcurso\/adasa-agencia-reguladora-de-aguas-energia-e-saneamento-basico-do-df\/\" target=\"_blank\" rel=\"noreferrer noopener\">Curso para ADASA<\/a><\/li>\n<\/ul>\n\n\n\n<h3 class=\"wp-block-heading\" id=\"concurso-spgg-rs\"><a href=\"https:\/\/www.estrategiaconcursos.com.br\/blog\/concurso-metrofor-ce\/\" target=\"_blank\" rel=\"noreferrer noopener\">Concurso Metrofor<\/a> (CE)<\/h3>\n\n\n\n<ul class=\"wp-block-list\">\n<li><strong>Data da prova:<\/strong> 21\/08\/2022<\/li>\n\n\n\n<li><strong>Banca:<\/strong>&nbsp;UECE<\/li>\n\n\n\n<li><strong>Cargos:<\/strong>&nbsp;V\u00e1rios<\/li>\n\n\n\n<li><strong>Forma\u00e7\u00e3o:<\/strong> N\u00edveis m\u00e9dio, t\u00e9cnico e superior<\/li>\n\n\n\n<li><strong>Vagas:<\/strong> 148 + 674 CR<\/li>\n\n\n\n<li><strong>Sal\u00e1rio:<\/strong>&nbsp;R$ 1.246,55 e R$ 3.731,61<\/li>\n\n\n\n<li><a href=\"https:\/\/www.estrategiaconcursos.com.br\/cursos\/concurso\/\" target=\"_blank\" rel=\"noreferrer noopener\">Curso para Metrofor<\/a><\/li>\n<\/ul>\n\n\n\n<h3 class=\"wp-block-heading\" id=\"concurso-spgg-rs\"><a href=\"https:\/\/www.estrategiaconcursos.com.br\/blog\/concurso-secont-es\/\" target=\"_blank\" rel=\"noreferrer noopener\">Concurso Secont ES<\/a><\/h3>\n\n\n\n<ul class=\"wp-block-list\">\n<li><strong>Data da prova:<\/strong> 28\/08\/2022<\/li>\n\n\n\n<li><strong>Banca:<\/strong>&nbsp;Cebraspe<\/li>\n\n\n\n<li><strong>Cargo:<\/strong>&nbsp;Auditor do Estado<\/li>\n\n\n\n<li><strong>Forma\u00e7\u00e3o:<\/strong> N\u00edvel superior<\/li>\n\n\n\n<li><strong>Vagas:<\/strong> 12 + 98 CR<\/li>\n\n\n\n<li><strong>Sal\u00e1rio:<\/strong>&nbsp;R$ 13.568,00<\/li>\n\n\n\n<li><a href=\"https:\/\/www.estrategiaconcursos.com.br\/cursosPorConcurso\/secont-es\/\" target=\"_blank\" rel=\"noreferrer noopener\">Curso para Secont ES<\/a><\/li>\n<\/ul>\n\n\n\n<h3 class=\"wp-block-heading\" id=\"concurso-spgg-rs\"><a href=\"https:\/\/www.estrategiaconcursos.com.br\/blog\/concurso-iss-passo-fundo-rs\/\" target=\"_blank\" rel=\"noreferrer noopener\">Concurso ISS Passo Fundo<\/a> (RS)<\/h3>\n\n\n\n<ul class=\"wp-block-list\">\n<li><strong>Data da prova:<\/strong> 28\/08\/2022<\/li>\n\n\n\n<li><strong>Banca:<\/strong>&nbsp;Legalle Concursos<\/li>\n\n\n\n<li><strong>Cargo:<\/strong>&nbsp;Auditor Fiscal da Receita&nbsp;Municipal<\/li>\n\n\n\n<li><strong>Forma\u00e7\u00e3o:<\/strong> N\u00edvel superior<\/li>\n\n\n\n<li><strong>Vagas:<\/strong> 06<\/li>\n\n\n\n<li><strong>Sal\u00e1rio:<\/strong>&nbsp;R$ 3.280,05<\/li>\n\n\n\n<li><a href=\"https:\/\/www.estrategiaconcursos.com.br\/cursosPorConcurso\/prefeitura-municipal-de-passo-fundo-rs\/\" target=\"_blank\" rel=\"noreferrer noopener\">Curso para ISS Passo Fundo<\/a><\/li>\n<\/ul>\n\n\n\n<figure class=\"wp-block-image aligncenter is-resized\" id=\"block-e5eaefc5-cf40-4e1c-acc1-6adcb1a539af\"><img loading=\"lazy\" decoding=\"async\" src=\"https:\/\/dhg1h5j42swfq.cloudfront.net\/2020\/09\/18141901\/Coruja_Concursos%404x-506x1024.png\" alt=\"Logo do Estrat\u00e9gia Concursos - Concurso P\u00fablico: as principais provas marcadas para agosto\n\" width=\"40\" height=\"82\"\/><\/figure>\n\n\n\n<h4 class=\"wp-block-heading has-text-align-center\" id=\"block-2023031c-d8e5-4a3a-9180-06e7013edb20\"><em>Para conferir outras provas e editais previstos para agosto e tamb\u00e9m para o ano de 2022, acesse os artigos abaixo:<\/em><\/h4>\n\n\n\n<ul class=\"wp-block-list\" id=\"block-7866a9d4-1315-40a2-9793-287d3ccc2184\">\n<li><a href=\"https:\/\/www.estrategiaconcursos.com.br\/blog\/concursos-abertos\/\" target=\"_blank\" rel=\"noreferrer noopener\">Concursos abertos<\/a><\/li>\n\n\n\n<li><a href=\"https:\/\/www.estrategiaconcursos.com.br\/blog\/concursos-2022\/\" target=\"_blank\" rel=\"noreferrer noopener\">Concursos 2022<\/a><\/li>\n\n\n\n<li><a href=\"https:\/\/www.estrategiaconcursos.com.br\/blog\/concursos-2023\/\" target=\"_blank\" rel=\"noreferrer noopener\">Concursos 2023<\/a><\/li>\n<\/ul>\n\n\n\n<div class=\"container\" id=\"boxes\">\n  <div class=\"row\">\n\n    <div class=\"col-sm\">\n      <div class=\"estrategia\" id=\"box-assinatura\">\n        <h3 class=\"titulo-assinatura\">Assinatura Concursos<\/h3>\n        <p class=\"subtitulo-assinatura\">Assinatura de 1 ano ou 2 anos<\/p>\n        <div class=\"box-botao\">\n          <a class=\"btn-assinatura\" target=\"_blank\" href=\"https:\/\/www.estrategiaconcursos.com.br\/assinaturas\/\" role=\"button\" rel=\"noopener noreferrer\">ASSINE AGORA<\/a>\n        <\/div>\n      <\/div>\n     \n    <\/div><\/div><\/div>\n","protected":false},"excerpt":{"rendered":"<p>Outro m\u00eas batendo na porta e vamos nos aproximando cada vez mais do final do ano. Mas calma, pois ainda tem muita coisa para acontecer at\u00e9 dezembro. Neste m\u00eas de agosto ser\u00e3o realizadas algumas provas de importantes certames em diversas \u00e1reas. Na \u00e1rea da seguran\u00e7a p\u00fablica, a Pol\u00edcia Civil de Roraima aplicar\u00e1 as provas em [&hellip;]<\/p>\n","protected":false},"author":659,"featured_media":746120,"comment_status":"open","ping_status":"closed","sticky":false,"template":"","format":"standard","meta":{"post_tipo":"news","footnotes":""},"categories":[1,220219],"tags":[],"tax_estado":[219963],"class_list":["post-1064857","post","type-post","status-publish","format-standard","has-post-thumbnail","hentry","category-cursos-e-concursos","category-noticias","tax_estado-concursos-federais"],"acf":[],"yoast_head":"<!-- This site is optimized with the Yoast SEO Premium plugin v27.2 (Yoast SEO v27.2) - https:\/\/yoast.com\/product\/yoast-seo-premium-wordpress\/ -->\n<title>Concurso P\u00fablico: as principais provas marcadas para agosto<\/title>\n<meta name=\"description\" content=\"Confira neste artigo as principais provas de concurso p\u00fablico que ser\u00e3o realizadas ao longo deste m\u00eas de agosto de 2022!\" \/>\n<meta name=\"robots\" content=\"index, follow, max-snippet:-1, max-image-preview:large, max-video-preview:-1\" \/>\n<link rel=\"canonical\" href=\"https:\/\/www.estrategiaconcursos.com.br\/blog\/concurso-publico-provas-agosto-2022\/\" \/>\n<meta property=\"og:locale\" content=\"pt_BR\" \/>\n<meta property=\"og:type\" content=\"article\" \/>\n<meta property=\"og:title\" content=\"Concurso P\u00fablico: as principais provas marcadas para agosto\" \/>\n<meta property=\"og:description\" content=\"Confira neste artigo as principais provas de concurso p\u00fablico que ser\u00e3o realizadas ao longo deste m\u00eas de agosto de 2022!\" \/>\n<meta property=\"og:url\" content=\"https:\/\/www.estrategiaconcursos.com.br\/blog\/concurso-publico-provas-agosto-2022\/\" \/>\n<meta property=\"og:site_name\" content=\"Estrat\u00e9gia Concursos\" \/>\n<meta property=\"article:published_time\" content=\"2022-08-01T14:00:00+00:00\" \/>\n<meta property=\"article:modified_time\" content=\"2023-07-24T19:34:01+00:00\" \/>\n<meta property=\"og:image\" content=\"https:\/\/dhg1h5j42swfq.cloudfront.net\/2021\/04\/20121239\/2022_concursos.jpeg\" \/>\n\t<meta property=\"og:image:width\" content=\"768\" \/>\n\t<meta property=\"og:image:height\" content=\"432\" \/>\n\t<meta property=\"og:image:type\" content=\"image\/jpeg\" \/>\n<meta name=\"author\" content=\"Camila Leite\" \/>\n<meta name=\"twitter:card\" content=\"summary_large_image\" \/>\n<meta name=\"twitter:creator\" content=\"@EstratConcursos\" \/>\n<meta name=\"twitter:site\" content=\"@EstratConcursos\" \/>\n<meta name=\"twitter:label1\" content=\"Escrito por\" \/>\n\t<meta name=\"twitter:data1\" content=\"Camila Leite\" \/>\n\t<meta name=\"twitter:label2\" content=\"Est. tempo de leitura\" \/>\n\t<meta name=\"twitter:data2\" content=\"5 minutos\" \/>\n<script type=\"application\/ld+json\" class=\"yoast-schema-graph\">{\"@context\":\"https:\/\/schema.org\",\"@graph\":[{\"@type\":\"NewsArticle\",\"@id\":\"https:\/\/www.estrategiaconcursos.com.br\/blog\/concurso-publico-provas-agosto-2022\/#article\",\"isPartOf\":{\"@id\":\"https:\/\/www.estrategiaconcursos.com.br\/blog\/concurso-publico-provas-agosto-2022\/\"},\"author\":{\"name\":\"Camila Leite\",\"@id\":\"https:\/\/www.estrategiaconcursos.com.br\/blog\/#\/schema\/person\/84ecdc6eb58d3cf1689bf76c5cd8fb38\"},\"headline\":\"Concurso P\u00fablico: as principais provas marcadas para agosto\",\"datePublished\":\"2022-08-01T14:00:00+00:00\",\"dateModified\":\"2023-07-24T19:34:01+00:00\",\"mainEntityOfPage\":{\"@id\":\"https:\/\/www.estrategiaconcursos.com.br\/blog\/concurso-publico-provas-agosto-2022\/\"},\"wordCount\":936,\"commentCount\":0,\"publisher\":{\"@id\":\"https:\/\/www.estrategiaconcursos.com.br\/blog\/#organization\"},\"image\":{\"@id\":\"https:\/\/www.estrategiaconcursos.com.br\/blog\/concurso-publico-provas-agosto-2022\/#primaryimage\"},\"thumbnailUrl\":\"https:\/\/dhg1h5j42swfq.cloudfront.net\/2021\/04\/20121239\/2022_concursos.jpeg\",\"articleSection\":[\"Concursos P\u00fablicos\",\"\u00daltimas not\u00edcias\"],\"inLanguage\":\"pt-BR\",\"potentialAction\":[{\"@type\":\"CommentAction\",\"name\":\"Comment\",\"target\":[\"https:\/\/www.estrategiaconcursos.com.br\/blog\/concurso-publico-provas-agosto-2022\/#respond\"]}],\"copyrightYear\":\"2022\",\"copyrightHolder\":{\"@id\":\"https:\/\/www.estrategiaconcursos.com.br\/blog\/#organization\"}},{\"@type\":\"WebPage\",\"@id\":\"https:\/\/www.estrategiaconcursos.com.br\/blog\/concurso-publico-provas-agosto-2022\/\",\"url\":\"https:\/\/www.estrategiaconcursos.com.br\/blog\/concurso-publico-provas-agosto-2022\/\",\"name\":\"Concurso P\u00fablico: as principais provas marcadas para agosto\",\"isPartOf\":{\"@id\":\"https:\/\/www.estrategiaconcursos.com.br\/blog\/#website\"},\"primaryImageOfPage\":{\"@id\":\"https:\/\/www.estrategiaconcursos.com.br\/blog\/concurso-publico-provas-agosto-2022\/#primaryimage\"},\"image\":{\"@id\":\"https:\/\/www.estrategiaconcursos.com.br\/blog\/concurso-publico-provas-agosto-2022\/#primaryimage\"},\"thumbnailUrl\":\"https:\/\/dhg1h5j42swfq.cloudfront.net\/2021\/04\/20121239\/2022_concursos.jpeg\",\"datePublished\":\"2022-08-01T14:00:00+00:00\",\"dateModified\":\"2023-07-24T19:34:01+00:00\",\"description\":\"Confira neste artigo as principais provas de concurso p\u00fablico que ser\u00e3o realizadas ao longo deste m\u00eas de agosto de 2022!\",\"breadcrumb\":{\"@id\":\"https:\/\/www.estrategiaconcursos.com.br\/blog\/concurso-publico-provas-agosto-2022\/#breadcrumb\"},\"inLanguage\":\"pt-BR\",\"potentialAction\":[{\"@type\":\"ReadAction\",\"target\":[\"https:\/\/www.estrategiaconcursos.com.br\/blog\/concurso-publico-provas-agosto-2022\/\"]}]},{\"@type\":\"ImageObject\",\"inLanguage\":\"pt-BR\",\"@id\":\"https:\/\/www.estrategiaconcursos.com.br\/blog\/concurso-publico-provas-agosto-2022\/#primaryimage\",\"url\":\"https:\/\/dhg1h5j42swfq.cloudfront.net\/2021\/04\/20121239\/2022_concursos.jpeg\",\"contentUrl\":\"https:\/\/dhg1h5j42swfq.cloudfront.net\/2021\/04\/20121239\/2022_concursos.jpeg\",\"width\":768,\"height\":432,\"caption\":\"Concursos 2022\"},{\"@type\":\"BreadcrumbList\",\"@id\":\"https:\/\/www.estrategiaconcursos.com.br\/blog\/concurso-publico-provas-agosto-2022\/#breadcrumb\",\"itemListElement\":[{\"@type\":\"ListItem\",\"position\":1,\"name\":\"In\u00edcio\",\"item\":\"https:\/\/www.estrategiaconcursos.com.br\/blog\/\"},{\"@type\":\"ListItem\",\"position\":2,\"name\":\"Concurso P\u00fablico: as principais provas marcadas para agosto\"}]},{\"@type\":\"WebSite\",\"@id\":\"https:\/\/www.estrategiaconcursos.com.br\/blog\/#website\",\"url\":\"https:\/\/www.estrategiaconcursos.com.br\/blog\/\",\"name\":\"Estrat\u00e9gia Concursos\",\"description\":\"O blog da Estrat\u00e9gia Concursos traz not\u00edcias sobre concursos e artigos de professores oferecendo cursos para concursos (pdf + videaulas) no site.\",\"publisher\":{\"@id\":\"https:\/\/www.estrategiaconcursos.com.br\/blog\/#organization\"},\"potentialAction\":[{\"@type\":\"SearchAction\",\"target\":{\"@type\":\"EntryPoint\",\"urlTemplate\":\"https:\/\/www.estrategiaconcursos.com.br\/blog\/?s={search_term_string}\"},\"query-input\":{\"@type\":\"PropertyValueSpecification\",\"valueRequired\":true,\"valueName\":\"search_term_string\"}}],\"inLanguage\":\"pt-BR\"},{\"@type\":\"Organization\",\"@id\":\"https:\/\/www.estrategiaconcursos.com.br\/blog\/#organization\",\"name\":\"Estrat\u00e9gia Concursos\",\"url\":\"https:\/\/www.estrategiaconcursos.com.br\/blog\/\",\"logo\":{\"@type\":\"ImageObject\",\"inLanguage\":\"pt-BR\",\"@id\":\"https:\/\/www.estrategiaconcursos.com.br\/blog\/#\/schema\/logo\/image\/\",\"url\":\"https:\/\/dhg1h5j42swfq.cloudfront.net\/2025\/06\/03203428\/logo_concursos-1.jpg\",\"contentUrl\":\"https:\/\/dhg1h5j42swfq.cloudfront.net\/2025\/06\/03203428\/logo_concursos-1.jpg\",\"width\":230,\"height\":60,\"caption\":\"Estrat\u00e9gia Concursos\"},\"image\":{\"@id\":\"https:\/\/www.estrategiaconcursos.com.br\/blog\/#\/schema\/logo\/image\/\"},\"sameAs\":[\"https:\/\/x.com\/EstratConcursos\"]},{\"@type\":\"Person\",\"@id\":\"https:\/\/www.estrategiaconcursos.com.br\/blog\/#\/schema\/person\/84ecdc6eb58d3cf1689bf76c5cd8fb38\",\"name\":\"Camila Leite\",\"image\":{\"@type\":\"ImageObject\",\"inLanguage\":\"pt-BR\",\"@id\":\"https:\/\/secure.gravatar.com\/avatar\/f2f8faef639c8a2bfb7fb909912a56917f4c3a0aed064500168e2fb8ea55cf61?s=96&d=mm&r=g\",\"url\":\"https:\/\/secure.gravatar.com\/avatar\/f2f8faef639c8a2bfb7fb909912a56917f4c3a0aed064500168e2fb8ea55cf61?s=96&d=mm&r=g\",\"contentUrl\":\"https:\/\/secure.gravatar.com\/avatar\/f2f8faef639c8a2bfb7fb909912a56917f4c3a0aed064500168e2fb8ea55cf61?s=96&d=mm&r=g\",\"caption\":\"Camila Leite\"},\"description\":\"Formada em Design Gr\u00e1fico e em Propaganda e Marketing pela UNIP, integra a equipe de jornalismo do Estrat\u00e9gia Concursos desde 2018. Ao longo dos anos, construiu uma s\u00f3lida experi\u00eancia na produ\u00e7\u00e3o de conte\u00fado informativo e relevante para concurseiros. Desde 2020, atua na cobertura das \u00e1reas Fiscal \u2014 com \u00eanfase nas Secretarias de Fazenda (Sefaz) das regi\u00f5es Sul e Sudeste \u2014, al\u00e9m da cobertura de concursos federais, como CNU, Petrobras, CGU, Receita Federal, ag\u00eancias reguladoras (Anvisa, ANAC, entre outras) e INSS. Mant\u00e9m contato direto com os principais \u00f3rg\u00e3os p\u00fablicos, acompanhando editais, atualiza\u00e7\u00f5es e movimenta\u00e7\u00f5es importantes para os candidatos.\",\"sameAs\":[\"https:\/\/www.linkedin.com\/in\/camila-pinheiro-leite-9ba135b6\/\"],\"url\":\"https:\/\/www.estrategiaconcursos.com.br\/blog\/author\/camila-leiteestrategiaconcursos-com-br\/\"}]}<\/script>\n<!-- \/ Yoast SEO Premium plugin. -->","yoast_head_json":{"title":"Concurso P\u00fablico: as principais provas marcadas para agosto","description":"Confira neste artigo as principais provas de concurso p\u00fablico que ser\u00e3o realizadas ao longo deste m\u00eas de agosto de 2022!","robots":{"index":"index","follow":"follow","max-snippet":"max-snippet:-1","max-image-preview":"max-image-preview:large","max-video-preview":"max-video-preview:-1"},"canonical":"https:\/\/www.estrategiaconcursos.com.br\/blog\/concurso-publico-provas-agosto-2022\/","og_locale":"pt_BR","og_type":"article","og_title":"Concurso P\u00fablico: as principais provas marcadas para agosto","og_description":"Confira neste artigo as principais provas de concurso p\u00fablico que ser\u00e3o realizadas ao longo deste m\u00eas de agosto de 2022!","og_url":"https:\/\/www.estrategiaconcursos.com.br\/blog\/concurso-publico-provas-agosto-2022\/","og_site_name":"Estrat\u00e9gia Concursos","article_published_time":"2022-08-01T14:00:00+00:00","article_modified_time":"2023-07-24T19:34:01+00:00","og_image":[{"width":768,"height":432,"url":"https:\/\/dhg1h5j42swfq.cloudfront.net\/2021\/04\/20121239\/2022_concursos.jpeg","type":"image\/jpeg"}],"author":"Camila Leite","twitter_card":"summary_large_image","twitter_creator":"@EstratConcursos","twitter_site":"@EstratConcursos","twitter_misc":{"Escrito por":"Camila Leite","Est. tempo de leitura":"5 minutos"},"schema":{"@context":"https:\/\/schema.org","@graph":[{"@type":"NewsArticle","@id":"https:\/\/www.estrategiaconcursos.com.br\/blog\/concurso-publico-provas-agosto-2022\/#article","isPartOf":{"@id":"https:\/\/www.estrategiaconcursos.com.br\/blog\/concurso-publico-provas-agosto-2022\/"},"author":{"name":"Camila Leite","@id":"https:\/\/www.estrategiaconcursos.com.br\/blog\/#\/schema\/person\/84ecdc6eb58d3cf1689bf76c5cd8fb38"},"headline":"Concurso P\u00fablico: as principais provas marcadas para agosto","datePublished":"2022-08-01T14:00:00+00:00","dateModified":"2023-07-24T19:34:01+00:00","mainEntityOfPage":{"@id":"https:\/\/www.estrategiaconcursos.com.br\/blog\/concurso-publico-provas-agosto-2022\/"},"wordCount":936,"commentCount":0,"publisher":{"@id":"https:\/\/www.estrategiaconcursos.com.br\/blog\/#organization"},"image":{"@id":"https:\/\/www.estrategiaconcursos.com.br\/blog\/concurso-publico-provas-agosto-2022\/#primaryimage"},"thumbnailUrl":"https:\/\/dhg1h5j42swfq.cloudfront.net\/2021\/04\/20121239\/2022_concursos.jpeg","articleSection":["Concursos P\u00fablicos","\u00daltimas not\u00edcias"],"inLanguage":"pt-BR","potentialAction":[{"@type":"CommentAction","name":"Comment","target":["https:\/\/www.estrategiaconcursos.com.br\/blog\/concurso-publico-provas-agosto-2022\/#respond"]}],"copyrightYear":"2022","copyrightHolder":{"@id":"https:\/\/www.estrategiaconcursos.com.br\/blog\/#organization"}},{"@type":"WebPage","@id":"https:\/\/www.estrategiaconcursos.com.br\/blog\/concurso-publico-provas-agosto-2022\/","url":"https:\/\/www.estrategiaconcursos.com.br\/blog\/concurso-publico-provas-agosto-2022\/","name":"Concurso P\u00fablico: as principais provas marcadas para agosto","isPartOf":{"@id":"https:\/\/www.estrategiaconcursos.com.br\/blog\/#website"},"primaryImageOfPage":{"@id":"https:\/\/www.estrategiaconcursos.com.br\/blog\/concurso-publico-provas-agosto-2022\/#primaryimage"},"image":{"@id":"https:\/\/www.estrategiaconcursos.com.br\/blog\/concurso-publico-provas-agosto-2022\/#primaryimage"},"thumbnailUrl":"https:\/\/dhg1h5j42swfq.cloudfront.net\/2021\/04\/20121239\/2022_concursos.jpeg","datePublished":"2022-08-01T14:00:00+00:00","dateModified":"2023-07-24T19:34:01+00:00","description":"Confira neste artigo as principais provas de concurso p\u00fablico que ser\u00e3o realizadas ao longo deste m\u00eas de agosto de 2022!","breadcrumb":{"@id":"https:\/\/www.estrategiaconcursos.com.br\/blog\/concurso-publico-provas-agosto-2022\/#breadcrumb"},"inLanguage":"pt-BR","potentialAction":[{"@type":"ReadAction","target":["https:\/\/www.estrategiaconcursos.com.br\/blog\/concurso-publico-provas-agosto-2022\/"]}]},{"@type":"ImageObject","inLanguage":"pt-BR","@id":"https:\/\/www.estrategiaconcursos.com.br\/blog\/concurso-publico-provas-agosto-2022\/#primaryimage","url":"https:\/\/dhg1h5j42swfq.cloudfront.net\/2021\/04\/20121239\/2022_concursos.jpeg","contentUrl":"https:\/\/dhg1h5j42swfq.cloudfront.net\/2021\/04\/20121239\/2022_concursos.jpeg","width":768,"height":432,"caption":"Concursos 2022"},{"@type":"BreadcrumbList","@id":"https:\/\/www.estrategiaconcursos.com.br\/blog\/concurso-publico-provas-agosto-2022\/#breadcrumb","itemListElement":[{"@type":"ListItem","position":1,"name":"In\u00edcio","item":"https:\/\/www.estrategiaconcursos.com.br\/blog\/"},{"@type":"ListItem","position":2,"name":"Concurso P\u00fablico: as principais provas marcadas para agosto"}]},{"@type":"WebSite","@id":"https:\/\/www.estrategiaconcursos.com.br\/blog\/#website","url":"https:\/\/www.estrategiaconcursos.com.br\/blog\/","name":"Estrat\u00e9gia Concursos","description":"O blog da Estrat\u00e9gia Concursos traz not\u00edcias sobre concursos e artigos de professores oferecendo cursos para concursos (pdf + videaulas) no site.","publisher":{"@id":"https:\/\/www.estrategiaconcursos.com.br\/blog\/#organization"},"potentialAction":[{"@type":"SearchAction","target":{"@type":"EntryPoint","urlTemplate":"https:\/\/www.estrategiaconcursos.com.br\/blog\/?s={search_term_string}"},"query-input":{"@type":"PropertyValueSpecification","valueRequired":true,"valueName":"search_term_string"}}],"inLanguage":"pt-BR"},{"@type":"Organization","@id":"https:\/\/www.estrategiaconcursos.com.br\/blog\/#organization","name":"Estrat\u00e9gia Concursos","url":"https:\/\/www.estrategiaconcursos.com.br\/blog\/","logo":{"@type":"ImageObject","inLanguage":"pt-BR","@id":"https:\/\/www.estrategiaconcursos.com.br\/blog\/#\/schema\/logo\/image\/","url":"https:\/\/dhg1h5j42swfq.cloudfront.net\/2025\/06\/03203428\/logo_concursos-1.jpg","contentUrl":"https:\/\/dhg1h5j42swfq.cloudfront.net\/2025\/06\/03203428\/logo_concursos-1.jpg","width":230,"height":60,"caption":"Estrat\u00e9gia Concursos"},"image":{"@id":"https:\/\/www.estrategiaconcursos.com.br\/blog\/#\/schema\/logo\/image\/"},"sameAs":["https:\/\/x.com\/EstratConcursos"]},{"@type":"Person","@id":"https:\/\/www.estrategiaconcursos.com.br\/blog\/#\/schema\/person\/84ecdc6eb58d3cf1689bf76c5cd8fb38","name":"Camila Leite","image":{"@type":"ImageObject","inLanguage":"pt-BR","@id":"https:\/\/secure.gravatar.com\/avatar\/f2f8faef639c8a2bfb7fb909912a56917f4c3a0aed064500168e2fb8ea55cf61?s=96&d=mm&r=g","url":"https:\/\/secure.gravatar.com\/avatar\/f2f8faef639c8a2bfb7fb909912a56917f4c3a0aed064500168e2fb8ea55cf61?s=96&d=mm&r=g","contentUrl":"https:\/\/secure.gravatar.com\/avatar\/f2f8faef639c8a2bfb7fb909912a56917f4c3a0aed064500168e2fb8ea55cf61?s=96&d=mm&r=g","caption":"Camila Leite"},"description":"Formada em Design Gr\u00e1fico e em Propaganda e Marketing pela UNIP, integra a equipe de jornalismo do Estrat\u00e9gia Concursos desde 2018. Ao longo dos anos, construiu uma s\u00f3lida experi\u00eancia na produ\u00e7\u00e3o de conte\u00fado informativo e relevante para concurseiros. Desde 2020, atua na cobertura das \u00e1reas Fiscal \u2014 com \u00eanfase nas Secretarias de Fazenda (Sefaz) das regi\u00f5es Sul e Sudeste \u2014, al\u00e9m da cobertura de concursos federais, como CNU, Petrobras, CGU, Receita Federal, ag\u00eancias reguladoras (Anvisa, ANAC, entre outras) e INSS. Mant\u00e9m contato direto com os principais \u00f3rg\u00e3os p\u00fablicos, acompanhando editais, atualiza\u00e7\u00f5es e movimenta\u00e7\u00f5es importantes para os candidatos.","sameAs":["https:\/\/www.linkedin.com\/in\/camila-pinheiro-leite-9ba135b6\/"],"url":"https:\/\/www.estrategiaconcursos.com.br\/blog\/author\/camila-leiteestrategiaconcursos-com-br\/"}]}},"_links":{"self":[{"href":"https:\/\/www.estrategiaconcursos.com.br\/blog\/wp-json\/wp\/v2\/posts\/1064857","targetHints":{"allow":["GET"]}}],"collection":[{"href":"https:\/\/www.estrategiaconcursos.com.br\/blog\/wp-json\/wp\/v2\/posts"}],"about":[{"href":"https:\/\/www.estrategiaconcursos.com.br\/blog\/wp-json\/wp\/v2\/types\/post"}],"author":[{"embeddable":true,"href":"https:\/\/www.estrategiaconcursos.com.br\/blog\/wp-json\/wp\/v2\/users\/659"}],"replies":[{"embeddable":true,"href":"https:\/\/www.estrategiaconcursos.com.br\/blog\/wp-json\/wp\/v2\/comments?post=1064857"}],"version-history":[{"count":11,"href":"https:\/\/www.estrategiaconcursos.com.br\/blog\/wp-json\/wp\/v2\/posts\/1064857\/revisions"}],"predecessor-version":[{"id":1253939,"href":"https:\/\/www.estrategiaconcursos.com.br\/blog\/wp-json\/wp\/v2\/posts\/1064857\/revisions\/1253939"}],"wp:featuredmedia":[{"embeddable":true,"href":"https:\/\/www.estrategiaconcursos.com.br\/blog\/wp-json\/wp\/v2\/media\/746120"}],"wp:attachment":[{"href":"https:\/\/www.estrategiaconcursos.com.br\/blog\/wp-json\/wp\/v2\/media?parent=1064857"}],"wp:term":[{"taxonomy":"category","embeddable":true,"href":"https:\/\/www.estrategiaconcursos.com.br\/blog\/wp-json\/wp\/v2\/categories?post=1064857"},{"taxonomy":"post_tag","embeddable":true,"href":"https:\/\/www.estrategiaconcursos.com.br\/blog\/wp-json\/wp\/v2\/tags?post=1064857"},{"taxonomy":"tax_estado","embeddable":true,"href":"https:\/\/www.estrategiaconcursos.com.br\/blog\/wp-json\/wp\/v2\/tax_estado?post=1064857"}],"curies":[{"name":"wp","href":"https:\/\/api.w.org\/{rel}","templated":true}]}}