{"id":1064607,"date":"2022-07-21T12:55:35","date_gmt":"2022-07-21T15:55:35","guid":{"rendered":"https:\/\/www.estrategiaconcursos.com.br\/blog\/?p=1064607"},"modified":"2022-09-13T18:26:13","modified_gmt":"2022-09-13T21:26:13","slug":"concurso-educacao-curitiba-edital-publicado","status":"publish","type":"post","link":"https:\/\/www.estrategiaconcursos.com.br\/blog\/concurso-educacao-curitiba-edital-publicado\/","title":{"rendered":"Edital educa\u00e7\u00e3o Curitiba est\u00e1 com as inscri\u00e7\u00f5es encerradas; 589 vagas!"},"content":{"rendered":"\n<p>Est\u00e3o encerradas as inscri\u00e7\u00f5es para o <strong>edital educa\u00e7\u00e3o Curitiba<\/strong>! Conforme o documento, a <a href=\"https:\/\/www.estrategiaconcursos.com.br\/cursos\/concurso\/\" target=\"_blank\" rel=\"noreferrer noopener\">Secretaria Municipal de Educa\u00e7\u00e3o de Curitiba<\/a> oferece <strong>589  vagas<\/strong> distribu\u00eddas entre os cargos de<span style=\"font-size: revert; color: initial;\">: <\/span><\/p>\n\n\n\n<ul class=\"wp-block-list\"><li>Professores de Educa\u00e7\u00e3o Infantil;<\/li><li>Auxiliares de Servi\u00e7os Escolares;<\/li><li>Profissionais do Magist\u00e9rio Doc\u00eancia I; e<\/li><li>Profissionais do Magist\u00e9rio Doc\u00eancia II \u2013 Educa\u00e7\u00e3o F\u00edsica. <\/li><\/ul>\n\n\n\n<p>As oportunidades s\u00e3o de n\u00edvel fundamental, m\u00e9dio e superior de forma\u00e7\u00e3o, com algumas carreiras exigindo. Os sal\u00e1rios iniciais variam de <span style=\"font-size: revert; color: initial;\"><strong>R$ 1.761,25 a R$ 2.792,20<\/strong><\/span>.<\/p>\n\n\n\n<p>Os interessados em participar da sele\u00e7\u00e3o realizaram as inscri\u00e7\u00f5es no per\u00edodo de <strong>02 de agosto a 12 de<\/strong> <strong>setembro<\/strong>, no site da banca organizadora, UFPR. As taxas foram definidas de acordo com o cargo pretendido, sendo:<\/p>\n\n\n\n<ul class=\"wp-block-list\"><li><strong>n\u00edvel fundamental <\/strong>&#8211; R$ 60; <\/li><li><strong>n\u00edvel m\u00e9dio<\/strong> &#8211; R$ 80; e<\/li><li><strong>n\u00edvel superior <\/strong>&#8211; R$ 120.<strong> &nbsp;<\/strong><\/li><\/ul>\n\n\n\n<ul class=\"has-very-light-gray-to-cyan-bluish-gray-gradient-background has-background wp-block-list\"><li><strong>Status<\/strong>: inscri\u00e7\u00f5es encerradas<\/li><li><strong style=\"background-color: initial; color: initial;\">Banca:<\/strong> UFPR<\/li><li><strong>Vagas:<\/strong> 589<\/li><li><strong>Cargo<\/strong>: professores e auxiliares<\/li><li><strong>Sal\u00e1rio inicial:<\/strong> de R$ 1.761,25 a R$ 2.792,20<\/li><li><strong>Editais<\/strong>: <a href=\"https:\/\/dhg1h5j42swfq.cloudfront.net\/2022\/07\/21124436\/professores-de-educacao-infantil.pdf\" target=\"_blank\" rel=\"noreferrer noopener nofollow\">Professores de Educa\u00e7\u00e3o Infantil<\/a> \/\/ <a href=\"https:\/\/dhg1h5j42swfq.cloudfront.net\/2022\/07\/21124556\/auxiliares-de-servicos-escolares.pdf\" target=\"_blank\" rel=\"noreferrer noopener nofollow\">Auxiliares de Servi\u00e7os Escolares<\/a> \/\/ <a href=\"https:\/\/dhg1h5j42swfq.cloudfront.net\/2022\/07\/21124732\/profissionais-do-magisterio-docencia-i.pdf\" target=\"_blank\" rel=\"noreferrer noopener nofollow\">Profissionais do Magist\u00e9rio Doc\u00eancia I<\/a> \/\/<a href=\"https:\/\/dhg1h5j42swfq.cloudfront.net\/2022\/07\/21124851\/profissionais-do-magisterio-docencia-ii-educacao-fisica.pdf\" target=\"_blank\" rel=\"noreferrer noopener nofollow\"> Profissionais do Magist\u00e9rio Doc\u00eancia II \u2013 Educa\u00e7\u00e3o F\u00edsica<\/a><\/li><\/ul>\n\n\n\n<div class=\"container\" id=\"boxes\">\n  <div class=\"row\">\n\n    <div class=\"col-sm\">\n      <div class=\"banner-estrategia\" id=\"box-assinatura\">\n        <h3 class=\"titulo-assinatura\">Cursos para concursos<\/h3>\n        <p class=\"subtitulo-assinatura\">Estude conosco<\/p>\n        <div class=\"box-botao\">\n          <a class=\"btn-assinatura\" target=\"_blank\" href=\"https:\/\/www.estrategiaconcursos.com.br\/cursos\/\" role=\"button\" rel=\"noopener noreferrer\">Conhe\u00e7a os cursos<\/a>\n        <\/div>\n      <\/div>\n     \n    <\/div>\n\n  <\/div>\n<\/div>\n\n\n\n<h2 class=\"wp-block-heading\" id=\"datas\">Principais datas do edital educa\u00e7\u00e3o Curitiba <\/h2>\n\n\n\n<p class=\"has-very-light-gray-background-color has-background\"><strong>Inscri\u00e7\u00f5es<\/strong>: <s>02 de agosto a 12 de setembro de 2022<\/s><br \/><strong>Isen\u00e7\u00e3o da taxa<\/strong>: <s>02 a 08 de agosto<\/s><br \/><strong>\u00daltimo dia para pagamento<\/strong>: <s>12 de setembro<\/s><br \/><strong>Prova<\/strong>: 27 de novembro<\/p>\n\n\n\n<h2 class=\"wp-block-heading\" id=\"cargos-vagas\">Cargos e vagas do edital educa\u00e7\u00e3o Curitiba <\/h2>\n\n\n\n<p>S\u00e3o ofertadas, ao todos, 589 vagas, sendo:<\/p>\n\n\n\n<ul class=\"wp-block-list\"><li><strong>Professores de Educa\u00e7\u00e3o Infantil (256 vagas)<\/strong><ul><li>Sal\u00e1rio: R$ 2.792,20<br \/><\/li><\/ul><\/li><\/ul>\n\n\n\n<ul class=\"wp-block-list\"><li><strong>Auxiliares de Servi\u00e7os Escolares (175 vagas)<\/strong><ul><li>Sal\u00e1rio: R$ 1.761,25<br \/><\/li><\/ul><\/li><\/ul>\n\n\n\n<ul class=\"wp-block-list\"><li><strong>Profissionais do Magist\u00e9rio Doc\u00eancia I (147 vagas)<\/strong><ul><li>Sal\u00e1rio: R$ 2.325,23<\/li><\/ul><\/li><\/ul>\n\n\n\n<ul class=\"wp-block-list\"><li><strong>Profissionais do Magist\u00e9rio Doc\u00eancia II \u2013 Educa\u00e7\u00e3o F\u00edsica (11 vagas)<\/strong><ul><li>Sal\u00e1rio: R$ 2.325,23<br \/><\/li><\/ul><\/li><\/ul>\n\n\n\n<h2 class=\"wp-block-heading\" id=\"etapas\">Etapas e provas do edital educa\u00e7\u00e3o Curitiba <\/h2>\n\n\n\n<p>A sele\u00e7\u00e3o dos candidatos inscritos no edital educa\u00e7\u00e3o Curitiba se dar\u00e1 mediante aplica\u00e7\u00e3o das seguintes etapas:<\/p>\n\n\n\n<h3 class=\"wp-block-heading\" id=\"professores-de-educacao-infantil\">Professores de Educa\u00e7\u00e3o Infantil<\/h3>\n\n\n\n<ul class=\"wp-block-list\"><li>a) Para a Prova de Conhecimentos: 27\/11\/2022; <\/li><li>b) Para a Prova de Desenvolvimento Did\u00e1tico: em data a ser divulgada por meio de Edital<br \/>espec\u00edfico; e <\/li><li>c) Prova de T\u00edtulos, de car\u00e1ter exclusivamente classificat\u00f3rio.<br \/><br \/>Para o cargo de Professor de Educa\u00e7\u00e3o Infantil, a Prova de Conhecimentos ser\u00e1 realizada no per\u00edodo da manh\u00e3, com in\u00edcio \u00e0s 09h00min e dura\u00e7\u00e3o de 3 (tr\u00eas) horas. As vias de acesso (portas\/port\u00f5es) aos pr\u00e9dios onde ser\u00e1 realizada a prova ser\u00e3o abertas \u00e0s 08h00min e fechadas \u00e0s 08h30min.<\/li><\/ul>\n\n\n\n<h3 class=\"wp-block-heading\" id=\"auxiliares-de-servicos-escolares\">Auxiliares de Servi\u00e7os Escolares<\/h3>\n\n\n\n<p>Para o cargo deste Edital Normativo o Concurso P\u00fablico consistir\u00e1 de etapa \u00fanica de Prova de<br \/>Conhecimentos, de car\u00e1ter classificat\u00f3rio e eliminat\u00f3rio, de responsabilidade do NC\/UFPR.<\/p>\n\n\n\n<p>A Prova de Conhecimentos valer\u00e1 no m\u00e1ximo 100 (cem) pontos. As quest\u00f5es objetivas ter\u00e3o o formato de m\u00faltipla escolha, com cinco alternativas cada, das quais apenas uma deve ser assinalada. Em casos de dupla marca\u00e7\u00e3o, estas marca\u00e7\u00f5es ser\u00e3o consideradas como respostas erradas.<\/p>\n\n\n\n<p>A Prova de Conhecimentos, na modalidade objetiva, ser\u00e1 realizada no dia 27\/11\/2022, na cidade de Curitiba.<\/p>\n\n\n\n<p>Para o cargo de Auxiliar de Auxiliar de Servi\u00e7os Escolares, a Prova Objetiva ser\u00e1 realizada no per\u00edodo da tarde, com in\u00edcio \u00e0s 14h30min e dura\u00e7\u00e3o de 3 (tr\u00eas) horas. As vias de acesso (portas\/port\u00f5es) aos pr\u00e9dios onde ser\u00e1 realizada a prova ser\u00e3o abertas \u00e0s 13h30min e fechadas \u00e0s 14h00min.<\/p>\n\n\n\n<h3 class=\"wp-block-heading\" id=\"profissionais-do-magisterio-docencia-i-e-profissionais-do-magisterio-docencia-ii-educacao-fisica\">Profissionais do Magist\u00e9rio Doc\u00eancia I e Profissionais do Magist\u00e9rio Doc\u00eancia II \u2013 Educa\u00e7\u00e3o F\u00edsica<\/h3>\n\n\n\n<p>Para o cargo deste Edital Normativo, o Concurso P\u00fablico consistir\u00e1 de 3 (tr\u00eas) etapas, de<br \/>responsabilidade do NC\/UFPR, a saber:<\/p>\n\n\n\n<ul class=\"wp-block-list\"><li>a) Prova de Conhecimentos, de car\u00e1ter classificat\u00f3rio e eliminat\u00f3rio;<\/li><li>b) Prova de Desenvolvimento Did\u00e1tico, de car\u00e1ter eliminat\u00f3rio; e<\/li><li>c) Prova de T\u00edtulos, de car\u00e1ter exclusivamente classificat\u00f3rio.<\/li><\/ul>\n\n\n\n<p>A Prova de Conhecimentos valer\u00e1 no m\u00e1ximo 80 (oitenta) pontos. A composi\u00e7\u00e3o da prova por cargo, a pontua\u00e7\u00e3o atribu\u00edda para cada quest\u00e3o e o valor m\u00e1ximo em cada \u00e1rea de conhecimento ser\u00e1:<\/p>\n\n\n\n<p>As quest\u00f5es objetivas ter\u00e3o o formato de m\u00faltipla escolha, com cinco alternativas cada, das quais<br \/>apenas uma deve ser assinalada. Em casos de dupla marca\u00e7\u00e3o, estas marca\u00e7\u00f5es ser\u00e3o consideradas como respostas erradas.<br \/><br \/>A Prova de Conhecimentos, na modalidade objetiva, ser\u00e1 realizada no dia 27\/11\/2022, na cidade de<br \/>Curitiba.<\/p>\n\n\n\n<p>Para o cargo de Profissional do Magist\u00e9rio \u2013 \u00c1rea de Atua\u00e7\u00e3o: Doc\u00eancia I, a Prova de Conhecimentos ser\u00e1 realizada no per\u00edodo da tarde, com in\u00edcio \u00e0s 14h30min e dura\u00e7\u00e3o de 3 (tr\u00eas) horas. As vias de acesso (portas\/port\u00f5es) aos pr\u00e9dios onde ser\u00e1 realizada a prova ser\u00e3o abertas \u00e0s 13h30min e fechadas \u00e0s 14h00min.<\/p>\n\n\n\n<p>Para o cargo de Profissional do Magist\u00e9rio \u2013 \u00c1rea de Atua\u00e7\u00e3o: Doc\u00eancia II \u2013 Professor de Educa\u00e7\u00e3o F\u00edsica, a Prova de Conhecimentos ser\u00e1 realizada no per\u00edodo da manh\u00e3, com in\u00edcio \u00e0s 09h00min e dura\u00e7\u00e3o de 3 (tr\u00eas) horas. As vias de acesso (portas\/port\u00f5es) aos pr\u00e9dios onde ser\u00e1 realizada a prova ser\u00e3o abertas \u00e0s 08h00min e fechadas \u00e0s 08h30min.<\/p>\n\n\n\n<p class=\"has-text-align-center has-cyan-bluish-gray-background-color has-background has-medium-font-size\"><strong>Saiba mais: <a href=\"https:\/\/www.estrategiaconcursos.com.br\/blog\/concurso-educacao-curitiba\/\" target=\"_blank\" rel=\"noreferrer noopener\">Concurso educa\u00e7\u00e3o Curitiba<\/a><\/strong><\/p>\n\n\n\n<h2 class=\"has-text-align-center wp-block-heading\" id=\"h-quer-saber-tudo-sobre-concursos-previstos-confira-nossos-artigos\">Quer saber tudo sobre concursos previstos?<br \/>Confira  nossos artigos!<\/h2>\n\n\n\n<ul class=\"wp-block-list\"><li><a href=\"https:\/\/www.estrategiaconcursos.com.br\/blog\/concursos-abertos\/\" target=\"_blank\" rel=\"noreferrer noopener\">Concursos abertos<\/a><\/li><li><a href=\"https:\/\/www.estrategiaconcursos.com.br\/blog\/concursos-2022\/\" target=\"_blank\" rel=\"noreferrer noopener\">Concursos 2022<\/a><\/li><\/ul>\n\n\n\n<div class=\"container\" id=\"boxes\">\n  <div class=\"row\">\n\n    <div class=\"col-sm\">\n      <div class=\"estrategia\" id=\"box-assinatura\">\n        <h3 class=\"titulo-assinatura\">Assinatura de Concursos<\/h3>\n        <p class=\"subtitulo-assinatura\">Assinatura de 1 ano ou 2 anos<\/p>\n        <div class=\"box-botao\">\n          <a class=\"btn-assinatura\" target=\"_blank\" href=\"https:\/\/www.estrategiaconcursos.com.br\/assinaturas\/\" role=\"button\" rel=\"noopener noreferrer\">ASSINE AGORA<\/a>\n        <\/div>\n      <\/div>\n     \n    <\/div><\/div><\/div>\n\n\n\n<figure class=\"wp-block-image size-large is-resized\"><img loading=\"lazy\" decoding=\"async\" src=\"https:\/\/dhg1h5j42swfq.cloudfront.net\/2025\/06\/27101122\/ficha-tecnica-1-1024x632.png\" alt=\"Informa\u00e7\u00f5es do edital educa\u00e7\u00e3o Curitiba \" class=\"wp-image-702728\" width=\"269\" height=\"166\" srcset=\"https:\/\/dhg1h5j42swfq.cloudfront.net\/2025\/06\/27101122\/ficha-tecnica-1-1024x632.png 1024w, https:\/\/dhg1h5j42swfq.cloudfront.net\/2025\/06\/27101122\/ficha-tecnica-1-300x185.png 300w, https:\/\/dhg1h5j42swfq.cloudfront.net\/2025\/06\/27101122\/ficha-tecnica-1-768x474.png 768w, https:\/\/dhg1h5j42swfq.cloudfront.net\/2025\/06\/27101122\/ficha-tecnica-1-1536x948.png 1536w, https:\/\/dhg1h5j42swfq.cloudfront.net\/2025\/06\/27101122\/ficha-tecnica-1-610x377.png 610w, https:\/\/dhg1h5j42swfq.cloudfront.net\/2025\/06\/27101122\/ficha-tecnica-1.png 1571w\" sizes=\"auto, (max-width: 269px) 100vw, 269px\" \/><\/figure>\n\n\n\n<h3 class=\"wp-block-heading\" id=\"block-ba1614b5-988b-41ef-892d-f4c9f7e9dd42\">Informa\u00e7\u00f5es do edital educa\u00e7\u00e3o Curitiba<\/h3>\n\n\n\n<ul class=\"wp-block-list\" id=\"block-46dd482c-33cf-409c-8762-75c111403f14\"><li><strong>Inscri\u00e7\u00f5es<\/strong>: <s>02 de agosto a 12 de setembro de 2022<\/s><\/li><li><strong>Provas<\/strong>: 27 de novembro <\/li><li><strong>Vagas<\/strong>: 589<\/li><li><strong>Cargos<\/strong>: professores e auxiliares <\/li><li><strong>Banca<\/strong>: UFPR<\/li><li><strong>Escolaridade<\/strong>: fundamental, m\u00e9dio e superior <\/li><li><strong>Edital<\/strong>:\u00a0<a href=\"https:\/\/dhg1h5j42swfq.cloudfront.net\/2022\/07\/21124436\/professores-de-educacao-infantil.pdf\" target=\"_blank\" rel=\"noreferrer noopener nofollow\">Professores de Educa\u00e7\u00e3o Infantil<\/a> \/\/ <a href=\"https:\/\/dhg1h5j42swfq.cloudfront.net\/2022\/07\/21124556\/auxiliares-de-servicos-escolares.pdf\" target=\"_blank\" rel=\"noreferrer noopener nofollow\">Auxiliares de Servi\u00e7os Escolares<\/a> \/\/ <a href=\"https:\/\/dhg1h5j42swfq.cloudfront.net\/2022\/07\/21124732\/profissionais-do-magisterio-docencia-i.pdf\" target=\"_blank\" rel=\"noreferrer noopener nofollow\">Profissionais do Magist\u00e9rio Doc\u00eancia I<\/a> \/\/<a href=\"https:\/\/dhg1h5j42swfq.cloudfront.net\/2022\/07\/21124851\/profissionais-do-magisterio-docencia-ii-educacao-fisica.pdf\" target=\"_blank\" rel=\"noreferrer noopener nofollow\"> Profissionais do Magist\u00e9rio Doc\u00eancia II \u2013 Educa\u00e7\u00e3o F\u00edsica<\/a><\/li><\/ul>\n","protected":false},"excerpt":{"rendered":"<p>Est\u00e3o encerradas as inscri\u00e7\u00f5es para o edital educa\u00e7\u00e3o Curitiba! Conforme o documento, a Secretaria Municipal de Educa\u00e7\u00e3o de Curitiba oferece 589 vagas distribu\u00eddas entre os cargos de: Professores de Educa\u00e7\u00e3o Infantil; Auxiliares de Servi\u00e7os Escolares; Profissionais do Magist\u00e9rio Doc\u00eancia I; e Profissionais do Magist\u00e9rio Doc\u00eancia II \u2013 Educa\u00e7\u00e3o F\u00edsica. As oportunidades s\u00e3o de n\u00edvel fundamental, [&hellip;]<\/p>\n","protected":false},"author":2375,"featured_media":1064635,"comment_status":"open","ping_status":"closed","sticky":false,"template":"","format":"standard","meta":{"post_tipo":"news","footnotes":""},"categories":[3766,220219],"tags":[],"tax_estado":[219981],"class_list":["post-1064607","post","type-post","status-publish","format-standard","has-post-thumbnail","hentry","category-educacional","category-noticias","tax_estado-pr"],"acf":[],"yoast_head":"<!-- This site is optimized with the Yoast SEO Premium plugin v27.2 (Yoast SEO v27.2) - https:\/\/yoast.com\/product\/yoast-seo-premium-wordpress\/ -->\n<title>Edital educa\u00e7\u00e3o Curitiba est\u00e1 com as inscri\u00e7\u00f5es encerradas; 589 vagas!<\/title>\n<meta name=\"description\" content=\"Edital educa\u00e7\u00e3o Curitiba \u00e9 publicado com a oferta de 589 vagas para cargos de n\u00edveis fundamental, m\u00e9dio e superior. Veja!\" \/>\n<meta name=\"robots\" content=\"index, follow, max-snippet:-1, max-image-preview:large, max-video-preview:-1\" \/>\n<link rel=\"canonical\" href=\"https:\/\/www.estrategiaconcursos.com.br\/blog\/concurso-educacao-curitiba-edital-publicado\/\" \/>\n<meta property=\"og:locale\" content=\"pt_BR\" \/>\n<meta property=\"og:type\" content=\"article\" \/>\n<meta property=\"og:title\" content=\"Edital educa\u00e7\u00e3o Curitiba est\u00e1 com as inscri\u00e7\u00f5es encerradas; 589 vagas!\" \/>\n<meta property=\"og:description\" content=\"Edital educa\u00e7\u00e3o Curitiba \u00e9 publicado com a oferta de 589 vagas para cargos de n\u00edveis fundamental, m\u00e9dio e superior. Veja!\" \/>\n<meta property=\"og:url\" content=\"https:\/\/www.estrategiaconcursos.com.br\/blog\/concurso-educacao-curitiba-edital-publicado\/\" \/>\n<meta property=\"og:site_name\" content=\"Estrat\u00e9gia Concursos\" \/>\n<meta property=\"article:published_time\" content=\"2022-07-21T15:55:35+00:00\" \/>\n<meta property=\"article:modified_time\" content=\"2022-09-13T21:26:13+00:00\" \/>\n<meta property=\"og:image\" content=\"https:\/\/dhg1h5j42swfq.cloudfront.net\/2022\/07\/21125515\/concurso-educacao-curitiba-edital-publicado.png\" \/>\n\t<meta property=\"og:image:width\" content=\"150\" \/>\n\t<meta property=\"og:image:height\" content=\"150\" \/>\n\t<meta property=\"og:image:type\" content=\"image\/png\" \/>\n<meta name=\"author\" content=\"Priscila Almeida\" \/>\n<meta name=\"twitter:card\" content=\"summary_large_image\" \/>\n<meta name=\"twitter:creator\" content=\"@EstratConcursos\" \/>\n<meta name=\"twitter:site\" content=\"@EstratConcursos\" \/>\n<meta name=\"twitter:label1\" content=\"Escrito por\" \/>\n\t<meta name=\"twitter:data1\" content=\"Priscila Almeida\" \/>\n\t<meta name=\"twitter:label2\" content=\"Est. tempo de leitura\" \/>\n\t<meta name=\"twitter:data2\" content=\"5 minutos\" \/>\n<script type=\"application\/ld+json\" class=\"yoast-schema-graph\">{\"@context\":\"https:\/\/schema.org\",\"@graph\":[{\"@type\":\"NewsArticle\",\"@id\":\"https:\/\/www.estrategiaconcursos.com.br\/blog\/concurso-educacao-curitiba-edital-publicado\/#article\",\"isPartOf\":{\"@id\":\"https:\/\/www.estrategiaconcursos.com.br\/blog\/concurso-educacao-curitiba-edital-publicado\/\"},\"author\":{\"name\":\"Priscila Almeida\",\"@id\":\"https:\/\/www.estrategiaconcursos.com.br\/blog\/#\/schema\/person\/a06e841e501f2e1d8c49c4e8f066bfd1\"},\"headline\":\"Edital educa\u00e7\u00e3o Curitiba est\u00e1 com as inscri\u00e7\u00f5es encerradas; 589 vagas!\",\"datePublished\":\"2022-07-21T15:55:35+00:00\",\"dateModified\":\"2022-09-13T21:26:13+00:00\",\"mainEntityOfPage\":{\"@id\":\"https:\/\/www.estrategiaconcursos.com.br\/blog\/concurso-educacao-curitiba-edital-publicado\/\"},\"wordCount\":972,\"commentCount\":0,\"publisher\":{\"@id\":\"https:\/\/www.estrategiaconcursos.com.br\/blog\/#organization\"},\"image\":{\"@id\":\"https:\/\/www.estrategiaconcursos.com.br\/blog\/concurso-educacao-curitiba-edital-publicado\/#primaryimage\"},\"thumbnailUrl\":\"https:\/\/dhg1h5j42swfq.cloudfront.net\/2022\/07\/21125515\/concurso-educacao-curitiba-edital-publicado.png\",\"articleSection\":[\"Educa\u00e7\u00e3o\",\"\u00daltimas not\u00edcias\"],\"inLanguage\":\"pt-BR\",\"potentialAction\":[{\"@type\":\"CommentAction\",\"name\":\"Comment\",\"target\":[\"https:\/\/www.estrategiaconcursos.com.br\/blog\/concurso-educacao-curitiba-edital-publicado\/#respond\"]}],\"copyrightYear\":\"2022\",\"copyrightHolder\":{\"@id\":\"https:\/\/www.estrategiaconcursos.com.br\/blog\/#organization\"}},{\"@type\":\"WebPage\",\"@id\":\"https:\/\/www.estrategiaconcursos.com.br\/blog\/concurso-educacao-curitiba-edital-publicado\/\",\"url\":\"https:\/\/www.estrategiaconcursos.com.br\/blog\/concurso-educacao-curitiba-edital-publicado\/\",\"name\":\"Edital educa\u00e7\u00e3o Curitiba est\u00e1 com as inscri\u00e7\u00f5es encerradas; 589 vagas!\",\"isPartOf\":{\"@id\":\"https:\/\/www.estrategiaconcursos.com.br\/blog\/#website\"},\"primaryImageOfPage\":{\"@id\":\"https:\/\/www.estrategiaconcursos.com.br\/blog\/concurso-educacao-curitiba-edital-publicado\/#primaryimage\"},\"image\":{\"@id\":\"https:\/\/www.estrategiaconcursos.com.br\/blog\/concurso-educacao-curitiba-edital-publicado\/#primaryimage\"},\"thumbnailUrl\":\"https:\/\/dhg1h5j42swfq.cloudfront.net\/2022\/07\/21125515\/concurso-educacao-curitiba-edital-publicado.png\",\"datePublished\":\"2022-07-21T15:55:35+00:00\",\"dateModified\":\"2022-09-13T21:26:13+00:00\",\"description\":\"Edital educa\u00e7\u00e3o Curitiba \u00e9 publicado com a oferta de 589 vagas para cargos de n\u00edveis fundamental, m\u00e9dio e superior. Veja!\",\"breadcrumb\":{\"@id\":\"https:\/\/www.estrategiaconcursos.com.br\/blog\/concurso-educacao-curitiba-edital-publicado\/#breadcrumb\"},\"inLanguage\":\"pt-BR\",\"potentialAction\":[{\"@type\":\"ReadAction\",\"target\":[\"https:\/\/www.estrategiaconcursos.com.br\/blog\/concurso-educacao-curitiba-edital-publicado\/\"]}]},{\"@type\":\"ImageObject\",\"inLanguage\":\"pt-BR\",\"@id\":\"https:\/\/www.estrategiaconcursos.com.br\/blog\/concurso-educacao-curitiba-edital-publicado\/#primaryimage\",\"url\":\"https:\/\/dhg1h5j42swfq.cloudfront.net\/2022\/07\/21125515\/concurso-educacao-curitiba-edital-publicado.png\",\"contentUrl\":\"https:\/\/dhg1h5j42swfq.cloudfront.net\/2022\/07\/21125515\/concurso-educacao-curitiba-edital-publicado.png\",\"width\":150,\"height\":150},{\"@type\":\"BreadcrumbList\",\"@id\":\"https:\/\/www.estrategiaconcursos.com.br\/blog\/concurso-educacao-curitiba-edital-publicado\/#breadcrumb\",\"itemListElement\":[{\"@type\":\"ListItem\",\"position\":1,\"name\":\"In\u00edcio\",\"item\":\"https:\/\/www.estrategiaconcursos.com.br\/blog\/\"},{\"@type\":\"ListItem\",\"position\":2,\"name\":\"Edital educa\u00e7\u00e3o Curitiba est\u00e1 com as inscri\u00e7\u00f5es encerradas; 589 vagas!\"}]},{\"@type\":\"WebSite\",\"@id\":\"https:\/\/www.estrategiaconcursos.com.br\/blog\/#website\",\"url\":\"https:\/\/www.estrategiaconcursos.com.br\/blog\/\",\"name\":\"Estrat\u00e9gia Concursos\",\"description\":\"O blog da Estrat\u00e9gia Concursos traz not\u00edcias sobre concursos e artigos de professores oferecendo cursos para concursos (pdf + videaulas) no site.\",\"publisher\":{\"@id\":\"https:\/\/www.estrategiaconcursos.com.br\/blog\/#organization\"},\"potentialAction\":[{\"@type\":\"SearchAction\",\"target\":{\"@type\":\"EntryPoint\",\"urlTemplate\":\"https:\/\/www.estrategiaconcursos.com.br\/blog\/?s={search_term_string}\"},\"query-input\":{\"@type\":\"PropertyValueSpecification\",\"valueRequired\":true,\"valueName\":\"search_term_string\"}}],\"inLanguage\":\"pt-BR\"},{\"@type\":\"Organization\",\"@id\":\"https:\/\/www.estrategiaconcursos.com.br\/blog\/#organization\",\"name\":\"Estrat\u00e9gia Concursos\",\"url\":\"https:\/\/www.estrategiaconcursos.com.br\/blog\/\",\"logo\":{\"@type\":\"ImageObject\",\"inLanguage\":\"pt-BR\",\"@id\":\"https:\/\/www.estrategiaconcursos.com.br\/blog\/#\/schema\/logo\/image\/\",\"url\":\"https:\/\/dhg1h5j42swfq.cloudfront.net\/2025\/06\/03203428\/logo_concursos-1.jpg\",\"contentUrl\":\"https:\/\/dhg1h5j42swfq.cloudfront.net\/2025\/06\/03203428\/logo_concursos-1.jpg\",\"width\":230,\"height\":60,\"caption\":\"Estrat\u00e9gia Concursos\"},\"image\":{\"@id\":\"https:\/\/www.estrategiaconcursos.com.br\/blog\/#\/schema\/logo\/image\/\"},\"sameAs\":[\"https:\/\/x.com\/EstratConcursos\"]},{\"@type\":\"Person\",\"@id\":\"https:\/\/www.estrategiaconcursos.com.br\/blog\/#\/schema\/person\/a06e841e501f2e1d8c49c4e8f066bfd1\",\"name\":\"Priscila Almeida\",\"image\":{\"@type\":\"ImageObject\",\"inLanguage\":\"pt-BR\",\"@id\":\"https:\/\/secure.gravatar.com\/avatar\/0a963c9e2a947fa675b669cea2b5d0ba6dd1cbf46b966190343b6c9973ad3337?s=96&d=mm&r=g\",\"url\":\"https:\/\/secure.gravatar.com\/avatar\/0a963c9e2a947fa675b669cea2b5d0ba6dd1cbf46b966190343b6c9973ad3337?s=96&d=mm&r=g\",\"contentUrl\":\"https:\/\/secure.gravatar.com\/avatar\/0a963c9e2a947fa675b669cea2b5d0ba6dd1cbf46b966190343b6c9973ad3337?s=96&d=mm&r=g\",\"caption\":\"Priscila Almeida\"},\"description\":\"Atua na \u00e1rea de concursos p\u00fablicos desde 2019. As editorias que mais t\u00eam familiaridade s\u00e3o: Tribunais (TJs; TRTs; TREs; TSTs; STJ, STF, STM e TSE); Defensorias; Minist\u00e9rios P\u00fablicos; Procuradorias; Educa\u00e7\u00e3o e Conselhos. Na \u00e1rea de comunica\u00e7\u00e3o, de maneira geral, a caminhada \u00e9 um pouco mais longa - desde 2007. Possui experi\u00eancia em reda\u00e7\u00f5es de r\u00e1dio, TV, Web e impresso, al\u00e9m de desenvolver trabalhos em assessorias de comunica\u00e7\u00e3o institucional, empresarial e p\u00fablicas. Entre outros trabalhos, se destacam a atua\u00e7\u00e3o nas \u00e1reas de Justi\u00e7a, Congresso, Esportes, Sa\u00fade, Agropecu\u00e1ria, Cidades e Avia\u00e7\u00e3o Civil.\",\"url\":\"https:\/\/www.estrategiaconcursos.com.br\/blog\/author\/priscila-almeidaestrategia-com\/\"}]}<\/script>\n<!-- \/ Yoast SEO Premium plugin. -->","yoast_head_json":{"title":"Edital educa\u00e7\u00e3o Curitiba est\u00e1 com as inscri\u00e7\u00f5es encerradas; 589 vagas!","description":"Edital educa\u00e7\u00e3o Curitiba \u00e9 publicado com a oferta de 589 vagas para cargos de n\u00edveis fundamental, m\u00e9dio e superior. Veja!","robots":{"index":"index","follow":"follow","max-snippet":"max-snippet:-1","max-image-preview":"max-image-preview:large","max-video-preview":"max-video-preview:-1"},"canonical":"https:\/\/www.estrategiaconcursos.com.br\/blog\/concurso-educacao-curitiba-edital-publicado\/","og_locale":"pt_BR","og_type":"article","og_title":"Edital educa\u00e7\u00e3o Curitiba est\u00e1 com as inscri\u00e7\u00f5es encerradas; 589 vagas!","og_description":"Edital educa\u00e7\u00e3o Curitiba \u00e9 publicado com a oferta de 589 vagas para cargos de n\u00edveis fundamental, m\u00e9dio e superior. Veja!","og_url":"https:\/\/www.estrategiaconcursos.com.br\/blog\/concurso-educacao-curitiba-edital-publicado\/","og_site_name":"Estrat\u00e9gia Concursos","article_published_time":"2022-07-21T15:55:35+00:00","article_modified_time":"2022-09-13T21:26:13+00:00","og_image":[{"width":150,"height":150,"url":"https:\/\/dhg1h5j42swfq.cloudfront.net\/2022\/07\/21125515\/concurso-educacao-curitiba-edital-publicado.png","type":"image\/png"}],"author":"Priscila Almeida","twitter_card":"summary_large_image","twitter_creator":"@EstratConcursos","twitter_site":"@EstratConcursos","twitter_misc":{"Escrito por":"Priscila Almeida","Est. tempo de leitura":"5 minutos"},"schema":{"@context":"https:\/\/schema.org","@graph":[{"@type":"NewsArticle","@id":"https:\/\/www.estrategiaconcursos.com.br\/blog\/concurso-educacao-curitiba-edital-publicado\/#article","isPartOf":{"@id":"https:\/\/www.estrategiaconcursos.com.br\/blog\/concurso-educacao-curitiba-edital-publicado\/"},"author":{"name":"Priscila Almeida","@id":"https:\/\/www.estrategiaconcursos.com.br\/blog\/#\/schema\/person\/a06e841e501f2e1d8c49c4e8f066bfd1"},"headline":"Edital educa\u00e7\u00e3o Curitiba est\u00e1 com as inscri\u00e7\u00f5es encerradas; 589 vagas!","datePublished":"2022-07-21T15:55:35+00:00","dateModified":"2022-09-13T21:26:13+00:00","mainEntityOfPage":{"@id":"https:\/\/www.estrategiaconcursos.com.br\/blog\/concurso-educacao-curitiba-edital-publicado\/"},"wordCount":972,"commentCount":0,"publisher":{"@id":"https:\/\/www.estrategiaconcursos.com.br\/blog\/#organization"},"image":{"@id":"https:\/\/www.estrategiaconcursos.com.br\/blog\/concurso-educacao-curitiba-edital-publicado\/#primaryimage"},"thumbnailUrl":"https:\/\/dhg1h5j42swfq.cloudfront.net\/2022\/07\/21125515\/concurso-educacao-curitiba-edital-publicado.png","articleSection":["Educa\u00e7\u00e3o","\u00daltimas not\u00edcias"],"inLanguage":"pt-BR","potentialAction":[{"@type":"CommentAction","name":"Comment","target":["https:\/\/www.estrategiaconcursos.com.br\/blog\/concurso-educacao-curitiba-edital-publicado\/#respond"]}],"copyrightYear":"2022","copyrightHolder":{"@id":"https:\/\/www.estrategiaconcursos.com.br\/blog\/#organization"}},{"@type":"WebPage","@id":"https:\/\/www.estrategiaconcursos.com.br\/blog\/concurso-educacao-curitiba-edital-publicado\/","url":"https:\/\/www.estrategiaconcursos.com.br\/blog\/concurso-educacao-curitiba-edital-publicado\/","name":"Edital educa\u00e7\u00e3o Curitiba est\u00e1 com as inscri\u00e7\u00f5es encerradas; 589 vagas!","isPartOf":{"@id":"https:\/\/www.estrategiaconcursos.com.br\/blog\/#website"},"primaryImageOfPage":{"@id":"https:\/\/www.estrategiaconcursos.com.br\/blog\/concurso-educacao-curitiba-edital-publicado\/#primaryimage"},"image":{"@id":"https:\/\/www.estrategiaconcursos.com.br\/blog\/concurso-educacao-curitiba-edital-publicado\/#primaryimage"},"thumbnailUrl":"https:\/\/dhg1h5j42swfq.cloudfront.net\/2022\/07\/21125515\/concurso-educacao-curitiba-edital-publicado.png","datePublished":"2022-07-21T15:55:35+00:00","dateModified":"2022-09-13T21:26:13+00:00","description":"Edital educa\u00e7\u00e3o Curitiba \u00e9 publicado com a oferta de 589 vagas para cargos de n\u00edveis fundamental, m\u00e9dio e superior. Veja!","breadcrumb":{"@id":"https:\/\/www.estrategiaconcursos.com.br\/blog\/concurso-educacao-curitiba-edital-publicado\/#breadcrumb"},"inLanguage":"pt-BR","potentialAction":[{"@type":"ReadAction","target":["https:\/\/www.estrategiaconcursos.com.br\/blog\/concurso-educacao-curitiba-edital-publicado\/"]}]},{"@type":"ImageObject","inLanguage":"pt-BR","@id":"https:\/\/www.estrategiaconcursos.com.br\/blog\/concurso-educacao-curitiba-edital-publicado\/#primaryimage","url":"https:\/\/dhg1h5j42swfq.cloudfront.net\/2022\/07\/21125515\/concurso-educacao-curitiba-edital-publicado.png","contentUrl":"https:\/\/dhg1h5j42swfq.cloudfront.net\/2022\/07\/21125515\/concurso-educacao-curitiba-edital-publicado.png","width":150,"height":150},{"@type":"BreadcrumbList","@id":"https:\/\/www.estrategiaconcursos.com.br\/blog\/concurso-educacao-curitiba-edital-publicado\/#breadcrumb","itemListElement":[{"@type":"ListItem","position":1,"name":"In\u00edcio","item":"https:\/\/www.estrategiaconcursos.com.br\/blog\/"},{"@type":"ListItem","position":2,"name":"Edital educa\u00e7\u00e3o Curitiba est\u00e1 com as inscri\u00e7\u00f5es encerradas; 589 vagas!"}]},{"@type":"WebSite","@id":"https:\/\/www.estrategiaconcursos.com.br\/blog\/#website","url":"https:\/\/www.estrategiaconcursos.com.br\/blog\/","name":"Estrat\u00e9gia Concursos","description":"O blog da Estrat\u00e9gia Concursos traz not\u00edcias sobre concursos e artigos de professores oferecendo cursos para concursos (pdf + videaulas) no site.","publisher":{"@id":"https:\/\/www.estrategiaconcursos.com.br\/blog\/#organization"},"potentialAction":[{"@type":"SearchAction","target":{"@type":"EntryPoint","urlTemplate":"https:\/\/www.estrategiaconcursos.com.br\/blog\/?s={search_term_string}"},"query-input":{"@type":"PropertyValueSpecification","valueRequired":true,"valueName":"search_term_string"}}],"inLanguage":"pt-BR"},{"@type":"Organization","@id":"https:\/\/www.estrategiaconcursos.com.br\/blog\/#organization","name":"Estrat\u00e9gia Concursos","url":"https:\/\/www.estrategiaconcursos.com.br\/blog\/","logo":{"@type":"ImageObject","inLanguage":"pt-BR","@id":"https:\/\/www.estrategiaconcursos.com.br\/blog\/#\/schema\/logo\/image\/","url":"https:\/\/dhg1h5j42swfq.cloudfront.net\/2025\/06\/03203428\/logo_concursos-1.jpg","contentUrl":"https:\/\/dhg1h5j42swfq.cloudfront.net\/2025\/06\/03203428\/logo_concursos-1.jpg","width":230,"height":60,"caption":"Estrat\u00e9gia Concursos"},"image":{"@id":"https:\/\/www.estrategiaconcursos.com.br\/blog\/#\/schema\/logo\/image\/"},"sameAs":["https:\/\/x.com\/EstratConcursos"]},{"@type":"Person","@id":"https:\/\/www.estrategiaconcursos.com.br\/blog\/#\/schema\/person\/a06e841e501f2e1d8c49c4e8f066bfd1","name":"Priscila Almeida","image":{"@type":"ImageObject","inLanguage":"pt-BR","@id":"https:\/\/secure.gravatar.com\/avatar\/0a963c9e2a947fa675b669cea2b5d0ba6dd1cbf46b966190343b6c9973ad3337?s=96&d=mm&r=g","url":"https:\/\/secure.gravatar.com\/avatar\/0a963c9e2a947fa675b669cea2b5d0ba6dd1cbf46b966190343b6c9973ad3337?s=96&d=mm&r=g","contentUrl":"https:\/\/secure.gravatar.com\/avatar\/0a963c9e2a947fa675b669cea2b5d0ba6dd1cbf46b966190343b6c9973ad3337?s=96&d=mm&r=g","caption":"Priscila Almeida"},"description":"Atua na \u00e1rea de concursos p\u00fablicos desde 2019. As editorias que mais t\u00eam familiaridade s\u00e3o: Tribunais (TJs; TRTs; TREs; TSTs; STJ, STF, STM e TSE); Defensorias; Minist\u00e9rios P\u00fablicos; Procuradorias; Educa\u00e7\u00e3o e Conselhos. Na \u00e1rea de comunica\u00e7\u00e3o, de maneira geral, a caminhada \u00e9 um pouco mais longa - desde 2007. Possui experi\u00eancia em reda\u00e7\u00f5es de r\u00e1dio, TV, Web e impresso, al\u00e9m de desenvolver trabalhos em assessorias de comunica\u00e7\u00e3o institucional, empresarial e p\u00fablicas. Entre outros trabalhos, se destacam a atua\u00e7\u00e3o nas \u00e1reas de Justi\u00e7a, Congresso, Esportes, Sa\u00fade, Agropecu\u00e1ria, Cidades e Avia\u00e7\u00e3o Civil.","url":"https:\/\/www.estrategiaconcursos.com.br\/blog\/author\/priscila-almeidaestrategia-com\/"}]}},"_links":{"self":[{"href":"https:\/\/www.estrategiaconcursos.com.br\/blog\/wp-json\/wp\/v2\/posts\/1064607","targetHints":{"allow":["GET"]}}],"collection":[{"href":"https:\/\/www.estrategiaconcursos.com.br\/blog\/wp-json\/wp\/v2\/posts"}],"about":[{"href":"https:\/\/www.estrategiaconcursos.com.br\/blog\/wp-json\/wp\/v2\/types\/post"}],"author":[{"embeddable":true,"href":"https:\/\/www.estrategiaconcursos.com.br\/blog\/wp-json\/wp\/v2\/users\/2375"}],"replies":[{"embeddable":true,"href":"https:\/\/www.estrategiaconcursos.com.br\/blog\/wp-json\/wp\/v2\/comments?post=1064607"}],"version-history":[{"count":15,"href":"https:\/\/www.estrategiaconcursos.com.br\/blog\/wp-json\/wp\/v2\/posts\/1064607\/revisions"}],"predecessor-version":[{"id":1094105,"href":"https:\/\/www.estrategiaconcursos.com.br\/blog\/wp-json\/wp\/v2\/posts\/1064607\/revisions\/1094105"}],"wp:featuredmedia":[{"embeddable":true,"href":"https:\/\/www.estrategiaconcursos.com.br\/blog\/wp-json\/wp\/v2\/media\/1064635"}],"wp:attachment":[{"href":"https:\/\/www.estrategiaconcursos.com.br\/blog\/wp-json\/wp\/v2\/media?parent=1064607"}],"wp:term":[{"taxonomy":"category","embeddable":true,"href":"https:\/\/www.estrategiaconcursos.com.br\/blog\/wp-json\/wp\/v2\/categories?post=1064607"},{"taxonomy":"post_tag","embeddable":true,"href":"https:\/\/www.estrategiaconcursos.com.br\/blog\/wp-json\/wp\/v2\/tags?post=1064607"},{"taxonomy":"tax_estado","embeddable":true,"href":"https:\/\/www.estrategiaconcursos.com.br\/blog\/wp-json\/wp\/v2\/tax_estado?post=1064607"}],"curies":[{"name":"wp","href":"https:\/\/api.w.org\/{rel}","templated":true}]}}