{"id":1064589,"date":"2022-07-21T12:18:46","date_gmt":"2022-07-21T15:18:46","guid":{"rendered":"https:\/\/www.estrategiaconcursos.com.br\/blog\/?p=1064589"},"modified":"2022-07-21T12:19:30","modified_gmt":"2022-07-21T15:19:30","slug":"concurso-trt-ma-veja-ultimo-edital","status":"publish","type":"post","link":"https:\/\/www.estrategiaconcursos.com.br\/blog\/concurso-trt-ma-veja-ultimo-edital\/","title":{"rendered":"Concurso TRT MA (16\u00aa regi\u00e3o): confira o \u00faltimo edital"},"content":{"rendered":"\n<p> A FGV (Funda\u00e7\u00e3o Get\u00falio Vargas) \u00e9 a empresa respons\u00e1vel pelo concurso do<strong> <\/strong><a href=\"https:\/\/www.estrategiaconcursos.com.br\/cursosPorConcurso\/trt-16-regiao-maranhao-250\/\" target=\"_blank\" rel=\"noreferrer noopener\"><strong>Tribunal Regional do Trabalho do Maranh\u00e3o da 16\u00aa regi\u00e3o<\/strong><\/a>. Enquanto n\u00e3o \u00e9 publicado o novo certame, que tal conferir como foi o \u00faltimo <strong>edital do concurso TRT MA<\/strong>?<\/p>\n\n\n\n<h2 class=\"wp-block-heading\" id=\"ultimo-concurso-trt-ma\">\u00daltimo concurso TRT MA <\/h2>\n\n\n\n<p>O \u00faltimo <strong>concurso p\u00fablico<\/strong> do TRT BA foi homologado em 2014. O certame foi organizado pela FCC (Funda\u00e7\u00e3o Carlos Chagas). <\/p>\n\n\n\n<p>A sele\u00e7\u00e3o ofertou 21 vagas mais cadastro de reserva para os cargos de Analista Judici\u00e1rio (n\u00edvel m\u00e9dio) e T\u00e9cnico Judici\u00e1rio (n\u00edvel superior).<\/p>\n\n\n\n<p>O concurso do Tribunal Regional do Trabalho do Maranh\u00e3o da 16\u00aa regi\u00e3o foi composto por duas etapas, sendo elas uma<strong>\u00a0Prova Objetiva<\/strong>\u00a0de conhecimentos gerais e espec\u00edficos e uma\u00a0<strong>Prova Discursiva<\/strong>\u00a0(Reda\u00e7\u00e3o). Exclusivamente para o cargo de Engenharia, foi aplicado um<strong>\u00a0Estudo de Caso\u00a0<\/strong>no lugar da reda\u00e7\u00e3o.<\/p>\n\n\n\n<ul class=\"wp-block-list\"><li><strong>Prova Objetiva<\/strong>\u00a0(eliminat\u00f3rio e classificat\u00f3rio)<\/li><li><strong>Prova Discursiva<\/strong>, exceto para Engenharia (eliminat\u00f3rio e classificat\u00f3rio)<\/li><li><strong>Estudo de Caso<\/strong>, somente para Engenharia (eliminat\u00f3rio e classificat\u00f3rio)<\/li><\/ul>\n\n\n\n<p>Os candidatos do concurso TRT MA tiveram\u00a0<strong>4h30\u00a0<\/strong>para realizar a prova objetiva mais a reda\u00e7\u00e3o ou estudo de caso. Foram no total, 60 quest\u00f5es m\u00faltipla escolha, sendo 30 de conhecimentos gerais e 30 de conhecimentos espec\u00edficos.<\/p>\n\n\n\n<p><strong><em>Conhecimentos gerais<\/em><\/strong><\/p>\n\n\n\n<p>AJAJ e OJAF:<\/p>\n\n\n\n<ul class=\"wp-block-list\"><li>Portugu\u00eas<\/li><li>Inform\u00e1tica<\/li><li>No\u00e7\u00f5es de Gest\u00e3o P\u00fablica<\/li><\/ul>\n\n\n\n<p>AJAA:<\/p>\n\n\n\n<ul class=\"wp-block-list\"><li>Portugu\u00eas<\/li><li>Inform\u00e1tica<\/li><li>Matem\u00e1tica e Racioc\u00ednio L\u00f3gico-matem\u00e1tico<\/li><li>No\u00e7\u00f5es de Gest\u00e3o P\u00fablica<\/li><\/ul>\n\n\n\n<p>Contabilidade; Biblioteconomia, Engenharia, Estat\u00edstica, Medicina, Odontologia, Tecnologia da Informa\u00e7\u00e3o (Analista):<\/p>\n\n\n\n<ul class=\"wp-block-list\"><li>Portugu\u00eas<\/li><li>No\u00e7\u00f5es de Direito<\/li><li>Inform\u00e1tica (Exceto para a Especialidade T.I.)<\/li><li>Matem\u00e1tica e Racioc\u00ednio L\u00f3gico-matem\u00e1tico<\/li><li>No\u00e7\u00f5es de Gest\u00e3o P\u00fablica<\/li><\/ul>\n\n\n\n<p>T\u00e9cnico Judici\u00e1rio \u2013 todas as \u00e1reas\/especialidades:<\/p>\n\n\n\n<ul class=\"wp-block-list\"><li>No\u00e7\u00f5es de Direito<\/li><li>Inform\u00e1tica (Exceto para a Especialidade T.I.)<\/li><li>Matem\u00e1tica e Racioc\u00ednio L\u00f3gico-matem\u00e1tico<\/li><li>No\u00e7\u00f5es de Gest\u00e3o P\u00fablica<\/li><\/ul>\n\n\n\n<p>Ao todo, o \u00faltimo edital registrou&nbsp;<strong>31.324 candidatos inscritos<\/strong>, sendo que o cargo com maior procura foi o de T\u00e9cnico Judici\u00e1rio \u2013 \u00c1rea Administrativa, com 18.931 candidaturas.<\/p>\n\n\n\n<h2 class=\"wp-block-heading\" id=\"h-requisitos-do-ultimo-concurso-trt-ma\">Requisitos do \u00faltimo concurso TRT MA<\/h2>\n\n\n\n<p>Confira as exig\u00eancias do TRT MA: <\/p>\n\n\n\n<ul class=\"wp-block-list\"><li><strong>T\u00e9cnico Judici\u00e1rio \u2013 \u00e1rea Administrativa<\/strong>: Certificado, devidamente registrado, de conclus\u00e3o de curso de ensino m\u00e9dio (antigo 2\u00ba grau) ou de curso t\u00e9cnico equivalente, expedido por Institui\u00e7\u00e3o de Ensino reconhecida pelo Minist\u00e9rio da Educa\u00e7\u00e3o (MEC).<\/li><li><strong>T\u00e9cnico Judici\u00e1rio \u2013 \u00e1rea Apoio Especializado \u2013 Especialidade de Tecnologia da Informa\u00e7\u00e3o<\/strong>: Certificado, devidamente registrado, de curso de n\u00edvel m\u00e9dio (antigo 2\u00ba grau) ou de curso t\u00e9cnico equivalente, expedido por Institui\u00e7\u00e3o de Ensino reconhecida pelo Minist\u00e9rio da Educa\u00e7\u00e3o (MEC), com habilita\u00e7\u00e3o espec\u00edfica em cursos de Tecnologia da Informa\u00e7\u00e3o que, somados, apresentem carga hor\u00e1ria m\u00ednima de 120 (cento e vinte) horas-aula.<\/li><li><strong>Analista Judici\u00e1rio \u2013 \u00c1rea Judici\u00e1ria<\/strong>: Diploma ou certificado, devidamente registrado, de curso de Gradua\u00e7\u00e3o em Direito, reconhecido pelo Minist\u00e9rio da Educa\u00e7\u00e3o (MEC).<\/li><li><strong>Analista Judici\u00e1rio \u2013 \u00c1rea Judici\u00e1ria \u2013 Especialidade Oficial de Justi\u00e7a Avaliador Federal<\/strong>: Diploma ou certificado, devidamente registrado, de curso de Gradua\u00e7\u00e3o em Direito, reconhecido pelo Minist\u00e9rio da Educa\u00e7\u00e3o (MEC).<\/li><li><strong>Analista Judici\u00e1rio \u2013 \u00c1rea Administrativa<\/strong>: Diploma, devidamente registrado, de curso de Gradua\u00e7\u00e3o de n\u00edvel Superior em qualquer \u00e1rea de forma\u00e7\u00e3o, inclusive licenciatura plena, reconhecido pelo Minist\u00e9rio da Educa\u00e7\u00e3o (MEC).<\/li><li><strong>Analista Judici\u00e1rio \u2013 \u00c1rea Apoio Especializado \u2013 Especialidade Biblioteconomia<\/strong>: Diploma ou Certificado, devidamente registrado, de curso de Gradua\u00e7\u00e3o em Biblioteconomia, reconhecido pelo Minist\u00e9rio da Educa\u00e7\u00e3o (MEC), e registro no Conselho Regional da categoria.<\/li><li><strong>Analista Judici\u00e1rio \u2013 \u00c1rea Administrativa \u2013 Especialidade Contabilidade<\/strong>: Diploma ou Certificado, devidamente registrado, de curso de Gradua\u00e7\u00e3o em Contabilidade, reconhecido pelo Minist\u00e9rio da Educa\u00e7\u00e3o (MEC), e registro no Conselho Regional da categoria.<\/li><li><strong>Analista Judici\u00e1rio \u2013 \u00c1rea Apoio Especializado \u2013 Especialidade Enfermagem<\/strong>: Diploma ou Certificado, devidamente registrado, de curso de Gradua\u00e7\u00e3o em Enfermagem, reconhecido pelo Minist\u00e9rio da Educa\u00e7\u00e3o (MEC), e registro no Conselho Regional da categoria.<\/li><li><strong>Analista Judici\u00e1rio \u2013 \u00c1rea Apoio Especializado \u2013 Especialidade Engenharia Civil<\/strong>: Diploma ou Certificado, devidamente registrado, de curso de Gradua\u00e7\u00e3o em Engenharia Civil, reconhecido pelo Minist\u00e9rio da Educa\u00e7\u00e3o (MEC), e registro no Conselho Regional da categoria.<\/li><li><strong>Analista Judici\u00e1rio \u2013 \u00c1rea Apoio Especializado \u2013 Especialidade Estat\u00edstica<\/strong>: Diploma ou Certificado, devidamente registrado, de curso de Gradua\u00e7\u00e3o em Estat\u00edstica, reconhecido pelo Minist\u00e9rio da Educa\u00e7\u00e3o (MEC), e registro no Conselho Regional da categoria.<\/li><li><strong>Analista Judici\u00e1rio \u2013 \u00c1rea Apoio Especializado \u2013 Especialidade Medicina<\/strong>: Diploma ou Certificado, devidamente registrado, de curso de Gradua\u00e7\u00e3o em Medicina, reconhecido pelo Minist\u00e9rio da Educa\u00e7\u00e3o (MEC), e registro no Conselho Regional da categoria.<\/li><li><strong>Analista Judici\u00e1rio \u2013 \u00c1rea Apoio Especializado \u2013 Especialidade Odontologia<\/strong>: Diploma ou Certificado, devidamente registrado, de curso de Gradua\u00e7\u00e3o em Odontologia reconhecido pelo Minist\u00e9rio da Educa\u00e7\u00e3o (MEC), e registro no Conselho Regional da categoria.<\/li><li><strong>Analista Judici\u00e1rio \u2013 \u00c1rea Apoio Especializado \u2013 Especialidade Tecnologia da Informa\u00e7\u00e3o<\/strong>: Diploma ou Certificado, devidamente registrado, de curso de Gradua\u00e7\u00e3o de n\u00edvel Superior na \u00e1rea de Tecnologia da Informa\u00e7\u00e3o ou de qualquer outra Gradua\u00e7\u00e3o de n\u00edvel Superior com P\u00f3s-Gradua\u00e7\u00e3o na \u00e1rea de Tecnologia da Informa\u00e7\u00e3o, com carga hor\u00e1ria m\u00ednima de 360 (trezentas e sessenta) horas-aula, reconhecidos pelo Minist\u00e9rio da Educa\u00e7\u00e3o (MEC).<\/li><\/ul>\n\n\n\n<p class=\"has-text-align-center has-pale-cyan-blue-background-color has-background has-medium-font-size\"><strong>Saiba mais: <a href=\"https:\/\/www.estrategiaconcursos.com.br\/blog\/concurso-trt-ma\/\" target=\"_blank\" rel=\"noreferrer noopener\">concurso TRT MA (16\u00aa regi\u00e3o)<\/a><\/strong><\/p>\n\n\n\n\n\n<h2 class=\"has-text-align-center wp-block-heading\" id=\"assinatura-e-cursos\"><strong>Quer estudar para o concurso TRT MA?<\/strong><\/h2>\n\n\n\n<div class=\"container\" id=\"boxes\">\n  <div class=\"row\">\n\n    <div class=\"col-sm\">\n      <div class=\"banner-tribunal\" id=\"box-assinatura\">\n        <h3 class=\"titulo-assinatura\">Cursos TRT MA<\/h3>\n        <p class=\"subtitulo-assinatura\">Conhe\u00e7a os cursos<\/p>\n        <div class=\"box-botao\">\n          <a class=\"btn-assinatura\" target=\"_blank\" href=\"https:\/\/www.estrategiaconcursos.com.br\/cursosPorConcurso\/trt-16-regiao-maranhao-250\/\" role=\"button\" rel=\"noopener noreferrer\">Conhe\u00e7a mais<\/a>\n        <\/div>\n      <\/div>\n      <p class=\"texto-auxiliar\"><\/p>\n    <\/div>\n\n  <\/div>\n<\/div>\n\n\n\n<div class=\"container\" id=\"boxes\">\n  <div class=\"row\">\n\n    <div class=\"col-sm\">\n      <div class=\"estrategia\" id=\"box-assinatura\">\n        <h3 class=\"titulo-assinatura\">Assinatura Concursos<\/h3>\n        <p class=\"subtitulo-assinatura\">Assinatura de 1 ano ou 2 anos<\/p>\n        <div class=\"box-botao\">\n          <a class=\"btn-assinatura\" target=\"_blank\" href=\"https:\/\/www.estrategiaconcursos.com.br\/assinaturas\/\" role=\"button\" rel=\"noopener noreferrer\">ASSINE AGORA<\/a>\n        <\/div>\n      <\/div>\n     \n    <\/div><\/div><\/div>\n","protected":false},"excerpt":{"rendered":"<p>A FGV (Funda\u00e7\u00e3o Get\u00falio Vargas) \u00e9 a empresa respons\u00e1vel pelo concurso do Tribunal Regional do Trabalho do Maranh\u00e3o da 16\u00aa regi\u00e3o. Enquanto n\u00e3o \u00e9 publicado o novo certame, que tal conferir como foi o \u00faltimo edital do concurso TRT MA? \u00daltimo concurso TRT MA O \u00faltimo concurso p\u00fablico do TRT BA foi homologado em 2014. [&hellip;]<\/p>\n","protected":false},"author":2375,"featured_media":1064603,"comment_status":"open","ping_status":"closed","sticky":false,"template":"","format":"standard","meta":{"post_tipo":"news","footnotes":""},"categories":[1984,220219],"tags":[],"tax_estado":[219973],"class_list":["post-1064589","post","type-post","status-publish","format-standard","has-post-thumbnail","hentry","category-tribunais","category-noticias","tax_estado-ma"],"acf":[],"yoast_head":"<!-- This site is optimized with the Yoast SEO Premium plugin v27.2 (Yoast SEO v27.2) - https:\/\/yoast.com\/product\/yoast-seo-premium-wordpress\/ -->\n<title>Concurso TRT MA (16\u00aa regi\u00e3o): confira o \u00faltimo edital<\/title>\n<meta name=\"description\" content=\"Concurso TRT MA: confira os detalhes do \u00faltimo edital do Tribunal Regional do Trabalho do Maranh\u00e3o da 16\u00aa regi\u00e3o com o Estrat\u00e9gia.\" \/>\n<meta name=\"robots\" content=\"index, follow, max-snippet:-1, max-image-preview:large, max-video-preview:-1\" \/>\n<link rel=\"canonical\" href=\"https:\/\/www.estrategiaconcursos.com.br\/blog\/concurso-trt-ma-veja-ultimo-edital\/\" \/>\n<meta property=\"og:locale\" content=\"pt_BR\" \/>\n<meta property=\"og:type\" content=\"article\" \/>\n<meta property=\"og:title\" content=\"Concurso TRT MA (16\u00aa regi\u00e3o): confira o \u00faltimo edital\" \/>\n<meta property=\"og:description\" content=\"Concurso TRT MA: confira os detalhes do \u00faltimo edital do Tribunal Regional do Trabalho do Maranh\u00e3o da 16\u00aa regi\u00e3o com o Estrat\u00e9gia.\" \/>\n<meta property=\"og:url\" content=\"https:\/\/www.estrategiaconcursos.com.br\/blog\/concurso-trt-ma-veja-ultimo-edital\/\" \/>\n<meta property=\"og:site_name\" content=\"Estrat\u00e9gia Concursos\" \/>\n<meta property=\"article:published_time\" content=\"2022-07-21T15:18:46+00:00\" \/>\n<meta property=\"article:modified_time\" content=\"2022-07-21T15:19:30+00:00\" \/>\n<meta property=\"og:image\" content=\"https:\/\/dhg1h5j42swfq.cloudfront.net\/2022\/07\/21121810\/ultimo-concurso-trt-ma.jpeg\" \/>\n\t<meta property=\"og:image:width\" content=\"150\" \/>\n\t<meta property=\"og:image:height\" content=\"150\" \/>\n\t<meta property=\"og:image:type\" content=\"image\/jpeg\" \/>\n<meta name=\"author\" content=\"Priscila Almeida\" \/>\n<meta name=\"twitter:card\" content=\"summary_large_image\" \/>\n<meta name=\"twitter:creator\" content=\"@EstratConcursos\" \/>\n<meta name=\"twitter:site\" content=\"@EstratConcursos\" \/>\n<meta name=\"twitter:label1\" content=\"Escrito por\" \/>\n\t<meta name=\"twitter:data1\" content=\"Priscila Almeida\" \/>\n\t<meta name=\"twitter:label2\" content=\"Est. tempo de leitura\" \/>\n\t<meta name=\"twitter:data2\" content=\"5 minutos\" \/>\n<script type=\"application\/ld+json\" class=\"yoast-schema-graph\">{\"@context\":\"https:\/\/schema.org\",\"@graph\":[{\"@type\":\"NewsArticle\",\"@id\":\"https:\/\/www.estrategiaconcursos.com.br\/blog\/concurso-trt-ma-veja-ultimo-edital\/#article\",\"isPartOf\":{\"@id\":\"https:\/\/www.estrategiaconcursos.com.br\/blog\/concurso-trt-ma-veja-ultimo-edital\/\"},\"author\":{\"name\":\"Priscila Almeida\",\"@id\":\"https:\/\/www.estrategiaconcursos.com.br\/blog\/#\/schema\/person\/a06e841e501f2e1d8c49c4e8f066bfd1\"},\"headline\":\"Concurso TRT MA (16\u00aa regi\u00e3o): confira o \u00faltimo edital\",\"datePublished\":\"2022-07-21T15:18:46+00:00\",\"dateModified\":\"2022-07-21T15:19:30+00:00\",\"mainEntityOfPage\":{\"@id\":\"https:\/\/www.estrategiaconcursos.com.br\/blog\/concurso-trt-ma-veja-ultimo-edital\/\"},\"wordCount\":931,\"commentCount\":0,\"publisher\":{\"@id\":\"https:\/\/www.estrategiaconcursos.com.br\/blog\/#organization\"},\"image\":{\"@id\":\"https:\/\/www.estrategiaconcursos.com.br\/blog\/concurso-trt-ma-veja-ultimo-edital\/#primaryimage\"},\"thumbnailUrl\":\"https:\/\/dhg1h5j42swfq.cloudfront.net\/2022\/07\/21121810\/ultimo-concurso-trt-ma.jpeg\",\"articleSection\":[\"Tribunais\",\"\u00daltimas not\u00edcias\"],\"inLanguage\":\"pt-BR\",\"potentialAction\":[{\"@type\":\"CommentAction\",\"name\":\"Comment\",\"target\":[\"https:\/\/www.estrategiaconcursos.com.br\/blog\/concurso-trt-ma-veja-ultimo-edital\/#respond\"]}],\"copyrightYear\":\"2022\",\"copyrightHolder\":{\"@id\":\"https:\/\/www.estrategiaconcursos.com.br\/blog\/#organization\"}},{\"@type\":\"WebPage\",\"@id\":\"https:\/\/www.estrategiaconcursos.com.br\/blog\/concurso-trt-ma-veja-ultimo-edital\/\",\"url\":\"https:\/\/www.estrategiaconcursos.com.br\/blog\/concurso-trt-ma-veja-ultimo-edital\/\",\"name\":\"Concurso TRT MA (16\u00aa regi\u00e3o): confira o \u00faltimo edital\",\"isPartOf\":{\"@id\":\"https:\/\/www.estrategiaconcursos.com.br\/blog\/#website\"},\"primaryImageOfPage\":{\"@id\":\"https:\/\/www.estrategiaconcursos.com.br\/blog\/concurso-trt-ma-veja-ultimo-edital\/#primaryimage\"},\"image\":{\"@id\":\"https:\/\/www.estrategiaconcursos.com.br\/blog\/concurso-trt-ma-veja-ultimo-edital\/#primaryimage\"},\"thumbnailUrl\":\"https:\/\/dhg1h5j42swfq.cloudfront.net\/2022\/07\/21121810\/ultimo-concurso-trt-ma.jpeg\",\"datePublished\":\"2022-07-21T15:18:46+00:00\",\"dateModified\":\"2022-07-21T15:19:30+00:00\",\"description\":\"Concurso TRT MA: confira os detalhes do \u00faltimo edital do Tribunal Regional do Trabalho do Maranh\u00e3o da 16\u00aa regi\u00e3o com o Estrat\u00e9gia.\",\"breadcrumb\":{\"@id\":\"https:\/\/www.estrategiaconcursos.com.br\/blog\/concurso-trt-ma-veja-ultimo-edital\/#breadcrumb\"},\"inLanguage\":\"pt-BR\",\"potentialAction\":[{\"@type\":\"ReadAction\",\"target\":[\"https:\/\/www.estrategiaconcursos.com.br\/blog\/concurso-trt-ma-veja-ultimo-edital\/\"]}]},{\"@type\":\"ImageObject\",\"inLanguage\":\"pt-BR\",\"@id\":\"https:\/\/www.estrategiaconcursos.com.br\/blog\/concurso-trt-ma-veja-ultimo-edital\/#primaryimage\",\"url\":\"https:\/\/dhg1h5j42swfq.cloudfront.net\/2022\/07\/21121810\/ultimo-concurso-trt-ma.jpeg\",\"contentUrl\":\"https:\/\/dhg1h5j42swfq.cloudfront.net\/2022\/07\/21121810\/ultimo-concurso-trt-ma.jpeg\",\"width\":150,\"height\":150},{\"@type\":\"BreadcrumbList\",\"@id\":\"https:\/\/www.estrategiaconcursos.com.br\/blog\/concurso-trt-ma-veja-ultimo-edital\/#breadcrumb\",\"itemListElement\":[{\"@type\":\"ListItem\",\"position\":1,\"name\":\"In\u00edcio\",\"item\":\"https:\/\/www.estrategiaconcursos.com.br\/blog\/\"},{\"@type\":\"ListItem\",\"position\":2,\"name\":\"Concurso TRT MA (16\u00aa regi\u00e3o): confira o \u00faltimo edital\"}]},{\"@type\":\"WebSite\",\"@id\":\"https:\/\/www.estrategiaconcursos.com.br\/blog\/#website\",\"url\":\"https:\/\/www.estrategiaconcursos.com.br\/blog\/\",\"name\":\"Estrat\u00e9gia Concursos\",\"description\":\"O blog da Estrat\u00e9gia Concursos traz not\u00edcias sobre concursos e artigos de professores oferecendo cursos para concursos (pdf + videaulas) no site.\",\"publisher\":{\"@id\":\"https:\/\/www.estrategiaconcursos.com.br\/blog\/#organization\"},\"potentialAction\":[{\"@type\":\"SearchAction\",\"target\":{\"@type\":\"EntryPoint\",\"urlTemplate\":\"https:\/\/www.estrategiaconcursos.com.br\/blog\/?s={search_term_string}\"},\"query-input\":{\"@type\":\"PropertyValueSpecification\",\"valueRequired\":true,\"valueName\":\"search_term_string\"}}],\"inLanguage\":\"pt-BR\"},{\"@type\":\"Organization\",\"@id\":\"https:\/\/www.estrategiaconcursos.com.br\/blog\/#organization\",\"name\":\"Estrat\u00e9gia Concursos\",\"url\":\"https:\/\/www.estrategiaconcursos.com.br\/blog\/\",\"logo\":{\"@type\":\"ImageObject\",\"inLanguage\":\"pt-BR\",\"@id\":\"https:\/\/www.estrategiaconcursos.com.br\/blog\/#\/schema\/logo\/image\/\",\"url\":\"https:\/\/dhg1h5j42swfq.cloudfront.net\/2025\/06\/03203428\/logo_concursos-1.jpg\",\"contentUrl\":\"https:\/\/dhg1h5j42swfq.cloudfront.net\/2025\/06\/03203428\/logo_concursos-1.jpg\",\"width\":230,\"height\":60,\"caption\":\"Estrat\u00e9gia Concursos\"},\"image\":{\"@id\":\"https:\/\/www.estrategiaconcursos.com.br\/blog\/#\/schema\/logo\/image\/\"},\"sameAs\":[\"https:\/\/x.com\/EstratConcursos\"]},{\"@type\":\"Person\",\"@id\":\"https:\/\/www.estrategiaconcursos.com.br\/blog\/#\/schema\/person\/a06e841e501f2e1d8c49c4e8f066bfd1\",\"name\":\"Priscila Almeida\",\"image\":{\"@type\":\"ImageObject\",\"inLanguage\":\"pt-BR\",\"@id\":\"https:\/\/secure.gravatar.com\/avatar\/0a963c9e2a947fa675b669cea2b5d0ba6dd1cbf46b966190343b6c9973ad3337?s=96&d=mm&r=g\",\"url\":\"https:\/\/secure.gravatar.com\/avatar\/0a963c9e2a947fa675b669cea2b5d0ba6dd1cbf46b966190343b6c9973ad3337?s=96&d=mm&r=g\",\"contentUrl\":\"https:\/\/secure.gravatar.com\/avatar\/0a963c9e2a947fa675b669cea2b5d0ba6dd1cbf46b966190343b6c9973ad3337?s=96&d=mm&r=g\",\"caption\":\"Priscila Almeida\"},\"description\":\"Atua na \u00e1rea de concursos p\u00fablicos desde 2019. As editorias que mais t\u00eam familiaridade s\u00e3o: Tribunais (TJs; TRTs; TREs; TSTs; STJ, STF, STM e TSE); Defensorias; Minist\u00e9rios P\u00fablicos; Procuradorias; Educa\u00e7\u00e3o e Conselhos. Na \u00e1rea de comunica\u00e7\u00e3o, de maneira geral, a caminhada \u00e9 um pouco mais longa - desde 2007. Possui experi\u00eancia em reda\u00e7\u00f5es de r\u00e1dio, TV, Web e impresso, al\u00e9m de desenvolver trabalhos em assessorias de comunica\u00e7\u00e3o institucional, empresarial e p\u00fablicas. Entre outros trabalhos, se destacam a atua\u00e7\u00e3o nas \u00e1reas de Justi\u00e7a, Congresso, Esportes, Sa\u00fade, Agropecu\u00e1ria, Cidades e Avia\u00e7\u00e3o Civil.\",\"url\":\"https:\/\/www.estrategiaconcursos.com.br\/blog\/author\/priscila-almeidaestrategia-com\/\"}]}<\/script>\n<!-- \/ Yoast SEO Premium plugin. -->","yoast_head_json":{"title":"Concurso TRT MA (16\u00aa regi\u00e3o): confira o \u00faltimo edital","description":"Concurso TRT MA: confira os detalhes do \u00faltimo edital do Tribunal Regional do Trabalho do Maranh\u00e3o da 16\u00aa regi\u00e3o com o Estrat\u00e9gia.","robots":{"index":"index","follow":"follow","max-snippet":"max-snippet:-1","max-image-preview":"max-image-preview:large","max-video-preview":"max-video-preview:-1"},"canonical":"https:\/\/www.estrategiaconcursos.com.br\/blog\/concurso-trt-ma-veja-ultimo-edital\/","og_locale":"pt_BR","og_type":"article","og_title":"Concurso TRT MA (16\u00aa regi\u00e3o): confira o \u00faltimo edital","og_description":"Concurso TRT MA: confira os detalhes do \u00faltimo edital do Tribunal Regional do Trabalho do Maranh\u00e3o da 16\u00aa regi\u00e3o com o Estrat\u00e9gia.","og_url":"https:\/\/www.estrategiaconcursos.com.br\/blog\/concurso-trt-ma-veja-ultimo-edital\/","og_site_name":"Estrat\u00e9gia Concursos","article_published_time":"2022-07-21T15:18:46+00:00","article_modified_time":"2022-07-21T15:19:30+00:00","og_image":[{"width":150,"height":150,"url":"https:\/\/dhg1h5j42swfq.cloudfront.net\/2022\/07\/21121810\/ultimo-concurso-trt-ma.jpeg","type":"image\/jpeg"}],"author":"Priscila Almeida","twitter_card":"summary_large_image","twitter_creator":"@EstratConcursos","twitter_site":"@EstratConcursos","twitter_misc":{"Escrito por":"Priscila Almeida","Est. tempo de leitura":"5 minutos"},"schema":{"@context":"https:\/\/schema.org","@graph":[{"@type":"NewsArticle","@id":"https:\/\/www.estrategiaconcursos.com.br\/blog\/concurso-trt-ma-veja-ultimo-edital\/#article","isPartOf":{"@id":"https:\/\/www.estrategiaconcursos.com.br\/blog\/concurso-trt-ma-veja-ultimo-edital\/"},"author":{"name":"Priscila Almeida","@id":"https:\/\/www.estrategiaconcursos.com.br\/blog\/#\/schema\/person\/a06e841e501f2e1d8c49c4e8f066bfd1"},"headline":"Concurso TRT MA (16\u00aa regi\u00e3o): confira o \u00faltimo edital","datePublished":"2022-07-21T15:18:46+00:00","dateModified":"2022-07-21T15:19:30+00:00","mainEntityOfPage":{"@id":"https:\/\/www.estrategiaconcursos.com.br\/blog\/concurso-trt-ma-veja-ultimo-edital\/"},"wordCount":931,"commentCount":0,"publisher":{"@id":"https:\/\/www.estrategiaconcursos.com.br\/blog\/#organization"},"image":{"@id":"https:\/\/www.estrategiaconcursos.com.br\/blog\/concurso-trt-ma-veja-ultimo-edital\/#primaryimage"},"thumbnailUrl":"https:\/\/dhg1h5j42swfq.cloudfront.net\/2022\/07\/21121810\/ultimo-concurso-trt-ma.jpeg","articleSection":["Tribunais","\u00daltimas not\u00edcias"],"inLanguage":"pt-BR","potentialAction":[{"@type":"CommentAction","name":"Comment","target":["https:\/\/www.estrategiaconcursos.com.br\/blog\/concurso-trt-ma-veja-ultimo-edital\/#respond"]}],"copyrightYear":"2022","copyrightHolder":{"@id":"https:\/\/www.estrategiaconcursos.com.br\/blog\/#organization"}},{"@type":"WebPage","@id":"https:\/\/www.estrategiaconcursos.com.br\/blog\/concurso-trt-ma-veja-ultimo-edital\/","url":"https:\/\/www.estrategiaconcursos.com.br\/blog\/concurso-trt-ma-veja-ultimo-edital\/","name":"Concurso TRT MA (16\u00aa regi\u00e3o): confira o \u00faltimo edital","isPartOf":{"@id":"https:\/\/www.estrategiaconcursos.com.br\/blog\/#website"},"primaryImageOfPage":{"@id":"https:\/\/www.estrategiaconcursos.com.br\/blog\/concurso-trt-ma-veja-ultimo-edital\/#primaryimage"},"image":{"@id":"https:\/\/www.estrategiaconcursos.com.br\/blog\/concurso-trt-ma-veja-ultimo-edital\/#primaryimage"},"thumbnailUrl":"https:\/\/dhg1h5j42swfq.cloudfront.net\/2022\/07\/21121810\/ultimo-concurso-trt-ma.jpeg","datePublished":"2022-07-21T15:18:46+00:00","dateModified":"2022-07-21T15:19:30+00:00","description":"Concurso TRT MA: confira os detalhes do \u00faltimo edital do Tribunal Regional do Trabalho do Maranh\u00e3o da 16\u00aa regi\u00e3o com o Estrat\u00e9gia.","breadcrumb":{"@id":"https:\/\/www.estrategiaconcursos.com.br\/blog\/concurso-trt-ma-veja-ultimo-edital\/#breadcrumb"},"inLanguage":"pt-BR","potentialAction":[{"@type":"ReadAction","target":["https:\/\/www.estrategiaconcursos.com.br\/blog\/concurso-trt-ma-veja-ultimo-edital\/"]}]},{"@type":"ImageObject","inLanguage":"pt-BR","@id":"https:\/\/www.estrategiaconcursos.com.br\/blog\/concurso-trt-ma-veja-ultimo-edital\/#primaryimage","url":"https:\/\/dhg1h5j42swfq.cloudfront.net\/2022\/07\/21121810\/ultimo-concurso-trt-ma.jpeg","contentUrl":"https:\/\/dhg1h5j42swfq.cloudfront.net\/2022\/07\/21121810\/ultimo-concurso-trt-ma.jpeg","width":150,"height":150},{"@type":"BreadcrumbList","@id":"https:\/\/www.estrategiaconcursos.com.br\/blog\/concurso-trt-ma-veja-ultimo-edital\/#breadcrumb","itemListElement":[{"@type":"ListItem","position":1,"name":"In\u00edcio","item":"https:\/\/www.estrategiaconcursos.com.br\/blog\/"},{"@type":"ListItem","position":2,"name":"Concurso TRT MA (16\u00aa regi\u00e3o): confira o \u00faltimo edital"}]},{"@type":"WebSite","@id":"https:\/\/www.estrategiaconcursos.com.br\/blog\/#website","url":"https:\/\/www.estrategiaconcursos.com.br\/blog\/","name":"Estrat\u00e9gia Concursos","description":"O blog da Estrat\u00e9gia Concursos traz not\u00edcias sobre concursos e artigos de professores oferecendo cursos para concursos (pdf + videaulas) no site.","publisher":{"@id":"https:\/\/www.estrategiaconcursos.com.br\/blog\/#organization"},"potentialAction":[{"@type":"SearchAction","target":{"@type":"EntryPoint","urlTemplate":"https:\/\/www.estrategiaconcursos.com.br\/blog\/?s={search_term_string}"},"query-input":{"@type":"PropertyValueSpecification","valueRequired":true,"valueName":"search_term_string"}}],"inLanguage":"pt-BR"},{"@type":"Organization","@id":"https:\/\/www.estrategiaconcursos.com.br\/blog\/#organization","name":"Estrat\u00e9gia Concursos","url":"https:\/\/www.estrategiaconcursos.com.br\/blog\/","logo":{"@type":"ImageObject","inLanguage":"pt-BR","@id":"https:\/\/www.estrategiaconcursos.com.br\/blog\/#\/schema\/logo\/image\/","url":"https:\/\/dhg1h5j42swfq.cloudfront.net\/2025\/06\/03203428\/logo_concursos-1.jpg","contentUrl":"https:\/\/dhg1h5j42swfq.cloudfront.net\/2025\/06\/03203428\/logo_concursos-1.jpg","width":230,"height":60,"caption":"Estrat\u00e9gia Concursos"},"image":{"@id":"https:\/\/www.estrategiaconcursos.com.br\/blog\/#\/schema\/logo\/image\/"},"sameAs":["https:\/\/x.com\/EstratConcursos"]},{"@type":"Person","@id":"https:\/\/www.estrategiaconcursos.com.br\/blog\/#\/schema\/person\/a06e841e501f2e1d8c49c4e8f066bfd1","name":"Priscila Almeida","image":{"@type":"ImageObject","inLanguage":"pt-BR","@id":"https:\/\/secure.gravatar.com\/avatar\/0a963c9e2a947fa675b669cea2b5d0ba6dd1cbf46b966190343b6c9973ad3337?s=96&d=mm&r=g","url":"https:\/\/secure.gravatar.com\/avatar\/0a963c9e2a947fa675b669cea2b5d0ba6dd1cbf46b966190343b6c9973ad3337?s=96&d=mm&r=g","contentUrl":"https:\/\/secure.gravatar.com\/avatar\/0a963c9e2a947fa675b669cea2b5d0ba6dd1cbf46b966190343b6c9973ad3337?s=96&d=mm&r=g","caption":"Priscila Almeida"},"description":"Atua na \u00e1rea de concursos p\u00fablicos desde 2019. As editorias que mais t\u00eam familiaridade s\u00e3o: Tribunais (TJs; TRTs; TREs; TSTs; STJ, STF, STM e TSE); Defensorias; Minist\u00e9rios P\u00fablicos; Procuradorias; Educa\u00e7\u00e3o e Conselhos. Na \u00e1rea de comunica\u00e7\u00e3o, de maneira geral, a caminhada \u00e9 um pouco mais longa - desde 2007. Possui experi\u00eancia em reda\u00e7\u00f5es de r\u00e1dio, TV, Web e impresso, al\u00e9m de desenvolver trabalhos em assessorias de comunica\u00e7\u00e3o institucional, empresarial e p\u00fablicas. Entre outros trabalhos, se destacam a atua\u00e7\u00e3o nas \u00e1reas de Justi\u00e7a, Congresso, Esportes, Sa\u00fade, Agropecu\u00e1ria, Cidades e Avia\u00e7\u00e3o Civil.","url":"https:\/\/www.estrategiaconcursos.com.br\/blog\/author\/priscila-almeidaestrategia-com\/"}]}},"_links":{"self":[{"href":"https:\/\/www.estrategiaconcursos.com.br\/blog\/wp-json\/wp\/v2\/posts\/1064589","targetHints":{"allow":["GET"]}}],"collection":[{"href":"https:\/\/www.estrategiaconcursos.com.br\/blog\/wp-json\/wp\/v2\/posts"}],"about":[{"href":"https:\/\/www.estrategiaconcursos.com.br\/blog\/wp-json\/wp\/v2\/types\/post"}],"author":[{"embeddable":true,"href":"https:\/\/www.estrategiaconcursos.com.br\/blog\/wp-json\/wp\/v2\/users\/2375"}],"replies":[{"embeddable":true,"href":"https:\/\/www.estrategiaconcursos.com.br\/blog\/wp-json\/wp\/v2\/comments?post=1064589"}],"version-history":[{"count":3,"href":"https:\/\/www.estrategiaconcursos.com.br\/blog\/wp-json\/wp\/v2\/posts\/1064589\/revisions"}],"predecessor-version":[{"id":1064606,"href":"https:\/\/www.estrategiaconcursos.com.br\/blog\/wp-json\/wp\/v2\/posts\/1064589\/revisions\/1064606"}],"wp:featuredmedia":[{"embeddable":true,"href":"https:\/\/www.estrategiaconcursos.com.br\/blog\/wp-json\/wp\/v2\/media\/1064603"}],"wp:attachment":[{"href":"https:\/\/www.estrategiaconcursos.com.br\/blog\/wp-json\/wp\/v2\/media?parent=1064589"}],"wp:term":[{"taxonomy":"category","embeddable":true,"href":"https:\/\/www.estrategiaconcursos.com.br\/blog\/wp-json\/wp\/v2\/categories?post=1064589"},{"taxonomy":"post_tag","embeddable":true,"href":"https:\/\/www.estrategiaconcursos.com.br\/blog\/wp-json\/wp\/v2\/tags?post=1064589"},{"taxonomy":"tax_estado","embeddable":true,"href":"https:\/\/www.estrategiaconcursos.com.br\/blog\/wp-json\/wp\/v2\/tax_estado?post=1064589"}],"curies":[{"name":"wp","href":"https:\/\/api.w.org\/{rel}","templated":true}]}}