{"id":1064432,"date":"2022-09-12T05:26:00","date_gmt":"2022-09-12T08:26:00","guid":{"rendered":"https:\/\/www.estrategiaconcursos.com.br\/blog\/?p=1064432"},"modified":"2022-09-13T10:09:43","modified_gmt":"2022-09-13T13:09:43","slug":"concurso-curitiba-saude-edital-publicado","status":"publish","type":"post","link":"https:\/\/www.estrategiaconcursos.com.br\/blog\/concurso-curitiba-saude-edital-publicado\/","title":{"rendered":"Edital Curitiba Sa\u00fade oferta 249 vagas. Inscri\u00e7\u00f5es encerradas"},"content":{"rendered":"\n<p>O <strong>edital Curitiba Sa\u00fade<\/strong>, no estado do Paran\u00e1, est\u00e1 com as inscri\u00e7\u00f5es encerradas. Os interessados em participar da sele\u00e7\u00e3o puderam se inscrever at\u00e9 12 de setembro, no site da banca organizadora, UFPR, ao custo de R$ 120,00.<\/p>\n\n\n\n<p>O concurso oferece 249 vagas para cargos de n\u00edveis m\u00e9dio, t\u00e9cnico e superior. Os sal\u00e1rios variam de R$ 1.708,88 a R$ 5.097,90.<\/p>\n\n\n\n<ul class=\"has-background wp-block-list\" style=\"background:linear-gradient(135deg,rgb(255,245,203) 0%,rgb(182,227,212) 44%,rgb(51,167,181) 100%)\"><li><strong>Curitiba Sa\u00fade<\/strong><\/li><li><strong style=\"background-color: initial; color: initial;\">Banca:<\/strong><span style=\"background-color: initial; color: initial;\"> <\/span><a style=\"background-color: initial;\" href=\"https:\/\/servicos.nc.ufpr.br\/PortalNC\/Home\" target=\"_blank\" rel=\"noreferrer noopener\">UFPR<\/a><\/li><li><strong>Vagas:<\/strong> 249<\/li><li><strong>Sal\u00e1rio inicial:<\/strong> R$ 1.708,88 a R$ 5.097,90<\/li><li><strong>Edital:<\/strong> <a href=\"https:\/\/dhg1h5j42swfq.cloudfront.net\/2022\/07\/21134922\/medicos.pdf\" target=\"_blank\" rel=\"noreferrer noopener nofollow\">M\u00e9dicos<\/a> | <a href=\"https:\/\/dhg1h5j42swfq.cloudfront.net\/2022\/07\/21134952\/auxiliares.pdf\" target=\"_blank\" rel=\"noreferrer noopener nofollow\">Auxiliares<\/a> | <a href=\"https:\/\/dhg1h5j42swfq.cloudfront.net\/2022\/07\/21135011\/acs.pdf\" target=\"_blank\" rel=\"noreferrer noopener nofollow\">ACS e ACE<\/a> | <a href=\"https:\/\/dhg1h5j42swfq.cloudfront.net\/2022\/07\/21100317\/edital-curitiba-1.pdf\" target=\"_blank\" rel=\"noreferrer noopener nofollow\">Demais cargos<\/a><\/li><\/ul>\n\n\n\n<div class=\"container\" id=\"boxes\">\n  <div class=\"row\">\n\n    <div class=\"col-sm\">\n      <div class=\"banner-estrategia\" id=\"box-assinatura\">\n        <h3 class=\"titulo-assinatura\">Cursos para concursos<\/h3>\n        <p class=\"subtitulo-assinatura\">Conhe\u00e7a os cursos<\/p>\n        <div class=\"box-botao\">\n          <a class=\"btn-assinatura\" target=\"_blank\" href=\"https:\/\/www.estrategiaconcursos.com.br\/cursos\/\" role=\"button\" rel=\"noopener noreferrer\">Conhe\u00e7a mais<\/a>\n        <\/div>\n      <\/div>\n     \n    <\/div>\n\n  <\/div>\n<\/div>\n\n\n\n<h2 class=\"wp-block-heading\" id=\"datas\">Principais datas<\/h2>\n\n\n\n<ul class=\"wp-block-list\"><li><strong>Inscri\u00e7\u00f5es<\/strong>: <s>02 de agosto a 12 de setembro<\/s><\/li><li><strong>Isen\u00e7\u00e3o da taxa<\/strong>: <s>02 a 08 de agosto<\/s><\/li><li><strong>\u00daltimo dia para pagamento<\/strong>: <s>12 de setembro<\/s><\/li><li><strong>Prova<\/strong>: 27 de novembro<\/li><\/ul>\n\n\n\n<h2 class=\"wp-block-heading\" id=\"cargos-vagas\">Cargos e vagas do edital Curitiba Sa\u00fade<\/h2>\n\n\n\n<h4 class=\"wp-block-heading\" id=\"nivel-medio-e-tecnico\">N\u00edvel m\u00e9dio e t\u00e9cnico<\/h4>\n\n\n\n<figure class=\"wp-block-table is-style-stripes\"><table class=\"has-pale-ocean-gradient-background has-background has-fixed-layout\"><thead><tr><th class=\"has-text-align-center\" data-align=\"center\">CARGOS<\/th><th class=\"has-text-align-center\" data-align=\"center\">VAGAS<\/th><th class=\"has-text-align-center\" data-align=\"center\">SAL\u00c1RIO<\/th><\/tr><\/thead><tbody><tr><td class=\"has-text-align-center\" data-align=\"center\">Auxiliar de Sa\u00fade Bucal<\/td><td class=\"has-text-align-center\" data-align=\"center\">12<\/td><td class=\"has-text-align-center\" data-align=\"center\">R$ 1.753,36<\/td><\/tr><tr><td class=\"has-text-align-center\" data-align=\"center\">T\u00e9cnico em Sa\u00fade Bucal<\/td><td class=\"has-text-align-center\" data-align=\"center\">20<\/td><td class=\"has-text-align-center\" data-align=\"center\">R$ 2.307,84<\/td><\/tr><tr><td class=\"has-text-align-center\" data-align=\"center\">T\u00e9cnico de Enfermagem<\/td><td class=\"has-text-align-center\" data-align=\"center\">35<\/td><td class=\"has-text-align-center\" data-align=\"center\">R$ 2.307,84<\/td><\/tr><tr><td class=\"has-text-align-center\" data-align=\"center\">Agente Comunit\u00e1rio de Sa\u00fade (ACS)<\/td><td class=\"has-text-align-center\" data-align=\"center\">57<\/td><td class=\"has-text-align-center\" data-align=\"center\">R$ 1.708,88<\/td><\/tr><tr><td class=\"has-text-align-center\" data-align=\"center\">Agente de Combate a Endemias (ACE)<\/td><td class=\"has-text-align-center\" data-align=\"center\">11<\/td><td class=\"has-text-align-center\" data-align=\"center\">R$ 1.708,88<\/td><\/tr><\/tbody><\/table><\/figure>\n\n\n\n<h4 class=\"wp-block-heading\" id=\"superior\">N\u00edvel superior<\/h4>\n\n\n\n<figure class=\"wp-block-table is-style-stripes\"><table class=\"has-pale-ocean-gradient-background has-background has-fixed-layout\"><thead><tr><th class=\"has-text-align-center\" data-align=\"center\">CARGOS<\/th><th class=\"has-text-align-center\" data-align=\"center\">VAGAS<\/th><th class=\"has-text-align-center\" data-align=\"center\">SAL\u00c1RIO<\/th><\/tr><\/thead><tbody><tr><td class=\"has-text-align-center\" data-align=\"center\">Cirurgi\u00e3o-Dentista<\/td><td class=\"has-text-align-center\" data-align=\"center\">25<\/td><td class=\"has-text-align-center\" data-align=\"center\">R$ 5.097,90 + gratifica\u00e7\u00e3o de R$ 1.529,37<\/td><\/tr><tr><td class=\"has-text-align-center\" data-align=\"center\">Enfermeiro \u2013 \u00c1rea de<br \/>Atua\u00e7\u00e3o: Sa\u00fade<\/td><td class=\"has-text-align-center\" data-align=\"center\">20<\/td><td class=\"has-text-align-center\" data-align=\"center\">R$ 3.500,55 + gratifica\u00e7\u00e3o de R$ 1.050,16<\/td><\/tr><tr><td class=\"has-text-align-center\" data-align=\"center\">Farmac\u00eautico-Bioqu\u00edmico<\/td><td class=\"has-text-align-center\" data-align=\"center\">5<\/td><td class=\"has-text-align-center\" data-align=\"center\">R$ 3.500,55 + gratifica\u00e7\u00e3o de R$ 1.050,16<\/td><\/tr><tr><td class=\"has-text-align-center\" data-align=\"center\">Fisioterapeuta<\/td><td class=\"has-text-align-center\" data-align=\"center\">5<\/td><td class=\"has-text-align-center\" data-align=\"center\">R$ 3.500,55 + gratifica\u00e7\u00e3o de R$ 1.050,16<\/td><\/tr><tr><td class=\"has-text-align-center\" data-align=\"center\">Fonoaudi\u00f3logo<\/td><td class=\"has-text-align-center\" data-align=\"center\">5<\/td><td class=\"has-text-align-center\" data-align=\"center\">R$ 3.500,55 + gratifica\u00e7\u00e3o de R$ 1.050,16<\/td><\/tr><tr><td class=\"has-text-align-center\" data-align=\"center\">Psic\u00f3logo<\/td><td class=\"has-text-align-center\" data-align=\"center\">15<\/td><td class=\"has-text-align-center\" data-align=\"center\">R$ 3.500,55 + gratifica\u00e7\u00e3o de R$ 1.050,16<\/td><\/tr><tr><td class=\"has-text-align-center\" data-align=\"center\">Terapeuta Ocupacional<\/td><td class=\"has-text-align-center\" data-align=\"center\">3<\/td><td class=\"has-text-align-center\" data-align=\"center\">R$ 3.500,55 + gratifica\u00e7\u00e3o de R$ 1.050,16<\/td><\/tr><tr><td class=\"has-text-align-center\" data-align=\"center\">M\u00e9dico<\/td><td class=\"has-text-align-center\" data-align=\"center\">30<\/td><td class=\"has-text-align-center\" data-align=\"center\">R$ 5.097,90 + gratifica\u00e7\u00e3o de R$ 1.529,37<\/td><\/tr><tr><td class=\"has-text-align-center\" data-align=\"center\">Psiquiatra<\/td><td class=\"has-text-align-center\" data-align=\"center\">2<\/td><td class=\"has-text-align-center\" data-align=\"center\">R$ 5.097,90 + gratifica\u00e7\u00e3o de R$ 1.529,37<\/td><\/tr><tr><td class=\"has-text-align-center\" data-align=\"center\">Per\u00edcia M\u00e9dica<\/td><td class=\"has-text-align-center\" data-align=\"center\">2<\/td><td class=\"has-text-align-center\" data-align=\"center\">R$ 5.097,90 + gratifica\u00e7\u00e3o de R$ 1.529,37<\/td><\/tr><tr><td class=\"has-text-align-center\" data-align=\"center\">Medicina do Trabalho<\/td><td class=\"has-text-align-center\" data-align=\"center\">2<\/td><td class=\"has-text-align-center\" data-align=\"center\">R$ 5.097,90 + gratifica\u00e7\u00e3o de R$ 1.529,37<\/td><\/tr><\/tbody><\/table><\/figure>\n\n\n\n<h2 class=\"wp-block-heading\" id=\"etapas\">Etapas e provas do edital Curitiba Sa\u00fade<\/h2>\n\n\n\n<p>O concurso ser\u00e1 composto por provas de conhecimentos e t\u00edtulos.<\/p>\n\n\n\n<h3 class=\"wp-block-heading\" id=\"objetiva\">Prova de Conhecimentos<\/h3>\n\n\n\n<p>As 40 quest\u00f5es objetivas ter\u00e3o o formato de m\u00faltipla escolha, com cinco alternativas cada, das quais apenas uma deve ser assinalada. A etapa, de car\u00e1ter eliminat\u00f3rio e classificat\u00f3rio, ter\u00e1 o total de 80 pontos.<\/p>\n\n\n\n<figure class=\"wp-block-image aligncenter size-large\"><img loading=\"lazy\" decoding=\"async\" width=\"1024\" height=\"129\" src=\"https:\/\/dhg1h5j42swfq.cloudfront.net\/2022\/07\/21142014\/image-232-1024x129.png\" alt=\"M\u00e9dico prova objetiva concurso SMS Curitiba\" class=\"wp-image-1064713\" srcset=\"https:\/\/dhg1h5j42swfq.cloudfront.net\/2022\/07\/21142014\/image-232-1024x129.png 1024w, https:\/\/dhg1h5j42swfq.cloudfront.net\/2022\/07\/21142014\/image-232-300x38.png 300w, https:\/\/dhg1h5j42swfq.cloudfront.net\/2022\/07\/21142014\/image-232-768x97.png 768w, https:\/\/dhg1h5j42swfq.cloudfront.net\/2022\/07\/21142014\/image-232-610x77.png 610w, https:\/\/dhg1h5j42swfq.cloudfront.net\/2022\/07\/21142014\/image-232-150x19.png 150w, https:\/\/dhg1h5j42swfq.cloudfront.net\/2022\/07\/21142014\/image-232.png 1213w\" sizes=\"auto, (max-width: 1024px) 100vw, 1024px\" \/><figcaption>M\u00e9dico prova objetiva concurso SMS Curitiba<\/figcaption><\/figure>\n\n\n\n<figure class=\"wp-block-image aligncenter size-large\"><img loading=\"lazy\" decoding=\"async\" width=\"1024\" height=\"161\" src=\"https:\/\/dhg1h5j42swfq.cloudfront.net\/2022\/07\/21142132\/image-233-1024x161.png\" alt=\"Auxiliar e T\u00e9cnicos prova objetiva concurso SMS Curitiba\" class=\"wp-image-1064714\" srcset=\"https:\/\/dhg1h5j42swfq.cloudfront.net\/2022\/07\/21142132\/image-233-1024x161.png 1024w, https:\/\/dhg1h5j42swfq.cloudfront.net\/2022\/07\/21142132\/image-233-300x47.png 300w, https:\/\/dhg1h5j42swfq.cloudfront.net\/2022\/07\/21142132\/image-233-768x121.png 768w, https:\/\/dhg1h5j42swfq.cloudfront.net\/2022\/07\/21142132\/image-233-610x96.png 610w, https:\/\/dhg1h5j42swfq.cloudfront.net\/2022\/07\/21142132\/image-233-150x24.png 150w, https:\/\/dhg1h5j42swfq.cloudfront.net\/2022\/07\/21142132\/image-233.png 1135w\" sizes=\"auto, (max-width: 1024px) 100vw, 1024px\" \/><figcaption>Auxiliar e T\u00e9cnicos prova objetiva concurso SMS Curitiba<\/figcaption><\/figure>\n\n\n\n<figure class=\"wp-block-image aligncenter size-full\"><img loading=\"lazy\" decoding=\"async\" width=\"986\" height=\"260\" src=\"https:\/\/dhg1h5j42swfq.cloudfront.net\/2022\/07\/21101821\/image-229.png\" alt=\"prova objetiva concurso SMS Curitiba\" class=\"wp-image-1064500\" srcset=\"https:\/\/dhg1h5j42swfq.cloudfront.net\/2022\/07\/21101821\/image-229.png 986w, https:\/\/dhg1h5j42swfq.cloudfront.net\/2022\/07\/21101821\/image-229-300x79.png 300w, https:\/\/dhg1h5j42swfq.cloudfront.net\/2022\/07\/21101821\/image-229-768x203.png 768w, https:\/\/dhg1h5j42swfq.cloudfront.net\/2022\/07\/21101821\/image-229-610x161.png 610w, https:\/\/dhg1h5j42swfq.cloudfront.net\/2022\/07\/21101821\/image-229-150x40.png 150w\" sizes=\"auto, (max-width: 986px) 100vw, 986px\" \/><figcaption>Demais cargos prova objetiva concurso SMS Curitiba<\/figcaption><\/figure>\n\n\n\n<figure class=\"wp-block-image aligncenter size-large\"><img loading=\"lazy\" decoding=\"async\" width=\"1024\" height=\"186\" src=\"https:\/\/dhg1h5j42swfq.cloudfront.net\/2022\/07\/21142208\/image-234-1024x186.png\" alt=\"ACS e ACE prova objetiva concurso SMS Curitiba\" class=\"wp-image-1064715\" srcset=\"https:\/\/dhg1h5j42swfq.cloudfront.net\/2022\/07\/21142208\/image-234-1024x186.png 1024w, https:\/\/dhg1h5j42swfq.cloudfront.net\/2022\/07\/21142208\/image-234-300x55.png 300w, https:\/\/dhg1h5j42swfq.cloudfront.net\/2022\/07\/21142208\/image-234-768x140.png 768w, https:\/\/dhg1h5j42swfq.cloudfront.net\/2022\/07\/21142208\/image-234-610x111.png 610w, https:\/\/dhg1h5j42swfq.cloudfront.net\/2022\/07\/21142208\/image-234-150x27.png 150w, https:\/\/dhg1h5j42swfq.cloudfront.net\/2022\/07\/21142208\/image-234.png 1067w\" sizes=\"auto, (max-width: 1024px) 100vw, 1024px\" \/><figcaption>ACS e ACE prova objetiva concurso SMS Curitiba<\/figcaption><\/figure>\n\n\n\n<h3 class=\"wp-block-heading\" id=\"discursiva\">Prova de T\u00edtulos<\/h3>\n\n\n\n<p>Os candidatos classificados e que possu\u00edrem o(s) t\u00edtulo(s)\/documento(s) conforme o discriminado na tabela do item anterior dever\u00e3o fazer fotoc\u00f3pias dos t\u00edtulos\/documentos, incluindo a grade curricular, coloc\u00e1-las em um envelope lacrado devidamente identificado com o nome do candidato, n\u00famero de inscri\u00e7\u00e3o, cargo pretendido e entreg\u00e1-lo em prazo a ser divulgado por meio de Edital espec\u00edfico, no seguinte local: N\u00facleo de Concursos da UFPR, Campus I (Agr\u00e1rias), Rua dos Funcion\u00e1rios, CEP 80.035-050 \u2013 Juvev\u00ea &#8211; Curitiba \u2013 PR. Especificar no envelope: Prefeitura de Curitiba \u2013 Edital Normativo n.\u00ba 10\/2022 \u2013 Documentos para a Prova de T\u00edtulos.<\/p>\n\n\n\n<figure class=\"wp-block-image aligncenter size-large is-resized\"><img loading=\"lazy\" decoding=\"async\" src=\"https:\/\/dhg1h5j42swfq.cloudfront.net\/2022\/07\/21142331\/image-235-1024x458.png\" alt=\"M\u00e9dico - Quadro de T\u00edtulos SMS Curitiba\" class=\"wp-image-1064717\" width=\"768\" height=\"344\" srcset=\"https:\/\/dhg1h5j42swfq.cloudfront.net\/2022\/07\/21142331\/image-235-1024x458.png 1024w, https:\/\/dhg1h5j42swfq.cloudfront.net\/2022\/07\/21142331\/image-235-300x134.png 300w, https:\/\/dhg1h5j42swfq.cloudfront.net\/2022\/07\/21142331\/image-235-768x344.png 768w, https:\/\/dhg1h5j42swfq.cloudfront.net\/2022\/07\/21142331\/image-235-610x273.png 610w, https:\/\/dhg1h5j42swfq.cloudfront.net\/2022\/07\/21142331\/image-235-150x67.png 150w, https:\/\/dhg1h5j42swfq.cloudfront.net\/2022\/07\/21142331\/image-235.png 1146w\" sizes=\"auto, (max-width: 768px) 100vw, 768px\" \/><figcaption>M\u00e9dico &#8211; quadro de t\u00edtulos SMS Curitiba<\/figcaption><\/figure>\n\n\n\n<figure class=\"wp-block-image aligncenter size-full\"><img loading=\"lazy\" decoding=\"async\" width=\"979\" height=\"252\" src=\"https:\/\/dhg1h5j42swfq.cloudfront.net\/2022\/07\/21102242\/image-230.png\" alt=\"Demais cargos - Quadro de t\u00edtulos \" class=\"wp-image-1064501\" srcset=\"https:\/\/dhg1h5j42swfq.cloudfront.net\/2022\/07\/21102242\/image-230.png 979w, https:\/\/dhg1h5j42swfq.cloudfront.net\/2022\/07\/21102242\/image-230-300x77.png 300w, https:\/\/dhg1h5j42swfq.cloudfront.net\/2022\/07\/21102242\/image-230-768x198.png 768w, https:\/\/dhg1h5j42swfq.cloudfront.net\/2022\/07\/21102242\/image-230-610x157.png 610w, https:\/\/dhg1h5j42swfq.cloudfront.net\/2022\/07\/21102242\/image-230-150x39.png 150w\" sizes=\"auto, (max-width: 979px) 100vw, 979px\" \/><figcaption>Demais cargos &#8211; Quadro de t\u00edtulos SMS Curitiba<\/figcaption><\/figure>\n\n\n\n<h2 class=\"has-text-align-center has-vivid-green-cyan-background-color has-background has-medium-font-size wp-block-heading\" id=\"cursos\">Saiba mais: <a href=\"https:\/\/www.estrategiaconcursos.com.br\/blog\/concurso-sms-curitiba\/\" target=\"_blank\" rel=\"noreferrer noopener\">concurso SMS Curitiba<\/a><\/h2>\n\n\n\n<hr class=\"wp-block-separator has-css-opacity\"\/>\n\n\n\n<h2 class=\"has-text-align-center wp-block-heading\" id=\"h-quer-saber-tudo-sobre-concursos-previstos-confira-nossos-artigos\">Quer saber tudo sobre concursos previstos?<br \/>Confira nossos artigos!<\/h2>\n\n\n\n<ul class=\"wp-block-list\"><li><a href=\"https:\/\/www.estrategiaconcursos.com.br\/blog\/concursos-abertos\/\" target=\"_blank\" rel=\"noreferrer noopener\">Concursos abertos<\/a><\/li><li><a href=\"https:\/\/www.estrategiaconcursos.com.br\/blog\/concursos-2022\/\" target=\"_blank\" rel=\"noreferrer noopener\">Concursos 2022<\/a><\/li><li><a href=\"https:\/\/www.estrategiaconcursos.com.br\/blog\/concursos-2023\/\" target=\"_blank\" rel=\"noreferrer noopener\">Concursos 2023<\/a><\/li><\/ul>\n\n\n\n<div class=\"container\" id=\"boxes\">\n  <div class=\"row\">\n\n    <div class=\"col-sm\">\n      <div class=\"banner-estrategia\" id=\"box-assinatura\">\n        <h3 class=\"titulo-assinatura\">Concurso SMS Curitiba<\/h3>\n        <p class=\"subtitulo-assinatura\">Conhe\u00e7a os cursos<\/p>\n        <div class=\"box-botao\">\n          <a class=\"btn-assinatura\" target=\"_blank\" href=\"https:\/\/www.estrategiaconcursos.com.br\/cursos\/\" role=\"button\" rel=\"noopener noreferrer\">Conhe\u00e7a mais<\/a>\n        <\/div>\n      <\/div>\n     \n    <\/div>\n\n  <\/div>\n<\/div>\n\n\n\n<div class=\"container\" id=\"boxes\">\n  <div class=\"row\">\n\n    <div class=\"col-sm\">\n      <div class=\"estrategia\" id=\"box-assinatura\">\n        <h3 class=\"titulo-assinatura\">Assinatura Concursos<\/h3>\n        <p class=\"subtitulo-assinatura\">Assinatura de 1 ano ou 2 anos<\/p>\n        <div class=\"box-botao\">\n          <a class=\"btn-assinatura\" target=\"_blank\" href=\"https:\/\/www.estrategiaconcursos.com.br\/assinaturas\/\" role=\"button\" rel=\"noopener noreferrer\">ASSINE AGORA<\/a>\n        <\/div>\n      <\/div><\/div><\/div><\/div>\n\n\n\n<figure class=\"wp-block-image size-large is-resized\"><img loading=\"lazy\" decoding=\"async\" src=\"https:\/\/dhg1h5j42swfq.cloudfront.net\/2025\/06\/27101122\/ficha-tecnica-1-1024x632.png\" alt=\"Ficha t\u00e9cnica\" class=\"wp-image-702728\" width=\"269\" height=\"166\" srcset=\"https:\/\/dhg1h5j42swfq.cloudfront.net\/2025\/06\/27101122\/ficha-tecnica-1-1024x632.png 1024w, https:\/\/dhg1h5j42swfq.cloudfront.net\/2025\/06\/27101122\/ficha-tecnica-1-300x185.png 300w, https:\/\/dhg1h5j42swfq.cloudfront.net\/2025\/06\/27101122\/ficha-tecnica-1-768x474.png 768w, https:\/\/dhg1h5j42swfq.cloudfront.net\/2025\/06\/27101122\/ficha-tecnica-1-1536x948.png 1536w, https:\/\/dhg1h5j42swfq.cloudfront.net\/2025\/06\/27101122\/ficha-tecnica-1-610x377.png 610w, https:\/\/dhg1h5j42swfq.cloudfront.net\/2025\/06\/27101122\/ficha-tecnica-1.png 1571w\" sizes=\"auto, (max-width: 269px) 100vw, 269px\" \/><\/figure>\n\n\n\n<h3 class=\"wp-block-heading\" id=\"ficha\">Informa\u00e7\u00f5es do edital Curitiba Sa\u00fade<\/h3>\n\n\n\n<ul class=\"wp-block-list\"><li><strong>Prova<\/strong>: 27 de novembro<\/li><li><strong>Vagas<\/strong>: 249<\/li><li><strong>Cargos<\/strong>: diversos<\/li><li><strong>Banca<\/strong>: UFPR<\/li><li><strong>Escolaridade<\/strong>: m\u00e9dio, t\u00e9cnico e superior<\/li><li><strong>Edital<\/strong>:&nbsp;<a href=\"https:\/\/dhg1h5j42swfq.cloudfront.net\/2022\/07\/21134922\/medicos.pdf\" target=\"_blank\" rel=\"noreferrer noopener nofollow\">M\u00e9dicos<\/a> | <a href=\"https:\/\/dhg1h5j42swfq.cloudfront.net\/2022\/07\/21134952\/auxiliares.pdf\" target=\"_blank\" rel=\"noreferrer noopener nofollow\">Auxiliares<\/a> | <a href=\"https:\/\/dhg1h5j42swfq.cloudfront.net\/2022\/07\/21135011\/acs.pdf\" target=\"_blank\" rel=\"noreferrer noopener nofollow\">ACS e ACE<\/a> | <a href=\"https:\/\/dhg1h5j42swfq.cloudfront.net\/2022\/07\/21100317\/edital-curitiba-1.pdf\" target=\"_blank\" rel=\"noreferrer noopener nofollow\">Demais cargos<\/a><\/li><\/ul>\n","protected":false},"excerpt":{"rendered":"<p>O edital Curitiba Sa\u00fade, no estado do Paran\u00e1, est\u00e1 com as inscri\u00e7\u00f5es encerradas. Os interessados em participar da sele\u00e7\u00e3o puderam se inscrever at\u00e9 12 de setembro, no site da banca organizadora, UFPR, ao custo de R$ 120,00. O concurso oferece 249 vagas para cargos de n\u00edveis m\u00e9dio, t\u00e9cnico e superior. Os sal\u00e1rios variam de R$ [&hellip;]<\/p>\n","protected":false},"author":1483,"featured_media":842793,"comment_status":"open","ping_status":"closed","sticky":false,"template":"","format":"standard","meta":{"post_tipo":"news","footnotes":""},"categories":[1981,220219],"tags":[],"tax_estado":[219981],"class_list":["post-1064432","post","type-post","status-publish","format-standard","has-post-thumbnail","hentry","category-saude","category-noticias","tax_estado-pr"],"acf":[],"yoast_head":"<!-- This site is optimized with the Yoast SEO Premium plugin v27.2 (Yoast SEO v27.2) - https:\/\/yoast.com\/product\/yoast-seo-premium-wordpress\/ -->\n<title>Edital Curitiba Sa\u00fade oferta 249 vagas. Inscri\u00e7\u00f5es encerradas<\/title>\n<meta name=\"description\" content=\"Edital do concurso Curitiba Sa\u00fade, no estado do Paran\u00e1, oferta 249 vagas para cargos de n\u00edveis superior. Confira mais!\" \/>\n<meta name=\"robots\" content=\"index, follow, max-snippet:-1, max-image-preview:large, max-video-preview:-1\" \/>\n<link rel=\"canonical\" href=\"https:\/\/www.estrategiaconcursos.com.br\/blog\/concurso-curitiba-saude-edital-publicado\/\" \/>\n<meta property=\"og:locale\" content=\"pt_BR\" \/>\n<meta property=\"og:type\" content=\"article\" \/>\n<meta property=\"og:title\" content=\"Edital Curitiba Sa\u00fade oferta 249 vagas. Inscri\u00e7\u00f5es encerradas\" \/>\n<meta property=\"og:description\" content=\"Edital do concurso Curitiba Sa\u00fade, no estado do Paran\u00e1, oferta 249 vagas para cargos de n\u00edveis superior. Confira mais!\" \/>\n<meta property=\"og:url\" content=\"https:\/\/www.estrategiaconcursos.com.br\/blog\/concurso-curitiba-saude-edital-publicado\/\" \/>\n<meta property=\"og:site_name\" content=\"Estrat\u00e9gia Concursos\" \/>\n<meta property=\"article:published_time\" content=\"2022-09-12T08:26:00+00:00\" \/>\n<meta property=\"article:modified_time\" content=\"2022-09-13T13:09:43+00:00\" \/>\n<meta property=\"og:image\" content=\"https:\/\/dhg1h5j42swfq.cloudfront.net\/2021\/08\/22220040\/sms-curitiba.jpeg\" \/>\n\t<meta property=\"og:image:width\" content=\"768\" \/>\n\t<meta property=\"og:image:height\" content=\"432\" \/>\n\t<meta property=\"og:image:type\" content=\"image\/jpeg\" \/>\n<meta name=\"author\" content=\"Diogo Mendes\" \/>\n<meta name=\"twitter:card\" content=\"summary_large_image\" \/>\n<meta name=\"twitter:creator\" content=\"@EstratConcursos\" \/>\n<meta name=\"twitter:site\" content=\"@EstratConcursos\" \/>\n<meta name=\"twitter:label1\" content=\"Escrito por\" \/>\n\t<meta name=\"twitter:data1\" content=\"Diogo Mendes\" \/>\n\t<meta name=\"twitter:label2\" content=\"Est. tempo de leitura\" \/>\n\t<meta name=\"twitter:data2\" content=\"5 minutos\" \/>\n<script type=\"application\/ld+json\" class=\"yoast-schema-graph\">{\"@context\":\"https:\/\/schema.org\",\"@graph\":[{\"@type\":\"NewsArticle\",\"@id\":\"https:\/\/www.estrategiaconcursos.com.br\/blog\/concurso-curitiba-saude-edital-publicado\/#article\",\"isPartOf\":{\"@id\":\"https:\/\/www.estrategiaconcursos.com.br\/blog\/concurso-curitiba-saude-edital-publicado\/\"},\"author\":{\"name\":\"Diogo Mendes\",\"@id\":\"https:\/\/www.estrategiaconcursos.com.br\/blog\/#\/schema\/person\/cc9e76173880338ce9f656c88664a1f6\"},\"headline\":\"Edital Curitiba Sa\u00fade oferta 249 vagas. Inscri\u00e7\u00f5es encerradas\",\"datePublished\":\"2022-09-12T08:26:00+00:00\",\"dateModified\":\"2022-09-13T13:09:43+00:00\",\"mainEntityOfPage\":{\"@id\":\"https:\/\/www.estrategiaconcursos.com.br\/blog\/concurso-curitiba-saude-edital-publicado\/\"},\"wordCount\":558,\"commentCount\":0,\"publisher\":{\"@id\":\"https:\/\/www.estrategiaconcursos.com.br\/blog\/#organization\"},\"image\":{\"@id\":\"https:\/\/www.estrategiaconcursos.com.br\/blog\/concurso-curitiba-saude-edital-publicado\/#primaryimage\"},\"thumbnailUrl\":\"https:\/\/dhg1h5j42swfq.cloudfront.net\/2021\/08\/22220040\/sms-curitiba.jpeg\",\"articleSection\":[\"Sa\u00fade\",\"\u00daltimas not\u00edcias\"],\"inLanguage\":\"pt-BR\",\"potentialAction\":[{\"@type\":\"CommentAction\",\"name\":\"Comment\",\"target\":[\"https:\/\/www.estrategiaconcursos.com.br\/blog\/concurso-curitiba-saude-edital-publicado\/#respond\"]}],\"copyrightYear\":\"2022\",\"copyrightHolder\":{\"@id\":\"https:\/\/www.estrategiaconcursos.com.br\/blog\/#organization\"}},{\"@type\":\"WebPage\",\"@id\":\"https:\/\/www.estrategiaconcursos.com.br\/blog\/concurso-curitiba-saude-edital-publicado\/\",\"url\":\"https:\/\/www.estrategiaconcursos.com.br\/blog\/concurso-curitiba-saude-edital-publicado\/\",\"name\":\"Edital Curitiba Sa\u00fade oferta 249 vagas. Inscri\u00e7\u00f5es encerradas\",\"isPartOf\":{\"@id\":\"https:\/\/www.estrategiaconcursos.com.br\/blog\/#website\"},\"primaryImageOfPage\":{\"@id\":\"https:\/\/www.estrategiaconcursos.com.br\/blog\/concurso-curitiba-saude-edital-publicado\/#primaryimage\"},\"image\":{\"@id\":\"https:\/\/www.estrategiaconcursos.com.br\/blog\/concurso-curitiba-saude-edital-publicado\/#primaryimage\"},\"thumbnailUrl\":\"https:\/\/dhg1h5j42swfq.cloudfront.net\/2021\/08\/22220040\/sms-curitiba.jpeg\",\"datePublished\":\"2022-09-12T08:26:00+00:00\",\"dateModified\":\"2022-09-13T13:09:43+00:00\",\"description\":\"Edital do concurso Curitiba Sa\u00fade, no estado do Paran\u00e1, oferta 249 vagas para cargos de n\u00edveis superior. Confira mais!\",\"breadcrumb\":{\"@id\":\"https:\/\/www.estrategiaconcursos.com.br\/blog\/concurso-curitiba-saude-edital-publicado\/#breadcrumb\"},\"inLanguage\":\"pt-BR\",\"potentialAction\":[{\"@type\":\"ReadAction\",\"target\":[\"https:\/\/www.estrategiaconcursos.com.br\/blog\/concurso-curitiba-saude-edital-publicado\/\"]}]},{\"@type\":\"ImageObject\",\"inLanguage\":\"pt-BR\",\"@id\":\"https:\/\/www.estrategiaconcursos.com.br\/blog\/concurso-curitiba-saude-edital-publicado\/#primaryimage\",\"url\":\"https:\/\/dhg1h5j42swfq.cloudfront.net\/2021\/08\/22220040\/sms-curitiba.jpeg\",\"contentUrl\":\"https:\/\/dhg1h5j42swfq.cloudfront.net\/2021\/08\/22220040\/sms-curitiba.jpeg\",\"width\":768,\"height\":432,\"caption\":\"concurso SMS curitiba\"},{\"@type\":\"BreadcrumbList\",\"@id\":\"https:\/\/www.estrategiaconcursos.com.br\/blog\/concurso-curitiba-saude-edital-publicado\/#breadcrumb\",\"itemListElement\":[{\"@type\":\"ListItem\",\"position\":1,\"name\":\"In\u00edcio\",\"item\":\"https:\/\/www.estrategiaconcursos.com.br\/blog\/\"},{\"@type\":\"ListItem\",\"position\":2,\"name\":\"Edital Curitiba Sa\u00fade oferta 249 vagas. Inscri\u00e7\u00f5es encerradas\"}]},{\"@type\":\"WebSite\",\"@id\":\"https:\/\/www.estrategiaconcursos.com.br\/blog\/#website\",\"url\":\"https:\/\/www.estrategiaconcursos.com.br\/blog\/\",\"name\":\"Estrat\u00e9gia Concursos\",\"description\":\"O blog da Estrat\u00e9gia Concursos traz not\u00edcias sobre concursos e artigos de professores oferecendo cursos para concursos (pdf + videaulas) no site.\",\"publisher\":{\"@id\":\"https:\/\/www.estrategiaconcursos.com.br\/blog\/#organization\"},\"potentialAction\":[{\"@type\":\"SearchAction\",\"target\":{\"@type\":\"EntryPoint\",\"urlTemplate\":\"https:\/\/www.estrategiaconcursos.com.br\/blog\/?s={search_term_string}\"},\"query-input\":{\"@type\":\"PropertyValueSpecification\",\"valueRequired\":true,\"valueName\":\"search_term_string\"}}],\"inLanguage\":\"pt-BR\"},{\"@type\":\"Organization\",\"@id\":\"https:\/\/www.estrategiaconcursos.com.br\/blog\/#organization\",\"name\":\"Estrat\u00e9gia Concursos\",\"url\":\"https:\/\/www.estrategiaconcursos.com.br\/blog\/\",\"logo\":{\"@type\":\"ImageObject\",\"inLanguage\":\"pt-BR\",\"@id\":\"https:\/\/www.estrategiaconcursos.com.br\/blog\/#\/schema\/logo\/image\/\",\"url\":\"https:\/\/dhg1h5j42swfq.cloudfront.net\/2025\/06\/03203428\/logo_concursos-1.jpg\",\"contentUrl\":\"https:\/\/dhg1h5j42swfq.cloudfront.net\/2025\/06\/03203428\/logo_concursos-1.jpg\",\"width\":230,\"height\":60,\"caption\":\"Estrat\u00e9gia Concursos\"},\"image\":{\"@id\":\"https:\/\/www.estrategiaconcursos.com.br\/blog\/#\/schema\/logo\/image\/\"},\"sameAs\":[\"https:\/\/x.com\/EstratConcursos\"]},{\"@type\":\"Person\",\"@id\":\"https:\/\/www.estrategiaconcursos.com.br\/blog\/#\/schema\/person\/cc9e76173880338ce9f656c88664a1f6\",\"name\":\"Diogo Mendes\",\"image\":{\"@type\":\"ImageObject\",\"inLanguage\":\"pt-BR\",\"@id\":\"https:\/\/secure.gravatar.com\/avatar\/9754d6777d460a45ef4067b586b94c32005cc2345a0404b8d96adc620cf63806?s=96&d=mm&r=g\",\"url\":\"https:\/\/secure.gravatar.com\/avatar\/9754d6777d460a45ef4067b586b94c32005cc2345a0404b8d96adc620cf63806?s=96&d=mm&r=g\",\"contentUrl\":\"https:\/\/secure.gravatar.com\/avatar\/9754d6777d460a45ef4067b586b94c32005cc2345a0404b8d96adc620cf63806?s=96&d=mm&r=g\",\"caption\":\"Diogo Mendes\"},\"description\":\"Diogo Mendes \u00e9 jornalista formado pela Universidade Paulista, com experi\u00eancia em reda\u00e7\u00f5es de diversos ve\u00edculos e na produ\u00e7\u00e3o de conte\u00fados especializados em concursos p\u00fablicos. Desde 2019, atua no Estrat\u00e9gia Concursos como Jornalista e Analista de Conte\u00fado, com foco na apura\u00e7\u00e3o de informa\u00e7\u00f5es junto a \u00f3rg\u00e3os e fontes oficiais. Dedica-se especialmente \u00e0 produ\u00e7\u00e3o de not\u00edcias e reportagens sobre Concursos Legislativos, al\u00e9m de acompanhar diariamente os concursos policiais, banc\u00e1rios e da \u00e1rea da sa\u00fade.\",\"url\":\"https:\/\/www.estrategiaconcursos.com.br\/blog\/author\/diogo-mendesestrategiaconcursos-com-br\/\"}]}<\/script>\n<!-- \/ Yoast SEO Premium plugin. -->","yoast_head_json":{"title":"Edital Curitiba Sa\u00fade oferta 249 vagas. Inscri\u00e7\u00f5es encerradas","description":"Edital do concurso Curitiba Sa\u00fade, no estado do Paran\u00e1, oferta 249 vagas para cargos de n\u00edveis superior. Confira mais!","robots":{"index":"index","follow":"follow","max-snippet":"max-snippet:-1","max-image-preview":"max-image-preview:large","max-video-preview":"max-video-preview:-1"},"canonical":"https:\/\/www.estrategiaconcursos.com.br\/blog\/concurso-curitiba-saude-edital-publicado\/","og_locale":"pt_BR","og_type":"article","og_title":"Edital Curitiba Sa\u00fade oferta 249 vagas. Inscri\u00e7\u00f5es encerradas","og_description":"Edital do concurso Curitiba Sa\u00fade, no estado do Paran\u00e1, oferta 249 vagas para cargos de n\u00edveis superior. Confira mais!","og_url":"https:\/\/www.estrategiaconcursos.com.br\/blog\/concurso-curitiba-saude-edital-publicado\/","og_site_name":"Estrat\u00e9gia Concursos","article_published_time":"2022-09-12T08:26:00+00:00","article_modified_time":"2022-09-13T13:09:43+00:00","og_image":[{"width":768,"height":432,"url":"https:\/\/dhg1h5j42swfq.cloudfront.net\/2021\/08\/22220040\/sms-curitiba.jpeg","type":"image\/jpeg"}],"author":"Diogo Mendes","twitter_card":"summary_large_image","twitter_creator":"@EstratConcursos","twitter_site":"@EstratConcursos","twitter_misc":{"Escrito por":"Diogo Mendes","Est. tempo de leitura":"5 minutos"},"schema":{"@context":"https:\/\/schema.org","@graph":[{"@type":"NewsArticle","@id":"https:\/\/www.estrategiaconcursos.com.br\/blog\/concurso-curitiba-saude-edital-publicado\/#article","isPartOf":{"@id":"https:\/\/www.estrategiaconcursos.com.br\/blog\/concurso-curitiba-saude-edital-publicado\/"},"author":{"name":"Diogo Mendes","@id":"https:\/\/www.estrategiaconcursos.com.br\/blog\/#\/schema\/person\/cc9e76173880338ce9f656c88664a1f6"},"headline":"Edital Curitiba Sa\u00fade oferta 249 vagas. Inscri\u00e7\u00f5es encerradas","datePublished":"2022-09-12T08:26:00+00:00","dateModified":"2022-09-13T13:09:43+00:00","mainEntityOfPage":{"@id":"https:\/\/www.estrategiaconcursos.com.br\/blog\/concurso-curitiba-saude-edital-publicado\/"},"wordCount":558,"commentCount":0,"publisher":{"@id":"https:\/\/www.estrategiaconcursos.com.br\/blog\/#organization"},"image":{"@id":"https:\/\/www.estrategiaconcursos.com.br\/blog\/concurso-curitiba-saude-edital-publicado\/#primaryimage"},"thumbnailUrl":"https:\/\/dhg1h5j42swfq.cloudfront.net\/2021\/08\/22220040\/sms-curitiba.jpeg","articleSection":["Sa\u00fade","\u00daltimas not\u00edcias"],"inLanguage":"pt-BR","potentialAction":[{"@type":"CommentAction","name":"Comment","target":["https:\/\/www.estrategiaconcursos.com.br\/blog\/concurso-curitiba-saude-edital-publicado\/#respond"]}],"copyrightYear":"2022","copyrightHolder":{"@id":"https:\/\/www.estrategiaconcursos.com.br\/blog\/#organization"}},{"@type":"WebPage","@id":"https:\/\/www.estrategiaconcursos.com.br\/blog\/concurso-curitiba-saude-edital-publicado\/","url":"https:\/\/www.estrategiaconcursos.com.br\/blog\/concurso-curitiba-saude-edital-publicado\/","name":"Edital Curitiba Sa\u00fade oferta 249 vagas. Inscri\u00e7\u00f5es encerradas","isPartOf":{"@id":"https:\/\/www.estrategiaconcursos.com.br\/blog\/#website"},"primaryImageOfPage":{"@id":"https:\/\/www.estrategiaconcursos.com.br\/blog\/concurso-curitiba-saude-edital-publicado\/#primaryimage"},"image":{"@id":"https:\/\/www.estrategiaconcursos.com.br\/blog\/concurso-curitiba-saude-edital-publicado\/#primaryimage"},"thumbnailUrl":"https:\/\/dhg1h5j42swfq.cloudfront.net\/2021\/08\/22220040\/sms-curitiba.jpeg","datePublished":"2022-09-12T08:26:00+00:00","dateModified":"2022-09-13T13:09:43+00:00","description":"Edital do concurso Curitiba Sa\u00fade, no estado do Paran\u00e1, oferta 249 vagas para cargos de n\u00edveis superior. Confira mais!","breadcrumb":{"@id":"https:\/\/www.estrategiaconcursos.com.br\/blog\/concurso-curitiba-saude-edital-publicado\/#breadcrumb"},"inLanguage":"pt-BR","potentialAction":[{"@type":"ReadAction","target":["https:\/\/www.estrategiaconcursos.com.br\/blog\/concurso-curitiba-saude-edital-publicado\/"]}]},{"@type":"ImageObject","inLanguage":"pt-BR","@id":"https:\/\/www.estrategiaconcursos.com.br\/blog\/concurso-curitiba-saude-edital-publicado\/#primaryimage","url":"https:\/\/dhg1h5j42swfq.cloudfront.net\/2021\/08\/22220040\/sms-curitiba.jpeg","contentUrl":"https:\/\/dhg1h5j42swfq.cloudfront.net\/2021\/08\/22220040\/sms-curitiba.jpeg","width":768,"height":432,"caption":"concurso SMS curitiba"},{"@type":"BreadcrumbList","@id":"https:\/\/www.estrategiaconcursos.com.br\/blog\/concurso-curitiba-saude-edital-publicado\/#breadcrumb","itemListElement":[{"@type":"ListItem","position":1,"name":"In\u00edcio","item":"https:\/\/www.estrategiaconcursos.com.br\/blog\/"},{"@type":"ListItem","position":2,"name":"Edital Curitiba Sa\u00fade oferta 249 vagas. Inscri\u00e7\u00f5es encerradas"}]},{"@type":"WebSite","@id":"https:\/\/www.estrategiaconcursos.com.br\/blog\/#website","url":"https:\/\/www.estrategiaconcursos.com.br\/blog\/","name":"Estrat\u00e9gia Concursos","description":"O blog da Estrat\u00e9gia Concursos traz not\u00edcias sobre concursos e artigos de professores oferecendo cursos para concursos (pdf + videaulas) no site.","publisher":{"@id":"https:\/\/www.estrategiaconcursos.com.br\/blog\/#organization"},"potentialAction":[{"@type":"SearchAction","target":{"@type":"EntryPoint","urlTemplate":"https:\/\/www.estrategiaconcursos.com.br\/blog\/?s={search_term_string}"},"query-input":{"@type":"PropertyValueSpecification","valueRequired":true,"valueName":"search_term_string"}}],"inLanguage":"pt-BR"},{"@type":"Organization","@id":"https:\/\/www.estrategiaconcursos.com.br\/blog\/#organization","name":"Estrat\u00e9gia Concursos","url":"https:\/\/www.estrategiaconcursos.com.br\/blog\/","logo":{"@type":"ImageObject","inLanguage":"pt-BR","@id":"https:\/\/www.estrategiaconcursos.com.br\/blog\/#\/schema\/logo\/image\/","url":"https:\/\/dhg1h5j42swfq.cloudfront.net\/2025\/06\/03203428\/logo_concursos-1.jpg","contentUrl":"https:\/\/dhg1h5j42swfq.cloudfront.net\/2025\/06\/03203428\/logo_concursos-1.jpg","width":230,"height":60,"caption":"Estrat\u00e9gia Concursos"},"image":{"@id":"https:\/\/www.estrategiaconcursos.com.br\/blog\/#\/schema\/logo\/image\/"},"sameAs":["https:\/\/x.com\/EstratConcursos"]},{"@type":"Person","@id":"https:\/\/www.estrategiaconcursos.com.br\/blog\/#\/schema\/person\/cc9e76173880338ce9f656c88664a1f6","name":"Diogo Mendes","image":{"@type":"ImageObject","inLanguage":"pt-BR","@id":"https:\/\/secure.gravatar.com\/avatar\/9754d6777d460a45ef4067b586b94c32005cc2345a0404b8d96adc620cf63806?s=96&d=mm&r=g","url":"https:\/\/secure.gravatar.com\/avatar\/9754d6777d460a45ef4067b586b94c32005cc2345a0404b8d96adc620cf63806?s=96&d=mm&r=g","contentUrl":"https:\/\/secure.gravatar.com\/avatar\/9754d6777d460a45ef4067b586b94c32005cc2345a0404b8d96adc620cf63806?s=96&d=mm&r=g","caption":"Diogo Mendes"},"description":"Diogo Mendes \u00e9 jornalista formado pela Universidade Paulista, com experi\u00eancia em reda\u00e7\u00f5es de diversos ve\u00edculos e na produ\u00e7\u00e3o de conte\u00fados especializados em concursos p\u00fablicos. Desde 2019, atua no Estrat\u00e9gia Concursos como Jornalista e Analista de Conte\u00fado, com foco na apura\u00e7\u00e3o de informa\u00e7\u00f5es junto a \u00f3rg\u00e3os e fontes oficiais. Dedica-se especialmente \u00e0 produ\u00e7\u00e3o de not\u00edcias e reportagens sobre Concursos Legislativos, al\u00e9m de acompanhar diariamente os concursos policiais, banc\u00e1rios e da \u00e1rea da sa\u00fade.","url":"https:\/\/www.estrategiaconcursos.com.br\/blog\/author\/diogo-mendesestrategiaconcursos-com-br\/"}]}},"_links":{"self":[{"href":"https:\/\/www.estrategiaconcursos.com.br\/blog\/wp-json\/wp\/v2\/posts\/1064432","targetHints":{"allow":["GET"]}}],"collection":[{"href":"https:\/\/www.estrategiaconcursos.com.br\/blog\/wp-json\/wp\/v2\/posts"}],"about":[{"href":"https:\/\/www.estrategiaconcursos.com.br\/blog\/wp-json\/wp\/v2\/types\/post"}],"author":[{"embeddable":true,"href":"https:\/\/www.estrategiaconcursos.com.br\/blog\/wp-json\/wp\/v2\/users\/1483"}],"replies":[{"embeddable":true,"href":"https:\/\/www.estrategiaconcursos.com.br\/blog\/wp-json\/wp\/v2\/comments?post=1064432"}],"version-history":[{"count":8,"href":"https:\/\/www.estrategiaconcursos.com.br\/blog\/wp-json\/wp\/v2\/posts\/1064432\/revisions"}],"predecessor-version":[{"id":1093643,"href":"https:\/\/www.estrategiaconcursos.com.br\/blog\/wp-json\/wp\/v2\/posts\/1064432\/revisions\/1093643"}],"wp:featuredmedia":[{"embeddable":true,"href":"https:\/\/www.estrategiaconcursos.com.br\/blog\/wp-json\/wp\/v2\/media\/842793"}],"wp:attachment":[{"href":"https:\/\/www.estrategiaconcursos.com.br\/blog\/wp-json\/wp\/v2\/media?parent=1064432"}],"wp:term":[{"taxonomy":"category","embeddable":true,"href":"https:\/\/www.estrategiaconcursos.com.br\/blog\/wp-json\/wp\/v2\/categories?post=1064432"},{"taxonomy":"post_tag","embeddable":true,"href":"https:\/\/www.estrategiaconcursos.com.br\/blog\/wp-json\/wp\/v2\/tags?post=1064432"},{"taxonomy":"tax_estado","embeddable":true,"href":"https:\/\/www.estrategiaconcursos.com.br\/blog\/wp-json\/wp\/v2\/tax_estado?post=1064432"}],"curies":[{"name":"wp","href":"https:\/\/api.w.org\/{rel}","templated":true}]}}