{"id":1064320,"date":"2022-07-24T19:30:00","date_gmt":"2022-07-24T22:30:00","guid":{"rendered":"https:\/\/www.estrategiaconcursos.com.br\/blog\/?p=1064320"},"modified":"2023-05-24T12:06:57","modified_gmt":"2023-05-24T15:06:57","slug":"gabarito-extraoficial-pc-ba-investigador","status":"publish","type":"post","link":"https:\/\/www.estrategiaconcursos.com.br\/blog\/gabarito-extraoficial-pc-ba-investigador\/","title":{"rendered":"Gabarito Extraoficial PC BA &#8211; Investigador: confira a corre\u00e7\u00e3o"},"content":{"rendered":"\n<p>Neste domingo, 24 de julho, foram aplicadas as<strong> provas do concurso PC BA.&nbsp;<\/strong>De acordo com o edital, as avalia\u00e7\u00f5es ocorreram nos turnos da manh\u00e3 (objetiva) e tarde (discursiva).<\/p>\n\n\n\n<p>Com o objetivo de ajud\u00e1-lo a diminuir um pouco a ansiedade de saber se foi bem ou n\u00e3o em um concurso t\u00e3o visado e importante,&nbsp;<strong>nossos professores realizaram a corre\u00e7\u00e3o, dando o<\/strong>&nbsp;<strong>gabarito extraoficial da prova da PC BA &#8211; Investigador<\/strong>.<\/p>\n\n\n\n<p>Portanto, confira, antecipadamente, seu desempenho e ainda receba dicas de recursos (se houver necessidade, claro!). Lembrando que o&nbsp;gabarito oficial preliminar ser\u00e1 publicado pelo <a href=\"https:\/\/www.ibfc.org.br\/concurso\/concurso_selecionado\/398\" target=\"_blank\" rel=\"noreferrer noopener\">IBFC<\/a>. <\/p>\n\n\n\n<h2 class=\"wp-block-heading\" id=\"h-participe-do-ranking-gabarito-extraoficial-pc-ba-investigador\">Participe do Ranking Gabarito Extraoficial PC BA \u2013 Investigador<\/h2>\n\n\n\n<p class=\"has-text-align-center has-cyan-bluish-gray-background-color has-background\" style=\"font-size:clamp(14px, 0.875rem + ((1vw - 3.2px) * 0.392), 18px);\"><strong><a href=\"https:\/\/forms.gle\/powWaBkBU6Bii6uw6\" target=\"_blank\" rel=\"noreferrer noopener\">Preencha o gabarito eletr\u00f4nico<\/a><\/strong><\/p>\n\n\n\n<p class=\"has-text-align-center has-cyan-bluish-gray-background-color has-background\" style=\"font-size:clamp(14px, 0.875rem + ((1vw - 3.2px) * 0.392), 18px);\"><strong><a href=\"https:\/\/docs.google.com\/spreadsheets\/d\/1JYz-oxiaVgT8a89Z3javY5CRWQgpq2lbGxA-gYOilC0\/edit?usp=sharing\" target=\"_blank\" rel=\"noreferrer noopener\">Ranking Gabarito Extraoficial PC BA \u2013 Investigador<\/a><\/strong><\/p>\n\n\n\n<h2 class=\"wp-block-heading\" id=\"h-correcao-e-gabarito-extraoficial-pc-ba-investigador\">Corre\u00e7\u00e3o e Gabarito Extraoficial PC BA \u2013 Investigador<\/h2>\n\n\n\n<figure class=\"wp-block-table is-style-stripes\"><table class=\"has-very-light-gray-to-cyan-bluish-gray-gradient-background has-background has-fixed-layout\"><tbody><tr><td class=\"has-text-align-center\" data-align=\"center\"><strong>Disciplina<\/strong><\/td><td class=\"has-text-align-center\" data-align=\"center\"><strong>Professor<\/strong><\/td><\/tr><tr><td class=\"has-text-align-center\" data-align=\"center\">Abertura<\/td><td class=\"has-text-align-center\" data-align=\"center\">Th\u00e1llius Moraes<\/td><\/tr><tr><td class=\"has-text-align-center\" data-align=\"center\">No\u00e7\u00f5es De Contabilidade (Investigador)<\/td><td class=\"has-text-align-center\" data-align=\"center\">Silvio Sande<\/td><\/tr><tr><td class=\"has-text-align-center\" data-align=\"center\">No\u00e7\u00f5es Direito Administrativo<\/td><td class=\"has-text-align-center\" data-align=\"center\">Th\u00e1llius Moraes<\/td><\/tr><tr><td class=\"has-text-align-center\" data-align=\"center\">L\u00edngua Portuguesa<\/td><td class=\"has-text-align-center\" data-align=\"center\">Janaina Arruda<\/td><\/tr><tr><td class=\"has-text-align-center\" data-align=\"center\">Inform\u00e1tica<\/td><td class=\"has-text-align-center\" data-align=\"center\">Renato da Costa<\/td><\/tr><tr><td class=\"has-text-align-center\" data-align=\"center\">Racioc\u00ednio L\u00f3gico<\/td><td class=\"has-text-align-center\" data-align=\"center\">Brunno Lima<\/td><\/tr><tr><td class=\"has-text-align-center\" data-align=\"center\">Legisla\u00e7\u00e3o Extravagante<\/td><td class=\"has-text-align-center\" data-align=\"center\">Ant\u00f4nio Pequeno<\/td><\/tr><tr><td class=\"has-text-align-center\" data-align=\"center\">ECA e DUDH<\/td><td class=\"has-text-align-center\" data-align=\"center\">G\u00e9ssica Ehle<\/td><\/tr><tr><td class=\"has-text-align-center\" data-align=\"center\">No\u00e7\u00f5es Direito Processual Penal<\/td><td class=\"has-text-align-center\" data-align=\"center\">Renan Araujo<\/td><\/tr><tr><td class=\"has-text-align-center\" data-align=\"center\">Medicina Legal<\/td><td class=\"has-text-align-center\" data-align=\"center\">Alexandre Herculano<\/td><\/tr><tr><td class=\"has-text-align-center\" data-align=\"center\">No\u00e7\u00f5es Direito Penal<\/td><td class=\"has-text-align-center\" data-align=\"center\">Priscila Silveira<\/td><\/tr><tr><td class=\"has-text-align-center\" data-align=\"center\">Legisla\u00e7\u00e3o Geral<\/td><td class=\"has-text-align-center\" data-align=\"center\">Emerson Bruno<\/td><\/tr><tr><td class=\"has-text-align-center\" data-align=\"center\">No\u00e7\u00f5es Direito Constitucional<\/td><td class=\"has-text-align-center\" data-align=\"center\">Adriane Fauth<\/td><\/tr><tr><td class=\"has-text-align-center\" data-align=\"center\">Atualidades<\/td><td class=\"has-text-align-center\" data-align=\"center\">Rodolfo Gracioli<\/td><\/tr><\/tbody><\/table><\/figure>\n\n\n\n<h3 class=\"wp-block-heading\" id=\"h-gabarito-extraoficial-pc-ba-investigador\">Gabarito extraoficial: PC BA \u2013 Investigador<\/h3>\n\n\n\n<p>Abaixo, voc\u00ea confere os gabaritos das quest\u00f5es corrigidas pelos nossos professores. Como existem v\u00e1rios tipos de provas, voc\u00ea pode conferindo o in\u00edcio da quest\u00e3o e da resposta.<\/p>\n\n\n\n<ul class=\"wp-block-list\">\n<li>Tipo de prova utilizado:<strong> VERS\u00c3O A<\/strong> <\/li>\n\n\n\n<li><a href=\"https:\/\/dhg1h5j42swfq.cloudfront.net\/2022\/07\/24213530\/prova_a_pcba_investigador.pdf\" target=\"_blank\" rel=\"noreferrer noopener nofollow\">Confira o caderno de provas<\/a><\/li>\n<\/ul>\n\n\n\n<p><strong>Quest\u00e3o 1:&nbsp;<\/strong>O texto apresenta um expressivo car\u00e1ter&#8230;<br \/><strong><em>Resposta:<\/em><\/strong> D &#8211; real\u00e7ar a vulnerabilidade dos personagens diante&#8230;<\/p>\n\n\n\n<p><strong>Quest\u00e3o 2:&nbsp;<\/strong>No per\u00edodo composto &#8220;Como os recursos de express\u00e3o&#8230;<br \/><strong><em>Resposta:<\/em><\/strong> C &#8211; causal<\/p>\n\n\n\n<p><strong>Quest\u00e3o 3:&nbsp;<\/strong>Sabendo-se que &#8220;trempe&#8221; \u00e9 um tipo de chapa de ferro&#8230;<br \/><strong><em>Resposta:<\/em><\/strong> D &#8211; em fun\u00e7\u00e3o da reg\u00eancia do verbo&#8230;<\/p>\n\n\n\n<p><strong>Quest\u00e3o 4:&nbsp;<\/strong>Em &#8220;Fabiano esfregou as m\u00e3os satisfeito&#8221;&#8230;<br \/><strong><em>Resposta:<\/em><\/strong> E &#8211; a caracteriza\u00e7\u00e3o de um estado provis\u00f3rio&#8230;<\/p>\n\n\n\n<p><strong>Quest\u00e3o 5:&nbsp;<\/strong>No \u00faltimo par\u00e1grafo do texto, ao observar o emprego&#8230;<br \/><strong><em>Resposta:<\/em><\/strong> A &#8211; indicar um esclarecimento<\/p>\n\n\n\n<p><strong>Quest\u00e3o 6:&nbsp;<\/strong>Considerando-se o contexto, verifica-se que o pronome&#8230;<br \/><strong><em>Resposta:<\/em><\/strong> B &#8211; textual, retomando o \u00faltimo elemento&#8230;<\/p>\n\n\n\n<p><strong>Quest\u00e3o 7:&nbsp;<\/strong>O texto anterior \u00e9 parte de um of\u00edcio, um dos exemplos&#8230;<br \/><strong><em>Resposta:<\/em><\/strong> C &#8211; as formas de tratamento diferenciadas relacionam-se&#8230;<\/p>\n\n\n\n<p><strong>Quest\u00e3o 8:&nbsp;<\/strong>Considerando as orienta\u00e7\u00f5es do Manual de Reda\u00e7\u00e3o&#8230;<br \/><strong><em>Resposta:<\/em><\/strong> anula\u00e7\u00e3o (n\u00e3o h\u00e1 alternativa correta)<\/p>\n\n\n\n<p><strong>Quest\u00e3o 9:&nbsp;<\/strong>Com rela\u00e7\u00e3o aos conectivos l\u00f3gicos&#8230;<br \/><strong><em>Resposta:<\/em><\/strong> E &#8211; se o valor l\u00f3gico de uma proposi\u00e7\u00e3o p \u00e9 verdadeiro e o valor&#8230;<\/p>\n\n\n\n<p><strong>Quest\u00e3o 10:&nbsp;<\/strong>Se a frase &#8220;Todo escriv\u00e3o fez concurso p\u00fablico&#8221;&#8230;<br \/><strong><em>Resposta:<\/em><\/strong> C &#8211; Maria n\u00e3o fez concurso p\u00fablico&#8230;<\/p>\n\n\n\n<p><strong>Quest\u00e3o 11:&nbsp;<\/strong>Se Joana \u00e9 delegada, ent\u00e3o fez direito. Se Joana&#8230;<br \/><strong><em>Resposta:<\/em><\/strong> A &#8211; Joana n\u00e3o \u00e9 delegada (*recurso)<\/p>\n\n\n\n<p><strong>Quest\u00e3o 12:&nbsp;<\/strong>A ocorr\u00eancia foi registrada e o inqu\u00e9rito foi instaurado se, e somente se&#8230;<br \/><strong><em>Resposta:<\/em><\/strong> B &#8211; 4<\/p>\n\n\n\n<p><strong>Quest\u00e3o 13:&nbsp;<\/strong>A tabela indica todos os poss\u00edveis valores&#8230;<br \/><strong><em>Resposta:<\/em><\/strong> D &#8211; p disjun\u00e7\u00e3o exclusiva q<\/p>\n\n\n\n<p><strong>Quest\u00e3o 14:&nbsp;<\/strong>A frase &#8220;O departamento de pol\u00edcia estava cheio&#8230;<br \/><strong><em>Resposta:<\/em><\/strong> C &#8211; se i departamento de pol\u00edcia n\u00e3o estava cheio, ent\u00e3o era feriado<\/p>\n\n\n\n<p><strong>Quest\u00e3o 15:&nbsp;<\/strong>Numa assembleia haviam 50 escriv\u00e3es, sendo que 32 eram destros&#8230;<br \/><strong><em>Resposta:<\/em><\/strong> D &#8211; 34<\/p>\n\n\n\n<p><strong>Quest\u00e3o 16:&nbsp;<\/strong>&#8220;O acidente foi investigado e o autor foi encontrado&#8221;. De acordo&#8230;<br \/><strong><em>Resposta:<\/em><\/strong> B &#8211; &#8220;o acidente n\u00e3o foi investigado ou o autor n\u00e3o foi encontrado&#8221;<\/p>\n\n\n\n<p><strong>Quest\u00e3o 17:&nbsp;<\/strong>&#8220;A organiza\u00e7\u00e3o passou para o centro das discuss\u00f5es&#8230;<br \/><strong><em>Resposta:<\/em><\/strong> A &#8211; F &#8211; F &#8211; F &#8211; V<\/p>\n\n\n\n<p><strong>Quest\u00e3o 18:&nbsp;<\/strong>Em 2021, mais de 40% da perda de floresta nativas no mundo&#8230;<br \/><strong><em>Resposta:<\/em><\/strong> B &#8211; imagem de sat\u00e9lite<\/p>\n\n\n\n<p><strong>Quest\u00e3o 19:&nbsp;<\/strong>&#8220;A tecnologia 5G \u00e9 um novo padr\u00e3o para dispositivos m\u00f3veis que trar\u00e1 mudan\u00e7as&#8230;<br \/><strong><em>Resposta:<\/em><\/strong> D &#8211; I, II e III apenas<\/p>\n\n\n\n<p><strong>Quest\u00e3o 20:&nbsp;<\/strong>Acredita-se que o ritual da lavagem teve origem nos tempos&#8230;<br \/><strong><em>Resposta:<\/em><\/strong> C &#8211; sincretismo religioso<\/p>\n\n\n\n<p><strong>Quest\u00e3o 21:&nbsp;<\/strong>Quanto as no\u00e7\u00f5es b\u00e1sicas sobre IP e IMEI&#8230;<br \/><strong><em>Resposta:<\/em><\/strong> A &#8211; V &#8211; V &#8211; V<\/p>\n\n\n\n<p><strong>Quest\u00e3o 22:&nbsp;<\/strong>Dado os tr\u00eas conceitos t\u00e9cnicos abaixo, assinale a alternativa&#8230;<br \/><strong><em>Resposta:<\/em><\/strong> A &#8211; 1.Worm &#8211; 2.Backdoor &#8211; 3.Phishing<\/p>\n\n\n\n<p><strong>Quest\u00e3o 23:&nbsp;<\/strong>Quanto \u00e0 identifica\u00e7\u00e3o de arquivos, relacione&#8230;<br \/><strong><em>Resposta:<\/em><\/strong> C &#8211; 1C &#8211; 2D &#8211; 3A &#8211; 4B<\/p>\n\n\n\n<p><strong>Quest\u00e3o 24:&nbsp;<\/strong>Com base na planilha eletr\u00f4nica abaixo, assinale&#8230;<br \/><strong><em>Resposta:<\/em><\/strong> E &#8211; 2 (dois)<\/p>\n\n\n\n<p><strong>Quest\u00e3o 25:&nbsp;<\/strong>&#8220;Constranger algu\u00e9m com emprego de viol\u00eancia ou grave amea\u00e7a&#8230;<br \/><strong><em>Resposta:<\/em><\/strong> C &#8211; se no crime de tortura o resultado \u00e9 a les\u00e3o corporal&#8230;<\/p>\n\n\n\n<p><strong>Quest\u00e3o 26:&nbsp;<\/strong>No escopo da promo\u00e7\u00e3o da igualdade racial&#8230;<br \/><strong><em>Resposta:<\/em><\/strong> A &#8211; 1, 3, 4, 5, 6, 2<\/p>\n\n\n\n<p><strong>Quest\u00e3o 27:&nbsp;<\/strong>A Constitui\u00e7\u00e3o do Estado da Bahia, em seu cap\u00edtulo XXIII, tem como t\u00edtulo&#8230;<br \/><strong><em>Resposta:<\/em><\/strong> B &#8211; V &#8211; V -F &#8211; V &#8211; V &#8211; F<\/p>\n\n\n\n<p><strong>Quest\u00e3o 28:&nbsp;<\/strong>A Lei n\u00ba 12.288, de 20 de julho de 2010, determina a soma&#8230;<br \/><strong><em>Resposta:<\/em><\/strong> C &#8211; I, II, IV e V apenas<\/p>\n\n\n\n<p><strong>Quest\u00e3o 29:&nbsp;<\/strong>O __ \u00e9 um documento utilizado para dirimir&#8230;<br \/><strong><em>Resposta:<\/em><\/strong> D &#8211; parece m\u00e9dico-legal \/ discuss\u00e3o<\/p>\n\n\n\n<p><strong>Quest\u00e3o 30:&nbsp;<\/strong>Num relat\u00f3rio m\u00e9dico-legal, o breve relato dos fatos ocorridos&#8230;<br \/><strong><em>Resposta:<\/em><\/strong> C &#8211; comemorativo<\/p>\n\n\n\n<p><strong>Quest\u00e3o 31:&nbsp;<\/strong>Sobre as per\u00edcias no C\u00f3digo de Processo Civil&#8230;<br \/><strong><em>Resposta:<\/em><\/strong> A &#8211; F &#8211; V &#8211; V &#8211; F<\/p>\n\n\n\n<p><strong>Quest\u00e3o 32:&nbsp;<\/strong>Sobre o exame do local do crime&#8230;<br \/><strong><em>Resposta:<\/em><\/strong> E &#8211; gl\u00f3bulos vermelhos n\u00e3o servem para identifica\u00e7\u00e3o via DNA nuclear&#8230;<\/p>\n\n\n\n<p><strong>Quest\u00e3o 33:&nbsp;<\/strong>A Lei Estadual n\u00ba 11.370\/2009 trata da Lei Org\u00e2nica&#8230;<br \/><strong><em>Resposta:<\/em><\/strong> C &#8211; \u00d3rg\u00e3os de Gest\u00e3o de Policiais Infiltrados<\/p>\n\n\n\n<p><strong>Quest\u00e3o 34:<\/strong> No que se refere \u00e0s disposi\u00e7\u00f5es da Lei Org\u00e2nica&#8230;<br \/><strong><em>Resposta:<\/em><\/strong> A &#8211; V &#8211; V &#8211; V<\/p>\n\n\n\n<p><strong>Quest\u00e3o 35:&nbsp;<\/strong>Acerca das penalidades previstas na Lei Org\u00e2nica&#8230;<br \/><strong><em>Resposta:<\/em><\/strong> C &#8211; II e III apenas<\/p>\n\n\n\n<p><strong>Quest\u00e3o 36:&nbsp;<\/strong>A Lei Estadual n\u00ba 11.370, de 04 de fevereiro de 2009&#8230;<br \/><strong><em>Resposta:<\/em><\/strong> D &#8211; ausentar-se do servi\u00e7o durante o expediente&#8230;<\/p>\n\n\n\n<p><strong>Quest\u00e3o 37:&nbsp;<\/strong>A Lei Estadual n\u00ba 12.209, de 20 de abril de 2011&#8230;<br \/><strong><em>Resposta:<\/em><\/strong> D &#8211; V &#8211; V &#8211; F<\/p>\n\n\n\n<p><strong>Quest\u00e3o 38:&nbsp;<\/strong>No que se refere \u00e0s disposi\u00e7\u00f5es legais sobre o processo administrativo&#8230;<br \/><strong><em>Resposta:<\/em><\/strong> B &#8211; os atos do processo administrativo n\u00e3o dependem de forma determinada&#8230;<\/p>\n\n\n\n<p><strong>Quest\u00e3o 39:&nbsp;<\/strong>A Lei Estadual n\u00ba 9.433, de 01 de mar\u00e7o de 2005&#8230;<br \/><strong><em>Resposta:<\/em><\/strong> E &#8211; rela\u00e7\u00e3o de equival\u00eancia, originariamente pactuada&#8230;<\/p>\n\n\n\n<p><strong>Quest\u00e3o 40:&nbsp;<\/strong>No que se refere \u00e0s disposi\u00e7\u00f5es da Lei Estadual n\u00ba 9.433&#8230;<br \/><strong><em>Resposta:<\/em><\/strong> B &#8211; I e II apenas<\/p>\n\n\n\n<p><strong>Quest\u00e3o 41:&nbsp;<\/strong>Um cliente do banco XX procurou o gerente de sua conta&#8230;<br \/><strong><em>Resposta:<\/em><\/strong> B &#8211; R$ 80.645,16 e R$ 78.849,32<\/p>\n\n\n\n<p><strong>Quest\u00e3o 42:&nbsp;<\/strong>O registro cont\u00e1bil do recebimento de duplicata com juros&#8230;<br \/><strong><em>Resposta:<\/em><\/strong> D &#8211; aumento do patrim\u00f4nio l\u00edquido<\/p>\n\n\n\n<p><strong>Quest\u00e3o 43:&nbsp;<\/strong>Assinale a alternativa que apresenta somente contas&#8230;<br \/><strong><em>Resposta:<\/em><\/strong> C &#8211; deb\u00eantures a pagar e adiantamento de clientes<\/p>\n\n\n\n<p><strong>Quest\u00e3o 44:&nbsp;<\/strong>No m\u00eas de janeiro, a empresa Comercial XYZ&#8230;<br \/><strong><em>Resposta:<\/em><\/strong> A &#8211; R$ 116.000,00<\/p>\n\n\n\n<p><strong>Quest\u00e3o 45:&nbsp;<\/strong>Com base na equa\u00e7\u00e3o b\u00e1sica do patrim\u00f4nio l\u00edquido, tamb\u00e9m chamada&#8230;<br \/><strong><em>Resposta:<\/em><\/strong> E &#8211; R$ 195.000,00<\/p>\n\n\n\n<p><strong>Quest\u00e3o 46:&nbsp;<\/strong>A contabilidade utiliza-se das contas cont\u00e1beis para registrar&#8230;<br \/><strong><em>Resposta:<\/em><\/strong> A &#8211; 1-D; 2-C; 3-C; 4-D; 5-D; 6-D; 7-C; 8-C<\/p>\n\n\n\n<p><strong>Quest\u00e3o 47:&nbsp;<\/strong>A Demonstra\u00e7\u00e3o de Resultados do Exerc\u00edcio &#8211; DRE \u00e9 um relat\u00f3rio&#8230;<br \/><strong><em>Resposta:<\/em><\/strong> D &#8211; R$ 74.000,00<\/p>\n\n\n\n<p><strong>Quest\u00e3o 48:&nbsp;<\/strong>Os fatos cont\u00e1beis ocorridos em uma empresa sempre&#8230;<br \/><strong><em>Resposta:<\/em><\/strong> E &#8211; F &#8211; V &#8211; V &#8211; V<\/p>\n\n\n\n<p><strong>Quest\u00e3o 49:&nbsp;<\/strong>A empresa Ind\u00fastria Reunidas ACF Ltda deseja implantar&#8230;<br \/><strong><em>Resposta:<\/em><\/strong> D &#8211; projeto D<\/p>\n\n\n\n<p><strong>Quest\u00e3o 50:&nbsp;<\/strong>A empresa RST Ltda, por motivo de escassez de capital&#8230;<br \/><strong><em>Resposta:<\/em><\/strong> B &#8211; 16,40 % a.a.<\/p>\n\n\n\n<p><strong>Quest\u00e3o 51:&nbsp;<\/strong>A Lei n\u00ba 13.303\/2016 disp\u00f5e sobre o estatuto jur\u00eddico da empresa p\u00fablica&#8230;<br \/><strong><em>Resposta:<\/em><\/strong> D &#8211; V &#8211; V &#8211; F (*fora do edital)<\/p>\n\n\n\n<p><strong>Quest\u00e3o 52:&nbsp;<\/strong>A Lei n\u00ba 13.303\/2016 (Lei das Estatais) disp\u00f5e que a empresa p\u00fablica&#8230;<br \/><strong><em>Resposta:<\/em><\/strong> C &#8211; ainda que n\u00e3o haja comprova\u00e7\u00e3o sobre a vincula\u00e7\u00e3o ao fortalecimento&#8230; (*fora do edital)<\/p>\n\n\n\n<p><strong>Quest\u00e3o 53:&nbsp;<\/strong>Acerca das modalidades de licita\u00e7\u00e3o previstas&#8230;<br \/><strong><em>Resposta:<\/em><\/strong> B &#8211; I e II apenas<\/p>\n\n\n\n<p><strong>Quest\u00e3o 54:&nbsp;<\/strong>A Nova Lei de Licita\u00e7\u00e3o e Contratos&#8230;<br \/><strong><em>Resposta:<\/em><\/strong> E &#8211; precau\u00e7\u00e3o<\/p>\n\n\n\n<p><strong>Quest\u00e3o 55:&nbsp;<\/strong>Sobre os princ\u00edpios previstos na Nova Lei de Licita\u00e7\u00f5es e Contratos&#8230;<br \/><strong><em>Resposta:<\/em><\/strong> A &#8211; veda\u00e7\u00e3o a designa\u00e7\u00e3o do mesmo agente p\u00fablico para atua\u00e7\u00e3o&#8230;<\/p>\n\n\n\n<p><strong>Quest\u00e3o 56:&nbsp;<\/strong>Acerca das esp\u00e9cies dos atos administrativos&#8230;<br \/><strong><em>Resposta:<\/em><\/strong> D &#8211; V &#8211; V &#8211; F*<\/p>\n\n\n\n<p><strong>Quest\u00e3o 57:&nbsp;<\/strong>No que se refere \u00e0s esp\u00e9cies de ato administrativo&#8230;<br \/><strong><em>Resposta:<\/em><\/strong> A &#8211; I, II e III<\/p>\n\n\n\n<p><strong>Quest\u00e3o 58:&nbsp;<\/strong>Sobre o exerc\u00edcio de cargo p\u00fablico, nos termos da Lei Estadual&#8230;<br \/><strong><em>Resposta:<\/em><\/strong> A &#8211; V &#8211; V &#8211; V<\/p>\n\n\n\n<p><strong>Quest\u00e3o 59:&nbsp;<\/strong>Acerca das disposi\u00e7\u00f5es constitucionais sobre agentes p\u00fablicos&#8230;<br \/><strong><em>Resposta:<\/em><\/strong> C &#8211; a proibi\u00e7\u00e3o de acumular cargos p\u00fablicos estende-se a empregos&#8230;<\/p>\n\n\n\n<p><strong>Quest\u00e3o 60:&nbsp;<\/strong>A Lei Estadual n\u00ba 11.370, de 04 de fevereiro de 2009, institui&#8230;<br \/><strong><em>Resposta:<\/em><\/strong> C &#8211; divisibilidade institucional e da investiga\u00e7\u00e3o<\/p>\n\n\n\n<p><strong>Quest\u00e3o 61:&nbsp;<\/strong>A lei n\u00e3o poder\u00e1 estabelecer distin\u00e7\u00e3o entre brasileiros natos&#8230;<br \/><strong><em>Resposta:<\/em><\/strong> C &#8211; Ministro de Estado da Justi\u00e7a e Seguran\u00e7a P\u00fablica<\/p>\n\n\n\n<p><strong>Quest\u00e3o 62:&nbsp;<\/strong>Acerca das disposi\u00e7\u00f5es constitucionais sobre direitos pol\u00edticos&#8230;<br \/><strong><em>Resposta:<\/em><\/strong> B &#8211; V &#8211; F &#8211; V<\/p>\n\n\n\n<p><strong>Quest\u00e3o 63:&nbsp;<\/strong>No que se refere \u00e0s disposi\u00e7\u00f5es constitucionais&#8230;<br \/><strong><em>Resposta:<\/em><\/strong> A &#8211; I, II e III<\/p>\n\n\n\n<p><strong>Quest\u00e3o 64:&nbsp;<\/strong>Acerca do procedimentos para incorpora\u00e7\u00e3o, subdivis\u00e3o ou desmembramento&#8230;<br \/><strong><em>Resposta:<\/em><\/strong> D &#8211; os Estados podem incorporar-se entre si, subdividir-se ou formarem novos Estados ou Territ\u00f3rios&#8230;<\/p>\n\n\n\n<p><strong>Quest\u00e3o 65:&nbsp;<\/strong>No que se refere aos Estados Federados&#8230;<br \/><strong><em>Resposta:<\/em><\/strong> B &#8211; soberania<\/p>\n\n\n\n<p><strong>Quest\u00e3o 66:&nbsp;<\/strong>Acerca dos Territ\u00f3rios Federais&#8230;<br \/><strong><em>Resposta:<\/em><\/strong> B &#8211; V &#8211; F &#8211; V<\/p>\n\n\n\n<p><strong>Quest\u00e3o 67:&nbsp;<\/strong>No que tange \u00e0s disposi\u00e7\u00f5es constitucionais sobre nacionalidade&#8230;<br \/><strong><em>Resposta:<\/em><\/strong> C &#8211; brasileiro que tiver cancelada sua naturaliza\u00e7\u00e3o, por senten\u00e7a judicial&#8230;<\/p>\n\n\n\n<p><strong>Quest\u00e3o 68:&nbsp;<\/strong>Acerca das disposi\u00e7\u00f5es da Constitui\u00e7\u00e3o Federal&#8230;<br \/><strong><em>Resposta:<\/em><\/strong> D &#8211; primado do trabalho<\/p>\n\n\n\n<p><strong>Quest\u00e3o 69:&nbsp;<\/strong>Sobre as disposi\u00e7\u00f5es constitucionais sobre seguridade social&#8230;<br \/><strong><em>Resposta:<\/em><\/strong> A &#8211; I, II e III<\/p>\n\n\n\n<p><strong>Quest\u00e3o 70:&nbsp;<\/strong>A Constitui\u00e7\u00e3o Federal de 1988 traz disposi\u00e7\u00f5es sobre a fam\u00edlia&#8230;<br \/><strong><em>Resposta:<\/em><\/strong> B &#8211; o casamento religioso n\u00e3o pode possuir efeito civil&#8230;<\/p>\n\n\n\n<p><strong>Quest\u00e3o 71:&nbsp;<\/strong>Assinale a alternativa que apresenta&#8230;<br \/><strong><em>Resposta:<\/em><\/strong> C &#8211; n\u00e3o h\u00e1 crime se n\u00e3o h\u00e1 les\u00e3o ou perigo real de les\u00e3o&#8230;<\/p>\n\n\n\n<p><strong>Quest\u00e3o 72:&nbsp;<\/strong>Ficam sujeitos \u00e0 lei brasileira, embora&#8230;<br \/><strong><em>Resposta:<\/em><\/strong> B &#8211; contra o patrim\u00f4nio ou a f\u00e9 p\u00fablica&#8230;<\/p>\n\n\n\n<p><strong>Quest\u00e3o 73:&nbsp;<\/strong>No que se refere \u00e0 teoria do crime&#8230;<br \/><strong><em>Resposta:<\/em><\/strong> A &#8211; o agente que, voluntariamente, desiste prosseguir&#8230;<\/p>\n\n\n\n<p><strong>Quest\u00e3o 74:&nbsp;<\/strong>Ainda no que diz respeito \u00e0 teoria&#8230;<br \/><strong><em>Resposta:<\/em><\/strong> D &#8211; o erro quanto \u00e0 pessoa contra a qual o crime \u00e9 praticado&#8230;<\/p>\n\n\n\n<p><strong>Quest\u00e3o 75:&nbsp;<\/strong>No que se refere \u00e0 exclus\u00e3o da ilicitude&#8230;<br \/><strong><em>Resposta:<\/em><\/strong> E &#8211; embora pode alegar estado de necessidade quem tinha o dever&#8230;<\/p>\n\n\n\n<p><strong>Quest\u00e3o 76:&nbsp;<\/strong>Assinale a alternativa que indica a presen\u00e7a de uma qualificadora&#8230;<br \/><strong><em>Resposta:<\/em><\/strong> C &#8211; crime praticado contra a mulher por raz\u00f5es&#8230;<\/p>\n\n\n\n<p><strong>Quest\u00e3o 77:&nbsp;<\/strong>No que concerne ao tema da imputabilidade penal&#8230;<br \/><strong><em>Resposta:<\/em><\/strong> D &#8211; a pena pode ser reduzida de um a dois ter\u00e7os&#8230;<\/p>\n\n\n\n<p><strong>Quest\u00e3o 78:&nbsp;<\/strong>Haver\u00e1 crime de les\u00e3o corporal de natureza grave&#8230;<br \/><strong><em>Resposta:<\/em><\/strong> A &#8211; acelera\u00e7\u00e3o de parto<\/p>\n\n\n\n<p><strong>Quest\u00e3o 79:&nbsp;<\/strong>Configura crime contra a dignidade&#8230;<br \/><strong><em>Resposta:<\/em><\/strong> *anula\u00e7\u00e3o (quatro alternativas corretas)<\/p>\n\n\n\n<p><strong>Quest\u00e3o 80:&nbsp;<\/strong>Relativamente ao crime de furto&#8230;<br \/><strong><em>Resposta:<\/em><\/strong> C &#8211; se o criminoso \u00e9 prim\u00e1rio, e \u00e9 de pequeno valor&#8230; | D &#8211; a pena \u00e9 de reclus\u00e3o de 4&#8230; (duas alternativas corretas)<\/p>\n\n\n\n<p><strong>Quest\u00e3o 81:&nbsp;<\/strong>No que se refere ao inqu\u00e9rito policial&#8230;<br \/><strong><em>Resposta:<\/em><\/strong> A &#8211; nos crimes de a\u00e7\u00e3o privada, a autoridade policial somente&#8230;<\/p>\n\n\n\n<p><strong>Quest\u00e3o 82:&nbsp;<\/strong>Ainda no que diz respeito ao inqu\u00e9rito policial&#8230;<br \/><strong><em>Resposta:<\/em><\/strong> E &#8211; o inqu\u00e9rito dever\u00e1 terminar no prazo de 20 dias, se o indiciado&#8230;<\/p>\n\n\n\n<p><strong>Quest\u00e3o 83:&nbsp;<\/strong>Dentre outras medidas pr\u00f3prias \u00e0 responsabilidade&#8230;<br \/><strong><em>Resposta:<\/em><\/strong> D &#8211; representar acerca da pris\u00e3o preventiva<\/p>\n\n\n\n<p><strong>Quest\u00e3o 84:&nbsp;<\/strong>Relativamente \u00e0 veda\u00e7\u00e3o imposta pela lei processual penal&#8230;<br \/><strong><em>Resposta:<\/em><\/strong> B &#8211; a autoridade policial n\u00e3o poder\u00e1 mandar arquivar autos de inqu\u00e9rito<\/p>\n\n\n\n<p><strong>Quest\u00e3o 85:&nbsp;<\/strong>No que diz respeito \u00e0 preserva\u00e7\u00e3o do local de crime&#8230;<br \/><strong><em>Resposta:<\/em><\/strong> A &#8211; no que concerne ao in\u00edcio dos trabalhos de an\u00e1lise do local de crime&#8230;<\/p>\n\n\n\n<p><strong>Quest\u00e3o 86:&nbsp;<\/strong>Ainda no que se refere \u00e0 preserva\u00e7\u00e3o do local&#8230;<br \/><strong><em>Resposta:<\/em><\/strong> B &#8211; a pol\u00edcia militar exerce sua miss\u00e3o constitucional de pol\u00edcia judici\u00e1ria&#8230;<\/p>\n\n\n\n<p><strong>Quest\u00e3o 87:&nbsp;<\/strong>Relativamente ao tema do &#8220;reconhecimento de pessoas&#8230;<br \/><strong><em>Resposta:<\/em><\/strong> D &#8211; se v\u00e1rias forem as pessoas chamadas a efetuar o reconhecimento&#8230;<\/p>\n\n\n\n<p><strong>Quest\u00e3o 88:&nbsp;<\/strong>Relativamente aos documentos, em sua qualidade de prova&#8230;<br \/><strong><em>Resposta:<\/em><\/strong> C &#8211; as cartas poder\u00e3o ser exibidas em ju\u00edzo pelo respectivo destinat\u00e1rio&#8230;<\/p>\n\n\n\n<p><strong>Quest\u00e3o 89:&nbsp;<\/strong>Ainda com rela\u00e7\u00e3o aos documentos, em sua qualidade de prova&#8230;<br \/><strong><em>Resposta:<\/em><\/strong> E &#8211; a letra e firma dos documentos particulares&#8230;<\/p>\n\n\n\n<p><strong>Quest\u00e3o 90:&nbsp;<\/strong>No que diz respeito \u00e0 busca e apreens\u00e3o&#8230;<br \/><strong><em>Resposta:<\/em><\/strong> B &#8211; as buscas domiciliares ser\u00e3o executadas de&#8230;<\/p>\n\n\n\n<p><strong>Quest\u00e3o 91:&nbsp;<\/strong>No que se refere \u00e0 assist\u00eancia ao egresso&#8230;<br \/><strong><em>Resposta:<\/em><\/strong> D &#8211; a assist\u00eancia ao egresso consiste na concess\u00e3o, se necess\u00e1rio&#8230;<\/p>\n\n\n\n<p><strong>Quest\u00e3o 92:&nbsp;<\/strong>Assinale a alternativa que apresenta modalidades de medidas&#8230;<br \/><strong><em>Resposta:<\/em><\/strong> B &#8211; acolhimento institucional e coloca\u00e7\u00e3o em fam\u00edlia substituta<\/p>\n\n\n\n<p><strong>Quest\u00e3o 93:&nbsp;<\/strong>Assinale a alternativa que apresenta san\u00e7\u00f5es aplic\u00e1veis&#8230;<br \/><strong><em>Resposta:<\/em><\/strong> E &#8211; deten\u00e7\u00e3o e multa<\/p>\n\n\n\n<p><strong>Quest\u00e3o 94:&nbsp;<\/strong>Assinale a alternativa em que se encontra uma asser\u00e7\u00e3o contr\u00e1ria&#8230;<br \/><strong><em>Resposta:<\/em><\/strong> D &#8211; toda a pessoa tem direito \u00e0 liberdade de pensamento, de consci\u00eancia e de religi\u00e3o&#8230;<\/p>\n\n\n\n<p><strong>Quest\u00e3o 95:&nbsp;<\/strong>Constitui ato de improbidade administrativa&#8230;<br \/><strong><em>Resposta:<\/em><\/strong> A &#8211; revelar ou permitir que chegue ao conhecimento de terceiro, antes da respectiva&#8230;<\/p>\n\n\n\n<p><strong>Quest\u00e3o 96:&nbsp;<\/strong>No que se refere \u00e0s disposi\u00e7\u00f5es da Lei n\u00ba 7.210\/1984&#8230;<br \/><strong><em>Resposta:<\/em><\/strong> A &#8211; o trabalho do preso est\u00e1 sujeito ao regime da Consolida\u00e7\u00e3o&#8230;<\/p>\n\n\n\n<p><strong>Quest\u00e3o 97:&nbsp;<\/strong>No que se refere \u00e0s disposi\u00e7\u00f5es da Lei n\u00ba 9.099\/1995&#8230;<br \/><strong><em>Resposta:<\/em><\/strong> D &#8211; consideram-se infra\u00e7\u00f5es penais de menor potencial ofensivo&#8230;<\/p>\n\n\n\n<p><strong>Quest\u00e3o 98:&nbsp;<\/strong>Configura crime eleitoral<br \/><strong><em>Resposta:<\/em><\/strong> E &#8211; violar ou tentar violar o sigilo da urna ou dos inv\u00f3lucros<\/p>\n\n\n\n<p><strong>Quest\u00e3o 99:&nbsp;<\/strong>No que se refere \u00e0s disposi\u00e7\u00f5es da Lei n\u00ba 7.492\/1986&#8230;<br \/><strong><em>Resposta:<\/em><\/strong> D &#8211; sigilo dos servi\u00e7os e opera\u00e7\u00f5es financeiras&#8230;<\/p>\n\n\n\n<p><strong>Quest\u00e3o 100:&nbsp;<\/strong>Configura crime previsto expressamente no Estatuto do Idoso<br \/><strong><em>Resposta:<\/em><\/strong> A &#8211; reter o cart\u00e3o magn\u00e9tico de conta banc\u00e1ria relativa a benef\u00edcios&#8230;<\/p>\n\n\n\n<h3 class=\"wp-block-heading has-text-align-center has-cyan-bluish-gray-background-color has-background\" id=\"h-concurso-policia-civil-ba\"><a href=\"https:\/\/www.estrategiaconcursos.com.br\/blog\/concurso-pc-ba\/\" target=\"_blank\" rel=\"noreferrer noopener\">Concurso Pol\u00edcia Civil BA<\/a><\/h3>\n\n\n\n<hr class=\"wp-block-separator has-css-opacity\"\/>\n\n\n\n<h2 class=\"wp-block-heading has-text-align-center\" id=\"h-quer-saber-tudo-sobre-concursos-previstos-confira-nossos-artigos\">Quer saber tudo sobre concursos previstos?<br \/>Confira nossos artigos!<\/h2>\n\n\n\n<ul class=\"wp-block-list\">\n<li><a href=\"https:\/\/www.estrategiaconcursos.com.br\/blog\/concursos-abertos\/\" target=\"_blank\" rel=\"noreferrer noopener\">Concursos abertos<\/a><\/li>\n\n\n\n<li><a href=\"https:\/\/www.estrategiaconcursos.com.br\/blog\/concursos-2023\/\" target=\"_blank\" rel=\"noreferrer noopener\">Concursos 2023<\/a><\/li>\n<\/ul>\n\n\n\n<div class=\"container\" id=\"boxes\">\n  <div class=\"row\"> \n\n    <div class=\"col-sm\">\n      <div class=\"banner-policial\" id=\"box-assinatura\">\n        <h3 class=\"titulo-assinatura\">Concurso PC BA<\/h3>\n        <p class=\"subtitulo-assinatura\">Conhe\u00e7a os cursos<\/p>\n        <div class=\"box-botao\">\n          <a class=\"btn-assinatura\" target=\"_blank\" href=\"https:\/\/www.estrategiaconcursos.com.br\/cursosPorConcurso\/policia-civil-ba\/\" role=\"button\" rel=\"noopener noreferrer\">Conhe\u00e7a mais<\/a>\n        <\/div>\n      <\/div>\n     \n\n  <\/div>\n<\/div><\/div>\n\n\n\n<div class=\"container\" id=\"boxes\">\n  <div class=\"row\">\n\n    <div class=\"col-sm\">\n      <div class=\"estrategia\" id=\"box-assinatura\">\n        <h3 class=\"titulo-assinatura\">Assinatura de Concursos<\/h3>\n        <p class=\"subtitulo-assinatura\">Assinatura de 1 ano ou 2 anos<\/p>\n        <div class=\"box-botao\">\n          <a class=\"btn-assinatura\" target=\"_blank\" href=\"https:\/\/www.estrategiaconcursos.com.br\/assinaturas\/\" role=\"button\" rel=\"noopener noreferrer\">ASSINE AGORA<\/a>\n        <\/div>\n      <\/div>\n     \n    <\/div><\/div><\/div>\n","protected":false},"excerpt":{"rendered":"<p>Neste domingo, 24 de julho, foram aplicadas as provas do concurso PC BA.&nbsp;De acordo com o edital, as avalia\u00e7\u00f5es ocorreram nos turnos da manh\u00e3 (objetiva) e tarde (discursiva). Com o objetivo de ajud\u00e1-lo a diminuir um pouco a ansiedade de saber se foi bem ou n\u00e3o em um concurso t\u00e3o visado e importante,&nbsp;nossos professores realizaram [&hellip;]<\/p>\n","protected":false},"author":1206,"featured_media":871217,"comment_status":"open","ping_status":"closed","sticky":false,"template":"","format":"standard","meta":{"post_tipo":"news_page","footnotes":""},"categories":[1988,220219],"tags":[],"tax_estado":[219968],"class_list":["post-1064320","post","type-post","status-publish","format-standard","has-post-thumbnail","hentry","category-policia","category-noticias","tax_estado-ba"],"acf":[],"yoast_head":"<!-- This site is optimized with the Yoast SEO Premium plugin v27.2 (Yoast SEO v27.2) - https:\/\/yoast.com\/product\/yoast-seo-premium-wordpress\/ -->\n<title>Gabarito Extraoficial PC BA - Investigador: confira a corre\u00e7\u00e3o<\/title>\n<meta name=\"description\" content=\"Neste domingo, 24 de julho, foram aplicadas as provas do concurso PC BA. Acompanhe a corre\u00e7\u00e3o e o gabarito extraoficial!\" \/>\n<meta name=\"robots\" content=\"index, follow, max-snippet:-1, max-image-preview:large, max-video-preview:-1\" \/>\n<link rel=\"canonical\" href=\"https:\/\/www.estrategiaconcursos.com.br\/blog\/gabarito-extraoficial-pc-ba-investigador\/\" \/>\n<meta property=\"og:locale\" content=\"pt_BR\" \/>\n<meta property=\"og:type\" content=\"article\" \/>\n<meta property=\"og:title\" content=\"Gabarito Extraoficial PC BA - Investigador: confira a corre\u00e7\u00e3o\" \/>\n<meta property=\"og:description\" content=\"Neste domingo, 24 de julho, foram aplicadas as provas do concurso PC BA. Acompanhe a corre\u00e7\u00e3o e o gabarito extraoficial!\" \/>\n<meta property=\"og:url\" content=\"https:\/\/www.estrategiaconcursos.com.br\/blog\/gabarito-extraoficial-pc-ba-investigador\/\" \/>\n<meta property=\"og:site_name\" content=\"Estrat\u00e9gia Concursos\" \/>\n<meta property=\"article:published_time\" content=\"2022-07-24T22:30:00+00:00\" \/>\n<meta property=\"article:modified_time\" content=\"2023-05-24T15:06:57+00:00\" \/>\n<meta property=\"og:image\" content=\"https:\/\/dhg1h5j42swfq.cloudfront.net\/2021\/09\/27143047\/pc-ba.jpg\" \/>\n\t<meta property=\"og:image:width\" content=\"768\" \/>\n\t<meta property=\"og:image:height\" content=\"432\" \/>\n\t<meta property=\"og:image:type\" content=\"image\/jpeg\" \/>\n<meta name=\"author\" content=\"Bruna de Andrade Fran\u00e7a\" \/>\n<meta name=\"twitter:card\" content=\"summary_large_image\" \/>\n<meta name=\"twitter:creator\" content=\"@EstratConcursos\" \/>\n<meta name=\"twitter:site\" content=\"@EstratConcursos\" \/>\n<meta name=\"twitter:label1\" content=\"Escrito por\" \/>\n\t<meta name=\"twitter:data1\" content=\"Bruna de Andrade Fran\u00e7a\" \/>\n\t<meta name=\"twitter:label2\" content=\"Est. tempo de leitura\" \/>\n\t<meta name=\"twitter:data2\" content=\"12 minutos\" \/>\n<script type=\"application\/ld+json\" class=\"yoast-schema-graph\">{\"@context\":\"https:\/\/schema.org\",\"@graph\":[{\"@type\":\"NewsArticle\",\"@id\":\"https:\/\/www.estrategiaconcursos.com.br\/blog\/gabarito-extraoficial-pc-ba-investigador\/#article\",\"isPartOf\":{\"@id\":\"https:\/\/www.estrategiaconcursos.com.br\/blog\/gabarito-extraoficial-pc-ba-investigador\/\"},\"author\":{\"name\":\"Bruna de Andrade Fran\u00e7a\",\"@id\":\"https:\/\/www.estrategiaconcursos.com.br\/blog\/#\/schema\/person\/6630f91134abc08115cca62ce6372855\"},\"headline\":\"Gabarito Extraoficial PC BA &#8211; Investigador: confira a corre\u00e7\u00e3o\",\"datePublished\":\"2022-07-24T22:30:00+00:00\",\"dateModified\":\"2023-05-24T15:06:57+00:00\",\"mainEntityOfPage\":{\"@id\":\"https:\/\/www.estrategiaconcursos.com.br\/blog\/gabarito-extraoficial-pc-ba-investigador\/\"},\"wordCount\":2544,\"commentCount\":0,\"publisher\":{\"@id\":\"https:\/\/www.estrategiaconcursos.com.br\/blog\/#organization\"},\"image\":{\"@id\":\"https:\/\/www.estrategiaconcursos.com.br\/blog\/gabarito-extraoficial-pc-ba-investigador\/#primaryimage\"},\"thumbnailUrl\":\"https:\/\/dhg1h5j42swfq.cloudfront.net\/2021\/09\/27143047\/pc-ba.jpg\",\"articleSection\":[\"Policial (Agente, Escriv\u00e3o e Investigador)\",\"\u00daltimas not\u00edcias\"],\"inLanguage\":\"pt-BR\",\"potentialAction\":[{\"@type\":\"CommentAction\",\"name\":\"Comment\",\"target\":[\"https:\/\/www.estrategiaconcursos.com.br\/blog\/gabarito-extraoficial-pc-ba-investigador\/#respond\"]}],\"copyrightYear\":\"2022\",\"copyrightHolder\":{\"@id\":\"https:\/\/www.estrategiaconcursos.com.br\/blog\/#organization\"}},{\"@type\":\"WebPage\",\"@id\":\"https:\/\/www.estrategiaconcursos.com.br\/blog\/gabarito-extraoficial-pc-ba-investigador\/\",\"url\":\"https:\/\/www.estrategiaconcursos.com.br\/blog\/gabarito-extraoficial-pc-ba-investigador\/\",\"name\":\"Gabarito Extraoficial PC BA - Investigador: confira a corre\u00e7\u00e3o\",\"isPartOf\":{\"@id\":\"https:\/\/www.estrategiaconcursos.com.br\/blog\/#website\"},\"primaryImageOfPage\":{\"@id\":\"https:\/\/www.estrategiaconcursos.com.br\/blog\/gabarito-extraoficial-pc-ba-investigador\/#primaryimage\"},\"image\":{\"@id\":\"https:\/\/www.estrategiaconcursos.com.br\/blog\/gabarito-extraoficial-pc-ba-investigador\/#primaryimage\"},\"thumbnailUrl\":\"https:\/\/dhg1h5j42swfq.cloudfront.net\/2021\/09\/27143047\/pc-ba.jpg\",\"datePublished\":\"2022-07-24T22:30:00+00:00\",\"dateModified\":\"2023-05-24T15:06:57+00:00\",\"description\":\"Neste domingo, 24 de julho, foram aplicadas as provas do concurso PC BA. Acompanhe a corre\u00e7\u00e3o e o gabarito extraoficial!\",\"breadcrumb\":{\"@id\":\"https:\/\/www.estrategiaconcursos.com.br\/blog\/gabarito-extraoficial-pc-ba-investigador\/#breadcrumb\"},\"inLanguage\":\"pt-BR\",\"potentialAction\":[{\"@type\":\"ReadAction\",\"target\":[\"https:\/\/www.estrategiaconcursos.com.br\/blog\/gabarito-extraoficial-pc-ba-investigador\/\"]}]},{\"@type\":\"ImageObject\",\"inLanguage\":\"pt-BR\",\"@id\":\"https:\/\/www.estrategiaconcursos.com.br\/blog\/gabarito-extraoficial-pc-ba-investigador\/#primaryimage\",\"url\":\"https:\/\/dhg1h5j42swfq.cloudfront.net\/2021\/09\/27143047\/pc-ba.jpg\",\"contentUrl\":\"https:\/\/dhg1h5j42swfq.cloudfront.net\/2021\/09\/27143047\/pc-ba.jpg\",\"width\":768,\"height\":432,\"caption\":\"PC BA\"},{\"@type\":\"BreadcrumbList\",\"@id\":\"https:\/\/www.estrategiaconcursos.com.br\/blog\/gabarito-extraoficial-pc-ba-investigador\/#breadcrumb\",\"itemListElement\":[{\"@type\":\"ListItem\",\"position\":1,\"name\":\"In\u00edcio\",\"item\":\"https:\/\/www.estrategiaconcursos.com.br\/blog\/\"},{\"@type\":\"ListItem\",\"position\":2,\"name\":\"Gabarito Extraoficial PC BA &#8211; Investigador: confira a corre\u00e7\u00e3o\"}]},{\"@type\":\"WebSite\",\"@id\":\"https:\/\/www.estrategiaconcursos.com.br\/blog\/#website\",\"url\":\"https:\/\/www.estrategiaconcursos.com.br\/blog\/\",\"name\":\"Estrat\u00e9gia Concursos\",\"description\":\"O blog da Estrat\u00e9gia Concursos traz not\u00edcias sobre concursos e artigos de professores oferecendo cursos para concursos (pdf + videaulas) no site.\",\"publisher\":{\"@id\":\"https:\/\/www.estrategiaconcursos.com.br\/blog\/#organization\"},\"potentialAction\":[{\"@type\":\"SearchAction\",\"target\":{\"@type\":\"EntryPoint\",\"urlTemplate\":\"https:\/\/www.estrategiaconcursos.com.br\/blog\/?s={search_term_string}\"},\"query-input\":{\"@type\":\"PropertyValueSpecification\",\"valueRequired\":true,\"valueName\":\"search_term_string\"}}],\"inLanguage\":\"pt-BR\"},{\"@type\":\"Organization\",\"@id\":\"https:\/\/www.estrategiaconcursos.com.br\/blog\/#organization\",\"name\":\"Estrat\u00e9gia Concursos\",\"url\":\"https:\/\/www.estrategiaconcursos.com.br\/blog\/\",\"logo\":{\"@type\":\"ImageObject\",\"inLanguage\":\"pt-BR\",\"@id\":\"https:\/\/www.estrategiaconcursos.com.br\/blog\/#\/schema\/logo\/image\/\",\"url\":\"https:\/\/dhg1h5j42swfq.cloudfront.net\/2025\/06\/03203428\/logo_concursos-1.jpg\",\"contentUrl\":\"https:\/\/dhg1h5j42swfq.cloudfront.net\/2025\/06\/03203428\/logo_concursos-1.jpg\",\"width\":230,\"height\":60,\"caption\":\"Estrat\u00e9gia Concursos\"},\"image\":{\"@id\":\"https:\/\/www.estrategiaconcursos.com.br\/blog\/#\/schema\/logo\/image\/\"},\"sameAs\":[\"https:\/\/x.com\/EstratConcursos\"]},{\"@type\":\"Person\",\"@id\":\"https:\/\/www.estrategiaconcursos.com.br\/blog\/#\/schema\/person\/6630f91134abc08115cca62ce6372855\",\"name\":\"Bruna de Andrade Fran\u00e7a\",\"image\":{\"@type\":\"ImageObject\",\"inLanguage\":\"pt-BR\",\"@id\":\"https:\/\/secure.gravatar.com\/avatar\/d6316d36d50cea0fadae28ed3015b8870cc90a2d3d8a95c37b44006af36a00e3?s=96&d=mm&r=g\",\"url\":\"https:\/\/secure.gravatar.com\/avatar\/d6316d36d50cea0fadae28ed3015b8870cc90a2d3d8a95c37b44006af36a00e3?s=96&d=mm&r=g\",\"contentUrl\":\"https:\/\/secure.gravatar.com\/avatar\/d6316d36d50cea0fadae28ed3015b8870cc90a2d3d8a95c37b44006af36a00e3?s=96&d=mm&r=g\",\"caption\":\"Bruna de Andrade Fran\u00e7a\"},\"description\":\"Bruna de Andrade Fran\u00e7a \u00e9 publicit\u00e1ria com p\u00f3s-gradua\u00e7\u00e3o em Marketing &amp; Growth, atuando h\u00e1 mais de 6 anos no universo dos concursos p\u00fablicos. Desde 2021, lidera no Blog do Estrat\u00e9gia Concursos a cobertura editorial especializada em Concursos Policiais (PF, PRF, PM, PC, etc.), al\u00e9m das frentes de concursos banc\u00e1rios, de sa\u00fade e da \u00e1rea legislativa. Especialista em reda\u00e7\u00e3o, com pr\u00e1ticas de SEO e Copywriting, possui tamb\u00e9m atua\u00e7\u00e3o pr\u00e1tica de contato direto com \u00f3rg\u00e3os p\u00fablicos respons\u00e1veis por editais, permitindo acesso antecipado a informa\u00e7\u00f5es, desdobramentos importantes e atualiza\u00e7\u00e3o eficiente dos concursos p\u00fablicos.\",\"url\":\"https:\/\/www.estrategiaconcursos.com.br\/blog\/author\/bruna-andrade\/\"}]}<\/script>\n<!-- \/ Yoast SEO Premium plugin. -->","yoast_head_json":{"title":"Gabarito Extraoficial PC BA - Investigador: confira a corre\u00e7\u00e3o","description":"Neste domingo, 24 de julho, foram aplicadas as provas do concurso PC BA. Acompanhe a corre\u00e7\u00e3o e o gabarito extraoficial!","robots":{"index":"index","follow":"follow","max-snippet":"max-snippet:-1","max-image-preview":"max-image-preview:large","max-video-preview":"max-video-preview:-1"},"canonical":"https:\/\/www.estrategiaconcursos.com.br\/blog\/gabarito-extraoficial-pc-ba-investigador\/","og_locale":"pt_BR","og_type":"article","og_title":"Gabarito Extraoficial PC BA - Investigador: confira a corre\u00e7\u00e3o","og_description":"Neste domingo, 24 de julho, foram aplicadas as provas do concurso PC BA. Acompanhe a corre\u00e7\u00e3o e o gabarito extraoficial!","og_url":"https:\/\/www.estrategiaconcursos.com.br\/blog\/gabarito-extraoficial-pc-ba-investigador\/","og_site_name":"Estrat\u00e9gia Concursos","article_published_time":"2022-07-24T22:30:00+00:00","article_modified_time":"2023-05-24T15:06:57+00:00","og_image":[{"width":768,"height":432,"url":"https:\/\/dhg1h5j42swfq.cloudfront.net\/2021\/09\/27143047\/pc-ba.jpg","type":"image\/jpeg"}],"author":"Bruna de Andrade Fran\u00e7a","twitter_card":"summary_large_image","twitter_creator":"@EstratConcursos","twitter_site":"@EstratConcursos","twitter_misc":{"Escrito por":"Bruna de Andrade Fran\u00e7a","Est. tempo de leitura":"12 minutos"},"schema":{"@context":"https:\/\/schema.org","@graph":[{"@type":"NewsArticle","@id":"https:\/\/www.estrategiaconcursos.com.br\/blog\/gabarito-extraoficial-pc-ba-investigador\/#article","isPartOf":{"@id":"https:\/\/www.estrategiaconcursos.com.br\/blog\/gabarito-extraoficial-pc-ba-investigador\/"},"author":{"name":"Bruna de Andrade Fran\u00e7a","@id":"https:\/\/www.estrategiaconcursos.com.br\/blog\/#\/schema\/person\/6630f91134abc08115cca62ce6372855"},"headline":"Gabarito Extraoficial PC BA &#8211; Investigador: confira a corre\u00e7\u00e3o","datePublished":"2022-07-24T22:30:00+00:00","dateModified":"2023-05-24T15:06:57+00:00","mainEntityOfPage":{"@id":"https:\/\/www.estrategiaconcursos.com.br\/blog\/gabarito-extraoficial-pc-ba-investigador\/"},"wordCount":2544,"commentCount":0,"publisher":{"@id":"https:\/\/www.estrategiaconcursos.com.br\/blog\/#organization"},"image":{"@id":"https:\/\/www.estrategiaconcursos.com.br\/blog\/gabarito-extraoficial-pc-ba-investigador\/#primaryimage"},"thumbnailUrl":"https:\/\/dhg1h5j42swfq.cloudfront.net\/2021\/09\/27143047\/pc-ba.jpg","articleSection":["Policial (Agente, Escriv\u00e3o e Investigador)","\u00daltimas not\u00edcias"],"inLanguage":"pt-BR","potentialAction":[{"@type":"CommentAction","name":"Comment","target":["https:\/\/www.estrategiaconcursos.com.br\/blog\/gabarito-extraoficial-pc-ba-investigador\/#respond"]}],"copyrightYear":"2022","copyrightHolder":{"@id":"https:\/\/www.estrategiaconcursos.com.br\/blog\/#organization"}},{"@type":"WebPage","@id":"https:\/\/www.estrategiaconcursos.com.br\/blog\/gabarito-extraoficial-pc-ba-investigador\/","url":"https:\/\/www.estrategiaconcursos.com.br\/blog\/gabarito-extraoficial-pc-ba-investigador\/","name":"Gabarito Extraoficial PC BA - Investigador: confira a corre\u00e7\u00e3o","isPartOf":{"@id":"https:\/\/www.estrategiaconcursos.com.br\/blog\/#website"},"primaryImageOfPage":{"@id":"https:\/\/www.estrategiaconcursos.com.br\/blog\/gabarito-extraoficial-pc-ba-investigador\/#primaryimage"},"image":{"@id":"https:\/\/www.estrategiaconcursos.com.br\/blog\/gabarito-extraoficial-pc-ba-investigador\/#primaryimage"},"thumbnailUrl":"https:\/\/dhg1h5j42swfq.cloudfront.net\/2021\/09\/27143047\/pc-ba.jpg","datePublished":"2022-07-24T22:30:00+00:00","dateModified":"2023-05-24T15:06:57+00:00","description":"Neste domingo, 24 de julho, foram aplicadas as provas do concurso PC BA. Acompanhe a corre\u00e7\u00e3o e o gabarito extraoficial!","breadcrumb":{"@id":"https:\/\/www.estrategiaconcursos.com.br\/blog\/gabarito-extraoficial-pc-ba-investigador\/#breadcrumb"},"inLanguage":"pt-BR","potentialAction":[{"@type":"ReadAction","target":["https:\/\/www.estrategiaconcursos.com.br\/blog\/gabarito-extraoficial-pc-ba-investigador\/"]}]},{"@type":"ImageObject","inLanguage":"pt-BR","@id":"https:\/\/www.estrategiaconcursos.com.br\/blog\/gabarito-extraoficial-pc-ba-investigador\/#primaryimage","url":"https:\/\/dhg1h5j42swfq.cloudfront.net\/2021\/09\/27143047\/pc-ba.jpg","contentUrl":"https:\/\/dhg1h5j42swfq.cloudfront.net\/2021\/09\/27143047\/pc-ba.jpg","width":768,"height":432,"caption":"PC BA"},{"@type":"BreadcrumbList","@id":"https:\/\/www.estrategiaconcursos.com.br\/blog\/gabarito-extraoficial-pc-ba-investigador\/#breadcrumb","itemListElement":[{"@type":"ListItem","position":1,"name":"In\u00edcio","item":"https:\/\/www.estrategiaconcursos.com.br\/blog\/"},{"@type":"ListItem","position":2,"name":"Gabarito Extraoficial PC BA &#8211; Investigador: confira a corre\u00e7\u00e3o"}]},{"@type":"WebSite","@id":"https:\/\/www.estrategiaconcursos.com.br\/blog\/#website","url":"https:\/\/www.estrategiaconcursos.com.br\/blog\/","name":"Estrat\u00e9gia Concursos","description":"O blog da Estrat\u00e9gia Concursos traz not\u00edcias sobre concursos e artigos de professores oferecendo cursos para concursos (pdf + videaulas) no site.","publisher":{"@id":"https:\/\/www.estrategiaconcursos.com.br\/blog\/#organization"},"potentialAction":[{"@type":"SearchAction","target":{"@type":"EntryPoint","urlTemplate":"https:\/\/www.estrategiaconcursos.com.br\/blog\/?s={search_term_string}"},"query-input":{"@type":"PropertyValueSpecification","valueRequired":true,"valueName":"search_term_string"}}],"inLanguage":"pt-BR"},{"@type":"Organization","@id":"https:\/\/www.estrategiaconcursos.com.br\/blog\/#organization","name":"Estrat\u00e9gia Concursos","url":"https:\/\/www.estrategiaconcursos.com.br\/blog\/","logo":{"@type":"ImageObject","inLanguage":"pt-BR","@id":"https:\/\/www.estrategiaconcursos.com.br\/blog\/#\/schema\/logo\/image\/","url":"https:\/\/dhg1h5j42swfq.cloudfront.net\/2025\/06\/03203428\/logo_concursos-1.jpg","contentUrl":"https:\/\/dhg1h5j42swfq.cloudfront.net\/2025\/06\/03203428\/logo_concursos-1.jpg","width":230,"height":60,"caption":"Estrat\u00e9gia Concursos"},"image":{"@id":"https:\/\/www.estrategiaconcursos.com.br\/blog\/#\/schema\/logo\/image\/"},"sameAs":["https:\/\/x.com\/EstratConcursos"]},{"@type":"Person","@id":"https:\/\/www.estrategiaconcursos.com.br\/blog\/#\/schema\/person\/6630f91134abc08115cca62ce6372855","name":"Bruna de Andrade Fran\u00e7a","image":{"@type":"ImageObject","inLanguage":"pt-BR","@id":"https:\/\/secure.gravatar.com\/avatar\/d6316d36d50cea0fadae28ed3015b8870cc90a2d3d8a95c37b44006af36a00e3?s=96&d=mm&r=g","url":"https:\/\/secure.gravatar.com\/avatar\/d6316d36d50cea0fadae28ed3015b8870cc90a2d3d8a95c37b44006af36a00e3?s=96&d=mm&r=g","contentUrl":"https:\/\/secure.gravatar.com\/avatar\/d6316d36d50cea0fadae28ed3015b8870cc90a2d3d8a95c37b44006af36a00e3?s=96&d=mm&r=g","caption":"Bruna de Andrade Fran\u00e7a"},"description":"Bruna de Andrade Fran\u00e7a \u00e9 publicit\u00e1ria com p\u00f3s-gradua\u00e7\u00e3o em Marketing &amp; Growth, atuando h\u00e1 mais de 6 anos no universo dos concursos p\u00fablicos. Desde 2021, lidera no Blog do Estrat\u00e9gia Concursos a cobertura editorial especializada em Concursos Policiais (PF, PRF, PM, PC, etc.), al\u00e9m das frentes de concursos banc\u00e1rios, de sa\u00fade e da \u00e1rea legislativa. Especialista em reda\u00e7\u00e3o, com pr\u00e1ticas de SEO e Copywriting, possui tamb\u00e9m atua\u00e7\u00e3o pr\u00e1tica de contato direto com \u00f3rg\u00e3os p\u00fablicos respons\u00e1veis por editais, permitindo acesso antecipado a informa\u00e7\u00f5es, desdobramentos importantes e atualiza\u00e7\u00e3o eficiente dos concursos p\u00fablicos.","url":"https:\/\/www.estrategiaconcursos.com.br\/blog\/author\/bruna-andrade\/"}]}},"_links":{"self":[{"href":"https:\/\/www.estrategiaconcursos.com.br\/blog\/wp-json\/wp\/v2\/posts\/1064320","targetHints":{"allow":["GET"]}}],"collection":[{"href":"https:\/\/www.estrategiaconcursos.com.br\/blog\/wp-json\/wp\/v2\/posts"}],"about":[{"href":"https:\/\/www.estrategiaconcursos.com.br\/blog\/wp-json\/wp\/v2\/types\/post"}],"author":[{"embeddable":true,"href":"https:\/\/www.estrategiaconcursos.com.br\/blog\/wp-json\/wp\/v2\/users\/1206"}],"replies":[{"embeddable":true,"href":"https:\/\/www.estrategiaconcursos.com.br\/blog\/wp-json\/wp\/v2\/comments?post=1064320"}],"version-history":[{"count":24,"href":"https:\/\/www.estrategiaconcursos.com.br\/blog\/wp-json\/wp\/v2\/posts\/1064320\/revisions"}],"predecessor-version":[{"id":1221349,"href":"https:\/\/www.estrategiaconcursos.com.br\/blog\/wp-json\/wp\/v2\/posts\/1064320\/revisions\/1221349"}],"wp:featuredmedia":[{"embeddable":true,"href":"https:\/\/www.estrategiaconcursos.com.br\/blog\/wp-json\/wp\/v2\/media\/871217"}],"wp:attachment":[{"href":"https:\/\/www.estrategiaconcursos.com.br\/blog\/wp-json\/wp\/v2\/media?parent=1064320"}],"wp:term":[{"taxonomy":"category","embeddable":true,"href":"https:\/\/www.estrategiaconcursos.com.br\/blog\/wp-json\/wp\/v2\/categories?post=1064320"},{"taxonomy":"post_tag","embeddable":true,"href":"https:\/\/www.estrategiaconcursos.com.br\/blog\/wp-json\/wp\/v2\/tags?post=1064320"},{"taxonomy":"tax_estado","embeddable":true,"href":"https:\/\/www.estrategiaconcursos.com.br\/blog\/wp-json\/wp\/v2\/tax_estado?post=1064320"}],"curies":[{"name":"wp","href":"https:\/\/api.w.org\/{rel}","templated":true}]}}