{"id":1064309,"date":"2022-07-22T18:18:00","date_gmt":"2022-07-22T21:18:00","guid":{"rendered":"https:\/\/www.estrategiaconcursos.com.br\/blog\/?p=1064309"},"modified":"2022-07-21T13:28:38","modified_gmt":"2022-07-21T16:28:38","slug":"concurso-tse-unificado-ultimo-edital","status":"publish","type":"post","link":"https:\/\/www.estrategiaconcursos.com.br\/blog\/concurso-tse-unificado-ultimo-edital\/","title":{"rendered":"Concurso TSE unificado: saiba informa\u00e7\u00f5es sobre o \u00faltimo edital!"},"content":{"rendered":"\n<p>Voc\u00ea que est\u00e1 coletando informa\u00e7\u00f5es e est\u00e1 se preparando para o novo concurso unificado do <a href=\"https:\/\/www.estrategiaconcursos.com.br\/cursosPorConcurso\/tribunal-superior-eleitoral-tse-servidores\/\" target=\"_blank\" rel=\"noreferrer noopener\">Tribunal Superior Eleitoral <\/a>(TSE) sabe os detalhes do \u00faltimo edital publicado?<\/p>\n\n\n\n<p>O \u00faltimo edital unificado foi publicado em 2006 e teve provas realizadas em 2007 com o total de 804 vagas para candidatos de n\u00edveis m\u00e9dio e superior.<\/p>\n\n\n\n<p>Na \u00e9poca 190 mil candidatos se inscreveram para o concurso p\u00fablico unificado do Tribunal Superior Eleitoral (TSE) e dos tribunais eleitorais.<\/p>\n\n\n\n<p>Confira maiores detalhes a partir dos t\u00f3picos listados abaixo:<\/p>\n\n\n\n<h2 class=\"wp-block-heading\" id=\"h-concurso-tse-unificado-ultimo-edital\">Concurso TSE unificado: \u00faltimo edital<\/h2>\n\n\n\n<p>Os cargos e vagas do \u00faltimo concurso TSE unificado foram divididos da seguinte forma:<\/p>\n\n\n\n<h4 class=\"wp-block-heading\" id=\"h-analista-e-tecnico\"><strong>Analista e T\u00e9cnico <\/strong><\/h4>\n\n\n\n<ul class=\"wp-block-list\"><li>TSE &#8211; 280 vagas <\/li><li>TRE RO &#8211; 56 vagas<\/li><li>TRE AC &#8211; 6 vagas<\/li><li>TRE RJ &#8211; 435 vagas <\/li><li>TRE RR &#8211; 24 vagas<\/li><\/ul>\n\n\n\n<h3 class=\"wp-block-heading\" id=\"salarios\">Sal\u00e1rios e Benef\u00edcios do \u00faltimo edital<\/h3>\n\n\n\n<figure class=\"wp-block-table is-style-stripes\"><table class=\"has-background\" style=\"background:linear-gradient(135deg,rgb(255,206,236) 0%,rgb(152,150,240) 67%)\"><tbody><tr><td class=\"has-text-align-center\" data-align=\"center\"><strong>CARGOS<\/strong><\/td><td class=\"has-text-align-center\" data-align=\"center\"><strong>VENCIMENTOS<\/strong><\/td><td class=\"has-text-align-center\" data-align=\"center\"><strong>GAJ<\/strong><\/td><td class=\"has-text-align-center\" data-align=\"center\"><strong>TOTAL<\/strong><\/td><\/tr><tr><td class=\"has-text-align-center\" data-align=\"center\">ANALISTA <\/td><td class=\"has-text-align-center\" data-align=\"center\">R$ 3.103,56<\/td><td class=\"has-text-align-center\" data-align=\"center\">R$ 931,07<\/td><td class=\"has-text-align-center\" data-align=\"center\">R$ 4.034,63<\/td><\/tr><tr><td class=\"has-text-align-center\" data-align=\"center\">T\u00c9CNICO<\/td><td class=\"has-text-align-center\" data-align=\"center\">R$ 1.858,20<\/td><td class=\"has-text-align-center\" data-align=\"center\">R$ 557,46<\/td><td class=\"has-text-align-center\" data-align=\"center\">R$ 2.415,66<\/td><\/tr><\/tbody><\/table><figcaption><strong>Concurso TSE: TABELA DE REMUNERA\u00c7\u00c3O<\/strong><\/figcaption><\/figure>\n\n\n\n<p><a href=\"https:\/\/www.estrategiaconcursos.com.br\/blog\/concurso-tse-unificado\/\" target=\"_blank\" rel=\"noreferrer noopener\">Veja os sal\u00e1rios atualizados aqui!<\/a><\/p>\n\n\n\n<h2 class=\"wp-block-heading\" id=\"etapa\">Etapas do \u00faltimo concurso TSE Unificado<\/h2>\n\n\n\n<p>Os candidatos foram avaliados por meio de prova objetiva, para todos os cargos, e provas discursivas e de t\u00edtulos para candidatos de n\u00edvel superior.&nbsp;Veja abaixo:<\/p>\n\n\n\n<h3 class=\"wp-block-heading\" id=\"h-prova-objetiva\">Prova Objetiva<\/h3>\n\n\n\n<h4 class=\"wp-block-heading\" id=\"h-nivel-superior\">N\u00edvel Superior<\/h4>\n\n\n\n<div class=\"wp-block-image\"><figure class=\"aligncenter size-large is-resized\"><img loading=\"lazy\" decoding=\"async\" src=\"https:\/\/dhg1h5j42swfq.cloudfront.net\/2021\/06\/28102454\/image-592.png\" alt=\"Concurso TSE prova n\u00edvel superior\" class=\"wp-image-778754\" width=\"512\" height=\"88\" srcset=\"https:\/\/dhg1h5j42swfq.cloudfront.net\/2021\/06\/28102454\/image-592.png 790w, https:\/\/dhg1h5j42swfq.cloudfront.net\/2021\/06\/28102454\/image-592-300x52.png 300w, https:\/\/dhg1h5j42swfq.cloudfront.net\/2021\/06\/28102454\/image-592-768x132.png 768w, https:\/\/dhg1h5j42swfq.cloudfront.net\/2021\/06\/28102454\/image-592-610x105.png 610w\" sizes=\"auto, (max-width: 512px) 100vw, 512px\" \/><figcaption>Concurso TSE: Prova N\u00edvel Superior<\/figcaption><\/figure><\/div>\n\n\n\n<h4 class=\"wp-block-heading\" id=\"h-nivel-medio\">N\u00edvel M\u00e9dio <\/h4>\n\n\n\n<div class=\"wp-block-image\"><figure class=\"aligncenter size-large is-resized\"><img loading=\"lazy\" decoding=\"async\" src=\"https:\/\/dhg1h5j42swfq.cloudfront.net\/2021\/06\/28102543\/image-594.png\" alt=\"prova n\u00edvel m\u00e9dio concurso TSE unificado\" class=\"wp-image-778757\" width=\"529\" height=\"511\" srcset=\"https:\/\/dhg1h5j42swfq.cloudfront.net\/2021\/06\/28102543\/image-594-300x291.png 300w, https:\/\/dhg1h5j42swfq.cloudfront.net\/2021\/06\/28102543\/image-594-768x744.png 768w\" sizes=\"auto, (max-width: 529px) 100vw, 529px\" \/><figcaption>Concurso TSE: Prova N\u00edvel M\u00e9dio<\/figcaption><\/figure><\/div>\n\n\n\n<h3 class=\"wp-block-heading\" id=\"h-prova-discursiva\">Prova Discursiva<\/h3>\n\n\n\n<p>A prova discursiva, de car\u00e1ter eliminat\u00f3rio e classificat\u00f3rio, para todos os cargos de n\u00edvel superior, exceto para os<br \/>cargos Analista Judici\u00e1rio \u2013 \u00e1rea: Judici\u00e1ria e Analista Judici\u00e1rio \u2013 \u00e1rea: Apoio Especializado \u2013 especialidade: An\u00e1lise de<br \/>Sistemas, valer\u00e1 10,00 pontos e consistir\u00e1 na elabora\u00e7\u00e3o de texto narrativo, dissertativo ou descritivo, abordando temas atuais.<\/p>\n\n\n\n<p>A prova discursiva, de car\u00e1ter eliminat\u00f3rio e classificat\u00f3rio, para o cargo Analista Judici\u00e1rio \u2013 \u00e1rea: Judici\u00e1ria e Analista<br \/>Judici\u00e1rio \u2013 \u00e1rea: Apoio Especializado \u2013 especialidade: An\u00e1lise de Sistemas valer\u00e1 10,00 pontos e consistir\u00e1 na elabora\u00e7\u00e3o de texto acerca dos conhecimentos espec\u00edficos do cargo\/\u00e1rea.<\/p>\n\n\n\n<h3 class=\"wp-block-heading\" id=\"t\u00edtulo\">Avalia\u00e7\u00e3o de T\u00edtulos<\/h3>\n\n\n\n<ul class=\"wp-block-list\"><li>a) diploma\/declara\u00e7\u00e3o devidamente registrado de conclus\u00e3o de doutorado, acompanhado de hist\u00f3rico escolar, na<\/li><li>\u00e1rea\/especialidade a que concorre (t\u00edtulo de doutor) \u2013 valor m\u00e1ximo do t\u00edtulo: 0,50;<\/li><li>b) diploma\/declara\u00e7\u00e3o devidamente registrado de conclus\u00e3o de mestrado, acompanhado de hist\u00f3rico escolar, na<\/li><li>\u00e1rea\/especialidade a que concorre (t\u00edtulo de mestre) \u2013 valor m\u00e1ximo do t\u00edtulo: 0,34;<\/li><li>c) certificado\/declara\u00e7\u00e3o de curso de especializa\u00e7\u00e3o em n\u00edvel de p\u00f3s-gradua\u00e7\u00e3o lato sensu, acompanhado de hist\u00f3rico escolar, com carga hor\u00e1ria m\u00ednima de 360 horas\/aula, na \u00e1rea\/especialidade a que concorre \u2013 valor m\u00e1ximo do t\u00edtulo: 0,16<\/li><\/ul>\n\n\n\n<p>Atualmente, o \u00f3rg\u00e3o &nbsp;trabalha no levantamento dos cargos e vagas do&nbsp;<strong>edital unificado<\/strong>&nbsp;anunciado para 2023. <\/p>\n\n\n\n<p>O edital ir\u00e1 contemplar&nbsp;<strong>Tribunais Regionais Eleitorais<\/strong>&nbsp;de forma centralizada e j\u00e1 conta com o pedido de participa\u00e7\u00e3o de, pelo menos, 12 \u00f3rg\u00e3os.<\/p>\n\n\n\n<p>De acordo com informa\u00e7\u00f5es repassadas pelo Tribunal, as vagas ser\u00e3o para cargos de Analista e T\u00e9cnico judici\u00e1rio, de n\u00edveis m\u00e9dio e superior de escolaridade.<\/p>\n\n\n\n<p>Segundo a estrutura remunerat\u00f3ria apresentada pelo Tribunal Superior Eleitoral, \u00f3rg\u00e3o que representa os demais TREs, os sal\u00e1rios iniciais para as carreiras de&nbsp;<strong>T\u00e9cnico<\/strong>&nbsp;e&nbsp;<strong>Analista<\/strong>&nbsp;variam entre <strong>R$ 7.591,37<\/strong> e <strong>R$<\/strong> <strong>12.544,76<\/strong>.<\/p>\n\n\n\n<p>Quer ficar por dentro de todas as atualiza\u00e7\u00f5es sobre o <strong>concurso TSE Unificado<\/strong>, cujo o \u00faltimo edital voc\u00ea conferiu nesta mat\u00e9ria? Preparamos um artigo completo para voc\u00ea!<\/p>\n\n\n\n<p class=\"has-text-align-center has-background has-medium-font-size\" style=\"background-color:#bc9fd7\"><strong>Saiba mais: <a href=\"https:\/\/www.estrategiaconcursos.com.br\/blog\/concurso-tse-unificado\/\" target=\"_blank\" rel=\"noreferrer noopener\">concurso TSE Unificado<\/a><\/strong><\/p>\n\n\n\n<h2 class=\"has-text-align-center wp-block-heading\" id=\"h-quer-saber-tudo-sobre-concursos-previstos-confira-nossos-artigos\">Quer saber tudo sobre concursos previstos?<br \/>Confira nossos artigos!<\/h2>\n\n\n\n<ul class=\"wp-block-list\"><li><a href=\"https:\/\/www.estrategiaconcursos.com.br\/blog\/concursos-abertos\/\" target=\"_blank\" rel=\"noreferrer noopener\">Concursos abertos<\/a><\/li><li><a href=\"https:\/\/www.estrategiaconcursos.com.br\/blog\/concursos-2022\/\" target=\"_blank\" rel=\"noreferrer noopener\">Concursos 2022<\/a><\/li><li><a href=\"https:\/\/www.estrategiaconcursos.com.br\/blog\/concursos-2023\/\" target=\"_blank\" rel=\"noreferrer noopener\">Concursos 2023<\/a><\/li><\/ul>\n\n\n\n<h2 class=\"has-text-align-center wp-block-heading\" id=\"cursos-assinatura\"><br \/><strong>Quer estudar para o concurso TSE Unificado?<\/strong><\/h2>\n\n\n\n<div class=\"container\" id=\"boxes\">\n  <div class=\"row\">\n\n    <div class=\"col-sm\">\n      <div class=\"banner-tribunal\" id=\"box-assinatura\">\n        <h3 class=\"titulo-assinatura\">Curso TSE<\/h3>\n        <p class=\"subtitulo-assinatura\">Conhe\u00e7a os cursos<\/p>\n        <div class=\"box-botao\">\n          <a class=\"btn-assinatura\" target=\"_blank\" href=\"https:\/\/www.estrategiaconcursos.com.br\/cursosPorConcurso\/tribunal-superior-eleitoral-tse-servidores\/\" role=\"button\" rel=\"noopener noreferrer\">Conhe\u00e7a mais<\/a>\n        <\/div>\n      <\/div>\n      <p class=\"texto-auxiliar\"><\/p>\n    <\/div>\n\n  <\/div>\n<\/div>\n\n\n\n<div class=\"container\" id=\"boxes\">\n  <div class=\"row\">\n\n    <div class=\"col-sm\">\n      <div class=\"estrategia\" id=\"box-assinatura\">\n        <h3 class=\"titulo-assinatura\">Assinatura Concursos<\/h3>\n        <p class=\"subtitulo-assinatura\">Assinatura de 1 ano ou 2 anos<\/p>\n        <div class=\"box-botao\">\n          <a class=\"btn-assinatura\" target=\"_blank\" href=\"https:\/\/www.estrategiaconcursos.com.br\/assinaturas\/\" role=\"button\" rel=\"noopener noreferrer\">ASSINE AGORA<\/a>\n        <\/div>\n      <\/div>\n     \n    <\/div><\/div><\/div>\n","protected":false},"excerpt":{"rendered":"<p>Voc\u00ea que est\u00e1 coletando informa\u00e7\u00f5es e est\u00e1 se preparando para o novo concurso unificado do Tribunal Superior Eleitoral (TSE) sabe os detalhes do \u00faltimo edital publicado? O \u00faltimo edital unificado foi publicado em 2006 e teve provas realizadas em 2007 com o total de 804 vagas para candidatos de n\u00edveis m\u00e9dio e superior. Na \u00e9poca [&hellip;]<\/p>\n","protected":false},"author":2402,"featured_media":173801,"comment_status":"open","ping_status":"closed","sticky":false,"template":"","format":"standard","meta":{"post_tipo":"news","footnotes":""},"categories":[1984,220219],"tags":[],"tax_estado":[219963],"class_list":["post-1064309","post","type-post","status-publish","format-standard","has-post-thumbnail","hentry","category-tribunais","category-noticias","tax_estado-concursos-federais"],"acf":[],"yoast_head":"<!-- This site is optimized with the Yoast SEO Premium plugin v27.2 (Yoast SEO v27.2) - https:\/\/yoast.com\/product\/yoast-seo-premium-wordpress\/ -->\n<title>Concurso TSE unificado: saiba informa\u00e7\u00f5es sobre o \u00faltimo edital!<\/title>\n<meta name=\"description\" content=\"Concurso TSE Unificado: confira os detalhes sobre o \u00faltimo edital centralizado publicado pelo \u00f3rg\u00e3o aqui no site do Estrat\u00e9gia!\" \/>\n<meta name=\"robots\" content=\"index, follow, max-snippet:-1, max-image-preview:large, max-video-preview:-1\" \/>\n<link rel=\"canonical\" href=\"https:\/\/www.estrategiaconcursos.com.br\/blog\/concurso-tse-unificado-ultimo-edital\/\" \/>\n<meta property=\"og:locale\" content=\"pt_BR\" \/>\n<meta property=\"og:type\" content=\"article\" \/>\n<meta property=\"og:title\" content=\"Concurso TSE unificado: saiba informa\u00e7\u00f5es sobre o \u00faltimo edital!\" \/>\n<meta property=\"og:description\" content=\"Concurso TSE Unificado: confira os detalhes sobre o \u00faltimo edital centralizado publicado pelo \u00f3rg\u00e3o aqui no site do Estrat\u00e9gia!\" \/>\n<meta property=\"og:url\" content=\"https:\/\/www.estrategiaconcursos.com.br\/blog\/concurso-tse-unificado-ultimo-edital\/\" \/>\n<meta property=\"og:site_name\" content=\"Estrat\u00e9gia Concursos\" \/>\n<meta property=\"article:published_time\" content=\"2022-07-22T21:18:00+00:00\" \/>\n<meta property=\"og:image\" content=\"https:\/\/dhg1h5j42swfq.cloudfront.net\/2019\/03\/25013203\/tse.jpg\" \/>\n\t<meta property=\"og:image:width\" content=\"1024\" \/>\n\t<meta property=\"og:image:height\" content=\"554\" \/>\n\t<meta property=\"og:image:type\" content=\"image\/jpeg\" \/>\n<meta name=\"author\" content=\"Daniela Santos Nascimento\" \/>\n<meta name=\"twitter:card\" content=\"summary_large_image\" \/>\n<meta name=\"twitter:creator\" content=\"@EstratConcursos\" \/>\n<meta name=\"twitter:site\" content=\"@EstratConcursos\" \/>\n<meta name=\"twitter:label1\" content=\"Escrito por\" \/>\n\t<meta name=\"twitter:data1\" content=\"Daniela Santos Nascimento\" \/>\n\t<meta name=\"twitter:label2\" content=\"Est. tempo de leitura\" \/>\n\t<meta name=\"twitter:data2\" content=\"4 minutos\" \/>\n<script type=\"application\/ld+json\" class=\"yoast-schema-graph\">{\"@context\":\"https:\/\/schema.org\",\"@graph\":[{\"@type\":\"NewsArticle\",\"@id\":\"https:\/\/www.estrategiaconcursos.com.br\/blog\/concurso-tse-unificado-ultimo-edital\/#article\",\"isPartOf\":{\"@id\":\"https:\/\/www.estrategiaconcursos.com.br\/blog\/concurso-tse-unificado-ultimo-edital\/\"},\"author\":{\"name\":\"Daniela Santos Nascimento\",\"@id\":\"https:\/\/www.estrategiaconcursos.com.br\/blog\/#\/schema\/person\/399990d02336f200766707b881aee98f\"},\"headline\":\"Concurso TSE unificado: saiba informa\u00e7\u00f5es sobre o \u00faltimo edital!\",\"datePublished\":\"2022-07-22T21:18:00+00:00\",\"mainEntityOfPage\":{\"@id\":\"https:\/\/www.estrategiaconcursos.com.br\/blog\/concurso-tse-unificado-ultimo-edital\/\"},\"wordCount\":629,\"commentCount\":0,\"publisher\":{\"@id\":\"https:\/\/www.estrategiaconcursos.com.br\/blog\/#organization\"},\"image\":{\"@id\":\"https:\/\/www.estrategiaconcursos.com.br\/blog\/concurso-tse-unificado-ultimo-edital\/#primaryimage\"},\"thumbnailUrl\":\"https:\/\/dhg1h5j42swfq.cloudfront.net\/2019\/03\/25013203\/tse.jpg\",\"articleSection\":[\"Tribunais\",\"\u00daltimas not\u00edcias\"],\"inLanguage\":\"pt-BR\",\"potentialAction\":[{\"@type\":\"CommentAction\",\"name\":\"Comment\",\"target\":[\"https:\/\/www.estrategiaconcursos.com.br\/blog\/concurso-tse-unificado-ultimo-edital\/#respond\"]}],\"copyrightYear\":\"2022\",\"copyrightHolder\":{\"@id\":\"https:\/\/www.estrategiaconcursos.com.br\/blog\/#organization\"}},{\"@type\":\"WebPage\",\"@id\":\"https:\/\/www.estrategiaconcursos.com.br\/blog\/concurso-tse-unificado-ultimo-edital\/\",\"url\":\"https:\/\/www.estrategiaconcursos.com.br\/blog\/concurso-tse-unificado-ultimo-edital\/\",\"name\":\"Concurso TSE unificado: saiba informa\u00e7\u00f5es sobre o \u00faltimo edital!\",\"isPartOf\":{\"@id\":\"https:\/\/www.estrategiaconcursos.com.br\/blog\/#website\"},\"primaryImageOfPage\":{\"@id\":\"https:\/\/www.estrategiaconcursos.com.br\/blog\/concurso-tse-unificado-ultimo-edital\/#primaryimage\"},\"image\":{\"@id\":\"https:\/\/www.estrategiaconcursos.com.br\/blog\/concurso-tse-unificado-ultimo-edital\/#primaryimage\"},\"thumbnailUrl\":\"https:\/\/dhg1h5j42swfq.cloudfront.net\/2019\/03\/25013203\/tse.jpg\",\"datePublished\":\"2022-07-22T21:18:00+00:00\",\"description\":\"Concurso TSE Unificado: confira os detalhes sobre o \u00faltimo edital centralizado publicado pelo \u00f3rg\u00e3o aqui no site do Estrat\u00e9gia!\",\"breadcrumb\":{\"@id\":\"https:\/\/www.estrategiaconcursos.com.br\/blog\/concurso-tse-unificado-ultimo-edital\/#breadcrumb\"},\"inLanguage\":\"pt-BR\",\"potentialAction\":[{\"@type\":\"ReadAction\",\"target\":[\"https:\/\/www.estrategiaconcursos.com.br\/blog\/concurso-tse-unificado-ultimo-edital\/\"]}]},{\"@type\":\"ImageObject\",\"inLanguage\":\"pt-BR\",\"@id\":\"https:\/\/www.estrategiaconcursos.com.br\/blog\/concurso-tse-unificado-ultimo-edital\/#primaryimage\",\"url\":\"https:\/\/dhg1h5j42swfq.cloudfront.net\/2019\/03\/25013203\/tse.jpg\",\"contentUrl\":\"https:\/\/dhg1h5j42swfq.cloudfront.net\/2019\/03\/25013203\/tse.jpg\",\"width\":1024,\"height\":554,\"caption\":\"concurso tse\"},{\"@type\":\"BreadcrumbList\",\"@id\":\"https:\/\/www.estrategiaconcursos.com.br\/blog\/concurso-tse-unificado-ultimo-edital\/#breadcrumb\",\"itemListElement\":[{\"@type\":\"ListItem\",\"position\":1,\"name\":\"In\u00edcio\",\"item\":\"https:\/\/www.estrategiaconcursos.com.br\/blog\/\"},{\"@type\":\"ListItem\",\"position\":2,\"name\":\"Concurso TSE unificado: saiba informa\u00e7\u00f5es sobre o \u00faltimo edital!\"}]},{\"@type\":\"WebSite\",\"@id\":\"https:\/\/www.estrategiaconcursos.com.br\/blog\/#website\",\"url\":\"https:\/\/www.estrategiaconcursos.com.br\/blog\/\",\"name\":\"Estrat\u00e9gia Concursos\",\"description\":\"O blog da Estrat\u00e9gia Concursos traz not\u00edcias sobre concursos e artigos de professores oferecendo cursos para concursos (pdf + videaulas) no site.\",\"publisher\":{\"@id\":\"https:\/\/www.estrategiaconcursos.com.br\/blog\/#organization\"},\"potentialAction\":[{\"@type\":\"SearchAction\",\"target\":{\"@type\":\"EntryPoint\",\"urlTemplate\":\"https:\/\/www.estrategiaconcursos.com.br\/blog\/?s={search_term_string}\"},\"query-input\":{\"@type\":\"PropertyValueSpecification\",\"valueRequired\":true,\"valueName\":\"search_term_string\"}}],\"inLanguage\":\"pt-BR\"},{\"@type\":\"Organization\",\"@id\":\"https:\/\/www.estrategiaconcursos.com.br\/blog\/#organization\",\"name\":\"Estrat\u00e9gia Concursos\",\"url\":\"https:\/\/www.estrategiaconcursos.com.br\/blog\/\",\"logo\":{\"@type\":\"ImageObject\",\"inLanguage\":\"pt-BR\",\"@id\":\"https:\/\/www.estrategiaconcursos.com.br\/blog\/#\/schema\/logo\/image\/\",\"url\":\"https:\/\/dhg1h5j42swfq.cloudfront.net\/2025\/06\/03203428\/logo_concursos-1.jpg\",\"contentUrl\":\"https:\/\/dhg1h5j42swfq.cloudfront.net\/2025\/06\/03203428\/logo_concursos-1.jpg\",\"width\":230,\"height\":60,\"caption\":\"Estrat\u00e9gia Concursos\"},\"image\":{\"@id\":\"https:\/\/www.estrategiaconcursos.com.br\/blog\/#\/schema\/logo\/image\/\"},\"sameAs\":[\"https:\/\/x.com\/EstratConcursos\"]},{\"@type\":\"Person\",\"@id\":\"https:\/\/www.estrategiaconcursos.com.br\/blog\/#\/schema\/person\/399990d02336f200766707b881aee98f\",\"name\":\"Daniela Santos Nascimento\",\"image\":{\"@type\":\"ImageObject\",\"inLanguage\":\"pt-BR\",\"@id\":\"https:\/\/secure.gravatar.com\/avatar\/7f343622ad121e2893832a8c76808be436bdfcbf2f7d696174c94ecd84f2384a?s=96&d=mm&r=g\",\"url\":\"https:\/\/secure.gravatar.com\/avatar\/7f343622ad121e2893832a8c76808be436bdfcbf2f7d696174c94ecd84f2384a?s=96&d=mm&r=g\",\"contentUrl\":\"https:\/\/secure.gravatar.com\/avatar\/7f343622ad121e2893832a8c76808be436bdfcbf2f7d696174c94ecd84f2384a?s=96&d=mm&r=g\",\"caption\":\"Daniela Santos Nascimento\"},\"url\":\"https:\/\/www.estrategiaconcursos.com.br\/blog\/author\/daniela-nascimentoestrategia-com\/\"}]}<\/script>\n<!-- \/ Yoast SEO Premium plugin. -->","yoast_head_json":{"title":"Concurso TSE unificado: saiba informa\u00e7\u00f5es sobre o \u00faltimo edital!","description":"Concurso TSE Unificado: confira os detalhes sobre o \u00faltimo edital centralizado publicado pelo \u00f3rg\u00e3o aqui no site do Estrat\u00e9gia!","robots":{"index":"index","follow":"follow","max-snippet":"max-snippet:-1","max-image-preview":"max-image-preview:large","max-video-preview":"max-video-preview:-1"},"canonical":"https:\/\/www.estrategiaconcursos.com.br\/blog\/concurso-tse-unificado-ultimo-edital\/","og_locale":"pt_BR","og_type":"article","og_title":"Concurso TSE unificado: saiba informa\u00e7\u00f5es sobre o \u00faltimo edital!","og_description":"Concurso TSE Unificado: confira os detalhes sobre o \u00faltimo edital centralizado publicado pelo \u00f3rg\u00e3o aqui no site do Estrat\u00e9gia!","og_url":"https:\/\/www.estrategiaconcursos.com.br\/blog\/concurso-tse-unificado-ultimo-edital\/","og_site_name":"Estrat\u00e9gia Concursos","article_published_time":"2022-07-22T21:18:00+00:00","og_image":[{"width":1024,"height":554,"url":"https:\/\/dhg1h5j42swfq.cloudfront.net\/2019\/03\/25013203\/tse.jpg","type":"image\/jpeg"}],"author":"Daniela Santos Nascimento","twitter_card":"summary_large_image","twitter_creator":"@EstratConcursos","twitter_site":"@EstratConcursos","twitter_misc":{"Escrito por":"Daniela Santos Nascimento","Est. tempo de leitura":"4 minutos"},"schema":{"@context":"https:\/\/schema.org","@graph":[{"@type":"NewsArticle","@id":"https:\/\/www.estrategiaconcursos.com.br\/blog\/concurso-tse-unificado-ultimo-edital\/#article","isPartOf":{"@id":"https:\/\/www.estrategiaconcursos.com.br\/blog\/concurso-tse-unificado-ultimo-edital\/"},"author":{"name":"Daniela Santos Nascimento","@id":"https:\/\/www.estrategiaconcursos.com.br\/blog\/#\/schema\/person\/399990d02336f200766707b881aee98f"},"headline":"Concurso TSE unificado: saiba informa\u00e7\u00f5es sobre o \u00faltimo edital!","datePublished":"2022-07-22T21:18:00+00:00","mainEntityOfPage":{"@id":"https:\/\/www.estrategiaconcursos.com.br\/blog\/concurso-tse-unificado-ultimo-edital\/"},"wordCount":629,"commentCount":0,"publisher":{"@id":"https:\/\/www.estrategiaconcursos.com.br\/blog\/#organization"},"image":{"@id":"https:\/\/www.estrategiaconcursos.com.br\/blog\/concurso-tse-unificado-ultimo-edital\/#primaryimage"},"thumbnailUrl":"https:\/\/dhg1h5j42swfq.cloudfront.net\/2019\/03\/25013203\/tse.jpg","articleSection":["Tribunais","\u00daltimas not\u00edcias"],"inLanguage":"pt-BR","potentialAction":[{"@type":"CommentAction","name":"Comment","target":["https:\/\/www.estrategiaconcursos.com.br\/blog\/concurso-tse-unificado-ultimo-edital\/#respond"]}],"copyrightYear":"2022","copyrightHolder":{"@id":"https:\/\/www.estrategiaconcursos.com.br\/blog\/#organization"}},{"@type":"WebPage","@id":"https:\/\/www.estrategiaconcursos.com.br\/blog\/concurso-tse-unificado-ultimo-edital\/","url":"https:\/\/www.estrategiaconcursos.com.br\/blog\/concurso-tse-unificado-ultimo-edital\/","name":"Concurso TSE unificado: saiba informa\u00e7\u00f5es sobre o \u00faltimo edital!","isPartOf":{"@id":"https:\/\/www.estrategiaconcursos.com.br\/blog\/#website"},"primaryImageOfPage":{"@id":"https:\/\/www.estrategiaconcursos.com.br\/blog\/concurso-tse-unificado-ultimo-edital\/#primaryimage"},"image":{"@id":"https:\/\/www.estrategiaconcursos.com.br\/blog\/concurso-tse-unificado-ultimo-edital\/#primaryimage"},"thumbnailUrl":"https:\/\/dhg1h5j42swfq.cloudfront.net\/2019\/03\/25013203\/tse.jpg","datePublished":"2022-07-22T21:18:00+00:00","description":"Concurso TSE Unificado: confira os detalhes sobre o \u00faltimo edital centralizado publicado pelo \u00f3rg\u00e3o aqui no site do Estrat\u00e9gia!","breadcrumb":{"@id":"https:\/\/www.estrategiaconcursos.com.br\/blog\/concurso-tse-unificado-ultimo-edital\/#breadcrumb"},"inLanguage":"pt-BR","potentialAction":[{"@type":"ReadAction","target":["https:\/\/www.estrategiaconcursos.com.br\/blog\/concurso-tse-unificado-ultimo-edital\/"]}]},{"@type":"ImageObject","inLanguage":"pt-BR","@id":"https:\/\/www.estrategiaconcursos.com.br\/blog\/concurso-tse-unificado-ultimo-edital\/#primaryimage","url":"https:\/\/dhg1h5j42swfq.cloudfront.net\/2019\/03\/25013203\/tse.jpg","contentUrl":"https:\/\/dhg1h5j42swfq.cloudfront.net\/2019\/03\/25013203\/tse.jpg","width":1024,"height":554,"caption":"concurso tse"},{"@type":"BreadcrumbList","@id":"https:\/\/www.estrategiaconcursos.com.br\/blog\/concurso-tse-unificado-ultimo-edital\/#breadcrumb","itemListElement":[{"@type":"ListItem","position":1,"name":"In\u00edcio","item":"https:\/\/www.estrategiaconcursos.com.br\/blog\/"},{"@type":"ListItem","position":2,"name":"Concurso TSE unificado: saiba informa\u00e7\u00f5es sobre o \u00faltimo edital!"}]},{"@type":"WebSite","@id":"https:\/\/www.estrategiaconcursos.com.br\/blog\/#website","url":"https:\/\/www.estrategiaconcursos.com.br\/blog\/","name":"Estrat\u00e9gia Concursos","description":"O blog da Estrat\u00e9gia Concursos traz not\u00edcias sobre concursos e artigos de professores oferecendo cursos para concursos (pdf + videaulas) no site.","publisher":{"@id":"https:\/\/www.estrategiaconcursos.com.br\/blog\/#organization"},"potentialAction":[{"@type":"SearchAction","target":{"@type":"EntryPoint","urlTemplate":"https:\/\/www.estrategiaconcursos.com.br\/blog\/?s={search_term_string}"},"query-input":{"@type":"PropertyValueSpecification","valueRequired":true,"valueName":"search_term_string"}}],"inLanguage":"pt-BR"},{"@type":"Organization","@id":"https:\/\/www.estrategiaconcursos.com.br\/blog\/#organization","name":"Estrat\u00e9gia Concursos","url":"https:\/\/www.estrategiaconcursos.com.br\/blog\/","logo":{"@type":"ImageObject","inLanguage":"pt-BR","@id":"https:\/\/www.estrategiaconcursos.com.br\/blog\/#\/schema\/logo\/image\/","url":"https:\/\/dhg1h5j42swfq.cloudfront.net\/2025\/06\/03203428\/logo_concursos-1.jpg","contentUrl":"https:\/\/dhg1h5j42swfq.cloudfront.net\/2025\/06\/03203428\/logo_concursos-1.jpg","width":230,"height":60,"caption":"Estrat\u00e9gia Concursos"},"image":{"@id":"https:\/\/www.estrategiaconcursos.com.br\/blog\/#\/schema\/logo\/image\/"},"sameAs":["https:\/\/x.com\/EstratConcursos"]},{"@type":"Person","@id":"https:\/\/www.estrategiaconcursos.com.br\/blog\/#\/schema\/person\/399990d02336f200766707b881aee98f","name":"Daniela Santos Nascimento","image":{"@type":"ImageObject","inLanguage":"pt-BR","@id":"https:\/\/secure.gravatar.com\/avatar\/7f343622ad121e2893832a8c76808be436bdfcbf2f7d696174c94ecd84f2384a?s=96&d=mm&r=g","url":"https:\/\/secure.gravatar.com\/avatar\/7f343622ad121e2893832a8c76808be436bdfcbf2f7d696174c94ecd84f2384a?s=96&d=mm&r=g","contentUrl":"https:\/\/secure.gravatar.com\/avatar\/7f343622ad121e2893832a8c76808be436bdfcbf2f7d696174c94ecd84f2384a?s=96&d=mm&r=g","caption":"Daniela Santos Nascimento"},"url":"https:\/\/www.estrategiaconcursos.com.br\/blog\/author\/daniela-nascimentoestrategia-com\/"}]}},"_links":{"self":[{"href":"https:\/\/www.estrategiaconcursos.com.br\/blog\/wp-json\/wp\/v2\/posts\/1064309","targetHints":{"allow":["GET"]}}],"collection":[{"href":"https:\/\/www.estrategiaconcursos.com.br\/blog\/wp-json\/wp\/v2\/posts"}],"about":[{"href":"https:\/\/www.estrategiaconcursos.com.br\/blog\/wp-json\/wp\/v2\/types\/post"}],"author":[{"embeddable":true,"href":"https:\/\/www.estrategiaconcursos.com.br\/blog\/wp-json\/wp\/v2\/users\/2402"}],"replies":[{"embeddable":true,"href":"https:\/\/www.estrategiaconcursos.com.br\/blog\/wp-json\/wp\/v2\/comments?post=1064309"}],"version-history":[{"count":9,"href":"https:\/\/www.estrategiaconcursos.com.br\/blog\/wp-json\/wp\/v2\/posts\/1064309\/revisions"}],"predecessor-version":[{"id":1064675,"href":"https:\/\/www.estrategiaconcursos.com.br\/blog\/wp-json\/wp\/v2\/posts\/1064309\/revisions\/1064675"}],"wp:featuredmedia":[{"embeddable":true,"href":"https:\/\/www.estrategiaconcursos.com.br\/blog\/wp-json\/wp\/v2\/media\/173801"}],"wp:attachment":[{"href":"https:\/\/www.estrategiaconcursos.com.br\/blog\/wp-json\/wp\/v2\/media?parent=1064309"}],"wp:term":[{"taxonomy":"category","embeddable":true,"href":"https:\/\/www.estrategiaconcursos.com.br\/blog\/wp-json\/wp\/v2\/categories?post=1064309"},{"taxonomy":"post_tag","embeddable":true,"href":"https:\/\/www.estrategiaconcursos.com.br\/blog\/wp-json\/wp\/v2\/tags?post=1064309"},{"taxonomy":"tax_estado","embeddable":true,"href":"https:\/\/www.estrategiaconcursos.com.br\/blog\/wp-json\/wp\/v2\/tax_estado?post=1064309"}],"curies":[{"name":"wp","href":"https:\/\/api.w.org\/{rel}","templated":true}]}}