{"id":1064140,"date":"2022-07-21T12:12:00","date_gmt":"2022-07-21T15:12:00","guid":{"rendered":"https:\/\/www.estrategiaconcursos.com.br\/blog\/?p=1064140"},"modified":"2022-07-20T16:11:27","modified_gmt":"2022-07-20T19:11:27","slug":"concurso-tse-unificado-tres-previstos","status":"publish","type":"post","link":"https:\/\/www.estrategiaconcursos.com.br\/blog\/concurso-tse-unificado-tres-previstos\/","title":{"rendered":"Concurso TSE unificado: confira os TREs previstos no edital!"},"content":{"rendered":"\n<p>Voc\u00ea que est\u00e1 interessado no concurso do Tribunal Superior Eleitoral (<strong>TSE<\/strong>) sabe quais os <strong>Tribunais Regionais Eleitorais<\/strong> (TREs) previstos no edital unificado?<\/p>\n\n\n\n<p>Os estudos preliminares para realiza\u00e7\u00e3o da nova sele\u00e7\u00e3o, de forma&nbsp;<strong>unificada<\/strong>, est\u00e3o em andamento e a publica\u00e7\u00e3o do edital est\u00e1 prevista para 2023.<\/p>\n\n\n\n<p>De acordo com a nota repassada pela assessoria do \u00f3rg\u00e3o, o&nbsp;<strong>concurso TSE Unificado<\/strong>&nbsp;est\u00e1 em fase de planejamento e levantamento do n\u00famero de vagas imediatas e do cadastro de reserva do pr\u00f3ximo certame.<\/p>\n\n\n\n<p>O edital ir\u00e1 contemplar <strong>Tribunais Regionais Eleitorais<\/strong> (TRes) de forma centralizada e j\u00e1 conta com o pedido de participa\u00e7\u00e3o de, pelo menos, 12 \u00f3rg\u00e3os.<\/p>\n\n\n\n<p>De acordo com a <a href=\"https:\/\/www.tse.jus.br\/legislacao\/compilada\/prt\/2022\/portaria-no-502-de-25-de-maio-de-2022\" target=\"_blank\" rel=\"noreferrer noopener\">Portaria 502, de 25 maio de 2022<\/a>, est\u00e3o autorizadas para provimento vagas para os cargos de <strong>T\u00e9cnico<\/strong> e <strong>Analista<\/strong> Judici\u00e1rio, de n\u00edveis m\u00e9dio e superior de escolaridade.<\/p>\n\n\n\n<h2 class=\"wp-block-heading\" id=\"h-concurso-tse-unificado-tres-previstos\">Concurso TSE Unificado: TREs previstos<\/h2>\n\n\n\n<p>At\u00e9 o momento,&nbsp;<strong>12 Tribunais Regionais Eleitorais<\/strong>&nbsp;j\u00e1 demonstraram interesse no edital unificado promovido pelo Tribunal Superior Eleitoral (TSE). S\u00e3o eles:&nbsp;<\/p>\n\n\n\n<ul class=\"wp-block-list\"><li><strong><a href=\"https:\/\/www.estrategiaconcursos.com.br\/blog\/concurso-tre-sc\/\" target=\"_blank\" rel=\"noreferrer noopener\">TRE SC<\/a><\/strong> &#8211; 05 vagas autorizadas<\/li><li><strong><a href=\"https:\/\/www.estrategiaconcursos.com.br\/blog\/concurso-tre-PI\/\" target=\"_blank\" rel=\"noreferrer noopener\">TRE PI<\/a><\/strong> &#8211; 03 vagas autorizadas<\/li><li><strong><a href=\"https:\/\/www.estrategiaconcursos.com.br\/blog\/concurso-tre-ce\/\" target=\"_blank\" rel=\"noreferrer noopener\">TRE CE<\/a><\/strong> &#8211; 04 vagas autorizadas<\/li><li><strong><a href=\"https:\/\/www.estrategiaconcursos.com.br\/blog\/concurso-tre-rj\/\" target=\"_blank\" rel=\"noreferrer noopener\">TRE RJ<\/a><\/strong> &#8211; 13 vagas autorizadas<\/li><li><strong><a href=\"https:\/\/www.estrategiaconcursos.com.br\/blog\/concurso-tre-mt\/\" target=\"_blank\" rel=\"noreferrer noopener\">TRE MT<\/a><\/strong> &#8211; 05 vagas autorizadas<\/li><li><strong><a href=\"https:\/\/www.estrategiaconcursos.com.br\/blog\/concurso-tre-sp\/\" target=\"_blank\" rel=\"noreferrer noopener\">TRE SP<\/a><\/strong> &#8211; n\u00e3o divulgado autorizadas<\/li><li><strong><a href=\"https:\/\/www.estrategiaconcursos.com.br\/blog\/concurso-tre-to-3\/\" target=\"_blank\" rel=\"noreferrer noopener\">TRE TO<\/a><\/strong> &#8211; 03 vagas autorizadas<\/li><li><strong><a href=\"https:\/\/www.estrategiaconcursos.com.br\/blog\/concurso-tre-se\/\" target=\"_blank\" rel=\"noreferrer noopener\">TRE SE<\/a><\/strong> &#8211; 04 vagas autorizadas<\/li><li><strong><a href=\"https:\/\/www.estrategiaconcursos.com.br\/blog\/concurso-tre-pb\/\" target=\"_blank\" rel=\"noreferrer noopener\">TRE PB<\/a><\/strong> &#8211; 04 vagas autorizadas<\/li><li><strong><a href=\"https:\/\/www.estrategiaconcursos.com.br\/blog\/concurso-tre-ms\/\" target=\"_blank\" rel=\"noreferrer noopener\">TRE MS<\/a><\/strong> &#8211; 05 vagas autorizadas<\/li><li><strong><a href=\"https:\/\/www.estrategiaconcursos.com.br\/blog\/concurso-tre-go\/\">TRE GO<\/a><\/strong> &#8211; 07 vagas autorizadas<\/li><li><strong><a href=\"https:\/\/www.estrategiaconcursos.com.br\/blog\/concurso-tre-mg\/\" target=\"_blank\" rel=\"noreferrer noopener\">TRE MG<\/a><\/strong> &#8211; 32 vagas autorizadas<\/li><\/ul>\n\n\n\n<p>Vale lembrar que este n\u00e3o ser\u00e1 o primeiro concurso unificado realizado pelo TSE, em 2007 o \u00f3rg\u00e3o publicou um edital destinado ao preenchimento de vagas no TRE RJ, TRE RO, TRE AC e TRE RR. <\/p>\n\n\n\n<p>Na \u00e9poca 190 mil candidatos se inscreveram para o concurso p\u00fablico unificado do Tribunal Superior Eleitoral (TSE) e dos tribunais eleitorais.<\/p>\n\n\n\n<p>Quer ficar por dentro de todas as atualiza\u00e7\u00f5es e informa\u00e7\u00f5es sobre o <strong>concurso TSE Unificado<\/strong>? Preparamos um artigo completo para voc\u00ea!<\/p>\n\n\n\n<p class=\"has-text-align-center has-pale-cyan-blue-background-color has-background has-medium-font-size\"><strong>Saiba mais: <a href=\"https:\/\/www.estrategiaconcursos.com.br\/blog\/concurso-tse-unificado\/\" target=\"_blank\" rel=\"noreferrer noopener\">concurso TSE Unificado<\/a><\/strong><\/p>\n\n\n\n<h2 class=\"has-text-align-center wp-block-heading\" id=\"h-quer-saber-tudo-sobre-concursos-previstos-confira-nossos-artigos\">Quer saber tudo sobre concursos previstos?<br \/>Confira nossos artigos!<\/h2>\n\n\n\n<ul class=\"wp-block-list\"><li><a href=\"https:\/\/www.estrategiaconcursos.com.br\/blog\/concursos-abertos\/\" target=\"_blank\" rel=\"noreferrer noopener\">Concursos abertos<\/a><\/li><li><a href=\"https:\/\/www.estrategiaconcursos.com.br\/blog\/concursos-2022\/\" target=\"_blank\" rel=\"noreferrer noopener\">Concursos 2022<\/a><\/li><li><a href=\"https:\/\/www.estrategiaconcursos.com.br\/blog\/concursos-2023\/\" target=\"_blank\" rel=\"noreferrer noopener\">Concursos 2023<\/a><\/li><\/ul>\n\n\n\n<h2 class=\"has-text-align-center wp-block-heading\" id=\"cursos-assinatura\"><br \/><strong>Quer estudar para o concurso TSE Unificado?<\/strong><\/h2>\n\n\n\n<div class=\"container\" id=\"boxes\">\n  <div class=\"row\">\n\n    <div class=\"col-sm\">\n      <div class=\"banner-tribunal\" id=\"box-assinatura\">\n        <h3 class=\"titulo-assinatura\">Curso TSE<\/h3>\n        <p class=\"subtitulo-assinatura\">Conhe\u00e7a os cursos<\/p>\n        <div class=\"box-botao\">\n          <a class=\"btn-assinatura\" target=\"_blank\" href=\"https:\/\/www.estrategiaconcursos.com.br\/cursosPorConcurso\/tribunal-superior-eleitoral-tse-servidores\/\" role=\"button\" rel=\"noopener noreferrer\">Conhe\u00e7a mais<\/a>\n        <\/div>\n      <\/div>\n      <p class=\"texto-auxiliar\"><\/p>\n    <\/div>\n\n  <\/div>\n<\/div>\n\n\n\n<div class=\"container\" id=\"boxes\">\n  <div class=\"row\">\n\n    <div class=\"col-sm\">\n      <div class=\"estrategia\" id=\"box-assinatura\">\n        <h3 class=\"titulo-assinatura\">Assinatura Concursos<\/h3>\n        <p class=\"subtitulo-assinatura\">Assinatura de 1 ano ou 2 anos<\/p>\n        <div class=\"box-botao\">\n          <a class=\"btn-assinatura\" target=\"_blank\" href=\"https:\/\/www.estrategiaconcursos.com.br\/assinaturas\/\" role=\"button\" rel=\"noopener noreferrer\">ASSINE AGORA<\/a>\n        <\/div>\n      <\/div>\n     \n    <\/div><\/div><\/div>\n","protected":false},"excerpt":{"rendered":"<p>Voc\u00ea que est\u00e1 interessado no concurso do Tribunal Superior Eleitoral (TSE) sabe quais os Tribunais Regionais Eleitorais (TREs) previstos no edital unificado? Os estudos preliminares para realiza\u00e7\u00e3o da nova sele\u00e7\u00e3o, de forma&nbsp;unificada, est\u00e3o em andamento e a publica\u00e7\u00e3o do edital est\u00e1 prevista para 2023. De acordo com a nota repassada pela assessoria do \u00f3rg\u00e3o, o&nbsp;concurso [&hellip;]<\/p>\n","protected":false},"author":2402,"featured_media":173801,"comment_status":"open","ping_status":"closed","sticky":false,"template":"","format":"standard","meta":{"post_tipo":"article","footnotes":""},"categories":[1984,220219],"tags":[],"tax_estado":[219963],"class_list":["post-1064140","post","type-post","status-publish","format-standard","has-post-thumbnail","hentry","category-tribunais","category-noticias","tax_estado-concursos-federais"],"acf":[],"yoast_head":"<!-- This site is optimized with the Yoast SEO Premium plugin v27.2 (Yoast SEO v27.2) - https:\/\/yoast.com\/product\/yoast-seo-premium-wordpress\/ -->\n<title>Concurso TSE unificado: confira os TREs previstos no edital!<\/title>\n<meta name=\"description\" content=\"Concurso TSE Unificado: saiba quais os Tribunais Regionais Eleitorais (TREs) solicitaram participa\u00e7\u00e3o no edital unificado aqui no Estrat\u00e9gia!\" \/>\n<meta name=\"robots\" content=\"index, follow, max-snippet:-1, max-image-preview:large, max-video-preview:-1\" \/>\n<link rel=\"canonical\" href=\"https:\/\/www.estrategiaconcursos.com.br\/blog\/concurso-tse-unificado-tres-previstos\/\" \/>\n<meta property=\"og:locale\" content=\"pt_BR\" \/>\n<meta property=\"og:type\" content=\"article\" \/>\n<meta property=\"og:title\" content=\"Concurso TSE unificado: confira os TREs previstos no edital!\" \/>\n<meta property=\"og:description\" content=\"Concurso TSE Unificado: saiba quais os Tribunais Regionais Eleitorais (TREs) solicitaram participa\u00e7\u00e3o no edital unificado aqui no Estrat\u00e9gia!\" \/>\n<meta property=\"og:url\" content=\"https:\/\/www.estrategiaconcursos.com.br\/blog\/concurso-tse-unificado-tres-previstos\/\" \/>\n<meta property=\"og:site_name\" content=\"Estrat\u00e9gia Concursos\" \/>\n<meta property=\"article:published_time\" content=\"2022-07-21T15:12:00+00:00\" \/>\n<meta property=\"og:image\" content=\"https:\/\/dhg1h5j42swfq.cloudfront.net\/2019\/03\/25013203\/tse.jpg\" \/>\n\t<meta property=\"og:image:width\" content=\"1024\" \/>\n\t<meta property=\"og:image:height\" content=\"554\" \/>\n\t<meta property=\"og:image:type\" content=\"image\/jpeg\" \/>\n<meta name=\"author\" content=\"Daniela Santos Nascimento\" \/>\n<meta name=\"twitter:card\" content=\"summary_large_image\" \/>\n<meta name=\"twitter:creator\" content=\"@EstratConcursos\" \/>\n<meta name=\"twitter:site\" content=\"@EstratConcursos\" \/>\n<meta name=\"twitter:label1\" content=\"Escrito por\" \/>\n\t<meta name=\"twitter:data1\" content=\"Daniela Santos Nascimento\" \/>\n\t<meta name=\"twitter:label2\" content=\"Est. tempo de leitura\" \/>\n\t<meta name=\"twitter:data2\" content=\"2 minutos\" \/>\n<script type=\"application\/ld+json\" class=\"yoast-schema-graph\">{\"@context\":\"https:\/\/schema.org\",\"@graph\":[{\"@type\":\"NewsArticle\",\"@id\":\"https:\/\/www.estrategiaconcursos.com.br\/blog\/concurso-tse-unificado-tres-previstos\/#article\",\"isPartOf\":{\"@id\":\"https:\/\/www.estrategiaconcursos.com.br\/blog\/concurso-tse-unificado-tres-previstos\/\"},\"author\":{\"name\":\"Daniela Santos Nascimento\",\"@id\":\"https:\/\/www.estrategiaconcursos.com.br\/blog\/#\/schema\/person\/399990d02336f200766707b881aee98f\"},\"headline\":\"Concurso TSE unificado: confira os TREs previstos no edital!\",\"datePublished\":\"2022-07-21T15:12:00+00:00\",\"mainEntityOfPage\":{\"@id\":\"https:\/\/www.estrategiaconcursos.com.br\/blog\/concurso-tse-unificado-tres-previstos\/\"},\"wordCount\":369,\"commentCount\":0,\"publisher\":{\"@id\":\"https:\/\/www.estrategiaconcursos.com.br\/blog\/#organization\"},\"image\":{\"@id\":\"https:\/\/www.estrategiaconcursos.com.br\/blog\/concurso-tse-unificado-tres-previstos\/#primaryimage\"},\"thumbnailUrl\":\"https:\/\/dhg1h5j42swfq.cloudfront.net\/2019\/03\/25013203\/tse.jpg\",\"articleSection\":[\"Tribunais\",\"\u00daltimas not\u00edcias\"],\"inLanguage\":\"pt-BR\",\"potentialAction\":[{\"@type\":\"CommentAction\",\"name\":\"Comment\",\"target\":[\"https:\/\/www.estrategiaconcursos.com.br\/blog\/concurso-tse-unificado-tres-previstos\/#respond\"]}],\"copyrightYear\":\"2022\",\"copyrightHolder\":{\"@id\":\"https:\/\/www.estrategiaconcursos.com.br\/blog\/#organization\"}},{\"@type\":\"WebPage\",\"@id\":\"https:\/\/www.estrategiaconcursos.com.br\/blog\/concurso-tse-unificado-tres-previstos\/\",\"url\":\"https:\/\/www.estrategiaconcursos.com.br\/blog\/concurso-tse-unificado-tres-previstos\/\",\"name\":\"Concurso TSE unificado: confira os TREs previstos no edital!\",\"isPartOf\":{\"@id\":\"https:\/\/www.estrategiaconcursos.com.br\/blog\/#website\"},\"primaryImageOfPage\":{\"@id\":\"https:\/\/www.estrategiaconcursos.com.br\/blog\/concurso-tse-unificado-tres-previstos\/#primaryimage\"},\"image\":{\"@id\":\"https:\/\/www.estrategiaconcursos.com.br\/blog\/concurso-tse-unificado-tres-previstos\/#primaryimage\"},\"thumbnailUrl\":\"https:\/\/dhg1h5j42swfq.cloudfront.net\/2019\/03\/25013203\/tse.jpg\",\"datePublished\":\"2022-07-21T15:12:00+00:00\",\"description\":\"Concurso TSE Unificado: saiba quais os Tribunais Regionais Eleitorais (TREs) solicitaram participa\u00e7\u00e3o no edital unificado aqui no Estrat\u00e9gia!\",\"breadcrumb\":{\"@id\":\"https:\/\/www.estrategiaconcursos.com.br\/blog\/concurso-tse-unificado-tres-previstos\/#breadcrumb\"},\"inLanguage\":\"pt-BR\",\"potentialAction\":[{\"@type\":\"ReadAction\",\"target\":[\"https:\/\/www.estrategiaconcursos.com.br\/blog\/concurso-tse-unificado-tres-previstos\/\"]}]},{\"@type\":\"ImageObject\",\"inLanguage\":\"pt-BR\",\"@id\":\"https:\/\/www.estrategiaconcursos.com.br\/blog\/concurso-tse-unificado-tres-previstos\/#primaryimage\",\"url\":\"https:\/\/dhg1h5j42swfq.cloudfront.net\/2019\/03\/25013203\/tse.jpg\",\"contentUrl\":\"https:\/\/dhg1h5j42swfq.cloudfront.net\/2019\/03\/25013203\/tse.jpg\",\"width\":1024,\"height\":554,\"caption\":\"concurso tse\"},{\"@type\":\"BreadcrumbList\",\"@id\":\"https:\/\/www.estrategiaconcursos.com.br\/blog\/concurso-tse-unificado-tres-previstos\/#breadcrumb\",\"itemListElement\":[{\"@type\":\"ListItem\",\"position\":1,\"name\":\"In\u00edcio\",\"item\":\"https:\/\/www.estrategiaconcursos.com.br\/blog\/\"},{\"@type\":\"ListItem\",\"position\":2,\"name\":\"Concurso TSE unificado: confira os TREs previstos no edital!\"}]},{\"@type\":\"WebSite\",\"@id\":\"https:\/\/www.estrategiaconcursos.com.br\/blog\/#website\",\"url\":\"https:\/\/www.estrategiaconcursos.com.br\/blog\/\",\"name\":\"Estrat\u00e9gia Concursos\",\"description\":\"O blog da Estrat\u00e9gia Concursos traz not\u00edcias sobre concursos e artigos de professores oferecendo cursos para concursos (pdf + videaulas) no site.\",\"publisher\":{\"@id\":\"https:\/\/www.estrategiaconcursos.com.br\/blog\/#organization\"},\"potentialAction\":[{\"@type\":\"SearchAction\",\"target\":{\"@type\":\"EntryPoint\",\"urlTemplate\":\"https:\/\/www.estrategiaconcursos.com.br\/blog\/?s={search_term_string}\"},\"query-input\":{\"@type\":\"PropertyValueSpecification\",\"valueRequired\":true,\"valueName\":\"search_term_string\"}}],\"inLanguage\":\"pt-BR\"},{\"@type\":\"Organization\",\"@id\":\"https:\/\/www.estrategiaconcursos.com.br\/blog\/#organization\",\"name\":\"Estrat\u00e9gia Concursos\",\"url\":\"https:\/\/www.estrategiaconcursos.com.br\/blog\/\",\"logo\":{\"@type\":\"ImageObject\",\"inLanguage\":\"pt-BR\",\"@id\":\"https:\/\/www.estrategiaconcursos.com.br\/blog\/#\/schema\/logo\/image\/\",\"url\":\"https:\/\/dhg1h5j42swfq.cloudfront.net\/2025\/06\/03203428\/logo_concursos-1.jpg\",\"contentUrl\":\"https:\/\/dhg1h5j42swfq.cloudfront.net\/2025\/06\/03203428\/logo_concursos-1.jpg\",\"width\":230,\"height\":60,\"caption\":\"Estrat\u00e9gia Concursos\"},\"image\":{\"@id\":\"https:\/\/www.estrategiaconcursos.com.br\/blog\/#\/schema\/logo\/image\/\"},\"sameAs\":[\"https:\/\/x.com\/EstratConcursos\"]},{\"@type\":\"Person\",\"@id\":\"https:\/\/www.estrategiaconcursos.com.br\/blog\/#\/schema\/person\/399990d02336f200766707b881aee98f\",\"name\":\"Daniela Santos Nascimento\",\"image\":{\"@type\":\"ImageObject\",\"inLanguage\":\"pt-BR\",\"@id\":\"https:\/\/secure.gravatar.com\/avatar\/7f343622ad121e2893832a8c76808be436bdfcbf2f7d696174c94ecd84f2384a?s=96&d=mm&r=g\",\"url\":\"https:\/\/secure.gravatar.com\/avatar\/7f343622ad121e2893832a8c76808be436bdfcbf2f7d696174c94ecd84f2384a?s=96&d=mm&r=g\",\"contentUrl\":\"https:\/\/secure.gravatar.com\/avatar\/7f343622ad121e2893832a8c76808be436bdfcbf2f7d696174c94ecd84f2384a?s=96&d=mm&r=g\",\"caption\":\"Daniela Santos Nascimento\"},\"url\":\"https:\/\/www.estrategiaconcursos.com.br\/blog\/author\/daniela-nascimentoestrategia-com\/\"}]}<\/script>\n<!-- \/ Yoast SEO Premium plugin. -->","yoast_head_json":{"title":"Concurso TSE unificado: confira os TREs previstos no edital!","description":"Concurso TSE Unificado: saiba quais os Tribunais Regionais Eleitorais (TREs) solicitaram participa\u00e7\u00e3o no edital unificado aqui no Estrat\u00e9gia!","robots":{"index":"index","follow":"follow","max-snippet":"max-snippet:-1","max-image-preview":"max-image-preview:large","max-video-preview":"max-video-preview:-1"},"canonical":"https:\/\/www.estrategiaconcursos.com.br\/blog\/concurso-tse-unificado-tres-previstos\/","og_locale":"pt_BR","og_type":"article","og_title":"Concurso TSE unificado: confira os TREs previstos no edital!","og_description":"Concurso TSE Unificado: saiba quais os Tribunais Regionais Eleitorais (TREs) solicitaram participa\u00e7\u00e3o no edital unificado aqui no Estrat\u00e9gia!","og_url":"https:\/\/www.estrategiaconcursos.com.br\/blog\/concurso-tse-unificado-tres-previstos\/","og_site_name":"Estrat\u00e9gia Concursos","article_published_time":"2022-07-21T15:12:00+00:00","og_image":[{"width":1024,"height":554,"url":"https:\/\/dhg1h5j42swfq.cloudfront.net\/2019\/03\/25013203\/tse.jpg","type":"image\/jpeg"}],"author":"Daniela Santos Nascimento","twitter_card":"summary_large_image","twitter_creator":"@EstratConcursos","twitter_site":"@EstratConcursos","twitter_misc":{"Escrito por":"Daniela Santos Nascimento","Est. tempo de leitura":"2 minutos"},"schema":{"@context":"https:\/\/schema.org","@graph":[{"@type":"NewsArticle","@id":"https:\/\/www.estrategiaconcursos.com.br\/blog\/concurso-tse-unificado-tres-previstos\/#article","isPartOf":{"@id":"https:\/\/www.estrategiaconcursos.com.br\/blog\/concurso-tse-unificado-tres-previstos\/"},"author":{"name":"Daniela Santos Nascimento","@id":"https:\/\/www.estrategiaconcursos.com.br\/blog\/#\/schema\/person\/399990d02336f200766707b881aee98f"},"headline":"Concurso TSE unificado: confira os TREs previstos no edital!","datePublished":"2022-07-21T15:12:00+00:00","mainEntityOfPage":{"@id":"https:\/\/www.estrategiaconcursos.com.br\/blog\/concurso-tse-unificado-tres-previstos\/"},"wordCount":369,"commentCount":0,"publisher":{"@id":"https:\/\/www.estrategiaconcursos.com.br\/blog\/#organization"},"image":{"@id":"https:\/\/www.estrategiaconcursos.com.br\/blog\/concurso-tse-unificado-tres-previstos\/#primaryimage"},"thumbnailUrl":"https:\/\/dhg1h5j42swfq.cloudfront.net\/2019\/03\/25013203\/tse.jpg","articleSection":["Tribunais","\u00daltimas not\u00edcias"],"inLanguage":"pt-BR","potentialAction":[{"@type":"CommentAction","name":"Comment","target":["https:\/\/www.estrategiaconcursos.com.br\/blog\/concurso-tse-unificado-tres-previstos\/#respond"]}],"copyrightYear":"2022","copyrightHolder":{"@id":"https:\/\/www.estrategiaconcursos.com.br\/blog\/#organization"}},{"@type":"WebPage","@id":"https:\/\/www.estrategiaconcursos.com.br\/blog\/concurso-tse-unificado-tres-previstos\/","url":"https:\/\/www.estrategiaconcursos.com.br\/blog\/concurso-tse-unificado-tres-previstos\/","name":"Concurso TSE unificado: confira os TREs previstos no edital!","isPartOf":{"@id":"https:\/\/www.estrategiaconcursos.com.br\/blog\/#website"},"primaryImageOfPage":{"@id":"https:\/\/www.estrategiaconcursos.com.br\/blog\/concurso-tse-unificado-tres-previstos\/#primaryimage"},"image":{"@id":"https:\/\/www.estrategiaconcursos.com.br\/blog\/concurso-tse-unificado-tres-previstos\/#primaryimage"},"thumbnailUrl":"https:\/\/dhg1h5j42swfq.cloudfront.net\/2019\/03\/25013203\/tse.jpg","datePublished":"2022-07-21T15:12:00+00:00","description":"Concurso TSE Unificado: saiba quais os Tribunais Regionais Eleitorais (TREs) solicitaram participa\u00e7\u00e3o no edital unificado aqui no Estrat\u00e9gia!","breadcrumb":{"@id":"https:\/\/www.estrategiaconcursos.com.br\/blog\/concurso-tse-unificado-tres-previstos\/#breadcrumb"},"inLanguage":"pt-BR","potentialAction":[{"@type":"ReadAction","target":["https:\/\/www.estrategiaconcursos.com.br\/blog\/concurso-tse-unificado-tres-previstos\/"]}]},{"@type":"ImageObject","inLanguage":"pt-BR","@id":"https:\/\/www.estrategiaconcursos.com.br\/blog\/concurso-tse-unificado-tres-previstos\/#primaryimage","url":"https:\/\/dhg1h5j42swfq.cloudfront.net\/2019\/03\/25013203\/tse.jpg","contentUrl":"https:\/\/dhg1h5j42swfq.cloudfront.net\/2019\/03\/25013203\/tse.jpg","width":1024,"height":554,"caption":"concurso tse"},{"@type":"BreadcrumbList","@id":"https:\/\/www.estrategiaconcursos.com.br\/blog\/concurso-tse-unificado-tres-previstos\/#breadcrumb","itemListElement":[{"@type":"ListItem","position":1,"name":"In\u00edcio","item":"https:\/\/www.estrategiaconcursos.com.br\/blog\/"},{"@type":"ListItem","position":2,"name":"Concurso TSE unificado: confira os TREs previstos no edital!"}]},{"@type":"WebSite","@id":"https:\/\/www.estrategiaconcursos.com.br\/blog\/#website","url":"https:\/\/www.estrategiaconcursos.com.br\/blog\/","name":"Estrat\u00e9gia Concursos","description":"O blog da Estrat\u00e9gia Concursos traz not\u00edcias sobre concursos e artigos de professores oferecendo cursos para concursos (pdf + videaulas) no site.","publisher":{"@id":"https:\/\/www.estrategiaconcursos.com.br\/blog\/#organization"},"potentialAction":[{"@type":"SearchAction","target":{"@type":"EntryPoint","urlTemplate":"https:\/\/www.estrategiaconcursos.com.br\/blog\/?s={search_term_string}"},"query-input":{"@type":"PropertyValueSpecification","valueRequired":true,"valueName":"search_term_string"}}],"inLanguage":"pt-BR"},{"@type":"Organization","@id":"https:\/\/www.estrategiaconcursos.com.br\/blog\/#organization","name":"Estrat\u00e9gia Concursos","url":"https:\/\/www.estrategiaconcursos.com.br\/blog\/","logo":{"@type":"ImageObject","inLanguage":"pt-BR","@id":"https:\/\/www.estrategiaconcursos.com.br\/blog\/#\/schema\/logo\/image\/","url":"https:\/\/dhg1h5j42swfq.cloudfront.net\/2025\/06\/03203428\/logo_concursos-1.jpg","contentUrl":"https:\/\/dhg1h5j42swfq.cloudfront.net\/2025\/06\/03203428\/logo_concursos-1.jpg","width":230,"height":60,"caption":"Estrat\u00e9gia Concursos"},"image":{"@id":"https:\/\/www.estrategiaconcursos.com.br\/blog\/#\/schema\/logo\/image\/"},"sameAs":["https:\/\/x.com\/EstratConcursos"]},{"@type":"Person","@id":"https:\/\/www.estrategiaconcursos.com.br\/blog\/#\/schema\/person\/399990d02336f200766707b881aee98f","name":"Daniela Santos Nascimento","image":{"@type":"ImageObject","inLanguage":"pt-BR","@id":"https:\/\/secure.gravatar.com\/avatar\/7f343622ad121e2893832a8c76808be436bdfcbf2f7d696174c94ecd84f2384a?s=96&d=mm&r=g","url":"https:\/\/secure.gravatar.com\/avatar\/7f343622ad121e2893832a8c76808be436bdfcbf2f7d696174c94ecd84f2384a?s=96&d=mm&r=g","contentUrl":"https:\/\/secure.gravatar.com\/avatar\/7f343622ad121e2893832a8c76808be436bdfcbf2f7d696174c94ecd84f2384a?s=96&d=mm&r=g","caption":"Daniela Santos Nascimento"},"url":"https:\/\/www.estrategiaconcursos.com.br\/blog\/author\/daniela-nascimentoestrategia-com\/"}]}},"_links":{"self":[{"href":"https:\/\/www.estrategiaconcursos.com.br\/blog\/wp-json\/wp\/v2\/posts\/1064140","targetHints":{"allow":["GET"]}}],"collection":[{"href":"https:\/\/www.estrategiaconcursos.com.br\/blog\/wp-json\/wp\/v2\/posts"}],"about":[{"href":"https:\/\/www.estrategiaconcursos.com.br\/blog\/wp-json\/wp\/v2\/types\/post"}],"author":[{"embeddable":true,"href":"https:\/\/www.estrategiaconcursos.com.br\/blog\/wp-json\/wp\/v2\/users\/2402"}],"replies":[{"embeddable":true,"href":"https:\/\/www.estrategiaconcursos.com.br\/blog\/wp-json\/wp\/v2\/comments?post=1064140"}],"version-history":[{"count":4,"href":"https:\/\/www.estrategiaconcursos.com.br\/blog\/wp-json\/wp\/v2\/posts\/1064140\/revisions"}],"predecessor-version":[{"id":1064265,"href":"https:\/\/www.estrategiaconcursos.com.br\/blog\/wp-json\/wp\/v2\/posts\/1064140\/revisions\/1064265"}],"wp:featuredmedia":[{"embeddable":true,"href":"https:\/\/www.estrategiaconcursos.com.br\/blog\/wp-json\/wp\/v2\/media\/173801"}],"wp:attachment":[{"href":"https:\/\/www.estrategiaconcursos.com.br\/blog\/wp-json\/wp\/v2\/media?parent=1064140"}],"wp:term":[{"taxonomy":"category","embeddable":true,"href":"https:\/\/www.estrategiaconcursos.com.br\/blog\/wp-json\/wp\/v2\/categories?post=1064140"},{"taxonomy":"post_tag","embeddable":true,"href":"https:\/\/www.estrategiaconcursos.com.br\/blog\/wp-json\/wp\/v2\/tags?post=1064140"},{"taxonomy":"tax_estado","embeddable":true,"href":"https:\/\/www.estrategiaconcursos.com.br\/blog\/wp-json\/wp\/v2\/tax_estado?post=1064140"}],"curies":[{"name":"wp","href":"https:\/\/api.w.org\/{rel}","templated":true}]}}