{"id":1064090,"date":"2022-08-08T23:59:00","date_gmt":"2022-08-09T02:59:00","guid":{"rendered":"https:\/\/www.estrategiaconcursos.com.br\/blog\/?p=1064090"},"modified":"2022-08-09T10:35:10","modified_gmt":"2022-08-09T13:35:10","slug":"concurso-araucaria-pr-edital-publicado","status":"publish","type":"post","link":"https:\/\/www.estrategiaconcursos.com.br\/blog\/concurso-araucaria-pr-edital-publicado\/","title":{"rendered":"Edital Arauc\u00e1ria PR oferta vagas com sal\u00e1rios acima de R$ 5 mil"},"content":{"rendered":"\n<p>Voc\u00ea j\u00e1 pensou em morar em uma cidade riqu\u00edssima em belezas naturais, com&nbsp;agricultura forte e um polo industrial consolidado, bem como receber um sal\u00e1rio acima de <strong>R$ 5 mil e ter a qualidade de vida dos sonhos?<\/strong><\/p>\n\n\n\n<p>Essa \u00e9 a oportunidade na qual o edital do concurso Prefeitura de Arauc\u00e1ria (PR) oferece para voc\u00ea! A sele\u00e7\u00e3o oferta vagas que exigem n\u00edvel superior de forma\u00e7\u00e3o.<\/p>\n\n\n\n<p>Os cargos contemplados neste certame, s\u00e3o: Bi\u00f3logo, Engenheiro e M\u00e9dico (Geriatra e Infectologista), cujo sal\u00e1rios iniciais chegam a <strong>R$ 7.965,43<\/strong>.<\/p>\n\n\n\n<p>Aqueles interessados em participar do concurso puderam acessar o site da banca organizadora, a Funda\u00e7\u00e3o Fafipa, e se inscrever at\u00e9 o dia 08 de agosto. <\/p>\n\n\n\n<figure class=\"wp-block-image aligncenter size-large is-resized\"><img loading=\"lazy\" decoding=\"async\" src=\"https:\/\/dhg1h5j42swfq.cloudfront.net\/2022\/07\/20141503\/topo_3_17-1024x395.jpg\" alt=\"Cidade de Arauc\u00e1ria PR\" class=\"wp-image-1064163\" width=\"879\" height=\"339\" srcset=\"https:\/\/dhg1h5j42swfq.cloudfront.net\/2022\/07\/20141503\/topo_3_17-1024x395.jpg 1024w, https:\/\/dhg1h5j42swfq.cloudfront.net\/2022\/07\/20141503\/topo_3_17-300x116.jpg 300w, https:\/\/dhg1h5j42swfq.cloudfront.net\/2022\/07\/20141503\/topo_3_17-768x296.jpg 768w, https:\/\/dhg1h5j42swfq.cloudfront.net\/2022\/07\/20141503\/topo_3_17-610x235.jpg 610w, https:\/\/dhg1h5j42swfq.cloudfront.net\/2022\/07\/20141503\/topo_3_17-150x58.jpg 150w, https:\/\/dhg1h5j42swfq.cloudfront.net\/2022\/07\/20141503\/topo_3_17.jpg 1140w\" sizes=\"auto, (max-width: 879px) 100vw, 879px\" \/><figcaption>Cidade de Arauc\u00e1ria PR<\/figcaption><\/figure>\n\n\n\n<h2 class=\"wp-block-heading\" id=\"h-anote-as-principais-datas-do-edital-de-araucaria\">Anote as principais datas do edital de Arauc\u00e1ria:<\/h2>\n\n\n\n<ul class=\"wp-block-list\"><li><strong>Inscri\u00e7\u00f5es:<\/strong>&nbsp;<s>at\u00e9 08 de agosto<\/s><\/li><li><strong>Pagamento da taxa:<\/strong>&nbsp;at\u00e9 09 de agosto<\/li><li><strong>Provas:<\/strong>&nbsp;04 de setembro<\/li><\/ul>\n\n\n\n<h2 class=\"wp-block-heading\" id=\"cargos-vagas\">Edital de Arauc\u00e1ria: cargos e vagas<\/h2>\n\n\n\n<p>Conforme mencionado no in\u00edcio deste artigo, o edital do concurso Arauc\u00e1ria oferece vagas para quatro cargos, sendo eles:<\/p>\n\n\n\n<ul class=\"wp-block-list\"><li><strong>Bi\u00f3logo <\/strong>(01 vaga)<strong> &#8211;<\/strong> Sal\u00e1rio R$ 5.011,82<\/li><li><strong>Engenheiro Ambiental<\/strong> (01 vaga) &#8211; Sal\u00e1rio R$ 6.688,78 <\/li><li><strong>M\u00e9dico Geriatra<\/strong> (02 vagas) &#8211; Sal\u00e1rio R$ 4.143,29 + R$ 3.822,14 relativo a complemento de vencimentos m\u00e9dicos<\/li><li><strong>M\u00e9dico Infectologista<\/strong> (01 vaga) &#8211; Sal\u00e1rio R$ 4.143,29 + R$ 3.822,14 relativo a complemento de vencimentos m\u00e9dicos<\/li><\/ul>\n\n\n\n<p>Vale frisar que as fun\u00e7\u00f5es exigem n\u00edvel superior de forma\u00e7\u00e3o na \u00e1rea especifica. Os contratados ter\u00e3o que cumprir jornadas de 20 a 40 horas semanais. <\/p>\n\n\n\n<h2 class=\"wp-block-heading\" id=\"etapas\">Edital de Arauc\u00e1ria: etapas de provas<\/h2>\n\n\n\n<p>O edital do concurso Arauc\u00e1ria \u00e9 composto por duas importantes etapas, sendo a primeira de prova objetiva e a segunda de avalia\u00e7\u00e3o de t\u00edtulos. Veja os detalhes:<\/p>\n\n\n\n<ul class=\"wp-block-list\"><li><strong>Prova objetiva<\/strong>&nbsp;de car\u00e1ter eliminat\u00f3rio e classificat\u00f3rio para todos os cargos;<\/li><li><strong>Prova de t\u00edtulos&nbsp;<\/strong>de car\u00e1ter classificat\u00f3rio, estritamente para os cargos de Bi\u00f3logo e Engenheiro Ambiental.<\/li><\/ul>\n\n\n\n<h3 class=\"wp-block-heading\" id=\"objetiva\">Prova Objetiva<\/h3>\n\n\n\n<p>A prova objetiva ser\u00e1 realizada no dia 04 de setembro, no Munic\u00edpio de Arauc\u00e1ria e\/ou Curitiba, Estado do Paran\u00e1.<\/p>\n\n\n\n<p>Com dura\u00e7\u00e3o de&nbsp;tr\u00eas horas, a avalia\u00e7\u00e3o ser\u00e1 composta de&nbsp;40 quest\u00f5es&nbsp;de m\u00faltipla escolha, com 05 alternativas cada. O candidato dever\u00e1 obter nota igual ou superior a 50 pontos, numa escala de 0 a 100 pontos.<\/p>\n\n\n\n<ul class=\"wp-block-list\"><li>L\u00edngua Portuguesa<em>&nbsp;\u2013 10 quest\u00f5es, peso 2,00<\/em><\/li><li>Matem\u00e1tica&nbsp;<em>\u2013 05 quest\u00f5es, peso 2,00<\/em><\/li><li>Inform\u00e1tica&nbsp;<em>\u2013 05 quest\u00f5es, peso 2,00<\/em><\/li><li>Conhecimentos Espec\u00edficos&nbsp;<em>\u2013 20 quest\u00f5es, peso 3,00<\/em><\/li><\/ul>\n\n\n\n<h3 class=\"wp-block-heading\" id=\"titulos\">Avalia\u00e7\u00e3o de T\u00edtulos<\/h3>\n\n\n\n<p>A prova de t\u00edtulos ter\u00e1 o valor m\u00e1ximo de 10 pontos, ainda que a soma dos valores dos t\u00edtulos apresentados seja superior a este valor. Somente ser\u00e3o avaliados os t\u00edtulos em conformidade com a tabela abaixo:<\/p>\n\n\n\n<figure class=\"wp-block-image aligncenter\"><img loading=\"lazy\" decoding=\"async\" width=\"987\" height=\"267\" src=\"https:\/\/dhg1h5j42swfq.cloudfront.net\/2022\/07\/20113554\/image-224.png\" alt=\"Avalia\u00e7\u00e3o de t\u00edtulos do edital Arauc\u00e1ria \" class=\"wp-image-1064064\" srcset=\"https:\/\/dhg1h5j42swfq.cloudfront.net\/2022\/07\/20113554\/image-224.png 987w, https:\/\/dhg1h5j42swfq.cloudfront.net\/2022\/07\/20113554\/image-224-300x81.png 300w, https:\/\/dhg1h5j42swfq.cloudfront.net\/2022\/07\/20113554\/image-224-768x208.png 768w, https:\/\/dhg1h5j42swfq.cloudfront.net\/2022\/07\/20113554\/image-224-610x165.png 610w, https:\/\/dhg1h5j42swfq.cloudfront.net\/2022\/07\/20113554\/image-224-150x41.png 150w\" sizes=\"auto, (max-width: 987px) 100vw, 987px\" \/><\/figure>\n\n\n\n<p class=\"has-text-align-center has-background has-medium-font-size\" style=\"background-color:#eaedef\"><strong>Mais informa\u00e7\u00f5es: <a href=\"https:\/\/www.estrategiaconcursos.com.br\/blog\/concurso-prefeitura-de-araucaria-pr\/\" target=\"_blank\" rel=\"noreferrer noopener\">Concurso Arauc\u00e1ria<\/a><\/strong><\/p>\n\n\n\n<hr class=\"wp-block-separator has-css-opacity\"\/>\n\n\n\n<h2 class=\"has-text-align-center wp-block-heading\" id=\"cursos-assinatura\"><em>Quer estudar para o edital de Arauc\u00e1ria?<\/em><\/h2>\n\n\n\n<div class=\"container\" id=\"boxes\">\n  <div class=\"row\">\n\n    <div class=\"col-sm\">\n      <div class=\"banner-estrategia\" id=\"box-assinatura\">\n        <h3 class=\"titulo-assinatura\">Concurso Prefeitura de Arauc\u00e1ria<\/h3>\n        <p class=\"subtitulo-assinatura\">Estude conosco<\/p>\n        <div class=\"box-botao\">\n          <a class=\"btn-assinatura\" target=\"_blank\" href=\"https:\/\/www.estrategiaconcursos.com.br\/cursos\/\" role=\"button\" rel=\"noopener noreferrer\">Conhe\u00e7a os cursos<\/a>\n        <\/div>\n      <\/div>\n      \n    <\/div>\n\n  <\/div>\n<\/div>\n\n\n\n<div class=\"container\" id=\"boxes\">\n  <div class=\"row\">\n\n    <div class=\"col-sm\">\n      <div class=\"estrategia\" id=\"box-assinatura\">\n        <h3 class=\"titulo-assinatura\">Assinatura Concursos<\/h3>\n        <p class=\"subtitulo-assinatura\">Assinatura de 1 ano ou 2 anos<\/p>\n        <div class=\"box-botao\">\n          <a class=\"btn-assinatura\" target=\"_blank\" href=\"https:\/\/www.estrategiaconcursos.com.br\/assinaturas\/\" role=\"button\" rel=\"noopener noreferrer\">ASSINE AGORA<\/a>\n        <\/div>\n      <\/div><\/div><\/div><\/div>\n\n\n\n<h2 class=\"has-text-align-center wp-block-heading\" id=\"h-quer-saber-tudo-sobre-concursos-previstos-confira-nossos-artigos\">Quer saber tudo sobre concursos previstos?<br \/>Confira nossos artigos!<\/h2>\n\n\n\n<ul class=\"wp-block-list\"><li><a href=\"https:\/\/www.estrategiaconcursos.com.br\/blog\/concursos-abertos\/\" target=\"_blank\" rel=\"noreferrer noopener\">Concursos abertos<\/a><\/li><li><a href=\"https:\/\/www.estrategiaconcursos.com.br\/blog\/concursos-2022\/\" target=\"_blank\" rel=\"noreferrer noopener\">Concursos 2022<\/a><\/li><li><a href=\"https:\/\/www.estrategiaconcursos.com.br\/blog\/concursos-2023\/\" target=\"_blank\" rel=\"noreferrer noopener\">Concursos 2023<\/a><\/li><\/ul>\n\n\n\n<figure class=\"wp-block-image size-large is-resized\"><img loading=\"lazy\" decoding=\"async\" src=\"https:\/\/dhg1h5j42swfq.cloudfront.net\/2021\/08\/02092425\/ficha-tecnica-1024x632.png\" alt=\"Informa\u00e7\u00f5es do concurso Prefeitura de Arauc\u00e1ria - PR\" class=\"wp-image-826813\" width=\"220\" height=\"136\" srcset=\"https:\/\/dhg1h5j42swfq.cloudfront.net\/2021\/08\/02092425\/ficha-tecnica-1024x632.png 1024w, https:\/\/dhg1h5j42swfq.cloudfront.net\/2021\/08\/02092425\/ficha-tecnica-300x185.png 300w, https:\/\/dhg1h5j42swfq.cloudfront.net\/2021\/08\/02092425\/ficha-tecnica-768x474.png 768w, https:\/\/dhg1h5j42swfq.cloudfront.net\/2021\/08\/02092425\/ficha-tecnica-1536x948.png 1536w, https:\/\/dhg1h5j42swfq.cloudfront.net\/2021\/08\/02092425\/ficha-tecnica-610x377.png 610w, https:\/\/dhg1h5j42swfq.cloudfront.net\/2021\/08\/02092425\/ficha-tecnica.png 1571w\" sizes=\"auto, (max-width: 220px) 100vw, 220px\" \/><\/figure>\n\n\n\n<h3 class=\"wp-block-heading\" id=\"ficha\">Informa\u00e7\u00f5es do edital de Arauc\u00e1ria &#8211; PR<\/h3>\n\n\n\n<ul class=\"wp-block-list\"><li><strong>Data da prova: <\/strong>04\/09\/2022<\/li><li><strong style=\"color: initial;\">Vagas<\/strong><span style=\"color: initial;\">: <\/span>05<\/li><li><strong>Cargos<\/strong>: Bi\u00f3logo, Engenheiro e M\u00e9dico<\/li><li><strong>Banca<\/strong>: Funda\u00e7\u00e3o Unespar<\/li><li><strong>Escolaridade<\/strong>: N\u00edvel superior<\/li><li><strong>Edital<\/strong>: <a href=\"https:\/\/dhg1h5j42swfq.cloudfront.net\/2022\/07\/20112301\/246-edital-de-abertura-abertura-de-concurso-publico-pa-72627-2022.pdf\" target=\"_blank\" rel=\"noreferrer noopener nofollow\">Prefeitura de Arauc\u00e1ria<\/a><\/li><\/ul>\n","protected":false},"excerpt":{"rendered":"<p>Voc\u00ea j\u00e1 pensou em morar em uma cidade riqu\u00edssima em belezas naturais, com&nbsp;agricultura forte e um polo industrial consolidado, bem como receber um sal\u00e1rio acima de R$ 5 mil e ter a qualidade de vida dos sonhos? Essa \u00e9 a oportunidade na qual o edital do concurso Prefeitura de Arauc\u00e1ria (PR) oferece para voc\u00ea! A [&hellip;]<\/p>\n","protected":false},"author":656,"featured_media":1064147,"comment_status":"open","ping_status":"closed","sticky":false,"template":"","format":"standard","meta":{"post_tipo":"news","footnotes":""},"categories":[214992,220219],"tags":[],"tax_estado":[219981],"class_list":["post-1064090","post","type-post","status-publish","format-standard","has-post-thumbnail","hentry","category-concursos-administrativos","category-noticias","tax_estado-pr"],"acf":[],"yoast_head":"<!-- This site is optimized with the Yoast SEO Premium plugin v27.2 (Yoast SEO v27.2) - https:\/\/yoast.com\/product\/yoast-seo-premium-wordpress\/ -->\n<title>Edital Arauc\u00e1ria PR oferta vagas com sal\u00e1rios acima de R$ 5 mil<\/title>\n<meta name=\"description\" content=\"Edital de Arauc\u00e1ria oferta vagas com iniciais acima de R$ 5 mil. Cargos s\u00e3o de n\u00edvel superior. Inscri\u00e7\u00f5es encerradas e provas em setembro!\" \/>\n<meta name=\"robots\" content=\"index, follow, max-snippet:-1, max-image-preview:large, max-video-preview:-1\" \/>\n<link rel=\"canonical\" href=\"https:\/\/www.estrategiaconcursos.com.br\/blog\/concurso-araucaria-pr-edital-publicado\/\" \/>\n<meta property=\"og:locale\" content=\"pt_BR\" \/>\n<meta property=\"og:type\" content=\"article\" \/>\n<meta property=\"og:title\" content=\"Edital Arauc\u00e1ria PR oferta vagas com sal\u00e1rios acima de R$ 5 mil\" \/>\n<meta property=\"og:description\" content=\"Edital de Arauc\u00e1ria oferta vagas com iniciais acima de R$ 5 mil. Cargos s\u00e3o de n\u00edvel superior. Inscri\u00e7\u00f5es encerradas e provas em setembro!\" \/>\n<meta property=\"og:url\" content=\"https:\/\/www.estrategiaconcursos.com.br\/blog\/concurso-araucaria-pr-edital-publicado\/\" \/>\n<meta property=\"og:site_name\" content=\"Estrat\u00e9gia Concursos\" \/>\n<meta property=\"article:published_time\" content=\"2022-08-09T02:59:00+00:00\" \/>\n<meta property=\"article:modified_time\" content=\"2022-08-09T13:35:10+00:00\" \/>\n<meta property=\"og:image\" content=\"https:\/\/dhg1h5j42swfq.cloudfront.net\/2022\/07\/20133725\/prefeitura_de_aracuaria_pr.jpg\" \/>\n\t<meta property=\"og:image:width\" content=\"768\" \/>\n\t<meta property=\"og:image:height\" content=\"432\" \/>\n\t<meta property=\"og:image:type\" content=\"image\/jpeg\" \/>\n<meta name=\"author\" content=\"F\u00e1bio Scaldelai\" \/>\n<meta name=\"twitter:card\" content=\"summary_large_image\" \/>\n<meta name=\"twitter:creator\" content=\"@EstratConcursos\" \/>\n<meta name=\"twitter:site\" content=\"@EstratConcursos\" \/>\n<meta name=\"twitter:label1\" content=\"Escrito por\" \/>\n\t<meta name=\"twitter:data1\" content=\"F\u00e1bio Scaldelai\" \/>\n\t<meta name=\"twitter:label2\" content=\"Est. tempo de leitura\" \/>\n\t<meta name=\"twitter:data2\" content=\"4 minutos\" \/>\n<script type=\"application\/ld+json\" class=\"yoast-schema-graph\">{\"@context\":\"https:\/\/schema.org\",\"@graph\":[{\"@type\":\"NewsArticle\",\"@id\":\"https:\/\/www.estrategiaconcursos.com.br\/blog\/concurso-araucaria-pr-edital-publicado\/#article\",\"isPartOf\":{\"@id\":\"https:\/\/www.estrategiaconcursos.com.br\/blog\/concurso-araucaria-pr-edital-publicado\/\"},\"author\":{\"name\":\"F\u00e1bio Scaldelai\",\"@id\":\"https:\/\/www.estrategiaconcursos.com.br\/blog\/#\/schema\/person\/e3b6b7ce0192dd4ad270655969d61750\"},\"headline\":\"Edital Arauc\u00e1ria PR oferta vagas com sal\u00e1rios acima de R$ 5 mil\",\"datePublished\":\"2022-08-09T02:59:00+00:00\",\"dateModified\":\"2022-08-09T13:35:10+00:00\",\"mainEntityOfPage\":{\"@id\":\"https:\/\/www.estrategiaconcursos.com.br\/blog\/concurso-araucaria-pr-edital-publicado\/\"},\"wordCount\":547,\"commentCount\":0,\"publisher\":{\"@id\":\"https:\/\/www.estrategiaconcursos.com.br\/blog\/#organization\"},\"image\":{\"@id\":\"https:\/\/www.estrategiaconcursos.com.br\/blog\/concurso-araucaria-pr-edital-publicado\/#primaryimage\"},\"thumbnailUrl\":\"https:\/\/dhg1h5j42swfq.cloudfront.net\/2022\/07\/20133725\/prefeitura_de_aracuaria_pr.jpg\",\"articleSection\":[\"Executivo (Administrativa)\",\"\u00daltimas not\u00edcias\"],\"inLanguage\":\"pt-BR\",\"potentialAction\":[{\"@type\":\"CommentAction\",\"name\":\"Comment\",\"target\":[\"https:\/\/www.estrategiaconcursos.com.br\/blog\/concurso-araucaria-pr-edital-publicado\/#respond\"]}],\"copyrightYear\":\"2022\",\"copyrightHolder\":{\"@id\":\"https:\/\/www.estrategiaconcursos.com.br\/blog\/#organization\"}},{\"@type\":\"WebPage\",\"@id\":\"https:\/\/www.estrategiaconcursos.com.br\/blog\/concurso-araucaria-pr-edital-publicado\/\",\"url\":\"https:\/\/www.estrategiaconcursos.com.br\/blog\/concurso-araucaria-pr-edital-publicado\/\",\"name\":\"Edital Arauc\u00e1ria PR oferta vagas com sal\u00e1rios acima de R$ 5 mil\",\"isPartOf\":{\"@id\":\"https:\/\/www.estrategiaconcursos.com.br\/blog\/#website\"},\"primaryImageOfPage\":{\"@id\":\"https:\/\/www.estrategiaconcursos.com.br\/blog\/concurso-araucaria-pr-edital-publicado\/#primaryimage\"},\"image\":{\"@id\":\"https:\/\/www.estrategiaconcursos.com.br\/blog\/concurso-araucaria-pr-edital-publicado\/#primaryimage\"},\"thumbnailUrl\":\"https:\/\/dhg1h5j42swfq.cloudfront.net\/2022\/07\/20133725\/prefeitura_de_aracuaria_pr.jpg\",\"datePublished\":\"2022-08-09T02:59:00+00:00\",\"dateModified\":\"2022-08-09T13:35:10+00:00\",\"description\":\"Edital de Arauc\u00e1ria oferta vagas com iniciais acima de R$ 5 mil. Cargos s\u00e3o de n\u00edvel superior. Inscri\u00e7\u00f5es encerradas e provas em setembro!\",\"breadcrumb\":{\"@id\":\"https:\/\/www.estrategiaconcursos.com.br\/blog\/concurso-araucaria-pr-edital-publicado\/#breadcrumb\"},\"inLanguage\":\"pt-BR\",\"potentialAction\":[{\"@type\":\"ReadAction\",\"target\":[\"https:\/\/www.estrategiaconcursos.com.br\/blog\/concurso-araucaria-pr-edital-publicado\/\"]}]},{\"@type\":\"ImageObject\",\"inLanguage\":\"pt-BR\",\"@id\":\"https:\/\/www.estrategiaconcursos.com.br\/blog\/concurso-araucaria-pr-edital-publicado\/#primaryimage\",\"url\":\"https:\/\/dhg1h5j42swfq.cloudfront.net\/2022\/07\/20133725\/prefeitura_de_aracuaria_pr.jpg\",\"contentUrl\":\"https:\/\/dhg1h5j42swfq.cloudfront.net\/2022\/07\/20133725\/prefeitura_de_aracuaria_pr.jpg\",\"width\":768,\"height\":432},{\"@type\":\"BreadcrumbList\",\"@id\":\"https:\/\/www.estrategiaconcursos.com.br\/blog\/concurso-araucaria-pr-edital-publicado\/#breadcrumb\",\"itemListElement\":[{\"@type\":\"ListItem\",\"position\":1,\"name\":\"In\u00edcio\",\"item\":\"https:\/\/www.estrategiaconcursos.com.br\/blog\/\"},{\"@type\":\"ListItem\",\"position\":2,\"name\":\"Edital Arauc\u00e1ria PR oferta vagas com sal\u00e1rios acima de R$ 5 mil\"}]},{\"@type\":\"WebSite\",\"@id\":\"https:\/\/www.estrategiaconcursos.com.br\/blog\/#website\",\"url\":\"https:\/\/www.estrategiaconcursos.com.br\/blog\/\",\"name\":\"Estrat\u00e9gia Concursos\",\"description\":\"O blog da Estrat\u00e9gia Concursos traz not\u00edcias sobre concursos e artigos de professores oferecendo cursos para concursos (pdf + videaulas) no site.\",\"publisher\":{\"@id\":\"https:\/\/www.estrategiaconcursos.com.br\/blog\/#organization\"},\"potentialAction\":[{\"@type\":\"SearchAction\",\"target\":{\"@type\":\"EntryPoint\",\"urlTemplate\":\"https:\/\/www.estrategiaconcursos.com.br\/blog\/?s={search_term_string}\"},\"query-input\":{\"@type\":\"PropertyValueSpecification\",\"valueRequired\":true,\"valueName\":\"search_term_string\"}}],\"inLanguage\":\"pt-BR\"},{\"@type\":\"Organization\",\"@id\":\"https:\/\/www.estrategiaconcursos.com.br\/blog\/#organization\",\"name\":\"Estrat\u00e9gia Concursos\",\"url\":\"https:\/\/www.estrategiaconcursos.com.br\/blog\/\",\"logo\":{\"@type\":\"ImageObject\",\"inLanguage\":\"pt-BR\",\"@id\":\"https:\/\/www.estrategiaconcursos.com.br\/blog\/#\/schema\/logo\/image\/\",\"url\":\"https:\/\/dhg1h5j42swfq.cloudfront.net\/2025\/06\/03203428\/logo_concursos-1.jpg\",\"contentUrl\":\"https:\/\/dhg1h5j42swfq.cloudfront.net\/2025\/06\/03203428\/logo_concursos-1.jpg\",\"width\":230,\"height\":60,\"caption\":\"Estrat\u00e9gia Concursos\"},\"image\":{\"@id\":\"https:\/\/www.estrategiaconcursos.com.br\/blog\/#\/schema\/logo\/image\/\"},\"sameAs\":[\"https:\/\/x.com\/EstratConcursos\"]},{\"@type\":\"Person\",\"@id\":\"https:\/\/www.estrategiaconcursos.com.br\/blog\/#\/schema\/person\/e3b6b7ce0192dd4ad270655969d61750\",\"name\":\"F\u00e1bio Scaldelai\",\"image\":{\"@type\":\"ImageObject\",\"inLanguage\":\"pt-BR\",\"@id\":\"https:\/\/secure.gravatar.com\/avatar\/8ed7492c4d88d8495bc0cb24cda6847b8ae23eec459a919e08e77d0ca0fd79ec?s=96&d=mm&r=g\",\"url\":\"https:\/\/secure.gravatar.com\/avatar\/8ed7492c4d88d8495bc0cb24cda6847b8ae23eec459a919e08e77d0ca0fd79ec?s=96&d=mm&r=g\",\"contentUrl\":\"https:\/\/secure.gravatar.com\/avatar\/8ed7492c4d88d8495bc0cb24cda6847b8ae23eec459a919e08e77d0ca0fd79ec?s=96&d=mm&r=g\",\"caption\":\"F\u00e1bio Scaldelai\"},\"description\":\"Jornalista no Estrat\u00e9gia Concursos e Produtor de Televis\u00e3o, formado em Jornalismo, R\u00e1dio e TV pela Faculdade Integrada Rio Branco, com especializa\u00e7\u00f5es em Gest\u00e3o Empresarial e Marketing pelo M\u00f3dulo. Atuou como produtor no SBT, TV Bandeirantes e R\u00e1dio Band FM, al\u00e9m de acumular tr\u00eas anos de experi\u00eancia no setor de concursos p\u00fablicos pela LFG (Luiz Fl\u00e1vio Gomes). No Estrat\u00e9gia Concursos, atua na apura\u00e7\u00e3o de not\u00edcias da \u00e1rea fiscal, al\u00e9m de coberturas sobre concursos das \u00e1reas de controle (TCU, TCE, etc), concurso AFT, \u00e1rea de gest\u00e3o e administrativa, bem como dos \u00f3rg\u00e3os participantes do CNU. Tamb\u00e9m possui experi\u00eancia em link building e an\u00e1lise de m\u00eddia, adquirida durante sua atua\u00e7\u00e3o na ag\u00eancia SEO Marketing.\",\"url\":\"https:\/\/www.estrategiaconcursos.com.br\/blog\/author\/fabio-scaldelaiestrategiaconcursos-com-br\/\"}]}<\/script>\n<!-- \/ Yoast SEO Premium plugin. -->","yoast_head_json":{"title":"Edital Arauc\u00e1ria PR oferta vagas com sal\u00e1rios acima de R$ 5 mil","description":"Edital de Arauc\u00e1ria oferta vagas com iniciais acima de R$ 5 mil. Cargos s\u00e3o de n\u00edvel superior. Inscri\u00e7\u00f5es encerradas e provas em setembro!","robots":{"index":"index","follow":"follow","max-snippet":"max-snippet:-1","max-image-preview":"max-image-preview:large","max-video-preview":"max-video-preview:-1"},"canonical":"https:\/\/www.estrategiaconcursos.com.br\/blog\/concurso-araucaria-pr-edital-publicado\/","og_locale":"pt_BR","og_type":"article","og_title":"Edital Arauc\u00e1ria PR oferta vagas com sal\u00e1rios acima de R$ 5 mil","og_description":"Edital de Arauc\u00e1ria oferta vagas com iniciais acima de R$ 5 mil. Cargos s\u00e3o de n\u00edvel superior. Inscri\u00e7\u00f5es encerradas e provas em setembro!","og_url":"https:\/\/www.estrategiaconcursos.com.br\/blog\/concurso-araucaria-pr-edital-publicado\/","og_site_name":"Estrat\u00e9gia Concursos","article_published_time":"2022-08-09T02:59:00+00:00","article_modified_time":"2022-08-09T13:35:10+00:00","og_image":[{"width":768,"height":432,"url":"https:\/\/dhg1h5j42swfq.cloudfront.net\/2022\/07\/20133725\/prefeitura_de_aracuaria_pr.jpg","type":"image\/jpeg"}],"author":"F\u00e1bio Scaldelai","twitter_card":"summary_large_image","twitter_creator":"@EstratConcursos","twitter_site":"@EstratConcursos","twitter_misc":{"Escrito por":"F\u00e1bio Scaldelai","Est. tempo de leitura":"4 minutos"},"schema":{"@context":"https:\/\/schema.org","@graph":[{"@type":"NewsArticle","@id":"https:\/\/www.estrategiaconcursos.com.br\/blog\/concurso-araucaria-pr-edital-publicado\/#article","isPartOf":{"@id":"https:\/\/www.estrategiaconcursos.com.br\/blog\/concurso-araucaria-pr-edital-publicado\/"},"author":{"name":"F\u00e1bio Scaldelai","@id":"https:\/\/www.estrategiaconcursos.com.br\/blog\/#\/schema\/person\/e3b6b7ce0192dd4ad270655969d61750"},"headline":"Edital Arauc\u00e1ria PR oferta vagas com sal\u00e1rios acima de R$ 5 mil","datePublished":"2022-08-09T02:59:00+00:00","dateModified":"2022-08-09T13:35:10+00:00","mainEntityOfPage":{"@id":"https:\/\/www.estrategiaconcursos.com.br\/blog\/concurso-araucaria-pr-edital-publicado\/"},"wordCount":547,"commentCount":0,"publisher":{"@id":"https:\/\/www.estrategiaconcursos.com.br\/blog\/#organization"},"image":{"@id":"https:\/\/www.estrategiaconcursos.com.br\/blog\/concurso-araucaria-pr-edital-publicado\/#primaryimage"},"thumbnailUrl":"https:\/\/dhg1h5j42swfq.cloudfront.net\/2022\/07\/20133725\/prefeitura_de_aracuaria_pr.jpg","articleSection":["Executivo (Administrativa)","\u00daltimas not\u00edcias"],"inLanguage":"pt-BR","potentialAction":[{"@type":"CommentAction","name":"Comment","target":["https:\/\/www.estrategiaconcursos.com.br\/blog\/concurso-araucaria-pr-edital-publicado\/#respond"]}],"copyrightYear":"2022","copyrightHolder":{"@id":"https:\/\/www.estrategiaconcursos.com.br\/blog\/#organization"}},{"@type":"WebPage","@id":"https:\/\/www.estrategiaconcursos.com.br\/blog\/concurso-araucaria-pr-edital-publicado\/","url":"https:\/\/www.estrategiaconcursos.com.br\/blog\/concurso-araucaria-pr-edital-publicado\/","name":"Edital Arauc\u00e1ria PR oferta vagas com sal\u00e1rios acima de R$ 5 mil","isPartOf":{"@id":"https:\/\/www.estrategiaconcursos.com.br\/blog\/#website"},"primaryImageOfPage":{"@id":"https:\/\/www.estrategiaconcursos.com.br\/blog\/concurso-araucaria-pr-edital-publicado\/#primaryimage"},"image":{"@id":"https:\/\/www.estrategiaconcursos.com.br\/blog\/concurso-araucaria-pr-edital-publicado\/#primaryimage"},"thumbnailUrl":"https:\/\/dhg1h5j42swfq.cloudfront.net\/2022\/07\/20133725\/prefeitura_de_aracuaria_pr.jpg","datePublished":"2022-08-09T02:59:00+00:00","dateModified":"2022-08-09T13:35:10+00:00","description":"Edital de Arauc\u00e1ria oferta vagas com iniciais acima de R$ 5 mil. Cargos s\u00e3o de n\u00edvel superior. Inscri\u00e7\u00f5es encerradas e provas em setembro!","breadcrumb":{"@id":"https:\/\/www.estrategiaconcursos.com.br\/blog\/concurso-araucaria-pr-edital-publicado\/#breadcrumb"},"inLanguage":"pt-BR","potentialAction":[{"@type":"ReadAction","target":["https:\/\/www.estrategiaconcursos.com.br\/blog\/concurso-araucaria-pr-edital-publicado\/"]}]},{"@type":"ImageObject","inLanguage":"pt-BR","@id":"https:\/\/www.estrategiaconcursos.com.br\/blog\/concurso-araucaria-pr-edital-publicado\/#primaryimage","url":"https:\/\/dhg1h5j42swfq.cloudfront.net\/2022\/07\/20133725\/prefeitura_de_aracuaria_pr.jpg","contentUrl":"https:\/\/dhg1h5j42swfq.cloudfront.net\/2022\/07\/20133725\/prefeitura_de_aracuaria_pr.jpg","width":768,"height":432},{"@type":"BreadcrumbList","@id":"https:\/\/www.estrategiaconcursos.com.br\/blog\/concurso-araucaria-pr-edital-publicado\/#breadcrumb","itemListElement":[{"@type":"ListItem","position":1,"name":"In\u00edcio","item":"https:\/\/www.estrategiaconcursos.com.br\/blog\/"},{"@type":"ListItem","position":2,"name":"Edital Arauc\u00e1ria PR oferta vagas com sal\u00e1rios acima de R$ 5 mil"}]},{"@type":"WebSite","@id":"https:\/\/www.estrategiaconcursos.com.br\/blog\/#website","url":"https:\/\/www.estrategiaconcursos.com.br\/blog\/","name":"Estrat\u00e9gia Concursos","description":"O blog da Estrat\u00e9gia Concursos traz not\u00edcias sobre concursos e artigos de professores oferecendo cursos para concursos (pdf + videaulas) no site.","publisher":{"@id":"https:\/\/www.estrategiaconcursos.com.br\/blog\/#organization"},"potentialAction":[{"@type":"SearchAction","target":{"@type":"EntryPoint","urlTemplate":"https:\/\/www.estrategiaconcursos.com.br\/blog\/?s={search_term_string}"},"query-input":{"@type":"PropertyValueSpecification","valueRequired":true,"valueName":"search_term_string"}}],"inLanguage":"pt-BR"},{"@type":"Organization","@id":"https:\/\/www.estrategiaconcursos.com.br\/blog\/#organization","name":"Estrat\u00e9gia Concursos","url":"https:\/\/www.estrategiaconcursos.com.br\/blog\/","logo":{"@type":"ImageObject","inLanguage":"pt-BR","@id":"https:\/\/www.estrategiaconcursos.com.br\/blog\/#\/schema\/logo\/image\/","url":"https:\/\/dhg1h5j42swfq.cloudfront.net\/2025\/06\/03203428\/logo_concursos-1.jpg","contentUrl":"https:\/\/dhg1h5j42swfq.cloudfront.net\/2025\/06\/03203428\/logo_concursos-1.jpg","width":230,"height":60,"caption":"Estrat\u00e9gia Concursos"},"image":{"@id":"https:\/\/www.estrategiaconcursos.com.br\/blog\/#\/schema\/logo\/image\/"},"sameAs":["https:\/\/x.com\/EstratConcursos"]},{"@type":"Person","@id":"https:\/\/www.estrategiaconcursos.com.br\/blog\/#\/schema\/person\/e3b6b7ce0192dd4ad270655969d61750","name":"F\u00e1bio Scaldelai","image":{"@type":"ImageObject","inLanguage":"pt-BR","@id":"https:\/\/secure.gravatar.com\/avatar\/8ed7492c4d88d8495bc0cb24cda6847b8ae23eec459a919e08e77d0ca0fd79ec?s=96&d=mm&r=g","url":"https:\/\/secure.gravatar.com\/avatar\/8ed7492c4d88d8495bc0cb24cda6847b8ae23eec459a919e08e77d0ca0fd79ec?s=96&d=mm&r=g","contentUrl":"https:\/\/secure.gravatar.com\/avatar\/8ed7492c4d88d8495bc0cb24cda6847b8ae23eec459a919e08e77d0ca0fd79ec?s=96&d=mm&r=g","caption":"F\u00e1bio Scaldelai"},"description":"Jornalista no Estrat\u00e9gia Concursos e Produtor de Televis\u00e3o, formado em Jornalismo, R\u00e1dio e TV pela Faculdade Integrada Rio Branco, com especializa\u00e7\u00f5es em Gest\u00e3o Empresarial e Marketing pelo M\u00f3dulo. Atuou como produtor no SBT, TV Bandeirantes e R\u00e1dio Band FM, al\u00e9m de acumular tr\u00eas anos de experi\u00eancia no setor de concursos p\u00fablicos pela LFG (Luiz Fl\u00e1vio Gomes). No Estrat\u00e9gia Concursos, atua na apura\u00e7\u00e3o de not\u00edcias da \u00e1rea fiscal, al\u00e9m de coberturas sobre concursos das \u00e1reas de controle (TCU, TCE, etc), concurso AFT, \u00e1rea de gest\u00e3o e administrativa, bem como dos \u00f3rg\u00e3os participantes do CNU. Tamb\u00e9m possui experi\u00eancia em link building e an\u00e1lise de m\u00eddia, adquirida durante sua atua\u00e7\u00e3o na ag\u00eancia SEO Marketing.","url":"https:\/\/www.estrategiaconcursos.com.br\/blog\/author\/fabio-scaldelaiestrategiaconcursos-com-br\/"}]}},"_links":{"self":[{"href":"https:\/\/www.estrategiaconcursos.com.br\/blog\/wp-json\/wp\/v2\/posts\/1064090","targetHints":{"allow":["GET"]}}],"collection":[{"href":"https:\/\/www.estrategiaconcursos.com.br\/blog\/wp-json\/wp\/v2\/posts"}],"about":[{"href":"https:\/\/www.estrategiaconcursos.com.br\/blog\/wp-json\/wp\/v2\/types\/post"}],"author":[{"embeddable":true,"href":"https:\/\/www.estrategiaconcursos.com.br\/blog\/wp-json\/wp\/v2\/users\/656"}],"replies":[{"embeddable":true,"href":"https:\/\/www.estrategiaconcursos.com.br\/blog\/wp-json\/wp\/v2\/comments?post=1064090"}],"version-history":[{"count":18,"href":"https:\/\/www.estrategiaconcursos.com.br\/blog\/wp-json\/wp\/v2\/posts\/1064090\/revisions"}],"predecessor-version":[{"id":1074521,"href":"https:\/\/www.estrategiaconcursos.com.br\/blog\/wp-json\/wp\/v2\/posts\/1064090\/revisions\/1074521"}],"wp:featuredmedia":[{"embeddable":true,"href":"https:\/\/www.estrategiaconcursos.com.br\/blog\/wp-json\/wp\/v2\/media\/1064147"}],"wp:attachment":[{"href":"https:\/\/www.estrategiaconcursos.com.br\/blog\/wp-json\/wp\/v2\/media?parent=1064090"}],"wp:term":[{"taxonomy":"category","embeddable":true,"href":"https:\/\/www.estrategiaconcursos.com.br\/blog\/wp-json\/wp\/v2\/categories?post=1064090"},{"taxonomy":"post_tag","embeddable":true,"href":"https:\/\/www.estrategiaconcursos.com.br\/blog\/wp-json\/wp\/v2\/tags?post=1064090"},{"taxonomy":"tax_estado","embeddable":true,"href":"https:\/\/www.estrategiaconcursos.com.br\/blog\/wp-json\/wp\/v2\/tax_estado?post=1064090"}],"curies":[{"name":"wp","href":"https:\/\/api.w.org\/{rel}","templated":true}]}}