{"id":1063120,"date":"2022-07-18T19:57:31","date_gmt":"2022-07-18T22:57:31","guid":{"rendered":"https:\/\/www.estrategiaconcursos.com.br\/blog\/?p=1063120"},"modified":"2022-07-19T09:12:55","modified_gmt":"2022-07-19T12:12:55","slug":"concurso-trt-ma-banca","status":"publish","type":"post","link":"https:\/\/www.estrategiaconcursos.com.br\/blog\/concurso-trt-ma-banca\/","title":{"rendered":"Concurso TRT MA (16\u00aa regi\u00e3o): FGV \u00e9 a banca; edital iminente! Confira!"},"content":{"rendered":"\n<p>O novo concurso do <a href=\"https:\/\/www.estrategiaconcursos.com.br\/cursosPorConcurso\/trt-16-regiao-maranhao-250\/\" target=\"_blank\" rel=\"noreferrer noopener\">Tribunal Regional do Trabalho do Maranh\u00e3o da 16\u00aa regi\u00e3o<\/a>&nbsp;(<strong>concurso TRT MA<\/strong>) est\u00e1 com a banca definida, e a publica\u00e7\u00e3o do edital \u00e9 iminente! <\/p>\n\n\n\n<p>A Funda\u00e7\u00e3o Get\u00falio Vargas <strong>(FGV) <\/strong>ficar\u00e1 respons\u00e1vel por organizar o certame que deve oferecer vagas para cargos de n\u00edvel m\u00e9dio e superior. <\/p>\n\n\n\n<p>O contrato foi por dispensa de licita\u00e7\u00e3o e teve o extrato divulgado no fia 18 de julho por meio do Di\u00e1rio Oficial do \u00f3rg\u00e3o.<\/p>\n\n\n\n<p>Confira o extrato de contrato com a banca abaixo!<\/p>\n\n\n\n<div class=\"wp-block-image\"><figure class=\"aligncenter size-full\"><img loading=\"lazy\" decoding=\"async\" width=\"936\" height=\"202\" src=\"https:\/\/dhg1h5j42swfq.cloudfront.net\/2022\/07\/18194656\/image-10-1.png\" alt=\"Concurso TRT MA: FGV \u00e9 a banca\" class=\"wp-image-1063129\" srcset=\"https:\/\/dhg1h5j42swfq.cloudfront.net\/2022\/07\/18194656\/image-10-1.png 936w, https:\/\/dhg1h5j42swfq.cloudfront.net\/2022\/07\/18194656\/image-10-1-300x65.png 300w, https:\/\/dhg1h5j42swfq.cloudfront.net\/2022\/07\/18194656\/image-10-1-768x166.png 768w, https:\/\/dhg1h5j42swfq.cloudfront.net\/2022\/07\/18194656\/image-10-1-610x132.png 610w, https:\/\/dhg1h5j42swfq.cloudfront.net\/2022\/07\/18194656\/image-10-1-150x32.png 150w\" sizes=\"auto, (max-width: 936px) 100vw, 936px\" \/><figcaption>Concurso TRT MA: FGV \u00e9 a banca<\/figcaption><\/figure><\/div>\n\n\n\n<h3 class=\"wp-block-heading\" id=\"concurso-trt-ma-novas-vagas-previstas\">Concurso TRT MA: novas vagas previstas<\/h3>\n\n\n\n<p>O novo <strong>concurso TRT MA<\/strong> poder\u00e1 contemplar novas vagas al\u00e9m das 08 vagas previstas para a \u00e1rea de  <strong>Tecnologia da Informa\u00e7\u00e3o<\/strong>. O certame foi uma das pautas da Sess\u00e3o Administrativa Extraordin\u00e1ria do \u00f3rg\u00e3o, realizada no dia 15 de julho de 2022.<\/p>\n\n\n\n<p>A sele\u00e7\u00e3o para provimento de vagas imediatas e cadastro de reserva em diversos cargos e especialidades foi aprovada por unanimidade. <\/p>\n\n\n\n<p>Assim, as expectativas para que o novo edital do Tribunal Regional do Trabalho da 16\u00aa Regi\u00e3o oferte vagas em outras \u00e1reas est\u00e3o altas.<\/p>\n\n\n\n<h3 class=\"wp-block-heading\" id=\"remuneracao\">Remunera\u00e7\u00e3o do concurso TRT MA<\/h3>\n\n\n\n<p>O vencimento dos servidores dos Tribunais Regionais do Trabalho \u00e9 composto pelo vencimento b\u00e1sico mais a Gratifica\u00e7\u00e3o de Atividade Judici\u00e1ria (GAJ). O valor real pode ser ainda maior quando acrescido de outras gratifica\u00e7\u00f5es.<\/p>\n\n\n\n<p><em><strong>Analista Judici\u00e1rio<\/strong><\/em> <em><strong>do TRT MA<\/strong><\/em><\/p>\n\n\n\n<figure class=\"wp-block-table is-style-stripes\"><table class=\"has-background has-fixed-layout\" style=\"background-color:#e7f5fe\"><tbody><tr><td><strong>Padr\u00e3o\/Classe<\/strong><\/td><td><strong>Vencimento b\u00e1sico <\/strong><\/td><td><strong>GAJ<\/strong><\/td><td><strong>Total<\/strong><\/td><\/tr><tr><td><strong>Inicial <\/strong><\/td><td>R$ 5.189,71   <\/td><td>R$ 7.265,59 <\/td><td>R$ 12.455,30<\/td><\/tr><tr><td><strong>Final<\/strong><\/td><td>R$ 7.792,30 <\/td><td>R$ 10.909,22 <\/td><td>R$ 18.701,52\u202c<\/td><\/tr><\/tbody><\/table><\/figure>\n\n\n\n<p><em><strong>T\u00e9cnico Judici\u00e1rio<\/strong><\/em> <em><strong>do TRT MA<\/strong><\/em><\/p>\n\n\n\n<figure class=\"wp-block-table is-style-stripes\"><table class=\"has-background has-fixed-layout\" style=\"background-color:#e7f5fe\"><tbody><tr><td><strong>Padr\u00e3o\/Classe<\/strong><\/td><td><strong>Vencimento b\u00e1sico <\/strong><\/td><td><strong>GAJ<\/strong><\/td><td><strong>Total<\/strong><\/td><\/tr><tr><td><strong>Inicial <\/strong><\/td><td>R$ 3.163,07 <\/td><td>R$ 4.428,30 <\/td><td>R$ 7.591,37<\/td><\/tr><tr><td><strong>Final<\/strong><\/td><td>R$ 4.749,33 <\/td><td>R$ 6.649,06 <\/td><td>R$ 11.389,39 <\/td><\/tr><\/tbody><\/table><\/figure>\n\n\n\n<p>Al\u00e9m do vencimento, o servidor tamb\u00e9m podem receber os seguintes benef\u00edcios:<\/p>\n\n\n\n<ul class=\"wp-block-list\"><li>Aux\u00edlio-alimenta\u00e7\u00e3o: R$ 910,08 <\/li><li>Assist\u00eancia pr\u00e9-escolar: R$ 719,62 <\/li><li>Aux\u00edlio transporte: R$ 308,00 <\/li><li>Exames peri\u00f3dicos<\/li><li>Assist\u00eancia m\u00e9dica e odontol\u00f3gica: R$ 215,00 <\/li><\/ul>\n\n\n\n<p>Ficou interessado em saber mais informa\u00e7\u00f5es e atualiza\u00e7\u00f5es sobre o <strong>concurso TRT MA<\/strong>? Preparamos um artigo completo para voc\u00ea!<\/p>\n\n\n\n<p class=\"has-text-align-center has-pale-cyan-blue-background-color has-background has-medium-font-size\"><strong>Saiba mais: <a href=\"https:\/\/www.estrategiaconcursos.com.br\/blog\/concurso-trt-ma\/\" target=\"_blank\" rel=\"noreferrer noopener\">concurso TRT MA (16\u00aa regi\u00e3o)<\/a><\/strong><\/p>\n\n\n\n\n\n<h2 class=\"has-text-align-center wp-block-heading\" id=\"assinatura-e-cursos\"><strong>Quer estudar para o concurso TRT MA?<\/strong><\/h2>\n\n\n\n<div class=\"container\" id=\"boxes\">\n  <div class=\"row\">\n\n    <div class=\"col-sm\">\n      <div class=\"banner-tribunal\" id=\"box-assinatura\">\n        <h3 class=\"titulo-assinatura\">Cursos TRT MA<\/h3>\n        <p class=\"subtitulo-assinatura\">Conhe\u00e7a os cursos<\/p>\n        <div class=\"box-botao\">\n          <a class=\"btn-assinatura\" target=\"_blank\" href=\"https:\/\/www.estrategiaconcursos.com.br\/cursosPorConcurso\/trt-16-regiao-maranhao-250\/\" role=\"button\" rel=\"noopener noreferrer\">Conhe\u00e7a mais<\/a>\n        <\/div>\n      <\/div>\n      <p class=\"texto-auxiliar\"><\/p>\n    <\/div>\n\n  <\/div>\n<\/div>\n\n\n\n<div class=\"container\" id=\"boxes\">\n  <div class=\"row\">\n\n    <div class=\"col-sm\">\n      <div class=\"estrategia\" id=\"box-assinatura\">\n        <h3 class=\"titulo-assinatura\">Assinatura Concursos<\/h3>\n        <p class=\"subtitulo-assinatura\">Assinatura de 1 ano ou 2 anos<\/p>\n        <div class=\"box-botao\">\n          <a class=\"btn-assinatura\" target=\"_blank\" href=\"https:\/\/www.estrategiaconcursos.com.br\/assinaturas\/\" role=\"button\" rel=\"noopener noreferrer\">ASSINE AGORA<\/a>\n        <\/div>\n      <\/div>\n     \n    <\/div><\/div><\/div>\n","protected":false},"excerpt":{"rendered":"<p>O novo concurso do Tribunal Regional do Trabalho do Maranh\u00e3o da 16\u00aa regi\u00e3o&nbsp;(concurso TRT MA) est\u00e1 com a banca definida, e a publica\u00e7\u00e3o do edital \u00e9 iminente! A Funda\u00e7\u00e3o Get\u00falio Vargas (FGV) ficar\u00e1 respons\u00e1vel por organizar o certame que deve oferecer vagas para cargos de n\u00edvel m\u00e9dio e superior. O contrato foi por dispensa de [&hellip;]<\/p>\n","protected":false},"author":2402,"featured_media":1012417,"comment_status":"open","ping_status":"closed","sticky":false,"template":"","format":"standard","meta":{"post_tipo":"news","footnotes":""},"categories":[1984,220219],"tags":[],"tax_estado":[219973],"class_list":["post-1063120","post","type-post","status-publish","format-standard","has-post-thumbnail","hentry","category-tribunais","category-noticias","tax_estado-ma"],"acf":[],"yoast_head":"<!-- This site is optimized with the Yoast SEO Premium plugin v27.2 (Yoast SEO v27.2) - https:\/\/yoast.com\/product\/yoast-seo-premium-wordpress\/ -->\n<title>Concurso TRT MA (16\u00aa regi\u00e3o): FGV \u00e9 a banca; edital iminente! Confira!<\/title>\n<meta name=\"description\" content=\"Concurso TRT MA: banca definida para o novo certame do Tribunal da 16\u00aa regi\u00e3o; publica\u00e7\u00e3o do edital \u00e9 iminente. Confira os detalhes aqui!\" \/>\n<meta name=\"robots\" content=\"index, follow, max-snippet:-1, max-image-preview:large, max-video-preview:-1\" \/>\n<link rel=\"canonical\" href=\"https:\/\/www.estrategiaconcursos.com.br\/blog\/concurso-trt-ma-banca\/\" \/>\n<meta property=\"og:locale\" content=\"pt_BR\" \/>\n<meta property=\"og:type\" content=\"article\" \/>\n<meta property=\"og:title\" content=\"Concurso TRT MA (16\u00aa regi\u00e3o): FGV \u00e9 a banca; edital iminente! Confira!\" \/>\n<meta property=\"og:description\" content=\"Concurso TRT MA: banca definida para o novo certame do Tribunal da 16\u00aa regi\u00e3o; publica\u00e7\u00e3o do edital \u00e9 iminente. Confira os detalhes aqui!\" \/>\n<meta property=\"og:url\" content=\"https:\/\/www.estrategiaconcursos.com.br\/blog\/concurso-trt-ma-banca\/\" \/>\n<meta property=\"og:site_name\" content=\"Estrat\u00e9gia Concursos\" \/>\n<meta property=\"article:published_time\" content=\"2022-07-18T22:57:31+00:00\" \/>\n<meta property=\"article:modified_time\" content=\"2022-07-19T12:12:55+00:00\" \/>\n<meta property=\"og:image\" content=\"https:\/\/dhg1h5j42swfq.cloudfront.net\/2022\/04\/20145235\/concurso_trt_ma.jpeg\" \/>\n\t<meta property=\"og:image:width\" content=\"768\" \/>\n\t<meta property=\"og:image:height\" content=\"432\" \/>\n\t<meta property=\"og:image:type\" content=\"image\/jpeg\" \/>\n<meta name=\"author\" content=\"Daniela Santos Nascimento\" \/>\n<meta name=\"twitter:card\" content=\"summary_large_image\" \/>\n<meta name=\"twitter:creator\" content=\"@EstratConcursos\" \/>\n<meta name=\"twitter:site\" content=\"@EstratConcursos\" \/>\n<meta name=\"twitter:label1\" content=\"Escrito por\" \/>\n\t<meta name=\"twitter:data1\" content=\"Daniela Santos Nascimento\" \/>\n\t<meta name=\"twitter:label2\" content=\"Est. tempo de leitura\" \/>\n\t<meta name=\"twitter:data2\" content=\"3 minutos\" \/>\n<script type=\"application\/ld+json\" class=\"yoast-schema-graph\">{\"@context\":\"https:\/\/schema.org\",\"@graph\":[{\"@type\":\"NewsArticle\",\"@id\":\"https:\/\/www.estrategiaconcursos.com.br\/blog\/concurso-trt-ma-banca\/#article\",\"isPartOf\":{\"@id\":\"https:\/\/www.estrategiaconcursos.com.br\/blog\/concurso-trt-ma-banca\/\"},\"author\":{\"name\":\"Daniela Santos Nascimento\",\"@id\":\"https:\/\/www.estrategiaconcursos.com.br\/blog\/#\/schema\/person\/399990d02336f200766707b881aee98f\"},\"headline\":\"Concurso TRT MA (16\u00aa regi\u00e3o): FGV \u00e9 a banca; edital iminente! Confira!\",\"datePublished\":\"2022-07-18T22:57:31+00:00\",\"dateModified\":\"2022-07-19T12:12:55+00:00\",\"mainEntityOfPage\":{\"@id\":\"https:\/\/www.estrategiaconcursos.com.br\/blog\/concurso-trt-ma-banca\/\"},\"wordCount\":382,\"commentCount\":0,\"publisher\":{\"@id\":\"https:\/\/www.estrategiaconcursos.com.br\/blog\/#organization\"},\"image\":{\"@id\":\"https:\/\/www.estrategiaconcursos.com.br\/blog\/concurso-trt-ma-banca\/#primaryimage\"},\"thumbnailUrl\":\"https:\/\/dhg1h5j42swfq.cloudfront.net\/2022\/04\/20145235\/concurso_trt_ma.jpeg\",\"articleSection\":[\"Tribunais\",\"\u00daltimas not\u00edcias\"],\"inLanguage\":\"pt-BR\",\"potentialAction\":[{\"@type\":\"CommentAction\",\"name\":\"Comment\",\"target\":[\"https:\/\/www.estrategiaconcursos.com.br\/blog\/concurso-trt-ma-banca\/#respond\"]}],\"copyrightYear\":\"2022\",\"copyrightHolder\":{\"@id\":\"https:\/\/www.estrategiaconcursos.com.br\/blog\/#organization\"}},{\"@type\":\"WebPage\",\"@id\":\"https:\/\/www.estrategiaconcursos.com.br\/blog\/concurso-trt-ma-banca\/\",\"url\":\"https:\/\/www.estrategiaconcursos.com.br\/blog\/concurso-trt-ma-banca\/\",\"name\":\"Concurso TRT MA (16\u00aa regi\u00e3o): FGV \u00e9 a banca; edital iminente! Confira!\",\"isPartOf\":{\"@id\":\"https:\/\/www.estrategiaconcursos.com.br\/blog\/#website\"},\"primaryImageOfPage\":{\"@id\":\"https:\/\/www.estrategiaconcursos.com.br\/blog\/concurso-trt-ma-banca\/#primaryimage\"},\"image\":{\"@id\":\"https:\/\/www.estrategiaconcursos.com.br\/blog\/concurso-trt-ma-banca\/#primaryimage\"},\"thumbnailUrl\":\"https:\/\/dhg1h5j42swfq.cloudfront.net\/2022\/04\/20145235\/concurso_trt_ma.jpeg\",\"datePublished\":\"2022-07-18T22:57:31+00:00\",\"dateModified\":\"2022-07-19T12:12:55+00:00\",\"description\":\"Concurso TRT MA: banca definida para o novo certame do Tribunal da 16\u00aa regi\u00e3o; publica\u00e7\u00e3o do edital \u00e9 iminente. Confira os detalhes aqui!\",\"breadcrumb\":{\"@id\":\"https:\/\/www.estrategiaconcursos.com.br\/blog\/concurso-trt-ma-banca\/#breadcrumb\"},\"inLanguage\":\"pt-BR\",\"potentialAction\":[{\"@type\":\"ReadAction\",\"target\":[\"https:\/\/www.estrategiaconcursos.com.br\/blog\/concurso-trt-ma-banca\/\"]}]},{\"@type\":\"ImageObject\",\"inLanguage\":\"pt-BR\",\"@id\":\"https:\/\/www.estrategiaconcursos.com.br\/blog\/concurso-trt-ma-banca\/#primaryimage\",\"url\":\"https:\/\/dhg1h5j42swfq.cloudfront.net\/2022\/04\/20145235\/concurso_trt_ma.jpeg\",\"contentUrl\":\"https:\/\/dhg1h5j42swfq.cloudfront.net\/2022\/04\/20145235\/concurso_trt_ma.jpeg\",\"width\":768,\"height\":432,\"caption\":\"concurso trt ma\"},{\"@type\":\"BreadcrumbList\",\"@id\":\"https:\/\/www.estrategiaconcursos.com.br\/blog\/concurso-trt-ma-banca\/#breadcrumb\",\"itemListElement\":[{\"@type\":\"ListItem\",\"position\":1,\"name\":\"In\u00edcio\",\"item\":\"https:\/\/www.estrategiaconcursos.com.br\/blog\/\"},{\"@type\":\"ListItem\",\"position\":2,\"name\":\"Concurso TRT MA (16\u00aa regi\u00e3o): FGV \u00e9 a banca; edital iminente! Confira!\"}]},{\"@type\":\"WebSite\",\"@id\":\"https:\/\/www.estrategiaconcursos.com.br\/blog\/#website\",\"url\":\"https:\/\/www.estrategiaconcursos.com.br\/blog\/\",\"name\":\"Estrat\u00e9gia Concursos\",\"description\":\"O blog da Estrat\u00e9gia Concursos traz not\u00edcias sobre concursos e artigos de professores oferecendo cursos para concursos (pdf + videaulas) no site.\",\"publisher\":{\"@id\":\"https:\/\/www.estrategiaconcursos.com.br\/blog\/#organization\"},\"potentialAction\":[{\"@type\":\"SearchAction\",\"target\":{\"@type\":\"EntryPoint\",\"urlTemplate\":\"https:\/\/www.estrategiaconcursos.com.br\/blog\/?s={search_term_string}\"},\"query-input\":{\"@type\":\"PropertyValueSpecification\",\"valueRequired\":true,\"valueName\":\"search_term_string\"}}],\"inLanguage\":\"pt-BR\"},{\"@type\":\"Organization\",\"@id\":\"https:\/\/www.estrategiaconcursos.com.br\/blog\/#organization\",\"name\":\"Estrat\u00e9gia Concursos\",\"url\":\"https:\/\/www.estrategiaconcursos.com.br\/blog\/\",\"logo\":{\"@type\":\"ImageObject\",\"inLanguage\":\"pt-BR\",\"@id\":\"https:\/\/www.estrategiaconcursos.com.br\/blog\/#\/schema\/logo\/image\/\",\"url\":\"https:\/\/dhg1h5j42swfq.cloudfront.net\/2025\/06\/03203428\/logo_concursos-1.jpg\",\"contentUrl\":\"https:\/\/dhg1h5j42swfq.cloudfront.net\/2025\/06\/03203428\/logo_concursos-1.jpg\",\"width\":230,\"height\":60,\"caption\":\"Estrat\u00e9gia Concursos\"},\"image\":{\"@id\":\"https:\/\/www.estrategiaconcursos.com.br\/blog\/#\/schema\/logo\/image\/\"},\"sameAs\":[\"https:\/\/x.com\/EstratConcursos\"]},{\"@type\":\"Person\",\"@id\":\"https:\/\/www.estrategiaconcursos.com.br\/blog\/#\/schema\/person\/399990d02336f200766707b881aee98f\",\"name\":\"Daniela Santos Nascimento\",\"image\":{\"@type\":\"ImageObject\",\"inLanguage\":\"pt-BR\",\"@id\":\"https:\/\/secure.gravatar.com\/avatar\/7f343622ad121e2893832a8c76808be436bdfcbf2f7d696174c94ecd84f2384a?s=96&d=mm&r=g\",\"url\":\"https:\/\/secure.gravatar.com\/avatar\/7f343622ad121e2893832a8c76808be436bdfcbf2f7d696174c94ecd84f2384a?s=96&d=mm&r=g\",\"contentUrl\":\"https:\/\/secure.gravatar.com\/avatar\/7f343622ad121e2893832a8c76808be436bdfcbf2f7d696174c94ecd84f2384a?s=96&d=mm&r=g\",\"caption\":\"Daniela Santos Nascimento\"},\"url\":\"https:\/\/www.estrategiaconcursos.com.br\/blog\/author\/daniela-nascimentoestrategia-com\/\"}]}<\/script>\n<!-- \/ Yoast SEO Premium plugin. -->","yoast_head_json":{"title":"Concurso TRT MA (16\u00aa regi\u00e3o): FGV \u00e9 a banca; edital iminente! Confira!","description":"Concurso TRT MA: banca definida para o novo certame do Tribunal da 16\u00aa regi\u00e3o; publica\u00e7\u00e3o do edital \u00e9 iminente. Confira os detalhes aqui!","robots":{"index":"index","follow":"follow","max-snippet":"max-snippet:-1","max-image-preview":"max-image-preview:large","max-video-preview":"max-video-preview:-1"},"canonical":"https:\/\/www.estrategiaconcursos.com.br\/blog\/concurso-trt-ma-banca\/","og_locale":"pt_BR","og_type":"article","og_title":"Concurso TRT MA (16\u00aa regi\u00e3o): FGV \u00e9 a banca; edital iminente! Confira!","og_description":"Concurso TRT MA: banca definida para o novo certame do Tribunal da 16\u00aa regi\u00e3o; publica\u00e7\u00e3o do edital \u00e9 iminente. Confira os detalhes aqui!","og_url":"https:\/\/www.estrategiaconcursos.com.br\/blog\/concurso-trt-ma-banca\/","og_site_name":"Estrat\u00e9gia Concursos","article_published_time":"2022-07-18T22:57:31+00:00","article_modified_time":"2022-07-19T12:12:55+00:00","og_image":[{"width":768,"height":432,"url":"https:\/\/dhg1h5j42swfq.cloudfront.net\/2022\/04\/20145235\/concurso_trt_ma.jpeg","type":"image\/jpeg"}],"author":"Daniela Santos Nascimento","twitter_card":"summary_large_image","twitter_creator":"@EstratConcursos","twitter_site":"@EstratConcursos","twitter_misc":{"Escrito por":"Daniela Santos Nascimento","Est. tempo de leitura":"3 minutos"},"schema":{"@context":"https:\/\/schema.org","@graph":[{"@type":"NewsArticle","@id":"https:\/\/www.estrategiaconcursos.com.br\/blog\/concurso-trt-ma-banca\/#article","isPartOf":{"@id":"https:\/\/www.estrategiaconcursos.com.br\/blog\/concurso-trt-ma-banca\/"},"author":{"name":"Daniela Santos Nascimento","@id":"https:\/\/www.estrategiaconcursos.com.br\/blog\/#\/schema\/person\/399990d02336f200766707b881aee98f"},"headline":"Concurso TRT MA (16\u00aa regi\u00e3o): FGV \u00e9 a banca; edital iminente! Confira!","datePublished":"2022-07-18T22:57:31+00:00","dateModified":"2022-07-19T12:12:55+00:00","mainEntityOfPage":{"@id":"https:\/\/www.estrategiaconcursos.com.br\/blog\/concurso-trt-ma-banca\/"},"wordCount":382,"commentCount":0,"publisher":{"@id":"https:\/\/www.estrategiaconcursos.com.br\/blog\/#organization"},"image":{"@id":"https:\/\/www.estrategiaconcursos.com.br\/blog\/concurso-trt-ma-banca\/#primaryimage"},"thumbnailUrl":"https:\/\/dhg1h5j42swfq.cloudfront.net\/2022\/04\/20145235\/concurso_trt_ma.jpeg","articleSection":["Tribunais","\u00daltimas not\u00edcias"],"inLanguage":"pt-BR","potentialAction":[{"@type":"CommentAction","name":"Comment","target":["https:\/\/www.estrategiaconcursos.com.br\/blog\/concurso-trt-ma-banca\/#respond"]}],"copyrightYear":"2022","copyrightHolder":{"@id":"https:\/\/www.estrategiaconcursos.com.br\/blog\/#organization"}},{"@type":"WebPage","@id":"https:\/\/www.estrategiaconcursos.com.br\/blog\/concurso-trt-ma-banca\/","url":"https:\/\/www.estrategiaconcursos.com.br\/blog\/concurso-trt-ma-banca\/","name":"Concurso TRT MA (16\u00aa regi\u00e3o): FGV \u00e9 a banca; edital iminente! Confira!","isPartOf":{"@id":"https:\/\/www.estrategiaconcursos.com.br\/blog\/#website"},"primaryImageOfPage":{"@id":"https:\/\/www.estrategiaconcursos.com.br\/blog\/concurso-trt-ma-banca\/#primaryimage"},"image":{"@id":"https:\/\/www.estrategiaconcursos.com.br\/blog\/concurso-trt-ma-banca\/#primaryimage"},"thumbnailUrl":"https:\/\/dhg1h5j42swfq.cloudfront.net\/2022\/04\/20145235\/concurso_trt_ma.jpeg","datePublished":"2022-07-18T22:57:31+00:00","dateModified":"2022-07-19T12:12:55+00:00","description":"Concurso TRT MA: banca definida para o novo certame do Tribunal da 16\u00aa regi\u00e3o; publica\u00e7\u00e3o do edital \u00e9 iminente. Confira os detalhes aqui!","breadcrumb":{"@id":"https:\/\/www.estrategiaconcursos.com.br\/blog\/concurso-trt-ma-banca\/#breadcrumb"},"inLanguage":"pt-BR","potentialAction":[{"@type":"ReadAction","target":["https:\/\/www.estrategiaconcursos.com.br\/blog\/concurso-trt-ma-banca\/"]}]},{"@type":"ImageObject","inLanguage":"pt-BR","@id":"https:\/\/www.estrategiaconcursos.com.br\/blog\/concurso-trt-ma-banca\/#primaryimage","url":"https:\/\/dhg1h5j42swfq.cloudfront.net\/2022\/04\/20145235\/concurso_trt_ma.jpeg","contentUrl":"https:\/\/dhg1h5j42swfq.cloudfront.net\/2022\/04\/20145235\/concurso_trt_ma.jpeg","width":768,"height":432,"caption":"concurso trt ma"},{"@type":"BreadcrumbList","@id":"https:\/\/www.estrategiaconcursos.com.br\/blog\/concurso-trt-ma-banca\/#breadcrumb","itemListElement":[{"@type":"ListItem","position":1,"name":"In\u00edcio","item":"https:\/\/www.estrategiaconcursos.com.br\/blog\/"},{"@type":"ListItem","position":2,"name":"Concurso TRT MA (16\u00aa regi\u00e3o): FGV \u00e9 a banca; edital iminente! Confira!"}]},{"@type":"WebSite","@id":"https:\/\/www.estrategiaconcursos.com.br\/blog\/#website","url":"https:\/\/www.estrategiaconcursos.com.br\/blog\/","name":"Estrat\u00e9gia Concursos","description":"O blog da Estrat\u00e9gia Concursos traz not\u00edcias sobre concursos e artigos de professores oferecendo cursos para concursos (pdf + videaulas) no site.","publisher":{"@id":"https:\/\/www.estrategiaconcursos.com.br\/blog\/#organization"},"potentialAction":[{"@type":"SearchAction","target":{"@type":"EntryPoint","urlTemplate":"https:\/\/www.estrategiaconcursos.com.br\/blog\/?s={search_term_string}"},"query-input":{"@type":"PropertyValueSpecification","valueRequired":true,"valueName":"search_term_string"}}],"inLanguage":"pt-BR"},{"@type":"Organization","@id":"https:\/\/www.estrategiaconcursos.com.br\/blog\/#organization","name":"Estrat\u00e9gia Concursos","url":"https:\/\/www.estrategiaconcursos.com.br\/blog\/","logo":{"@type":"ImageObject","inLanguage":"pt-BR","@id":"https:\/\/www.estrategiaconcursos.com.br\/blog\/#\/schema\/logo\/image\/","url":"https:\/\/dhg1h5j42swfq.cloudfront.net\/2025\/06\/03203428\/logo_concursos-1.jpg","contentUrl":"https:\/\/dhg1h5j42swfq.cloudfront.net\/2025\/06\/03203428\/logo_concursos-1.jpg","width":230,"height":60,"caption":"Estrat\u00e9gia Concursos"},"image":{"@id":"https:\/\/www.estrategiaconcursos.com.br\/blog\/#\/schema\/logo\/image\/"},"sameAs":["https:\/\/x.com\/EstratConcursos"]},{"@type":"Person","@id":"https:\/\/www.estrategiaconcursos.com.br\/blog\/#\/schema\/person\/399990d02336f200766707b881aee98f","name":"Daniela Santos Nascimento","image":{"@type":"ImageObject","inLanguage":"pt-BR","@id":"https:\/\/secure.gravatar.com\/avatar\/7f343622ad121e2893832a8c76808be436bdfcbf2f7d696174c94ecd84f2384a?s=96&d=mm&r=g","url":"https:\/\/secure.gravatar.com\/avatar\/7f343622ad121e2893832a8c76808be436bdfcbf2f7d696174c94ecd84f2384a?s=96&d=mm&r=g","contentUrl":"https:\/\/secure.gravatar.com\/avatar\/7f343622ad121e2893832a8c76808be436bdfcbf2f7d696174c94ecd84f2384a?s=96&d=mm&r=g","caption":"Daniela Santos Nascimento"},"url":"https:\/\/www.estrategiaconcursos.com.br\/blog\/author\/daniela-nascimentoestrategia-com\/"}]}},"_links":{"self":[{"href":"https:\/\/www.estrategiaconcursos.com.br\/blog\/wp-json\/wp\/v2\/posts\/1063120","targetHints":{"allow":["GET"]}}],"collection":[{"href":"https:\/\/www.estrategiaconcursos.com.br\/blog\/wp-json\/wp\/v2\/posts"}],"about":[{"href":"https:\/\/www.estrategiaconcursos.com.br\/blog\/wp-json\/wp\/v2\/types\/post"}],"author":[{"embeddable":true,"href":"https:\/\/www.estrategiaconcursos.com.br\/blog\/wp-json\/wp\/v2\/users\/2402"}],"replies":[{"embeddable":true,"href":"https:\/\/www.estrategiaconcursos.com.br\/blog\/wp-json\/wp\/v2\/comments?post=1063120"}],"version-history":[{"count":7,"href":"https:\/\/www.estrategiaconcursos.com.br\/blog\/wp-json\/wp\/v2\/posts\/1063120\/revisions"}],"predecessor-version":[{"id":1063332,"href":"https:\/\/www.estrategiaconcursos.com.br\/blog\/wp-json\/wp\/v2\/posts\/1063120\/revisions\/1063332"}],"wp:featuredmedia":[{"embeddable":true,"href":"https:\/\/www.estrategiaconcursos.com.br\/blog\/wp-json\/wp\/v2\/media\/1012417"}],"wp:attachment":[{"href":"https:\/\/www.estrategiaconcursos.com.br\/blog\/wp-json\/wp\/v2\/media?parent=1063120"}],"wp:term":[{"taxonomy":"category","embeddable":true,"href":"https:\/\/www.estrategiaconcursos.com.br\/blog\/wp-json\/wp\/v2\/categories?post=1063120"},{"taxonomy":"post_tag","embeddable":true,"href":"https:\/\/www.estrategiaconcursos.com.br\/blog\/wp-json\/wp\/v2\/tags?post=1063120"},{"taxonomy":"tax_estado","embeddable":true,"href":"https:\/\/www.estrategiaconcursos.com.br\/blog\/wp-json\/wp\/v2\/tax_estado?post=1063120"}],"curies":[{"name":"wp","href":"https:\/\/api.w.org\/{rel}","templated":true}]}}